{"id":10715,"date":"2023-09-25T13:48:40","date_gmt":"2023-09-25T19:48:40","guid":{"rendered":"https:\/\/www.sensorialsunsets.com\/?p=10715"},"modified":"2023-09-25T13:48:41","modified_gmt":"2023-09-25T19:48:41","slug":"electric-vehicle-and-its-ecological-footprint","status":"publish","type":"post","link":"https:\/\/www.sensorialsunsets.com\/en\/electric-vehicle-and-its-ecological-footprint\/","title":{"rendered":"Electric Vehicle And Its Ecological Footprint"},"content":{"rendered":"\n<p><em>The electric vehicle was created as a greener alternative to the regular vehicle. What is its real environmental impact?<\/em><\/p>\n\n\n\n<hr class=\"wp-block-separator has-text-color has-alpha-channel-opacity has-background is-style-dots\" style=\"background-color:#004f5e;color:#004f5e\"\/>\n\n\n\n<p><\/p>\n\n\n\n<h3 class=\"wp-block-heading\">The Electric Vehicle<\/h3>\n\n\n<div class=\"wp-block-image\">\n<figure class=\"alignright size-large is-resized\"><img loading=\"lazy\" decoding=\"async\" src=\"https:\/\/www.sensorialsunsets.com\/wp-content\/uploads\/2023\/09\/pexels-kindel-media-9800029-1024x768.jpg\" alt=\"The electric vehicle was created as a greener alternative to the regular vehicle. What is its real environmental impact?\" class=\"wp-image-10691\" style=\"width:361px;height:271px\" width=\"361\" height=\"271\" srcset=\"https:\/\/www.sensorialsunsets.com\/wp-content\/uploads\/2023\/09\/pexels-kindel-media-9800029-1024x768.jpg 1024w, https:\/\/www.sensorialsunsets.com\/wp-content\/uploads\/2023\/09\/pexels-kindel-media-9800029-300x225.jpg 300w, https:\/\/www.sensorialsunsets.com\/wp-content\/uploads\/2023\/09\/pexels-kindel-media-9800029-768x576.jpg 768w, https:\/\/www.sensorialsunsets.com\/wp-content\/uploads\/2023\/09\/pexels-kindel-media-9800029-1536x1152.jpg 1536w, https:\/\/www.sensorialsunsets.com\/wp-content\/uploads\/2023\/09\/pexels-kindel-media-9800029-2048x1536.jpg 2048w, https:\/\/www.sensorialsunsets.com\/wp-content\/uploads\/2023\/09\/pexels-kindel-media-9800029-1320x990.jpg 1320w\" sizes=\"auto, (max-width: 361px) 100vw, 361px\" \/><\/figure>\n<\/div>\n\n\n<p>An electric vehicle is a vehicle powered by one or more electric motors. It is powered by an external electrical source such as batteries, solar panels or electric generators.<\/p>\n\n\n\n<p>Electric vehicles actually emerged in the mid-19th century, when electricity was the preferred method of powering motor vehicles. Indeed, electricity provided more convenience and ease of operation.<\/p>\n\n\n\n<p>Despite all this, internal combustion engines have been the dominant propellants for motor vehicles for more than 100 years.<\/p>\n\n\n\n<p>Due to the threat of <a href=\"https:\/\/www.sensorialsunsets.com\/en\/university-of-costa-rica-releases-documentary-film-on-climate-change\/\">climate change<\/a> and the Paris Agreement, electric vehicles have seen a resurgence. Indeed, for many, an energy transition is necessary to curb the effects of CO2 in the atmosphere. <\/p>\n\n\n\n<h3 class=\"wp-block-heading\">Its Ecological Footprint<\/h3>\n\n\n\n<figure class=\"wp-block-image size-large\"><img loading=\"lazy\" decoding=\"async\" width=\"1024\" height=\"683\" src=\"https:\/\/www.sensorialsunsets.com\/wp-content\/uploads\/2023\/09\/pexels-pixabay-221012-1-1024x683.jpg\" alt=\"The electric vehicle was created as a greener alternative to the regular vehicle. What is its real environmental impact?\" class=\"wp-image-10706\" srcset=\"https:\/\/www.sensorialsunsets.com\/wp-content\/uploads\/2023\/09\/pexels-pixabay-221012-1-1024x683.jpg 1024w, https:\/\/www.sensorialsunsets.com\/wp-content\/uploads\/2023\/09\/pexels-pixabay-221012-1-300x200.jpg 300w, https:\/\/www.sensorialsunsets.com\/wp-content\/uploads\/2023\/09\/pexels-pixabay-221012-1-768x512.jpg 768w, https:\/\/www.sensorialsunsets.com\/wp-content\/uploads\/2023\/09\/pexels-pixabay-221012-1-1536x1024.jpg 1536w, https:\/\/www.sensorialsunsets.com\/wp-content\/uploads\/2023\/09\/pexels-pixabay-221012-1-334x222.jpg 334w, https:\/\/www.sensorialsunsets.com\/wp-content\/uploads\/2023\/09\/pexels-pixabay-221012-1-1320x880.jpg 1320w, https:\/\/www.sensorialsunsets.com\/wp-content\/uploads\/2023\/09\/pexels-pixabay-221012-1.jpg 2048w\" sizes=\"auto, (max-width: 1024px) 100vw, 1024px\" \/><\/figure>\n\n\n\n<p><\/p>\n\n\n\n<p>Although the electric vehicle does not emit as much gas during use as the regular vehicle, it is not exempt from having an environmental impact. <\/p>\n\n\n\n<p>Indeed, according to the article by Pablo Fr\u00edas Mar\u00edn and Carlos de Miguel Perales, the development process of a new technology such as these vehicles will always have an environmental impact throughout its life cycle. <\/p>\n\n\n\n<p>The impact of electric vehicles (EVs) is different from that of combustion vehicles (CVs). First, EVs have an environmental impact that focuses on the manufacturing process, while the impact of CVs focuses on their use. <\/p>\n\n\n\n<p>In reality, EV manufacturing requires natural resources such as lithium and cobalt for the batteries and natural gases to produce the energy stored in the batteries themselves. In addition, raw materials such as steel, aluminum, copper, water, etc. are needed. During the manufacturing process, there would naturally be emissions, waste and recycling of these same materials. <\/p>\n\n\n\n<p>Likewise, the manufacture of these types of cars has an impact on: climate change, resource use, health, ozone layer depletion, the creation of photochemical or tropospheric ozone, eutrophication, acidification and biodiversity. <\/p>\n\n\n\n<p>It is true that, during their use, electric vehicles are less harmful to the environment and that they could reduce the impact on global warming by 24%. However, we must not overlook the impact of their manufacture on the socio-environment.  <\/p>\n\n\n\n<p><strong>Sensorial Sunsets<\/strong><\/p>\n","protected":false},"excerpt":{"rendered":"<p>The electric vehicle was created as a greener alternative to the regular vehicle. What is its real environmental impact? The Electric Vehicle An electric vehicle is a vehicle powered by one or more electric motors. It is powered by an external electrical source such as batteries, solar panels or electric generators. Electric vehicles actually emerged [&hellip;]<\/p>\n","protected":false},"author":4,"featured_media":10665,"comment_status":"closed","ping_status":"closed","sticky":false,"template":"","format":"standard","meta":{"_acf_changed":false,"inline_featured_image":false,"_monsterinsights_skip_tracking":false,"_monsterinsights_sitenote_active":false,"_monsterinsights_sitenote_note":"","_monsterinsights_sitenote_category":0,"footnotes":""},"categories":[110],"tags":[],"class_list":["post-10715","post","type-post","status-publish","format-standard","has-post-thumbnail","hentry","category-ecology-en"],"acf":[],"yoast_head":"<!-- This site is optimized with the Yoast SEO plugin v27.4 - https:\/\/yoast.com\/product\/yoast-seo-wordpress\/ -->\n<title>Electric Vehicle And Its Ecological Footprint - SensorialSunsets<\/title>\n<meta name=\"description\" content=\"The electric vehicle was created as a greener alternative to the regular vehicle. What is its real environmental impact?\" \/>\n<meta name=\"robots\" content=\"index, follow, max-snippet:-1, max-image-preview:large, max-video-preview:-1\" \/>\n<link rel=\"canonical\" href=\"https:\/\/www.sensorialsunsets.com\/en\/electric-vehicle-and-its-ecological-footprint\/\" \/>\n<meta property=\"og:locale\" content=\"en_US\" \/>\n<meta property=\"og:type\" content=\"article\" \/>\n<meta property=\"og:title\" content=\"Electric Vehicle And Its Ecological Footprint - SensorialSunsets\" \/>\n<meta property=\"og:description\" content=\"The electric vehicle was created as a greener alternative to the regular vehicle. What is its real environmental impact?\" \/>\n<meta property=\"og:url\" content=\"https:\/\/www.sensorialsunsets.com\/en\/electric-vehicle-and-its-ecological-footprint\/\" \/>\n<meta property=\"og:site_name\" content=\"SensorialSunsets\" \/>\n<meta property=\"article:publisher\" content=\"https:\/\/www.facebook.com\/Sensorial-Sunsets-109180614715562\" \/>\n<meta property=\"article:published_time\" content=\"2023-09-25T19:48:40+00:00\" \/>\n<meta property=\"article:modified_time\" content=\"2023-09-25T19:48:41+00:00\" \/>\n<meta property=\"og:image\" content=\"https:\/\/www.sensorialsunsets.com\/wp-content\/uploads\/2023\/09\/pexels-mike-bird-110844-scaled.jpg\" \/>\n\t<meta property=\"og:image:width\" content=\"2560\" \/>\n\t<meta property=\"og:image:height\" content=\"1438\" \/>\n\t<meta property=\"og:image:type\" content=\"image\/jpeg\" \/>\n<meta name=\"author\" content=\"Sensorial Sunsets\" \/>\n<meta name=\"twitter:card\" content=\"summary_large_image\" \/>\n<meta name=\"twitter:label1\" content=\"Written by\" \/>\n\t<meta name=\"twitter:data1\" content=\"Sensorial Sunsets\" \/>\n\t<meta name=\"twitter:label2\" content=\"Est. reading time\" \/>\n\t<meta name=\"twitter:data2\" content=\"2 minutes\" \/>\n<script type=\"application\/ld+json\" class=\"yoast-schema-graph\">{\"@context\":\"https:\\\/\\\/schema.org\",\"@graph\":[{\"@type\":\"Article\",\"@id\":\"https:\\\/\\\/www.sensorialsunsets.com\\\/en\\\/electric-vehicle-and-its-ecological-footprint\\\/#article\",\"isPartOf\":{\"@id\":\"https:\\\/\\\/www.sensorialsunsets.com\\\/en\\\/electric-vehicle-and-its-ecological-footprint\\\/\"},\"author\":{\"name\":\"Sensorial Sunsets\",\"@id\":\"https:\\\/\\\/www.sensorialsunsets.com\\\/en\\\/#\\\/schema\\\/person\\\/77e2fa594135aa94024c47e281d8a94d\"},\"headline\":\"Electric Vehicle And Its Ecological Footprint\",\"datePublished\":\"2023-09-25T19:48:40+00:00\",\"dateModified\":\"2023-09-25T19:48:41+00:00\",\"mainEntityOfPage\":{\"@id\":\"https:\\\/\\\/www.sensorialsunsets.com\\\/en\\\/electric-vehicle-and-its-ecological-footprint\\\/\"},\"wordCount\":365,\"publisher\":{\"@id\":\"https:\\\/\\\/www.sensorialsunsets.com\\\/en\\\/#organization\"},\"image\":{\"@id\":\"https:\\\/\\\/www.sensorialsunsets.com\\\/en\\\/electric-vehicle-and-its-ecological-footprint\\\/#primaryimage\"},\"thumbnailUrl\":\"https:\\\/\\\/www.sensorialsunsets.com\\\/wp-content\\\/uploads\\\/2023\\\/09\\\/pexels-mike-bird-110844-scaled.jpg\",\"articleSection\":[\"Ecology\"],\"inLanguage\":\"en-US\"},{\"@type\":\"WebPage\",\"@id\":\"https:\\\/\\\/www.sensorialsunsets.com\\\/en\\\/electric-vehicle-and-its-ecological-footprint\\\/\",\"url\":\"https:\\\/\\\/www.sensorialsunsets.com\\\/en\\\/electric-vehicle-and-its-ecological-footprint\\\/\",\"name\":\"Electric Vehicle And Its Ecological Footprint - SensorialSunsets\",\"isPartOf\":{\"@id\":\"https:\\\/\\\/www.sensorialsunsets.com\\\/en\\\/#website\"},\"primaryImageOfPage\":{\"@id\":\"https:\\\/\\\/www.sensorialsunsets.com\\\/en\\\/electric-vehicle-and-its-ecological-footprint\\\/#primaryimage\"},\"image\":{\"@id\":\"https:\\\/\\\/www.sensorialsunsets.com\\\/en\\\/electric-vehicle-and-its-ecological-footprint\\\/#primaryimage\"},\"thumbnailUrl\":\"https:\\\/\\\/www.sensorialsunsets.com\\\/wp-content\\\/uploads\\\/2023\\\/09\\\/pexels-mike-bird-110844-scaled.jpg\",\"datePublished\":\"2023-09-25T19:48:40+00:00\",\"dateModified\":\"2023-09-25T19:48:41+00:00\",\"description\":\"The electric vehicle was created as a greener alternative to the regular vehicle. What is its real environmental impact?\",\"inLanguage\":\"en-US\",\"potentialAction\":[{\"@type\":\"ReadAction\",\"target\":[\"https:\\\/\\\/www.sensorialsunsets.com\\\/en\\\/electric-vehicle-and-its-ecological-footprint\\\/\"]}]},{\"@type\":\"ImageObject\",\"inLanguage\":\"en-US\",\"@id\":\"https:\\\/\\\/www.sensorialsunsets.com\\\/en\\\/electric-vehicle-and-its-ecological-footprint\\\/#primaryimage\",\"url\":\"https:\\\/\\\/www.sensorialsunsets.com\\\/wp-content\\\/uploads\\\/2023\\\/09\\\/pexels-mike-bird-110844-scaled.jpg\",\"contentUrl\":\"https:\\\/\\\/www.sensorialsunsets.com\\\/wp-content\\\/uploads\\\/2023\\\/09\\\/pexels-mike-bird-110844-scaled.jpg\",\"width\":2560,\"height\":1438,\"caption\":\"El veh\u00edculo el\u00e9ctrico se cre\u00f3 como una alternativa m\u00e1s verde del veh\u00edculo com\u00fan. \u00bfCu\u00e1l es su verdadero impacto ambiental?\"},{\"@type\":\"WebSite\",\"@id\":\"https:\\\/\\\/www.sensorialsunsets.com\\\/en\\\/#website\",\"url\":\"https:\\\/\\\/www.sensorialsunsets.com\\\/en\\\/\",\"name\":\"SensorialSunsets.com\",\"description\":\"Discover the culture and society of Costa Rica on our blog. Explore captivating articles and share the content.\",\"publisher\":{\"@id\":\"https:\\\/\\\/www.sensorialsunsets.com\\\/en\\\/#organization\"},\"alternateName\":\"Costa Rica Live Blog\",\"potentialAction\":[{\"@type\":\"SearchAction\",\"target\":{\"@type\":\"EntryPoint\",\"urlTemplate\":\"https:\\\/\\\/www.sensorialsunsets.com\\\/en\\\/?s={search_term_string}\"},\"query-input\":{\"@type\":\"PropertyValueSpecification\",\"valueRequired\":true,\"valueName\":\"search_term_string\"}}],\"inLanguage\":\"en-US\"},{\"@type\":\"Organization\",\"@id\":\"https:\\\/\\\/www.sensorialsunsets.com\\\/en\\\/#organization\",\"name\":\"SensorialSunsets\",\"url\":\"https:\\\/\\\/www.sensorialsunsets.com\\\/en\\\/\",\"logo\":{\"@type\":\"ImageObject\",\"inLanguage\":\"en-US\",\"@id\":\"https:\\\/\\\/www.sensorialsunsets.com\\\/en\\\/#\\\/schema\\\/logo\\\/image\\\/\",\"url\":\"https:\\\/\\\/www.sensorialsunsets.com\\\/wp-content\\\/uploads\\\/2023\\\/04\\\/Logo_base_line_fond_clair.svg\",\"contentUrl\":\"https:\\\/\\\/www.sensorialsunsets.com\\\/wp-content\\\/uploads\\\/2023\\\/04\\\/Logo_base_line_fond_clair.svg\",\"width\":\"1024\",\"height\":\"1024\",\"caption\":\"SensorialSunsets\"},\"image\":{\"@id\":\"https:\\\/\\\/www.sensorialsunsets.com\\\/en\\\/#\\\/schema\\\/logo\\\/image\\\/\"},\"sameAs\":[\"https:\\\/\\\/www.facebook.com\\\/Sensorial-Sunsets-109180614715562\",\"https:\\\/\\\/www.instagram.com\\\/sensorialsunsets\\\/\"]},{\"@type\":\"Person\",\"@id\":\"https:\\\/\\\/www.sensorialsunsets.com\\\/en\\\/#\\\/schema\\\/person\\\/77e2fa594135aa94024c47e281d8a94d\",\"name\":\"Sensorial Sunsets\",\"image\":{\"@type\":\"ImageObject\",\"inLanguage\":\"en-US\",\"@id\":\"https:\\\/\\\/secure.gravatar.com\\\/avatar\\\/5f2d62681b1dad94c28f1500d4fc75582acdfd32b55fd1acce0a36a3c487eabe?s=96&d=mm&r=g\",\"url\":\"https:\\\/\\\/secure.gravatar.com\\\/avatar\\\/5f2d62681b1dad94c28f1500d4fc75582acdfd32b55fd1acce0a36a3c487eabe?s=96&d=mm&r=g\",\"contentUrl\":\"https:\\\/\\\/secure.gravatar.com\\\/avatar\\\/5f2d62681b1dad94c28f1500d4fc75582acdfd32b55fd1acce0a36a3c487eabe?s=96&d=mm&r=g\",\"caption\":\"Sensorial Sunsets\"},\"url\":\"https:\\\/\\\/www.sensorialsunsets.com\\\/en\\\/author\\\/asistentes-sensorial-sunsets\\\/\"}]}<\/script>\n<!-- \/ Yoast SEO plugin. -->","yoast_head_json":{"title":"Electric Vehicle And Its Ecological Footprint - SensorialSunsets","description":"The electric vehicle was created as a greener alternative to the regular vehicle. What is its real environmental impact?","robots":{"index":"index","follow":"follow","max-snippet":"max-snippet:-1","max-image-preview":"max-image-preview:large","max-video-preview":"max-video-preview:-1"},"canonical":"https:\/\/www.sensorialsunsets.com\/en\/electric-vehicle-and-its-ecological-footprint\/","og_locale":"en_US","og_type":"article","og_title":"Electric Vehicle And Its Ecological Footprint - SensorialSunsets","og_description":"The electric vehicle was created as a greener alternative to the regular vehicle. What is its real environmental impact?","og_url":"https:\/\/www.sensorialsunsets.com\/en\/electric-vehicle-and-its-ecological-footprint\/","og_site_name":"SensorialSunsets","article_publisher":"https:\/\/www.facebook.com\/Sensorial-Sunsets-109180614715562","article_published_time":"2023-09-25T19:48:40+00:00","article_modified_time":"2023-09-25T19:48:41+00:00","og_image":[{"width":2560,"height":1438,"url":"https:\/\/www.sensorialsunsets.com\/wp-content\/uploads\/2023\/09\/pexels-mike-bird-110844-scaled.jpg","type":"image\/jpeg"}],"author":"Sensorial Sunsets","twitter_card":"summary_large_image","twitter_misc":{"Written by":"Sensorial Sunsets","Est. reading time":"2 minutes"},"schema":{"@context":"https:\/\/schema.org","@graph":[{"@type":"Article","@id":"https:\/\/www.sensorialsunsets.com\/en\/electric-vehicle-and-its-ecological-footprint\/#article","isPartOf":{"@id":"https:\/\/www.sensorialsunsets.com\/en\/electric-vehicle-and-its-ecological-footprint\/"},"author":{"name":"Sensorial Sunsets","@id":"https:\/\/www.sensorialsunsets.com\/en\/#\/schema\/person\/77e2fa594135aa94024c47e281d8a94d"},"headline":"Electric Vehicle And Its Ecological Footprint","datePublished":"2023-09-25T19:48:40+00:00","dateModified":"2023-09-25T19:48:41+00:00","mainEntityOfPage":{"@id":"https:\/\/www.sensorialsunsets.com\/en\/electric-vehicle-and-its-ecological-footprint\/"},"wordCount":365,"publisher":{"@id":"https:\/\/www.sensorialsunsets.com\/en\/#organization"},"image":{"@id":"https:\/\/www.sensorialsunsets.com\/en\/electric-vehicle-and-its-ecological-footprint\/#primaryimage"},"thumbnailUrl":"https:\/\/www.sensorialsunsets.com\/wp-content\/uploads\/2023\/09\/pexels-mike-bird-110844-scaled.jpg","articleSection":["Ecology"],"inLanguage":"en-US"},{"@type":"WebPage","@id":"https:\/\/www.sensorialsunsets.com\/en\/electric-vehicle-and-its-ecological-footprint\/","url":"https:\/\/www.sensorialsunsets.com\/en\/electric-vehicle-and-its-ecological-footprint\/","name":"Electric Vehicle And Its Ecological Footprint - SensorialSunsets","isPartOf":{"@id":"https:\/\/www.sensorialsunsets.com\/en\/#website"},"primaryImageOfPage":{"@id":"https:\/\/www.sensorialsunsets.com\/en\/electric-vehicle-and-its-ecological-footprint\/#primaryimage"},"image":{"@id":"https:\/\/www.sensorialsunsets.com\/en\/electric-vehicle-and-its-ecological-footprint\/#primaryimage"},"thumbnailUrl":"https:\/\/www.sensorialsunsets.com\/wp-content\/uploads\/2023\/09\/pexels-mike-bird-110844-scaled.jpg","datePublished":"2023-09-25T19:48:40+00:00","dateModified":"2023-09-25T19:48:41+00:00","description":"The electric vehicle was created as a greener alternative to the regular vehicle. What is its real environmental impact?","inLanguage":"en-US","potentialAction":[{"@type":"ReadAction","target":["https:\/\/www.sensorialsunsets.com\/en\/electric-vehicle-and-its-ecological-footprint\/"]}]},{"@type":"ImageObject","inLanguage":"en-US","@id":"https:\/\/www.sensorialsunsets.com\/en\/electric-vehicle-and-its-ecological-footprint\/#primaryimage","url":"https:\/\/www.sensorialsunsets.com\/wp-content\/uploads\/2023\/09\/pexels-mike-bird-110844-scaled.jpg","contentUrl":"https:\/\/www.sensorialsunsets.com\/wp-content\/uploads\/2023\/09\/pexels-mike-bird-110844-scaled.jpg","width":2560,"height":1438,"caption":"El veh\u00edculo el\u00e9ctrico se cre\u00f3 como una alternativa m\u00e1s verde del veh\u00edculo com\u00fan. \u00bfCu\u00e1l es su verdadero impacto ambiental?"},{"@type":"WebSite","@id":"https:\/\/www.sensorialsunsets.com\/en\/#website","url":"https:\/\/www.sensorialsunsets.com\/en\/","name":"SensorialSunsets.com","description":"Discover the culture and society of Costa Rica on our blog. Explore captivating articles and share the content.","publisher":{"@id":"https:\/\/www.sensorialsunsets.com\/en\/#organization"},"alternateName":"Costa Rica Live Blog","potentialAction":[{"@type":"SearchAction","target":{"@type":"EntryPoint","urlTemplate":"https:\/\/www.sensorialsunsets.com\/en\/?s={search_term_string}"},"query-input":{"@type":"PropertyValueSpecification","valueRequired":true,"valueName":"search_term_string"}}],"inLanguage":"en-US"},{"@type":"Organization","@id":"https:\/\/www.sensorialsunsets.com\/en\/#organization","name":"SensorialSunsets","url":"https:\/\/www.sensorialsunsets.com\/en\/","logo":{"@type":"ImageObject","inLanguage":"en-US","@id":"https:\/\/www.sensorialsunsets.com\/en\/#\/schema\/logo\/image\/","url":"https:\/\/www.sensorialsunsets.com\/wp-content\/uploads\/2023\/04\/Logo_base_line_fond_clair.svg","contentUrl":"https:\/\/www.sensorialsunsets.com\/wp-content\/uploads\/2023\/04\/Logo_base_line_fond_clair.svg","width":"1024","height":"1024","caption":"SensorialSunsets"},"image":{"@id":"https:\/\/www.sensorialsunsets.com\/en\/#\/schema\/logo\/image\/"},"sameAs":["https:\/\/www.facebook.com\/Sensorial-Sunsets-109180614715562","https:\/\/www.instagram.com\/sensorialsunsets\/"]},{"@type":"Person","@id":"https:\/\/www.sensorialsunsets.com\/en\/#\/schema\/person\/77e2fa594135aa94024c47e281d8a94d","name":"Sensorial Sunsets","image":{"@type":"ImageObject","inLanguage":"en-US","@id":"https:\/\/secure.gravatar.com\/avatar\/5f2d62681b1dad94c28f1500d4fc75582acdfd32b55fd1acce0a36a3c487eabe?s=96&d=mm&r=g","url":"https:\/\/secure.gravatar.com\/avatar\/5f2d62681b1dad94c28f1500d4fc75582acdfd32b55fd1acce0a36a3c487eabe?s=96&d=mm&r=g","contentUrl":"https:\/\/secure.gravatar.com\/avatar\/5f2d62681b1dad94c28f1500d4fc75582acdfd32b55fd1acce0a36a3c487eabe?s=96&d=mm&r=g","caption":"Sensorial Sunsets"},"url":"https:\/\/www.sensorialsunsets.com\/en\/author\/asistentes-sensorial-sunsets\/"}]}},"_links":{"self":[{"href":"https:\/\/www.sensorialsunsets.com\/en\/wp-json\/wp\/v2\/posts\/10715","targetHints":{"allow":["GET"]}}],"collection":[{"href":"https:\/\/www.sensorialsunsets.com\/en\/wp-json\/wp\/v2\/posts"}],"about":[{"href":"https:\/\/www.sensorialsunsets.com\/en\/wp-json\/wp\/v2\/types\/post"}],"author":[{"embeddable":true,"href":"https:\/\/www.sensorialsunsets.com\/en\/wp-json\/wp\/v2\/users\/4"}],"replies":[{"embeddable":true,"href":"https:\/\/www.sensorialsunsets.com\/en\/wp-json\/wp\/v2\/comments?post=10715"}],"version-history":[{"count":0,"href":"https:\/\/www.sensorialsunsets.com\/en\/wp-json\/wp\/v2\/posts\/10715\/revisions"}],"wp:featuredmedia":[{"embeddable":true,"href":"https:\/\/www.sensorialsunsets.com\/en\/wp-json\/wp\/v2\/media\/10665"}],"wp:attachment":[{"href":"https:\/\/www.sensorialsunsets.com\/en\/wp-json\/wp\/v2\/media?parent=10715"}],"wp:term":[{"taxonomy":"category","embeddable":true,"href":"https:\/\/www.sensorialsunsets.com\/en\/wp-json\/wp\/v2\/categories?post=10715"},{"taxonomy":"post_tag","embeddable":true,"href":"https:\/\/www.sensorialsunsets.com\/en\/wp-json\/wp\/v2\/tags?post=10715"}],"curies":[{"name":"wp","href":"https:\/\/api.w.org\/{rel}","templated":true}]}}