{"id":11514,"date":"2023-10-18T14:56:16","date_gmt":"2023-10-18T20:56:16","guid":{"rendered":"https:\/\/www.sensorialsunsets.com\/?p=11514"},"modified":"2023-10-18T14:56:17","modified_gmt":"2023-10-18T20:56:17","slug":"post-independence-costa-rica-patriarchal-state","status":"publish","type":"post","link":"https:\/\/www.sensorialsunsets.com\/en\/post-independence-costa-rica-patriarchal-state\/","title":{"rendered":"Post-Independence Costa Rica: Patriarchal State"},"content":{"rendered":"\n<p><em>The Patriarchal State is one of the periods that Costa Rica had as a consequence of the independence movement. Learn about the important events.<\/em><\/p>\n\n\n\n<hr class=\"wp-block-separator has-text-color has-alpha-channel-opacity has-background is-style-dots\" style=\"background-color:#004f5e;color:#004f5e\"\/>\n\n\n\n<p><\/p>\n\n\n\n<p>Becoming an independent country was not easy for Costa Rica. It had to go through several important events in order to become aware of its identity. These events are compiled in the article <em><a href=\"https:\/\/www.sensorialsunsets.com\/en\/in-search-of-an-identity-costa-rica-after-independence\/\">In Search Of An Identity: Costa Rica After Independence<\/a><\/em>. <\/p>\n\n\n\n<p><strong>What happened after the events?<\/strong><\/p>\n\n\n\n<p>The events mentioned in the article are part of the beginning of what we call the &#8220;Patriarchal State&#8221;, which in Costa Rica goes from 1821 to 1848. <\/p>\n\n\n\n<h3 class=\"wp-block-heading\"><strong>Why Is It Called Patriarchal State?<\/strong><\/h3>\n\n\n\n<figure class=\"wp-block-image size-full\"><img loading=\"lazy\" decoding=\"async\" width=\"1000\" height=\"562\" src=\"https:\/\/www.sensorialsunsets.com\/wp-content\/uploads\/2023\/10\/patriarcal.png\" alt=\"\" class=\"wp-image-11479\" srcset=\"https:\/\/www.sensorialsunsets.com\/wp-content\/uploads\/2023\/10\/patriarcal.png 1000w, https:\/\/www.sensorialsunsets.com\/wp-content\/uploads\/2023\/10\/patriarcal-300x169.png 300w, https:\/\/www.sensorialsunsets.com\/wp-content\/uploads\/2023\/10\/patriarcal-768x432.png 768w\" sizes=\"auto, (max-width: 1000px) 100vw, 1000px\" \/><figcaption class=\"wp-element-caption\">Patriarchal State of Costa Rica. Source: Mi Costa Rica de Anta\u00f1o<\/figcaption><\/figure>\n\n\n\n<p><\/p>\n\n\n\n<p>Let us take into account the definition of <em>patriarchy<\/em> according to sociology: a social system in which men hold primary power and predominate in roles of political leadership, moral authority, social privilege and control of property.<\/p>\n\n\n\n<p>Indeed, during the period from 1821 to 1848, the country&#8217;s leaders and those in authority were men. For this reason, historians decided to give it this name and mark the era of the &#8220;founding men&#8221; of Costa Rica.<\/p>\n\n\n\n<h3 class=\"wp-block-heading\">Important Events Of The Patriarchal State Of Costa Rica<\/h3>\n\n\n\n<p>During these years, several relevant events for the development of the country took place. These are some of them: <\/p>\n\n\n\n<ul class=\"wp-block-list\">\n<li>Creation of the Legislative Assembly <\/li>\n\n\n\n<li>Creation of the Supreme Court of Justice <\/li>\n\n\n\n<li>Creation of the Ley de la Ambulancia (Ambulance Law) <\/li>\n\n\n\n<li>La Guerra de la Liga (The War of the League) <\/li>\n\n\n\n<li>Jos\u00e9 Mar\u00eda Castro Madriz&#8217;s Government<\/li>\n<\/ul>\n\n\n\n<h3 class=\"wp-block-heading\"><strong>Creation of the Legislative Assembly <\/strong><\/h3>\n\n\n\n<figure class=\"wp-block-image size-large\"><img loading=\"lazy\" decoding=\"async\" width=\"1024\" height=\"535\" src=\"https:\/\/www.sensorialsunsets.com\/wp-content\/uploads\/2023\/10\/asamblea-legislativa-1024x535.jpg\" alt=\"The Patriarchal State is one of the periods that Costa Rica had as a consequence of the independence movement.\" class=\"wp-image-11482\" srcset=\"https:\/\/www.sensorialsunsets.com\/wp-content\/uploads\/2023\/10\/asamblea-legislativa-1024x535.jpg 1024w, https:\/\/www.sensorialsunsets.com\/wp-content\/uploads\/2023\/10\/asamblea-legislativa-300x157.jpg 300w, https:\/\/www.sensorialsunsets.com\/wp-content\/uploads\/2023\/10\/asamblea-legislativa-768x401.jpg 768w, https:\/\/www.sensorialsunsets.com\/wp-content\/uploads\/2023\/10\/asamblea-legislativa-1536x803.jpg 1536w, https:\/\/www.sensorialsunsets.com\/wp-content\/uploads\/2023\/10\/asamblea-legislativa-2048x1071.jpg 2048w, https:\/\/www.sensorialsunsets.com\/wp-content\/uploads\/2023\/10\/asamblea-legislativa-790x414.jpg 790w, https:\/\/www.sensorialsunsets.com\/wp-content\/uploads\/2023\/10\/asamblea-legislativa-1320x690.jpg 1320w\" sizes=\"auto, (max-width: 1024px) 100vw, 1024px\" \/><figcaption class=\"wp-element-caption\">Source: La Naci\u00f3n<\/figcaption><\/figure>\n\n\n\n<p><\/p>\n\n\n\n<p>The Costa Rican Parliament is called the <a href=\"http:\/\/www.asamblea.go.cr\/SitePages\/Inicio.aspx\">Legislative Assembly<\/a> and is the body that represents the voice of the people of Costa Rica. In this capacity, it can exercise the legislative power to dictate, reform, repeal and authentically interpret the laws that regulate the Costa Rican State. <\/p>\n\n\n\n<p>Then in 1824, adopting the republican system, the three powers were created in Costa Rica: Judicial, Legislative and Executive. However, it was not until 1825 that the legislative branch was created thanks to the Fundamental Law of the Free State of Costa Rica. <\/p>\n\n\n\n<p>Interestingly, from 1825 to 1949, 82 congresses were formed, which allowed the approval of important legislation for the country and contributed to the preservation of the country&#8217;s institutionality. It is for this reason that in November 1949 the congress was identified with its current name: Legislative Assembly. <\/p>\n\n\n\n<h3 class=\"wp-block-heading\">Creation of the Supreme Court of Justice <\/h3>\n\n\n\n<figure class=\"wp-block-image size-large\"><img loading=\"lazy\" decoding=\"async\" width=\"1024\" height=\"640\" src=\"https:\/\/www.sensorialsunsets.com\/wp-content\/uploads\/2023\/10\/corte-suprema-de-justicia-1024x640.jpg\" alt=\"The Patriarchal State is one of the periods that Costa Rica had as a consequence of the independence movement.\" class=\"wp-image-11485\" srcset=\"https:\/\/www.sensorialsunsets.com\/wp-content\/uploads\/2023\/10\/corte-suprema-de-justicia-1024x640.jpg 1024w, https:\/\/www.sensorialsunsets.com\/wp-content\/uploads\/2023\/10\/corte-suprema-de-justicia-300x188.jpg 300w, https:\/\/www.sensorialsunsets.com\/wp-content\/uploads\/2023\/10\/corte-suprema-de-justicia-768x480.jpg 768w, https:\/\/www.sensorialsunsets.com\/wp-content\/uploads\/2023\/10\/corte-suprema-de-justicia.jpg 1080w\" sizes=\"auto, (max-width: 1024px) 100vw, 1024px\" \/><figcaption class=\"wp-element-caption\">Source: Universidad de Costa Rica <\/figcaption><\/figure>\n\n\n\n<p><\/p>\n\n\n\n<p>The Supreme Court of Justice is the highest court of the <a href=\"https:\/\/pj.poder-judicial.go.cr\/\">Costa Rican Judicial Power<\/a>. Thanks also to the Fundamental Law of the Free State of Costa Rica, the Judicial Power could be constitutionally established. <\/p>\n\n\n\n<p>At first the Court had problems in its installation in 1826 because at this time, Costa Rica had few lawyers. This meant that the Judicial Power could not fully comply with the obligations stipulated by the Political Constitution. <\/p>\n\n\n\n<p>It was in October 1826 that the Court was installed and its first President was the Nicaraguan Jos\u00e9 Sime\u00f3n Guerrero de Arcos y Cervantes. In fact, the first presidents of the Court were Nicaraguan and Guatemalan; until 1837 there was a Costa Rican president, Don Luz Blanco y Zamora. <\/p>\n\n\n\n<p>For 20 years, the administration of justice was based on the Laws of the Indies, traditional Castilian Law, the laws of the Spanish Courts and other provisions issued by legislative bodies of Costa Rica and the Central American Federation. In 1841, the government of Braulio Carrillo Colina issued the General Code of the State of Costa Rica, which comprised three parts: civil, criminal and procedural. This code laid the foundations of Costa Rican law. <\/p>\n\n\n\n<p>In 1843, Jos\u00e9 Mar\u00eda Alfaro Zamora called for a Constituent Assembly. A year later, the assembly promulgated the new Political Constitution, which included the name Supreme Court of Justice and increased the number of magistrates to seven. <\/p>\n\n\n\n<h3 class=\"wp-block-heading\">Creation of the Ley de la Ambulancia (Ambulance Law) <\/h3>\n\n\n\n<figure class=\"wp-block-image size-large\"><img loading=\"lazy\" decoding=\"async\" width=\"1024\" height=\"502\" src=\"https:\/\/www.sensorialsunsets.com\/wp-content\/uploads\/2023\/10\/Ley-de-la-Ambulancia-1024x502.jpg\" alt=\"The Patriarchal State is one of the periods that Costa Rica had as a consequence of the independence movement.\" class=\"wp-image-11488\" srcset=\"https:\/\/www.sensorialsunsets.com\/wp-content\/uploads\/2023\/10\/Ley-de-la-Ambulancia-1024x502.jpg 1024w, https:\/\/www.sensorialsunsets.com\/wp-content\/uploads\/2023\/10\/Ley-de-la-Ambulancia-300x147.jpg 300w, https:\/\/www.sensorialsunsets.com\/wp-content\/uploads\/2023\/10\/Ley-de-la-Ambulancia-768x376.jpg 768w, https:\/\/www.sensorialsunsets.com\/wp-content\/uploads\/2023\/10\/Ley-de-la-Ambulancia.jpg 1145w\" sizes=\"auto, (max-width: 1024px) 100vw, 1024px\" \/><\/figure>\n\n\n\n<p><\/p>\n\n\n\n<p>The Ambulance Law was a law issued in Costa Rica in 1834. It dictated that the government of the State of Costa Rica (within the Federal Republic of Central America) should rotate its capital every four years between the cities of Alajuela, Heredia, Cartago and San Jos\u00e9.<\/p>\n\n\n\n<p>Actually, since 1563, Cartago had been the capital of the Province of Costa Rica, but in 1823, the capital became the city of San Jos\u00e9. <\/p>\n\n\n\n<p>In 1833, the Carthaginians proposed Jos\u00e9 Rafael de Gallegos y Alvarado as Head of State of Costa Rica and used him to return the capital to Cartago. Their plan was to establish the Ambulance Law so that when it was Cartago&#8217;s turn, they would remove the law. <\/p>\n\n\n\n<p>It is important to mention that, during the first half of the 19th century, the inhabitants of Costa Rica did not identify themselves as Costa Ricans, but rather as heredianos, alajuelenses, nicoyanos, etc. There was no national identity and no city wanted to be governed by another; on top of that, they all wanted to be the capital. <\/p>\n\n\n\n<h3 class=\"wp-block-heading\">La Guerra de la Liga (The War of the League) <\/h3>\n\n\n\n<figure class=\"wp-block-image size-full is-resized\"><img loading=\"lazy\" decoding=\"async\" width=\"869\" height=\"567\" src=\"https:\/\/www.sensorialsunsets.com\/wp-content\/uploads\/2023\/10\/guerra.png\" alt=\"The Patriarchal State is one of the periods that Costa Rica had as a consequence of the independence movement.\" class=\"wp-image-11499\" style=\"aspect-ratio:2.0547945205479454;width:838px;height:auto\" srcset=\"https:\/\/www.sensorialsunsets.com\/wp-content\/uploads\/2023\/10\/guerra.png 869w, https:\/\/www.sensorialsunsets.com\/wp-content\/uploads\/2023\/10\/guerra-300x196.png 300w, https:\/\/www.sensorialsunsets.com\/wp-content\/uploads\/2023\/10\/guerra-768x501.png 768w\" sizes=\"auto, (max-width: 869px) 100vw, 869px\" \/><figcaption class=\"wp-element-caption\">Source: La Naci\u00f3n<\/figcaption><\/figure>\n\n\n\n<p><\/p>\n\n\n\n<p>The War of the League is the second civil war of Costa Rica, being at that time a member state of the Federal Republic of Central America. <\/p>\n\n\n\n<p>Why did the war break out? Its trigger was the repeal of the Ambulance Law. In fact, after this law was imposed, the city of San Jos\u00e9 created a newspaper called &#8220;La Tertulia&#8221; to mock Rafael Gallegos, the Ambulance Law and the peasants of Alajuela. <\/p>\n\n\n\n<p>For this reason, Gallegos resigned from his position as head of state in 1835 and as a replacement was elected the neighbor of San Jos\u00e9, Braulio Carrillo Colina, who almost immediately eliminated the Ambulance Law. <\/p>\n\n\n\n<p>It was then decided that a new capital should be founded in a neutral space and the area called San Juan del Murci\u00e9lago (Tib\u00e1s), between San Jos\u00e9 and Heredia, was chosen. When the ambulance law was repealed, Alajuela protested since the city was to be the capital until 1838. <\/p>\n\n\n\n<p>On September 26, 1835, Cartago disowned the government of Braulio Carrillo and named Nicol\u00e1s Ulloa Soto as Head of State to reestablish the Ambulance Law. Alajuela accepted Ulloa&#8217;s government and days later, Heredia joined the fight against San Jos\u00e9. Thus the League of Three Cities was completed and the Civil War began. <\/p>\n\n\n\n<p>San Jos\u00e9 triumphed and consolidated its position as the capital of Costa Rica.<\/p>\n\n\n\n<h3 class=\"wp-block-heading\">The Jos\u00e9 Mar\u00eda Castro Madriz&#8217;s Government<\/h3>\n\n\n<div class=\"wp-block-image\">\n<figure class=\"alignleft size-large is-resized\"><img loading=\"lazy\" decoding=\"async\" width=\"737\" height=\"1024\" src=\"https:\/\/www.sensorialsunsets.com\/wp-content\/uploads\/2023\/10\/Povedano-_jose_maria_castro-737x1024.jpg\" alt=\"The Patriarchal State is one of the periods that Costa Rica had as a consequence of the independence movement.\" class=\"wp-image-11502\" style=\"aspect-ratio:0.7197265625;width:340px;height:auto\" srcset=\"https:\/\/www.sensorialsunsets.com\/wp-content\/uploads\/2023\/10\/Povedano-_jose_maria_castro-737x1024.jpg 737w, https:\/\/www.sensorialsunsets.com\/wp-content\/uploads\/2023\/10\/Povedano-_jose_maria_castro-216x300.jpg 216w, https:\/\/www.sensorialsunsets.com\/wp-content\/uploads\/2023\/10\/Povedano-_jose_maria_castro-768x1067.jpg 768w, https:\/\/www.sensorialsunsets.com\/wp-content\/uploads\/2023\/10\/Povedano-_jose_maria_castro.jpg 1071w\" sizes=\"auto, (max-width: 737px) 100vw, 737px\" \/><figcaption class=\"wp-element-caption\">Jos\u00e9 Mar\u00eda Castro Madriz<\/figcaption><\/figure>\n<\/div>\n\n\n<p>Jos\u00e9 Mar\u00eda Castro Madriz was the last head of state and the first president of Costa Rica. In 1847, he was elected Head of State at the age of 28, being the youngest ruler in our history. <\/p>\n\n\n\n<p>The Castro Madriz administration was combated by the opposition and in the face of threats of a military pronouncement, the president preferred to withdraw from the presidency. His resignation was accepted by the Congress, which gave him the title of Founder of the Republic. He was decorated with a gold medal and was the first person to be named as a distinguished citizen of the country. <\/p>\n\n\n\n<p>During his administration, the following were created: the University of Santo Tom\u00e1s (1843); the <em>Mentor Costarricense<\/em> (1842); <em>El costarricense<\/em> (1847). In addition, Costa Rica was declared a Free, Sovereign and Independent Republic on August 31, 1848 and on September 29 of the same year, the national symbols were decreed: the Flag and the Coat of Arms.<\/p>\n\n\n\n<p><strong>Sensorial Sunsets<\/strong><\/p>\n","protected":false},"excerpt":{"rendered":"<p>The Patriarchal State is one of the periods that Costa Rica had as a consequence of the independence movement. Learn about the important events. Becoming an independent country was not easy for Costa Rica. It had to go through several important events in order to become aware of its identity. These events are compiled in [&hellip;]<\/p>\n","protected":false},"author":4,"featured_media":11480,"comment_status":"closed","ping_status":"closed","sticky":false,"template":"","format":"standard","meta":{"_acf_changed":false,"inline_featured_image":false,"_monsterinsights_skip_tracking":false,"_monsterinsights_sitenote_active":false,"_monsterinsights_sitenote_note":"","_monsterinsights_sitenote_category":0,"footnotes":""},"categories":[142],"tags":[],"class_list":["post-11514","post","type-post","status-publish","format-standard","has-post-thumbnail","hentry","category-history"],"acf":[],"yoast_head":"<!-- This site is optimized with the Yoast SEO plugin v27.4 - https:\/\/yoast.com\/product\/yoast-seo-wordpress\/ -->\n<title>Post-Independence Costa Rica: Patriarchal State - SensorialSunsets<\/title>\n<meta name=\"description\" content=\"What is the Patriarchal State? Costa Rica had to go through several political and constitutional changes to become the country it is today.\" \/>\n<meta name=\"robots\" content=\"index, follow, max-snippet:-1, max-image-preview:large, max-video-preview:-1\" \/>\n<link rel=\"canonical\" href=\"https:\/\/www.sensorialsunsets.com\/en\/post-independence-costa-rica-patriarchal-state\/\" \/>\n<meta property=\"og:locale\" content=\"en_US\" \/>\n<meta property=\"og:type\" content=\"article\" \/>\n<meta property=\"og:title\" content=\"Post-Independence Costa Rica: Patriarchal State - SensorialSunsets\" \/>\n<meta property=\"og:description\" content=\"What is the Patriarchal State? Costa Rica had to go through several political and constitutional changes to become the country it is today.\" \/>\n<meta property=\"og:url\" content=\"https:\/\/www.sensorialsunsets.com\/en\/post-independence-costa-rica-patriarchal-state\/\" \/>\n<meta property=\"og:site_name\" content=\"SensorialSunsets\" \/>\n<meta property=\"article:publisher\" content=\"https:\/\/www.facebook.com\/Sensorial-Sunsets-109180614715562\" \/>\n<meta property=\"article:published_time\" content=\"2023-10-18T20:56:16+00:00\" \/>\n<meta property=\"article:modified_time\" content=\"2023-10-18T20:56:17+00:00\" \/>\n<meta property=\"og:image\" content=\"https:\/\/www.sensorialsunsets.com\/wp-content\/uploads\/2023\/10\/patriarcal.png\" \/>\n\t<meta property=\"og:image:width\" content=\"1000\" \/>\n\t<meta property=\"og:image:height\" content=\"562\" \/>\n\t<meta property=\"og:image:type\" content=\"image\/png\" \/>\n<meta name=\"author\" content=\"Sensorial Sunsets\" \/>\n<meta name=\"twitter:card\" content=\"summary_large_image\" \/>\n<meta name=\"twitter:label1\" content=\"Written by\" \/>\n\t<meta name=\"twitter:data1\" content=\"Sensorial Sunsets\" \/>\n\t<meta name=\"twitter:label2\" content=\"Est. reading time\" \/>\n\t<meta name=\"twitter:data2\" content=\"6 minutes\" \/>\n<script type=\"application\/ld+json\" class=\"yoast-schema-graph\">{\"@context\":\"https:\\\/\\\/schema.org\",\"@graph\":[{\"@type\":\"Article\",\"@id\":\"https:\\\/\\\/www.sensorialsunsets.com\\\/en\\\/post-independence-costa-rica-patriarchal-state\\\/#article\",\"isPartOf\":{\"@id\":\"https:\\\/\\\/www.sensorialsunsets.com\\\/en\\\/post-independence-costa-rica-patriarchal-state\\\/\"},\"author\":{\"name\":\"Sensorial Sunsets\",\"@id\":\"https:\\\/\\\/www.sensorialsunsets.com\\\/en\\\/#\\\/schema\\\/person\\\/77e2fa594135aa94024c47e281d8a94d\"},\"headline\":\"Post-Independence Costa Rica: Patriarchal State\",\"datePublished\":\"2023-10-18T20:56:16+00:00\",\"dateModified\":\"2023-10-18T20:56:17+00:00\",\"mainEntityOfPage\":{\"@id\":\"https:\\\/\\\/www.sensorialsunsets.com\\\/en\\\/post-independence-costa-rica-patriarchal-state\\\/\"},\"wordCount\":1226,\"publisher\":{\"@id\":\"https:\\\/\\\/www.sensorialsunsets.com\\\/en\\\/#organization\"},\"image\":{\"@id\":\"https:\\\/\\\/www.sensorialsunsets.com\\\/en\\\/post-independence-costa-rica-patriarchal-state\\\/#primaryimage\"},\"thumbnailUrl\":\"https:\\\/\\\/www.sensorialsunsets.com\\\/wp-content\\\/uploads\\\/2023\\\/10\\\/patriarcal.png\",\"articleSection\":[\"History\"],\"inLanguage\":\"en-US\"},{\"@type\":\"WebPage\",\"@id\":\"https:\\\/\\\/www.sensorialsunsets.com\\\/en\\\/post-independence-costa-rica-patriarchal-state\\\/\",\"url\":\"https:\\\/\\\/www.sensorialsunsets.com\\\/en\\\/post-independence-costa-rica-patriarchal-state\\\/\",\"name\":\"Post-Independence Costa Rica: Patriarchal State - SensorialSunsets\",\"isPartOf\":{\"@id\":\"https:\\\/\\\/www.sensorialsunsets.com\\\/en\\\/#website\"},\"primaryImageOfPage\":{\"@id\":\"https:\\\/\\\/www.sensorialsunsets.com\\\/en\\\/post-independence-costa-rica-patriarchal-state\\\/#primaryimage\"},\"image\":{\"@id\":\"https:\\\/\\\/www.sensorialsunsets.com\\\/en\\\/post-independence-costa-rica-patriarchal-state\\\/#primaryimage\"},\"thumbnailUrl\":\"https:\\\/\\\/www.sensorialsunsets.com\\\/wp-content\\\/uploads\\\/2023\\\/10\\\/patriarcal.png\",\"datePublished\":\"2023-10-18T20:56:16+00:00\",\"dateModified\":\"2023-10-18T20:56:17+00:00\",\"description\":\"What is the Patriarchal State? Costa Rica had to go through several political and constitutional changes to become the country it is today.\",\"inLanguage\":\"en-US\",\"potentialAction\":[{\"@type\":\"ReadAction\",\"target\":[\"https:\\\/\\\/www.sensorialsunsets.com\\\/en\\\/post-independence-costa-rica-patriarchal-state\\\/\"]}]},{\"@type\":\"ImageObject\",\"inLanguage\":\"en-US\",\"@id\":\"https:\\\/\\\/www.sensorialsunsets.com\\\/en\\\/post-independence-costa-rica-patriarchal-state\\\/#primaryimage\",\"url\":\"https:\\\/\\\/www.sensorialsunsets.com\\\/wp-content\\\/uploads\\\/2023\\\/10\\\/patriarcal.png\",\"contentUrl\":\"https:\\\/\\\/www.sensorialsunsets.com\\\/wp-content\\\/uploads\\\/2023\\\/10\\\/patriarcal.png\",\"width\":1000,\"height\":562},{\"@type\":\"WebSite\",\"@id\":\"https:\\\/\\\/www.sensorialsunsets.com\\\/en\\\/#website\",\"url\":\"https:\\\/\\\/www.sensorialsunsets.com\\\/en\\\/\",\"name\":\"SensorialSunsets.com\",\"description\":\"Discover the culture and society of Costa Rica on our blog. Explore captivating articles and share the content.\",\"publisher\":{\"@id\":\"https:\\\/\\\/www.sensorialsunsets.com\\\/en\\\/#organization\"},\"alternateName\":\"Costa Rica Live Blog\",\"potentialAction\":[{\"@type\":\"SearchAction\",\"target\":{\"@type\":\"EntryPoint\",\"urlTemplate\":\"https:\\\/\\\/www.sensorialsunsets.com\\\/en\\\/?s={search_term_string}\"},\"query-input\":{\"@type\":\"PropertyValueSpecification\",\"valueRequired\":true,\"valueName\":\"search_term_string\"}}],\"inLanguage\":\"en-US\"},{\"@type\":\"Organization\",\"@id\":\"https:\\\/\\\/www.sensorialsunsets.com\\\/en\\\/#organization\",\"name\":\"SensorialSunsets\",\"url\":\"https:\\\/\\\/www.sensorialsunsets.com\\\/en\\\/\",\"logo\":{\"@type\":\"ImageObject\",\"inLanguage\":\"en-US\",\"@id\":\"https:\\\/\\\/www.sensorialsunsets.com\\\/en\\\/#\\\/schema\\\/logo\\\/image\\\/\",\"url\":\"https:\\\/\\\/www.sensorialsunsets.com\\\/wp-content\\\/uploads\\\/2023\\\/04\\\/Logo_base_line_fond_clair.svg\",\"contentUrl\":\"https:\\\/\\\/www.sensorialsunsets.com\\\/wp-content\\\/uploads\\\/2023\\\/04\\\/Logo_base_line_fond_clair.svg\",\"width\":\"1024\",\"height\":\"1024\",\"caption\":\"SensorialSunsets\"},\"image\":{\"@id\":\"https:\\\/\\\/www.sensorialsunsets.com\\\/en\\\/#\\\/schema\\\/logo\\\/image\\\/\"},\"sameAs\":[\"https:\\\/\\\/www.facebook.com\\\/Sensorial-Sunsets-109180614715562\",\"https:\\\/\\\/www.instagram.com\\\/sensorialsunsets\\\/\"]},{\"@type\":\"Person\",\"@id\":\"https:\\\/\\\/www.sensorialsunsets.com\\\/en\\\/#\\\/schema\\\/person\\\/77e2fa594135aa94024c47e281d8a94d\",\"name\":\"Sensorial Sunsets\",\"image\":{\"@type\":\"ImageObject\",\"inLanguage\":\"en-US\",\"@id\":\"https:\\\/\\\/secure.gravatar.com\\\/avatar\\\/5f2d62681b1dad94c28f1500d4fc75582acdfd32b55fd1acce0a36a3c487eabe?s=96&d=mm&r=g\",\"url\":\"https:\\\/\\\/secure.gravatar.com\\\/avatar\\\/5f2d62681b1dad94c28f1500d4fc75582acdfd32b55fd1acce0a36a3c487eabe?s=96&d=mm&r=g\",\"contentUrl\":\"https:\\\/\\\/secure.gravatar.com\\\/avatar\\\/5f2d62681b1dad94c28f1500d4fc75582acdfd32b55fd1acce0a36a3c487eabe?s=96&d=mm&r=g\",\"caption\":\"Sensorial Sunsets\"},\"url\":\"https:\\\/\\\/www.sensorialsunsets.com\\\/en\\\/author\\\/asistentes-sensorial-sunsets\\\/\"}]}<\/script>\n<!-- \/ Yoast SEO plugin. -->","yoast_head_json":{"title":"Post-Independence Costa Rica: Patriarchal State - SensorialSunsets","description":"What is the Patriarchal State? Costa Rica had to go through several political and constitutional changes to become the country it is today.","robots":{"index":"index","follow":"follow","max-snippet":"max-snippet:-1","max-image-preview":"max-image-preview:large","max-video-preview":"max-video-preview:-1"},"canonical":"https:\/\/www.sensorialsunsets.com\/en\/post-independence-costa-rica-patriarchal-state\/","og_locale":"en_US","og_type":"article","og_title":"Post-Independence Costa Rica: Patriarchal State - SensorialSunsets","og_description":"What is the Patriarchal State? Costa Rica had to go through several political and constitutional changes to become the country it is today.","og_url":"https:\/\/www.sensorialsunsets.com\/en\/post-independence-costa-rica-patriarchal-state\/","og_site_name":"SensorialSunsets","article_publisher":"https:\/\/www.facebook.com\/Sensorial-Sunsets-109180614715562","article_published_time":"2023-10-18T20:56:16+00:00","article_modified_time":"2023-10-18T20:56:17+00:00","og_image":[{"width":1000,"height":562,"url":"https:\/\/www.sensorialsunsets.com\/wp-content\/uploads\/2023\/10\/patriarcal.png","type":"image\/png"}],"author":"Sensorial Sunsets","twitter_card":"summary_large_image","twitter_misc":{"Written by":"Sensorial Sunsets","Est. reading time":"6 minutes"},"schema":{"@context":"https:\/\/schema.org","@graph":[{"@type":"Article","@id":"https:\/\/www.sensorialsunsets.com\/en\/post-independence-costa-rica-patriarchal-state\/#article","isPartOf":{"@id":"https:\/\/www.sensorialsunsets.com\/en\/post-independence-costa-rica-patriarchal-state\/"},"author":{"name":"Sensorial Sunsets","@id":"https:\/\/www.sensorialsunsets.com\/en\/#\/schema\/person\/77e2fa594135aa94024c47e281d8a94d"},"headline":"Post-Independence Costa Rica: Patriarchal State","datePublished":"2023-10-18T20:56:16+00:00","dateModified":"2023-10-18T20:56:17+00:00","mainEntityOfPage":{"@id":"https:\/\/www.sensorialsunsets.com\/en\/post-independence-costa-rica-patriarchal-state\/"},"wordCount":1226,"publisher":{"@id":"https:\/\/www.sensorialsunsets.com\/en\/#organization"},"image":{"@id":"https:\/\/www.sensorialsunsets.com\/en\/post-independence-costa-rica-patriarchal-state\/#primaryimage"},"thumbnailUrl":"https:\/\/www.sensorialsunsets.com\/wp-content\/uploads\/2023\/10\/patriarcal.png","articleSection":["History"],"inLanguage":"en-US"},{"@type":"WebPage","@id":"https:\/\/www.sensorialsunsets.com\/en\/post-independence-costa-rica-patriarchal-state\/","url":"https:\/\/www.sensorialsunsets.com\/en\/post-independence-costa-rica-patriarchal-state\/","name":"Post-Independence Costa Rica: Patriarchal State - SensorialSunsets","isPartOf":{"@id":"https:\/\/www.sensorialsunsets.com\/en\/#website"},"primaryImageOfPage":{"@id":"https:\/\/www.sensorialsunsets.com\/en\/post-independence-costa-rica-patriarchal-state\/#primaryimage"},"image":{"@id":"https:\/\/www.sensorialsunsets.com\/en\/post-independence-costa-rica-patriarchal-state\/#primaryimage"},"thumbnailUrl":"https:\/\/www.sensorialsunsets.com\/wp-content\/uploads\/2023\/10\/patriarcal.png","datePublished":"2023-10-18T20:56:16+00:00","dateModified":"2023-10-18T20:56:17+00:00","description":"What is the Patriarchal State? Costa Rica had to go through several political and constitutional changes to become the country it is today.","inLanguage":"en-US","potentialAction":[{"@type":"ReadAction","target":["https:\/\/www.sensorialsunsets.com\/en\/post-independence-costa-rica-patriarchal-state\/"]}]},{"@type":"ImageObject","inLanguage":"en-US","@id":"https:\/\/www.sensorialsunsets.com\/en\/post-independence-costa-rica-patriarchal-state\/#primaryimage","url":"https:\/\/www.sensorialsunsets.com\/wp-content\/uploads\/2023\/10\/patriarcal.png","contentUrl":"https:\/\/www.sensorialsunsets.com\/wp-content\/uploads\/2023\/10\/patriarcal.png","width":1000,"height":562},{"@type":"WebSite","@id":"https:\/\/www.sensorialsunsets.com\/en\/#website","url":"https:\/\/www.sensorialsunsets.com\/en\/","name":"SensorialSunsets.com","description":"Discover the culture and society of Costa Rica on our blog. Explore captivating articles and share the content.","publisher":{"@id":"https:\/\/www.sensorialsunsets.com\/en\/#organization"},"alternateName":"Costa Rica Live Blog","potentialAction":[{"@type":"SearchAction","target":{"@type":"EntryPoint","urlTemplate":"https:\/\/www.sensorialsunsets.com\/en\/?s={search_term_string}"},"query-input":{"@type":"PropertyValueSpecification","valueRequired":true,"valueName":"search_term_string"}}],"inLanguage":"en-US"},{"@type":"Organization","@id":"https:\/\/www.sensorialsunsets.com\/en\/#organization","name":"SensorialSunsets","url":"https:\/\/www.sensorialsunsets.com\/en\/","logo":{"@type":"ImageObject","inLanguage":"en-US","@id":"https:\/\/www.sensorialsunsets.com\/en\/#\/schema\/logo\/image\/","url":"https:\/\/www.sensorialsunsets.com\/wp-content\/uploads\/2023\/04\/Logo_base_line_fond_clair.svg","contentUrl":"https:\/\/www.sensorialsunsets.com\/wp-content\/uploads\/2023\/04\/Logo_base_line_fond_clair.svg","width":"1024","height":"1024","caption":"SensorialSunsets"},"image":{"@id":"https:\/\/www.sensorialsunsets.com\/en\/#\/schema\/logo\/image\/"},"sameAs":["https:\/\/www.facebook.com\/Sensorial-Sunsets-109180614715562","https:\/\/www.instagram.com\/sensorialsunsets\/"]},{"@type":"Person","@id":"https:\/\/www.sensorialsunsets.com\/en\/#\/schema\/person\/77e2fa594135aa94024c47e281d8a94d","name":"Sensorial Sunsets","image":{"@type":"ImageObject","inLanguage":"en-US","@id":"https:\/\/secure.gravatar.com\/avatar\/5f2d62681b1dad94c28f1500d4fc75582acdfd32b55fd1acce0a36a3c487eabe?s=96&d=mm&r=g","url":"https:\/\/secure.gravatar.com\/avatar\/5f2d62681b1dad94c28f1500d4fc75582acdfd32b55fd1acce0a36a3c487eabe?s=96&d=mm&r=g","contentUrl":"https:\/\/secure.gravatar.com\/avatar\/5f2d62681b1dad94c28f1500d4fc75582acdfd32b55fd1acce0a36a3c487eabe?s=96&d=mm&r=g","caption":"Sensorial Sunsets"},"url":"https:\/\/www.sensorialsunsets.com\/en\/author\/asistentes-sensorial-sunsets\/"}]}},"_links":{"self":[{"href":"https:\/\/www.sensorialsunsets.com\/en\/wp-json\/wp\/v2\/posts\/11514","targetHints":{"allow":["GET"]}}],"collection":[{"href":"https:\/\/www.sensorialsunsets.com\/en\/wp-json\/wp\/v2\/posts"}],"about":[{"href":"https:\/\/www.sensorialsunsets.com\/en\/wp-json\/wp\/v2\/types\/post"}],"author":[{"embeddable":true,"href":"https:\/\/www.sensorialsunsets.com\/en\/wp-json\/wp\/v2\/users\/4"}],"replies":[{"embeddable":true,"href":"https:\/\/www.sensorialsunsets.com\/en\/wp-json\/wp\/v2\/comments?post=11514"}],"version-history":[{"count":0,"href":"https:\/\/www.sensorialsunsets.com\/en\/wp-json\/wp\/v2\/posts\/11514\/revisions"}],"wp:featuredmedia":[{"embeddable":true,"href":"https:\/\/www.sensorialsunsets.com\/en\/wp-json\/wp\/v2\/media\/11480"}],"wp:attachment":[{"href":"https:\/\/www.sensorialsunsets.com\/en\/wp-json\/wp\/v2\/media?parent=11514"}],"wp:term":[{"taxonomy":"category","embeddable":true,"href":"https:\/\/www.sensorialsunsets.com\/en\/wp-json\/wp\/v2\/categories?post=11514"},{"taxonomy":"post_tag","embeddable":true,"href":"https:\/\/www.sensorialsunsets.com\/en\/wp-json\/wp\/v2\/tags?post=11514"}],"curies":[{"name":"wp","href":"https:\/\/api.w.org\/{rel}","templated":true}]}}