{"id":11752,"date":"2023-10-27T16:04:51","date_gmt":"2023-10-27T22:04:51","guid":{"rendered":"https:\/\/www.sensorialsunsets.com\/?p=11752"},"modified":"2023-10-27T16:28:08","modified_gmt":"2023-10-27T22:28:08","slug":"national-reading-fest-2023-an-not-to-be-missed-literary-encounter-in-costa-rica","status":"publish","type":"post","link":"https:\/\/www.sensorialsunsets.com\/en\/national-reading-fest-2023-an-not-to-be-missed-literary-encounter-in-costa-rica\/","title":{"rendered":"National Reading Fest 2023: An &#8220;Not to be Missed&#8221; Literary Encounter in Costa Rica"},"content":{"rendered":"\n<p>San Jos\u00e9, October 18, 2023 &#8211; Reading is a key to infinite worlds of knowledge, imagination and emotion. And to celebrate this wonderful act, Costa Rica is preparing to receive the second edition of the National Reading Festival 2023 (FNL 2023), an event that has become a literary reference both nationally and regionally. From October 26 to 29, the Antigua Aduana in San Jos\u00e9 will be filled with letters, authors, publishers, and reading lovers in a space that promotes literary diversity and the enjoyment of the written word.<\/p>\n\n<h3 class=\"wp-block-heading\"><strong>Literary Diversity in One Place<\/strong>.<\/h3>\n\n<p>FNL 2023, organized by the Center for Artistic and Cultural Production of the Ministry of Culture and Youth, is proud to offer a varied and exciting program ranging from publishing houses to libraries, literary collectives and educational projects. The event has 89 participating proposals, all committed to the promotion of reading and writing. In the words of Rafael \u00c1valos, producer of the National Book Fair 2023, &#8220;the National Reading Festival is consolidating itself as a meeting place for the literary sector and its audiences. Beyond the commercial objective of a fair, which is very important, the Festival hopes to also fulfill objectives of stimulating reading and writing, in the context of a festive and stimulating environment.&#8221;<\/p>\n\n<blockquote class=\"wp-block-quote is-layout-flow wp-block-quote-is-layout-flow\">\n<p>The National Reading Fest is consolidating itself as a meeting place for the literary sector and its audiences. Beyond the commercial objective of a fair, which is very important, the Festival hopes to also fulfill objectives of stimulating reading and writing, in the context of a festive and stimulating atmosphere.&#8221;<\/p>\n<\/blockquote>\n<div class=\"wp-block-image\">\n<figure class=\"alignleft size-large is-resized\"><img decoding=\"async\" src=\"https:\/\/www.sensorialsunsets.com\/wp-content\/uploads\/2023\/10\/pexels-senoka-&#x1F31E;-10297673-683x1024.jpg\" alt=\"\" class=\"wp-image-11730\" style=\"aspect-ratio:0.6669921875;width:397px;height:auto\"\/><\/figure>\n<\/div>\n<p>FNL 2023 is a unique opportunity for authors to present their works directly to the public, for publishers to showcase their catalogs, and for libraries and literary collectives to share their passion for reading. Also, there will be lectures, poetry readings and workshops that will enrich the experience of attendees, from the youngest to the most experienced readers.<\/p>\n\n<blockquote class=\"wp-block-quote is-layout-flow wp-block-quote-is-layout-flow\" style=\"font-style:italic;font-weight:600\">\n<p>The event&#8217;s schedule is ample and accessible to all interested attendees:<\/p>\n<cite>Jueves 26 de octubre: 9 a.m. a 8 p.m.<br>Viernes 27 de octubre: 9 a.m. a 8 p.m.<br>S\u00e1bado 28 de octubre: 10 a.m. a 9 p.m.<br>Domingo 29 de octubre: 10 a.m. a 7 p.m.<\/cite><\/blockquote>\n\n<p>Besides, admission to FNL 2023 is completely free, making it an ideal activity for the whole family to enjoy. There will also be a selection of food options to satisfy visitors&#8217; appetites.<\/p>\n\n<p><a href=\"https:\/\/mcj.go.cr\/sala-de-prensa\/noticias\/fiesta-nacional-de-la-lectura-2023-antigua-aduana-vivira-cuatro-dias\">The list of participants<\/a> in the National Reading Fest 2023 is extensive and diverse, ranging from bookstores to cultural collectives. A few of the featured participants include the Biblioteca Nacional Miguel Obreg\u00f3n Lizano, the Asociaci\u00f3n Costarricense de Escritoras, and Librer\u00eda La Hoja de Aire. Such diversity ensures that there is something for everyone&#8217;s literary tastes.<\/p>\n\n<p><strong>Sensorial Sunsets<\/strong><\/p>\n","protected":false},"excerpt":{"rendered":"<p>San Jos\u00e9, October 18, 2023 &#8211; Reading is a key to infinite worlds of knowledge, imagination and emotion. And to celebrate this wonderful act, Costa Rica is preparing to receive the second edition of the National Reading Festival 2023 (FNL 2023), an event that has become a literary reference both nationally and regionally. From October [&hellip;]<\/p>\n","protected":false},"author":4,"featured_media":11748,"comment_status":"closed","ping_status":"closed","sticky":false,"template":"","format":"standard","meta":{"_acf_changed":false,"inline_featured_image":false,"_monsterinsights_skip_tracking":false,"_monsterinsights_sitenote_active":false,"_monsterinsights_sitenote_note":"","_monsterinsights_sitenote_category":0,"footnotes":""},"categories":[8],"tags":[],"class_list":["post-11752","post","type-post","status-publish","format-standard","has-post-thumbnail","hentry","category-uncategorized"],"acf":[],"yoast_head":"<!-- This site is optimized with the Yoast SEO plugin v27.4 - https:\/\/yoast.com\/product\/yoast-seo-wordpress\/ -->\n<title>National Reading Fest 2023: A Literary Encounter<\/title>\n<meta name=\"description\" content=\"The National Reading Fest 2023 at the Antigua Aduana de San Jos\u00e9, a space to explore literature.\" \/>\n<meta name=\"robots\" content=\"index, follow, max-snippet:-1, max-image-preview:large, max-video-preview:-1\" \/>\n<link rel=\"canonical\" href=\"https:\/\/www.sensorialsunsets.com\/en\/national-reading-fest-2023-an-not-to-be-missed-literary-encounter-in-costa-rica\/\" \/>\n<meta property=\"og:locale\" content=\"en_US\" \/>\n<meta property=\"og:type\" content=\"article\" \/>\n<meta property=\"og:title\" content=\"National Reading Fest 2023: A Literary Encounter\" \/>\n<meta property=\"og:description\" content=\"The National Reading Fest 2023 at the Antigua Aduana de San Jos\u00e9, a space to explore literature.\" \/>\n<meta property=\"og:url\" content=\"https:\/\/www.sensorialsunsets.com\/en\/national-reading-fest-2023-an-not-to-be-missed-literary-encounter-in-costa-rica\/\" \/>\n<meta property=\"og:site_name\" content=\"SensorialSunsets\" \/>\n<meta property=\"article:publisher\" content=\"https:\/\/www.facebook.com\/Sensorial-Sunsets-109180614715562\" \/>\n<meta property=\"article:published_time\" content=\"2023-10-27T22:04:51+00:00\" \/>\n<meta property=\"article:modified_time\" content=\"2023-10-27T22:28:08+00:00\" \/>\n<meta property=\"og:image\" content=\"https:\/\/www.sensorialsunsets.com\/wp-content\/uploads\/2023\/10\/pexels-merve-kiratli-7988586-scaled.jpg\" \/>\n\t<meta property=\"og:image:width\" content=\"2560\" \/>\n\t<meta property=\"og:image:height\" content=\"1729\" \/>\n\t<meta property=\"og:image:type\" content=\"image\/jpeg\" \/>\n<meta name=\"author\" content=\"Sensorial Sunsets\" \/>\n<meta name=\"twitter:card\" content=\"summary_large_image\" \/>\n<meta name=\"twitter:label1\" content=\"Written by\" \/>\n\t<meta name=\"twitter:data1\" content=\"Sensorial Sunsets\" \/>\n\t<meta name=\"twitter:label2\" content=\"Est. reading time\" \/>\n\t<meta name=\"twitter:data2\" content=\"2 minutes\" \/>\n<script type=\"application\/ld+json\" class=\"yoast-schema-graph\">{\"@context\":\"https:\\\/\\\/schema.org\",\"@graph\":[{\"@type\":\"Article\",\"@id\":\"https:\\\/\\\/www.sensorialsunsets.com\\\/en\\\/national-reading-fest-2023-an-not-to-be-missed-literary-encounter-in-costa-rica\\\/#article\",\"isPartOf\":{\"@id\":\"https:\\\/\\\/www.sensorialsunsets.com\\\/en\\\/national-reading-fest-2023-an-not-to-be-missed-literary-encounter-in-costa-rica\\\/\"},\"author\":{\"name\":\"Sensorial Sunsets\",\"@id\":\"https:\\\/\\\/www.sensorialsunsets.com\\\/en\\\/#\\\/schema\\\/person\\\/77e2fa594135aa94024c47e281d8a94d\"},\"headline\":\"National Reading Fest 2023: An &#8220;Not to be Missed&#8221; Literary Encounter in Costa Rica\",\"datePublished\":\"2023-10-27T22:04:51+00:00\",\"dateModified\":\"2023-10-27T22:28:08+00:00\",\"mainEntityOfPage\":{\"@id\":\"https:\\\/\\\/www.sensorialsunsets.com\\\/en\\\/national-reading-fest-2023-an-not-to-be-missed-literary-encounter-in-costa-rica\\\/\"},\"wordCount\":456,\"publisher\":{\"@id\":\"https:\\\/\\\/www.sensorialsunsets.com\\\/en\\\/#organization\"},\"image\":{\"@id\":\"https:\\\/\\\/www.sensorialsunsets.com\\\/en\\\/national-reading-fest-2023-an-not-to-be-missed-literary-encounter-in-costa-rica\\\/#primaryimage\"},\"thumbnailUrl\":\"https:\\\/\\\/www.sensorialsunsets.com\\\/wp-content\\\/uploads\\\/2023\\\/10\\\/pexels-merve-kiratli-7988586-scaled.jpg\",\"inLanguage\":\"en-US\"},{\"@type\":\"WebPage\",\"@id\":\"https:\\\/\\\/www.sensorialsunsets.com\\\/en\\\/national-reading-fest-2023-an-not-to-be-missed-literary-encounter-in-costa-rica\\\/\",\"url\":\"https:\\\/\\\/www.sensorialsunsets.com\\\/en\\\/national-reading-fest-2023-an-not-to-be-missed-literary-encounter-in-costa-rica\\\/\",\"name\":\"National Reading Fest 2023: A Literary Encounter\",\"isPartOf\":{\"@id\":\"https:\\\/\\\/www.sensorialsunsets.com\\\/en\\\/#website\"},\"primaryImageOfPage\":{\"@id\":\"https:\\\/\\\/www.sensorialsunsets.com\\\/en\\\/national-reading-fest-2023-an-not-to-be-missed-literary-encounter-in-costa-rica\\\/#primaryimage\"},\"image\":{\"@id\":\"https:\\\/\\\/www.sensorialsunsets.com\\\/en\\\/national-reading-fest-2023-an-not-to-be-missed-literary-encounter-in-costa-rica\\\/#primaryimage\"},\"thumbnailUrl\":\"https:\\\/\\\/www.sensorialsunsets.com\\\/wp-content\\\/uploads\\\/2023\\\/10\\\/pexels-merve-kiratli-7988586-scaled.jpg\",\"datePublished\":\"2023-10-27T22:04:51+00:00\",\"dateModified\":\"2023-10-27T22:28:08+00:00\",\"description\":\"The National Reading Fest 2023 at the Antigua Aduana de San Jos\u00e9, a space to explore literature.\",\"inLanguage\":\"en-US\",\"potentialAction\":[{\"@type\":\"ReadAction\",\"target\":[\"https:\\\/\\\/www.sensorialsunsets.com\\\/en\\\/national-reading-fest-2023-an-not-to-be-missed-literary-encounter-in-costa-rica\\\/\"]}]},{\"@type\":\"ImageObject\",\"inLanguage\":\"en-US\",\"@id\":\"https:\\\/\\\/www.sensorialsunsets.com\\\/en\\\/national-reading-fest-2023-an-not-to-be-missed-literary-encounter-in-costa-rica\\\/#primaryimage\",\"url\":\"https:\\\/\\\/www.sensorialsunsets.com\\\/wp-content\\\/uploads\\\/2023\\\/10\\\/pexels-merve-kiratli-7988586-scaled.jpg\",\"contentUrl\":\"https:\\\/\\\/www.sensorialsunsets.com\\\/wp-content\\\/uploads\\\/2023\\\/10\\\/pexels-merve-kiratli-7988586-scaled.jpg\",\"width\":2560,\"height\":1729},{\"@type\":\"WebSite\",\"@id\":\"https:\\\/\\\/www.sensorialsunsets.com\\\/en\\\/#website\",\"url\":\"https:\\\/\\\/www.sensorialsunsets.com\\\/en\\\/\",\"name\":\"SensorialSunsets.com\",\"description\":\"Discover the culture and society of Costa Rica on our blog. Explore captivating articles and share the content.\",\"publisher\":{\"@id\":\"https:\\\/\\\/www.sensorialsunsets.com\\\/en\\\/#organization\"},\"alternateName\":\"Costa Rica Live Blog\",\"potentialAction\":[{\"@type\":\"SearchAction\",\"target\":{\"@type\":\"EntryPoint\",\"urlTemplate\":\"https:\\\/\\\/www.sensorialsunsets.com\\\/en\\\/?s={search_term_string}\"},\"query-input\":{\"@type\":\"PropertyValueSpecification\",\"valueRequired\":true,\"valueName\":\"search_term_string\"}}],\"inLanguage\":\"en-US\"},{\"@type\":\"Organization\",\"@id\":\"https:\\\/\\\/www.sensorialsunsets.com\\\/en\\\/#organization\",\"name\":\"SensorialSunsets\",\"url\":\"https:\\\/\\\/www.sensorialsunsets.com\\\/en\\\/\",\"logo\":{\"@type\":\"ImageObject\",\"inLanguage\":\"en-US\",\"@id\":\"https:\\\/\\\/www.sensorialsunsets.com\\\/en\\\/#\\\/schema\\\/logo\\\/image\\\/\",\"url\":\"https:\\\/\\\/www.sensorialsunsets.com\\\/wp-content\\\/uploads\\\/2023\\\/04\\\/Logo_base_line_fond_clair.svg\",\"contentUrl\":\"https:\\\/\\\/www.sensorialsunsets.com\\\/wp-content\\\/uploads\\\/2023\\\/04\\\/Logo_base_line_fond_clair.svg\",\"width\":\"1024\",\"height\":\"1024\",\"caption\":\"SensorialSunsets\"},\"image\":{\"@id\":\"https:\\\/\\\/www.sensorialsunsets.com\\\/en\\\/#\\\/schema\\\/logo\\\/image\\\/\"},\"sameAs\":[\"https:\\\/\\\/www.facebook.com\\\/Sensorial-Sunsets-109180614715562\",\"https:\\\/\\\/www.instagram.com\\\/sensorialsunsets\\\/\"]},{\"@type\":\"Person\",\"@id\":\"https:\\\/\\\/www.sensorialsunsets.com\\\/en\\\/#\\\/schema\\\/person\\\/77e2fa594135aa94024c47e281d8a94d\",\"name\":\"Sensorial Sunsets\",\"image\":{\"@type\":\"ImageObject\",\"inLanguage\":\"en-US\",\"@id\":\"https:\\\/\\\/secure.gravatar.com\\\/avatar\\\/5f2d62681b1dad94c28f1500d4fc75582acdfd32b55fd1acce0a36a3c487eabe?s=96&d=mm&r=g\",\"url\":\"https:\\\/\\\/secure.gravatar.com\\\/avatar\\\/5f2d62681b1dad94c28f1500d4fc75582acdfd32b55fd1acce0a36a3c487eabe?s=96&d=mm&r=g\",\"contentUrl\":\"https:\\\/\\\/secure.gravatar.com\\\/avatar\\\/5f2d62681b1dad94c28f1500d4fc75582acdfd32b55fd1acce0a36a3c487eabe?s=96&d=mm&r=g\",\"caption\":\"Sensorial Sunsets\"},\"url\":\"https:\\\/\\\/www.sensorialsunsets.com\\\/en\\\/author\\\/asistentes-sensorial-sunsets\\\/\"}]}<\/script>\n<!-- \/ Yoast SEO plugin. -->","yoast_head_json":{"title":"National Reading Fest 2023: A Literary Encounter","description":"The National Reading Fest 2023 at the Antigua Aduana de San Jos\u00e9, a space to explore literature.","robots":{"index":"index","follow":"follow","max-snippet":"max-snippet:-1","max-image-preview":"max-image-preview:large","max-video-preview":"max-video-preview:-1"},"canonical":"https:\/\/www.sensorialsunsets.com\/en\/national-reading-fest-2023-an-not-to-be-missed-literary-encounter-in-costa-rica\/","og_locale":"en_US","og_type":"article","og_title":"National Reading Fest 2023: A Literary Encounter","og_description":"The National Reading Fest 2023 at the Antigua Aduana de San Jos\u00e9, a space to explore literature.","og_url":"https:\/\/www.sensorialsunsets.com\/en\/national-reading-fest-2023-an-not-to-be-missed-literary-encounter-in-costa-rica\/","og_site_name":"SensorialSunsets","article_publisher":"https:\/\/www.facebook.com\/Sensorial-Sunsets-109180614715562","article_published_time":"2023-10-27T22:04:51+00:00","article_modified_time":"2023-10-27T22:28:08+00:00","og_image":[{"width":2560,"height":1729,"url":"https:\/\/www.sensorialsunsets.com\/wp-content\/uploads\/2023\/10\/pexels-merve-kiratli-7988586-scaled.jpg","type":"image\/jpeg"}],"author":"Sensorial Sunsets","twitter_card":"summary_large_image","twitter_misc":{"Written by":"Sensorial Sunsets","Est. reading time":"2 minutes"},"schema":{"@context":"https:\/\/schema.org","@graph":[{"@type":"Article","@id":"https:\/\/www.sensorialsunsets.com\/en\/national-reading-fest-2023-an-not-to-be-missed-literary-encounter-in-costa-rica\/#article","isPartOf":{"@id":"https:\/\/www.sensorialsunsets.com\/en\/national-reading-fest-2023-an-not-to-be-missed-literary-encounter-in-costa-rica\/"},"author":{"name":"Sensorial Sunsets","@id":"https:\/\/www.sensorialsunsets.com\/en\/#\/schema\/person\/77e2fa594135aa94024c47e281d8a94d"},"headline":"National Reading Fest 2023: An &#8220;Not to be Missed&#8221; Literary Encounter in Costa Rica","datePublished":"2023-10-27T22:04:51+00:00","dateModified":"2023-10-27T22:28:08+00:00","mainEntityOfPage":{"@id":"https:\/\/www.sensorialsunsets.com\/en\/national-reading-fest-2023-an-not-to-be-missed-literary-encounter-in-costa-rica\/"},"wordCount":456,"publisher":{"@id":"https:\/\/www.sensorialsunsets.com\/en\/#organization"},"image":{"@id":"https:\/\/www.sensorialsunsets.com\/en\/national-reading-fest-2023-an-not-to-be-missed-literary-encounter-in-costa-rica\/#primaryimage"},"thumbnailUrl":"https:\/\/www.sensorialsunsets.com\/wp-content\/uploads\/2023\/10\/pexels-merve-kiratli-7988586-scaled.jpg","inLanguage":"en-US"},{"@type":"WebPage","@id":"https:\/\/www.sensorialsunsets.com\/en\/national-reading-fest-2023-an-not-to-be-missed-literary-encounter-in-costa-rica\/","url":"https:\/\/www.sensorialsunsets.com\/en\/national-reading-fest-2023-an-not-to-be-missed-literary-encounter-in-costa-rica\/","name":"National Reading Fest 2023: A Literary Encounter","isPartOf":{"@id":"https:\/\/www.sensorialsunsets.com\/en\/#website"},"primaryImageOfPage":{"@id":"https:\/\/www.sensorialsunsets.com\/en\/national-reading-fest-2023-an-not-to-be-missed-literary-encounter-in-costa-rica\/#primaryimage"},"image":{"@id":"https:\/\/www.sensorialsunsets.com\/en\/national-reading-fest-2023-an-not-to-be-missed-literary-encounter-in-costa-rica\/#primaryimage"},"thumbnailUrl":"https:\/\/www.sensorialsunsets.com\/wp-content\/uploads\/2023\/10\/pexels-merve-kiratli-7988586-scaled.jpg","datePublished":"2023-10-27T22:04:51+00:00","dateModified":"2023-10-27T22:28:08+00:00","description":"The National Reading Fest 2023 at the Antigua Aduana de San Jos\u00e9, a space to explore literature.","inLanguage":"en-US","potentialAction":[{"@type":"ReadAction","target":["https:\/\/www.sensorialsunsets.com\/en\/national-reading-fest-2023-an-not-to-be-missed-literary-encounter-in-costa-rica\/"]}]},{"@type":"ImageObject","inLanguage":"en-US","@id":"https:\/\/www.sensorialsunsets.com\/en\/national-reading-fest-2023-an-not-to-be-missed-literary-encounter-in-costa-rica\/#primaryimage","url":"https:\/\/www.sensorialsunsets.com\/wp-content\/uploads\/2023\/10\/pexels-merve-kiratli-7988586-scaled.jpg","contentUrl":"https:\/\/www.sensorialsunsets.com\/wp-content\/uploads\/2023\/10\/pexels-merve-kiratli-7988586-scaled.jpg","width":2560,"height":1729},{"@type":"WebSite","@id":"https:\/\/www.sensorialsunsets.com\/en\/#website","url":"https:\/\/www.sensorialsunsets.com\/en\/","name":"SensorialSunsets.com","description":"Discover the culture and society of Costa Rica on our blog. Explore captivating articles and share the content.","publisher":{"@id":"https:\/\/www.sensorialsunsets.com\/en\/#organization"},"alternateName":"Costa Rica Live Blog","potentialAction":[{"@type":"SearchAction","target":{"@type":"EntryPoint","urlTemplate":"https:\/\/www.sensorialsunsets.com\/en\/?s={search_term_string}"},"query-input":{"@type":"PropertyValueSpecification","valueRequired":true,"valueName":"search_term_string"}}],"inLanguage":"en-US"},{"@type":"Organization","@id":"https:\/\/www.sensorialsunsets.com\/en\/#organization","name":"SensorialSunsets","url":"https:\/\/www.sensorialsunsets.com\/en\/","logo":{"@type":"ImageObject","inLanguage":"en-US","@id":"https:\/\/www.sensorialsunsets.com\/en\/#\/schema\/logo\/image\/","url":"https:\/\/www.sensorialsunsets.com\/wp-content\/uploads\/2023\/04\/Logo_base_line_fond_clair.svg","contentUrl":"https:\/\/www.sensorialsunsets.com\/wp-content\/uploads\/2023\/04\/Logo_base_line_fond_clair.svg","width":"1024","height":"1024","caption":"SensorialSunsets"},"image":{"@id":"https:\/\/www.sensorialsunsets.com\/en\/#\/schema\/logo\/image\/"},"sameAs":["https:\/\/www.facebook.com\/Sensorial-Sunsets-109180614715562","https:\/\/www.instagram.com\/sensorialsunsets\/"]},{"@type":"Person","@id":"https:\/\/www.sensorialsunsets.com\/en\/#\/schema\/person\/77e2fa594135aa94024c47e281d8a94d","name":"Sensorial Sunsets","image":{"@type":"ImageObject","inLanguage":"en-US","@id":"https:\/\/secure.gravatar.com\/avatar\/5f2d62681b1dad94c28f1500d4fc75582acdfd32b55fd1acce0a36a3c487eabe?s=96&d=mm&r=g","url":"https:\/\/secure.gravatar.com\/avatar\/5f2d62681b1dad94c28f1500d4fc75582acdfd32b55fd1acce0a36a3c487eabe?s=96&d=mm&r=g","contentUrl":"https:\/\/secure.gravatar.com\/avatar\/5f2d62681b1dad94c28f1500d4fc75582acdfd32b55fd1acce0a36a3c487eabe?s=96&d=mm&r=g","caption":"Sensorial Sunsets"},"url":"https:\/\/www.sensorialsunsets.com\/en\/author\/asistentes-sensorial-sunsets\/"}]}},"_links":{"self":[{"href":"https:\/\/www.sensorialsunsets.com\/en\/wp-json\/wp\/v2\/posts\/11752","targetHints":{"allow":["GET"]}}],"collection":[{"href":"https:\/\/www.sensorialsunsets.com\/en\/wp-json\/wp\/v2\/posts"}],"about":[{"href":"https:\/\/www.sensorialsunsets.com\/en\/wp-json\/wp\/v2\/types\/post"}],"author":[{"embeddable":true,"href":"https:\/\/www.sensorialsunsets.com\/en\/wp-json\/wp\/v2\/users\/4"}],"replies":[{"embeddable":true,"href":"https:\/\/www.sensorialsunsets.com\/en\/wp-json\/wp\/v2\/comments?post=11752"}],"version-history":[{"count":0,"href":"https:\/\/www.sensorialsunsets.com\/en\/wp-json\/wp\/v2\/posts\/11752\/revisions"}],"wp:featuredmedia":[{"embeddable":true,"href":"https:\/\/www.sensorialsunsets.com\/en\/wp-json\/wp\/v2\/media\/11748"}],"wp:attachment":[{"href":"https:\/\/www.sensorialsunsets.com\/en\/wp-json\/wp\/v2\/media?parent=11752"}],"wp:term":[{"taxonomy":"category","embeddable":true,"href":"https:\/\/www.sensorialsunsets.com\/en\/wp-json\/wp\/v2\/categories?post=11752"},{"taxonomy":"post_tag","embeddable":true,"href":"https:\/\/www.sensorialsunsets.com\/en\/wp-json\/wp\/v2\/tags?post=11752"}],"curies":[{"name":"wp","href":"https:\/\/api.w.org\/{rel}","templated":true}]}}