{"id":15006,"date":"2024-03-08T13:56:19","date_gmt":"2024-03-08T19:56:19","guid":{"rendered":"https:\/\/www.sensorialsunsets.com\/?p=15006"},"modified":"2024-03-08T13:56:19","modified_gmt":"2024-03-08T19:56:19","slug":"amon-cultural-2024-celebrating-a-decade-of-culture-and-diversity-in-san-jose","status":"publish","type":"post","link":"https:\/\/www.sensorialsunsets.com\/en\/amon-cultural-2024-celebrating-a-decade-of-culture-and-diversity-in-san-jose\/","title":{"rendered":"Am\u00f3n Cultural 2024: Celebrating a Decade of Culture and Diversity in San Jos\u00e9"},"content":{"rendered":"\n<p>The Am\u00f3n Cultural Festival celebrates its 10th anniversary on March 9, 2024, showcasing creativity, music, and art in San Jos\u00e9&#8217;s vibrant Am\u00f3n and Otoya neighborhoods. Featuring over 90 activities across 31 locations, this urban festival has evolved into a must-attend event on the city&#8217;s cultural calendar, drawing individuals from diverse backgrounds to celebrate the rich community and history of the area.<\/p>\n\n\n\n<p>Am\u00f3n Cultural advocates for inclusion and diversity, striving to unite the community around a shared vision of a compact, participatory, resilient, and safe city. This year&#8217;s festival emphasizes the revaluation of San Jos\u00e9&#8217;s historical heritage, stressing the importance of its preservation and celebration.<\/p>\n\n\n\n<h3 class=\"wp-block-heading\">Am\u00f3n Cultural: The City in a Different Way<\/h3>\n\n\n\n<figure class=\"wp-block-gallery has-nested-images columns-default is-cropped wp-block-gallery-1 is-layout-flex wp-block-gallery-is-layout-flex\">\n<figure class=\"wp-block-image size-large\"><img loading=\"lazy\" decoding=\"async\" width=\"1024\" height=\"681\" data-id=\"14986\" src=\"https:\/\/www.sensorialsunsets.com\/wp-content\/uploads\/2024\/03\/amoncultural-1024x681.jpg\" alt=\"\" class=\"wp-image-14986\" srcset=\"https:\/\/www.sensorialsunsets.com\/wp-content\/uploads\/2024\/03\/amoncultural-1024x681.jpg 1024w, https:\/\/www.sensorialsunsets.com\/wp-content\/uploads\/2024\/03\/amoncultural-300x199.jpg 300w, https:\/\/www.sensorialsunsets.com\/wp-content\/uploads\/2024\/03\/amoncultural-768x511.jpg 768w, https:\/\/www.sensorialsunsets.com\/wp-content\/uploads\/2024\/03\/amoncultural-334x222.jpg 334w, https:\/\/www.sensorialsunsets.com\/wp-content\/uploads\/2024\/03\/amoncultural.jpg 1280w\" sizes=\"auto, (max-width: 1024px) 100vw, 1024px\" \/><\/figure>\n\n\n\n<figure class=\"wp-block-image size-large\"><img loading=\"lazy\" decoding=\"async\" width=\"1024\" height=\"666\" data-id=\"14992\" src=\"https:\/\/www.sensorialsunsets.com\/wp-content\/uploads\/2024\/03\/image-1-1024x666.png\" alt=\"\" class=\"wp-image-14992\" srcset=\"https:\/\/www.sensorialsunsets.com\/wp-content\/uploads\/2024\/03\/image-1-1024x666.png 1024w, https:\/\/www.sensorialsunsets.com\/wp-content\/uploads\/2024\/03\/image-1-300x195.png 300w, https:\/\/www.sensorialsunsets.com\/wp-content\/uploads\/2024\/03\/image-1-768x500.png 768w, https:\/\/www.sensorialsunsets.com\/wp-content\/uploads\/2024\/03\/image-1-1320x859.png 1320w, https:\/\/www.sensorialsunsets.com\/wp-content\/uploads\/2024\/03\/image-1.png 1440w\" sizes=\"auto, (max-width: 1024px) 100vw, 1024px\" \/><\/figure>\n<\/figure>\n\n\n\n<p>Organized by the Tecnol\u00f3gico de Costa Rica (TEC) in collaboration with associations, institutions, companies and local artists, the Am\u00f3n Cultural 2024 Festival promises a unique experience that combines live music, dance, theater, art, national design, performance, local gastronomy, historical tours and much more.<\/p>\n\n\n\n<p>This year, the festival is presented with six thematic axes: gastronomy, architecture, art and design, urban life, performing arts and environment. From tours through the picturesque streets to performances in emblematic buildings, there is something for all tastes and ages.<\/p>\n\n\n\n<h3 class=\"wp-block-heading\">Celebrating History &amp; Creativity<\/h3>\n\n\n\n<p>Emphasized community involvement and connection to the environment is one of the highlights of the Ammon Cultural Festival 2024.<\/p>\n\n\n\n<p>For those wishing to explore the full schedule of activities and plan their day, the program can be accessed online at the following link: <a href=\"https:\/\/ugc.production.linktr.ee\/ed8f73f3-997c-4534-b815-1256ed28fe8d_AC24---PROGRAMACION-COMPLETA-VF-01-03.pdf\">Full Amon Cultural 2024 Program<\/a><\/p>\n\n\n\n<p><strong>Sensorial Sunsets<\/strong><\/p>\n","protected":false},"excerpt":{"rendered":"<p>The Am\u00f3n Cultural Festival celebrates its 10th anniversary on March 9, 2024, showcasing creativity, music, and art in San Jos\u00e9&#8217;s vibrant Am\u00f3n and Otoya neighborhoods. Featuring over 90 activities across 31 locations, this urban festival has evolved into a must-attend event on the city&#8217;s cultural calendar, drawing individuals from diverse backgrounds to celebrate the rich [&hellip;]<\/p>\n","protected":false},"author":4,"featured_media":14990,"comment_status":"closed","ping_status":"closed","sticky":false,"template":"","format":"standard","meta":{"_acf_changed":false,"inline_featured_image":false,"_monsterinsights_skip_tracking":false,"_monsterinsights_sitenote_active":false,"_monsterinsights_sitenote_note":"","_monsterinsights_sitenote_category":0,"footnotes":""},"categories":[167],"tags":[],"class_list":["post-15006","post","type-post","status-publish","format-standard","has-post-thumbnail","hentry","category-news"],"acf":[],"yoast_head":"<!-- This site is optimized with the Yoast SEO plugin v27.4 - https:\/\/yoast.com\/product\/yoast-seo-wordpress\/ -->\n<title>Am\u00f3n Cultural 2024: Culture and Diversity in San Jos\u00e9<\/title>\n<meta name=\"description\" content=\"Am\u00f3n Cultural 2024, live music, street art, local cuisine and historical tours in the neighborhoods of Am\u00f3n and Otoya in San Jos\u00e9.\" \/>\n<meta name=\"robots\" content=\"index, follow, max-snippet:-1, max-image-preview:large, max-video-preview:-1\" \/>\n<link rel=\"canonical\" href=\"https:\/\/www.sensorialsunsets.com\/en\/amon-cultural-2024-celebrating-a-decade-of-culture-and-diversity-in-san-jose\/\" \/>\n<meta property=\"og:locale\" content=\"en_US\" \/>\n<meta property=\"og:type\" content=\"article\" \/>\n<meta property=\"og:title\" content=\"Am\u00f3n Cultural 2024: Culture and Diversity in San Jos\u00e9\" \/>\n<meta property=\"og:description\" content=\"Am\u00f3n Cultural 2024, live music, street art, local cuisine and historical tours in the neighborhoods of Am\u00f3n and Otoya in San Jos\u00e9.\" \/>\n<meta property=\"og:url\" content=\"https:\/\/www.sensorialsunsets.com\/en\/amon-cultural-2024-celebrating-a-decade-of-culture-and-diversity-in-san-jose\/\" \/>\n<meta property=\"og:site_name\" content=\"SensorialSunsets\" \/>\n<meta property=\"article:publisher\" content=\"https:\/\/www.facebook.com\/Sensorial-Sunsets-109180614715562\" \/>\n<meta property=\"article:published_time\" content=\"2024-03-08T19:56:19+00:00\" \/>\n<meta property=\"og:image\" content=\"https:\/\/www.sensorialsunsets.com\/wp-content\/uploads\/2024\/03\/amoncultural-1024x681.jpg\" \/>\n<meta name=\"author\" content=\"Sensorial Sunsets\" \/>\n<meta name=\"twitter:card\" content=\"summary_large_image\" \/>\n<meta name=\"twitter:label1\" content=\"Written by\" \/>\n\t<meta name=\"twitter:data1\" content=\"Sensorial Sunsets\" \/>\n\t<meta name=\"twitter:label2\" content=\"Est. reading time\" \/>\n\t<meta name=\"twitter:data2\" content=\"1 minute\" \/>\n<script type=\"application\/ld+json\" class=\"yoast-schema-graph\">{\"@context\":\"https:\\\/\\\/schema.org\",\"@graph\":[{\"@type\":\"Article\",\"@id\":\"https:\\\/\\\/www.sensorialsunsets.com\\\/en\\\/amon-cultural-2024-celebrating-a-decade-of-culture-and-diversity-in-san-jose\\\/#article\",\"isPartOf\":{\"@id\":\"https:\\\/\\\/www.sensorialsunsets.com\\\/en\\\/amon-cultural-2024-celebrating-a-decade-of-culture-and-diversity-in-san-jose\\\/\"},\"author\":{\"name\":\"Sensorial Sunsets\",\"@id\":\"https:\\\/\\\/www.sensorialsunsets.com\\\/en\\\/#\\\/schema\\\/person\\\/77e2fa594135aa94024c47e281d8a94d\"},\"headline\":\"Am\u00f3n Cultural 2024: Celebrating a Decade of Culture and Diversity in San Jos\u00e9\",\"datePublished\":\"2024-03-08T19:56:19+00:00\",\"mainEntityOfPage\":{\"@id\":\"https:\\\/\\\/www.sensorialsunsets.com\\\/en\\\/amon-cultural-2024-celebrating-a-decade-of-culture-and-diversity-in-san-jose\\\/\"},\"wordCount\":265,\"publisher\":{\"@id\":\"https:\\\/\\\/www.sensorialsunsets.com\\\/en\\\/#organization\"},\"image\":{\"@id\":\"https:\\\/\\\/www.sensorialsunsets.com\\\/en\\\/amon-cultural-2024-celebrating-a-decade-of-culture-and-diversity-in-san-jose\\\/#primaryimage\"},\"thumbnailUrl\":\"https:\\\/\\\/www.sensorialsunsets.com\\\/wp-content\\\/uploads\\\/2024\\\/03\\\/image.png\",\"articleSection\":[\"Live Costa Rica\"],\"inLanguage\":\"en-US\"},{\"@type\":\"WebPage\",\"@id\":\"https:\\\/\\\/www.sensorialsunsets.com\\\/en\\\/amon-cultural-2024-celebrating-a-decade-of-culture-and-diversity-in-san-jose\\\/\",\"url\":\"https:\\\/\\\/www.sensorialsunsets.com\\\/en\\\/amon-cultural-2024-celebrating-a-decade-of-culture-and-diversity-in-san-jose\\\/\",\"name\":\"Am\u00f3n Cultural 2024: Culture and Diversity in San Jos\u00e9\",\"isPartOf\":{\"@id\":\"https:\\\/\\\/www.sensorialsunsets.com\\\/en\\\/#website\"},\"primaryImageOfPage\":{\"@id\":\"https:\\\/\\\/www.sensorialsunsets.com\\\/en\\\/amon-cultural-2024-celebrating-a-decade-of-culture-and-diversity-in-san-jose\\\/#primaryimage\"},\"image\":{\"@id\":\"https:\\\/\\\/www.sensorialsunsets.com\\\/en\\\/amon-cultural-2024-celebrating-a-decade-of-culture-and-diversity-in-san-jose\\\/#primaryimage\"},\"thumbnailUrl\":\"https:\\\/\\\/www.sensorialsunsets.com\\\/wp-content\\\/uploads\\\/2024\\\/03\\\/image.png\",\"datePublished\":\"2024-03-08T19:56:19+00:00\",\"description\":\"Am\u00f3n Cultural 2024, live music, street art, local cuisine and historical tours in the neighborhoods of Am\u00f3n and Otoya in San Jos\u00e9.\",\"inLanguage\":\"en-US\",\"potentialAction\":[{\"@type\":\"ReadAction\",\"target\":[\"https:\\\/\\\/www.sensorialsunsets.com\\\/en\\\/amon-cultural-2024-celebrating-a-decade-of-culture-and-diversity-in-san-jose\\\/\"]}]},{\"@type\":\"ImageObject\",\"inLanguage\":\"en-US\",\"@id\":\"https:\\\/\\\/www.sensorialsunsets.com\\\/en\\\/amon-cultural-2024-celebrating-a-decade-of-culture-and-diversity-in-san-jose\\\/#primaryimage\",\"url\":\"https:\\\/\\\/www.sensorialsunsets.com\\\/wp-content\\\/uploads\\\/2024\\\/03\\\/image.png\",\"contentUrl\":\"https:\\\/\\\/www.sensorialsunsets.com\\\/wp-content\\\/uploads\\\/2024\\\/03\\\/image.png\",\"width\":1440,\"height\":1069},{\"@type\":\"WebSite\",\"@id\":\"https:\\\/\\\/www.sensorialsunsets.com\\\/en\\\/#website\",\"url\":\"https:\\\/\\\/www.sensorialsunsets.com\\\/en\\\/\",\"name\":\"SensorialSunsets.com\",\"description\":\"Discover the culture and society of Costa Rica on our blog. Explore captivating articles and share the content.\",\"publisher\":{\"@id\":\"https:\\\/\\\/www.sensorialsunsets.com\\\/en\\\/#organization\"},\"alternateName\":\"Costa Rica Live Blog\",\"potentialAction\":[{\"@type\":\"SearchAction\",\"target\":{\"@type\":\"EntryPoint\",\"urlTemplate\":\"https:\\\/\\\/www.sensorialsunsets.com\\\/en\\\/?s={search_term_string}\"},\"query-input\":{\"@type\":\"PropertyValueSpecification\",\"valueRequired\":true,\"valueName\":\"search_term_string\"}}],\"inLanguage\":\"en-US\"},{\"@type\":\"Organization\",\"@id\":\"https:\\\/\\\/www.sensorialsunsets.com\\\/en\\\/#organization\",\"name\":\"SensorialSunsets\",\"url\":\"https:\\\/\\\/www.sensorialsunsets.com\\\/en\\\/\",\"logo\":{\"@type\":\"ImageObject\",\"inLanguage\":\"en-US\",\"@id\":\"https:\\\/\\\/www.sensorialsunsets.com\\\/en\\\/#\\\/schema\\\/logo\\\/image\\\/\",\"url\":\"https:\\\/\\\/www.sensorialsunsets.com\\\/wp-content\\\/uploads\\\/2023\\\/04\\\/Logo_base_line_fond_clair.svg\",\"contentUrl\":\"https:\\\/\\\/www.sensorialsunsets.com\\\/wp-content\\\/uploads\\\/2023\\\/04\\\/Logo_base_line_fond_clair.svg\",\"width\":\"1024\",\"height\":\"1024\",\"caption\":\"SensorialSunsets\"},\"image\":{\"@id\":\"https:\\\/\\\/www.sensorialsunsets.com\\\/en\\\/#\\\/schema\\\/logo\\\/image\\\/\"},\"sameAs\":[\"https:\\\/\\\/www.facebook.com\\\/Sensorial-Sunsets-109180614715562\",\"https:\\\/\\\/www.instagram.com\\\/sensorialsunsets\\\/\"]},{\"@type\":\"Person\",\"@id\":\"https:\\\/\\\/www.sensorialsunsets.com\\\/en\\\/#\\\/schema\\\/person\\\/77e2fa594135aa94024c47e281d8a94d\",\"name\":\"Sensorial Sunsets\",\"image\":{\"@type\":\"ImageObject\",\"inLanguage\":\"en-US\",\"@id\":\"https:\\\/\\\/secure.gravatar.com\\\/avatar\\\/5f2d62681b1dad94c28f1500d4fc75582acdfd32b55fd1acce0a36a3c487eabe?s=96&d=mm&r=g\",\"url\":\"https:\\\/\\\/secure.gravatar.com\\\/avatar\\\/5f2d62681b1dad94c28f1500d4fc75582acdfd32b55fd1acce0a36a3c487eabe?s=96&d=mm&r=g\",\"contentUrl\":\"https:\\\/\\\/secure.gravatar.com\\\/avatar\\\/5f2d62681b1dad94c28f1500d4fc75582acdfd32b55fd1acce0a36a3c487eabe?s=96&d=mm&r=g\",\"caption\":\"Sensorial Sunsets\"},\"url\":\"https:\\\/\\\/www.sensorialsunsets.com\\\/en\\\/author\\\/asistentes-sensorial-sunsets\\\/\"}]}<\/script>\n<!-- \/ Yoast SEO plugin. -->","yoast_head_json":{"title":"Am\u00f3n Cultural 2024: Culture and Diversity in San Jos\u00e9","description":"Am\u00f3n Cultural 2024, live music, street art, local cuisine and historical tours in the neighborhoods of Am\u00f3n and Otoya in San Jos\u00e9.","robots":{"index":"index","follow":"follow","max-snippet":"max-snippet:-1","max-image-preview":"max-image-preview:large","max-video-preview":"max-video-preview:-1"},"canonical":"https:\/\/www.sensorialsunsets.com\/en\/amon-cultural-2024-celebrating-a-decade-of-culture-and-diversity-in-san-jose\/","og_locale":"en_US","og_type":"article","og_title":"Am\u00f3n Cultural 2024: Culture and Diversity in San Jos\u00e9","og_description":"Am\u00f3n Cultural 2024, live music, street art, local cuisine and historical tours in the neighborhoods of Am\u00f3n and Otoya in San Jos\u00e9.","og_url":"https:\/\/www.sensorialsunsets.com\/en\/amon-cultural-2024-celebrating-a-decade-of-culture-and-diversity-in-san-jose\/","og_site_name":"SensorialSunsets","article_publisher":"https:\/\/www.facebook.com\/Sensorial-Sunsets-109180614715562","article_published_time":"2024-03-08T19:56:19+00:00","og_image":[{"url":"https:\/\/www.sensorialsunsets.com\/wp-content\/uploads\/2024\/03\/amoncultural-1024x681.jpg","type":"","width":"","height":""}],"author":"Sensorial Sunsets","twitter_card":"summary_large_image","twitter_misc":{"Written by":"Sensorial Sunsets","Est. reading time":"1 minute"},"schema":{"@context":"https:\/\/schema.org","@graph":[{"@type":"Article","@id":"https:\/\/www.sensorialsunsets.com\/en\/amon-cultural-2024-celebrating-a-decade-of-culture-and-diversity-in-san-jose\/#article","isPartOf":{"@id":"https:\/\/www.sensorialsunsets.com\/en\/amon-cultural-2024-celebrating-a-decade-of-culture-and-diversity-in-san-jose\/"},"author":{"name":"Sensorial Sunsets","@id":"https:\/\/www.sensorialsunsets.com\/en\/#\/schema\/person\/77e2fa594135aa94024c47e281d8a94d"},"headline":"Am\u00f3n Cultural 2024: Celebrating a Decade of Culture and Diversity in San Jos\u00e9","datePublished":"2024-03-08T19:56:19+00:00","mainEntityOfPage":{"@id":"https:\/\/www.sensorialsunsets.com\/en\/amon-cultural-2024-celebrating-a-decade-of-culture-and-diversity-in-san-jose\/"},"wordCount":265,"publisher":{"@id":"https:\/\/www.sensorialsunsets.com\/en\/#organization"},"image":{"@id":"https:\/\/www.sensorialsunsets.com\/en\/amon-cultural-2024-celebrating-a-decade-of-culture-and-diversity-in-san-jose\/#primaryimage"},"thumbnailUrl":"https:\/\/www.sensorialsunsets.com\/wp-content\/uploads\/2024\/03\/image.png","articleSection":["Live Costa Rica"],"inLanguage":"en-US"},{"@type":"WebPage","@id":"https:\/\/www.sensorialsunsets.com\/en\/amon-cultural-2024-celebrating-a-decade-of-culture-and-diversity-in-san-jose\/","url":"https:\/\/www.sensorialsunsets.com\/en\/amon-cultural-2024-celebrating-a-decade-of-culture-and-diversity-in-san-jose\/","name":"Am\u00f3n Cultural 2024: Culture and Diversity in San Jos\u00e9","isPartOf":{"@id":"https:\/\/www.sensorialsunsets.com\/en\/#website"},"primaryImageOfPage":{"@id":"https:\/\/www.sensorialsunsets.com\/en\/amon-cultural-2024-celebrating-a-decade-of-culture-and-diversity-in-san-jose\/#primaryimage"},"image":{"@id":"https:\/\/www.sensorialsunsets.com\/en\/amon-cultural-2024-celebrating-a-decade-of-culture-and-diversity-in-san-jose\/#primaryimage"},"thumbnailUrl":"https:\/\/www.sensorialsunsets.com\/wp-content\/uploads\/2024\/03\/image.png","datePublished":"2024-03-08T19:56:19+00:00","description":"Am\u00f3n Cultural 2024, live music, street art, local cuisine and historical tours in the neighborhoods of Am\u00f3n and Otoya in San Jos\u00e9.","inLanguage":"en-US","potentialAction":[{"@type":"ReadAction","target":["https:\/\/www.sensorialsunsets.com\/en\/amon-cultural-2024-celebrating-a-decade-of-culture-and-diversity-in-san-jose\/"]}]},{"@type":"ImageObject","inLanguage":"en-US","@id":"https:\/\/www.sensorialsunsets.com\/en\/amon-cultural-2024-celebrating-a-decade-of-culture-and-diversity-in-san-jose\/#primaryimage","url":"https:\/\/www.sensorialsunsets.com\/wp-content\/uploads\/2024\/03\/image.png","contentUrl":"https:\/\/www.sensorialsunsets.com\/wp-content\/uploads\/2024\/03\/image.png","width":1440,"height":1069},{"@type":"WebSite","@id":"https:\/\/www.sensorialsunsets.com\/en\/#website","url":"https:\/\/www.sensorialsunsets.com\/en\/","name":"SensorialSunsets.com","description":"Discover the culture and society of Costa Rica on our blog. Explore captivating articles and share the content.","publisher":{"@id":"https:\/\/www.sensorialsunsets.com\/en\/#organization"},"alternateName":"Costa Rica Live Blog","potentialAction":[{"@type":"SearchAction","target":{"@type":"EntryPoint","urlTemplate":"https:\/\/www.sensorialsunsets.com\/en\/?s={search_term_string}"},"query-input":{"@type":"PropertyValueSpecification","valueRequired":true,"valueName":"search_term_string"}}],"inLanguage":"en-US"},{"@type":"Organization","@id":"https:\/\/www.sensorialsunsets.com\/en\/#organization","name":"SensorialSunsets","url":"https:\/\/www.sensorialsunsets.com\/en\/","logo":{"@type":"ImageObject","inLanguage":"en-US","@id":"https:\/\/www.sensorialsunsets.com\/en\/#\/schema\/logo\/image\/","url":"https:\/\/www.sensorialsunsets.com\/wp-content\/uploads\/2023\/04\/Logo_base_line_fond_clair.svg","contentUrl":"https:\/\/www.sensorialsunsets.com\/wp-content\/uploads\/2023\/04\/Logo_base_line_fond_clair.svg","width":"1024","height":"1024","caption":"SensorialSunsets"},"image":{"@id":"https:\/\/www.sensorialsunsets.com\/en\/#\/schema\/logo\/image\/"},"sameAs":["https:\/\/www.facebook.com\/Sensorial-Sunsets-109180614715562","https:\/\/www.instagram.com\/sensorialsunsets\/"]},{"@type":"Person","@id":"https:\/\/www.sensorialsunsets.com\/en\/#\/schema\/person\/77e2fa594135aa94024c47e281d8a94d","name":"Sensorial Sunsets","image":{"@type":"ImageObject","inLanguage":"en-US","@id":"https:\/\/secure.gravatar.com\/avatar\/5f2d62681b1dad94c28f1500d4fc75582acdfd32b55fd1acce0a36a3c487eabe?s=96&d=mm&r=g","url":"https:\/\/secure.gravatar.com\/avatar\/5f2d62681b1dad94c28f1500d4fc75582acdfd32b55fd1acce0a36a3c487eabe?s=96&d=mm&r=g","contentUrl":"https:\/\/secure.gravatar.com\/avatar\/5f2d62681b1dad94c28f1500d4fc75582acdfd32b55fd1acce0a36a3c487eabe?s=96&d=mm&r=g","caption":"Sensorial Sunsets"},"url":"https:\/\/www.sensorialsunsets.com\/en\/author\/asistentes-sensorial-sunsets\/"}]}},"_links":{"self":[{"href":"https:\/\/www.sensorialsunsets.com\/en\/wp-json\/wp\/v2\/posts\/15006","targetHints":{"allow":["GET"]}}],"collection":[{"href":"https:\/\/www.sensorialsunsets.com\/en\/wp-json\/wp\/v2\/posts"}],"about":[{"href":"https:\/\/www.sensorialsunsets.com\/en\/wp-json\/wp\/v2\/types\/post"}],"author":[{"embeddable":true,"href":"https:\/\/www.sensorialsunsets.com\/en\/wp-json\/wp\/v2\/users\/4"}],"replies":[{"embeddable":true,"href":"https:\/\/www.sensorialsunsets.com\/en\/wp-json\/wp\/v2\/comments?post=15006"}],"version-history":[{"count":0,"href":"https:\/\/www.sensorialsunsets.com\/en\/wp-json\/wp\/v2\/posts\/15006\/revisions"}],"wp:featuredmedia":[{"embeddable":true,"href":"https:\/\/www.sensorialsunsets.com\/en\/wp-json\/wp\/v2\/media\/14990"}],"wp:attachment":[{"href":"https:\/\/www.sensorialsunsets.com\/en\/wp-json\/wp\/v2\/media?parent=15006"}],"wp:term":[{"taxonomy":"category","embeddable":true,"href":"https:\/\/www.sensorialsunsets.com\/en\/wp-json\/wp\/v2\/categories?post=15006"},{"taxonomy":"post_tag","embeddable":true,"href":"https:\/\/www.sensorialsunsets.com\/en\/wp-json\/wp\/v2\/tags?post=15006"}],"curies":[{"name":"wp","href":"https:\/\/api.w.org\/{rel}","templated":true}]}}