{"id":15106,"date":"2024-03-11T11:44:48","date_gmt":"2024-03-11T17:44:48","guid":{"rendered":"https:\/\/www.sensorialsunsets.com\/?p=15106"},"modified":"2024-03-11T11:44:49","modified_gmt":"2024-03-11T17:44:49","slug":"feminism-in-costa-rica-a-historical-perspective","status":"publish","type":"post","link":"https:\/\/www.sensorialsunsets.com\/en\/feminism-in-costa-rica-a-historical-perspective\/","title":{"rendered":"Feminism in Costa Rica: A Historical Perspective"},"content":{"rendered":"\n<p><em>How was feminism born in Costa Rica? Elisabet Jim\u00e9nez, historian at the University of Costa Rica reviews the history of feminism in Costa Rica.<\/em><\/p>\n\n<hr class=\"wp-block-separator has-text-color has-alpha-channel-opacity has-background is-style-dots\" style=\"background-color:#004f5e;color:#004f5e\"\/>\n\n<p>The formation and consolidation of feminism in Costa Rica underwent a process similar to that of other countries in the world, with the first proposals being the product of intellectual women, mostly from countries such as England and France. They were the first promoters to elaborate theories with a gender focus, based on questioning the biological, social and religious superiority attributed to men in an accepted manner. <\/p>\n\n<p>Costa Rica, being located in a peripheral zone of the great European intellectual centers, had contact with these currents later. However, it was a trend that was firmly defined in the following decades. In addition, during the early twentieth century, Costa Rican intellectual women such as Angela Acu\u00f1a and Carmen Lyra, two of its greatest exponents, were discarded.<\/p>\n\n<h3 class=\"wp-block-heading\">Beginnings of the Feminist Movement in Costa Rica<\/h3>\n\n<p>The starting point can be dated back to 1893 during the government of Jos\u00e9 Joaqu\u00edn Zeled\u00f3n. In this year a bill was presented to grant women the right to vote. <\/p>\n\n<p>This project was rejected by a large number of deputies, since the idea of suffragettes was not well regarded by an important sector of the Costa Rican population. Despite the unfavorable situation, it served as a basis for the movement&#8217;s advance and its influence within national politics. <\/p>\n\n<p>According to Alvarenga (2006), both in Costa Rica and in the rest of the Latin American region, the criticism of the patriarchal system came through anarchism and suffragist feminism. This current asserts that women, being a model for the upbringing of children at home, should set an example for them in matters related to voting, such as the civic duty to get involved in national political participation.<\/p>\n\n<p>In 1923 the Costa Rican Feminist League was founded, whose organization served to formalize the organized feminist presence within the country. <\/p>\n\n<p>The organization was founded by intellectuals such as: Mar\u00eda Ester Acu\u00f1a, Isabel Calder\u00f3n, Lela Campos, Rosario Floripe, Lidia Fern\u00e1ndez, Am\u00e9rica de Hern, Ana Mar\u00eda Loaiza, among others. \u00c1ngela Acu\u00f1a was appointed as the first president of the league, while Esther de M\u00e9zerville was appointed as vice-president. <\/p>\n\n<div class=\"wp-block-group is-vertical is-layout-flex wp-container-core-group-is-layout-8cf370e7 wp-block-group-is-layout-flex\">\n<figure class=\"wp-block-gallery has-nested-images columns-default is-cropped wp-block-gallery-1 is-layout-flex wp-block-gallery-is-layout-flex\">\n<figure class=\"wp-block-image size-large\"><img loading=\"lazy\" decoding=\"async\" width=\"308\" height=\"309\" data-id=\"15078\" src=\"https:\/\/www.sensorialsunsets.com\/wp-content\/uploads\/2024\/03\/Feminismo-Costa-Rica-Sensorial-Sunsets.png\" alt=\"\" class=\"wp-image-15078\" srcset=\"https:\/\/www.sensorialsunsets.com\/wp-content\/uploads\/2024\/03\/Feminismo-Costa-Rica-Sensorial-Sunsets.png 308w, https:\/\/www.sensorialsunsets.com\/wp-content\/uploads\/2024\/03\/Feminismo-Costa-Rica-Sensorial-Sunsets-300x300.png 300w, https:\/\/www.sensorialsunsets.com\/wp-content\/uploads\/2024\/03\/Feminismo-Costa-Rica-Sensorial-Sunsets-150x150.png 150w, https:\/\/www.sensorialsunsets.com\/wp-content\/uploads\/2024\/03\/Feminismo-Costa-Rica-Sensorial-Sunsets-50x50.png 50w, https:\/\/www.sensorialsunsets.com\/wp-content\/uploads\/2024\/03\/Feminismo-Costa-Rica-Sensorial-Sunsets-117x117.png 117w\" sizes=\"auto, (max-width: 308px) 100vw, 308px\" \/><figcaption class=\"wp-element-caption\">Esther de M\u00e9zerville<\/figcaption><\/figure>\n\n\n\n<figure class=\"wp-block-image size-large\"><img loading=\"lazy\" decoding=\"async\" width=\"480\" height=\"640\" data-id=\"15081\" src=\"https:\/\/www.sensorialsunsets.com\/wp-content\/uploads\/2024\/03\/Feminismo-Costa-Rica-Sensorial-Sunsets.jpg\" alt=\"\" class=\"wp-image-15081\" srcset=\"https:\/\/www.sensorialsunsets.com\/wp-content\/uploads\/2024\/03\/Feminismo-Costa-Rica-Sensorial-Sunsets.jpg 480w, https:\/\/www.sensorialsunsets.com\/wp-content\/uploads\/2024\/03\/Feminismo-Costa-Rica-Sensorial-Sunsets-225x300.jpg 225w\" sizes=\"auto, (max-width: 480px) 100vw, 480px\" \/><figcaption class=\"wp-element-caption\">\u00c1ngela Acu\u00f1a Brawn<\/figcaption><\/figure>\n<\/figure>\n<\/div>\n\n<p><\/p>\n\n<p>According to Solano (2014), Acu\u00f1a had the opportunity to witness the suffragette demonstrations that occurred in England, having witnessed such events as the kidnapping of the prime minister, Mr. Asquith, by leaders such as Lady Pankhurst. <\/p>\n\n<p>In the following years, the feminist movement in Costa Rica focused on obtaining the right to vote. By the mid-twentieth century, several European countries already had this right, however, in the case of Costa Rica, it was not approved until 1949, after the Civil War.<\/p>\n\n<h3 class=\"wp-block-heading\">The Feminist Movement After the Vote: Main Achievements and Contributions<\/h3>\n\n<figure class=\"wp-block-image size-full\"><img loading=\"lazy\" decoding=\"async\" width=\"840\" height=\"350\" src=\"https:\/\/www.sensorialsunsets.com\/wp-content\/uploads\/2024\/03\/Feminismo-en-Costa-Rica-Sensorial-Sunsets.png\" alt=\"How was feminism born in Costa Rica? Elisabet Jim&#xE9;nez, historian at the University of Costa Rica reviews the history of feminism in Costa Rica.\" class=\"wp-image-15050\" srcset=\"https:\/\/www.sensorialsunsets.com\/wp-content\/uploads\/2024\/03\/Feminismo-en-Costa-Rica-Sensorial-Sunsets.png 840w, https:\/\/www.sensorialsunsets.com\/wp-content\/uploads\/2024\/03\/Feminismo-en-Costa-Rica-Sensorial-Sunsets-300x125.png 300w, https:\/\/www.sensorialsunsets.com\/wp-content\/uploads\/2024\/03\/Feminismo-en-Costa-Rica-Sensorial-Sunsets-768x320.png 768w\" sizes=\"auto, (max-width: 840px) 100vw, 840px\" \/><\/figure>\n\n<p><\/p>\n\n<p>The first woman voter in the history of Costa Rica was Bernarda V\u00e1zquez M\u00e9ndez on July 30, 1950, in the municipal elections in the canton of San Carlos. <\/p>\n\n<p>The struggle for women&#8217;s rights continued with international trends. Beyond the vote, during the following decades, the Feminist League and organizations have fought for new guarantees of gender parity. Laws and decrees on reforms to the Family Code, as well as an increase in women&#8217;s political participation, ensured that, from the 1970s onwards, the protection of women in family and social relations had greater support. Likewise, the reforms to the conditions of divorce support women to be in more equal conditions. In addition, the INAMU (National Women&#8217;s Institute) was created.<\/p>\n\n<p>In 1990, the Law for the Promotion of Real Equality for Women was created, which was the basis for the creation of more specific laws in the search for equality. The reforms to the Electoral Code made between 1996 and 2001, &#8220;expanded the possibility of having a greater number of women in political positions, and by 2007 it became a mandatory condition&#8221; (Universidad Nacional, 2021, p.1). <\/p>\n\n<h3 class=\"wp-block-heading\">The Vision of Current Feminism in Costa Rica<\/h3>\n\n<p>Within the socio-cultural diversity of this country, perspectives that benefit not only a certain group of women, but also seek to ensure that all women benefit equally, have been proposed. <\/p>\n<div class=\"wp-block-image\">\n<figure class=\"alignright size-full is-resized\"><img loading=\"lazy\" decoding=\"async\" width=\"660\" height=\"1024\" src=\"https:\/\/www.sensorialsunsets.com\/wp-content\/uploads\/2024\/03\/Feminismo-en-Costa-Rica-perspectiva-historica-Sensorial-Sunsets.jpg\" alt=\"\" class=\"wp-image-15102\" style=\"width:359px;height:auto\" srcset=\"https:\/\/www.sensorialsunsets.com\/wp-content\/uploads\/2024\/03\/Feminismo-en-Costa-Rica-perspectiva-historica-Sensorial-Sunsets.jpg 660w, https:\/\/www.sensorialsunsets.com\/wp-content\/uploads\/2024\/03\/Feminismo-en-Costa-Rica-perspectiva-historica-Sensorial-Sunsets-193x300.jpg 193w\" sizes=\"auto, (max-width: 660px) 100vw, 660px\" \/><\/figure>\n<\/div>\n<p>Feminist collectives are an example of the search for representation within this group. <\/p>\n\n<p>Feminism in favor of trans women, Afro-descendant and indigenous women, immigrant women, working class women, and sex workers has been one of the struggles that has been most promoted in recent years. <\/p>\n\n<p>During the last decade, the government policies of political parties such as the Partido Acci\u00f3n Ciudadana and the Frente Amplio, together with influential female deputies, have promoted bills aimed at improving the quality of life of women.<\/p>\n\n<p>In 2019 the use of the &#8220;morning after pill&#8221; was approved. However, there are struggles that are still pending in the country, such is the case of the bill 22,421 called &#8220;Menstruation and Justice&#8221;, with the aim of reducing the cost of the price for menstrual hygiene products. The menstrual issue shows a slow progress compared to other countries, although it is growing steadily. <\/p>\n\n<p>The issue of a free, safe and legal abortion, which still presents a lot of opposition, especially from conservative groups, whether from political parties such as Nueva Rep\u00fablica or the Catholic Church. The representation of women and decisive collectives has generated that, in Costa Rica, in spite of continuing with pending struggles, the presence of feminism has allowed the country to advance in order to guarantee spaces where their voices are heard, for the betterment of this population.<\/p>\n\n<p>As a final point, the following is a list of some of the most representative collectives currently in Costa Rica:<\/p>\n\n<ul class=\"wp-block-list\">\n<li><em>Volc\u00e1nicas<\/em>: Collective oriented to Nicaraguan refugee women.<\/li>\n\n\n\n<li><em>Akoben<\/em>: Afrofeminist Collective<\/li>\n\n\n\n<li><em>Colectiva Feminista La Hoguera<\/em>: Focused on women mainly in the province of Guanacaste.<\/li>\n\n\n\n<li><em>El Garaje de Tiquicia<\/em>: Collective on activism and intersectional feminism.<\/li>\n\n\n\n<li><em>Colectiva por el derecho a decidir<\/em>: Advocates mostly for women&#8217;s sexual and reproductive rights.<\/li>\n<\/ul>\n\n<p><strong>Text shared by Elisabet M. Jim\u00e9nez, Historian at the University of Costa Rica (UCR). Contact: eli02.mena@gmail.com<\/strong> \/ <strong>instagram:<\/strong> <strong>elis_abetm<\/strong>.<\/p>\n","protected":false},"excerpt":{"rendered":"<p>How was feminism born in Costa Rica? Elisabet Jim\u00e9nez, historian at the University of Costa Rica reviews the history of feminism in Costa Rica. The formation and consolidation of feminism in Costa Rica underwent a process similar to that of other countries in the world, with the first proposals being the product of intellectual women, [&hellip;]<\/p>\n","protected":false},"author":4,"featured_media":15094,"comment_status":"closed","ping_status":"closed","sticky":false,"template":"","format":"standard","meta":{"_acf_changed":false,"inline_featured_image":false,"_monsterinsights_skip_tracking":false,"_monsterinsights_sitenote_active":false,"_monsterinsights_sitenote_note":"","_monsterinsights_sitenote_category":0,"footnotes":""},"categories":[142],"tags":[],"class_list":["post-15106","post","type-post","status-publish","format-standard","has-post-thumbnail","hentry","category-history"],"acf":[],"yoast_head":"<!-- This site is optimized with the Yoast SEO plugin v27.4 - https:\/\/yoast.com\/product\/yoast-seo-wordpress\/ -->\n<title>Feminism in Costa Rica: A Historical Perspective - SensorialSunsets<\/title>\n<meta name=\"description\" content=\"How was feminism born in Costa Rica? Elisabet Jim\u00e9nez, historian at the University of Costa Rica reviews the history of feminism in Costa Rica.\" \/>\n<meta name=\"robots\" content=\"index, follow, max-snippet:-1, max-image-preview:large, max-video-preview:-1\" \/>\n<link rel=\"canonical\" href=\"https:\/\/www.sensorialsunsets.com\/en\/feminism-in-costa-rica-a-historical-perspective\/\" \/>\n<meta property=\"og:locale\" content=\"en_US\" \/>\n<meta property=\"og:type\" content=\"article\" \/>\n<meta property=\"og:title\" content=\"Feminism in Costa Rica: A Historical Perspective - SensorialSunsets\" \/>\n<meta property=\"og:description\" content=\"How was feminism born in Costa Rica? Elisabet Jim\u00e9nez, historian at the University of Costa Rica reviews the history of feminism in Costa Rica.\" \/>\n<meta property=\"og:url\" content=\"https:\/\/www.sensorialsunsets.com\/en\/feminism-in-costa-rica-a-historical-perspective\/\" \/>\n<meta property=\"og:site_name\" content=\"SensorialSunsets\" \/>\n<meta property=\"article:publisher\" content=\"https:\/\/www.facebook.com\/Sensorial-Sunsets-109180614715562\" \/>\n<meta property=\"article:published_time\" content=\"2024-03-11T17:44:48+00:00\" \/>\n<meta property=\"article:modified_time\" content=\"2024-03-11T17:44:49+00:00\" \/>\n<meta property=\"og:image\" content=\"https:\/\/www.sensorialsunsets.com\/wp-content\/uploads\/2024\/03\/Feminismo-en-Costa-Rica-Sensorial-Sunsets-1.png\" \/>\n\t<meta property=\"og:image:width\" content=\"840\" \/>\n\t<meta property=\"og:image:height\" content=\"350\" \/>\n\t<meta property=\"og:image:type\" content=\"image\/png\" \/>\n<meta name=\"author\" content=\"Sensorial Sunsets\" \/>\n<meta name=\"twitter:card\" content=\"summary_large_image\" \/>\n<meta name=\"twitter:label1\" content=\"Written by\" \/>\n\t<meta name=\"twitter:data1\" content=\"Sensorial Sunsets\" \/>\n\t<meta name=\"twitter:label2\" content=\"Est. reading time\" \/>\n\t<meta name=\"twitter:data2\" content=\"5 minutes\" \/>\n<script type=\"application\/ld+json\" class=\"yoast-schema-graph\">{\"@context\":\"https:\\\/\\\/schema.org\",\"@graph\":[{\"@type\":\"Article\",\"@id\":\"https:\\\/\\\/www.sensorialsunsets.com\\\/en\\\/feminism-in-costa-rica-a-historical-perspective\\\/#article\",\"isPartOf\":{\"@id\":\"https:\\\/\\\/www.sensorialsunsets.com\\\/en\\\/feminism-in-costa-rica-a-historical-perspective\\\/\"},\"author\":{\"name\":\"Sensorial Sunsets\",\"@id\":\"https:\\\/\\\/www.sensorialsunsets.com\\\/en\\\/#\\\/schema\\\/person\\\/77e2fa594135aa94024c47e281d8a94d\"},\"headline\":\"Feminism in Costa Rica: A Historical Perspective\",\"datePublished\":\"2024-03-11T17:44:48+00:00\",\"dateModified\":\"2024-03-11T17:44:49+00:00\",\"mainEntityOfPage\":{\"@id\":\"https:\\\/\\\/www.sensorialsunsets.com\\\/en\\\/feminism-in-costa-rica-a-historical-perspective\\\/\"},\"wordCount\":1019,\"publisher\":{\"@id\":\"https:\\\/\\\/www.sensorialsunsets.com\\\/en\\\/#organization\"},\"image\":{\"@id\":\"https:\\\/\\\/www.sensorialsunsets.com\\\/en\\\/feminism-in-costa-rica-a-historical-perspective\\\/#primaryimage\"},\"thumbnailUrl\":\"https:\\\/\\\/www.sensorialsunsets.com\\\/wp-content\\\/uploads\\\/2024\\\/03\\\/Feminismo-en-Costa-Rica-Sensorial-Sunsets-1.png\",\"articleSection\":[\"History\"],\"inLanguage\":\"en-US\"},{\"@type\":\"WebPage\",\"@id\":\"https:\\\/\\\/www.sensorialsunsets.com\\\/en\\\/feminism-in-costa-rica-a-historical-perspective\\\/\",\"url\":\"https:\\\/\\\/www.sensorialsunsets.com\\\/en\\\/feminism-in-costa-rica-a-historical-perspective\\\/\",\"name\":\"Feminism in Costa Rica: A Historical Perspective - SensorialSunsets\",\"isPartOf\":{\"@id\":\"https:\\\/\\\/www.sensorialsunsets.com\\\/en\\\/#website\"},\"primaryImageOfPage\":{\"@id\":\"https:\\\/\\\/www.sensorialsunsets.com\\\/en\\\/feminism-in-costa-rica-a-historical-perspective\\\/#primaryimage\"},\"image\":{\"@id\":\"https:\\\/\\\/www.sensorialsunsets.com\\\/en\\\/feminism-in-costa-rica-a-historical-perspective\\\/#primaryimage\"},\"thumbnailUrl\":\"https:\\\/\\\/www.sensorialsunsets.com\\\/wp-content\\\/uploads\\\/2024\\\/03\\\/Feminismo-en-Costa-Rica-Sensorial-Sunsets-1.png\",\"datePublished\":\"2024-03-11T17:44:48+00:00\",\"dateModified\":\"2024-03-11T17:44:49+00:00\",\"description\":\"How was feminism born in Costa Rica? Elisabet Jim\u00e9nez, historian at the University of Costa Rica reviews the history of feminism in Costa Rica.\",\"inLanguage\":\"en-US\",\"potentialAction\":[{\"@type\":\"ReadAction\",\"target\":[\"https:\\\/\\\/www.sensorialsunsets.com\\\/en\\\/feminism-in-costa-rica-a-historical-perspective\\\/\"]}]},{\"@type\":\"ImageObject\",\"inLanguage\":\"en-US\",\"@id\":\"https:\\\/\\\/www.sensorialsunsets.com\\\/en\\\/feminism-in-costa-rica-a-historical-perspective\\\/#primaryimage\",\"url\":\"https:\\\/\\\/www.sensorialsunsets.com\\\/wp-content\\\/uploads\\\/2024\\\/03\\\/Feminismo-en-Costa-Rica-Sensorial-Sunsets-1.png\",\"contentUrl\":\"https:\\\/\\\/www.sensorialsunsets.com\\\/wp-content\\\/uploads\\\/2024\\\/03\\\/Feminismo-en-Costa-Rica-Sensorial-Sunsets-1.png\",\"width\":840,\"height\":350,\"caption\":\"\u00bfC\u00f3mo naci\u00f3 el feminismo en Costa Rica? Elisabet Jim\u00e9nez, historiadora de la Universidad de Costa Rica hace su repaso en el tiempo.\"},{\"@type\":\"WebSite\",\"@id\":\"https:\\\/\\\/www.sensorialsunsets.com\\\/en\\\/#website\",\"url\":\"https:\\\/\\\/www.sensorialsunsets.com\\\/en\\\/\",\"name\":\"SensorialSunsets.com\",\"description\":\"Discover the culture and society of Costa Rica on our blog. Explore captivating articles and share the content.\",\"publisher\":{\"@id\":\"https:\\\/\\\/www.sensorialsunsets.com\\\/en\\\/#organization\"},\"alternateName\":\"Costa Rica Live Blog\",\"potentialAction\":[{\"@type\":\"SearchAction\",\"target\":{\"@type\":\"EntryPoint\",\"urlTemplate\":\"https:\\\/\\\/www.sensorialsunsets.com\\\/en\\\/?s={search_term_string}\"},\"query-input\":{\"@type\":\"PropertyValueSpecification\",\"valueRequired\":true,\"valueName\":\"search_term_string\"}}],\"inLanguage\":\"en-US\"},{\"@type\":\"Organization\",\"@id\":\"https:\\\/\\\/www.sensorialsunsets.com\\\/en\\\/#organization\",\"name\":\"SensorialSunsets\",\"url\":\"https:\\\/\\\/www.sensorialsunsets.com\\\/en\\\/\",\"logo\":{\"@type\":\"ImageObject\",\"inLanguage\":\"en-US\",\"@id\":\"https:\\\/\\\/www.sensorialsunsets.com\\\/en\\\/#\\\/schema\\\/logo\\\/image\\\/\",\"url\":\"https:\\\/\\\/www.sensorialsunsets.com\\\/wp-content\\\/uploads\\\/2023\\\/04\\\/Logo_base_line_fond_clair.svg\",\"contentUrl\":\"https:\\\/\\\/www.sensorialsunsets.com\\\/wp-content\\\/uploads\\\/2023\\\/04\\\/Logo_base_line_fond_clair.svg\",\"width\":\"1024\",\"height\":\"1024\",\"caption\":\"SensorialSunsets\"},\"image\":{\"@id\":\"https:\\\/\\\/www.sensorialsunsets.com\\\/en\\\/#\\\/schema\\\/logo\\\/image\\\/\"},\"sameAs\":[\"https:\\\/\\\/www.facebook.com\\\/Sensorial-Sunsets-109180614715562\",\"https:\\\/\\\/www.instagram.com\\\/sensorialsunsets\\\/\"]},{\"@type\":\"Person\",\"@id\":\"https:\\\/\\\/www.sensorialsunsets.com\\\/en\\\/#\\\/schema\\\/person\\\/77e2fa594135aa94024c47e281d8a94d\",\"name\":\"Sensorial Sunsets\",\"image\":{\"@type\":\"ImageObject\",\"inLanguage\":\"en-US\",\"@id\":\"https:\\\/\\\/secure.gravatar.com\\\/avatar\\\/5f2d62681b1dad94c28f1500d4fc75582acdfd32b55fd1acce0a36a3c487eabe?s=96&d=mm&r=g\",\"url\":\"https:\\\/\\\/secure.gravatar.com\\\/avatar\\\/5f2d62681b1dad94c28f1500d4fc75582acdfd32b55fd1acce0a36a3c487eabe?s=96&d=mm&r=g\",\"contentUrl\":\"https:\\\/\\\/secure.gravatar.com\\\/avatar\\\/5f2d62681b1dad94c28f1500d4fc75582acdfd32b55fd1acce0a36a3c487eabe?s=96&d=mm&r=g\",\"caption\":\"Sensorial Sunsets\"},\"url\":\"https:\\\/\\\/www.sensorialsunsets.com\\\/en\\\/author\\\/asistentes-sensorial-sunsets\\\/\"}]}<\/script>\n<!-- \/ Yoast SEO plugin. -->","yoast_head_json":{"title":"Feminism in Costa Rica: A Historical Perspective - SensorialSunsets","description":"How was feminism born in Costa Rica? Elisabet Jim\u00e9nez, historian at the University of Costa Rica reviews the history of feminism in Costa Rica.","robots":{"index":"index","follow":"follow","max-snippet":"max-snippet:-1","max-image-preview":"max-image-preview:large","max-video-preview":"max-video-preview:-1"},"canonical":"https:\/\/www.sensorialsunsets.com\/en\/feminism-in-costa-rica-a-historical-perspective\/","og_locale":"en_US","og_type":"article","og_title":"Feminism in Costa Rica: A Historical Perspective - SensorialSunsets","og_description":"How was feminism born in Costa Rica? Elisabet Jim\u00e9nez, historian at the University of Costa Rica reviews the history of feminism in Costa Rica.","og_url":"https:\/\/www.sensorialsunsets.com\/en\/feminism-in-costa-rica-a-historical-perspective\/","og_site_name":"SensorialSunsets","article_publisher":"https:\/\/www.facebook.com\/Sensorial-Sunsets-109180614715562","article_published_time":"2024-03-11T17:44:48+00:00","article_modified_time":"2024-03-11T17:44:49+00:00","og_image":[{"width":840,"height":350,"url":"https:\/\/www.sensorialsunsets.com\/wp-content\/uploads\/2024\/03\/Feminismo-en-Costa-Rica-Sensorial-Sunsets-1.png","type":"image\/png"}],"author":"Sensorial Sunsets","twitter_card":"summary_large_image","twitter_misc":{"Written by":"Sensorial Sunsets","Est. reading time":"5 minutes"},"schema":{"@context":"https:\/\/schema.org","@graph":[{"@type":"Article","@id":"https:\/\/www.sensorialsunsets.com\/en\/feminism-in-costa-rica-a-historical-perspective\/#article","isPartOf":{"@id":"https:\/\/www.sensorialsunsets.com\/en\/feminism-in-costa-rica-a-historical-perspective\/"},"author":{"name":"Sensorial Sunsets","@id":"https:\/\/www.sensorialsunsets.com\/en\/#\/schema\/person\/77e2fa594135aa94024c47e281d8a94d"},"headline":"Feminism in Costa Rica: A Historical Perspective","datePublished":"2024-03-11T17:44:48+00:00","dateModified":"2024-03-11T17:44:49+00:00","mainEntityOfPage":{"@id":"https:\/\/www.sensorialsunsets.com\/en\/feminism-in-costa-rica-a-historical-perspective\/"},"wordCount":1019,"publisher":{"@id":"https:\/\/www.sensorialsunsets.com\/en\/#organization"},"image":{"@id":"https:\/\/www.sensorialsunsets.com\/en\/feminism-in-costa-rica-a-historical-perspective\/#primaryimage"},"thumbnailUrl":"https:\/\/www.sensorialsunsets.com\/wp-content\/uploads\/2024\/03\/Feminismo-en-Costa-Rica-Sensorial-Sunsets-1.png","articleSection":["History"],"inLanguage":"en-US"},{"@type":"WebPage","@id":"https:\/\/www.sensorialsunsets.com\/en\/feminism-in-costa-rica-a-historical-perspective\/","url":"https:\/\/www.sensorialsunsets.com\/en\/feminism-in-costa-rica-a-historical-perspective\/","name":"Feminism in Costa Rica: A Historical Perspective - SensorialSunsets","isPartOf":{"@id":"https:\/\/www.sensorialsunsets.com\/en\/#website"},"primaryImageOfPage":{"@id":"https:\/\/www.sensorialsunsets.com\/en\/feminism-in-costa-rica-a-historical-perspective\/#primaryimage"},"image":{"@id":"https:\/\/www.sensorialsunsets.com\/en\/feminism-in-costa-rica-a-historical-perspective\/#primaryimage"},"thumbnailUrl":"https:\/\/www.sensorialsunsets.com\/wp-content\/uploads\/2024\/03\/Feminismo-en-Costa-Rica-Sensorial-Sunsets-1.png","datePublished":"2024-03-11T17:44:48+00:00","dateModified":"2024-03-11T17:44:49+00:00","description":"How was feminism born in Costa Rica? Elisabet Jim\u00e9nez, historian at the University of Costa Rica reviews the history of feminism in Costa Rica.","inLanguage":"en-US","potentialAction":[{"@type":"ReadAction","target":["https:\/\/www.sensorialsunsets.com\/en\/feminism-in-costa-rica-a-historical-perspective\/"]}]},{"@type":"ImageObject","inLanguage":"en-US","@id":"https:\/\/www.sensorialsunsets.com\/en\/feminism-in-costa-rica-a-historical-perspective\/#primaryimage","url":"https:\/\/www.sensorialsunsets.com\/wp-content\/uploads\/2024\/03\/Feminismo-en-Costa-Rica-Sensorial-Sunsets-1.png","contentUrl":"https:\/\/www.sensorialsunsets.com\/wp-content\/uploads\/2024\/03\/Feminismo-en-Costa-Rica-Sensorial-Sunsets-1.png","width":840,"height":350,"caption":"\u00bfC\u00f3mo naci\u00f3 el feminismo en Costa Rica? Elisabet Jim\u00e9nez, historiadora de la Universidad de Costa Rica hace su repaso en el tiempo."},{"@type":"WebSite","@id":"https:\/\/www.sensorialsunsets.com\/en\/#website","url":"https:\/\/www.sensorialsunsets.com\/en\/","name":"SensorialSunsets.com","description":"Discover the culture and society of Costa Rica on our blog. Explore captivating articles and share the content.","publisher":{"@id":"https:\/\/www.sensorialsunsets.com\/en\/#organization"},"alternateName":"Costa Rica Live Blog","potentialAction":[{"@type":"SearchAction","target":{"@type":"EntryPoint","urlTemplate":"https:\/\/www.sensorialsunsets.com\/en\/?s={search_term_string}"},"query-input":{"@type":"PropertyValueSpecification","valueRequired":true,"valueName":"search_term_string"}}],"inLanguage":"en-US"},{"@type":"Organization","@id":"https:\/\/www.sensorialsunsets.com\/en\/#organization","name":"SensorialSunsets","url":"https:\/\/www.sensorialsunsets.com\/en\/","logo":{"@type":"ImageObject","inLanguage":"en-US","@id":"https:\/\/www.sensorialsunsets.com\/en\/#\/schema\/logo\/image\/","url":"https:\/\/www.sensorialsunsets.com\/wp-content\/uploads\/2023\/04\/Logo_base_line_fond_clair.svg","contentUrl":"https:\/\/www.sensorialsunsets.com\/wp-content\/uploads\/2023\/04\/Logo_base_line_fond_clair.svg","width":"1024","height":"1024","caption":"SensorialSunsets"},"image":{"@id":"https:\/\/www.sensorialsunsets.com\/en\/#\/schema\/logo\/image\/"},"sameAs":["https:\/\/www.facebook.com\/Sensorial-Sunsets-109180614715562","https:\/\/www.instagram.com\/sensorialsunsets\/"]},{"@type":"Person","@id":"https:\/\/www.sensorialsunsets.com\/en\/#\/schema\/person\/77e2fa594135aa94024c47e281d8a94d","name":"Sensorial Sunsets","image":{"@type":"ImageObject","inLanguage":"en-US","@id":"https:\/\/secure.gravatar.com\/avatar\/5f2d62681b1dad94c28f1500d4fc75582acdfd32b55fd1acce0a36a3c487eabe?s=96&d=mm&r=g","url":"https:\/\/secure.gravatar.com\/avatar\/5f2d62681b1dad94c28f1500d4fc75582acdfd32b55fd1acce0a36a3c487eabe?s=96&d=mm&r=g","contentUrl":"https:\/\/secure.gravatar.com\/avatar\/5f2d62681b1dad94c28f1500d4fc75582acdfd32b55fd1acce0a36a3c487eabe?s=96&d=mm&r=g","caption":"Sensorial Sunsets"},"url":"https:\/\/www.sensorialsunsets.com\/en\/author\/asistentes-sensorial-sunsets\/"}]}},"_links":{"self":[{"href":"https:\/\/www.sensorialsunsets.com\/en\/wp-json\/wp\/v2\/posts\/15106","targetHints":{"allow":["GET"]}}],"collection":[{"href":"https:\/\/www.sensorialsunsets.com\/en\/wp-json\/wp\/v2\/posts"}],"about":[{"href":"https:\/\/www.sensorialsunsets.com\/en\/wp-json\/wp\/v2\/types\/post"}],"author":[{"embeddable":true,"href":"https:\/\/www.sensorialsunsets.com\/en\/wp-json\/wp\/v2\/users\/4"}],"replies":[{"embeddable":true,"href":"https:\/\/www.sensorialsunsets.com\/en\/wp-json\/wp\/v2\/comments?post=15106"}],"version-history":[{"count":0,"href":"https:\/\/www.sensorialsunsets.com\/en\/wp-json\/wp\/v2\/posts\/15106\/revisions"}],"wp:featuredmedia":[{"embeddable":true,"href":"https:\/\/www.sensorialsunsets.com\/en\/wp-json\/wp\/v2\/media\/15094"}],"wp:attachment":[{"href":"https:\/\/www.sensorialsunsets.com\/en\/wp-json\/wp\/v2\/media?parent=15106"}],"wp:term":[{"taxonomy":"category","embeddable":true,"href":"https:\/\/www.sensorialsunsets.com\/en\/wp-json\/wp\/v2\/categories?post=15106"},{"taxonomy":"post_tag","embeddable":true,"href":"https:\/\/www.sensorialsunsets.com\/en\/wp-json\/wp\/v2\/tags?post=15106"}],"curies":[{"name":"wp","href":"https:\/\/api.w.org\/{rel}","templated":true}]}}