{"id":17127,"date":"2024-06-14T09:52:14","date_gmt":"2024-06-14T15:52:14","guid":{"rendered":"https:\/\/www.sensorialsunsets.com\/?p=17127"},"modified":"2024-06-14T09:52:14","modified_gmt":"2024-06-14T15:52:14","slug":"the-cote-lagoon-ufo-in-costa-rica","status":"publish","type":"post","link":"https:\/\/www.sensorialsunsets.com\/en\/the-cote-lagoon-ufo-in-costa-rica\/","title":{"rendered":"The Cote Lagoon UFO in Costa Rica"},"content":{"rendered":"\n<p>On September 4, 1971, on a routine mapping flight over <a href=\"https:\/\/www.sensorialsunsets.com\/en\/?p=17082\">the Cote Lagoon in Costa Rica<\/a>, an unexpected finding transformed an ordinary day into one of the most intriguing events in the history of UFO sightings. What began as a quiet mission in the clear skies of the Tilar\u00e1n mountain range culminated in the capture of an image that still today sparks debates and theories about the possibility of extraterrestrial life. One photograph captured an enigmatic object that defied explanation and continues to fascinate the world.<\/p>\n\n<h3 class=\"wp-block-heading\">The Cote Lagoon UFO in Costa Rica: 1971 Sighting<\/h3>\n\n<p>During the day of September 4, 1971, a Costa Rican government aircraft took off for the purpose of mapping work. On board the aircraft were four crew members and a professional photography team. During the flight, which took place on a clear, calm day at an altitude of 10,000 feet (approximately 3,048 meters), no anomalies were recorded.<\/p>\n\n<p>But when reviewing the photographs taken during the flight, the experts discovered something extraordinary in photograph No. 300. This image, which shows Lake Cote in great clarity, also reveals a saucer-shaped object on the surface of the lake.<\/p>\n\n<h3 class=\"wp-block-heading\">Photography and its Importance<\/h3>\n\n<figure class=\"wp-block-gallery has-nested-images columns-default is-cropped wp-block-gallery-1 is-layout-flex wp-block-gallery-is-layout-flex\">\n<figure class=\"wp-block-image size-large\"><img loading=\"lazy\" decoding=\"async\" width=\"690\" height=\"527\" data-id=\"17105\" src=\"https:\/\/www.sensorialsunsets.com\/wp-content\/uploads\/2024\/06\/ovnicote.webp\" alt=\"Cote Lagoon UFO\" class=\"wp-image-17105\" srcset=\"https:\/\/www.sensorialsunsets.com\/wp-content\/uploads\/2024\/06\/ovnicote.webp 690w, https:\/\/www.sensorialsunsets.com\/wp-content\/uploads\/2024\/06\/ovnicote-300x229.webp 300w\" sizes=\"auto, (max-width: 690px) 100vw, 690px\" \/><\/figure>\n<\/figure>\n\n<p>At a recent ufology meeting in Chile, several researchers voted for the three most significant photographs in the history of UFO sightings. They considered the photograph of the disk-shaped object in Cote Lagoon as one of the three most important, along with images from Trinidad Island in Brazil (1958) and Vancouver, Canada (1981).<\/p>\n\n<p><a href=\"http:\/\/ufoevidence.org\/photographs\/section\/1970s\/Photo303.htm\">The UFO photo<\/a> was released by Costa Rican ufologists Carlos and Ricardo Vilchez. Although it is unclear whether they found the photo themselves or whether it was delivered by Sergio Loaiza, the professional photographer aboard the flight, Ricardo V\u00edlchez delivered the image to Ground Saucer Watch (GSW) in the United States, where William H. Spaulding performed several analyses.<\/p>\n\n<blockquote class=\"wp-block-quote is-layout-flow wp-block-quote-is-layout-flow\">\n<p>Over the years, public perception of Unidentified Aerial Phenomena has changed significantly since NASA&#8217;s announcement. Previously, the subject was considered taboo and associated with conspiracy theories and speculation about the existence of extraterrestrial life. <\/p>\n<\/blockquote>\n\n<h3 class=\"wp-block-heading\">Analysis &amp; Results<\/h3>\n\n<p>Spaulding&#8217;s initial analysis showed the following results:<\/p>\n\n<ul class=\"wp-block-list\">\n<li>La pel\u00edcula ten\u00eda un ASA de 80, lo que produce granos muy finos y negativos de alta resoluci\u00f3n.<\/li>\n\n\n\n<li>Se estim\u00f3 que el objeto med\u00eda unos 40 metros de di\u00e1metro.<\/li>\n\n\n\n<li>La imagen no mostraba ninguna anomal\u00eda de la pel\u00edcula ni fallos de revelado.<\/li>\n\n\n\n<li>El objeto no estaba en el suelo y presentaba menos distorsi\u00f3n atmosf\u00e9rica que los objetos que s\u00ed lo estaban.<\/li>\n\n\n\n<li>El OVNI de la Laguna Cote parec\u00eda ser un objeto real y no una reflexi\u00f3n.<\/li>\n<\/ul>\n\n<p>Posteriormente, en 1989, el cient\u00edfico Richard Haines y el uf\u00f3logo Jacques Vall\u00e9e realizaron un nuevo an\u00e1lisis sobre el negativo. Este an\u00e1lisis concluy\u00f3 que:<\/p>\n\n<ul class=\"wp-block-list\">\n<li>There was no evidence of manipulation in the photograph.<\/li>\n\n\n\n<li>At a distance of up to 10,000 feet (approximately 3,048 meters), they captured the object, an unidentified, opaque, aerial object, on film. In fact, if the object were at that distance, its size would be 210 meters in diameter.<\/li>\n\n\n\n<li>There were no visible means of lift or propulsion and no surface marks.<\/li>\n\n\n\n<li>The object had a metallic appearance.<\/li>\n<\/ul>\n\n<figure class=\"wp-block-gallery has-nested-images columns-default is-cropped wp-block-gallery-2 is-layout-flex wp-block-gallery-is-layout-flex\">\n<figure class=\"wp-block-image size-large\"><img loading=\"lazy\" decoding=\"async\" width=\"690\" height=\"844\" data-id=\"17102\" src=\"https:\/\/www.sensorialsunsets.com\/wp-content\/uploads\/2024\/06\/ovni-costa-rica.webp\" alt=\"Cote Lagoon UFO\" class=\"wp-image-17102\" srcset=\"https:\/\/www.sensorialsunsets.com\/wp-content\/uploads\/2024\/06\/ovni-costa-rica.webp 690w, https:\/\/www.sensorialsunsets.com\/wp-content\/uploads\/2024\/06\/ovni-costa-rica-245x300.webp 245w\" sizes=\"auto, (max-width: 690px) 100vw, 690px\" \/><\/figure>\n\n\n\n<figure class=\"wp-block-image size-large\"><img loading=\"lazy\" decoding=\"async\" width=\"392\" height=\"580\" data-id=\"17115\" src=\"https:\/\/www.sensorialsunsets.com\/wp-content\/uploads\/2024\/06\/Ovni-Lago-de-Cote-e1718300639670.jpg\" alt=\"Cote Lagoon UFO\" class=\"wp-image-17115\" srcset=\"https:\/\/www.sensorialsunsets.com\/wp-content\/uploads\/2024\/06\/Ovni-Lago-de-Cote-e1718300639670.jpg 392w, https:\/\/www.sensorialsunsets.com\/wp-content\/uploads\/2024\/06\/Ovni-Lago-de-Cote-e1718300639670-203x300.jpg 203w\" sizes=\"auto, (max-width: 392px) 100vw, 392px\" \/><\/figure>\n<\/figure>\n\n<h3 class=\"wp-block-heading\">Theories and Speculation<\/h3>\n\n<p>The fact that there was only one negative with the image of the object has led to speculation about the speed of the UFO, estimated at 3,000 km\/h. Some theories suggest that, if it is an object of alien origin, it could have an advanced camouflage system that allowed it to disappear quickly.<\/p>\n\n<p>The NASA report has contributed to a greater understanding and acceptance of UFOs as phenomena that require rigorous scientific investigation and not as mere speculation or conspiracy theories. Public participation and the creation of a department specializing in the study of UAP (unidentified anomalous phenomena) has helped to reduce the stigma associated with them. Moreover, NASA has demonstrated that its goal is to better understand these phenomena, not to speculate about their extraterrestrial origin, which has led to greater confidence in scientific research and greater acceptance of the subject.<\/p>\n\n<blockquote class=\"wp-block-quote is-layout-flow wp-block-quote-is-layout-flow\">\n<p>Another theory is that the UFO deliberately allowed itself to be photographed, although the reasons for this are a matter of debate.<\/p>\n<\/blockquote>\n\n<p>One of the best photographic evidence of an unidentified flying object is considered to be the Cote Lagoon UFO image and has been the subject of interest and debate around the world. It has influenced popular culture and is frequently mentioned in discussions about the existence of extraterrestrial life.<\/p>\n\n<p>The Lagoon, with its geographic coordinates 10\u00b034\u203253\u2033N 84\u00b054\u203242\u2033W, is located in the canton of Guatuso, province of Alajuela. Is a heart-shaped freshwater volcanic crater lake, covering an area of 1.98 km\u00b2 and has an average depth of 6 to 18 meters. Located 3 kilometers north of Lake Arenal.<\/p>\n\n<p><strong>Sensorial Sunsets<\/strong><\/p>\n","protected":false},"excerpt":{"rendered":"<p>On September 4, 1971, on a routine mapping flight over the Cote Lagoon in Costa Rica, an unexpected finding transformed an ordinary day into one of the most intriguing events in the history of UFO sightings. What began as a quiet mission in the clear skies of the Tilar\u00e1n mountain range culminated in the capture [&hellip;]<\/p>\n","protected":false},"author":4,"featured_media":17123,"comment_status":"closed","ping_status":"closed","sticky":false,"template":"","format":"standard","meta":{"_acf_changed":false,"inline_featured_image":false,"_monsterinsights_skip_tracking":false,"_monsterinsights_sitenote_active":false,"_monsterinsights_sitenote_note":"","_monsterinsights_sitenote_category":0,"footnotes":""},"categories":[8],"tags":[],"class_list":["post-17127","post","type-post","status-publish","format-standard","has-post-thumbnail","hentry","category-uncategorized"],"acf":[],"yoast_head":"<!-- This site is optimized with the Yoast SEO plugin v27.4 - https:\/\/yoast.com\/product\/yoast-seo-wordpress\/ -->\n<title>The Cote Lagoon UFO in Costa Rica - SensorialSunsets<\/title>\n<meta name=\"description\" content=\"Cote Lagoon UFO 1971, through a photograph a routine mapping mission turned into an encounter with the unknown.\" \/>\n<meta name=\"robots\" content=\"index, follow, max-snippet:-1, max-image-preview:large, max-video-preview:-1\" \/>\n<link rel=\"canonical\" href=\"https:\/\/www.sensorialsunsets.com\/en\/the-cote-lagoon-ufo-in-costa-rica\/\" \/>\n<meta property=\"og:locale\" content=\"en_US\" \/>\n<meta property=\"og:type\" content=\"article\" \/>\n<meta property=\"og:title\" content=\"The Cote Lagoon UFO in Costa Rica - SensorialSunsets\" \/>\n<meta property=\"og:description\" content=\"Cote Lagoon UFO 1971, through a photograph a routine mapping mission turned into an encounter with the unknown.\" \/>\n<meta property=\"og:url\" content=\"https:\/\/www.sensorialsunsets.com\/en\/the-cote-lagoon-ufo-in-costa-rica\/\" \/>\n<meta property=\"og:site_name\" content=\"SensorialSunsets\" \/>\n<meta property=\"article:publisher\" content=\"https:\/\/www.facebook.com\/Sensorial-Sunsets-109180614715562\" \/>\n<meta property=\"article:published_time\" content=\"2024-06-14T15:52:14+00:00\" \/>\n<meta property=\"og:image\" content=\"https:\/\/www.sensorialsunsets.com\/wp-content\/uploads\/2024\/06\/ovnicostarica3.png\" \/>\n\t<meta property=\"og:image:width\" content=\"840\" \/>\n\t<meta property=\"og:image:height\" content=\"350\" \/>\n\t<meta property=\"og:image:type\" content=\"image\/png\" \/>\n<meta name=\"author\" content=\"Sensorial Sunsets\" \/>\n<meta name=\"twitter:card\" content=\"summary_large_image\" \/>\n<meta name=\"twitter:label1\" content=\"Written by\" \/>\n\t<meta name=\"twitter:data1\" content=\"Sensorial Sunsets\" \/>\n\t<meta name=\"twitter:label2\" content=\"Est. reading time\" \/>\n\t<meta name=\"twitter:data2\" content=\"4 minutes\" \/>\n<script type=\"application\/ld+json\" class=\"yoast-schema-graph\">{\"@context\":\"https:\\\/\\\/schema.org\",\"@graph\":[{\"@type\":\"Article\",\"@id\":\"https:\\\/\\\/www.sensorialsunsets.com\\\/en\\\/the-cote-lagoon-ufo-in-costa-rica\\\/#article\",\"isPartOf\":{\"@id\":\"https:\\\/\\\/www.sensorialsunsets.com\\\/en\\\/the-cote-lagoon-ufo-in-costa-rica\\\/\"},\"author\":{\"name\":\"Sensorial Sunsets\",\"@id\":\"https:\\\/\\\/www.sensorialsunsets.com\\\/en\\\/#\\\/schema\\\/person\\\/77e2fa594135aa94024c47e281d8a94d\"},\"headline\":\"The Cote Lagoon UFO in Costa Rica\",\"datePublished\":\"2024-06-14T15:52:14+00:00\",\"mainEntityOfPage\":{\"@id\":\"https:\\\/\\\/www.sensorialsunsets.com\\\/en\\\/the-cote-lagoon-ufo-in-costa-rica\\\/\"},\"wordCount\":788,\"publisher\":{\"@id\":\"https:\\\/\\\/www.sensorialsunsets.com\\\/en\\\/#organization\"},\"image\":{\"@id\":\"https:\\\/\\\/www.sensorialsunsets.com\\\/en\\\/the-cote-lagoon-ufo-in-costa-rica\\\/#primaryimage\"},\"thumbnailUrl\":\"https:\\\/\\\/www.sensorialsunsets.com\\\/wp-content\\\/uploads\\\/2024\\\/06\\\/ovnicostarica3.png\",\"inLanguage\":\"en-US\"},{\"@type\":\"WebPage\",\"@id\":\"https:\\\/\\\/www.sensorialsunsets.com\\\/en\\\/the-cote-lagoon-ufo-in-costa-rica\\\/\",\"url\":\"https:\\\/\\\/www.sensorialsunsets.com\\\/en\\\/the-cote-lagoon-ufo-in-costa-rica\\\/\",\"name\":\"The Cote Lagoon UFO in Costa Rica - SensorialSunsets\",\"isPartOf\":{\"@id\":\"https:\\\/\\\/www.sensorialsunsets.com\\\/en\\\/#website\"},\"primaryImageOfPage\":{\"@id\":\"https:\\\/\\\/www.sensorialsunsets.com\\\/en\\\/the-cote-lagoon-ufo-in-costa-rica\\\/#primaryimage\"},\"image\":{\"@id\":\"https:\\\/\\\/www.sensorialsunsets.com\\\/en\\\/the-cote-lagoon-ufo-in-costa-rica\\\/#primaryimage\"},\"thumbnailUrl\":\"https:\\\/\\\/www.sensorialsunsets.com\\\/wp-content\\\/uploads\\\/2024\\\/06\\\/ovnicostarica3.png\",\"datePublished\":\"2024-06-14T15:52:14+00:00\",\"description\":\"Cote Lagoon UFO 1971, through a photograph a routine mapping mission turned into an encounter with the unknown.\",\"inLanguage\":\"en-US\",\"potentialAction\":[{\"@type\":\"ReadAction\",\"target\":[\"https:\\\/\\\/www.sensorialsunsets.com\\\/en\\\/the-cote-lagoon-ufo-in-costa-rica\\\/\"]}]},{\"@type\":\"ImageObject\",\"inLanguage\":\"en-US\",\"@id\":\"https:\\\/\\\/www.sensorialsunsets.com\\\/en\\\/the-cote-lagoon-ufo-in-costa-rica\\\/#primaryimage\",\"url\":\"https:\\\/\\\/www.sensorialsunsets.com\\\/wp-content\\\/uploads\\\/2024\\\/06\\\/ovnicostarica3.png\",\"contentUrl\":\"https:\\\/\\\/www.sensorialsunsets.com\\\/wp-content\\\/uploads\\\/2024\\\/06\\\/ovnicostarica3.png\",\"width\":840,\"height\":350},{\"@type\":\"WebSite\",\"@id\":\"https:\\\/\\\/www.sensorialsunsets.com\\\/en\\\/#website\",\"url\":\"https:\\\/\\\/www.sensorialsunsets.com\\\/en\\\/\",\"name\":\"SensorialSunsets.com\",\"description\":\"Discover the culture and society of Costa Rica on our blog. Explore captivating articles and share the content.\",\"publisher\":{\"@id\":\"https:\\\/\\\/www.sensorialsunsets.com\\\/en\\\/#organization\"},\"alternateName\":\"Costa Rica Live Blog\",\"potentialAction\":[{\"@type\":\"SearchAction\",\"target\":{\"@type\":\"EntryPoint\",\"urlTemplate\":\"https:\\\/\\\/www.sensorialsunsets.com\\\/en\\\/?s={search_term_string}\"},\"query-input\":{\"@type\":\"PropertyValueSpecification\",\"valueRequired\":true,\"valueName\":\"search_term_string\"}}],\"inLanguage\":\"en-US\"},{\"@type\":\"Organization\",\"@id\":\"https:\\\/\\\/www.sensorialsunsets.com\\\/en\\\/#organization\",\"name\":\"SensorialSunsets\",\"url\":\"https:\\\/\\\/www.sensorialsunsets.com\\\/en\\\/\",\"logo\":{\"@type\":\"ImageObject\",\"inLanguage\":\"en-US\",\"@id\":\"https:\\\/\\\/www.sensorialsunsets.com\\\/en\\\/#\\\/schema\\\/logo\\\/image\\\/\",\"url\":\"https:\\\/\\\/www.sensorialsunsets.com\\\/wp-content\\\/uploads\\\/2023\\\/04\\\/Logo_base_line_fond_clair.svg\",\"contentUrl\":\"https:\\\/\\\/www.sensorialsunsets.com\\\/wp-content\\\/uploads\\\/2023\\\/04\\\/Logo_base_line_fond_clair.svg\",\"width\":\"1024\",\"height\":\"1024\",\"caption\":\"SensorialSunsets\"},\"image\":{\"@id\":\"https:\\\/\\\/www.sensorialsunsets.com\\\/en\\\/#\\\/schema\\\/logo\\\/image\\\/\"},\"sameAs\":[\"https:\\\/\\\/www.facebook.com\\\/Sensorial-Sunsets-109180614715562\",\"https:\\\/\\\/www.instagram.com\\\/sensorialsunsets\\\/\"]},{\"@type\":\"Person\",\"@id\":\"https:\\\/\\\/www.sensorialsunsets.com\\\/en\\\/#\\\/schema\\\/person\\\/77e2fa594135aa94024c47e281d8a94d\",\"name\":\"Sensorial Sunsets\",\"image\":{\"@type\":\"ImageObject\",\"inLanguage\":\"en-US\",\"@id\":\"https:\\\/\\\/secure.gravatar.com\\\/avatar\\\/5f2d62681b1dad94c28f1500d4fc75582acdfd32b55fd1acce0a36a3c487eabe?s=96&d=mm&r=g\",\"url\":\"https:\\\/\\\/secure.gravatar.com\\\/avatar\\\/5f2d62681b1dad94c28f1500d4fc75582acdfd32b55fd1acce0a36a3c487eabe?s=96&d=mm&r=g\",\"contentUrl\":\"https:\\\/\\\/secure.gravatar.com\\\/avatar\\\/5f2d62681b1dad94c28f1500d4fc75582acdfd32b55fd1acce0a36a3c487eabe?s=96&d=mm&r=g\",\"caption\":\"Sensorial Sunsets\"},\"url\":\"https:\\\/\\\/www.sensorialsunsets.com\\\/en\\\/author\\\/asistentes-sensorial-sunsets\\\/\"}]}<\/script>\n<!-- \/ Yoast SEO plugin. -->","yoast_head_json":{"title":"The Cote Lagoon UFO in Costa Rica - SensorialSunsets","description":"Cote Lagoon UFO 1971, through a photograph a routine mapping mission turned into an encounter with the unknown.","robots":{"index":"index","follow":"follow","max-snippet":"max-snippet:-1","max-image-preview":"max-image-preview:large","max-video-preview":"max-video-preview:-1"},"canonical":"https:\/\/www.sensorialsunsets.com\/en\/the-cote-lagoon-ufo-in-costa-rica\/","og_locale":"en_US","og_type":"article","og_title":"The Cote Lagoon UFO in Costa Rica - SensorialSunsets","og_description":"Cote Lagoon UFO 1971, through a photograph a routine mapping mission turned into an encounter with the unknown.","og_url":"https:\/\/www.sensorialsunsets.com\/en\/the-cote-lagoon-ufo-in-costa-rica\/","og_site_name":"SensorialSunsets","article_publisher":"https:\/\/www.facebook.com\/Sensorial-Sunsets-109180614715562","article_published_time":"2024-06-14T15:52:14+00:00","og_image":[{"width":840,"height":350,"url":"https:\/\/www.sensorialsunsets.com\/wp-content\/uploads\/2024\/06\/ovnicostarica3.png","type":"image\/png"}],"author":"Sensorial Sunsets","twitter_card":"summary_large_image","twitter_misc":{"Written by":"Sensorial Sunsets","Est. reading time":"4 minutes"},"schema":{"@context":"https:\/\/schema.org","@graph":[{"@type":"Article","@id":"https:\/\/www.sensorialsunsets.com\/en\/the-cote-lagoon-ufo-in-costa-rica\/#article","isPartOf":{"@id":"https:\/\/www.sensorialsunsets.com\/en\/the-cote-lagoon-ufo-in-costa-rica\/"},"author":{"name":"Sensorial Sunsets","@id":"https:\/\/www.sensorialsunsets.com\/en\/#\/schema\/person\/77e2fa594135aa94024c47e281d8a94d"},"headline":"The Cote Lagoon UFO in Costa Rica","datePublished":"2024-06-14T15:52:14+00:00","mainEntityOfPage":{"@id":"https:\/\/www.sensorialsunsets.com\/en\/the-cote-lagoon-ufo-in-costa-rica\/"},"wordCount":788,"publisher":{"@id":"https:\/\/www.sensorialsunsets.com\/en\/#organization"},"image":{"@id":"https:\/\/www.sensorialsunsets.com\/en\/the-cote-lagoon-ufo-in-costa-rica\/#primaryimage"},"thumbnailUrl":"https:\/\/www.sensorialsunsets.com\/wp-content\/uploads\/2024\/06\/ovnicostarica3.png","inLanguage":"en-US"},{"@type":"WebPage","@id":"https:\/\/www.sensorialsunsets.com\/en\/the-cote-lagoon-ufo-in-costa-rica\/","url":"https:\/\/www.sensorialsunsets.com\/en\/the-cote-lagoon-ufo-in-costa-rica\/","name":"The Cote Lagoon UFO in Costa Rica - SensorialSunsets","isPartOf":{"@id":"https:\/\/www.sensorialsunsets.com\/en\/#website"},"primaryImageOfPage":{"@id":"https:\/\/www.sensorialsunsets.com\/en\/the-cote-lagoon-ufo-in-costa-rica\/#primaryimage"},"image":{"@id":"https:\/\/www.sensorialsunsets.com\/en\/the-cote-lagoon-ufo-in-costa-rica\/#primaryimage"},"thumbnailUrl":"https:\/\/www.sensorialsunsets.com\/wp-content\/uploads\/2024\/06\/ovnicostarica3.png","datePublished":"2024-06-14T15:52:14+00:00","description":"Cote Lagoon UFO 1971, through a photograph a routine mapping mission turned into an encounter with the unknown.","inLanguage":"en-US","potentialAction":[{"@type":"ReadAction","target":["https:\/\/www.sensorialsunsets.com\/en\/the-cote-lagoon-ufo-in-costa-rica\/"]}]},{"@type":"ImageObject","inLanguage":"en-US","@id":"https:\/\/www.sensorialsunsets.com\/en\/the-cote-lagoon-ufo-in-costa-rica\/#primaryimage","url":"https:\/\/www.sensorialsunsets.com\/wp-content\/uploads\/2024\/06\/ovnicostarica3.png","contentUrl":"https:\/\/www.sensorialsunsets.com\/wp-content\/uploads\/2024\/06\/ovnicostarica3.png","width":840,"height":350},{"@type":"WebSite","@id":"https:\/\/www.sensorialsunsets.com\/en\/#website","url":"https:\/\/www.sensorialsunsets.com\/en\/","name":"SensorialSunsets.com","description":"Discover the culture and society of Costa Rica on our blog. Explore captivating articles and share the content.","publisher":{"@id":"https:\/\/www.sensorialsunsets.com\/en\/#organization"},"alternateName":"Costa Rica Live Blog","potentialAction":[{"@type":"SearchAction","target":{"@type":"EntryPoint","urlTemplate":"https:\/\/www.sensorialsunsets.com\/en\/?s={search_term_string}"},"query-input":{"@type":"PropertyValueSpecification","valueRequired":true,"valueName":"search_term_string"}}],"inLanguage":"en-US"},{"@type":"Organization","@id":"https:\/\/www.sensorialsunsets.com\/en\/#organization","name":"SensorialSunsets","url":"https:\/\/www.sensorialsunsets.com\/en\/","logo":{"@type":"ImageObject","inLanguage":"en-US","@id":"https:\/\/www.sensorialsunsets.com\/en\/#\/schema\/logo\/image\/","url":"https:\/\/www.sensorialsunsets.com\/wp-content\/uploads\/2023\/04\/Logo_base_line_fond_clair.svg","contentUrl":"https:\/\/www.sensorialsunsets.com\/wp-content\/uploads\/2023\/04\/Logo_base_line_fond_clair.svg","width":"1024","height":"1024","caption":"SensorialSunsets"},"image":{"@id":"https:\/\/www.sensorialsunsets.com\/en\/#\/schema\/logo\/image\/"},"sameAs":["https:\/\/www.facebook.com\/Sensorial-Sunsets-109180614715562","https:\/\/www.instagram.com\/sensorialsunsets\/"]},{"@type":"Person","@id":"https:\/\/www.sensorialsunsets.com\/en\/#\/schema\/person\/77e2fa594135aa94024c47e281d8a94d","name":"Sensorial Sunsets","image":{"@type":"ImageObject","inLanguage":"en-US","@id":"https:\/\/secure.gravatar.com\/avatar\/5f2d62681b1dad94c28f1500d4fc75582acdfd32b55fd1acce0a36a3c487eabe?s=96&d=mm&r=g","url":"https:\/\/secure.gravatar.com\/avatar\/5f2d62681b1dad94c28f1500d4fc75582acdfd32b55fd1acce0a36a3c487eabe?s=96&d=mm&r=g","contentUrl":"https:\/\/secure.gravatar.com\/avatar\/5f2d62681b1dad94c28f1500d4fc75582acdfd32b55fd1acce0a36a3c487eabe?s=96&d=mm&r=g","caption":"Sensorial Sunsets"},"url":"https:\/\/www.sensorialsunsets.com\/en\/author\/asistentes-sensorial-sunsets\/"}]}},"_links":{"self":[{"href":"https:\/\/www.sensorialsunsets.com\/en\/wp-json\/wp\/v2\/posts\/17127","targetHints":{"allow":["GET"]}}],"collection":[{"href":"https:\/\/www.sensorialsunsets.com\/en\/wp-json\/wp\/v2\/posts"}],"about":[{"href":"https:\/\/www.sensorialsunsets.com\/en\/wp-json\/wp\/v2\/types\/post"}],"author":[{"embeddable":true,"href":"https:\/\/www.sensorialsunsets.com\/en\/wp-json\/wp\/v2\/users\/4"}],"replies":[{"embeddable":true,"href":"https:\/\/www.sensorialsunsets.com\/en\/wp-json\/wp\/v2\/comments?post=17127"}],"version-history":[{"count":0,"href":"https:\/\/www.sensorialsunsets.com\/en\/wp-json\/wp\/v2\/posts\/17127\/revisions"}],"wp:featuredmedia":[{"embeddable":true,"href":"https:\/\/www.sensorialsunsets.com\/en\/wp-json\/wp\/v2\/media\/17123"}],"wp:attachment":[{"href":"https:\/\/www.sensorialsunsets.com\/en\/wp-json\/wp\/v2\/media?parent=17127"}],"wp:term":[{"taxonomy":"category","embeddable":true,"href":"https:\/\/www.sensorialsunsets.com\/en\/wp-json\/wp\/v2\/categories?post=17127"},{"taxonomy":"post_tag","embeddable":true,"href":"https:\/\/www.sensorialsunsets.com\/en\/wp-json\/wp\/v2\/tags?post=17127"}],"curies":[{"name":"wp","href":"https:\/\/api.w.org\/{rel}","templated":true}]}}