{"id":17399,"date":"2024-07-03T11:28:15","date_gmt":"2024-07-03T17:28:15","guid":{"rendered":"https:\/\/www.sensorialsunsets.com\/?p=17399"},"modified":"2024-07-03T11:28:17","modified_gmt":"2024-07-03T17:28:17","slug":"perez-zeledon-a-fundamental-chapter-in-costa-rican-history","status":"publish","type":"post","link":"https:\/\/www.sensorialsunsets.com\/en\/perez-zeledon-a-fundamental-chapter-in-costa-rican-history\/","title":{"rendered":"P\u00e9rez Zeled\u00f3n: A Fundamental Chapter In Costa Rican History"},"content":{"rendered":"\n<p><em>History of P\u00e9rez Zeled\u00f3n: foundation, challenges, economic development, historical events and its natural wealth in Costa Rica.<\/em><\/p>\n\n<hr class=\"wp-block-separator has-text-color has-alpha-channel-opacity has-background is-style-dots\" style=\"background-color:#004f5e;color:#004f5e\"\/>\n\n<p><\/p>\n\n<p>October 9, 1931 marked a before and after in the history of Costa Rica. On this date the canton of <a href=\"https:\/\/www.perezzeledon.go.cr\/index.php\/municipalidad\/municipalidad\/saludo-del-alcalde.html?switch_to_desktop_ui=1?date=2018-03-15-15-00script%20%20%20?date=2018-11-12-19-00\">P\u00e9rez Zeled\u00f3n<\/a> was founded, an event that significantly transformed the south of the country. The inhabitants of the El General Valley, until then united to Dota, experienced a sense of freedom with this separation, highlighting the importance of the creation of the new canton.<\/p>\n\n<h3 class=\"wp-block-heading\">Leaders And Founders<\/h3>\n<div class=\"wp-block-image\">\n<figure class=\"alignright size-full is-resized\"><img loading=\"lazy\" decoding=\"async\" width=\"400\" height=\"400\" src=\"https:\/\/www.sensorialsunsets.com\/wp-content\/uploads\/2024\/07\/Federico-Maubach-Historia-de-Perez-Zeledon-Sensorial-Sunsets.png\" alt=\"\" class=\"wp-image-17391\" style=\"width:256px;height:auto\" srcset=\"https:\/\/www.sensorialsunsets.com\/wp-content\/uploads\/2024\/07\/Federico-Maubach-Historia-de-Perez-Zeledon-Sensorial-Sunsets.png 400w, https:\/\/www.sensorialsunsets.com\/wp-content\/uploads\/2024\/07\/Federico-Maubach-Historia-de-Perez-Zeledon-Sensorial-Sunsets-300x300.png 300w, https:\/\/www.sensorialsunsets.com\/wp-content\/uploads\/2024\/07\/Federico-Maubach-Historia-de-Perez-Zeledon-Sensorial-Sunsets-150x150.png 150w, https:\/\/www.sensorialsunsets.com\/wp-content\/uploads\/2024\/07\/Federico-Maubach-Historia-de-Perez-Zeledon-Sensorial-Sunsets-50x50.png 50w, https:\/\/www.sensorialsunsets.com\/wp-content\/uploads\/2024\/07\/Federico-Maubach-Historia-de-Perez-Zeledon-Sensorial-Sunsets-117x117.png 117w\" sizes=\"auto, (max-width: 400px) 100vw, 400px\" \/><figcaption class=\"wp-element-caption\">Federico Maubach<\/figcaption><\/figure>\n<\/div>\n<p>The founding of P\u00e9rez Zeled\u00f3n would not have been possible without the guidance and direction of the priest Federico Maubach and the teachers Gustavo Meza and Enrique T\u00e1uler, of German, Chilean and Spanish nationalities respectively. <\/p>\n\n<p>Under his leadership, the local inhabitants began a movement to persuade the <em>dote\u00f1os<\/em> to accept the separation. Finally, canton number nineteen of the province of San Jos\u00e9 was established by decree number thirty-one on October 9, 1931, with the districts of Ure\u00f1a, El General, Daniel Flores and Rivas.<\/p>\n\n<h3 class=\"wp-block-heading\">Challenges And Development<\/h3>\n\n<p>The development of P\u00e9rez Zeled\u00f3n was not without its challenges. <\/p>\n\n<p>The conquest of Cerro de la Muerte was an arduous and painful process for many families, due to the extreme climate and lack of adequate roads. However, the construction of the Interamerican Highway between 1936 and 1945 significantly improved communication with the Central Valley and the Los Santos area.<\/p>\n\n<p>P\u00e9rez Zeled\u00f3n was also the scene of important events during the <a href=\"https:\/\/www.sensorialsunsets.com\/en\/costa-rica-and-france-the-40s\/\">Civil War of 1948<\/a>. The landing field in the area allowed Jos\u00e9 Figueres Ferrer to bring arms and men into the country, and crucial battles were fought in places such as the present-day Escuela 12 de marzo de 1948 and the district of Daniel Flores. These events left an indelible mark on the history of the canton and the country.<\/p>\n\n<h3 class=\"wp-block-heading\">Growth And Economy<\/h3>\n\n<figure class=\"wp-block-image size-full\"><img loading=\"lazy\" decoding=\"async\" width=\"840\" height=\"450\" src=\"https:\/\/www.sensorialsunsets.com\/wp-content\/uploads\/2024\/07\/Cerro-Chirripo-Sensorial-Sunsets.png\" alt=\"History of P&#xE9;rez Zeled&#xF3;n: foundation, challenges, economic development, historical events and its natural wealth in Costa Rica.\" class=\"wp-image-17387\" srcset=\"https:\/\/www.sensorialsunsets.com\/wp-content\/uploads\/2024\/07\/Cerro-Chirripo-Sensorial-Sunsets.png 840w, https:\/\/www.sensorialsunsets.com\/wp-content\/uploads\/2024\/07\/Cerro-Chirripo-Sensorial-Sunsets-300x161.png 300w, https:\/\/www.sensorialsunsets.com\/wp-content\/uploads\/2024\/07\/Cerro-Chirripo-Sensorial-Sunsets-768x411.png 768w\" sizes=\"auto, (max-width: 840px) 100vw, 840px\" \/><\/figure>\n\n<p>Thanks to the determination of its inhabitants, P\u00e9rez Zeled\u00f3n has grown and prospered. In 2021, the estimated population was 145,000 people, distributed in eleven districts. Agriculture is a key economic activity, with the production of basic grains, tubers, sugar cane, fruits, coffee and bananas. Livestock is also successfully developed thanks to the abundance of water.<\/p>\n\n<h5 class=\"wp-block-heading\">Tourism And Education<\/h5>\n\n<p>The geographical location of Perez Zeledon is privileged, with access to beaches, waterfalls, rivers and mountains. Cerro Chirrip\u00f3, the highest point in the country, attracts thousands of tourists every year. In addition, the canton has focused on promoting tourism and local culture, organizing events such as the Festival Luces del Valle (Lights of the Valley Festival) and the night athletics race.<\/p>\n\n<p>In terms of education, P\u00e9rez Zeled\u00f3n has a solid infrastructure ranging from preschool to higher education, with the presence of public and private universities.<\/p>\n\n<p><strong>Sensorial Sunsets<\/strong><\/p>\n","protected":false},"excerpt":{"rendered":"<p>History of P\u00e9rez Zeled\u00f3n: foundation, challenges, economic development, historical events and its natural wealth in Costa Rica. October 9, 1931 marked a before and after in the history of Costa Rica. On this date the canton of P\u00e9rez Zeled\u00f3n was founded, an event that significantly transformed the south of the country. The inhabitants of the [&hellip;]<\/p>\n","protected":false},"author":4,"featured_media":17383,"comment_status":"closed","ping_status":"closed","sticky":false,"template":"","format":"standard","meta":{"_acf_changed":false,"inline_featured_image":false,"_monsterinsights_skip_tracking":false,"_monsterinsights_sitenote_active":false,"_monsterinsights_sitenote_note":"","_monsterinsights_sitenote_category":0,"footnotes":""},"categories":[142],"tags":[],"class_list":["post-17399","post","type-post","status-publish","format-standard","has-post-thumbnail","hentry","category-history"],"acf":[],"yoast_head":"<!-- This site is optimized with the Yoast SEO plugin v27.4 - https:\/\/yoast.com\/product\/yoast-seo-wordpress\/ -->\n<title>P\u00e9rez Zeled\u00f3n: A Fundamental Chapter In Costa Rican History - SensorialSunsets<\/title>\n<meta name=\"description\" content=\"History of P\u00e9rez Zeled\u00f3n: foundation, challenges, economic development, historical events and its natural wealth in Costa Rica.\" \/>\n<meta name=\"robots\" content=\"index, follow, max-snippet:-1, max-image-preview:large, max-video-preview:-1\" \/>\n<link rel=\"canonical\" href=\"https:\/\/www.sensorialsunsets.com\/en\/perez-zeledon-a-fundamental-chapter-in-costa-rican-history\/\" \/>\n<meta property=\"og:locale\" content=\"en_US\" \/>\n<meta property=\"og:type\" content=\"article\" \/>\n<meta property=\"og:title\" content=\"P\u00e9rez Zeled\u00f3n: A Fundamental Chapter In Costa Rican History - SensorialSunsets\" \/>\n<meta property=\"og:description\" content=\"History of P\u00e9rez Zeled\u00f3n: foundation, challenges, economic development, historical events and its natural wealth in Costa Rica.\" \/>\n<meta property=\"og:url\" content=\"https:\/\/www.sensorialsunsets.com\/en\/perez-zeledon-a-fundamental-chapter-in-costa-rican-history\/\" \/>\n<meta property=\"og:site_name\" content=\"SensorialSunsets\" \/>\n<meta property=\"article:publisher\" content=\"https:\/\/www.facebook.com\/Sensorial-Sunsets-109180614715562\" \/>\n<meta property=\"article:published_time\" content=\"2024-07-03T17:28:15+00:00\" \/>\n<meta property=\"article:modified_time\" content=\"2024-07-03T17:28:17+00:00\" \/>\n<meta property=\"og:image\" content=\"https:\/\/www.sensorialsunsets.com\/wp-content\/uploads\/2024\/07\/Historia-Perez-Zeledon-Sensorial-Sunsets.png\" \/>\n\t<meta property=\"og:image:width\" content=\"840\" \/>\n\t<meta property=\"og:image:height\" content=\"350\" \/>\n\t<meta property=\"og:image:type\" content=\"image\/png\" \/>\n<meta name=\"author\" content=\"Sensorial Sunsets\" \/>\n<meta name=\"twitter:card\" content=\"summary_large_image\" \/>\n<meta name=\"twitter:label1\" content=\"Written by\" \/>\n\t<meta name=\"twitter:data1\" content=\"Sensorial Sunsets\" \/>\n\t<meta name=\"twitter:label2\" content=\"Est. reading time\" \/>\n\t<meta name=\"twitter:data2\" content=\"2 minutes\" \/>\n<script type=\"application\/ld+json\" class=\"yoast-schema-graph\">{\"@context\":\"https:\\\/\\\/schema.org\",\"@graph\":[{\"@type\":\"Article\",\"@id\":\"https:\\\/\\\/www.sensorialsunsets.com\\\/en\\\/perez-zeledon-a-fundamental-chapter-in-costa-rican-history\\\/#article\",\"isPartOf\":{\"@id\":\"https:\\\/\\\/www.sensorialsunsets.com\\\/en\\\/perez-zeledon-a-fundamental-chapter-in-costa-rican-history\\\/\"},\"author\":{\"name\":\"Sensorial Sunsets\",\"@id\":\"https:\\\/\\\/www.sensorialsunsets.com\\\/en\\\/#\\\/schema\\\/person\\\/77e2fa594135aa94024c47e281d8a94d\"},\"headline\":\"P\u00e9rez Zeled\u00f3n: A Fundamental Chapter In Costa Rican History\",\"datePublished\":\"2024-07-03T17:28:15+00:00\",\"dateModified\":\"2024-07-03T17:28:17+00:00\",\"mainEntityOfPage\":{\"@id\":\"https:\\\/\\\/www.sensorialsunsets.com\\\/en\\\/perez-zeledon-a-fundamental-chapter-in-costa-rican-history\\\/\"},\"wordCount\":467,\"publisher\":{\"@id\":\"https:\\\/\\\/www.sensorialsunsets.com\\\/en\\\/#organization\"},\"image\":{\"@id\":\"https:\\\/\\\/www.sensorialsunsets.com\\\/en\\\/perez-zeledon-a-fundamental-chapter-in-costa-rican-history\\\/#primaryimage\"},\"thumbnailUrl\":\"https:\\\/\\\/www.sensorialsunsets.com\\\/wp-content\\\/uploads\\\/2024\\\/07\\\/Historia-Perez-Zeledon-Sensorial-Sunsets.png\",\"articleSection\":[\"History\"],\"inLanguage\":\"en-US\"},{\"@type\":\"WebPage\",\"@id\":\"https:\\\/\\\/www.sensorialsunsets.com\\\/en\\\/perez-zeledon-a-fundamental-chapter-in-costa-rican-history\\\/\",\"url\":\"https:\\\/\\\/www.sensorialsunsets.com\\\/en\\\/perez-zeledon-a-fundamental-chapter-in-costa-rican-history\\\/\",\"name\":\"P\u00e9rez Zeled\u00f3n: A Fundamental Chapter In Costa Rican History - SensorialSunsets\",\"isPartOf\":{\"@id\":\"https:\\\/\\\/www.sensorialsunsets.com\\\/en\\\/#website\"},\"primaryImageOfPage\":{\"@id\":\"https:\\\/\\\/www.sensorialsunsets.com\\\/en\\\/perez-zeledon-a-fundamental-chapter-in-costa-rican-history\\\/#primaryimage\"},\"image\":{\"@id\":\"https:\\\/\\\/www.sensorialsunsets.com\\\/en\\\/perez-zeledon-a-fundamental-chapter-in-costa-rican-history\\\/#primaryimage\"},\"thumbnailUrl\":\"https:\\\/\\\/www.sensorialsunsets.com\\\/wp-content\\\/uploads\\\/2024\\\/07\\\/Historia-Perez-Zeledon-Sensorial-Sunsets.png\",\"datePublished\":\"2024-07-03T17:28:15+00:00\",\"dateModified\":\"2024-07-03T17:28:17+00:00\",\"description\":\"History of P\u00e9rez Zeled\u00f3n: foundation, challenges, economic development, historical events and its natural wealth in Costa Rica.\",\"inLanguage\":\"en-US\",\"potentialAction\":[{\"@type\":\"ReadAction\",\"target\":[\"https:\\\/\\\/www.sensorialsunsets.com\\\/en\\\/perez-zeledon-a-fundamental-chapter-in-costa-rican-history\\\/\"]}]},{\"@type\":\"ImageObject\",\"inLanguage\":\"en-US\",\"@id\":\"https:\\\/\\\/www.sensorialsunsets.com\\\/en\\\/perez-zeledon-a-fundamental-chapter-in-costa-rican-history\\\/#primaryimage\",\"url\":\"https:\\\/\\\/www.sensorialsunsets.com\\\/wp-content\\\/uploads\\\/2024\\\/07\\\/Historia-Perez-Zeledon-Sensorial-Sunsets.png\",\"contentUrl\":\"https:\\\/\\\/www.sensorialsunsets.com\\\/wp-content\\\/uploads\\\/2024\\\/07\\\/Historia-Perez-Zeledon-Sensorial-Sunsets.png\",\"width\":840,\"height\":350,\"caption\":\"Historia de P\u00e9rez Zeled\u00f3n: fundaci\u00f3n, desaf\u00edos, desarrollo econ\u00f3mico, eventos hist\u00f3ricos y su riqueza natural en Costa Rica.\"},{\"@type\":\"WebSite\",\"@id\":\"https:\\\/\\\/www.sensorialsunsets.com\\\/en\\\/#website\",\"url\":\"https:\\\/\\\/www.sensorialsunsets.com\\\/en\\\/\",\"name\":\"SensorialSunsets.com\",\"description\":\"Discover the culture and society of Costa Rica on our blog. Explore captivating articles and share the content.\",\"publisher\":{\"@id\":\"https:\\\/\\\/www.sensorialsunsets.com\\\/en\\\/#organization\"},\"alternateName\":\"Costa Rica Live Blog\",\"potentialAction\":[{\"@type\":\"SearchAction\",\"target\":{\"@type\":\"EntryPoint\",\"urlTemplate\":\"https:\\\/\\\/www.sensorialsunsets.com\\\/en\\\/?s={search_term_string}\"},\"query-input\":{\"@type\":\"PropertyValueSpecification\",\"valueRequired\":true,\"valueName\":\"search_term_string\"}}],\"inLanguage\":\"en-US\"},{\"@type\":\"Organization\",\"@id\":\"https:\\\/\\\/www.sensorialsunsets.com\\\/en\\\/#organization\",\"name\":\"SensorialSunsets\",\"url\":\"https:\\\/\\\/www.sensorialsunsets.com\\\/en\\\/\",\"logo\":{\"@type\":\"ImageObject\",\"inLanguage\":\"en-US\",\"@id\":\"https:\\\/\\\/www.sensorialsunsets.com\\\/en\\\/#\\\/schema\\\/logo\\\/image\\\/\",\"url\":\"https:\\\/\\\/www.sensorialsunsets.com\\\/wp-content\\\/uploads\\\/2023\\\/04\\\/Logo_base_line_fond_clair.svg\",\"contentUrl\":\"https:\\\/\\\/www.sensorialsunsets.com\\\/wp-content\\\/uploads\\\/2023\\\/04\\\/Logo_base_line_fond_clair.svg\",\"width\":\"1024\",\"height\":\"1024\",\"caption\":\"SensorialSunsets\"},\"image\":{\"@id\":\"https:\\\/\\\/www.sensorialsunsets.com\\\/en\\\/#\\\/schema\\\/logo\\\/image\\\/\"},\"sameAs\":[\"https:\\\/\\\/www.facebook.com\\\/Sensorial-Sunsets-109180614715562\",\"https:\\\/\\\/www.instagram.com\\\/sensorialsunsets\\\/\"]},{\"@type\":\"Person\",\"@id\":\"https:\\\/\\\/www.sensorialsunsets.com\\\/en\\\/#\\\/schema\\\/person\\\/77e2fa594135aa94024c47e281d8a94d\",\"name\":\"Sensorial Sunsets\",\"image\":{\"@type\":\"ImageObject\",\"inLanguage\":\"en-US\",\"@id\":\"https:\\\/\\\/secure.gravatar.com\\\/avatar\\\/5f2d62681b1dad94c28f1500d4fc75582acdfd32b55fd1acce0a36a3c487eabe?s=96&d=mm&r=g\",\"url\":\"https:\\\/\\\/secure.gravatar.com\\\/avatar\\\/5f2d62681b1dad94c28f1500d4fc75582acdfd32b55fd1acce0a36a3c487eabe?s=96&d=mm&r=g\",\"contentUrl\":\"https:\\\/\\\/secure.gravatar.com\\\/avatar\\\/5f2d62681b1dad94c28f1500d4fc75582acdfd32b55fd1acce0a36a3c487eabe?s=96&d=mm&r=g\",\"caption\":\"Sensorial Sunsets\"},\"url\":\"https:\\\/\\\/www.sensorialsunsets.com\\\/en\\\/author\\\/asistentes-sensorial-sunsets\\\/\"}]}<\/script>\n<!-- \/ Yoast SEO plugin. -->","yoast_head_json":{"title":"P\u00e9rez Zeled\u00f3n: A Fundamental Chapter In Costa Rican History - SensorialSunsets","description":"History of P\u00e9rez Zeled\u00f3n: foundation, challenges, economic development, historical events and its natural wealth in Costa Rica.","robots":{"index":"index","follow":"follow","max-snippet":"max-snippet:-1","max-image-preview":"max-image-preview:large","max-video-preview":"max-video-preview:-1"},"canonical":"https:\/\/www.sensorialsunsets.com\/en\/perez-zeledon-a-fundamental-chapter-in-costa-rican-history\/","og_locale":"en_US","og_type":"article","og_title":"P\u00e9rez Zeled\u00f3n: A Fundamental Chapter In Costa Rican History - SensorialSunsets","og_description":"History of P\u00e9rez Zeled\u00f3n: foundation, challenges, economic development, historical events and its natural wealth in Costa Rica.","og_url":"https:\/\/www.sensorialsunsets.com\/en\/perez-zeledon-a-fundamental-chapter-in-costa-rican-history\/","og_site_name":"SensorialSunsets","article_publisher":"https:\/\/www.facebook.com\/Sensorial-Sunsets-109180614715562","article_published_time":"2024-07-03T17:28:15+00:00","article_modified_time":"2024-07-03T17:28:17+00:00","og_image":[{"width":840,"height":350,"url":"https:\/\/www.sensorialsunsets.com\/wp-content\/uploads\/2024\/07\/Historia-Perez-Zeledon-Sensorial-Sunsets.png","type":"image\/png"}],"author":"Sensorial Sunsets","twitter_card":"summary_large_image","twitter_misc":{"Written by":"Sensorial Sunsets","Est. reading time":"2 minutes"},"schema":{"@context":"https:\/\/schema.org","@graph":[{"@type":"Article","@id":"https:\/\/www.sensorialsunsets.com\/en\/perez-zeledon-a-fundamental-chapter-in-costa-rican-history\/#article","isPartOf":{"@id":"https:\/\/www.sensorialsunsets.com\/en\/perez-zeledon-a-fundamental-chapter-in-costa-rican-history\/"},"author":{"name":"Sensorial Sunsets","@id":"https:\/\/www.sensorialsunsets.com\/en\/#\/schema\/person\/77e2fa594135aa94024c47e281d8a94d"},"headline":"P\u00e9rez Zeled\u00f3n: A Fundamental Chapter In Costa Rican History","datePublished":"2024-07-03T17:28:15+00:00","dateModified":"2024-07-03T17:28:17+00:00","mainEntityOfPage":{"@id":"https:\/\/www.sensorialsunsets.com\/en\/perez-zeledon-a-fundamental-chapter-in-costa-rican-history\/"},"wordCount":467,"publisher":{"@id":"https:\/\/www.sensorialsunsets.com\/en\/#organization"},"image":{"@id":"https:\/\/www.sensorialsunsets.com\/en\/perez-zeledon-a-fundamental-chapter-in-costa-rican-history\/#primaryimage"},"thumbnailUrl":"https:\/\/www.sensorialsunsets.com\/wp-content\/uploads\/2024\/07\/Historia-Perez-Zeledon-Sensorial-Sunsets.png","articleSection":["History"],"inLanguage":"en-US"},{"@type":"WebPage","@id":"https:\/\/www.sensorialsunsets.com\/en\/perez-zeledon-a-fundamental-chapter-in-costa-rican-history\/","url":"https:\/\/www.sensorialsunsets.com\/en\/perez-zeledon-a-fundamental-chapter-in-costa-rican-history\/","name":"P\u00e9rez Zeled\u00f3n: A Fundamental Chapter In Costa Rican History - SensorialSunsets","isPartOf":{"@id":"https:\/\/www.sensorialsunsets.com\/en\/#website"},"primaryImageOfPage":{"@id":"https:\/\/www.sensorialsunsets.com\/en\/perez-zeledon-a-fundamental-chapter-in-costa-rican-history\/#primaryimage"},"image":{"@id":"https:\/\/www.sensorialsunsets.com\/en\/perez-zeledon-a-fundamental-chapter-in-costa-rican-history\/#primaryimage"},"thumbnailUrl":"https:\/\/www.sensorialsunsets.com\/wp-content\/uploads\/2024\/07\/Historia-Perez-Zeledon-Sensorial-Sunsets.png","datePublished":"2024-07-03T17:28:15+00:00","dateModified":"2024-07-03T17:28:17+00:00","description":"History of P\u00e9rez Zeled\u00f3n: foundation, challenges, economic development, historical events and its natural wealth in Costa Rica.","inLanguage":"en-US","potentialAction":[{"@type":"ReadAction","target":["https:\/\/www.sensorialsunsets.com\/en\/perez-zeledon-a-fundamental-chapter-in-costa-rican-history\/"]}]},{"@type":"ImageObject","inLanguage":"en-US","@id":"https:\/\/www.sensorialsunsets.com\/en\/perez-zeledon-a-fundamental-chapter-in-costa-rican-history\/#primaryimage","url":"https:\/\/www.sensorialsunsets.com\/wp-content\/uploads\/2024\/07\/Historia-Perez-Zeledon-Sensorial-Sunsets.png","contentUrl":"https:\/\/www.sensorialsunsets.com\/wp-content\/uploads\/2024\/07\/Historia-Perez-Zeledon-Sensorial-Sunsets.png","width":840,"height":350,"caption":"Historia de P\u00e9rez Zeled\u00f3n: fundaci\u00f3n, desaf\u00edos, desarrollo econ\u00f3mico, eventos hist\u00f3ricos y su riqueza natural en Costa Rica."},{"@type":"WebSite","@id":"https:\/\/www.sensorialsunsets.com\/en\/#website","url":"https:\/\/www.sensorialsunsets.com\/en\/","name":"SensorialSunsets.com","description":"Discover the culture and society of Costa Rica on our blog. Explore captivating articles and share the content.","publisher":{"@id":"https:\/\/www.sensorialsunsets.com\/en\/#organization"},"alternateName":"Costa Rica Live Blog","potentialAction":[{"@type":"SearchAction","target":{"@type":"EntryPoint","urlTemplate":"https:\/\/www.sensorialsunsets.com\/en\/?s={search_term_string}"},"query-input":{"@type":"PropertyValueSpecification","valueRequired":true,"valueName":"search_term_string"}}],"inLanguage":"en-US"},{"@type":"Organization","@id":"https:\/\/www.sensorialsunsets.com\/en\/#organization","name":"SensorialSunsets","url":"https:\/\/www.sensorialsunsets.com\/en\/","logo":{"@type":"ImageObject","inLanguage":"en-US","@id":"https:\/\/www.sensorialsunsets.com\/en\/#\/schema\/logo\/image\/","url":"https:\/\/www.sensorialsunsets.com\/wp-content\/uploads\/2023\/04\/Logo_base_line_fond_clair.svg","contentUrl":"https:\/\/www.sensorialsunsets.com\/wp-content\/uploads\/2023\/04\/Logo_base_line_fond_clair.svg","width":"1024","height":"1024","caption":"SensorialSunsets"},"image":{"@id":"https:\/\/www.sensorialsunsets.com\/en\/#\/schema\/logo\/image\/"},"sameAs":["https:\/\/www.facebook.com\/Sensorial-Sunsets-109180614715562","https:\/\/www.instagram.com\/sensorialsunsets\/"]},{"@type":"Person","@id":"https:\/\/www.sensorialsunsets.com\/en\/#\/schema\/person\/77e2fa594135aa94024c47e281d8a94d","name":"Sensorial Sunsets","image":{"@type":"ImageObject","inLanguage":"en-US","@id":"https:\/\/secure.gravatar.com\/avatar\/5f2d62681b1dad94c28f1500d4fc75582acdfd32b55fd1acce0a36a3c487eabe?s=96&d=mm&r=g","url":"https:\/\/secure.gravatar.com\/avatar\/5f2d62681b1dad94c28f1500d4fc75582acdfd32b55fd1acce0a36a3c487eabe?s=96&d=mm&r=g","contentUrl":"https:\/\/secure.gravatar.com\/avatar\/5f2d62681b1dad94c28f1500d4fc75582acdfd32b55fd1acce0a36a3c487eabe?s=96&d=mm&r=g","caption":"Sensorial Sunsets"},"url":"https:\/\/www.sensorialsunsets.com\/en\/author\/asistentes-sensorial-sunsets\/"}]}},"_links":{"self":[{"href":"https:\/\/www.sensorialsunsets.com\/en\/wp-json\/wp\/v2\/posts\/17399","targetHints":{"allow":["GET"]}}],"collection":[{"href":"https:\/\/www.sensorialsunsets.com\/en\/wp-json\/wp\/v2\/posts"}],"about":[{"href":"https:\/\/www.sensorialsunsets.com\/en\/wp-json\/wp\/v2\/types\/post"}],"author":[{"embeddable":true,"href":"https:\/\/www.sensorialsunsets.com\/en\/wp-json\/wp\/v2\/users\/4"}],"replies":[{"embeddable":true,"href":"https:\/\/www.sensorialsunsets.com\/en\/wp-json\/wp\/v2\/comments?post=17399"}],"version-history":[{"count":0,"href":"https:\/\/www.sensorialsunsets.com\/en\/wp-json\/wp\/v2\/posts\/17399\/revisions"}],"wp:featuredmedia":[{"embeddable":true,"href":"https:\/\/www.sensorialsunsets.com\/en\/wp-json\/wp\/v2\/media\/17383"}],"wp:attachment":[{"href":"https:\/\/www.sensorialsunsets.com\/en\/wp-json\/wp\/v2\/media?parent=17399"}],"wp:term":[{"taxonomy":"category","embeddable":true,"href":"https:\/\/www.sensorialsunsets.com\/en\/wp-json\/wp\/v2\/categories?post=17399"},{"taxonomy":"post_tag","embeddable":true,"href":"https:\/\/www.sensorialsunsets.com\/en\/wp-json\/wp\/v2\/tags?post=17399"}],"curies":[{"name":"wp","href":"https:\/\/api.w.org\/{rel}","templated":true}]}}