{"id":17699,"date":"2024-07-17T10:09:22","date_gmt":"2024-07-17T16:09:22","guid":{"rendered":"https:\/\/www.sensorialsunsets.com\/?p=17699"},"modified":"2024-07-17T10:09:57","modified_gmt":"2024-07-17T16:09:57","slug":"discover-camara-de-gessel-an-intimate-poetry-book-with-carolina-quintero-valverde","status":"publish","type":"post","link":"https:\/\/www.sensorialsunsets.com\/en\/discover-camara-de-gessel-an-intimate-poetry-book-with-carolina-quintero-valverde\/","title":{"rendered":"Discover C\u00e1mara De Gessel: An Intimate Poetry Book With Carolina Quintero Valverde"},"content":{"rendered":"\n<p>Next July 19, 2024, at 7 pm, the <a href=\"https:\/\/ccecr.org\/\">Centro Cultural de Espa\u00f1a<\/a> will be the stage for the presentation of the poetry book \u201cC\u00e1mara de Gessel\u201d by the talented Costa Rican poet Carolina Quintero Valverde. This event promises to be an evening full of poetry and reflection, where attendees will be able to immerse themselves in the intimate and familiar universe that Quintero explores in her most recent work.<\/p>\n\n<h3 class=\"wp-block-heading\">The Work And Its Content<\/h3>\n\n<figure class=\"wp-block-image size-full\"><img loading=\"lazy\" decoding=\"async\" width=\"840\" height=\"450\" src=\"https:\/\/www.sensorialsunsets.com\/wp-content\/uploads\/2024\/07\/Poemario-Camara-de-Gessel-Sensorial-Sunsets.png\" alt=\"Presentation of the poetry book &#x201C;C&#xE1;mara De Gessel&#x201D; by Carolina Quintero Valverde at the Centro Cultural de Espa&#xF1;a, July 19, 2024.\" class=\"wp-image-17674\" srcset=\"https:\/\/www.sensorialsunsets.com\/wp-content\/uploads\/2024\/07\/Poemario-Camara-de-Gessel-Sensorial-Sunsets.png 840w, https:\/\/www.sensorialsunsets.com\/wp-content\/uploads\/2024\/07\/Poemario-Camara-de-Gessel-Sensorial-Sunsets-300x161.png 300w, https:\/\/www.sensorialsunsets.com\/wp-content\/uploads\/2024\/07\/Poemario-Camara-de-Gessel-Sensorial-Sunsets-768x411.png 768w\" sizes=\"auto, (max-width: 840px) 100vw, 840px\" \/><\/figure>\n\n<p><\/p>\n\n<p><em>C\u00e1mara De Gessel<\/em> is a poetry book that revolves around a family photo, which is observed and interpreted by the poet as an object of study and an intimate spectacle. Through her verses, Carolina Quintero explores the behavior of her clan, describing their faces, gestures, stories, fortunes and emptiness. <\/p>\n\n<p>The author evokes these elements with surgical precision, without trying to displace them, but rather coexisting with their intention and origin. This exercise of memory and devotion seeks to help the poet understand their origin and establish a genealogy of the words and postures that arise when nostalgia and uncertainty are isolated in a controlled space.<\/p>\n\n<h3 class=\"wp-block-heading\">About Carolina Quintero Valverde<\/h3>\n\n<p>Carolina Quintero Valverde was born in 1989 in San Jos\u00e9, Costa Rica. She published her first book, <em>Peque\u00f1a Muerte En El \u00c1rtico<\/em>, in 2010 with Perro Azul publishing house, as part of the Poeta Joven project. Her second book, <em>Datos Adjuntos<\/em>, was released in 2016 by Espiral publishing house. <\/p>\n\n<figure class=\"wp-block-image size-full\"><img loading=\"lazy\" decoding=\"async\" width=\"840\" height=\"450\" src=\"https:\/\/www.sensorialsunsets.com\/wp-content\/uploads\/2024\/07\/Camara-de-Gessel-Poemario-Sensorial-Sunsets-1.png\" alt=\"Presentation of the poetry book &#x201C;C&#xE1;mara De Gessel&#x201D; by Carolina Quintero Valverde at the Centro Cultural de Espa&#xF1;a, July 19, 2024.\" class=\"wp-image-17668\" srcset=\"https:\/\/www.sensorialsunsets.com\/wp-content\/uploads\/2024\/07\/Camara-de-Gessel-Poemario-Sensorial-Sunsets-1.png 840w, https:\/\/www.sensorialsunsets.com\/wp-content\/uploads\/2024\/07\/Camara-de-Gessel-Poemario-Sensorial-Sunsets-1-300x161.png 300w, https:\/\/www.sensorialsunsets.com\/wp-content\/uploads\/2024\/07\/Camara-de-Gessel-Poemario-Sensorial-Sunsets-1-768x411.png 768w\" sizes=\"auto, (max-width: 840px) 100vw, 840px\" \/><\/figure>\n\n<p><\/p>\n\n<p>Quintero&#8217;s poems have been published in various Latin American magazines and some have been translated into Italian and French. She has participated in poetry festivals and meetings in Guatemala, El Salvador, Nicaragua, Mexico and Costa Rica. In addition, she has a degree in medicine from the University of Costa Rica and a master&#8217;s degree in Public Health and Epidemiology.<\/p>\n\n<h3 class=\"wp-block-heading\">Special Guests<\/h3>\n\n<p>The presentation will feature the participation of writers Alejandra Sol\u00f3rzano and Ang\u00e9lica Murillo. Alejandra Sol\u00f3rzano, writer and actress, is the author of <em>De Vez En Cuando En Cuando Hablo Con Ella<\/em> and <em>Detener La Historia<\/em> and Todo Esto Suceder\u00e1 Siempre. Her work is marked by her family&#8217;s exile and political migration, which is reflected in her poetry. <\/p>\n\n<p>Ang\u00e9lica Murillo has published <em>Variaciones En Torno A la Trayectoria De Una Hormiga<\/em> and <em>Sobre El Amor Filial Y Otras Desviaciones<\/em>. She is a Social Communicator with emphasis in Journalism.<\/p>\n\n<figure class=\"wp-block-gallery has-nested-images columns-default is-cropped wp-block-gallery-1 is-layout-flex wp-block-gallery-is-layout-flex\">\n<figure class=\"wp-block-image size-large\"><img loading=\"lazy\" decoding=\"async\" width=\"600\" height=\"800\" data-id=\"17679\" src=\"https:\/\/www.sensorialsunsets.com\/wp-content\/uploads\/2024\/07\/Alejandra-Solorzano-Sensorial-Sunsets.jpg\" alt=\"\" class=\"wp-image-17679\" srcset=\"https:\/\/www.sensorialsunsets.com\/wp-content\/uploads\/2024\/07\/Alejandra-Solorzano-Sensorial-Sunsets.jpg 600w, https:\/\/www.sensorialsunsets.com\/wp-content\/uploads\/2024\/07\/Alejandra-Solorzano-Sensorial-Sunsets-225x300.jpg 225w\" sizes=\"auto, (max-width: 600px) 100vw, 600px\" \/><figcaption class=\"wp-element-caption\">Alejandra Sol\u00f3rzano<\/figcaption><\/figure>\n\n\n\n<figure class=\"wp-block-image size-large\"><img loading=\"lazy\" decoding=\"async\" width=\"600\" height=\"800\" data-id=\"17682\" src=\"https:\/\/www.sensorialsunsets.com\/wp-content\/uploads\/2024\/07\/Angelica-Murillo-Sensorial-Sunsets.png\" alt=\"\" class=\"wp-image-17682\" srcset=\"https:\/\/www.sensorialsunsets.com\/wp-content\/uploads\/2024\/07\/Angelica-Murillo-Sensorial-Sunsets.png 600w, https:\/\/www.sensorialsunsets.com\/wp-content\/uploads\/2024\/07\/Angelica-Murillo-Sensorial-Sunsets-225x300.png 225w\" sizes=\"auto, (max-width: 600px) 100vw, 600px\" \/><figcaption class=\"wp-element-caption\">Ang\u00e9lica Murillo<\/figcaption><\/figure>\n\n\n\n<figure class=\"wp-block-image size-large\"><img loading=\"lazy\" decoding=\"async\" width=\"600\" height=\"800\" data-id=\"17685\" src=\"https:\/\/www.sensorialsunsets.com\/wp-content\/uploads\/2024\/07\/Alfredo-Trejos-Sensorial-Sunsets.png\" alt=\"\" class=\"wp-image-17685\" srcset=\"https:\/\/www.sensorialsunsets.com\/wp-content\/uploads\/2024\/07\/Alfredo-Trejos-Sensorial-Sunsets.png 600w, https:\/\/www.sensorialsunsets.com\/wp-content\/uploads\/2024\/07\/Alfredo-Trejos-Sensorial-Sunsets-225x300.png 225w\" sizes=\"auto, (max-width: 600px) 100vw, 600px\" \/><figcaption class=\"wp-element-caption\">Alfredo Trejos<\/figcaption><\/figure>\n<\/figure>\n\n<p><\/p>\n\n<h3 class=\"wp-block-heading\">Other Participants<\/h3>\n\n<p>The event will also feature Alfredo Trejos, a poet born in San Jos\u00e9 in 1977, who has received several literary awards, including the Aquileo J. Echeverr\u00eda National Prize for Poetry in 2011. Among his works are <em>Carta Sin Cuerpo<\/em>, <em>Arrullo Para La Noche T\u00f3xica<\/em>, and <em>Cine En los S\u00f3tanos<\/em>.<\/p>\n\n<p>The presentation of <em>C\u00e1mara De Gessel<\/em> will be a unique opportunity to enjoy the poetry of Carolina Quintero Valverde and share with other outstanding figures of the <a href=\"https:\/\/www.sensorialsunsets.com\/en\/literature-from-costa-rica-and-its-new-voices\/\">Costa Rican literary scene<\/a>. Don&#8217;t miss this evening of literature and reflection at the Centro Cultural de Espa\u00f1a.<\/p>\n\n<p><strong>Sensorial Sunsets<\/strong><\/p>\n","protected":false},"excerpt":{"rendered":"<p>Next July 19, 2024, at 7 pm, the Centro Cultural de Espa\u00f1a will be the stage for the presentation of the poetry book \u201cC\u00e1mara de Gessel\u201d by the talented Costa Rican poet Carolina Quintero Valverde. This event promises to be an evening full of poetry and reflection, where attendees will be able to immerse themselves [&hellip;]<\/p>\n","protected":false},"author":4,"featured_media":17659,"comment_status":"closed","ping_status":"closed","sticky":false,"template":"","format":"standard","meta":{"_acf_changed":false,"inline_featured_image":false,"_monsterinsights_skip_tracking":false,"_monsterinsights_sitenote_active":false,"_monsterinsights_sitenote_note":"","_monsterinsights_sitenote_category":0,"footnotes":""},"categories":[106,154],"tags":[],"class_list":["post-17699","post","type-post","status-publish","format-standard","has-post-thumbnail","hentry","category-culture-en","category-literature-en"],"acf":[],"yoast_head":"<!-- This site is optimized with the Yoast SEO plugin v27.4 - https:\/\/yoast.com\/product\/yoast-seo-wordpress\/ -->\n<title>Discover C\u00e1mara De Gessel: An Intimate Poetry Book With Carolina Quintero Valverde - SensorialSunsets<\/title>\n<meta name=\"description\" content=\"Presentation of the poetry book \u201cC\u00e1mara De Gessel\u201d by Carolina Quintero Valverde at the Centro Cultural de Espa\u00f1a, July 19, 2024.\" \/>\n<meta name=\"robots\" content=\"index, follow, max-snippet:-1, max-image-preview:large, max-video-preview:-1\" \/>\n<link rel=\"canonical\" href=\"https:\/\/www.sensorialsunsets.com\/en\/discover-camara-de-gessel-an-intimate-poetry-book-with-carolina-quintero-valverde\/\" \/>\n<meta property=\"og:locale\" content=\"en_US\" \/>\n<meta property=\"og:type\" content=\"article\" \/>\n<meta property=\"og:title\" content=\"Discover C\u00e1mara De Gessel: An Intimate Poetry Book With Carolina Quintero Valverde - SensorialSunsets\" \/>\n<meta property=\"og:description\" content=\"Presentation of the poetry book \u201cC\u00e1mara De Gessel\u201d by Carolina Quintero Valverde at the Centro Cultural de Espa\u00f1a, July 19, 2024.\" \/>\n<meta property=\"og:url\" content=\"https:\/\/www.sensorialsunsets.com\/en\/discover-camara-de-gessel-an-intimate-poetry-book-with-carolina-quintero-valverde\/\" \/>\n<meta property=\"og:site_name\" content=\"SensorialSunsets\" \/>\n<meta property=\"article:publisher\" content=\"https:\/\/www.facebook.com\/Sensorial-Sunsets-109180614715562\" \/>\n<meta property=\"article:published_time\" content=\"2024-07-17T16:09:22+00:00\" \/>\n<meta property=\"article:modified_time\" content=\"2024-07-17T16:09:57+00:00\" \/>\n<meta property=\"og:image\" content=\"https:\/\/www.sensorialsunsets.com\/wp-content\/uploads\/2024\/07\/Camara-de-Gessel-Poemario-Sensorial-Sunsets.png\" \/>\n\t<meta property=\"og:image:width\" content=\"840\" \/>\n\t<meta property=\"og:image:height\" content=\"350\" \/>\n\t<meta property=\"og:image:type\" content=\"image\/png\" \/>\n<meta name=\"author\" content=\"Sensorial Sunsets\" \/>\n<meta name=\"twitter:card\" content=\"summary_large_image\" \/>\n<meta name=\"twitter:label1\" content=\"Written by\" \/>\n\t<meta name=\"twitter:data1\" content=\"Sensorial Sunsets\" \/>\n\t<meta name=\"twitter:label2\" content=\"Est. reading time\" \/>\n\t<meta name=\"twitter:data2\" content=\"2 minutes\" \/>\n<script type=\"application\/ld+json\" class=\"yoast-schema-graph\">{\"@context\":\"https:\\\/\\\/schema.org\",\"@graph\":[{\"@type\":\"Article\",\"@id\":\"https:\\\/\\\/www.sensorialsunsets.com\\\/en\\\/discover-camara-de-gessel-an-intimate-poetry-book-with-carolina-quintero-valverde\\\/#article\",\"isPartOf\":{\"@id\":\"https:\\\/\\\/www.sensorialsunsets.com\\\/en\\\/discover-camara-de-gessel-an-intimate-poetry-book-with-carolina-quintero-valverde\\\/\"},\"author\":{\"name\":\"Sensorial Sunsets\",\"@id\":\"https:\\\/\\\/www.sensorialsunsets.com\\\/en\\\/#\\\/schema\\\/person\\\/77e2fa594135aa94024c47e281d8a94d\"},\"headline\":\"Discover C\u00e1mara De Gessel: An Intimate Poetry Book With Carolina Quintero Valverde\",\"datePublished\":\"2024-07-17T16:09:22+00:00\",\"dateModified\":\"2024-07-17T16:09:57+00:00\",\"mainEntityOfPage\":{\"@id\":\"https:\\\/\\\/www.sensorialsunsets.com\\\/en\\\/discover-camara-de-gessel-an-intimate-poetry-book-with-carolina-quintero-valverde\\\/\"},\"wordCount\":508,\"publisher\":{\"@id\":\"https:\\\/\\\/www.sensorialsunsets.com\\\/en\\\/#organization\"},\"image\":{\"@id\":\"https:\\\/\\\/www.sensorialsunsets.com\\\/en\\\/discover-camara-de-gessel-an-intimate-poetry-book-with-carolina-quintero-valverde\\\/#primaryimage\"},\"thumbnailUrl\":\"https:\\\/\\\/www.sensorialsunsets.com\\\/wp-content\\\/uploads\\\/2024\\\/07\\\/Camara-de-Gessel-Poemario-Sensorial-Sunsets.png\",\"articleSection\":[\"Culture\",\"Literature\"],\"inLanguage\":\"en-US\"},{\"@type\":\"WebPage\",\"@id\":\"https:\\\/\\\/www.sensorialsunsets.com\\\/en\\\/discover-camara-de-gessel-an-intimate-poetry-book-with-carolina-quintero-valverde\\\/\",\"url\":\"https:\\\/\\\/www.sensorialsunsets.com\\\/en\\\/discover-camara-de-gessel-an-intimate-poetry-book-with-carolina-quintero-valverde\\\/\",\"name\":\"Discover C\u00e1mara De Gessel: An Intimate Poetry Book With Carolina Quintero Valverde - SensorialSunsets\",\"isPartOf\":{\"@id\":\"https:\\\/\\\/www.sensorialsunsets.com\\\/en\\\/#website\"},\"primaryImageOfPage\":{\"@id\":\"https:\\\/\\\/www.sensorialsunsets.com\\\/en\\\/discover-camara-de-gessel-an-intimate-poetry-book-with-carolina-quintero-valverde\\\/#primaryimage\"},\"image\":{\"@id\":\"https:\\\/\\\/www.sensorialsunsets.com\\\/en\\\/discover-camara-de-gessel-an-intimate-poetry-book-with-carolina-quintero-valverde\\\/#primaryimage\"},\"thumbnailUrl\":\"https:\\\/\\\/www.sensorialsunsets.com\\\/wp-content\\\/uploads\\\/2024\\\/07\\\/Camara-de-Gessel-Poemario-Sensorial-Sunsets.png\",\"datePublished\":\"2024-07-17T16:09:22+00:00\",\"dateModified\":\"2024-07-17T16:09:57+00:00\",\"description\":\"Presentation of the poetry book \u201cC\u00e1mara De Gessel\u201d by Carolina Quintero Valverde at the Centro Cultural de Espa\u00f1a, July 19, 2024.\",\"inLanguage\":\"en-US\",\"potentialAction\":[{\"@type\":\"ReadAction\",\"target\":[\"https:\\\/\\\/www.sensorialsunsets.com\\\/en\\\/discover-camara-de-gessel-an-intimate-poetry-book-with-carolina-quintero-valverde\\\/\"]}]},{\"@type\":\"ImageObject\",\"inLanguage\":\"en-US\",\"@id\":\"https:\\\/\\\/www.sensorialsunsets.com\\\/en\\\/discover-camara-de-gessel-an-intimate-poetry-book-with-carolina-quintero-valverde\\\/#primaryimage\",\"url\":\"https:\\\/\\\/www.sensorialsunsets.com\\\/wp-content\\\/uploads\\\/2024\\\/07\\\/Camara-de-Gessel-Poemario-Sensorial-Sunsets.png\",\"contentUrl\":\"https:\\\/\\\/www.sensorialsunsets.com\\\/wp-content\\\/uploads\\\/2024\\\/07\\\/Camara-de-Gessel-Poemario-Sensorial-Sunsets.png\",\"width\":840,\"height\":350},{\"@type\":\"WebSite\",\"@id\":\"https:\\\/\\\/www.sensorialsunsets.com\\\/en\\\/#website\",\"url\":\"https:\\\/\\\/www.sensorialsunsets.com\\\/en\\\/\",\"name\":\"SensorialSunsets.com\",\"description\":\"Discover the culture and society of Costa Rica on our blog. Explore captivating articles and share the content.\",\"publisher\":{\"@id\":\"https:\\\/\\\/www.sensorialsunsets.com\\\/en\\\/#organization\"},\"alternateName\":\"Costa Rica Live Blog\",\"potentialAction\":[{\"@type\":\"SearchAction\",\"target\":{\"@type\":\"EntryPoint\",\"urlTemplate\":\"https:\\\/\\\/www.sensorialsunsets.com\\\/en\\\/?s={search_term_string}\"},\"query-input\":{\"@type\":\"PropertyValueSpecification\",\"valueRequired\":true,\"valueName\":\"search_term_string\"}}],\"inLanguage\":\"en-US\"},{\"@type\":\"Organization\",\"@id\":\"https:\\\/\\\/www.sensorialsunsets.com\\\/en\\\/#organization\",\"name\":\"SensorialSunsets\",\"url\":\"https:\\\/\\\/www.sensorialsunsets.com\\\/en\\\/\",\"logo\":{\"@type\":\"ImageObject\",\"inLanguage\":\"en-US\",\"@id\":\"https:\\\/\\\/www.sensorialsunsets.com\\\/en\\\/#\\\/schema\\\/logo\\\/image\\\/\",\"url\":\"https:\\\/\\\/www.sensorialsunsets.com\\\/wp-content\\\/uploads\\\/2023\\\/04\\\/Logo_base_line_fond_clair.svg\",\"contentUrl\":\"https:\\\/\\\/www.sensorialsunsets.com\\\/wp-content\\\/uploads\\\/2023\\\/04\\\/Logo_base_line_fond_clair.svg\",\"width\":\"1024\",\"height\":\"1024\",\"caption\":\"SensorialSunsets\"},\"image\":{\"@id\":\"https:\\\/\\\/www.sensorialsunsets.com\\\/en\\\/#\\\/schema\\\/logo\\\/image\\\/\"},\"sameAs\":[\"https:\\\/\\\/www.facebook.com\\\/Sensorial-Sunsets-109180614715562\",\"https:\\\/\\\/www.instagram.com\\\/sensorialsunsets\\\/\"]},{\"@type\":\"Person\",\"@id\":\"https:\\\/\\\/www.sensorialsunsets.com\\\/en\\\/#\\\/schema\\\/person\\\/77e2fa594135aa94024c47e281d8a94d\",\"name\":\"Sensorial Sunsets\",\"image\":{\"@type\":\"ImageObject\",\"inLanguage\":\"en-US\",\"@id\":\"https:\\\/\\\/secure.gravatar.com\\\/avatar\\\/5f2d62681b1dad94c28f1500d4fc75582acdfd32b55fd1acce0a36a3c487eabe?s=96&d=mm&r=g\",\"url\":\"https:\\\/\\\/secure.gravatar.com\\\/avatar\\\/5f2d62681b1dad94c28f1500d4fc75582acdfd32b55fd1acce0a36a3c487eabe?s=96&d=mm&r=g\",\"contentUrl\":\"https:\\\/\\\/secure.gravatar.com\\\/avatar\\\/5f2d62681b1dad94c28f1500d4fc75582acdfd32b55fd1acce0a36a3c487eabe?s=96&d=mm&r=g\",\"caption\":\"Sensorial Sunsets\"},\"url\":\"https:\\\/\\\/www.sensorialsunsets.com\\\/en\\\/author\\\/asistentes-sensorial-sunsets\\\/\"}]}<\/script>\n<!-- \/ Yoast SEO plugin. -->","yoast_head_json":{"title":"Discover C\u00e1mara De Gessel: An Intimate Poetry Book With Carolina Quintero Valverde - SensorialSunsets","description":"Presentation of the poetry book \u201cC\u00e1mara De Gessel\u201d by Carolina Quintero Valverde at the Centro Cultural de Espa\u00f1a, July 19, 2024.","robots":{"index":"index","follow":"follow","max-snippet":"max-snippet:-1","max-image-preview":"max-image-preview:large","max-video-preview":"max-video-preview:-1"},"canonical":"https:\/\/www.sensorialsunsets.com\/en\/discover-camara-de-gessel-an-intimate-poetry-book-with-carolina-quintero-valverde\/","og_locale":"en_US","og_type":"article","og_title":"Discover C\u00e1mara De Gessel: An Intimate Poetry Book With Carolina Quintero Valverde - SensorialSunsets","og_description":"Presentation of the poetry book \u201cC\u00e1mara De Gessel\u201d by Carolina Quintero Valverde at the Centro Cultural de Espa\u00f1a, July 19, 2024.","og_url":"https:\/\/www.sensorialsunsets.com\/en\/discover-camara-de-gessel-an-intimate-poetry-book-with-carolina-quintero-valverde\/","og_site_name":"SensorialSunsets","article_publisher":"https:\/\/www.facebook.com\/Sensorial-Sunsets-109180614715562","article_published_time":"2024-07-17T16:09:22+00:00","article_modified_time":"2024-07-17T16:09:57+00:00","og_image":[{"width":840,"height":350,"url":"https:\/\/www.sensorialsunsets.com\/wp-content\/uploads\/2024\/07\/Camara-de-Gessel-Poemario-Sensorial-Sunsets.png","type":"image\/png"}],"author":"Sensorial Sunsets","twitter_card":"summary_large_image","twitter_misc":{"Written by":"Sensorial Sunsets","Est. reading time":"2 minutes"},"schema":{"@context":"https:\/\/schema.org","@graph":[{"@type":"Article","@id":"https:\/\/www.sensorialsunsets.com\/en\/discover-camara-de-gessel-an-intimate-poetry-book-with-carolina-quintero-valverde\/#article","isPartOf":{"@id":"https:\/\/www.sensorialsunsets.com\/en\/discover-camara-de-gessel-an-intimate-poetry-book-with-carolina-quintero-valverde\/"},"author":{"name":"Sensorial Sunsets","@id":"https:\/\/www.sensorialsunsets.com\/en\/#\/schema\/person\/77e2fa594135aa94024c47e281d8a94d"},"headline":"Discover C\u00e1mara De Gessel: An Intimate Poetry Book With Carolina Quintero Valverde","datePublished":"2024-07-17T16:09:22+00:00","dateModified":"2024-07-17T16:09:57+00:00","mainEntityOfPage":{"@id":"https:\/\/www.sensorialsunsets.com\/en\/discover-camara-de-gessel-an-intimate-poetry-book-with-carolina-quintero-valverde\/"},"wordCount":508,"publisher":{"@id":"https:\/\/www.sensorialsunsets.com\/en\/#organization"},"image":{"@id":"https:\/\/www.sensorialsunsets.com\/en\/discover-camara-de-gessel-an-intimate-poetry-book-with-carolina-quintero-valverde\/#primaryimage"},"thumbnailUrl":"https:\/\/www.sensorialsunsets.com\/wp-content\/uploads\/2024\/07\/Camara-de-Gessel-Poemario-Sensorial-Sunsets.png","articleSection":["Culture","Literature"],"inLanguage":"en-US"},{"@type":"WebPage","@id":"https:\/\/www.sensorialsunsets.com\/en\/discover-camara-de-gessel-an-intimate-poetry-book-with-carolina-quintero-valverde\/","url":"https:\/\/www.sensorialsunsets.com\/en\/discover-camara-de-gessel-an-intimate-poetry-book-with-carolina-quintero-valverde\/","name":"Discover C\u00e1mara De Gessel: An Intimate Poetry Book With Carolina Quintero Valverde - SensorialSunsets","isPartOf":{"@id":"https:\/\/www.sensorialsunsets.com\/en\/#website"},"primaryImageOfPage":{"@id":"https:\/\/www.sensorialsunsets.com\/en\/discover-camara-de-gessel-an-intimate-poetry-book-with-carolina-quintero-valverde\/#primaryimage"},"image":{"@id":"https:\/\/www.sensorialsunsets.com\/en\/discover-camara-de-gessel-an-intimate-poetry-book-with-carolina-quintero-valverde\/#primaryimage"},"thumbnailUrl":"https:\/\/www.sensorialsunsets.com\/wp-content\/uploads\/2024\/07\/Camara-de-Gessel-Poemario-Sensorial-Sunsets.png","datePublished":"2024-07-17T16:09:22+00:00","dateModified":"2024-07-17T16:09:57+00:00","description":"Presentation of the poetry book \u201cC\u00e1mara De Gessel\u201d by Carolina Quintero Valverde at the Centro Cultural de Espa\u00f1a, July 19, 2024.","inLanguage":"en-US","potentialAction":[{"@type":"ReadAction","target":["https:\/\/www.sensorialsunsets.com\/en\/discover-camara-de-gessel-an-intimate-poetry-book-with-carolina-quintero-valverde\/"]}]},{"@type":"ImageObject","inLanguage":"en-US","@id":"https:\/\/www.sensorialsunsets.com\/en\/discover-camara-de-gessel-an-intimate-poetry-book-with-carolina-quintero-valverde\/#primaryimage","url":"https:\/\/www.sensorialsunsets.com\/wp-content\/uploads\/2024\/07\/Camara-de-Gessel-Poemario-Sensorial-Sunsets.png","contentUrl":"https:\/\/www.sensorialsunsets.com\/wp-content\/uploads\/2024\/07\/Camara-de-Gessel-Poemario-Sensorial-Sunsets.png","width":840,"height":350},{"@type":"WebSite","@id":"https:\/\/www.sensorialsunsets.com\/en\/#website","url":"https:\/\/www.sensorialsunsets.com\/en\/","name":"SensorialSunsets.com","description":"Discover the culture and society of Costa Rica on our blog. Explore captivating articles and share the content.","publisher":{"@id":"https:\/\/www.sensorialsunsets.com\/en\/#organization"},"alternateName":"Costa Rica Live Blog","potentialAction":[{"@type":"SearchAction","target":{"@type":"EntryPoint","urlTemplate":"https:\/\/www.sensorialsunsets.com\/en\/?s={search_term_string}"},"query-input":{"@type":"PropertyValueSpecification","valueRequired":true,"valueName":"search_term_string"}}],"inLanguage":"en-US"},{"@type":"Organization","@id":"https:\/\/www.sensorialsunsets.com\/en\/#organization","name":"SensorialSunsets","url":"https:\/\/www.sensorialsunsets.com\/en\/","logo":{"@type":"ImageObject","inLanguage":"en-US","@id":"https:\/\/www.sensorialsunsets.com\/en\/#\/schema\/logo\/image\/","url":"https:\/\/www.sensorialsunsets.com\/wp-content\/uploads\/2023\/04\/Logo_base_line_fond_clair.svg","contentUrl":"https:\/\/www.sensorialsunsets.com\/wp-content\/uploads\/2023\/04\/Logo_base_line_fond_clair.svg","width":"1024","height":"1024","caption":"SensorialSunsets"},"image":{"@id":"https:\/\/www.sensorialsunsets.com\/en\/#\/schema\/logo\/image\/"},"sameAs":["https:\/\/www.facebook.com\/Sensorial-Sunsets-109180614715562","https:\/\/www.instagram.com\/sensorialsunsets\/"]},{"@type":"Person","@id":"https:\/\/www.sensorialsunsets.com\/en\/#\/schema\/person\/77e2fa594135aa94024c47e281d8a94d","name":"Sensorial Sunsets","image":{"@type":"ImageObject","inLanguage":"en-US","@id":"https:\/\/secure.gravatar.com\/avatar\/5f2d62681b1dad94c28f1500d4fc75582acdfd32b55fd1acce0a36a3c487eabe?s=96&d=mm&r=g","url":"https:\/\/secure.gravatar.com\/avatar\/5f2d62681b1dad94c28f1500d4fc75582acdfd32b55fd1acce0a36a3c487eabe?s=96&d=mm&r=g","contentUrl":"https:\/\/secure.gravatar.com\/avatar\/5f2d62681b1dad94c28f1500d4fc75582acdfd32b55fd1acce0a36a3c487eabe?s=96&d=mm&r=g","caption":"Sensorial Sunsets"},"url":"https:\/\/www.sensorialsunsets.com\/en\/author\/asistentes-sensorial-sunsets\/"}]}},"_links":{"self":[{"href":"https:\/\/www.sensorialsunsets.com\/en\/wp-json\/wp\/v2\/posts\/17699","targetHints":{"allow":["GET"]}}],"collection":[{"href":"https:\/\/www.sensorialsunsets.com\/en\/wp-json\/wp\/v2\/posts"}],"about":[{"href":"https:\/\/www.sensorialsunsets.com\/en\/wp-json\/wp\/v2\/types\/post"}],"author":[{"embeddable":true,"href":"https:\/\/www.sensorialsunsets.com\/en\/wp-json\/wp\/v2\/users\/4"}],"replies":[{"embeddable":true,"href":"https:\/\/www.sensorialsunsets.com\/en\/wp-json\/wp\/v2\/comments?post=17699"}],"version-history":[{"count":0,"href":"https:\/\/www.sensorialsunsets.com\/en\/wp-json\/wp\/v2\/posts\/17699\/revisions"}],"wp:featuredmedia":[{"embeddable":true,"href":"https:\/\/www.sensorialsunsets.com\/en\/wp-json\/wp\/v2\/media\/17659"}],"wp:attachment":[{"href":"https:\/\/www.sensorialsunsets.com\/en\/wp-json\/wp\/v2\/media?parent=17699"}],"wp:term":[{"taxonomy":"category","embeddable":true,"href":"https:\/\/www.sensorialsunsets.com\/en\/wp-json\/wp\/v2\/categories?post=17699"},{"taxonomy":"post_tag","embeddable":true,"href":"https:\/\/www.sensorialsunsets.com\/en\/wp-json\/wp\/v2\/tags?post=17699"}],"curies":[{"name":"wp","href":"https:\/\/api.w.org\/{rel}","templated":true}]}}