{"id":20352,"date":"2025-01-27T14:57:10","date_gmt":"2025-01-27T20:57:10","guid":{"rendered":"https:\/\/www.sensorialsunsets.com\/?p=20352"},"modified":"2025-01-27T14:57:10","modified_gmt":"2025-01-27T20:57:10","slug":"jorge-debravo-the-immortal-legacy-of-a-costa-rican-poet","status":"publish","type":"post","link":"https:\/\/www.sensorialsunsets.com\/en\/jorge-debravo-the-immortal-legacy-of-a-costa-rican-poet\/","title":{"rendered":"Jorge Debravo: The Immortal Legacy of a Costa Rican Poet"},"content":{"rendered":"\n<p>Jorge Debravo, a Costa Rican poet.<\/p>\n\n\n\n<p>Every January 31st, Costa Rica honors the memory of one of its most representative poets: Jorge Delio Bravo Brenes, known artistically as Jorge Debravo. Since 1996, this date has been commemorated nationwide as a tribute to his birth, reaffirming his legacy as a key figure in Costa Rican literature.<\/p>\n\n\n\n<h3 class=\"wp-block-heading\"><strong>A legacy born in humility<\/strong><\/h3>\n\n\n\n<p>Jorge Debravo was born in Turrialba in 1938, into a peasant family that faced great hardship. From a very young age, his childhood was marked by the need to work the land to contribute to the sustenance of the home. However, these difficulties did not dampen his desire for knowledge. Against all odds, and on his own initiative, he managed to start his academic education at a late stage, demonstrating unwavering passion and perseverance from the outset.<\/p>\n\n\n\n<figure class=\"wp-block-gallery has-nested-images columns-default is-cropped wp-block-gallery-1 is-layout-flex wp-block-gallery-is-layout-flex\">\n<figure class=\"wp-block-image size-large\"><img loading=\"lazy\" decoding=\"async\" width=\"576\" height=\"1024\" data-id=\"20332\" src=\"https:\/\/www.sensorialsunsets.com\/wp-content\/uploads\/2025\/01\/foto-debravo-576x1024.jpeg\" alt=\"\" class=\"wp-image-20332\" srcset=\"https:\/\/www.sensorialsunsets.com\/wp-content\/uploads\/2025\/01\/foto-debravo-576x1024.jpeg 576w, https:\/\/www.sensorialsunsets.com\/wp-content\/uploads\/2025\/01\/foto-debravo-169x300.jpeg 169w, https:\/\/www.sensorialsunsets.com\/wp-content\/uploads\/2025\/01\/foto-debravo.jpeg 720w\" sizes=\"auto, (max-width: 576px) 100vw, 576px\" \/><\/figure>\n\n\n\n<figure class=\"wp-block-image size-large\"><img loading=\"lazy\" decoding=\"async\" width=\"645\" height=\"800\" data-id=\"20328\" src=\"https:\/\/www.sensorialsunsets.com\/wp-content\/uploads\/2025\/01\/debravo.png\" alt=\"\" class=\"wp-image-20328\" srcset=\"https:\/\/www.sensorialsunsets.com\/wp-content\/uploads\/2025\/01\/debravo.png 645w, https:\/\/www.sensorialsunsets.com\/wp-content\/uploads\/2025\/01\/debravo-242x300.png 242w\" sizes=\"auto, (max-width: 645px) 100vw, 645px\" \/><\/figure>\n\n\n\n<figure class=\"wp-block-image size-full\"><img loading=\"lazy\" decoding=\"async\" width=\"316\" height=\"475\" data-id=\"20345\" src=\"https:\/\/www.sensorialsunsets.com\/wp-content\/uploads\/2025\/01\/image-23.png\" alt=\"\" class=\"wp-image-20345\" srcset=\"https:\/\/www.sensorialsunsets.com\/wp-content\/uploads\/2025\/01\/image-23.png 316w, https:\/\/www.sensorialsunsets.com\/wp-content\/uploads\/2025\/01\/image-23-200x300.png 200w\" sizes=\"auto, (max-width: 316px) 100vw, 316px\" \/><\/figure>\n<\/figure>\n\n\n\n<h3 class=\"wp-block-heading\"><strong>The Birth of a Poet<\/strong><\/h3>\n\n\n\n<p>During his adolescence, Jorge Debravo began to stand out for his mastery of reading and writing. Self-taught and a voracious reader, he channeled his literary creativity by collaborating with the local newspaper El Turrialbe\u00f1o, where he published his first texts. He also founded the C\u00edrculo de Poetas Turrialbe\u00f1os (Circle of Poets of Turrialba), which later evolved to become the C\u00edrculo de Poetas Costarricenses (Circle of Costa Rican Poets), a space that fostered the development of poetry at the national level.<\/p>\n\n\n\n<h3 class=\"wp-block-heading\"><strong>Work and theme: humanity at the center<\/strong><\/h3>\n\n\n\n<p>Debravo&#8217;s <a href=\"\u201chttps:\/\/www.poesi.as\/Jorge_Debravo.htm\u201d\">poetry<\/a> is deeply rooted in human and social values. His writings explore subjects such as love, justice, solidarity and human dignity. Some of his most outstanding works include Milagro abierto, Consejos para Cristo al comenzar el a\u00f1o, Nosotros los hombres and Los despiertos. Some of his most emblematic poems include \u201cApunte interior\u201d (Inner Note), \u201cDespedida\u201d (Farewell), \u201cDesvestido\u201d (Undressed), \u201cDigo\u201d (I Say), \u201cDioses\u201d (Gods), \u201cEste sitio de angustia\u201d (This Place of Anguish), \u201cEternidad\u201d (Eternity) and \u201cNosotros los hombres\u201d (We Men).<\/p>\n\n\n\n<figure class=\"wp-block-pullquote\"><blockquote><p>El camino, despacio,<br>retrocede a nuestras espaldas.<br>Todos los \u00e1rboles se han alejado<br>hacia el poniente.<br>Todo en la tierra<br>se aleja alguna vez.<br>La luna y el paisaje.<br>El amor y la vida.<br>El reloj, en mi mu\u00f1eca,<br>dice que son las cinco de la tarde.<br>La hora de los adioses,<br>la hora en que la misma tarde<br>agita nubecillas en despedida.<\/p><cite><strong>Despedida<\/strong><\/cite><\/blockquote><\/figure>\n\n\n\n<p>A premature goodbye<\/p>\n\n\n\n<p>Jorge Debravo&#8217;s life was cut short in 1967, when he died at the age of 29 in a tragic car accident in San Jos\u00e9. Despite his early departure, his literary legacy and his impact on Costa Rican culture endure. His poems continue to be a source of inspiration and reflection on the human condition.<\/p>\n\n\n\n<figure class=\"wp-block-gallery has-nested-images columns-default is-cropped wp-block-gallery-2 is-layout-flex wp-block-gallery-is-layout-flex\">\n<figure class=\"wp-block-image size-large\"><img loading=\"lazy\" decoding=\"async\" width=\"552\" height=\"864\" data-id=\"20348\" src=\"https:\/\/www.sensorialsunsets.com\/wp-content\/uploads\/2025\/01\/image-24.png\" alt=\"\" class=\"wp-image-20348\" srcset=\"https:\/\/www.sensorialsunsets.com\/wp-content\/uploads\/2025\/01\/image-24.png 552w, https:\/\/www.sensorialsunsets.com\/wp-content\/uploads\/2025\/01\/image-24-192x300.png 192w\" sizes=\"auto, (max-width: 552px) 100vw, 552px\" \/><\/figure>\n\n\n\n<figure class=\"wp-block-image size-large\"><img loading=\"lazy\" decoding=\"async\" width=\"629\" height=\"1000\" data-id=\"20342\" src=\"https:\/\/www.sensorialsunsets.com\/wp-content\/uploads\/2025\/01\/image-22.png\" alt=\"\" class=\"wp-image-20342\" srcset=\"https:\/\/www.sensorialsunsets.com\/wp-content\/uploads\/2025\/01\/image-22.png 629w, https:\/\/www.sensorialsunsets.com\/wp-content\/uploads\/2025\/01\/image-22-189x300.png 189w\" sizes=\"auto, (max-width: 629px) 100vw, 629px\" \/><\/figure>\n\n\n\n<figure class=\"wp-block-image size-large\"><img loading=\"lazy\" decoding=\"async\" width=\"364\" height=\"478\" data-id=\"20338\" src=\"https:\/\/www.sensorialsunsets.com\/wp-content\/uploads\/2025\/01\/image-21.png\" alt=\"\" class=\"wp-image-20338\" srcset=\"https:\/\/www.sensorialsunsets.com\/wp-content\/uploads\/2025\/01\/image-21.png 364w, https:\/\/www.sensorialsunsets.com\/wp-content\/uploads\/2025\/01\/image-21-228x300.png 228w\" sizes=\"auto, (max-width: 364px) 100vw, 364px\" \/><\/figure>\n<\/figure>\n\n\n\n<h3 class=\"wp-block-heading\"><strong>National Poetry Day<\/strong><\/h3>\n\n\n\n<p>In recognition of his contribution to national literature, January 31 was declared National Poetry Day in 1996. This commemoration not only celebrates the life and work of Jorge Debravo, but also highlights the importance of poetry as a means of expression and cultural transformation in Costa Rica.<\/p>\n\n\n\n<p>Jorge Debravo is more than a poet; he is a symbol of resilience and passion for literature, whose voice continues to resonate in the hearts of those who seek in his words a fairer and more humane vision of the world.<\/p>\n\n\n\n<p><strong>Sensorial Sunsets<\/strong><\/p>\n","protected":false},"excerpt":{"rendered":"<p>Jorge Debravo, a Costa Rican poet. Every January 31st, Costa Rica honors the memory of one of its most representative poets: Jorge Delio Bravo Brenes, known artistically as Jorge Debravo. Since 1996, this date has been commemorated nationwide as a tribute to his birth, reaffirming his legacy as a key figure in Costa Rican literature. [&hellip;]<\/p>\n","protected":false},"author":4,"featured_media":20336,"comment_status":"closed","ping_status":"closed","sticky":false,"template":"","format":"standard","meta":{"_acf_changed":false,"inline_featured_image":false,"_monsterinsights_skip_tracking":false,"_monsterinsights_sitenote_active":false,"_monsterinsights_sitenote_note":"","_monsterinsights_sitenote_category":0,"footnotes":""},"categories":[8],"tags":[],"class_list":["post-20352","post","type-post","status-publish","format-standard","has-post-thumbnail","hentry","category-uncategorized"],"acf":[],"yoast_head":"<!-- This site is optimized with the Yoast SEO plugin v27.4 - https:\/\/yoast.com\/product\/yoast-seo-wordpress\/ -->\n<title>Jorge Debravo: The Immortal Legacy of a Costa Rican Poet - SensorialSunsets<\/title>\n<meta name=\"description\" content=\"Jorge Debravo since 1996 is commemorated as a tribute to his birth, reaffirming his legacy as a figure of Costa Rican literature.\" \/>\n<meta name=\"robots\" content=\"index, follow, max-snippet:-1, max-image-preview:large, max-video-preview:-1\" \/>\n<link rel=\"canonical\" href=\"https:\/\/www.sensorialsunsets.com\/en\/jorge-debravo-the-immortal-legacy-of-a-costa-rican-poet\/\" \/>\n<meta property=\"og:locale\" content=\"en_US\" \/>\n<meta property=\"og:type\" content=\"article\" \/>\n<meta property=\"og:title\" content=\"Jorge Debravo: The Immortal Legacy of a Costa Rican Poet - SensorialSunsets\" \/>\n<meta property=\"og:description\" content=\"Jorge Debravo since 1996 is commemorated as a tribute to his birth, reaffirming his legacy as a figure of Costa Rican literature.\" \/>\n<meta property=\"og:url\" content=\"https:\/\/www.sensorialsunsets.com\/en\/jorge-debravo-the-immortal-legacy-of-a-costa-rican-poet\/\" \/>\n<meta property=\"og:site_name\" content=\"SensorialSunsets\" \/>\n<meta property=\"article:publisher\" content=\"https:\/\/www.facebook.com\/Sensorial-Sunsets-109180614715562\" \/>\n<meta property=\"article:published_time\" content=\"2025-01-27T20:57:10+00:00\" \/>\n<meta property=\"og:image\" content=\"https:\/\/www.sensorialsunsets.com\/wp-content\/uploads\/2025\/01\/Design-sans-titre-1.png\" \/>\n\t<meta property=\"og:image:width\" content=\"840\" \/>\n\t<meta property=\"og:image:height\" content=\"450\" \/>\n\t<meta property=\"og:image:type\" content=\"image\/png\" \/>\n<meta name=\"author\" content=\"Sensorial Sunsets\" \/>\n<meta name=\"twitter:card\" content=\"summary_large_image\" \/>\n<meta name=\"twitter:label1\" content=\"Written by\" \/>\n\t<meta name=\"twitter:data1\" content=\"Sensorial Sunsets\" \/>\n\t<meta name=\"twitter:label2\" content=\"Est. reading time\" \/>\n\t<meta name=\"twitter:data2\" content=\"3 minutes\" \/>\n<script type=\"application\/ld+json\" class=\"yoast-schema-graph\">{\"@context\":\"https:\\\/\\\/schema.org\",\"@graph\":[{\"@type\":\"Article\",\"@id\":\"https:\\\/\\\/www.sensorialsunsets.com\\\/en\\\/jorge-debravo-the-immortal-legacy-of-a-costa-rican-poet\\\/#article\",\"isPartOf\":{\"@id\":\"https:\\\/\\\/www.sensorialsunsets.com\\\/en\\\/jorge-debravo-the-immortal-legacy-of-a-costa-rican-poet\\\/\"},\"author\":{\"name\":\"Sensorial Sunsets\",\"@id\":\"https:\\\/\\\/www.sensorialsunsets.com\\\/en\\\/#\\\/schema\\\/person\\\/77e2fa594135aa94024c47e281d8a94d\"},\"headline\":\"Jorge Debravo: The Immortal Legacy of a Costa Rican Poet\",\"datePublished\":\"2025-01-27T20:57:10+00:00\",\"mainEntityOfPage\":{\"@id\":\"https:\\\/\\\/www.sensorialsunsets.com\\\/en\\\/jorge-debravo-the-immortal-legacy-of-a-costa-rican-poet\\\/\"},\"wordCount\":532,\"publisher\":{\"@id\":\"https:\\\/\\\/www.sensorialsunsets.com\\\/en\\\/#organization\"},\"image\":{\"@id\":\"https:\\\/\\\/www.sensorialsunsets.com\\\/en\\\/jorge-debravo-the-immortal-legacy-of-a-costa-rican-poet\\\/#primaryimage\"},\"thumbnailUrl\":\"https:\\\/\\\/www.sensorialsunsets.com\\\/wp-content\\\/uploads\\\/2025\\\/01\\\/Design-sans-titre-1.png\",\"inLanguage\":\"en-US\"},{\"@type\":\"WebPage\",\"@id\":\"https:\\\/\\\/www.sensorialsunsets.com\\\/en\\\/jorge-debravo-the-immortal-legacy-of-a-costa-rican-poet\\\/\",\"url\":\"https:\\\/\\\/www.sensorialsunsets.com\\\/en\\\/jorge-debravo-the-immortal-legacy-of-a-costa-rican-poet\\\/\",\"name\":\"Jorge Debravo: The Immortal Legacy of a Costa Rican Poet - SensorialSunsets\",\"isPartOf\":{\"@id\":\"https:\\\/\\\/www.sensorialsunsets.com\\\/en\\\/#website\"},\"primaryImageOfPage\":{\"@id\":\"https:\\\/\\\/www.sensorialsunsets.com\\\/en\\\/jorge-debravo-the-immortal-legacy-of-a-costa-rican-poet\\\/#primaryimage\"},\"image\":{\"@id\":\"https:\\\/\\\/www.sensorialsunsets.com\\\/en\\\/jorge-debravo-the-immortal-legacy-of-a-costa-rican-poet\\\/#primaryimage\"},\"thumbnailUrl\":\"https:\\\/\\\/www.sensorialsunsets.com\\\/wp-content\\\/uploads\\\/2025\\\/01\\\/Design-sans-titre-1.png\",\"datePublished\":\"2025-01-27T20:57:10+00:00\",\"description\":\"Jorge Debravo since 1996 is commemorated as a tribute to his birth, reaffirming his legacy as a figure of Costa Rican literature.\",\"inLanguage\":\"en-US\",\"potentialAction\":[{\"@type\":\"ReadAction\",\"target\":[\"https:\\\/\\\/www.sensorialsunsets.com\\\/en\\\/jorge-debravo-the-immortal-legacy-of-a-costa-rican-poet\\\/\"]}]},{\"@type\":\"ImageObject\",\"inLanguage\":\"en-US\",\"@id\":\"https:\\\/\\\/www.sensorialsunsets.com\\\/en\\\/jorge-debravo-the-immortal-legacy-of-a-costa-rican-poet\\\/#primaryimage\",\"url\":\"https:\\\/\\\/www.sensorialsunsets.com\\\/wp-content\\\/uploads\\\/2025\\\/01\\\/Design-sans-titre-1.png\",\"contentUrl\":\"https:\\\/\\\/www.sensorialsunsets.com\\\/wp-content\\\/uploads\\\/2025\\\/01\\\/Design-sans-titre-1.png\",\"width\":840,\"height\":450},{\"@type\":\"WebSite\",\"@id\":\"https:\\\/\\\/www.sensorialsunsets.com\\\/en\\\/#website\",\"url\":\"https:\\\/\\\/www.sensorialsunsets.com\\\/en\\\/\",\"name\":\"SensorialSunsets.com\",\"description\":\"Discover the culture and society of Costa Rica on our blog. Explore captivating articles and share the content.\",\"publisher\":{\"@id\":\"https:\\\/\\\/www.sensorialsunsets.com\\\/en\\\/#organization\"},\"alternateName\":\"Costa Rica Live Blog\",\"potentialAction\":[{\"@type\":\"SearchAction\",\"target\":{\"@type\":\"EntryPoint\",\"urlTemplate\":\"https:\\\/\\\/www.sensorialsunsets.com\\\/en\\\/?s={search_term_string}\"},\"query-input\":{\"@type\":\"PropertyValueSpecification\",\"valueRequired\":true,\"valueName\":\"search_term_string\"}}],\"inLanguage\":\"en-US\"},{\"@type\":\"Organization\",\"@id\":\"https:\\\/\\\/www.sensorialsunsets.com\\\/en\\\/#organization\",\"name\":\"SensorialSunsets\",\"url\":\"https:\\\/\\\/www.sensorialsunsets.com\\\/en\\\/\",\"logo\":{\"@type\":\"ImageObject\",\"inLanguage\":\"en-US\",\"@id\":\"https:\\\/\\\/www.sensorialsunsets.com\\\/en\\\/#\\\/schema\\\/logo\\\/image\\\/\",\"url\":\"https:\\\/\\\/www.sensorialsunsets.com\\\/wp-content\\\/uploads\\\/2023\\\/04\\\/Logo_base_line_fond_clair.svg\",\"contentUrl\":\"https:\\\/\\\/www.sensorialsunsets.com\\\/wp-content\\\/uploads\\\/2023\\\/04\\\/Logo_base_line_fond_clair.svg\",\"width\":\"1024\",\"height\":\"1024\",\"caption\":\"SensorialSunsets\"},\"image\":{\"@id\":\"https:\\\/\\\/www.sensorialsunsets.com\\\/en\\\/#\\\/schema\\\/logo\\\/image\\\/\"},\"sameAs\":[\"https:\\\/\\\/www.facebook.com\\\/Sensorial-Sunsets-109180614715562\",\"https:\\\/\\\/www.instagram.com\\\/sensorialsunsets\\\/\"]},{\"@type\":\"Person\",\"@id\":\"https:\\\/\\\/www.sensorialsunsets.com\\\/en\\\/#\\\/schema\\\/person\\\/77e2fa594135aa94024c47e281d8a94d\",\"name\":\"Sensorial Sunsets\",\"image\":{\"@type\":\"ImageObject\",\"inLanguage\":\"en-US\",\"@id\":\"https:\\\/\\\/secure.gravatar.com\\\/avatar\\\/5f2d62681b1dad94c28f1500d4fc75582acdfd32b55fd1acce0a36a3c487eabe?s=96&d=mm&r=g\",\"url\":\"https:\\\/\\\/secure.gravatar.com\\\/avatar\\\/5f2d62681b1dad94c28f1500d4fc75582acdfd32b55fd1acce0a36a3c487eabe?s=96&d=mm&r=g\",\"contentUrl\":\"https:\\\/\\\/secure.gravatar.com\\\/avatar\\\/5f2d62681b1dad94c28f1500d4fc75582acdfd32b55fd1acce0a36a3c487eabe?s=96&d=mm&r=g\",\"caption\":\"Sensorial Sunsets\"},\"url\":\"https:\\\/\\\/www.sensorialsunsets.com\\\/en\\\/author\\\/asistentes-sensorial-sunsets\\\/\"}]}<\/script>\n<!-- \/ Yoast SEO plugin. -->","yoast_head_json":{"title":"Jorge Debravo: The Immortal Legacy of a Costa Rican Poet - SensorialSunsets","description":"Jorge Debravo since 1996 is commemorated as a tribute to his birth, reaffirming his legacy as a figure of Costa Rican literature.","robots":{"index":"index","follow":"follow","max-snippet":"max-snippet:-1","max-image-preview":"max-image-preview:large","max-video-preview":"max-video-preview:-1"},"canonical":"https:\/\/www.sensorialsunsets.com\/en\/jorge-debravo-the-immortal-legacy-of-a-costa-rican-poet\/","og_locale":"en_US","og_type":"article","og_title":"Jorge Debravo: The Immortal Legacy of a Costa Rican Poet - SensorialSunsets","og_description":"Jorge Debravo since 1996 is commemorated as a tribute to his birth, reaffirming his legacy as a figure of Costa Rican literature.","og_url":"https:\/\/www.sensorialsunsets.com\/en\/jorge-debravo-the-immortal-legacy-of-a-costa-rican-poet\/","og_site_name":"SensorialSunsets","article_publisher":"https:\/\/www.facebook.com\/Sensorial-Sunsets-109180614715562","article_published_time":"2025-01-27T20:57:10+00:00","og_image":[{"width":840,"height":450,"url":"https:\/\/www.sensorialsunsets.com\/wp-content\/uploads\/2025\/01\/Design-sans-titre-1.png","type":"image\/png"}],"author":"Sensorial Sunsets","twitter_card":"summary_large_image","twitter_misc":{"Written by":"Sensorial Sunsets","Est. reading time":"3 minutes"},"schema":{"@context":"https:\/\/schema.org","@graph":[{"@type":"Article","@id":"https:\/\/www.sensorialsunsets.com\/en\/jorge-debravo-the-immortal-legacy-of-a-costa-rican-poet\/#article","isPartOf":{"@id":"https:\/\/www.sensorialsunsets.com\/en\/jorge-debravo-the-immortal-legacy-of-a-costa-rican-poet\/"},"author":{"name":"Sensorial Sunsets","@id":"https:\/\/www.sensorialsunsets.com\/en\/#\/schema\/person\/77e2fa594135aa94024c47e281d8a94d"},"headline":"Jorge Debravo: The Immortal Legacy of a Costa Rican Poet","datePublished":"2025-01-27T20:57:10+00:00","mainEntityOfPage":{"@id":"https:\/\/www.sensorialsunsets.com\/en\/jorge-debravo-the-immortal-legacy-of-a-costa-rican-poet\/"},"wordCount":532,"publisher":{"@id":"https:\/\/www.sensorialsunsets.com\/en\/#organization"},"image":{"@id":"https:\/\/www.sensorialsunsets.com\/en\/jorge-debravo-the-immortal-legacy-of-a-costa-rican-poet\/#primaryimage"},"thumbnailUrl":"https:\/\/www.sensorialsunsets.com\/wp-content\/uploads\/2025\/01\/Design-sans-titre-1.png","inLanguage":"en-US"},{"@type":"WebPage","@id":"https:\/\/www.sensorialsunsets.com\/en\/jorge-debravo-the-immortal-legacy-of-a-costa-rican-poet\/","url":"https:\/\/www.sensorialsunsets.com\/en\/jorge-debravo-the-immortal-legacy-of-a-costa-rican-poet\/","name":"Jorge Debravo: The Immortal Legacy of a Costa Rican Poet - SensorialSunsets","isPartOf":{"@id":"https:\/\/www.sensorialsunsets.com\/en\/#website"},"primaryImageOfPage":{"@id":"https:\/\/www.sensorialsunsets.com\/en\/jorge-debravo-the-immortal-legacy-of-a-costa-rican-poet\/#primaryimage"},"image":{"@id":"https:\/\/www.sensorialsunsets.com\/en\/jorge-debravo-the-immortal-legacy-of-a-costa-rican-poet\/#primaryimage"},"thumbnailUrl":"https:\/\/www.sensorialsunsets.com\/wp-content\/uploads\/2025\/01\/Design-sans-titre-1.png","datePublished":"2025-01-27T20:57:10+00:00","description":"Jorge Debravo since 1996 is commemorated as a tribute to his birth, reaffirming his legacy as a figure of Costa Rican literature.","inLanguage":"en-US","potentialAction":[{"@type":"ReadAction","target":["https:\/\/www.sensorialsunsets.com\/en\/jorge-debravo-the-immortal-legacy-of-a-costa-rican-poet\/"]}]},{"@type":"ImageObject","inLanguage":"en-US","@id":"https:\/\/www.sensorialsunsets.com\/en\/jorge-debravo-the-immortal-legacy-of-a-costa-rican-poet\/#primaryimage","url":"https:\/\/www.sensorialsunsets.com\/wp-content\/uploads\/2025\/01\/Design-sans-titre-1.png","contentUrl":"https:\/\/www.sensorialsunsets.com\/wp-content\/uploads\/2025\/01\/Design-sans-titre-1.png","width":840,"height":450},{"@type":"WebSite","@id":"https:\/\/www.sensorialsunsets.com\/en\/#website","url":"https:\/\/www.sensorialsunsets.com\/en\/","name":"SensorialSunsets.com","description":"Discover the culture and society of Costa Rica on our blog. Explore captivating articles and share the content.","publisher":{"@id":"https:\/\/www.sensorialsunsets.com\/en\/#organization"},"alternateName":"Costa Rica Live Blog","potentialAction":[{"@type":"SearchAction","target":{"@type":"EntryPoint","urlTemplate":"https:\/\/www.sensorialsunsets.com\/en\/?s={search_term_string}"},"query-input":{"@type":"PropertyValueSpecification","valueRequired":true,"valueName":"search_term_string"}}],"inLanguage":"en-US"},{"@type":"Organization","@id":"https:\/\/www.sensorialsunsets.com\/en\/#organization","name":"SensorialSunsets","url":"https:\/\/www.sensorialsunsets.com\/en\/","logo":{"@type":"ImageObject","inLanguage":"en-US","@id":"https:\/\/www.sensorialsunsets.com\/en\/#\/schema\/logo\/image\/","url":"https:\/\/www.sensorialsunsets.com\/wp-content\/uploads\/2023\/04\/Logo_base_line_fond_clair.svg","contentUrl":"https:\/\/www.sensorialsunsets.com\/wp-content\/uploads\/2023\/04\/Logo_base_line_fond_clair.svg","width":"1024","height":"1024","caption":"SensorialSunsets"},"image":{"@id":"https:\/\/www.sensorialsunsets.com\/en\/#\/schema\/logo\/image\/"},"sameAs":["https:\/\/www.facebook.com\/Sensorial-Sunsets-109180614715562","https:\/\/www.instagram.com\/sensorialsunsets\/"]},{"@type":"Person","@id":"https:\/\/www.sensorialsunsets.com\/en\/#\/schema\/person\/77e2fa594135aa94024c47e281d8a94d","name":"Sensorial Sunsets","image":{"@type":"ImageObject","inLanguage":"en-US","@id":"https:\/\/secure.gravatar.com\/avatar\/5f2d62681b1dad94c28f1500d4fc75582acdfd32b55fd1acce0a36a3c487eabe?s=96&d=mm&r=g","url":"https:\/\/secure.gravatar.com\/avatar\/5f2d62681b1dad94c28f1500d4fc75582acdfd32b55fd1acce0a36a3c487eabe?s=96&d=mm&r=g","contentUrl":"https:\/\/secure.gravatar.com\/avatar\/5f2d62681b1dad94c28f1500d4fc75582acdfd32b55fd1acce0a36a3c487eabe?s=96&d=mm&r=g","caption":"Sensorial Sunsets"},"url":"https:\/\/www.sensorialsunsets.com\/en\/author\/asistentes-sensorial-sunsets\/"}]}},"_links":{"self":[{"href":"https:\/\/www.sensorialsunsets.com\/en\/wp-json\/wp\/v2\/posts\/20352","targetHints":{"allow":["GET"]}}],"collection":[{"href":"https:\/\/www.sensorialsunsets.com\/en\/wp-json\/wp\/v2\/posts"}],"about":[{"href":"https:\/\/www.sensorialsunsets.com\/en\/wp-json\/wp\/v2\/types\/post"}],"author":[{"embeddable":true,"href":"https:\/\/www.sensorialsunsets.com\/en\/wp-json\/wp\/v2\/users\/4"}],"replies":[{"embeddable":true,"href":"https:\/\/www.sensorialsunsets.com\/en\/wp-json\/wp\/v2\/comments?post=20352"}],"version-history":[{"count":2,"href":"https:\/\/www.sensorialsunsets.com\/en\/wp-json\/wp\/v2\/posts\/20352\/revisions"}],"predecessor-version":[{"id":20354,"href":"https:\/\/www.sensorialsunsets.com\/en\/wp-json\/wp\/v2\/posts\/20352\/revisions\/20354"}],"wp:featuredmedia":[{"embeddable":true,"href":"https:\/\/www.sensorialsunsets.com\/en\/wp-json\/wp\/v2\/media\/20336"}],"wp:attachment":[{"href":"https:\/\/www.sensorialsunsets.com\/en\/wp-json\/wp\/v2\/media?parent=20352"}],"wp:term":[{"taxonomy":"category","embeddable":true,"href":"https:\/\/www.sensorialsunsets.com\/en\/wp-json\/wp\/v2\/categories?post=20352"},{"taxonomy":"post_tag","embeddable":true,"href":"https:\/\/www.sensorialsunsets.com\/en\/wp-json\/wp\/v2\/tags?post=20352"}],"curies":[{"name":"wp","href":"https:\/\/api.w.org\/{rel}","templated":true}]}}