{"id":21018,"date":"2025-03-14T15:58:13","date_gmt":"2025-03-14T21:58:13","guid":{"rendered":"https:\/\/www.sensorialsunsets.com\/?p=21018"},"modified":"2025-03-14T15:58:13","modified_gmt":"2025-03-14T21:58:13","slug":"the-poas-volcano-national-park-reinforced-security-protocols","status":"publish","type":"post","link":"https:\/\/www.sensorialsunsets.com\/en\/the-poas-volcano-national-park-reinforced-security-protocols\/","title":{"rendered":"Po\u00e1s Volcano National Park: Reinforced Security Protocols"},"content":{"rendered":"\n<p>The Po\u00e1s Volcano National Park has officially reopened its doors to visitors, as announced by the National System of Conservation Areas (SINAC). Following the recent volcanic activity, the reopening takes place with updated security measures to protect tourists and park staff. The Ministry of Environment and Energy (MINAE), through the Central Conservation Area (ACC-SINAC), confirmed that the park is once again accessible under specific operational guidelines. These include a reduction in the number of visitors, the closure of the Botos Trail and the mandatory use of helmets to visit the crater viewpoint.<\/p>\n\n<h3 class=\"wp-block-heading\">Security Measures and Recent Evaluations<\/h3>\n\n<p>The National Park had been temporarily closed due to increased volcanic activity, including phreatic eruptions. Following safety protocols, the authorities restricted access while assessing the situation. They also assured that all measures taken prioritize the safety of visitors and park staff.<\/p>\n\n<p>Experts from the National Park, the National Emergency Commission (CNE) and the Volcanological and Seismological Observatory of Costa Rica (OVSICORI) took measurements to assess the current state of the volcano. Their findings indicate that activity levels have returned to acceptable limits, allowing the park to reopen.<\/p>\n\n<div style=\"height:100px\" aria-hidden=\"true\" class=\"wp-block-spacer\"><\/div>\n\n<figure class=\"wp-block-gallery has-nested-images columns-default is-cropped wp-block-gallery-1 is-layout-flex wp-block-gallery-is-layout-flex\">\n<figure class=\"wp-block-image size-large\"><img loading=\"lazy\" decoding=\"async\" width=\"1024\" height=\"683\" data-id=\"21005\" src=\"https:\/\/www.sensorialsunsets.com\/wp-content\/uploads\/2025\/03\/Costa-Rica-crater-volcan-Poas-1024x683.jpg\" alt=\"The Po&#xE1;s Volcano National Park\" class=\"wp-image-21005\" srcset=\"https:\/\/www.sensorialsunsets.com\/wp-content\/uploads\/2025\/03\/Costa-Rica-crater-volcan-Poas-1024x683.jpg 1024w, https:\/\/www.sensorialsunsets.com\/wp-content\/uploads\/2025\/03\/Costa-Rica-crater-volcan-Poas-300x200.jpg 300w, https:\/\/www.sensorialsunsets.com\/wp-content\/uploads\/2025\/03\/Costa-Rica-crater-volcan-Poas-768x512.jpg 768w, https:\/\/www.sensorialsunsets.com\/wp-content\/uploads\/2025\/03\/Costa-Rica-crater-volcan-Poas-334x222.jpg 334w, https:\/\/www.sensorialsunsets.com\/wp-content\/uploads\/2025\/03\/Costa-Rica-crater-volcan-Poas.jpg 1197w\" sizes=\"auto, (max-width: 1024px) 100vw, 1024px\" \/><\/figure>\n\n\n\n<figure class=\"wp-block-image size-large\"><img loading=\"lazy\" decoding=\"async\" width=\"1024\" height=\"682\" data-id=\"21008\" src=\"https:\/\/www.sensorialsunsets.com\/wp-content\/uploads\/2025\/03\/El-Parque-Nacional-Volcan-Poas-Reabre-con-Protocolos-de-Seguridad-Reforzados-1024x682.jpeg\" alt=\"The Po&#xE1;s Volcano National Park\" class=\"wp-image-21008\" srcset=\"https:\/\/www.sensorialsunsets.com\/wp-content\/uploads\/2025\/03\/El-Parque-Nacional-Volcan-Poas-Reabre-con-Protocolos-de-Seguridad-Reforzados-1024x682.jpeg 1024w, https:\/\/www.sensorialsunsets.com\/wp-content\/uploads\/2025\/03\/El-Parque-Nacional-Volcan-Poas-Reabre-con-Protocolos-de-Seguridad-Reforzados-300x200.jpeg 300w, https:\/\/www.sensorialsunsets.com\/wp-content\/uploads\/2025\/03\/El-Parque-Nacional-Volcan-Poas-Reabre-con-Protocolos-de-Seguridad-Reforzados-768x512.jpeg 768w, https:\/\/www.sensorialsunsets.com\/wp-content\/uploads\/2025\/03\/El-Parque-Nacional-Volcan-Poas-Reabre-con-Protocolos-de-Seguridad-Reforzados-334x222.jpeg 334w, https:\/\/www.sensorialsunsets.com\/wp-content\/uploads\/2025\/03\/El-Parque-Nacional-Volcan-Poas-Reabre-con-Protocolos-de-Seguridad-Reforzados.jpeg 1280w\" sizes=\"auto, (max-width: 1024px) 100vw, 1024px\" \/><\/figure>\n\n\n\n<figure class=\"wp-block-image size-large\"><img loading=\"lazy\" decoding=\"async\" width=\"1024\" height=\"680\" data-id=\"21011\" src=\"https:\/\/www.sensorialsunsets.com\/wp-content\/uploads\/2025\/03\/El-Parque-Nacional-Volcan-Poas-1024x680.jpg\" alt=\"The Po&#xE1;s Volcano National Park\" class=\"wp-image-21011\" srcset=\"https:\/\/www.sensorialsunsets.com\/wp-content\/uploads\/2025\/03\/El-Parque-Nacional-Volcan-Poas-1024x680.jpg 1024w, https:\/\/www.sensorialsunsets.com\/wp-content\/uploads\/2025\/03\/El-Parque-Nacional-Volcan-Poas-300x199.jpg 300w, https:\/\/www.sensorialsunsets.com\/wp-content\/uploads\/2025\/03\/El-Parque-Nacional-Volcan-Poas-768x510.jpg 768w, https:\/\/www.sensorialsunsets.com\/wp-content\/uploads\/2025\/03\/El-Parque-Nacional-Volcan-Poas-1536x1021.jpg 1536w, https:\/\/www.sensorialsunsets.com\/wp-content\/uploads\/2025\/03\/El-Parque-Nacional-Volcan-Poas-2048x1361.jpg 2048w, https:\/\/www.sensorialsunsets.com\/wp-content\/uploads\/2025\/03\/El-Parque-Nacional-Volcan-Poas-334x222.jpg 334w, https:\/\/www.sensorialsunsets.com\/wp-content\/uploads\/2025\/03\/El-Parque-Nacional-Volcan-Poas-1320x877.jpg 1320w\" sizes=\"auto, (max-width: 1024px) 100vw, 1024px\" \/><\/figure>\n<\/figure>\n\n<div style=\"height:100px\" aria-hidden=\"true\" class=\"wp-block-spacer\"><\/div>\n\n<h3 class=\"wp-block-heading\">Visitors&#8217; recommendations<\/h3>\n\n<p>Despite the reopening, MINAE urges visitors to follow all established safety protocols and to avoid entry through unauthorized access points. The <a href=\"&#x201C;https:\/\/www.sensorialsunsets.com\/los-quemaderos-del-volcan-poas\/&#x201D;\">National Park <\/a>has clear signage about high-risk areas, and tourists should exercise caution at all times.<\/p>\n\n<blockquote class=\"wp-block-quote is-layout-flow wp-block-quote-is-layout-flow\">\n<p>Always follow the instructions of the park rangers and stay on the designated trails.<\/p>\n<\/blockquote>\n\n<p>Tickets to the park must be purchased online through the official SINAC website: <a href=\"&#x201C;http:\/\/www.sinac.go.cr\/&#x201D;\">www.sinac.go.cr<\/a>.<\/p>\n\n<p>Those interested should contact park officials via email at <a href=\"&#x201C;poas.info@sinac.go.cr&#x201D;\">poas.info@sinac.go.cr<\/a>. Authorities recommend staying informed through official channels for any new updates on volcanic activity and park operations.<\/p>\n\n<p><strong>Sensorial Sunsets<\/strong><\/p>\n","protected":false},"excerpt":{"rendered":"<p>The Po\u00e1s Volcano National Park has officially reopened its doors to visitors, as announced by the National System of Conservation Areas (SINAC). Following the recent volcanic activity, the reopening takes place with updated security measures to protect tourists and park staff. The Ministry of Environment and Energy (MINAE), through the Central Conservation Area (ACC-SINAC), confirmed [&hellip;]<\/p>\n","protected":false},"author":4,"featured_media":21012,"comment_status":"closed","ping_status":"closed","sticky":false,"template":"","format":"standard","meta":{"_acf_changed":false,"inline_featured_image":false,"_monsterinsights_skip_tracking":false,"_monsterinsights_sitenote_active":false,"_monsterinsights_sitenote_note":"","_monsterinsights_sitenote_category":0,"footnotes":""},"categories":[8],"tags":[],"class_list":["post-21018","post","type-post","status-publish","format-standard","has-post-thumbnail","hentry","category-uncategorized"],"acf":[],"yoast_head":"<!-- This site is optimized with the Yoast SEO plugin v27.4 - https:\/\/yoast.com\/product\/yoast-seo-wordpress\/ -->\n<title>The Po\u00e1s Volcano National Park and Safety Protocols<\/title>\n<meta name=\"description\" content=\"The Po\u00e1s Volcano National Park has officially reopened its doors to visitors, as announced by the National System of Conservation Areas.\" \/>\n<meta name=\"robots\" content=\"index, follow, max-snippet:-1, max-image-preview:large, max-video-preview:-1\" \/>\n<link rel=\"canonical\" href=\"https:\/\/www.sensorialsunsets.com\/en\/the-poas-volcano-national-park-reinforced-security-protocols\/\" \/>\n<meta property=\"og:locale\" content=\"en_US\" \/>\n<meta property=\"og:type\" content=\"article\" \/>\n<meta property=\"og:title\" content=\"The Po\u00e1s Volcano National Park and Safety Protocols\" \/>\n<meta property=\"og:description\" content=\"The Po\u00e1s Volcano National Park has officially reopened its doors to visitors, as announced by the National System of Conservation Areas.\" \/>\n<meta property=\"og:url\" content=\"https:\/\/www.sensorialsunsets.com\/en\/the-poas-volcano-national-park-reinforced-security-protocols\/\" \/>\n<meta property=\"og:site_name\" content=\"SensorialSunsets\" \/>\n<meta property=\"article:publisher\" content=\"https:\/\/www.facebook.com\/Sensorial-Sunsets-109180614715562\" \/>\n<meta property=\"article:published_time\" content=\"2025-03-14T21:58:13+00:00\" \/>\n<meta property=\"og:image\" content=\"https:\/\/www.sensorialsunsets.com\/wp-content\/uploads\/2025\/03\/Costa-Rica-crater-volcan-Poas.jpg\" \/>\n\t<meta property=\"og:image:width\" content=\"1197\" \/>\n\t<meta property=\"og:image:height\" content=\"798\" \/>\n\t<meta property=\"og:image:type\" content=\"image\/jpeg\" \/>\n<meta name=\"author\" content=\"Sensorial Sunsets\" \/>\n<meta name=\"twitter:card\" content=\"summary_large_image\" \/>\n<meta name=\"twitter:label1\" content=\"Written by\" \/>\n\t<meta name=\"twitter:data1\" content=\"Sensorial Sunsets\" \/>\n\t<meta name=\"twitter:label2\" content=\"Est. reading time\" \/>\n\t<meta name=\"twitter:data2\" content=\"1 minute\" \/>\n<script type=\"application\/ld+json\" class=\"yoast-schema-graph\">{\"@context\":\"https:\\\/\\\/schema.org\",\"@graph\":[{\"@type\":\"Article\",\"@id\":\"https:\\\/\\\/www.sensorialsunsets.com\\\/en\\\/the-poas-volcano-national-park-reinforced-security-protocols\\\/#article\",\"isPartOf\":{\"@id\":\"https:\\\/\\\/www.sensorialsunsets.com\\\/en\\\/the-poas-volcano-national-park-reinforced-security-protocols\\\/\"},\"author\":{\"name\":\"Sensorial Sunsets\",\"@id\":\"https:\\\/\\\/www.sensorialsunsets.com\\\/en\\\/#\\\/schema\\\/person\\\/77e2fa594135aa94024c47e281d8a94d\"},\"headline\":\"Po\u00e1s Volcano National Park: Reinforced Security Protocols\",\"datePublished\":\"2025-03-14T21:58:13+00:00\",\"mainEntityOfPage\":{\"@id\":\"https:\\\/\\\/www.sensorialsunsets.com\\\/en\\\/the-poas-volcano-national-park-reinforced-security-protocols\\\/\"},\"wordCount\":296,\"publisher\":{\"@id\":\"https:\\\/\\\/www.sensorialsunsets.com\\\/en\\\/#organization\"},\"image\":{\"@id\":\"https:\\\/\\\/www.sensorialsunsets.com\\\/en\\\/the-poas-volcano-national-park-reinforced-security-protocols\\\/#primaryimage\"},\"thumbnailUrl\":\"https:\\\/\\\/www.sensorialsunsets.com\\\/wp-content\\\/uploads\\\/2025\\\/03\\\/El-Parque-Nacional-Volcan-Poas-scaled.jpg\",\"inLanguage\":\"en-US\"},{\"@type\":\"WebPage\",\"@id\":\"https:\\\/\\\/www.sensorialsunsets.com\\\/en\\\/the-poas-volcano-national-park-reinforced-security-protocols\\\/\",\"url\":\"https:\\\/\\\/www.sensorialsunsets.com\\\/en\\\/the-poas-volcano-national-park-reinforced-security-protocols\\\/\",\"name\":\"The Po\u00e1s Volcano National Park and Safety Protocols\",\"isPartOf\":{\"@id\":\"https:\\\/\\\/www.sensorialsunsets.com\\\/en\\\/#website\"},\"primaryImageOfPage\":{\"@id\":\"https:\\\/\\\/www.sensorialsunsets.com\\\/en\\\/the-poas-volcano-national-park-reinforced-security-protocols\\\/#primaryimage\"},\"image\":{\"@id\":\"https:\\\/\\\/www.sensorialsunsets.com\\\/en\\\/the-poas-volcano-national-park-reinforced-security-protocols\\\/#primaryimage\"},\"thumbnailUrl\":\"https:\\\/\\\/www.sensorialsunsets.com\\\/wp-content\\\/uploads\\\/2025\\\/03\\\/El-Parque-Nacional-Volcan-Poas-scaled.jpg\",\"datePublished\":\"2025-03-14T21:58:13+00:00\",\"description\":\"The Po\u00e1s Volcano National Park has officially reopened its doors to visitors, as announced by the National System of Conservation Areas.\",\"inLanguage\":\"en-US\",\"potentialAction\":[{\"@type\":\"ReadAction\",\"target\":[\"https:\\\/\\\/www.sensorialsunsets.com\\\/en\\\/the-poas-volcano-national-park-reinforced-security-protocols\\\/\"]}]},{\"@type\":\"ImageObject\",\"inLanguage\":\"en-US\",\"@id\":\"https:\\\/\\\/www.sensorialsunsets.com\\\/en\\\/the-poas-volcano-national-park-reinforced-security-protocols\\\/#primaryimage\",\"url\":\"https:\\\/\\\/www.sensorialsunsets.com\\\/wp-content\\\/uploads\\\/2025\\\/03\\\/El-Parque-Nacional-Volcan-Poas-scaled.jpg\",\"contentUrl\":\"https:\\\/\\\/www.sensorialsunsets.com\\\/wp-content\\\/uploads\\\/2025\\\/03\\\/El-Parque-Nacional-Volcan-Poas-scaled.jpg\",\"width\":2560,\"height\":1701,\"caption\":\"29\\\/08\\\/2018 Parque Nacional Volc\u00e1n Po\u00e1s.Reapertura del Parque Naional Volc\u00e1n Po\u00e1s, con la presencia del presidente de la Rep\u00fablica Carlos Alvarado. Fotos de Diana M\u00e9ndez\"},{\"@type\":\"WebSite\",\"@id\":\"https:\\\/\\\/www.sensorialsunsets.com\\\/en\\\/#website\",\"url\":\"https:\\\/\\\/www.sensorialsunsets.com\\\/en\\\/\",\"name\":\"SensorialSunsets.com\",\"description\":\"Discover the culture and society of Costa Rica on our blog. Explore captivating articles and share the content.\",\"publisher\":{\"@id\":\"https:\\\/\\\/www.sensorialsunsets.com\\\/en\\\/#organization\"},\"alternateName\":\"Costa Rica Live Blog\",\"potentialAction\":[{\"@type\":\"SearchAction\",\"target\":{\"@type\":\"EntryPoint\",\"urlTemplate\":\"https:\\\/\\\/www.sensorialsunsets.com\\\/en\\\/?s={search_term_string}\"},\"query-input\":{\"@type\":\"PropertyValueSpecification\",\"valueRequired\":true,\"valueName\":\"search_term_string\"}}],\"inLanguage\":\"en-US\"},{\"@type\":\"Organization\",\"@id\":\"https:\\\/\\\/www.sensorialsunsets.com\\\/en\\\/#organization\",\"name\":\"SensorialSunsets\",\"url\":\"https:\\\/\\\/www.sensorialsunsets.com\\\/en\\\/\",\"logo\":{\"@type\":\"ImageObject\",\"inLanguage\":\"en-US\",\"@id\":\"https:\\\/\\\/www.sensorialsunsets.com\\\/en\\\/#\\\/schema\\\/logo\\\/image\\\/\",\"url\":\"https:\\\/\\\/www.sensorialsunsets.com\\\/wp-content\\\/uploads\\\/2023\\\/04\\\/Logo_base_line_fond_clair.svg\",\"contentUrl\":\"https:\\\/\\\/www.sensorialsunsets.com\\\/wp-content\\\/uploads\\\/2023\\\/04\\\/Logo_base_line_fond_clair.svg\",\"width\":\"1024\",\"height\":\"1024\",\"caption\":\"SensorialSunsets\"},\"image\":{\"@id\":\"https:\\\/\\\/www.sensorialsunsets.com\\\/en\\\/#\\\/schema\\\/logo\\\/image\\\/\"},\"sameAs\":[\"https:\\\/\\\/www.facebook.com\\\/Sensorial-Sunsets-109180614715562\",\"https:\\\/\\\/www.instagram.com\\\/sensorialsunsets\\\/\"]},{\"@type\":\"Person\",\"@id\":\"https:\\\/\\\/www.sensorialsunsets.com\\\/en\\\/#\\\/schema\\\/person\\\/77e2fa594135aa94024c47e281d8a94d\",\"name\":\"Sensorial Sunsets\",\"image\":{\"@type\":\"ImageObject\",\"inLanguage\":\"en-US\",\"@id\":\"https:\\\/\\\/secure.gravatar.com\\\/avatar\\\/5f2d62681b1dad94c28f1500d4fc75582acdfd32b55fd1acce0a36a3c487eabe?s=96&d=mm&r=g\",\"url\":\"https:\\\/\\\/secure.gravatar.com\\\/avatar\\\/5f2d62681b1dad94c28f1500d4fc75582acdfd32b55fd1acce0a36a3c487eabe?s=96&d=mm&r=g\",\"contentUrl\":\"https:\\\/\\\/secure.gravatar.com\\\/avatar\\\/5f2d62681b1dad94c28f1500d4fc75582acdfd32b55fd1acce0a36a3c487eabe?s=96&d=mm&r=g\",\"caption\":\"Sensorial Sunsets\"},\"url\":\"https:\\\/\\\/www.sensorialsunsets.com\\\/en\\\/author\\\/asistentes-sensorial-sunsets\\\/\"}]}<\/script>\n<!-- \/ Yoast SEO plugin. -->","yoast_head_json":{"title":"The Po\u00e1s Volcano National Park and Safety Protocols","description":"The Po\u00e1s Volcano National Park has officially reopened its doors to visitors, as announced by the National System of Conservation Areas.","robots":{"index":"index","follow":"follow","max-snippet":"max-snippet:-1","max-image-preview":"max-image-preview:large","max-video-preview":"max-video-preview:-1"},"canonical":"https:\/\/www.sensorialsunsets.com\/en\/the-poas-volcano-national-park-reinforced-security-protocols\/","og_locale":"en_US","og_type":"article","og_title":"The Po\u00e1s Volcano National Park and Safety Protocols","og_description":"The Po\u00e1s Volcano National Park has officially reopened its doors to visitors, as announced by the National System of Conservation Areas.","og_url":"https:\/\/www.sensorialsunsets.com\/en\/the-poas-volcano-national-park-reinforced-security-protocols\/","og_site_name":"SensorialSunsets","article_publisher":"https:\/\/www.facebook.com\/Sensorial-Sunsets-109180614715562","article_published_time":"2025-03-14T21:58:13+00:00","og_image":[{"width":1197,"height":798,"url":"https:\/\/www.sensorialsunsets.com\/wp-content\/uploads\/2025\/03\/Costa-Rica-crater-volcan-Poas.jpg","type":"image\/jpeg"}],"author":"Sensorial Sunsets","twitter_card":"summary_large_image","twitter_misc":{"Written by":"Sensorial Sunsets","Est. reading time":"1 minute"},"schema":{"@context":"https:\/\/schema.org","@graph":[{"@type":"Article","@id":"https:\/\/www.sensorialsunsets.com\/en\/the-poas-volcano-national-park-reinforced-security-protocols\/#article","isPartOf":{"@id":"https:\/\/www.sensorialsunsets.com\/en\/the-poas-volcano-national-park-reinforced-security-protocols\/"},"author":{"name":"Sensorial Sunsets","@id":"https:\/\/www.sensorialsunsets.com\/en\/#\/schema\/person\/77e2fa594135aa94024c47e281d8a94d"},"headline":"Po\u00e1s Volcano National Park: Reinforced Security Protocols","datePublished":"2025-03-14T21:58:13+00:00","mainEntityOfPage":{"@id":"https:\/\/www.sensorialsunsets.com\/en\/the-poas-volcano-national-park-reinforced-security-protocols\/"},"wordCount":296,"publisher":{"@id":"https:\/\/www.sensorialsunsets.com\/en\/#organization"},"image":{"@id":"https:\/\/www.sensorialsunsets.com\/en\/the-poas-volcano-national-park-reinforced-security-protocols\/#primaryimage"},"thumbnailUrl":"https:\/\/www.sensorialsunsets.com\/wp-content\/uploads\/2025\/03\/El-Parque-Nacional-Volcan-Poas-scaled.jpg","inLanguage":"en-US"},{"@type":"WebPage","@id":"https:\/\/www.sensorialsunsets.com\/en\/the-poas-volcano-national-park-reinforced-security-protocols\/","url":"https:\/\/www.sensorialsunsets.com\/en\/the-poas-volcano-national-park-reinforced-security-protocols\/","name":"The Po\u00e1s Volcano National Park and Safety Protocols","isPartOf":{"@id":"https:\/\/www.sensorialsunsets.com\/en\/#website"},"primaryImageOfPage":{"@id":"https:\/\/www.sensorialsunsets.com\/en\/the-poas-volcano-national-park-reinforced-security-protocols\/#primaryimage"},"image":{"@id":"https:\/\/www.sensorialsunsets.com\/en\/the-poas-volcano-national-park-reinforced-security-protocols\/#primaryimage"},"thumbnailUrl":"https:\/\/www.sensorialsunsets.com\/wp-content\/uploads\/2025\/03\/El-Parque-Nacional-Volcan-Poas-scaled.jpg","datePublished":"2025-03-14T21:58:13+00:00","description":"The Po\u00e1s Volcano National Park has officially reopened its doors to visitors, as announced by the National System of Conservation Areas.","inLanguage":"en-US","potentialAction":[{"@type":"ReadAction","target":["https:\/\/www.sensorialsunsets.com\/en\/the-poas-volcano-national-park-reinforced-security-protocols\/"]}]},{"@type":"ImageObject","inLanguage":"en-US","@id":"https:\/\/www.sensorialsunsets.com\/en\/the-poas-volcano-national-park-reinforced-security-protocols\/#primaryimage","url":"https:\/\/www.sensorialsunsets.com\/wp-content\/uploads\/2025\/03\/El-Parque-Nacional-Volcan-Poas-scaled.jpg","contentUrl":"https:\/\/www.sensorialsunsets.com\/wp-content\/uploads\/2025\/03\/El-Parque-Nacional-Volcan-Poas-scaled.jpg","width":2560,"height":1701,"caption":"29\/08\/2018 Parque Nacional Volc\u00e1n Po\u00e1s.Reapertura del Parque Naional Volc\u00e1n Po\u00e1s, con la presencia del presidente de la Rep\u00fablica Carlos Alvarado. Fotos de Diana M\u00e9ndez"},{"@type":"WebSite","@id":"https:\/\/www.sensorialsunsets.com\/en\/#website","url":"https:\/\/www.sensorialsunsets.com\/en\/","name":"SensorialSunsets.com","description":"Discover the culture and society of Costa Rica on our blog. Explore captivating articles and share the content.","publisher":{"@id":"https:\/\/www.sensorialsunsets.com\/en\/#organization"},"alternateName":"Costa Rica Live Blog","potentialAction":[{"@type":"SearchAction","target":{"@type":"EntryPoint","urlTemplate":"https:\/\/www.sensorialsunsets.com\/en\/?s={search_term_string}"},"query-input":{"@type":"PropertyValueSpecification","valueRequired":true,"valueName":"search_term_string"}}],"inLanguage":"en-US"},{"@type":"Organization","@id":"https:\/\/www.sensorialsunsets.com\/en\/#organization","name":"SensorialSunsets","url":"https:\/\/www.sensorialsunsets.com\/en\/","logo":{"@type":"ImageObject","inLanguage":"en-US","@id":"https:\/\/www.sensorialsunsets.com\/en\/#\/schema\/logo\/image\/","url":"https:\/\/www.sensorialsunsets.com\/wp-content\/uploads\/2023\/04\/Logo_base_line_fond_clair.svg","contentUrl":"https:\/\/www.sensorialsunsets.com\/wp-content\/uploads\/2023\/04\/Logo_base_line_fond_clair.svg","width":"1024","height":"1024","caption":"SensorialSunsets"},"image":{"@id":"https:\/\/www.sensorialsunsets.com\/en\/#\/schema\/logo\/image\/"},"sameAs":["https:\/\/www.facebook.com\/Sensorial-Sunsets-109180614715562","https:\/\/www.instagram.com\/sensorialsunsets\/"]},{"@type":"Person","@id":"https:\/\/www.sensorialsunsets.com\/en\/#\/schema\/person\/77e2fa594135aa94024c47e281d8a94d","name":"Sensorial Sunsets","image":{"@type":"ImageObject","inLanguage":"en-US","@id":"https:\/\/secure.gravatar.com\/avatar\/5f2d62681b1dad94c28f1500d4fc75582acdfd32b55fd1acce0a36a3c487eabe?s=96&d=mm&r=g","url":"https:\/\/secure.gravatar.com\/avatar\/5f2d62681b1dad94c28f1500d4fc75582acdfd32b55fd1acce0a36a3c487eabe?s=96&d=mm&r=g","contentUrl":"https:\/\/secure.gravatar.com\/avatar\/5f2d62681b1dad94c28f1500d4fc75582acdfd32b55fd1acce0a36a3c487eabe?s=96&d=mm&r=g","caption":"Sensorial Sunsets"},"url":"https:\/\/www.sensorialsunsets.com\/en\/author\/asistentes-sensorial-sunsets\/"}]}},"_links":{"self":[{"href":"https:\/\/www.sensorialsunsets.com\/en\/wp-json\/wp\/v2\/posts\/21018","targetHints":{"allow":["GET"]}}],"collection":[{"href":"https:\/\/www.sensorialsunsets.com\/en\/wp-json\/wp\/v2\/posts"}],"about":[{"href":"https:\/\/www.sensorialsunsets.com\/en\/wp-json\/wp\/v2\/types\/post"}],"author":[{"embeddable":true,"href":"https:\/\/www.sensorialsunsets.com\/en\/wp-json\/wp\/v2\/users\/4"}],"replies":[{"embeddable":true,"href":"https:\/\/www.sensorialsunsets.com\/en\/wp-json\/wp\/v2\/comments?post=21018"}],"version-history":[{"count":1,"href":"https:\/\/www.sensorialsunsets.com\/en\/wp-json\/wp\/v2\/posts\/21018\/revisions"}],"predecessor-version":[{"id":21019,"href":"https:\/\/www.sensorialsunsets.com\/en\/wp-json\/wp\/v2\/posts\/21018\/revisions\/21019"}],"wp:featuredmedia":[{"embeddable":true,"href":"https:\/\/www.sensorialsunsets.com\/en\/wp-json\/wp\/v2\/media\/21012"}],"wp:attachment":[{"href":"https:\/\/www.sensorialsunsets.com\/en\/wp-json\/wp\/v2\/media?parent=21018"}],"wp:term":[{"taxonomy":"category","embeddable":true,"href":"https:\/\/www.sensorialsunsets.com\/en\/wp-json\/wp\/v2\/categories?post=21018"},{"taxonomy":"post_tag","embeddable":true,"href":"https:\/\/www.sensorialsunsets.com\/en\/wp-json\/wp\/v2\/tags?post=21018"}],"curies":[{"name":"wp","href":"https:\/\/api.w.org\/{rel}","templated":true}]}}