{"id":22415,"date":"2025-07-11T15:36:24","date_gmt":"2025-07-11T21:36:24","guid":{"rendered":"https:\/\/www.sensorialsunsets.com\/?p=22415"},"modified":"2025-07-11T15:36:24","modified_gmt":"2025-07-11T21:36:24","slug":"barrio-amon-free-cinema-history-and-a-critical-perspective","status":"publish","type":"post","link":"https:\/\/www.sensorialsunsets.com\/en\/barrio-amon-free-cinema-history-and-a-critical-perspective\/","title":{"rendered":"Barrio Am\u00f3n: free cinema, history, and a critical perspective"},"content":{"rendered":"\n<h3 class=\"wp-block-heading\">Pre\u00e1mbulo presents &#8220;Miradas: Neither fiction nor documentary&#8221;, an unmissable cultural experience in the heart of San Jos\u00e9.<\/h3>\n\n<p>If you are in San Jos\u00e9 in mid-July and looking for something different to enjoy the city, the Film Center is opening its doors with an offering that combines art, reflection, and a journey through the most provocative contemporary cinema. This is the series <em>Miradas: Neither fiction nor documentary<\/em>, part of the Pre\u00e1mbulo program, an initiative that has transformed the G\u00f3mez Miralles theater in Barrio Am\u00f3n.<\/p>\n\n<blockquote class=\"wp-block-quote is-layout-flow wp-block-quote-is-layout-flow\">\n<p>For three days, from July 17 to 19, the public can attend free screenings that explore themes such as memory, the body, freedom, and resistance, all through films that move between fiction and documentary. But beyond the films, the experience invites you to rediscover San Jos\u00e9 from a sensory, critical, and human perspective.<\/p>\n<\/blockquote>\n\n<h3 class=\"wp-block-heading\">Miradas: Neither fiction nor documentary<\/h3>\n\n<p>During this cycle, four feature films from different corners of the world\u2014from Iran to Costa Rica\u2014will be presented, inviting viewers to think, feel, and discuss current issues. Among them are stories about survivors reconstructing their memories, women breaking the silence, families torn apart by absence, and creators facing censorship. All have something in common: the use of a cinematic language that defies traditional labels.<\/p>\n\n<div style=\"height:100px\" aria-hidden=\"true\" class=\"wp-block-spacer\"><\/div>\n\n<figure class=\"wp-block-gallery has-nested-images columns-default is-cropped wp-block-gallery-1 is-layout-flex wp-block-gallery-is-layout-flex\">\n<figure class=\"wp-block-image size-large\"><img loading=\"lazy\" decoding=\"async\" width=\"1024\" height=\"722\" data-id=\"22407\" src=\"https:\/\/www.sensorialsunsets.com\/wp-content\/uploads\/2025\/07\/2022-11-Memorias_bts-568-1024x722.jpg\" alt=\"Barrio Am&#xF3;n and Pre&#xE1;mbulo &#x201C;Miradas: Neither fiction nor documentary&#x201D;\" class=\"wp-image-22407\" srcset=\"https:\/\/www.sensorialsunsets.com\/wp-content\/uploads\/2025\/07\/2022-11-Memorias_bts-568-1024x722.jpg 1024w, https:\/\/www.sensorialsunsets.com\/wp-content\/uploads\/2025\/07\/2022-11-Memorias_bts-568-300x211.jpg 300w, https:\/\/www.sensorialsunsets.com\/wp-content\/uploads\/2025\/07\/2022-11-Memorias_bts-568-768x541.jpg 768w, https:\/\/www.sensorialsunsets.com\/wp-content\/uploads\/2025\/07\/2022-11-Memorias_bts-568.jpg 1300w\" sizes=\"auto, (max-width: 1024px) 100vw, 1024px\" \/><\/figure>\n\n\n\n<figure class=\"wp-block-image size-large\"><img loading=\"lazy\" decoding=\"async\" width=\"700\" height=\"394\" data-id=\"22401\" src=\"https:\/\/www.sensorialsunsets.com\/wp-content\/uploads\/2025\/07\/Four-Daughters.webp\" alt=\"Barrio Am&#xF3;n and Pre&#xE1;mbulo &#x201C;Miradas: Neither fiction nor documentary&#x201D;\" class=\"wp-image-22401\" srcset=\"https:\/\/www.sensorialsunsets.com\/wp-content\/uploads\/2025\/07\/Four-Daughters.webp 700w, https:\/\/www.sensorialsunsets.com\/wp-content\/uploads\/2025\/07\/Four-Daughters-300x169.webp 300w\" sizes=\"auto, (max-width: 700px) 100vw, 700px\" \/><\/figure>\n\n\n\n<figure class=\"wp-block-image size-large\"><img loading=\"lazy\" decoding=\"async\" width=\"1024\" height=\"426\" data-id=\"22404\" src=\"https:\/\/www.sensorialsunsets.com\/wp-content\/uploads\/2025\/07\/Reconstructing-Utoya-1024x426.jpg\" alt=\"Barrio Am&#xF3;n and Pre&#xE1;mbulo &#x201C;Miradas: Neither fiction nor documentary&#x201D;\" class=\"wp-image-22404\" srcset=\"https:\/\/www.sensorialsunsets.com\/wp-content\/uploads\/2025\/07\/Reconstructing-Utoya-1024x426.jpg 1024w, https:\/\/www.sensorialsunsets.com\/wp-content\/uploads\/2025\/07\/Reconstructing-Utoya-300x125.jpg 300w, https:\/\/www.sensorialsunsets.com\/wp-content\/uploads\/2025\/07\/Reconstructing-Utoya-768x319.jpg 768w, https:\/\/www.sensorialsunsets.com\/wp-content\/uploads\/2025\/07\/Reconstructing-Utoya-1536x638.jpg 1536w, https:\/\/www.sensorialsunsets.com\/wp-content\/uploads\/2025\/07\/Reconstructing-Utoya-1320x549.jpg 1320w, https:\/\/www.sensorialsunsets.com\/wp-content\/uploads\/2025\/07\/Reconstructing-Utoya.jpg 1920w\" sizes=\"auto, (max-width: 1024px) 100vw, 1024px\" \/><\/figure>\n<\/figure>\n\n<div style=\"height:100px\" aria-hidden=\"true\" class=\"wp-block-spacer\"><\/div>\n\n<p>The program includes international and national titles that invite reflection from different perspectives and styles. Among them are <em>Reconstructing Utoya<\/em>, a moving exercise in collective memory; <em>Four Daughters<\/em>, an intimate exploration of motherhood and rebellion; Memorias de un cuerpo que arde (Memories of a Body on Fire), a Costa Rican production that gives voice to women and their silenced desires; and No Bears, a work by acclaimed Iranian filmmaker Jafar Panahi that questions the limits of creative freedom. Each film, with its own unique language, enriches this offering that goes beyond entertainment.<\/p>\n\n<h3 class=\"wp-block-heading\">Save the date:<\/h3>\n\n<ul class=\"wp-block-list\">\n<li><strong>Location:<\/strong> Film Center, G\u00f3mez Miralles Theater \u2013 Am\u00f3n Neighborhood, San Jos\u00e9<\/li>\n\n\n\n<li><strong>Dates:<\/strong> Thursday, July 17 to Saturday, July 19<\/li>\n\n\n\n<li><strong>Time:<\/strong> 7:00 p.m. (there will also be a performance on Saturday at 4:00 p.m.)<\/li>\n\n\n\n<li>Admission: Free, on a first-come, first-served basis<\/li>\n<\/ul>\n\n<h3 class=\"wp-block-heading\">Why go?<\/h3>\n\n<p>Because it&#8217;s a different way to get to know Costa Rica from the inside. That is, through its cultural spaces, its artistic voices, and its active participation in international dialogue. Whether you&#8217;re just passing through, spending a night at the Film Center is a way to connect with the contemporary pulse of the country.<\/p>\n\n<h3 class=\"wp-block-heading has-white-color has-text-color has-link-color has-small-font-size wp-elements-1c368c158900515612afc8efc3ed3a23\">Barrio Am\u00f3n and Pre\u00e1mbulo \u201cMiradas: Neither fiction nor documentary\u201d<\/h3>\n\n<p>More information and schedule at: <a class=\"\" href=\"https:\/\/instagram.com\/preambulocr\">@preambulocr<\/a><\/p>\n\n<p><strong>Sensorial Sunsets<\/strong><\/p>\n","protected":false},"excerpt":{"rendered":"<p>Pre\u00e1mbulo presents &#8220;Miradas: Neither fiction nor documentary&#8221;, an unmissable cultural experience in the heart of San Jos\u00e9. If you are in San Jos\u00e9 in mid-July and looking for something different to enjoy the city, the Film Center is opening its doors with an offering that combines art, reflection, and a journey through the most provocative [&hellip;]<\/p>\n","protected":false},"author":4,"featured_media":22411,"comment_status":"closed","ping_status":"closed","sticky":false,"template":"","format":"standard","meta":{"_acf_changed":false,"inline_featured_image":false,"_monsterinsights_skip_tracking":false,"_monsterinsights_sitenote_active":false,"_monsterinsights_sitenote_note":"","_monsterinsights_sitenote_category":0,"footnotes":""},"categories":[8],"tags":[],"class_list":["post-22415","post","type-post","status-publish","format-standard","has-post-thumbnail","hentry","category-uncategorized"],"acf":[],"yoast_head":"<!-- This site is optimized with the Yoast SEO plugin v27.4 - https:\/\/yoast.com\/product\/yoast-seo-wordpress\/ -->\n<title>Barrio Am\u00f3n: free cinema, history, and a critical perspective<\/title>\n<meta name=\"description\" content=\"Barrio Am\u00f3n becomes a movie set with \u201cMiradas: Ni ficci\u00f3n, ni documental\u201d, a free film series at the Film Center.\" \/>\n<meta name=\"robots\" content=\"index, follow, max-snippet:-1, max-image-preview:large, max-video-preview:-1\" \/>\n<link rel=\"canonical\" href=\"https:\/\/www.sensorialsunsets.com\/en\/barrio-amon-free-cinema-history-and-a-critical-perspective\/\" \/>\n<meta property=\"og:locale\" content=\"en_US\" \/>\n<meta property=\"og:type\" content=\"article\" \/>\n<meta property=\"og:title\" content=\"Barrio Am\u00f3n: free cinema, history, and a critical perspective\" \/>\n<meta property=\"og:description\" content=\"Barrio Am\u00f3n becomes a movie set with \u201cMiradas: Ni ficci\u00f3n, ni documental\u201d, a free film series at the Film Center.\" \/>\n<meta property=\"og:url\" content=\"https:\/\/www.sensorialsunsets.com\/en\/barrio-amon-free-cinema-history-and-a-critical-perspective\/\" \/>\n<meta property=\"og:site_name\" content=\"SensorialSunsets\" \/>\n<meta property=\"article:publisher\" content=\"https:\/\/www.facebook.com\/Sensorial-Sunsets-109180614715562\" \/>\n<meta property=\"article:published_time\" content=\"2025-07-11T21:36:24+00:00\" \/>\n<meta property=\"og:image\" content=\"https:\/\/www.sensorialsunsets.com\/wp-content\/uploads\/2025\/07\/centro-de-cine.png\" \/>\n\t<meta property=\"og:image:width\" content=\"1280\" \/>\n\t<meta property=\"og:image:height\" content=\"530\" \/>\n\t<meta property=\"og:image:type\" content=\"image\/png\" \/>\n<meta name=\"author\" content=\"Sensorial Sunsets\" \/>\n<meta name=\"twitter:card\" content=\"summary_large_image\" \/>\n<meta name=\"twitter:label1\" content=\"Written by\" \/>\n\t<meta name=\"twitter:data1\" content=\"Sensorial Sunsets\" \/>\n\t<meta name=\"twitter:label2\" content=\"Est. reading time\" \/>\n\t<meta name=\"twitter:data2\" content=\"2 minutes\" \/>\n<script type=\"application\/ld+json\" class=\"yoast-schema-graph\">{\"@context\":\"https:\\\/\\\/schema.org\",\"@graph\":[{\"@type\":\"Article\",\"@id\":\"https:\\\/\\\/www.sensorialsunsets.com\\\/en\\\/barrio-amon-free-cinema-history-and-a-critical-perspective\\\/#article\",\"isPartOf\":{\"@id\":\"https:\\\/\\\/www.sensorialsunsets.com\\\/en\\\/barrio-amon-free-cinema-history-and-a-critical-perspective\\\/\"},\"author\":{\"name\":\"Sensorial Sunsets\",\"@id\":\"https:\\\/\\\/www.sensorialsunsets.com\\\/en\\\/#\\\/schema\\\/person\\\/77e2fa594135aa94024c47e281d8a94d\"},\"headline\":\"Barrio Am\u00f3n: free cinema, history, and a critical perspective\",\"datePublished\":\"2025-07-11T21:36:24+00:00\",\"mainEntityOfPage\":{\"@id\":\"https:\\\/\\\/www.sensorialsunsets.com\\\/en\\\/barrio-amon-free-cinema-history-and-a-critical-perspective\\\/\"},\"wordCount\":430,\"publisher\":{\"@id\":\"https:\\\/\\\/www.sensorialsunsets.com\\\/en\\\/#organization\"},\"image\":{\"@id\":\"https:\\\/\\\/www.sensorialsunsets.com\\\/en\\\/barrio-amon-free-cinema-history-and-a-critical-perspective\\\/#primaryimage\"},\"thumbnailUrl\":\"https:\\\/\\\/www.sensorialsunsets.com\\\/wp-content\\\/uploads\\\/2025\\\/07\\\/centro-de-cine.png\",\"inLanguage\":\"en-US\"},{\"@type\":\"WebPage\",\"@id\":\"https:\\\/\\\/www.sensorialsunsets.com\\\/en\\\/barrio-amon-free-cinema-history-and-a-critical-perspective\\\/\",\"url\":\"https:\\\/\\\/www.sensorialsunsets.com\\\/en\\\/barrio-amon-free-cinema-history-and-a-critical-perspective\\\/\",\"name\":\"Barrio Am\u00f3n: free cinema, history, and a critical perspective\",\"isPartOf\":{\"@id\":\"https:\\\/\\\/www.sensorialsunsets.com\\\/en\\\/#website\"},\"primaryImageOfPage\":{\"@id\":\"https:\\\/\\\/www.sensorialsunsets.com\\\/en\\\/barrio-amon-free-cinema-history-and-a-critical-perspective\\\/#primaryimage\"},\"image\":{\"@id\":\"https:\\\/\\\/www.sensorialsunsets.com\\\/en\\\/barrio-amon-free-cinema-history-and-a-critical-perspective\\\/#primaryimage\"},\"thumbnailUrl\":\"https:\\\/\\\/www.sensorialsunsets.com\\\/wp-content\\\/uploads\\\/2025\\\/07\\\/centro-de-cine.png\",\"datePublished\":\"2025-07-11T21:36:24+00:00\",\"description\":\"Barrio Am\u00f3n becomes a movie set with \u201cMiradas: Ni ficci\u00f3n, ni documental\u201d, a free film series at the Film Center.\",\"inLanguage\":\"en-US\",\"potentialAction\":[{\"@type\":\"ReadAction\",\"target\":[\"https:\\\/\\\/www.sensorialsunsets.com\\\/en\\\/barrio-amon-free-cinema-history-and-a-critical-perspective\\\/\"]}]},{\"@type\":\"ImageObject\",\"inLanguage\":\"en-US\",\"@id\":\"https:\\\/\\\/www.sensorialsunsets.com\\\/en\\\/barrio-amon-free-cinema-history-and-a-critical-perspective\\\/#primaryimage\",\"url\":\"https:\\\/\\\/www.sensorialsunsets.com\\\/wp-content\\\/uploads\\\/2025\\\/07\\\/centro-de-cine.png\",\"contentUrl\":\"https:\\\/\\\/www.sensorialsunsets.com\\\/wp-content\\\/uploads\\\/2025\\\/07\\\/centro-de-cine.png\",\"width\":1280,\"height\":530},{\"@type\":\"WebSite\",\"@id\":\"https:\\\/\\\/www.sensorialsunsets.com\\\/en\\\/#website\",\"url\":\"https:\\\/\\\/www.sensorialsunsets.com\\\/en\\\/\",\"name\":\"SensorialSunsets.com\",\"description\":\"Discover the culture and society of Costa Rica on our blog. Explore captivating articles and share the content.\",\"publisher\":{\"@id\":\"https:\\\/\\\/www.sensorialsunsets.com\\\/en\\\/#organization\"},\"alternateName\":\"Costa Rica Live Blog\",\"potentialAction\":[{\"@type\":\"SearchAction\",\"target\":{\"@type\":\"EntryPoint\",\"urlTemplate\":\"https:\\\/\\\/www.sensorialsunsets.com\\\/en\\\/?s={search_term_string}\"},\"query-input\":{\"@type\":\"PropertyValueSpecification\",\"valueRequired\":true,\"valueName\":\"search_term_string\"}}],\"inLanguage\":\"en-US\"},{\"@type\":\"Organization\",\"@id\":\"https:\\\/\\\/www.sensorialsunsets.com\\\/en\\\/#organization\",\"name\":\"SensorialSunsets\",\"url\":\"https:\\\/\\\/www.sensorialsunsets.com\\\/en\\\/\",\"logo\":{\"@type\":\"ImageObject\",\"inLanguage\":\"en-US\",\"@id\":\"https:\\\/\\\/www.sensorialsunsets.com\\\/en\\\/#\\\/schema\\\/logo\\\/image\\\/\",\"url\":\"https:\\\/\\\/www.sensorialsunsets.com\\\/wp-content\\\/uploads\\\/2023\\\/04\\\/Logo_base_line_fond_clair.svg\",\"contentUrl\":\"https:\\\/\\\/www.sensorialsunsets.com\\\/wp-content\\\/uploads\\\/2023\\\/04\\\/Logo_base_line_fond_clair.svg\",\"width\":\"1024\",\"height\":\"1024\",\"caption\":\"SensorialSunsets\"},\"image\":{\"@id\":\"https:\\\/\\\/www.sensorialsunsets.com\\\/en\\\/#\\\/schema\\\/logo\\\/image\\\/\"},\"sameAs\":[\"https:\\\/\\\/www.facebook.com\\\/Sensorial-Sunsets-109180614715562\",\"https:\\\/\\\/www.instagram.com\\\/sensorialsunsets\\\/\"]},{\"@type\":\"Person\",\"@id\":\"https:\\\/\\\/www.sensorialsunsets.com\\\/en\\\/#\\\/schema\\\/person\\\/77e2fa594135aa94024c47e281d8a94d\",\"name\":\"Sensorial Sunsets\",\"image\":{\"@type\":\"ImageObject\",\"inLanguage\":\"en-US\",\"@id\":\"https:\\\/\\\/secure.gravatar.com\\\/avatar\\\/5f2d62681b1dad94c28f1500d4fc75582acdfd32b55fd1acce0a36a3c487eabe?s=96&d=mm&r=g\",\"url\":\"https:\\\/\\\/secure.gravatar.com\\\/avatar\\\/5f2d62681b1dad94c28f1500d4fc75582acdfd32b55fd1acce0a36a3c487eabe?s=96&d=mm&r=g\",\"contentUrl\":\"https:\\\/\\\/secure.gravatar.com\\\/avatar\\\/5f2d62681b1dad94c28f1500d4fc75582acdfd32b55fd1acce0a36a3c487eabe?s=96&d=mm&r=g\",\"caption\":\"Sensorial Sunsets\"},\"url\":\"https:\\\/\\\/www.sensorialsunsets.com\\\/en\\\/author\\\/asistentes-sensorial-sunsets\\\/\"}]}<\/script>\n<!-- \/ Yoast SEO plugin. -->","yoast_head_json":{"title":"Barrio Am\u00f3n: free cinema, history, and a critical perspective","description":"Barrio Am\u00f3n becomes a movie set with \u201cMiradas: Ni ficci\u00f3n, ni documental\u201d, a free film series at the Film Center.","robots":{"index":"index","follow":"follow","max-snippet":"max-snippet:-1","max-image-preview":"max-image-preview:large","max-video-preview":"max-video-preview:-1"},"canonical":"https:\/\/www.sensorialsunsets.com\/en\/barrio-amon-free-cinema-history-and-a-critical-perspective\/","og_locale":"en_US","og_type":"article","og_title":"Barrio Am\u00f3n: free cinema, history, and a critical perspective","og_description":"Barrio Am\u00f3n becomes a movie set with \u201cMiradas: Ni ficci\u00f3n, ni documental\u201d, a free film series at the Film Center.","og_url":"https:\/\/www.sensorialsunsets.com\/en\/barrio-amon-free-cinema-history-and-a-critical-perspective\/","og_site_name":"SensorialSunsets","article_publisher":"https:\/\/www.facebook.com\/Sensorial-Sunsets-109180614715562","article_published_time":"2025-07-11T21:36:24+00:00","og_image":[{"width":1280,"height":530,"url":"https:\/\/www.sensorialsunsets.com\/wp-content\/uploads\/2025\/07\/centro-de-cine.png","type":"image\/png"}],"author":"Sensorial Sunsets","twitter_card":"summary_large_image","twitter_misc":{"Written by":"Sensorial Sunsets","Est. reading time":"2 minutes"},"schema":{"@context":"https:\/\/schema.org","@graph":[{"@type":"Article","@id":"https:\/\/www.sensorialsunsets.com\/en\/barrio-amon-free-cinema-history-and-a-critical-perspective\/#article","isPartOf":{"@id":"https:\/\/www.sensorialsunsets.com\/en\/barrio-amon-free-cinema-history-and-a-critical-perspective\/"},"author":{"name":"Sensorial Sunsets","@id":"https:\/\/www.sensorialsunsets.com\/en\/#\/schema\/person\/77e2fa594135aa94024c47e281d8a94d"},"headline":"Barrio Am\u00f3n: free cinema, history, and a critical perspective","datePublished":"2025-07-11T21:36:24+00:00","mainEntityOfPage":{"@id":"https:\/\/www.sensorialsunsets.com\/en\/barrio-amon-free-cinema-history-and-a-critical-perspective\/"},"wordCount":430,"publisher":{"@id":"https:\/\/www.sensorialsunsets.com\/en\/#organization"},"image":{"@id":"https:\/\/www.sensorialsunsets.com\/en\/barrio-amon-free-cinema-history-and-a-critical-perspective\/#primaryimage"},"thumbnailUrl":"https:\/\/www.sensorialsunsets.com\/wp-content\/uploads\/2025\/07\/centro-de-cine.png","inLanguage":"en-US"},{"@type":"WebPage","@id":"https:\/\/www.sensorialsunsets.com\/en\/barrio-amon-free-cinema-history-and-a-critical-perspective\/","url":"https:\/\/www.sensorialsunsets.com\/en\/barrio-amon-free-cinema-history-and-a-critical-perspective\/","name":"Barrio Am\u00f3n: free cinema, history, and a critical perspective","isPartOf":{"@id":"https:\/\/www.sensorialsunsets.com\/en\/#website"},"primaryImageOfPage":{"@id":"https:\/\/www.sensorialsunsets.com\/en\/barrio-amon-free-cinema-history-and-a-critical-perspective\/#primaryimage"},"image":{"@id":"https:\/\/www.sensorialsunsets.com\/en\/barrio-amon-free-cinema-history-and-a-critical-perspective\/#primaryimage"},"thumbnailUrl":"https:\/\/www.sensorialsunsets.com\/wp-content\/uploads\/2025\/07\/centro-de-cine.png","datePublished":"2025-07-11T21:36:24+00:00","description":"Barrio Am\u00f3n becomes a movie set with \u201cMiradas: Ni ficci\u00f3n, ni documental\u201d, a free film series at the Film Center.","inLanguage":"en-US","potentialAction":[{"@type":"ReadAction","target":["https:\/\/www.sensorialsunsets.com\/en\/barrio-amon-free-cinema-history-and-a-critical-perspective\/"]}]},{"@type":"ImageObject","inLanguage":"en-US","@id":"https:\/\/www.sensorialsunsets.com\/en\/barrio-amon-free-cinema-history-and-a-critical-perspective\/#primaryimage","url":"https:\/\/www.sensorialsunsets.com\/wp-content\/uploads\/2025\/07\/centro-de-cine.png","contentUrl":"https:\/\/www.sensorialsunsets.com\/wp-content\/uploads\/2025\/07\/centro-de-cine.png","width":1280,"height":530},{"@type":"WebSite","@id":"https:\/\/www.sensorialsunsets.com\/en\/#website","url":"https:\/\/www.sensorialsunsets.com\/en\/","name":"SensorialSunsets.com","description":"Discover the culture and society of Costa Rica on our blog. Explore captivating articles and share the content.","publisher":{"@id":"https:\/\/www.sensorialsunsets.com\/en\/#organization"},"alternateName":"Costa Rica Live Blog","potentialAction":[{"@type":"SearchAction","target":{"@type":"EntryPoint","urlTemplate":"https:\/\/www.sensorialsunsets.com\/en\/?s={search_term_string}"},"query-input":{"@type":"PropertyValueSpecification","valueRequired":true,"valueName":"search_term_string"}}],"inLanguage":"en-US"},{"@type":"Organization","@id":"https:\/\/www.sensorialsunsets.com\/en\/#organization","name":"SensorialSunsets","url":"https:\/\/www.sensorialsunsets.com\/en\/","logo":{"@type":"ImageObject","inLanguage":"en-US","@id":"https:\/\/www.sensorialsunsets.com\/en\/#\/schema\/logo\/image\/","url":"https:\/\/www.sensorialsunsets.com\/wp-content\/uploads\/2023\/04\/Logo_base_line_fond_clair.svg","contentUrl":"https:\/\/www.sensorialsunsets.com\/wp-content\/uploads\/2023\/04\/Logo_base_line_fond_clair.svg","width":"1024","height":"1024","caption":"SensorialSunsets"},"image":{"@id":"https:\/\/www.sensorialsunsets.com\/en\/#\/schema\/logo\/image\/"},"sameAs":["https:\/\/www.facebook.com\/Sensorial-Sunsets-109180614715562","https:\/\/www.instagram.com\/sensorialsunsets\/"]},{"@type":"Person","@id":"https:\/\/www.sensorialsunsets.com\/en\/#\/schema\/person\/77e2fa594135aa94024c47e281d8a94d","name":"Sensorial Sunsets","image":{"@type":"ImageObject","inLanguage":"en-US","@id":"https:\/\/secure.gravatar.com\/avatar\/5f2d62681b1dad94c28f1500d4fc75582acdfd32b55fd1acce0a36a3c487eabe?s=96&d=mm&r=g","url":"https:\/\/secure.gravatar.com\/avatar\/5f2d62681b1dad94c28f1500d4fc75582acdfd32b55fd1acce0a36a3c487eabe?s=96&d=mm&r=g","contentUrl":"https:\/\/secure.gravatar.com\/avatar\/5f2d62681b1dad94c28f1500d4fc75582acdfd32b55fd1acce0a36a3c487eabe?s=96&d=mm&r=g","caption":"Sensorial Sunsets"},"url":"https:\/\/www.sensorialsunsets.com\/en\/author\/asistentes-sensorial-sunsets\/"}]}},"_links":{"self":[{"href":"https:\/\/www.sensorialsunsets.com\/en\/wp-json\/wp\/v2\/posts\/22415","targetHints":{"allow":["GET"]}}],"collection":[{"href":"https:\/\/www.sensorialsunsets.com\/en\/wp-json\/wp\/v2\/posts"}],"about":[{"href":"https:\/\/www.sensorialsunsets.com\/en\/wp-json\/wp\/v2\/types\/post"}],"author":[{"embeddable":true,"href":"https:\/\/www.sensorialsunsets.com\/en\/wp-json\/wp\/v2\/users\/4"}],"replies":[{"embeddable":true,"href":"https:\/\/www.sensorialsunsets.com\/en\/wp-json\/wp\/v2\/comments?post=22415"}],"version-history":[{"count":1,"href":"https:\/\/www.sensorialsunsets.com\/en\/wp-json\/wp\/v2\/posts\/22415\/revisions"}],"predecessor-version":[{"id":22416,"href":"https:\/\/www.sensorialsunsets.com\/en\/wp-json\/wp\/v2\/posts\/22415\/revisions\/22416"}],"wp:featuredmedia":[{"embeddable":true,"href":"https:\/\/www.sensorialsunsets.com\/en\/wp-json\/wp\/v2\/media\/22411"}],"wp:attachment":[{"href":"https:\/\/www.sensorialsunsets.com\/en\/wp-json\/wp\/v2\/media?parent=22415"}],"wp:term":[{"taxonomy":"category","embeddable":true,"href":"https:\/\/www.sensorialsunsets.com\/en\/wp-json\/wp\/v2\/categories?post=22415"},{"taxonomy":"post_tag","embeddable":true,"href":"https:\/\/www.sensorialsunsets.com\/en\/wp-json\/wp\/v2\/tags?post=22415"}],"curies":[{"name":"wp","href":"https:\/\/api.w.org\/{rel}","templated":true}]}}