{"id":23865,"date":"2025-12-10T01:26:29","date_gmt":"2025-12-10T07:26:29","guid":{"rendered":"https:\/\/www.sensorialsunsets.com\/the-light-festival-2025-road-closures-in-san-jose\/"},"modified":"2025-12-10T01:26:31","modified_gmt":"2025-12-10T07:26:31","slug":"the-light-festival-2025-road-closures-in-san-jose","status":"publish","type":"post","link":"https:\/\/www.sensorialsunsets.com\/en\/the-light-festival-2025-road-closures-in-san-jose\/","title":{"rendered":"The Light Festival 2025: road closures in San Jos\u00e9"},"content":{"rendered":"\n<p>The 2025 <a href=\"https:\/\/www.sensorialsunsets.com\/en\/the-light-festival-renovation-creation-and-diffusion\/\">Light Festival<\/a> will mark a historic event in its celebration: for the first time, the route will be completely changed and will take place around La Sabana Metropolitan Park this Saturday, December 13. Due to this change in route, the Traffic Police will implement closures and detours that will affect mobility in much of the western sector of San Jos\u00e9 starting on the Wednesday before the event.<\/p>\n\n<h3 class=\"wp-block-heading\"><strong>Pre-event night closures<\/strong><\/h3>\n\n<p>Preparations will begin with partial closures on Wednesday, December 10, and Thursday, December 11, between 10:00 p.m. and 5:00 a.m., affecting:<\/p>\n\n<ul class=\"wp-block-list\">\n<li>42nd Street<\/li>\n\n\n\n<li>Route 27<\/li>\n\n\n\n<li>West side of La Sabana Park (Route 104, Pavas)<\/li>\n<\/ul>\n\n<p>These closures will allow for the installation of platforms, bleachers, and other infrastructure. On Friday, December 12, starting at 10:00 p.m., the first three blocks of Paseo Col\u00f3n, from the statue of Le\u00f3n Cort\u00e9s Castro, will be closed to accommodate the floats. Starting at 11:00 p.m., security fencing will be put in place and gradual closures will begin, which will remain in effect until the early morning hours of Sunday, December 14.<\/p>\n\n<div style=\"height:100px\" aria-hidden=\"true\" class=\"wp-block-spacer\"><\/div>\n\n<figure class=\"wp-block-gallery has-nested-images columns-default is-cropped wp-block-gallery-1 is-layout-flex wp-block-gallery-is-layout-flex\">\n<figure class=\"wp-block-image size-large\"><img loading=\"lazy\" decoding=\"async\" width=\"1024\" height=\"683\" data-id=\"23858\" src=\"https:\/\/www.sensorialsunsets.com\/wp-content\/uploads\/2025\/12\/Festival-de-la-Luz-20251-1024x683.jpg\" alt=\"The Light Festival 2025\" class=\"wp-image-23858\" srcset=\"https:\/\/www.sensorialsunsets.com\/wp-content\/uploads\/2025\/12\/Festival-de-la-Luz-20251-1024x683.jpg 1024w, https:\/\/www.sensorialsunsets.com\/wp-content\/uploads\/2025\/12\/Festival-de-la-Luz-20251-300x200.jpg 300w, https:\/\/www.sensorialsunsets.com\/wp-content\/uploads\/2025\/12\/Festival-de-la-Luz-20251-768x512.jpg 768w, https:\/\/www.sensorialsunsets.com\/wp-content\/uploads\/2025\/12\/Festival-de-la-Luz-20251-334x222.jpg 334w, https:\/\/www.sensorialsunsets.com\/wp-content\/uploads\/2025\/12\/Festival-de-la-Luz-20251-1320x880.jpg 1320w, https:\/\/www.sensorialsunsets.com\/wp-content\/uploads\/2025\/12\/Festival-de-la-Luz-20251.avif 1440w\" sizes=\"auto, (max-width: 1024px) 100vw, 1024px\" \/><\/figure>\n\n\n\n<figure class=\"wp-block-image size-large\"><img loading=\"lazy\" decoding=\"async\" width=\"1024\" height=\"768\" data-id=\"23856\" src=\"https:\/\/www.sensorialsunsets.com\/wp-content\/uploads\/2025\/12\/Festival-de-la-Luz-2024-un-evento-inolvidable-en-San-Jose-1024x768-1.webp\" alt=\"The Light Festival 2025\" class=\"wp-image-23856\" srcset=\"https:\/\/www.sensorialsunsets.com\/wp-content\/uploads\/2025\/12\/Festival-de-la-Luz-2024-un-evento-inolvidable-en-San-Jose-1024x768-1.webp 1024w, https:\/\/www.sensorialsunsets.com\/wp-content\/uploads\/2025\/12\/Festival-de-la-Luz-2024-un-evento-inolvidable-en-San-Jose-1024x768-1-300x225.webp 300w, https:\/\/www.sensorialsunsets.com\/wp-content\/uploads\/2025\/12\/Festival-de-la-Luz-2024-un-evento-inolvidable-en-San-Jose-1024x768-1-768x576.webp 768w\" sizes=\"auto, (max-width: 1024px) 100vw, 1024px\" \/><\/figure>\n\n\n\n<figure class=\"wp-block-image size-large\"><img loading=\"lazy\" decoding=\"async\" width=\"1024\" height=\"683\" data-id=\"23857\" src=\"https:\/\/www.sensorialsunsets.com\/wp-content\/uploads\/2025\/12\/Festival-de-la-Luz-2025-1024x683.jpeg\" alt=\"The Light Festival 2025\" class=\"wp-image-23857\" srcset=\"https:\/\/www.sensorialsunsets.com\/wp-content\/uploads\/2025\/12\/Festival-de-la-Luz-2025-1024x683.jpeg 1024w, https:\/\/www.sensorialsunsets.com\/wp-content\/uploads\/2025\/12\/Festival-de-la-Luz-2025-300x200.jpeg 300w, https:\/\/www.sensorialsunsets.com\/wp-content\/uploads\/2025\/12\/Festival-de-la-Luz-2025-768x512.jpeg 768w, https:\/\/www.sensorialsunsets.com\/wp-content\/uploads\/2025\/12\/Festival-de-la-Luz-2025-334x222.jpeg 334w, https:\/\/www.sensorialsunsets.com\/wp-content\/uploads\/2025\/12\/Festival-de-la-Luz-2025-1320x880.jpeg 1320w, https:\/\/www.sensorialsunsets.com\/wp-content\/uploads\/2025\/12\/Festival-de-la-Luz-2025.jpeg 1440w\" sizes=\"auto, (max-width: 1024px) 100vw, 1024px\" \/><\/figure>\n<\/figure>\n\n<div style=\"height:100px\" aria-hidden=\"true\" class=\"wp-block-spacer\"><\/div>\n\n<h3 class=\"wp-block-heading\"><strong>Closings on the day of The Light Festival<\/strong><\/h3>\n\n<p>Saturday the 13th will be the day with the most restrictions:<\/p>\n\n<ul class=\"wp-block-list\">\n<li>From 11:00 a.m.: partial restrictions on the section between Funerales Vida and the National Gymnasium.<\/li>\n\n\n\n<li>From midnight: total closure of that sector.<\/li>\n<\/ul>\n\n<p>The Traffic Police warns that the blockades around La Sabana will cause a domino effect on Circunvalaci\u00f3n, General Ca\u00f1as, and multiple roads to the south and west of the capital. Therefore, it is recommended to visit San Jos\u00e9 only if strictly necessary.<\/p>\n\n<p>Side roads near La Sabana will be closed all afternoon and evening, although the parallel route to the Comptroller General of the Republic will remain open. Calle 42, on the east side of the park, will be the only road with controlled traffic.<\/p>\n\n<h3 class=\"wp-block-heading\"><strong>Alternative routes and detours<\/strong><\/h3>\n\n<p>To reduce impacts, the Municipality of San Jos\u00e9 established four main corridors:<\/p>\n\n<p><strong>Towards the south<\/strong><br\/>Two entry and exit lanes will remain open (pending confirmation depending on field operations).<\/p>\n\n<p><strong>Towards the north<\/strong><\/p>\n\n<ul class=\"wp-block-list\">\n<li>Operational route along Avenue 3 for residents, businesses, and public transportation.<\/li>\n\n\n\n<li>Traffic on Route 2 enabled for connection with Route 39 and the Pavas sector.<\/li>\n<\/ul>\n\n<p><strong>The East<\/strong><\/p>\n\n<ul class=\"wp-block-list\">\n<li>Second Avenue and Paseo Col\u00f3n (between 36th and 14th Streets) are open.<\/li>\n\n\n\n<li>Crosswalks enabled on streets 40, 38, and 36.<\/li>\n<\/ul>\n\n<p><strong>Toward the West<\/strong><\/p>\n\n<ul class=\"wp-block-list\">\n<li>Exits and entrances available via avenues 2 and 4.<\/li>\n<\/ul>\n\n<p>Vehicles coming from the Water Monument must turn east at the Nissan area. To leave the capital, drivers must drive behind the M\u00e1s x Menos supermarket and then merge onto General Ca\u00f1as Highway. After 11:00 a.m., heavy vehicles will not be able to continue toward the capital beyond the Water Monument and must use the Beltway.<\/p>\n\n<h3 class=\"wp-block-heading\"><strong>Large-scale security operation<\/strong><\/h3>\n\n<p>More than 1,000 people will participate in the operation, including:<\/p>\n\n<ul class=\"wp-block-list\">\n<li>600 municipal police officers<\/li>\n\n\n\n<li>200 law enforcement officers<\/li>\n\n\n\n<li>60 traffic officers<\/li>\n\n\n\n<li>150 private security officers<\/li>\n\n\n\n<li>50 specialized volunteers<\/li>\n<\/ul>\n\n<p>La Sabana will be completely fenced off, with 11 official controlled access points, including:<\/p>\n\n<ul class=\"wp-block-list\">\n<li>Walkways over Route 27<\/li>\n\n\n\n<li>10th Avenue in front of Valle de Paz Funeral Home<\/li>\n\n\n\n<li>Journalists&#8217; Association Bridge<\/li>\n\n\n\n<li>3A Avenue on 48th Street<\/li>\n<\/ul>\n\n<h3 class=\"wp-block-heading\"><strong>Special measures during the event<\/strong><\/h3>\n\n<ul class=\"wp-block-list\">\n<li>Prohibition on alcohol sales within a 200-meter radius of La Sabana throughout Saturday, December 13.<\/li>\n\n\n\n<li>Prohibition on the detonation of fireworks.<\/li>\n\n\n\n<li>No street vending will be permitted inside or in the vicinity of the park.<\/li>\n\n\n\n<li>The event will be smoke-free.<\/li>\n<\/ul>\n\n<p>The closures will be lifted gradually around midnight on Saturday, with 35 traffic officers regulating traffic flow throughout the day.<\/p>\n\n<h3 class=\"wp-block-heading\"><strong>Final recommendations<\/strong><\/h3>\n\n<ul class=\"wp-block-list\">\n<li>Avoid entering San Jos\u00e9 unless necessary<\/li>\n\n\n\n<li>Plan trips in advance<\/li>\n\n\n\n<li>Follow instructions from the authorities<\/li>\n\n\n\n<li>Use alternate routes whenever possible<\/li>\n<\/ul>\n\n<p><a href=\"https:\/\/www.sensorialsunsets.com\/wp-admin\/edit.php?post_type=post\"><\/a><\/p>\n\n<p><strong>Sensorial Sunsets<\/strong><\/p>\n","protected":false},"excerpt":{"rendered":"<p>The 2025 Light Festival will mark a historic event in its celebration: for the first time, the route will be completely changed and will take place around La Sabana Metropolitan Park this Saturday, December 13. Due to this change in route, the Traffic Police will implement closures and detours that will affect mobility in much [&hellip;]<\/p>\n","protected":false},"author":4,"featured_media":23864,"comment_status":"closed","ping_status":"closed","sticky":false,"template":"","format":"standard","meta":{"_acf_changed":false,"inline_featured_image":false,"_monsterinsights_skip_tracking":false,"_monsterinsights_sitenote_active":false,"_monsterinsights_sitenote_note":"","_monsterinsights_sitenote_category":0,"footnotes":""},"categories":[8],"tags":[],"class_list":["post-23865","post","type-post","status-publish","format-standard","has-post-thumbnail","hentry","category-uncategorized"],"acf":[],"yoast_head":"<!-- This site is optimized with the Yoast SEO plugin v27.4 - https:\/\/yoast.com\/product\/yoast-seo-wordpress\/ -->\n<title>The Light Festival 2025: road closures in San Jos\u00e9 - SensorialSunsets<\/title>\n<meta name=\"description\" content=\"The Light Festival 2025: find out about all road closures, detours, and restrictions around La Sabana on December 13.\" \/>\n<meta name=\"robots\" content=\"index, follow, max-snippet:-1, max-image-preview:large, max-video-preview:-1\" \/>\n<link rel=\"canonical\" href=\"https:\/\/www.sensorialsunsets.com\/en\/the-light-festival-2025-road-closures-in-san-jose\/\" \/>\n<meta property=\"og:locale\" content=\"en_US\" \/>\n<meta property=\"og:type\" content=\"article\" \/>\n<meta property=\"og:title\" content=\"The Light Festival 2025: road closures in San Jos\u00e9 - SensorialSunsets\" \/>\n<meta property=\"og:description\" content=\"The Light Festival 2025: find out about all road closures, detours, and restrictions around La Sabana on December 13.\" \/>\n<meta property=\"og:url\" content=\"https:\/\/www.sensorialsunsets.com\/en\/the-light-festival-2025-road-closures-in-san-jose\/\" \/>\n<meta property=\"og:site_name\" content=\"SensorialSunsets\" \/>\n<meta property=\"article:publisher\" content=\"https:\/\/www.facebook.com\/Sensorial-Sunsets-109180614715562\" \/>\n<meta property=\"article:published_time\" content=\"2025-12-10T07:26:29+00:00\" \/>\n<meta property=\"article:modified_time\" content=\"2025-12-10T07:26:31+00:00\" \/>\n<meta property=\"og:image\" content=\"https:\/\/www.sensorialsunsets.com\/wp-content\/uploads\/2023\/07\/Sensorial.png\" \/>\n\t<meta property=\"og:image:width\" content=\"1200\" \/>\n\t<meta property=\"og:image:height\" content=\"675\" \/>\n\t<meta property=\"og:image:type\" content=\"image\/png\" \/>\n<meta name=\"author\" content=\"Sensorial Sunsets\" \/>\n<meta name=\"twitter:card\" content=\"summary_large_image\" \/>\n<meta name=\"twitter:label1\" content=\"Written by\" \/>\n\t<meta name=\"twitter:data1\" content=\"Sensorial Sunsets\" \/>\n\t<meta name=\"twitter:label2\" content=\"Est. reading time\" \/>\n\t<meta name=\"twitter:data2\" content=\"3 minutes\" \/>\n<script type=\"application\/ld+json\" class=\"yoast-schema-graph\">{\"@context\":\"https:\\\/\\\/schema.org\",\"@graph\":[{\"@type\":\"Article\",\"@id\":\"https:\\\/\\\/www.sensorialsunsets.com\\\/en\\\/the-light-festival-2025-road-closures-in-san-jose\\\/#article\",\"isPartOf\":{\"@id\":\"https:\\\/\\\/www.sensorialsunsets.com\\\/en\\\/the-light-festival-2025-road-closures-in-san-jose\\\/\"},\"author\":{\"name\":\"Sensorial Sunsets\",\"@id\":\"https:\\\/\\\/www.sensorialsunsets.com\\\/en\\\/#\\\/schema\\\/person\\\/77e2fa594135aa94024c47e281d8a94d\"},\"headline\":\"The Light Festival 2025: road closures in San Jos\u00e9\",\"datePublished\":\"2025-12-10T07:26:29+00:00\",\"dateModified\":\"2025-12-10T07:26:31+00:00\",\"mainEntityOfPage\":{\"@id\":\"https:\\\/\\\/www.sensorialsunsets.com\\\/en\\\/the-light-festival-2025-road-closures-in-san-jose\\\/\"},\"wordCount\":600,\"publisher\":{\"@id\":\"https:\\\/\\\/www.sensorialsunsets.com\\\/en\\\/#organization\"},\"image\":{\"@id\":\"https:\\\/\\\/www.sensorialsunsets.com\\\/en\\\/the-light-festival-2025-road-closures-in-san-jose\\\/#primaryimage\"},\"thumbnailUrl\":\"https:\\\/\\\/www.sensorialsunsets.com\\\/wp-content\\\/uploads\\\/2025\\\/12\\\/Festival-de-la-Luz-20251.avif\",\"inLanguage\":\"en-US\"},{\"@type\":\"WebPage\",\"@id\":\"https:\\\/\\\/www.sensorialsunsets.com\\\/en\\\/the-light-festival-2025-road-closures-in-san-jose\\\/\",\"url\":\"https:\\\/\\\/www.sensorialsunsets.com\\\/en\\\/the-light-festival-2025-road-closures-in-san-jose\\\/\",\"name\":\"The Light Festival 2025: road closures in San Jos\u00e9 - SensorialSunsets\",\"isPartOf\":{\"@id\":\"https:\\\/\\\/www.sensorialsunsets.com\\\/en\\\/#website\"},\"primaryImageOfPage\":{\"@id\":\"https:\\\/\\\/www.sensorialsunsets.com\\\/en\\\/the-light-festival-2025-road-closures-in-san-jose\\\/#primaryimage\"},\"image\":{\"@id\":\"https:\\\/\\\/www.sensorialsunsets.com\\\/en\\\/the-light-festival-2025-road-closures-in-san-jose\\\/#primaryimage\"},\"thumbnailUrl\":\"https:\\\/\\\/www.sensorialsunsets.com\\\/wp-content\\\/uploads\\\/2025\\\/12\\\/Festival-de-la-Luz-20251.avif\",\"datePublished\":\"2025-12-10T07:26:29+00:00\",\"dateModified\":\"2025-12-10T07:26:31+00:00\",\"description\":\"The Light Festival 2025: find out about all road closures, detours, and restrictions around La Sabana on December 13.\",\"inLanguage\":\"en-US\",\"potentialAction\":[{\"@type\":\"ReadAction\",\"target\":[\"https:\\\/\\\/www.sensorialsunsets.com\\\/en\\\/the-light-festival-2025-road-closures-in-san-jose\\\/\"]}]},{\"@type\":\"ImageObject\",\"inLanguage\":\"en-US\",\"@id\":\"https:\\\/\\\/www.sensorialsunsets.com\\\/en\\\/the-light-festival-2025-road-closures-in-san-jose\\\/#primaryimage\",\"url\":\"https:\\\/\\\/www.sensorialsunsets.com\\\/wp-content\\\/uploads\\\/2025\\\/12\\\/Festival-de-la-Luz-20251.avif\",\"contentUrl\":\"https:\\\/\\\/www.sensorialsunsets.com\\\/wp-content\\\/uploads\\\/2025\\\/12\\\/Festival-de-la-Luz-20251.avif\",\"width\":1440,\"height\":960},{\"@type\":\"WebSite\",\"@id\":\"https:\\\/\\\/www.sensorialsunsets.com\\\/en\\\/#website\",\"url\":\"https:\\\/\\\/www.sensorialsunsets.com\\\/en\\\/\",\"name\":\"SensorialSunsets.com\",\"description\":\"Discover the culture and society of Costa Rica on our blog. Explore captivating articles and share the content.\",\"publisher\":{\"@id\":\"https:\\\/\\\/www.sensorialsunsets.com\\\/en\\\/#organization\"},\"alternateName\":\"Costa Rica Live Blog\",\"potentialAction\":[{\"@type\":\"SearchAction\",\"target\":{\"@type\":\"EntryPoint\",\"urlTemplate\":\"https:\\\/\\\/www.sensorialsunsets.com\\\/en\\\/?s={search_term_string}\"},\"query-input\":{\"@type\":\"PropertyValueSpecification\",\"valueRequired\":true,\"valueName\":\"search_term_string\"}}],\"inLanguage\":\"en-US\"},{\"@type\":\"Organization\",\"@id\":\"https:\\\/\\\/www.sensorialsunsets.com\\\/en\\\/#organization\",\"name\":\"SensorialSunsets\",\"url\":\"https:\\\/\\\/www.sensorialsunsets.com\\\/en\\\/\",\"logo\":{\"@type\":\"ImageObject\",\"inLanguage\":\"en-US\",\"@id\":\"https:\\\/\\\/www.sensorialsunsets.com\\\/en\\\/#\\\/schema\\\/logo\\\/image\\\/\",\"url\":\"https:\\\/\\\/www.sensorialsunsets.com\\\/wp-content\\\/uploads\\\/2023\\\/04\\\/Logo_base_line_fond_clair.svg\",\"contentUrl\":\"https:\\\/\\\/www.sensorialsunsets.com\\\/wp-content\\\/uploads\\\/2023\\\/04\\\/Logo_base_line_fond_clair.svg\",\"width\":\"1024\",\"height\":\"1024\",\"caption\":\"SensorialSunsets\"},\"image\":{\"@id\":\"https:\\\/\\\/www.sensorialsunsets.com\\\/en\\\/#\\\/schema\\\/logo\\\/image\\\/\"},\"sameAs\":[\"https:\\\/\\\/www.facebook.com\\\/Sensorial-Sunsets-109180614715562\",\"https:\\\/\\\/www.instagram.com\\\/sensorialsunsets\\\/\"]},{\"@type\":\"Person\",\"@id\":\"https:\\\/\\\/www.sensorialsunsets.com\\\/en\\\/#\\\/schema\\\/person\\\/77e2fa594135aa94024c47e281d8a94d\",\"name\":\"Sensorial Sunsets\",\"image\":{\"@type\":\"ImageObject\",\"inLanguage\":\"en-US\",\"@id\":\"https:\\\/\\\/secure.gravatar.com\\\/avatar\\\/5f2d62681b1dad94c28f1500d4fc75582acdfd32b55fd1acce0a36a3c487eabe?s=96&d=mm&r=g\",\"url\":\"https:\\\/\\\/secure.gravatar.com\\\/avatar\\\/5f2d62681b1dad94c28f1500d4fc75582acdfd32b55fd1acce0a36a3c487eabe?s=96&d=mm&r=g\",\"contentUrl\":\"https:\\\/\\\/secure.gravatar.com\\\/avatar\\\/5f2d62681b1dad94c28f1500d4fc75582acdfd32b55fd1acce0a36a3c487eabe?s=96&d=mm&r=g\",\"caption\":\"Sensorial Sunsets\"},\"url\":\"https:\\\/\\\/www.sensorialsunsets.com\\\/en\\\/author\\\/asistentes-sensorial-sunsets\\\/\"}]}<\/script>\n<!-- \/ Yoast SEO plugin. -->","yoast_head_json":{"title":"The Light Festival 2025: road closures in San Jos\u00e9 - SensorialSunsets","description":"The Light Festival 2025: find out about all road closures, detours, and restrictions around La Sabana on December 13.","robots":{"index":"index","follow":"follow","max-snippet":"max-snippet:-1","max-image-preview":"max-image-preview:large","max-video-preview":"max-video-preview:-1"},"canonical":"https:\/\/www.sensorialsunsets.com\/en\/the-light-festival-2025-road-closures-in-san-jose\/","og_locale":"en_US","og_type":"article","og_title":"The Light Festival 2025: road closures in San Jos\u00e9 - SensorialSunsets","og_description":"The Light Festival 2025: find out about all road closures, detours, and restrictions around La Sabana on December 13.","og_url":"https:\/\/www.sensorialsunsets.com\/en\/the-light-festival-2025-road-closures-in-san-jose\/","og_site_name":"SensorialSunsets","article_publisher":"https:\/\/www.facebook.com\/Sensorial-Sunsets-109180614715562","article_published_time":"2025-12-10T07:26:29+00:00","article_modified_time":"2025-12-10T07:26:31+00:00","og_image":[{"width":1200,"height":675,"url":"https:\/\/www.sensorialsunsets.com\/wp-content\/uploads\/2023\/07\/Sensorial.png","type":"image\/png"}],"author":"Sensorial Sunsets","twitter_card":"summary_large_image","twitter_misc":{"Written by":"Sensorial Sunsets","Est. reading time":"3 minutes"},"schema":{"@context":"https:\/\/schema.org","@graph":[{"@type":"Article","@id":"https:\/\/www.sensorialsunsets.com\/en\/the-light-festival-2025-road-closures-in-san-jose\/#article","isPartOf":{"@id":"https:\/\/www.sensorialsunsets.com\/en\/the-light-festival-2025-road-closures-in-san-jose\/"},"author":{"name":"Sensorial Sunsets","@id":"https:\/\/www.sensorialsunsets.com\/en\/#\/schema\/person\/77e2fa594135aa94024c47e281d8a94d"},"headline":"The Light Festival 2025: road closures in San Jos\u00e9","datePublished":"2025-12-10T07:26:29+00:00","dateModified":"2025-12-10T07:26:31+00:00","mainEntityOfPage":{"@id":"https:\/\/www.sensorialsunsets.com\/en\/the-light-festival-2025-road-closures-in-san-jose\/"},"wordCount":600,"publisher":{"@id":"https:\/\/www.sensorialsunsets.com\/en\/#organization"},"image":{"@id":"https:\/\/www.sensorialsunsets.com\/en\/the-light-festival-2025-road-closures-in-san-jose\/#primaryimage"},"thumbnailUrl":"https:\/\/www.sensorialsunsets.com\/wp-content\/uploads\/2025\/12\/Festival-de-la-Luz-20251.avif","inLanguage":"en-US"},{"@type":"WebPage","@id":"https:\/\/www.sensorialsunsets.com\/en\/the-light-festival-2025-road-closures-in-san-jose\/","url":"https:\/\/www.sensorialsunsets.com\/en\/the-light-festival-2025-road-closures-in-san-jose\/","name":"The Light Festival 2025: road closures in San Jos\u00e9 - SensorialSunsets","isPartOf":{"@id":"https:\/\/www.sensorialsunsets.com\/en\/#website"},"primaryImageOfPage":{"@id":"https:\/\/www.sensorialsunsets.com\/en\/the-light-festival-2025-road-closures-in-san-jose\/#primaryimage"},"image":{"@id":"https:\/\/www.sensorialsunsets.com\/en\/the-light-festival-2025-road-closures-in-san-jose\/#primaryimage"},"thumbnailUrl":"https:\/\/www.sensorialsunsets.com\/wp-content\/uploads\/2025\/12\/Festival-de-la-Luz-20251.avif","datePublished":"2025-12-10T07:26:29+00:00","dateModified":"2025-12-10T07:26:31+00:00","description":"The Light Festival 2025: find out about all road closures, detours, and restrictions around La Sabana on December 13.","inLanguage":"en-US","potentialAction":[{"@type":"ReadAction","target":["https:\/\/www.sensorialsunsets.com\/en\/the-light-festival-2025-road-closures-in-san-jose\/"]}]},{"@type":"ImageObject","inLanguage":"en-US","@id":"https:\/\/www.sensorialsunsets.com\/en\/the-light-festival-2025-road-closures-in-san-jose\/#primaryimage","url":"https:\/\/www.sensorialsunsets.com\/wp-content\/uploads\/2025\/12\/Festival-de-la-Luz-20251.avif","contentUrl":"https:\/\/www.sensorialsunsets.com\/wp-content\/uploads\/2025\/12\/Festival-de-la-Luz-20251.avif","width":1440,"height":960},{"@type":"WebSite","@id":"https:\/\/www.sensorialsunsets.com\/en\/#website","url":"https:\/\/www.sensorialsunsets.com\/en\/","name":"SensorialSunsets.com","description":"Discover the culture and society of Costa Rica on our blog. Explore captivating articles and share the content.","publisher":{"@id":"https:\/\/www.sensorialsunsets.com\/en\/#organization"},"alternateName":"Costa Rica Live Blog","potentialAction":[{"@type":"SearchAction","target":{"@type":"EntryPoint","urlTemplate":"https:\/\/www.sensorialsunsets.com\/en\/?s={search_term_string}"},"query-input":{"@type":"PropertyValueSpecification","valueRequired":true,"valueName":"search_term_string"}}],"inLanguage":"en-US"},{"@type":"Organization","@id":"https:\/\/www.sensorialsunsets.com\/en\/#organization","name":"SensorialSunsets","url":"https:\/\/www.sensorialsunsets.com\/en\/","logo":{"@type":"ImageObject","inLanguage":"en-US","@id":"https:\/\/www.sensorialsunsets.com\/en\/#\/schema\/logo\/image\/","url":"https:\/\/www.sensorialsunsets.com\/wp-content\/uploads\/2023\/04\/Logo_base_line_fond_clair.svg","contentUrl":"https:\/\/www.sensorialsunsets.com\/wp-content\/uploads\/2023\/04\/Logo_base_line_fond_clair.svg","width":"1024","height":"1024","caption":"SensorialSunsets"},"image":{"@id":"https:\/\/www.sensorialsunsets.com\/en\/#\/schema\/logo\/image\/"},"sameAs":["https:\/\/www.facebook.com\/Sensorial-Sunsets-109180614715562","https:\/\/www.instagram.com\/sensorialsunsets\/"]},{"@type":"Person","@id":"https:\/\/www.sensorialsunsets.com\/en\/#\/schema\/person\/77e2fa594135aa94024c47e281d8a94d","name":"Sensorial Sunsets","image":{"@type":"ImageObject","inLanguage":"en-US","@id":"https:\/\/secure.gravatar.com\/avatar\/5f2d62681b1dad94c28f1500d4fc75582acdfd32b55fd1acce0a36a3c487eabe?s=96&d=mm&r=g","url":"https:\/\/secure.gravatar.com\/avatar\/5f2d62681b1dad94c28f1500d4fc75582acdfd32b55fd1acce0a36a3c487eabe?s=96&d=mm&r=g","contentUrl":"https:\/\/secure.gravatar.com\/avatar\/5f2d62681b1dad94c28f1500d4fc75582acdfd32b55fd1acce0a36a3c487eabe?s=96&d=mm&r=g","caption":"Sensorial Sunsets"},"url":"https:\/\/www.sensorialsunsets.com\/en\/author\/asistentes-sensorial-sunsets\/"}]}},"_links":{"self":[{"href":"https:\/\/www.sensorialsunsets.com\/en\/wp-json\/wp\/v2\/posts\/23865","targetHints":{"allow":["GET"]}}],"collection":[{"href":"https:\/\/www.sensorialsunsets.com\/en\/wp-json\/wp\/v2\/posts"}],"about":[{"href":"https:\/\/www.sensorialsunsets.com\/en\/wp-json\/wp\/v2\/types\/post"}],"author":[{"embeddable":true,"href":"https:\/\/www.sensorialsunsets.com\/en\/wp-json\/wp\/v2\/users\/4"}],"replies":[{"embeddable":true,"href":"https:\/\/www.sensorialsunsets.com\/en\/wp-json\/wp\/v2\/comments?post=23865"}],"version-history":[{"count":1,"href":"https:\/\/www.sensorialsunsets.com\/en\/wp-json\/wp\/v2\/posts\/23865\/revisions"}],"predecessor-version":[{"id":23866,"href":"https:\/\/www.sensorialsunsets.com\/en\/wp-json\/wp\/v2\/posts\/23865\/revisions\/23866"}],"wp:featuredmedia":[{"embeddable":true,"href":"https:\/\/www.sensorialsunsets.com\/en\/wp-json\/wp\/v2\/media\/23864"}],"wp:attachment":[{"href":"https:\/\/www.sensorialsunsets.com\/en\/wp-json\/wp\/v2\/media?parent=23865"}],"wp:term":[{"taxonomy":"category","embeddable":true,"href":"https:\/\/www.sensorialsunsets.com\/en\/wp-json\/wp\/v2\/categories?post=23865"},{"taxonomy":"post_tag","embeddable":true,"href":"https:\/\/www.sensorialsunsets.com\/en\/wp-json\/wp\/v2\/tags?post=23865"}],"curies":[{"name":"wp","href":"https:\/\/api.w.org\/{rel}","templated":true}]}}