{"id":25187,"date":"2026-05-26T15:11:03","date_gmt":"2026-05-26T21:11:03","guid":{"rendered":"https:\/\/www.sensorialsunsets.com\/bird-count-confirms-biological-richness-of-costa-ricas-cubujuqui-corridor\/"},"modified":"2026-05-26T15:11:04","modified_gmt":"2026-05-26T21:11:04","slug":"bird-count-confirms-biological-richness-of-costa-ricas-cubujuqui-corridor","status":"publish","type":"post","link":"https:\/\/www.sensorialsunsets.com\/en\/bird-count-confirms-biological-richness-of-costa-ricas-cubujuqui-corridor\/","title":{"rendered":"Bird Count Confirms Biological Richness of Costa Rica\u2019s Cubujuqu\u00ed Corridor"},"content":{"rendered":"\n<p class=\"wp-block-paragraph\">The Cubujuqu\u00ed Biological Corridor in Costa Rica recorded a total of 2,366 birds from 183 species during its first bird census of 2026, establishing itself as one of the country\u2019s most biodiverse urban conservation corridors. The monitoring took place on April 25 across 15 routes in the provinces of Heredia and Alajuela.<\/p>\n\n<p class=\"wp-block-paragraph\">This corridor spans 10 cantons and is part of a national strategy to connect fragmented ecosystems, natural areas, landscapes, and micro-watersheds within urban and semi-urban areas. Its goal is to facilitate the safe movement of wildlife between green spaces while bringing environmental conservation closer to local communities.<\/p>\n\n<p class=\"wp-block-paragraph\">Some of the places with the highest number of recorded species included Roble Alto, in San Jos\u00e9 de la Monta\u00f1a; the Benjam\u00edn N\u00fa\u00f1ez campus of the National University, in Lagunilla de Heredia; and Hacienda Barvak, in Barva. These locations recorded 65, 60, and 57 bird species, respectively.<\/p>\n\n<h3 class=\"wp-block-heading\">Hacienda Barvak joins the monitoring effort<\/h3>\n\n<p class=\"wp-block-paragraph\">One of the most significant findings of the census was the official inclusion of Hacienda Barvak in the corridor\u2019s monitoring routes. In its first survey, the property recorded 327 individual birds, including three endemic species, two aquatic species associated with nearby bodies of water, and two species listed as threatened under Costa Rica\u2019s Wildlife Conservation Law.<\/p>\n\n<p class=\"wp-block-paragraph\">The participation of Hacienda Barvak adds a new private conservation area to the Cubujuqu\u00ed monitoring network. The property\u2019s owners support a reforestation program aimed at restoring forest cover in an area once dominated by coffee plantations through tree planting and water source protection.<\/p>\n\n<div style=\"height:100px\" aria-hidden=\"true\" class=\"wp-block-spacer\"><\/div>\n\n<figure class=\"wp-block-gallery has-nested-images columns-default is-cropped wp-block-gallery-1 is-layout-flex wp-block-gallery-is-layout-flex\">\n<figure class=\"wp-block-image size-large\"><img loading=\"lazy\" decoding=\"async\" width=\"1024\" height=\"768\" data-id=\"25181\" src=\"https:\/\/www.sensorialsunsets.com\/wp-content\/uploads\/2026\/05\/Sturnella-magna-1024x768.jpeg\" alt=\"\" class=\"wp-image-25181\" srcset=\"https:\/\/www.sensorialsunsets.com\/wp-content\/uploads\/2026\/05\/Sturnella-magna-1024x768.jpeg 1024w, https:\/\/www.sensorialsunsets.com\/wp-content\/uploads\/2026\/05\/Sturnella-magna-300x225.jpeg 300w, https:\/\/www.sensorialsunsets.com\/wp-content\/uploads\/2026\/05\/Sturnella-magna-768x576.jpeg 768w, https:\/\/www.sensorialsunsets.com\/wp-content\/uploads\/2026\/05\/Sturnella-magna-1536x1152.jpeg 1536w, https:\/\/www.sensorialsunsets.com\/wp-content\/uploads\/2026\/05\/Sturnella-magna-1320x990.jpeg 1320w, https:\/\/www.sensorialsunsets.com\/wp-content\/uploads\/2026\/05\/Sturnella-magna.jpeg 1800w\" sizes=\"auto, (max-width: 1024px) 100vw, 1024px\" \/><\/figure>\n\n\n\n<figure class=\"wp-block-image size-large\"><img loading=\"lazy\" decoding=\"async\" width=\"1024\" height=\"768\" data-id=\"25180\" src=\"https:\/\/www.sensorialsunsets.com\/wp-content\/uploads\/2026\/05\/610-Sturnella-magna-Nicolas-Jara-1024x768-1.jpg\" alt=\"\" class=\"wp-image-25180\" srcset=\"https:\/\/www.sensorialsunsets.com\/wp-content\/uploads\/2026\/05\/610-Sturnella-magna-Nicolas-Jara-1024x768-1.jpg 1024w, https:\/\/www.sensorialsunsets.com\/wp-content\/uploads\/2026\/05\/610-Sturnella-magna-Nicolas-Jara-1024x768-1-300x225.jpg 300w, https:\/\/www.sensorialsunsets.com\/wp-content\/uploads\/2026\/05\/610-Sturnella-magna-Nicolas-Jara-1024x768-1-768x576.jpg 768w\" sizes=\"auto, (max-width: 1024px) 100vw, 1024px\" \/><\/figure>\n\n\n\n<figure class=\"wp-block-image size-large\"><img loading=\"lazy\" decoding=\"async\" width=\"1024\" height=\"768\" data-id=\"25182\" src=\"https:\/\/www.sensorialsunsets.com\/wp-content\/uploads\/2026\/05\/Pygochelidon-cyanoleuca-1024x768.jpeg\" alt=\"\" class=\"wp-image-25182\" srcset=\"https:\/\/www.sensorialsunsets.com\/wp-content\/uploads\/2026\/05\/Pygochelidon-cyanoleuca-1024x768.jpeg 1024w, https:\/\/www.sensorialsunsets.com\/wp-content\/uploads\/2026\/05\/Pygochelidon-cyanoleuca-300x225.jpeg 300w, https:\/\/www.sensorialsunsets.com\/wp-content\/uploads\/2026\/05\/Pygochelidon-cyanoleuca-768x576.jpeg 768w, https:\/\/www.sensorialsunsets.com\/wp-content\/uploads\/2026\/05\/Pygochelidon-cyanoleuca-1536x1152.jpeg 1536w, https:\/\/www.sensorialsunsets.com\/wp-content\/uploads\/2026\/05\/Pygochelidon-cyanoleuca-1320x990.jpeg 1320w, https:\/\/www.sensorialsunsets.com\/wp-content\/uploads\/2026\/05\/Pygochelidon-cyanoleuca.jpeg 1800w\" sizes=\"auto, (max-width: 1024px) 100vw, 1024px\" \/><\/figure>\n<\/figure>\n\n<div style=\"height:100px\" aria-hidden=\"true\" class=\"wp-block-spacer\"><\/div>\n\n<p class=\"wp-block-paragraph\">At the hacienda, the count was conducted by 13 volunteers under the guidance of conservation and wildlife management specialist Hellen Sol\u00eds and birding expert Federico Oviedo. Participants recorded their observations using the eBird platform, which compiles data from Costa Rica\u2019s eight interurban biological corridors.<\/p>\n\n<h3 class=\"wp-block-heading\">Featured species and national results<\/h3>\n\n<p class=\"wp-block-paragraph\">Among the most abundant species observed at Hacienda Barvak were <em>Pygochelidon cyanoleuca<\/em>, a small blue-and-white swallow, and <em>Sturnella magna<\/em>, known for its yellow breast and regarded as an indicator of healthy open areas with low pesticide pressure.<\/p>\n\n<p class=\"wp-block-paragraph\">Nationwide, the April survey of <a href=\"https:\/\/www.sensorialsunsets.com\/en\/birds-of-costa-rica-turrialba-their-best-refuge\/\">interurban biological corridors<\/a> recorded 11,976 birds from 329 species. The corridors with the highest species richness were Cobri Surac, with 211 species; Cubujuqu\u00ed, with 183; and Bicentenario Tirib\u00ed, with 168.<\/p>\n\n<h3 class=\"wp-block-heading\">Urban Conservation and Community Participation<\/h3>\n\n<p class=\"wp-block-paragraph\">The Cubujuqu\u00ed Corridor is part of the National Biological Corridors Program administered by the National System of Conservation Areas (SINAC). Its local monitoring committee includes representatives from the National University, government agencies, nongovernmental organizations, municipalities, and civil society.<\/p>\n\n<p class=\"wp-block-paragraph\">This initiative is also supported by the Organization for Tropical Studies\u2019 \u201cTransition to a Green Urban Economy\u201d project, promoted by the United Nations Development Programme (UNDP).<\/p>\n\n<p class=\"wp-block-paragraph\">The census results highlight the important role that urban and peri-urban green spaces can still play in protecting wildlife. In densely populated areas of the Central Valley, corridors such as Cubujuqu\u00ed demonstrate that it is possible to combine conservation, environmental education, and community participation without excluding human presence.<\/p>\n\n<p class=\"wp-block-paragraph\"><strong>Sensorial Sunsets<\/strong><\/p>\n","protected":false},"excerpt":{"rendered":"<p>The Cubujuqu\u00ed Biological Corridor in Costa Rica recorded a total of 2,366 birds from 183 species during its first bird census of 2026, establishing itself as one of the country\u2019s most biodiverse urban conservation corridors. The monitoring took place on April 25 across 15 routes in the provinces of Heredia and Alajuela. This corridor spans [&hellip;]<\/p>\n","protected":false},"author":4,"featured_media":25186,"comment_status":"closed","ping_status":"closed","sticky":false,"template":"","format":"standard","meta":{"_acf_changed":false,"inline_featured_image":false,"_monsterinsights_skip_tracking":false,"footnotes":""},"categories":[8],"tags":[],"class_list":["post-25187","post","type-post","status-publish","format-standard","has-post-thumbnail","hentry","category-uncategorized"],"acf":[],"yoast_head":"<!-- This site is optimized with the Yoast SEO plugin v28.4 - https:\/\/yoast.com\/product\/yoast-seo-wordpress\/ -->\n<title>Bird Count Confirms Biological Richness of Costa Rica\u2019s Cubujuqu\u00ed Corridor - SensorialSunsets<\/title>\n<meta name=\"description\" content=\"Bird count in Cubujuqu\u00ed recorded 183 species and confirmed the biological diversity of this urban corridor in Costa Rica.\" \/>\n<meta name=\"robots\" content=\"index, follow, max-snippet:-1, max-image-preview:large, max-video-preview:-1\" \/>\n<link rel=\"canonical\" href=\"https:\/\/www.sensorialsunsets.com\/en\/bird-count-confirms-biological-richness-of-costa-ricas-cubujuqui-corridor\/\" \/>\n<meta property=\"og:locale\" content=\"en_US\" \/>\n<meta property=\"og:type\" content=\"article\" \/>\n<meta property=\"og:title\" content=\"Bird Count Confirms Biological Richness of Costa Rica\u2019s Cubujuqu\u00ed Corridor - SensorialSunsets\" \/>\n<meta property=\"og:description\" content=\"Bird count in Cubujuqu\u00ed recorded 183 species and confirmed the biological diversity of this urban corridor in Costa Rica.\" \/>\n<meta property=\"og:url\" content=\"https:\/\/www.sensorialsunsets.com\/en\/bird-count-confirms-biological-richness-of-costa-ricas-cubujuqui-corridor\/\" \/>\n<meta property=\"og:site_name\" content=\"SensorialSunsets\" \/>\n<meta property=\"article:publisher\" content=\"https:\/\/www.facebook.com\/Sensorial-Sunsets-109180614715562\" \/>\n<meta property=\"article:published_time\" content=\"2026-05-26T21:11:03+00:00\" \/>\n<meta property=\"article:modified_time\" content=\"2026-05-26T21:11:04+00:00\" \/>\n<meta property=\"og:image\" content=\"https:\/\/www.sensorialsunsets.com\/wp-content\/uploads\/2026\/05\/Pygochelidon-cyanoleuca.jpeg\" \/>\n\t<meta property=\"og:image:width\" content=\"1800\" \/>\n\t<meta property=\"og:image:height\" content=\"1350\" \/>\n\t<meta property=\"og:image:type\" content=\"image\/jpeg\" \/>\n<meta name=\"author\" content=\"Sensorial Sunsets\" \/>\n<meta name=\"twitter:card\" content=\"summary_large_image\" \/>\n<meta name=\"twitter:label1\" content=\"Written by\" \/>\n\t<meta name=\"twitter:data1\" content=\"Sensorial Sunsets\" \/>\n\t<meta name=\"twitter:label2\" content=\"Est. reading time\" \/>\n\t<meta name=\"twitter:data2\" content=\"2 minutes\" \/>\n<script type=\"application\/ld+json\" class=\"yoast-schema-graph\">{\"@context\":\"https:\\\/\\\/schema.org\",\"@graph\":[{\"@type\":\"Article\",\"@id\":\"https:\\\/\\\/www.sensorialsunsets.com\\\/en\\\/bird-count-confirms-biological-richness-of-costa-ricas-cubujuqui-corridor\\\/#article\",\"isPartOf\":{\"@id\":\"https:\\\/\\\/www.sensorialsunsets.com\\\/en\\\/bird-count-confirms-biological-richness-of-costa-ricas-cubujuqui-corridor\\\/\"},\"author\":{\"name\":\"Sensorial Sunsets\",\"@id\":\"https:\\\/\\\/www.sensorialsunsets.com\\\/en\\\/#\\\/schema\\\/person\\\/7fbe869b21d07a3c3ece1037dc8a8dd9\"},\"headline\":\"Bird Count Confirms Biological Richness of Costa Rica\u2019s Cubujuqu\u00ed Corridor\",\"datePublished\":\"2026-05-26T21:11:03+00:00\",\"dateModified\":\"2026-05-26T21:11:04+00:00\",\"mainEntityOfPage\":{\"@id\":\"https:\\\/\\\/www.sensorialsunsets.com\\\/en\\\/bird-count-confirms-biological-richness-of-costa-ricas-cubujuqui-corridor\\\/\"},\"wordCount\":495,\"publisher\":{\"@id\":\"https:\\\/\\\/www.sensorialsunsets.com\\\/en\\\/#organization\"},\"image\":{\"@id\":\"https:\\\/\\\/www.sensorialsunsets.com\\\/en\\\/bird-count-confirms-biological-richness-of-costa-ricas-cubujuqui-corridor\\\/#primaryimage\"},\"thumbnailUrl\":\"https:\\\/\\\/www.sensorialsunsets.com\\\/wp-content\\\/uploads\\\/2026\\\/05\\\/Pygochelidon-cyanoleuca.jpeg\",\"inLanguage\":\"en-US\"},{\"@type\":\"WebPage\",\"@id\":\"https:\\\/\\\/www.sensorialsunsets.com\\\/en\\\/bird-count-confirms-biological-richness-of-costa-ricas-cubujuqui-corridor\\\/\",\"url\":\"https:\\\/\\\/www.sensorialsunsets.com\\\/en\\\/bird-count-confirms-biological-richness-of-costa-ricas-cubujuqui-corridor\\\/\",\"name\":\"Bird Count Confirms Biological Richness of Costa Rica\u2019s Cubujuqu\u00ed Corridor - SensorialSunsets\",\"isPartOf\":{\"@id\":\"https:\\\/\\\/www.sensorialsunsets.com\\\/en\\\/#website\"},\"primaryImageOfPage\":{\"@id\":\"https:\\\/\\\/www.sensorialsunsets.com\\\/en\\\/bird-count-confirms-biological-richness-of-costa-ricas-cubujuqui-corridor\\\/#primaryimage\"},\"image\":{\"@id\":\"https:\\\/\\\/www.sensorialsunsets.com\\\/en\\\/bird-count-confirms-biological-richness-of-costa-ricas-cubujuqui-corridor\\\/#primaryimage\"},\"thumbnailUrl\":\"https:\\\/\\\/www.sensorialsunsets.com\\\/wp-content\\\/uploads\\\/2026\\\/05\\\/Pygochelidon-cyanoleuca.jpeg\",\"datePublished\":\"2026-05-26T21:11:03+00:00\",\"dateModified\":\"2026-05-26T21:11:04+00:00\",\"description\":\"Bird count in Cubujuqu\u00ed recorded 183 species and confirmed the biological diversity of this urban corridor in Costa Rica.\",\"inLanguage\":\"en-US\",\"potentialAction\":[{\"@type\":\"ReadAction\",\"target\":[\"https:\\\/\\\/www.sensorialsunsets.com\\\/en\\\/bird-count-confirms-biological-richness-of-costa-ricas-cubujuqui-corridor\\\/\"]}]},{\"@type\":\"ImageObject\",\"inLanguage\":\"en-US\",\"@id\":\"https:\\\/\\\/www.sensorialsunsets.com\\\/en\\\/bird-count-confirms-biological-richness-of-costa-ricas-cubujuqui-corridor\\\/#primaryimage\",\"url\":\"https:\\\/\\\/www.sensorialsunsets.com\\\/wp-content\\\/uploads\\\/2026\\\/05\\\/Pygochelidon-cyanoleuca.jpeg\",\"contentUrl\":\"https:\\\/\\\/www.sensorialsunsets.com\\\/wp-content\\\/uploads\\\/2026\\\/05\\\/Pygochelidon-cyanoleuca.jpeg\",\"width\":1800,\"height\":1350},{\"@type\":\"WebSite\",\"@id\":\"https:\\\/\\\/www.sensorialsunsets.com\\\/en\\\/#website\",\"url\":\"https:\\\/\\\/www.sensorialsunsets.com\\\/en\\\/\",\"name\":\"SensorialSunsets.com\",\"description\":\"Discover the culture and society of Costa Rica on our blog. Explore captivating articles and share the content.\",\"publisher\":{\"@id\":\"https:\\\/\\\/www.sensorialsunsets.com\\\/en\\\/#organization\"},\"alternateName\":\"Costa Rica Live Blog\",\"potentialAction\":[{\"@type\":\"SearchAction\",\"target\":{\"@type\":\"EntryPoint\",\"urlTemplate\":\"https:\\\/\\\/www.sensorialsunsets.com\\\/en\\\/?s={search_term_string}\"},\"query-input\":{\"@type\":\"PropertyValueSpecification\",\"valueRequired\":true,\"valueName\":\"search_term_string\"}}],\"inLanguage\":\"en-US\"},{\"@type\":\"Organization\",\"@id\":\"https:\\\/\\\/www.sensorialsunsets.com\\\/en\\\/#organization\",\"name\":\"SensorialSunsets\",\"url\":\"https:\\\/\\\/www.sensorialsunsets.com\\\/en\\\/\",\"logo\":{\"@type\":\"ImageObject\",\"inLanguage\":\"en-US\",\"@id\":\"https:\\\/\\\/www.sensorialsunsets.com\\\/en\\\/#\\\/schema\\\/logo\\\/image\\\/\",\"url\":\"https:\\\/\\\/www.sensorialsunsets.com\\\/wp-content\\\/uploads\\\/2023\\\/04\\\/Logo_base_line_fond_clair.svg\",\"contentUrl\":\"https:\\\/\\\/www.sensorialsunsets.com\\\/wp-content\\\/uploads\\\/2023\\\/04\\\/Logo_base_line_fond_clair.svg\",\"width\":\"1024\",\"height\":\"1024\",\"caption\":\"SensorialSunsets\"},\"image\":{\"@id\":\"https:\\\/\\\/www.sensorialsunsets.com\\\/en\\\/#\\\/schema\\\/logo\\\/image\\\/\"},\"sameAs\":[\"https:\\\/\\\/www.facebook.com\\\/Sensorial-Sunsets-109180614715562\",\"https:\\\/\\\/www.instagram.com\\\/sensorialsunsets\\\/\"]},{\"@type\":\"Person\",\"@id\":\"https:\\\/\\\/www.sensorialsunsets.com\\\/en\\\/#\\\/schema\\\/person\\\/7fbe869b21d07a3c3ece1037dc8a8dd9\",\"name\":\"Sensorial Sunsets\",\"image\":{\"@type\":\"ImageObject\",\"inLanguage\":\"en-US\",\"@id\":\"https:\\\/\\\/secure.gravatar.com\\\/avatar\\\/5f2d62681b1dad94c28f1500d4fc75582acdfd32b55fd1acce0a36a3c487eabe?s=96&d=mm&r=g\",\"url\":\"https:\\\/\\\/secure.gravatar.com\\\/avatar\\\/5f2d62681b1dad94c28f1500d4fc75582acdfd32b55fd1acce0a36a3c487eabe?s=96&d=mm&r=g\",\"contentUrl\":\"https:\\\/\\\/secure.gravatar.com\\\/avatar\\\/5f2d62681b1dad94c28f1500d4fc75582acdfd32b55fd1acce0a36a3c487eabe?s=96&d=mm&r=g\",\"caption\":\"Sensorial Sunsets\"},\"url\":\"https:\\\/\\\/www.sensorialsunsets.com\\\/en\\\/author\\\/asistentes-sensorial-sunsets\\\/\"}]}<\/script>\n<!-- \/ Yoast SEO plugin. -->","yoast_head_json":{"title":"Bird Count Confirms Biological Richness of Costa Rica\u2019s Cubujuqu\u00ed Corridor - SensorialSunsets","description":"Bird count in Cubujuqu\u00ed recorded 183 species and confirmed the biological diversity of this urban corridor in Costa Rica.","robots":{"index":"index","follow":"follow","max-snippet":"max-snippet:-1","max-image-preview":"max-image-preview:large","max-video-preview":"max-video-preview:-1"},"canonical":"https:\/\/www.sensorialsunsets.com\/en\/bird-count-confirms-biological-richness-of-costa-ricas-cubujuqui-corridor\/","og_locale":"en_US","og_type":"article","og_title":"Bird Count Confirms Biological Richness of Costa Rica\u2019s Cubujuqu\u00ed Corridor - SensorialSunsets","og_description":"Bird count in Cubujuqu\u00ed recorded 183 species and confirmed the biological diversity of this urban corridor in Costa Rica.","og_url":"https:\/\/www.sensorialsunsets.com\/en\/bird-count-confirms-biological-richness-of-costa-ricas-cubujuqui-corridor\/","og_site_name":"SensorialSunsets","article_publisher":"https:\/\/www.facebook.com\/Sensorial-Sunsets-109180614715562","article_published_time":"2026-05-26T21:11:03+00:00","article_modified_time":"2026-05-26T21:11:04+00:00","og_image":[{"width":1800,"height":1350,"url":"https:\/\/www.sensorialsunsets.com\/wp-content\/uploads\/2026\/05\/Pygochelidon-cyanoleuca.jpeg","type":"image\/jpeg"}],"author":"Sensorial Sunsets","twitter_card":"summary_large_image","twitter_misc":{"Written by":"Sensorial Sunsets","Est. reading time":"2 minutes"},"schema":{"@context":"https:\/\/schema.org","@graph":[{"@type":"Article","@id":"https:\/\/www.sensorialsunsets.com\/en\/bird-count-confirms-biological-richness-of-costa-ricas-cubujuqui-corridor\/#article","isPartOf":{"@id":"https:\/\/www.sensorialsunsets.com\/en\/bird-count-confirms-biological-richness-of-costa-ricas-cubujuqui-corridor\/"},"author":{"name":"Sensorial Sunsets","@id":"https:\/\/www.sensorialsunsets.com\/en\/#\/schema\/person\/7fbe869b21d07a3c3ece1037dc8a8dd9"},"headline":"Bird Count Confirms Biological Richness of Costa Rica\u2019s Cubujuqu\u00ed Corridor","datePublished":"2026-05-26T21:11:03+00:00","dateModified":"2026-05-26T21:11:04+00:00","mainEntityOfPage":{"@id":"https:\/\/www.sensorialsunsets.com\/en\/bird-count-confirms-biological-richness-of-costa-ricas-cubujuqui-corridor\/"},"wordCount":495,"publisher":{"@id":"https:\/\/www.sensorialsunsets.com\/en\/#organization"},"image":{"@id":"https:\/\/www.sensorialsunsets.com\/en\/bird-count-confirms-biological-richness-of-costa-ricas-cubujuqui-corridor\/#primaryimage"},"thumbnailUrl":"https:\/\/www.sensorialsunsets.com\/wp-content\/uploads\/2026\/05\/Pygochelidon-cyanoleuca.jpeg","inLanguage":"en-US"},{"@type":"WebPage","@id":"https:\/\/www.sensorialsunsets.com\/en\/bird-count-confirms-biological-richness-of-costa-ricas-cubujuqui-corridor\/","url":"https:\/\/www.sensorialsunsets.com\/en\/bird-count-confirms-biological-richness-of-costa-ricas-cubujuqui-corridor\/","name":"Bird Count Confirms Biological Richness of Costa Rica\u2019s Cubujuqu\u00ed Corridor - SensorialSunsets","isPartOf":{"@id":"https:\/\/www.sensorialsunsets.com\/en\/#website"},"primaryImageOfPage":{"@id":"https:\/\/www.sensorialsunsets.com\/en\/bird-count-confirms-biological-richness-of-costa-ricas-cubujuqui-corridor\/#primaryimage"},"image":{"@id":"https:\/\/www.sensorialsunsets.com\/en\/bird-count-confirms-biological-richness-of-costa-ricas-cubujuqui-corridor\/#primaryimage"},"thumbnailUrl":"https:\/\/www.sensorialsunsets.com\/wp-content\/uploads\/2026\/05\/Pygochelidon-cyanoleuca.jpeg","datePublished":"2026-05-26T21:11:03+00:00","dateModified":"2026-05-26T21:11:04+00:00","description":"Bird count in Cubujuqu\u00ed recorded 183 species and confirmed the biological diversity of this urban corridor in Costa Rica.","inLanguage":"en-US","potentialAction":[{"@type":"ReadAction","target":["https:\/\/www.sensorialsunsets.com\/en\/bird-count-confirms-biological-richness-of-costa-ricas-cubujuqui-corridor\/"]}]},{"@type":"ImageObject","inLanguage":"en-US","@id":"https:\/\/www.sensorialsunsets.com\/en\/bird-count-confirms-biological-richness-of-costa-ricas-cubujuqui-corridor\/#primaryimage","url":"https:\/\/www.sensorialsunsets.com\/wp-content\/uploads\/2026\/05\/Pygochelidon-cyanoleuca.jpeg","contentUrl":"https:\/\/www.sensorialsunsets.com\/wp-content\/uploads\/2026\/05\/Pygochelidon-cyanoleuca.jpeg","width":1800,"height":1350},{"@type":"WebSite","@id":"https:\/\/www.sensorialsunsets.com\/en\/#website","url":"https:\/\/www.sensorialsunsets.com\/en\/","name":"SensorialSunsets.com","description":"Discover the culture and society of Costa Rica on our blog. Explore captivating articles and share the content.","publisher":{"@id":"https:\/\/www.sensorialsunsets.com\/en\/#organization"},"alternateName":"Costa Rica Live Blog","potentialAction":[{"@type":"SearchAction","target":{"@type":"EntryPoint","urlTemplate":"https:\/\/www.sensorialsunsets.com\/en\/?s={search_term_string}"},"query-input":{"@type":"PropertyValueSpecification","valueRequired":true,"valueName":"search_term_string"}}],"inLanguage":"en-US"},{"@type":"Organization","@id":"https:\/\/www.sensorialsunsets.com\/en\/#organization","name":"SensorialSunsets","url":"https:\/\/www.sensorialsunsets.com\/en\/","logo":{"@type":"ImageObject","inLanguage":"en-US","@id":"https:\/\/www.sensorialsunsets.com\/en\/#\/schema\/logo\/image\/","url":"https:\/\/www.sensorialsunsets.com\/wp-content\/uploads\/2023\/04\/Logo_base_line_fond_clair.svg","contentUrl":"https:\/\/www.sensorialsunsets.com\/wp-content\/uploads\/2023\/04\/Logo_base_line_fond_clair.svg","width":"1024","height":"1024","caption":"SensorialSunsets"},"image":{"@id":"https:\/\/www.sensorialsunsets.com\/en\/#\/schema\/logo\/image\/"},"sameAs":["https:\/\/www.facebook.com\/Sensorial-Sunsets-109180614715562","https:\/\/www.instagram.com\/sensorialsunsets\/"]},{"@type":"Person","@id":"https:\/\/www.sensorialsunsets.com\/en\/#\/schema\/person\/7fbe869b21d07a3c3ece1037dc8a8dd9","name":"Sensorial Sunsets","image":{"@type":"ImageObject","inLanguage":"en-US","@id":"https:\/\/secure.gravatar.com\/avatar\/5f2d62681b1dad94c28f1500d4fc75582acdfd32b55fd1acce0a36a3c487eabe?s=96&d=mm&r=g","url":"https:\/\/secure.gravatar.com\/avatar\/5f2d62681b1dad94c28f1500d4fc75582acdfd32b55fd1acce0a36a3c487eabe?s=96&d=mm&r=g","contentUrl":"https:\/\/secure.gravatar.com\/avatar\/5f2d62681b1dad94c28f1500d4fc75582acdfd32b55fd1acce0a36a3c487eabe?s=96&d=mm&r=g","caption":"Sensorial Sunsets"},"url":"https:\/\/www.sensorialsunsets.com\/en\/author\/asistentes-sensorial-sunsets\/"}]}},"_links":{"self":[{"href":"https:\/\/www.sensorialsunsets.com\/en\/wp-json\/wp\/v2\/posts\/25187","targetHints":{"allow":["GET"]}}],"collection":[{"href":"https:\/\/www.sensorialsunsets.com\/en\/wp-json\/wp\/v2\/posts"}],"about":[{"href":"https:\/\/www.sensorialsunsets.com\/en\/wp-json\/wp\/v2\/types\/post"}],"author":[{"embeddable":true,"href":"https:\/\/www.sensorialsunsets.com\/en\/wp-json\/wp\/v2\/users\/4"}],"replies":[{"embeddable":true,"href":"https:\/\/www.sensorialsunsets.com\/en\/wp-json\/wp\/v2\/comments?post=25187"}],"version-history":[{"count":0,"href":"https:\/\/www.sensorialsunsets.com\/en\/wp-json\/wp\/v2\/posts\/25187\/revisions"}],"wp:featuredmedia":[{"embeddable":true,"href":"https:\/\/www.sensorialsunsets.com\/en\/wp-json\/wp\/v2\/media\/25186"}],"wp:attachment":[{"href":"https:\/\/www.sensorialsunsets.com\/en\/wp-json\/wp\/v2\/media?parent=25187"}],"wp:term":[{"taxonomy":"category","embeddable":true,"href":"https:\/\/www.sensorialsunsets.com\/en\/wp-json\/wp\/v2\/categories?post=25187"},{"taxonomy":"post_tag","embeddable":true,"href":"https:\/\/www.sensorialsunsets.com\/en\/wp-json\/wp\/v2\/tags?post=25187"}],"curies":[{"name":"wp","href":"https:\/\/api.w.org\/{rel}","templated":true}]}}