{"id":3136,"date":"2022-08-22T22:39:01","date_gmt":"2022-08-22T22:39:01","guid":{"rendered":"https:\/\/www.sensorialsunsets.com\/the-central-avenue-of-san-jose\/"},"modified":"2022-08-22T22:39:02","modified_gmt":"2022-08-22T22:39:02","slug":"the-central-avenue-of-san-jose","status":"publish","type":"post","link":"https:\/\/www.sensorialsunsets.com\/en\/the-central-avenue-of-san-jose\/","title":{"rendered":"The Central Avenue of San Jos\u00e9"},"content":{"rendered":"\n<p>Central Avenue (0) is the most important artery of San Jos\u00e9, the capital. Actually called Rogelio Fern\u00e1ndez G\u00fcell Avenue (in honor of the man who fought to the death against the Tinoco dictatorship), it is made up of 12 blocks that cross the center of San Jos\u00e9 from east to west. It is a strategic pedestrian boulevard crossed annually by more than 3 million people. Its western section, called Paseo Col\u00f3n, is the most important path to the La Sabana sector.<\/p>\n\n<h2 class=\"wp-block-heading\">History<\/h2>\n\n<p>Initially known as Calle Real, Central Avenue was born when the capital was called Villa Nueva de la Boca del Monte. Already since the first half of the 19th century, it was a hub for transportation and housing, concentrating even the (little) economic activity that existed at that time.<\/p>\n\n<p>Its layout becomes definitive and the route is positioned as a key commercial path for the whole country in the late nineteenth century with the economic boom and the designation of San Jos\u00e9 as the capital of the Republic. In fact, the avenue became known as the Street of Commerce.<\/p>\n\n<p>In the 1880s, the Central Market was established at its intersection. All the main stores and important buildings such as the National Palace (now the Bank of Costa Rica) were already located on Central Avenue. Then, in the early 1890&#8217;s the first tramway route from La Sabana to the Atlantic Station crossed the avenue in the middle.<\/p>\n\n<figure class=\"wp-block-image size-full\"><img loading=\"lazy\" decoding=\"async\" width=\"1024\" height=\"768\" src=\"https:\/\/www.sensorialsunsets.com\/wp-content\/uploads\/2022\/08\/Avenida_Central_1.jpg\" alt=\"avenida-central-sensorial-sunsets\" class=\"wp-image-3131\" srcset=\"https:\/\/www.sensorialsunsets.com\/wp-content\/uploads\/2022\/08\/Avenida_Central_1.jpg 1024w, https:\/\/www.sensorialsunsets.com\/wp-content\/uploads\/2022\/08\/Avenida_Central_1-300x225.jpg 300w, https:\/\/www.sensorialsunsets.com\/wp-content\/uploads\/2022\/08\/Avenida_Central_1-768x576.jpg 768w\" sizes=\"auto, (max-width: 1024px) 100vw, 1024px\" \/><figcaption>Avenida Central<\/figcaption><\/figure>\n<h2 class=\"wp-block-heading\">Commercial artery<\/h2>\n\n<p>Later, in the 1950s, after the tramway had already been dismantled, Avenida Central became an east-west vehicular artery. This generated an increase in commerce and also consolidated it as one of the main thoroughfares in the city. In 1994, it was decided to transform the avenue into a pedestrian boulevard, allowing the free movement of pedestrians who come to do all kinds of shopping. With more than 220 commercial establishments, especially clothing stores, shoe stores, restaurants, coffee shops, jewelry stores and pharmacies, the central avenue is currently the nevralgic center of commerce in the capital. It is also home to the headquarters of the Central Bank and the Bank of Costa Rica.<\/p>\n\n<h2 class=\"wp-block-heading\">Culture<\/h2>\n\n<p>The Avenida Central connects great tourist sites and iconic cultural spaces of the country. It starts at the Costa Rican Art Museum in La Sabana, through the Paseo Colon, to the Gold Museum in the basement of the Plaza de la Cultura, the National Theater and the National and Jade Museums in the Plaza de la Democracia.<\/p>\n\n<h2 class=\"wp-block-heading\">The \u201cAvenidazo\u201d<\/h2>\n\n<p>When Ticos want to celebrate an important event, they go to the Central Avenue to walk around the blocks celebrating. This is what they call the &#8220;avenidazo&#8221;. For example, in December, to celebrate the New Year, many Costa Ricans go on foot to Central Avenue to throw confetti and share with strangers.<\/p>\n\n<p>The Municipality of San Jos\u00e9 organizes events to celebrate the end of the year celebrations with music, cultural activities and lots of color.<\/p>\n\n<p><\/p>\n\n<p><strong>Author<\/strong>: M. Barrantes for Sensorial Sunsets<\/p>\n\n<p><\/p>\n\n<h2 class=\"wp-block-heading\">Sources<\/h2>\n\n<p><a href=\"https:\/\/es.wikipedia.org\/wiki\/Avenida_Central_(San_Jos%C3%A9)\">https:\/\/es.wikipedia.org\/wiki\/Avenida_Central_(San_Jos%C3%A9)<\/a><\/p>\n","protected":false},"excerpt":{"rendered":"<p>Central Avenue (0) is the most important artery of San Jos\u00e9, the capital. Actually called Rogelio Fern\u00e1ndez G\u00fcell Avenue (in honor of the man who fought to the death against the Tinoco dictatorship), it is made up of 12 blocks that cross the center of San Jos\u00e9 from east to west. It is a strategic [&hellip;]<\/p>\n","protected":false},"author":5,"featured_media":3128,"comment_status":"closed","ping_status":"closed","sticky":false,"template":"","format":"standard","meta":{"_acf_changed":false,"inline_featured_image":false,"_monsterinsights_skip_tracking":false,"_monsterinsights_sitenote_active":false,"_monsterinsights_sitenote_note":"","_monsterinsights_sitenote_category":0,"footnotes":""},"categories":[98,142,103,112],"tags":[],"class_list":["post-3136","post","type-post","status-publish","format-standard","has-post-thumbnail","hentry","category-costa-rica-en","category-history","category-society-en","category-tourism"],"acf":[],"yoast_head":"<!-- This site is optimized with the Yoast SEO plugin v27.4 - https:\/\/yoast.com\/product\/yoast-seo-wordpress\/ -->\n<title>The Central Avenue of San Jos\u00e9 - SensorialSunsets<\/title>\n<meta name=\"description\" content=\"The Avenida Central of San Jos\u00e9 is the most commercial and popular artery of the capital of Costa Rica. All kinds of stores are found there.\" \/>\n<meta name=\"robots\" content=\"index, follow, max-snippet:-1, max-image-preview:large, max-video-preview:-1\" \/>\n<link rel=\"canonical\" href=\"https:\/\/www.sensorialsunsets.com\/en\/the-central-avenue-of-san-jose\/\" \/>\n<meta property=\"og:locale\" content=\"en_US\" \/>\n<meta property=\"og:type\" content=\"article\" \/>\n<meta property=\"og:title\" content=\"The Central Avenue of San Jos\u00e9 - SensorialSunsets\" \/>\n<meta property=\"og:description\" content=\"The Avenida Central of San Jos\u00e9 is the most commercial and popular artery of the capital of Costa Rica. All kinds of stores are found there.\" \/>\n<meta property=\"og:url\" content=\"https:\/\/www.sensorialsunsets.com\/en\/the-central-avenue-of-san-jose\/\" \/>\n<meta property=\"og:site_name\" content=\"SensorialSunsets\" \/>\n<meta property=\"article:publisher\" content=\"https:\/\/www.facebook.com\/Sensorial-Sunsets-109180614715562\" \/>\n<meta property=\"article:published_time\" content=\"2022-08-22T22:39:01+00:00\" \/>\n<meta property=\"article:modified_time\" content=\"2022-08-22T22:39:02+00:00\" \/>\n<meta property=\"og:image\" content=\"https:\/\/www.sensorialsunsets.com\/wp-content\/uploads\/2022\/08\/800px-Ave_Central_San_Jose_Costa_Rica_2.jpg\" \/>\n\t<meta property=\"og:image:width\" content=\"800\" \/>\n\t<meta property=\"og:image:height\" content=\"1200\" \/>\n\t<meta property=\"og:image:type\" content=\"image\/jpeg\" \/>\n<meta name=\"author\" content=\"Marian Barrantes\" \/>\n<meta name=\"twitter:card\" content=\"summary_large_image\" \/>\n<meta name=\"twitter:label1\" content=\"Written by\" \/>\n\t<meta name=\"twitter:data1\" content=\"Marian Barrantes\" \/>\n\t<meta name=\"twitter:label2\" content=\"Est. reading time\" \/>\n\t<meta name=\"twitter:data2\" content=\"3 minutes\" \/>\n<script type=\"application\/ld+json\" class=\"yoast-schema-graph\">{\"@context\":\"https:\\\/\\\/schema.org\",\"@graph\":[{\"@type\":\"Article\",\"@id\":\"https:\\\/\\\/www.sensorialsunsets.com\\\/en\\\/the-central-avenue-of-san-jose\\\/#article\",\"isPartOf\":{\"@id\":\"https:\\\/\\\/www.sensorialsunsets.com\\\/en\\\/the-central-avenue-of-san-jose\\\/\"},\"author\":{\"name\":\"Marian Barrantes\",\"@id\":\"https:\\\/\\\/www.sensorialsunsets.com\\\/en\\\/#\\\/schema\\\/person\\\/a8336a4dbeee633f087a194db2ca482f\"},\"headline\":\"The Central Avenue of San Jos\u00e9\",\"datePublished\":\"2022-08-22T22:39:01+00:00\",\"dateModified\":\"2022-08-22T22:39:02+00:00\",\"mainEntityOfPage\":{\"@id\":\"https:\\\/\\\/www.sensorialsunsets.com\\\/en\\\/the-central-avenue-of-san-jose\\\/\"},\"wordCount\":511,\"publisher\":{\"@id\":\"https:\\\/\\\/www.sensorialsunsets.com\\\/en\\\/#organization\"},\"image\":{\"@id\":\"https:\\\/\\\/www.sensorialsunsets.com\\\/en\\\/the-central-avenue-of-san-jose\\\/#primaryimage\"},\"thumbnailUrl\":\"https:\\\/\\\/www.sensorialsunsets.com\\\/wp-content\\\/uploads\\\/2022\\\/08\\\/800px-Ave_Central_San_Jose_Costa_Rica_2.jpg\",\"articleSection\":[\"Costa Rica\",\"History\",\"Society\",\"Tourism\"],\"inLanguage\":\"en-US\"},{\"@type\":\"WebPage\",\"@id\":\"https:\\\/\\\/www.sensorialsunsets.com\\\/en\\\/the-central-avenue-of-san-jose\\\/\",\"url\":\"https:\\\/\\\/www.sensorialsunsets.com\\\/en\\\/the-central-avenue-of-san-jose\\\/\",\"name\":\"The Central Avenue of San Jos\u00e9 - SensorialSunsets\",\"isPartOf\":{\"@id\":\"https:\\\/\\\/www.sensorialsunsets.com\\\/en\\\/#website\"},\"primaryImageOfPage\":{\"@id\":\"https:\\\/\\\/www.sensorialsunsets.com\\\/en\\\/the-central-avenue-of-san-jose\\\/#primaryimage\"},\"image\":{\"@id\":\"https:\\\/\\\/www.sensorialsunsets.com\\\/en\\\/the-central-avenue-of-san-jose\\\/#primaryimage\"},\"thumbnailUrl\":\"https:\\\/\\\/www.sensorialsunsets.com\\\/wp-content\\\/uploads\\\/2022\\\/08\\\/800px-Ave_Central_San_Jose_Costa_Rica_2.jpg\",\"datePublished\":\"2022-08-22T22:39:01+00:00\",\"dateModified\":\"2022-08-22T22:39:02+00:00\",\"description\":\"The Avenida Central of San Jos\u00e9 is the most commercial and popular artery of the capital of Costa Rica. All kinds of stores are found there.\",\"inLanguage\":\"en-US\",\"potentialAction\":[{\"@type\":\"ReadAction\",\"target\":[\"https:\\\/\\\/www.sensorialsunsets.com\\\/en\\\/the-central-avenue-of-san-jose\\\/\"]}]},{\"@type\":\"ImageObject\",\"inLanguage\":\"en-US\",\"@id\":\"https:\\\/\\\/www.sensorialsunsets.com\\\/en\\\/the-central-avenue-of-san-jose\\\/#primaryimage\",\"url\":\"https:\\\/\\\/www.sensorialsunsets.com\\\/wp-content\\\/uploads\\\/2022\\\/08\\\/800px-Ave_Central_San_Jose_Costa_Rica_2.jpg\",\"contentUrl\":\"https:\\\/\\\/www.sensorialsunsets.com\\\/wp-content\\\/uploads\\\/2022\\\/08\\\/800px-Ave_Central_San_Jose_Costa_Rica_2.jpg\",\"width\":800,\"height\":1200},{\"@type\":\"WebSite\",\"@id\":\"https:\\\/\\\/www.sensorialsunsets.com\\\/en\\\/#website\",\"url\":\"https:\\\/\\\/www.sensorialsunsets.com\\\/en\\\/\",\"name\":\"SensorialSunsets.com\",\"description\":\"Discover the culture and society of Costa Rica on our blog. Explore captivating articles and share the content.\",\"publisher\":{\"@id\":\"https:\\\/\\\/www.sensorialsunsets.com\\\/en\\\/#organization\"},\"alternateName\":\"Costa Rica Live Blog\",\"potentialAction\":[{\"@type\":\"SearchAction\",\"target\":{\"@type\":\"EntryPoint\",\"urlTemplate\":\"https:\\\/\\\/www.sensorialsunsets.com\\\/en\\\/?s={search_term_string}\"},\"query-input\":{\"@type\":\"PropertyValueSpecification\",\"valueRequired\":true,\"valueName\":\"search_term_string\"}}],\"inLanguage\":\"en-US\"},{\"@type\":\"Organization\",\"@id\":\"https:\\\/\\\/www.sensorialsunsets.com\\\/en\\\/#organization\",\"name\":\"SensorialSunsets\",\"url\":\"https:\\\/\\\/www.sensorialsunsets.com\\\/en\\\/\",\"logo\":{\"@type\":\"ImageObject\",\"inLanguage\":\"en-US\",\"@id\":\"https:\\\/\\\/www.sensorialsunsets.com\\\/en\\\/#\\\/schema\\\/logo\\\/image\\\/\",\"url\":\"https:\\\/\\\/www.sensorialsunsets.com\\\/wp-content\\\/uploads\\\/2023\\\/04\\\/Logo_base_line_fond_clair.svg\",\"contentUrl\":\"https:\\\/\\\/www.sensorialsunsets.com\\\/wp-content\\\/uploads\\\/2023\\\/04\\\/Logo_base_line_fond_clair.svg\",\"width\":\"1024\",\"height\":\"1024\",\"caption\":\"SensorialSunsets\"},\"image\":{\"@id\":\"https:\\\/\\\/www.sensorialsunsets.com\\\/en\\\/#\\\/schema\\\/logo\\\/image\\\/\"},\"sameAs\":[\"https:\\\/\\\/www.facebook.com\\\/Sensorial-Sunsets-109180614715562\",\"https:\\\/\\\/www.instagram.com\\\/sensorialsunsets\\\/\"]},{\"@type\":\"Person\",\"@id\":\"https:\\\/\\\/www.sensorialsunsets.com\\\/en\\\/#\\\/schema\\\/person\\\/a8336a4dbeee633f087a194db2ca482f\",\"name\":\"Marian Barrantes\",\"image\":{\"@type\":\"ImageObject\",\"inLanguage\":\"en-US\",\"@id\":\"https:\\\/\\\/secure.gravatar.com\\\/avatar\\\/fafbfab67eb28029818d03f44e3037bd798e04434d8d5c0cfc2eea8ec2882a22?s=96&d=mm&r=g\",\"url\":\"https:\\\/\\\/secure.gravatar.com\\\/avatar\\\/fafbfab67eb28029818d03f44e3037bd798e04434d8d5c0cfc2eea8ec2882a22?s=96&d=mm&r=g\",\"contentUrl\":\"https:\\\/\\\/secure.gravatar.com\\\/avatar\\\/fafbfab67eb28029818d03f44e3037bd798e04434d8d5c0cfc2eea8ec2882a22?s=96&d=mm&r=g\",\"caption\":\"Marian Barrantes\"},\"sameAs\":[\"https:\\\/\\\/www.sensorialsunsets.com\"],\"url\":\"https:\\\/\\\/www.sensorialsunsets.com\\\/en\\\/author\\\/mbarrantes\\\/\"}]}<\/script>\n<!-- \/ Yoast SEO plugin. -->","yoast_head_json":{"title":"The Central Avenue of San Jos\u00e9 - SensorialSunsets","description":"The Avenida Central of San Jos\u00e9 is the most commercial and popular artery of the capital of Costa Rica. All kinds of stores are found there.","robots":{"index":"index","follow":"follow","max-snippet":"max-snippet:-1","max-image-preview":"max-image-preview:large","max-video-preview":"max-video-preview:-1"},"canonical":"https:\/\/www.sensorialsunsets.com\/en\/the-central-avenue-of-san-jose\/","og_locale":"en_US","og_type":"article","og_title":"The Central Avenue of San Jos\u00e9 - SensorialSunsets","og_description":"The Avenida Central of San Jos\u00e9 is the most commercial and popular artery of the capital of Costa Rica. All kinds of stores are found there.","og_url":"https:\/\/www.sensorialsunsets.com\/en\/the-central-avenue-of-san-jose\/","og_site_name":"SensorialSunsets","article_publisher":"https:\/\/www.facebook.com\/Sensorial-Sunsets-109180614715562","article_published_time":"2022-08-22T22:39:01+00:00","article_modified_time":"2022-08-22T22:39:02+00:00","og_image":[{"width":800,"height":1200,"url":"https:\/\/www.sensorialsunsets.com\/wp-content\/uploads\/2022\/08\/800px-Ave_Central_San_Jose_Costa_Rica_2.jpg","type":"image\/jpeg"}],"author":"Marian Barrantes","twitter_card":"summary_large_image","twitter_misc":{"Written by":"Marian Barrantes","Est. reading time":"3 minutes"},"schema":{"@context":"https:\/\/schema.org","@graph":[{"@type":"Article","@id":"https:\/\/www.sensorialsunsets.com\/en\/the-central-avenue-of-san-jose\/#article","isPartOf":{"@id":"https:\/\/www.sensorialsunsets.com\/en\/the-central-avenue-of-san-jose\/"},"author":{"name":"Marian Barrantes","@id":"https:\/\/www.sensorialsunsets.com\/en\/#\/schema\/person\/a8336a4dbeee633f087a194db2ca482f"},"headline":"The Central Avenue of San Jos\u00e9","datePublished":"2022-08-22T22:39:01+00:00","dateModified":"2022-08-22T22:39:02+00:00","mainEntityOfPage":{"@id":"https:\/\/www.sensorialsunsets.com\/en\/the-central-avenue-of-san-jose\/"},"wordCount":511,"publisher":{"@id":"https:\/\/www.sensorialsunsets.com\/en\/#organization"},"image":{"@id":"https:\/\/www.sensorialsunsets.com\/en\/the-central-avenue-of-san-jose\/#primaryimage"},"thumbnailUrl":"https:\/\/www.sensorialsunsets.com\/wp-content\/uploads\/2022\/08\/800px-Ave_Central_San_Jose_Costa_Rica_2.jpg","articleSection":["Costa Rica","History","Society","Tourism"],"inLanguage":"en-US"},{"@type":"WebPage","@id":"https:\/\/www.sensorialsunsets.com\/en\/the-central-avenue-of-san-jose\/","url":"https:\/\/www.sensorialsunsets.com\/en\/the-central-avenue-of-san-jose\/","name":"The Central Avenue of San Jos\u00e9 - SensorialSunsets","isPartOf":{"@id":"https:\/\/www.sensorialsunsets.com\/en\/#website"},"primaryImageOfPage":{"@id":"https:\/\/www.sensorialsunsets.com\/en\/the-central-avenue-of-san-jose\/#primaryimage"},"image":{"@id":"https:\/\/www.sensorialsunsets.com\/en\/the-central-avenue-of-san-jose\/#primaryimage"},"thumbnailUrl":"https:\/\/www.sensorialsunsets.com\/wp-content\/uploads\/2022\/08\/800px-Ave_Central_San_Jose_Costa_Rica_2.jpg","datePublished":"2022-08-22T22:39:01+00:00","dateModified":"2022-08-22T22:39:02+00:00","description":"The Avenida Central of San Jos\u00e9 is the most commercial and popular artery of the capital of Costa Rica. All kinds of stores are found there.","inLanguage":"en-US","potentialAction":[{"@type":"ReadAction","target":["https:\/\/www.sensorialsunsets.com\/en\/the-central-avenue-of-san-jose\/"]}]},{"@type":"ImageObject","inLanguage":"en-US","@id":"https:\/\/www.sensorialsunsets.com\/en\/the-central-avenue-of-san-jose\/#primaryimage","url":"https:\/\/www.sensorialsunsets.com\/wp-content\/uploads\/2022\/08\/800px-Ave_Central_San_Jose_Costa_Rica_2.jpg","contentUrl":"https:\/\/www.sensorialsunsets.com\/wp-content\/uploads\/2022\/08\/800px-Ave_Central_San_Jose_Costa_Rica_2.jpg","width":800,"height":1200},{"@type":"WebSite","@id":"https:\/\/www.sensorialsunsets.com\/en\/#website","url":"https:\/\/www.sensorialsunsets.com\/en\/","name":"SensorialSunsets.com","description":"Discover the culture and society of Costa Rica on our blog. Explore captivating articles and share the content.","publisher":{"@id":"https:\/\/www.sensorialsunsets.com\/en\/#organization"},"alternateName":"Costa Rica Live Blog","potentialAction":[{"@type":"SearchAction","target":{"@type":"EntryPoint","urlTemplate":"https:\/\/www.sensorialsunsets.com\/en\/?s={search_term_string}"},"query-input":{"@type":"PropertyValueSpecification","valueRequired":true,"valueName":"search_term_string"}}],"inLanguage":"en-US"},{"@type":"Organization","@id":"https:\/\/www.sensorialsunsets.com\/en\/#organization","name":"SensorialSunsets","url":"https:\/\/www.sensorialsunsets.com\/en\/","logo":{"@type":"ImageObject","inLanguage":"en-US","@id":"https:\/\/www.sensorialsunsets.com\/en\/#\/schema\/logo\/image\/","url":"https:\/\/www.sensorialsunsets.com\/wp-content\/uploads\/2023\/04\/Logo_base_line_fond_clair.svg","contentUrl":"https:\/\/www.sensorialsunsets.com\/wp-content\/uploads\/2023\/04\/Logo_base_line_fond_clair.svg","width":"1024","height":"1024","caption":"SensorialSunsets"},"image":{"@id":"https:\/\/www.sensorialsunsets.com\/en\/#\/schema\/logo\/image\/"},"sameAs":["https:\/\/www.facebook.com\/Sensorial-Sunsets-109180614715562","https:\/\/www.instagram.com\/sensorialsunsets\/"]},{"@type":"Person","@id":"https:\/\/www.sensorialsunsets.com\/en\/#\/schema\/person\/a8336a4dbeee633f087a194db2ca482f","name":"Marian Barrantes","image":{"@type":"ImageObject","inLanguage":"en-US","@id":"https:\/\/secure.gravatar.com\/avatar\/fafbfab67eb28029818d03f44e3037bd798e04434d8d5c0cfc2eea8ec2882a22?s=96&d=mm&r=g","url":"https:\/\/secure.gravatar.com\/avatar\/fafbfab67eb28029818d03f44e3037bd798e04434d8d5c0cfc2eea8ec2882a22?s=96&d=mm&r=g","contentUrl":"https:\/\/secure.gravatar.com\/avatar\/fafbfab67eb28029818d03f44e3037bd798e04434d8d5c0cfc2eea8ec2882a22?s=96&d=mm&r=g","caption":"Marian Barrantes"},"sameAs":["https:\/\/www.sensorialsunsets.com"],"url":"https:\/\/www.sensorialsunsets.com\/en\/author\/mbarrantes\/"}]}},"_links":{"self":[{"href":"https:\/\/www.sensorialsunsets.com\/en\/wp-json\/wp\/v2\/posts\/3136","targetHints":{"allow":["GET"]}}],"collection":[{"href":"https:\/\/www.sensorialsunsets.com\/en\/wp-json\/wp\/v2\/posts"}],"about":[{"href":"https:\/\/www.sensorialsunsets.com\/en\/wp-json\/wp\/v2\/types\/post"}],"author":[{"embeddable":true,"href":"https:\/\/www.sensorialsunsets.com\/en\/wp-json\/wp\/v2\/users\/5"}],"replies":[{"embeddable":true,"href":"https:\/\/www.sensorialsunsets.com\/en\/wp-json\/wp\/v2\/comments?post=3136"}],"version-history":[{"count":0,"href":"https:\/\/www.sensorialsunsets.com\/en\/wp-json\/wp\/v2\/posts\/3136\/revisions"}],"wp:featuredmedia":[{"embeddable":true,"href":"https:\/\/www.sensorialsunsets.com\/en\/wp-json\/wp\/v2\/media\/3128"}],"wp:attachment":[{"href":"https:\/\/www.sensorialsunsets.com\/en\/wp-json\/wp\/v2\/media?parent=3136"}],"wp:term":[{"taxonomy":"category","embeddable":true,"href":"https:\/\/www.sensorialsunsets.com\/en\/wp-json\/wp\/v2\/categories?post=3136"},{"taxonomy":"post_tag","embeddable":true,"href":"https:\/\/www.sensorialsunsets.com\/en\/wp-json\/wp\/v2\/tags?post=3136"}],"curies":[{"name":"wp","href":"https:\/\/api.w.org\/{rel}","templated":true}]}}