{"id":3450,"date":"2022-09-05T20:05:01","date_gmt":"2022-09-05T20:05:01","guid":{"rendered":"https:\/\/www.sensorialsunsets.com\/national-day-for-the-recognition-of-the-political-rights-of-costa-rican-women\/"},"modified":"2022-09-05T20:05:01","modified_gmt":"2022-09-05T20:05:01","slug":"national-day-for-the-recognition-of-the-political-rights-of-costa-rican-women","status":"publish","type":"post","link":"https:\/\/www.sensorialsunsets.com\/en\/national-day-for-the-recognition-of-the-political-rights-of-costa-rican-women\/","title":{"rendered":"National Day for the Recognition of the Political Rights of Costa Rican Women"},"content":{"rendered":"\n<p><\/p>\n\n<p><span style=\"font-weight: 400;\">Sixty-five years ago, on June 20, 1949, the National Constituent Assembly of Costa Rica approved the right of women to vote and to participate in popularly elected positions. This historic date has been celebrated since 2017, every June 20, as the National Day of Recognition of the Political Rights of Costa Rican Women.<\/span>&#13;\n&#13;\n<span style=\"font-weight: 400;\">&#13;\n<\/span><span style=\"font-weight: 400;\">This year, the Women&#8217;s Institute (<\/span><a href=\"https:\/\/www.inamu.go.cr\/las-mujeres-tienen-65-anos-de-ejercer-el-derecho-al-voto#:~:text=En%20el%20a%C3%B1o%202017%20la,Costa%20Rica%20en%20sesi%C3%B3n%20No.\"><span style=\"font-weight: 400;\">INAMU<\/span><\/a><span style=\"font-weight: 400;\">) together with the Minister for the Status of Women, Mrs. Cindy Quesada, celebrated said day remembering with admiration the first three women who managed to occupy a seat in the country: Ana Rosa Chac\u00f3n Gonz\u00e1lez, Estela Quesada Hern\u00e1ndez and Mar\u00eda Teresa Obreg\u00f3n Zamora. It also celebrates the achievements of the suffragettes for the right to vote and to be elected, a struggle that still continues.<\/span><\/p>\n\n<figure class=\"wp-block-image size-large is-resized\"><img loading=\"lazy\" decoding=\"async\" src=\"https:\/\/www.sensorialsunsets.com\/wp-content\/uploads\/2022\/06\/article-768x1024.jpg\" alt=\"derecho-voto-mujeres-costa-rica-sensorial-sunsets\" class=\"wp-image-2299\" width=\"598\" height=\"797\" srcset=\"https:\/\/www.sensorialsunsets.com\/wp-content\/uploads\/2022\/06\/article-768x1024.jpg 768w, https:\/\/www.sensorialsunsets.com\/wp-content\/uploads\/2022\/06\/article-225x300.jpg 225w, https:\/\/www.sensorialsunsets.com\/wp-content\/uploads\/2022\/06\/article.jpg 864w\" sizes=\"auto, (max-width: 598px) 100vw, 598px\" \/><figcaption>Costa Rican women&#8217;s right to vote &#8211; photo taken from INAMU<\/figcaption><\/figure>\n<p><b>Inequality between Men and Women in Politics<\/b>&#13;\n&#13;\n<span style=\"font-weight: 400;\">Indeed, &#8220;the data and the reality regarding the violence suffered by women in politics due to their gender condition, especially at the local level, continue to be of concern&#8221;, states INAMU. The statistics are eloquent: during the election of the presidencies of the Municipal <\/span><span style=\"font-weight: 400;\">&#13;\n<\/span><span style=\"font-weight: 400;\">Councils last May, &#8220;only 28.04% of women occupied the presidencies (23 women out of 82 mayorships). For the mayoral elections held in 2020, only 24.4% of women managed to occupy the position of presidents of Municipal Councils, that is, 20 out of 82 mayoralties.&#8221;<\/span><\/p>\n\n<p>In other words, there is still a long way to go to achieve equality between men and women in politics in Costa Rica. For this reason, the National Day for the Recognition of the Political Rights of Costa Rican Women continues to be celebrated.<\/p>\n\n<p><a href=\"https:\/\/www.sensorialsunsets.com\/en\/costa-rica-is-it-safe-for-women-travelling-alone\/\"><span style=\"font-weight: 400;\">See<\/span><\/a><span style=\"font-weight: 400;\"> related article.<\/span><\/p>\n\n<p><\/p>\n\n<p><b>Author<\/b><span style=\"font-weight: 400;\">: M. Barrantes for Sensorial Sunsets<\/span><\/p>\n\n<p><\/p>\n\n<p><a href=\"https:\/\/www.inamu.go.cr\/las-mujeres-tienen-65-anos-de-ejercer-el-derecho-al-voto#:~:text=En%20el%20a%C3%B1o%202017%20la,Costa%20Rica%20en%20sesi%C3%B3n%20No.\">https:\/\/www.inamu.go.cr\/las-mujeres-tienen-65-anos-de-ejercer-el-derecho-al-voto#:~:text=En%20el%20a%C3%B1o%202017%20la,Costa%20Rica%20en%20sesi%C3%B3n%20No.<\/a><\/p>\n\n<p><\/p>\n","protected":false},"excerpt":{"rendered":"<p>mujeres-politica-costa-rica<\/p>\n","protected":false},"author":5,"featured_media":2296,"comment_status":"closed","ping_status":"closed","sticky":false,"template":"","format":"standard","meta":{"_acf_changed":false,"inline_featured_image":false,"_monsterinsights_skip_tracking":false,"_monsterinsights_sitenote_active":false,"_monsterinsights_sitenote_note":"","_monsterinsights_sitenote_category":0,"footnotes":""},"categories":[98,105,103],"tags":[],"class_list":["post-3450","post","type-post","status-publish","format-standard","has-post-thumbnail","hentry","category-costa-rica-en","category-politics-en","category-society-en"],"acf":[],"yoast_head":"<!-- This site is optimized with the Yoast SEO plugin v27.4 - https:\/\/yoast.com\/product\/yoast-seo-wordpress\/ -->\n<title>National Day for the Recognition of the Political Rights of Costa Rican Women<\/title>\n<meta name=\"description\" content=\"June 20 is the National Day for the Recognition of the Political Rights of Costa Rican Women.\" \/>\n<meta name=\"robots\" content=\"index, follow, max-snippet:-1, max-image-preview:large, max-video-preview:-1\" \/>\n<link rel=\"canonical\" href=\"https:\/\/www.sensorialsunsets.com\/en\/national-day-for-the-recognition-of-the-political-rights-of-costa-rican-women\/\" \/>\n<meta property=\"og:locale\" content=\"en_US\" \/>\n<meta property=\"og:type\" content=\"article\" \/>\n<meta property=\"og:title\" content=\"National Day for the Recognition of the Political Rights of Costa Rican Women\" \/>\n<meta property=\"og:description\" content=\"June 20 is the National Day for the Recognition of the Political Rights of Costa Rican Women.\" \/>\n<meta property=\"og:url\" content=\"https:\/\/www.sensorialsunsets.com\/en\/national-day-for-the-recognition-of-the-political-rights-of-costa-rican-women\/\" \/>\n<meta property=\"og:site_name\" content=\"SensorialSunsets\" \/>\n<meta property=\"article:publisher\" content=\"https:\/\/www.facebook.com\/Sensorial-Sunsets-109180614715562\" \/>\n<meta property=\"article:published_time\" content=\"2022-09-05T20:05:01+00:00\" \/>\n<meta property=\"og:image\" content=\"https:\/\/www.sensorialsunsets.com\/wp-content\/uploads\/2022\/06\/pexels-august-de-richelieu-4427430-scaled.jpg\" \/>\n\t<meta property=\"og:image:width\" content=\"2560\" \/>\n\t<meta property=\"og:image:height\" content=\"1709\" \/>\n\t<meta property=\"og:image:type\" content=\"image\/jpeg\" \/>\n<meta name=\"author\" content=\"Marian Barrantes\" \/>\n<meta name=\"twitter:card\" content=\"summary_large_image\" \/>\n<meta name=\"twitter:label1\" content=\"Written by\" \/>\n\t<meta name=\"twitter:data1\" content=\"Marian Barrantes\" \/>\n\t<meta name=\"twitter:label2\" content=\"Est. reading time\" \/>\n\t<meta name=\"twitter:data2\" content=\"2 minutes\" \/>\n<script type=\"application\/ld+json\" class=\"yoast-schema-graph\">{\"@context\":\"https:\\\/\\\/schema.org\",\"@graph\":[{\"@type\":\"Article\",\"@id\":\"https:\\\/\\\/www.sensorialsunsets.com\\\/en\\\/national-day-for-the-recognition-of-the-political-rights-of-costa-rican-women\\\/#article\",\"isPartOf\":{\"@id\":\"https:\\\/\\\/www.sensorialsunsets.com\\\/en\\\/national-day-for-the-recognition-of-the-political-rights-of-costa-rican-women\\\/\"},\"author\":{\"name\":\"Marian Barrantes\",\"@id\":\"https:\\\/\\\/www.sensorialsunsets.com\\\/en\\\/#\\\/schema\\\/person\\\/a8336a4dbeee633f087a194db2ca482f\"},\"headline\":\"National Day for the Recognition of the Political Rights of Costa Rican Women\",\"datePublished\":\"2022-09-05T20:05:01+00:00\",\"mainEntityOfPage\":{\"@id\":\"https:\\\/\\\/www.sensorialsunsets.com\\\/en\\\/national-day-for-the-recognition-of-the-political-rights-of-costa-rican-women\\\/\"},\"wordCount\":315,\"publisher\":{\"@id\":\"https:\\\/\\\/www.sensorialsunsets.com\\\/en\\\/#organization\"},\"image\":{\"@id\":\"https:\\\/\\\/www.sensorialsunsets.com\\\/en\\\/national-day-for-the-recognition-of-the-political-rights-of-costa-rican-women\\\/#primaryimage\"},\"thumbnailUrl\":\"https:\\\/\\\/www.sensorialsunsets.com\\\/wp-content\\\/uploads\\\/2022\\\/06\\\/pexels-august-de-richelieu-4427430-scaled.jpg\",\"articleSection\":[\"Costa Rica\",\"Politics\",\"Society\"],\"inLanguage\":\"en-US\"},{\"@type\":\"WebPage\",\"@id\":\"https:\\\/\\\/www.sensorialsunsets.com\\\/en\\\/national-day-for-the-recognition-of-the-political-rights-of-costa-rican-women\\\/\",\"url\":\"https:\\\/\\\/www.sensorialsunsets.com\\\/en\\\/national-day-for-the-recognition-of-the-political-rights-of-costa-rican-women\\\/\",\"name\":\"National Day for the Recognition of the Political Rights of Costa Rican Women\",\"isPartOf\":{\"@id\":\"https:\\\/\\\/www.sensorialsunsets.com\\\/en\\\/#website\"},\"primaryImageOfPage\":{\"@id\":\"https:\\\/\\\/www.sensorialsunsets.com\\\/en\\\/national-day-for-the-recognition-of-the-political-rights-of-costa-rican-women\\\/#primaryimage\"},\"image\":{\"@id\":\"https:\\\/\\\/www.sensorialsunsets.com\\\/en\\\/national-day-for-the-recognition-of-the-political-rights-of-costa-rican-women\\\/#primaryimage\"},\"thumbnailUrl\":\"https:\\\/\\\/www.sensorialsunsets.com\\\/wp-content\\\/uploads\\\/2022\\\/06\\\/pexels-august-de-richelieu-4427430-scaled.jpg\",\"datePublished\":\"2022-09-05T20:05:01+00:00\",\"description\":\"June 20 is the National Day for the Recognition of the Political Rights of Costa Rican Women.\",\"inLanguage\":\"en-US\",\"potentialAction\":[{\"@type\":\"ReadAction\",\"target\":[\"https:\\\/\\\/www.sensorialsunsets.com\\\/en\\\/national-day-for-the-recognition-of-the-political-rights-of-costa-rican-women\\\/\"]}]},{\"@type\":\"ImageObject\",\"inLanguage\":\"en-US\",\"@id\":\"https:\\\/\\\/www.sensorialsunsets.com\\\/en\\\/national-day-for-the-recognition-of-the-political-rights-of-costa-rican-women\\\/#primaryimage\",\"url\":\"https:\\\/\\\/www.sensorialsunsets.com\\\/wp-content\\\/uploads\\\/2022\\\/06\\\/pexels-august-de-richelieu-4427430-scaled.jpg\",\"contentUrl\":\"https:\\\/\\\/www.sensorialsunsets.com\\\/wp-content\\\/uploads\\\/2022\\\/06\\\/pexels-august-de-richelieu-4427430-scaled.jpg\",\"width\":2560,\"height\":1709},{\"@type\":\"WebSite\",\"@id\":\"https:\\\/\\\/www.sensorialsunsets.com\\\/en\\\/#website\",\"url\":\"https:\\\/\\\/www.sensorialsunsets.com\\\/en\\\/\",\"name\":\"SensorialSunsets.com\",\"description\":\"Discover the culture and society of Costa Rica on our blog. Explore captivating articles and share the content.\",\"publisher\":{\"@id\":\"https:\\\/\\\/www.sensorialsunsets.com\\\/en\\\/#organization\"},\"alternateName\":\"Costa Rica Live Blog\",\"potentialAction\":[{\"@type\":\"SearchAction\",\"target\":{\"@type\":\"EntryPoint\",\"urlTemplate\":\"https:\\\/\\\/www.sensorialsunsets.com\\\/en\\\/?s={search_term_string}\"},\"query-input\":{\"@type\":\"PropertyValueSpecification\",\"valueRequired\":true,\"valueName\":\"search_term_string\"}}],\"inLanguage\":\"en-US\"},{\"@type\":\"Organization\",\"@id\":\"https:\\\/\\\/www.sensorialsunsets.com\\\/en\\\/#organization\",\"name\":\"SensorialSunsets\",\"url\":\"https:\\\/\\\/www.sensorialsunsets.com\\\/en\\\/\",\"logo\":{\"@type\":\"ImageObject\",\"inLanguage\":\"en-US\",\"@id\":\"https:\\\/\\\/www.sensorialsunsets.com\\\/en\\\/#\\\/schema\\\/logo\\\/image\\\/\",\"url\":\"https:\\\/\\\/www.sensorialsunsets.com\\\/wp-content\\\/uploads\\\/2023\\\/04\\\/Logo_base_line_fond_clair.svg\",\"contentUrl\":\"https:\\\/\\\/www.sensorialsunsets.com\\\/wp-content\\\/uploads\\\/2023\\\/04\\\/Logo_base_line_fond_clair.svg\",\"width\":\"1024\",\"height\":\"1024\",\"caption\":\"SensorialSunsets\"},\"image\":{\"@id\":\"https:\\\/\\\/www.sensorialsunsets.com\\\/en\\\/#\\\/schema\\\/logo\\\/image\\\/\"},\"sameAs\":[\"https:\\\/\\\/www.facebook.com\\\/Sensorial-Sunsets-109180614715562\",\"https:\\\/\\\/www.instagram.com\\\/sensorialsunsets\\\/\"]},{\"@type\":\"Person\",\"@id\":\"https:\\\/\\\/www.sensorialsunsets.com\\\/en\\\/#\\\/schema\\\/person\\\/a8336a4dbeee633f087a194db2ca482f\",\"name\":\"Marian Barrantes\",\"image\":{\"@type\":\"ImageObject\",\"inLanguage\":\"en-US\",\"@id\":\"https:\\\/\\\/secure.gravatar.com\\\/avatar\\\/fafbfab67eb28029818d03f44e3037bd798e04434d8d5c0cfc2eea8ec2882a22?s=96&d=mm&r=g\",\"url\":\"https:\\\/\\\/secure.gravatar.com\\\/avatar\\\/fafbfab67eb28029818d03f44e3037bd798e04434d8d5c0cfc2eea8ec2882a22?s=96&d=mm&r=g\",\"contentUrl\":\"https:\\\/\\\/secure.gravatar.com\\\/avatar\\\/fafbfab67eb28029818d03f44e3037bd798e04434d8d5c0cfc2eea8ec2882a22?s=96&d=mm&r=g\",\"caption\":\"Marian Barrantes\"},\"sameAs\":[\"https:\\\/\\\/www.sensorialsunsets.com\"],\"url\":\"https:\\\/\\\/www.sensorialsunsets.com\\\/en\\\/author\\\/mbarrantes\\\/\"}]}<\/script>\n<!-- \/ Yoast SEO plugin. -->","yoast_head_json":{"title":"National Day for the Recognition of the Political Rights of Costa Rican Women","description":"June 20 is the National Day for the Recognition of the Political Rights of Costa Rican Women.","robots":{"index":"index","follow":"follow","max-snippet":"max-snippet:-1","max-image-preview":"max-image-preview:large","max-video-preview":"max-video-preview:-1"},"canonical":"https:\/\/www.sensorialsunsets.com\/en\/national-day-for-the-recognition-of-the-political-rights-of-costa-rican-women\/","og_locale":"en_US","og_type":"article","og_title":"National Day for the Recognition of the Political Rights of Costa Rican Women","og_description":"June 20 is the National Day for the Recognition of the Political Rights of Costa Rican Women.","og_url":"https:\/\/www.sensorialsunsets.com\/en\/national-day-for-the-recognition-of-the-political-rights-of-costa-rican-women\/","og_site_name":"SensorialSunsets","article_publisher":"https:\/\/www.facebook.com\/Sensorial-Sunsets-109180614715562","article_published_time":"2022-09-05T20:05:01+00:00","og_image":[{"width":2560,"height":1709,"url":"https:\/\/www.sensorialsunsets.com\/wp-content\/uploads\/2022\/06\/pexels-august-de-richelieu-4427430-scaled.jpg","type":"image\/jpeg"}],"author":"Marian Barrantes","twitter_card":"summary_large_image","twitter_misc":{"Written by":"Marian Barrantes","Est. reading time":"2 minutes"},"schema":{"@context":"https:\/\/schema.org","@graph":[{"@type":"Article","@id":"https:\/\/www.sensorialsunsets.com\/en\/national-day-for-the-recognition-of-the-political-rights-of-costa-rican-women\/#article","isPartOf":{"@id":"https:\/\/www.sensorialsunsets.com\/en\/national-day-for-the-recognition-of-the-political-rights-of-costa-rican-women\/"},"author":{"name":"Marian Barrantes","@id":"https:\/\/www.sensorialsunsets.com\/en\/#\/schema\/person\/a8336a4dbeee633f087a194db2ca482f"},"headline":"National Day for the Recognition of the Political Rights of Costa Rican Women","datePublished":"2022-09-05T20:05:01+00:00","mainEntityOfPage":{"@id":"https:\/\/www.sensorialsunsets.com\/en\/national-day-for-the-recognition-of-the-political-rights-of-costa-rican-women\/"},"wordCount":315,"publisher":{"@id":"https:\/\/www.sensorialsunsets.com\/en\/#organization"},"image":{"@id":"https:\/\/www.sensorialsunsets.com\/en\/national-day-for-the-recognition-of-the-political-rights-of-costa-rican-women\/#primaryimage"},"thumbnailUrl":"https:\/\/www.sensorialsunsets.com\/wp-content\/uploads\/2022\/06\/pexels-august-de-richelieu-4427430-scaled.jpg","articleSection":["Costa Rica","Politics","Society"],"inLanguage":"en-US"},{"@type":"WebPage","@id":"https:\/\/www.sensorialsunsets.com\/en\/national-day-for-the-recognition-of-the-political-rights-of-costa-rican-women\/","url":"https:\/\/www.sensorialsunsets.com\/en\/national-day-for-the-recognition-of-the-political-rights-of-costa-rican-women\/","name":"National Day for the Recognition of the Political Rights of Costa Rican Women","isPartOf":{"@id":"https:\/\/www.sensorialsunsets.com\/en\/#website"},"primaryImageOfPage":{"@id":"https:\/\/www.sensorialsunsets.com\/en\/national-day-for-the-recognition-of-the-political-rights-of-costa-rican-women\/#primaryimage"},"image":{"@id":"https:\/\/www.sensorialsunsets.com\/en\/national-day-for-the-recognition-of-the-political-rights-of-costa-rican-women\/#primaryimage"},"thumbnailUrl":"https:\/\/www.sensorialsunsets.com\/wp-content\/uploads\/2022\/06\/pexels-august-de-richelieu-4427430-scaled.jpg","datePublished":"2022-09-05T20:05:01+00:00","description":"June 20 is the National Day for the Recognition of the Political Rights of Costa Rican Women.","inLanguage":"en-US","potentialAction":[{"@type":"ReadAction","target":["https:\/\/www.sensorialsunsets.com\/en\/national-day-for-the-recognition-of-the-political-rights-of-costa-rican-women\/"]}]},{"@type":"ImageObject","inLanguage":"en-US","@id":"https:\/\/www.sensorialsunsets.com\/en\/national-day-for-the-recognition-of-the-political-rights-of-costa-rican-women\/#primaryimage","url":"https:\/\/www.sensorialsunsets.com\/wp-content\/uploads\/2022\/06\/pexels-august-de-richelieu-4427430-scaled.jpg","contentUrl":"https:\/\/www.sensorialsunsets.com\/wp-content\/uploads\/2022\/06\/pexels-august-de-richelieu-4427430-scaled.jpg","width":2560,"height":1709},{"@type":"WebSite","@id":"https:\/\/www.sensorialsunsets.com\/en\/#website","url":"https:\/\/www.sensorialsunsets.com\/en\/","name":"SensorialSunsets.com","description":"Discover the culture and society of Costa Rica on our blog. Explore captivating articles and share the content.","publisher":{"@id":"https:\/\/www.sensorialsunsets.com\/en\/#organization"},"alternateName":"Costa Rica Live Blog","potentialAction":[{"@type":"SearchAction","target":{"@type":"EntryPoint","urlTemplate":"https:\/\/www.sensorialsunsets.com\/en\/?s={search_term_string}"},"query-input":{"@type":"PropertyValueSpecification","valueRequired":true,"valueName":"search_term_string"}}],"inLanguage":"en-US"},{"@type":"Organization","@id":"https:\/\/www.sensorialsunsets.com\/en\/#organization","name":"SensorialSunsets","url":"https:\/\/www.sensorialsunsets.com\/en\/","logo":{"@type":"ImageObject","inLanguage":"en-US","@id":"https:\/\/www.sensorialsunsets.com\/en\/#\/schema\/logo\/image\/","url":"https:\/\/www.sensorialsunsets.com\/wp-content\/uploads\/2023\/04\/Logo_base_line_fond_clair.svg","contentUrl":"https:\/\/www.sensorialsunsets.com\/wp-content\/uploads\/2023\/04\/Logo_base_line_fond_clair.svg","width":"1024","height":"1024","caption":"SensorialSunsets"},"image":{"@id":"https:\/\/www.sensorialsunsets.com\/en\/#\/schema\/logo\/image\/"},"sameAs":["https:\/\/www.facebook.com\/Sensorial-Sunsets-109180614715562","https:\/\/www.instagram.com\/sensorialsunsets\/"]},{"@type":"Person","@id":"https:\/\/www.sensorialsunsets.com\/en\/#\/schema\/person\/a8336a4dbeee633f087a194db2ca482f","name":"Marian Barrantes","image":{"@type":"ImageObject","inLanguage":"en-US","@id":"https:\/\/secure.gravatar.com\/avatar\/fafbfab67eb28029818d03f44e3037bd798e04434d8d5c0cfc2eea8ec2882a22?s=96&d=mm&r=g","url":"https:\/\/secure.gravatar.com\/avatar\/fafbfab67eb28029818d03f44e3037bd798e04434d8d5c0cfc2eea8ec2882a22?s=96&d=mm&r=g","contentUrl":"https:\/\/secure.gravatar.com\/avatar\/fafbfab67eb28029818d03f44e3037bd798e04434d8d5c0cfc2eea8ec2882a22?s=96&d=mm&r=g","caption":"Marian Barrantes"},"sameAs":["https:\/\/www.sensorialsunsets.com"],"url":"https:\/\/www.sensorialsunsets.com\/en\/author\/mbarrantes\/"}]}},"_links":{"self":[{"href":"https:\/\/www.sensorialsunsets.com\/en\/wp-json\/wp\/v2\/posts\/3450","targetHints":{"allow":["GET"]}}],"collection":[{"href":"https:\/\/www.sensorialsunsets.com\/en\/wp-json\/wp\/v2\/posts"}],"about":[{"href":"https:\/\/www.sensorialsunsets.com\/en\/wp-json\/wp\/v2\/types\/post"}],"author":[{"embeddable":true,"href":"https:\/\/www.sensorialsunsets.com\/en\/wp-json\/wp\/v2\/users\/5"}],"replies":[{"embeddable":true,"href":"https:\/\/www.sensorialsunsets.com\/en\/wp-json\/wp\/v2\/comments?post=3450"}],"version-history":[{"count":0,"href":"https:\/\/www.sensorialsunsets.com\/en\/wp-json\/wp\/v2\/posts\/3450\/revisions"}],"wp:featuredmedia":[{"embeddable":true,"href":"https:\/\/www.sensorialsunsets.com\/en\/wp-json\/wp\/v2\/media\/2296"}],"wp:attachment":[{"href":"https:\/\/www.sensorialsunsets.com\/en\/wp-json\/wp\/v2\/media?parent=3450"}],"wp:term":[{"taxonomy":"category","embeddable":true,"href":"https:\/\/www.sensorialsunsets.com\/en\/wp-json\/wp\/v2\/categories?post=3450"},{"taxonomy":"post_tag","embeddable":true,"href":"https:\/\/www.sensorialsunsets.com\/en\/wp-json\/wp\/v2\/tags?post=3450"}],"curies":[{"name":"wp","href":"https:\/\/api.w.org\/{rel}","templated":true}]}}