{"id":5074,"date":"2023-01-16T15:14:21","date_gmt":"2023-01-16T21:14:21","guid":{"rendered":"https:\/\/www.sensorialsunsets.com\/?p=5074"},"modified":"2023-01-16T15:57:18","modified_gmt":"2023-01-16T21:57:18","slug":"costa-rica-and-france-the-40s","status":"publish","type":"post","link":"https:\/\/www.sensorialsunsets.com\/en\/costa-rica-and-france-the-40s\/","title":{"rendered":"Costa Rica and France: the 40s"},"content":{"rendered":"\n<p>At the end of the first half of the 20th century, the Cold War was already marking all the countries of the planet with a strong anti-communism. Because of this, tensions began to be generated within countries, some lasted more years, some less, but no region was spared from the confrontations framed in the fight against communism and the Soviet tendency. &#13;\n<\/p>\n\n<h2 class=\"wp-block-heading\"><strong>Decade of the 40&#8217;s<\/strong>&#13;\n<\/h2>\n\n<p>During the 1940s, the cases of Costa Rica and France were similar in some points, mainly during the decade of the 1940s, and there were even some similarities at the end of the processes. After the end of the Second World War, both countries were left in complicated contexts and with a need to rebuild the State in order to meet the needs of their respective peoples. In the case of France, due to the end of the dictatorship of the Vichy regime, the political system was very weakened and with a low level of confidence on the part of the people. Costa Rica, on the other hand, had had a ruling party since 1932 (the Republican Party) and in 1940 it gained more strength with the arrival of Calderonism to power.&#13;\n<\/p>\n\n<p>In Costa Rica&#8217;s case, although the government did not lose the confidence of the people, since it enacted several laws and created institutions that benefited the lower class sectors, it lost the support of the elites with the creation of these social welfare laws (known in combo as Social Guarantees), since these laws were detrimental to the capital income of the country&#8217;s big businessmen. The loss of this support reached its peak in 1947 with the signing of the Labor Code. It was at this moment when the elites united to form a strong opposition and called for the Strike of the Fallen Arms, in which all businessmen were forced to stop their activities, leaving the country practically paralyzed.<\/p>\n\n<figure class=\"wp-block-image size-full\"><img loading=\"lazy\" decoding=\"async\" width=\"960\" height=\"540\" src=\"https:\/\/www.sensorialsunsets.com\/wp-content\/uploads\/2023\/01\/c744bf4826b7dfbf1dad1dbfb2ab2a82-edited.jpg\" alt=\"\" class=\"wp-image-5068\" srcset=\"https:\/\/www.sensorialsunsets.com\/wp-content\/uploads\/2023\/01\/c744bf4826b7dfbf1dad1dbfb2ab2a82-edited.jpg 960w, https:\/\/www.sensorialsunsets.com\/wp-content\/uploads\/2023\/01\/c744bf4826b7dfbf1dad1dbfb2ab2a82-edited-300x169.jpg 300w, https:\/\/www.sensorialsunsets.com\/wp-content\/uploads\/2023\/01\/c744bf4826b7dfbf1dad1dbfb2ab2a82-edited-768x432.jpg 768w\" sizes=\"auto, (max-width: 960px) 100vw, 960px\" \/><\/figure>\n\n<h2 class=\"wp-block-heading\">Political connections<\/h2>\n\n<p>The political links generated by Calder\u00f3n began to be seen with bad eyes, since he took as allied forces the church and the communist block, recently regrouped under the name of Vanguardia Popular (Popular Vanguard). These alliances, in the already mentioned strongly anticommunist context together with the uneasiness of the elites and the annulment of the 1948 elections, generated that a group of civilians (mainly from the elites such as businessmen, military and exporters) armed themselves in a guerrilla called &#8220;Ej\u00e9rcito de Liberaci\u00f3n Nacional&#8221;, supported by the Legi\u00f3n del Caribe and led by the Ramonenese Jos\u00e9 Figueres Ferrer, giving a coup d&#8217;\u00e9tat to the government recently imposed by the parliament. <\/p>\n\n<p>After the civil war, a constituent assembly was formed, composed of the greatest intellectuals of the time, creating a new Political Constitution and initiating the era of the &#8220;Second Republic&#8221;. Along with this constitution came a new validation of the democratic system, the creation of institutions such as the INVU, the IMAS, the CCSS, the TSE and rights such as the vote for women and people of African descent, in addition to nationalizing the banking system and maintaining the social guarantees already won since the early 1940s (this due to the pact signed to end the war).<\/p>\n\n<p>The French case, although it began with the fall of the dictatorship and the fight against fascism in Europe, also had a political system in a process of gradual dismantling. However, in 1945 a vote was taken to approve the formation of a constituent assembly that, including all the parties present in the French political scene, would form the new constitution that would govern the state. <\/p>\n\n<p>This is how in 1946, after dictatorships and a devastating war, France formed its Fourth Republic with a new constitution that (like Costa Rica&#8217;s) provided universal suffrage and limited the power of the presidency, giving more weight to the parliament; but it also left fractures at the ideological level whose frictions led to the fact that only 12 years later a new constitution had to be voted to unify the political system.<\/p>\n\n<p><strong>Sensorial Sunsets<\/strong><\/p>\n","protected":false},"excerpt":{"rendered":"<p>At the end of the first half of the 20th century, the Cold War was already marking all the countries of the planet with a strong anti-communism. Because of this, tensions began to be generated within countries, some lasted more years, some less, but no region was spared from the confrontations framed in the fight [&hellip;]<\/p>\n","protected":false},"author":4,"featured_media":5063,"comment_status":"closed","ping_status":"closed","sticky":false,"template":"","format":"standard","meta":{"_acf_changed":false,"inline_featured_image":false,"_monsterinsights_skip_tracking":false,"_monsterinsights_sitenote_active":false,"_monsterinsights_sitenote_note":"","_monsterinsights_sitenote_category":0,"footnotes":""},"categories":[98,142],"tags":[],"class_list":["post-5074","post","type-post","status-publish","format-standard","has-post-thumbnail","hentry","category-costa-rica-en","category-history"],"acf":[],"yoast_head":"<!-- This site is optimized with the Yoast SEO plugin v27.4 - https:\/\/yoast.com\/product\/yoast-seo-wordpress\/ -->\n<title>Costa Rica and France: the 40s - SensorialSunsets<\/title>\n<meta name=\"description\" content=\"During the 1940s, the cases of Costa Rica and France were similar in some points. At the end of the first half of the 20th century, the Cold War was already marking all the countries of the planet with a strong anti-communism.\" \/>\n<meta name=\"robots\" content=\"index, follow, max-snippet:-1, max-image-preview:large, max-video-preview:-1\" \/>\n<link rel=\"canonical\" href=\"https:\/\/www.sensorialsunsets.com\/en\/costa-rica-and-france-the-40s\/\" \/>\n<meta property=\"og:locale\" content=\"en_US\" \/>\n<meta property=\"og:type\" content=\"article\" \/>\n<meta property=\"og:title\" content=\"Costa Rica and France: the 40s - SensorialSunsets\" \/>\n<meta property=\"og:description\" content=\"During the 1940s, the cases of Costa Rica and France were similar in some points. At the end of the first half of the 20th century, the Cold War was already marking all the countries of the planet with a strong anti-communism.\" \/>\n<meta property=\"og:url\" content=\"https:\/\/www.sensorialsunsets.com\/en\/costa-rica-and-france-the-40s\/\" \/>\n<meta property=\"og:site_name\" content=\"SensorialSunsets\" \/>\n<meta property=\"article:publisher\" content=\"https:\/\/www.facebook.com\/Sensorial-Sunsets-109180614715562\" \/>\n<meta property=\"article:published_time\" content=\"2023-01-16T21:14:21+00:00\" \/>\n<meta property=\"article:modified_time\" content=\"2023-01-16T21:57:18+00:00\" \/>\n<meta property=\"og:image\" content=\"https:\/\/www.sensorialsunsets.com\/wp-content\/uploads\/2023\/01\/104572564_gettyimages-515451354.jpg\" \/>\n\t<meta property=\"og:image:width\" content=\"660\" \/>\n\t<meta property=\"og:image:height\" content=\"371\" \/>\n\t<meta property=\"og:image:type\" content=\"image\/jpeg\" \/>\n<meta name=\"author\" content=\"Sensorial Sunsets\" \/>\n<meta name=\"twitter:card\" content=\"summary_large_image\" \/>\n<meta name=\"twitter:label1\" content=\"Written by\" \/>\n\t<meta name=\"twitter:data1\" content=\"Sensorial Sunsets\" \/>\n\t<meta name=\"twitter:label2\" content=\"Est. reading time\" \/>\n\t<meta name=\"twitter:data2\" content=\"3 minutes\" \/>\n<script type=\"application\/ld+json\" class=\"yoast-schema-graph\">{\"@context\":\"https:\\\/\\\/schema.org\",\"@graph\":[{\"@type\":\"Article\",\"@id\":\"https:\\\/\\\/www.sensorialsunsets.com\\\/en\\\/costa-rica-and-france-the-40s\\\/#article\",\"isPartOf\":{\"@id\":\"https:\\\/\\\/www.sensorialsunsets.com\\\/en\\\/costa-rica-and-france-the-40s\\\/\"},\"author\":{\"name\":\"Sensorial Sunsets\",\"@id\":\"https:\\\/\\\/www.sensorialsunsets.com\\\/en\\\/#\\\/schema\\\/person\\\/77e2fa594135aa94024c47e281d8a94d\"},\"headline\":\"Costa Rica and France: the 40s\",\"datePublished\":\"2023-01-16T21:14:21+00:00\",\"dateModified\":\"2023-01-16T21:57:18+00:00\",\"mainEntityOfPage\":{\"@id\":\"https:\\\/\\\/www.sensorialsunsets.com\\\/en\\\/costa-rica-and-france-the-40s\\\/\"},\"wordCount\":672,\"publisher\":{\"@id\":\"https:\\\/\\\/www.sensorialsunsets.com\\\/en\\\/#organization\"},\"image\":{\"@id\":\"https:\\\/\\\/www.sensorialsunsets.com\\\/en\\\/costa-rica-and-france-the-40s\\\/#primaryimage\"},\"thumbnailUrl\":\"https:\\\/\\\/www.sensorialsunsets.com\\\/wp-content\\\/uploads\\\/2023\\\/01\\\/104572564_gettyimages-515451354.jpg\",\"articleSection\":[\"Costa Rica\",\"History\"],\"inLanguage\":\"en-US\"},{\"@type\":\"WebPage\",\"@id\":\"https:\\\/\\\/www.sensorialsunsets.com\\\/en\\\/costa-rica-and-france-the-40s\\\/\",\"url\":\"https:\\\/\\\/www.sensorialsunsets.com\\\/en\\\/costa-rica-and-france-the-40s\\\/\",\"name\":\"Costa Rica and France: the 40s - SensorialSunsets\",\"isPartOf\":{\"@id\":\"https:\\\/\\\/www.sensorialsunsets.com\\\/en\\\/#website\"},\"primaryImageOfPage\":{\"@id\":\"https:\\\/\\\/www.sensorialsunsets.com\\\/en\\\/costa-rica-and-france-the-40s\\\/#primaryimage\"},\"image\":{\"@id\":\"https:\\\/\\\/www.sensorialsunsets.com\\\/en\\\/costa-rica-and-france-the-40s\\\/#primaryimage\"},\"thumbnailUrl\":\"https:\\\/\\\/www.sensorialsunsets.com\\\/wp-content\\\/uploads\\\/2023\\\/01\\\/104572564_gettyimages-515451354.jpg\",\"datePublished\":\"2023-01-16T21:14:21+00:00\",\"dateModified\":\"2023-01-16T21:57:18+00:00\",\"description\":\"During the 1940s, the cases of Costa Rica and France were similar in some points. At the end of the first half of the 20th century, the Cold War was already marking all the countries of the planet with a strong anti-communism.\",\"inLanguage\":\"en-US\",\"potentialAction\":[{\"@type\":\"ReadAction\",\"target\":[\"https:\\\/\\\/www.sensorialsunsets.com\\\/en\\\/costa-rica-and-france-the-40s\\\/\"]}]},{\"@type\":\"ImageObject\",\"inLanguage\":\"en-US\",\"@id\":\"https:\\\/\\\/www.sensorialsunsets.com\\\/en\\\/costa-rica-and-france-the-40s\\\/#primaryimage\",\"url\":\"https:\\\/\\\/www.sensorialsunsets.com\\\/wp-content\\\/uploads\\\/2023\\\/01\\\/104572564_gettyimages-515451354.jpg\",\"contentUrl\":\"https:\\\/\\\/www.sensorialsunsets.com\\\/wp-content\\\/uploads\\\/2023\\\/01\\\/104572564_gettyimages-515451354.jpg\",\"width\":660,\"height\":371},{\"@type\":\"WebSite\",\"@id\":\"https:\\\/\\\/www.sensorialsunsets.com\\\/en\\\/#website\",\"url\":\"https:\\\/\\\/www.sensorialsunsets.com\\\/en\\\/\",\"name\":\"SensorialSunsets.com\",\"description\":\"Discover the culture and society of Costa Rica on our blog. Explore captivating articles and share the content.\",\"publisher\":{\"@id\":\"https:\\\/\\\/www.sensorialsunsets.com\\\/en\\\/#organization\"},\"alternateName\":\"Costa Rica Live Blog\",\"potentialAction\":[{\"@type\":\"SearchAction\",\"target\":{\"@type\":\"EntryPoint\",\"urlTemplate\":\"https:\\\/\\\/www.sensorialsunsets.com\\\/en\\\/?s={search_term_string}\"},\"query-input\":{\"@type\":\"PropertyValueSpecification\",\"valueRequired\":true,\"valueName\":\"search_term_string\"}}],\"inLanguage\":\"en-US\"},{\"@type\":\"Organization\",\"@id\":\"https:\\\/\\\/www.sensorialsunsets.com\\\/en\\\/#organization\",\"name\":\"SensorialSunsets\",\"url\":\"https:\\\/\\\/www.sensorialsunsets.com\\\/en\\\/\",\"logo\":{\"@type\":\"ImageObject\",\"inLanguage\":\"en-US\",\"@id\":\"https:\\\/\\\/www.sensorialsunsets.com\\\/en\\\/#\\\/schema\\\/logo\\\/image\\\/\",\"url\":\"https:\\\/\\\/www.sensorialsunsets.com\\\/wp-content\\\/uploads\\\/2023\\\/04\\\/Logo_base_line_fond_clair.svg\",\"contentUrl\":\"https:\\\/\\\/www.sensorialsunsets.com\\\/wp-content\\\/uploads\\\/2023\\\/04\\\/Logo_base_line_fond_clair.svg\",\"width\":\"1024\",\"height\":\"1024\",\"caption\":\"SensorialSunsets\"},\"image\":{\"@id\":\"https:\\\/\\\/www.sensorialsunsets.com\\\/en\\\/#\\\/schema\\\/logo\\\/image\\\/\"},\"sameAs\":[\"https:\\\/\\\/www.facebook.com\\\/Sensorial-Sunsets-109180614715562\",\"https:\\\/\\\/www.instagram.com\\\/sensorialsunsets\\\/\"]},{\"@type\":\"Person\",\"@id\":\"https:\\\/\\\/www.sensorialsunsets.com\\\/en\\\/#\\\/schema\\\/person\\\/77e2fa594135aa94024c47e281d8a94d\",\"name\":\"Sensorial Sunsets\",\"image\":{\"@type\":\"ImageObject\",\"inLanguage\":\"en-US\",\"@id\":\"https:\\\/\\\/secure.gravatar.com\\\/avatar\\\/5f2d62681b1dad94c28f1500d4fc75582acdfd32b55fd1acce0a36a3c487eabe?s=96&d=mm&r=g\",\"url\":\"https:\\\/\\\/secure.gravatar.com\\\/avatar\\\/5f2d62681b1dad94c28f1500d4fc75582acdfd32b55fd1acce0a36a3c487eabe?s=96&d=mm&r=g\",\"contentUrl\":\"https:\\\/\\\/secure.gravatar.com\\\/avatar\\\/5f2d62681b1dad94c28f1500d4fc75582acdfd32b55fd1acce0a36a3c487eabe?s=96&d=mm&r=g\",\"caption\":\"Sensorial Sunsets\"},\"url\":\"https:\\\/\\\/www.sensorialsunsets.com\\\/en\\\/author\\\/asistentes-sensorial-sunsets\\\/\"}]}<\/script>\n<!-- \/ Yoast SEO plugin. -->","yoast_head_json":{"title":"Costa Rica and France: the 40s - SensorialSunsets","description":"During the 1940s, the cases of Costa Rica and France were similar in some points. At the end of the first half of the 20th century, the Cold War was already marking all the countries of the planet with a strong anti-communism.","robots":{"index":"index","follow":"follow","max-snippet":"max-snippet:-1","max-image-preview":"max-image-preview:large","max-video-preview":"max-video-preview:-1"},"canonical":"https:\/\/www.sensorialsunsets.com\/en\/costa-rica-and-france-the-40s\/","og_locale":"en_US","og_type":"article","og_title":"Costa Rica and France: the 40s - SensorialSunsets","og_description":"During the 1940s, the cases of Costa Rica and France were similar in some points. At the end of the first half of the 20th century, the Cold War was already marking all the countries of the planet with a strong anti-communism.","og_url":"https:\/\/www.sensorialsunsets.com\/en\/costa-rica-and-france-the-40s\/","og_site_name":"SensorialSunsets","article_publisher":"https:\/\/www.facebook.com\/Sensorial-Sunsets-109180614715562","article_published_time":"2023-01-16T21:14:21+00:00","article_modified_time":"2023-01-16T21:57:18+00:00","og_image":[{"width":660,"height":371,"url":"https:\/\/www.sensorialsunsets.com\/wp-content\/uploads\/2023\/01\/104572564_gettyimages-515451354.jpg","type":"image\/jpeg"}],"author":"Sensorial Sunsets","twitter_card":"summary_large_image","twitter_misc":{"Written by":"Sensorial Sunsets","Est. reading time":"3 minutes"},"schema":{"@context":"https:\/\/schema.org","@graph":[{"@type":"Article","@id":"https:\/\/www.sensorialsunsets.com\/en\/costa-rica-and-france-the-40s\/#article","isPartOf":{"@id":"https:\/\/www.sensorialsunsets.com\/en\/costa-rica-and-france-the-40s\/"},"author":{"name":"Sensorial Sunsets","@id":"https:\/\/www.sensorialsunsets.com\/en\/#\/schema\/person\/77e2fa594135aa94024c47e281d8a94d"},"headline":"Costa Rica and France: the 40s","datePublished":"2023-01-16T21:14:21+00:00","dateModified":"2023-01-16T21:57:18+00:00","mainEntityOfPage":{"@id":"https:\/\/www.sensorialsunsets.com\/en\/costa-rica-and-france-the-40s\/"},"wordCount":672,"publisher":{"@id":"https:\/\/www.sensorialsunsets.com\/en\/#organization"},"image":{"@id":"https:\/\/www.sensorialsunsets.com\/en\/costa-rica-and-france-the-40s\/#primaryimage"},"thumbnailUrl":"https:\/\/www.sensorialsunsets.com\/wp-content\/uploads\/2023\/01\/104572564_gettyimages-515451354.jpg","articleSection":["Costa Rica","History"],"inLanguage":"en-US"},{"@type":"WebPage","@id":"https:\/\/www.sensorialsunsets.com\/en\/costa-rica-and-france-the-40s\/","url":"https:\/\/www.sensorialsunsets.com\/en\/costa-rica-and-france-the-40s\/","name":"Costa Rica and France: the 40s - SensorialSunsets","isPartOf":{"@id":"https:\/\/www.sensorialsunsets.com\/en\/#website"},"primaryImageOfPage":{"@id":"https:\/\/www.sensorialsunsets.com\/en\/costa-rica-and-france-the-40s\/#primaryimage"},"image":{"@id":"https:\/\/www.sensorialsunsets.com\/en\/costa-rica-and-france-the-40s\/#primaryimage"},"thumbnailUrl":"https:\/\/www.sensorialsunsets.com\/wp-content\/uploads\/2023\/01\/104572564_gettyimages-515451354.jpg","datePublished":"2023-01-16T21:14:21+00:00","dateModified":"2023-01-16T21:57:18+00:00","description":"During the 1940s, the cases of Costa Rica and France were similar in some points. At the end of the first half of the 20th century, the Cold War was already marking all the countries of the planet with a strong anti-communism.","inLanguage":"en-US","potentialAction":[{"@type":"ReadAction","target":["https:\/\/www.sensorialsunsets.com\/en\/costa-rica-and-france-the-40s\/"]}]},{"@type":"ImageObject","inLanguage":"en-US","@id":"https:\/\/www.sensorialsunsets.com\/en\/costa-rica-and-france-the-40s\/#primaryimage","url":"https:\/\/www.sensorialsunsets.com\/wp-content\/uploads\/2023\/01\/104572564_gettyimages-515451354.jpg","contentUrl":"https:\/\/www.sensorialsunsets.com\/wp-content\/uploads\/2023\/01\/104572564_gettyimages-515451354.jpg","width":660,"height":371},{"@type":"WebSite","@id":"https:\/\/www.sensorialsunsets.com\/en\/#website","url":"https:\/\/www.sensorialsunsets.com\/en\/","name":"SensorialSunsets.com","description":"Discover the culture and society of Costa Rica on our blog. Explore captivating articles and share the content.","publisher":{"@id":"https:\/\/www.sensorialsunsets.com\/en\/#organization"},"alternateName":"Costa Rica Live Blog","potentialAction":[{"@type":"SearchAction","target":{"@type":"EntryPoint","urlTemplate":"https:\/\/www.sensorialsunsets.com\/en\/?s={search_term_string}"},"query-input":{"@type":"PropertyValueSpecification","valueRequired":true,"valueName":"search_term_string"}}],"inLanguage":"en-US"},{"@type":"Organization","@id":"https:\/\/www.sensorialsunsets.com\/en\/#organization","name":"SensorialSunsets","url":"https:\/\/www.sensorialsunsets.com\/en\/","logo":{"@type":"ImageObject","inLanguage":"en-US","@id":"https:\/\/www.sensorialsunsets.com\/en\/#\/schema\/logo\/image\/","url":"https:\/\/www.sensorialsunsets.com\/wp-content\/uploads\/2023\/04\/Logo_base_line_fond_clair.svg","contentUrl":"https:\/\/www.sensorialsunsets.com\/wp-content\/uploads\/2023\/04\/Logo_base_line_fond_clair.svg","width":"1024","height":"1024","caption":"SensorialSunsets"},"image":{"@id":"https:\/\/www.sensorialsunsets.com\/en\/#\/schema\/logo\/image\/"},"sameAs":["https:\/\/www.facebook.com\/Sensorial-Sunsets-109180614715562","https:\/\/www.instagram.com\/sensorialsunsets\/"]},{"@type":"Person","@id":"https:\/\/www.sensorialsunsets.com\/en\/#\/schema\/person\/77e2fa594135aa94024c47e281d8a94d","name":"Sensorial Sunsets","image":{"@type":"ImageObject","inLanguage":"en-US","@id":"https:\/\/secure.gravatar.com\/avatar\/5f2d62681b1dad94c28f1500d4fc75582acdfd32b55fd1acce0a36a3c487eabe?s=96&d=mm&r=g","url":"https:\/\/secure.gravatar.com\/avatar\/5f2d62681b1dad94c28f1500d4fc75582acdfd32b55fd1acce0a36a3c487eabe?s=96&d=mm&r=g","contentUrl":"https:\/\/secure.gravatar.com\/avatar\/5f2d62681b1dad94c28f1500d4fc75582acdfd32b55fd1acce0a36a3c487eabe?s=96&d=mm&r=g","caption":"Sensorial Sunsets"},"url":"https:\/\/www.sensorialsunsets.com\/en\/author\/asistentes-sensorial-sunsets\/"}]}},"_links":{"self":[{"href":"https:\/\/www.sensorialsunsets.com\/en\/wp-json\/wp\/v2\/posts\/5074","targetHints":{"allow":["GET"]}}],"collection":[{"href":"https:\/\/www.sensorialsunsets.com\/en\/wp-json\/wp\/v2\/posts"}],"about":[{"href":"https:\/\/www.sensorialsunsets.com\/en\/wp-json\/wp\/v2\/types\/post"}],"author":[{"embeddable":true,"href":"https:\/\/www.sensorialsunsets.com\/en\/wp-json\/wp\/v2\/users\/4"}],"replies":[{"embeddable":true,"href":"https:\/\/www.sensorialsunsets.com\/en\/wp-json\/wp\/v2\/comments?post=5074"}],"version-history":[{"count":0,"href":"https:\/\/www.sensorialsunsets.com\/en\/wp-json\/wp\/v2\/posts\/5074\/revisions"}],"wp:featuredmedia":[{"embeddable":true,"href":"https:\/\/www.sensorialsunsets.com\/en\/wp-json\/wp\/v2\/media\/5063"}],"wp:attachment":[{"href":"https:\/\/www.sensorialsunsets.com\/en\/wp-json\/wp\/v2\/media?parent=5074"}],"wp:term":[{"taxonomy":"category","embeddable":true,"href":"https:\/\/www.sensorialsunsets.com\/en\/wp-json\/wp\/v2\/categories?post=5074"},{"taxonomy":"post_tag","embeddable":true,"href":"https:\/\/www.sensorialsunsets.com\/en\/wp-json\/wp\/v2\/tags?post=5074"}],"curies":[{"name":"wp","href":"https:\/\/api.w.org\/{rel}","templated":true}]}}