{"id":892,"date":"2022-02-09T23:45:01","date_gmt":"2022-02-09T23:45:01","guid":{"rendered":"https:\/\/www.sensorialsunsets.com\/?p=892"},"modified":"2022-05-03T19:10:36","modified_gmt":"2022-05-03T19:10:36","slug":"costa-rica-un-paraiso-para-el-cine","status":"publish","type":"post","link":"https:\/\/www.sensorialsunsets.com\/en\/costa-rica-un-paraiso-para-el-cine\/","title":{"rendered":"Costa Rica:  A Paradise for Cinema?"},"content":{"rendered":"\n<p><br>When you hear the word &#8220;Costa Rica&#8221; you immediately think <em>beach, nature,coffee<\/em>, right? However, this small country also conceals secrets that deserve to be known! One of them is its cinema, a growing sector that is transforming the country into a small haven where more and more films are being produced.<br><br><\/p>\n\n\n\n<p><strong>Some history<\/strong><\/p>\n\n\n\n<figure class=\"wp-block-image size-full is-resized\"><img loading=\"lazy\" decoding=\"async\" src=\"https:\/\/www.sensorialsunsets.com\/wp-content\/uploads\/2022\/02\/Clara_sola-607713674-large-1.jpg\" alt=\"\" class=\"wp-image-906\" width=\"429\" height=\"573\" srcset=\"https:\/\/www.sensorialsunsets.com\/wp-content\/uploads\/2022\/02\/Clara_sola-607713674-large-1.jpg 700w, https:\/\/www.sensorialsunsets.com\/wp-content\/uploads\/2022\/02\/Clara_sola-607713674-large-1-225x300.jpg 225w\" sizes=\"auto, (max-width: 429px) 100vw, 429px\" \/><\/figure>\n\n\n\n<p>It was in the 2000&#8217;s that the boom of cinema in Costa Rica took place.\u00a0 With the arrival of private investment, the country saw the birth of a beautiful generation of filmmakers such as Esteban Ram\u00edrez (<em>Gestation<\/em>, 2009, <em>Presos<\/em>, 2015), Hern\u00e1n Jim\u00e9nez (<em>The Return<\/em>, 2012), Paz Fabrega (<em>Clod Water of the Sea<\/em>, 2011), Laura Astorga (<em>Red Princesses<\/em>, 2013), Neto Villalobos (<em>All About the Feathers<\/em>, 2013) or Miguel G\u00f3mez (<em>The Red Sky<\/em>, 2008).<br><br>Before this date, few films stand out. They were produced independently, mainly through individual efforts with little help from the State. We can mention <em>Eulalia<\/em>, (1987) by Oscar Castillo and <em>La Segua<\/em> (1985) by Antonio Yglesias.<br><br>In the 90&#8217;s, with the advent of video, many short films were made, allowing young video artists to open the doors of cinema: <em>Once Rosas<\/em> (2000) by Esteban Ramirez, La Pasi\u00f3n de Nuestra Se\u00f1ora(1998) by Hilda Hidalgo, <em>Florencia de los r\u00edos hondos y tiburones grandes<\/em> by Yshtar Yasin.<\/p>\n\n\n\n<p><strong><em>&#8220;It should be noted that Costa Rica is one of the countries in the area (if not the only one) where there are more than 20 institutions and schools that teach audiovisual professions, which is enormous for a country of only 5,000,000 inhabitants.&#8221;<\/em><\/strong><\/p>\n\n\n\n<p><\/p>\n\n\n\n<figure class=\"wp-block-image size-full\"><img loading=\"lazy\" decoding=\"async\" width=\"253\" height=\"328\" src=\"https:\/\/www.sensorialsunsets.com\/wp-content\/uploads\/2022\/02\/image-9.png\" alt=\"\" class=\"wp-image-910\" srcset=\"https:\/\/www.sensorialsunsets.com\/wp-content\/uploads\/2022\/02\/image-9.png 253w, https:\/\/www.sensorialsunsets.com\/wp-content\/uploads\/2022\/02\/image-9-231x300.png 231w\" sizes=\"auto, (max-width: 253px) 100vw, 253px\" \/><\/figure>\n\n\n\n<p><strong>Numbers explode<br><\/strong>The biggest audience success was &#8220;<a href=\"https:\/\/es.wikipedia.org\/wiki\/Maikol_Yordan_de_viaje_perdido\">Maikol Yordan<\/a> de viaje perdido&#8221;<a href=\"#_ftn1\"><sup>[1]<\/sup><\/a>, directed by Miguel G\u00f3mez, with the accomplished comedians of the group &#8220;La media docena&#8221;(a sketch comedy troupe). This comedy, which recounts the adventures of a farmer in the big European cities, was watched by 750,000 people in Costa Rica, almost 15% of the country&#8217;s population of 5 million. An interesting detail: the film cost only 200.000 dollars and brought in more than 2.000.000 dollars to its producers!<\/p>\n\n\n\n<p>Currently, making a film in Costa Rica costs around 500,000 dollars or less. This is a great advantage for production companies from developed countries where costs are much higher.<\/p>\n\n\n\n<p><br><br><strong>International recognition arrives thanks to women<\/strong><\/p>\n\n\n\n<figure class=\"wp-block-image size-full\"><img loading=\"lazy\" decoding=\"async\" width=\"295\" height=\"294\" src=\"https:\/\/www.sensorialsunsets.com\/wp-content\/uploads\/2022\/02\/image-8-2.png\" alt=\"\" class=\"wp-image-913\" srcset=\"https:\/\/www.sensorialsunsets.com\/wp-content\/uploads\/2022\/02\/image-8-2.png 295w, https:\/\/www.sensorialsunsets.com\/wp-content\/uploads\/2022\/02\/image-8-2-150x150.png 150w, https:\/\/www.sensorialsunsets.com\/wp-content\/uploads\/2022\/02\/image-8-2-50x50.png 50w, https:\/\/www.sensorialsunsets.com\/wp-content\/uploads\/2022\/02\/image-8-2-117x117.png 117w\" sizes=\"auto, (max-width: 295px) 100vw, 295px\" \/><\/figure>\n\n\n\n<p><em><a href=\"https:\/\/www.centrodecine.go.cr\/producciones\/ceniza-negra\">Land of Ashes<\/a> <\/em>(2019) directed by Sof\u00eda Quir\u00f3s was the first Costa Rican feature film in history to be selected in the &#8220;Critics&#8217; Week&#8221; section at the 2019 Cannes Film Festival. The previous year, Valentina Maurel, won the first prize of the Cinefondation in Cannes with her short film <a href=\"https:\/\/vimeo.com\/292099471\"><em>Paul is here<\/em><\/a>. She did it again in 2019 by being selected in the Critics&#8217; Week section with her short <em>Lucia en el Limbo<\/em>.<br>As for Antonella Sudasassi, she was selected for the Goya with <a href=\"https:\/\/www.centrodecine.go.cr\/producciones\/despertar-hormigas\"><em>El des<\/em>pertar <em>de la hormigas<\/em>.<\/a><\/p>\n\n\n\n<p><strong>Women who have things to say<\/strong><\/p>\n\n\n\n<p>Curiously, most of the filmmakers who have things to say are women<a href=\"#_ftn2\"><sup>[2]<\/sup><\/a>. And they are the ones who make films with a message. Alexandra Latishev talks about abortion in <a href=\"https:\/\/costaricafilmcommission.org\/movie\/medea-2\/?lang=es\"><em>Medea<\/em><\/a>, Laura Astorga talks about immigration in <em>Red Princesses<\/em> and ecological crimes in <em>Infierno Verde.<\/em> Patricia Vel\u00e1squez talks about identity in <em>Apego<\/em>. It seems that cinema is the artistic discipline that has given them more space to speak.<\/p>\n\n\n\n<p><strong>New challenges<\/strong><\/p>\n\n\n\n<figure class=\"wp-block-image size-full\"><img loading=\"lazy\" decoding=\"async\" width=\"380\" height=\"207\" src=\"https:\/\/www.sensorialsunsets.com\/wp-content\/uploads\/2022\/02\/image-10-1.png\" alt=\"\" class=\"wp-image-916\" srcset=\"https:\/\/www.sensorialsunsets.com\/wp-content\/uploads\/2022\/02\/image-10-1.png 380w, https:\/\/www.sensorialsunsets.com\/wp-content\/uploads\/2022\/02\/image-10-1-300x163.png 300w, https:\/\/www.sensorialsunsets.com\/wp-content\/uploads\/2022\/02\/image-10-1-278x151.png 278w\" sizes=\"auto, (max-width: 380px) 100vw, 380px\" \/><\/figure>\n\n\n\n<p>Even if we have gone from 2 films produced per year in the 90s to 20 films per year in 2018, Costa Rican cinema still struggles to become a real industry. Lack of investment from the State, lack of knowledge of the economic benefits of the sector, mistrust of companies, lack of infrastructure and a legal skeleton, lack of organization of the sector&#8217;s actors are all obstacles that filmmakers and young creators must face. <a href=\"#_ftn3\"><sup>[3]<\/sup><\/a><br>Besides this, the <a href=\"https:\/\/www.centrodecine.go.cr\/2019\/11\/07\/articulo\/proyecto-ley-cinematografia-audiovisual-n20661\">Cinema<\/a><a href=\"#_ftn4\"><sup>[4]<\/sup><\/a><a href=\"https:\/\/www.centrodecine.go.cr\/2019\/11\/07\/articulo\/proyecto-ley-cinematografia-audiovisual-n20661\"> law<\/a>, on the desk of the Assembly members for years without being voted on, is the target of long debates every year and is currently abandoned. Its long-awaited approval would provide the sector with the springboard it so desperately needs, but this seems to be in jeopardy.<\/p>\n\n\n\n<p>Nevertheless, there is a glimmer of hope on the horizon: a new <a href=\"https:\/\/delefoco.com\/diputados-presentan-proyecto-de-atraccion-de-inversiones-filmicas-en-costa-rica\/\">law for the Attraction of Film Investments<\/a> has just been proposed to the Assembly in order to allow international productions not to pay the IVA (sales tax)<a href=\"#_ftn5\"><sup>[5]<\/sup><\/a>. This measure, although not yet sufficient, will attract more &#8220;services&#8221; (foreign productions) to the country, which is in competition with other countries that offer much more financial advantages than Costa Rica (the Dominican Republic and Colombia offer a very interesting &#8220;tax rebate&#8221;).<\/p>\n\n\n\n<p>In the same sense, the creation of the <a href=\"https:\/\/costaricafilmcommission.org\/\">Costa Rican<\/a><a href=\"#_ftn6\"><sup>[6]<\/sup><\/a><a href=\"https:\/\/costaricafilmcommission.org\/\"> Film Commission<\/a>, marks the will to make Costa Rican films real export products. This entity belonging to Procomer (Promotora de Comercio Exterior) is responsible for promoting Costa Rican productions internationally and since its creation three years ago, it has helped place Costa Rica on the map of world cinema.<\/p>\n\n\n\n<p>It should be noted that Costa Rica is one of the countries in the area (if not the only one) where there are more than 20 institutions and schools that teach audiovisual professions, which is enormous for a country of only 5,000,000 inhabitants.<\/p>\n\n\n\n<p><strong><em>&#8220;Ceniza Negra, directed by Sof\u00eda Quir\u00f3s was the first Costa Rican feature film in history to be selected in the Critics&#8217; Week section at the 2019 Cannes Film Festival.&#8221;<\/em><\/strong><\/p>\n\n\n\n<p><br>In short, the country is far from being the Hollywood of Central America, and yet it is a country in full expansion where local and international films are increasingly being made, thanks to the many advantages that the country offers: political stability, exuberant nature, natural and urban settings, a high level of hospitality services, high quality professionals and eco-labeled filming. All this, in addition to the recent international success of local productions, makes Costa Rica the next small country to shoot films.<\/p>\n\n\n\n<p><em style=\"font-weight: bold;\">TO REMEMBER<\/em><\/p>\n\n\n\n<ul class=\"wp-block-list\"><li><em>Costa Rica is a country in full development in the field of audiovisual production: more than 20 institutions teach the cinema professions and the number of films produced per year is currently 15-20 projects for a country of only 5,000,000 inhabitants.<\/em><\/li><li><em>Women filmmakers have placed the country in the great leagues of international cinema: Sof\u00eda Quir\u00f3s with Land of Ashes (2019), Antonella Sudasassi with The Awakening of the Ants (2019) and Valentina Maurel with Paul is here (2017) and Luc\u00eda in Limbo (2019).<\/em><\/li><li><em>The Film Project Attraction Act is on the table in the Assembly and will allow foreign production companies to avoid paying sales tax (IVA).<br><br><\/em><\/li><\/ul>\n\n\n\n<p><strong>Author<\/strong>:<strong>\u00a0Marian Li<\/strong><br>Actress and Producer<br><a href=\"http:\/\/www.marianli.com\"><\/a>www.marianli.com <em>@marian_li_actress<\/em><\/p>\n\n\n\n<hr class=\"wp-block-separator\"\/>\n\n\n\n<p><a href=\"#_ftnref1\"><sup>[1]<\/sup><\/a> https:\/\/es.wikipedia.org\/wiki\/Maikol_Yordan_de_viaje_perdido<\/p>\n\n\n\n<p><a href=\"#_ftnref2\"><sup>[2]<\/sup><\/a> https:\/\/www.larepublica.net\/noticia\/mujeres-que-hacen-historia-en-el-cine-nacional<\/p>\n\n\n\n<p><a href=\"#_ftnref3\"><sup>[3]<\/sup><\/a> https:\/\/www.primeraplana.or.cr\/es\/Curadur%C3%ADa\/Presupuestos_elevados_dificultan_la_produccion_de_cine_en_Costa_Rica\/<\/p>\n\n\n\n<p><a href=\"#_ftnref4\"><sup>[4]<\/sup><\/a> https:\/\/www.centrodecine.go.cr\/2019\/11\/07\/articulo\/proyecto-ley-cinematografia-audiovisual-n20661<\/p>\n\n\n\n<p><a href=\"#_ftnref5\"><sup>[5]<\/sup><\/a> https:\/\/delefoco.com\/diputados-presentan-proyecto-de-atraccion-de-inversiones-filmicas-en-costa-rica\/<\/p>\n\n\n\n<p><a href=\"#_ftnref6\"><sup>[6]<\/sup><\/a> https:\/\/costaricafilmcommission.org\/<\/p>\n","protected":false},"excerpt":{"rendered":"<p>When you hear the word &#8220;Costa Rica&#8221; you immediately think beach, nature,coffee, right? However, this small country also conceals secrets that deserve to be known! One of them is its cinema, a growing sector that is transforming the country into a small haven where more and more films are being produced. Some history It was [&hellip;]<\/p>\n","protected":false},"author":5,"featured_media":899,"comment_status":"closed","ping_status":"closed","sticky":false,"template":"","format":"standard","meta":{"_acf_changed":false,"inline_featured_image":false,"_monsterinsights_skip_tracking":false,"_monsterinsights_sitenote_active":false,"_monsterinsights_sitenote_note":"","_monsterinsights_sitenote_category":0,"footnotes":""},"categories":[38,37],"tags":[],"class_list":["post-892","post","type-post","status-publish","format-standard","has-post-thumbnail","hentry","category-costa-rica-2","category-culture-2"],"acf":[],"yoast_head":"<!-- This site is optimized with the Yoast SEO plugin v27.4 - https:\/\/yoast.com\/product\/yoast-seo-wordpress\/ -->\n<title>Costa Rica: A Paradise for Cinema? - SensorialSunsets<\/title>\n<meta name=\"description\" content=\"Filmmaking in Costa Rica is booming: film schools are swarming, Costa Rican feature films are selected in renowned festivals and women directors are winning international awards.\" \/>\n<meta name=\"robots\" content=\"index, follow, max-snippet:-1, max-image-preview:large, max-video-preview:-1\" \/>\n<link rel=\"canonical\" href=\"https:\/\/www.sensorialsunsets.com\/en\/costa-rica-un-paraiso-para-el-cine\/\" \/>\n<meta property=\"og:locale\" content=\"en_US\" \/>\n<meta property=\"og:type\" content=\"article\" \/>\n<meta property=\"og:title\" content=\"Costa Rica: A Paradise for Cinema? - SensorialSunsets\" \/>\n<meta property=\"og:description\" content=\"Filmmaking in Costa Rica is booming: film schools are swarming, Costa Rican feature films are selected in renowned festivals and women directors are winning international awards.\" \/>\n<meta property=\"og:url\" content=\"https:\/\/www.sensorialsunsets.com\/en\/costa-rica-un-paraiso-para-el-cine\/\" \/>\n<meta property=\"og:site_name\" content=\"SensorialSunsets\" \/>\n<meta property=\"article:publisher\" content=\"https:\/\/www.facebook.com\/Sensorial-Sunsets-109180614715562\" \/>\n<meta property=\"article:published_time\" content=\"2022-02-09T23:45:01+00:00\" \/>\n<meta property=\"article:modified_time\" content=\"2022-05-03T19:10:36+00:00\" \/>\n<meta property=\"og:image\" content=\"https:\/\/www.sensorialsunsets.com\/wp-content\/uploads\/2022\/02\/Clara_sola-607713674-large.jpg\" \/>\n\t<meta property=\"og:image:width\" content=\"700\" \/>\n\t<meta property=\"og:image:height\" content=\"934\" \/>\n\t<meta property=\"og:image:type\" content=\"image\/jpeg\" \/>\n<meta name=\"author\" content=\"Marian Barrantes\" \/>\n<meta name=\"twitter:card\" content=\"summary_large_image\" \/>\n<meta name=\"twitter:label1\" content=\"Written by\" \/>\n\t<meta name=\"twitter:data1\" content=\"Marian Barrantes\" \/>\n\t<meta name=\"twitter:label2\" content=\"Est. reading time\" \/>\n\t<meta name=\"twitter:data2\" content=\"6 minutes\" \/>\n<script type=\"application\/ld+json\" class=\"yoast-schema-graph\">{\"@context\":\"https:\\\/\\\/schema.org\",\"@graph\":[{\"@type\":\"Article\",\"@id\":\"https:\\\/\\\/www.sensorialsunsets.com\\\/en\\\/costa-rica-un-paraiso-para-el-cine\\\/#article\",\"isPartOf\":{\"@id\":\"https:\\\/\\\/www.sensorialsunsets.com\\\/en\\\/costa-rica-un-paraiso-para-el-cine\\\/\"},\"author\":{\"name\":\"Marian Barrantes\",\"@id\":\"https:\\\/\\\/www.sensorialsunsets.com\\\/en\\\/#\\\/schema\\\/person\\\/a8336a4dbeee633f087a194db2ca482f\"},\"headline\":\"Costa Rica: A Paradise for Cinema?\",\"datePublished\":\"2022-02-09T23:45:01+00:00\",\"dateModified\":\"2022-05-03T19:10:36+00:00\",\"mainEntityOfPage\":{\"@id\":\"https:\\\/\\\/www.sensorialsunsets.com\\\/en\\\/costa-rica-un-paraiso-para-el-cine\\\/\"},\"wordCount\":1112,\"publisher\":{\"@id\":\"https:\\\/\\\/www.sensorialsunsets.com\\\/en\\\/#organization\"},\"image\":{\"@id\":\"https:\\\/\\\/www.sensorialsunsets.com\\\/en\\\/costa-rica-un-paraiso-para-el-cine\\\/#primaryimage\"},\"thumbnailUrl\":\"https:\\\/\\\/www.sensorialsunsets.com\\\/wp-content\\\/uploads\\\/2022\\\/02\\\/Clara_sola-607713674-large.jpg\",\"articleSection\":[\"Costa Rica\",\"Culture\"],\"inLanguage\":\"en-US\"},{\"@type\":\"WebPage\",\"@id\":\"https:\\\/\\\/www.sensorialsunsets.com\\\/en\\\/costa-rica-un-paraiso-para-el-cine\\\/\",\"url\":\"https:\\\/\\\/www.sensorialsunsets.com\\\/en\\\/costa-rica-un-paraiso-para-el-cine\\\/\",\"name\":\"Costa Rica: A Paradise for Cinema? - SensorialSunsets\",\"isPartOf\":{\"@id\":\"https:\\\/\\\/www.sensorialsunsets.com\\\/en\\\/#website\"},\"primaryImageOfPage\":{\"@id\":\"https:\\\/\\\/www.sensorialsunsets.com\\\/en\\\/costa-rica-un-paraiso-para-el-cine\\\/#primaryimage\"},\"image\":{\"@id\":\"https:\\\/\\\/www.sensorialsunsets.com\\\/en\\\/costa-rica-un-paraiso-para-el-cine\\\/#primaryimage\"},\"thumbnailUrl\":\"https:\\\/\\\/www.sensorialsunsets.com\\\/wp-content\\\/uploads\\\/2022\\\/02\\\/Clara_sola-607713674-large.jpg\",\"datePublished\":\"2022-02-09T23:45:01+00:00\",\"dateModified\":\"2022-05-03T19:10:36+00:00\",\"description\":\"Filmmaking in Costa Rica is booming: film schools are swarming, Costa Rican feature films are selected in renowned festivals and women directors are winning international awards.\",\"inLanguage\":\"en-US\",\"potentialAction\":[{\"@type\":\"ReadAction\",\"target\":[\"https:\\\/\\\/www.sensorialsunsets.com\\\/en\\\/costa-rica-un-paraiso-para-el-cine\\\/\"]}]},{\"@type\":\"ImageObject\",\"inLanguage\":\"en-US\",\"@id\":\"https:\\\/\\\/www.sensorialsunsets.com\\\/en\\\/costa-rica-un-paraiso-para-el-cine\\\/#primaryimage\",\"url\":\"https:\\\/\\\/www.sensorialsunsets.com\\\/wp-content\\\/uploads\\\/2022\\\/02\\\/Clara_sola-607713674-large.jpg\",\"contentUrl\":\"https:\\\/\\\/www.sensorialsunsets.com\\\/wp-content\\\/uploads\\\/2022\\\/02\\\/Clara_sola-607713674-large.jpg\",\"width\":700,\"height\":934},{\"@type\":\"WebSite\",\"@id\":\"https:\\\/\\\/www.sensorialsunsets.com\\\/en\\\/#website\",\"url\":\"https:\\\/\\\/www.sensorialsunsets.com\\\/en\\\/\",\"name\":\"SensorialSunsets.com\",\"description\":\"Discover the culture and society of Costa Rica on our blog. Explore captivating articles and share the content.\",\"publisher\":{\"@id\":\"https:\\\/\\\/www.sensorialsunsets.com\\\/en\\\/#organization\"},\"alternateName\":\"Costa Rica Live Blog\",\"potentialAction\":[{\"@type\":\"SearchAction\",\"target\":{\"@type\":\"EntryPoint\",\"urlTemplate\":\"https:\\\/\\\/www.sensorialsunsets.com\\\/en\\\/?s={search_term_string}\"},\"query-input\":{\"@type\":\"PropertyValueSpecification\",\"valueRequired\":true,\"valueName\":\"search_term_string\"}}],\"inLanguage\":\"en-US\"},{\"@type\":\"Organization\",\"@id\":\"https:\\\/\\\/www.sensorialsunsets.com\\\/en\\\/#organization\",\"name\":\"SensorialSunsets\",\"url\":\"https:\\\/\\\/www.sensorialsunsets.com\\\/en\\\/\",\"logo\":{\"@type\":\"ImageObject\",\"inLanguage\":\"en-US\",\"@id\":\"https:\\\/\\\/www.sensorialsunsets.com\\\/en\\\/#\\\/schema\\\/logo\\\/image\\\/\",\"url\":\"https:\\\/\\\/www.sensorialsunsets.com\\\/wp-content\\\/uploads\\\/2023\\\/04\\\/Logo_base_line_fond_clair.svg\",\"contentUrl\":\"https:\\\/\\\/www.sensorialsunsets.com\\\/wp-content\\\/uploads\\\/2023\\\/04\\\/Logo_base_line_fond_clair.svg\",\"width\":\"1024\",\"height\":\"1024\",\"caption\":\"SensorialSunsets\"},\"image\":{\"@id\":\"https:\\\/\\\/www.sensorialsunsets.com\\\/en\\\/#\\\/schema\\\/logo\\\/image\\\/\"},\"sameAs\":[\"https:\\\/\\\/www.facebook.com\\\/Sensorial-Sunsets-109180614715562\",\"https:\\\/\\\/www.instagram.com\\\/sensorialsunsets\\\/\"]},{\"@type\":\"Person\",\"@id\":\"https:\\\/\\\/www.sensorialsunsets.com\\\/en\\\/#\\\/schema\\\/person\\\/a8336a4dbeee633f087a194db2ca482f\",\"name\":\"Marian Barrantes\",\"image\":{\"@type\":\"ImageObject\",\"inLanguage\":\"en-US\",\"@id\":\"https:\\\/\\\/secure.gravatar.com\\\/avatar\\\/fafbfab67eb28029818d03f44e3037bd798e04434d8d5c0cfc2eea8ec2882a22?s=96&d=mm&r=g\",\"url\":\"https:\\\/\\\/secure.gravatar.com\\\/avatar\\\/fafbfab67eb28029818d03f44e3037bd798e04434d8d5c0cfc2eea8ec2882a22?s=96&d=mm&r=g\",\"contentUrl\":\"https:\\\/\\\/secure.gravatar.com\\\/avatar\\\/fafbfab67eb28029818d03f44e3037bd798e04434d8d5c0cfc2eea8ec2882a22?s=96&d=mm&r=g\",\"caption\":\"Marian Barrantes\"},\"sameAs\":[\"https:\\\/\\\/www.sensorialsunsets.com\"],\"url\":\"https:\\\/\\\/www.sensorialsunsets.com\\\/en\\\/author\\\/mbarrantes\\\/\"}]}<\/script>\n<!-- \/ Yoast SEO plugin. -->","yoast_head_json":{"title":"Costa Rica: A Paradise for Cinema? - SensorialSunsets","description":"Filmmaking in Costa Rica is booming: film schools are swarming, Costa Rican feature films are selected in renowned festivals and women directors are winning international awards.","robots":{"index":"index","follow":"follow","max-snippet":"max-snippet:-1","max-image-preview":"max-image-preview:large","max-video-preview":"max-video-preview:-1"},"canonical":"https:\/\/www.sensorialsunsets.com\/en\/costa-rica-un-paraiso-para-el-cine\/","og_locale":"en_US","og_type":"article","og_title":"Costa Rica: A Paradise for Cinema? - SensorialSunsets","og_description":"Filmmaking in Costa Rica is booming: film schools are swarming, Costa Rican feature films are selected in renowned festivals and women directors are winning international awards.","og_url":"https:\/\/www.sensorialsunsets.com\/en\/costa-rica-un-paraiso-para-el-cine\/","og_site_name":"SensorialSunsets","article_publisher":"https:\/\/www.facebook.com\/Sensorial-Sunsets-109180614715562","article_published_time":"2022-02-09T23:45:01+00:00","article_modified_time":"2022-05-03T19:10:36+00:00","og_image":[{"width":700,"height":934,"url":"https:\/\/www.sensorialsunsets.com\/wp-content\/uploads\/2022\/02\/Clara_sola-607713674-large.jpg","type":"image\/jpeg"}],"author":"Marian Barrantes","twitter_card":"summary_large_image","twitter_misc":{"Written by":"Marian Barrantes","Est. reading time":"6 minutes"},"schema":{"@context":"https:\/\/schema.org","@graph":[{"@type":"Article","@id":"https:\/\/www.sensorialsunsets.com\/en\/costa-rica-un-paraiso-para-el-cine\/#article","isPartOf":{"@id":"https:\/\/www.sensorialsunsets.com\/en\/costa-rica-un-paraiso-para-el-cine\/"},"author":{"name":"Marian Barrantes","@id":"https:\/\/www.sensorialsunsets.com\/en\/#\/schema\/person\/a8336a4dbeee633f087a194db2ca482f"},"headline":"Costa Rica: A Paradise for Cinema?","datePublished":"2022-02-09T23:45:01+00:00","dateModified":"2022-05-03T19:10:36+00:00","mainEntityOfPage":{"@id":"https:\/\/www.sensorialsunsets.com\/en\/costa-rica-un-paraiso-para-el-cine\/"},"wordCount":1112,"publisher":{"@id":"https:\/\/www.sensorialsunsets.com\/en\/#organization"},"image":{"@id":"https:\/\/www.sensorialsunsets.com\/en\/costa-rica-un-paraiso-para-el-cine\/#primaryimage"},"thumbnailUrl":"https:\/\/www.sensorialsunsets.com\/wp-content\/uploads\/2022\/02\/Clara_sola-607713674-large.jpg","articleSection":["Costa Rica","Culture"],"inLanguage":"en-US"},{"@type":"WebPage","@id":"https:\/\/www.sensorialsunsets.com\/en\/costa-rica-un-paraiso-para-el-cine\/","url":"https:\/\/www.sensorialsunsets.com\/en\/costa-rica-un-paraiso-para-el-cine\/","name":"Costa Rica: A Paradise for Cinema? - SensorialSunsets","isPartOf":{"@id":"https:\/\/www.sensorialsunsets.com\/en\/#website"},"primaryImageOfPage":{"@id":"https:\/\/www.sensorialsunsets.com\/en\/costa-rica-un-paraiso-para-el-cine\/#primaryimage"},"image":{"@id":"https:\/\/www.sensorialsunsets.com\/en\/costa-rica-un-paraiso-para-el-cine\/#primaryimage"},"thumbnailUrl":"https:\/\/www.sensorialsunsets.com\/wp-content\/uploads\/2022\/02\/Clara_sola-607713674-large.jpg","datePublished":"2022-02-09T23:45:01+00:00","dateModified":"2022-05-03T19:10:36+00:00","description":"Filmmaking in Costa Rica is booming: film schools are swarming, Costa Rican feature films are selected in renowned festivals and women directors are winning international awards.","inLanguage":"en-US","potentialAction":[{"@type":"ReadAction","target":["https:\/\/www.sensorialsunsets.com\/en\/costa-rica-un-paraiso-para-el-cine\/"]}]},{"@type":"ImageObject","inLanguage":"en-US","@id":"https:\/\/www.sensorialsunsets.com\/en\/costa-rica-un-paraiso-para-el-cine\/#primaryimage","url":"https:\/\/www.sensorialsunsets.com\/wp-content\/uploads\/2022\/02\/Clara_sola-607713674-large.jpg","contentUrl":"https:\/\/www.sensorialsunsets.com\/wp-content\/uploads\/2022\/02\/Clara_sola-607713674-large.jpg","width":700,"height":934},{"@type":"WebSite","@id":"https:\/\/www.sensorialsunsets.com\/en\/#website","url":"https:\/\/www.sensorialsunsets.com\/en\/","name":"SensorialSunsets.com","description":"Discover the culture and society of Costa Rica on our blog. Explore captivating articles and share the content.","publisher":{"@id":"https:\/\/www.sensorialsunsets.com\/en\/#organization"},"alternateName":"Costa Rica Live Blog","potentialAction":[{"@type":"SearchAction","target":{"@type":"EntryPoint","urlTemplate":"https:\/\/www.sensorialsunsets.com\/en\/?s={search_term_string}"},"query-input":{"@type":"PropertyValueSpecification","valueRequired":true,"valueName":"search_term_string"}}],"inLanguage":"en-US"},{"@type":"Organization","@id":"https:\/\/www.sensorialsunsets.com\/en\/#organization","name":"SensorialSunsets","url":"https:\/\/www.sensorialsunsets.com\/en\/","logo":{"@type":"ImageObject","inLanguage":"en-US","@id":"https:\/\/www.sensorialsunsets.com\/en\/#\/schema\/logo\/image\/","url":"https:\/\/www.sensorialsunsets.com\/wp-content\/uploads\/2023\/04\/Logo_base_line_fond_clair.svg","contentUrl":"https:\/\/www.sensorialsunsets.com\/wp-content\/uploads\/2023\/04\/Logo_base_line_fond_clair.svg","width":"1024","height":"1024","caption":"SensorialSunsets"},"image":{"@id":"https:\/\/www.sensorialsunsets.com\/en\/#\/schema\/logo\/image\/"},"sameAs":["https:\/\/www.facebook.com\/Sensorial-Sunsets-109180614715562","https:\/\/www.instagram.com\/sensorialsunsets\/"]},{"@type":"Person","@id":"https:\/\/www.sensorialsunsets.com\/en\/#\/schema\/person\/a8336a4dbeee633f087a194db2ca482f","name":"Marian Barrantes","image":{"@type":"ImageObject","inLanguage":"en-US","@id":"https:\/\/secure.gravatar.com\/avatar\/fafbfab67eb28029818d03f44e3037bd798e04434d8d5c0cfc2eea8ec2882a22?s=96&d=mm&r=g","url":"https:\/\/secure.gravatar.com\/avatar\/fafbfab67eb28029818d03f44e3037bd798e04434d8d5c0cfc2eea8ec2882a22?s=96&d=mm&r=g","contentUrl":"https:\/\/secure.gravatar.com\/avatar\/fafbfab67eb28029818d03f44e3037bd798e04434d8d5c0cfc2eea8ec2882a22?s=96&d=mm&r=g","caption":"Marian Barrantes"},"sameAs":["https:\/\/www.sensorialsunsets.com"],"url":"https:\/\/www.sensorialsunsets.com\/en\/author\/mbarrantes\/"}]}},"_links":{"self":[{"href":"https:\/\/www.sensorialsunsets.com\/en\/wp-json\/wp\/v2\/posts\/892","targetHints":{"allow":["GET"]}}],"collection":[{"href":"https:\/\/www.sensorialsunsets.com\/en\/wp-json\/wp\/v2\/posts"}],"about":[{"href":"https:\/\/www.sensorialsunsets.com\/en\/wp-json\/wp\/v2\/types\/post"}],"author":[{"embeddable":true,"href":"https:\/\/www.sensorialsunsets.com\/en\/wp-json\/wp\/v2\/users\/5"}],"replies":[{"embeddable":true,"href":"https:\/\/www.sensorialsunsets.com\/en\/wp-json\/wp\/v2\/comments?post=892"}],"version-history":[{"count":0,"href":"https:\/\/www.sensorialsunsets.com\/en\/wp-json\/wp\/v2\/posts\/892\/revisions"}],"wp:featuredmedia":[{"embeddable":true,"href":"https:\/\/www.sensorialsunsets.com\/en\/wp-json\/wp\/v2\/media\/899"}],"wp:attachment":[{"href":"https:\/\/www.sensorialsunsets.com\/en\/wp-json\/wp\/v2\/media?parent=892"}],"wp:term":[{"taxonomy":"category","embeddable":true,"href":"https:\/\/www.sensorialsunsets.com\/en\/wp-json\/wp\/v2\/categories?post=892"},{"taxonomy":"post_tag","embeddable":true,"href":"https:\/\/www.sensorialsunsets.com\/en\/wp-json\/wp\/v2\/tags?post=892"}],"curies":[{"name":"wp","href":"https:\/\/api.w.org\/{rel}","templated":true}]}}