{"id":10006,"date":"2023-08-30T09:48:53","date_gmt":"2023-08-30T15:48:53","guid":{"rendered":"https:\/\/www.sensorialsunsets.com\/?p=10006"},"modified":"2023-08-30T09:48:54","modified_gmt":"2023-08-30T15:48:54","slug":"la-isla-del-coco-et-son-univers-sous-marin","status":"publish","type":"post","link":"https:\/\/www.sensorialsunsets.com\/fr\/la-isla-del-coco-et-son-univers-sous-marin\/","title":{"rendered":"La Isla del Coco et son univers sous-marin"},"content":{"rendered":"\n<p><em>La Isla del Coco est l&rsquo;une des nombreuses merveilles de la biodiversit\u00e9 du Costa Rica. Quelle est sa vie sous-marine ? D\u00e9couvrez-le dans cet article.<\/em><\/p>\n\n\n\n<hr class=\"wp-block-separator has-text-color has-alpha-channel-opacity has-background is-style-dots\" style=\"background-color:#004f5e;color:#004f5e\"\/>\n\n\n\n<p><\/p>\n\n\n\n<p>La Isla del Coco est une \u00eele et un parc national situ\u00e9s dans l&rsquo;oc\u00e9an Pacifique. Elle appartient au canton de Puntarenas, dans la province de Puntarenas, au Costa Rica. Sa superficie est de 23,85 km\u00b2 et elle est situ\u00e9e \u00e0 36 heures de la c\u00f4te de Puntarenas. <\/p>\n\n\n\n<p>En raison de sa taille, de son isolement et de sa conversation, la Isla del Coco est l&rsquo;un des sites naturels les plus privil\u00e9gi\u00e9s non seulement du Costa Rica, mais aussi du monde. <\/p>\n\n\n\n<h3 class=\"wp-block-heading\">Esp\u00e8ces end\u00e9miques <\/h3>\n\n\n\n<p>Environ 191 esp\u00e8ces end\u00e9miques ont \u00e9t\u00e9 identifi\u00e9es dans le parc national de la Isla del Coco, dont une grande vari\u00e9t\u00e9 d&rsquo;animaux et de plantes tels que des insectes, des reptiles, des araign\u00e9es, des oiseaux et des animaux marins. <\/p>\n\n\n\n<hr class=\"wp-block-separator has-text-color has-alpha-channel-opacity has-background is-style-wide\" style=\"background-color:#004f5e;color:#004f5e\"\/>\n\n\n\n<p><\/p>\n\n\n\n<h5 class=\"wp-block-heading\">Qu&rsquo;est-ce qu&rsquo;une esp\u00e8ce end\u00e9mique ?<\/h5>\n\n\n\n<p>Les esp\u00e8ces end\u00e9miques sont des plantes et des animaux dont la r\u00e9partition est limit\u00e9e \u00e0 une zone g\u00e9ographique particuli\u00e8re. Cela est d\u00fb \u00e0 des barri\u00e8res naturelles qui emp\u00eachent une esp\u00e8ce de se d\u00e9placer d&rsquo;un endroit \u00e0 l&rsquo;autre et de se reproduire dans d&rsquo;autres zones. <\/p>\n\n\n\n<p><\/p>\n\n\n\n<hr class=\"wp-block-separator has-text-color has-alpha-channel-opacity has-background is-style-wide\" style=\"background-color:#004f5e;color:#004f5e\"\/>\n\n\n\n<p><\/p>\n\n\n\n<h3 class=\"wp-block-heading\">Les esp\u00e8ces marines<\/h3>\n\n\n\n<figure class=\"wp-block-image size-large\"><img loading=\"lazy\" decoding=\"async\" width=\"1024\" height=\"576\" src=\"https:\/\/www.sensorialsunsets.com\/wp-content\/uploads\/2023\/08\/vida-marina-1024x576.jpeg\" alt=\"\" class=\"wp-image-9995\" srcset=\"https:\/\/www.sensorialsunsets.com\/wp-content\/uploads\/2023\/08\/vida-marina-1024x576.jpeg 1024w, https:\/\/www.sensorialsunsets.com\/wp-content\/uploads\/2023\/08\/vida-marina-300x169.jpeg 300w, https:\/\/www.sensorialsunsets.com\/wp-content\/uploads\/2023\/08\/vida-marina-768x432.jpeg 768w, https:\/\/www.sensorialsunsets.com\/wp-content\/uploads\/2023\/08\/vida-marina.jpeg 1280w\" sizes=\"auto, (max-width: 1024px) 100vw, 1024px\" \/><figcaption class=\"wp-element-caption\">Source : El Pa\u00eds<\/figcaption><\/figure>\n\n\n\n<p>Dans l&rsquo;ensemble du Costa Rica, plus de 4 700 esp\u00e8ces marines ont \u00e9t\u00e9 recens\u00e9es, dont 767 appartiennent \u00e0 la Isla del Coco (16 %) et 45 esp\u00e8ces sont end\u00e9miques \u00e0 ce parc national, ce qui repr\u00e9sente pr\u00e8s de 50 % de l&rsquo;end\u00e9misme du Costa Rica. <\/p>\n\n\n\n<p>Des requins \u00e0 pointe blanche, des requins-marteaux, des thons, des poissons-perroquets, des raies manta, etc. ont \u00e9t\u00e9 recens\u00e9s dans ses eaux. <\/p>\n\n\n\n<p>Les esp\u00e8ces marines end\u00e9miques sont class\u00e9es comme suit : <\/p>\n\n\n\n<ul class=\"wp-block-list\">\n<li>Poissons divers (33,3%)<\/li>\n\n\n\n<li>Crustac\u00e9s (28,9%)<\/li>\n\n\n\n<li>Mollusques (15,5%)<\/li>\n<\/ul>\n\n\n\n<p>En fait, l&rsquo;end\u00e9misme sur la Isla del Coco est 15 fois sup\u00e9rieur \u00e0 celui que l&rsquo;on trouve sur la partie continentale du Costa Rica. <\/p>\n\n\n\n<p>Si vous \u00eates un plongeur exp\u00e9riment\u00e9, vous pouvez plonger dans les eaux de cette r\u00e9gion pour en d\u00e9couvrir les merveilles. Mais si vous voulez aller un peu plus loin dans l&rsquo;aventure, il existe des entreprises qui peuvent vous proposer une exp\u00e9dition sous-marine. <\/p>\n\n\n\n<h3 class=\"wp-block-heading\">La recherche marine sur la Isla del Coco<\/h3>\n\n\n\n<p>En raison de son incroyable biodiversit\u00e9, la Isla del Coco a fait l&rsquo;objet d&rsquo;\u00e9tudes et de mesures de conservation. <\/p>\n\n\n\n<p>En fait, l&rsquo;\u00eele constitue le c\u0153ur de la zone de conservation marine de la Isla del Coco (ACMC). Cependant, la r\u00e9gion a \u00e9t\u00e9 explor\u00e9e depuis longtemps. <\/p>\n\n\n\n<p>En effet, les rapports les plus anciens sont les \u00e9crits des pirates baleiniers et des naturalistes et les plus r\u00e9cents sont ceux des scientifiques. Tous ont un point commun : leur curiosit\u00e9 pour la vie marine de l&rsquo;\u00eele.<\/p>\n\n\n\n<p>Actuellement, les recherches sur la Isla del Coco sont men\u00e9es par des scientifiques et des experts costariciens et \u00e9trangers. <\/p>\n\n\n\n<p>\u00c0 la suite de ces \u00e9tudes, des sp\u00e9cimens ont \u00e9t\u00e9 collect\u00e9s et d\u00e9pos\u00e9s au <a href=\"http:\/\/museo.ucr.ac.cr\/catalogo\/museos\/3zoologia.html\">Mus\u00e9e de zoologie<\/a> et \u00e0 l&rsquo;Herbarium de l&rsquo;Universit\u00e9 du Costa Rica, auxquels seuls les enseignants et les scientifiques ont acc\u00e8s. <\/p>\n\n\n\n<p>Toutes ces recherches et exp\u00e9ditions g\u00e9n\u00e8rent de nouvelles informations tant \u00e0 des fins scientifiques que pour la conservation du parc national lui-m\u00eame.  <\/p>\n\n\n\n<p>Malgr\u00e9 les nombreuses \u00e9tudes men\u00e9es sur la r\u00e9gion, il reste encore beaucoup \u00e0 apprendre sur cette \u00eele excentrique et embl\u00e9matique de la nature tico. <\/p>\n\n\n\n<p><strong>Sensorial Sunsets<\/strong><\/p>\n","protected":false},"excerpt":{"rendered":"<p>La Isla del Coco est l&rsquo;une des nombreuses merveilles de la biodiversit\u00e9 du Costa Rica. Quelle est sa vie sous-marine ? D\u00e9couvrez-le dans cet article. La Isla del Coco est une \u00eele et un parc national situ\u00e9s dans l&rsquo;oc\u00e9an Pacifique. Elle appartient au canton de Puntarenas, dans la province de Puntarenas, au Costa Rica. Sa [&hellip;]<\/p>\n","protected":false},"author":4,"featured_media":9980,"comment_status":"closed","ping_status":"closed","sticky":false,"template":"","format":"standard","meta":{"_acf_changed":false,"inline_featured_image":false,"_monsterinsights_skip_tracking":false,"_monsterinsights_sitenote_active":false,"_monsterinsights_sitenote_note":"","_monsterinsights_sitenote_category":0,"footnotes":""},"categories":[111,113],"tags":[],"class_list":["post-10006","post","type-post","status-publish","format-standard","has-post-thumbnail","hentry","category-ecologie-fr","category-tourisme-fr"],"acf":[],"yoast_head":"<!-- This site is optimized with the Yoast SEO plugin v27.4 - https:\/\/yoast.com\/product\/yoast-seo-wordpress\/ -->\n<title>La Isla del Coco et son univers sous-marin - SensorialSunsets<\/title>\n<meta name=\"description\" content=\"La Isla del Coco est l&#039;une des nombreuses merveilles de la biodiversit\u00e9 du Costa Rica. Quelle est sa vie sous-marine ? D\u00e9couvrez-le dans cet article.\" \/>\n<meta name=\"robots\" content=\"index, follow, max-snippet:-1, max-image-preview:large, max-video-preview:-1\" \/>\n<link rel=\"canonical\" href=\"https:\/\/www.sensorialsunsets.com\/fr\/la-isla-del-coco-et-son-univers-sous-marin\/\" \/>\n<meta property=\"og:locale\" content=\"fr_FR\" \/>\n<meta property=\"og:type\" content=\"article\" \/>\n<meta property=\"og:title\" content=\"La Isla del Coco et son univers sous-marin - SensorialSunsets\" \/>\n<meta property=\"og:description\" content=\"La Isla del Coco est l&#039;une des nombreuses merveilles de la biodiversit\u00e9 du Costa Rica. Quelle est sa vie sous-marine ? D\u00e9couvrez-le dans cet article.\" \/>\n<meta property=\"og:url\" content=\"https:\/\/www.sensorialsunsets.com\/fr\/la-isla-del-coco-et-son-univers-sous-marin\/\" \/>\n<meta property=\"og:site_name\" content=\"SensorialSunsets\" \/>\n<meta property=\"article:publisher\" content=\"https:\/\/www.facebook.com\/Sensorial-Sunsets-109180614715562\" \/>\n<meta property=\"article:published_time\" content=\"2023-08-30T15:48:53+00:00\" \/>\n<meta property=\"article:modified_time\" content=\"2023-08-30T15:48:54+00:00\" \/>\n<meta property=\"og:image\" content=\"https:\/\/www.sensorialsunsets.com\/wp-content\/uploads\/2023\/08\/isla-del-coco-1.jpg\" \/>\n\t<meta property=\"og:image:width\" content=\"1800\" \/>\n\t<meta property=\"og:image:height\" content=\"1080\" \/>\n\t<meta property=\"og:image:type\" content=\"image\/jpeg\" \/>\n<meta name=\"author\" content=\"Sensorial Sunsets\" \/>\n<meta name=\"twitter:card\" content=\"summary_large_image\" \/>\n<meta name=\"twitter:label1\" content=\"\u00c9crit par\" \/>\n\t<meta name=\"twitter:data1\" content=\"Sensorial Sunsets\" \/>\n\t<meta name=\"twitter:label2\" content=\"Dur\u00e9e de lecture estim\u00e9e\" \/>\n\t<meta name=\"twitter:data2\" content=\"3 minutes\" \/>\n<script type=\"application\/ld+json\" class=\"yoast-schema-graph\">{\"@context\":\"https:\\\/\\\/schema.org\",\"@graph\":[{\"@type\":\"Article\",\"@id\":\"https:\\\/\\\/www.sensorialsunsets.com\\\/fr\\\/la-isla-del-coco-et-son-univers-sous-marin\\\/#article\",\"isPartOf\":{\"@id\":\"https:\\\/\\\/www.sensorialsunsets.com\\\/fr\\\/la-isla-del-coco-et-son-univers-sous-marin\\\/\"},\"author\":{\"name\":\"Sensorial Sunsets\",\"@id\":\"https:\\\/\\\/www.sensorialsunsets.com\\\/fr\\\/#\\\/schema\\\/person\\\/77e2fa594135aa94024c47e281d8a94d\"},\"headline\":\"La Isla del Coco et son univers sous-marin\",\"datePublished\":\"2023-08-30T15:48:53+00:00\",\"dateModified\":\"2023-08-30T15:48:54+00:00\",\"mainEntityOfPage\":{\"@id\":\"https:\\\/\\\/www.sensorialsunsets.com\\\/fr\\\/la-isla-del-coco-et-son-univers-sous-marin\\\/\"},\"wordCount\":601,\"publisher\":{\"@id\":\"https:\\\/\\\/www.sensorialsunsets.com\\\/fr\\\/#organization\"},\"image\":{\"@id\":\"https:\\\/\\\/www.sensorialsunsets.com\\\/fr\\\/la-isla-del-coco-et-son-univers-sous-marin\\\/#primaryimage\"},\"thumbnailUrl\":\"https:\\\/\\\/www.sensorialsunsets.com\\\/wp-content\\\/uploads\\\/2023\\\/08\\\/isla-del-coco-1.jpg\",\"articleSection\":[\"Ecologie\",\"Tourisme\"],\"inLanguage\":\"fr-FR\"},{\"@type\":\"WebPage\",\"@id\":\"https:\\\/\\\/www.sensorialsunsets.com\\\/fr\\\/la-isla-del-coco-et-son-univers-sous-marin\\\/\",\"url\":\"https:\\\/\\\/www.sensorialsunsets.com\\\/fr\\\/la-isla-del-coco-et-son-univers-sous-marin\\\/\",\"name\":\"La Isla del Coco et son univers sous-marin - SensorialSunsets\",\"isPartOf\":{\"@id\":\"https:\\\/\\\/www.sensorialsunsets.com\\\/fr\\\/#website\"},\"primaryImageOfPage\":{\"@id\":\"https:\\\/\\\/www.sensorialsunsets.com\\\/fr\\\/la-isla-del-coco-et-son-univers-sous-marin\\\/#primaryimage\"},\"image\":{\"@id\":\"https:\\\/\\\/www.sensorialsunsets.com\\\/fr\\\/la-isla-del-coco-et-son-univers-sous-marin\\\/#primaryimage\"},\"thumbnailUrl\":\"https:\\\/\\\/www.sensorialsunsets.com\\\/wp-content\\\/uploads\\\/2023\\\/08\\\/isla-del-coco-1.jpg\",\"datePublished\":\"2023-08-30T15:48:53+00:00\",\"dateModified\":\"2023-08-30T15:48:54+00:00\",\"description\":\"La Isla del Coco est l'une des nombreuses merveilles de la biodiversit\u00e9 du Costa Rica. Quelle est sa vie sous-marine ? D\u00e9couvrez-le dans cet article.\",\"inLanguage\":\"fr-FR\",\"potentialAction\":[{\"@type\":\"ReadAction\",\"target\":[\"https:\\\/\\\/www.sensorialsunsets.com\\\/fr\\\/la-isla-del-coco-et-son-univers-sous-marin\\\/\"]}]},{\"@type\":\"ImageObject\",\"inLanguage\":\"fr-FR\",\"@id\":\"https:\\\/\\\/www.sensorialsunsets.com\\\/fr\\\/la-isla-del-coco-et-son-univers-sous-marin\\\/#primaryimage\",\"url\":\"https:\\\/\\\/www.sensorialsunsets.com\\\/wp-content\\\/uploads\\\/2023\\\/08\\\/isla-del-coco-1.jpg\",\"contentUrl\":\"https:\\\/\\\/www.sensorialsunsets.com\\\/wp-content\\\/uploads\\\/2023\\\/08\\\/isla-del-coco-1.jpg\",\"width\":1800,\"height\":1080,\"caption\":\"La Isla del Coco es una de las tantas maravillas de la biodiversidad de Costa Rica. \u00bfC\u00f3mo es su vida submarina? Desc\u00fabralo en este art\u00edculo.\"},{\"@type\":\"WebSite\",\"@id\":\"https:\\\/\\\/www.sensorialsunsets.com\\\/fr\\\/#website\",\"url\":\"https:\\\/\\\/www.sensorialsunsets.com\\\/fr\\\/\",\"name\":\"SensorialSunsets.com\",\"description\":\"D\u00e9couvrez la culture et la soci\u00e9t\u00e9 du Costa Rica sur notre blog. Explorez des articles captivants et partagez le contenu.\",\"publisher\":{\"@id\":\"https:\\\/\\\/www.sensorialsunsets.com\\\/fr\\\/#organization\"},\"alternateName\":\"Costa Rica Live Blog\",\"potentialAction\":[{\"@type\":\"SearchAction\",\"target\":{\"@type\":\"EntryPoint\",\"urlTemplate\":\"https:\\\/\\\/www.sensorialsunsets.com\\\/fr\\\/?s={search_term_string}\"},\"query-input\":{\"@type\":\"PropertyValueSpecification\",\"valueRequired\":true,\"valueName\":\"search_term_string\"}}],\"inLanguage\":\"fr-FR\"},{\"@type\":\"Organization\",\"@id\":\"https:\\\/\\\/www.sensorialsunsets.com\\\/fr\\\/#organization\",\"name\":\"SensorialSunsets\",\"url\":\"https:\\\/\\\/www.sensorialsunsets.com\\\/fr\\\/\",\"logo\":{\"@type\":\"ImageObject\",\"inLanguage\":\"fr-FR\",\"@id\":\"https:\\\/\\\/www.sensorialsunsets.com\\\/fr\\\/#\\\/schema\\\/logo\\\/image\\\/\",\"url\":\"https:\\\/\\\/www.sensorialsunsets.com\\\/wp-content\\\/uploads\\\/2023\\\/04\\\/Logo_base_line_fond_clair.svg\",\"contentUrl\":\"https:\\\/\\\/www.sensorialsunsets.com\\\/wp-content\\\/uploads\\\/2023\\\/04\\\/Logo_base_line_fond_clair.svg\",\"width\":\"1024\",\"height\":\"1024\",\"caption\":\"SensorialSunsets\"},\"image\":{\"@id\":\"https:\\\/\\\/www.sensorialsunsets.com\\\/fr\\\/#\\\/schema\\\/logo\\\/image\\\/\"},\"sameAs\":[\"https:\\\/\\\/www.facebook.com\\\/Sensorial-Sunsets-109180614715562\",\"https:\\\/\\\/www.instagram.com\\\/sensorialsunsets\\\/\"]},{\"@type\":\"Person\",\"@id\":\"https:\\\/\\\/www.sensorialsunsets.com\\\/fr\\\/#\\\/schema\\\/person\\\/77e2fa594135aa94024c47e281d8a94d\",\"name\":\"Sensorial Sunsets\",\"image\":{\"@type\":\"ImageObject\",\"inLanguage\":\"fr-FR\",\"@id\":\"https:\\\/\\\/secure.gravatar.com\\\/avatar\\\/5f2d62681b1dad94c28f1500d4fc75582acdfd32b55fd1acce0a36a3c487eabe?s=96&d=mm&r=g\",\"url\":\"https:\\\/\\\/secure.gravatar.com\\\/avatar\\\/5f2d62681b1dad94c28f1500d4fc75582acdfd32b55fd1acce0a36a3c487eabe?s=96&d=mm&r=g\",\"contentUrl\":\"https:\\\/\\\/secure.gravatar.com\\\/avatar\\\/5f2d62681b1dad94c28f1500d4fc75582acdfd32b55fd1acce0a36a3c487eabe?s=96&d=mm&r=g\",\"caption\":\"Sensorial Sunsets\"},\"url\":\"https:\\\/\\\/www.sensorialsunsets.com\\\/fr\\\/author\\\/asistentes-sensorial-sunsets\\\/\"}]}<\/script>\n<!-- \/ Yoast SEO plugin. -->","yoast_head_json":{"title":"La Isla del Coco et son univers sous-marin - SensorialSunsets","description":"La Isla del Coco est l'une des nombreuses merveilles de la biodiversit\u00e9 du Costa Rica. Quelle est sa vie sous-marine ? D\u00e9couvrez-le dans cet article.","robots":{"index":"index","follow":"follow","max-snippet":"max-snippet:-1","max-image-preview":"max-image-preview:large","max-video-preview":"max-video-preview:-1"},"canonical":"https:\/\/www.sensorialsunsets.com\/fr\/la-isla-del-coco-et-son-univers-sous-marin\/","og_locale":"fr_FR","og_type":"article","og_title":"La Isla del Coco et son univers sous-marin - SensorialSunsets","og_description":"La Isla del Coco est l'une des nombreuses merveilles de la biodiversit\u00e9 du Costa Rica. Quelle est sa vie sous-marine ? D\u00e9couvrez-le dans cet article.","og_url":"https:\/\/www.sensorialsunsets.com\/fr\/la-isla-del-coco-et-son-univers-sous-marin\/","og_site_name":"SensorialSunsets","article_publisher":"https:\/\/www.facebook.com\/Sensorial-Sunsets-109180614715562","article_published_time":"2023-08-30T15:48:53+00:00","article_modified_time":"2023-08-30T15:48:54+00:00","og_image":[{"width":1800,"height":1080,"url":"https:\/\/www.sensorialsunsets.com\/wp-content\/uploads\/2023\/08\/isla-del-coco-1.jpg","type":"image\/jpeg"}],"author":"Sensorial Sunsets","twitter_card":"summary_large_image","twitter_misc":{"\u00c9crit par":"Sensorial Sunsets","Dur\u00e9e de lecture estim\u00e9e":"3 minutes"},"schema":{"@context":"https:\/\/schema.org","@graph":[{"@type":"Article","@id":"https:\/\/www.sensorialsunsets.com\/fr\/la-isla-del-coco-et-son-univers-sous-marin\/#article","isPartOf":{"@id":"https:\/\/www.sensorialsunsets.com\/fr\/la-isla-del-coco-et-son-univers-sous-marin\/"},"author":{"name":"Sensorial Sunsets","@id":"https:\/\/www.sensorialsunsets.com\/fr\/#\/schema\/person\/77e2fa594135aa94024c47e281d8a94d"},"headline":"La Isla del Coco et son univers sous-marin","datePublished":"2023-08-30T15:48:53+00:00","dateModified":"2023-08-30T15:48:54+00:00","mainEntityOfPage":{"@id":"https:\/\/www.sensorialsunsets.com\/fr\/la-isla-del-coco-et-son-univers-sous-marin\/"},"wordCount":601,"publisher":{"@id":"https:\/\/www.sensorialsunsets.com\/fr\/#organization"},"image":{"@id":"https:\/\/www.sensorialsunsets.com\/fr\/la-isla-del-coco-et-son-univers-sous-marin\/#primaryimage"},"thumbnailUrl":"https:\/\/www.sensorialsunsets.com\/wp-content\/uploads\/2023\/08\/isla-del-coco-1.jpg","articleSection":["Ecologie","Tourisme"],"inLanguage":"fr-FR"},{"@type":"WebPage","@id":"https:\/\/www.sensorialsunsets.com\/fr\/la-isla-del-coco-et-son-univers-sous-marin\/","url":"https:\/\/www.sensorialsunsets.com\/fr\/la-isla-del-coco-et-son-univers-sous-marin\/","name":"La Isla del Coco et son univers sous-marin - SensorialSunsets","isPartOf":{"@id":"https:\/\/www.sensorialsunsets.com\/fr\/#website"},"primaryImageOfPage":{"@id":"https:\/\/www.sensorialsunsets.com\/fr\/la-isla-del-coco-et-son-univers-sous-marin\/#primaryimage"},"image":{"@id":"https:\/\/www.sensorialsunsets.com\/fr\/la-isla-del-coco-et-son-univers-sous-marin\/#primaryimage"},"thumbnailUrl":"https:\/\/www.sensorialsunsets.com\/wp-content\/uploads\/2023\/08\/isla-del-coco-1.jpg","datePublished":"2023-08-30T15:48:53+00:00","dateModified":"2023-08-30T15:48:54+00:00","description":"La Isla del Coco est l'une des nombreuses merveilles de la biodiversit\u00e9 du Costa Rica. Quelle est sa vie sous-marine ? D\u00e9couvrez-le dans cet article.","inLanguage":"fr-FR","potentialAction":[{"@type":"ReadAction","target":["https:\/\/www.sensorialsunsets.com\/fr\/la-isla-del-coco-et-son-univers-sous-marin\/"]}]},{"@type":"ImageObject","inLanguage":"fr-FR","@id":"https:\/\/www.sensorialsunsets.com\/fr\/la-isla-del-coco-et-son-univers-sous-marin\/#primaryimage","url":"https:\/\/www.sensorialsunsets.com\/wp-content\/uploads\/2023\/08\/isla-del-coco-1.jpg","contentUrl":"https:\/\/www.sensorialsunsets.com\/wp-content\/uploads\/2023\/08\/isla-del-coco-1.jpg","width":1800,"height":1080,"caption":"La Isla del Coco es una de las tantas maravillas de la biodiversidad de Costa Rica. \u00bfC\u00f3mo es su vida submarina? Desc\u00fabralo en este art\u00edculo."},{"@type":"WebSite","@id":"https:\/\/www.sensorialsunsets.com\/fr\/#website","url":"https:\/\/www.sensorialsunsets.com\/fr\/","name":"SensorialSunsets.com","description":"D\u00e9couvrez la culture et la soci\u00e9t\u00e9 du Costa Rica sur notre blog. Explorez des articles captivants et partagez le contenu.","publisher":{"@id":"https:\/\/www.sensorialsunsets.com\/fr\/#organization"},"alternateName":"Costa Rica Live Blog","potentialAction":[{"@type":"SearchAction","target":{"@type":"EntryPoint","urlTemplate":"https:\/\/www.sensorialsunsets.com\/fr\/?s={search_term_string}"},"query-input":{"@type":"PropertyValueSpecification","valueRequired":true,"valueName":"search_term_string"}}],"inLanguage":"fr-FR"},{"@type":"Organization","@id":"https:\/\/www.sensorialsunsets.com\/fr\/#organization","name":"SensorialSunsets","url":"https:\/\/www.sensorialsunsets.com\/fr\/","logo":{"@type":"ImageObject","inLanguage":"fr-FR","@id":"https:\/\/www.sensorialsunsets.com\/fr\/#\/schema\/logo\/image\/","url":"https:\/\/www.sensorialsunsets.com\/wp-content\/uploads\/2023\/04\/Logo_base_line_fond_clair.svg","contentUrl":"https:\/\/www.sensorialsunsets.com\/wp-content\/uploads\/2023\/04\/Logo_base_line_fond_clair.svg","width":"1024","height":"1024","caption":"SensorialSunsets"},"image":{"@id":"https:\/\/www.sensorialsunsets.com\/fr\/#\/schema\/logo\/image\/"},"sameAs":["https:\/\/www.facebook.com\/Sensorial-Sunsets-109180614715562","https:\/\/www.instagram.com\/sensorialsunsets\/"]},{"@type":"Person","@id":"https:\/\/www.sensorialsunsets.com\/fr\/#\/schema\/person\/77e2fa594135aa94024c47e281d8a94d","name":"Sensorial Sunsets","image":{"@type":"ImageObject","inLanguage":"fr-FR","@id":"https:\/\/secure.gravatar.com\/avatar\/5f2d62681b1dad94c28f1500d4fc75582acdfd32b55fd1acce0a36a3c487eabe?s=96&d=mm&r=g","url":"https:\/\/secure.gravatar.com\/avatar\/5f2d62681b1dad94c28f1500d4fc75582acdfd32b55fd1acce0a36a3c487eabe?s=96&d=mm&r=g","contentUrl":"https:\/\/secure.gravatar.com\/avatar\/5f2d62681b1dad94c28f1500d4fc75582acdfd32b55fd1acce0a36a3c487eabe?s=96&d=mm&r=g","caption":"Sensorial Sunsets"},"url":"https:\/\/www.sensorialsunsets.com\/fr\/author\/asistentes-sensorial-sunsets\/"}]}},"_links":{"self":[{"href":"https:\/\/www.sensorialsunsets.com\/fr\/wp-json\/wp\/v2\/posts\/10006","targetHints":{"allow":["GET"]}}],"collection":[{"href":"https:\/\/www.sensorialsunsets.com\/fr\/wp-json\/wp\/v2\/posts"}],"about":[{"href":"https:\/\/www.sensorialsunsets.com\/fr\/wp-json\/wp\/v2\/types\/post"}],"author":[{"embeddable":true,"href":"https:\/\/www.sensorialsunsets.com\/fr\/wp-json\/wp\/v2\/users\/4"}],"replies":[{"embeddable":true,"href":"https:\/\/www.sensorialsunsets.com\/fr\/wp-json\/wp\/v2\/comments?post=10006"}],"version-history":[{"count":0,"href":"https:\/\/www.sensorialsunsets.com\/fr\/wp-json\/wp\/v2\/posts\/10006\/revisions"}],"wp:featuredmedia":[{"embeddable":true,"href":"https:\/\/www.sensorialsunsets.com\/fr\/wp-json\/wp\/v2\/media\/9980"}],"wp:attachment":[{"href":"https:\/\/www.sensorialsunsets.com\/fr\/wp-json\/wp\/v2\/media?parent=10006"}],"wp:term":[{"taxonomy":"category","embeddable":true,"href":"https:\/\/www.sensorialsunsets.com\/fr\/wp-json\/wp\/v2\/categories?post=10006"},{"taxonomy":"post_tag","embeddable":true,"href":"https:\/\/www.sensorialsunsets.com\/fr\/wp-json\/wp\/v2\/tags?post=10006"}],"curies":[{"name":"wp","href":"https:\/\/api.w.org\/{rel}","templated":true}]}}