{"id":10108,"date":"2023-09-05T08:52:34","date_gmt":"2023-09-05T14:52:34","guid":{"rendered":"https:\/\/www.sensorialsunsets.com\/?p=10108"},"modified":"2023-09-05T08:52:35","modified_gmt":"2023-09-05T14:52:35","slug":"observation-doiseaux-au-costa-rica","status":"publish","type":"post","link":"https:\/\/www.sensorialsunsets.com\/fr\/observation-doiseaux-au-costa-rica\/","title":{"rendered":"Observation d&rsquo;oiseaux au Costa Rica"},"content":{"rendered":"\n<p><em>Voici tout ce qu&rsquo;il faut savoir sur l&rsquo;observation d&rsquo;oiseaux au Costa Rica : o\u00f9 et quand aller observer les oiseaux. <\/em><\/p>\n\n\n\n<hr class=\"wp-block-separator has-text-color has-alpha-channel-opacity has-background is-style-dots\" style=\"background-color:#004f5e;color:#004f5e\"\/>\n\n\n\n<p>Les oiseaux sont de beaux animaux aux apparences tr\u00e8s vari\u00e9es. Leur chant accompagne toujours le bruit des branches d&rsquo;arbres qui dansent dans le vent. Les oiseaux agr\u00e9mentent les promenades en for\u00eat et m\u00eame dans les parcs.<\/p>\n\n\n\n<p>Alors, quoi de mieux que de les admirer ? C&rsquo;est ainsi qu&rsquo;est n\u00e9e l&rsquo;activit\u00e9 d&rsquo;observation d&rsquo;oiseaux.<\/p>\n\n\n\n<h3 class=\"wp-block-heading\">En quoi consiste-t-elle ?<\/h3>\n\n\n<div class=\"wp-block-image\">\n<figure class=\"alignright size-large is-resized\"><img loading=\"lazy\" decoding=\"async\" src=\"https:\/\/www.sensorialsunsets.com\/wp-content\/uploads\/2023\/09\/zdenek-machacek-yeqt115Xkeg-unsplash-1024x996.jpg\" alt=\"Voici tout ce qu'il faut savoir sur l'observation d'oiseaux au Costa Rica : o\u00f9 et quand aller observer les oiseaux. \" class=\"wp-image-10098\" style=\"width:293px;height:285px\" width=\"293\" height=\"285\" srcset=\"https:\/\/www.sensorialsunsets.com\/wp-content\/uploads\/2023\/09\/zdenek-machacek-yeqt115Xkeg-unsplash-1024x996.jpg 1024w, https:\/\/www.sensorialsunsets.com\/wp-content\/uploads\/2023\/09\/zdenek-machacek-yeqt115Xkeg-unsplash-300x292.jpg 300w, https:\/\/www.sensorialsunsets.com\/wp-content\/uploads\/2023\/09\/zdenek-machacek-yeqt115Xkeg-unsplash-768x747.jpg 768w, https:\/\/www.sensorialsunsets.com\/wp-content\/uploads\/2023\/09\/zdenek-machacek-yeqt115Xkeg-unsplash-1536x1494.jpg 1536w, https:\/\/www.sensorialsunsets.com\/wp-content\/uploads\/2023\/09\/zdenek-machacek-yeqt115Xkeg-unsplash-2048x1992.jpg 2048w, https:\/\/www.sensorialsunsets.com\/wp-content\/uploads\/2023\/09\/zdenek-machacek-yeqt115Xkeg-unsplash-50x50.jpg 50w, https:\/\/www.sensorialsunsets.com\/wp-content\/uploads\/2023\/09\/zdenek-machacek-yeqt115Xkeg-unsplash-1320x1284.jpg 1320w\" sizes=\"auto, (max-width: 293px) 100vw, 293px\" \/><\/figure>\n<\/div>\n\n\n<p>L&rsquo;observation d&rsquo;oiseaux est une activit\u00e9 centr\u00e9e sur la contemplation et l&rsquo;\u00e9tude des oiseaux sauvages. <\/p>\n\n\n\n<p>Il ne s&rsquo;agit pas vraiment d&rsquo;un sport, mais d&rsquo;une activit\u00e9 de loisir. Toute personne passionn\u00e9e par la nature et dot\u00e9e de beaucoup de patience peut s&rsquo;adonner \u00e0 ce loisir int\u00e9ressant.<\/p>\n\n\n\n<p>Les outils n\u00e9cessaires sont un carnet de notes et des jumelles. <\/p>\n\n\n\n<h3 class=\"wp-block-heading\">L&rsquo;bservation d&rsquo;oiseaux au Costa Rica<\/h3>\n\n\n\n<p>Au Costa Rica, l&rsquo;observation des oiseaux est une activit\u00e9 extr\u00eamement populaire, car le pays poss\u00e8de une grande biodiversit\u00e9 qui attire des milliers de touristes chaque ann\u00e9e. <\/p>\n\n\n\n<p>En fait, l&rsquo;int\u00e9r\u00eat des gens pour ces loisirs n&rsquo;a cess\u00e9 de cro\u00eetre au fil des ans. <\/p>\n\n\n\n<p>Si vous souhaitez participer \u00e0 une telle excursion, <a href=\"https:\/\/fr.bestdeals2.com\/do\/costa-rica\/nOV59bMGa-sky-adventures-monteverde\">Sky Adventures Arenal<\/a> a un d\u00e9part disponible le 26 novembre de cette ann\u00e9e.<\/p>\n\n\n\n<h5 class=\"wp-block-heading\">Quelles sont les meilleures zones d&rsquo;observation ?<\/h5>\n\n\n\n<p><\/p>\n\n\n<div class=\"wp-block-image\">\n<figure class=\"aligncenter size-large\"><img loading=\"lazy\" decoding=\"async\" width=\"640\" height=\"360\" src=\"https:\/\/www.sensorialsunsets.com\/wp-content\/uploads\/2023\/09\/2023-09-04-edited.png\" alt=\"Voici tout ce qu'il faut savoir sur l'observation d'oiseaux au Costa Rica : o\u00f9 et quand aller observer les oiseaux. \" class=\"wp-image-10073\" srcset=\"https:\/\/www.sensorialsunsets.com\/wp-content\/uploads\/2023\/09\/2023-09-04-edited.png 640w, https:\/\/www.sensorialsunsets.com\/wp-content\/uploads\/2023\/09\/2023-09-04-edited-300x169.png 300w\" sizes=\"auto, (max-width: 640px) 100vw, 640px\" \/><\/figure>\n<\/div>\n\n\n<p><\/p>\n\n\n\n<p>Il en existe plusieurs : <\/p>\n\n\n\n<p>Refugio de Vida Silvestre Ca\u00f1o Negro, Parque Nacional Santa Rosa, Puerto Viejo de Sarapiqu\u00ed, Parque Nacional Tortuguero, Santa Helena, Parque Nacional Palo Verde, Parque Nacional Carara, Parque Nacional Tapant\u00ed, Parque Nacional Los Quetzales, Puerto Jim\u00e9nez y San Vito. <\/p>\n\n\n\n<h5 class=\"wp-block-heading\">Quelle est la meilleure saison pour les observations ?<\/h5>\n\n\n\n<p><\/p>\n\n\n\n<p>Ce qui est merveilleux au Costa Rica, c&rsquo;est que l&rsquo;observation d&rsquo;oiseaux peut se faire \u00e0 n&rsquo;importe quel moment de l&rsquo;ann\u00e9e. <\/p>\n\n\n\n<p>De janvier \u00e0 mars (saison s\u00e8che du c\u00f4t\u00e9 pacifique du pays), des milliers d&rsquo;oiseaux migrateurs peuvent \u00eatre observ\u00e9s dans les zones humides et les for\u00eats. F\u00e9vrier est \u00e9galement la saison de nidification du majestueux quetzal dans la for\u00eat nuageuse. <\/p>\n\n\n\n<p>De mai \u00e0 novembre (saison des pluies), la v\u00e9g\u00e9tation abonde, ce qui attire de nombreux oiseaux. Dans les Cara\u00efbes, entre septembre et octobre, les oiseaux migrateurs apparaissent et se r\u00e9pandent dans tout le pays. <\/p>\n\n\n\n<h3 class=\"wp-block-heading\">Les esp\u00e8ces end\u00e9miques du Costa Rica<\/h3>\n\n\n\n<p>Parmi les nombreux oiseaux qui peuplent le pays, on peut en citer quelques-uns : <\/p>\n\n\n\n<ul class=\"wp-block-list\">\n<li>Le Colibri \u00e0 t\u00eate cuivr\u00e9e<\/li>\n<\/ul>\n\n\n\n<figure class=\"wp-block-image size-large is-resized\"><img loading=\"lazy\" decoding=\"async\" src=\"https:\/\/www.sensorialsunsets.com\/wp-content\/uploads\/2023\/09\/esmeralda-coronilla-cobriza-1024x557.jpg\" alt=\"Voici tout ce qu'il faut savoir sur l'observation d'oiseaux au Costa Rica : o\u00f9 et quand aller observer les oiseaux. \" class=\"wp-image-10082\" style=\"width:491px;height:267px\" width=\"491\" height=\"267\" srcset=\"https:\/\/www.sensorialsunsets.com\/wp-content\/uploads\/2023\/09\/esmeralda-coronilla-cobriza-1024x557.jpg 1024w, https:\/\/www.sensorialsunsets.com\/wp-content\/uploads\/2023\/09\/esmeralda-coronilla-cobriza-300x163.jpg 300w, https:\/\/www.sensorialsunsets.com\/wp-content\/uploads\/2023\/09\/esmeralda-coronilla-cobriza-768x418.jpg 768w, https:\/\/www.sensorialsunsets.com\/wp-content\/uploads\/2023\/09\/esmeralda-coronilla-cobriza-1536x835.jpg 1536w, https:\/\/www.sensorialsunsets.com\/wp-content\/uploads\/2023\/09\/esmeralda-coronilla-cobriza-278x151.jpg 278w, https:\/\/www.sensorialsunsets.com\/wp-content\/uploads\/2023\/09\/esmeralda-coronilla-cobriza-1320x718.jpg 1320w, https:\/\/www.sensorialsunsets.com\/wp-content\/uploads\/2023\/09\/esmeralda-coronilla-cobriza.jpg 1600w\" sizes=\"auto, (max-width: 491px) 100vw, 491px\" \/><\/figure>\n\n\n\n<ul class=\"wp-block-list\">\n<li>L\u2019Ariane de Boucard<\/li>\n<\/ul>\n\n\n\n<figure class=\"wp-block-image size-large is-resized\"><img loading=\"lazy\" decoding=\"async\" src=\"https:\/\/www.sensorialsunsets.com\/wp-content\/uploads\/2023\/09\/amazilia-manglera-1024x719.jpg\" alt=\"L\u2019Ariane de Boucard\" class=\"wp-image-10086\" style=\"width:493px;height:346px\" width=\"493\" height=\"346\" srcset=\"https:\/\/www.sensorialsunsets.com\/wp-content\/uploads\/2023\/09\/amazilia-manglera-1024x719.jpg 1024w, https:\/\/www.sensorialsunsets.com\/wp-content\/uploads\/2023\/09\/amazilia-manglera-300x211.jpg 300w, https:\/\/www.sensorialsunsets.com\/wp-content\/uploads\/2023\/09\/amazilia-manglera-768x539.jpg 768w, https:\/\/www.sensorialsunsets.com\/wp-content\/uploads\/2023\/09\/amazilia-manglera.jpg 1138w\" sizes=\"auto, (max-width: 493px) 100vw, 493px\" \/><\/figure>\n\n\n\n<ul class=\"wp-block-list\">\n<li>Le Melozone cabanisi<\/li>\n<\/ul>\n\n\n\n<figure class=\"wp-block-image size-full is-resized\"><img loading=\"lazy\" decoding=\"async\" src=\"https:\/\/www.sensorialsunsets.com\/wp-content\/uploads\/2023\/09\/pinzon-cafetalero.jpg\" alt=\"Le Melozone cabanisi\" class=\"wp-image-10090\" style=\"width:493px;height:401px\" width=\"493\" height=\"401\" srcset=\"https:\/\/www.sensorialsunsets.com\/wp-content\/uploads\/2023\/09\/pinzon-cafetalero.jpg 600w, https:\/\/www.sensorialsunsets.com\/wp-content\/uploads\/2023\/09\/pinzon-cafetalero-300x244.jpg 300w\" sizes=\"auto, (max-width: 493px) 100vw, 493px\" \/><\/figure>\n\n\n\n<ul class=\"wp-block-list\">\n<li>Habia atrimaxillaris<\/li>\n<\/ul>\n\n\n\n<figure class=\"wp-block-image size-large is-resized\"><img loading=\"lazy\" decoding=\"async\" src=\"https:\/\/www.sensorialsunsets.com\/wp-content\/uploads\/2023\/09\/tangara-carinegra-1024x606.jpg\" alt=\"Habia atrimaxillaris\" class=\"wp-image-10093\" style=\"width:494px;height:292px\" width=\"494\" height=\"292\" srcset=\"https:\/\/www.sensorialsunsets.com\/wp-content\/uploads\/2023\/09\/tangara-carinegra-1024x606.jpg 1024w, https:\/\/www.sensorialsunsets.com\/wp-content\/uploads\/2023\/09\/tangara-carinegra-300x178.jpg 300w, https:\/\/www.sensorialsunsets.com\/wp-content\/uploads\/2023\/09\/tangara-carinegra-768x455.jpg 768w, https:\/\/www.sensorialsunsets.com\/wp-content\/uploads\/2023\/09\/tangara-carinegra-1536x909.jpg 1536w, https:\/\/www.sensorialsunsets.com\/wp-content\/uploads\/2023\/09\/tangara-carinegra-1320x781.jpg 1320w, https:\/\/www.sensorialsunsets.com\/wp-content\/uploads\/2023\/09\/tangara-carinegra.jpg 1600w\" sizes=\"auto, (max-width: 494px) 100vw, 494px\" \/><\/figure>\n\n\n\n<p><\/p>\n\n\n\n<p>Venez en apprendre plus sur la nature costaricienne !<\/p>\n\n\n\n<p><strong>Sensorial Sunsets<\/strong><\/p>\n","protected":false},"excerpt":{"rendered":"<p>Voici tout ce qu&rsquo;il faut savoir sur l&rsquo;observation d&rsquo;oiseaux au Costa Rica : o\u00f9 et quand aller observer les oiseaux. Les oiseaux sont de beaux animaux aux apparences tr\u00e8s vari\u00e9es. Leur chant accompagne toujours le bruit des branches d&rsquo;arbres qui dansent dans le vent. Les oiseaux agr\u00e9mentent les promenades en for\u00eat et m\u00eame dans les [&hellip;]<\/p>\n","protected":false},"author":4,"featured_media":10055,"comment_status":"closed","ping_status":"closed","sticky":false,"template":"","format":"standard","meta":{"_acf_changed":false,"inline_featured_image":false,"_monsterinsights_skip_tracking":false,"_monsterinsights_sitenote_active":false,"_monsterinsights_sitenote_note":"","_monsterinsights_sitenote_category":0,"footnotes":""},"categories":[111,113],"tags":[],"class_list":["post-10108","post","type-post","status-publish","format-standard","has-post-thumbnail","hentry","category-ecologie-fr","category-tourisme-fr"],"acf":[],"yoast_head":"<!-- This site is optimized with the Yoast SEO plugin v27.4 - https:\/\/yoast.com\/product\/yoast-seo-wordpress\/ -->\n<title>Observation d&#039;oiseaux au Costa Rica - SensorialSunsets<\/title>\n<meta name=\"description\" content=\"Voici tout ce qu&#039;il faut savoir sur l&#039;observation d&#039;oiseaux au Costa Rica : o\u00f9 et quand aller observer les oiseaux.\" \/>\n<meta name=\"robots\" content=\"index, follow, max-snippet:-1, max-image-preview:large, max-video-preview:-1\" \/>\n<link rel=\"canonical\" href=\"https:\/\/www.sensorialsunsets.com\/fr\/observation-doiseaux-au-costa-rica\/\" \/>\n<meta property=\"og:locale\" content=\"fr_FR\" \/>\n<meta property=\"og:type\" content=\"article\" \/>\n<meta property=\"og:title\" content=\"Observation d&#039;oiseaux au Costa Rica - SensorialSunsets\" \/>\n<meta property=\"og:description\" content=\"Voici tout ce qu&#039;il faut savoir sur l&#039;observation d&#039;oiseaux au Costa Rica : o\u00f9 et quand aller observer les oiseaux.\" \/>\n<meta property=\"og:url\" content=\"https:\/\/www.sensorialsunsets.com\/fr\/observation-doiseaux-au-costa-rica\/\" \/>\n<meta property=\"og:site_name\" content=\"SensorialSunsets\" \/>\n<meta property=\"article:publisher\" content=\"https:\/\/www.facebook.com\/Sensorial-Sunsets-109180614715562\" \/>\n<meta property=\"article:published_time\" content=\"2023-09-05T14:52:34+00:00\" \/>\n<meta property=\"article:modified_time\" content=\"2023-09-05T14:52:35+00:00\" \/>\n<meta property=\"og:image\" content=\"https:\/\/www.sensorialsunsets.com\/wp-content\/uploads\/2023\/09\/forest-simon-TX0ufDSCV4-unsplash-scaled.jpg\" \/>\n\t<meta property=\"og:image:width\" content=\"2560\" \/>\n\t<meta property=\"og:image:height\" content=\"1707\" \/>\n\t<meta property=\"og:image:type\" content=\"image\/jpeg\" \/>\n<meta name=\"author\" content=\"Sensorial Sunsets\" \/>\n<meta name=\"twitter:card\" content=\"summary_large_image\" \/>\n<meta name=\"twitter:label1\" content=\"\u00c9crit par\" \/>\n\t<meta name=\"twitter:data1\" content=\"Sensorial Sunsets\" \/>\n\t<meta name=\"twitter:label2\" content=\"Dur\u00e9e de lecture estim\u00e9e\" \/>\n\t<meta name=\"twitter:data2\" content=\"2 minutes\" \/>\n<script type=\"application\/ld+json\" class=\"yoast-schema-graph\">{\"@context\":\"https:\\\/\\\/schema.org\",\"@graph\":[{\"@type\":\"Article\",\"@id\":\"https:\\\/\\\/www.sensorialsunsets.com\\\/fr\\\/observation-doiseaux-au-costa-rica\\\/#article\",\"isPartOf\":{\"@id\":\"https:\\\/\\\/www.sensorialsunsets.com\\\/fr\\\/observation-doiseaux-au-costa-rica\\\/\"},\"author\":{\"name\":\"Sensorial Sunsets\",\"@id\":\"https:\\\/\\\/www.sensorialsunsets.com\\\/fr\\\/#\\\/schema\\\/person\\\/77e2fa594135aa94024c47e281d8a94d\"},\"headline\":\"Observation d&rsquo;oiseaux au Costa Rica\",\"datePublished\":\"2023-09-05T14:52:34+00:00\",\"dateModified\":\"2023-09-05T14:52:35+00:00\",\"mainEntityOfPage\":{\"@id\":\"https:\\\/\\\/www.sensorialsunsets.com\\\/fr\\\/observation-doiseaux-au-costa-rica\\\/\"},\"wordCount\":451,\"publisher\":{\"@id\":\"https:\\\/\\\/www.sensorialsunsets.com\\\/fr\\\/#organization\"},\"image\":{\"@id\":\"https:\\\/\\\/www.sensorialsunsets.com\\\/fr\\\/observation-doiseaux-au-costa-rica\\\/#primaryimage\"},\"thumbnailUrl\":\"https:\\\/\\\/www.sensorialsunsets.com\\\/wp-content\\\/uploads\\\/2023\\\/09\\\/forest-simon-TX0ufDSCV4-unsplash-scaled.jpg\",\"articleSection\":[\"Ecologie\",\"Tourisme\"],\"inLanguage\":\"fr-FR\"},{\"@type\":\"WebPage\",\"@id\":\"https:\\\/\\\/www.sensorialsunsets.com\\\/fr\\\/observation-doiseaux-au-costa-rica\\\/\",\"url\":\"https:\\\/\\\/www.sensorialsunsets.com\\\/fr\\\/observation-doiseaux-au-costa-rica\\\/\",\"name\":\"Observation d'oiseaux au Costa Rica - SensorialSunsets\",\"isPartOf\":{\"@id\":\"https:\\\/\\\/www.sensorialsunsets.com\\\/fr\\\/#website\"},\"primaryImageOfPage\":{\"@id\":\"https:\\\/\\\/www.sensorialsunsets.com\\\/fr\\\/observation-doiseaux-au-costa-rica\\\/#primaryimage\"},\"image\":{\"@id\":\"https:\\\/\\\/www.sensorialsunsets.com\\\/fr\\\/observation-doiseaux-au-costa-rica\\\/#primaryimage\"},\"thumbnailUrl\":\"https:\\\/\\\/www.sensorialsunsets.com\\\/wp-content\\\/uploads\\\/2023\\\/09\\\/forest-simon-TX0ufDSCV4-unsplash-scaled.jpg\",\"datePublished\":\"2023-09-05T14:52:34+00:00\",\"dateModified\":\"2023-09-05T14:52:35+00:00\",\"description\":\"Voici tout ce qu'il faut savoir sur l'observation d'oiseaux au Costa Rica : o\u00f9 et quand aller observer les oiseaux.\",\"inLanguage\":\"fr-FR\",\"potentialAction\":[{\"@type\":\"ReadAction\",\"target\":[\"https:\\\/\\\/www.sensorialsunsets.com\\\/fr\\\/observation-doiseaux-au-costa-rica\\\/\"]}]},{\"@type\":\"ImageObject\",\"inLanguage\":\"fr-FR\",\"@id\":\"https:\\\/\\\/www.sensorialsunsets.com\\\/fr\\\/observation-doiseaux-au-costa-rica\\\/#primaryimage\",\"url\":\"https:\\\/\\\/www.sensorialsunsets.com\\\/wp-content\\\/uploads\\\/2023\\\/09\\\/forest-simon-TX0ufDSCV4-unsplash-scaled.jpg\",\"contentUrl\":\"https:\\\/\\\/www.sensorialsunsets.com\\\/wp-content\\\/uploads\\\/2023\\\/09\\\/forest-simon-TX0ufDSCV4-unsplash-scaled.jpg\",\"width\":2560,\"height\":1707,\"caption\":\"Aqu\u00ed todo lo que tiene que saber sobre la observaci\u00f3n de aves en Costa Rica: d\u00f3nde y cu\u00e1ndo realizar esta actividad.\"},{\"@type\":\"WebSite\",\"@id\":\"https:\\\/\\\/www.sensorialsunsets.com\\\/fr\\\/#website\",\"url\":\"https:\\\/\\\/www.sensorialsunsets.com\\\/fr\\\/\",\"name\":\"SensorialSunsets.com\",\"description\":\"D\u00e9couvrez la culture et la soci\u00e9t\u00e9 du Costa Rica sur notre blog. Explorez des articles captivants et partagez le contenu.\",\"publisher\":{\"@id\":\"https:\\\/\\\/www.sensorialsunsets.com\\\/fr\\\/#organization\"},\"alternateName\":\"Costa Rica Live Blog\",\"potentialAction\":[{\"@type\":\"SearchAction\",\"target\":{\"@type\":\"EntryPoint\",\"urlTemplate\":\"https:\\\/\\\/www.sensorialsunsets.com\\\/fr\\\/?s={search_term_string}\"},\"query-input\":{\"@type\":\"PropertyValueSpecification\",\"valueRequired\":true,\"valueName\":\"search_term_string\"}}],\"inLanguage\":\"fr-FR\"},{\"@type\":\"Organization\",\"@id\":\"https:\\\/\\\/www.sensorialsunsets.com\\\/fr\\\/#organization\",\"name\":\"SensorialSunsets\",\"url\":\"https:\\\/\\\/www.sensorialsunsets.com\\\/fr\\\/\",\"logo\":{\"@type\":\"ImageObject\",\"inLanguage\":\"fr-FR\",\"@id\":\"https:\\\/\\\/www.sensorialsunsets.com\\\/fr\\\/#\\\/schema\\\/logo\\\/image\\\/\",\"url\":\"https:\\\/\\\/www.sensorialsunsets.com\\\/wp-content\\\/uploads\\\/2023\\\/04\\\/Logo_base_line_fond_clair.svg\",\"contentUrl\":\"https:\\\/\\\/www.sensorialsunsets.com\\\/wp-content\\\/uploads\\\/2023\\\/04\\\/Logo_base_line_fond_clair.svg\",\"width\":\"1024\",\"height\":\"1024\",\"caption\":\"SensorialSunsets\"},\"image\":{\"@id\":\"https:\\\/\\\/www.sensorialsunsets.com\\\/fr\\\/#\\\/schema\\\/logo\\\/image\\\/\"},\"sameAs\":[\"https:\\\/\\\/www.facebook.com\\\/Sensorial-Sunsets-109180614715562\",\"https:\\\/\\\/www.instagram.com\\\/sensorialsunsets\\\/\"]},{\"@type\":\"Person\",\"@id\":\"https:\\\/\\\/www.sensorialsunsets.com\\\/fr\\\/#\\\/schema\\\/person\\\/77e2fa594135aa94024c47e281d8a94d\",\"name\":\"Sensorial Sunsets\",\"image\":{\"@type\":\"ImageObject\",\"inLanguage\":\"fr-FR\",\"@id\":\"https:\\\/\\\/secure.gravatar.com\\\/avatar\\\/5f2d62681b1dad94c28f1500d4fc75582acdfd32b55fd1acce0a36a3c487eabe?s=96&d=mm&r=g\",\"url\":\"https:\\\/\\\/secure.gravatar.com\\\/avatar\\\/5f2d62681b1dad94c28f1500d4fc75582acdfd32b55fd1acce0a36a3c487eabe?s=96&d=mm&r=g\",\"contentUrl\":\"https:\\\/\\\/secure.gravatar.com\\\/avatar\\\/5f2d62681b1dad94c28f1500d4fc75582acdfd32b55fd1acce0a36a3c487eabe?s=96&d=mm&r=g\",\"caption\":\"Sensorial Sunsets\"},\"url\":\"https:\\\/\\\/www.sensorialsunsets.com\\\/fr\\\/author\\\/asistentes-sensorial-sunsets\\\/\"}]}<\/script>\n<!-- \/ Yoast SEO plugin. -->","yoast_head_json":{"title":"Observation d'oiseaux au Costa Rica - SensorialSunsets","description":"Voici tout ce qu'il faut savoir sur l'observation d'oiseaux au Costa Rica : o\u00f9 et quand aller observer les oiseaux.","robots":{"index":"index","follow":"follow","max-snippet":"max-snippet:-1","max-image-preview":"max-image-preview:large","max-video-preview":"max-video-preview:-1"},"canonical":"https:\/\/www.sensorialsunsets.com\/fr\/observation-doiseaux-au-costa-rica\/","og_locale":"fr_FR","og_type":"article","og_title":"Observation d'oiseaux au Costa Rica - SensorialSunsets","og_description":"Voici tout ce qu'il faut savoir sur l'observation d'oiseaux au Costa Rica : o\u00f9 et quand aller observer les oiseaux.","og_url":"https:\/\/www.sensorialsunsets.com\/fr\/observation-doiseaux-au-costa-rica\/","og_site_name":"SensorialSunsets","article_publisher":"https:\/\/www.facebook.com\/Sensorial-Sunsets-109180614715562","article_published_time":"2023-09-05T14:52:34+00:00","article_modified_time":"2023-09-05T14:52:35+00:00","og_image":[{"width":2560,"height":1707,"url":"https:\/\/www.sensorialsunsets.com\/wp-content\/uploads\/2023\/09\/forest-simon-TX0ufDSCV4-unsplash-scaled.jpg","type":"image\/jpeg"}],"author":"Sensorial Sunsets","twitter_card":"summary_large_image","twitter_misc":{"\u00c9crit par":"Sensorial Sunsets","Dur\u00e9e de lecture estim\u00e9e":"2 minutes"},"schema":{"@context":"https:\/\/schema.org","@graph":[{"@type":"Article","@id":"https:\/\/www.sensorialsunsets.com\/fr\/observation-doiseaux-au-costa-rica\/#article","isPartOf":{"@id":"https:\/\/www.sensorialsunsets.com\/fr\/observation-doiseaux-au-costa-rica\/"},"author":{"name":"Sensorial Sunsets","@id":"https:\/\/www.sensorialsunsets.com\/fr\/#\/schema\/person\/77e2fa594135aa94024c47e281d8a94d"},"headline":"Observation d&rsquo;oiseaux au Costa Rica","datePublished":"2023-09-05T14:52:34+00:00","dateModified":"2023-09-05T14:52:35+00:00","mainEntityOfPage":{"@id":"https:\/\/www.sensorialsunsets.com\/fr\/observation-doiseaux-au-costa-rica\/"},"wordCount":451,"publisher":{"@id":"https:\/\/www.sensorialsunsets.com\/fr\/#organization"},"image":{"@id":"https:\/\/www.sensorialsunsets.com\/fr\/observation-doiseaux-au-costa-rica\/#primaryimage"},"thumbnailUrl":"https:\/\/www.sensorialsunsets.com\/wp-content\/uploads\/2023\/09\/forest-simon-TX0ufDSCV4-unsplash-scaled.jpg","articleSection":["Ecologie","Tourisme"],"inLanguage":"fr-FR"},{"@type":"WebPage","@id":"https:\/\/www.sensorialsunsets.com\/fr\/observation-doiseaux-au-costa-rica\/","url":"https:\/\/www.sensorialsunsets.com\/fr\/observation-doiseaux-au-costa-rica\/","name":"Observation d'oiseaux au Costa Rica - SensorialSunsets","isPartOf":{"@id":"https:\/\/www.sensorialsunsets.com\/fr\/#website"},"primaryImageOfPage":{"@id":"https:\/\/www.sensorialsunsets.com\/fr\/observation-doiseaux-au-costa-rica\/#primaryimage"},"image":{"@id":"https:\/\/www.sensorialsunsets.com\/fr\/observation-doiseaux-au-costa-rica\/#primaryimage"},"thumbnailUrl":"https:\/\/www.sensorialsunsets.com\/wp-content\/uploads\/2023\/09\/forest-simon-TX0ufDSCV4-unsplash-scaled.jpg","datePublished":"2023-09-05T14:52:34+00:00","dateModified":"2023-09-05T14:52:35+00:00","description":"Voici tout ce qu'il faut savoir sur l'observation d'oiseaux au Costa Rica : o\u00f9 et quand aller observer les oiseaux.","inLanguage":"fr-FR","potentialAction":[{"@type":"ReadAction","target":["https:\/\/www.sensorialsunsets.com\/fr\/observation-doiseaux-au-costa-rica\/"]}]},{"@type":"ImageObject","inLanguage":"fr-FR","@id":"https:\/\/www.sensorialsunsets.com\/fr\/observation-doiseaux-au-costa-rica\/#primaryimage","url":"https:\/\/www.sensorialsunsets.com\/wp-content\/uploads\/2023\/09\/forest-simon-TX0ufDSCV4-unsplash-scaled.jpg","contentUrl":"https:\/\/www.sensorialsunsets.com\/wp-content\/uploads\/2023\/09\/forest-simon-TX0ufDSCV4-unsplash-scaled.jpg","width":2560,"height":1707,"caption":"Aqu\u00ed todo lo que tiene que saber sobre la observaci\u00f3n de aves en Costa Rica: d\u00f3nde y cu\u00e1ndo realizar esta actividad."},{"@type":"WebSite","@id":"https:\/\/www.sensorialsunsets.com\/fr\/#website","url":"https:\/\/www.sensorialsunsets.com\/fr\/","name":"SensorialSunsets.com","description":"D\u00e9couvrez la culture et la soci\u00e9t\u00e9 du Costa Rica sur notre blog. Explorez des articles captivants et partagez le contenu.","publisher":{"@id":"https:\/\/www.sensorialsunsets.com\/fr\/#organization"},"alternateName":"Costa Rica Live Blog","potentialAction":[{"@type":"SearchAction","target":{"@type":"EntryPoint","urlTemplate":"https:\/\/www.sensorialsunsets.com\/fr\/?s={search_term_string}"},"query-input":{"@type":"PropertyValueSpecification","valueRequired":true,"valueName":"search_term_string"}}],"inLanguage":"fr-FR"},{"@type":"Organization","@id":"https:\/\/www.sensorialsunsets.com\/fr\/#organization","name":"SensorialSunsets","url":"https:\/\/www.sensorialsunsets.com\/fr\/","logo":{"@type":"ImageObject","inLanguage":"fr-FR","@id":"https:\/\/www.sensorialsunsets.com\/fr\/#\/schema\/logo\/image\/","url":"https:\/\/www.sensorialsunsets.com\/wp-content\/uploads\/2023\/04\/Logo_base_line_fond_clair.svg","contentUrl":"https:\/\/www.sensorialsunsets.com\/wp-content\/uploads\/2023\/04\/Logo_base_line_fond_clair.svg","width":"1024","height":"1024","caption":"SensorialSunsets"},"image":{"@id":"https:\/\/www.sensorialsunsets.com\/fr\/#\/schema\/logo\/image\/"},"sameAs":["https:\/\/www.facebook.com\/Sensorial-Sunsets-109180614715562","https:\/\/www.instagram.com\/sensorialsunsets\/"]},{"@type":"Person","@id":"https:\/\/www.sensorialsunsets.com\/fr\/#\/schema\/person\/77e2fa594135aa94024c47e281d8a94d","name":"Sensorial Sunsets","image":{"@type":"ImageObject","inLanguage":"fr-FR","@id":"https:\/\/secure.gravatar.com\/avatar\/5f2d62681b1dad94c28f1500d4fc75582acdfd32b55fd1acce0a36a3c487eabe?s=96&d=mm&r=g","url":"https:\/\/secure.gravatar.com\/avatar\/5f2d62681b1dad94c28f1500d4fc75582acdfd32b55fd1acce0a36a3c487eabe?s=96&d=mm&r=g","contentUrl":"https:\/\/secure.gravatar.com\/avatar\/5f2d62681b1dad94c28f1500d4fc75582acdfd32b55fd1acce0a36a3c487eabe?s=96&d=mm&r=g","caption":"Sensorial Sunsets"},"url":"https:\/\/www.sensorialsunsets.com\/fr\/author\/asistentes-sensorial-sunsets\/"}]}},"_links":{"self":[{"href":"https:\/\/www.sensorialsunsets.com\/fr\/wp-json\/wp\/v2\/posts\/10108","targetHints":{"allow":["GET"]}}],"collection":[{"href":"https:\/\/www.sensorialsunsets.com\/fr\/wp-json\/wp\/v2\/posts"}],"about":[{"href":"https:\/\/www.sensorialsunsets.com\/fr\/wp-json\/wp\/v2\/types\/post"}],"author":[{"embeddable":true,"href":"https:\/\/www.sensorialsunsets.com\/fr\/wp-json\/wp\/v2\/users\/4"}],"replies":[{"embeddable":true,"href":"https:\/\/www.sensorialsunsets.com\/fr\/wp-json\/wp\/v2\/comments?post=10108"}],"version-history":[{"count":0,"href":"https:\/\/www.sensorialsunsets.com\/fr\/wp-json\/wp\/v2\/posts\/10108\/revisions"}],"wp:featuredmedia":[{"embeddable":true,"href":"https:\/\/www.sensorialsunsets.com\/fr\/wp-json\/wp\/v2\/media\/10055"}],"wp:attachment":[{"href":"https:\/\/www.sensorialsunsets.com\/fr\/wp-json\/wp\/v2\/media?parent=10108"}],"wp:term":[{"taxonomy":"category","embeddable":true,"href":"https:\/\/www.sensorialsunsets.com\/fr\/wp-json\/wp\/v2\/categories?post=10108"},{"taxonomy":"post_tag","embeddable":true,"href":"https:\/\/www.sensorialsunsets.com\/fr\/wp-json\/wp\/v2\/tags?post=10108"}],"curies":[{"name":"wp","href":"https:\/\/api.w.org\/{rel}","templated":true}]}}