{"id":10324,"date":"2023-09-12T08:44:10","date_gmt":"2023-09-12T14:44:10","guid":{"rendered":"https:\/\/www.sensorialsunsets.com\/?p=10324"},"modified":"2023-09-12T09:27:23","modified_gmt":"2023-09-12T15:27:23","slug":"defile-des-lanternes-une-annee-de-plus-pour-lindependance-et-son-symbolisme","status":"publish","type":"post","link":"https:\/\/www.sensorialsunsets.com\/fr\/defile-des-lanternes-une-annee-de-plus-pour-lindependance-et-son-symbolisme\/","title":{"rendered":"D\u00e9fil\u00e9 des lanternes : une ann\u00e9e de plus pour l&rsquo;ind\u00e9pendance et son symbolisme"},"content":{"rendered":"\n<p><em>Le Costa Rica f\u00eate son ind\u00e9pendance. D\u00e9couvrez l&rsquo;histoire de l&rsquo;une des traditions les plus embl\u00e9matiques de cet \u00e9v\u00e9nement : le d\u00e9fil\u00e9 des lanternes.<\/em><\/p>\n\n\n\n<hr class=\"wp-block-separator has-text-color has-alpha-channel-opacity has-background is-style-dots\" style=\"background-color:#004f5e;color:#004f5e\"\/>\n\n\n\n<p><\/p>\n\n\n\n<p>Le d\u00e9fil\u00e9 des lanternes est une activit\u00e9 qui est devenue une tradition. Il accompagne la comm\u00e9moration de l&rsquo;acte d&rsquo;<a href=\"https:\/\/www.sensorialsunsets.com\/fr\/independance-du-costa-rica\/\">ind\u00e9pendance<\/a> qui a eu lieu au Costa Rica et dans d&rsquo;autres pays d&rsquo;Am\u00e9rique centrale en 1821.<\/p>\n\n\n\n<h3 class=\"wp-block-heading\"><strong>La tradition<\/strong><\/h3>\n\n\n\n<p>Le d\u00e9fil\u00e9 des lanternes est g\u00e9n\u00e9ralement organis\u00e9 dans les \u00e9coles ou les lyc\u00e9es \u00e0 18 heures, apr\u00e8s ou avant un acte civique. Les \u00e9l\u00e8ves et les enseignants, accompagn\u00e9s de leurs familles, d\u00e9filent dans les rues proches de l&rsquo;\u00e9tablissement d&rsquo;enseignement, accompagn\u00e9s par l&rsquo;hymne du 15 septembre.<\/p>\n\n\n\n<p>Ainsi, des lanternes bleues, blanches et rouges illuminent les rues lors de ces dates patriotiques. <\/p>\n\n\n\n<h3 class=\"wp-block-heading\"><strong>Les lanternes<\/strong><\/h3>\n\n\n<div class=\"wp-block-image\">\n<figure class=\"alignright size-full is-resized\"><img loading=\"lazy\" decoding=\"async\" src=\"https:\/\/www.sensorialsunsets.com\/wp-content\/uploads\/2023\/09\/farol.jpg\" alt=\"Le Costa Rica c\u00e9l\u00e8bre une nouvelle ann\u00e9e d'ind\u00e9pendance. D\u00e9couvrez l'histoire de l'une des traditions les plus embl\u00e9matiques de cet \u00e9v\u00e9nement : le d\u00e9fil\u00e9 des lanternes. \" class=\"wp-image-10242\" style=\"width:240px;height:320px\" width=\"240\" height=\"320\" srcset=\"https:\/\/www.sensorialsunsets.com\/wp-content\/uploads\/2023\/09\/farol.jpg 720w, https:\/\/www.sensorialsunsets.com\/wp-content\/uploads\/2023\/09\/farol-225x300.jpg 225w\" sizes=\"auto, (max-width: 240px) 100vw, 240px\" \/><figcaption class=\"wp-element-caption\">Source : Pinterest<\/figcaption><\/figure>\n<\/div>\n\n\n<p>Chaque lanterne repr\u00e9sente une lueur d&rsquo;espoir que l&rsquo;ind\u00e9pendance a apport\u00e9e au pays. <\/p>\n\n\n\n<p>Les lanternes sont faites de papier rouge, bleu ou blanc et peuvent avoir diff\u00e9rentes formes ou \u00eatre d\u00e9cor\u00e9es selon le go\u00fbt de chacun. Certains aiment y ajouter des images d&rsquo;animaux du Costa Rica, du guaria violet, du caf\u00e9. Certaines lanternes ont m\u00eame la forme d&rsquo;une charrette ou d&rsquo;un \u00e9gouttoir \u00e0 caf\u00e9.<\/p>\n\n\n\n<p>En m\u00eame temps que les lanternes comm\u00e9morent un jour tr\u00e8s important pour le Costa Rica, c&rsquo;est une activit\u00e9 qui met en \u00e9vidence la cr\u00e9ativit\u00e9 et l&rsquo;ing\u00e9niosit\u00e9 des Ticos. <\/p>\n\n\n\n<h3 class=\"wp-block-heading\"><strong>L&rsquo;histoire<\/strong><\/h3>\n\n\n<div class=\"wp-block-image\">\n<figure class=\"alignleft size-full is-resized\"><img loading=\"lazy\" decoding=\"async\" src=\"https:\/\/www.sensorialsunsets.com\/wp-content\/uploads\/2023\/09\/dolores-bedoya.jpg\" alt=\"Le Costa Rica c\u00e9l\u00e8bre une nouvelle ann\u00e9e d'ind\u00e9pendance. D\u00e9couvrez l'histoire de l'une des traditions les plus embl\u00e9matiques de cet \u00e9v\u00e9nement : le d\u00e9fil\u00e9 des lanternes. \" class=\"wp-image-10249\" style=\"width:326px;height:233px\" width=\"326\" height=\"233\" srcset=\"https:\/\/www.sensorialsunsets.com\/wp-content\/uploads\/2023\/09\/dolores-bedoya.jpg 736w, https:\/\/www.sensorialsunsets.com\/wp-content\/uploads\/2023\/09\/dolores-bedoya-300x215.jpg 300w\" sizes=\"auto, (max-width: 326px) 100vw, 326px\" \/><figcaption class=\"wp-element-caption\">Mar\u00eda Dolores Bedoya. Source : Pinterest<\/figcaption><\/figure>\n<\/div>\n\n\n<p>Mais pourquoi le d\u00e9fil\u00e9 des lanternes a-t-il lieu ?<\/p>\n\n\n\n<p>Selon l&rsquo;histoire, c&rsquo;est Mar\u00eda Dolores Bedoya, l&rsquo;une des seules femmes \u00e0 avoir particip\u00e9 aux mouvements d&rsquo;ind\u00e9pendance du Guatemala, qui a arpent\u00e9 les rues pav\u00e9es de son pays, une lanterne \u00e0 la main, le 14 septembre 1821. <\/p>\n\n\n\n<p>Elle cherchait des citoyens pour se rassembler sur la place devant la mairie, o\u00f9 se r\u00e9unissaient les d\u00e9putations provinciales du Guatemala, y compris le Chiapas, le Honduras et le Salvador. <\/p>\n\n\n\n<p>\u00c0 l&rsquo;\u00e9poque, l&rsquo;objectif des Guat\u00e9malt\u00e8ques \u00e9tait de faire pression sur la d\u00e9cision de signer l&rsquo;acte d&rsquo;ind\u00e9pendance en criant \u00ab\u00a0Viva la Patria !\u00a0\u00bb et \u00ab\u00a0Viva la Libertad !\u00a0\u00bb, \u00e0 c\u00f4t\u00e9 de leurs lanternes, car il n&rsquo;y avait pas d&rsquo;\u00e9lectricit\u00e9 \u00e0 l&rsquo;\u00e9poque. <\/p>\n\n\n\n<p>C&rsquo;est ainsi qu&rsquo;arrive au Costa Rica le d\u00e9fil\u00e9 des lanternes, une tradition int\u00e9ressante qui se perp\u00e9tue depuis plus de 200 ans.<\/p>\n\n\n\n<h3 class=\"wp-block-heading\"><strong>Que repr\u00e9sente r\u00e9ellement cette pratique ?<\/strong><\/h3>\n\n\n\n<p>L&rsquo;action de descendre dans les rues, avec les lanternes et accompagn\u00e9e de l&rsquo;hymne au 15 septembre, a une signification symbolique. <\/p>\n\n\n\n<p>En effet, l&rsquo;\u00e9tude de Mar\u00eda Isabel Carvajal montre que l&rsquo;hymne au 15 septembre contient des discours li\u00e9s au th\u00e8me de l&rsquo;identit\u00e9, de l&rsquo;ind\u00e9pendance et du patriotisme. <\/p>\n\n\n\n<p>Ces discours font allusion aux attitudes id\u00e9ales qu&rsquo;ils devraient adopter, telles que la d\u00e9fense de la souverainet\u00e9, la loyaut\u00e9, le respect des symboles patriotiques, l&rsquo;adh\u00e9sion \u00e0 la loi et la pr\u00e9servation de l&rsquo;\u00c9tat de droit. <\/p>\n\n\n\n<h5 class=\"wp-block-heading\">Comment ces discours fonctionnent-ils ?<\/h5>\n\n\n\n<p>Pour Carvajal, les discours s&rsquo;inscrivent dans des champs culturels et cr\u00e9ent un effet de croyance qui se traduit par une illusion partag\u00e9e par la soci\u00e9t\u00e9. <\/p>\n\n\n\n<h5 class=\"wp-block-heading\">L&rsquo;hymne du 15 septembre<\/h5>\n\n\n\n<p>L&rsquo;hymne au 15 septembre a \u00e9t\u00e9 \u00e9crit en 1852 et publi\u00e9 en 1883, 60 ans apr\u00e8s l&rsquo;ind\u00e9pendance du Costa Rica. <\/p>\n\n\n\n<figure class=\"wp-block-embed is-type-video is-provider-youtube wp-block-embed-youtube wp-embed-aspect-16-9 wp-has-aspect-ratio\"><div class=\"wp-block-embed__wrapper\">\n<iframe loading=\"lazy\" title=\"Himno Patri\u00f3tico al 15 de Septiembre (Letra)\" width=\"900\" height=\"506\" src=\"https:\/\/www.youtube.com\/embed\/wJgFIZ1SxoU?feature=oembed\" frameborder=\"0\" allow=\"accelerometer; autoplay; clipboard-write; encrypted-media; gyroscope; picture-in-picture; web-share\" allowfullscreen><\/iframe>\n<\/div><\/figure>\n\n\n\n<p>Selon l&rsquo;historien Carlos Mel\u00e9ndez, les circonstances de l&rsquo;ind\u00e9pendance n&rsquo;ont pas \u00e9t\u00e9 si d\u00e9cisives pour les Costaricains, mais elles l&rsquo;ont \u00e9t\u00e9 pour les Centram\u00e9ricains. En 1821, le Costa Rica faisait partie de la d\u00e9putation de Le\u00f3n Nicaragua, et on ne savait pas ce qui se passait au Guatemala. <\/p>\n\n\n\n<p>En effet, on dit que les paroles de l&rsquo;hymne au 15 septembre pourraient faire r\u00e9f\u00e9rence \u00e0 l&rsquo;ind\u00e9pendance de l&rsquo;Am\u00e9rique centrale, \u00e0 celle du Costa Rica ou \u00e0 l&rsquo;Acte h\u00e9ro\u00efque de 1826. <\/p>\n\n\n\n<p>Effectivement, l&rsquo;hymne vise \u00e0 unir et \u00e0 fa\u00e7onner un sentiment d&rsquo;identit\u00e9 patriotique chez les Costariciens. En d&rsquo;autres termes, le d\u00e9fil\u00e9 des lanternes accompagn\u00e9 de l&rsquo;hymne le 15 septembre a pour fonction de c\u00e9l\u00e9brer et de promouvoir davantage le sentiment d&rsquo;ind\u00e9pendance des Costaricains, qui, peut-\u00eatre, ne le ressentaient pas tellement comme le leur au moment de l&rsquo;\u00e9v\u00e9nement. <\/p>\n\n\n\n<p><strong>Sensorial Sunsets<\/strong><\/p>\n","protected":false},"excerpt":{"rendered":"<p>Le Costa Rica f\u00eate son ind\u00e9pendance. D\u00e9couvrez l&rsquo;histoire de l&rsquo;une des traditions les plus embl\u00e9matiques de cet \u00e9v\u00e9nement : le d\u00e9fil\u00e9 des lanternes. Le d\u00e9fil\u00e9 des lanternes est une activit\u00e9 qui est devenue une tradition. Il accompagne la comm\u00e9moration de l&rsquo;acte d&rsquo;ind\u00e9pendance qui a eu lieu au Costa Rica et dans d&rsquo;autres pays d&rsquo;Am\u00e9rique centrale [&hellip;]<\/p>\n","protected":false},"author":4,"featured_media":10241,"comment_status":"closed","ping_status":"closed","sticky":false,"template":"","format":"standard","meta":{"_acf_changed":false,"inline_featured_image":false,"_monsterinsights_skip_tracking":false,"_monsterinsights_sitenote_active":false,"_monsterinsights_sitenote_note":"","_monsterinsights_sitenote_category":0,"footnotes":""},"categories":[104],"tags":[],"class_list":["post-10324","post","type-post","status-publish","format-standard","has-post-thumbnail","hentry","category-culture-fr"],"acf":[],"yoast_head":"<!-- This site is optimized with the Yoast SEO plugin v27.4 - https:\/\/yoast.com\/product\/yoast-seo-wordpress\/ -->\n<title>D\u00e9fil\u00e9 des lanternes : une ann\u00e9e de plus pour l&#039;ind\u00e9pendance et son symbolisme - SensorialSunsets<\/title>\n<meta name=\"description\" content=\"Le Costa Rica f\u00eate son ind\u00e9pendance. D\u00e9couvrez l&#039;histoire de l&#039;une des traditions les plus embl\u00e9matiques : le d\u00e9fil\u00e9 des lanternes.\" \/>\n<meta name=\"robots\" content=\"index, follow, max-snippet:-1, max-image-preview:large, max-video-preview:-1\" \/>\n<link rel=\"canonical\" href=\"https:\/\/www.sensorialsunsets.com\/fr\/defile-des-lanternes-une-annee-de-plus-pour-lindependance-et-son-symbolisme\/\" \/>\n<meta property=\"og:locale\" content=\"fr_FR\" \/>\n<meta property=\"og:type\" content=\"article\" \/>\n<meta property=\"og:title\" content=\"D\u00e9fil\u00e9 des lanternes : une ann\u00e9e de plus pour l&#039;ind\u00e9pendance et son symbolisme - SensorialSunsets\" \/>\n<meta property=\"og:description\" content=\"Le Costa Rica f\u00eate son ind\u00e9pendance. D\u00e9couvrez l&#039;histoire de l&#039;une des traditions les plus embl\u00e9matiques : le d\u00e9fil\u00e9 des lanternes.\" \/>\n<meta property=\"og:url\" content=\"https:\/\/www.sensorialsunsets.com\/fr\/defile-des-lanternes-une-annee-de-plus-pour-lindependance-et-son-symbolisme\/\" \/>\n<meta property=\"og:site_name\" content=\"SensorialSunsets\" \/>\n<meta property=\"article:publisher\" content=\"https:\/\/www.facebook.com\/Sensorial-Sunsets-109180614715562\" \/>\n<meta property=\"article:published_time\" content=\"2023-09-12T14:44:10+00:00\" \/>\n<meta property=\"article:modified_time\" content=\"2023-09-12T15:27:23+00:00\" \/>\n<meta property=\"og:image\" content=\"https:\/\/www.sensorialsunsets.com\/wp-content\/uploads\/2023\/09\/desfile-de-faroles.jpg\" \/>\n\t<meta property=\"og:image:width\" content=\"960\" \/>\n\t<meta property=\"og:image:height\" content=\"540\" \/>\n\t<meta property=\"og:image:type\" content=\"image\/jpeg\" \/>\n<meta name=\"author\" content=\"Sensorial Sunsets\" \/>\n<meta name=\"twitter:card\" content=\"summary_large_image\" \/>\n<meta name=\"twitter:label1\" content=\"\u00c9crit par\" \/>\n\t<meta name=\"twitter:data1\" content=\"Sensorial Sunsets\" \/>\n\t<meta name=\"twitter:label2\" content=\"Dur\u00e9e de lecture estim\u00e9e\" \/>\n\t<meta name=\"twitter:data2\" content=\"3 minutes\" \/>\n<script type=\"application\/ld+json\" class=\"yoast-schema-graph\">{\"@context\":\"https:\\\/\\\/schema.org\",\"@graph\":[{\"@type\":\"Article\",\"@id\":\"https:\\\/\\\/www.sensorialsunsets.com\\\/fr\\\/defile-des-lanternes-une-annee-de-plus-pour-lindependance-et-son-symbolisme\\\/#article\",\"isPartOf\":{\"@id\":\"https:\\\/\\\/www.sensorialsunsets.com\\\/fr\\\/defile-des-lanternes-une-annee-de-plus-pour-lindependance-et-son-symbolisme\\\/\"},\"author\":{\"name\":\"Sensorial Sunsets\",\"@id\":\"https:\\\/\\\/www.sensorialsunsets.com\\\/fr\\\/#\\\/schema\\\/person\\\/77e2fa594135aa94024c47e281d8a94d\"},\"headline\":\"D\u00e9fil\u00e9 des lanternes : une ann\u00e9e de plus pour l&rsquo;ind\u00e9pendance et son symbolisme\",\"datePublished\":\"2023-09-12T14:44:10+00:00\",\"dateModified\":\"2023-09-12T15:27:23+00:00\",\"mainEntityOfPage\":{\"@id\":\"https:\\\/\\\/www.sensorialsunsets.com\\\/fr\\\/defile-des-lanternes-une-annee-de-plus-pour-lindependance-et-son-symbolisme\\\/\"},\"wordCount\":760,\"publisher\":{\"@id\":\"https:\\\/\\\/www.sensorialsunsets.com\\\/fr\\\/#organization\"},\"image\":{\"@id\":\"https:\\\/\\\/www.sensorialsunsets.com\\\/fr\\\/defile-des-lanternes-une-annee-de-plus-pour-lindependance-et-son-symbolisme\\\/#primaryimage\"},\"thumbnailUrl\":\"https:\\\/\\\/www.sensorialsunsets.com\\\/wp-content\\\/uploads\\\/2023\\\/09\\\/desfile-de-faroles.jpg\",\"articleSection\":[\"Culture\"],\"inLanguage\":\"fr-FR\"},{\"@type\":\"WebPage\",\"@id\":\"https:\\\/\\\/www.sensorialsunsets.com\\\/fr\\\/defile-des-lanternes-une-annee-de-plus-pour-lindependance-et-son-symbolisme\\\/\",\"url\":\"https:\\\/\\\/www.sensorialsunsets.com\\\/fr\\\/defile-des-lanternes-une-annee-de-plus-pour-lindependance-et-son-symbolisme\\\/\",\"name\":\"D\u00e9fil\u00e9 des lanternes : une ann\u00e9e de plus pour l'ind\u00e9pendance et son symbolisme - SensorialSunsets\",\"isPartOf\":{\"@id\":\"https:\\\/\\\/www.sensorialsunsets.com\\\/fr\\\/#website\"},\"primaryImageOfPage\":{\"@id\":\"https:\\\/\\\/www.sensorialsunsets.com\\\/fr\\\/defile-des-lanternes-une-annee-de-plus-pour-lindependance-et-son-symbolisme\\\/#primaryimage\"},\"image\":{\"@id\":\"https:\\\/\\\/www.sensorialsunsets.com\\\/fr\\\/defile-des-lanternes-une-annee-de-plus-pour-lindependance-et-son-symbolisme\\\/#primaryimage\"},\"thumbnailUrl\":\"https:\\\/\\\/www.sensorialsunsets.com\\\/wp-content\\\/uploads\\\/2023\\\/09\\\/desfile-de-faroles.jpg\",\"datePublished\":\"2023-09-12T14:44:10+00:00\",\"dateModified\":\"2023-09-12T15:27:23+00:00\",\"description\":\"Le Costa Rica f\u00eate son ind\u00e9pendance. D\u00e9couvrez l'histoire de l'une des traditions les plus embl\u00e9matiques : le d\u00e9fil\u00e9 des lanternes.\",\"inLanguage\":\"fr-FR\",\"potentialAction\":[{\"@type\":\"ReadAction\",\"target\":[\"https:\\\/\\\/www.sensorialsunsets.com\\\/fr\\\/defile-des-lanternes-une-annee-de-plus-pour-lindependance-et-son-symbolisme\\\/\"]}]},{\"@type\":\"ImageObject\",\"inLanguage\":\"fr-FR\",\"@id\":\"https:\\\/\\\/www.sensorialsunsets.com\\\/fr\\\/defile-des-lanternes-une-annee-de-plus-pour-lindependance-et-son-symbolisme\\\/#primaryimage\",\"url\":\"https:\\\/\\\/www.sensorialsunsets.com\\\/wp-content\\\/uploads\\\/2023\\\/09\\\/desfile-de-faroles.jpg\",\"contentUrl\":\"https:\\\/\\\/www.sensorialsunsets.com\\\/wp-content\\\/uploads\\\/2023\\\/09\\\/desfile-de-faroles.jpg\",\"width\":960,\"height\":540,\"caption\":\"Costa Rica celebra un a\u00f1o m\u00e1s de independencia, conozca la historia de una de las tradiciones m\u00e1s ic\u00f3nicas de este evento: el desfile de faroles.\"},{\"@type\":\"WebSite\",\"@id\":\"https:\\\/\\\/www.sensorialsunsets.com\\\/fr\\\/#website\",\"url\":\"https:\\\/\\\/www.sensorialsunsets.com\\\/fr\\\/\",\"name\":\"SensorialSunsets.com\",\"description\":\"D\u00e9couvrez la culture et la soci\u00e9t\u00e9 du Costa Rica sur notre blog. Explorez des articles captivants et partagez le contenu.\",\"publisher\":{\"@id\":\"https:\\\/\\\/www.sensorialsunsets.com\\\/fr\\\/#organization\"},\"alternateName\":\"Costa Rica Live Blog\",\"potentialAction\":[{\"@type\":\"SearchAction\",\"target\":{\"@type\":\"EntryPoint\",\"urlTemplate\":\"https:\\\/\\\/www.sensorialsunsets.com\\\/fr\\\/?s={search_term_string}\"},\"query-input\":{\"@type\":\"PropertyValueSpecification\",\"valueRequired\":true,\"valueName\":\"search_term_string\"}}],\"inLanguage\":\"fr-FR\"},{\"@type\":\"Organization\",\"@id\":\"https:\\\/\\\/www.sensorialsunsets.com\\\/fr\\\/#organization\",\"name\":\"SensorialSunsets\",\"url\":\"https:\\\/\\\/www.sensorialsunsets.com\\\/fr\\\/\",\"logo\":{\"@type\":\"ImageObject\",\"inLanguage\":\"fr-FR\",\"@id\":\"https:\\\/\\\/www.sensorialsunsets.com\\\/fr\\\/#\\\/schema\\\/logo\\\/image\\\/\",\"url\":\"https:\\\/\\\/www.sensorialsunsets.com\\\/wp-content\\\/uploads\\\/2023\\\/04\\\/Logo_base_line_fond_clair.svg\",\"contentUrl\":\"https:\\\/\\\/www.sensorialsunsets.com\\\/wp-content\\\/uploads\\\/2023\\\/04\\\/Logo_base_line_fond_clair.svg\",\"width\":\"1024\",\"height\":\"1024\",\"caption\":\"SensorialSunsets\"},\"image\":{\"@id\":\"https:\\\/\\\/www.sensorialsunsets.com\\\/fr\\\/#\\\/schema\\\/logo\\\/image\\\/\"},\"sameAs\":[\"https:\\\/\\\/www.facebook.com\\\/Sensorial-Sunsets-109180614715562\",\"https:\\\/\\\/www.instagram.com\\\/sensorialsunsets\\\/\"]},{\"@type\":\"Person\",\"@id\":\"https:\\\/\\\/www.sensorialsunsets.com\\\/fr\\\/#\\\/schema\\\/person\\\/77e2fa594135aa94024c47e281d8a94d\",\"name\":\"Sensorial Sunsets\",\"image\":{\"@type\":\"ImageObject\",\"inLanguage\":\"fr-FR\",\"@id\":\"https:\\\/\\\/secure.gravatar.com\\\/avatar\\\/5f2d62681b1dad94c28f1500d4fc75582acdfd32b55fd1acce0a36a3c487eabe?s=96&d=mm&r=g\",\"url\":\"https:\\\/\\\/secure.gravatar.com\\\/avatar\\\/5f2d62681b1dad94c28f1500d4fc75582acdfd32b55fd1acce0a36a3c487eabe?s=96&d=mm&r=g\",\"contentUrl\":\"https:\\\/\\\/secure.gravatar.com\\\/avatar\\\/5f2d62681b1dad94c28f1500d4fc75582acdfd32b55fd1acce0a36a3c487eabe?s=96&d=mm&r=g\",\"caption\":\"Sensorial Sunsets\"},\"url\":\"https:\\\/\\\/www.sensorialsunsets.com\\\/fr\\\/author\\\/asistentes-sensorial-sunsets\\\/\"}]}<\/script>\n<!-- \/ Yoast SEO plugin. -->","yoast_head_json":{"title":"D\u00e9fil\u00e9 des lanternes : une ann\u00e9e de plus pour l'ind\u00e9pendance et son symbolisme - SensorialSunsets","description":"Le Costa Rica f\u00eate son ind\u00e9pendance. D\u00e9couvrez l'histoire de l'une des traditions les plus embl\u00e9matiques : le d\u00e9fil\u00e9 des lanternes.","robots":{"index":"index","follow":"follow","max-snippet":"max-snippet:-1","max-image-preview":"max-image-preview:large","max-video-preview":"max-video-preview:-1"},"canonical":"https:\/\/www.sensorialsunsets.com\/fr\/defile-des-lanternes-une-annee-de-plus-pour-lindependance-et-son-symbolisme\/","og_locale":"fr_FR","og_type":"article","og_title":"D\u00e9fil\u00e9 des lanternes : une ann\u00e9e de plus pour l'ind\u00e9pendance et son symbolisme - SensorialSunsets","og_description":"Le Costa Rica f\u00eate son ind\u00e9pendance. D\u00e9couvrez l'histoire de l'une des traditions les plus embl\u00e9matiques : le d\u00e9fil\u00e9 des lanternes.","og_url":"https:\/\/www.sensorialsunsets.com\/fr\/defile-des-lanternes-une-annee-de-plus-pour-lindependance-et-son-symbolisme\/","og_site_name":"SensorialSunsets","article_publisher":"https:\/\/www.facebook.com\/Sensorial-Sunsets-109180614715562","article_published_time":"2023-09-12T14:44:10+00:00","article_modified_time":"2023-09-12T15:27:23+00:00","og_image":[{"width":960,"height":540,"url":"https:\/\/www.sensorialsunsets.com\/wp-content\/uploads\/2023\/09\/desfile-de-faroles.jpg","type":"image\/jpeg"}],"author":"Sensorial Sunsets","twitter_card":"summary_large_image","twitter_misc":{"\u00c9crit par":"Sensorial Sunsets","Dur\u00e9e de lecture estim\u00e9e":"3 minutes"},"schema":{"@context":"https:\/\/schema.org","@graph":[{"@type":"Article","@id":"https:\/\/www.sensorialsunsets.com\/fr\/defile-des-lanternes-une-annee-de-plus-pour-lindependance-et-son-symbolisme\/#article","isPartOf":{"@id":"https:\/\/www.sensorialsunsets.com\/fr\/defile-des-lanternes-une-annee-de-plus-pour-lindependance-et-son-symbolisme\/"},"author":{"name":"Sensorial Sunsets","@id":"https:\/\/www.sensorialsunsets.com\/fr\/#\/schema\/person\/77e2fa594135aa94024c47e281d8a94d"},"headline":"D\u00e9fil\u00e9 des lanternes : une ann\u00e9e de plus pour l&rsquo;ind\u00e9pendance et son symbolisme","datePublished":"2023-09-12T14:44:10+00:00","dateModified":"2023-09-12T15:27:23+00:00","mainEntityOfPage":{"@id":"https:\/\/www.sensorialsunsets.com\/fr\/defile-des-lanternes-une-annee-de-plus-pour-lindependance-et-son-symbolisme\/"},"wordCount":760,"publisher":{"@id":"https:\/\/www.sensorialsunsets.com\/fr\/#organization"},"image":{"@id":"https:\/\/www.sensorialsunsets.com\/fr\/defile-des-lanternes-une-annee-de-plus-pour-lindependance-et-son-symbolisme\/#primaryimage"},"thumbnailUrl":"https:\/\/www.sensorialsunsets.com\/wp-content\/uploads\/2023\/09\/desfile-de-faroles.jpg","articleSection":["Culture"],"inLanguage":"fr-FR"},{"@type":"WebPage","@id":"https:\/\/www.sensorialsunsets.com\/fr\/defile-des-lanternes-une-annee-de-plus-pour-lindependance-et-son-symbolisme\/","url":"https:\/\/www.sensorialsunsets.com\/fr\/defile-des-lanternes-une-annee-de-plus-pour-lindependance-et-son-symbolisme\/","name":"D\u00e9fil\u00e9 des lanternes : une ann\u00e9e de plus pour l'ind\u00e9pendance et son symbolisme - SensorialSunsets","isPartOf":{"@id":"https:\/\/www.sensorialsunsets.com\/fr\/#website"},"primaryImageOfPage":{"@id":"https:\/\/www.sensorialsunsets.com\/fr\/defile-des-lanternes-une-annee-de-plus-pour-lindependance-et-son-symbolisme\/#primaryimage"},"image":{"@id":"https:\/\/www.sensorialsunsets.com\/fr\/defile-des-lanternes-une-annee-de-plus-pour-lindependance-et-son-symbolisme\/#primaryimage"},"thumbnailUrl":"https:\/\/www.sensorialsunsets.com\/wp-content\/uploads\/2023\/09\/desfile-de-faroles.jpg","datePublished":"2023-09-12T14:44:10+00:00","dateModified":"2023-09-12T15:27:23+00:00","description":"Le Costa Rica f\u00eate son ind\u00e9pendance. D\u00e9couvrez l'histoire de l'une des traditions les plus embl\u00e9matiques : le d\u00e9fil\u00e9 des lanternes.","inLanguage":"fr-FR","potentialAction":[{"@type":"ReadAction","target":["https:\/\/www.sensorialsunsets.com\/fr\/defile-des-lanternes-une-annee-de-plus-pour-lindependance-et-son-symbolisme\/"]}]},{"@type":"ImageObject","inLanguage":"fr-FR","@id":"https:\/\/www.sensorialsunsets.com\/fr\/defile-des-lanternes-une-annee-de-plus-pour-lindependance-et-son-symbolisme\/#primaryimage","url":"https:\/\/www.sensorialsunsets.com\/wp-content\/uploads\/2023\/09\/desfile-de-faroles.jpg","contentUrl":"https:\/\/www.sensorialsunsets.com\/wp-content\/uploads\/2023\/09\/desfile-de-faroles.jpg","width":960,"height":540,"caption":"Costa Rica celebra un a\u00f1o m\u00e1s de independencia, conozca la historia de una de las tradiciones m\u00e1s ic\u00f3nicas de este evento: el desfile de faroles."},{"@type":"WebSite","@id":"https:\/\/www.sensorialsunsets.com\/fr\/#website","url":"https:\/\/www.sensorialsunsets.com\/fr\/","name":"SensorialSunsets.com","description":"D\u00e9couvrez la culture et la soci\u00e9t\u00e9 du Costa Rica sur notre blog. Explorez des articles captivants et partagez le contenu.","publisher":{"@id":"https:\/\/www.sensorialsunsets.com\/fr\/#organization"},"alternateName":"Costa Rica Live Blog","potentialAction":[{"@type":"SearchAction","target":{"@type":"EntryPoint","urlTemplate":"https:\/\/www.sensorialsunsets.com\/fr\/?s={search_term_string}"},"query-input":{"@type":"PropertyValueSpecification","valueRequired":true,"valueName":"search_term_string"}}],"inLanguage":"fr-FR"},{"@type":"Organization","@id":"https:\/\/www.sensorialsunsets.com\/fr\/#organization","name":"SensorialSunsets","url":"https:\/\/www.sensorialsunsets.com\/fr\/","logo":{"@type":"ImageObject","inLanguage":"fr-FR","@id":"https:\/\/www.sensorialsunsets.com\/fr\/#\/schema\/logo\/image\/","url":"https:\/\/www.sensorialsunsets.com\/wp-content\/uploads\/2023\/04\/Logo_base_line_fond_clair.svg","contentUrl":"https:\/\/www.sensorialsunsets.com\/wp-content\/uploads\/2023\/04\/Logo_base_line_fond_clair.svg","width":"1024","height":"1024","caption":"SensorialSunsets"},"image":{"@id":"https:\/\/www.sensorialsunsets.com\/fr\/#\/schema\/logo\/image\/"},"sameAs":["https:\/\/www.facebook.com\/Sensorial-Sunsets-109180614715562","https:\/\/www.instagram.com\/sensorialsunsets\/"]},{"@type":"Person","@id":"https:\/\/www.sensorialsunsets.com\/fr\/#\/schema\/person\/77e2fa594135aa94024c47e281d8a94d","name":"Sensorial Sunsets","image":{"@type":"ImageObject","inLanguage":"fr-FR","@id":"https:\/\/secure.gravatar.com\/avatar\/5f2d62681b1dad94c28f1500d4fc75582acdfd32b55fd1acce0a36a3c487eabe?s=96&d=mm&r=g","url":"https:\/\/secure.gravatar.com\/avatar\/5f2d62681b1dad94c28f1500d4fc75582acdfd32b55fd1acce0a36a3c487eabe?s=96&d=mm&r=g","contentUrl":"https:\/\/secure.gravatar.com\/avatar\/5f2d62681b1dad94c28f1500d4fc75582acdfd32b55fd1acce0a36a3c487eabe?s=96&d=mm&r=g","caption":"Sensorial Sunsets"},"url":"https:\/\/www.sensorialsunsets.com\/fr\/author\/asistentes-sensorial-sunsets\/"}]}},"_links":{"self":[{"href":"https:\/\/www.sensorialsunsets.com\/fr\/wp-json\/wp\/v2\/posts\/10324","targetHints":{"allow":["GET"]}}],"collection":[{"href":"https:\/\/www.sensorialsunsets.com\/fr\/wp-json\/wp\/v2\/posts"}],"about":[{"href":"https:\/\/www.sensorialsunsets.com\/fr\/wp-json\/wp\/v2\/types\/post"}],"author":[{"embeddable":true,"href":"https:\/\/www.sensorialsunsets.com\/fr\/wp-json\/wp\/v2\/users\/4"}],"replies":[{"embeddable":true,"href":"https:\/\/www.sensorialsunsets.com\/fr\/wp-json\/wp\/v2\/comments?post=10324"}],"version-history":[{"count":0,"href":"https:\/\/www.sensorialsunsets.com\/fr\/wp-json\/wp\/v2\/posts\/10324\/revisions"}],"wp:featuredmedia":[{"embeddable":true,"href":"https:\/\/www.sensorialsunsets.com\/fr\/wp-json\/wp\/v2\/media\/10241"}],"wp:attachment":[{"href":"https:\/\/www.sensorialsunsets.com\/fr\/wp-json\/wp\/v2\/media?parent=10324"}],"wp:term":[{"taxonomy":"category","embeddable":true,"href":"https:\/\/www.sensorialsunsets.com\/fr\/wp-json\/wp\/v2\/categories?post=10324"},{"taxonomy":"post_tag","embeddable":true,"href":"https:\/\/www.sensorialsunsets.com\/fr\/wp-json\/wp\/v2\/tags?post=10324"}],"curies":[{"name":"wp","href":"https:\/\/api.w.org\/{rel}","templated":true}]}}