{"id":10426,"date":"2023-09-13T13:39:35","date_gmt":"2023-09-13T19:39:35","guid":{"rendered":"https:\/\/www.sensorialsunsets.com\/?p=10426"},"modified":"2023-09-13T13:39:36","modified_gmt":"2023-09-13T19:39:36","slug":"en-quete-didentite-le-costa-rica-apres-lindependance","status":"publish","type":"post","link":"https:\/\/www.sensorialsunsets.com\/fr\/en-quete-didentite-le-costa-rica-apres-lindependance\/","title":{"rendered":"En qu\u00eate d&rsquo;identit\u00e9 : le Costa Rica apr\u00e8s l&rsquo;ind\u00e9pendance"},"content":{"rendered":"\n<p><em>Dans cet article, nous vous pr\u00e9sentons les \u00e9v\u00e9nements importants qui ont eu lieu au Costa Rica apr\u00e8s l&rsquo;ind\u00e9pendance et qui ont donn\u00e9 naissance \u00e0 l&rsquo;\u00c9tat costaricien.<\/em><\/p>\n\n\n\n<hr class=\"wp-block-separator has-text-color has-alpha-channel-opacity has-background is-style-dots\" style=\"background-color:#004f5e;color:#004f5e\"\/>\n\n\n\n<p><\/p>\n\n\n\n<p><\/p>\n\n\n\n<p>Apr\u00e8s <a href=\"https:\/\/www.sensorialsunsets.com\/fr\/independance-du-costa-rica-controverses\/\">l&rsquo;ind\u00e9pendance<\/a>, le Costa Rica s&rsquo;est trouv\u00e9 dans une phase de transition, au cours de laquelle il a d\u00fb trouver sa propre identit\u00e9 et sa propre culture. <\/p>\n\n\n\n<p>C&rsquo;est ainsi que se sont produits certains \u00e9v\u00e9nements importants qui ont progressivement construit le Costa Rica d&rsquo;aujourd&rsquo;hui. <\/p>\n\n\n\n<h3 class=\"wp-block-heading\">Pacte de Concorde (1821)<\/h3>\n\n\n<div class=\"wp-block-image\">\n<figure class=\"alignright size-full is-resized\"><img loading=\"lazy\" decoding=\"async\" src=\"https:\/\/www.sensorialsunsets.com\/wp-content\/uploads\/2023\/09\/Pacto_de_Concordia.png\" alt=\"Dans cet article, nous vous pr\u00e9sentons les \u00e9v\u00e9nements importants qui ont suivi l'Ind\u00e9pendance et qui ont donn\u00e9 naissance \u00e0 l'\u00c9tat costaricien. \" class=\"wp-image-10351\" style=\"width:270px;height:270px\" width=\"270\" height=\"270\" srcset=\"https:\/\/www.sensorialsunsets.com\/wp-content\/uploads\/2023\/09\/Pacto_de_Concordia.png 750w, https:\/\/www.sensorialsunsets.com\/wp-content\/uploads\/2023\/09\/Pacto_de_Concordia-300x300.png 300w, https:\/\/www.sensorialsunsets.com\/wp-content\/uploads\/2023\/09\/Pacto_de_Concordia-150x150.png 150w, https:\/\/www.sensorialsunsets.com\/wp-content\/uploads\/2023\/09\/Pacto_de_Concordia-50x50.png 50w, https:\/\/www.sensorialsunsets.com\/wp-content\/uploads\/2023\/09\/Pacto_de_Concordia-117x117.png 117w\" sizes=\"auto, (max-width: 270px) 100vw, 270px\" \/><figcaption class=\"wp-element-caption\">Pacte de Concorde<\/figcaption><\/figure>\n<\/div>\n\n\n<p>Le Pacte de Concorde a \u00e9t\u00e9 la premi\u00e8re constitution provisoire du Costa Rica et a \u00e9t\u00e9 en vigueur de 1821 \u00e0 1823. <\/p>\n\n\n\n<p>Il s&rsquo;agit du Pacte social fondamental int\u00e9rimaire du Costa Rica de la province du Costa Rica. En effet, il a \u00e9t\u00e9 publi\u00e9 en d\u00e9cembre 1821 afin de prendre une orientation post-ind\u00e9pendance.<\/p>\n\n\n\n<p>Comment les \u00e9v\u00e9nements se sont-ils d\u00e9roul\u00e9s ? En octobre 1821, le conseil municipal de Cartago invite le reste de la population de la province du Costa Rica \u00e0 la Junta de Legado de los Pueblos. Le chef subalterne Juan Manuel de Ca\u00f1as d\u00e9missionne et le gouvernement passe aux mains de la Junte. Quelque temps plus tard, il a \u00e9t\u00e9 convenu de nommer une commission de sept membres charg\u00e9e d&rsquo;\u00e9laborer un plan de gouvernement provisoire. <\/p>\n\n\n\n<p>Ce n&rsquo;est que le 1er d\u00e9cembre que le document a \u00e9t\u00e9 pr\u00e9sent\u00e9 au Conseil et qu&rsquo;il a \u00e9t\u00e9 discut\u00e9, amend\u00e9 et approuv\u00e9 le m\u00eame jour. <\/p>\n\n\n\n<p>Dans son contenu, les id\u00e9es qui ont \u00e9merg\u00e9 apr\u00e8s l&rsquo;ind\u00e9pendance ont \u00e9t\u00e9 mises en \u00e9vidence, et il a \u00e9t\u00e9 question d&rsquo;un Costa Rica libre, de la libert\u00e9 civile, de la religion catholique en tant que religion du pays, de la Junte en tant que gouvernement provisoire, du syst\u00e8me d&rsquo;\u00e9lection provisoire et des restrictions du gouvernement. <\/p>\n\n\n\n<h3 class=\"wp-block-heading\">Guerre d&rsquo;Ochomogo (1823)<\/h3>\n\n\n\n<figure class=\"wp-block-image size-full\"><img loading=\"lazy\" decoding=\"async\" width=\"984\" height=\"689\" src=\"https:\/\/www.sensorialsunsets.com\/wp-content\/uploads\/2023\/09\/guerra-de-ochomogo.png\" alt=\"\" class=\"wp-image-10414\" srcset=\"https:\/\/www.sensorialsunsets.com\/wp-content\/uploads\/2023\/09\/guerra-de-ochomogo.png 984w, https:\/\/www.sensorialsunsets.com\/wp-content\/uploads\/2023\/09\/guerra-de-ochomogo-300x210.png 300w, https:\/\/www.sensorialsunsets.com\/wp-content\/uploads\/2023\/09\/guerra-de-ochomogo-768x538.png 768w\" sizes=\"auto, (max-width: 984px) 100vw, 984px\" \/><\/figure>\n\n\n\n<p><\/p>\n\n\n\n<p>La guerre d&rsquo;Ochomogo ou guerre civile de 1823 est la premi\u00e8re guerre interne du Costa Rica apr\u00e8s son ind\u00e9pendance de l&rsquo;Espagne. Deux camps s&rsquo;affrontent : les imp\u00e9rialistes, favorables \u00e0 l&rsquo;annexion au premier empire mexicain, et les r\u00e9publicains, fid\u00e8les \u00e0 l&rsquo;ind\u00e9pendance du pays. Les provinces sont divis\u00e9es : San Jos\u00e9 et Alajuela sont r\u00e9publicaines, tandis que Cartago et Heredia sont imp\u00e9rialistes. <\/p>\n\n\n\n<p>La bataille d&rsquo;Ochomogo, la plus importante de cette guerre, s&rsquo;est d\u00e9roul\u00e9e le 5 avril 1823 sur la colline d&rsquo;Ochomogo. <\/p>\n\n\n\n<p>Mais <strong>pourquoi le pays a-t-il \u00e9t\u00e9 divis\u00e9 ?<\/strong> Les raisons sont multiples. L&rsquo;une d&rsquo;entre elles est que les provinces de Cartago et Heredia \u00e9taient agraires et aristocratiques et contr\u00f4l\u00e9es par les oligarques du pays. San Jos\u00e9 et Alajuela \u00e9taient des provinces lib\u00e9rales qui commen\u00e7aient \u00e0 prendre part \u00e0 la r\u00e9volution industrielle ; en outre, lorsque les Europ\u00e9ens sont arriv\u00e9s dans le pays, ils ont apport\u00e9 avec eux les id\u00e9es novatrices des Lumi\u00e8res et de la d\u00e9mocratie lib\u00e9rale. <\/p>\n\n\n\n<p>Une autre cause est la rivalit\u00e9 entre Cartago et San Jos\u00e9. En effet, Cartago \u00e9tait la capitale de la province du Costa Rica, mais en 1784, le gouvernement espagnol a ouvert la Factor\u00eda de Tabacos \u00e0 San Jos\u00e9 pour le monopole du tabac dans cette ville. C&rsquo;est ainsi qu&rsquo;est n\u00e9e la rivalit\u00e9 politique entre les deux provinces. <\/p>\n\n\n\n<p>Par la suite, San Jos\u00e9 est devenu la province du Costa Rica. <\/p>\n\n\n\n<h3 class=\"wp-block-heading\">R\u00e9publique f\u00e9d\u00e9rale d&rsquo;Am\u00e9rique centrale (1824)<\/h3>\n\n\n\n<p>La R\u00e9publique f\u00e9d\u00e9rale d&rsquo;Am\u00e9rique centrale \u00e9tait une nation qui r\u00e9unissait les \u00c9tats du Guatemala, du Nicaragua, du Honduras, du Salvador et du Costa Rica. Elle est issue de l&rsquo;Assembl\u00e9e constituante des provinces unies d&rsquo;Am\u00e9rique centrale, par le biais de la Constitution de la R\u00e9publique f\u00e9d\u00e9rale d&rsquo;Am\u00e9rique centrale de 1824. <\/p>\n\n\n\n<p>Auparavant, l&#8217;empire mexicain avait n\u00e9goci\u00e9 l&rsquo;annexion des provinces d&rsquo;Am\u00e9rique centrale, mais comme aucune n&rsquo;\u00e9tait d&rsquo;accord, le Mexique a occup\u00e9 militairement le territoire du Guatemala et du Salvador. Cependant, \u00e0 la suite d&rsquo;un coup d&rsquo;\u00c9tat, l&#8217;empire s&rsquo;effondre et l&rsquo;Am\u00e9rique centrale proclame son ind\u00e9pendance sous le nom de Provinces unies d&rsquo;Am\u00e9rique centrale. <\/p>\n\n\n<div class=\"wp-block-image\">\n<figure class=\"alignleft size-full is-resized\"><img loading=\"lazy\" decoding=\"async\" src=\"https:\/\/www.sensorialsunsets.com\/wp-content\/uploads\/2023\/09\/Manuel_Jose_Arce.jpg\" alt=\"\" class=\"wp-image-10397\" style=\"width:229px;height:294px\" width=\"229\" height=\"294\"\/><figcaption class=\"wp-element-caption\">Manuel Arce, premier pr\u00e9sident de la R\u00e9publique f\u00e9d\u00e9rale d&rsquo;Am\u00e9rique centrale<\/figcaption><\/figure>\n<\/div>\n\n\n<p>Le premier gouverneur de la R\u00e9publique fut Manuel Arce, qui appartenait au parti lib\u00e9ral. Plus tard, des probl\u00e8mes sont apparus, car Arce a trahi les lib\u00e9raux sous la pression des conservateurs, soutenus par l&rsquo;\u00c9glise et les propri\u00e9taires terriens. Cela a conduit \u00e0 la guerre civile centram\u00e9ricaine (1826-1829), qui s&rsquo;est termin\u00e9e lorsque Francisco Moraz\u00e1n a r\u00e9tabli l&rsquo;ordre. <\/p>\n\n\n\n<p>Au moment de l&rsquo;instauration de la paix, la R\u00e9publique f\u00e9d\u00e9rale centram\u00e9ricaine poss\u00e9dait un territoire strat\u00e9gique avec l&rsquo;oc\u00e9an Pacifique d&rsquo;un c\u00f4t\u00e9 et l&rsquo;Atlantique de l&rsquo;autre. Elle a \u00e9galement mis en place des r\u00e9formes avant l&rsquo;heure, comme l&rsquo;abolition de l&rsquo;esclavage (bien avant celle des \u00c9tats-Unis) et du divorce (qui n&rsquo;\u00e9tait pas du go\u00fbt de l&rsquo;\u00c9glise catholique). <\/p>\n\n\n\n<p>En raison de ces r\u00e9formes et du fait que les pays d&rsquo;Am\u00e9rique centrale sont tr\u00e8s catholiques, une nouvelle guerre civile \u00e9clate contre Moraz\u00e1n. Cette fois, les pays en profitent pour dissoudre la R\u00e9publique, qui dispara\u00eet compl\u00e8tement en 1841. <\/p>\n\n\n\n<h3 class=\"wp-block-heading\">Juan Rafael Mora Fern\u00e1ndez (1824-1833)<\/h3>\n\n\n\n<figure class=\"wp-block-image size-full\"><img loading=\"lazy\" decoding=\"async\" width=\"808\" height=\"480\" src=\"https:\/\/www.sensorialsunsets.com\/wp-content\/uploads\/2023\/09\/Casa_de_la_Moneda_1923_Costa_Rica.jpg\" alt=\"\" class=\"wp-image-10410\" srcset=\"https:\/\/www.sensorialsunsets.com\/wp-content\/uploads\/2023\/09\/Casa_de_la_Moneda_1923_Costa_Rica.jpg 808w, https:\/\/www.sensorialsunsets.com\/wp-content\/uploads\/2023\/09\/Casa_de_la_Moneda_1923_Costa_Rica-300x178.jpg 300w, https:\/\/www.sensorialsunsets.com\/wp-content\/uploads\/2023\/09\/Casa_de_la_Moneda_1923_Costa_Rica-768x456.jpg 768w\" sizes=\"auto, (max-width: 808px) 100vw, 808px\" \/><figcaption class=\"wp-element-caption\">Casa de la Moneda en 1923. L&rsquo;\u0153uvre de Juan Mora Fern\u00e1ndez. <\/figcaption><\/figure>\n\n\n\n<p><\/p>\n\n\n\n<p>La participation du Costa Rica \u00e0 la R\u00e9publique f\u00e9d\u00e9rale d&rsquo;Am\u00e9rique centrale a \u00e9t\u00e9 limit\u00e9e, mais le pays a tir\u00e9 profit de l&rsquo;exp\u00e9rience. <\/p>\n\n\n\n<p>En effet, la R\u00e9publique a servi d&rsquo;\u00e9cole politique, d&rsquo;o\u00f9 sont sortis des hommes comme Braulio Carrillo. Par ailleurs, alors que les autres pays d&rsquo;Am\u00e9rique centrale se pr\u00e9occupaient du sort de la R\u00e9publique, le Costa Rica s&rsquo;en est s\u00e9par\u00e9. Cela lui a permis de consolider sa propre \u00e9conomie du caf\u00e9, qui a ciment\u00e9 l&rsquo;\u00c9tat national et cr\u00e9\u00e9 des objectifs qui ont donn\u00e9 naissance \u00e0 la nationalit\u00e9 costaricienne. <\/p>\n\n\n\n<p>Cela dit, <a href=\"https:\/\/www.museocostarica.go.cr\/\">Juan Rafael Mora Fern\u00e1ndez<\/a> a \u00e9t\u00e9 \u00e9lu premier chef d&rsquo;\u00c9tat et a assum\u00e9 cette t\u00e2che en septembre 1824. Sous son mandat, la loi fondamentale de l&rsquo;\u00c9tat libre du Costa Rica a \u00e9t\u00e9 publi\u00e9e, les premi\u00e8res armoiries du pays et les premi\u00e8res ordonnances municipales ont \u00e9t\u00e9 \u00e9tablies. Il convient de mentionner qu&rsquo;il s&rsquo;agissait d&rsquo;une p\u00e9riode de paix et de prosp\u00e9rit\u00e9.<\/p>\n\n\n\n<p>Ce sont ces \u00e9v\u00e9nements qui ont commenc\u00e9 \u00e0 fa\u00e7onner le Costa Rica que nous connaissons aujourd&rsquo;hui. <\/p>\n\n\n\n<p><strong>Sensorial Sunsets<\/strong><\/p>\n","protected":false},"excerpt":{"rendered":"<p>Dans cet article, nous vous pr\u00e9sentons les \u00e9v\u00e9nements importants qui ont eu lieu au Costa Rica apr\u00e8s l&rsquo;ind\u00e9pendance et qui ont donn\u00e9 naissance \u00e0 l&rsquo;\u00c9tat costaricien. Apr\u00e8s l&rsquo;ind\u00e9pendance, le Costa Rica s&rsquo;est trouv\u00e9 dans une phase de transition, au cours de laquelle il a d\u00fb trouver sa propre identit\u00e9 et sa propre culture. C&rsquo;est ainsi [&hellip;]<\/p>\n","protected":false},"author":4,"featured_media":10343,"comment_status":"closed","ping_status":"closed","sticky":false,"template":"","format":"standard","meta":{"_acf_changed":false,"inline_featured_image":false,"_monsterinsights_skip_tracking":false,"_monsterinsights_sitenote_active":false,"_monsterinsights_sitenote_note":"","_monsterinsights_sitenote_category":0,"footnotes":""},"categories":[120],"tags":[],"class_list":["post-10426","post","type-post","status-publish","format-standard","has-post-thumbnail","hentry","category-histoire"],"acf":[],"yoast_head":"<!-- This site is optimized with the Yoast SEO plugin v27.4 - https:\/\/yoast.com\/product\/yoast-seo-wordpress\/ -->\n<title>En qu\u00eate d&#039;identit\u00e9 : le Costa Rica apr\u00e8s l&#039;ind\u00e9pendance - SensorialSunsets<\/title>\n<meta name=\"description\" content=\"Dans cet article, nous vous pr\u00e9sentons les \u00e9v\u00e9nements importants qui ont suivi l&#039;Ind\u00e9pendance et qui ont donn\u00e9 naissance \u00e0 l&#039;\u00c9tat du Costa Rica.\" \/>\n<meta name=\"robots\" content=\"index, follow, max-snippet:-1, max-image-preview:large, max-video-preview:-1\" \/>\n<link rel=\"canonical\" href=\"https:\/\/www.sensorialsunsets.com\/fr\/en-quete-didentite-le-costa-rica-apres-lindependance\/\" \/>\n<meta property=\"og:locale\" content=\"fr_FR\" \/>\n<meta property=\"og:type\" content=\"article\" \/>\n<meta property=\"og:title\" content=\"En qu\u00eate d&#039;identit\u00e9 : le Costa Rica apr\u00e8s l&#039;ind\u00e9pendance - SensorialSunsets\" \/>\n<meta property=\"og:description\" content=\"Dans cet article, nous vous pr\u00e9sentons les \u00e9v\u00e9nements importants qui ont suivi l&#039;Ind\u00e9pendance et qui ont donn\u00e9 naissance \u00e0 l&#039;\u00c9tat du Costa Rica.\" \/>\n<meta property=\"og:url\" content=\"https:\/\/www.sensorialsunsets.com\/fr\/en-quete-didentite-le-costa-rica-apres-lindependance\/\" \/>\n<meta property=\"og:site_name\" content=\"SensorialSunsets\" \/>\n<meta property=\"article:publisher\" content=\"https:\/\/www.facebook.com\/Sensorial-Sunsets-109180614715562\" \/>\n<meta property=\"article:published_time\" content=\"2023-09-13T19:39:35+00:00\" \/>\n<meta property=\"article:modified_time\" content=\"2023-09-13T19:39:36+00:00\" \/>\n<meta property=\"og:image\" content=\"https:\/\/www.sensorialsunsets.com\/wp-content\/uploads\/2023\/09\/costa-rica-antigua.jpg\" \/>\n\t<meta property=\"og:image:width\" content=\"1846\" \/>\n\t<meta property=\"og:image:height\" content=\"1222\" \/>\n\t<meta property=\"og:image:type\" content=\"image\/jpeg\" \/>\n<meta name=\"author\" content=\"Sensorial Sunsets\" \/>\n<meta name=\"twitter:card\" content=\"summary_large_image\" \/>\n<meta name=\"twitter:label1\" content=\"\u00c9crit par\" \/>\n\t<meta name=\"twitter:data1\" content=\"Sensorial Sunsets\" \/>\n\t<meta name=\"twitter:label2\" content=\"Dur\u00e9e de lecture estim\u00e9e\" \/>\n\t<meta name=\"twitter:data2\" content=\"5 minutes\" \/>\n<script type=\"application\/ld+json\" class=\"yoast-schema-graph\">{\"@context\":\"https:\\\/\\\/schema.org\",\"@graph\":[{\"@type\":\"Article\",\"@id\":\"https:\\\/\\\/www.sensorialsunsets.com\\\/fr\\\/en-quete-didentite-le-costa-rica-apres-lindependance\\\/#article\",\"isPartOf\":{\"@id\":\"https:\\\/\\\/www.sensorialsunsets.com\\\/fr\\\/en-quete-didentite-le-costa-rica-apres-lindependance\\\/\"},\"author\":{\"name\":\"Sensorial Sunsets\",\"@id\":\"https:\\\/\\\/www.sensorialsunsets.com\\\/fr\\\/#\\\/schema\\\/person\\\/77e2fa594135aa94024c47e281d8a94d\"},\"headline\":\"En qu\u00eate d&rsquo;identit\u00e9 : le Costa Rica apr\u00e8s l&rsquo;ind\u00e9pendance\",\"datePublished\":\"2023-09-13T19:39:35+00:00\",\"dateModified\":\"2023-09-13T19:39:36+00:00\",\"mainEntityOfPage\":{\"@id\":\"https:\\\/\\\/www.sensorialsunsets.com\\\/fr\\\/en-quete-didentite-le-costa-rica-apres-lindependance\\\/\"},\"wordCount\":1131,\"publisher\":{\"@id\":\"https:\\\/\\\/www.sensorialsunsets.com\\\/fr\\\/#organization\"},\"image\":{\"@id\":\"https:\\\/\\\/www.sensorialsunsets.com\\\/fr\\\/en-quete-didentite-le-costa-rica-apres-lindependance\\\/#primaryimage\"},\"thumbnailUrl\":\"https:\\\/\\\/www.sensorialsunsets.com\\\/wp-content\\\/uploads\\\/2023\\\/09\\\/costa-rica-antigua.jpg\",\"articleSection\":[\"Histoire\"],\"inLanguage\":\"fr-FR\"},{\"@type\":\"WebPage\",\"@id\":\"https:\\\/\\\/www.sensorialsunsets.com\\\/fr\\\/en-quete-didentite-le-costa-rica-apres-lindependance\\\/\",\"url\":\"https:\\\/\\\/www.sensorialsunsets.com\\\/fr\\\/en-quete-didentite-le-costa-rica-apres-lindependance\\\/\",\"name\":\"En qu\u00eate d'identit\u00e9 : le Costa Rica apr\u00e8s l'ind\u00e9pendance - SensorialSunsets\",\"isPartOf\":{\"@id\":\"https:\\\/\\\/www.sensorialsunsets.com\\\/fr\\\/#website\"},\"primaryImageOfPage\":{\"@id\":\"https:\\\/\\\/www.sensorialsunsets.com\\\/fr\\\/en-quete-didentite-le-costa-rica-apres-lindependance\\\/#primaryimage\"},\"image\":{\"@id\":\"https:\\\/\\\/www.sensorialsunsets.com\\\/fr\\\/en-quete-didentite-le-costa-rica-apres-lindependance\\\/#primaryimage\"},\"thumbnailUrl\":\"https:\\\/\\\/www.sensorialsunsets.com\\\/wp-content\\\/uploads\\\/2023\\\/09\\\/costa-rica-antigua.jpg\",\"datePublished\":\"2023-09-13T19:39:35+00:00\",\"dateModified\":\"2023-09-13T19:39:36+00:00\",\"description\":\"Dans cet article, nous vous pr\u00e9sentons les \u00e9v\u00e9nements importants qui ont suivi l'Ind\u00e9pendance et qui ont donn\u00e9 naissance \u00e0 l'\u00c9tat du Costa Rica.\",\"inLanguage\":\"fr-FR\",\"potentialAction\":[{\"@type\":\"ReadAction\",\"target\":[\"https:\\\/\\\/www.sensorialsunsets.com\\\/fr\\\/en-quete-didentite-le-costa-rica-apres-lindependance\\\/\"]}]},{\"@type\":\"ImageObject\",\"inLanguage\":\"fr-FR\",\"@id\":\"https:\\\/\\\/www.sensorialsunsets.com\\\/fr\\\/en-quete-didentite-le-costa-rica-apres-lindependance\\\/#primaryimage\",\"url\":\"https:\\\/\\\/www.sensorialsunsets.com\\\/wp-content\\\/uploads\\\/2023\\\/09\\\/costa-rica-antigua.jpg\",\"contentUrl\":\"https:\\\/\\\/www.sensorialsunsets.com\\\/wp-content\\\/uploads\\\/2023\\\/09\\\/costa-rica-antigua.jpg\",\"width\":1846,\"height\":1222,\"caption\":\"En este es contamos los acontecimientos importantes despu\u00e9s de la Independencia y que dieron luz al Estado costarricense.\"},{\"@type\":\"WebSite\",\"@id\":\"https:\\\/\\\/www.sensorialsunsets.com\\\/fr\\\/#website\",\"url\":\"https:\\\/\\\/www.sensorialsunsets.com\\\/fr\\\/\",\"name\":\"SensorialSunsets.com\",\"description\":\"D\u00e9couvrez la culture et la soci\u00e9t\u00e9 du Costa Rica sur notre blog. Explorez des articles captivants et partagez le contenu.\",\"publisher\":{\"@id\":\"https:\\\/\\\/www.sensorialsunsets.com\\\/fr\\\/#organization\"},\"alternateName\":\"Costa Rica Live Blog\",\"potentialAction\":[{\"@type\":\"SearchAction\",\"target\":{\"@type\":\"EntryPoint\",\"urlTemplate\":\"https:\\\/\\\/www.sensorialsunsets.com\\\/fr\\\/?s={search_term_string}\"},\"query-input\":{\"@type\":\"PropertyValueSpecification\",\"valueRequired\":true,\"valueName\":\"search_term_string\"}}],\"inLanguage\":\"fr-FR\"},{\"@type\":\"Organization\",\"@id\":\"https:\\\/\\\/www.sensorialsunsets.com\\\/fr\\\/#organization\",\"name\":\"SensorialSunsets\",\"url\":\"https:\\\/\\\/www.sensorialsunsets.com\\\/fr\\\/\",\"logo\":{\"@type\":\"ImageObject\",\"inLanguage\":\"fr-FR\",\"@id\":\"https:\\\/\\\/www.sensorialsunsets.com\\\/fr\\\/#\\\/schema\\\/logo\\\/image\\\/\",\"url\":\"https:\\\/\\\/www.sensorialsunsets.com\\\/wp-content\\\/uploads\\\/2023\\\/04\\\/Logo_base_line_fond_clair.svg\",\"contentUrl\":\"https:\\\/\\\/www.sensorialsunsets.com\\\/wp-content\\\/uploads\\\/2023\\\/04\\\/Logo_base_line_fond_clair.svg\",\"width\":\"1024\",\"height\":\"1024\",\"caption\":\"SensorialSunsets\"},\"image\":{\"@id\":\"https:\\\/\\\/www.sensorialsunsets.com\\\/fr\\\/#\\\/schema\\\/logo\\\/image\\\/\"},\"sameAs\":[\"https:\\\/\\\/www.facebook.com\\\/Sensorial-Sunsets-109180614715562\",\"https:\\\/\\\/www.instagram.com\\\/sensorialsunsets\\\/\"]},{\"@type\":\"Person\",\"@id\":\"https:\\\/\\\/www.sensorialsunsets.com\\\/fr\\\/#\\\/schema\\\/person\\\/77e2fa594135aa94024c47e281d8a94d\",\"name\":\"Sensorial Sunsets\",\"image\":{\"@type\":\"ImageObject\",\"inLanguage\":\"fr-FR\",\"@id\":\"https:\\\/\\\/secure.gravatar.com\\\/avatar\\\/5f2d62681b1dad94c28f1500d4fc75582acdfd32b55fd1acce0a36a3c487eabe?s=96&d=mm&r=g\",\"url\":\"https:\\\/\\\/secure.gravatar.com\\\/avatar\\\/5f2d62681b1dad94c28f1500d4fc75582acdfd32b55fd1acce0a36a3c487eabe?s=96&d=mm&r=g\",\"contentUrl\":\"https:\\\/\\\/secure.gravatar.com\\\/avatar\\\/5f2d62681b1dad94c28f1500d4fc75582acdfd32b55fd1acce0a36a3c487eabe?s=96&d=mm&r=g\",\"caption\":\"Sensorial Sunsets\"},\"url\":\"https:\\\/\\\/www.sensorialsunsets.com\\\/fr\\\/author\\\/asistentes-sensorial-sunsets\\\/\"}]}<\/script>\n<!-- \/ Yoast SEO plugin. -->","yoast_head_json":{"title":"En qu\u00eate d'identit\u00e9 : le Costa Rica apr\u00e8s l'ind\u00e9pendance - SensorialSunsets","description":"Dans cet article, nous vous pr\u00e9sentons les \u00e9v\u00e9nements importants qui ont suivi l'Ind\u00e9pendance et qui ont donn\u00e9 naissance \u00e0 l'\u00c9tat du Costa Rica.","robots":{"index":"index","follow":"follow","max-snippet":"max-snippet:-1","max-image-preview":"max-image-preview:large","max-video-preview":"max-video-preview:-1"},"canonical":"https:\/\/www.sensorialsunsets.com\/fr\/en-quete-didentite-le-costa-rica-apres-lindependance\/","og_locale":"fr_FR","og_type":"article","og_title":"En qu\u00eate d'identit\u00e9 : le Costa Rica apr\u00e8s l'ind\u00e9pendance - SensorialSunsets","og_description":"Dans cet article, nous vous pr\u00e9sentons les \u00e9v\u00e9nements importants qui ont suivi l'Ind\u00e9pendance et qui ont donn\u00e9 naissance \u00e0 l'\u00c9tat du Costa Rica.","og_url":"https:\/\/www.sensorialsunsets.com\/fr\/en-quete-didentite-le-costa-rica-apres-lindependance\/","og_site_name":"SensorialSunsets","article_publisher":"https:\/\/www.facebook.com\/Sensorial-Sunsets-109180614715562","article_published_time":"2023-09-13T19:39:35+00:00","article_modified_time":"2023-09-13T19:39:36+00:00","og_image":[{"width":1846,"height":1222,"url":"https:\/\/www.sensorialsunsets.com\/wp-content\/uploads\/2023\/09\/costa-rica-antigua.jpg","type":"image\/jpeg"}],"author":"Sensorial Sunsets","twitter_card":"summary_large_image","twitter_misc":{"\u00c9crit par":"Sensorial Sunsets","Dur\u00e9e de lecture estim\u00e9e":"5 minutes"},"schema":{"@context":"https:\/\/schema.org","@graph":[{"@type":"Article","@id":"https:\/\/www.sensorialsunsets.com\/fr\/en-quete-didentite-le-costa-rica-apres-lindependance\/#article","isPartOf":{"@id":"https:\/\/www.sensorialsunsets.com\/fr\/en-quete-didentite-le-costa-rica-apres-lindependance\/"},"author":{"name":"Sensorial Sunsets","@id":"https:\/\/www.sensorialsunsets.com\/fr\/#\/schema\/person\/77e2fa594135aa94024c47e281d8a94d"},"headline":"En qu\u00eate d&rsquo;identit\u00e9 : le Costa Rica apr\u00e8s l&rsquo;ind\u00e9pendance","datePublished":"2023-09-13T19:39:35+00:00","dateModified":"2023-09-13T19:39:36+00:00","mainEntityOfPage":{"@id":"https:\/\/www.sensorialsunsets.com\/fr\/en-quete-didentite-le-costa-rica-apres-lindependance\/"},"wordCount":1131,"publisher":{"@id":"https:\/\/www.sensorialsunsets.com\/fr\/#organization"},"image":{"@id":"https:\/\/www.sensorialsunsets.com\/fr\/en-quete-didentite-le-costa-rica-apres-lindependance\/#primaryimage"},"thumbnailUrl":"https:\/\/www.sensorialsunsets.com\/wp-content\/uploads\/2023\/09\/costa-rica-antigua.jpg","articleSection":["Histoire"],"inLanguage":"fr-FR"},{"@type":"WebPage","@id":"https:\/\/www.sensorialsunsets.com\/fr\/en-quete-didentite-le-costa-rica-apres-lindependance\/","url":"https:\/\/www.sensorialsunsets.com\/fr\/en-quete-didentite-le-costa-rica-apres-lindependance\/","name":"En qu\u00eate d'identit\u00e9 : le Costa Rica apr\u00e8s l'ind\u00e9pendance - SensorialSunsets","isPartOf":{"@id":"https:\/\/www.sensorialsunsets.com\/fr\/#website"},"primaryImageOfPage":{"@id":"https:\/\/www.sensorialsunsets.com\/fr\/en-quete-didentite-le-costa-rica-apres-lindependance\/#primaryimage"},"image":{"@id":"https:\/\/www.sensorialsunsets.com\/fr\/en-quete-didentite-le-costa-rica-apres-lindependance\/#primaryimage"},"thumbnailUrl":"https:\/\/www.sensorialsunsets.com\/wp-content\/uploads\/2023\/09\/costa-rica-antigua.jpg","datePublished":"2023-09-13T19:39:35+00:00","dateModified":"2023-09-13T19:39:36+00:00","description":"Dans cet article, nous vous pr\u00e9sentons les \u00e9v\u00e9nements importants qui ont suivi l'Ind\u00e9pendance et qui ont donn\u00e9 naissance \u00e0 l'\u00c9tat du Costa Rica.","inLanguage":"fr-FR","potentialAction":[{"@type":"ReadAction","target":["https:\/\/www.sensorialsunsets.com\/fr\/en-quete-didentite-le-costa-rica-apres-lindependance\/"]}]},{"@type":"ImageObject","inLanguage":"fr-FR","@id":"https:\/\/www.sensorialsunsets.com\/fr\/en-quete-didentite-le-costa-rica-apres-lindependance\/#primaryimage","url":"https:\/\/www.sensorialsunsets.com\/wp-content\/uploads\/2023\/09\/costa-rica-antigua.jpg","contentUrl":"https:\/\/www.sensorialsunsets.com\/wp-content\/uploads\/2023\/09\/costa-rica-antigua.jpg","width":1846,"height":1222,"caption":"En este es contamos los acontecimientos importantes despu\u00e9s de la Independencia y que dieron luz al Estado costarricense."},{"@type":"WebSite","@id":"https:\/\/www.sensorialsunsets.com\/fr\/#website","url":"https:\/\/www.sensorialsunsets.com\/fr\/","name":"SensorialSunsets.com","description":"D\u00e9couvrez la culture et la soci\u00e9t\u00e9 du Costa Rica sur notre blog. Explorez des articles captivants et partagez le contenu.","publisher":{"@id":"https:\/\/www.sensorialsunsets.com\/fr\/#organization"},"alternateName":"Costa Rica Live Blog","potentialAction":[{"@type":"SearchAction","target":{"@type":"EntryPoint","urlTemplate":"https:\/\/www.sensorialsunsets.com\/fr\/?s={search_term_string}"},"query-input":{"@type":"PropertyValueSpecification","valueRequired":true,"valueName":"search_term_string"}}],"inLanguage":"fr-FR"},{"@type":"Organization","@id":"https:\/\/www.sensorialsunsets.com\/fr\/#organization","name":"SensorialSunsets","url":"https:\/\/www.sensorialsunsets.com\/fr\/","logo":{"@type":"ImageObject","inLanguage":"fr-FR","@id":"https:\/\/www.sensorialsunsets.com\/fr\/#\/schema\/logo\/image\/","url":"https:\/\/www.sensorialsunsets.com\/wp-content\/uploads\/2023\/04\/Logo_base_line_fond_clair.svg","contentUrl":"https:\/\/www.sensorialsunsets.com\/wp-content\/uploads\/2023\/04\/Logo_base_line_fond_clair.svg","width":"1024","height":"1024","caption":"SensorialSunsets"},"image":{"@id":"https:\/\/www.sensorialsunsets.com\/fr\/#\/schema\/logo\/image\/"},"sameAs":["https:\/\/www.facebook.com\/Sensorial-Sunsets-109180614715562","https:\/\/www.instagram.com\/sensorialsunsets\/"]},{"@type":"Person","@id":"https:\/\/www.sensorialsunsets.com\/fr\/#\/schema\/person\/77e2fa594135aa94024c47e281d8a94d","name":"Sensorial Sunsets","image":{"@type":"ImageObject","inLanguage":"fr-FR","@id":"https:\/\/secure.gravatar.com\/avatar\/5f2d62681b1dad94c28f1500d4fc75582acdfd32b55fd1acce0a36a3c487eabe?s=96&d=mm&r=g","url":"https:\/\/secure.gravatar.com\/avatar\/5f2d62681b1dad94c28f1500d4fc75582acdfd32b55fd1acce0a36a3c487eabe?s=96&d=mm&r=g","contentUrl":"https:\/\/secure.gravatar.com\/avatar\/5f2d62681b1dad94c28f1500d4fc75582acdfd32b55fd1acce0a36a3c487eabe?s=96&d=mm&r=g","caption":"Sensorial Sunsets"},"url":"https:\/\/www.sensorialsunsets.com\/fr\/author\/asistentes-sensorial-sunsets\/"}]}},"_links":{"self":[{"href":"https:\/\/www.sensorialsunsets.com\/fr\/wp-json\/wp\/v2\/posts\/10426","targetHints":{"allow":["GET"]}}],"collection":[{"href":"https:\/\/www.sensorialsunsets.com\/fr\/wp-json\/wp\/v2\/posts"}],"about":[{"href":"https:\/\/www.sensorialsunsets.com\/fr\/wp-json\/wp\/v2\/types\/post"}],"author":[{"embeddable":true,"href":"https:\/\/www.sensorialsunsets.com\/fr\/wp-json\/wp\/v2\/users\/4"}],"replies":[{"embeddable":true,"href":"https:\/\/www.sensorialsunsets.com\/fr\/wp-json\/wp\/v2\/comments?post=10426"}],"version-history":[{"count":0,"href":"https:\/\/www.sensorialsunsets.com\/fr\/wp-json\/wp\/v2\/posts\/10426\/revisions"}],"wp:featuredmedia":[{"embeddable":true,"href":"https:\/\/www.sensorialsunsets.com\/fr\/wp-json\/wp\/v2\/media\/10343"}],"wp:attachment":[{"href":"https:\/\/www.sensorialsunsets.com\/fr\/wp-json\/wp\/v2\/media?parent=10426"}],"wp:term":[{"taxonomy":"category","embeddable":true,"href":"https:\/\/www.sensorialsunsets.com\/fr\/wp-json\/wp\/v2\/categories?post=10426"},{"taxonomy":"post_tag","embeddable":true,"href":"https:\/\/www.sensorialsunsets.com\/fr\/wp-json\/wp\/v2\/tags?post=10426"}],"curies":[{"name":"wp","href":"https:\/\/api.w.org\/{rel}","templated":true}]}}