{"id":10836,"date":"2023-09-29T09:55:22","date_gmt":"2023-09-29T15:55:22","guid":{"rendered":"https:\/\/www.sensorialsunsets.com\/?p=10836"},"modified":"2023-09-29T09:55:23","modified_gmt":"2023-09-29T15:55:23","slug":"hecho-aqui-foire-appel-ouvert","status":"publish","type":"post","link":"https:\/\/www.sensorialsunsets.com\/fr\/hecho-aqui-foire-appel-ouvert\/","title":{"rendered":"Hecho Aqu\u00ed Foire : Appel ouvert"},"content":{"rendered":"\n<p>Le minist\u00e8re de la Culture et de la Jeunesse, par l&rsquo;interm\u00e9diaire du Centre de production artistique et culturelle, organise le projet culturel de la Foire <a href=\"https:\/\/www.gamcultural.com\/cr\/events\/1361433\/feria-hecho-aqui-2023-convocatoria\">Hecho Aqu\u00ed 2023<\/a>. Un espace de rencontre avec les entreprises culturelles de l&rsquo;artisanat, du design, de l&rsquo;agro-industrie, de la gastronomie, des arts visuels, de la cr\u00e9ation litt\u00e9raire et de l&rsquo;\u00e9dition.<\/p>\n\n\n\n<h3 class=\"wp-block-heading\">Exploration de la diversit\u00e9 cr\u00e9ative<\/h3>\n\n\n\n<p>Au cours de cette foire traditionnelle, les entrepreneurs costariciens peuvent pr\u00e9senter leurs produits et, dans le m\u00eame temps, les familles peuvent acheter des cadeaux de No\u00ebl et soutenir ainsi les entrepreneurs nationaux.<\/p>\n\n\n\n<blockquote class=\"wp-block-quote is-layout-flow wp-block-quote-is-layout-flow\">\n<p>L&rsquo;appel \u00e0 propositions sera ouvert du 18 septembre au 8 octobre \u00e0 23h59.<\/p>\n<\/blockquote>\n\n\n\n<h3 class=\"wp-block-heading\">Toutes les facettes de la cr\u00e9ativit\u00e9 costaricienne<\/h3>\n\n\n\n<p>La foire Hecho Aqu\u00ed est divis\u00e9e en plusieurs cat\u00e9gories de participation couvrant un large \u00e9ventail de produits et d&rsquo;expressions culturelles. Nous vous pr\u00e9sentons ici<a href=\"https:\/\/drive.google.com\/file\/d\/1NutWXY-GCf5VKkgYy-Rg0DI0sCIZ6B02\/view\"> les cat\u00e9gories de participation<\/a> \u00e0 la foire :<\/p>\n\n\n<div class=\"wp-block-image\">\n<figure class=\"alignright size-large is-resized\"><img loading=\"lazy\" decoding=\"async\" src=\"https:\/\/www.sensorialsunsets.com\/wp-content\/uploads\/2023\/09\/pexels-lil-artsy-3403857-683x1024.jpg\" alt=\"\" class=\"wp-image-10754\" style=\"width:382px;height:510px\" width=\"382\" height=\"510\"\/><\/figure>\n<\/div>\n\n\n<ul class=\"wp-block-list\">\n<li><strong>Artisanat traditionnel : <\/strong>Cette cat\u00e9gorie comprend les produits fabriqu\u00e9s principalement \u00e0 la main, bien que des outils et \u00e9quipements m\u00e9caniques puissent \u00eatre utilis\u00e9s. Il est possible de les classer en deux sous-cat\u00e9gories : l&rsquo;artisanat indig\u00e8ne et l&rsquo;artisanat m\u00e9tis, qui r\u00e9sultent du m\u00e9lange des connaissances traditionnelles de diff\u00e9rentes cultures.<\/li>\n\n\n\n<li><strong>Artisanat contemporain:<\/strong> Cette cat\u00e9gorie comprend les produits fabriqu\u00e9s \u00e0 l&rsquo;aide d&rsquo;une vari\u00e9t\u00e9 de techniques artisanales modernes, destin\u00e9es au march\u00e9 mondialis\u00e9. Les sous-classes comprennent le n\u00e9o-artisanat, qui revitalise le patrimoine culturel et naturel, et les souvenirs faits \u00e0 la main, principalement destin\u00e9s au tourisme.<\/li>\n\n\n\n<li><le design=\"\" est=\"\" un=\"\" processus=\"\" cr=\"\" qui=\"\" cherche=\"\" r=\"\" aux=\"\" divers=\"\" besoins=\"\" des=\"\" personnes=\"\" et=\"\" de=\"\" l=\"\" la=\"\" foire=\"\" hecho=\"\" aqu=\"\" les=\"\" produits=\"\" refl=\"\" identit=\"\" costariciennes=\"\" utilisent=\"\" traditionnels=\"\" g=\"\" emplois=\"\" seront=\"\" valoris=\"\"><\/le><\/li>\n\n\n\n<li><strong>Arts visuels:<\/strong> Produits d&rsquo;arts visuels costariciens comprenant des \u0153uvres en s\u00e9rie, tels que gravures, peintures, c\u00e9ramiques, etc., avec une identit\u00e9 propre \u00e0 la culture costaricienne.<\/li>\n\n\n\n<li><strong>Livres et petites maisons d&rsquo;\u00e9dition : <\/strong>Les maisons d&rsquo;\u00e9dition ind\u00e9pendantes et les projets litt\u00e9raires favorisant la production \u00e9ditoriale costaricienne et cr\u00e9ant des emplois locaux sont admissibles.<\/li>\n\n\n\n<li><strong>Produits gastronomiques:<\/strong> Entreprises gastronomiques respectant les normes de sant\u00e9 et de s\u00e9curit\u00e9 alimentaire et proposant des menus familiaux sont \u00e9ligibles.<\/li>\n\n\n\n<li><strong>Produits de l&rsquo;agro-industrie : <\/strong>Les entreprises agro-industrielles peuvent participer si leurs produits sont ancr\u00e9s dans l&rsquo;identit\u00e9 costaricienne et respectent les normes op\u00e9rationnelles et de s\u00e9curit\u00e9.<\/li>\n\n\n\n<li><strong>Produits portant le label Costa Rica Artisan Seal:<\/strong> Les produits portant ce label peuvent participer directement et seront situ\u00e9s sur des stands partag\u00e9s, regroup\u00e9s par r\u00e9gion.<\/li>\n<\/ul>\n\n\n\n<p>Dans toutes les cat\u00e9gories, il est obligatoire de remplir le formulaire de participation FHA2023 afin de g\u00e9rer l&rsquo;enregistrement des produits \u00e0 la foire.<\/p>\n\n\n\n<p><strong>Sensorial Sunsets<\/strong><\/p>\n","protected":false},"excerpt":{"rendered":"<p>Le minist\u00e8re de la Culture et de la Jeunesse, par l&rsquo;interm\u00e9diaire du Centre de production artistique et culturelle, organise le projet culturel de la Foire Hecho Aqu\u00ed 2023. Un espace de rencontre avec les entreprises culturelles de l&rsquo;artisanat, du design, de l&rsquo;agro-industrie, de la gastronomie, des arts visuels, de la cr\u00e9ation litt\u00e9raire et de l&rsquo;\u00e9dition. [&hellip;]<\/p>\n","protected":false},"author":4,"featured_media":10841,"comment_status":"closed","ping_status":"closed","sticky":false,"template":"","format":"standard","meta":{"_acf_changed":false,"inline_featured_image":false,"_monsterinsights_skip_tracking":false,"_monsterinsights_sitenote_active":false,"_monsterinsights_sitenote_note":"","_monsterinsights_sitenote_category":0,"footnotes":""},"categories":[100],"tags":[],"class_list":["post-10836","post","type-post","status-publish","format-standard","has-post-thumbnail","hentry","category-costa-rica-fr"],"acf":[],"yoast_head":"<!-- This site is optimized with the Yoast SEO plugin v27.4 - https:\/\/yoast.com\/product\/yoast-seo-wordpress\/ -->\n<title>Hecho Aqu\u00ed Foire : Appel ouvert - SensorialSunsets<\/title>\n<meta name=\"description\" content=\"D\u00e9couvrez la foire Hecho Aqu\u00ed 2023, un projet culturel passionnant organis\u00e9 par le minist\u00e8re costaricien de la culture et de la jeunesse.\" \/>\n<meta name=\"robots\" content=\"index, follow, max-snippet:-1, max-image-preview:large, max-video-preview:-1\" \/>\n<link rel=\"canonical\" href=\"https:\/\/www.sensorialsunsets.com\/fr\/hecho-aqui-foire-appel-ouvert\/\" \/>\n<meta property=\"og:locale\" content=\"fr_FR\" \/>\n<meta property=\"og:type\" content=\"article\" \/>\n<meta property=\"og:title\" content=\"Hecho Aqu\u00ed Foire : Appel ouvert - SensorialSunsets\" \/>\n<meta property=\"og:description\" content=\"D\u00e9couvrez la foire Hecho Aqu\u00ed 2023, un projet culturel passionnant organis\u00e9 par le minist\u00e8re costaricien de la culture et de la jeunesse.\" \/>\n<meta property=\"og:url\" content=\"https:\/\/www.sensorialsunsets.com\/fr\/hecho-aqui-foire-appel-ouvert\/\" \/>\n<meta property=\"og:site_name\" content=\"SensorialSunsets\" \/>\n<meta property=\"article:publisher\" content=\"https:\/\/www.facebook.com\/Sensorial-Sunsets-109180614715562\" \/>\n<meta property=\"article:published_time\" content=\"2023-09-29T15:55:22+00:00\" \/>\n<meta property=\"article:modified_time\" content=\"2023-09-29T15:55:23+00:00\" \/>\n<meta property=\"og:image\" content=\"https:\/\/www.sensorialsunsets.com\/wp-content\/uploads\/2023\/09\/pexels-pew-nguyen-4619764-1-scaled.jpg\" \/>\n\t<meta property=\"og:image:width\" content=\"2560\" \/>\n\t<meta property=\"og:image:height\" content=\"1707\" \/>\n\t<meta property=\"og:image:type\" content=\"image\/jpeg\" \/>\n<meta name=\"author\" content=\"Sensorial Sunsets\" \/>\n<meta name=\"twitter:card\" content=\"summary_large_image\" \/>\n<meta name=\"twitter:label1\" content=\"\u00c9crit par\" \/>\n\t<meta name=\"twitter:data1\" content=\"Sensorial Sunsets\" \/>\n\t<meta name=\"twitter:label2\" content=\"Dur\u00e9e de lecture estim\u00e9e\" \/>\n\t<meta name=\"twitter:data2\" content=\"2 minutes\" \/>\n<script type=\"application\/ld+json\" class=\"yoast-schema-graph\">{\"@context\":\"https:\\\/\\\/schema.org\",\"@graph\":[{\"@type\":\"Article\",\"@id\":\"https:\\\/\\\/www.sensorialsunsets.com\\\/fr\\\/hecho-aqui-foire-appel-ouvert\\\/#article\",\"isPartOf\":{\"@id\":\"https:\\\/\\\/www.sensorialsunsets.com\\\/fr\\\/hecho-aqui-foire-appel-ouvert\\\/\"},\"author\":{\"name\":\"Sensorial Sunsets\",\"@id\":\"https:\\\/\\\/www.sensorialsunsets.com\\\/fr\\\/#\\\/schema\\\/person\\\/77e2fa594135aa94024c47e281d8a94d\"},\"headline\":\"Hecho Aqu\u00ed Foire : Appel ouvert\",\"datePublished\":\"2023-09-29T15:55:22+00:00\",\"dateModified\":\"2023-09-29T15:55:23+00:00\",\"mainEntityOfPage\":{\"@id\":\"https:\\\/\\\/www.sensorialsunsets.com\\\/fr\\\/hecho-aqui-foire-appel-ouvert\\\/\"},\"wordCount\":431,\"publisher\":{\"@id\":\"https:\\\/\\\/www.sensorialsunsets.com\\\/fr\\\/#organization\"},\"image\":{\"@id\":\"https:\\\/\\\/www.sensorialsunsets.com\\\/fr\\\/hecho-aqui-foire-appel-ouvert\\\/#primaryimage\"},\"thumbnailUrl\":\"https:\\\/\\\/www.sensorialsunsets.com\\\/wp-content\\\/uploads\\\/2023\\\/09\\\/pexels-craig-adderley-1670057-scaled.jpg\",\"articleSection\":[\"Costa Rica\"],\"inLanguage\":\"fr-FR\"},{\"@type\":\"WebPage\",\"@id\":\"https:\\\/\\\/www.sensorialsunsets.com\\\/fr\\\/hecho-aqui-foire-appel-ouvert\\\/\",\"url\":\"https:\\\/\\\/www.sensorialsunsets.com\\\/fr\\\/hecho-aqui-foire-appel-ouvert\\\/\",\"name\":\"Hecho Aqu\u00ed Foire : Appel ouvert - SensorialSunsets\",\"isPartOf\":{\"@id\":\"https:\\\/\\\/www.sensorialsunsets.com\\\/fr\\\/#website\"},\"primaryImageOfPage\":{\"@id\":\"https:\\\/\\\/www.sensorialsunsets.com\\\/fr\\\/hecho-aqui-foire-appel-ouvert\\\/#primaryimage\"},\"image\":{\"@id\":\"https:\\\/\\\/www.sensorialsunsets.com\\\/fr\\\/hecho-aqui-foire-appel-ouvert\\\/#primaryimage\"},\"thumbnailUrl\":\"https:\\\/\\\/www.sensorialsunsets.com\\\/wp-content\\\/uploads\\\/2023\\\/09\\\/pexels-craig-adderley-1670057-scaled.jpg\",\"datePublished\":\"2023-09-29T15:55:22+00:00\",\"dateModified\":\"2023-09-29T15:55:23+00:00\",\"description\":\"D\u00e9couvrez la foire Hecho Aqu\u00ed 2023, un projet culturel passionnant organis\u00e9 par le minist\u00e8re costaricien de la culture et de la jeunesse.\",\"inLanguage\":\"fr-FR\",\"potentialAction\":[{\"@type\":\"ReadAction\",\"target\":[\"https:\\\/\\\/www.sensorialsunsets.com\\\/fr\\\/hecho-aqui-foire-appel-ouvert\\\/\"]}]},{\"@type\":\"ImageObject\",\"inLanguage\":\"fr-FR\",\"@id\":\"https:\\\/\\\/www.sensorialsunsets.com\\\/fr\\\/hecho-aqui-foire-appel-ouvert\\\/#primaryimage\",\"url\":\"https:\\\/\\\/www.sensorialsunsets.com\\\/wp-content\\\/uploads\\\/2023\\\/09\\\/pexels-craig-adderley-1670057-scaled.jpg\",\"contentUrl\":\"https:\\\/\\\/www.sensorialsunsets.com\\\/wp-content\\\/uploads\\\/2023\\\/09\\\/pexels-craig-adderley-1670057-scaled.jpg\",\"width\":2560,\"height\":1707},{\"@type\":\"WebSite\",\"@id\":\"https:\\\/\\\/www.sensorialsunsets.com\\\/fr\\\/#website\",\"url\":\"https:\\\/\\\/www.sensorialsunsets.com\\\/fr\\\/\",\"name\":\"SensorialSunsets.com\",\"description\":\"D\u00e9couvrez la culture et la soci\u00e9t\u00e9 du Costa Rica sur notre blog. Explorez des articles captivants et partagez le contenu.\",\"publisher\":{\"@id\":\"https:\\\/\\\/www.sensorialsunsets.com\\\/fr\\\/#organization\"},\"alternateName\":\"Costa Rica Live Blog\",\"potentialAction\":[{\"@type\":\"SearchAction\",\"target\":{\"@type\":\"EntryPoint\",\"urlTemplate\":\"https:\\\/\\\/www.sensorialsunsets.com\\\/fr\\\/?s={search_term_string}\"},\"query-input\":{\"@type\":\"PropertyValueSpecification\",\"valueRequired\":true,\"valueName\":\"search_term_string\"}}],\"inLanguage\":\"fr-FR\"},{\"@type\":\"Organization\",\"@id\":\"https:\\\/\\\/www.sensorialsunsets.com\\\/fr\\\/#organization\",\"name\":\"SensorialSunsets\",\"url\":\"https:\\\/\\\/www.sensorialsunsets.com\\\/fr\\\/\",\"logo\":{\"@type\":\"ImageObject\",\"inLanguage\":\"fr-FR\",\"@id\":\"https:\\\/\\\/www.sensorialsunsets.com\\\/fr\\\/#\\\/schema\\\/logo\\\/image\\\/\",\"url\":\"https:\\\/\\\/www.sensorialsunsets.com\\\/wp-content\\\/uploads\\\/2023\\\/04\\\/Logo_base_line_fond_clair.svg\",\"contentUrl\":\"https:\\\/\\\/www.sensorialsunsets.com\\\/wp-content\\\/uploads\\\/2023\\\/04\\\/Logo_base_line_fond_clair.svg\",\"width\":\"1024\",\"height\":\"1024\",\"caption\":\"SensorialSunsets\"},\"image\":{\"@id\":\"https:\\\/\\\/www.sensorialsunsets.com\\\/fr\\\/#\\\/schema\\\/logo\\\/image\\\/\"},\"sameAs\":[\"https:\\\/\\\/www.facebook.com\\\/Sensorial-Sunsets-109180614715562\",\"https:\\\/\\\/www.instagram.com\\\/sensorialsunsets\\\/\"]},{\"@type\":\"Person\",\"@id\":\"https:\\\/\\\/www.sensorialsunsets.com\\\/fr\\\/#\\\/schema\\\/person\\\/77e2fa594135aa94024c47e281d8a94d\",\"name\":\"Sensorial Sunsets\",\"image\":{\"@type\":\"ImageObject\",\"inLanguage\":\"fr-FR\",\"@id\":\"https:\\\/\\\/secure.gravatar.com\\\/avatar\\\/5f2d62681b1dad94c28f1500d4fc75582acdfd32b55fd1acce0a36a3c487eabe?s=96&d=mm&r=g\",\"url\":\"https:\\\/\\\/secure.gravatar.com\\\/avatar\\\/5f2d62681b1dad94c28f1500d4fc75582acdfd32b55fd1acce0a36a3c487eabe?s=96&d=mm&r=g\",\"contentUrl\":\"https:\\\/\\\/secure.gravatar.com\\\/avatar\\\/5f2d62681b1dad94c28f1500d4fc75582acdfd32b55fd1acce0a36a3c487eabe?s=96&d=mm&r=g\",\"caption\":\"Sensorial Sunsets\"},\"url\":\"https:\\\/\\\/www.sensorialsunsets.com\\\/fr\\\/author\\\/asistentes-sensorial-sunsets\\\/\"}]}<\/script>\n<!-- \/ Yoast SEO plugin. -->","yoast_head_json":{"title":"Hecho Aqu\u00ed Foire : Appel ouvert - SensorialSunsets","description":"D\u00e9couvrez la foire Hecho Aqu\u00ed 2023, un projet culturel passionnant organis\u00e9 par le minist\u00e8re costaricien de la culture et de la jeunesse.","robots":{"index":"index","follow":"follow","max-snippet":"max-snippet:-1","max-image-preview":"max-image-preview:large","max-video-preview":"max-video-preview:-1"},"canonical":"https:\/\/www.sensorialsunsets.com\/fr\/hecho-aqui-foire-appel-ouvert\/","og_locale":"fr_FR","og_type":"article","og_title":"Hecho Aqu\u00ed Foire : Appel ouvert - SensorialSunsets","og_description":"D\u00e9couvrez la foire Hecho Aqu\u00ed 2023, un projet culturel passionnant organis\u00e9 par le minist\u00e8re costaricien de la culture et de la jeunesse.","og_url":"https:\/\/www.sensorialsunsets.com\/fr\/hecho-aqui-foire-appel-ouvert\/","og_site_name":"SensorialSunsets","article_publisher":"https:\/\/www.facebook.com\/Sensorial-Sunsets-109180614715562","article_published_time":"2023-09-29T15:55:22+00:00","article_modified_time":"2023-09-29T15:55:23+00:00","og_image":[{"width":2560,"height":1707,"url":"https:\/\/www.sensorialsunsets.com\/wp-content\/uploads\/2023\/09\/pexels-pew-nguyen-4619764-1-scaled.jpg","type":"image\/jpeg"}],"author":"Sensorial Sunsets","twitter_card":"summary_large_image","twitter_misc":{"\u00c9crit par":"Sensorial Sunsets","Dur\u00e9e de lecture estim\u00e9e":"2 minutes"},"schema":{"@context":"https:\/\/schema.org","@graph":[{"@type":"Article","@id":"https:\/\/www.sensorialsunsets.com\/fr\/hecho-aqui-foire-appel-ouvert\/#article","isPartOf":{"@id":"https:\/\/www.sensorialsunsets.com\/fr\/hecho-aqui-foire-appel-ouvert\/"},"author":{"name":"Sensorial Sunsets","@id":"https:\/\/www.sensorialsunsets.com\/fr\/#\/schema\/person\/77e2fa594135aa94024c47e281d8a94d"},"headline":"Hecho Aqu\u00ed Foire : Appel ouvert","datePublished":"2023-09-29T15:55:22+00:00","dateModified":"2023-09-29T15:55:23+00:00","mainEntityOfPage":{"@id":"https:\/\/www.sensorialsunsets.com\/fr\/hecho-aqui-foire-appel-ouvert\/"},"wordCount":431,"publisher":{"@id":"https:\/\/www.sensorialsunsets.com\/fr\/#organization"},"image":{"@id":"https:\/\/www.sensorialsunsets.com\/fr\/hecho-aqui-foire-appel-ouvert\/#primaryimage"},"thumbnailUrl":"https:\/\/www.sensorialsunsets.com\/wp-content\/uploads\/2023\/09\/pexels-craig-adderley-1670057-scaled.jpg","articleSection":["Costa Rica"],"inLanguage":"fr-FR"},{"@type":"WebPage","@id":"https:\/\/www.sensorialsunsets.com\/fr\/hecho-aqui-foire-appel-ouvert\/","url":"https:\/\/www.sensorialsunsets.com\/fr\/hecho-aqui-foire-appel-ouvert\/","name":"Hecho Aqu\u00ed Foire : Appel ouvert - SensorialSunsets","isPartOf":{"@id":"https:\/\/www.sensorialsunsets.com\/fr\/#website"},"primaryImageOfPage":{"@id":"https:\/\/www.sensorialsunsets.com\/fr\/hecho-aqui-foire-appel-ouvert\/#primaryimage"},"image":{"@id":"https:\/\/www.sensorialsunsets.com\/fr\/hecho-aqui-foire-appel-ouvert\/#primaryimage"},"thumbnailUrl":"https:\/\/www.sensorialsunsets.com\/wp-content\/uploads\/2023\/09\/pexels-craig-adderley-1670057-scaled.jpg","datePublished":"2023-09-29T15:55:22+00:00","dateModified":"2023-09-29T15:55:23+00:00","description":"D\u00e9couvrez la foire Hecho Aqu\u00ed 2023, un projet culturel passionnant organis\u00e9 par le minist\u00e8re costaricien de la culture et de la jeunesse.","inLanguage":"fr-FR","potentialAction":[{"@type":"ReadAction","target":["https:\/\/www.sensorialsunsets.com\/fr\/hecho-aqui-foire-appel-ouvert\/"]}]},{"@type":"ImageObject","inLanguage":"fr-FR","@id":"https:\/\/www.sensorialsunsets.com\/fr\/hecho-aqui-foire-appel-ouvert\/#primaryimage","url":"https:\/\/www.sensorialsunsets.com\/wp-content\/uploads\/2023\/09\/pexels-craig-adderley-1670057-scaled.jpg","contentUrl":"https:\/\/www.sensorialsunsets.com\/wp-content\/uploads\/2023\/09\/pexels-craig-adderley-1670057-scaled.jpg","width":2560,"height":1707},{"@type":"WebSite","@id":"https:\/\/www.sensorialsunsets.com\/fr\/#website","url":"https:\/\/www.sensorialsunsets.com\/fr\/","name":"SensorialSunsets.com","description":"D\u00e9couvrez la culture et la soci\u00e9t\u00e9 du Costa Rica sur notre blog. Explorez des articles captivants et partagez le contenu.","publisher":{"@id":"https:\/\/www.sensorialsunsets.com\/fr\/#organization"},"alternateName":"Costa Rica Live Blog","potentialAction":[{"@type":"SearchAction","target":{"@type":"EntryPoint","urlTemplate":"https:\/\/www.sensorialsunsets.com\/fr\/?s={search_term_string}"},"query-input":{"@type":"PropertyValueSpecification","valueRequired":true,"valueName":"search_term_string"}}],"inLanguage":"fr-FR"},{"@type":"Organization","@id":"https:\/\/www.sensorialsunsets.com\/fr\/#organization","name":"SensorialSunsets","url":"https:\/\/www.sensorialsunsets.com\/fr\/","logo":{"@type":"ImageObject","inLanguage":"fr-FR","@id":"https:\/\/www.sensorialsunsets.com\/fr\/#\/schema\/logo\/image\/","url":"https:\/\/www.sensorialsunsets.com\/wp-content\/uploads\/2023\/04\/Logo_base_line_fond_clair.svg","contentUrl":"https:\/\/www.sensorialsunsets.com\/wp-content\/uploads\/2023\/04\/Logo_base_line_fond_clair.svg","width":"1024","height":"1024","caption":"SensorialSunsets"},"image":{"@id":"https:\/\/www.sensorialsunsets.com\/fr\/#\/schema\/logo\/image\/"},"sameAs":["https:\/\/www.facebook.com\/Sensorial-Sunsets-109180614715562","https:\/\/www.instagram.com\/sensorialsunsets\/"]},{"@type":"Person","@id":"https:\/\/www.sensorialsunsets.com\/fr\/#\/schema\/person\/77e2fa594135aa94024c47e281d8a94d","name":"Sensorial Sunsets","image":{"@type":"ImageObject","inLanguage":"fr-FR","@id":"https:\/\/secure.gravatar.com\/avatar\/5f2d62681b1dad94c28f1500d4fc75582acdfd32b55fd1acce0a36a3c487eabe?s=96&d=mm&r=g","url":"https:\/\/secure.gravatar.com\/avatar\/5f2d62681b1dad94c28f1500d4fc75582acdfd32b55fd1acce0a36a3c487eabe?s=96&d=mm&r=g","contentUrl":"https:\/\/secure.gravatar.com\/avatar\/5f2d62681b1dad94c28f1500d4fc75582acdfd32b55fd1acce0a36a3c487eabe?s=96&d=mm&r=g","caption":"Sensorial Sunsets"},"url":"https:\/\/www.sensorialsunsets.com\/fr\/author\/asistentes-sensorial-sunsets\/"}]}},"_links":{"self":[{"href":"https:\/\/www.sensorialsunsets.com\/fr\/wp-json\/wp\/v2\/posts\/10836","targetHints":{"allow":["GET"]}}],"collection":[{"href":"https:\/\/www.sensorialsunsets.com\/fr\/wp-json\/wp\/v2\/posts"}],"about":[{"href":"https:\/\/www.sensorialsunsets.com\/fr\/wp-json\/wp\/v2\/types\/post"}],"author":[{"embeddable":true,"href":"https:\/\/www.sensorialsunsets.com\/fr\/wp-json\/wp\/v2\/users\/4"}],"replies":[{"embeddable":true,"href":"https:\/\/www.sensorialsunsets.com\/fr\/wp-json\/wp\/v2\/comments?post=10836"}],"version-history":[{"count":0,"href":"https:\/\/www.sensorialsunsets.com\/fr\/wp-json\/wp\/v2\/posts\/10836\/revisions"}],"wp:featuredmedia":[{"embeddable":true,"href":"https:\/\/www.sensorialsunsets.com\/fr\/wp-json\/wp\/v2\/media\/10841"}],"wp:attachment":[{"href":"https:\/\/www.sensorialsunsets.com\/fr\/wp-json\/wp\/v2\/media?parent=10836"}],"wp:term":[{"taxonomy":"category","embeddable":true,"href":"https:\/\/www.sensorialsunsets.com\/fr\/wp-json\/wp\/v2\/categories?post=10836"},{"taxonomy":"post_tag","embeddable":true,"href":"https:\/\/www.sensorialsunsets.com\/fr\/wp-json\/wp\/v2\/tags?post=10836"}],"curies":[{"name":"wp","href":"https:\/\/api.w.org\/{rel}","templated":true}]}}