{"id":10985,"date":"2023-10-02T10:50:33","date_gmt":"2023-10-02T16:50:33","guid":{"rendered":"https:\/\/www.sensorialsunsets.com\/?p=10985"},"modified":"2023-10-02T10:50:34","modified_gmt":"2023-10-02T16:50:34","slug":"touristes-deplacement-et-cherte-de-la-vie-le-defi-de-la-coexistence","status":"publish","type":"post","link":"https:\/\/www.sensorialsunsets.com\/fr\/touristes-deplacement-et-cherte-de-la-vie-le-defi-de-la-coexistence\/","title":{"rendered":"D\u00e9placement et chert\u00e9 de la vie : le d\u00e9fi de la coexistence"},"content":{"rendered":"\n<p>Le d\u00e9placement et le co\u00fbt \u00e9lev\u00e9 de la vie apparaissent comme les d\u00e9fis les plus pressants pour les communaut\u00e9s c\u00f4ti\u00e8res d&rsquo;Am\u00e9rique latine. L&rsquo;arriv\u00e9e de touristes et de migrants du monde entier a profond\u00e9ment modifi\u00e9 la structure locale, impactant la qualit\u00e9 de vie des habitants.<\/p>\n\n\n\n<h3 class=\"wp-block-heading\">D\u00e9placement de la population locale<\/h3>\n\n\n<div class=\"wp-block-image\">\n<figure class=\"alignright size-large is-resized\"><img loading=\"lazy\" decoding=\"async\" src=\"https:\/\/www.sensorialsunsets.com\/wp-content\/uploads\/2023\/09\/pexels-grace-robertson-1046265-1024x684.jpg\" alt=\"\" class=\"wp-image-10846\" style=\"width:450px;height:301px\" width=\"450\" height=\"301\" srcset=\"https:\/\/www.sensorialsunsets.com\/wp-content\/uploads\/2023\/09\/pexels-grace-robertson-1046265-1024x684.jpg 1024w, https:\/\/www.sensorialsunsets.com\/wp-content\/uploads\/2023\/09\/pexels-grace-robertson-1046265-300x200.jpg 300w, https:\/\/www.sensorialsunsets.com\/wp-content\/uploads\/2023\/09\/pexels-grace-robertson-1046265-768x513.jpg 768w, https:\/\/www.sensorialsunsets.com\/wp-content\/uploads\/2023\/09\/pexels-grace-robertson-1046265-1536x1025.jpg 1536w, https:\/\/www.sensorialsunsets.com\/wp-content\/uploads\/2023\/09\/pexels-grace-robertson-1046265-2048x1367.jpg 2048w, https:\/\/www.sensorialsunsets.com\/wp-content\/uploads\/2023\/09\/pexels-grace-robertson-1046265-334x222.jpg 334w, https:\/\/www.sensorialsunsets.com\/wp-content\/uploads\/2023\/09\/pexels-grace-robertson-1046265-1320x881.jpg 1320w\" sizes=\"auto, (max-width: 450px) 100vw, 450px\" \/><\/figure>\n<\/div>\n\n\n<p>L&rsquo;arriv\u00e9e d&rsquo;immigrants europ\u00e9ens, nord-am\u00e9ricains et isra\u00e9liens sur la c\u00f4te pacifique a entra\u00een\u00e9 le d\u00e9placement des r\u00e9sidents locaux, qui sont maintenant confront\u00e9s \u00e0 des co\u00fbts de vie \u00e9lev\u00e9s. Ce ph\u00e9nom\u00e8ne n&rsquo;est pas propre \u00e0 l&rsquo;Am\u00e9rique latine, mais constitue un probl\u00e8me mondial. Toutefois, l&rsquo;augmentation des investissements directs \u00e9trangers (IDE) en Am\u00e9rique latine et dans les Cara\u00efbes, qui ont atteint le chiffre record de 224,579 milliards de dollars en 2022, risque d&rsquo;exacerber ce probl\u00e8me.<\/p>\n\n\n\n<p>L&rsquo;un des aspects les plus notables est <a href=\"https:\/\/www.instagram.com\/reel\/Cxv7ksQunkG\/?utm_source=ig_web_copy_link\">le d\u00e9placement des habitants<\/a> de leur lieu d&rsquo;origine. La hausse de la demande immobili\u00e8re et la sp\u00e9culation ont pouss\u00e9 les prix \u00e0 la hausse, for\u00e7ant de nombreux r\u00e9sidents \u00e0 faibles revenus \u00e0 d\u00e9m\u00e9nager. Ce ph\u00e9nom\u00e8ne engendre la perte de racines, traditions et la dispersion des communaut\u00e9s, fragilisant l&rsquo;identit\u00e9 locale.<\/p>\n\n\n\n<p>Souvent, les personnes d\u00e9plac\u00e9es sont contraintes de s&rsquo;installer dans des r\u00e9gions plus \u00e9loign\u00e9es et moins d\u00e9velopp\u00e9es, ce qui peut les d\u00e9connecter de leurs racines culturelles et sociales. En outre, le manque d&#8217;emplois bien r\u00e9mun\u00e9r\u00e9s dans ces zones p\u00e9riph\u00e9riques peut fortement d\u00e9t\u00e9riorer la qualit\u00e9 de vie des personnes d\u00e9plac\u00e9es.<\/p>\n\n\n\n<h3 class=\"wp-block-heading\">Impact sur la coexistence communautaire<\/h3>\n\n\n<div class=\"wp-block-image\">\n<figure class=\"alignright size-full is-resized\"><img loading=\"lazy\" decoding=\"async\" src=\"https:\/\/www.sensorialsunsets.com\/wp-content\/uploads\/2023\/09\/hotel-riu-guanacaste.jpg\" alt=\"touristes\" class=\"wp-image-10849\" style=\"width:449px;height:299px\" width=\"449\" height=\"299\" srcset=\"https:\/\/www.sensorialsunsets.com\/wp-content\/uploads\/2023\/09\/hotel-riu-guanacaste.jpg 700w, https:\/\/www.sensorialsunsets.com\/wp-content\/uploads\/2023\/09\/hotel-riu-guanacaste-300x200.jpg 300w, https:\/\/www.sensorialsunsets.com\/wp-content\/uploads\/2023\/09\/hotel-riu-guanacaste-334x222.jpg 334w\" sizes=\"auto, (max-width: 449px) 100vw, 449px\" \/><\/figure>\n<\/div>\n\n\n<p>Le d\u00e9placement n&rsquo;est pas le seul effet n\u00e9gatif de l&rsquo;afflux de touristes et de migrants. Les co\u00fbts croissants de la vie ont \u00e9galement cr\u00e9\u00e9 des tensions importantes dans les relations entre les nouveaux arrivants et la population locale. \u00c0 mesure que les prix des biens et services de base, tels que la nourriture et le logement, montent en fl\u00e8che en raison de la demande des nouveaux r\u00e9sidents et des visiteurs, de nombreuses familles locales sont confront\u00e9es \u00e0 des difficult\u00e9s \u00e9conomiques.<\/p>\n\n\n\n<p>A cause de ces tensions, les conflits et la polarisation au sein des communaut\u00e9s risquent de s&rsquo;aggraver. Le sentiment de d\u00e9placement et de marginalisation des populations locales peut engendrer du ressentiment \u00e0 l&rsquo;\u00e9gard des migrants et des touristes, ce qui peut \u00e0 son tour nuire \u00e0 la coexistence et \u00e0 l&rsquo;harmonie sociale.<\/p>\n\n\n\n<h3 class=\"wp-block-heading\">Protection des communaut\u00e9s locales<\/h3>\n\n\n\n<p>Afin de relever ce d\u00e9fi de la coexistence, il est essentiel que les gouvernements et les autorit\u00e9s locales mettent en \u0153uvre des politiques qui prot\u00e8gent les droits des communaut\u00e9s locales. Ces politiques pourraient r\u00e9guler les investissements \u00e9trangers dans l&rsquo;immobilier, encourager les logements abordables pour les locaux, et limiter la hausse du co\u00fbt de la vie.<\/p>\n\n\n\n<p>De plus, la promotion d&rsquo;un dialogue ouvert entre habitants, touristes et migrants favorise la coexistence pacifique et enrichissante en r\u00e9duisant les tensions. Ces mesures incluent les \u00e9changes culturels, \u00e9v\u00e9nements communautaires et activit\u00e9s pour favoriser la compr\u00e9hension mutuelle et le respect des diff\u00e9rences culturelles.<\/p>\n\n\n\n<p>Les IDE ont des avantages potentiels, mais peuvent aussi entra\u00eener le d\u00e9placement local et une hausse des co\u00fbts de vie. Des politiques sont n\u00e9cessaires pour guider les IDE vers un d\u00e9veloppement vertueux, englobant l&rsquo;inclusion, la qualit\u00e9 de l&#8217;emploi, la durabilit\u00e9, l&rsquo;innovation et la technologie.<\/p>\n\n\n\n<p>La recherche d&rsquo;un \u00e9quilibre entre l&rsquo;attraction des investissements \u00e9trangers et la protection des droits et du bien-\u00eatre des communaut\u00e9s locales est importante.<\/p>\n\n\n\n<p><strong>Sensorial Sunsets<\/strong><\/p>\n","protected":false},"excerpt":{"rendered":"<p>Le d\u00e9placement et le co\u00fbt \u00e9lev\u00e9 de la vie apparaissent comme les d\u00e9fis les plus pressants pour les communaut\u00e9s c\u00f4ti\u00e8res d&rsquo;Am\u00e9rique latine. L&rsquo;arriv\u00e9e de touristes et de migrants du monde entier a profond\u00e9ment modifi\u00e9 la structure locale, impactant la qualit\u00e9 de vie des habitants. D\u00e9placement de la population locale L&rsquo;arriv\u00e9e d&rsquo;immigrants europ\u00e9ens, nord-am\u00e9ricains et isra\u00e9liens [&hellip;]<\/p>\n","protected":false},"author":4,"featured_media":10845,"comment_status":"closed","ping_status":"closed","sticky":false,"template":"","format":"standard","meta":{"_acf_changed":false,"inline_featured_image":false,"_monsterinsights_skip_tracking":false,"_monsterinsights_sitenote_active":false,"_monsterinsights_sitenote_note":"","_monsterinsights_sitenote_category":0,"footnotes":""},"categories":[100],"tags":[],"class_list":["post-10985","post","type-post","status-publish","format-standard","has-post-thumbnail","hentry","category-costa-rica-fr"],"acf":[],"yoast_head":"<!-- This site is optimized with the Yoast SEO plugin v27.4 - https:\/\/yoast.com\/product\/yoast-seo-wordpress\/ -->\n<title>D\u00e9placement et chert\u00e9 de la vie : coexistence<\/title>\n<meta name=\"description\" content=\"Touristes : Nous \u00e9tudierons les investissements directs \u00e9trangers et leur impact sur le d\u00e9veloppement \u00e9conomique et la cr\u00e9ation d&#039;emplois.\" \/>\n<meta name=\"robots\" content=\"index, follow, max-snippet:-1, max-image-preview:large, max-video-preview:-1\" \/>\n<link rel=\"canonical\" href=\"https:\/\/www.sensorialsunsets.com\/fr\/touristes-deplacement-et-cherte-de-la-vie-le-defi-de-la-coexistence\/\" \/>\n<meta property=\"og:locale\" content=\"fr_FR\" \/>\n<meta property=\"og:type\" content=\"article\" \/>\n<meta property=\"og:title\" content=\"D\u00e9placement et chert\u00e9 de la vie : coexistence\" \/>\n<meta property=\"og:description\" content=\"Touristes : Nous \u00e9tudierons les investissements directs \u00e9trangers et leur impact sur le d\u00e9veloppement \u00e9conomique et la cr\u00e9ation d&#039;emplois.\" \/>\n<meta property=\"og:url\" content=\"https:\/\/www.sensorialsunsets.com\/fr\/touristes-deplacement-et-cherte-de-la-vie-le-defi-de-la-coexistence\/\" \/>\n<meta property=\"og:site_name\" content=\"SensorialSunsets\" \/>\n<meta property=\"article:publisher\" content=\"https:\/\/www.facebook.com\/Sensorial-Sunsets-109180614715562\" \/>\n<meta property=\"article:published_time\" content=\"2023-10-02T16:50:33+00:00\" \/>\n<meta property=\"article:modified_time\" content=\"2023-10-02T16:50:34+00:00\" \/>\n<meta property=\"og:image\" content=\"https:\/\/www.sensorialsunsets.com\/wp-content\/uploads\/2023\/09\/pexels-tim-gouw-186452-scaled.jpg\" \/>\n\t<meta property=\"og:image:width\" content=\"2560\" \/>\n\t<meta property=\"og:image:height\" content=\"1708\" \/>\n\t<meta property=\"og:image:type\" content=\"image\/jpeg\" \/>\n<meta name=\"author\" content=\"Sensorial Sunsets\" \/>\n<meta name=\"twitter:card\" content=\"summary_large_image\" \/>\n<meta name=\"twitter:label1\" content=\"\u00c9crit par\" \/>\n\t<meta name=\"twitter:data1\" content=\"Sensorial Sunsets\" \/>\n\t<meta name=\"twitter:label2\" content=\"Dur\u00e9e de lecture estim\u00e9e\" \/>\n\t<meta name=\"twitter:data2\" content=\"3 minutes\" \/>\n<script type=\"application\/ld+json\" class=\"yoast-schema-graph\">{\"@context\":\"https:\\\/\\\/schema.org\",\"@graph\":[{\"@type\":\"Article\",\"@id\":\"https:\\\/\\\/www.sensorialsunsets.com\\\/fr\\\/touristes-deplacement-et-cherte-de-la-vie-le-defi-de-la-coexistence\\\/#article\",\"isPartOf\":{\"@id\":\"https:\\\/\\\/www.sensorialsunsets.com\\\/fr\\\/touristes-deplacement-et-cherte-de-la-vie-le-defi-de-la-coexistence\\\/\"},\"author\":{\"name\":\"Sensorial Sunsets\",\"@id\":\"https:\\\/\\\/www.sensorialsunsets.com\\\/fr\\\/#\\\/schema\\\/person\\\/77e2fa594135aa94024c47e281d8a94d\"},\"headline\":\"D\u00e9placement et chert\u00e9 de la vie : le d\u00e9fi de la coexistence\",\"datePublished\":\"2023-10-02T16:50:33+00:00\",\"dateModified\":\"2023-10-02T16:50:34+00:00\",\"mainEntityOfPage\":{\"@id\":\"https:\\\/\\\/www.sensorialsunsets.com\\\/fr\\\/touristes-deplacement-et-cherte-de-la-vie-le-defi-de-la-coexistence\\\/\"},\"wordCount\":638,\"publisher\":{\"@id\":\"https:\\\/\\\/www.sensorialsunsets.com\\\/fr\\\/#organization\"},\"image\":{\"@id\":\"https:\\\/\\\/www.sensorialsunsets.com\\\/fr\\\/touristes-deplacement-et-cherte-de-la-vie-le-defi-de-la-coexistence\\\/#primaryimage\"},\"thumbnailUrl\":\"https:\\\/\\\/www.sensorialsunsets.com\\\/wp-content\\\/uploads\\\/2023\\\/09\\\/pexels-tim-gouw-186452-scaled.jpg\",\"articleSection\":[\"Costa Rica\"],\"inLanguage\":\"fr-FR\"},{\"@type\":\"WebPage\",\"@id\":\"https:\\\/\\\/www.sensorialsunsets.com\\\/fr\\\/touristes-deplacement-et-cherte-de-la-vie-le-defi-de-la-coexistence\\\/\",\"url\":\"https:\\\/\\\/www.sensorialsunsets.com\\\/fr\\\/touristes-deplacement-et-cherte-de-la-vie-le-defi-de-la-coexistence\\\/\",\"name\":\"D\u00e9placement et chert\u00e9 de la vie : coexistence\",\"isPartOf\":{\"@id\":\"https:\\\/\\\/www.sensorialsunsets.com\\\/fr\\\/#website\"},\"primaryImageOfPage\":{\"@id\":\"https:\\\/\\\/www.sensorialsunsets.com\\\/fr\\\/touristes-deplacement-et-cherte-de-la-vie-le-defi-de-la-coexistence\\\/#primaryimage\"},\"image\":{\"@id\":\"https:\\\/\\\/www.sensorialsunsets.com\\\/fr\\\/touristes-deplacement-et-cherte-de-la-vie-le-defi-de-la-coexistence\\\/#primaryimage\"},\"thumbnailUrl\":\"https:\\\/\\\/www.sensorialsunsets.com\\\/wp-content\\\/uploads\\\/2023\\\/09\\\/pexels-tim-gouw-186452-scaled.jpg\",\"datePublished\":\"2023-10-02T16:50:33+00:00\",\"dateModified\":\"2023-10-02T16:50:34+00:00\",\"description\":\"Touristes : Nous \u00e9tudierons les investissements directs \u00e9trangers et leur impact sur le d\u00e9veloppement \u00e9conomique et la cr\u00e9ation d'emplois.\",\"inLanguage\":\"fr-FR\",\"potentialAction\":[{\"@type\":\"ReadAction\",\"target\":[\"https:\\\/\\\/www.sensorialsunsets.com\\\/fr\\\/touristes-deplacement-et-cherte-de-la-vie-le-defi-de-la-coexistence\\\/\"]}]},{\"@type\":\"ImageObject\",\"inLanguage\":\"fr-FR\",\"@id\":\"https:\\\/\\\/www.sensorialsunsets.com\\\/fr\\\/touristes-deplacement-et-cherte-de-la-vie-le-defi-de-la-coexistence\\\/#primaryimage\",\"url\":\"https:\\\/\\\/www.sensorialsunsets.com\\\/wp-content\\\/uploads\\\/2023\\\/09\\\/pexels-tim-gouw-186452-scaled.jpg\",\"contentUrl\":\"https:\\\/\\\/www.sensorialsunsets.com\\\/wp-content\\\/uploads\\\/2023\\\/09\\\/pexels-tim-gouw-186452-scaled.jpg\",\"width\":2560,\"height\":1708},{\"@type\":\"WebSite\",\"@id\":\"https:\\\/\\\/www.sensorialsunsets.com\\\/fr\\\/#website\",\"url\":\"https:\\\/\\\/www.sensorialsunsets.com\\\/fr\\\/\",\"name\":\"SensorialSunsets.com\",\"description\":\"D\u00e9couvrez la culture et la soci\u00e9t\u00e9 du Costa Rica sur notre blog. Explorez des articles captivants et partagez le contenu.\",\"publisher\":{\"@id\":\"https:\\\/\\\/www.sensorialsunsets.com\\\/fr\\\/#organization\"},\"alternateName\":\"Costa Rica Live Blog\",\"potentialAction\":[{\"@type\":\"SearchAction\",\"target\":{\"@type\":\"EntryPoint\",\"urlTemplate\":\"https:\\\/\\\/www.sensorialsunsets.com\\\/fr\\\/?s={search_term_string}\"},\"query-input\":{\"@type\":\"PropertyValueSpecification\",\"valueRequired\":true,\"valueName\":\"search_term_string\"}}],\"inLanguage\":\"fr-FR\"},{\"@type\":\"Organization\",\"@id\":\"https:\\\/\\\/www.sensorialsunsets.com\\\/fr\\\/#organization\",\"name\":\"SensorialSunsets\",\"url\":\"https:\\\/\\\/www.sensorialsunsets.com\\\/fr\\\/\",\"logo\":{\"@type\":\"ImageObject\",\"inLanguage\":\"fr-FR\",\"@id\":\"https:\\\/\\\/www.sensorialsunsets.com\\\/fr\\\/#\\\/schema\\\/logo\\\/image\\\/\",\"url\":\"https:\\\/\\\/www.sensorialsunsets.com\\\/wp-content\\\/uploads\\\/2023\\\/04\\\/Logo_base_line_fond_clair.svg\",\"contentUrl\":\"https:\\\/\\\/www.sensorialsunsets.com\\\/wp-content\\\/uploads\\\/2023\\\/04\\\/Logo_base_line_fond_clair.svg\",\"width\":\"1024\",\"height\":\"1024\",\"caption\":\"SensorialSunsets\"},\"image\":{\"@id\":\"https:\\\/\\\/www.sensorialsunsets.com\\\/fr\\\/#\\\/schema\\\/logo\\\/image\\\/\"},\"sameAs\":[\"https:\\\/\\\/www.facebook.com\\\/Sensorial-Sunsets-109180614715562\",\"https:\\\/\\\/www.instagram.com\\\/sensorialsunsets\\\/\"]},{\"@type\":\"Person\",\"@id\":\"https:\\\/\\\/www.sensorialsunsets.com\\\/fr\\\/#\\\/schema\\\/person\\\/77e2fa594135aa94024c47e281d8a94d\",\"name\":\"Sensorial Sunsets\",\"image\":{\"@type\":\"ImageObject\",\"inLanguage\":\"fr-FR\",\"@id\":\"https:\\\/\\\/secure.gravatar.com\\\/avatar\\\/5f2d62681b1dad94c28f1500d4fc75582acdfd32b55fd1acce0a36a3c487eabe?s=96&d=mm&r=g\",\"url\":\"https:\\\/\\\/secure.gravatar.com\\\/avatar\\\/5f2d62681b1dad94c28f1500d4fc75582acdfd32b55fd1acce0a36a3c487eabe?s=96&d=mm&r=g\",\"contentUrl\":\"https:\\\/\\\/secure.gravatar.com\\\/avatar\\\/5f2d62681b1dad94c28f1500d4fc75582acdfd32b55fd1acce0a36a3c487eabe?s=96&d=mm&r=g\",\"caption\":\"Sensorial Sunsets\"},\"url\":\"https:\\\/\\\/www.sensorialsunsets.com\\\/fr\\\/author\\\/asistentes-sensorial-sunsets\\\/\"}]}<\/script>\n<!-- \/ Yoast SEO plugin. -->","yoast_head_json":{"title":"D\u00e9placement et chert\u00e9 de la vie : coexistence","description":"Touristes : Nous \u00e9tudierons les investissements directs \u00e9trangers et leur impact sur le d\u00e9veloppement \u00e9conomique et la cr\u00e9ation d'emplois.","robots":{"index":"index","follow":"follow","max-snippet":"max-snippet:-1","max-image-preview":"max-image-preview:large","max-video-preview":"max-video-preview:-1"},"canonical":"https:\/\/www.sensorialsunsets.com\/fr\/touristes-deplacement-et-cherte-de-la-vie-le-defi-de-la-coexistence\/","og_locale":"fr_FR","og_type":"article","og_title":"D\u00e9placement et chert\u00e9 de la vie : coexistence","og_description":"Touristes : Nous \u00e9tudierons les investissements directs \u00e9trangers et leur impact sur le d\u00e9veloppement \u00e9conomique et la cr\u00e9ation d'emplois.","og_url":"https:\/\/www.sensorialsunsets.com\/fr\/touristes-deplacement-et-cherte-de-la-vie-le-defi-de-la-coexistence\/","og_site_name":"SensorialSunsets","article_publisher":"https:\/\/www.facebook.com\/Sensorial-Sunsets-109180614715562","article_published_time":"2023-10-02T16:50:33+00:00","article_modified_time":"2023-10-02T16:50:34+00:00","og_image":[{"width":2560,"height":1708,"url":"https:\/\/www.sensorialsunsets.com\/wp-content\/uploads\/2023\/09\/pexels-tim-gouw-186452-scaled.jpg","type":"image\/jpeg"}],"author":"Sensorial Sunsets","twitter_card":"summary_large_image","twitter_misc":{"\u00c9crit par":"Sensorial Sunsets","Dur\u00e9e de lecture estim\u00e9e":"3 minutes"},"schema":{"@context":"https:\/\/schema.org","@graph":[{"@type":"Article","@id":"https:\/\/www.sensorialsunsets.com\/fr\/touristes-deplacement-et-cherte-de-la-vie-le-defi-de-la-coexistence\/#article","isPartOf":{"@id":"https:\/\/www.sensorialsunsets.com\/fr\/touristes-deplacement-et-cherte-de-la-vie-le-defi-de-la-coexistence\/"},"author":{"name":"Sensorial Sunsets","@id":"https:\/\/www.sensorialsunsets.com\/fr\/#\/schema\/person\/77e2fa594135aa94024c47e281d8a94d"},"headline":"D\u00e9placement et chert\u00e9 de la vie : le d\u00e9fi de la coexistence","datePublished":"2023-10-02T16:50:33+00:00","dateModified":"2023-10-02T16:50:34+00:00","mainEntityOfPage":{"@id":"https:\/\/www.sensorialsunsets.com\/fr\/touristes-deplacement-et-cherte-de-la-vie-le-defi-de-la-coexistence\/"},"wordCount":638,"publisher":{"@id":"https:\/\/www.sensorialsunsets.com\/fr\/#organization"},"image":{"@id":"https:\/\/www.sensorialsunsets.com\/fr\/touristes-deplacement-et-cherte-de-la-vie-le-defi-de-la-coexistence\/#primaryimage"},"thumbnailUrl":"https:\/\/www.sensorialsunsets.com\/wp-content\/uploads\/2023\/09\/pexels-tim-gouw-186452-scaled.jpg","articleSection":["Costa Rica"],"inLanguage":"fr-FR"},{"@type":"WebPage","@id":"https:\/\/www.sensorialsunsets.com\/fr\/touristes-deplacement-et-cherte-de-la-vie-le-defi-de-la-coexistence\/","url":"https:\/\/www.sensorialsunsets.com\/fr\/touristes-deplacement-et-cherte-de-la-vie-le-defi-de-la-coexistence\/","name":"D\u00e9placement et chert\u00e9 de la vie : coexistence","isPartOf":{"@id":"https:\/\/www.sensorialsunsets.com\/fr\/#website"},"primaryImageOfPage":{"@id":"https:\/\/www.sensorialsunsets.com\/fr\/touristes-deplacement-et-cherte-de-la-vie-le-defi-de-la-coexistence\/#primaryimage"},"image":{"@id":"https:\/\/www.sensorialsunsets.com\/fr\/touristes-deplacement-et-cherte-de-la-vie-le-defi-de-la-coexistence\/#primaryimage"},"thumbnailUrl":"https:\/\/www.sensorialsunsets.com\/wp-content\/uploads\/2023\/09\/pexels-tim-gouw-186452-scaled.jpg","datePublished":"2023-10-02T16:50:33+00:00","dateModified":"2023-10-02T16:50:34+00:00","description":"Touristes : Nous \u00e9tudierons les investissements directs \u00e9trangers et leur impact sur le d\u00e9veloppement \u00e9conomique et la cr\u00e9ation d'emplois.","inLanguage":"fr-FR","potentialAction":[{"@type":"ReadAction","target":["https:\/\/www.sensorialsunsets.com\/fr\/touristes-deplacement-et-cherte-de-la-vie-le-defi-de-la-coexistence\/"]}]},{"@type":"ImageObject","inLanguage":"fr-FR","@id":"https:\/\/www.sensorialsunsets.com\/fr\/touristes-deplacement-et-cherte-de-la-vie-le-defi-de-la-coexistence\/#primaryimage","url":"https:\/\/www.sensorialsunsets.com\/wp-content\/uploads\/2023\/09\/pexels-tim-gouw-186452-scaled.jpg","contentUrl":"https:\/\/www.sensorialsunsets.com\/wp-content\/uploads\/2023\/09\/pexels-tim-gouw-186452-scaled.jpg","width":2560,"height":1708},{"@type":"WebSite","@id":"https:\/\/www.sensorialsunsets.com\/fr\/#website","url":"https:\/\/www.sensorialsunsets.com\/fr\/","name":"SensorialSunsets.com","description":"D\u00e9couvrez la culture et la soci\u00e9t\u00e9 du Costa Rica sur notre blog. Explorez des articles captivants et partagez le contenu.","publisher":{"@id":"https:\/\/www.sensorialsunsets.com\/fr\/#organization"},"alternateName":"Costa Rica Live Blog","potentialAction":[{"@type":"SearchAction","target":{"@type":"EntryPoint","urlTemplate":"https:\/\/www.sensorialsunsets.com\/fr\/?s={search_term_string}"},"query-input":{"@type":"PropertyValueSpecification","valueRequired":true,"valueName":"search_term_string"}}],"inLanguage":"fr-FR"},{"@type":"Organization","@id":"https:\/\/www.sensorialsunsets.com\/fr\/#organization","name":"SensorialSunsets","url":"https:\/\/www.sensorialsunsets.com\/fr\/","logo":{"@type":"ImageObject","inLanguage":"fr-FR","@id":"https:\/\/www.sensorialsunsets.com\/fr\/#\/schema\/logo\/image\/","url":"https:\/\/www.sensorialsunsets.com\/wp-content\/uploads\/2023\/04\/Logo_base_line_fond_clair.svg","contentUrl":"https:\/\/www.sensorialsunsets.com\/wp-content\/uploads\/2023\/04\/Logo_base_line_fond_clair.svg","width":"1024","height":"1024","caption":"SensorialSunsets"},"image":{"@id":"https:\/\/www.sensorialsunsets.com\/fr\/#\/schema\/logo\/image\/"},"sameAs":["https:\/\/www.facebook.com\/Sensorial-Sunsets-109180614715562","https:\/\/www.instagram.com\/sensorialsunsets\/"]},{"@type":"Person","@id":"https:\/\/www.sensorialsunsets.com\/fr\/#\/schema\/person\/77e2fa594135aa94024c47e281d8a94d","name":"Sensorial Sunsets","image":{"@type":"ImageObject","inLanguage":"fr-FR","@id":"https:\/\/secure.gravatar.com\/avatar\/5f2d62681b1dad94c28f1500d4fc75582acdfd32b55fd1acce0a36a3c487eabe?s=96&d=mm&r=g","url":"https:\/\/secure.gravatar.com\/avatar\/5f2d62681b1dad94c28f1500d4fc75582acdfd32b55fd1acce0a36a3c487eabe?s=96&d=mm&r=g","contentUrl":"https:\/\/secure.gravatar.com\/avatar\/5f2d62681b1dad94c28f1500d4fc75582acdfd32b55fd1acce0a36a3c487eabe?s=96&d=mm&r=g","caption":"Sensorial Sunsets"},"url":"https:\/\/www.sensorialsunsets.com\/fr\/author\/asistentes-sensorial-sunsets\/"}]}},"_links":{"self":[{"href":"https:\/\/www.sensorialsunsets.com\/fr\/wp-json\/wp\/v2\/posts\/10985","targetHints":{"allow":["GET"]}}],"collection":[{"href":"https:\/\/www.sensorialsunsets.com\/fr\/wp-json\/wp\/v2\/posts"}],"about":[{"href":"https:\/\/www.sensorialsunsets.com\/fr\/wp-json\/wp\/v2\/types\/post"}],"author":[{"embeddable":true,"href":"https:\/\/www.sensorialsunsets.com\/fr\/wp-json\/wp\/v2\/users\/4"}],"replies":[{"embeddable":true,"href":"https:\/\/www.sensorialsunsets.com\/fr\/wp-json\/wp\/v2\/comments?post=10985"}],"version-history":[{"count":0,"href":"https:\/\/www.sensorialsunsets.com\/fr\/wp-json\/wp\/v2\/posts\/10985\/revisions"}],"wp:featuredmedia":[{"embeddable":true,"href":"https:\/\/www.sensorialsunsets.com\/fr\/wp-json\/wp\/v2\/media\/10845"}],"wp:attachment":[{"href":"https:\/\/www.sensorialsunsets.com\/fr\/wp-json\/wp\/v2\/media?parent=10985"}],"wp:term":[{"taxonomy":"category","embeddable":true,"href":"https:\/\/www.sensorialsunsets.com\/fr\/wp-json\/wp\/v2\/categories?post=10985"},{"taxonomy":"post_tag","embeddable":true,"href":"https:\/\/www.sensorialsunsets.com\/fr\/wp-json\/wp\/v2\/tags?post=10985"}],"curies":[{"name":"wp","href":"https:\/\/api.w.org\/{rel}","templated":true}]}}