{"id":11220,"date":"2023-10-11T10:29:52","date_gmt":"2023-10-11T16:29:52","guid":{"rendered":"https:\/\/www.sensorialsunsets.com\/?p=11220"},"modified":"2023-10-11T10:30:08","modified_gmt":"2023-10-11T16:30:08","slug":"le-parc-environnemental-municipal-de-rio-loro-un-refuge-naturel","status":"publish","type":"post","link":"https:\/\/www.sensorialsunsets.com\/fr\/le-parc-environnemental-municipal-de-rio-loro-un-refuge-naturel\/","title":{"rendered":"Le parc environnemental municipal de Rio Loro : un refuge naturel"},"content":{"rendered":"\n<p>Le <a href=\"https:\/\/www.sensorialsunsets.com\/fr\/tapanti-le-parc-national-macizo-de-la-muerte\/\">Parc environnemental de Rio Loro<\/a> est situ\u00e9 dans le district de San Nicol\u00e1s du canton central de Cartago, au Costa Rica, dans une zone qui correspond \u00e0 l&rsquo;\u00e9cosyst\u00e8me de la for\u00eat tropicale humide de montagne. En d\u00e9pit de sa richesse naturelle, cet \u00e9cosyst\u00e8me est en danger en raison de la fragmentation et de la disparition de sa couverture originelle. Le fait qu&rsquo;il soit situ\u00e9 dans une zone o\u00f9 les conditions climatiques sont propices \u00e0 l&rsquo;agriculture et \u00e0 l&rsquo;\u00e9tablissement humain a contribu\u00e9 de mani\u00e8re significative \u00e0 cette menace.<\/p>\n\n\n\n<h3 class=\"wp-block-heading\"><strong>Biodiversit\u00e9 et efforts de conservation<\/strong>.<\/h3>\n\n\n\n<p>Actuellement, 136 esp\u00e8ces de plantes et 135 esp\u00e8ces d&rsquo;oiseaux ont \u00e9t\u00e9 identifi\u00e9es dans le parc. Il couvre une superficie d&rsquo;environ 23 hectares. Il joue un r\u00f4le crucial dans l&rsquo;approvisionnement en eau potable de plusieurs communaut\u00e9s. Le parc accueille \u00e9galement des visiteurs locaux et \u00e9trangers, ce qui contribue \u00e0 la sensibilisation \u00e0 l&rsquo;environnement et \u00e0 l&rsquo;\u00e9ducation \u00e0 la conservation.<\/p>\n\n\n<div class=\"wp-block-image\">\n<figure class=\"alignleft size-large is-resized\"><img loading=\"lazy\" decoding=\"async\" src=\"https:\/\/www.sensorialsunsets.com\/wp-content\/uploads\/2023\/10\/280010956_5378943358816454_5024169187019089668_n-768x1024.jpg\" alt=\"\" class=\"wp-image-11199\" style=\"width:353px;height:471px\" width=\"353\" height=\"471\" srcset=\"https:\/\/www.sensorialsunsets.com\/wp-content\/uploads\/2023\/10\/280010956_5378943358816454_5024169187019089668_n-768x1024.jpg 768w, https:\/\/www.sensorialsunsets.com\/wp-content\/uploads\/2023\/10\/280010956_5378943358816454_5024169187019089668_n-225x300.jpg 225w, https:\/\/www.sensorialsunsets.com\/wp-content\/uploads\/2023\/10\/280010956_5378943358816454_5024169187019089668_n-1152x1536.jpg 1152w, https:\/\/www.sensorialsunsets.com\/wp-content\/uploads\/2023\/10\/280010956_5378943358816454_5024169187019089668_n-1320x1760.jpg 1320w, https:\/\/www.sensorialsunsets.com\/wp-content\/uploads\/2023\/10\/280010956_5378943358816454_5024169187019089668_n.jpg 1536w\" sizes=\"auto, (max-width: 353px) 100vw, 353px\" \/><\/figure>\n<\/div>\n\n\n<p>Depuis sa cr\u00e9ation en 2009, il met en \u0153uvre des strat\u00e9gies de conservation, telles que l&rsquo;introduction d&rsquo;esp\u00e8ces foresti\u00e8res et la promotion de la r\u00e9g\u00e9n\u00e9ration naturelle. <\/p>\n\n\n\n<p>La mission du parc est de conserver la for\u00eat et de promouvoir l&rsquo;\u00e9ducation \u00e0 l&rsquo;environnement. Sa vision est de consolider un espace o\u00f9 les ressources en eau sont prot\u00e9g\u00e9es et o\u00f9 la conservation est encourag\u00e9e avec la participation des citoyens. Cependant, l&rsquo;impact environnemental des activit\u00e9s r\u00e9cr\u00e9atives et \u00e9ducatives et du d\u00e9veloppement des infrastructures sur la v\u00e9g\u00e9tation du parc suscite des inqui\u00e9tudes l\u00e9gitimes. <\/p>\n\n\n\n<blockquote class=\"wp-block-quote is-layout-flow wp-block-quote-is-layout-flow\">\n<p>Il est essentiel d&rsquo;\u00e9valuer et de g\u00e9rer correctement cet impact pour assurer la pr\u00e9servation \u00e0 long terme du PAMRL.<\/p>\n<\/blockquote>\n\n\n\n<p><a href=\"https:\/\/www.facebook.com\/ParqueAmbientalMunicipalRioLoro\/?locale=es_LA\">Le parc environnemental municipal de R\u00edo Loro<\/a> repr\u00e9sente un effort de conservation pr\u00e9cieux dans un contexte de croissance urbaine et de d\u00e9veloppement humain. Sa richesse biologique et son importance en tant que source d&rsquo;eau potable rendent sa pr\u00e9servation essentielle. <\/p>\n\n\n\n<p>Les activit\u00e9s humaines dans ce tr\u00e9sor naturel doivent \u00eatre abord\u00e9es de mani\u00e8re responsable afin d&rsquo;assurer sa survie et d&rsquo;\u00e9duquer les g\u00e9n\u00e9rations futures \u00e0 l&rsquo;importance de la conservation.<\/p>\n","protected":false},"excerpt":{"rendered":"<p>Le Parc environnemental de Rio Loro est situ\u00e9 dans le district de San Nicol\u00e1s du canton central de Cartago, au Costa Rica, dans une zone qui correspond \u00e0 l&rsquo;\u00e9cosyst\u00e8me de la for\u00eat tropicale humide de montagne. En d\u00e9pit de sa richesse naturelle, cet \u00e9cosyst\u00e8me est en danger en raison de la fragmentation et de la [&hellip;]<\/p>\n","protected":false},"author":4,"featured_media":11205,"comment_status":"closed","ping_status":"closed","sticky":false,"template":"","format":"standard","meta":{"_acf_changed":false,"inline_featured_image":false,"_monsterinsights_skip_tracking":false,"_monsterinsights_sitenote_active":false,"_monsterinsights_sitenote_note":"","_monsterinsights_sitenote_category":0,"footnotes":""},"categories":[100],"tags":[],"class_list":["post-11220","post","type-post","status-publish","format-standard","has-post-thumbnail","hentry","category-costa-rica-fr"],"acf":[],"yoast_head":"<!-- This site is optimized with the Yoast SEO plugin v27.4 - https:\/\/yoast.com\/product\/yoast-seo-wordpress\/ -->\n<title>Le parc environnemental municipal de Rio Loro : un refuge naturel - SensorialSunsets<\/title>\n<meta name=\"description\" content=\"La richesse de cet \u00e9cosyst\u00e8me du Rio Loro, les menaces et les efforts de conservation d\u00e9ploy\u00e9s sont d\u00e9crits dans cet article.\" \/>\n<meta name=\"robots\" content=\"index, follow, max-snippet:-1, max-image-preview:large, max-video-preview:-1\" \/>\n<link rel=\"canonical\" href=\"https:\/\/www.sensorialsunsets.com\/fr\/le-parc-environnemental-municipal-de-rio-loro-un-refuge-naturel\/\" \/>\n<meta property=\"og:locale\" content=\"fr_FR\" \/>\n<meta property=\"og:type\" content=\"article\" \/>\n<meta property=\"og:title\" content=\"Le parc environnemental municipal de Rio Loro : un refuge naturel - SensorialSunsets\" \/>\n<meta property=\"og:description\" content=\"La richesse de cet \u00e9cosyst\u00e8me du Rio Loro, les menaces et les efforts de conservation d\u00e9ploy\u00e9s sont d\u00e9crits dans cet article.\" \/>\n<meta property=\"og:url\" content=\"https:\/\/www.sensorialsunsets.com\/fr\/le-parc-environnemental-municipal-de-rio-loro-un-refuge-naturel\/\" \/>\n<meta property=\"og:site_name\" content=\"SensorialSunsets\" \/>\n<meta property=\"article:publisher\" content=\"https:\/\/www.facebook.com\/Sensorial-Sunsets-109180614715562\" \/>\n<meta property=\"article:published_time\" content=\"2023-10-11T16:29:52+00:00\" \/>\n<meta property=\"article:modified_time\" content=\"2023-10-11T16:30:08+00:00\" \/>\n<meta property=\"og:image\" content=\"https:\/\/www.sensorialsunsets.com\/wp-content\/uploads\/2023\/10\/86783849667.png\" \/>\n\t<meta property=\"og:image:width\" content=\"866\" \/>\n\t<meta property=\"og:image:height\" content=\"649\" \/>\n\t<meta property=\"og:image:type\" content=\"image\/png\" \/>\n<meta name=\"author\" content=\"Sensorial Sunsets\" \/>\n<meta name=\"twitter:card\" content=\"summary_large_image\" \/>\n<meta name=\"twitter:label1\" content=\"\u00c9crit par\" \/>\n\t<meta name=\"twitter:data1\" content=\"Sensorial Sunsets\" \/>\n\t<meta name=\"twitter:label2\" content=\"Dur\u00e9e de lecture estim\u00e9e\" \/>\n\t<meta name=\"twitter:data2\" content=\"2 minutes\" \/>\n<script type=\"application\/ld+json\" class=\"yoast-schema-graph\">{\"@context\":\"https:\\\/\\\/schema.org\",\"@graph\":[{\"@type\":\"Article\",\"@id\":\"https:\\\/\\\/www.sensorialsunsets.com\\\/fr\\\/le-parc-environnemental-municipal-de-rio-loro-un-refuge-naturel\\\/#article\",\"isPartOf\":{\"@id\":\"https:\\\/\\\/www.sensorialsunsets.com\\\/fr\\\/le-parc-environnemental-municipal-de-rio-loro-un-refuge-naturel\\\/\"},\"author\":{\"name\":\"Sensorial Sunsets\",\"@id\":\"https:\\\/\\\/www.sensorialsunsets.com\\\/fr\\\/#\\\/schema\\\/person\\\/77e2fa594135aa94024c47e281d8a94d\"},\"headline\":\"Le parc environnemental municipal de Rio Loro : un refuge naturel\",\"datePublished\":\"2023-10-11T16:29:52+00:00\",\"dateModified\":\"2023-10-11T16:30:08+00:00\",\"mainEntityOfPage\":{\"@id\":\"https:\\\/\\\/www.sensorialsunsets.com\\\/fr\\\/le-parc-environnemental-municipal-de-rio-loro-un-refuge-naturel\\\/\"},\"wordCount\":380,\"publisher\":{\"@id\":\"https:\\\/\\\/www.sensorialsunsets.com\\\/fr\\\/#organization\"},\"image\":{\"@id\":\"https:\\\/\\\/www.sensorialsunsets.com\\\/fr\\\/le-parc-environnemental-municipal-de-rio-loro-un-refuge-naturel\\\/#primaryimage\"},\"thumbnailUrl\":\"https:\\\/\\\/www.sensorialsunsets.com\\\/wp-content\\\/uploads\\\/2023\\\/10\\\/86783849667.png\",\"articleSection\":[\"Costa Rica\"],\"inLanguage\":\"fr-FR\"},{\"@type\":\"WebPage\",\"@id\":\"https:\\\/\\\/www.sensorialsunsets.com\\\/fr\\\/le-parc-environnemental-municipal-de-rio-loro-un-refuge-naturel\\\/\",\"url\":\"https:\\\/\\\/www.sensorialsunsets.com\\\/fr\\\/le-parc-environnemental-municipal-de-rio-loro-un-refuge-naturel\\\/\",\"name\":\"Le parc environnemental municipal de Rio Loro : un refuge naturel - SensorialSunsets\",\"isPartOf\":{\"@id\":\"https:\\\/\\\/www.sensorialsunsets.com\\\/fr\\\/#website\"},\"primaryImageOfPage\":{\"@id\":\"https:\\\/\\\/www.sensorialsunsets.com\\\/fr\\\/le-parc-environnemental-municipal-de-rio-loro-un-refuge-naturel\\\/#primaryimage\"},\"image\":{\"@id\":\"https:\\\/\\\/www.sensorialsunsets.com\\\/fr\\\/le-parc-environnemental-municipal-de-rio-loro-un-refuge-naturel\\\/#primaryimage\"},\"thumbnailUrl\":\"https:\\\/\\\/www.sensorialsunsets.com\\\/wp-content\\\/uploads\\\/2023\\\/10\\\/86783849667.png\",\"datePublished\":\"2023-10-11T16:29:52+00:00\",\"dateModified\":\"2023-10-11T16:30:08+00:00\",\"description\":\"La richesse de cet \u00e9cosyst\u00e8me du Rio Loro, les menaces et les efforts de conservation d\u00e9ploy\u00e9s sont d\u00e9crits dans cet article.\",\"inLanguage\":\"fr-FR\",\"potentialAction\":[{\"@type\":\"ReadAction\",\"target\":[\"https:\\\/\\\/www.sensorialsunsets.com\\\/fr\\\/le-parc-environnemental-municipal-de-rio-loro-un-refuge-naturel\\\/\"]}]},{\"@type\":\"ImageObject\",\"inLanguage\":\"fr-FR\",\"@id\":\"https:\\\/\\\/www.sensorialsunsets.com\\\/fr\\\/le-parc-environnemental-municipal-de-rio-loro-un-refuge-naturel\\\/#primaryimage\",\"url\":\"https:\\\/\\\/www.sensorialsunsets.com\\\/wp-content\\\/uploads\\\/2023\\\/10\\\/86783849667.png\",\"contentUrl\":\"https:\\\/\\\/www.sensorialsunsets.com\\\/wp-content\\\/uploads\\\/2023\\\/10\\\/86783849667.png\",\"width\":866,\"height\":649},{\"@type\":\"WebSite\",\"@id\":\"https:\\\/\\\/www.sensorialsunsets.com\\\/fr\\\/#website\",\"url\":\"https:\\\/\\\/www.sensorialsunsets.com\\\/fr\\\/\",\"name\":\"SensorialSunsets.com\",\"description\":\"D\u00e9couvrez la culture et la soci\u00e9t\u00e9 du Costa Rica sur notre blog. Explorez des articles captivants et partagez le contenu.\",\"publisher\":{\"@id\":\"https:\\\/\\\/www.sensorialsunsets.com\\\/fr\\\/#organization\"},\"alternateName\":\"Costa Rica Live Blog\",\"potentialAction\":[{\"@type\":\"SearchAction\",\"target\":{\"@type\":\"EntryPoint\",\"urlTemplate\":\"https:\\\/\\\/www.sensorialsunsets.com\\\/fr\\\/?s={search_term_string}\"},\"query-input\":{\"@type\":\"PropertyValueSpecification\",\"valueRequired\":true,\"valueName\":\"search_term_string\"}}],\"inLanguage\":\"fr-FR\"},{\"@type\":\"Organization\",\"@id\":\"https:\\\/\\\/www.sensorialsunsets.com\\\/fr\\\/#organization\",\"name\":\"SensorialSunsets\",\"url\":\"https:\\\/\\\/www.sensorialsunsets.com\\\/fr\\\/\",\"logo\":{\"@type\":\"ImageObject\",\"inLanguage\":\"fr-FR\",\"@id\":\"https:\\\/\\\/www.sensorialsunsets.com\\\/fr\\\/#\\\/schema\\\/logo\\\/image\\\/\",\"url\":\"https:\\\/\\\/www.sensorialsunsets.com\\\/wp-content\\\/uploads\\\/2023\\\/04\\\/Logo_base_line_fond_clair.svg\",\"contentUrl\":\"https:\\\/\\\/www.sensorialsunsets.com\\\/wp-content\\\/uploads\\\/2023\\\/04\\\/Logo_base_line_fond_clair.svg\",\"width\":\"1024\",\"height\":\"1024\",\"caption\":\"SensorialSunsets\"},\"image\":{\"@id\":\"https:\\\/\\\/www.sensorialsunsets.com\\\/fr\\\/#\\\/schema\\\/logo\\\/image\\\/\"},\"sameAs\":[\"https:\\\/\\\/www.facebook.com\\\/Sensorial-Sunsets-109180614715562\",\"https:\\\/\\\/www.instagram.com\\\/sensorialsunsets\\\/\"]},{\"@type\":\"Person\",\"@id\":\"https:\\\/\\\/www.sensorialsunsets.com\\\/fr\\\/#\\\/schema\\\/person\\\/77e2fa594135aa94024c47e281d8a94d\",\"name\":\"Sensorial Sunsets\",\"image\":{\"@type\":\"ImageObject\",\"inLanguage\":\"fr-FR\",\"@id\":\"https:\\\/\\\/secure.gravatar.com\\\/avatar\\\/5f2d62681b1dad94c28f1500d4fc75582acdfd32b55fd1acce0a36a3c487eabe?s=96&d=mm&r=g\",\"url\":\"https:\\\/\\\/secure.gravatar.com\\\/avatar\\\/5f2d62681b1dad94c28f1500d4fc75582acdfd32b55fd1acce0a36a3c487eabe?s=96&d=mm&r=g\",\"contentUrl\":\"https:\\\/\\\/secure.gravatar.com\\\/avatar\\\/5f2d62681b1dad94c28f1500d4fc75582acdfd32b55fd1acce0a36a3c487eabe?s=96&d=mm&r=g\",\"caption\":\"Sensorial Sunsets\"},\"url\":\"https:\\\/\\\/www.sensorialsunsets.com\\\/fr\\\/author\\\/asistentes-sensorial-sunsets\\\/\"}]}<\/script>\n<!-- \/ Yoast SEO plugin. -->","yoast_head_json":{"title":"Le parc environnemental municipal de Rio Loro : un refuge naturel - SensorialSunsets","description":"La richesse de cet \u00e9cosyst\u00e8me du Rio Loro, les menaces et les efforts de conservation d\u00e9ploy\u00e9s sont d\u00e9crits dans cet article.","robots":{"index":"index","follow":"follow","max-snippet":"max-snippet:-1","max-image-preview":"max-image-preview:large","max-video-preview":"max-video-preview:-1"},"canonical":"https:\/\/www.sensorialsunsets.com\/fr\/le-parc-environnemental-municipal-de-rio-loro-un-refuge-naturel\/","og_locale":"fr_FR","og_type":"article","og_title":"Le parc environnemental municipal de Rio Loro : un refuge naturel - SensorialSunsets","og_description":"La richesse de cet \u00e9cosyst\u00e8me du Rio Loro, les menaces et les efforts de conservation d\u00e9ploy\u00e9s sont d\u00e9crits dans cet article.","og_url":"https:\/\/www.sensorialsunsets.com\/fr\/le-parc-environnemental-municipal-de-rio-loro-un-refuge-naturel\/","og_site_name":"SensorialSunsets","article_publisher":"https:\/\/www.facebook.com\/Sensorial-Sunsets-109180614715562","article_published_time":"2023-10-11T16:29:52+00:00","article_modified_time":"2023-10-11T16:30:08+00:00","og_image":[{"width":866,"height":649,"url":"https:\/\/www.sensorialsunsets.com\/wp-content\/uploads\/2023\/10\/86783849667.png","type":"image\/png"}],"author":"Sensorial Sunsets","twitter_card":"summary_large_image","twitter_misc":{"\u00c9crit par":"Sensorial Sunsets","Dur\u00e9e de lecture estim\u00e9e":"2 minutes"},"schema":{"@context":"https:\/\/schema.org","@graph":[{"@type":"Article","@id":"https:\/\/www.sensorialsunsets.com\/fr\/le-parc-environnemental-municipal-de-rio-loro-un-refuge-naturel\/#article","isPartOf":{"@id":"https:\/\/www.sensorialsunsets.com\/fr\/le-parc-environnemental-municipal-de-rio-loro-un-refuge-naturel\/"},"author":{"name":"Sensorial Sunsets","@id":"https:\/\/www.sensorialsunsets.com\/fr\/#\/schema\/person\/77e2fa594135aa94024c47e281d8a94d"},"headline":"Le parc environnemental municipal de Rio Loro : un refuge naturel","datePublished":"2023-10-11T16:29:52+00:00","dateModified":"2023-10-11T16:30:08+00:00","mainEntityOfPage":{"@id":"https:\/\/www.sensorialsunsets.com\/fr\/le-parc-environnemental-municipal-de-rio-loro-un-refuge-naturel\/"},"wordCount":380,"publisher":{"@id":"https:\/\/www.sensorialsunsets.com\/fr\/#organization"},"image":{"@id":"https:\/\/www.sensorialsunsets.com\/fr\/le-parc-environnemental-municipal-de-rio-loro-un-refuge-naturel\/#primaryimage"},"thumbnailUrl":"https:\/\/www.sensorialsunsets.com\/wp-content\/uploads\/2023\/10\/86783849667.png","articleSection":["Costa Rica"],"inLanguage":"fr-FR"},{"@type":"WebPage","@id":"https:\/\/www.sensorialsunsets.com\/fr\/le-parc-environnemental-municipal-de-rio-loro-un-refuge-naturel\/","url":"https:\/\/www.sensorialsunsets.com\/fr\/le-parc-environnemental-municipal-de-rio-loro-un-refuge-naturel\/","name":"Le parc environnemental municipal de Rio Loro : un refuge naturel - SensorialSunsets","isPartOf":{"@id":"https:\/\/www.sensorialsunsets.com\/fr\/#website"},"primaryImageOfPage":{"@id":"https:\/\/www.sensorialsunsets.com\/fr\/le-parc-environnemental-municipal-de-rio-loro-un-refuge-naturel\/#primaryimage"},"image":{"@id":"https:\/\/www.sensorialsunsets.com\/fr\/le-parc-environnemental-municipal-de-rio-loro-un-refuge-naturel\/#primaryimage"},"thumbnailUrl":"https:\/\/www.sensorialsunsets.com\/wp-content\/uploads\/2023\/10\/86783849667.png","datePublished":"2023-10-11T16:29:52+00:00","dateModified":"2023-10-11T16:30:08+00:00","description":"La richesse de cet \u00e9cosyst\u00e8me du Rio Loro, les menaces et les efforts de conservation d\u00e9ploy\u00e9s sont d\u00e9crits dans cet article.","inLanguage":"fr-FR","potentialAction":[{"@type":"ReadAction","target":["https:\/\/www.sensorialsunsets.com\/fr\/le-parc-environnemental-municipal-de-rio-loro-un-refuge-naturel\/"]}]},{"@type":"ImageObject","inLanguage":"fr-FR","@id":"https:\/\/www.sensorialsunsets.com\/fr\/le-parc-environnemental-municipal-de-rio-loro-un-refuge-naturel\/#primaryimage","url":"https:\/\/www.sensorialsunsets.com\/wp-content\/uploads\/2023\/10\/86783849667.png","contentUrl":"https:\/\/www.sensorialsunsets.com\/wp-content\/uploads\/2023\/10\/86783849667.png","width":866,"height":649},{"@type":"WebSite","@id":"https:\/\/www.sensorialsunsets.com\/fr\/#website","url":"https:\/\/www.sensorialsunsets.com\/fr\/","name":"SensorialSunsets.com","description":"D\u00e9couvrez la culture et la soci\u00e9t\u00e9 du Costa Rica sur notre blog. Explorez des articles captivants et partagez le contenu.","publisher":{"@id":"https:\/\/www.sensorialsunsets.com\/fr\/#organization"},"alternateName":"Costa Rica Live Blog","potentialAction":[{"@type":"SearchAction","target":{"@type":"EntryPoint","urlTemplate":"https:\/\/www.sensorialsunsets.com\/fr\/?s={search_term_string}"},"query-input":{"@type":"PropertyValueSpecification","valueRequired":true,"valueName":"search_term_string"}}],"inLanguage":"fr-FR"},{"@type":"Organization","@id":"https:\/\/www.sensorialsunsets.com\/fr\/#organization","name":"SensorialSunsets","url":"https:\/\/www.sensorialsunsets.com\/fr\/","logo":{"@type":"ImageObject","inLanguage":"fr-FR","@id":"https:\/\/www.sensorialsunsets.com\/fr\/#\/schema\/logo\/image\/","url":"https:\/\/www.sensorialsunsets.com\/wp-content\/uploads\/2023\/04\/Logo_base_line_fond_clair.svg","contentUrl":"https:\/\/www.sensorialsunsets.com\/wp-content\/uploads\/2023\/04\/Logo_base_line_fond_clair.svg","width":"1024","height":"1024","caption":"SensorialSunsets"},"image":{"@id":"https:\/\/www.sensorialsunsets.com\/fr\/#\/schema\/logo\/image\/"},"sameAs":["https:\/\/www.facebook.com\/Sensorial-Sunsets-109180614715562","https:\/\/www.instagram.com\/sensorialsunsets\/"]},{"@type":"Person","@id":"https:\/\/www.sensorialsunsets.com\/fr\/#\/schema\/person\/77e2fa594135aa94024c47e281d8a94d","name":"Sensorial Sunsets","image":{"@type":"ImageObject","inLanguage":"fr-FR","@id":"https:\/\/secure.gravatar.com\/avatar\/5f2d62681b1dad94c28f1500d4fc75582acdfd32b55fd1acce0a36a3c487eabe?s=96&d=mm&r=g","url":"https:\/\/secure.gravatar.com\/avatar\/5f2d62681b1dad94c28f1500d4fc75582acdfd32b55fd1acce0a36a3c487eabe?s=96&d=mm&r=g","contentUrl":"https:\/\/secure.gravatar.com\/avatar\/5f2d62681b1dad94c28f1500d4fc75582acdfd32b55fd1acce0a36a3c487eabe?s=96&d=mm&r=g","caption":"Sensorial Sunsets"},"url":"https:\/\/www.sensorialsunsets.com\/fr\/author\/asistentes-sensorial-sunsets\/"}]}},"_links":{"self":[{"href":"https:\/\/www.sensorialsunsets.com\/fr\/wp-json\/wp\/v2\/posts\/11220","targetHints":{"allow":["GET"]}}],"collection":[{"href":"https:\/\/www.sensorialsunsets.com\/fr\/wp-json\/wp\/v2\/posts"}],"about":[{"href":"https:\/\/www.sensorialsunsets.com\/fr\/wp-json\/wp\/v2\/types\/post"}],"author":[{"embeddable":true,"href":"https:\/\/www.sensorialsunsets.com\/fr\/wp-json\/wp\/v2\/users\/4"}],"replies":[{"embeddable":true,"href":"https:\/\/www.sensorialsunsets.com\/fr\/wp-json\/wp\/v2\/comments?post=11220"}],"version-history":[{"count":0,"href":"https:\/\/www.sensorialsunsets.com\/fr\/wp-json\/wp\/v2\/posts\/11220\/revisions"}],"wp:featuredmedia":[{"embeddable":true,"href":"https:\/\/www.sensorialsunsets.com\/fr\/wp-json\/wp\/v2\/media\/11205"}],"wp:attachment":[{"href":"https:\/\/www.sensorialsunsets.com\/fr\/wp-json\/wp\/v2\/media?parent=11220"}],"wp:term":[{"taxonomy":"category","embeddable":true,"href":"https:\/\/www.sensorialsunsets.com\/fr\/wp-json\/wp\/v2\/categories?post=11220"},{"taxonomy":"post_tag","embeddable":true,"href":"https:\/\/www.sensorialsunsets.com\/fr\/wp-json\/wp\/v2\/tags?post=11220"}],"curies":[{"name":"wp","href":"https:\/\/api.w.org\/{rel}","templated":true}]}}