{"id":11241,"date":"2023-10-11T11:59:16","date_gmt":"2023-10-11T17:59:16","guid":{"rendered":"https:\/\/www.sensorialsunsets.com\/?p=11241"},"modified":"2023-10-11T11:59:17","modified_gmt":"2023-10-11T17:59:17","slug":"festival-shnit-san-jose","status":"publish","type":"post","link":"https:\/\/www.sensorialsunsets.com\/fr\/festival-shnit-san-jose\/","title":{"rendered":"Festival shnit San Jos\u00e9"},"content":{"rendered":"\n<p>Le festival shnit San Jos\u00e9 (<a href=\"http:\/\/worldwide.shnit.org\/\">Worldwide Shortfilmfestival<\/a>) est un festival qui a pour but d&rsquo;exposer et de promouvoir les courts m\u00e9trages. Apprenez-en plus \u00e0 ce sujet.<\/p>\n\n\n\n<hr class=\"wp-block-separator has-text-color has-alpha-channel-opacity has-background\" style=\"background-color:#004f5e;color:#004f5e\"\/>\n\n\n\n<p><\/p>\n\n\n\n<p>Si vous habitez \u00e0 San Jos\u00e9 ou si vous avez visit\u00e9 la ville ces jours-ci, vous avez peut-\u00eatre vu des affiches et des publicit\u00e9s pour le festival Shnit San Jos\u00e9. Mais de quoi s&rsquo;agit-il ?<\/p>\n\n\n\n<h3 class=\"wp-block-heading\">Festival shnit<\/h3>\n\n\n\n<p>Il est n\u00e9 en Suisse et s&rsquo;est progressivement \u00e9tendu \u00e0 d&rsquo;autres pays. Aujourd&rsquo;hui, le festival se tient \u00e0 Buenos Aires (Argentine), au Cap (Afrique du Sud), \u00e0 Berne (Suisse), \u00e0 Moscou (Russie), au Caire (\u00c9gypte) et \u00e0 San Jos\u00e9 (Costa Rica). <\/p>\n\n\n\n<p>L&rsquo;\u00e9v\u00e9nement en est \u00e0 sa 20e ann\u00e9e au niveau international et s&rsquo;est positionn\u00e9 comme l&rsquo;un des festivals de courts m\u00e9trages les plus remarquables au monde. Au Costa Rica, il f\u00eate ses 13 ans d&rsquo;existence.<\/p>\n\n\n\n<h3 class=\"wp-block-heading\">Principales activit\u00e9s <\/h3>\n\n\n\n<p>Le festival pr\u00e9sente le plus grand nombre de courts m\u00e9trages nationaux et internationaux \u00e0 San Jos\u00e9. Il vise \u00e0 pr\u00e9senter le meilleur du cin\u00e9ma national et \u00e0 r\u00e9compenser les cr\u00e9ateurs par des prix sp\u00e9ciaux.<\/p>\n\n\n\n<p>Des courts m\u00e9trages s\u00e9lectionn\u00e9s au niveau international sont pr\u00e9sent\u00e9s et concourent dans la cat\u00e9gorie Worldwide. Dans cette section internationale, des projections sp\u00e9ciales sont organis\u00e9es sur les th\u00e8mes suivants : MAGIC MIX, LOVE shnit, des courts m\u00e9trages sur l&rsquo;amour et les relations humaines, et HEAVY shnit, des histoires brutes et tragiques. <\/p>\n\n\n\n<p>Au niveau national, il y a \u00e9galement d&rsquo;autres fonctions. Il y a la section <em>Made in Costa Rica<\/em>, qui concourt pour le prix du jury et le prix du public. Il y a aussi la section <em>Sabor Local : Churchill<\/em>, qui donne aux cr\u00e9ateurs locaux un espace pour produire des histoires cin\u00e9matographiques. Enfin, cette ann\u00e9e, le concours shnit <em>REEL Time<\/em> a \u00e9t\u00e9 ajout\u00e9, dans lequel des courts m\u00e9trages r\u00e9alis\u00e9s en 48 heures concourent, r\u00e9compens\u00e9s par le jury et le public.<\/p>\n\n\n\n<h3 class=\"wp-block-heading\">Ateliers et espaces cr\u00e9atifs<\/h3>\n\n\n\n<p>Le shnit n&rsquo;implique pas seulement la projection de courts m\u00e9trages, mais une s\u00e9rie d&rsquo;ateliers audiovisuels sont mis en place dans diff\u00e9rentes universit\u00e9s du pays.<\/p>\n\n\n\n<p>Il existe \u00e9galement des espaces d\u00e9di\u00e9s \u00e0 l&rsquo;apprentissage et \u00e0 la r\u00e9flexion, anim\u00e9s par des professionnels de la production audiovisuelle.<\/p>\n\n\n\n<p>En outre, apr\u00e8s les spectacles, des f\u00eates avec diff\u00e9rentes pr\u00e9sentations artistiques sont organis\u00e9es en guise d&rsquo;\u00e9v\u00e9nement de cl\u00f4ture. <\/p>\n\n\n\n<h3 class=\"wp-block-heading\">Lieu et date <\/h3>\n\n\n<div class=\"wp-block-image\">\n<figure class=\"aligncenter size-large is-resized\"><img loading=\"lazy\" decoding=\"async\" src=\"https:\/\/www.sensorialsunsets.com\/wp-content\/uploads\/2022\/10\/20220923_210252-Modifie-1024x768.png\" alt=\"Le festival shnit San Jos\u00e9 (Worldwide Shortfilmfestival) est un festival qui a pour but d'exposer et de promouvoir les courts m\u00e9trages. Apprenez-en plus \u00e0 ce sujet.\" class=\"wp-image-3947\" style=\"width:681px;height:511px\" width=\"681\" height=\"511\" srcset=\"https:\/\/www.sensorialsunsets.com\/wp-content\/uploads\/2022\/10\/20220923_210252-Modifie-1024x768.png 1024w, https:\/\/www.sensorialsunsets.com\/wp-content\/uploads\/2022\/10\/20220923_210252-Modifie-300x225.png 300w, https:\/\/www.sensorialsunsets.com\/wp-content\/uploads\/2022\/10\/20220923_210252-Modifie-768x576.png 768w, https:\/\/www.sensorialsunsets.com\/wp-content\/uploads\/2022\/10\/20220923_210252-Modifie-1536x1152.png 1536w, https:\/\/www.sensorialsunsets.com\/wp-content\/uploads\/2022\/10\/20220923_210252-Modifie-1320x990.png 1320w, https:\/\/www.sensorialsunsets.com\/wp-content\/uploads\/2022\/10\/20220923_210252-Modifie.png 1600w\" sizes=\"auto, (max-width: 681px) 100vw, 681px\" \/><\/figure>\n<\/div>\n\n\n<p><\/p>\n\n\n\n<p>Le festival Shnit San Jos\u00e9 se d\u00e9roule au <a href=\"https:\/\/www.sensorialsunsets.com\/fr\/le-cinema-magaly\/\">cin\u00e9ma Magaly<\/a> du 5 au 15 octobre. <\/p>\n\n\n\n<p>D\u00e9couvrez la cr\u00e9ativit\u00e9 costaricienne et internationale !<\/p>\n\n\n\n<p><strong>Sensorial Sunsets<\/strong><\/p>\n","protected":false},"excerpt":{"rendered":"<p>Le festival shnit San Jos\u00e9 (Worldwide Shortfilmfestival) est un festival qui a pour but d&rsquo;exposer et de promouvoir les courts m\u00e9trages. Apprenez-en plus \u00e0 ce sujet. Si vous habitez \u00e0 San Jos\u00e9 ou si vous avez visit\u00e9 la ville ces jours-ci, vous avez peut-\u00eatre vu des affiches et des publicit\u00e9s pour le festival Shnit San [&hellip;]<\/p>\n","protected":false},"author":4,"featured_media":11234,"comment_status":"closed","ping_status":"closed","sticky":false,"template":"","format":"standard","meta":{"_acf_changed":false,"inline_featured_image":false,"_monsterinsights_skip_tracking":false,"_monsterinsights_sitenote_active":false,"_monsterinsights_sitenote_note":"","_monsterinsights_sitenote_category":0,"footnotes":""},"categories":[104],"tags":[],"class_list":["post-11241","post","type-post","status-publish","format-standard","has-post-thumbnail","hentry","category-culture-fr"],"acf":[],"yoast_head":"<!-- This site is optimized with the Yoast SEO plugin v27.4 - https:\/\/yoast.com\/product\/yoast-seo-wordpress\/ -->\n<title>Festival shnit San Jos\u00e9 - SensorialSunsets<\/title>\n<meta name=\"description\" content=\"Le Festival shnit San Jos\u00e9 est un festival qui vise \u00e0 exposer et \u00e0 promouvoir les courts m\u00e9trages. Apprenez-en plus \u00e0 ce sujet.\" \/>\n<meta name=\"robots\" content=\"index, follow, max-snippet:-1, max-image-preview:large, max-video-preview:-1\" \/>\n<link rel=\"canonical\" href=\"https:\/\/www.sensorialsunsets.com\/fr\/festival-shnit-san-jose\/\" \/>\n<meta property=\"og:locale\" content=\"fr_FR\" \/>\n<meta property=\"og:type\" content=\"article\" \/>\n<meta property=\"og:title\" content=\"Festival shnit San Jos\u00e9 - SensorialSunsets\" \/>\n<meta property=\"og:description\" content=\"Le Festival shnit San Jos\u00e9 est un festival qui vise \u00e0 exposer et \u00e0 promouvoir les courts m\u00e9trages. Apprenez-en plus \u00e0 ce sujet.\" \/>\n<meta property=\"og:url\" content=\"https:\/\/www.sensorialsunsets.com\/fr\/festival-shnit-san-jose\/\" \/>\n<meta property=\"og:site_name\" content=\"SensorialSunsets\" \/>\n<meta property=\"article:publisher\" content=\"https:\/\/www.facebook.com\/Sensorial-Sunsets-109180614715562\" \/>\n<meta property=\"article:published_time\" content=\"2023-10-11T17:59:16+00:00\" \/>\n<meta property=\"article:modified_time\" content=\"2023-10-11T17:59:17+00:00\" \/>\n<meta property=\"og:image\" content=\"https:\/\/www.sensorialsunsets.com\/wp-content\/uploads\/2023\/10\/shnit.jpg\" \/>\n\t<meta property=\"og:image:width\" content=\"1920\" \/>\n\t<meta property=\"og:image:height\" content=\"1008\" \/>\n\t<meta property=\"og:image:type\" content=\"image\/jpeg\" \/>\n<meta name=\"author\" content=\"Sensorial Sunsets\" \/>\n<meta name=\"twitter:card\" content=\"summary_large_image\" \/>\n<meta name=\"twitter:label1\" content=\"\u00c9crit par\" \/>\n\t<meta name=\"twitter:data1\" content=\"Sensorial Sunsets\" \/>\n\t<meta name=\"twitter:label2\" content=\"Dur\u00e9e de lecture estim\u00e9e\" \/>\n\t<meta name=\"twitter:data2\" content=\"2 minutes\" \/>\n<script type=\"application\/ld+json\" class=\"yoast-schema-graph\">{\"@context\":\"https:\\\/\\\/schema.org\",\"@graph\":[{\"@type\":\"Article\",\"@id\":\"https:\\\/\\\/www.sensorialsunsets.com\\\/fr\\\/festival-shnit-san-jose\\\/#article\",\"isPartOf\":{\"@id\":\"https:\\\/\\\/www.sensorialsunsets.com\\\/fr\\\/festival-shnit-san-jose\\\/\"},\"author\":{\"name\":\"Sensorial Sunsets\",\"@id\":\"https:\\\/\\\/www.sensorialsunsets.com\\\/fr\\\/#\\\/schema\\\/person\\\/77e2fa594135aa94024c47e281d8a94d\"},\"headline\":\"Festival shnit San Jos\u00e9\",\"datePublished\":\"2023-10-11T17:59:16+00:00\",\"dateModified\":\"2023-10-11T17:59:17+00:00\",\"mainEntityOfPage\":{\"@id\":\"https:\\\/\\\/www.sensorialsunsets.com\\\/fr\\\/festival-shnit-san-jose\\\/\"},\"wordCount\":448,\"publisher\":{\"@id\":\"https:\\\/\\\/www.sensorialsunsets.com\\\/fr\\\/#organization\"},\"image\":{\"@id\":\"https:\\\/\\\/www.sensorialsunsets.com\\\/fr\\\/festival-shnit-san-jose\\\/#primaryimage\"},\"thumbnailUrl\":\"https:\\\/\\\/www.sensorialsunsets.com\\\/wp-content\\\/uploads\\\/2023\\\/10\\\/shnit.jpg\",\"articleSection\":[\"Culture\"],\"inLanguage\":\"fr-FR\"},{\"@type\":\"WebPage\",\"@id\":\"https:\\\/\\\/www.sensorialsunsets.com\\\/fr\\\/festival-shnit-san-jose\\\/\",\"url\":\"https:\\\/\\\/www.sensorialsunsets.com\\\/fr\\\/festival-shnit-san-jose\\\/\",\"name\":\"Festival shnit San Jos\u00e9 - SensorialSunsets\",\"isPartOf\":{\"@id\":\"https:\\\/\\\/www.sensorialsunsets.com\\\/fr\\\/#website\"},\"primaryImageOfPage\":{\"@id\":\"https:\\\/\\\/www.sensorialsunsets.com\\\/fr\\\/festival-shnit-san-jose\\\/#primaryimage\"},\"image\":{\"@id\":\"https:\\\/\\\/www.sensorialsunsets.com\\\/fr\\\/festival-shnit-san-jose\\\/#primaryimage\"},\"thumbnailUrl\":\"https:\\\/\\\/www.sensorialsunsets.com\\\/wp-content\\\/uploads\\\/2023\\\/10\\\/shnit.jpg\",\"datePublished\":\"2023-10-11T17:59:16+00:00\",\"dateModified\":\"2023-10-11T17:59:17+00:00\",\"description\":\"Le Festival shnit San Jos\u00e9 est un festival qui vise \u00e0 exposer et \u00e0 promouvoir les courts m\u00e9trages. Apprenez-en plus \u00e0 ce sujet.\",\"inLanguage\":\"fr-FR\",\"potentialAction\":[{\"@type\":\"ReadAction\",\"target\":[\"https:\\\/\\\/www.sensorialsunsets.com\\\/fr\\\/festival-shnit-san-jose\\\/\"]}]},{\"@type\":\"ImageObject\",\"inLanguage\":\"fr-FR\",\"@id\":\"https:\\\/\\\/www.sensorialsunsets.com\\\/fr\\\/festival-shnit-san-jose\\\/#primaryimage\",\"url\":\"https:\\\/\\\/www.sensorialsunsets.com\\\/wp-content\\\/uploads\\\/2023\\\/10\\\/shnit.jpg\",\"contentUrl\":\"https:\\\/\\\/www.sensorialsunsets.com\\\/wp-content\\\/uploads\\\/2023\\\/10\\\/shnit.jpg\",\"width\":1920,\"height\":1008,\"caption\":\"El Festival shnit San Jos\u00e9 (Worldwide Shortfilmfestival) es un festival que se propone la exhibici\u00f3n y la promoci\u00f3n de cortometrajes. Conozca m\u00e1s sobre \u00e9l.\"},{\"@type\":\"WebSite\",\"@id\":\"https:\\\/\\\/www.sensorialsunsets.com\\\/fr\\\/#website\",\"url\":\"https:\\\/\\\/www.sensorialsunsets.com\\\/fr\\\/\",\"name\":\"SensorialSunsets.com\",\"description\":\"D\u00e9couvrez la culture et la soci\u00e9t\u00e9 du Costa Rica sur notre blog. Explorez des articles captivants et partagez le contenu.\",\"publisher\":{\"@id\":\"https:\\\/\\\/www.sensorialsunsets.com\\\/fr\\\/#organization\"},\"alternateName\":\"Costa Rica Live Blog\",\"potentialAction\":[{\"@type\":\"SearchAction\",\"target\":{\"@type\":\"EntryPoint\",\"urlTemplate\":\"https:\\\/\\\/www.sensorialsunsets.com\\\/fr\\\/?s={search_term_string}\"},\"query-input\":{\"@type\":\"PropertyValueSpecification\",\"valueRequired\":true,\"valueName\":\"search_term_string\"}}],\"inLanguage\":\"fr-FR\"},{\"@type\":\"Organization\",\"@id\":\"https:\\\/\\\/www.sensorialsunsets.com\\\/fr\\\/#organization\",\"name\":\"SensorialSunsets\",\"url\":\"https:\\\/\\\/www.sensorialsunsets.com\\\/fr\\\/\",\"logo\":{\"@type\":\"ImageObject\",\"inLanguage\":\"fr-FR\",\"@id\":\"https:\\\/\\\/www.sensorialsunsets.com\\\/fr\\\/#\\\/schema\\\/logo\\\/image\\\/\",\"url\":\"https:\\\/\\\/www.sensorialsunsets.com\\\/wp-content\\\/uploads\\\/2023\\\/04\\\/Logo_base_line_fond_clair.svg\",\"contentUrl\":\"https:\\\/\\\/www.sensorialsunsets.com\\\/wp-content\\\/uploads\\\/2023\\\/04\\\/Logo_base_line_fond_clair.svg\",\"width\":\"1024\",\"height\":\"1024\",\"caption\":\"SensorialSunsets\"},\"image\":{\"@id\":\"https:\\\/\\\/www.sensorialsunsets.com\\\/fr\\\/#\\\/schema\\\/logo\\\/image\\\/\"},\"sameAs\":[\"https:\\\/\\\/www.facebook.com\\\/Sensorial-Sunsets-109180614715562\",\"https:\\\/\\\/www.instagram.com\\\/sensorialsunsets\\\/\"]},{\"@type\":\"Person\",\"@id\":\"https:\\\/\\\/www.sensorialsunsets.com\\\/fr\\\/#\\\/schema\\\/person\\\/77e2fa594135aa94024c47e281d8a94d\",\"name\":\"Sensorial Sunsets\",\"image\":{\"@type\":\"ImageObject\",\"inLanguage\":\"fr-FR\",\"@id\":\"https:\\\/\\\/secure.gravatar.com\\\/avatar\\\/5f2d62681b1dad94c28f1500d4fc75582acdfd32b55fd1acce0a36a3c487eabe?s=96&d=mm&r=g\",\"url\":\"https:\\\/\\\/secure.gravatar.com\\\/avatar\\\/5f2d62681b1dad94c28f1500d4fc75582acdfd32b55fd1acce0a36a3c487eabe?s=96&d=mm&r=g\",\"contentUrl\":\"https:\\\/\\\/secure.gravatar.com\\\/avatar\\\/5f2d62681b1dad94c28f1500d4fc75582acdfd32b55fd1acce0a36a3c487eabe?s=96&d=mm&r=g\",\"caption\":\"Sensorial Sunsets\"},\"url\":\"https:\\\/\\\/www.sensorialsunsets.com\\\/fr\\\/author\\\/asistentes-sensorial-sunsets\\\/\"}]}<\/script>\n<!-- \/ Yoast SEO plugin. -->","yoast_head_json":{"title":"Festival shnit San Jos\u00e9 - SensorialSunsets","description":"Le Festival shnit San Jos\u00e9 est un festival qui vise \u00e0 exposer et \u00e0 promouvoir les courts m\u00e9trages. Apprenez-en plus \u00e0 ce sujet.","robots":{"index":"index","follow":"follow","max-snippet":"max-snippet:-1","max-image-preview":"max-image-preview:large","max-video-preview":"max-video-preview:-1"},"canonical":"https:\/\/www.sensorialsunsets.com\/fr\/festival-shnit-san-jose\/","og_locale":"fr_FR","og_type":"article","og_title":"Festival shnit San Jos\u00e9 - SensorialSunsets","og_description":"Le Festival shnit San Jos\u00e9 est un festival qui vise \u00e0 exposer et \u00e0 promouvoir les courts m\u00e9trages. Apprenez-en plus \u00e0 ce sujet.","og_url":"https:\/\/www.sensorialsunsets.com\/fr\/festival-shnit-san-jose\/","og_site_name":"SensorialSunsets","article_publisher":"https:\/\/www.facebook.com\/Sensorial-Sunsets-109180614715562","article_published_time":"2023-10-11T17:59:16+00:00","article_modified_time":"2023-10-11T17:59:17+00:00","og_image":[{"width":1920,"height":1008,"url":"https:\/\/www.sensorialsunsets.com\/wp-content\/uploads\/2023\/10\/shnit.jpg","type":"image\/jpeg"}],"author":"Sensorial Sunsets","twitter_card":"summary_large_image","twitter_misc":{"\u00c9crit par":"Sensorial Sunsets","Dur\u00e9e de lecture estim\u00e9e":"2 minutes"},"schema":{"@context":"https:\/\/schema.org","@graph":[{"@type":"Article","@id":"https:\/\/www.sensorialsunsets.com\/fr\/festival-shnit-san-jose\/#article","isPartOf":{"@id":"https:\/\/www.sensorialsunsets.com\/fr\/festival-shnit-san-jose\/"},"author":{"name":"Sensorial Sunsets","@id":"https:\/\/www.sensorialsunsets.com\/fr\/#\/schema\/person\/77e2fa594135aa94024c47e281d8a94d"},"headline":"Festival shnit San Jos\u00e9","datePublished":"2023-10-11T17:59:16+00:00","dateModified":"2023-10-11T17:59:17+00:00","mainEntityOfPage":{"@id":"https:\/\/www.sensorialsunsets.com\/fr\/festival-shnit-san-jose\/"},"wordCount":448,"publisher":{"@id":"https:\/\/www.sensorialsunsets.com\/fr\/#organization"},"image":{"@id":"https:\/\/www.sensorialsunsets.com\/fr\/festival-shnit-san-jose\/#primaryimage"},"thumbnailUrl":"https:\/\/www.sensorialsunsets.com\/wp-content\/uploads\/2023\/10\/shnit.jpg","articleSection":["Culture"],"inLanguage":"fr-FR"},{"@type":"WebPage","@id":"https:\/\/www.sensorialsunsets.com\/fr\/festival-shnit-san-jose\/","url":"https:\/\/www.sensorialsunsets.com\/fr\/festival-shnit-san-jose\/","name":"Festival shnit San Jos\u00e9 - SensorialSunsets","isPartOf":{"@id":"https:\/\/www.sensorialsunsets.com\/fr\/#website"},"primaryImageOfPage":{"@id":"https:\/\/www.sensorialsunsets.com\/fr\/festival-shnit-san-jose\/#primaryimage"},"image":{"@id":"https:\/\/www.sensorialsunsets.com\/fr\/festival-shnit-san-jose\/#primaryimage"},"thumbnailUrl":"https:\/\/www.sensorialsunsets.com\/wp-content\/uploads\/2023\/10\/shnit.jpg","datePublished":"2023-10-11T17:59:16+00:00","dateModified":"2023-10-11T17:59:17+00:00","description":"Le Festival shnit San Jos\u00e9 est un festival qui vise \u00e0 exposer et \u00e0 promouvoir les courts m\u00e9trages. Apprenez-en plus \u00e0 ce sujet.","inLanguage":"fr-FR","potentialAction":[{"@type":"ReadAction","target":["https:\/\/www.sensorialsunsets.com\/fr\/festival-shnit-san-jose\/"]}]},{"@type":"ImageObject","inLanguage":"fr-FR","@id":"https:\/\/www.sensorialsunsets.com\/fr\/festival-shnit-san-jose\/#primaryimage","url":"https:\/\/www.sensorialsunsets.com\/wp-content\/uploads\/2023\/10\/shnit.jpg","contentUrl":"https:\/\/www.sensorialsunsets.com\/wp-content\/uploads\/2023\/10\/shnit.jpg","width":1920,"height":1008,"caption":"El Festival shnit San Jos\u00e9 (Worldwide Shortfilmfestival) es un festival que se propone la exhibici\u00f3n y la promoci\u00f3n de cortometrajes. Conozca m\u00e1s sobre \u00e9l."},{"@type":"WebSite","@id":"https:\/\/www.sensorialsunsets.com\/fr\/#website","url":"https:\/\/www.sensorialsunsets.com\/fr\/","name":"SensorialSunsets.com","description":"D\u00e9couvrez la culture et la soci\u00e9t\u00e9 du Costa Rica sur notre blog. Explorez des articles captivants et partagez le contenu.","publisher":{"@id":"https:\/\/www.sensorialsunsets.com\/fr\/#organization"},"alternateName":"Costa Rica Live Blog","potentialAction":[{"@type":"SearchAction","target":{"@type":"EntryPoint","urlTemplate":"https:\/\/www.sensorialsunsets.com\/fr\/?s={search_term_string}"},"query-input":{"@type":"PropertyValueSpecification","valueRequired":true,"valueName":"search_term_string"}}],"inLanguage":"fr-FR"},{"@type":"Organization","@id":"https:\/\/www.sensorialsunsets.com\/fr\/#organization","name":"SensorialSunsets","url":"https:\/\/www.sensorialsunsets.com\/fr\/","logo":{"@type":"ImageObject","inLanguage":"fr-FR","@id":"https:\/\/www.sensorialsunsets.com\/fr\/#\/schema\/logo\/image\/","url":"https:\/\/www.sensorialsunsets.com\/wp-content\/uploads\/2023\/04\/Logo_base_line_fond_clair.svg","contentUrl":"https:\/\/www.sensorialsunsets.com\/wp-content\/uploads\/2023\/04\/Logo_base_line_fond_clair.svg","width":"1024","height":"1024","caption":"SensorialSunsets"},"image":{"@id":"https:\/\/www.sensorialsunsets.com\/fr\/#\/schema\/logo\/image\/"},"sameAs":["https:\/\/www.facebook.com\/Sensorial-Sunsets-109180614715562","https:\/\/www.instagram.com\/sensorialsunsets\/"]},{"@type":"Person","@id":"https:\/\/www.sensorialsunsets.com\/fr\/#\/schema\/person\/77e2fa594135aa94024c47e281d8a94d","name":"Sensorial Sunsets","image":{"@type":"ImageObject","inLanguage":"fr-FR","@id":"https:\/\/secure.gravatar.com\/avatar\/5f2d62681b1dad94c28f1500d4fc75582acdfd32b55fd1acce0a36a3c487eabe?s=96&d=mm&r=g","url":"https:\/\/secure.gravatar.com\/avatar\/5f2d62681b1dad94c28f1500d4fc75582acdfd32b55fd1acce0a36a3c487eabe?s=96&d=mm&r=g","contentUrl":"https:\/\/secure.gravatar.com\/avatar\/5f2d62681b1dad94c28f1500d4fc75582acdfd32b55fd1acce0a36a3c487eabe?s=96&d=mm&r=g","caption":"Sensorial Sunsets"},"url":"https:\/\/www.sensorialsunsets.com\/fr\/author\/asistentes-sensorial-sunsets\/"}]}},"_links":{"self":[{"href":"https:\/\/www.sensorialsunsets.com\/fr\/wp-json\/wp\/v2\/posts\/11241","targetHints":{"allow":["GET"]}}],"collection":[{"href":"https:\/\/www.sensorialsunsets.com\/fr\/wp-json\/wp\/v2\/posts"}],"about":[{"href":"https:\/\/www.sensorialsunsets.com\/fr\/wp-json\/wp\/v2\/types\/post"}],"author":[{"embeddable":true,"href":"https:\/\/www.sensorialsunsets.com\/fr\/wp-json\/wp\/v2\/users\/4"}],"replies":[{"embeddable":true,"href":"https:\/\/www.sensorialsunsets.com\/fr\/wp-json\/wp\/v2\/comments?post=11241"}],"version-history":[{"count":0,"href":"https:\/\/www.sensorialsunsets.com\/fr\/wp-json\/wp\/v2\/posts\/11241\/revisions"}],"wp:featuredmedia":[{"embeddable":true,"href":"https:\/\/www.sensorialsunsets.com\/fr\/wp-json\/wp\/v2\/media\/11234"}],"wp:attachment":[{"href":"https:\/\/www.sensorialsunsets.com\/fr\/wp-json\/wp\/v2\/media?parent=11241"}],"wp:term":[{"taxonomy":"category","embeddable":true,"href":"https:\/\/www.sensorialsunsets.com\/fr\/wp-json\/wp\/v2\/categories?post=11241"},{"taxonomy":"post_tag","embeddable":true,"href":"https:\/\/www.sensorialsunsets.com\/fr\/wp-json\/wp\/v2\/tags?post=11241"}],"curies":[{"name":"wp","href":"https:\/\/api.w.org\/{rel}","templated":true}]}}