{"id":1140,"date":"2022-02-24T22:56:21","date_gmt":"2022-02-24T22:56:21","guid":{"rendered":"https:\/\/www.sensorialsunsets.com\/?p=1140"},"modified":"2022-02-24T22:56:22","modified_gmt":"2022-02-24T22:56:22","slug":"le-cheval-costaricien","status":"publish","type":"post","link":"https:\/\/www.sensorialsunsets.com\/fr\/le-cheval-costaricien\/","title":{"rendered":"Le cheval costaricien"},"content":{"rendered":"\n<p>Les chevaux du Costa Rica sont ma passion depuis que je suis enfant. C&rsquo;est pourquoi j&rsquo;ai d\u00e9cid\u00e9 de me consacrer \u00e0 eux et aujourd&rsquo;hui, je travaille \u00e0 100 % avec ces magnifiques animaux, principalement pour le tourisme. Voici quelques faits int\u00e9ressants sur les chevaux du Costa Rica :<\/p>\n\n\n\n<p><strong>Caract\u00e9ristiques<\/strong><\/p>\n\n\n\n<p><strong>Taille <\/strong>: Type de ligne moyenne.<\/p>\n\n\n\n<p><strong>Poids <\/strong>: 400 kilogrammes environ.<\/p>\n\n\n\n<p><strong>Taille <\/strong>: 156 centim\u00e8tres pour les hommes et 152 centim\u00e8tres pour les femmes.<\/p>\n\n\n\n<p><strong>Origine <\/strong>: Originaire du Costa Rica.<\/p>\n\n\n\n<p><strong>Poil <\/strong>: Crini\u00e8re fine sur le cou et la queue. Peau fine et poils courts, toutes les couleurs sont accept\u00e9es sauf le pinto avec des taches ferm\u00e9es. Overo et chorreado accept\u00e9s s&rsquo;ils proviennent de parents inscrits.<\/p>\n\n\n\n<p><strong>Apte pour<\/strong> : Cheval de selle, id\u00e9al pour les randonn\u00e9es.<\/p>\n\n\n\n<p><strong>Espace <\/strong>: ils ont besoin d&rsquo;une grande \u00e9curie, les chevaux aiment l&rsquo;exercice en plein air ; plus vous pouvez leur donner de terrain, mieux c&rsquo;est, 500 m\u00e8tres carr\u00e9s ne sont pas de trop.<\/p>\n\n\n\n<p><strong>Histoire<\/strong><\/p>\n\n\n\n<p>Descendant lointain du Berb\u00e8re par le biais de chevaux bas et l\u00e9gers, apport\u00e9s au pays lors de la Conqu\u00eate. Pour le ferm\u00e9. Peau fine, poils courts, crini\u00e8re fine sur le cou et la queue. Bien que des traces du cheval primitif aient \u00e9t\u00e9 retrouv\u00e9es dans des fossiles d\u00e9couverts en Am\u00e9rique du Nord et du Sud, l&rsquo;origine de notre cheval, comme des autres races am\u00e9ricaines, repose sur les juments apport\u00e9es par les Espagnols apr\u00e8s la d\u00e9couverte de l&rsquo;Am\u00e9rique, lorsque le cheval est revenu sur ce continent.<\/p>\n\n\n\n<p><strong>Description<\/strong><\/p>\n\n\n\n<p>Profil droit ou l\u00e9g\u00e8rement convexe ; allures brillantes et extr\u00eamement \u00e9l\u00e9gantes, avec des mouvements relev\u00e9s, une excellente action et une grande \u00e9nergie. T\u00eate de longueur moyenne, large \u00e0 la base avec des m\u00e2choires bien d\u00e9velopp\u00e9es s&rsquo;effilant vers le museau, oreilles de taille moyenne, bien plac\u00e9es, agiles et fines ; arcades orbitaires bien d\u00e9finies et grands yeux, bien espac\u00e9s, tr\u00e8s expressifs et plac\u00e9s bas. Cou arqu\u00e9 de longueur moyenne et flexible, large \u00e0 la base avec une excellente attache \u00e0 la t\u00eate et au tronc. Le garrot est fin et tr\u00e8s haut. Tronc bien d\u00e9velopp\u00e9 de taille moyenne, c\u00f4tes et flancs larges en harmonie avec la ligne dorsale ; poitrine profonde et muscl\u00e9e. Attachement de la queue sur l&rsquo;attachement moyen, dans une action \u00e9tendue et a\u00e9rienne. Pattes bien d&rsquo;aplomb et de longueur moyenne, sabots en proportion du corps, durs, arrondis et bien implant\u00e9s, sans d\u00e9viations.<\/p>\n\n\n\n<p><strong>Soins<\/strong><\/p>\n\n\n\n<p>Un soin particulier doit \u00eatre apport\u00e9 \u00e0 la sant\u00e9 de ses jambes et au bon \u00e9quilibre de son alimentation.<\/p>\n\n\n\n<p><strong>Temp\u00e9rament<\/strong><\/p>\n\n\n\n<p>Docile.<\/p>\n\n\n\n<p><strong>Caract\u00e9ristiques morphologiques<\/strong><\/p>\n\n\n\n<ul class=\"wp-block-list\"><li>T\u00eate de longueur moyenne, large \u00e0 la base, avec des m\u00e2choires bien d\u00e9velopp\u00e9es s&rsquo;effilant vers le museau, oreilles de taille moyenne, bien attach\u00e9es, agiles et fines ; profil droit (et non pas l\u00e9g\u00e8rement courb\u00e9 ou l\u00e9g\u00e8rement convexe comme cela \u00e9tait accept\u00e9 au d\u00e9but), front large, arcades orbitaires bien d\u00e9finies, grands yeux, bien \u00e9cart\u00e9s, tr\u00e8s expressifs et attach\u00e9s bas. En action, les narines sont bien ouvertes ; les plumes sont petites et repli\u00e9es.<\/li><li>Cou arqu\u00e9 de longueur moyenne et flexible, large \u00e0 la base et s&rsquo;effilant vers la t\u00eate en formant un arc distinct au niveau de la gorge et de la ligne du dessus ; avec une excellente attache \u00e0 la t\u00eate et au tronc.<\/li><li>Le garrot est fin et pas trop haut.<\/li><li>Tronc bien d\u00e9velopp\u00e9, de taille moyenne, avec des c\u00f4tes larges et un flanc en harmonie avec la ligne du dessus ; poitrine muscl\u00e9e et profonde, proportionn\u00e9e \u00e0 la hanche ; dos bien inclin\u00e9 et long, dos l\u00e9g\u00e8rement ensell\u00e9, fort, court, bien attach\u00e9 au garrot ; rein court et fort, bien attach\u00e9 au dos et \u00e0 la hanche avec lesquels il doit maintenir une parfaite harmonie d&rsquo;ensemble ; ligne du dessus profonde, avec une plus grande largeur chez les femelles.<\/li><li>Hanche large, longue et bien d\u00e9velopp\u00e9e, l\u00e9g\u00e8rement arrondie. Attachement de la queue sur l&rsquo;attachement moyen, dans une action \u00e9tendue et a\u00e9rienne. Pattes bien d&rsquo;aplomb et de longueur moyenne, sabots en proportion du corps, durs, arrondis et bien implant\u00e9s, sans d\u00e9viation.<\/li><li>Avant-train : bras et coudes avec un bon d\u00e9veloppement osseux et musculaire ; avant-bras longs et forts, avec un bon d\u00e9veloppement musculaire et osseux ; genoux bien d\u00e9velopp\u00e9s et plats ; jarrets de longueur moyenne \u00e0 longue, ossature solide, tendons bien d\u00e9velopp\u00e9s et s\u00e9par\u00e9s, abats secs et forts ; paturons de longueur moyenne, obliques, forts, propres et flexibles.<\/li><li>Arri\u00e8re-main ; cuisse longue et bien muscl\u00e9e, jambe forte, ferme et muscl\u00e9e, avec une bonne angulation, jarrets larges, forts, secs et parall\u00e8les, ni trop ouverts ni trop ferm\u00e9s, boulets forts et secs, paturons moyennement longs, obliques, forts, clairs et flexibles qui permettent une pouss\u00e9e et une \u00e9l\u00e9vation puissante des post\u00e9rieurs dans l&rsquo;avanc\u00e9e, ce qui, en plein mouvement, est appr\u00e9ci\u00e9 car ils parviennent \u00e0 \u00e9craser l&#8217;empreinte des ant\u00e9rieurs. De m\u00eame, les membres ant\u00e9rieurs sont d&rsquo;un bon d\u00e9veloppement musculaire et d&rsquo;une bonne solidit\u00e9 osseuse, avec des tendons saillants et des paturons obliques, clairs et souples, qui permettent un port naturel distinctif.<\/li><li>Crini\u00e8re fine sur le cou et la queue. Peau fine et cheveux courts.<\/li><li>Couleur : Toutes les couleurs sauf le pinto \u00e0 taches \u00e9troites. Overo et chorreado sont accept\u00e9s s&rsquo;ils proviennent de parents enregistr\u00e9s.<\/li><li>En ce qui concerne la taille, on \u00e9tablit une fourchette souhaitable qui n&rsquo;exclut pas les individus (purs, de race pure ou de fondation) qui peuvent se situer en dehors de la fourchette, selon l&rsquo;\u00e9valuation de leurs autres caract\u00e9ristiques de valeur.<\/li><li>Hauteur minimale au garrot : m\u00e2les 148 cm. (58.5\u2033), les chiennes 146 cm. (57.50\u2033) minimum.<\/li><li>Hauteur maximale au garrot : m\u00e2les 156 cm (61.50&Prime;), femelles 152 cm (60.00&Prime;) maximum.<\/li><li>Ils ont la capacit\u00e9 de voir de jour comme de nuit.<\/li><li>Consommez environ 1 kg d&rsquo;aliments concentr\u00e9s avec des vitamines et des min\u00e9raux.<\/li><li>Ils sont capables de travailler 15 heures par jour sans s&rsquo;\u00e9puiser.<\/li><\/ul>\n\n\n\n<p><strong>Auteur <\/strong>: David Quesada<\/p>\n\n\n\n<p>touracaballo@yahoo.es<\/p>\n","protected":false},"excerpt":{"rendered":"<p>Les chevaux du Costa Rica sont ma passion depuis que je suis enfant. C&rsquo;est pourquoi j&rsquo;ai d\u00e9cid\u00e9 de me consacrer \u00e0 eux et aujourd&rsquo;hui, je travaille \u00e0 100 % avec ces magnifiques animaux, principalement pour le tourisme. Voici quelques faits int\u00e9ressants sur les chevaux du Costa Rica : Caract\u00e9ristiques Taille : Type de ligne moyenne. [&hellip;]<\/p>\n","protected":false},"author":5,"featured_media":1133,"comment_status":"closed","ping_status":"closed","sticky":false,"template":"","format":"standard","meta":{"_acf_changed":false,"inline_featured_image":false,"_monsterinsights_skip_tracking":false,"_monsterinsights_sitenote_active":false,"_monsterinsights_sitenote_note":"","_monsterinsights_sitenote_category":0,"footnotes":""},"categories":[1],"tags":[],"class_list":["post-1140","post","type-post","status-publish","format-standard","has-post-thumbnail","hentry","category-non-classifiee"],"acf":[],"yoast_head":"<!-- This site is optimized with the Yoast SEO plugin v27.4 - https:\/\/yoast.com\/product\/yoast-seo-wordpress\/ -->\n<title>Le cheval costaricien - SensorialSunsets<\/title>\n<meta name=\"robots\" content=\"index, follow, max-snippet:-1, max-image-preview:large, max-video-preview:-1\" \/>\n<link rel=\"canonical\" href=\"https:\/\/www.sensorialsunsets.com\/fr\/le-cheval-costaricien\/\" \/>\n<meta property=\"og:locale\" content=\"fr_FR\" \/>\n<meta property=\"og:type\" content=\"article\" \/>\n<meta property=\"og:title\" content=\"Le cheval costaricien - SensorialSunsets\" \/>\n<meta property=\"og:description\" content=\"Les chevaux du Costa Rica sont ma passion depuis que je suis enfant. C&rsquo;est pourquoi j&rsquo;ai d\u00e9cid\u00e9 de me consacrer \u00e0 eux et aujourd&rsquo;hui, je travaille \u00e0 100 % avec ces magnifiques animaux, principalement pour le tourisme. Voici quelques faits int\u00e9ressants sur les chevaux du Costa Rica : Caract\u00e9ristiques Taille : Type de ligne moyenne. [&hellip;]\" \/>\n<meta property=\"og:url\" content=\"https:\/\/www.sensorialsunsets.com\/fr\/le-cheval-costaricien\/\" \/>\n<meta property=\"og:site_name\" content=\"SensorialSunsets\" \/>\n<meta property=\"article:publisher\" content=\"https:\/\/www.facebook.com\/Sensorial-Sunsets-109180614715562\" \/>\n<meta property=\"article:published_time\" content=\"2022-02-24T22:56:21+00:00\" \/>\n<meta property=\"article:modified_time\" content=\"2022-02-24T22:56:22+00:00\" \/>\n<meta property=\"og:image\" content=\"https:\/\/www.sensorialsunsets.com\/wp-content\/uploads\/2022\/02\/caballo.jpg\" \/>\n\t<meta property=\"og:image:width\" content=\"1032\" \/>\n\t<meta property=\"og:image:height\" content=\"774\" \/>\n\t<meta property=\"og:image:type\" content=\"image\/jpeg\" \/>\n<meta name=\"author\" content=\"Marian Barrantes\" \/>\n<meta name=\"twitter:card\" content=\"summary_large_image\" \/>\n<meta name=\"twitter:label1\" content=\"\u00c9crit par\" \/>\n\t<meta name=\"twitter:data1\" content=\"Marian Barrantes\" \/>\n\t<meta name=\"twitter:label2\" content=\"Dur\u00e9e de lecture estim\u00e9e\" \/>\n\t<meta name=\"twitter:data2\" content=\"5 minutes\" \/>\n<script type=\"application\/ld+json\" class=\"yoast-schema-graph\">{\"@context\":\"https:\\\/\\\/schema.org\",\"@graph\":[{\"@type\":\"Article\",\"@id\":\"https:\\\/\\\/www.sensorialsunsets.com\\\/fr\\\/le-cheval-costaricien\\\/#article\",\"isPartOf\":{\"@id\":\"https:\\\/\\\/www.sensorialsunsets.com\\\/fr\\\/le-cheval-costaricien\\\/\"},\"author\":{\"name\":\"Marian Barrantes\",\"@id\":\"https:\\\/\\\/www.sensorialsunsets.com\\\/fr\\\/#\\\/schema\\\/person\\\/a8336a4dbeee633f087a194db2ca482f\"},\"headline\":\"Le cheval costaricien\",\"datePublished\":\"2022-02-24T22:56:21+00:00\",\"dateModified\":\"2022-02-24T22:56:22+00:00\",\"mainEntityOfPage\":{\"@id\":\"https:\\\/\\\/www.sensorialsunsets.com\\\/fr\\\/le-cheval-costaricien\\\/\"},\"wordCount\":1036,\"publisher\":{\"@id\":\"https:\\\/\\\/www.sensorialsunsets.com\\\/fr\\\/#organization\"},\"image\":{\"@id\":\"https:\\\/\\\/www.sensorialsunsets.com\\\/fr\\\/le-cheval-costaricien\\\/#primaryimage\"},\"thumbnailUrl\":\"https:\\\/\\\/www.sensorialsunsets.com\\\/wp-content\\\/uploads\\\/2022\\\/02\\\/caballo.jpg\",\"articleSection\":[\"Non classifi\u00e9(e)\"],\"inLanguage\":\"fr-FR\"},{\"@type\":\"WebPage\",\"@id\":\"https:\\\/\\\/www.sensorialsunsets.com\\\/fr\\\/le-cheval-costaricien\\\/\",\"url\":\"https:\\\/\\\/www.sensorialsunsets.com\\\/fr\\\/le-cheval-costaricien\\\/\",\"name\":\"Le cheval costaricien - SensorialSunsets\",\"isPartOf\":{\"@id\":\"https:\\\/\\\/www.sensorialsunsets.com\\\/fr\\\/#website\"},\"primaryImageOfPage\":{\"@id\":\"https:\\\/\\\/www.sensorialsunsets.com\\\/fr\\\/le-cheval-costaricien\\\/#primaryimage\"},\"image\":{\"@id\":\"https:\\\/\\\/www.sensorialsunsets.com\\\/fr\\\/le-cheval-costaricien\\\/#primaryimage\"},\"thumbnailUrl\":\"https:\\\/\\\/www.sensorialsunsets.com\\\/wp-content\\\/uploads\\\/2022\\\/02\\\/caballo.jpg\",\"datePublished\":\"2022-02-24T22:56:21+00:00\",\"dateModified\":\"2022-02-24T22:56:22+00:00\",\"inLanguage\":\"fr-FR\",\"potentialAction\":[{\"@type\":\"ReadAction\",\"target\":[\"https:\\\/\\\/www.sensorialsunsets.com\\\/fr\\\/le-cheval-costaricien\\\/\"]}]},{\"@type\":\"ImageObject\",\"inLanguage\":\"fr-FR\",\"@id\":\"https:\\\/\\\/www.sensorialsunsets.com\\\/fr\\\/le-cheval-costaricien\\\/#primaryimage\",\"url\":\"https:\\\/\\\/www.sensorialsunsets.com\\\/wp-content\\\/uploads\\\/2022\\\/02\\\/caballo.jpg\",\"contentUrl\":\"https:\\\/\\\/www.sensorialsunsets.com\\\/wp-content\\\/uploads\\\/2022\\\/02\\\/caballo.jpg\",\"width\":1032,\"height\":774},{\"@type\":\"WebSite\",\"@id\":\"https:\\\/\\\/www.sensorialsunsets.com\\\/fr\\\/#website\",\"url\":\"https:\\\/\\\/www.sensorialsunsets.com\\\/fr\\\/\",\"name\":\"SensorialSunsets.com\",\"description\":\"D\u00e9couvrez la culture et la soci\u00e9t\u00e9 du Costa Rica sur notre blog. Explorez des articles captivants et partagez le contenu.\",\"publisher\":{\"@id\":\"https:\\\/\\\/www.sensorialsunsets.com\\\/fr\\\/#organization\"},\"alternateName\":\"Costa Rica Live Blog\",\"potentialAction\":[{\"@type\":\"SearchAction\",\"target\":{\"@type\":\"EntryPoint\",\"urlTemplate\":\"https:\\\/\\\/www.sensorialsunsets.com\\\/fr\\\/?s={search_term_string}\"},\"query-input\":{\"@type\":\"PropertyValueSpecification\",\"valueRequired\":true,\"valueName\":\"search_term_string\"}}],\"inLanguage\":\"fr-FR\"},{\"@type\":\"Organization\",\"@id\":\"https:\\\/\\\/www.sensorialsunsets.com\\\/fr\\\/#organization\",\"name\":\"SensorialSunsets\",\"url\":\"https:\\\/\\\/www.sensorialsunsets.com\\\/fr\\\/\",\"logo\":{\"@type\":\"ImageObject\",\"inLanguage\":\"fr-FR\",\"@id\":\"https:\\\/\\\/www.sensorialsunsets.com\\\/fr\\\/#\\\/schema\\\/logo\\\/image\\\/\",\"url\":\"https:\\\/\\\/www.sensorialsunsets.com\\\/wp-content\\\/uploads\\\/2023\\\/04\\\/Logo_base_line_fond_clair.svg\",\"contentUrl\":\"https:\\\/\\\/www.sensorialsunsets.com\\\/wp-content\\\/uploads\\\/2023\\\/04\\\/Logo_base_line_fond_clair.svg\",\"width\":\"1024\",\"height\":\"1024\",\"caption\":\"SensorialSunsets\"},\"image\":{\"@id\":\"https:\\\/\\\/www.sensorialsunsets.com\\\/fr\\\/#\\\/schema\\\/logo\\\/image\\\/\"},\"sameAs\":[\"https:\\\/\\\/www.facebook.com\\\/Sensorial-Sunsets-109180614715562\",\"https:\\\/\\\/www.instagram.com\\\/sensorialsunsets\\\/\"]},{\"@type\":\"Person\",\"@id\":\"https:\\\/\\\/www.sensorialsunsets.com\\\/fr\\\/#\\\/schema\\\/person\\\/a8336a4dbeee633f087a194db2ca482f\",\"name\":\"Marian Barrantes\",\"image\":{\"@type\":\"ImageObject\",\"inLanguage\":\"fr-FR\",\"@id\":\"https:\\\/\\\/secure.gravatar.com\\\/avatar\\\/fafbfab67eb28029818d03f44e3037bd798e04434d8d5c0cfc2eea8ec2882a22?s=96&d=mm&r=g\",\"url\":\"https:\\\/\\\/secure.gravatar.com\\\/avatar\\\/fafbfab67eb28029818d03f44e3037bd798e04434d8d5c0cfc2eea8ec2882a22?s=96&d=mm&r=g\",\"contentUrl\":\"https:\\\/\\\/secure.gravatar.com\\\/avatar\\\/fafbfab67eb28029818d03f44e3037bd798e04434d8d5c0cfc2eea8ec2882a22?s=96&d=mm&r=g\",\"caption\":\"Marian Barrantes\"},\"sameAs\":[\"https:\\\/\\\/www.sensorialsunsets.com\"],\"url\":\"https:\\\/\\\/www.sensorialsunsets.com\\\/fr\\\/author\\\/mbarrantes\\\/\"}]}<\/script>\n<!-- \/ Yoast SEO plugin. -->","yoast_head_json":{"title":"Le cheval costaricien - SensorialSunsets","robots":{"index":"index","follow":"follow","max-snippet":"max-snippet:-1","max-image-preview":"max-image-preview:large","max-video-preview":"max-video-preview:-1"},"canonical":"https:\/\/www.sensorialsunsets.com\/fr\/le-cheval-costaricien\/","og_locale":"fr_FR","og_type":"article","og_title":"Le cheval costaricien - SensorialSunsets","og_description":"Les chevaux du Costa Rica sont ma passion depuis que je suis enfant. C&rsquo;est pourquoi j&rsquo;ai d\u00e9cid\u00e9 de me consacrer \u00e0 eux et aujourd&rsquo;hui, je travaille \u00e0 100 % avec ces magnifiques animaux, principalement pour le tourisme. Voici quelques faits int\u00e9ressants sur les chevaux du Costa Rica : Caract\u00e9ristiques Taille : Type de ligne moyenne. [&hellip;]","og_url":"https:\/\/www.sensorialsunsets.com\/fr\/le-cheval-costaricien\/","og_site_name":"SensorialSunsets","article_publisher":"https:\/\/www.facebook.com\/Sensorial-Sunsets-109180614715562","article_published_time":"2022-02-24T22:56:21+00:00","article_modified_time":"2022-02-24T22:56:22+00:00","og_image":[{"width":1032,"height":774,"url":"https:\/\/www.sensorialsunsets.com\/wp-content\/uploads\/2022\/02\/caballo.jpg","type":"image\/jpeg"}],"author":"Marian Barrantes","twitter_card":"summary_large_image","twitter_misc":{"\u00c9crit par":"Marian Barrantes","Dur\u00e9e de lecture estim\u00e9e":"5 minutes"},"schema":{"@context":"https:\/\/schema.org","@graph":[{"@type":"Article","@id":"https:\/\/www.sensorialsunsets.com\/fr\/le-cheval-costaricien\/#article","isPartOf":{"@id":"https:\/\/www.sensorialsunsets.com\/fr\/le-cheval-costaricien\/"},"author":{"name":"Marian Barrantes","@id":"https:\/\/www.sensorialsunsets.com\/fr\/#\/schema\/person\/a8336a4dbeee633f087a194db2ca482f"},"headline":"Le cheval costaricien","datePublished":"2022-02-24T22:56:21+00:00","dateModified":"2022-02-24T22:56:22+00:00","mainEntityOfPage":{"@id":"https:\/\/www.sensorialsunsets.com\/fr\/le-cheval-costaricien\/"},"wordCount":1036,"publisher":{"@id":"https:\/\/www.sensorialsunsets.com\/fr\/#organization"},"image":{"@id":"https:\/\/www.sensorialsunsets.com\/fr\/le-cheval-costaricien\/#primaryimage"},"thumbnailUrl":"https:\/\/www.sensorialsunsets.com\/wp-content\/uploads\/2022\/02\/caballo.jpg","articleSection":["Non classifi\u00e9(e)"],"inLanguage":"fr-FR"},{"@type":"WebPage","@id":"https:\/\/www.sensorialsunsets.com\/fr\/le-cheval-costaricien\/","url":"https:\/\/www.sensorialsunsets.com\/fr\/le-cheval-costaricien\/","name":"Le cheval costaricien - SensorialSunsets","isPartOf":{"@id":"https:\/\/www.sensorialsunsets.com\/fr\/#website"},"primaryImageOfPage":{"@id":"https:\/\/www.sensorialsunsets.com\/fr\/le-cheval-costaricien\/#primaryimage"},"image":{"@id":"https:\/\/www.sensorialsunsets.com\/fr\/le-cheval-costaricien\/#primaryimage"},"thumbnailUrl":"https:\/\/www.sensorialsunsets.com\/wp-content\/uploads\/2022\/02\/caballo.jpg","datePublished":"2022-02-24T22:56:21+00:00","dateModified":"2022-02-24T22:56:22+00:00","inLanguage":"fr-FR","potentialAction":[{"@type":"ReadAction","target":["https:\/\/www.sensorialsunsets.com\/fr\/le-cheval-costaricien\/"]}]},{"@type":"ImageObject","inLanguage":"fr-FR","@id":"https:\/\/www.sensorialsunsets.com\/fr\/le-cheval-costaricien\/#primaryimage","url":"https:\/\/www.sensorialsunsets.com\/wp-content\/uploads\/2022\/02\/caballo.jpg","contentUrl":"https:\/\/www.sensorialsunsets.com\/wp-content\/uploads\/2022\/02\/caballo.jpg","width":1032,"height":774},{"@type":"WebSite","@id":"https:\/\/www.sensorialsunsets.com\/fr\/#website","url":"https:\/\/www.sensorialsunsets.com\/fr\/","name":"SensorialSunsets.com","description":"D\u00e9couvrez la culture et la soci\u00e9t\u00e9 du Costa Rica sur notre blog. Explorez des articles captivants et partagez le contenu.","publisher":{"@id":"https:\/\/www.sensorialsunsets.com\/fr\/#organization"},"alternateName":"Costa Rica Live Blog","potentialAction":[{"@type":"SearchAction","target":{"@type":"EntryPoint","urlTemplate":"https:\/\/www.sensorialsunsets.com\/fr\/?s={search_term_string}"},"query-input":{"@type":"PropertyValueSpecification","valueRequired":true,"valueName":"search_term_string"}}],"inLanguage":"fr-FR"},{"@type":"Organization","@id":"https:\/\/www.sensorialsunsets.com\/fr\/#organization","name":"SensorialSunsets","url":"https:\/\/www.sensorialsunsets.com\/fr\/","logo":{"@type":"ImageObject","inLanguage":"fr-FR","@id":"https:\/\/www.sensorialsunsets.com\/fr\/#\/schema\/logo\/image\/","url":"https:\/\/www.sensorialsunsets.com\/wp-content\/uploads\/2023\/04\/Logo_base_line_fond_clair.svg","contentUrl":"https:\/\/www.sensorialsunsets.com\/wp-content\/uploads\/2023\/04\/Logo_base_line_fond_clair.svg","width":"1024","height":"1024","caption":"SensorialSunsets"},"image":{"@id":"https:\/\/www.sensorialsunsets.com\/fr\/#\/schema\/logo\/image\/"},"sameAs":["https:\/\/www.facebook.com\/Sensorial-Sunsets-109180614715562","https:\/\/www.instagram.com\/sensorialsunsets\/"]},{"@type":"Person","@id":"https:\/\/www.sensorialsunsets.com\/fr\/#\/schema\/person\/a8336a4dbeee633f087a194db2ca482f","name":"Marian Barrantes","image":{"@type":"ImageObject","inLanguage":"fr-FR","@id":"https:\/\/secure.gravatar.com\/avatar\/fafbfab67eb28029818d03f44e3037bd798e04434d8d5c0cfc2eea8ec2882a22?s=96&d=mm&r=g","url":"https:\/\/secure.gravatar.com\/avatar\/fafbfab67eb28029818d03f44e3037bd798e04434d8d5c0cfc2eea8ec2882a22?s=96&d=mm&r=g","contentUrl":"https:\/\/secure.gravatar.com\/avatar\/fafbfab67eb28029818d03f44e3037bd798e04434d8d5c0cfc2eea8ec2882a22?s=96&d=mm&r=g","caption":"Marian Barrantes"},"sameAs":["https:\/\/www.sensorialsunsets.com"],"url":"https:\/\/www.sensorialsunsets.com\/fr\/author\/mbarrantes\/"}]}},"_links":{"self":[{"href":"https:\/\/www.sensorialsunsets.com\/fr\/wp-json\/wp\/v2\/posts\/1140","targetHints":{"allow":["GET"]}}],"collection":[{"href":"https:\/\/www.sensorialsunsets.com\/fr\/wp-json\/wp\/v2\/posts"}],"about":[{"href":"https:\/\/www.sensorialsunsets.com\/fr\/wp-json\/wp\/v2\/types\/post"}],"author":[{"embeddable":true,"href":"https:\/\/www.sensorialsunsets.com\/fr\/wp-json\/wp\/v2\/users\/5"}],"replies":[{"embeddable":true,"href":"https:\/\/www.sensorialsunsets.com\/fr\/wp-json\/wp\/v2\/comments?post=1140"}],"version-history":[{"count":0,"href":"https:\/\/www.sensorialsunsets.com\/fr\/wp-json\/wp\/v2\/posts\/1140\/revisions"}],"wp:featuredmedia":[{"embeddable":true,"href":"https:\/\/www.sensorialsunsets.com\/fr\/wp-json\/wp\/v2\/media\/1133"}],"wp:attachment":[{"href":"https:\/\/www.sensorialsunsets.com\/fr\/wp-json\/wp\/v2\/media?parent=1140"}],"wp:term":[{"taxonomy":"category","embeddable":true,"href":"https:\/\/www.sensorialsunsets.com\/fr\/wp-json\/wp\/v2\/categories?post=1140"},{"taxonomy":"post_tag","embeddable":true,"href":"https:\/\/www.sensorialsunsets.com\/fr\/wp-json\/wp\/v2\/tags?post=1140"}],"curies":[{"name":"wp","href":"https:\/\/api.w.org\/{rel}","templated":true}]}}