{"id":1142,"date":"2022-02-24T23:00:46","date_gmt":"2022-02-24T23:00:46","guid":{"rendered":"https:\/\/www.sensorialsunsets.com\/?p=1142"},"modified":"2022-02-24T23:17:43","modified_gmt":"2022-02-24T23:17:43","slug":"protesis-que-cambian-vidas","status":"publish","type":"post","link":"https:\/\/www.sensorialsunsets.com\/fr\/protesis-que-cambian-vidas\/","title":{"rendered":"Costa Rica: des proth\u00e8ses qui transforment des vies"},"content":{"rendered":"\n<p>Gr\u00e2ce \u00e0 la technologie d&rsquo;impression 3D, la Bionic Foundation cherche \u00e0 fournir des proth\u00e8ses de main fonctionnelles et peu co\u00fbteuses aux personnes qui ne peuvent pas se permettre ces dispositifs.<br>Situation actuelle au Costa Rica<br>Au Costa Rica, la Caisse de s\u00e9curit\u00e9 sociale du Costa Rica g\u00e8re l&rsquo;Atelier national d&rsquo;orth\u00e8ses et de proth\u00e8ses, qui fabrique des proth\u00e8ses pour les amput\u00e9s des membres inf\u00e9rieurs et a des listes d&rsquo;attente pouvant aller jusqu&rsquo;\u00e0 un an pour fournir une proth\u00e8se, mais ne propose pas de solutions pour les amput\u00e9s des membres sup\u00e9rieurs.<br>La Caisse de s\u00e9curit\u00e9 sociale du Costa Rica (CCSS) dispose de quelques maisons orthop\u00e9diques o\u00f9 les proth\u00e8ses sont distribu\u00e9es sur ordonnance, mais elles ont \u00e9galement des listes d&rsquo;attente et ne sont pas suffisamment confortables ou modernes.<br>Des dispositifs \u00e9lectriques (myo\u00e9lectriques) et corporels (m\u00e9caniques) tr\u00e8s complexes sont disponibles dans le secteur priv\u00e9 pour r\u00e9pondre aux besoins des patients, mais co\u00fbtent entre 3 000 et 7 000 dollars selon le niveau de fonctionnalit\u00e9. Les subventions de la s\u00e9curit\u00e9 sociale \u00e9quivalent \u00e0 un montant maximal de \u20a1706,000 (environ 1100 $) pour les personnes souffrant d&rsquo;amputations et de r\u00e9ductions traumatiques et cong\u00e9nitales du membre sup\u00e9rieur qui n&rsquo;ont pas les ressources n\u00e9cessaires pour acheter une proth\u00e8se par leurs propres moyens.<\/p>\n\n\n\n<figure class=\"wp-block-image\"><img decoding=\"async\" src=\"https:\/\/lh6.googleusercontent.com\/2DnTjTh6vBygSI3doVctpLGxFvq0ghn2pclziru__QttkCX_02qYiWN_ZqZpJHQwx021mE04w28pEAKcYwJj2uBrVlQGvTCZ0wl1DInsZhlLSTE1qnWynZ0KuQKhY9xpZ-7D6CZ4\" alt=\"\"\/><\/figure>\n\n\n\n<p><strong>Population handicap\u00e9e au Costa Rica<\/strong><br>Bien qu&rsquo;aucune donn\u00e9e actualis\u00e9e ne soit disponible, selon (ENADIS 2018), le pourcentage de personnes \u00e2g\u00e9es de 18 ans et plus pr\u00e9sentant un handicap est de 18,2 %.<br>Selon l&rsquo;enqu\u00eate nationale sur le handicap (ENADIS 2018), il existe des \u00e9carts importants entre les personnes avec et sans handicap dans le domaine de l&rsquo;\u00e9ducation.<br>Les personnes handicap\u00e9es ont un pourcentage d&rsquo;\u00e9ducation primaire incompl\u00e8te de 19,6% et les personnes non handicap\u00e9es de 10,0%. Il existe \u00e9galement des lacunes importantes en mati\u00e8re de droit au travail.<br>En cons\u00e9quence de ce qui pr\u00e9c\u00e8de, les personnes handicap\u00e9es font partie des secteurs les plus d\u00e9favoris\u00e9s de la population sur le plan \u00e9conomique.<\/p>\n\n\n\n<p><br><strong>Avantages de l&rsquo;impression 3D<\/strong><br>Il est important de mentionner qu&rsquo;au Costa Rica, la plupart des composants utilis\u00e9s dans la fabrication d&rsquo;une proth\u00e8se sont import\u00e9s et qu&rsquo;un technicien sp\u00e9cialis\u00e9 est n\u00e9cessaire pour prendre les mesures du patient et personnaliser l&rsquo;appareil, ces facteurs rendant la proth\u00e8se plus ch\u00e8re et augmentant le temps de fabrication.<br>La technologie d&rsquo;impression 3D a am\u00e9lior\u00e9 de nombreux aspects de l&rsquo;industrie, le secteur m\u00e9dical \u00e9tant l&rsquo;un des plus grands b\u00e9n\u00e9ficiaires. Les progr\u00e8s de la conception assist\u00e9e par ordinateur (CAO) et de la fabrication additive (impression 3D) acc\u00e9l\u00e8rent les d\u00e9lais de fabrication, permettent la personnalisation et feront baisser le co\u00fbt des proth\u00e8ses.<\/p>\n\n\n\n<figure class=\"wp-block-image\"><img decoding=\"async\" src=\"https:\/\/lh3.googleusercontent.com\/G76KpzeaEm5fVcMgOIrzORItbXYL5ime4pZZzJ7Jke5HuoGGVP8VXVqYQoEqCIKKsRnXt4UNQ_pGHVCxhpG6gN3G4jUvIqe_v-47JbqibEt5cKinM4OZA-55ZkeT02LNIw313LXk\" alt=\"\"\/><\/figure>\n\n\n\n<p><strong>Fondation Bionica<\/strong><\/p>\n\n\n\n<p><br>La Fondation Bionica est une organisation \u00e0 but non lucratif bas\u00e9e au Costa Rica qui d\u00e9veloppe des proth\u00e8ses, des implants et d&rsquo;autres dispositifs pour aider les personnes souffrant d&rsquo;un certain type de handicap, en donnant la priorit\u00e9 aux enfants et aux jeunes en situation vuln\u00e9rable.<br>L&rsquo;id\u00e9e principale est de \u00ab\u00a0donner une main\u00a0\u00bb aux personnes qui en ont le plus besoin, \u00e9vitant ainsi les co\u00fbts \u00e9lev\u00e9s d&rsquo;une proth\u00e8se traditionnelle. Selon Stevens (2015), la proth\u00e8se id\u00e9ale doit \u00eatre accessible, durable, l\u00e9g\u00e8re, cosm\u00e9tiquement acceptable et fonctionnelle. De cette mani\u00e8re, nous favorisons l&rsquo;inclusion de ces personnes sur le march\u00e9 du travail et leur r\u00e9insertion sociale, professionnelle et familiale.<br>Nous utilisons deux mod\u00e8les de proth\u00e8ses de main \u00e0 code source ouvert, le Kwawu Arm 2.0 &#8211; Prosthetic &#8211; Socket Version et le UnLimbited Arm v2.1 &#8211; Alfie Edition. \u00c0 l&rsquo;aide du logiciel de CAO libre et gratuit OpenSCAD, nous param\u00e9trons les conceptions en fonction des mesures de chaque utilisateur afin de r\u00e9aliser des proth\u00e8ses de diff\u00e9rentes formes et tailles.<br>Nous travaillons principalement avec des mat\u00e9riaux tels que le filament PLA (acide polylactique), l&rsquo;un des mat\u00e9riaux les plus populaires utilis\u00e9s dans l&rsquo;impression 3D. Il est inodore, tr\u00e8s r\u00e9sistant \u00e0 l&rsquo;humidit\u00e9 et aux graisses. Il est thermoplastique, c&rsquo;est-\u00e0-dire qu&rsquo;avec la chaleur, il devient flexible et s&rsquo;adapte \u00e0 la morphologie de la personne. Il est cr\u00e9\u00e9 \u00e0 partir de mati\u00e8res premi\u00e8res riches en amidon, comme la pomme de terre, le manioc ou le ma\u00efs, ce qui en fait un mat\u00e9riau biod\u00e9gradable par compostage.<br>Nouveaux d\u00e9fis<br>En tant que pays en d\u00e9veloppement, le Costa Rica se classe parmi les six pays du monde ayant les meilleurs soins de sant\u00e9 au monde en 2019, selon International Living.<br>Malgr\u00e9 cela, l&rsquo;acc\u00e8s \u00e0 l&rsquo;assurance maladie et aux produits de soutien reste insuffisant pour les personnes handicap\u00e9es vivant dans la pauvret\u00e9.<br>En ce qui concerne le statut d&rsquo;assurance, il est important de noter que 8,6 % des personnes souffrant d&rsquo;un handicap grave et 25,0 % des personnes souffrant d&rsquo;un handicap l\u00e9ger \u00e0 mod\u00e9r\u00e9 ne b\u00e9n\u00e9ficient d&rsquo;aucune forme d&rsquo;assurance sociale.<br>En outre, un quart de la population handicap\u00e9e (26,8 %) a besoin d&rsquo;appareils fonctionnels pour effectuer les activit\u00e9s de la vie quotidienne, mais n&rsquo;en dispose pas ou en a besoin d&rsquo;un autre, pour diverses raisons telles que : les appareils ne correspondent pas \u00e0 leurs besoins, la mauvaise qualit\u00e9 de ces appareils et le manque de ressources financi\u00e8res pour les acheter, les r\u00e9parer ou les entretenir.<br>Pour se souvenir<br>La Caisse de s\u00e9curit\u00e9 sociale du Costa Rica ne propose pas de solutions pour les amput\u00e9s des membres sup\u00e9rieurs.<br>Les subventions de la s\u00e9curit\u00e9 sociale \u00e9quivalent \u00e0 un montant maximum de \u20a1706,000 (environ 1100 $) pour les soins des amput\u00e9s des membres sup\u00e9rieurs.<br>Le pourcentage de personnes \u00e2g\u00e9es de 18 ans et plus souffrant d&rsquo;un handicap est de 18,2 %.<br>La technologie d&rsquo;impression 3D acc\u00e9l\u00e8re les d\u00e9lais de fabrication, permet la personnalisation et r\u00e9duira le co\u00fbt des proth\u00e8ses.<br>Plus de 50 % des personnes handicap\u00e9es vivent dans la pauvret\u00e9 et l&rsquo;extr\u00eame pauvret\u00e9.<br>La Fondation Bonica est une organisation \u00e0 but non lucratif au service de la population amput\u00e9e en situation de pauvret\u00e9.<\/p>\n\n\n\n<p><strong>Bibliographie<\/strong><\/p>\n\n\n\n<p><a href=\"https:\/\/www.larepublica.net\/noticia\/coopeservidores-y-fundacion-bionica-se-unen-para-ampliar-el-acceso-a-protesis\">https:\/\/www.larepublica.net\/noticia\/coopeservidores-y-fundacion-bionica-se-unen-para-ampliar-el-acceso-a-protesis<\/a><\/p>\n\n\n\n<p><a href=\"https:\/\/www.tec.ac.cr\/hoyeneltec\/2016\/11\/30\/ergotec-usa-impresion-3d-novedosos-metodos-hacer-protesis-mejores-mas-baratas\">https:\/\/www.tec.ac.cr\/hoyeneltec\/2016\/11\/30\/ergotec-usa-impresion-3d-novedosos-metodos-hacer-protesis-mejores-mas-baratas<\/a><\/p>\n\n\n\n<h5 class=\"wp-block-heading\">Stevens, J. (2015). Prosthetics in resource-limited countries. <a href=\"https:\/\/opedge.com\/Articles\/ViewArticle\/2015-06_02\">https:\/\/opedge.com\/Articles\/ViewArticle\/2015-06_02<\/a><\/h5>\n\n\n\n<p>Encuesta Nacional sobre Discapacidad 2018 (ENADIS 2018) <a href=\"https:\/\/www.inec.cr\/sites\/default\/files\/documetos-biblioteca-virtual\/reenadis2018.pdf\">https:\/\/www.inec.cr\/sites\/default\/files\/documetos-biblioteca-virtual\/reenadis2018.pdf<\/a><\/p>\n\n\n\n<p><a href=\"https:\/\/www.thingiverse.com\/thing:2841281\">https:\/\/www.thingiverse.com\/thing:2841281<\/a><\/p>\n\n\n\n<p><a href=\"https:\/\/www.thingiverse.com\/thing:1672381\">https:\/\/www.thingiverse.com\/thing:1672381<\/a><\/p>\n\n\n\n<p><a href=\"https:\/\/es.wikipedia.org\/wiki\/%C3%81cido_polil%C3%A1ctico\">https:\/\/es.wikipedia.org\/wiki\/%C3%81cido_polil%C3%A1ctico<\/a><\/p>\n\n\n\n<figure class=\"wp-block-embed is-type-wp-embed is-provider-international-living wp-block-embed-international-living\"><div class=\"wp-block-embed__wrapper\">\n<blockquote class=\"wp-embedded-content\" data-secret=\"GbuhmUZkfK\"><a href=\"https:\/\/internationalliving.com\/countries\/costa-rica\/health-care\/\">Healthcare in Costa Rica<\/a><\/blockquote><iframe loading=\"lazy\" class=\"wp-embedded-content\" sandbox=\"allow-scripts\" security=\"restricted\" style=\"position: absolute; clip: rect(1px, 1px, 1px, 1px);\" title=\"&#8220;Healthcare in Costa Rica&#8221; &#8212; International Living\" src=\"https:\/\/internationalliving.com\/countries\/costa-rica\/health-care\/embed\/#?secret=xrasSj1MD6#?secret=GbuhmUZkfK\" data-secret=\"GbuhmUZkfK\" width=\"600\" height=\"338\" frameborder=\"0\" marginwidth=\"0\" marginheight=\"0\" scrolling=\"no\"><\/iframe>\n<\/div><\/figure>\n\n\n\n<p><strong>Auteur<\/strong>: David Mel\u00e9ndez<br>Fundaci\u00f3n Bi\u00f3nica de Costa Rica<\/p>\n","protected":false},"excerpt":{"rendered":"<p>Gr\u00e2ce \u00e0 la technologie d&rsquo;impression 3D, la Bionic Foundation cherche \u00e0 fournir des proth\u00e8ses de main fonctionnelles et peu co\u00fbteuses aux personnes qui ne peuvent pas se permettre ces dispositifs.Situation actuelle au Costa RicaAu Costa Rica, la Caisse de s\u00e9curit\u00e9 sociale du Costa Rica g\u00e8re l&rsquo;Atelier national d&rsquo;orth\u00e8ses et de proth\u00e8ses, qui fabrique des proth\u00e8ses [&hellip;]<\/p>\n","protected":false},"author":5,"featured_media":1145,"comment_status":"closed","ping_status":"closed","sticky":false,"template":"","format":"standard","meta":{"_acf_changed":false,"inline_featured_image":false,"_monsterinsights_skip_tracking":false,"_monsterinsights_sitenote_active":false,"_monsterinsights_sitenote_note":"","_monsterinsights_sitenote_category":0,"footnotes":""},"categories":[1],"tags":[],"class_list":["post-1142","post","type-post","status-publish","format-standard","has-post-thumbnail","hentry","category-non-classifiee"],"acf":[],"yoast_head":"<!-- This site is optimized with the Yoast SEO plugin v27.4 - https:\/\/yoast.com\/product\/yoast-seo-wordpress\/ -->\n<title>Costa Rica: des proth\u00e8ses qui transforment des vies - SensorialSunsets<\/title>\n<meta name=\"robots\" content=\"index, follow, max-snippet:-1, max-image-preview:large, max-video-preview:-1\" \/>\n<link rel=\"canonical\" href=\"https:\/\/www.sensorialsunsets.com\/fr\/protesis-que-cambian-vidas\/\" \/>\n<meta property=\"og:locale\" content=\"fr_FR\" \/>\n<meta property=\"og:type\" content=\"article\" \/>\n<meta property=\"og:title\" content=\"Costa Rica: des proth\u00e8ses qui transforment des vies - SensorialSunsets\" \/>\n<meta property=\"og:description\" content=\"Gr\u00e2ce \u00e0 la technologie d&rsquo;impression 3D, la Bionic Foundation cherche \u00e0 fournir des proth\u00e8ses de main fonctionnelles et peu co\u00fbteuses aux personnes qui ne peuvent pas se permettre ces dispositifs.Situation actuelle au Costa RicaAu Costa Rica, la Caisse de s\u00e9curit\u00e9 sociale du Costa Rica g\u00e8re l&rsquo;Atelier national d&rsquo;orth\u00e8ses et de proth\u00e8ses, qui fabrique des proth\u00e8ses [&hellip;]\" \/>\n<meta property=\"og:url\" content=\"https:\/\/www.sensorialsunsets.com\/fr\/protesis-que-cambian-vidas\/\" \/>\n<meta property=\"og:site_name\" content=\"SensorialSunsets\" \/>\n<meta property=\"article:publisher\" content=\"https:\/\/www.facebook.com\/Sensorial-Sunsets-109180614715562\" \/>\n<meta property=\"article:published_time\" content=\"2022-02-24T23:00:46+00:00\" \/>\n<meta property=\"article:modified_time\" content=\"2022-02-24T23:17:43+00:00\" \/>\n<meta property=\"og:image\" content=\"https:\/\/www.sensorialsunsets.com\/wp-content\/uploads\/2022\/02\/image2.jpg\" \/>\n\t<meta property=\"og:image:width\" content=\"1379\" \/>\n\t<meta property=\"og:image:height\" content=\"919\" \/>\n\t<meta property=\"og:image:type\" content=\"image\/jpeg\" \/>\n<meta name=\"author\" content=\"Marian Barrantes\" \/>\n<meta name=\"twitter:card\" content=\"summary_large_image\" \/>\n<meta name=\"twitter:label1\" content=\"\u00c9crit par\" \/>\n\t<meta name=\"twitter:data1\" content=\"Marian Barrantes\" \/>\n\t<meta name=\"twitter:label2\" content=\"Dur\u00e9e de lecture estim\u00e9e\" \/>\n\t<meta name=\"twitter:data2\" content=\"5 minutes\" \/>\n<script type=\"application\/ld+json\" class=\"yoast-schema-graph\">{\"@context\":\"https:\\\/\\\/schema.org\",\"@graph\":[{\"@type\":\"Article\",\"@id\":\"https:\\\/\\\/www.sensorialsunsets.com\\\/fr\\\/protesis-que-cambian-vidas\\\/#article\",\"isPartOf\":{\"@id\":\"https:\\\/\\\/www.sensorialsunsets.com\\\/fr\\\/protesis-que-cambian-vidas\\\/\"},\"author\":{\"name\":\"Marian Barrantes\",\"@id\":\"https:\\\/\\\/www.sensorialsunsets.com\\\/fr\\\/#\\\/schema\\\/person\\\/a8336a4dbeee633f087a194db2ca482f\"},\"headline\":\"Costa Rica: des proth\u00e8ses qui transforment des vies\",\"datePublished\":\"2022-02-24T23:00:46+00:00\",\"dateModified\":\"2022-02-24T23:17:43+00:00\",\"mainEntityOfPage\":{\"@id\":\"https:\\\/\\\/www.sensorialsunsets.com\\\/fr\\\/protesis-que-cambian-vidas\\\/\"},\"wordCount\":1141,\"publisher\":{\"@id\":\"https:\\\/\\\/www.sensorialsunsets.com\\\/fr\\\/#organization\"},\"image\":{\"@id\":\"https:\\\/\\\/www.sensorialsunsets.com\\\/fr\\\/protesis-que-cambian-vidas\\\/#primaryimage\"},\"thumbnailUrl\":\"https:\\\/\\\/www.sensorialsunsets.com\\\/wp-content\\\/uploads\\\/2022\\\/02\\\/image2.jpg\",\"articleSection\":[\"Non classifi\u00e9(e)\"],\"inLanguage\":\"fr-FR\"},{\"@type\":\"WebPage\",\"@id\":\"https:\\\/\\\/www.sensorialsunsets.com\\\/fr\\\/protesis-que-cambian-vidas\\\/\",\"url\":\"https:\\\/\\\/www.sensorialsunsets.com\\\/fr\\\/protesis-que-cambian-vidas\\\/\",\"name\":\"Costa Rica: des proth\u00e8ses qui transforment des vies - SensorialSunsets\",\"isPartOf\":{\"@id\":\"https:\\\/\\\/www.sensorialsunsets.com\\\/fr\\\/#website\"},\"primaryImageOfPage\":{\"@id\":\"https:\\\/\\\/www.sensorialsunsets.com\\\/fr\\\/protesis-que-cambian-vidas\\\/#primaryimage\"},\"image\":{\"@id\":\"https:\\\/\\\/www.sensorialsunsets.com\\\/fr\\\/protesis-que-cambian-vidas\\\/#primaryimage\"},\"thumbnailUrl\":\"https:\\\/\\\/www.sensorialsunsets.com\\\/wp-content\\\/uploads\\\/2022\\\/02\\\/image2.jpg\",\"datePublished\":\"2022-02-24T23:00:46+00:00\",\"dateModified\":\"2022-02-24T23:17:43+00:00\",\"inLanguage\":\"fr-FR\",\"potentialAction\":[{\"@type\":\"ReadAction\",\"target\":[\"https:\\\/\\\/www.sensorialsunsets.com\\\/fr\\\/protesis-que-cambian-vidas\\\/\"]}]},{\"@type\":\"ImageObject\",\"inLanguage\":\"fr-FR\",\"@id\":\"https:\\\/\\\/www.sensorialsunsets.com\\\/fr\\\/protesis-que-cambian-vidas\\\/#primaryimage\",\"url\":\"https:\\\/\\\/www.sensorialsunsets.com\\\/wp-content\\\/uploads\\\/2022\\\/02\\\/image2.jpg\",\"contentUrl\":\"https:\\\/\\\/www.sensorialsunsets.com\\\/wp-content\\\/uploads\\\/2022\\\/02\\\/image2.jpg\",\"width\":1379,\"height\":919},{\"@type\":\"WebSite\",\"@id\":\"https:\\\/\\\/www.sensorialsunsets.com\\\/fr\\\/#website\",\"url\":\"https:\\\/\\\/www.sensorialsunsets.com\\\/fr\\\/\",\"name\":\"SensorialSunsets.com\",\"description\":\"D\u00e9couvrez la culture et la soci\u00e9t\u00e9 du Costa Rica sur notre blog. Explorez des articles captivants et partagez le contenu.\",\"publisher\":{\"@id\":\"https:\\\/\\\/www.sensorialsunsets.com\\\/fr\\\/#organization\"},\"alternateName\":\"Costa Rica Live Blog\",\"potentialAction\":[{\"@type\":\"SearchAction\",\"target\":{\"@type\":\"EntryPoint\",\"urlTemplate\":\"https:\\\/\\\/www.sensorialsunsets.com\\\/fr\\\/?s={search_term_string}\"},\"query-input\":{\"@type\":\"PropertyValueSpecification\",\"valueRequired\":true,\"valueName\":\"search_term_string\"}}],\"inLanguage\":\"fr-FR\"},{\"@type\":\"Organization\",\"@id\":\"https:\\\/\\\/www.sensorialsunsets.com\\\/fr\\\/#organization\",\"name\":\"SensorialSunsets\",\"url\":\"https:\\\/\\\/www.sensorialsunsets.com\\\/fr\\\/\",\"logo\":{\"@type\":\"ImageObject\",\"inLanguage\":\"fr-FR\",\"@id\":\"https:\\\/\\\/www.sensorialsunsets.com\\\/fr\\\/#\\\/schema\\\/logo\\\/image\\\/\",\"url\":\"https:\\\/\\\/www.sensorialsunsets.com\\\/wp-content\\\/uploads\\\/2023\\\/04\\\/Logo_base_line_fond_clair.svg\",\"contentUrl\":\"https:\\\/\\\/www.sensorialsunsets.com\\\/wp-content\\\/uploads\\\/2023\\\/04\\\/Logo_base_line_fond_clair.svg\",\"width\":\"1024\",\"height\":\"1024\",\"caption\":\"SensorialSunsets\"},\"image\":{\"@id\":\"https:\\\/\\\/www.sensorialsunsets.com\\\/fr\\\/#\\\/schema\\\/logo\\\/image\\\/\"},\"sameAs\":[\"https:\\\/\\\/www.facebook.com\\\/Sensorial-Sunsets-109180614715562\",\"https:\\\/\\\/www.instagram.com\\\/sensorialsunsets\\\/\"]},{\"@type\":\"Person\",\"@id\":\"https:\\\/\\\/www.sensorialsunsets.com\\\/fr\\\/#\\\/schema\\\/person\\\/a8336a4dbeee633f087a194db2ca482f\",\"name\":\"Marian Barrantes\",\"image\":{\"@type\":\"ImageObject\",\"inLanguage\":\"fr-FR\",\"@id\":\"https:\\\/\\\/secure.gravatar.com\\\/avatar\\\/fafbfab67eb28029818d03f44e3037bd798e04434d8d5c0cfc2eea8ec2882a22?s=96&d=mm&r=g\",\"url\":\"https:\\\/\\\/secure.gravatar.com\\\/avatar\\\/fafbfab67eb28029818d03f44e3037bd798e04434d8d5c0cfc2eea8ec2882a22?s=96&d=mm&r=g\",\"contentUrl\":\"https:\\\/\\\/secure.gravatar.com\\\/avatar\\\/fafbfab67eb28029818d03f44e3037bd798e04434d8d5c0cfc2eea8ec2882a22?s=96&d=mm&r=g\",\"caption\":\"Marian Barrantes\"},\"sameAs\":[\"https:\\\/\\\/www.sensorialsunsets.com\"],\"url\":\"https:\\\/\\\/www.sensorialsunsets.com\\\/fr\\\/author\\\/mbarrantes\\\/\"}]}<\/script>\n<!-- \/ Yoast SEO plugin. -->","yoast_head_json":{"title":"Costa Rica: des proth\u00e8ses qui transforment des vies - SensorialSunsets","robots":{"index":"index","follow":"follow","max-snippet":"max-snippet:-1","max-image-preview":"max-image-preview:large","max-video-preview":"max-video-preview:-1"},"canonical":"https:\/\/www.sensorialsunsets.com\/fr\/protesis-que-cambian-vidas\/","og_locale":"fr_FR","og_type":"article","og_title":"Costa Rica: des proth\u00e8ses qui transforment des vies - SensorialSunsets","og_description":"Gr\u00e2ce \u00e0 la technologie d&rsquo;impression 3D, la Bionic Foundation cherche \u00e0 fournir des proth\u00e8ses de main fonctionnelles et peu co\u00fbteuses aux personnes qui ne peuvent pas se permettre ces dispositifs.Situation actuelle au Costa RicaAu Costa Rica, la Caisse de s\u00e9curit\u00e9 sociale du Costa Rica g\u00e8re l&rsquo;Atelier national d&rsquo;orth\u00e8ses et de proth\u00e8ses, qui fabrique des proth\u00e8ses [&hellip;]","og_url":"https:\/\/www.sensorialsunsets.com\/fr\/protesis-que-cambian-vidas\/","og_site_name":"SensorialSunsets","article_publisher":"https:\/\/www.facebook.com\/Sensorial-Sunsets-109180614715562","article_published_time":"2022-02-24T23:00:46+00:00","article_modified_time":"2022-02-24T23:17:43+00:00","og_image":[{"width":1379,"height":919,"url":"https:\/\/www.sensorialsunsets.com\/wp-content\/uploads\/2022\/02\/image2.jpg","type":"image\/jpeg"}],"author":"Marian Barrantes","twitter_card":"summary_large_image","twitter_misc":{"\u00c9crit par":"Marian Barrantes","Dur\u00e9e de lecture estim\u00e9e":"5 minutes"},"schema":{"@context":"https:\/\/schema.org","@graph":[{"@type":"Article","@id":"https:\/\/www.sensorialsunsets.com\/fr\/protesis-que-cambian-vidas\/#article","isPartOf":{"@id":"https:\/\/www.sensorialsunsets.com\/fr\/protesis-que-cambian-vidas\/"},"author":{"name":"Marian Barrantes","@id":"https:\/\/www.sensorialsunsets.com\/fr\/#\/schema\/person\/a8336a4dbeee633f087a194db2ca482f"},"headline":"Costa Rica: des proth\u00e8ses qui transforment des vies","datePublished":"2022-02-24T23:00:46+00:00","dateModified":"2022-02-24T23:17:43+00:00","mainEntityOfPage":{"@id":"https:\/\/www.sensorialsunsets.com\/fr\/protesis-que-cambian-vidas\/"},"wordCount":1141,"publisher":{"@id":"https:\/\/www.sensorialsunsets.com\/fr\/#organization"},"image":{"@id":"https:\/\/www.sensorialsunsets.com\/fr\/protesis-que-cambian-vidas\/#primaryimage"},"thumbnailUrl":"https:\/\/www.sensorialsunsets.com\/wp-content\/uploads\/2022\/02\/image2.jpg","articleSection":["Non classifi\u00e9(e)"],"inLanguage":"fr-FR"},{"@type":"WebPage","@id":"https:\/\/www.sensorialsunsets.com\/fr\/protesis-que-cambian-vidas\/","url":"https:\/\/www.sensorialsunsets.com\/fr\/protesis-que-cambian-vidas\/","name":"Costa Rica: des proth\u00e8ses qui transforment des vies - SensorialSunsets","isPartOf":{"@id":"https:\/\/www.sensorialsunsets.com\/fr\/#website"},"primaryImageOfPage":{"@id":"https:\/\/www.sensorialsunsets.com\/fr\/protesis-que-cambian-vidas\/#primaryimage"},"image":{"@id":"https:\/\/www.sensorialsunsets.com\/fr\/protesis-que-cambian-vidas\/#primaryimage"},"thumbnailUrl":"https:\/\/www.sensorialsunsets.com\/wp-content\/uploads\/2022\/02\/image2.jpg","datePublished":"2022-02-24T23:00:46+00:00","dateModified":"2022-02-24T23:17:43+00:00","inLanguage":"fr-FR","potentialAction":[{"@type":"ReadAction","target":["https:\/\/www.sensorialsunsets.com\/fr\/protesis-que-cambian-vidas\/"]}]},{"@type":"ImageObject","inLanguage":"fr-FR","@id":"https:\/\/www.sensorialsunsets.com\/fr\/protesis-que-cambian-vidas\/#primaryimage","url":"https:\/\/www.sensorialsunsets.com\/wp-content\/uploads\/2022\/02\/image2.jpg","contentUrl":"https:\/\/www.sensorialsunsets.com\/wp-content\/uploads\/2022\/02\/image2.jpg","width":1379,"height":919},{"@type":"WebSite","@id":"https:\/\/www.sensorialsunsets.com\/fr\/#website","url":"https:\/\/www.sensorialsunsets.com\/fr\/","name":"SensorialSunsets.com","description":"D\u00e9couvrez la culture et la soci\u00e9t\u00e9 du Costa Rica sur notre blog. Explorez des articles captivants et partagez le contenu.","publisher":{"@id":"https:\/\/www.sensorialsunsets.com\/fr\/#organization"},"alternateName":"Costa Rica Live Blog","potentialAction":[{"@type":"SearchAction","target":{"@type":"EntryPoint","urlTemplate":"https:\/\/www.sensorialsunsets.com\/fr\/?s={search_term_string}"},"query-input":{"@type":"PropertyValueSpecification","valueRequired":true,"valueName":"search_term_string"}}],"inLanguage":"fr-FR"},{"@type":"Organization","@id":"https:\/\/www.sensorialsunsets.com\/fr\/#organization","name":"SensorialSunsets","url":"https:\/\/www.sensorialsunsets.com\/fr\/","logo":{"@type":"ImageObject","inLanguage":"fr-FR","@id":"https:\/\/www.sensorialsunsets.com\/fr\/#\/schema\/logo\/image\/","url":"https:\/\/www.sensorialsunsets.com\/wp-content\/uploads\/2023\/04\/Logo_base_line_fond_clair.svg","contentUrl":"https:\/\/www.sensorialsunsets.com\/wp-content\/uploads\/2023\/04\/Logo_base_line_fond_clair.svg","width":"1024","height":"1024","caption":"SensorialSunsets"},"image":{"@id":"https:\/\/www.sensorialsunsets.com\/fr\/#\/schema\/logo\/image\/"},"sameAs":["https:\/\/www.facebook.com\/Sensorial-Sunsets-109180614715562","https:\/\/www.instagram.com\/sensorialsunsets\/"]},{"@type":"Person","@id":"https:\/\/www.sensorialsunsets.com\/fr\/#\/schema\/person\/a8336a4dbeee633f087a194db2ca482f","name":"Marian Barrantes","image":{"@type":"ImageObject","inLanguage":"fr-FR","@id":"https:\/\/secure.gravatar.com\/avatar\/fafbfab67eb28029818d03f44e3037bd798e04434d8d5c0cfc2eea8ec2882a22?s=96&d=mm&r=g","url":"https:\/\/secure.gravatar.com\/avatar\/fafbfab67eb28029818d03f44e3037bd798e04434d8d5c0cfc2eea8ec2882a22?s=96&d=mm&r=g","contentUrl":"https:\/\/secure.gravatar.com\/avatar\/fafbfab67eb28029818d03f44e3037bd798e04434d8d5c0cfc2eea8ec2882a22?s=96&d=mm&r=g","caption":"Marian Barrantes"},"sameAs":["https:\/\/www.sensorialsunsets.com"],"url":"https:\/\/www.sensorialsunsets.com\/fr\/author\/mbarrantes\/"}]}},"_links":{"self":[{"href":"https:\/\/www.sensorialsunsets.com\/fr\/wp-json\/wp\/v2\/posts\/1142","targetHints":{"allow":["GET"]}}],"collection":[{"href":"https:\/\/www.sensorialsunsets.com\/fr\/wp-json\/wp\/v2\/posts"}],"about":[{"href":"https:\/\/www.sensorialsunsets.com\/fr\/wp-json\/wp\/v2\/types\/post"}],"author":[{"embeddable":true,"href":"https:\/\/www.sensorialsunsets.com\/fr\/wp-json\/wp\/v2\/users\/5"}],"replies":[{"embeddable":true,"href":"https:\/\/www.sensorialsunsets.com\/fr\/wp-json\/wp\/v2\/comments?post=1142"}],"version-history":[{"count":0,"href":"https:\/\/www.sensorialsunsets.com\/fr\/wp-json\/wp\/v2\/posts\/1142\/revisions"}],"wp:featuredmedia":[{"embeddable":true,"href":"https:\/\/www.sensorialsunsets.com\/fr\/wp-json\/wp\/v2\/media\/1145"}],"wp:attachment":[{"href":"https:\/\/www.sensorialsunsets.com\/fr\/wp-json\/wp\/v2\/media?parent=1142"}],"wp:term":[{"taxonomy":"category","embeddable":true,"href":"https:\/\/www.sensorialsunsets.com\/fr\/wp-json\/wp\/v2\/categories?post=1142"},{"taxonomy":"post_tag","embeddable":true,"href":"https:\/\/www.sensorialsunsets.com\/fr\/wp-json\/wp\/v2\/tags?post=1142"}],"curies":[{"name":"wp","href":"https:\/\/api.w.org\/{rel}","templated":true}]}}