{"id":12332,"date":"2023-11-24T13:32:13","date_gmt":"2023-11-24T19:32:13","guid":{"rendered":"https:\/\/www.sensorialsunsets.com\/?p=12332"},"modified":"2023-11-24T13:32:13","modified_gmt":"2023-11-24T19:32:13","slug":"explorer-le-monde-vegane-a-cartago-cartago-veg-fair-2023","status":"publish","type":"post","link":"https:\/\/www.sensorialsunsets.com\/fr\/explorer-le-monde-vegane-a-cartago-cartago-veg-fair-2023\/","title":{"rendered":"Explorer le monde v\u00e9gane \u00e0 Cartago : Cartago Veg Fair 2023"},"content":{"rendered":"\n<p>Le dimanche 26 novembre prochain, la ville de Cartago s&rsquo;habillera de vert pour accueillir la tr\u00e8s attendue \u00a0\u00bb Foire Cartago Veg \u00ab\u00a0. Un \u00e9v\u00e9nement qui promet une grande vari\u00e9t\u00e9 d&rsquo;options gastronomiques v\u00e9ganes et v\u00e9g\u00e9tariennes, ainsi que des produits et des services li\u00e9s \u00e0 ces modes de vie conscients.<\/p>\n\n<h3 class=\"wp-block-heading\">La diversit\u00e9 de l&rsquo;offre gastronomique<\/h3>\n\n<p>La Cartago Veg Fair sera l&rsquo;\u00e9picentre de la rencontre de diverses entreprises, non seulement locales mais aussi de l&rsquo;ext\u00e9rieur de la province, qui partagent un engagement en faveur de l&rsquo;alimentation v\u00e9gane et v\u00e9g\u00e9tarienne. Des options \u00e0 emporter aux options \u00e0 d\u00e9guster sur place.<\/p>\n\n<p>La preview avant le d\u00e9but de la foire commence le vendredi 24 \u00e0 17 heures avec un Instagram Live qui offrira un aper\u00e7u plus pr\u00e9cis de ce \u00e0 quoi on peut s&rsquo;attendre lors de l&rsquo;\u00e9v\u00e9nement. En outre, la conf\u00e9rence intitul\u00e9e \u00ab\u00a0Transition vers un r\u00e9gime \u00e0 base de plantes (v\u00e9g\u00e9talien-v\u00e9g\u00e9tarien)\u00a0\u00bb, qui sera anim\u00e9e par l&rsquo;exceptionnelle Carolina Garc\u00eda de<a href=\"https:\/\/www.instagram.com\/alma.enbalance\/\"> @alma.enbalance<\/a>. Une occasion unique d&rsquo;en savoir plus sur les avantages d&rsquo;adopter une approche v\u00e9g\u00e9tale dans notre alimentation quotidienne. Avec la participation de<a href=\"https:\/\/www.instagram.com\/furiaveganacr\/\"> Furia Vegana<\/a>, une alternative qui se concentre sur la cr\u00e9ation et la vente d&rsquo;aliments antisp\u00e9cistes.<\/p>\n\n<figure class=\"wp-block-gallery has-nested-images columns-default is-cropped wp-block-gallery-1 is-layout-flex wp-block-gallery-is-layout-flex\">\n<figure class=\"wp-block-image size-large\"><img loading=\"lazy\" decoding=\"async\" width=\"819\" height=\"1024\" data-id=\"12320\" src=\"https:\/\/www.sensorialsunsets.com\/wp-content\/uploads\/2023\/11\/321144373_1201531230499131_3879854660344449249_n-819x1024.jpg\" alt=\"fueria vegana\" class=\"wp-image-12320\" srcset=\"https:\/\/www.sensorialsunsets.com\/wp-content\/uploads\/2023\/11\/321144373_1201531230499131_3879854660344449249_n-819x1024.jpg 819w, https:\/\/www.sensorialsunsets.com\/wp-content\/uploads\/2023\/11\/321144373_1201531230499131_3879854660344449249_n-240x300.jpg 240w, https:\/\/www.sensorialsunsets.com\/wp-content\/uploads\/2023\/11\/321144373_1201531230499131_3879854660344449249_n-768x960.jpg 768w, https:\/\/www.sensorialsunsets.com\/wp-content\/uploads\/2023\/11\/321144373_1201531230499131_3879854660344449249_n-1229x1536.jpg 1229w, https:\/\/www.sensorialsunsets.com\/wp-content\/uploads\/2023\/11\/321144373_1201531230499131_3879854660344449249_n-1320x1650.jpg 1320w, https:\/\/www.sensorialsunsets.com\/wp-content\/uploads\/2023\/11\/321144373_1201531230499131_3879854660344449249_n.jpg 1440w\" sizes=\"auto, (max-width: 819px) 100vw, 819px\" \/><\/figure>\n\n\n\n<figure class=\"wp-block-image size-large\"><img loading=\"lazy\" decoding=\"async\" width=\"1024\" height=\"1024\" data-id=\"12323\" src=\"https:\/\/www.sensorialsunsets.com\/wp-content\/uploads\/2023\/11\/401620617_356041956921863_2906136908713496678_n-1024x1024.jpg\" alt=\"Veg fair\" class=\"wp-image-12323\" srcset=\"https:\/\/www.sensorialsunsets.com\/wp-content\/uploads\/2023\/11\/401620617_356041956921863_2906136908713496678_n-1024x1024.jpg 1024w, https:\/\/www.sensorialsunsets.com\/wp-content\/uploads\/2023\/11\/401620617_356041956921863_2906136908713496678_n-300x300.jpg 300w, https:\/\/www.sensorialsunsets.com\/wp-content\/uploads\/2023\/11\/401620617_356041956921863_2906136908713496678_n-150x150.jpg 150w, https:\/\/www.sensorialsunsets.com\/wp-content\/uploads\/2023\/11\/401620617_356041956921863_2906136908713496678_n-768x768.jpg 768w, https:\/\/www.sensorialsunsets.com\/wp-content\/uploads\/2023\/11\/401620617_356041956921863_2906136908713496678_n-50x50.jpg 50w, https:\/\/www.sensorialsunsets.com\/wp-content\/uploads\/2023\/11\/401620617_356041956921863_2906136908713496678_n-117x117.jpg 117w, https:\/\/www.sensorialsunsets.com\/wp-content\/uploads\/2023\/11\/401620617_356041956921863_2906136908713496678_n-1320x1320.jpg 1320w, https:\/\/www.sensorialsunsets.com\/wp-content\/uploads\/2023\/11\/401620617_356041956921863_2906136908713496678_n.jpg 1440w\" sizes=\"auto, (max-width: 1024px) 100vw, 1024px\" \/><\/figure>\n\n\n\n<figure class=\"wp-block-image size-large\"><img loading=\"lazy\" decoding=\"async\" width=\"1024\" height=\"1024\" data-id=\"12317\" src=\"https:\/\/www.sensorialsunsets.com\/wp-content\/uploads\/2023\/11\/322747990_195968859636635_3302507647825957952_n-1024x1024.jpg\" alt=\"furia vegana\" class=\"wp-image-12317\" srcset=\"https:\/\/www.sensorialsunsets.com\/wp-content\/uploads\/2023\/11\/322747990_195968859636635_3302507647825957952_n-1024x1024.jpg 1024w, https:\/\/www.sensorialsunsets.com\/wp-content\/uploads\/2023\/11\/322747990_195968859636635_3302507647825957952_n-300x300.jpg 300w, https:\/\/www.sensorialsunsets.com\/wp-content\/uploads\/2023\/11\/322747990_195968859636635_3302507647825957952_n-150x150.jpg 150w, https:\/\/www.sensorialsunsets.com\/wp-content\/uploads\/2023\/11\/322747990_195968859636635_3302507647825957952_n-768x768.jpg 768w, https:\/\/www.sensorialsunsets.com\/wp-content\/uploads\/2023\/11\/322747990_195968859636635_3302507647825957952_n-50x50.jpg 50w, https:\/\/www.sensorialsunsets.com\/wp-content\/uploads\/2023\/11\/322747990_195968859636635_3302507647825957952_n-117x117.jpg 117w, https:\/\/www.sensorialsunsets.com\/wp-content\/uploads\/2023\/11\/322747990_195968859636635_3302507647825957952_n.jpg 1080w\" sizes=\"auto, (max-width: 1024px) 100vw, 1024px\" \/><\/figure>\n<\/figure>\n\n<h3 class=\"wp-block-heading\">Veg fair<\/h3>\n\n<p>La foire aura lieu le dimanche 26 novembre, de 10h30 \u00e0 17h, au <a href=\"https:\/\/www.instagram.com\/centroculturacartago\/\">Centro de la Cultura Cartaginesa<\/a>. Une journ\u00e9e enti\u00e8re consacr\u00e9e \u00e0 la d\u00e9couverte de produits et de services qui favorisent un mode de vie sain et durable. L&rsquo;entr\u00e9e est gratuite, il n&rsquo;y a donc aucune excuse pour ne pas participer \u00e0 cette exp\u00e9rience unique.<\/p>\n\n<p>La Feria Cartago Veg est bien plus qu&rsquo;un \u00e9v\u00e9nement gastronomique ; c&rsquo;est une c\u00e9l\u00e9bration de la diversit\u00e9, de la durabilit\u00e9 et de la sensibilisation \u00e0 l&rsquo;alimentation.<\/p>\n","protected":false},"excerpt":{"rendered":"<p>Le dimanche 26 novembre prochain, la ville de Cartago s&rsquo;habillera de vert pour accueillir la tr\u00e8s attendue \u00a0\u00bb Foire Cartago Veg \u00ab\u00a0. Un \u00e9v\u00e9nement qui promet une grande vari\u00e9t\u00e9 d&rsquo;options gastronomiques v\u00e9ganes et v\u00e9g\u00e9tariennes, ainsi que des produits et des services li\u00e9s \u00e0 ces modes de vie conscients. La diversit\u00e9 de l&rsquo;offre gastronomique La Cartago [&hellip;]<\/p>\n","protected":false},"author":4,"featured_media":12329,"comment_status":"closed","ping_status":"closed","sticky":false,"template":"","format":"standard","meta":{"_acf_changed":false,"inline_featured_image":false,"_monsterinsights_skip_tracking":false,"_monsterinsights_sitenote_active":false,"_monsterinsights_sitenote_note":"","_monsterinsights_sitenote_category":0,"footnotes":""},"categories":[1],"tags":[],"class_list":["post-12332","post","type-post","status-publish","format-standard","has-post-thumbnail","hentry","category-non-classifiee"],"acf":[],"yoast_head":"<!-- This site is optimized with the Yoast SEO plugin v27.4 - https:\/\/yoast.com\/product\/yoast-seo-wordpress\/ -->\n<title>Explorer le monde v\u00e9gane \u00e0 Cartago : Cartago Veg Fair 2023<\/title>\n<meta name=\"description\" content=\"Cartago Veg Fair pour d\u00e9couvrir les d\u00e9lices v\u00e9g\u00e9taliens, les produits durables et s&#039;informer sur l&#039;alimentation \u00e0 base de plantes.\" \/>\n<meta name=\"robots\" content=\"index, follow, max-snippet:-1, max-image-preview:large, max-video-preview:-1\" \/>\n<link rel=\"canonical\" href=\"https:\/\/www.sensorialsunsets.com\/fr\/explorer-le-monde-vegane-a-cartago-cartago-veg-fair-2023\/\" \/>\n<meta property=\"og:locale\" content=\"fr_FR\" \/>\n<meta property=\"og:type\" content=\"article\" \/>\n<meta property=\"og:title\" content=\"Explorer le monde v\u00e9gane \u00e0 Cartago : Cartago Veg Fair 2023\" \/>\n<meta property=\"og:description\" content=\"Cartago Veg Fair pour d\u00e9couvrir les d\u00e9lices v\u00e9g\u00e9taliens, les produits durables et s&#039;informer sur l&#039;alimentation \u00e0 base de plantes.\" \/>\n<meta property=\"og:url\" content=\"https:\/\/www.sensorialsunsets.com\/fr\/explorer-le-monde-vegane-a-cartago-cartago-veg-fair-2023\/\" \/>\n<meta property=\"og:site_name\" content=\"SensorialSunsets\" \/>\n<meta property=\"article:publisher\" content=\"https:\/\/www.facebook.com\/Sensorial-Sunsets-109180614715562\" \/>\n<meta property=\"article:published_time\" content=\"2023-11-24T19:32:13+00:00\" \/>\n<meta property=\"og:image\" content=\"https:\/\/www.sensorialsunsets.com\/wp-content\/uploads\/2023\/11\/275534824_178276594524673_8738813459263161989_n.jpg\" \/>\n\t<meta property=\"og:image:width\" content=\"1080\" \/>\n\t<meta property=\"og:image:height\" content=\"607\" \/>\n\t<meta property=\"og:image:type\" content=\"image\/jpeg\" \/>\n<meta name=\"author\" content=\"Sensorial Sunsets\" \/>\n<meta name=\"twitter:card\" content=\"summary_large_image\" \/>\n<meta name=\"twitter:label1\" content=\"\u00c9crit par\" \/>\n\t<meta name=\"twitter:data1\" content=\"Sensorial Sunsets\" \/>\n\t<meta name=\"twitter:label2\" content=\"Dur\u00e9e de lecture estim\u00e9e\" \/>\n\t<meta name=\"twitter:data2\" content=\"1 minute\" \/>\n<script type=\"application\/ld+json\" class=\"yoast-schema-graph\">{\"@context\":\"https:\\\/\\\/schema.org\",\"@graph\":[{\"@type\":\"Article\",\"@id\":\"https:\\\/\\\/www.sensorialsunsets.com\\\/fr\\\/explorer-le-monde-vegane-a-cartago-cartago-veg-fair-2023\\\/#article\",\"isPartOf\":{\"@id\":\"https:\\\/\\\/www.sensorialsunsets.com\\\/fr\\\/explorer-le-monde-vegane-a-cartago-cartago-veg-fair-2023\\\/\"},\"author\":{\"name\":\"Sensorial Sunsets\",\"@id\":\"https:\\\/\\\/www.sensorialsunsets.com\\\/fr\\\/#\\\/schema\\\/person\\\/77e2fa594135aa94024c47e281d8a94d\"},\"headline\":\"Explorer le monde v\u00e9gane \u00e0 Cartago : Cartago Veg Fair 2023\",\"datePublished\":\"2023-11-24T19:32:13+00:00\",\"mainEntityOfPage\":{\"@id\":\"https:\\\/\\\/www.sensorialsunsets.com\\\/fr\\\/explorer-le-monde-vegane-a-cartago-cartago-veg-fair-2023\\\/\"},\"wordCount\":322,\"publisher\":{\"@id\":\"https:\\\/\\\/www.sensorialsunsets.com\\\/fr\\\/#organization\"},\"image\":{\"@id\":\"https:\\\/\\\/www.sensorialsunsets.com\\\/fr\\\/explorer-le-monde-vegane-a-cartago-cartago-veg-fair-2023\\\/#primaryimage\"},\"thumbnailUrl\":\"https:\\\/\\\/www.sensorialsunsets.com\\\/wp-content\\\/uploads\\\/2023\\\/11\\\/275534824_178276594524673_8738813459263161989_n.jpg\",\"articleSection\":[\"Non classifi\u00e9(e)\"],\"inLanguage\":\"fr-FR\"},{\"@type\":\"WebPage\",\"@id\":\"https:\\\/\\\/www.sensorialsunsets.com\\\/fr\\\/explorer-le-monde-vegane-a-cartago-cartago-veg-fair-2023\\\/\",\"url\":\"https:\\\/\\\/www.sensorialsunsets.com\\\/fr\\\/explorer-le-monde-vegane-a-cartago-cartago-veg-fair-2023\\\/\",\"name\":\"Explorer le monde v\u00e9gane \u00e0 Cartago : Cartago Veg Fair 2023\",\"isPartOf\":{\"@id\":\"https:\\\/\\\/www.sensorialsunsets.com\\\/fr\\\/#website\"},\"primaryImageOfPage\":{\"@id\":\"https:\\\/\\\/www.sensorialsunsets.com\\\/fr\\\/explorer-le-monde-vegane-a-cartago-cartago-veg-fair-2023\\\/#primaryimage\"},\"image\":{\"@id\":\"https:\\\/\\\/www.sensorialsunsets.com\\\/fr\\\/explorer-le-monde-vegane-a-cartago-cartago-veg-fair-2023\\\/#primaryimage\"},\"thumbnailUrl\":\"https:\\\/\\\/www.sensorialsunsets.com\\\/wp-content\\\/uploads\\\/2023\\\/11\\\/275534824_178276594524673_8738813459263161989_n.jpg\",\"datePublished\":\"2023-11-24T19:32:13+00:00\",\"description\":\"Cartago Veg Fair pour d\u00e9couvrir les d\u00e9lices v\u00e9g\u00e9taliens, les produits durables et s'informer sur l'alimentation \u00e0 base de plantes.\",\"inLanguage\":\"fr-FR\",\"potentialAction\":[{\"@type\":\"ReadAction\",\"target\":[\"https:\\\/\\\/www.sensorialsunsets.com\\\/fr\\\/explorer-le-monde-vegane-a-cartago-cartago-veg-fair-2023\\\/\"]}]},{\"@type\":\"ImageObject\",\"inLanguage\":\"fr-FR\",\"@id\":\"https:\\\/\\\/www.sensorialsunsets.com\\\/fr\\\/explorer-le-monde-vegane-a-cartago-cartago-veg-fair-2023\\\/#primaryimage\",\"url\":\"https:\\\/\\\/www.sensorialsunsets.com\\\/wp-content\\\/uploads\\\/2023\\\/11\\\/275534824_178276594524673_8738813459263161989_n.jpg\",\"contentUrl\":\"https:\\\/\\\/www.sensorialsunsets.com\\\/wp-content\\\/uploads\\\/2023\\\/11\\\/275534824_178276594524673_8738813459263161989_n.jpg\",\"width\":1080,\"height\":607},{\"@type\":\"WebSite\",\"@id\":\"https:\\\/\\\/www.sensorialsunsets.com\\\/fr\\\/#website\",\"url\":\"https:\\\/\\\/www.sensorialsunsets.com\\\/fr\\\/\",\"name\":\"SensorialSunsets.com\",\"description\":\"D\u00e9couvrez la culture et la soci\u00e9t\u00e9 du Costa Rica sur notre blog. Explorez des articles captivants et partagez le contenu.\",\"publisher\":{\"@id\":\"https:\\\/\\\/www.sensorialsunsets.com\\\/fr\\\/#organization\"},\"alternateName\":\"Costa Rica Live Blog\",\"potentialAction\":[{\"@type\":\"SearchAction\",\"target\":{\"@type\":\"EntryPoint\",\"urlTemplate\":\"https:\\\/\\\/www.sensorialsunsets.com\\\/fr\\\/?s={search_term_string}\"},\"query-input\":{\"@type\":\"PropertyValueSpecification\",\"valueRequired\":true,\"valueName\":\"search_term_string\"}}],\"inLanguage\":\"fr-FR\"},{\"@type\":\"Organization\",\"@id\":\"https:\\\/\\\/www.sensorialsunsets.com\\\/fr\\\/#organization\",\"name\":\"SensorialSunsets\",\"url\":\"https:\\\/\\\/www.sensorialsunsets.com\\\/fr\\\/\",\"logo\":{\"@type\":\"ImageObject\",\"inLanguage\":\"fr-FR\",\"@id\":\"https:\\\/\\\/www.sensorialsunsets.com\\\/fr\\\/#\\\/schema\\\/logo\\\/image\\\/\",\"url\":\"https:\\\/\\\/www.sensorialsunsets.com\\\/wp-content\\\/uploads\\\/2023\\\/04\\\/Logo_base_line_fond_clair.svg\",\"contentUrl\":\"https:\\\/\\\/www.sensorialsunsets.com\\\/wp-content\\\/uploads\\\/2023\\\/04\\\/Logo_base_line_fond_clair.svg\",\"width\":\"1024\",\"height\":\"1024\",\"caption\":\"SensorialSunsets\"},\"image\":{\"@id\":\"https:\\\/\\\/www.sensorialsunsets.com\\\/fr\\\/#\\\/schema\\\/logo\\\/image\\\/\"},\"sameAs\":[\"https:\\\/\\\/www.facebook.com\\\/Sensorial-Sunsets-109180614715562\",\"https:\\\/\\\/www.instagram.com\\\/sensorialsunsets\\\/\"]},{\"@type\":\"Person\",\"@id\":\"https:\\\/\\\/www.sensorialsunsets.com\\\/fr\\\/#\\\/schema\\\/person\\\/77e2fa594135aa94024c47e281d8a94d\",\"name\":\"Sensorial Sunsets\",\"image\":{\"@type\":\"ImageObject\",\"inLanguage\":\"fr-FR\",\"@id\":\"https:\\\/\\\/secure.gravatar.com\\\/avatar\\\/5f2d62681b1dad94c28f1500d4fc75582acdfd32b55fd1acce0a36a3c487eabe?s=96&d=mm&r=g\",\"url\":\"https:\\\/\\\/secure.gravatar.com\\\/avatar\\\/5f2d62681b1dad94c28f1500d4fc75582acdfd32b55fd1acce0a36a3c487eabe?s=96&d=mm&r=g\",\"contentUrl\":\"https:\\\/\\\/secure.gravatar.com\\\/avatar\\\/5f2d62681b1dad94c28f1500d4fc75582acdfd32b55fd1acce0a36a3c487eabe?s=96&d=mm&r=g\",\"caption\":\"Sensorial Sunsets\"},\"url\":\"https:\\\/\\\/www.sensorialsunsets.com\\\/fr\\\/author\\\/asistentes-sensorial-sunsets\\\/\"}]}<\/script>\n<!-- \/ Yoast SEO plugin. -->","yoast_head_json":{"title":"Explorer le monde v\u00e9gane \u00e0 Cartago : Cartago Veg Fair 2023","description":"Cartago Veg Fair pour d\u00e9couvrir les d\u00e9lices v\u00e9g\u00e9taliens, les produits durables et s'informer sur l'alimentation \u00e0 base de plantes.","robots":{"index":"index","follow":"follow","max-snippet":"max-snippet:-1","max-image-preview":"max-image-preview:large","max-video-preview":"max-video-preview:-1"},"canonical":"https:\/\/www.sensorialsunsets.com\/fr\/explorer-le-monde-vegane-a-cartago-cartago-veg-fair-2023\/","og_locale":"fr_FR","og_type":"article","og_title":"Explorer le monde v\u00e9gane \u00e0 Cartago : Cartago Veg Fair 2023","og_description":"Cartago Veg Fair pour d\u00e9couvrir les d\u00e9lices v\u00e9g\u00e9taliens, les produits durables et s'informer sur l'alimentation \u00e0 base de plantes.","og_url":"https:\/\/www.sensorialsunsets.com\/fr\/explorer-le-monde-vegane-a-cartago-cartago-veg-fair-2023\/","og_site_name":"SensorialSunsets","article_publisher":"https:\/\/www.facebook.com\/Sensorial-Sunsets-109180614715562","article_published_time":"2023-11-24T19:32:13+00:00","og_image":[{"width":1080,"height":607,"url":"https:\/\/www.sensorialsunsets.com\/wp-content\/uploads\/2023\/11\/275534824_178276594524673_8738813459263161989_n.jpg","type":"image\/jpeg"}],"author":"Sensorial Sunsets","twitter_card":"summary_large_image","twitter_misc":{"\u00c9crit par":"Sensorial Sunsets","Dur\u00e9e de lecture estim\u00e9e":"1 minute"},"schema":{"@context":"https:\/\/schema.org","@graph":[{"@type":"Article","@id":"https:\/\/www.sensorialsunsets.com\/fr\/explorer-le-monde-vegane-a-cartago-cartago-veg-fair-2023\/#article","isPartOf":{"@id":"https:\/\/www.sensorialsunsets.com\/fr\/explorer-le-monde-vegane-a-cartago-cartago-veg-fair-2023\/"},"author":{"name":"Sensorial Sunsets","@id":"https:\/\/www.sensorialsunsets.com\/fr\/#\/schema\/person\/77e2fa594135aa94024c47e281d8a94d"},"headline":"Explorer le monde v\u00e9gane \u00e0 Cartago : Cartago Veg Fair 2023","datePublished":"2023-11-24T19:32:13+00:00","mainEntityOfPage":{"@id":"https:\/\/www.sensorialsunsets.com\/fr\/explorer-le-monde-vegane-a-cartago-cartago-veg-fair-2023\/"},"wordCount":322,"publisher":{"@id":"https:\/\/www.sensorialsunsets.com\/fr\/#organization"},"image":{"@id":"https:\/\/www.sensorialsunsets.com\/fr\/explorer-le-monde-vegane-a-cartago-cartago-veg-fair-2023\/#primaryimage"},"thumbnailUrl":"https:\/\/www.sensorialsunsets.com\/wp-content\/uploads\/2023\/11\/275534824_178276594524673_8738813459263161989_n.jpg","articleSection":["Non classifi\u00e9(e)"],"inLanguage":"fr-FR"},{"@type":"WebPage","@id":"https:\/\/www.sensorialsunsets.com\/fr\/explorer-le-monde-vegane-a-cartago-cartago-veg-fair-2023\/","url":"https:\/\/www.sensorialsunsets.com\/fr\/explorer-le-monde-vegane-a-cartago-cartago-veg-fair-2023\/","name":"Explorer le monde v\u00e9gane \u00e0 Cartago : Cartago Veg Fair 2023","isPartOf":{"@id":"https:\/\/www.sensorialsunsets.com\/fr\/#website"},"primaryImageOfPage":{"@id":"https:\/\/www.sensorialsunsets.com\/fr\/explorer-le-monde-vegane-a-cartago-cartago-veg-fair-2023\/#primaryimage"},"image":{"@id":"https:\/\/www.sensorialsunsets.com\/fr\/explorer-le-monde-vegane-a-cartago-cartago-veg-fair-2023\/#primaryimage"},"thumbnailUrl":"https:\/\/www.sensorialsunsets.com\/wp-content\/uploads\/2023\/11\/275534824_178276594524673_8738813459263161989_n.jpg","datePublished":"2023-11-24T19:32:13+00:00","description":"Cartago Veg Fair pour d\u00e9couvrir les d\u00e9lices v\u00e9g\u00e9taliens, les produits durables et s'informer sur l'alimentation \u00e0 base de plantes.","inLanguage":"fr-FR","potentialAction":[{"@type":"ReadAction","target":["https:\/\/www.sensorialsunsets.com\/fr\/explorer-le-monde-vegane-a-cartago-cartago-veg-fair-2023\/"]}]},{"@type":"ImageObject","inLanguage":"fr-FR","@id":"https:\/\/www.sensorialsunsets.com\/fr\/explorer-le-monde-vegane-a-cartago-cartago-veg-fair-2023\/#primaryimage","url":"https:\/\/www.sensorialsunsets.com\/wp-content\/uploads\/2023\/11\/275534824_178276594524673_8738813459263161989_n.jpg","contentUrl":"https:\/\/www.sensorialsunsets.com\/wp-content\/uploads\/2023\/11\/275534824_178276594524673_8738813459263161989_n.jpg","width":1080,"height":607},{"@type":"WebSite","@id":"https:\/\/www.sensorialsunsets.com\/fr\/#website","url":"https:\/\/www.sensorialsunsets.com\/fr\/","name":"SensorialSunsets.com","description":"D\u00e9couvrez la culture et la soci\u00e9t\u00e9 du Costa Rica sur notre blog. Explorez des articles captivants et partagez le contenu.","publisher":{"@id":"https:\/\/www.sensorialsunsets.com\/fr\/#organization"},"alternateName":"Costa Rica Live Blog","potentialAction":[{"@type":"SearchAction","target":{"@type":"EntryPoint","urlTemplate":"https:\/\/www.sensorialsunsets.com\/fr\/?s={search_term_string}"},"query-input":{"@type":"PropertyValueSpecification","valueRequired":true,"valueName":"search_term_string"}}],"inLanguage":"fr-FR"},{"@type":"Organization","@id":"https:\/\/www.sensorialsunsets.com\/fr\/#organization","name":"SensorialSunsets","url":"https:\/\/www.sensorialsunsets.com\/fr\/","logo":{"@type":"ImageObject","inLanguage":"fr-FR","@id":"https:\/\/www.sensorialsunsets.com\/fr\/#\/schema\/logo\/image\/","url":"https:\/\/www.sensorialsunsets.com\/wp-content\/uploads\/2023\/04\/Logo_base_line_fond_clair.svg","contentUrl":"https:\/\/www.sensorialsunsets.com\/wp-content\/uploads\/2023\/04\/Logo_base_line_fond_clair.svg","width":"1024","height":"1024","caption":"SensorialSunsets"},"image":{"@id":"https:\/\/www.sensorialsunsets.com\/fr\/#\/schema\/logo\/image\/"},"sameAs":["https:\/\/www.facebook.com\/Sensorial-Sunsets-109180614715562","https:\/\/www.instagram.com\/sensorialsunsets\/"]},{"@type":"Person","@id":"https:\/\/www.sensorialsunsets.com\/fr\/#\/schema\/person\/77e2fa594135aa94024c47e281d8a94d","name":"Sensorial Sunsets","image":{"@type":"ImageObject","inLanguage":"fr-FR","@id":"https:\/\/secure.gravatar.com\/avatar\/5f2d62681b1dad94c28f1500d4fc75582acdfd32b55fd1acce0a36a3c487eabe?s=96&d=mm&r=g","url":"https:\/\/secure.gravatar.com\/avatar\/5f2d62681b1dad94c28f1500d4fc75582acdfd32b55fd1acce0a36a3c487eabe?s=96&d=mm&r=g","contentUrl":"https:\/\/secure.gravatar.com\/avatar\/5f2d62681b1dad94c28f1500d4fc75582acdfd32b55fd1acce0a36a3c487eabe?s=96&d=mm&r=g","caption":"Sensorial Sunsets"},"url":"https:\/\/www.sensorialsunsets.com\/fr\/author\/asistentes-sensorial-sunsets\/"}]}},"_links":{"self":[{"href":"https:\/\/www.sensorialsunsets.com\/fr\/wp-json\/wp\/v2\/posts\/12332","targetHints":{"allow":["GET"]}}],"collection":[{"href":"https:\/\/www.sensorialsunsets.com\/fr\/wp-json\/wp\/v2\/posts"}],"about":[{"href":"https:\/\/www.sensorialsunsets.com\/fr\/wp-json\/wp\/v2\/types\/post"}],"author":[{"embeddable":true,"href":"https:\/\/www.sensorialsunsets.com\/fr\/wp-json\/wp\/v2\/users\/4"}],"replies":[{"embeddable":true,"href":"https:\/\/www.sensorialsunsets.com\/fr\/wp-json\/wp\/v2\/comments?post=12332"}],"version-history":[{"count":0,"href":"https:\/\/www.sensorialsunsets.com\/fr\/wp-json\/wp\/v2\/posts\/12332\/revisions"}],"wp:featuredmedia":[{"embeddable":true,"href":"https:\/\/www.sensorialsunsets.com\/fr\/wp-json\/wp\/v2\/media\/12329"}],"wp:attachment":[{"href":"https:\/\/www.sensorialsunsets.com\/fr\/wp-json\/wp\/v2\/media?parent=12332"}],"wp:term":[{"taxonomy":"category","embeddable":true,"href":"https:\/\/www.sensorialsunsets.com\/fr\/wp-json\/wp\/v2\/categories?post=12332"},{"taxonomy":"post_tag","embeddable":true,"href":"https:\/\/www.sensorialsunsets.com\/fr\/wp-json\/wp\/v2\/tags?post=12332"}],"curies":[{"name":"wp","href":"https:\/\/api.w.org\/{rel}","templated":true}]}}