{"id":1269,"date":"2022-03-01T19:47:16","date_gmt":"2022-03-01T19:47:16","guid":{"rendered":"https:\/\/www.sensorialsunsets.com\/?p=1269"},"modified":"2022-03-01T19:47:17","modified_gmt":"2022-03-01T19:47:17","slug":"lile-coco-le-secret-le-mieux-garde-du-costa-rica","status":"publish","type":"post","link":"https:\/\/www.sensorialsunsets.com\/fr\/lile-coco-le-secret-le-mieux-garde-du-costa-rica\/","title":{"rendered":"L&rsquo;\u00eele Coco: le secret le mieux gard\u00e9 du Costa Rica"},"content":{"rendered":"\n<p>Lorsque Robert Louis Stevenson a \u00e9crit \u00ab\u00a0L&rsquo;\u00eele au tr\u00e9sor\u00a0\u00bb, la l\u00e9gende veut qu&rsquo;il faisait probablement r\u00e9f\u00e9rence \u00e0 l&rsquo;un des plus importants joyaux naturels du monde, situ\u00e9 au Costa Rica : l&rsquo;\u00eele Cocos.<br>Et si aucune des 300 exp\u00e9ditions \u00e0 la recherche du fameux tr\u00e9sor n&rsquo;a abouti, le fait est que l&rsquo;\u00eele, situ\u00e9e \u00e0 532 km au large de la c\u00f4te pacifique du pays, est en soi l&rsquo;un des tr\u00e9sors naturels les plus remarquables de la plan\u00e8te. Il a \u00e9t\u00e9 d\u00e9clar\u00e9 site du patrimoine mondial par l&rsquo;UNESCO en 1997 et fait partie des finalistes pour \u00eatre d\u00e9sign\u00e9 comme l&rsquo;une des 7 nouvelles merveilles du monde. D\u00e9clar\u00e9e parc national en 1978, cette \u00eele magnifique est reconnue dans le monde entier comme l&rsquo;un des r\u00e9servoirs de biodiversit\u00e9 les plus exceptionnels au monde. Ce n&rsquo;est pas pour rien que le commandant Jacques Cousteau lui-m\u00eame l&rsquo;a appel\u00e9e \u00ab\u00a0la plus belle \u00eele du monde\u00a0\u00bb et qu&rsquo;il l&rsquo;a explor\u00e9e \u00e0 de nombreuses reprises sur son c\u00e9l\u00e8bre navire Calypso.<br><\/p>\n\n\n\n<p><strong>Localisation et situation administrative<\/strong><strong><br><\/strong><br>L&rsquo;\u00eele Cocos est situ\u00e9e dans l&rsquo;oc\u00e9an Pacifique du Costa Rica, aux coordonn\u00e9es g\u00e9ographiques 5\u00b032&prime; de latitude nord et 87\u00b004&prime; de longitude ouest, \u00e0 une distance de 500 kilom\u00e8tres de la c\u00f4te costaricienne. La superficie totale du PNIC est de 203 483 hectares (2 034 km2).&nbsp; Le secteur terrestre mesure 2 330 hectares (23,30 km2) et le secteur marin correspond aux 12 miles nautiques (201 153 ha ou 2 011 km2).<\/p>\n\n\n\n<p>Le district d&rsquo;Isla del Coco a \u00e9t\u00e9 cr\u00e9\u00e9 en 1970 et constitue actuellement le district 10 du canton de Puntarenas (IGN, 2009).&nbsp; L&rsquo;\u00eele n&rsquo;a pas d&rsquo;habitants indig\u00e8nes, mais accueille le personnel de l&rsquo;ACMC, des chercheurs, des volontaires et des touristes. Cette aire prot\u00e9g\u00e9e est sous l&rsquo;administration de l&rsquo;aire de conservation marine de Cocos (ACMC), qui fait partie du Syst\u00e8me national des aires de conservation (SINAC), un organe du minist\u00e8re de l&rsquo;Environnement et de l&rsquo;\u00c9nergie (MINAE).<\/p>\n\n\n\n<p><img loading=\"lazy\" decoding=\"async\" src=\"https:\/\/lh3.googleusercontent.com\/sD2lecyaZElpP3g99nbNavl_zlr5DSxgVL5iK_2uOEB7_gwwprfiZS3VPHa2BvOL5kLvziXrKRM2jaECMfQ7t9OaiGyza3RvGSJT8RLtRNcqrDqp8EZcXJE9Gb3cQqzbGzZyLCRR\" width=\"264\" height=\"226\"><\/p>\n\n\n\n<p><strong>Histoire de l&rsquo;\u00eele Cocos <\/strong><strong><\/strong><\/p>\n\n\n\n<p>Selon l&rsquo;ONG <a href=\"https:\/\/www.cocosisland.org\/\">FAICO<\/a>, l&rsquo;histoire de l&rsquo;\u00eele Cocos comprend 7 \u00e9tapes diff\u00e9rentes :<\/p>\n\n\n\n<p><br><strong>I. P\u00e9riode de d\u00e9couverte<\/strong><\/p>\n\n\n\n<p>L&rsquo;\u00eele aurait \u00e9t\u00e9 d\u00e9couverte apr\u00e8s 1531 et avant 1542 par le navigateur Johan Cabezas.<\/p>\n\n\n\n<p><strong>II. P\u00e9riode des pirates, des corsaires et des tr\u00e9sors<\/strong><\/p>\n\n\n\n<p>Au cours des 17e et 18e si\u00e8cles, c&rsquo;\u00e9tait un refuge pour les pirates et les corsaires en raison de l&rsquo;abondance d&rsquo;eau douce, de bois, de poisson et de noix de coco. Selon les l\u00e9gendes, de pr\u00e9cieux tr\u00e9sors \u00e9taient cach\u00e9s sur l&rsquo;\u00eele, y compris ceux des capitaines :<\/p>\n\n\n\n<p>Edward Davis qui est arriv\u00e9 sur son navire Bachelor&rsquo;s Delight en 1685-Bennett<br>Graham sur son navire Devonshire en 1818-Benito<br>Bonito avec son navire Lighning en 1820.<br>Mary Dear en 1821, connue comme le Tr\u00e9sor de Lima.<\/p>\n\n\n\n<p><strong>III. P\u00e9riode baleini\u00e8re<\/strong><\/p>\n\n\n\n<p>L&rsquo;\u00eele servait de station d&rsquo;approvisionnement en eau douce, en bois et en bois de chauffage, ainsi que de lieu de repos pour les nombreux \u00e9quipages de baleiniers qui op\u00e9raient notamment autour des \u00eeles Gal\u00e1pagos. Bien que cette p\u00e9riode historique soit richement document\u00e9e dans les journaux de bord des baleiniers, elle a \u00e9t\u00e9 peu \u00e9tudi\u00e9e.<\/p>\n\n\n\n<p><strong>IV. P\u00e9riode des explorateurs et des scientifiques<\/strong><\/p>\n\n\n\n<p>1791 : Alejandro Malespina avec ses navires Descubierta et Atrevida envoy\u00e9s par la Couronne espagnole pour effectuer un relev\u00e9 hydrographique du Pacifique am\u00e9ricain.<br>1795 : Georges Vancouver de l&rsquo;Amiraut\u00e9 britannique1838<br>: Edward Belcher sur les navires Sulphur et Starling1888<br>: la Commission des Poissons des Etats-Unis sur l&rsquo;Albatros1899<br>: Hopking Stanford sur la go\u00e9lette Julia Whalen1905<br>: l&rsquo;Acad\u00e9mie des sciences de Californie1924<br>: parrain\u00e9 par le British Museum sur le voilier Saint Georges1921-1928<br>: William Vanderbilt&rsquo;s sur les yachts Eagle et Ara1930<br>: Vincent Astor sur le yacht Nourmhal1932<br>: Allan Hancock sur le croiseur \u00e0 moteur Velero III<br>Pas de date pr\u00e9cise : le scientifique Alexander Agassiz<\/p>\n\n\n\n<p>Entre autres&#8230;<\/p>\n\n\n\n<p><strong>V. P\u00e9riode de la colonie p\u00e9nitentiaire et agricole<\/strong><\/p>\n\n\n\n<p>Colonie p\u00e9nitentiaire (1879-1881) &#8211; colonie agricole (1884-1912)<\/p>\n\n\n\n<p>Le premier \u00e9tablissement a eu une vie \u00e9ph\u00e9m\u00e8re mais a \u00e9tabli des activit\u00e9s agricoles avec les d\u00e9frichements forestiers respectifs.<\/p>\n\n\n\n<p>La seconde a \u00e9t\u00e9 promue par August Gissler, qui a \u00e9t\u00e9 nomm\u00e9 gouverneur de l&rsquo;\u00eele Cocos et a connu un d\u00e9veloppement variable dans le temps, avec la pr\u00e9sence de colons allemands. Pendant ce temps, une recherche intensive du tr\u00e9sor a \u00e9t\u00e9 men\u00e9e.<\/p>\n\n\n\n<p><strong>VI. P\u00e9riode des chercheurs de tr\u00e9sors<\/strong><\/p>\n\n\n\n<p>Elle commence dans le premier quart du XIXe si\u00e8cle et se termine en 1992 avec la derni\u00e8re exp\u00e9dition de chasse au tr\u00e9sor de John Hodges et Leonel Pacheco sur le navire Dulcinea.<\/p>\n\n\n\n<p>\u00c0 ce jour, on estime que plus de 300 exp\u00e9ditions de chasse au tr\u00e9sor ont \u00e9t\u00e9 entreprises, en vain.<\/p>\n\n\n\n<p><strong>VII. Zone prot\u00e9g\u00e9e ouverte au tourisme<\/strong><\/p>\n\n\n\n<p>En 1978, le gouvernement costaricien a cr\u00e9\u00e9 le parc national de l&rsquo;\u00eele Cocos, qui a ensuite \u00e9t\u00e9 d\u00e9clar\u00e9 noyau de l&rsquo;<a href=\"https:\/\/isladelcoco.go.cr\/\">aire de conservation marine de Cocos<\/a>.<\/p>\n\n\n\n<p><br><strong>DES CHIFFRES \u00c9POUSTOUFLANTS<\/strong><\/p>\n\n\n\n<p>Bien qu&rsquo;aucun des chasseurs de tr\u00e9sors qui se sont aventur\u00e9s sur l&rsquo;\u00eele Cocos n&rsquo;ait r\u00e9ellement trouv\u00e9 quoi que ce soit, la v\u00e9ritable richesse de l&rsquo;\u00eele r\u00e9side dans sa flore et sa faune. Malgr\u00e9 sa petite taille, l&rsquo;\u00eele a \u00e9t\u00e9 identifi\u00e9e :<\/p>\n\n\n\n<p>&#8211; 235 esp\u00e8ces v\u00e9g\u00e9tales (10 esp\u00e8ces vasculaires terrestres end\u00e9miques et 48 esp\u00e8ces non vasculaires, une orchid\u00e9e et 17 foug\u00e8res end\u00e9miques).<\/p>\n\n\n\n<p>&#8211; 90 esp\u00e8ces de champignons.&nbsp;<\/p>\n\n\n\n<p>&#8211; 362 esp\u00e8ces d&rsquo;insectes (dont 64 sont end\u00e9miques),&nbsp;<\/p>\n\n\n\n<p>&#8211; 5 esp\u00e8ces de reptiles (2 esp\u00e8ces terrestres end\u00e9miques),&nbsp;<\/p>\n\n\n\n<p>&#8211; 97 esp\u00e8ces d&rsquo;oiseaux (12 r\u00e9sidentes, 3 menac\u00e9es et 3 end\u00e9miques),&nbsp;<\/p>\n\n\n\n<p>&#8211; 60 esp\u00e8ces d&rsquo;arthropodes (57 esp\u00e8ces de crustac\u00e9s et 3 esp\u00e8ces d&rsquo;araign\u00e9es).<\/p>\n\n\n\n<p>En termes d&rsquo;esp\u00e8ces marines, ses eaux abritent plus de :<\/p>\n\n\n\n<p><img loading=\"lazy\" decoding=\"async\" width=\"295\" height=\"221\" src=\"https:\/\/lh3.googleusercontent.com\/t9TiWtVqWoU7_DvO4EziZgCPEBr6zRk8ERjHQubOt4qJSF_0AhZEGzhypFAmK20gTZe1SKyAtxzo6KGSNgUx7aOXPR5-W-Aoa5hPLwKLRPM1vParsW0OXsmkIOa1pIP0oBkz6hs\"><\/p>\n\n\n\n<p>&#8211; 30 esp\u00e8ces end\u00e9miques marines uniques, repr\u00e9sentant plus de 40 % du nombre total d&rsquo;esp\u00e8ces end\u00e9miques marines dans le monde.\u00a0<\/p>\n\n\n\n<p>&#8211; 57 esp\u00e8ces de crustac\u00e9s,&nbsp;<\/p>\n\n\n\n<p>&#8211; 510 des mollusques marins,&nbsp;<\/p>\n\n\n\n<p>&#8211; plus de 250 poissons (dont 5 d&rsquo;eau douce et 3 end\u00e9miques),&nbsp;<\/p>\n\n\n\n<p>&#8211; 3 esp\u00e8ces de tortues de mer et&nbsp;<\/p>\n\n\n\n<p>&#8211; 32 des coraux.&nbsp;<\/p>\n\n\n\n<p>Parmi les esp\u00e8ces marines les plus embl\u00e9matiques figurent les raies manta g\u00e9antes, les baleines \u00e0 bosse, les tortues luth et oliv\u00e2tre, les grands dauphins, les requins-baleines, les requins \u00e0 pointe blanche et les requins-marteaux (l&rsquo;\u00eele abrite les plus grandes congr\u00e9gations de requins-marteaux).<\/p>\n\n\n\n<p><strong>EN R\u00c9SUM\u00c9<\/strong><strong><br><\/strong><\/p>\n\n\n\n<ul class=\"wp-block-list\"><li>L&rsquo;\u00eele Cocos est en soi l&rsquo;un des tr\u00e9sors naturels les plus remarquables de la plan\u00e8te. Il a \u00e9t\u00e9 d\u00e9clar\u00e9 site du patrimoine mondial par l&rsquo;UNESCO en 1997.<\/li><li>Il a \u00e9t\u00e9 d\u00e9clar\u00e9 parc national en 1978 et est reconnu dans le monde entier comme l&rsquo;un des r\u00e9servoirs de biodiversit\u00e9 les plus exceptionnels au monde.<\/li><li>\u00c0 ce jour, on estime que plus de 300 exp\u00e9ditions de chasse au tr\u00e9sor ont \u00e9t\u00e9 entreprises, sans r\u00e9sultat connu.<\/li><\/ul>\n\n\n\n<p><strong>SITES D&rsquo;INT\u00c9R\u00caT<\/strong><strong><br><\/strong><a href=\"https:\/\/isladelcoco.go.cr\/\">https:\/\/isladelcoco.go.cr\/<\/a><\/p>\n\n\n\n<p><a href=\"https:\/\/www.cocosisland.org\/\">https:\/\/www.cocosisland.org\/<\/a><\/p>\n\n\n\n<p><strong>Auteur <\/strong>:<br>Sensorial Sunsets<\/p>\n\n\n\n<p>www.sensorialsunsets.com<br><\/p>\n","protected":false},"excerpt":{"rendered":"<p>Lorsque Robert Louis Stevenson a \u00e9crit \u00ab\u00a0L&rsquo;\u00eele au tr\u00e9sor\u00a0\u00bb, la l\u00e9gende veut qu&rsquo;il faisait probablement r\u00e9f\u00e9rence \u00e0 l&rsquo;un des plus importants joyaux naturels du monde, situ\u00e9 au Costa Rica : l&rsquo;\u00eele Cocos.Et si aucune des 300 exp\u00e9ditions \u00e0 la recherche du fameux tr\u00e9sor n&rsquo;a abouti, le fait est que l&rsquo;\u00eele, situ\u00e9e \u00e0 532 km au [&hellip;]<\/p>\n","protected":false},"author":5,"featured_media":1259,"comment_status":"closed","ping_status":"closed","sticky":false,"template":"","format":"standard","meta":{"_acf_changed":false,"inline_featured_image":false,"_monsterinsights_skip_tracking":false,"_monsterinsights_sitenote_active":false,"_monsterinsights_sitenote_note":"","_monsterinsights_sitenote_category":0,"footnotes":""},"categories":[1],"tags":[],"class_list":["post-1269","post","type-post","status-publish","format-standard","has-post-thumbnail","hentry","category-non-classifiee"],"acf":[],"yoast_head":"<!-- This site is optimized with the Yoast SEO plugin v27.4 - https:\/\/yoast.com\/product\/yoast-seo-wordpress\/ -->\n<title>L&#039;\u00eele Coco: le secret le mieux gard\u00e9 du Costa Rica - SensorialSunsets<\/title>\n<meta name=\"robots\" content=\"index, follow, max-snippet:-1, max-image-preview:large, max-video-preview:-1\" \/>\n<link rel=\"canonical\" href=\"https:\/\/www.sensorialsunsets.com\/fr\/lile-coco-le-secret-le-mieux-garde-du-costa-rica\/\" \/>\n<meta property=\"og:locale\" content=\"fr_FR\" \/>\n<meta property=\"og:type\" content=\"article\" \/>\n<meta property=\"og:title\" content=\"L&#039;\u00eele Coco: le secret le mieux gard\u00e9 du Costa Rica - SensorialSunsets\" \/>\n<meta property=\"og:description\" content=\"Lorsque Robert Louis Stevenson a \u00e9crit \u00ab\u00a0L&rsquo;\u00eele au tr\u00e9sor\u00a0\u00bb, la l\u00e9gende veut qu&rsquo;il faisait probablement r\u00e9f\u00e9rence \u00e0 l&rsquo;un des plus importants joyaux naturels du monde, situ\u00e9 au Costa Rica : l&rsquo;\u00eele Cocos.Et si aucune des 300 exp\u00e9ditions \u00e0 la recherche du fameux tr\u00e9sor n&rsquo;a abouti, le fait est que l&rsquo;\u00eele, situ\u00e9e \u00e0 532 km au [&hellip;]\" \/>\n<meta property=\"og:url\" content=\"https:\/\/www.sensorialsunsets.com\/fr\/lile-coco-le-secret-le-mieux-garde-du-costa-rica\/\" \/>\n<meta property=\"og:site_name\" content=\"SensorialSunsets\" \/>\n<meta property=\"article:publisher\" content=\"https:\/\/www.facebook.com\/Sensorial-Sunsets-109180614715562\" \/>\n<meta property=\"article:published_time\" content=\"2022-03-01T19:47:16+00:00\" \/>\n<meta property=\"article:modified_time\" content=\"2022-03-01T19:47:17+00:00\" \/>\n<meta property=\"og:image\" content=\"https:\/\/www.sensorialsunsets.com\/wp-content\/uploads\/2022\/03\/image2.jpg\" \/>\n\t<meta property=\"og:image:width\" content=\"640\" \/>\n\t<meta property=\"og:image:height\" content=\"479\" \/>\n\t<meta property=\"og:image:type\" content=\"image\/jpeg\" \/>\n<meta name=\"author\" content=\"Marian Barrantes\" \/>\n<meta name=\"twitter:card\" content=\"summary_large_image\" \/>\n<meta name=\"twitter:label1\" content=\"\u00c9crit par\" \/>\n\t<meta name=\"twitter:data1\" content=\"Marian Barrantes\" \/>\n\t<meta name=\"twitter:label2\" content=\"Dur\u00e9e de lecture estim\u00e9e\" \/>\n\t<meta name=\"twitter:data2\" content=\"6 minutes\" \/>\n<script type=\"application\/ld+json\" class=\"yoast-schema-graph\">{\"@context\":\"https:\\\/\\\/schema.org\",\"@graph\":[{\"@type\":\"Article\",\"@id\":\"https:\\\/\\\/www.sensorialsunsets.com\\\/fr\\\/lile-coco-le-secret-le-mieux-garde-du-costa-rica\\\/#article\",\"isPartOf\":{\"@id\":\"https:\\\/\\\/www.sensorialsunsets.com\\\/fr\\\/lile-coco-le-secret-le-mieux-garde-du-costa-rica\\\/\"},\"author\":{\"name\":\"Marian Barrantes\",\"@id\":\"https:\\\/\\\/www.sensorialsunsets.com\\\/fr\\\/#\\\/schema\\\/person\\\/a8336a4dbeee633f087a194db2ca482f\"},\"headline\":\"L&rsquo;\u00eele Coco: le secret le mieux gard\u00e9 du Costa Rica\",\"datePublished\":\"2022-03-01T19:47:16+00:00\",\"dateModified\":\"2022-03-01T19:47:17+00:00\",\"mainEntityOfPage\":{\"@id\":\"https:\\\/\\\/www.sensorialsunsets.com\\\/fr\\\/lile-coco-le-secret-le-mieux-garde-du-costa-rica\\\/\"},\"wordCount\":1210,\"publisher\":{\"@id\":\"https:\\\/\\\/www.sensorialsunsets.com\\\/fr\\\/#organization\"},\"image\":{\"@id\":\"https:\\\/\\\/www.sensorialsunsets.com\\\/fr\\\/lile-coco-le-secret-le-mieux-garde-du-costa-rica\\\/#primaryimage\"},\"thumbnailUrl\":\"https:\\\/\\\/www.sensorialsunsets.com\\\/wp-content\\\/uploads\\\/2022\\\/03\\\/image2.jpg\",\"articleSection\":[\"Non classifi\u00e9(e)\"],\"inLanguage\":\"fr-FR\"},{\"@type\":\"WebPage\",\"@id\":\"https:\\\/\\\/www.sensorialsunsets.com\\\/fr\\\/lile-coco-le-secret-le-mieux-garde-du-costa-rica\\\/\",\"url\":\"https:\\\/\\\/www.sensorialsunsets.com\\\/fr\\\/lile-coco-le-secret-le-mieux-garde-du-costa-rica\\\/\",\"name\":\"L'\u00eele Coco: le secret le mieux gard\u00e9 du Costa Rica - SensorialSunsets\",\"isPartOf\":{\"@id\":\"https:\\\/\\\/www.sensorialsunsets.com\\\/fr\\\/#website\"},\"primaryImageOfPage\":{\"@id\":\"https:\\\/\\\/www.sensorialsunsets.com\\\/fr\\\/lile-coco-le-secret-le-mieux-garde-du-costa-rica\\\/#primaryimage\"},\"image\":{\"@id\":\"https:\\\/\\\/www.sensorialsunsets.com\\\/fr\\\/lile-coco-le-secret-le-mieux-garde-du-costa-rica\\\/#primaryimage\"},\"thumbnailUrl\":\"https:\\\/\\\/www.sensorialsunsets.com\\\/wp-content\\\/uploads\\\/2022\\\/03\\\/image2.jpg\",\"datePublished\":\"2022-03-01T19:47:16+00:00\",\"dateModified\":\"2022-03-01T19:47:17+00:00\",\"inLanguage\":\"fr-FR\",\"potentialAction\":[{\"@type\":\"ReadAction\",\"target\":[\"https:\\\/\\\/www.sensorialsunsets.com\\\/fr\\\/lile-coco-le-secret-le-mieux-garde-du-costa-rica\\\/\"]}]},{\"@type\":\"ImageObject\",\"inLanguage\":\"fr-FR\",\"@id\":\"https:\\\/\\\/www.sensorialsunsets.com\\\/fr\\\/lile-coco-le-secret-le-mieux-garde-du-costa-rica\\\/#primaryimage\",\"url\":\"https:\\\/\\\/www.sensorialsunsets.com\\\/wp-content\\\/uploads\\\/2022\\\/03\\\/image2.jpg\",\"contentUrl\":\"https:\\\/\\\/www.sensorialsunsets.com\\\/wp-content\\\/uploads\\\/2022\\\/03\\\/image2.jpg\",\"width\":640,\"height\":479},{\"@type\":\"WebSite\",\"@id\":\"https:\\\/\\\/www.sensorialsunsets.com\\\/fr\\\/#website\",\"url\":\"https:\\\/\\\/www.sensorialsunsets.com\\\/fr\\\/\",\"name\":\"SensorialSunsets.com\",\"description\":\"D\u00e9couvrez la culture et la soci\u00e9t\u00e9 du Costa Rica sur notre blog. Explorez des articles captivants et partagez le contenu.\",\"publisher\":{\"@id\":\"https:\\\/\\\/www.sensorialsunsets.com\\\/fr\\\/#organization\"},\"alternateName\":\"Costa Rica Live Blog\",\"potentialAction\":[{\"@type\":\"SearchAction\",\"target\":{\"@type\":\"EntryPoint\",\"urlTemplate\":\"https:\\\/\\\/www.sensorialsunsets.com\\\/fr\\\/?s={search_term_string}\"},\"query-input\":{\"@type\":\"PropertyValueSpecification\",\"valueRequired\":true,\"valueName\":\"search_term_string\"}}],\"inLanguage\":\"fr-FR\"},{\"@type\":\"Organization\",\"@id\":\"https:\\\/\\\/www.sensorialsunsets.com\\\/fr\\\/#organization\",\"name\":\"SensorialSunsets\",\"url\":\"https:\\\/\\\/www.sensorialsunsets.com\\\/fr\\\/\",\"logo\":{\"@type\":\"ImageObject\",\"inLanguage\":\"fr-FR\",\"@id\":\"https:\\\/\\\/www.sensorialsunsets.com\\\/fr\\\/#\\\/schema\\\/logo\\\/image\\\/\",\"url\":\"https:\\\/\\\/www.sensorialsunsets.com\\\/wp-content\\\/uploads\\\/2023\\\/04\\\/Logo_base_line_fond_clair.svg\",\"contentUrl\":\"https:\\\/\\\/www.sensorialsunsets.com\\\/wp-content\\\/uploads\\\/2023\\\/04\\\/Logo_base_line_fond_clair.svg\",\"width\":\"1024\",\"height\":\"1024\",\"caption\":\"SensorialSunsets\"},\"image\":{\"@id\":\"https:\\\/\\\/www.sensorialsunsets.com\\\/fr\\\/#\\\/schema\\\/logo\\\/image\\\/\"},\"sameAs\":[\"https:\\\/\\\/www.facebook.com\\\/Sensorial-Sunsets-109180614715562\",\"https:\\\/\\\/www.instagram.com\\\/sensorialsunsets\\\/\"]},{\"@type\":\"Person\",\"@id\":\"https:\\\/\\\/www.sensorialsunsets.com\\\/fr\\\/#\\\/schema\\\/person\\\/a8336a4dbeee633f087a194db2ca482f\",\"name\":\"Marian Barrantes\",\"image\":{\"@type\":\"ImageObject\",\"inLanguage\":\"fr-FR\",\"@id\":\"https:\\\/\\\/secure.gravatar.com\\\/avatar\\\/fafbfab67eb28029818d03f44e3037bd798e04434d8d5c0cfc2eea8ec2882a22?s=96&d=mm&r=g\",\"url\":\"https:\\\/\\\/secure.gravatar.com\\\/avatar\\\/fafbfab67eb28029818d03f44e3037bd798e04434d8d5c0cfc2eea8ec2882a22?s=96&d=mm&r=g\",\"contentUrl\":\"https:\\\/\\\/secure.gravatar.com\\\/avatar\\\/fafbfab67eb28029818d03f44e3037bd798e04434d8d5c0cfc2eea8ec2882a22?s=96&d=mm&r=g\",\"caption\":\"Marian Barrantes\"},\"sameAs\":[\"https:\\\/\\\/www.sensorialsunsets.com\"],\"url\":\"https:\\\/\\\/www.sensorialsunsets.com\\\/fr\\\/author\\\/mbarrantes\\\/\"}]}<\/script>\n<!-- \/ Yoast SEO plugin. -->","yoast_head_json":{"title":"L'\u00eele Coco: le secret le mieux gard\u00e9 du Costa Rica - SensorialSunsets","robots":{"index":"index","follow":"follow","max-snippet":"max-snippet:-1","max-image-preview":"max-image-preview:large","max-video-preview":"max-video-preview:-1"},"canonical":"https:\/\/www.sensorialsunsets.com\/fr\/lile-coco-le-secret-le-mieux-garde-du-costa-rica\/","og_locale":"fr_FR","og_type":"article","og_title":"L'\u00eele Coco: le secret le mieux gard\u00e9 du Costa Rica - SensorialSunsets","og_description":"Lorsque Robert Louis Stevenson a \u00e9crit \u00ab\u00a0L&rsquo;\u00eele au tr\u00e9sor\u00a0\u00bb, la l\u00e9gende veut qu&rsquo;il faisait probablement r\u00e9f\u00e9rence \u00e0 l&rsquo;un des plus importants joyaux naturels du monde, situ\u00e9 au Costa Rica : l&rsquo;\u00eele Cocos.Et si aucune des 300 exp\u00e9ditions \u00e0 la recherche du fameux tr\u00e9sor n&rsquo;a abouti, le fait est que l&rsquo;\u00eele, situ\u00e9e \u00e0 532 km au [&hellip;]","og_url":"https:\/\/www.sensorialsunsets.com\/fr\/lile-coco-le-secret-le-mieux-garde-du-costa-rica\/","og_site_name":"SensorialSunsets","article_publisher":"https:\/\/www.facebook.com\/Sensorial-Sunsets-109180614715562","article_published_time":"2022-03-01T19:47:16+00:00","article_modified_time":"2022-03-01T19:47:17+00:00","og_image":[{"width":640,"height":479,"url":"https:\/\/www.sensorialsunsets.com\/wp-content\/uploads\/2022\/03\/image2.jpg","type":"image\/jpeg"}],"author":"Marian Barrantes","twitter_card":"summary_large_image","twitter_misc":{"\u00c9crit par":"Marian Barrantes","Dur\u00e9e de lecture estim\u00e9e":"6 minutes"},"schema":{"@context":"https:\/\/schema.org","@graph":[{"@type":"Article","@id":"https:\/\/www.sensorialsunsets.com\/fr\/lile-coco-le-secret-le-mieux-garde-du-costa-rica\/#article","isPartOf":{"@id":"https:\/\/www.sensorialsunsets.com\/fr\/lile-coco-le-secret-le-mieux-garde-du-costa-rica\/"},"author":{"name":"Marian Barrantes","@id":"https:\/\/www.sensorialsunsets.com\/fr\/#\/schema\/person\/a8336a4dbeee633f087a194db2ca482f"},"headline":"L&rsquo;\u00eele Coco: le secret le mieux gard\u00e9 du Costa Rica","datePublished":"2022-03-01T19:47:16+00:00","dateModified":"2022-03-01T19:47:17+00:00","mainEntityOfPage":{"@id":"https:\/\/www.sensorialsunsets.com\/fr\/lile-coco-le-secret-le-mieux-garde-du-costa-rica\/"},"wordCount":1210,"publisher":{"@id":"https:\/\/www.sensorialsunsets.com\/fr\/#organization"},"image":{"@id":"https:\/\/www.sensorialsunsets.com\/fr\/lile-coco-le-secret-le-mieux-garde-du-costa-rica\/#primaryimage"},"thumbnailUrl":"https:\/\/www.sensorialsunsets.com\/wp-content\/uploads\/2022\/03\/image2.jpg","articleSection":["Non classifi\u00e9(e)"],"inLanguage":"fr-FR"},{"@type":"WebPage","@id":"https:\/\/www.sensorialsunsets.com\/fr\/lile-coco-le-secret-le-mieux-garde-du-costa-rica\/","url":"https:\/\/www.sensorialsunsets.com\/fr\/lile-coco-le-secret-le-mieux-garde-du-costa-rica\/","name":"L'\u00eele Coco: le secret le mieux gard\u00e9 du Costa Rica - SensorialSunsets","isPartOf":{"@id":"https:\/\/www.sensorialsunsets.com\/fr\/#website"},"primaryImageOfPage":{"@id":"https:\/\/www.sensorialsunsets.com\/fr\/lile-coco-le-secret-le-mieux-garde-du-costa-rica\/#primaryimage"},"image":{"@id":"https:\/\/www.sensorialsunsets.com\/fr\/lile-coco-le-secret-le-mieux-garde-du-costa-rica\/#primaryimage"},"thumbnailUrl":"https:\/\/www.sensorialsunsets.com\/wp-content\/uploads\/2022\/03\/image2.jpg","datePublished":"2022-03-01T19:47:16+00:00","dateModified":"2022-03-01T19:47:17+00:00","inLanguage":"fr-FR","potentialAction":[{"@type":"ReadAction","target":["https:\/\/www.sensorialsunsets.com\/fr\/lile-coco-le-secret-le-mieux-garde-du-costa-rica\/"]}]},{"@type":"ImageObject","inLanguage":"fr-FR","@id":"https:\/\/www.sensorialsunsets.com\/fr\/lile-coco-le-secret-le-mieux-garde-du-costa-rica\/#primaryimage","url":"https:\/\/www.sensorialsunsets.com\/wp-content\/uploads\/2022\/03\/image2.jpg","contentUrl":"https:\/\/www.sensorialsunsets.com\/wp-content\/uploads\/2022\/03\/image2.jpg","width":640,"height":479},{"@type":"WebSite","@id":"https:\/\/www.sensorialsunsets.com\/fr\/#website","url":"https:\/\/www.sensorialsunsets.com\/fr\/","name":"SensorialSunsets.com","description":"D\u00e9couvrez la culture et la soci\u00e9t\u00e9 du Costa Rica sur notre blog. Explorez des articles captivants et partagez le contenu.","publisher":{"@id":"https:\/\/www.sensorialsunsets.com\/fr\/#organization"},"alternateName":"Costa Rica Live Blog","potentialAction":[{"@type":"SearchAction","target":{"@type":"EntryPoint","urlTemplate":"https:\/\/www.sensorialsunsets.com\/fr\/?s={search_term_string}"},"query-input":{"@type":"PropertyValueSpecification","valueRequired":true,"valueName":"search_term_string"}}],"inLanguage":"fr-FR"},{"@type":"Organization","@id":"https:\/\/www.sensorialsunsets.com\/fr\/#organization","name":"SensorialSunsets","url":"https:\/\/www.sensorialsunsets.com\/fr\/","logo":{"@type":"ImageObject","inLanguage":"fr-FR","@id":"https:\/\/www.sensorialsunsets.com\/fr\/#\/schema\/logo\/image\/","url":"https:\/\/www.sensorialsunsets.com\/wp-content\/uploads\/2023\/04\/Logo_base_line_fond_clair.svg","contentUrl":"https:\/\/www.sensorialsunsets.com\/wp-content\/uploads\/2023\/04\/Logo_base_line_fond_clair.svg","width":"1024","height":"1024","caption":"SensorialSunsets"},"image":{"@id":"https:\/\/www.sensorialsunsets.com\/fr\/#\/schema\/logo\/image\/"},"sameAs":["https:\/\/www.facebook.com\/Sensorial-Sunsets-109180614715562","https:\/\/www.instagram.com\/sensorialsunsets\/"]},{"@type":"Person","@id":"https:\/\/www.sensorialsunsets.com\/fr\/#\/schema\/person\/a8336a4dbeee633f087a194db2ca482f","name":"Marian Barrantes","image":{"@type":"ImageObject","inLanguage":"fr-FR","@id":"https:\/\/secure.gravatar.com\/avatar\/fafbfab67eb28029818d03f44e3037bd798e04434d8d5c0cfc2eea8ec2882a22?s=96&d=mm&r=g","url":"https:\/\/secure.gravatar.com\/avatar\/fafbfab67eb28029818d03f44e3037bd798e04434d8d5c0cfc2eea8ec2882a22?s=96&d=mm&r=g","contentUrl":"https:\/\/secure.gravatar.com\/avatar\/fafbfab67eb28029818d03f44e3037bd798e04434d8d5c0cfc2eea8ec2882a22?s=96&d=mm&r=g","caption":"Marian Barrantes"},"sameAs":["https:\/\/www.sensorialsunsets.com"],"url":"https:\/\/www.sensorialsunsets.com\/fr\/author\/mbarrantes\/"}]}},"_links":{"self":[{"href":"https:\/\/www.sensorialsunsets.com\/fr\/wp-json\/wp\/v2\/posts\/1269","targetHints":{"allow":["GET"]}}],"collection":[{"href":"https:\/\/www.sensorialsunsets.com\/fr\/wp-json\/wp\/v2\/posts"}],"about":[{"href":"https:\/\/www.sensorialsunsets.com\/fr\/wp-json\/wp\/v2\/types\/post"}],"author":[{"embeddable":true,"href":"https:\/\/www.sensorialsunsets.com\/fr\/wp-json\/wp\/v2\/users\/5"}],"replies":[{"embeddable":true,"href":"https:\/\/www.sensorialsunsets.com\/fr\/wp-json\/wp\/v2\/comments?post=1269"}],"version-history":[{"count":0,"href":"https:\/\/www.sensorialsunsets.com\/fr\/wp-json\/wp\/v2\/posts\/1269\/revisions"}],"wp:featuredmedia":[{"embeddable":true,"href":"https:\/\/www.sensorialsunsets.com\/fr\/wp-json\/wp\/v2\/media\/1259"}],"wp:attachment":[{"href":"https:\/\/www.sensorialsunsets.com\/fr\/wp-json\/wp\/v2\/media?parent=1269"}],"wp:term":[{"taxonomy":"category","embeddable":true,"href":"https:\/\/www.sensorialsunsets.com\/fr\/wp-json\/wp\/v2\/categories?post=1269"},{"taxonomy":"post_tag","embeddable":true,"href":"https:\/\/www.sensorialsunsets.com\/fr\/wp-json\/wp\/v2\/tags?post=1269"}],"curies":[{"name":"wp","href":"https:\/\/api.w.org\/{rel}","templated":true}]}}