{"id":1321,"date":"2022-03-19T08:53:40","date_gmt":"2022-03-19T08:53:40","guid":{"rendered":"https:\/\/www.sensorialsunsets.com\/?p=1321"},"modified":"2022-04-18T17:18:00","modified_gmt":"2022-04-18T17:18:00","slug":"ostional-costa-rica","status":"publish","type":"post","link":"https:\/\/www.sensorialsunsets.com\/fr\/ostional-costa-rica\/","title":{"rendered":"Ostional, Costa Rica"},"content":{"rendered":"\n<p>Ostional est situ\u00e9 sur la p\u00e9ninsule de Nicoya, dans le Guanacaste. Il s&rsquo;agit de l&rsquo;un des sites de nidification des tortues les plus importants du Costa Rica. Dans la r\u00e9gion, deux villes sont adjacentes : le Refugio de Vida Silvestre Ostional et le village d&rsquo;Ostional.<\/p>\n\n\n\n<p>Le Refuge a \u00e9t\u00e9 cr\u00e9\u00e9 en 1984 dans le but de prot\u00e9ger la nidification des tortues, notamment la tortue ridley; il abrite \u00e9galement d&rsquo;autres esp\u00e8ces animales telles que des amphibiens, des mammif\u00e8res, des oiseaux et des reptiles.<\/p>\n\n\n\n<p>Les tortues qui pondent leurs \u0153ufs sur cette plage sont la tortue caret, la tortue verte, la tortue luth et la tortue ridley, principal h\u00f4te de cette c\u00f4te. Entre 500 000 et 700 000 tortues peuvent arriver ici pour leur p\u00e9riode de nidification, de jour comme de nuit, ce qui en fait un ph\u00e9nom\u00e8ne unique au monde. Selon les donn\u00e9es de l&rsquo;\u00e9cole de biologie de l&rsquo;UCR, en l&rsquo;an 2000, on estime qu&rsquo;un million de tortues sont arriv\u00e9es sur la c\u00f4te d&rsquo;Ostional.<\/p>\n\n\n\n<p>Ces \u00e9v\u00e9nements ont commenc\u00e9 \u00e0 se produire \u00e0 la fin des ann\u00e9es 1950 et ont \u00e9t\u00e9 d\u00e9couverts et \u00e9tudi\u00e9s par Douglas Robinson, biologiste de l&rsquo;Universit\u00e9 du Costa Rica. C&rsquo;est pourquoi la station biologique Douglas Robinson a \u00e9t\u00e9 fond\u00e9e pour suivre \u00ab\u00a0l&rsquo;arribada\u00a0\u00bb et la nidification des tortues ridley.<\/p>\n\n\n\n<p>Chacune des tortues qui arrivent pond en moyenne 108 \u0153ufs par nid, ce qui signifie que lors d&rsquo;une arriv\u00e9e de 500 000 tortues, 54 millions d&rsquo;\u0153ufs seraient pondus. Cependant, seuls 30 % de ces \u0153ufs survivent.<\/p>\n\n\n\n<p><strong>Qu&rsquo;advient-il des 70% restants ?<\/strong><\/p>\n\n\n\n<p>Les tortues elles-m\u00eames, lorsqu&rsquo;elles arrivent pour nicher, d\u00e9truisent les \u0153ufs des autres tortues arriv\u00e9es plus t\u00f4t ; de plus, la chaleur de la saison s\u00e8che n&rsquo;est pas id\u00e9ale pour le d\u00e9veloppement des tortues ; enfin, des animaux comme les chiens ou les charognards d\u00e9truisent les nids et mangent les \u0153ufs qui s&rsquo;y trouvent.<\/p>\n\n\n\n<p>C&rsquo;est l\u00e0 qu&rsquo;intervient l&rsquo;excellent travail de la communaut\u00e9 Ostional.<br>Hannia Rodr\u00edguez, de l&rsquo;Universit\u00e9 du Costa Rica, affirme que la communaut\u00e9 Ostional est une communaut\u00e9 organis\u00e9e. En effet, l&rsquo;Asociaci\u00f3n de Desarrollo Integral de Ostional (ADIO) est charg\u00e9e de la collecte et de la distribution des \u0153ufs de tortue de mani\u00e8re durable. De cette fa\u00e7on, les \u0153ufs sont consomm\u00e9s par une communaut\u00e9 qui en a besoin et ne sont pas gaspill\u00e9s, tout en maintenant un niveau naturel \u00e9lev\u00e9 dans la r\u00e9gion.<\/p>\n\n\n\n<p>Les institutions publiques telles que le MINAE, le SENASA et l&rsquo;INCOPESCA, ainsi que l&rsquo;\u00e9cole de biologie de l&rsquo;universit\u00e9 du Costa Rica supervisent strictement cette activit\u00e9.<\/p>\n\n\n\n<p>Gr\u00e2ce \u00e0 un plan quinquennal, les \u0153ufs sont extraits. Apr\u00e8s l&rsquo;arriv\u00e9e des premi\u00e8res tortues sur la plage, une d\u00e9claration d&rsquo;arriv\u00e9e est faite, ce qui permet l&rsquo;extraction des \u0153ufs \u00e0 partir de 6 heures du matin jusqu&rsquo;\u00e0 36 heures apr\u00e8s la premi\u00e8re arriv\u00e9e. Sur l&rsquo;ensemble de la plage, les \u0153ufs ne peuvent \u00eatre ramass\u00e9s que dans les kilom\u00e8tres o\u00f9 la densit\u00e9 de nids est la plus \u00e9lev\u00e9e, car les prochaines tortues qui pondent leurs \u0153ufs d\u00e9truiraient les pr\u00e9c\u00e9dentes.<\/p>\n\n\n\n<p>Seuls les membres de l&rsquo;Asociaci\u00f3n Nacidos en Ostional peuvent prendre les \u0153ufs, c&rsquo;est pourquoi presque toutes les familles se r\u00e9unissent pour aider \u00e0 cette t\u00e2che. Une fois les \u0153ufs extraits, ils sont emball\u00e9s dans des sacs en plastique (avec du sable, car cela permet d&rsquo;\u00e9viter des maladies comme la salmonelle) de 200 unit\u00e9s et sont commercialis\u00e9s dans diff\u00e9rentes r\u00e9gions du pays, comme San Jos\u00e9.<\/p>\n\n\n\n<p>La communaut\u00e9 d&rsquo;Ostional vit du march\u00e9 des \u0153ufs de tortue depuis des d\u00e9cennies et a pu construire plusieurs centres communautaires, le centre informatique de l&rsquo;\u00e9cole et la station biologique de la r\u00e9gion. En plus de cela, ADIO donne \u00e0 chaque habitant d&rsquo;Ostional 50 000 colones pour son usage personnel, une sorte de pension aux adultes de plus de 70 ans et 100 \u0153ufs de tortue \u00e0 chaque famille.<\/p>\n\n\n\n<p>En termes de conservation, la communaut\u00e9 se consacre \u00e0 la protection des tortues (en les aidant \u00e0 rejoindre la mer ou en chassant les oiseaux et les chiens) et au nettoyage de la plage, en enlevant les d\u00e9bris laiss\u00e9s par la mer sur la c\u00f4te. Sans ces actions, le nombre de tortues serait consid\u00e9rablement r\u00e9duit.<\/p>\n\n\n\n<p>Le projet ADIO est n\u00e9 en 1987 comme solution \u00e0 un probl\u00e8me qui existe toujours dans la r\u00e9gion : le pillage ill\u00e9gal des \u0153ufs de tortue. Ce projet a \u00e9t\u00e9 combattu pendant 8 ans.<\/p>\n\n\n\n<p><strong>Ostional menac\u00e9<\/strong><\/p>\n\n\n\n<p>Malgr\u00e9 les grands efforts de conservation, certains \u00e9cologistes de l&rsquo;universit\u00e9 du Costa Rica ont encore des doutes sur la consommation d&rsquo;\u0153ufs de tortue. Certains pensent que les \u0153ufs de tortue sont tr\u00e8s riches en prot\u00e9ines et qu&rsquo;il faut donc les laisser sur le sable pour que d&rsquo;autres animaux en profitent, ou qu&rsquo;il faut les rejeter \u00e0 la mer et les manger sur place. D&rsquo;autres pr\u00e9tendent que les \u0153ufs de tortue sont nocifs pour l&rsquo;homme car ils contiennent un taux \u00e9lev\u00e9 de cholest\u00e9rol.<\/p>\n\n\n\n<p>Ces rumeurs ont toutefois \u00e9t\u00e9 d\u00e9menties puisque, selon des \u00e9tudes, les \u0153ufs de tortue contiennent 5 % de cholest\u00e9rol en moins que les \u0153ufs de poule et une concentration plus \u00e9lev\u00e9e de prot\u00e9ines. De m\u00eame, il n&rsquo;y a pas de mal \u00e0 ce que la communaut\u00e9 tire profit de ce produit comme source de revenus et de nourriture, puisque seulement 1% de toutes les tortues arrivant sur la plage sont extraites, laissant 92% intactes.<\/p>\n\n\n\n<p>Malgr\u00e9 les efforts d\u00e9ploy\u00e9s pour d\u00e9mentir les fausses informations et les rumeurs selon lesquelles l&rsquo;extraction des \u0153ufs est ill\u00e9gale \u00e0 Ostional, ces faits, ainsi que le meurtre de l&rsquo;\u00e9cologiste Jairo Mora, ont donn\u00e9 lieu \u00e0 diverses campagnes contre le commerce et la consommation d&rsquo;\u0153ufs de tortue.<\/p>\n\n\n\n<p>Un autre probl\u00e8me s\u00e9rieux dans la zone est le chalutage effectu\u00e9 principalement par des soci\u00e9t\u00e9s transnationales, qui affecte consid\u00e9rablement les esp\u00e8ces marines, y compris les tortues.<br>En plus de cela, les familles d&rsquo;Ostional sont menac\u00e9es d&rsquo;expulsion. En effet, le refuge faunique d&rsquo;Ostional a \u00e9t\u00e9 cr\u00e9\u00e9 en 1983 et toute l&rsquo;infrastructure de la communaut\u00e9 d&rsquo;Ostional a \u00e9t\u00e9 incluse dans le territoire du refuge. C&rsquo;est pourquoi, en 2009, la Cour constitutionnelle a d\u00e9clar\u00e9 que le refuge appartenait \u00e0 l&rsquo;\u00c9tat apr\u00e8s que plusieurs entreprises ont d\u00e9pos\u00e9 une injonction pour expulser les habitants du refuge.<\/p>\n\n\n\n<p>Les familles d&rsquo;Ostional ont alors soulev\u00e9 la loi TECOCOS (Territoires c\u00f4tiers communautaires) afin de prot\u00e9ger la plage des entreprises h\u00f4teli\u00e8res qui affecteraient plus de 1000 habitants et le territoire maritime de la zone.<\/p>\n\n\n\n<p>Les habitants d&rsquo;Ostional poursuivent leur lutte et attendent une r\u00e9solution du probl\u00e8me.<\/p>\n\n\n\n<p><strong>Equipe SST en collaboration avec Hannia Rodr\u00edguez, Universidad de Costa Rica<\/strong><\/p>\n","protected":false},"excerpt":{"rendered":"<p>Ostional est situ\u00e9 sur la p\u00e9ninsule de Nicoya, dans le Guanacaste. Il s&rsquo;agit de l&rsquo;un des sites de nidification des tortues les plus importants du Costa Rica. Dans la r\u00e9gion, deux villes sont adjacentes : le Refugio de Vida Silvestre Ostional et le village d&rsquo;Ostional. Le Refuge a \u00e9t\u00e9 cr\u00e9\u00e9 en 1984 dans le but [&hellip;]<\/p>\n","protected":false},"author":5,"featured_media":1319,"comment_status":"closed","ping_status":"closed","sticky":false,"template":"","format":"standard","meta":{"_acf_changed":false,"inline_featured_image":false,"_monsterinsights_skip_tracking":false,"_monsterinsights_sitenote_active":false,"_monsterinsights_sitenote_note":"","_monsterinsights_sitenote_category":0,"footnotes":""},"categories":[28,80,76],"tags":[],"class_list":["post-1321","post","type-post","status-publish","format-standard","has-post-thumbnail","hentry","category-costa-rica","category-ecologie","category-tourisme"],"acf":[],"yoast_head":"<!-- This site is optimized with the Yoast SEO plugin v27.4 - https:\/\/yoast.com\/product\/yoast-seo-wordpress\/ -->\n<title>Ostional, Costa Rica - SensorialSunsets<\/title>\n<meta name=\"robots\" content=\"index, follow, max-snippet:-1, max-image-preview:large, max-video-preview:-1\" \/>\n<link rel=\"canonical\" href=\"https:\/\/www.sensorialsunsets.com\/fr\/ostional-costa-rica\/\" \/>\n<meta property=\"og:locale\" content=\"fr_FR\" \/>\n<meta property=\"og:type\" content=\"article\" \/>\n<meta property=\"og:title\" content=\"Ostional, Costa Rica - SensorialSunsets\" \/>\n<meta property=\"og:description\" content=\"Ostional est situ\u00e9 sur la p\u00e9ninsule de Nicoya, dans le Guanacaste. Il s&rsquo;agit de l&rsquo;un des sites de nidification des tortues les plus importants du Costa Rica. Dans la r\u00e9gion, deux villes sont adjacentes : le Refugio de Vida Silvestre Ostional et le village d&rsquo;Ostional. Le Refuge a \u00e9t\u00e9 cr\u00e9\u00e9 en 1984 dans le but [&hellip;]\" \/>\n<meta property=\"og:url\" content=\"https:\/\/www.sensorialsunsets.com\/fr\/ostional-costa-rica\/\" \/>\n<meta property=\"og:site_name\" content=\"SensorialSunsets\" \/>\n<meta property=\"article:publisher\" content=\"https:\/\/www.facebook.com\/Sensorial-Sunsets-109180614715562\" \/>\n<meta property=\"article:published_time\" content=\"2022-03-19T08:53:40+00:00\" \/>\n<meta property=\"article:modified_time\" content=\"2022-04-18T17:18:00+00:00\" \/>\n<meta property=\"og:image\" content=\"https:\/\/www.sensorialsunsets.com\/wp-content\/uploads\/2022\/03\/1280px-Tortuga_lora.jpg\" \/>\n\t<meta property=\"og:image:width\" content=\"1280\" \/>\n\t<meta property=\"og:image:height\" content=\"950\" \/>\n\t<meta property=\"og:image:type\" content=\"image\/jpeg\" \/>\n<meta name=\"author\" content=\"Marian Barrantes\" \/>\n<meta name=\"twitter:card\" content=\"summary_large_image\" \/>\n<meta name=\"twitter:label1\" content=\"\u00c9crit par\" \/>\n\t<meta name=\"twitter:data1\" content=\"Marian Barrantes\" \/>\n\t<meta name=\"twitter:label2\" content=\"Dur\u00e9e de lecture estim\u00e9e\" \/>\n\t<meta name=\"twitter:data2\" content=\"5 minutes\" \/>\n<script type=\"application\/ld+json\" class=\"yoast-schema-graph\">{\"@context\":\"https:\\\/\\\/schema.org\",\"@graph\":[{\"@type\":\"Article\",\"@id\":\"https:\\\/\\\/www.sensorialsunsets.com\\\/fr\\\/ostional-costa-rica\\\/#article\",\"isPartOf\":{\"@id\":\"https:\\\/\\\/www.sensorialsunsets.com\\\/fr\\\/ostional-costa-rica\\\/\"},\"author\":{\"name\":\"Marian Barrantes\",\"@id\":\"https:\\\/\\\/www.sensorialsunsets.com\\\/fr\\\/#\\\/schema\\\/person\\\/a8336a4dbeee633f087a194db2ca482f\"},\"headline\":\"Ostional, Costa Rica\",\"datePublished\":\"2022-03-19T08:53:40+00:00\",\"dateModified\":\"2022-04-18T17:18:00+00:00\",\"mainEntityOfPage\":{\"@id\":\"https:\\\/\\\/www.sensorialsunsets.com\\\/fr\\\/ostional-costa-rica\\\/\"},\"wordCount\":1165,\"publisher\":{\"@id\":\"https:\\\/\\\/www.sensorialsunsets.com\\\/fr\\\/#organization\"},\"image\":{\"@id\":\"https:\\\/\\\/www.sensorialsunsets.com\\\/fr\\\/ostional-costa-rica\\\/#primaryimage\"},\"thumbnailUrl\":\"https:\\\/\\\/www.sensorialsunsets.com\\\/wp-content\\\/uploads\\\/2022\\\/03\\\/1280px-Tortuga_lora.jpg\",\"articleSection\":[\"Costa Rica\",\"Ecologie\",\"Tourisme\"],\"inLanguage\":\"fr-FR\"},{\"@type\":\"WebPage\",\"@id\":\"https:\\\/\\\/www.sensorialsunsets.com\\\/fr\\\/ostional-costa-rica\\\/\",\"url\":\"https:\\\/\\\/www.sensorialsunsets.com\\\/fr\\\/ostional-costa-rica\\\/\",\"name\":\"Ostional, Costa Rica - SensorialSunsets\",\"isPartOf\":{\"@id\":\"https:\\\/\\\/www.sensorialsunsets.com\\\/fr\\\/#website\"},\"primaryImageOfPage\":{\"@id\":\"https:\\\/\\\/www.sensorialsunsets.com\\\/fr\\\/ostional-costa-rica\\\/#primaryimage\"},\"image\":{\"@id\":\"https:\\\/\\\/www.sensorialsunsets.com\\\/fr\\\/ostional-costa-rica\\\/#primaryimage\"},\"thumbnailUrl\":\"https:\\\/\\\/www.sensorialsunsets.com\\\/wp-content\\\/uploads\\\/2022\\\/03\\\/1280px-Tortuga_lora.jpg\",\"datePublished\":\"2022-03-19T08:53:40+00:00\",\"dateModified\":\"2022-04-18T17:18:00+00:00\",\"inLanguage\":\"fr-FR\",\"potentialAction\":[{\"@type\":\"ReadAction\",\"target\":[\"https:\\\/\\\/www.sensorialsunsets.com\\\/fr\\\/ostional-costa-rica\\\/\"]}]},{\"@type\":\"ImageObject\",\"inLanguage\":\"fr-FR\",\"@id\":\"https:\\\/\\\/www.sensorialsunsets.com\\\/fr\\\/ostional-costa-rica\\\/#primaryimage\",\"url\":\"https:\\\/\\\/www.sensorialsunsets.com\\\/wp-content\\\/uploads\\\/2022\\\/03\\\/1280px-Tortuga_lora.jpg\",\"contentUrl\":\"https:\\\/\\\/www.sensorialsunsets.com\\\/wp-content\\\/uploads\\\/2022\\\/03\\\/1280px-Tortuga_lora.jpg\",\"width\":1280,\"height\":950},{\"@type\":\"WebSite\",\"@id\":\"https:\\\/\\\/www.sensorialsunsets.com\\\/fr\\\/#website\",\"url\":\"https:\\\/\\\/www.sensorialsunsets.com\\\/fr\\\/\",\"name\":\"SensorialSunsets.com\",\"description\":\"D\u00e9couvrez la culture et la soci\u00e9t\u00e9 du Costa Rica sur notre blog. Explorez des articles captivants et partagez le contenu.\",\"publisher\":{\"@id\":\"https:\\\/\\\/www.sensorialsunsets.com\\\/fr\\\/#organization\"},\"alternateName\":\"Costa Rica Live Blog\",\"potentialAction\":[{\"@type\":\"SearchAction\",\"target\":{\"@type\":\"EntryPoint\",\"urlTemplate\":\"https:\\\/\\\/www.sensorialsunsets.com\\\/fr\\\/?s={search_term_string}\"},\"query-input\":{\"@type\":\"PropertyValueSpecification\",\"valueRequired\":true,\"valueName\":\"search_term_string\"}}],\"inLanguage\":\"fr-FR\"},{\"@type\":\"Organization\",\"@id\":\"https:\\\/\\\/www.sensorialsunsets.com\\\/fr\\\/#organization\",\"name\":\"SensorialSunsets\",\"url\":\"https:\\\/\\\/www.sensorialsunsets.com\\\/fr\\\/\",\"logo\":{\"@type\":\"ImageObject\",\"inLanguage\":\"fr-FR\",\"@id\":\"https:\\\/\\\/www.sensorialsunsets.com\\\/fr\\\/#\\\/schema\\\/logo\\\/image\\\/\",\"url\":\"https:\\\/\\\/www.sensorialsunsets.com\\\/wp-content\\\/uploads\\\/2023\\\/04\\\/Logo_base_line_fond_clair.svg\",\"contentUrl\":\"https:\\\/\\\/www.sensorialsunsets.com\\\/wp-content\\\/uploads\\\/2023\\\/04\\\/Logo_base_line_fond_clair.svg\",\"width\":\"1024\",\"height\":\"1024\",\"caption\":\"SensorialSunsets\"},\"image\":{\"@id\":\"https:\\\/\\\/www.sensorialsunsets.com\\\/fr\\\/#\\\/schema\\\/logo\\\/image\\\/\"},\"sameAs\":[\"https:\\\/\\\/www.facebook.com\\\/Sensorial-Sunsets-109180614715562\",\"https:\\\/\\\/www.instagram.com\\\/sensorialsunsets\\\/\"]},{\"@type\":\"Person\",\"@id\":\"https:\\\/\\\/www.sensorialsunsets.com\\\/fr\\\/#\\\/schema\\\/person\\\/a8336a4dbeee633f087a194db2ca482f\",\"name\":\"Marian Barrantes\",\"image\":{\"@type\":\"ImageObject\",\"inLanguage\":\"fr-FR\",\"@id\":\"https:\\\/\\\/secure.gravatar.com\\\/avatar\\\/fafbfab67eb28029818d03f44e3037bd798e04434d8d5c0cfc2eea8ec2882a22?s=96&d=mm&r=g\",\"url\":\"https:\\\/\\\/secure.gravatar.com\\\/avatar\\\/fafbfab67eb28029818d03f44e3037bd798e04434d8d5c0cfc2eea8ec2882a22?s=96&d=mm&r=g\",\"contentUrl\":\"https:\\\/\\\/secure.gravatar.com\\\/avatar\\\/fafbfab67eb28029818d03f44e3037bd798e04434d8d5c0cfc2eea8ec2882a22?s=96&d=mm&r=g\",\"caption\":\"Marian Barrantes\"},\"sameAs\":[\"https:\\\/\\\/www.sensorialsunsets.com\"],\"url\":\"https:\\\/\\\/www.sensorialsunsets.com\\\/fr\\\/author\\\/mbarrantes\\\/\"}]}<\/script>\n<!-- \/ Yoast SEO plugin. -->","yoast_head_json":{"title":"Ostional, Costa Rica - SensorialSunsets","robots":{"index":"index","follow":"follow","max-snippet":"max-snippet:-1","max-image-preview":"max-image-preview:large","max-video-preview":"max-video-preview:-1"},"canonical":"https:\/\/www.sensorialsunsets.com\/fr\/ostional-costa-rica\/","og_locale":"fr_FR","og_type":"article","og_title":"Ostional, Costa Rica - SensorialSunsets","og_description":"Ostional est situ\u00e9 sur la p\u00e9ninsule de Nicoya, dans le Guanacaste. Il s&rsquo;agit de l&rsquo;un des sites de nidification des tortues les plus importants du Costa Rica. Dans la r\u00e9gion, deux villes sont adjacentes : le Refugio de Vida Silvestre Ostional et le village d&rsquo;Ostional. Le Refuge a \u00e9t\u00e9 cr\u00e9\u00e9 en 1984 dans le but [&hellip;]","og_url":"https:\/\/www.sensorialsunsets.com\/fr\/ostional-costa-rica\/","og_site_name":"SensorialSunsets","article_publisher":"https:\/\/www.facebook.com\/Sensorial-Sunsets-109180614715562","article_published_time":"2022-03-19T08:53:40+00:00","article_modified_time":"2022-04-18T17:18:00+00:00","og_image":[{"width":1280,"height":950,"url":"https:\/\/www.sensorialsunsets.com\/wp-content\/uploads\/2022\/03\/1280px-Tortuga_lora.jpg","type":"image\/jpeg"}],"author":"Marian Barrantes","twitter_card":"summary_large_image","twitter_misc":{"\u00c9crit par":"Marian Barrantes","Dur\u00e9e de lecture estim\u00e9e":"5 minutes"},"schema":{"@context":"https:\/\/schema.org","@graph":[{"@type":"Article","@id":"https:\/\/www.sensorialsunsets.com\/fr\/ostional-costa-rica\/#article","isPartOf":{"@id":"https:\/\/www.sensorialsunsets.com\/fr\/ostional-costa-rica\/"},"author":{"name":"Marian Barrantes","@id":"https:\/\/www.sensorialsunsets.com\/fr\/#\/schema\/person\/a8336a4dbeee633f087a194db2ca482f"},"headline":"Ostional, Costa Rica","datePublished":"2022-03-19T08:53:40+00:00","dateModified":"2022-04-18T17:18:00+00:00","mainEntityOfPage":{"@id":"https:\/\/www.sensorialsunsets.com\/fr\/ostional-costa-rica\/"},"wordCount":1165,"publisher":{"@id":"https:\/\/www.sensorialsunsets.com\/fr\/#organization"},"image":{"@id":"https:\/\/www.sensorialsunsets.com\/fr\/ostional-costa-rica\/#primaryimage"},"thumbnailUrl":"https:\/\/www.sensorialsunsets.com\/wp-content\/uploads\/2022\/03\/1280px-Tortuga_lora.jpg","articleSection":["Costa Rica","Ecologie","Tourisme"],"inLanguage":"fr-FR"},{"@type":"WebPage","@id":"https:\/\/www.sensorialsunsets.com\/fr\/ostional-costa-rica\/","url":"https:\/\/www.sensorialsunsets.com\/fr\/ostional-costa-rica\/","name":"Ostional, Costa Rica - SensorialSunsets","isPartOf":{"@id":"https:\/\/www.sensorialsunsets.com\/fr\/#website"},"primaryImageOfPage":{"@id":"https:\/\/www.sensorialsunsets.com\/fr\/ostional-costa-rica\/#primaryimage"},"image":{"@id":"https:\/\/www.sensorialsunsets.com\/fr\/ostional-costa-rica\/#primaryimage"},"thumbnailUrl":"https:\/\/www.sensorialsunsets.com\/wp-content\/uploads\/2022\/03\/1280px-Tortuga_lora.jpg","datePublished":"2022-03-19T08:53:40+00:00","dateModified":"2022-04-18T17:18:00+00:00","inLanguage":"fr-FR","potentialAction":[{"@type":"ReadAction","target":["https:\/\/www.sensorialsunsets.com\/fr\/ostional-costa-rica\/"]}]},{"@type":"ImageObject","inLanguage":"fr-FR","@id":"https:\/\/www.sensorialsunsets.com\/fr\/ostional-costa-rica\/#primaryimage","url":"https:\/\/www.sensorialsunsets.com\/wp-content\/uploads\/2022\/03\/1280px-Tortuga_lora.jpg","contentUrl":"https:\/\/www.sensorialsunsets.com\/wp-content\/uploads\/2022\/03\/1280px-Tortuga_lora.jpg","width":1280,"height":950},{"@type":"WebSite","@id":"https:\/\/www.sensorialsunsets.com\/fr\/#website","url":"https:\/\/www.sensorialsunsets.com\/fr\/","name":"SensorialSunsets.com","description":"D\u00e9couvrez la culture et la soci\u00e9t\u00e9 du Costa Rica sur notre blog. Explorez des articles captivants et partagez le contenu.","publisher":{"@id":"https:\/\/www.sensorialsunsets.com\/fr\/#organization"},"alternateName":"Costa Rica Live Blog","potentialAction":[{"@type":"SearchAction","target":{"@type":"EntryPoint","urlTemplate":"https:\/\/www.sensorialsunsets.com\/fr\/?s={search_term_string}"},"query-input":{"@type":"PropertyValueSpecification","valueRequired":true,"valueName":"search_term_string"}}],"inLanguage":"fr-FR"},{"@type":"Organization","@id":"https:\/\/www.sensorialsunsets.com\/fr\/#organization","name":"SensorialSunsets","url":"https:\/\/www.sensorialsunsets.com\/fr\/","logo":{"@type":"ImageObject","inLanguage":"fr-FR","@id":"https:\/\/www.sensorialsunsets.com\/fr\/#\/schema\/logo\/image\/","url":"https:\/\/www.sensorialsunsets.com\/wp-content\/uploads\/2023\/04\/Logo_base_line_fond_clair.svg","contentUrl":"https:\/\/www.sensorialsunsets.com\/wp-content\/uploads\/2023\/04\/Logo_base_line_fond_clair.svg","width":"1024","height":"1024","caption":"SensorialSunsets"},"image":{"@id":"https:\/\/www.sensorialsunsets.com\/fr\/#\/schema\/logo\/image\/"},"sameAs":["https:\/\/www.facebook.com\/Sensorial-Sunsets-109180614715562","https:\/\/www.instagram.com\/sensorialsunsets\/"]},{"@type":"Person","@id":"https:\/\/www.sensorialsunsets.com\/fr\/#\/schema\/person\/a8336a4dbeee633f087a194db2ca482f","name":"Marian Barrantes","image":{"@type":"ImageObject","inLanguage":"fr-FR","@id":"https:\/\/secure.gravatar.com\/avatar\/fafbfab67eb28029818d03f44e3037bd798e04434d8d5c0cfc2eea8ec2882a22?s=96&d=mm&r=g","url":"https:\/\/secure.gravatar.com\/avatar\/fafbfab67eb28029818d03f44e3037bd798e04434d8d5c0cfc2eea8ec2882a22?s=96&d=mm&r=g","contentUrl":"https:\/\/secure.gravatar.com\/avatar\/fafbfab67eb28029818d03f44e3037bd798e04434d8d5c0cfc2eea8ec2882a22?s=96&d=mm&r=g","caption":"Marian Barrantes"},"sameAs":["https:\/\/www.sensorialsunsets.com"],"url":"https:\/\/www.sensorialsunsets.com\/fr\/author\/mbarrantes\/"}]}},"_links":{"self":[{"href":"https:\/\/www.sensorialsunsets.com\/fr\/wp-json\/wp\/v2\/posts\/1321","targetHints":{"allow":["GET"]}}],"collection":[{"href":"https:\/\/www.sensorialsunsets.com\/fr\/wp-json\/wp\/v2\/posts"}],"about":[{"href":"https:\/\/www.sensorialsunsets.com\/fr\/wp-json\/wp\/v2\/types\/post"}],"author":[{"embeddable":true,"href":"https:\/\/www.sensorialsunsets.com\/fr\/wp-json\/wp\/v2\/users\/5"}],"replies":[{"embeddable":true,"href":"https:\/\/www.sensorialsunsets.com\/fr\/wp-json\/wp\/v2\/comments?post=1321"}],"version-history":[{"count":0,"href":"https:\/\/www.sensorialsunsets.com\/fr\/wp-json\/wp\/v2\/posts\/1321\/revisions"}],"wp:featuredmedia":[{"embeddable":true,"href":"https:\/\/www.sensorialsunsets.com\/fr\/wp-json\/wp\/v2\/media\/1319"}],"wp:attachment":[{"href":"https:\/\/www.sensorialsunsets.com\/fr\/wp-json\/wp\/v2\/media?parent=1321"}],"wp:term":[{"taxonomy":"category","embeddable":true,"href":"https:\/\/www.sensorialsunsets.com\/fr\/wp-json\/wp\/v2\/categories?post=1321"},{"taxonomy":"post_tag","embeddable":true,"href":"https:\/\/www.sensorialsunsets.com\/fr\/wp-json\/wp\/v2\/tags?post=1321"}],"curies":[{"name":"wp","href":"https:\/\/api.w.org\/{rel}","templated":true}]}}