{"id":1346,"date":"2022-03-25T16:33:07","date_gmt":"2022-03-25T16:33:07","guid":{"rendered":"https:\/\/www.sensorialsunsets.com\/?p=1346"},"modified":"2022-04-26T20:18:49","modified_gmt":"2022-04-26T20:18:49","slug":"la-semaine-sainte-lune-des-traditions-les-plus-fortes-au-costa-rica","status":"publish","type":"post","link":"https:\/\/www.sensorialsunsets.com\/fr\/la-semaine-sainte-lune-des-traditions-les-plus-fortes-au-costa-rica\/","title":{"rendered":"Les c\u00e9l\u00e9brations de la Semaine sainte : l&rsquo;une des traditions les plus profond\u00e9ment ancr\u00e9es dans la culture costaricienne"},"content":{"rendered":"\n<p>Pendant la semaine sainte, au Costa Rica, on organise une s\u00e9rie de c\u00e9l\u00e9brations religieuses correspondant aux diff\u00e9rentes \u00e9tapes de la Passion du Christ.<\/p>\n\n\n\n<p>Chaque ann\u00e9e, entre les mois de mars et d&rsquo;avril, on c\u00e9l\u00e8bre la semaine sainte. Il s&rsquo;agit d&rsquo;une s\u00e9rie de dates comm\u00e9moratives religieuses dont les dates varient d&rsquo;ann\u00e9e en ann\u00e9e. En effet, elles sont c\u00e9l\u00e9br\u00e9es en fonction du calendrier h\u00e9bra\u00efque : la C\u00e8ne ou le Jeudi saint co\u00efncidait avec la c\u00e9l\u00e9bration de la P\u00e2que dans le juda\u00efsme. Selon le National Geographic, elle s&rsquo;appelait \u00e0 l&rsquo;origine \u00ab\u00a0la grande semaine\u00a0\u00bb, mais au fil du temps, elle est devenue ce que nous appelons commun\u00e9ment \u00ab\u00a0la semaine sainte\u00a0\u00bb, qui d\u00e9marre le dimanche des Rameaux et se termine le dimanche de P\u00e2ques. L&rsquo;\u00c9glise catholique comm\u00e9more une fois par an l&rsquo;entr\u00e9e de J\u00e9sus \u00e0 J\u00e9rusalem, en l&rsquo;accueillant avec des palmes et des branches d&rsquo;olivier. La procession, les messes, la b\u00e9n\u00e9diction des palmiers et les films religieux classiques diffus\u00e9s sur les cha\u00eenes nationales, comme \u00ab\u00a0La Passion du Christ\u00a0\u00bb, sont les principales traditions qui marquent le d\u00e9but de cette f\u00eate religieuse au Costa Rica.<\/p>\n\n\n\n<p>L&rsquo;article 75 de la Constitution costaricienne stipule que la religion catholique est la religion d&rsquo;\u00c9tat, ce qui en fait le seul pays du continent am\u00e9ricain \u00e0 avoir une religion officielle. Pour cette raison, les c\u00e9l\u00e9brations de la Semaine Sainte rev\u00eatent une grande importance au niveau national, avec des \u00e9v\u00e9nements organis\u00e9s par les paroisses dans chaque localit\u00e9. Les travailleurs du secteur public et les \u00e9tudiants ont des vacances pendant toute la semaine, tandis que le jeudi saint et le vendredi saint sont des cong\u00e9s pay\u00e9s obligatoires pour l&rsquo;ensemble du secteur priv\u00e9. Avec des responsabilit\u00e9s r\u00e9duites, la population plus pratiquante profite de l&rsquo;occasion pour participer en grand nombre aux festivit\u00e9s religieuses, tandis que les amateurs de tourisme affluent sur les plages.<\/p>\n\n\n\n<p><strong>Coutumes et traditions<\/strong><\/p>\n\n\n\n<p>L&rsquo;entr\u00e9e de J\u00e9sus \u00e0 J\u00e9rusalem est comm\u00e9mor\u00e9e le dimanche des Rameaux avec des chants tels que \u00ab\u00a0Hossana\u00a0\u00bb, un chant religieux que tout Costaricien a chant\u00e9 \u00e0 un moment de sa vie, avec une signification profonde de salut et la b\u00e9n\u00e9diction des palmes, qui va de pair avec ces chants all\u00e9goriques. \u00c0 la fin de la messe du dimanche des Rameaux, il y a une procession au cours de laquelle on b\u00e9nit les palmes qui, une fois la messe termin\u00e9e, ne sont pas jet\u00e9es. Elles sont conserv\u00e9es et apport\u00e9es \u00e0 l&rsquo;\u00e9glise afin d&rsquo;\u00eatre br\u00fbl\u00e9es et leurs restes utilis\u00e9s pour marquer le d\u00e9but du Car\u00eame l&rsquo;ann\u00e9e suivante, le mercredi des Cendres.<\/p>\n\n\n\n<p>Les activit\u00e9s pastorales, qui sont men\u00e9es dans un but de conseil spirituel, commencent le lundi saint avec la Via Matris, une \u00e9tape du chemin de foi et de douleur sur lequel la Vierge a march\u00e9 du Saint-S\u00e9pulcre jusqu&rsquo;\u00e0 son foyer. Le mardi, elles se poursuivent avec le c\u00e9l\u00e8bre Via Crucis, la crucifixion de J\u00e9sus. Il s&rsquo;agit d&rsquo;une dramatisation o\u00f9 les ap\u00f4tres, les Romains, entre autres personnages, commencent \u00e0 prendre vie gr\u00e2ce aux com\u00e9diens qui les recr\u00e9ent. Le chemin comprend 14 stations, qui nous conduisent de la capture de J\u00e9sus au supplice, \u00e0 l&rsquo;ensevelissement et \u00e0 la r\u00e9surrection ult\u00e9rieure du Sauveur. Chaque passage permet aux croyants de m\u00e9diter, de lire un \u00e9vangile et de trouver un enseignement qui exprime l&rsquo;id\u00e9e qu&rsquo;il existe toujours un chemin malgr\u00e9 les vicissitudes de la vie. Le mercredi a lieu la procession de l&rsquo;arrestation o\u00f9 les gens viennent \u00a0\u00bb \u00e9pingler \u00a0\u00bb J\u00e9sus pour continuer le lendemain avec la messe chrismale. Cette messe est offici\u00e9e par l&rsquo;\u00e9v\u00eaque qui fait l&rsquo;onction du chr\u00eame, l&rsquo;une des huiles saintes utilis\u00e9es dans les rites de l&rsquo;\u00c9glise catholique. La procession de la rencontre de la Vierge Marie et du Christ ressuscit\u00e9, la c\u00e9l\u00e9bration de la Passion du Seigneur et la procession du Saint Enterrement sont des activit\u00e9s du Vendredi saint. Le samedi, les fid\u00e8les font v\u0153u de silence pour se pr\u00e9parer \u00e0 la Veill\u00e9e pascale, qui comprend trois parties importantes : la c\u00e9l\u00e9bration du feu nouveau, la liturgie de la parole et la liturgie baptismale. Tout cela culmine le dimanche de P\u00e2ques.<\/p>\n\n\n\n<p>En revanche, la Lagarteada &#8211; une tradition autrefois pratiqu\u00e9e dans la communaut\u00e9 Ortega de Santa Cruz, dans le Guanacaste, qui consistait \u00e0 capturer le plus grand crocodile pour l&rsquo;exposer le Vendredi saint &#8211; est d\u00e9sormais totalement interdite car contraire \u00e0 la vocation \u00e9cologique du pays. Il a \u00e9t\u00e9 remplac\u00e9 par \u00ab\u00a0Le festival du crocodile\u00a0\u00bb. Allan Barboza du journal \u00ab\u00a0La Voz de Guanacaste\u00a0\u00bb \u00e9crit en 2018 :<\/p>\n\n\n\n<p>\u00ab\u00a0[Il serait tr\u00e8s b\u00e9n\u00e9fique que] gr\u00e2ce au festival, l&rsquo;importance du crocodile pour la culture du peuple d&rsquo;Ortega puisse \u00eatre maintenue en vie, qu&rsquo;un revenu \u00e9conomique important puisse \u00eatre g\u00e9n\u00e9r\u00e9 pour la communaut\u00e9, en particulier pour les femmes, par la vente d&rsquo;aliments traditionnels (tanelas, rosquillas, tortillas, cuajadas\u2026) et d&rsquo;objets artisanaux. Il a \u00e9t\u00e9 question de musique de marimba et de projection de photographies, d&rsquo;excursions d&rsquo;observation des crocodiles dans la rivi\u00e8re et de la projection d&rsquo;un film dans la salle communautaire, le tout avec le soutien du Projet Sacr\u00e9 Crocodile et de SINAC\u00a0\u00bb.<\/p>\n\n\n\n<p>Il s&rsquo;agit donc d&rsquo;une alternative qui pr\u00e9sente le double avantage de pr\u00e9server la culture mais sans porter atteinte \u00e0 aucun animal ou \u00e9cosyst\u00e8me.<\/p>\n\n\n\n<p>D&rsquo;autre part, le Costa Rica est \u00e9galement rempli des odeurs uniques de la cuisine traditionnelle de l&rsquo;\u00e9poque. En raison de l&rsquo;interdiction de la viande, la consommation de poisson augmente, y compris les sardines dans une sauce tomate \u00e9pic\u00e9e comme favori, et des recettes alternatives, comme la soupe de morue. La chaleur de ces journ\u00e9es est utilis\u00e9e pour pr\u00e9parer du pain ou des p\u00e2tisseries faits maison, comme les empanadas au miel de chiverre, les bizcochos et les tamales grill\u00e9s. Les zones plus rurales sont remplies d&rsquo;une vari\u00e9t\u00e9 de picadillos, comme le c\u0153ur de palmier, la papaye et la fleur d&rsquo;itabo, cette derni\u00e8re \u00e9tant c\u00e9l\u00e8bre pour sa floraison sp\u00e9cifique aux mois de mars et avril.<\/p>\n\n\n\n<p><strong>Coutumes oubli\u00e9es<\/strong><\/p>\n\n\n\n<p>Au si\u00e8cle dernier, il y avait une paralysie presque totale du pays \u00e0 P\u00e2ques. L&rsquo;une des curiosit\u00e9s oubli\u00e9es aujourd&rsquo;hui est l&rsquo;application stricte de la Ley Seca (\u00ab\u00a0loi S\u00e8che\u00a0\u00bb) \u00e0 cette \u00e9poque. Cette loi interdisait la vente d&rsquo;alcool dans tout le pays pendant les jours saints. Actuellement, l&rsquo;article 26 de la loi sur les alcools donne aux conseils municipaux le pouvoir de r\u00e9glementer la vente et la consommation d&rsquo;alcools les jours de f\u00eates civiques ou cantonales. Bien que le nombre de cantons qui appliquent cette mesure \u00e0 P\u00e2ques ait diminu\u00e9, il y en a encore qui l&rsquo;appliquent, interdisant l&rsquo;achat et la vente de boissons alcoolis\u00e9es \u00e0 ces dates. Si en 2021, cinq cantons l&rsquo;ont mise en \u0153uvre, en 2022, seul Alajuelita a appliqu\u00e9 la Ley Seca.<\/p>\n\n\n\n<p>L&rsquo;origine de cette interdiction remonte \u00e0 des croyances religieuses. Si l&rsquo;on croit qu&rsquo;il ne faut pas se baigner le jeudi saint ou le vendredi saint de peur de se noyer, on pense aussi que les vrais fid\u00e8les ne boivent pas d&rsquo;alcool pendant le deuil. Puisque P\u00e2ques comm\u00e9more la mort de J\u00e9sus, la vente et la consommation d&rsquo;alcool d\u00e9valorisent son sacrifice.<\/p>\n\n\n\n<p>Comme une grande partie de la population est en vacances et que c&rsquo;est la saison s\u00e8che au Costa Rica, les plages deviennent la destination de choix. Il est fr\u00e9quent que les routes menant \u00e0 la c\u00f4te soient satur\u00e9es de v\u00e9hicules, notamment le jeudi saint et le dimanche de P\u00e2ques. Pendant la semaine sainte, le soleil est en position z\u00e9nithale, ce qui cr\u00e9e des conditions plus chaudes et plus s\u00e8ches. Ce temps est favorable au remplissage des h\u00f4tels de plage, la mer et les piscines, mais il permet aussi processions r\u00e9ussies, sans risque d&rsquo;\u00eatre g\u00e2ch\u00e9es par la pluie.<\/p>\n\n\n\n<p>En 2020 et 2021, les \u00e9glises ont \u00e9t\u00e9 affect\u00e9es par la suspension de tous les \u00e9v\u00e9nements \u00e0 la suite de la pand\u00e9mie de COVID-19. Certaines communaut\u00e9s ont eu recours \u00e0 l&rsquo;inventivit\u00e9, le clerg\u00e9 effectuant une tourn\u00e9e en voiture avec des haut-parleurs dans toute la communaut\u00e9, transportant des images religieuses \u00e0 l&rsquo;arri\u00e8re de camionnettes et d\u00e9posant une feuille de palmier \u00e0 la porte de chaque maison. Les messes \u00e9taient diffus\u00e9es virtuellement, r\u00e9duisant ainsi le caract\u00e8re convivial des c\u00e9l\u00e9brations. Heureusement, en 2022, le retour des processions a \u00e9t\u00e9 approuv\u00e9 et la semaine sainte revient lentement \u00e0 la normale.<\/p>\n\n\n\n<p><strong>En bref :<\/strong><\/p>\n\n\n\n<ul class=\"wp-block-list\"><li>La semaine sainte est c\u00e9l\u00e9br\u00e9e au niveau national au Costa Rica, ce qui modifie les activit\u00e9s, les repas et les horaires.<\/li><li> Les activit\u00e9s caract\u00e9ristiques de la semaine sainte sont la b\u00e9n\u00e9diction des palmes, les processions de la Via Crucis et le festival du l\u00e9zard.<\/li><li>Aujourd&rsquo;hui, la Ley Seca est tomb\u00e9e en d\u00e9su\u00e9tude et les visites de vacances sur les plages sont tr\u00e8s courantes.<\/li><\/ul>\n\n\n\n<p><strong>Bibliographie<\/strong>:<\/p>\n\n\n\n<p><a href=\"https:\/\/www.ngenespanol.com\/traveler\/por-que-la-semana-santa-cambia-de-fecha\/#:~:text=C'est%20ce%20que%2C%20accorde%20\u00e0%20coincider%20avec%20ce%20lune%20pleine.\">https:\/\/www.ngenespanol.com\/traveler\/por-que-la-semana-santa-cambia-de-fecha\/#:~:text=C&rsquo;est%20ce%20que%2C%20accorde%20\u00e0%20coincider%20avec%20ce%20lune%20pleine.<\/a><\/p>\n\n\n\n<p><a href=\"https:\/\/www.mtss.go.cr\/prensa\/comunicados\/2021\/marzo\/cp_08_2021.html\">https:\/\/www.mtss.go.cr\/prensa\/comunicados\/2021\/marzo\/cp_08_2021.html<\/a><\/p>\n\n\n\n<p>http:\/\/www.pgrweb.go.cr\/scij\/Busqueda\/Normativa\/Normas\/nrm_texto_completo.aspx?nValor1=1&#038;nValor2=73058<\/p>\n\n\n\n<p><a href=\"https:\/\/www.crhoy.com\/nacionales\/por-que-hace-tanto-calor-en-semana-santa\">https:\/\/www.crhoy.com\/nacionales\/por-que-hace-tanto-calor-en-semana-santa<\/a><\/p>\n\n\n\n<p><a href=\"https:\/\/es.wikipedia.org\/wiki\/V%C3%ADa_crucis#:~:text=Also%C3%A9n%20known%20as%20%22stations%20of,on%20their%20way%20to%20Calvary.\">https:\/\/es.wikipedia.org\/wiki\/V%C3%ADa_crucis#:~:text=Also%C3%A9n%20known%20as%20%22stations%20of,on%20their%20way%20to%20Calvary.<\/a><\/p>\n\n\n\n<p><strong>Les auteures <\/strong>:<br>Angie Loveday et Zelda Walters<br>pour SST<br>www.sensorialsunsets.com<\/p>\n","protected":false},"excerpt":{"rendered":"<p>Pendant la semaine sainte, au Costa Rica, on organise une s\u00e9rie de c\u00e9l\u00e9brations religieuses correspondant aux diff\u00e9rentes \u00e9tapes de la Passion du Christ. Chaque ann\u00e9e, entre les mois de mars et d&rsquo;avril, on c\u00e9l\u00e8bre la semaine sainte. Il s&rsquo;agit d&rsquo;une s\u00e9rie de dates comm\u00e9moratives religieuses dont les dates varient d&rsquo;ann\u00e9e en ann\u00e9e. En effet, elles [&hellip;]<\/p>\n","protected":false},"author":5,"featured_media":1342,"comment_status":"closed","ping_status":"closed","sticky":false,"template":"","format":"standard","meta":{"_acf_changed":false,"inline_featured_image":false,"_monsterinsights_skip_tracking":false,"_monsterinsights_sitenote_active":false,"_monsterinsights_sitenote_note":"","_monsterinsights_sitenote_category":0,"footnotes":""},"categories":[28,27,87,74],"tags":[],"class_list":["post-1346","post","type-post","status-publish","format-standard","has-post-thumbnail","hentry","category-costa-rica","category-culture","category-religion","category-societe"],"acf":[],"yoast_head":"<!-- This site is optimized with the Yoast SEO plugin v27.4 - https:\/\/yoast.com\/product\/yoast-seo-wordpress\/ -->\n<title>Les c\u00e9l\u00e9brations de la Semaine sainte : l&#039;une des traditions les plus profond\u00e9ment ancr\u00e9es dans la culture costaricienne - SensorialSunsets<\/title>\n<meta name=\"robots\" content=\"index, follow, max-snippet:-1, max-image-preview:large, max-video-preview:-1\" \/>\n<link rel=\"canonical\" href=\"https:\/\/www.sensorialsunsets.com\/fr\/la-semaine-sainte-lune-des-traditions-les-plus-fortes-au-costa-rica\/\" \/>\n<meta property=\"og:locale\" content=\"fr_FR\" \/>\n<meta property=\"og:type\" content=\"article\" \/>\n<meta property=\"og:title\" content=\"Les c\u00e9l\u00e9brations de la Semaine sainte : l&#039;une des traditions les plus profond\u00e9ment ancr\u00e9es dans la culture costaricienne - SensorialSunsets\" \/>\n<meta property=\"og:description\" content=\"Pendant la semaine sainte, au Costa Rica, on organise une s\u00e9rie de c\u00e9l\u00e9brations religieuses correspondant aux diff\u00e9rentes \u00e9tapes de la Passion du Christ. Chaque ann\u00e9e, entre les mois de mars et d&rsquo;avril, on c\u00e9l\u00e8bre la semaine sainte. Il s&rsquo;agit d&rsquo;une s\u00e9rie de dates comm\u00e9moratives religieuses dont les dates varient d&rsquo;ann\u00e9e en ann\u00e9e. En effet, elles [&hellip;]\" \/>\n<meta property=\"og:url\" content=\"https:\/\/www.sensorialsunsets.com\/fr\/la-semaine-sainte-lune-des-traditions-les-plus-fortes-au-costa-rica\/\" \/>\n<meta property=\"og:site_name\" content=\"SensorialSunsets\" \/>\n<meta property=\"article:publisher\" content=\"https:\/\/www.facebook.com\/Sensorial-Sunsets-109180614715562\" \/>\n<meta property=\"article:published_time\" content=\"2022-03-25T16:33:07+00:00\" \/>\n<meta property=\"article:modified_time\" content=\"2022-04-26T20:18:49+00:00\" \/>\n<meta property=\"og:image\" content=\"https:\/\/www.sensorialsunsets.com\/wp-content\/uploads\/2022\/03\/semana-santa.jpg\" \/>\n\t<meta property=\"og:image:width\" content=\"640\" \/>\n\t<meta property=\"og:image:height\" content=\"427\" \/>\n\t<meta property=\"og:image:type\" content=\"image\/jpeg\" \/>\n<meta name=\"author\" content=\"Marian Barrantes\" \/>\n<meta name=\"twitter:card\" content=\"summary_large_image\" \/>\n<meta name=\"twitter:label1\" content=\"\u00c9crit par\" \/>\n\t<meta name=\"twitter:data1\" content=\"Marian Barrantes\" \/>\n\t<meta name=\"twitter:label2\" content=\"Dur\u00e9e de lecture estim\u00e9e\" \/>\n\t<meta name=\"twitter:data2\" content=\"7 minutes\" \/>\n<script type=\"application\/ld+json\" class=\"yoast-schema-graph\">{\"@context\":\"https:\\\/\\\/schema.org\",\"@graph\":[{\"@type\":\"Article\",\"@id\":\"https:\\\/\\\/www.sensorialsunsets.com\\\/fr\\\/la-semaine-sainte-lune-des-traditions-les-plus-fortes-au-costa-rica\\\/#article\",\"isPartOf\":{\"@id\":\"https:\\\/\\\/www.sensorialsunsets.com\\\/fr\\\/la-semaine-sainte-lune-des-traditions-les-plus-fortes-au-costa-rica\\\/\"},\"author\":{\"name\":\"Marian Barrantes\",\"@id\":\"https:\\\/\\\/www.sensorialsunsets.com\\\/fr\\\/#\\\/schema\\\/person\\\/a8336a4dbeee633f087a194db2ca482f\"},\"headline\":\"Les c\u00e9l\u00e9brations de la Semaine sainte : l&rsquo;une des traditions les plus profond\u00e9ment ancr\u00e9es dans la culture costaricienne\",\"datePublished\":\"2022-03-25T16:33:07+00:00\",\"dateModified\":\"2022-04-26T20:18:49+00:00\",\"mainEntityOfPage\":{\"@id\":\"https:\\\/\\\/www.sensorialsunsets.com\\\/fr\\\/la-semaine-sainte-lune-des-traditions-les-plus-fortes-au-costa-rica\\\/\"},\"wordCount\":1699,\"publisher\":{\"@id\":\"https:\\\/\\\/www.sensorialsunsets.com\\\/fr\\\/#organization\"},\"image\":{\"@id\":\"https:\\\/\\\/www.sensorialsunsets.com\\\/fr\\\/la-semaine-sainte-lune-des-traditions-les-plus-fortes-au-costa-rica\\\/#primaryimage\"},\"thumbnailUrl\":\"https:\\\/\\\/www.sensorialsunsets.com\\\/wp-content\\\/uploads\\\/2022\\\/03\\\/semana-santa.jpg\",\"articleSection\":[\"Costa Rica\",\"Culture\",\"Religion\",\"Soci\u00e9t\u00e9\"],\"inLanguage\":\"fr-FR\"},{\"@type\":\"WebPage\",\"@id\":\"https:\\\/\\\/www.sensorialsunsets.com\\\/fr\\\/la-semaine-sainte-lune-des-traditions-les-plus-fortes-au-costa-rica\\\/\",\"url\":\"https:\\\/\\\/www.sensorialsunsets.com\\\/fr\\\/la-semaine-sainte-lune-des-traditions-les-plus-fortes-au-costa-rica\\\/\",\"name\":\"Les c\u00e9l\u00e9brations de la Semaine sainte : l'une des traditions les plus profond\u00e9ment ancr\u00e9es dans la culture costaricienne - SensorialSunsets\",\"isPartOf\":{\"@id\":\"https:\\\/\\\/www.sensorialsunsets.com\\\/fr\\\/#website\"},\"primaryImageOfPage\":{\"@id\":\"https:\\\/\\\/www.sensorialsunsets.com\\\/fr\\\/la-semaine-sainte-lune-des-traditions-les-plus-fortes-au-costa-rica\\\/#primaryimage\"},\"image\":{\"@id\":\"https:\\\/\\\/www.sensorialsunsets.com\\\/fr\\\/la-semaine-sainte-lune-des-traditions-les-plus-fortes-au-costa-rica\\\/#primaryimage\"},\"thumbnailUrl\":\"https:\\\/\\\/www.sensorialsunsets.com\\\/wp-content\\\/uploads\\\/2022\\\/03\\\/semana-santa.jpg\",\"datePublished\":\"2022-03-25T16:33:07+00:00\",\"dateModified\":\"2022-04-26T20:18:49+00:00\",\"inLanguage\":\"fr-FR\",\"potentialAction\":[{\"@type\":\"ReadAction\",\"target\":[\"https:\\\/\\\/www.sensorialsunsets.com\\\/fr\\\/la-semaine-sainte-lune-des-traditions-les-plus-fortes-au-costa-rica\\\/\"]}]},{\"@type\":\"ImageObject\",\"inLanguage\":\"fr-FR\",\"@id\":\"https:\\\/\\\/www.sensorialsunsets.com\\\/fr\\\/la-semaine-sainte-lune-des-traditions-les-plus-fortes-au-costa-rica\\\/#primaryimage\",\"url\":\"https:\\\/\\\/www.sensorialsunsets.com\\\/wp-content\\\/uploads\\\/2022\\\/03\\\/semana-santa.jpg\",\"contentUrl\":\"https:\\\/\\\/www.sensorialsunsets.com\\\/wp-content\\\/uploads\\\/2022\\\/03\\\/semana-santa.jpg\",\"width\":640,\"height\":427},{\"@type\":\"WebSite\",\"@id\":\"https:\\\/\\\/www.sensorialsunsets.com\\\/fr\\\/#website\",\"url\":\"https:\\\/\\\/www.sensorialsunsets.com\\\/fr\\\/\",\"name\":\"SensorialSunsets.com\",\"description\":\"D\u00e9couvrez la culture et la soci\u00e9t\u00e9 du Costa Rica sur notre blog. Explorez des articles captivants et partagez le contenu.\",\"publisher\":{\"@id\":\"https:\\\/\\\/www.sensorialsunsets.com\\\/fr\\\/#organization\"},\"alternateName\":\"Costa Rica Live Blog\",\"potentialAction\":[{\"@type\":\"SearchAction\",\"target\":{\"@type\":\"EntryPoint\",\"urlTemplate\":\"https:\\\/\\\/www.sensorialsunsets.com\\\/fr\\\/?s={search_term_string}\"},\"query-input\":{\"@type\":\"PropertyValueSpecification\",\"valueRequired\":true,\"valueName\":\"search_term_string\"}}],\"inLanguage\":\"fr-FR\"},{\"@type\":\"Organization\",\"@id\":\"https:\\\/\\\/www.sensorialsunsets.com\\\/fr\\\/#organization\",\"name\":\"SensorialSunsets\",\"url\":\"https:\\\/\\\/www.sensorialsunsets.com\\\/fr\\\/\",\"logo\":{\"@type\":\"ImageObject\",\"inLanguage\":\"fr-FR\",\"@id\":\"https:\\\/\\\/www.sensorialsunsets.com\\\/fr\\\/#\\\/schema\\\/logo\\\/image\\\/\",\"url\":\"https:\\\/\\\/www.sensorialsunsets.com\\\/wp-content\\\/uploads\\\/2023\\\/04\\\/Logo_base_line_fond_clair.svg\",\"contentUrl\":\"https:\\\/\\\/www.sensorialsunsets.com\\\/wp-content\\\/uploads\\\/2023\\\/04\\\/Logo_base_line_fond_clair.svg\",\"width\":\"1024\",\"height\":\"1024\",\"caption\":\"SensorialSunsets\"},\"image\":{\"@id\":\"https:\\\/\\\/www.sensorialsunsets.com\\\/fr\\\/#\\\/schema\\\/logo\\\/image\\\/\"},\"sameAs\":[\"https:\\\/\\\/www.facebook.com\\\/Sensorial-Sunsets-109180614715562\",\"https:\\\/\\\/www.instagram.com\\\/sensorialsunsets\\\/\"]},{\"@type\":\"Person\",\"@id\":\"https:\\\/\\\/www.sensorialsunsets.com\\\/fr\\\/#\\\/schema\\\/person\\\/a8336a4dbeee633f087a194db2ca482f\",\"name\":\"Marian Barrantes\",\"image\":{\"@type\":\"ImageObject\",\"inLanguage\":\"fr-FR\",\"@id\":\"https:\\\/\\\/secure.gravatar.com\\\/avatar\\\/fafbfab67eb28029818d03f44e3037bd798e04434d8d5c0cfc2eea8ec2882a22?s=96&d=mm&r=g\",\"url\":\"https:\\\/\\\/secure.gravatar.com\\\/avatar\\\/fafbfab67eb28029818d03f44e3037bd798e04434d8d5c0cfc2eea8ec2882a22?s=96&d=mm&r=g\",\"contentUrl\":\"https:\\\/\\\/secure.gravatar.com\\\/avatar\\\/fafbfab67eb28029818d03f44e3037bd798e04434d8d5c0cfc2eea8ec2882a22?s=96&d=mm&r=g\",\"caption\":\"Marian Barrantes\"},\"sameAs\":[\"https:\\\/\\\/www.sensorialsunsets.com\"],\"url\":\"https:\\\/\\\/www.sensorialsunsets.com\\\/fr\\\/author\\\/mbarrantes\\\/\"}]}<\/script>\n<!-- \/ Yoast SEO plugin. -->","yoast_head_json":{"title":"Les c\u00e9l\u00e9brations de la Semaine sainte : l'une des traditions les plus profond\u00e9ment ancr\u00e9es dans la culture costaricienne - SensorialSunsets","robots":{"index":"index","follow":"follow","max-snippet":"max-snippet:-1","max-image-preview":"max-image-preview:large","max-video-preview":"max-video-preview:-1"},"canonical":"https:\/\/www.sensorialsunsets.com\/fr\/la-semaine-sainte-lune-des-traditions-les-plus-fortes-au-costa-rica\/","og_locale":"fr_FR","og_type":"article","og_title":"Les c\u00e9l\u00e9brations de la Semaine sainte : l'une des traditions les plus profond\u00e9ment ancr\u00e9es dans la culture costaricienne - SensorialSunsets","og_description":"Pendant la semaine sainte, au Costa Rica, on organise une s\u00e9rie de c\u00e9l\u00e9brations religieuses correspondant aux diff\u00e9rentes \u00e9tapes de la Passion du Christ. Chaque ann\u00e9e, entre les mois de mars et d&rsquo;avril, on c\u00e9l\u00e8bre la semaine sainte. Il s&rsquo;agit d&rsquo;une s\u00e9rie de dates comm\u00e9moratives religieuses dont les dates varient d&rsquo;ann\u00e9e en ann\u00e9e. En effet, elles [&hellip;]","og_url":"https:\/\/www.sensorialsunsets.com\/fr\/la-semaine-sainte-lune-des-traditions-les-plus-fortes-au-costa-rica\/","og_site_name":"SensorialSunsets","article_publisher":"https:\/\/www.facebook.com\/Sensorial-Sunsets-109180614715562","article_published_time":"2022-03-25T16:33:07+00:00","article_modified_time":"2022-04-26T20:18:49+00:00","og_image":[{"width":640,"height":427,"url":"https:\/\/www.sensorialsunsets.com\/wp-content\/uploads\/2022\/03\/semana-santa.jpg","type":"image\/jpeg"}],"author":"Marian Barrantes","twitter_card":"summary_large_image","twitter_misc":{"\u00c9crit par":"Marian Barrantes","Dur\u00e9e de lecture estim\u00e9e":"7 minutes"},"schema":{"@context":"https:\/\/schema.org","@graph":[{"@type":"Article","@id":"https:\/\/www.sensorialsunsets.com\/fr\/la-semaine-sainte-lune-des-traditions-les-plus-fortes-au-costa-rica\/#article","isPartOf":{"@id":"https:\/\/www.sensorialsunsets.com\/fr\/la-semaine-sainte-lune-des-traditions-les-plus-fortes-au-costa-rica\/"},"author":{"name":"Marian Barrantes","@id":"https:\/\/www.sensorialsunsets.com\/fr\/#\/schema\/person\/a8336a4dbeee633f087a194db2ca482f"},"headline":"Les c\u00e9l\u00e9brations de la Semaine sainte : l&rsquo;une des traditions les plus profond\u00e9ment ancr\u00e9es dans la culture costaricienne","datePublished":"2022-03-25T16:33:07+00:00","dateModified":"2022-04-26T20:18:49+00:00","mainEntityOfPage":{"@id":"https:\/\/www.sensorialsunsets.com\/fr\/la-semaine-sainte-lune-des-traditions-les-plus-fortes-au-costa-rica\/"},"wordCount":1699,"publisher":{"@id":"https:\/\/www.sensorialsunsets.com\/fr\/#organization"},"image":{"@id":"https:\/\/www.sensorialsunsets.com\/fr\/la-semaine-sainte-lune-des-traditions-les-plus-fortes-au-costa-rica\/#primaryimage"},"thumbnailUrl":"https:\/\/www.sensorialsunsets.com\/wp-content\/uploads\/2022\/03\/semana-santa.jpg","articleSection":["Costa Rica","Culture","Religion","Soci\u00e9t\u00e9"],"inLanguage":"fr-FR"},{"@type":"WebPage","@id":"https:\/\/www.sensorialsunsets.com\/fr\/la-semaine-sainte-lune-des-traditions-les-plus-fortes-au-costa-rica\/","url":"https:\/\/www.sensorialsunsets.com\/fr\/la-semaine-sainte-lune-des-traditions-les-plus-fortes-au-costa-rica\/","name":"Les c\u00e9l\u00e9brations de la Semaine sainte : l'une des traditions les plus profond\u00e9ment ancr\u00e9es dans la culture costaricienne - SensorialSunsets","isPartOf":{"@id":"https:\/\/www.sensorialsunsets.com\/fr\/#website"},"primaryImageOfPage":{"@id":"https:\/\/www.sensorialsunsets.com\/fr\/la-semaine-sainte-lune-des-traditions-les-plus-fortes-au-costa-rica\/#primaryimage"},"image":{"@id":"https:\/\/www.sensorialsunsets.com\/fr\/la-semaine-sainte-lune-des-traditions-les-plus-fortes-au-costa-rica\/#primaryimage"},"thumbnailUrl":"https:\/\/www.sensorialsunsets.com\/wp-content\/uploads\/2022\/03\/semana-santa.jpg","datePublished":"2022-03-25T16:33:07+00:00","dateModified":"2022-04-26T20:18:49+00:00","inLanguage":"fr-FR","potentialAction":[{"@type":"ReadAction","target":["https:\/\/www.sensorialsunsets.com\/fr\/la-semaine-sainte-lune-des-traditions-les-plus-fortes-au-costa-rica\/"]}]},{"@type":"ImageObject","inLanguage":"fr-FR","@id":"https:\/\/www.sensorialsunsets.com\/fr\/la-semaine-sainte-lune-des-traditions-les-plus-fortes-au-costa-rica\/#primaryimage","url":"https:\/\/www.sensorialsunsets.com\/wp-content\/uploads\/2022\/03\/semana-santa.jpg","contentUrl":"https:\/\/www.sensorialsunsets.com\/wp-content\/uploads\/2022\/03\/semana-santa.jpg","width":640,"height":427},{"@type":"WebSite","@id":"https:\/\/www.sensorialsunsets.com\/fr\/#website","url":"https:\/\/www.sensorialsunsets.com\/fr\/","name":"SensorialSunsets.com","description":"D\u00e9couvrez la culture et la soci\u00e9t\u00e9 du Costa Rica sur notre blog. Explorez des articles captivants et partagez le contenu.","publisher":{"@id":"https:\/\/www.sensorialsunsets.com\/fr\/#organization"},"alternateName":"Costa Rica Live Blog","potentialAction":[{"@type":"SearchAction","target":{"@type":"EntryPoint","urlTemplate":"https:\/\/www.sensorialsunsets.com\/fr\/?s={search_term_string}"},"query-input":{"@type":"PropertyValueSpecification","valueRequired":true,"valueName":"search_term_string"}}],"inLanguage":"fr-FR"},{"@type":"Organization","@id":"https:\/\/www.sensorialsunsets.com\/fr\/#organization","name":"SensorialSunsets","url":"https:\/\/www.sensorialsunsets.com\/fr\/","logo":{"@type":"ImageObject","inLanguage":"fr-FR","@id":"https:\/\/www.sensorialsunsets.com\/fr\/#\/schema\/logo\/image\/","url":"https:\/\/www.sensorialsunsets.com\/wp-content\/uploads\/2023\/04\/Logo_base_line_fond_clair.svg","contentUrl":"https:\/\/www.sensorialsunsets.com\/wp-content\/uploads\/2023\/04\/Logo_base_line_fond_clair.svg","width":"1024","height":"1024","caption":"SensorialSunsets"},"image":{"@id":"https:\/\/www.sensorialsunsets.com\/fr\/#\/schema\/logo\/image\/"},"sameAs":["https:\/\/www.facebook.com\/Sensorial-Sunsets-109180614715562","https:\/\/www.instagram.com\/sensorialsunsets\/"]},{"@type":"Person","@id":"https:\/\/www.sensorialsunsets.com\/fr\/#\/schema\/person\/a8336a4dbeee633f087a194db2ca482f","name":"Marian Barrantes","image":{"@type":"ImageObject","inLanguage":"fr-FR","@id":"https:\/\/secure.gravatar.com\/avatar\/fafbfab67eb28029818d03f44e3037bd798e04434d8d5c0cfc2eea8ec2882a22?s=96&d=mm&r=g","url":"https:\/\/secure.gravatar.com\/avatar\/fafbfab67eb28029818d03f44e3037bd798e04434d8d5c0cfc2eea8ec2882a22?s=96&d=mm&r=g","contentUrl":"https:\/\/secure.gravatar.com\/avatar\/fafbfab67eb28029818d03f44e3037bd798e04434d8d5c0cfc2eea8ec2882a22?s=96&d=mm&r=g","caption":"Marian Barrantes"},"sameAs":["https:\/\/www.sensorialsunsets.com"],"url":"https:\/\/www.sensorialsunsets.com\/fr\/author\/mbarrantes\/"}]}},"_links":{"self":[{"href":"https:\/\/www.sensorialsunsets.com\/fr\/wp-json\/wp\/v2\/posts\/1346","targetHints":{"allow":["GET"]}}],"collection":[{"href":"https:\/\/www.sensorialsunsets.com\/fr\/wp-json\/wp\/v2\/posts"}],"about":[{"href":"https:\/\/www.sensorialsunsets.com\/fr\/wp-json\/wp\/v2\/types\/post"}],"author":[{"embeddable":true,"href":"https:\/\/www.sensorialsunsets.com\/fr\/wp-json\/wp\/v2\/users\/5"}],"replies":[{"embeddable":true,"href":"https:\/\/www.sensorialsunsets.com\/fr\/wp-json\/wp\/v2\/comments?post=1346"}],"version-history":[{"count":0,"href":"https:\/\/www.sensorialsunsets.com\/fr\/wp-json\/wp\/v2\/posts\/1346\/revisions"}],"wp:featuredmedia":[{"embeddable":true,"href":"https:\/\/www.sensorialsunsets.com\/fr\/wp-json\/wp\/v2\/media\/1342"}],"wp:attachment":[{"href":"https:\/\/www.sensorialsunsets.com\/fr\/wp-json\/wp\/v2\/media?parent=1346"}],"wp:term":[{"taxonomy":"category","embeddable":true,"href":"https:\/\/www.sensorialsunsets.com\/fr\/wp-json\/wp\/v2\/categories?post=1346"},{"taxonomy":"post_tag","embeddable":true,"href":"https:\/\/www.sensorialsunsets.com\/fr\/wp-json\/wp\/v2\/tags?post=1346"}],"curies":[{"name":"wp","href":"https:\/\/api.w.org\/{rel}","templated":true}]}}