{"id":13852,"date":"2024-01-24T10:54:32","date_gmt":"2024-01-24T16:54:32","guid":{"rendered":"https:\/\/www.sensorialsunsets.com\/?p=13852"},"modified":"2024-01-24T10:54:32","modified_gmt":"2024-01-24T16:54:32","slug":"preambulo-culturel-un-week-end-cinematographique-dans-la-salle-gomez-miralles","status":"publish","type":"post","link":"https:\/\/www.sensorialsunsets.com\/fr\/preambulo-culturel-un-week-end-cinematographique-dans-la-salle-gomez-miralles\/","title":{"rendered":"Pr\u00e9ambulo Culturel : un week-end cin\u00e9matographique dans la salle G\u00f3mez Miralles"},"content":{"rendered":"\n<p>Les 25, 26 et 27 janvier prochains, <a href=\"https:\/\/www.centrodecine.go.cr\/agenda\/preambulo-presenta-pantalla-chica-segunda-oportunidad\">le programme Pre\u00e1mbulo<\/a> continue de captiver les cin\u00e9philes au cin\u00e9ma G\u00f3mez Miralles. De plus en plus, cet \u00e9v\u00e9nement culturel s&rsquo;est impos\u00e9 comme une vitrine pour appr\u00e9cier des productions cin\u00e9matographiques nationales et internationales de qualit\u00e9.<\/p>\n\n<h3 class=\"wp-block-heading has-cyan-bluish-gray-color has-text-color has-link-color wp-elements-5eb146240c37cb7dc005083b830d6cc7\">Pr\u00e9ambulo nuit d\u2019ouverture\u00a0: <em>J\u2019ai des r\u00eaves \u00e9lectriques<\/em><\/h3>\n\n<p>Le jeudi 25\u00a0janvier, \u00e0 19 heures, la multipremiada <em><a href=\"https:\/\/www.sensorialsunsets.com\/que-film-estengo-suenos-electricos\/\">J\u2019ai des R\u00eaves \u00c9lectriques<\/a><\/em> de Valentina Maurel marquera le d\u00e9but des fonctions. L\u2019histoire suit Eva, qui fait face \u00e0 la difficile d\u00e9cision d\u2019emm\u00e9nager avec son p\u00e8re au milieu de la r\u00e9forme propos\u00e9e par sa m\u00e8re. Le film, adapt\u00e9 pour les plus de 18 ans, explore les complexit\u00e9s familiales avec un m\u00e9lange d\u2019humour et de drame.<\/p>\n\n<h3 class=\"wp-block-heading has-cyan-bluish-gray-color has-text-color has-link-color wp-elements-ef62e82373c657052bbe037027320ddd\">Deuxi\u00e8me jour : <em>Orbit<\/em> et <em>Exil familial<\/em>.<\/h3>\n\n<p>Le vendredi 26 janvier, \u00e0 partir de 19 heures, le documentaire \u00ab\u00a0\u00d3rbita\u00a0\u00bb de Clea Epelling. Cette histoire nous emm\u00e8ne \u00e0 l&rsquo;int\u00e9rieur d&rsquo;une famille qui, suite au coup d&rsquo;\u00c9tat de 1973, est forc\u00e9e de quitter le Chili. Clea entreprend un voyage \u00e9mouvant au Chili pour d\u00e9couvrir le pass\u00e9 de la famille, en explorant le sentiment d&rsquo;appartenance et l&rsquo;impact des \u00e9v\u00e9nements politiques sur les g\u00e9n\u00e9rations futures. Une pi\u00e8ce recommand\u00e9e pour tous les publics.<\/p>\n\n<h3 class=\"wp-block-heading has-cyan-bluish-gray-color has-text-color has-link-color wp-elements-bd9e7c86d895c3a895d3578831673b69\">Samedi en famille : Le serpent blanc et Balad\u00ed Aldaia<\/h3>\n\n<p>Le samedi 27 janvier, \u00e0 16h, les enfants pourront appr\u00e9cier \u00a0\u00bb Le serpent blanc \u00a0\u00bb d&rsquo;Amp Wong et Zhao Ji Ping (Chine, 2019). Pour les plus de 12 ans, \u00e0 19h, le documentaire \u00ab\u00a0Balad\u00ed Aldaia\u00a0\u00bb d&rsquo;Ishtar Yasin Guti\u00e9rrez. Ce documentaire m\u00eale racines arabes et latino-am\u00e9ricaines dans une histoire touchante entre un p\u00e8re et sa fille.<\/p>\n\n<figure class=\"wp-block-gallery has-nested-images columns-default is-cropped wp-block-gallery-1 is-layout-flex wp-block-gallery-is-layout-flex\">\n<figure class=\"wp-block-image size-large\"><img loading=\"lazy\" decoding=\"async\" width=\"1024\" height=\"1024\" data-id=\"13832\" src=\"https:\/\/www.sensorialsunsets.com\/wp-content\/uploads\/2024\/01\/EstasemanaseladedicamosalapasadaediciondelCostaRicaFestivalInternacionaldeCinecontrespeliculascostarricensesimperdibles.Ademasestesabadotendremosotrapeliculaespectacularparalosmasp-1024x1024.jpg\" alt=\"Pre&#xE1;mbulo\" class=\"wp-image-13832\" srcset=\"https:\/\/www.sensorialsunsets.com\/wp-content\/uploads\/2024\/01\/EstasemanaseladedicamosalapasadaediciondelCostaRicaFestivalInternacionaldeCinecontrespeliculascostarricensesimperdibles.Ademasestesabadotendremosotrapeliculaespectacularparalosmasp-1024x1024.jpg 1024w, https:\/\/www.sensorialsunsets.com\/wp-content\/uploads\/2024\/01\/EstasemanaseladedicamosalapasadaediciondelCostaRicaFestivalInternacionaldeCinecontrespeliculascostarricensesimperdibles.Ademasestesabadotendremosotrapeliculaespectacularparalosmasp-300x300.jpg 300w, https:\/\/www.sensorialsunsets.com\/wp-content\/uploads\/2024\/01\/EstasemanaseladedicamosalapasadaediciondelCostaRicaFestivalInternacionaldeCinecontrespeliculascostarricensesimperdibles.Ademasestesabadotendremosotrapeliculaespectacularparalosmasp-150x150.jpg 150w, https:\/\/www.sensorialsunsets.com\/wp-content\/uploads\/2024\/01\/EstasemanaseladedicamosalapasadaediciondelCostaRicaFestivalInternacionaldeCinecontrespeliculascostarricensesimperdibles.Ademasestesabadotendremosotrapeliculaespectacularparalosmasp-768x769.jpg 768w, https:\/\/www.sensorialsunsets.com\/wp-content\/uploads\/2024\/01\/EstasemanaseladedicamosalapasadaediciondelCostaRicaFestivalInternacionaldeCinecontrespeliculascostarricensesimperdibles.Ademasestesabadotendremosotrapeliculaespectacularparalosmasp-50x50.jpg 50w, https:\/\/www.sensorialsunsets.com\/wp-content\/uploads\/2024\/01\/EstasemanaseladedicamosalapasadaediciondelCostaRicaFestivalInternacionaldeCinecontrespeliculascostarricensesimperdibles.Ademasestesabadotendremosotrapeliculaespectacularparalosmasp-117x117.jpg 117w, https:\/\/www.sensorialsunsets.com\/wp-content\/uploads\/2024\/01\/EstasemanaseladedicamosalapasadaediciondelCostaRicaFestivalInternacionaldeCinecontrespeliculascostarricensesimperdibles.Ademasestesabadotendremosotrapeliculaespectacularparalosmasp.jpg 1080w\" sizes=\"auto, (max-width: 1024px) 100vw, 1024px\" \/><\/figure>\n\n\n\n<figure class=\"wp-block-image size-large\"><a href=\"https:\/\/www.instagram.com\/p\/C2aD-HCOEvH\/?img_index=3\"><img loading=\"lazy\" decoding=\"async\" width=\"1024\" height=\"1024\" data-id=\"13829\" src=\"https:\/\/www.sensorialsunsets.com\/wp-content\/uploads\/2024\/01\/EstasemanaseladedicamosalapasadaediciondelCostaRicaFestivalInternacionaldeCinecontrespeliculascostarricensesimperdibles.Ademasestesabadotendremosotrapeliculaespectacularparalosm-1-1024x1024.jpg\" alt=\"Pre&#xE1;mbulo\" class=\"wp-image-13829\" srcset=\"https:\/\/www.sensorialsunsets.com\/wp-content\/uploads\/2024\/01\/EstasemanaseladedicamosalapasadaediciondelCostaRicaFestivalInternacionaldeCinecontrespeliculascostarricensesimperdibles.Ademasestesabadotendremosotrapeliculaespectacularparalosm-1-1024x1024.jpg 1024w, https:\/\/www.sensorialsunsets.com\/wp-content\/uploads\/2024\/01\/EstasemanaseladedicamosalapasadaediciondelCostaRicaFestivalInternacionaldeCinecontrespeliculascostarricensesimperdibles.Ademasestesabadotendremosotrapeliculaespectacularparalosm-1-300x300.jpg 300w, https:\/\/www.sensorialsunsets.com\/wp-content\/uploads\/2024\/01\/EstasemanaseladedicamosalapasadaediciondelCostaRicaFestivalInternacionaldeCinecontrespeliculascostarricensesimperdibles.Ademasestesabadotendremosotrapeliculaespectacularparalosm-1-150x150.jpg 150w, https:\/\/www.sensorialsunsets.com\/wp-content\/uploads\/2024\/01\/EstasemanaseladedicamosalapasadaediciondelCostaRicaFestivalInternacionaldeCinecontrespeliculascostarricensesimperdibles.Ademasestesabadotendremosotrapeliculaespectacularparalosm-1-768x768.jpg 768w, https:\/\/www.sensorialsunsets.com\/wp-content\/uploads\/2024\/01\/EstasemanaseladedicamosalapasadaediciondelCostaRicaFestivalInternacionaldeCinecontrespeliculascostarricensesimperdibles.Ademasestesabadotendremosotrapeliculaespectacularparalosm-1-50x50.jpg 50w, https:\/\/www.sensorialsunsets.com\/wp-content\/uploads\/2024\/01\/EstasemanaseladedicamosalapasadaediciondelCostaRicaFestivalInternacionaldeCinecontrespeliculascostarricensesimperdibles.Ademasestesabadotendremosotrapeliculaespectacularparalosm-1-117x117.jpg 117w, https:\/\/www.sensorialsunsets.com\/wp-content\/uploads\/2024\/01\/EstasemanaseladedicamosalapasadaediciondelCostaRicaFestivalInternacionaldeCinecontrespeliculascostarricensesimperdibles.Ademasestesabadotendremosotrapeliculaespectacularparalosm-1.jpg 1080w\" sizes=\"auto, (max-width: 1024px) 100vw, 1024px\" \/><\/a><\/figure>\n\n\n\n<figure class=\"wp-block-image size-large\"><img loading=\"lazy\" decoding=\"async\" width=\"1024\" height=\"1024\" data-id=\"13826\" src=\"https:\/\/www.sensorialsunsets.com\/wp-content\/uploads\/2024\/01\/EstasemanaseladedicamosalapasadaediciondelCostaRicaFestivalInternacionaldeCinecontrespeliculascostarricensesimperdibles.Ademasestesabadotendremosotrapeliculaespectacularparalosm-2-1024x1024.jpg\" alt=\"Pre&#xE1;mbulo\" class=\"wp-image-13826\" srcset=\"https:\/\/www.sensorialsunsets.com\/wp-content\/uploads\/2024\/01\/EstasemanaseladedicamosalapasadaediciondelCostaRicaFestivalInternacionaldeCinecontrespeliculascostarricensesimperdibles.Ademasestesabadotendremosotrapeliculaespectacularparalosm-2-1024x1024.jpg 1024w, https:\/\/www.sensorialsunsets.com\/wp-content\/uploads\/2024\/01\/EstasemanaseladedicamosalapasadaediciondelCostaRicaFestivalInternacionaldeCinecontrespeliculascostarricensesimperdibles.Ademasestesabadotendremosotrapeliculaespectacularparalosm-2-300x300.jpg 300w, https:\/\/www.sensorialsunsets.com\/wp-content\/uploads\/2024\/01\/EstasemanaseladedicamosalapasadaediciondelCostaRicaFestivalInternacionaldeCinecontrespeliculascostarricensesimperdibles.Ademasestesabadotendremosotrapeliculaespectacularparalosm-2-150x150.jpg 150w, https:\/\/www.sensorialsunsets.com\/wp-content\/uploads\/2024\/01\/EstasemanaseladedicamosalapasadaediciondelCostaRicaFestivalInternacionaldeCinecontrespeliculascostarricensesimperdibles.Ademasestesabadotendremosotrapeliculaespectacularparalosm-2-768x768.jpg 768w, https:\/\/www.sensorialsunsets.com\/wp-content\/uploads\/2024\/01\/EstasemanaseladedicamosalapasadaediciondelCostaRicaFestivalInternacionaldeCinecontrespeliculascostarricensesimperdibles.Ademasestesabadotendremosotrapeliculaespectacularparalosm-2-50x50.jpg 50w, https:\/\/www.sensorialsunsets.com\/wp-content\/uploads\/2024\/01\/EstasemanaseladedicamosalapasadaediciondelCostaRicaFestivalInternacionaldeCinecontrespeliculascostarricensesimperdibles.Ademasestesabadotendremosotrapeliculaespectacularparalosm-2-117x117.jpg 117w, https:\/\/www.sensorialsunsets.com\/wp-content\/uploads\/2024\/01\/EstasemanaseladedicamosalapasadaediciondelCostaRicaFestivalInternacionaldeCinecontrespeliculascostarricensesimperdibles.Ademasestesabadotendremosotrapeliculaespectacularparalosm-2.jpg 1080w\" sizes=\"auto, (max-width: 1024px) 100vw, 1024px\" \/><\/figure>\n<\/figure>\n\n<p>Toutes les projections de Pre\u00e1mbulo sont gratuites, mais il est recommand\u00e9 d&rsquo;arriver au moins 30 minutes \u00e0 l&rsquo;avance en raison de la capacit\u00e9 limit\u00e9e de la salle. Une occasion unique de s&rsquo;immerger dans des r\u00e9cits cin\u00e9matographiques divers et d&rsquo;appr\u00e9cier les talents locaux et internationaux.<\/p>\n","protected":false},"excerpt":{"rendered":"<p>Les 25, 26 et 27 janvier prochains, le programme Pre\u00e1mbulo continue de captiver les cin\u00e9philes au cin\u00e9ma G\u00f3mez Miralles. De plus en plus, cet \u00e9v\u00e9nement culturel s&rsquo;est impos\u00e9 comme une vitrine pour appr\u00e9cier des productions cin\u00e9matographiques nationales et internationales de qualit\u00e9. Pr\u00e9ambulo nuit d\u2019ouverture\u00a0: J\u2019ai des r\u00eaves \u00e9lectriques Le jeudi 25\u00a0janvier, \u00e0 19 heures, la [&hellip;]<\/p>\n","protected":false},"author":4,"featured_media":13840,"comment_status":"closed","ping_status":"closed","sticky":false,"template":"","format":"standard","meta":{"_acf_changed":false,"inline_featured_image":false,"_monsterinsights_skip_tracking":false,"_monsterinsights_sitenote_active":false,"_monsterinsights_sitenote_note":"","_monsterinsights_sitenote_category":0,"footnotes":""},"categories":[1,168],"tags":[],"class_list":["post-13852","post","type-post","status-publish","format-standard","has-post-thumbnail","hentry","category-non-classifiee","category-actualites"],"acf":[],"yoast_head":"<!-- This site is optimized with the Yoast SEO plugin v27.4 - https:\/\/yoast.com\/product\/yoast-seo-wordpress\/ -->\n<title>Pr\u00e9ambulo Culturel : un week-end cin\u00e9matographique<\/title>\n<meta name=\"description\" content=\"Pr\u00e9ambulo culturel, de l\u2019humour et du drame de &quot;J\u2019ai des r\u00eaves \u00e9lectriques&quot; \u00e0 l\u2019exploration familiale touchante dans &quot;Orbite&quot;.\" \/>\n<meta name=\"robots\" content=\"index, follow, max-snippet:-1, max-image-preview:large, max-video-preview:-1\" \/>\n<link rel=\"canonical\" href=\"https:\/\/www.sensorialsunsets.com\/fr\/preambulo-culturel-un-week-end-cinematographique-dans-la-salle-gomez-miralles\/\" \/>\n<meta property=\"og:locale\" content=\"fr_FR\" \/>\n<meta property=\"og:type\" content=\"article\" \/>\n<meta property=\"og:title\" content=\"Pr\u00e9ambulo Culturel : un week-end cin\u00e9matographique\" \/>\n<meta property=\"og:description\" content=\"Pr\u00e9ambulo culturel, de l\u2019humour et du drame de &quot;J\u2019ai des r\u00eaves \u00e9lectriques&quot; \u00e0 l\u2019exploration familiale touchante dans &quot;Orbite&quot;.\" \/>\n<meta property=\"og:url\" content=\"https:\/\/www.sensorialsunsets.com\/fr\/preambulo-culturel-un-week-end-cinematographique-dans-la-salle-gomez-miralles\/\" \/>\n<meta property=\"og:site_name\" content=\"SensorialSunsets\" \/>\n<meta property=\"article:publisher\" content=\"https:\/\/www.facebook.com\/Sensorial-Sunsets-109180614715562\" \/>\n<meta property=\"article:published_time\" content=\"2024-01-24T16:54:32+00:00\" \/>\n<meta property=\"og:image\" content=\"https:\/\/www.sensorialsunsets.com\/wp-content\/uploads\/2024\/01\/pexels-tima-miroshnichenko-7991579-1-scaled.jpg\" \/>\n\t<meta property=\"og:image:width\" content=\"2560\" \/>\n\t<meta property=\"og:image:height\" content=\"1707\" \/>\n\t<meta property=\"og:image:type\" content=\"image\/jpeg\" \/>\n<meta name=\"author\" content=\"Sensorial Sunsets\" \/>\n<meta name=\"twitter:card\" content=\"summary_large_image\" \/>\n<meta name=\"twitter:label1\" content=\"\u00c9crit par\" \/>\n\t<meta name=\"twitter:data1\" content=\"Sensorial Sunsets\" \/>\n\t<meta name=\"twitter:label2\" content=\"Dur\u00e9e de lecture estim\u00e9e\" \/>\n\t<meta name=\"twitter:data2\" content=\"2 minutes\" \/>\n<script type=\"application\/ld+json\" class=\"yoast-schema-graph\">{\"@context\":\"https:\\\/\\\/schema.org\",\"@graph\":[{\"@type\":\"Article\",\"@id\":\"https:\\\/\\\/www.sensorialsunsets.com\\\/fr\\\/preambulo-culturel-un-week-end-cinematographique-dans-la-salle-gomez-miralles\\\/#article\",\"isPartOf\":{\"@id\":\"https:\\\/\\\/www.sensorialsunsets.com\\\/fr\\\/preambulo-culturel-un-week-end-cinematographique-dans-la-salle-gomez-miralles\\\/\"},\"author\":{\"name\":\"Sensorial Sunsets\",\"@id\":\"https:\\\/\\\/www.sensorialsunsets.com\\\/fr\\\/#\\\/schema\\\/person\\\/77e2fa594135aa94024c47e281d8a94d\"},\"headline\":\"Pr\u00e9ambulo Culturel : un week-end cin\u00e9matographique dans la salle G\u00f3mez Miralles\",\"datePublished\":\"2024-01-24T16:54:32+00:00\",\"mainEntityOfPage\":{\"@id\":\"https:\\\/\\\/www.sensorialsunsets.com\\\/fr\\\/preambulo-culturel-un-week-end-cinematographique-dans-la-salle-gomez-miralles\\\/\"},\"wordCount\":345,\"publisher\":{\"@id\":\"https:\\\/\\\/www.sensorialsunsets.com\\\/fr\\\/#organization\"},\"image\":{\"@id\":\"https:\\\/\\\/www.sensorialsunsets.com\\\/fr\\\/preambulo-culturel-un-week-end-cinematographique-dans-la-salle-gomez-miralles\\\/#primaryimage\"},\"thumbnailUrl\":\"https:\\\/\\\/www.sensorialsunsets.com\\\/wp-content\\\/uploads\\\/2024\\\/01\\\/pexels-tima-miroshnichenko-7991579-1-scaled.jpg\",\"articleSection\":[\"Non classifi\u00e9(e)\",\"Vivez le Costa Rica\"],\"inLanguage\":\"fr-FR\"},{\"@type\":\"WebPage\",\"@id\":\"https:\\\/\\\/www.sensorialsunsets.com\\\/fr\\\/preambulo-culturel-un-week-end-cinematographique-dans-la-salle-gomez-miralles\\\/\",\"url\":\"https:\\\/\\\/www.sensorialsunsets.com\\\/fr\\\/preambulo-culturel-un-week-end-cinematographique-dans-la-salle-gomez-miralles\\\/\",\"name\":\"Pr\u00e9ambulo Culturel : un week-end cin\u00e9matographique\",\"isPartOf\":{\"@id\":\"https:\\\/\\\/www.sensorialsunsets.com\\\/fr\\\/#website\"},\"primaryImageOfPage\":{\"@id\":\"https:\\\/\\\/www.sensorialsunsets.com\\\/fr\\\/preambulo-culturel-un-week-end-cinematographique-dans-la-salle-gomez-miralles\\\/#primaryimage\"},\"image\":{\"@id\":\"https:\\\/\\\/www.sensorialsunsets.com\\\/fr\\\/preambulo-culturel-un-week-end-cinematographique-dans-la-salle-gomez-miralles\\\/#primaryimage\"},\"thumbnailUrl\":\"https:\\\/\\\/www.sensorialsunsets.com\\\/wp-content\\\/uploads\\\/2024\\\/01\\\/pexels-tima-miroshnichenko-7991579-1-scaled.jpg\",\"datePublished\":\"2024-01-24T16:54:32+00:00\",\"description\":\"Pr\u00e9ambulo culturel, de l\u2019humour et du drame de \\\"J\u2019ai des r\u00eaves \u00e9lectriques\\\" \u00e0 l\u2019exploration familiale touchante dans \\\"Orbite\\\".\",\"inLanguage\":\"fr-FR\",\"potentialAction\":[{\"@type\":\"ReadAction\",\"target\":[\"https:\\\/\\\/www.sensorialsunsets.com\\\/fr\\\/preambulo-culturel-un-week-end-cinematographique-dans-la-salle-gomez-miralles\\\/\"]}]},{\"@type\":\"ImageObject\",\"inLanguage\":\"fr-FR\",\"@id\":\"https:\\\/\\\/www.sensorialsunsets.com\\\/fr\\\/preambulo-culturel-un-week-end-cinematographique-dans-la-salle-gomez-miralles\\\/#primaryimage\",\"url\":\"https:\\\/\\\/www.sensorialsunsets.com\\\/wp-content\\\/uploads\\\/2024\\\/01\\\/pexels-tima-miroshnichenko-7991579-1-scaled.jpg\",\"contentUrl\":\"https:\\\/\\\/www.sensorialsunsets.com\\\/wp-content\\\/uploads\\\/2024\\\/01\\\/pexels-tima-miroshnichenko-7991579-1-scaled.jpg\",\"width\":2560,\"height\":1707},{\"@type\":\"WebSite\",\"@id\":\"https:\\\/\\\/www.sensorialsunsets.com\\\/fr\\\/#website\",\"url\":\"https:\\\/\\\/www.sensorialsunsets.com\\\/fr\\\/\",\"name\":\"SensorialSunsets.com\",\"description\":\"D\u00e9couvrez la culture et la soci\u00e9t\u00e9 du Costa Rica sur notre blog. Explorez des articles captivants et partagez le contenu.\",\"publisher\":{\"@id\":\"https:\\\/\\\/www.sensorialsunsets.com\\\/fr\\\/#organization\"},\"alternateName\":\"Costa Rica Live Blog\",\"potentialAction\":[{\"@type\":\"SearchAction\",\"target\":{\"@type\":\"EntryPoint\",\"urlTemplate\":\"https:\\\/\\\/www.sensorialsunsets.com\\\/fr\\\/?s={search_term_string}\"},\"query-input\":{\"@type\":\"PropertyValueSpecification\",\"valueRequired\":true,\"valueName\":\"search_term_string\"}}],\"inLanguage\":\"fr-FR\"},{\"@type\":\"Organization\",\"@id\":\"https:\\\/\\\/www.sensorialsunsets.com\\\/fr\\\/#organization\",\"name\":\"SensorialSunsets\",\"url\":\"https:\\\/\\\/www.sensorialsunsets.com\\\/fr\\\/\",\"logo\":{\"@type\":\"ImageObject\",\"inLanguage\":\"fr-FR\",\"@id\":\"https:\\\/\\\/www.sensorialsunsets.com\\\/fr\\\/#\\\/schema\\\/logo\\\/image\\\/\",\"url\":\"https:\\\/\\\/www.sensorialsunsets.com\\\/wp-content\\\/uploads\\\/2023\\\/04\\\/Logo_base_line_fond_clair.svg\",\"contentUrl\":\"https:\\\/\\\/www.sensorialsunsets.com\\\/wp-content\\\/uploads\\\/2023\\\/04\\\/Logo_base_line_fond_clair.svg\",\"width\":\"1024\",\"height\":\"1024\",\"caption\":\"SensorialSunsets\"},\"image\":{\"@id\":\"https:\\\/\\\/www.sensorialsunsets.com\\\/fr\\\/#\\\/schema\\\/logo\\\/image\\\/\"},\"sameAs\":[\"https:\\\/\\\/www.facebook.com\\\/Sensorial-Sunsets-109180614715562\",\"https:\\\/\\\/www.instagram.com\\\/sensorialsunsets\\\/\"]},{\"@type\":\"Person\",\"@id\":\"https:\\\/\\\/www.sensorialsunsets.com\\\/fr\\\/#\\\/schema\\\/person\\\/77e2fa594135aa94024c47e281d8a94d\",\"name\":\"Sensorial Sunsets\",\"image\":{\"@type\":\"ImageObject\",\"inLanguage\":\"fr-FR\",\"@id\":\"https:\\\/\\\/secure.gravatar.com\\\/avatar\\\/5f2d62681b1dad94c28f1500d4fc75582acdfd32b55fd1acce0a36a3c487eabe?s=96&d=mm&r=g\",\"url\":\"https:\\\/\\\/secure.gravatar.com\\\/avatar\\\/5f2d62681b1dad94c28f1500d4fc75582acdfd32b55fd1acce0a36a3c487eabe?s=96&d=mm&r=g\",\"contentUrl\":\"https:\\\/\\\/secure.gravatar.com\\\/avatar\\\/5f2d62681b1dad94c28f1500d4fc75582acdfd32b55fd1acce0a36a3c487eabe?s=96&d=mm&r=g\",\"caption\":\"Sensorial Sunsets\"},\"url\":\"https:\\\/\\\/www.sensorialsunsets.com\\\/fr\\\/author\\\/asistentes-sensorial-sunsets\\\/\"}]}<\/script>\n<!-- \/ Yoast SEO plugin. -->","yoast_head_json":{"title":"Pr\u00e9ambulo Culturel : un week-end cin\u00e9matographique","description":"Pr\u00e9ambulo culturel, de l\u2019humour et du drame de \"J\u2019ai des r\u00eaves \u00e9lectriques\" \u00e0 l\u2019exploration familiale touchante dans \"Orbite\".","robots":{"index":"index","follow":"follow","max-snippet":"max-snippet:-1","max-image-preview":"max-image-preview:large","max-video-preview":"max-video-preview:-1"},"canonical":"https:\/\/www.sensorialsunsets.com\/fr\/preambulo-culturel-un-week-end-cinematographique-dans-la-salle-gomez-miralles\/","og_locale":"fr_FR","og_type":"article","og_title":"Pr\u00e9ambulo Culturel : un week-end cin\u00e9matographique","og_description":"Pr\u00e9ambulo culturel, de l\u2019humour et du drame de \"J\u2019ai des r\u00eaves \u00e9lectriques\" \u00e0 l\u2019exploration familiale touchante dans \"Orbite\".","og_url":"https:\/\/www.sensorialsunsets.com\/fr\/preambulo-culturel-un-week-end-cinematographique-dans-la-salle-gomez-miralles\/","og_site_name":"SensorialSunsets","article_publisher":"https:\/\/www.facebook.com\/Sensorial-Sunsets-109180614715562","article_published_time":"2024-01-24T16:54:32+00:00","og_image":[{"width":2560,"height":1707,"url":"https:\/\/www.sensorialsunsets.com\/wp-content\/uploads\/2024\/01\/pexels-tima-miroshnichenko-7991579-1-scaled.jpg","type":"image\/jpeg"}],"author":"Sensorial Sunsets","twitter_card":"summary_large_image","twitter_misc":{"\u00c9crit par":"Sensorial Sunsets","Dur\u00e9e de lecture estim\u00e9e":"2 minutes"},"schema":{"@context":"https:\/\/schema.org","@graph":[{"@type":"Article","@id":"https:\/\/www.sensorialsunsets.com\/fr\/preambulo-culturel-un-week-end-cinematographique-dans-la-salle-gomez-miralles\/#article","isPartOf":{"@id":"https:\/\/www.sensorialsunsets.com\/fr\/preambulo-culturel-un-week-end-cinematographique-dans-la-salle-gomez-miralles\/"},"author":{"name":"Sensorial Sunsets","@id":"https:\/\/www.sensorialsunsets.com\/fr\/#\/schema\/person\/77e2fa594135aa94024c47e281d8a94d"},"headline":"Pr\u00e9ambulo Culturel : un week-end cin\u00e9matographique dans la salle G\u00f3mez Miralles","datePublished":"2024-01-24T16:54:32+00:00","mainEntityOfPage":{"@id":"https:\/\/www.sensorialsunsets.com\/fr\/preambulo-culturel-un-week-end-cinematographique-dans-la-salle-gomez-miralles\/"},"wordCount":345,"publisher":{"@id":"https:\/\/www.sensorialsunsets.com\/fr\/#organization"},"image":{"@id":"https:\/\/www.sensorialsunsets.com\/fr\/preambulo-culturel-un-week-end-cinematographique-dans-la-salle-gomez-miralles\/#primaryimage"},"thumbnailUrl":"https:\/\/www.sensorialsunsets.com\/wp-content\/uploads\/2024\/01\/pexels-tima-miroshnichenko-7991579-1-scaled.jpg","articleSection":["Non classifi\u00e9(e)","Vivez le Costa Rica"],"inLanguage":"fr-FR"},{"@type":"WebPage","@id":"https:\/\/www.sensorialsunsets.com\/fr\/preambulo-culturel-un-week-end-cinematographique-dans-la-salle-gomez-miralles\/","url":"https:\/\/www.sensorialsunsets.com\/fr\/preambulo-culturel-un-week-end-cinematographique-dans-la-salle-gomez-miralles\/","name":"Pr\u00e9ambulo Culturel : un week-end cin\u00e9matographique","isPartOf":{"@id":"https:\/\/www.sensorialsunsets.com\/fr\/#website"},"primaryImageOfPage":{"@id":"https:\/\/www.sensorialsunsets.com\/fr\/preambulo-culturel-un-week-end-cinematographique-dans-la-salle-gomez-miralles\/#primaryimage"},"image":{"@id":"https:\/\/www.sensorialsunsets.com\/fr\/preambulo-culturel-un-week-end-cinematographique-dans-la-salle-gomez-miralles\/#primaryimage"},"thumbnailUrl":"https:\/\/www.sensorialsunsets.com\/wp-content\/uploads\/2024\/01\/pexels-tima-miroshnichenko-7991579-1-scaled.jpg","datePublished":"2024-01-24T16:54:32+00:00","description":"Pr\u00e9ambulo culturel, de l\u2019humour et du drame de \"J\u2019ai des r\u00eaves \u00e9lectriques\" \u00e0 l\u2019exploration familiale touchante dans \"Orbite\".","inLanguage":"fr-FR","potentialAction":[{"@type":"ReadAction","target":["https:\/\/www.sensorialsunsets.com\/fr\/preambulo-culturel-un-week-end-cinematographique-dans-la-salle-gomez-miralles\/"]}]},{"@type":"ImageObject","inLanguage":"fr-FR","@id":"https:\/\/www.sensorialsunsets.com\/fr\/preambulo-culturel-un-week-end-cinematographique-dans-la-salle-gomez-miralles\/#primaryimage","url":"https:\/\/www.sensorialsunsets.com\/wp-content\/uploads\/2024\/01\/pexels-tima-miroshnichenko-7991579-1-scaled.jpg","contentUrl":"https:\/\/www.sensorialsunsets.com\/wp-content\/uploads\/2024\/01\/pexels-tima-miroshnichenko-7991579-1-scaled.jpg","width":2560,"height":1707},{"@type":"WebSite","@id":"https:\/\/www.sensorialsunsets.com\/fr\/#website","url":"https:\/\/www.sensorialsunsets.com\/fr\/","name":"SensorialSunsets.com","description":"D\u00e9couvrez la culture et la soci\u00e9t\u00e9 du Costa Rica sur notre blog. Explorez des articles captivants et partagez le contenu.","publisher":{"@id":"https:\/\/www.sensorialsunsets.com\/fr\/#organization"},"alternateName":"Costa Rica Live Blog","potentialAction":[{"@type":"SearchAction","target":{"@type":"EntryPoint","urlTemplate":"https:\/\/www.sensorialsunsets.com\/fr\/?s={search_term_string}"},"query-input":{"@type":"PropertyValueSpecification","valueRequired":true,"valueName":"search_term_string"}}],"inLanguage":"fr-FR"},{"@type":"Organization","@id":"https:\/\/www.sensorialsunsets.com\/fr\/#organization","name":"SensorialSunsets","url":"https:\/\/www.sensorialsunsets.com\/fr\/","logo":{"@type":"ImageObject","inLanguage":"fr-FR","@id":"https:\/\/www.sensorialsunsets.com\/fr\/#\/schema\/logo\/image\/","url":"https:\/\/www.sensorialsunsets.com\/wp-content\/uploads\/2023\/04\/Logo_base_line_fond_clair.svg","contentUrl":"https:\/\/www.sensorialsunsets.com\/wp-content\/uploads\/2023\/04\/Logo_base_line_fond_clair.svg","width":"1024","height":"1024","caption":"SensorialSunsets"},"image":{"@id":"https:\/\/www.sensorialsunsets.com\/fr\/#\/schema\/logo\/image\/"},"sameAs":["https:\/\/www.facebook.com\/Sensorial-Sunsets-109180614715562","https:\/\/www.instagram.com\/sensorialsunsets\/"]},{"@type":"Person","@id":"https:\/\/www.sensorialsunsets.com\/fr\/#\/schema\/person\/77e2fa594135aa94024c47e281d8a94d","name":"Sensorial Sunsets","image":{"@type":"ImageObject","inLanguage":"fr-FR","@id":"https:\/\/secure.gravatar.com\/avatar\/5f2d62681b1dad94c28f1500d4fc75582acdfd32b55fd1acce0a36a3c487eabe?s=96&d=mm&r=g","url":"https:\/\/secure.gravatar.com\/avatar\/5f2d62681b1dad94c28f1500d4fc75582acdfd32b55fd1acce0a36a3c487eabe?s=96&d=mm&r=g","contentUrl":"https:\/\/secure.gravatar.com\/avatar\/5f2d62681b1dad94c28f1500d4fc75582acdfd32b55fd1acce0a36a3c487eabe?s=96&d=mm&r=g","caption":"Sensorial Sunsets"},"url":"https:\/\/www.sensorialsunsets.com\/fr\/author\/asistentes-sensorial-sunsets\/"}]}},"_links":{"self":[{"href":"https:\/\/www.sensorialsunsets.com\/fr\/wp-json\/wp\/v2\/posts\/13852","targetHints":{"allow":["GET"]}}],"collection":[{"href":"https:\/\/www.sensorialsunsets.com\/fr\/wp-json\/wp\/v2\/posts"}],"about":[{"href":"https:\/\/www.sensorialsunsets.com\/fr\/wp-json\/wp\/v2\/types\/post"}],"author":[{"embeddable":true,"href":"https:\/\/www.sensorialsunsets.com\/fr\/wp-json\/wp\/v2\/users\/4"}],"replies":[{"embeddable":true,"href":"https:\/\/www.sensorialsunsets.com\/fr\/wp-json\/wp\/v2\/comments?post=13852"}],"version-history":[{"count":0,"href":"https:\/\/www.sensorialsunsets.com\/fr\/wp-json\/wp\/v2\/posts\/13852\/revisions"}],"wp:featuredmedia":[{"embeddable":true,"href":"https:\/\/www.sensorialsunsets.com\/fr\/wp-json\/wp\/v2\/media\/13840"}],"wp:attachment":[{"href":"https:\/\/www.sensorialsunsets.com\/fr\/wp-json\/wp\/v2\/media?parent=13852"}],"wp:term":[{"taxonomy":"category","embeddable":true,"href":"https:\/\/www.sensorialsunsets.com\/fr\/wp-json\/wp\/v2\/categories?post=13852"},{"taxonomy":"post_tag","embeddable":true,"href":"https:\/\/www.sensorialsunsets.com\/fr\/wp-json\/wp\/v2\/tags?post=13852"}],"curies":[{"name":"wp","href":"https:\/\/api.w.org\/{rel}","templated":true}]}}