{"id":14068,"date":"2024-02-02T11:39:38","date_gmt":"2024-02-02T17:39:38","guid":{"rendered":"https:\/\/www.sensorialsunsets.com\/?p=14068"},"modified":"2024-02-02T11:39:38","modified_gmt":"2024-02-02T17:39:38","slug":"decouvrir-le-mystere-les-centres-de-recherche-de-lucr-identifient-le-xylene-comme-polluant","status":"publish","type":"post","link":"https:\/\/www.sensorialsunsets.com\/fr\/decouvrir-le-mystere-les-centres-de-recherche-de-lucr-identifient-le-xylene-comme-polluant\/","title":{"rendered":"D\u00e9couvrir le myst\u00e8re\u00a0: les centres de recherche de l\u2019UCR identifient le xyl\u00e8ne comme polluant"},"content":{"rendered":"\n<p>L&rsquo;universit\u00e9 du Costa Rica a publi\u00e9 une d\u00e9claration officielle confirmant que le xyl\u00e8ne est le composant responsable de la <a href=\"https:\/\/www.sensorialsunsets.com\/fr\/eau-polluee-a-san-jose\/\">pollution de l&rsquo;eau affectant plusieurs zones de San Jos\u00e9<\/a>. Cette conclusion fait suite \u00e0 des recherches approfondies men\u00e9es par des centres de recherche de premier plan, notamment le Centre de recherche en \u00e9lectrochimie et \u00e9nergie chimique (CELEQ), le Centre de recherche sur les produits naturels (CIPRONA), le Centre de recherche sur la contamination de l&rsquo;environnement (CICA) et le Centre de recherche sur la science et l&rsquo;ing\u00e9nierie des mat\u00e9riaux (CICIMA).<\/p>\n\n\n\n<h3 class=\"wp-block-heading\">Le xyl\u00e8ne est responsable de la crise de l&rsquo;eau dans plusieurs quartiers de San Jose<\/h3>\n\n\n\n<p>Le xyl\u00e8ne, un diluant couramment utilis\u00e9 dans les processus industriels, a \u00e9t\u00e9 identifi\u00e9 comme le principal contaminant de l&rsquo;approvisionnement en eau. Bien que les recherches se poursuivent, les experts ont partag\u00e9 des donn\u00e9es pr\u00e9liminaires qui mettent en lumi\u00e8re la nature de cette substance.<\/p>\n\n\n\n<p>Le xyl\u00e8ne, bien que non class\u00e9 comme toxique, peut \u00eatre nocif, entra\u00eenant des sympt\u00f4mes tels que vertiges et vomissements. Dans le corps humain, la substance peut persister jusqu&rsquo;\u00e0 18 heures.<\/p>\n\n\n\n<p>Des rapports faisant \u00e9tat d&rsquo;une odeur et d&rsquo;un go\u00fbt de p\u00e9trole sont apparus la semaine derni\u00e8re dans des r\u00e9gions telles que Moravia, Goicoechea et Tib\u00e1s, avant de s&rsquo;\u00e9tendre \u00e0 des districts de Montes de Oca et au canton central de San Jos\u00e9. Initialement, les autorit\u00e9s n&rsquo;ont pas fourni de d\u00e9tails sp\u00e9cifiques, mais AyA a confirm\u00e9 jeudi la pr\u00e9sence d&rsquo;hydrocarbures en faibles concentrations.<\/p>\n\n\n\n<figure class=\"wp-block-gallery has-nested-images columns-default is-cropped wp-block-gallery-1 is-layout-flex wp-block-gallery-is-layout-flex\">\n<figure class=\"wp-block-image size-large\"><img loading=\"lazy\" decoding=\"async\" width=\"683\" height=\"1024\" data-id=\"14051\" src=\"https:\/\/www.sensorialsunsets.com\/wp-content\/uploads\/2024\/02\/agua-samad-deldar-66346-683x1024.jpg\" alt=\"Xyl\u00e8ne\" class=\"wp-image-14051\" srcset=\"https:\/\/www.sensorialsunsets.com\/wp-content\/uploads\/2024\/02\/agua-samad-deldar-66346-683x1024.jpg 683w, https:\/\/www.sensorialsunsets.com\/wp-content\/uploads\/2024\/02\/agua-samad-deldar-66346-200x300.jpg 200w, https:\/\/www.sensorialsunsets.com\/wp-content\/uploads\/2024\/02\/agua-samad-deldar-66346-768x1152.jpg 768w, https:\/\/www.sensorialsunsets.com\/wp-content\/uploads\/2024\/02\/agua-samad-deldar-66346-1024x1536.jpg 1024w, https:\/\/www.sensorialsunsets.com\/wp-content\/uploads\/2024\/02\/agua-samad-deldar-66346-1365x2048.jpg 1365w, https:\/\/www.sensorialsunsets.com\/wp-content\/uploads\/2024\/02\/agua-samad-deldar-66346-1320x1980.jpg 1320w, https:\/\/www.sensorialsunsets.com\/wp-content\/uploads\/2024\/02\/agua-samad-deldar-66346-scaled.jpg 1707w\" sizes=\"auto, (max-width: 683px) 100vw, 683px\" \/><\/figure>\n\n\n\n<figure class=\"wp-block-image size-large\"><img loading=\"lazy\" decoding=\"async\" width=\"1024\" height=\"691\" data-id=\"14054\" src=\"https:\/\/www.sensorialsunsets.com\/wp-content\/uploads\/2024\/02\/ucr_analisis_agua_9cc53ae115-1024x691.jpeg\" alt=\"Xyl\u00e8ne\" class=\"wp-image-14054\" srcset=\"https:\/\/www.sensorialsunsets.com\/wp-content\/uploads\/2024\/02\/ucr_analisis_agua_9cc53ae115-1024x691.jpeg 1024w, https:\/\/www.sensorialsunsets.com\/wp-content\/uploads\/2024\/02\/ucr_analisis_agua_9cc53ae115-300x203.jpeg 300w, https:\/\/www.sensorialsunsets.com\/wp-content\/uploads\/2024\/02\/ucr_analisis_agua_9cc53ae115-768x518.jpeg 768w, https:\/\/www.sensorialsunsets.com\/wp-content\/uploads\/2024\/02\/ucr_analisis_agua_9cc53ae115-1536x1037.jpeg 1536w, https:\/\/www.sensorialsunsets.com\/wp-content\/uploads\/2024\/02\/ucr_analisis_agua_9cc53ae115-1320x891.jpeg 1320w, https:\/\/www.sensorialsunsets.com\/wp-content\/uploads\/2024\/02\/ucr_analisis_agua_9cc53ae115.jpeg 1600w\" sizes=\"auto, (max-width: 1024px) 100vw, 1024px\" \/><\/figure>\n\n\n\n<figure class=\"wp-block-image size-large\"><img loading=\"lazy\" decoding=\"async\" width=\"1024\" height=\"683\" data-id=\"14048\" src=\"https:\/\/www.sensorialsunsets.com\/wp-content\/uploads\/2024\/02\/agua-kelly-4170005-1024x683.jpg\" alt=\"Xyl\u00e8ne\" class=\"wp-image-14048\" srcset=\"https:\/\/www.sensorialsunsets.com\/wp-content\/uploads\/2024\/02\/agua-kelly-4170005-1024x683.jpg 1024w, https:\/\/www.sensorialsunsets.com\/wp-content\/uploads\/2024\/02\/agua-kelly-4170005-300x200.jpg 300w, https:\/\/www.sensorialsunsets.com\/wp-content\/uploads\/2024\/02\/agua-kelly-4170005-768x512.jpg 768w, https:\/\/www.sensorialsunsets.com\/wp-content\/uploads\/2024\/02\/agua-kelly-4170005-1536x1024.jpg 1536w, https:\/\/www.sensorialsunsets.com\/wp-content\/uploads\/2024\/02\/agua-kelly-4170005-2048x1365.jpg 2048w, https:\/\/www.sensorialsunsets.com\/wp-content\/uploads\/2024\/02\/agua-kelly-4170005-334x222.jpg 334w, https:\/\/www.sensorialsunsets.com\/wp-content\/uploads\/2024\/02\/agua-kelly-4170005-1320x880.jpg 1320w\" sizes=\"auto, (max-width: 1024px) 100vw, 1024px\" \/><\/figure>\n<\/figure>\n\n\n\n<p>En r\u00e9action aux risques li\u00e9s \u00e0 l&rsquo;eau contamin\u00e9e, des mesures comme le transport d&rsquo;eau par camion et le nettoyage des r\u00e9servoirs ont \u00e9t\u00e9 prises. Par ailleurs, d&rsquo;autres r\u00e9servoirs d&rsquo;approvisionnement ont \u00e9t\u00e9 interconnect\u00e9s au r\u00e9seau, ce qui a entra\u00een\u00e9 des coupures d&rsquo;eau temporaires dans les zones non touch\u00e9es afin d&rsquo;alimenter les zones touch\u00e9es.<\/p>\n\n\n\n<p>Malgr\u00e9 ces efforts, les r\u00e9sultats ne sont pas encore satisfaisants. Les experts soulignent que, selon les recherches en cours, le contaminant tend \u00e0 se dissiper, rendant l&rsquo;eau de plus en plus propre \u00e0 la consommation.<\/p>\n\n\n\n<h3 class=\"wp-block-heading\">Comment la pollution de l&rsquo;eau affecte-t-elle le Costa Rica ?<\/h3>\n\n\n\n<p>Des xyl\u00e8nes, identifi\u00e9s comme les hydrocarbures responsables, ont \u00e9t\u00e9 d\u00e9couverts dans la prise d&rsquo;eau de Quebrada Honda 2, appartenant \u00e0 Acueductos y Alcantarillados (AyA). L&rsquo;analyse a r\u00e9v\u00e9l\u00e9 des traces des trois types de xyl\u00e8nes : m\u00e9ta-xyl\u00e8ne, ortho-xyl\u00e8ne et para-xyl\u00e8ne.<\/p>\n\n\n\n<p>Bien que le xyl\u00e8ne ne soit pas consid\u00e9r\u00e9 comme canc\u00e9rig\u00e8ne par le Centre international de recherche sur le cancer, les experts de l&rsquo;UCR mettent en garde contre les dommages possibles \u00e0 la peau et aux voies respiratoires en cas d&rsquo;inhalation. En outre, il peut provoquer des maux d&rsquo;estomac s&rsquo;il est ing\u00e9r\u00e9 en grandes quantit\u00e9s.<\/p>\n\n\n\n<p>Les chercheurs ne savent pas comment les xyl\u00e8nes se sont retrouv\u00e9s dans l&rsquo;eau et m\u00e8nent des enqu\u00eates pour en d\u00e9terminer les causes. Plusieurs possibilit\u00e9s sont \u00e9voqu\u00e9es, allant des rejets de solvants par les populations aux rejets industriels. Apr\u00e8s avoir d\u00e9termin\u00e9 que Quebrada Honda 2 \u00e9tait la source de la contamination, les autorit\u00e9s continuent d&rsquo;enqu\u00eater sur l&rsquo;ampleur de l&rsquo;impact sur la sant\u00e9 publique.<\/p>\n\n\n\n<figure class=\"wp-block-embed is-type-video is-provider-youtube wp-block-embed-youtube wp-embed-aspect-16-9 wp-has-aspect-ratio\"><div class=\"wp-block-embed__wrapper\">\n<iframe loading=\"lazy\" title=\"Identifican fuente de agua contaminada por hidrocarburos\" width=\"900\" height=\"506\" src=\"https:\/\/www.youtube.com\/embed\/QoBVPm98Iws?feature=oembed\" frameborder=\"0\" allow=\"accelerometer; autoplay; clipboard-write; encrypted-media; gyroscope; picture-in-picture; web-share\" allowfullscreen><\/iframe>\n<\/div><\/figure>\n\n\n\n<p><strong>Sensorial Sunsets<\/strong><\/p>\n","protected":false},"excerpt":{"rendered":"<p>L&rsquo;universit\u00e9 du Costa Rica a publi\u00e9 une d\u00e9claration officielle confirmant que le xyl\u00e8ne est le composant responsable de la pollution de l&rsquo;eau affectant plusieurs zones de San Jos\u00e9. Cette conclusion fait suite \u00e0 des recherches approfondies men\u00e9es par des centres de recherche de premier plan, notamment le Centre de recherche en \u00e9lectrochimie et \u00e9nergie chimique [&hellip;]<\/p>\n","protected":false},"author":4,"featured_media":14056,"comment_status":"closed","ping_status":"closed","sticky":false,"template":"","format":"standard","meta":{"_acf_changed":false,"inline_featured_image":false,"_monsterinsights_skip_tracking":false,"_monsterinsights_sitenote_active":false,"_monsterinsights_sitenote_note":"","_monsterinsights_sitenote_category":0,"footnotes":""},"categories":[1],"tags":[],"class_list":["post-14068","post","type-post","status-publish","format-standard","has-post-thumbnail","hentry","category-non-classifiee"],"acf":[],"yoast_head":"<!-- This site is optimized with the Yoast SEO plugin v27.4 - https:\/\/yoast.com\/product\/yoast-seo-wordpress\/ -->\n<title>D\u00e9couvrir le myst\u00e8re: l\u2019UCR identifient le xyl\u00e8ne comme polluant<\/title>\n<meta name=\"description\" content=\"La recherche de l\u2019Universit\u00e9 du Costa Rica (UCR) qui confirme le xyl\u00e8ne comme responsable de la pollution de l\u2019eau \u00e0 San Jos\u00e9.\" \/>\n<meta name=\"robots\" content=\"index, follow, max-snippet:-1, max-image-preview:large, max-video-preview:-1\" \/>\n<link rel=\"canonical\" href=\"https:\/\/www.sensorialsunsets.com\/fr\/decouvrir-le-mystere-les-centres-de-recherche-de-lucr-identifient-le-xylene-comme-polluant\/\" \/>\n<meta property=\"og:locale\" content=\"fr_FR\" \/>\n<meta property=\"og:type\" content=\"article\" \/>\n<meta property=\"og:title\" content=\"D\u00e9couvrir le myst\u00e8re: l\u2019UCR identifient le xyl\u00e8ne comme polluant\" \/>\n<meta property=\"og:description\" content=\"La recherche de l\u2019Universit\u00e9 du Costa Rica (UCR) qui confirme le xyl\u00e8ne comme responsable de la pollution de l\u2019eau \u00e0 San Jos\u00e9.\" \/>\n<meta property=\"og:url\" content=\"https:\/\/www.sensorialsunsets.com\/fr\/decouvrir-le-mystere-les-centres-de-recherche-de-lucr-identifient-le-xylene-comme-polluant\/\" \/>\n<meta property=\"og:site_name\" content=\"SensorialSunsets\" \/>\n<meta property=\"article:publisher\" content=\"https:\/\/www.facebook.com\/Sensorial-Sunsets-109180614715562\" \/>\n<meta property=\"article:published_time\" content=\"2024-02-02T17:39:38+00:00\" \/>\n<meta property=\"og:image\" content=\"https:\/\/www.sensorialsunsets.com\/wp-content\/uploads\/2024\/02\/ucr_analisis_agua_9cc53ae115.jpeg\" \/>\n\t<meta property=\"og:image:width\" content=\"1600\" \/>\n\t<meta property=\"og:image:height\" content=\"1080\" \/>\n\t<meta property=\"og:image:type\" content=\"image\/jpeg\" \/>\n<meta name=\"author\" content=\"Sensorial Sunsets\" \/>\n<meta name=\"twitter:card\" content=\"summary_large_image\" \/>\n<meta name=\"twitter:label1\" content=\"\u00c9crit par\" \/>\n\t<meta name=\"twitter:data1\" content=\"Sensorial Sunsets\" \/>\n\t<meta name=\"twitter:label2\" content=\"Dur\u00e9e de lecture estim\u00e9e\" \/>\n\t<meta name=\"twitter:data2\" content=\"3 minutes\" \/>\n<script type=\"application\/ld+json\" class=\"yoast-schema-graph\">{\"@context\":\"https:\\\/\\\/schema.org\",\"@graph\":[{\"@type\":\"Article\",\"@id\":\"https:\\\/\\\/www.sensorialsunsets.com\\\/fr\\\/decouvrir-le-mystere-les-centres-de-recherche-de-lucr-identifient-le-xylene-comme-polluant\\\/#article\",\"isPartOf\":{\"@id\":\"https:\\\/\\\/www.sensorialsunsets.com\\\/fr\\\/decouvrir-le-mystere-les-centres-de-recherche-de-lucr-identifient-le-xylene-comme-polluant\\\/\"},\"author\":{\"name\":\"Sensorial Sunsets\",\"@id\":\"https:\\\/\\\/www.sensorialsunsets.com\\\/fr\\\/#\\\/schema\\\/person\\\/77e2fa594135aa94024c47e281d8a94d\"},\"headline\":\"D\u00e9couvrir le myst\u00e8re\u00a0: les centres de recherche de l\u2019UCR identifient le xyl\u00e8ne comme polluant\",\"datePublished\":\"2024-02-02T17:39:38+00:00\",\"mainEntityOfPage\":{\"@id\":\"https:\\\/\\\/www.sensorialsunsets.com\\\/fr\\\/decouvrir-le-mystere-les-centres-de-recherche-de-lucr-identifient-le-xylene-comme-polluant\\\/\"},\"wordCount\":596,\"publisher\":{\"@id\":\"https:\\\/\\\/www.sensorialsunsets.com\\\/fr\\\/#organization\"},\"image\":{\"@id\":\"https:\\\/\\\/www.sensorialsunsets.com\\\/fr\\\/decouvrir-le-mystere-les-centres-de-recherche-de-lucr-identifient-le-xylene-comme-polluant\\\/#primaryimage\"},\"thumbnailUrl\":\"https:\\\/\\\/www.sensorialsunsets.com\\\/wp-content\\\/uploads\\\/2024\\\/02\\\/ucr_analisis_agua_9cc53ae115.jpeg\",\"articleSection\":[\"Non classifi\u00e9(e)\"],\"inLanguage\":\"fr-FR\"},{\"@type\":\"WebPage\",\"@id\":\"https:\\\/\\\/www.sensorialsunsets.com\\\/fr\\\/decouvrir-le-mystere-les-centres-de-recherche-de-lucr-identifient-le-xylene-comme-polluant\\\/\",\"url\":\"https:\\\/\\\/www.sensorialsunsets.com\\\/fr\\\/decouvrir-le-mystere-les-centres-de-recherche-de-lucr-identifient-le-xylene-comme-polluant\\\/\",\"name\":\"D\u00e9couvrir le myst\u00e8re: l\u2019UCR identifient le xyl\u00e8ne comme polluant\",\"isPartOf\":{\"@id\":\"https:\\\/\\\/www.sensorialsunsets.com\\\/fr\\\/#website\"},\"primaryImageOfPage\":{\"@id\":\"https:\\\/\\\/www.sensorialsunsets.com\\\/fr\\\/decouvrir-le-mystere-les-centres-de-recherche-de-lucr-identifient-le-xylene-comme-polluant\\\/#primaryimage\"},\"image\":{\"@id\":\"https:\\\/\\\/www.sensorialsunsets.com\\\/fr\\\/decouvrir-le-mystere-les-centres-de-recherche-de-lucr-identifient-le-xylene-comme-polluant\\\/#primaryimage\"},\"thumbnailUrl\":\"https:\\\/\\\/www.sensorialsunsets.com\\\/wp-content\\\/uploads\\\/2024\\\/02\\\/ucr_analisis_agua_9cc53ae115.jpeg\",\"datePublished\":\"2024-02-02T17:39:38+00:00\",\"description\":\"La recherche de l\u2019Universit\u00e9 du Costa Rica (UCR) qui confirme le xyl\u00e8ne comme responsable de la pollution de l\u2019eau \u00e0 San Jos\u00e9.\",\"inLanguage\":\"fr-FR\",\"potentialAction\":[{\"@type\":\"ReadAction\",\"target\":[\"https:\\\/\\\/www.sensorialsunsets.com\\\/fr\\\/decouvrir-le-mystere-les-centres-de-recherche-de-lucr-identifient-le-xylene-comme-polluant\\\/\"]}]},{\"@type\":\"ImageObject\",\"inLanguage\":\"fr-FR\",\"@id\":\"https:\\\/\\\/www.sensorialsunsets.com\\\/fr\\\/decouvrir-le-mystere-les-centres-de-recherche-de-lucr-identifient-le-xylene-comme-polluant\\\/#primaryimage\",\"url\":\"https:\\\/\\\/www.sensorialsunsets.com\\\/wp-content\\\/uploads\\\/2024\\\/02\\\/ucr_analisis_agua_9cc53ae115.jpeg\",\"contentUrl\":\"https:\\\/\\\/www.sensorialsunsets.com\\\/wp-content\\\/uploads\\\/2024\\\/02\\\/ucr_analisis_agua_9cc53ae115.jpeg\",\"width\":1600,\"height\":1080},{\"@type\":\"WebSite\",\"@id\":\"https:\\\/\\\/www.sensorialsunsets.com\\\/fr\\\/#website\",\"url\":\"https:\\\/\\\/www.sensorialsunsets.com\\\/fr\\\/\",\"name\":\"SensorialSunsets.com\",\"description\":\"D\u00e9couvrez la culture et la soci\u00e9t\u00e9 du Costa Rica sur notre blog. Explorez des articles captivants et partagez le contenu.\",\"publisher\":{\"@id\":\"https:\\\/\\\/www.sensorialsunsets.com\\\/fr\\\/#organization\"},\"alternateName\":\"Costa Rica Live Blog\",\"potentialAction\":[{\"@type\":\"SearchAction\",\"target\":{\"@type\":\"EntryPoint\",\"urlTemplate\":\"https:\\\/\\\/www.sensorialsunsets.com\\\/fr\\\/?s={search_term_string}\"},\"query-input\":{\"@type\":\"PropertyValueSpecification\",\"valueRequired\":true,\"valueName\":\"search_term_string\"}}],\"inLanguage\":\"fr-FR\"},{\"@type\":\"Organization\",\"@id\":\"https:\\\/\\\/www.sensorialsunsets.com\\\/fr\\\/#organization\",\"name\":\"SensorialSunsets\",\"url\":\"https:\\\/\\\/www.sensorialsunsets.com\\\/fr\\\/\",\"logo\":{\"@type\":\"ImageObject\",\"inLanguage\":\"fr-FR\",\"@id\":\"https:\\\/\\\/www.sensorialsunsets.com\\\/fr\\\/#\\\/schema\\\/logo\\\/image\\\/\",\"url\":\"https:\\\/\\\/www.sensorialsunsets.com\\\/wp-content\\\/uploads\\\/2023\\\/04\\\/Logo_base_line_fond_clair.svg\",\"contentUrl\":\"https:\\\/\\\/www.sensorialsunsets.com\\\/wp-content\\\/uploads\\\/2023\\\/04\\\/Logo_base_line_fond_clair.svg\",\"width\":\"1024\",\"height\":\"1024\",\"caption\":\"SensorialSunsets\"},\"image\":{\"@id\":\"https:\\\/\\\/www.sensorialsunsets.com\\\/fr\\\/#\\\/schema\\\/logo\\\/image\\\/\"},\"sameAs\":[\"https:\\\/\\\/www.facebook.com\\\/Sensorial-Sunsets-109180614715562\",\"https:\\\/\\\/www.instagram.com\\\/sensorialsunsets\\\/\"]},{\"@type\":\"Person\",\"@id\":\"https:\\\/\\\/www.sensorialsunsets.com\\\/fr\\\/#\\\/schema\\\/person\\\/77e2fa594135aa94024c47e281d8a94d\",\"name\":\"Sensorial Sunsets\",\"image\":{\"@type\":\"ImageObject\",\"inLanguage\":\"fr-FR\",\"@id\":\"https:\\\/\\\/secure.gravatar.com\\\/avatar\\\/5f2d62681b1dad94c28f1500d4fc75582acdfd32b55fd1acce0a36a3c487eabe?s=96&d=mm&r=g\",\"url\":\"https:\\\/\\\/secure.gravatar.com\\\/avatar\\\/5f2d62681b1dad94c28f1500d4fc75582acdfd32b55fd1acce0a36a3c487eabe?s=96&d=mm&r=g\",\"contentUrl\":\"https:\\\/\\\/secure.gravatar.com\\\/avatar\\\/5f2d62681b1dad94c28f1500d4fc75582acdfd32b55fd1acce0a36a3c487eabe?s=96&d=mm&r=g\",\"caption\":\"Sensorial Sunsets\"},\"url\":\"https:\\\/\\\/www.sensorialsunsets.com\\\/fr\\\/author\\\/asistentes-sensorial-sunsets\\\/\"}]}<\/script>\n<!-- \/ Yoast SEO plugin. -->","yoast_head_json":{"title":"D\u00e9couvrir le myst\u00e8re: l\u2019UCR identifient le xyl\u00e8ne comme polluant","description":"La recherche de l\u2019Universit\u00e9 du Costa Rica (UCR) qui confirme le xyl\u00e8ne comme responsable de la pollution de l\u2019eau \u00e0 San Jos\u00e9.","robots":{"index":"index","follow":"follow","max-snippet":"max-snippet:-1","max-image-preview":"max-image-preview:large","max-video-preview":"max-video-preview:-1"},"canonical":"https:\/\/www.sensorialsunsets.com\/fr\/decouvrir-le-mystere-les-centres-de-recherche-de-lucr-identifient-le-xylene-comme-polluant\/","og_locale":"fr_FR","og_type":"article","og_title":"D\u00e9couvrir le myst\u00e8re: l\u2019UCR identifient le xyl\u00e8ne comme polluant","og_description":"La recherche de l\u2019Universit\u00e9 du Costa Rica (UCR) qui confirme le xyl\u00e8ne comme responsable de la pollution de l\u2019eau \u00e0 San Jos\u00e9.","og_url":"https:\/\/www.sensorialsunsets.com\/fr\/decouvrir-le-mystere-les-centres-de-recherche-de-lucr-identifient-le-xylene-comme-polluant\/","og_site_name":"SensorialSunsets","article_publisher":"https:\/\/www.facebook.com\/Sensorial-Sunsets-109180614715562","article_published_time":"2024-02-02T17:39:38+00:00","og_image":[{"width":1600,"height":1080,"url":"https:\/\/www.sensorialsunsets.com\/wp-content\/uploads\/2024\/02\/ucr_analisis_agua_9cc53ae115.jpeg","type":"image\/jpeg"}],"author":"Sensorial Sunsets","twitter_card":"summary_large_image","twitter_misc":{"\u00c9crit par":"Sensorial Sunsets","Dur\u00e9e de lecture estim\u00e9e":"3 minutes"},"schema":{"@context":"https:\/\/schema.org","@graph":[{"@type":"Article","@id":"https:\/\/www.sensorialsunsets.com\/fr\/decouvrir-le-mystere-les-centres-de-recherche-de-lucr-identifient-le-xylene-comme-polluant\/#article","isPartOf":{"@id":"https:\/\/www.sensorialsunsets.com\/fr\/decouvrir-le-mystere-les-centres-de-recherche-de-lucr-identifient-le-xylene-comme-polluant\/"},"author":{"name":"Sensorial Sunsets","@id":"https:\/\/www.sensorialsunsets.com\/fr\/#\/schema\/person\/77e2fa594135aa94024c47e281d8a94d"},"headline":"D\u00e9couvrir le myst\u00e8re\u00a0: les centres de recherche de l\u2019UCR identifient le xyl\u00e8ne comme polluant","datePublished":"2024-02-02T17:39:38+00:00","mainEntityOfPage":{"@id":"https:\/\/www.sensorialsunsets.com\/fr\/decouvrir-le-mystere-les-centres-de-recherche-de-lucr-identifient-le-xylene-comme-polluant\/"},"wordCount":596,"publisher":{"@id":"https:\/\/www.sensorialsunsets.com\/fr\/#organization"},"image":{"@id":"https:\/\/www.sensorialsunsets.com\/fr\/decouvrir-le-mystere-les-centres-de-recherche-de-lucr-identifient-le-xylene-comme-polluant\/#primaryimage"},"thumbnailUrl":"https:\/\/www.sensorialsunsets.com\/wp-content\/uploads\/2024\/02\/ucr_analisis_agua_9cc53ae115.jpeg","articleSection":["Non classifi\u00e9(e)"],"inLanguage":"fr-FR"},{"@type":"WebPage","@id":"https:\/\/www.sensorialsunsets.com\/fr\/decouvrir-le-mystere-les-centres-de-recherche-de-lucr-identifient-le-xylene-comme-polluant\/","url":"https:\/\/www.sensorialsunsets.com\/fr\/decouvrir-le-mystere-les-centres-de-recherche-de-lucr-identifient-le-xylene-comme-polluant\/","name":"D\u00e9couvrir le myst\u00e8re: l\u2019UCR identifient le xyl\u00e8ne comme polluant","isPartOf":{"@id":"https:\/\/www.sensorialsunsets.com\/fr\/#website"},"primaryImageOfPage":{"@id":"https:\/\/www.sensorialsunsets.com\/fr\/decouvrir-le-mystere-les-centres-de-recherche-de-lucr-identifient-le-xylene-comme-polluant\/#primaryimage"},"image":{"@id":"https:\/\/www.sensorialsunsets.com\/fr\/decouvrir-le-mystere-les-centres-de-recherche-de-lucr-identifient-le-xylene-comme-polluant\/#primaryimage"},"thumbnailUrl":"https:\/\/www.sensorialsunsets.com\/wp-content\/uploads\/2024\/02\/ucr_analisis_agua_9cc53ae115.jpeg","datePublished":"2024-02-02T17:39:38+00:00","description":"La recherche de l\u2019Universit\u00e9 du Costa Rica (UCR) qui confirme le xyl\u00e8ne comme responsable de la pollution de l\u2019eau \u00e0 San Jos\u00e9.","inLanguage":"fr-FR","potentialAction":[{"@type":"ReadAction","target":["https:\/\/www.sensorialsunsets.com\/fr\/decouvrir-le-mystere-les-centres-de-recherche-de-lucr-identifient-le-xylene-comme-polluant\/"]}]},{"@type":"ImageObject","inLanguage":"fr-FR","@id":"https:\/\/www.sensorialsunsets.com\/fr\/decouvrir-le-mystere-les-centres-de-recherche-de-lucr-identifient-le-xylene-comme-polluant\/#primaryimage","url":"https:\/\/www.sensorialsunsets.com\/wp-content\/uploads\/2024\/02\/ucr_analisis_agua_9cc53ae115.jpeg","contentUrl":"https:\/\/www.sensorialsunsets.com\/wp-content\/uploads\/2024\/02\/ucr_analisis_agua_9cc53ae115.jpeg","width":1600,"height":1080},{"@type":"WebSite","@id":"https:\/\/www.sensorialsunsets.com\/fr\/#website","url":"https:\/\/www.sensorialsunsets.com\/fr\/","name":"SensorialSunsets.com","description":"D\u00e9couvrez la culture et la soci\u00e9t\u00e9 du Costa Rica sur notre blog. Explorez des articles captivants et partagez le contenu.","publisher":{"@id":"https:\/\/www.sensorialsunsets.com\/fr\/#organization"},"alternateName":"Costa Rica Live Blog","potentialAction":[{"@type":"SearchAction","target":{"@type":"EntryPoint","urlTemplate":"https:\/\/www.sensorialsunsets.com\/fr\/?s={search_term_string}"},"query-input":{"@type":"PropertyValueSpecification","valueRequired":true,"valueName":"search_term_string"}}],"inLanguage":"fr-FR"},{"@type":"Organization","@id":"https:\/\/www.sensorialsunsets.com\/fr\/#organization","name":"SensorialSunsets","url":"https:\/\/www.sensorialsunsets.com\/fr\/","logo":{"@type":"ImageObject","inLanguage":"fr-FR","@id":"https:\/\/www.sensorialsunsets.com\/fr\/#\/schema\/logo\/image\/","url":"https:\/\/www.sensorialsunsets.com\/wp-content\/uploads\/2023\/04\/Logo_base_line_fond_clair.svg","contentUrl":"https:\/\/www.sensorialsunsets.com\/wp-content\/uploads\/2023\/04\/Logo_base_line_fond_clair.svg","width":"1024","height":"1024","caption":"SensorialSunsets"},"image":{"@id":"https:\/\/www.sensorialsunsets.com\/fr\/#\/schema\/logo\/image\/"},"sameAs":["https:\/\/www.facebook.com\/Sensorial-Sunsets-109180614715562","https:\/\/www.instagram.com\/sensorialsunsets\/"]},{"@type":"Person","@id":"https:\/\/www.sensorialsunsets.com\/fr\/#\/schema\/person\/77e2fa594135aa94024c47e281d8a94d","name":"Sensorial Sunsets","image":{"@type":"ImageObject","inLanguage":"fr-FR","@id":"https:\/\/secure.gravatar.com\/avatar\/5f2d62681b1dad94c28f1500d4fc75582acdfd32b55fd1acce0a36a3c487eabe?s=96&d=mm&r=g","url":"https:\/\/secure.gravatar.com\/avatar\/5f2d62681b1dad94c28f1500d4fc75582acdfd32b55fd1acce0a36a3c487eabe?s=96&d=mm&r=g","contentUrl":"https:\/\/secure.gravatar.com\/avatar\/5f2d62681b1dad94c28f1500d4fc75582acdfd32b55fd1acce0a36a3c487eabe?s=96&d=mm&r=g","caption":"Sensorial Sunsets"},"url":"https:\/\/www.sensorialsunsets.com\/fr\/author\/asistentes-sensorial-sunsets\/"}]}},"_links":{"self":[{"href":"https:\/\/www.sensorialsunsets.com\/fr\/wp-json\/wp\/v2\/posts\/14068","targetHints":{"allow":["GET"]}}],"collection":[{"href":"https:\/\/www.sensorialsunsets.com\/fr\/wp-json\/wp\/v2\/posts"}],"about":[{"href":"https:\/\/www.sensorialsunsets.com\/fr\/wp-json\/wp\/v2\/types\/post"}],"author":[{"embeddable":true,"href":"https:\/\/www.sensorialsunsets.com\/fr\/wp-json\/wp\/v2\/users\/4"}],"replies":[{"embeddable":true,"href":"https:\/\/www.sensorialsunsets.com\/fr\/wp-json\/wp\/v2\/comments?post=14068"}],"version-history":[{"count":0,"href":"https:\/\/www.sensorialsunsets.com\/fr\/wp-json\/wp\/v2\/posts\/14068\/revisions"}],"wp:featuredmedia":[{"embeddable":true,"href":"https:\/\/www.sensorialsunsets.com\/fr\/wp-json\/wp\/v2\/media\/14056"}],"wp:attachment":[{"href":"https:\/\/www.sensorialsunsets.com\/fr\/wp-json\/wp\/v2\/media?parent=14068"}],"wp:term":[{"taxonomy":"category","embeddable":true,"href":"https:\/\/www.sensorialsunsets.com\/fr\/wp-json\/wp\/v2\/categories?post=14068"},{"taxonomy":"post_tag","embeddable":true,"href":"https:\/\/www.sensorialsunsets.com\/fr\/wp-json\/wp\/v2\/tags?post=14068"}],"curies":[{"name":"wp","href":"https:\/\/api.w.org\/{rel}","templated":true}]}}