{"id":14426,"date":"2024-02-17T11:30:03","date_gmt":"2024-02-17T17:30:03","guid":{"rendered":"https:\/\/www.sensorialsunsets.com\/?p=14426"},"modified":"2024-02-17T11:30:03","modified_gmt":"2024-02-17T17:30:03","slug":"expoaves-2024-et-son-role-dans-la-promotion-de-lavifaune-costaricienne","status":"publish","type":"post","link":"https:\/\/www.sensorialsunsets.com\/fr\/expoaves-2024-et-son-role-dans-la-promotion-de-lavifaune-costaricienne\/","title":{"rendered":"Expoaves 2024 et son r\u00f4le dans la promotion de l&rsquo;avifaune costaricienne"},"content":{"rendered":"\n<p>L&rsquo;exposition <a href=\"https:\/\/www.facebook.com\/groups\/7251397844885085\/\">Expoaves 2024<\/a> se pr\u00e9sente comme une fen\u00eatre sur le monde fascinant des oiseaux. Dans les exploitations agricoles et d&rsquo;\u00e9levage, la faune aviaire est abondante et diversifi\u00e9e. Elle pr\u00e9sente une grande vari\u00e9t\u00e9 de populations qui contribuent de mani\u00e8re significative \u00e0 l&rsquo;\u00e9quilibre environnemental et \u00e0 la sant\u00e9 des exploitations.<\/p>\n\n\n\n<h3 class=\"wp-block-heading\">\u00c9ducation, conservation et divertissement<\/h3>\n\n\n\n<p>Au cours des derni\u00e8res d\u00e9cennies, malgr\u00e9 leur importance, nous avons assist\u00e9 \u00e0 un d\u00e9clin inqui\u00e9tant des populations d&rsquo;oiseaux dans les exploitations agricoles. L&rsquo;utilisation sans discernement de pesticides, l&rsquo;\u00e9limination des limites et des berges, ainsi que d&rsquo;autres changements dans le paysage agricole ont contribu\u00e9 \u00e0 ce ph\u00e9nom\u00e8ne. <\/p>\n\n\n\n<p>L&rsquo;objectif principal d&rsquo;Expoaves 2024 est de sensibiliser le public costaricien \u00e0 la diversit\u00e9 des oiseaux et \u00e0 leur importance pour l&rsquo;agriculture et l&rsquo;environnement. Elle met en lumi\u00e8re des races ornementales rares mais fascinantes, qui se distinguent par leur potentiel en tant qu&rsquo;animaux de compagnie et leur r\u00f4le dans l&rsquo;agriculture ornementale. Le but de cette exposition est d&rsquo;offrir une alternative saine aux loisirs num\u00e9riques, en promouvant un passe-temps enrichissant et \u00e9ducatif.<\/p>\n\n\n\n<figure class=\"wp-block-gallery has-nested-images columns-default is-cropped wp-block-gallery-1 is-layout-flex wp-block-gallery-is-layout-flex\">\n<figure class=\"wp-block-image size-large\"><img loading=\"lazy\" decoding=\"async\" width=\"667\" height=\"1000\" data-id=\"14392\" src=\"https:\/\/www.sensorialsunsets.com\/wp-content\/uploads\/2024\/02\/expoaves1.jpg\" alt=\"\" class=\"wp-image-14392\" srcset=\"https:\/\/www.sensorialsunsets.com\/wp-content\/uploads\/2024\/02\/expoaves1.jpg 667w, https:\/\/www.sensorialsunsets.com\/wp-content\/uploads\/2024\/02\/expoaves1-200x300.jpg 200w\" sizes=\"auto, (max-width: 667px) 100vw, 667px\" \/><\/figure>\n\n\n\n<figure class=\"wp-block-image size-full\"><img loading=\"lazy\" decoding=\"async\" width=\"1000\" height=\"667\" data-id=\"14404\" src=\"https:\/\/www.sensorialsunsets.com\/wp-content\/uploads\/2024\/02\/exxpo.jpg\" alt=\"\" class=\"wp-image-14404\" srcset=\"https:\/\/www.sensorialsunsets.com\/wp-content\/uploads\/2024\/02\/exxpo.jpg 1000w, https:\/\/www.sensorialsunsets.com\/wp-content\/uploads\/2024\/02\/exxpo-300x200.jpg 300w, https:\/\/www.sensorialsunsets.com\/wp-content\/uploads\/2024\/02\/exxpo-768x512.jpg 768w, https:\/\/www.sensorialsunsets.com\/wp-content\/uploads\/2024\/02\/exxpo-334x222.jpg 334w\" sizes=\"auto, (max-width: 1000px) 100vw, 1000px\" \/><\/figure>\n\n\n\n<figure class=\"wp-block-image size-large\"><img loading=\"lazy\" decoding=\"async\" width=\"667\" height=\"1000\" data-id=\"14395\" src=\"https:\/\/www.sensorialsunsets.com\/wp-content\/uploads\/2024\/02\/expoaves2.jpg\" alt=\"\" class=\"wp-image-14395\" srcset=\"https:\/\/www.sensorialsunsets.com\/wp-content\/uploads\/2024\/02\/expoaves2.jpg 667w, https:\/\/www.sensorialsunsets.com\/wp-content\/uploads\/2024\/02\/expoaves2-200x300.jpg 200w\" sizes=\"auto, (max-width: 667px) 100vw, 667px\" \/><\/figure>\n<\/figure>\n\n\n\n<p>Dans ce sens, les exposants sont de plus en plus conscients que les fondements d&rsquo;une soci\u00e9t\u00e9 engag\u00e9e dans la conservation reposent sur l&rsquo;\u00e9ducation des g\u00e9n\u00e9rations futures, qui est consid\u00e9r\u00e9e comme fondamentale pour parvenir \u00e0 un changement de mentalit\u00e9. Les activit\u00e9s r\u00e9cr\u00e9atives et les parents sont le principal moyen d&rsquo;atteindre les jeunes, qui sont form\u00e9s pour acqu\u00e9rir une meilleure connaissance des diff\u00e9rentes esp\u00e8ces d&rsquo;oiseaux et, surtout, des avantages qu&rsquo;offrent ces cr\u00e9atures ail\u00e9es en termes de protection des cultures.<\/p>\n\n\n\n<blockquote class=\"wp-block-quote is-layout-flow wp-block-quote-is-layout-flow\">\n<p>Les expos\u00e9s et les conf\u00e9rences abordent des sujets tels que la nutrition, la sant\u00e9, les bonnes pratiques agricoles et la g\u00e9n\u00e9tique des volailles, et s&rsquo;adressent aussi bien aux agriculteurs qu&rsquo;aux amateurs. L&rsquo;accent est mis sur la n\u00e9cessit\u00e9 d&rsquo;adopter des pratiques agricoles durables, bas\u00e9es sur l&rsquo;utilisation de m\u00e9thodes biologiques et naturelles, la protection des sols et de l&rsquo;eau et la conservation de la biodiversit\u00e9.<\/p>\n<\/blockquote>\n\n\n\n<figure class=\"wp-block-gallery has-nested-images columns-default is-cropped wp-block-gallery-2 is-layout-flex wp-block-gallery-is-layout-flex\">\n<figure class=\"wp-block-image size-large\"><img loading=\"lazy\" decoding=\"async\" width=\"1024\" height=\"1024\" data-id=\"14398\" src=\"https:\/\/www.sensorialsunsets.com\/wp-content\/uploads\/2024\/02\/expoaves-1024x1024.jpg\" alt=\"\" class=\"wp-image-14398\" srcset=\"https:\/\/www.sensorialsunsets.com\/wp-content\/uploads\/2024\/02\/expoaves-1024x1024.jpg 1024w, https:\/\/www.sensorialsunsets.com\/wp-content\/uploads\/2024\/02\/expoaves-300x300.jpg 300w, https:\/\/www.sensorialsunsets.com\/wp-content\/uploads\/2024\/02\/expoaves-150x150.jpg 150w, https:\/\/www.sensorialsunsets.com\/wp-content\/uploads\/2024\/02\/expoaves-768x768.jpg 768w, https:\/\/www.sensorialsunsets.com\/wp-content\/uploads\/2024\/02\/expoaves-50x50.jpg 50w, https:\/\/www.sensorialsunsets.com\/wp-content\/uploads\/2024\/02\/expoaves-117x117.jpg 117w, https:\/\/www.sensorialsunsets.com\/wp-content\/uploads\/2024\/02\/expoaves.jpg 1200w\" sizes=\"auto, (max-width: 1024px) 100vw, 1024px\" \/><\/figure>\n\n\n\n<figure class=\"wp-block-image size-large\"><img loading=\"lazy\" decoding=\"async\" width=\"667\" height=\"1000\" data-id=\"14407\" src=\"https:\/\/www.sensorialsunsets.com\/wp-content\/uploads\/2024\/02\/399028541_24439828578948910_8911201821208737315_n.jpg\" alt=\"\" class=\"wp-image-14407\" srcset=\"https:\/\/www.sensorialsunsets.com\/wp-content\/uploads\/2024\/02\/399028541_24439828578948910_8911201821208737315_n.jpg 667w, https:\/\/www.sensorialsunsets.com\/wp-content\/uploads\/2024\/02\/399028541_24439828578948910_8911201821208737315_n-200x300.jpg 200w\" sizes=\"auto, (max-width: 667px) 100vw, 667px\" \/><\/figure>\n\n\n\n<figure class=\"wp-block-image size-large\"><img loading=\"lazy\" decoding=\"async\" width=\"586\" height=\"1024\" data-id=\"14410\" src=\"https:\/\/www.sensorialsunsets.com\/wp-content\/uploads\/2024\/02\/399554851_2272775622918542_1250922518780999682_n-586x1024.jpg\" alt=\"\" class=\"wp-image-14410\" srcset=\"https:\/\/www.sensorialsunsets.com\/wp-content\/uploads\/2024\/02\/399554851_2272775622918542_1250922518780999682_n-586x1024.jpg 586w, https:\/\/www.sensorialsunsets.com\/wp-content\/uploads\/2024\/02\/399554851_2272775622918542_1250922518780999682_n-172x300.jpg 172w, https:\/\/www.sensorialsunsets.com\/wp-content\/uploads\/2024\/02\/399554851_2272775622918542_1250922518780999682_n-768x1343.jpg 768w, https:\/\/www.sensorialsunsets.com\/wp-content\/uploads\/2024\/02\/399554851_2272775622918542_1250922518780999682_n-878x1536.jpg 878w, https:\/\/www.sensorialsunsets.com\/wp-content\/uploads\/2024\/02\/399554851_2272775622918542_1250922518780999682_n.jpg 1171w\" sizes=\"auto, (max-width: 586px) 100vw, 586px\" \/><\/figure>\n<\/figure>\n\n\n\n<h3 class=\"wp-block-heading\">Expoaves 2024 inspire une nouvelle g\u00e9n\u00e9ration d&rsquo;amoureux des oiseaux<\/h3>\n\n\n\n<p>Au-del\u00e0 de l&rsquo;exposition avicole et des conf\u00e9rences, Expoaves 2024 offre un espace pour les entrepreneurs et les vendeurs d&rsquo;\u00e9quipements avicoles. Le transport et les soins v\u00e9t\u00e9rinaires sont garantis pour assurer le bien-\u00eatre des animaux \u00e0 tout moment.<\/p>\n\n\n\n<p><strong>Sensorial Sunsets en collaboration avec Ronald Barquero<\/strong>.<\/p>\n","protected":false},"excerpt":{"rendered":"<p>L&rsquo;exposition Expoaves 2024 se pr\u00e9sente comme une fen\u00eatre sur le monde fascinant des oiseaux. Dans les exploitations agricoles et d&rsquo;\u00e9levage, la faune aviaire est abondante et diversifi\u00e9e. Elle pr\u00e9sente une grande vari\u00e9t\u00e9 de populations qui contribuent de mani\u00e8re significative \u00e0 l&rsquo;\u00e9quilibre environnemental et \u00e0 la sant\u00e9 des exploitations. \u00c9ducation, conservation et divertissement Au cours des [&hellip;]<\/p>\n","protected":false},"author":4,"featured_media":14391,"comment_status":"closed","ping_status":"closed","sticky":false,"template":"","format":"standard","meta":{"_acf_changed":false,"inline_featured_image":false,"_monsterinsights_skip_tracking":false,"_monsterinsights_sitenote_active":false,"_monsterinsights_sitenote_note":"","_monsterinsights_sitenote_category":0,"footnotes":""},"categories":[111,135],"tags":[],"class_list":["post-14426","post","type-post","status-publish","format-standard","has-post-thumbnail","hentry","category-ecologie-fr","category-education"],"acf":[],"yoast_head":"<!-- This site is optimized with the Yoast SEO plugin v27.4 - https:\/\/yoast.com\/product\/yoast-seo-wordpress\/ -->\n<title>Expoaves 2024 et son r\u00f4le dans l&#039;avifaune costaricienne<\/title>\n<meta name=\"description\" content=\"Expoaves 2024 au Costa Rica, un \u00e9v\u00e9nement qui souligne l&#039;importance des oiseaux dans l&#039;agriculture et l&#039;environnement.\" \/>\n<meta name=\"robots\" content=\"index, follow, max-snippet:-1, max-image-preview:large, max-video-preview:-1\" \/>\n<link rel=\"canonical\" href=\"https:\/\/www.sensorialsunsets.com\/fr\/expoaves-2024-et-son-role-dans-la-promotion-de-lavifaune-costaricienne\/\" \/>\n<meta property=\"og:locale\" content=\"fr_FR\" \/>\n<meta property=\"og:type\" content=\"article\" \/>\n<meta property=\"og:title\" content=\"Expoaves 2024 et son r\u00f4le dans l&#039;avifaune costaricienne\" \/>\n<meta property=\"og:description\" content=\"Expoaves 2024 au Costa Rica, un \u00e9v\u00e9nement qui souligne l&#039;importance des oiseaux dans l&#039;agriculture et l&#039;environnement.\" \/>\n<meta property=\"og:url\" content=\"https:\/\/www.sensorialsunsets.com\/fr\/expoaves-2024-et-son-role-dans-la-promotion-de-lavifaune-costaricienne\/\" \/>\n<meta property=\"og:site_name\" content=\"SensorialSunsets\" \/>\n<meta property=\"article:publisher\" content=\"https:\/\/www.facebook.com\/Sensorial-Sunsets-109180614715562\" \/>\n<meta property=\"article:published_time\" content=\"2024-02-17T17:30:03+00:00\" \/>\n<meta property=\"og:image\" content=\"https:\/\/www.sensorialsunsets.com\/wp-content\/uploads\/2024\/02\/aves-matthis-volquardsen-2209439-scaled.jpg\" \/>\n\t<meta property=\"og:image:width\" content=\"2560\" \/>\n\t<meta property=\"og:image:height\" content=\"1707\" \/>\n\t<meta property=\"og:image:type\" content=\"image\/jpeg\" \/>\n<meta name=\"author\" content=\"Sensorial Sunsets\" \/>\n<meta name=\"twitter:card\" content=\"summary_large_image\" \/>\n<meta name=\"twitter:label1\" content=\"\u00c9crit par\" \/>\n\t<meta name=\"twitter:data1\" content=\"Sensorial Sunsets\" \/>\n\t<meta name=\"twitter:label2\" content=\"Dur\u00e9e de lecture estim\u00e9e\" \/>\n\t<meta name=\"twitter:data2\" content=\"2 minutes\" \/>\n<script type=\"application\/ld+json\" class=\"yoast-schema-graph\">{\"@context\":\"https:\\\/\\\/schema.org\",\"@graph\":[{\"@type\":\"Article\",\"@id\":\"https:\\\/\\\/www.sensorialsunsets.com\\\/fr\\\/expoaves-2024-et-son-role-dans-la-promotion-de-lavifaune-costaricienne\\\/#article\",\"isPartOf\":{\"@id\":\"https:\\\/\\\/www.sensorialsunsets.com\\\/fr\\\/expoaves-2024-et-son-role-dans-la-promotion-de-lavifaune-costaricienne\\\/\"},\"author\":{\"name\":\"Sensorial Sunsets\",\"@id\":\"https:\\\/\\\/www.sensorialsunsets.com\\\/fr\\\/#\\\/schema\\\/person\\\/77e2fa594135aa94024c47e281d8a94d\"},\"headline\":\"Expoaves 2024 et son r\u00f4le dans la promotion de l&rsquo;avifaune costaricienne\",\"datePublished\":\"2024-02-17T17:30:03+00:00\",\"mainEntityOfPage\":{\"@id\":\"https:\\\/\\\/www.sensorialsunsets.com\\\/fr\\\/expoaves-2024-et-son-role-dans-la-promotion-de-lavifaune-costaricienne\\\/\"},\"wordCount\":432,\"publisher\":{\"@id\":\"https:\\\/\\\/www.sensorialsunsets.com\\\/fr\\\/#organization\"},\"image\":{\"@id\":\"https:\\\/\\\/www.sensorialsunsets.com\\\/fr\\\/expoaves-2024-et-son-role-dans-la-promotion-de-lavifaune-costaricienne\\\/#primaryimage\"},\"thumbnailUrl\":\"https:\\\/\\\/www.sensorialsunsets.com\\\/wp-content\\\/uploads\\\/2024\\\/02\\\/aves-matthis-volquardsen-2209439-scaled.jpg\",\"articleSection\":[\"Ecologie\",\"Education\"],\"inLanguage\":\"fr-FR\"},{\"@type\":\"WebPage\",\"@id\":\"https:\\\/\\\/www.sensorialsunsets.com\\\/fr\\\/expoaves-2024-et-son-role-dans-la-promotion-de-lavifaune-costaricienne\\\/\",\"url\":\"https:\\\/\\\/www.sensorialsunsets.com\\\/fr\\\/expoaves-2024-et-son-role-dans-la-promotion-de-lavifaune-costaricienne\\\/\",\"name\":\"Expoaves 2024 et son r\u00f4le dans l'avifaune costaricienne\",\"isPartOf\":{\"@id\":\"https:\\\/\\\/www.sensorialsunsets.com\\\/fr\\\/#website\"},\"primaryImageOfPage\":{\"@id\":\"https:\\\/\\\/www.sensorialsunsets.com\\\/fr\\\/expoaves-2024-et-son-role-dans-la-promotion-de-lavifaune-costaricienne\\\/#primaryimage\"},\"image\":{\"@id\":\"https:\\\/\\\/www.sensorialsunsets.com\\\/fr\\\/expoaves-2024-et-son-role-dans-la-promotion-de-lavifaune-costaricienne\\\/#primaryimage\"},\"thumbnailUrl\":\"https:\\\/\\\/www.sensorialsunsets.com\\\/wp-content\\\/uploads\\\/2024\\\/02\\\/aves-matthis-volquardsen-2209439-scaled.jpg\",\"datePublished\":\"2024-02-17T17:30:03+00:00\",\"description\":\"Expoaves 2024 au Costa Rica, un \u00e9v\u00e9nement qui souligne l'importance des oiseaux dans l'agriculture et l'environnement.\",\"inLanguage\":\"fr-FR\",\"potentialAction\":[{\"@type\":\"ReadAction\",\"target\":[\"https:\\\/\\\/www.sensorialsunsets.com\\\/fr\\\/expoaves-2024-et-son-role-dans-la-promotion-de-lavifaune-costaricienne\\\/\"]}]},{\"@type\":\"ImageObject\",\"inLanguage\":\"fr-FR\",\"@id\":\"https:\\\/\\\/www.sensorialsunsets.com\\\/fr\\\/expoaves-2024-et-son-role-dans-la-promotion-de-lavifaune-costaricienne\\\/#primaryimage\",\"url\":\"https:\\\/\\\/www.sensorialsunsets.com\\\/wp-content\\\/uploads\\\/2024\\\/02\\\/aves-matthis-volquardsen-2209439-scaled.jpg\",\"contentUrl\":\"https:\\\/\\\/www.sensorialsunsets.com\\\/wp-content\\\/uploads\\\/2024\\\/02\\\/aves-matthis-volquardsen-2209439-scaled.jpg\",\"width\":2560,\"height\":1707},{\"@type\":\"WebSite\",\"@id\":\"https:\\\/\\\/www.sensorialsunsets.com\\\/fr\\\/#website\",\"url\":\"https:\\\/\\\/www.sensorialsunsets.com\\\/fr\\\/\",\"name\":\"SensorialSunsets.com\",\"description\":\"D\u00e9couvrez la culture et la soci\u00e9t\u00e9 du Costa Rica sur notre blog. Explorez des articles captivants et partagez le contenu.\",\"publisher\":{\"@id\":\"https:\\\/\\\/www.sensorialsunsets.com\\\/fr\\\/#organization\"},\"alternateName\":\"Costa Rica Live Blog\",\"potentialAction\":[{\"@type\":\"SearchAction\",\"target\":{\"@type\":\"EntryPoint\",\"urlTemplate\":\"https:\\\/\\\/www.sensorialsunsets.com\\\/fr\\\/?s={search_term_string}\"},\"query-input\":{\"@type\":\"PropertyValueSpecification\",\"valueRequired\":true,\"valueName\":\"search_term_string\"}}],\"inLanguage\":\"fr-FR\"},{\"@type\":\"Organization\",\"@id\":\"https:\\\/\\\/www.sensorialsunsets.com\\\/fr\\\/#organization\",\"name\":\"SensorialSunsets\",\"url\":\"https:\\\/\\\/www.sensorialsunsets.com\\\/fr\\\/\",\"logo\":{\"@type\":\"ImageObject\",\"inLanguage\":\"fr-FR\",\"@id\":\"https:\\\/\\\/www.sensorialsunsets.com\\\/fr\\\/#\\\/schema\\\/logo\\\/image\\\/\",\"url\":\"https:\\\/\\\/www.sensorialsunsets.com\\\/wp-content\\\/uploads\\\/2023\\\/04\\\/Logo_base_line_fond_clair.svg\",\"contentUrl\":\"https:\\\/\\\/www.sensorialsunsets.com\\\/wp-content\\\/uploads\\\/2023\\\/04\\\/Logo_base_line_fond_clair.svg\",\"width\":\"1024\",\"height\":\"1024\",\"caption\":\"SensorialSunsets\"},\"image\":{\"@id\":\"https:\\\/\\\/www.sensorialsunsets.com\\\/fr\\\/#\\\/schema\\\/logo\\\/image\\\/\"},\"sameAs\":[\"https:\\\/\\\/www.facebook.com\\\/Sensorial-Sunsets-109180614715562\",\"https:\\\/\\\/www.instagram.com\\\/sensorialsunsets\\\/\"]},{\"@type\":\"Person\",\"@id\":\"https:\\\/\\\/www.sensorialsunsets.com\\\/fr\\\/#\\\/schema\\\/person\\\/77e2fa594135aa94024c47e281d8a94d\",\"name\":\"Sensorial Sunsets\",\"image\":{\"@type\":\"ImageObject\",\"inLanguage\":\"fr-FR\",\"@id\":\"https:\\\/\\\/secure.gravatar.com\\\/avatar\\\/5f2d62681b1dad94c28f1500d4fc75582acdfd32b55fd1acce0a36a3c487eabe?s=96&d=mm&r=g\",\"url\":\"https:\\\/\\\/secure.gravatar.com\\\/avatar\\\/5f2d62681b1dad94c28f1500d4fc75582acdfd32b55fd1acce0a36a3c487eabe?s=96&d=mm&r=g\",\"contentUrl\":\"https:\\\/\\\/secure.gravatar.com\\\/avatar\\\/5f2d62681b1dad94c28f1500d4fc75582acdfd32b55fd1acce0a36a3c487eabe?s=96&d=mm&r=g\",\"caption\":\"Sensorial Sunsets\"},\"url\":\"https:\\\/\\\/www.sensorialsunsets.com\\\/fr\\\/author\\\/asistentes-sensorial-sunsets\\\/\"}]}<\/script>\n<!-- \/ Yoast SEO plugin. -->","yoast_head_json":{"title":"Expoaves 2024 et son r\u00f4le dans l'avifaune costaricienne","description":"Expoaves 2024 au Costa Rica, un \u00e9v\u00e9nement qui souligne l'importance des oiseaux dans l'agriculture et l'environnement.","robots":{"index":"index","follow":"follow","max-snippet":"max-snippet:-1","max-image-preview":"max-image-preview:large","max-video-preview":"max-video-preview:-1"},"canonical":"https:\/\/www.sensorialsunsets.com\/fr\/expoaves-2024-et-son-role-dans-la-promotion-de-lavifaune-costaricienne\/","og_locale":"fr_FR","og_type":"article","og_title":"Expoaves 2024 et son r\u00f4le dans l'avifaune costaricienne","og_description":"Expoaves 2024 au Costa Rica, un \u00e9v\u00e9nement qui souligne l'importance des oiseaux dans l'agriculture et l'environnement.","og_url":"https:\/\/www.sensorialsunsets.com\/fr\/expoaves-2024-et-son-role-dans-la-promotion-de-lavifaune-costaricienne\/","og_site_name":"SensorialSunsets","article_publisher":"https:\/\/www.facebook.com\/Sensorial-Sunsets-109180614715562","article_published_time":"2024-02-17T17:30:03+00:00","og_image":[{"width":2560,"height":1707,"url":"https:\/\/www.sensorialsunsets.com\/wp-content\/uploads\/2024\/02\/aves-matthis-volquardsen-2209439-scaled.jpg","type":"image\/jpeg"}],"author":"Sensorial Sunsets","twitter_card":"summary_large_image","twitter_misc":{"\u00c9crit par":"Sensorial Sunsets","Dur\u00e9e de lecture estim\u00e9e":"2 minutes"},"schema":{"@context":"https:\/\/schema.org","@graph":[{"@type":"Article","@id":"https:\/\/www.sensorialsunsets.com\/fr\/expoaves-2024-et-son-role-dans-la-promotion-de-lavifaune-costaricienne\/#article","isPartOf":{"@id":"https:\/\/www.sensorialsunsets.com\/fr\/expoaves-2024-et-son-role-dans-la-promotion-de-lavifaune-costaricienne\/"},"author":{"name":"Sensorial Sunsets","@id":"https:\/\/www.sensorialsunsets.com\/fr\/#\/schema\/person\/77e2fa594135aa94024c47e281d8a94d"},"headline":"Expoaves 2024 et son r\u00f4le dans la promotion de l&rsquo;avifaune costaricienne","datePublished":"2024-02-17T17:30:03+00:00","mainEntityOfPage":{"@id":"https:\/\/www.sensorialsunsets.com\/fr\/expoaves-2024-et-son-role-dans-la-promotion-de-lavifaune-costaricienne\/"},"wordCount":432,"publisher":{"@id":"https:\/\/www.sensorialsunsets.com\/fr\/#organization"},"image":{"@id":"https:\/\/www.sensorialsunsets.com\/fr\/expoaves-2024-et-son-role-dans-la-promotion-de-lavifaune-costaricienne\/#primaryimage"},"thumbnailUrl":"https:\/\/www.sensorialsunsets.com\/wp-content\/uploads\/2024\/02\/aves-matthis-volquardsen-2209439-scaled.jpg","articleSection":["Ecologie","Education"],"inLanguage":"fr-FR"},{"@type":"WebPage","@id":"https:\/\/www.sensorialsunsets.com\/fr\/expoaves-2024-et-son-role-dans-la-promotion-de-lavifaune-costaricienne\/","url":"https:\/\/www.sensorialsunsets.com\/fr\/expoaves-2024-et-son-role-dans-la-promotion-de-lavifaune-costaricienne\/","name":"Expoaves 2024 et son r\u00f4le dans l'avifaune costaricienne","isPartOf":{"@id":"https:\/\/www.sensorialsunsets.com\/fr\/#website"},"primaryImageOfPage":{"@id":"https:\/\/www.sensorialsunsets.com\/fr\/expoaves-2024-et-son-role-dans-la-promotion-de-lavifaune-costaricienne\/#primaryimage"},"image":{"@id":"https:\/\/www.sensorialsunsets.com\/fr\/expoaves-2024-et-son-role-dans-la-promotion-de-lavifaune-costaricienne\/#primaryimage"},"thumbnailUrl":"https:\/\/www.sensorialsunsets.com\/wp-content\/uploads\/2024\/02\/aves-matthis-volquardsen-2209439-scaled.jpg","datePublished":"2024-02-17T17:30:03+00:00","description":"Expoaves 2024 au Costa Rica, un \u00e9v\u00e9nement qui souligne l'importance des oiseaux dans l'agriculture et l'environnement.","inLanguage":"fr-FR","potentialAction":[{"@type":"ReadAction","target":["https:\/\/www.sensorialsunsets.com\/fr\/expoaves-2024-et-son-role-dans-la-promotion-de-lavifaune-costaricienne\/"]}]},{"@type":"ImageObject","inLanguage":"fr-FR","@id":"https:\/\/www.sensorialsunsets.com\/fr\/expoaves-2024-et-son-role-dans-la-promotion-de-lavifaune-costaricienne\/#primaryimage","url":"https:\/\/www.sensorialsunsets.com\/wp-content\/uploads\/2024\/02\/aves-matthis-volquardsen-2209439-scaled.jpg","contentUrl":"https:\/\/www.sensorialsunsets.com\/wp-content\/uploads\/2024\/02\/aves-matthis-volquardsen-2209439-scaled.jpg","width":2560,"height":1707},{"@type":"WebSite","@id":"https:\/\/www.sensorialsunsets.com\/fr\/#website","url":"https:\/\/www.sensorialsunsets.com\/fr\/","name":"SensorialSunsets.com","description":"D\u00e9couvrez la culture et la soci\u00e9t\u00e9 du Costa Rica sur notre blog. Explorez des articles captivants et partagez le contenu.","publisher":{"@id":"https:\/\/www.sensorialsunsets.com\/fr\/#organization"},"alternateName":"Costa Rica Live Blog","potentialAction":[{"@type":"SearchAction","target":{"@type":"EntryPoint","urlTemplate":"https:\/\/www.sensorialsunsets.com\/fr\/?s={search_term_string}"},"query-input":{"@type":"PropertyValueSpecification","valueRequired":true,"valueName":"search_term_string"}}],"inLanguage":"fr-FR"},{"@type":"Organization","@id":"https:\/\/www.sensorialsunsets.com\/fr\/#organization","name":"SensorialSunsets","url":"https:\/\/www.sensorialsunsets.com\/fr\/","logo":{"@type":"ImageObject","inLanguage":"fr-FR","@id":"https:\/\/www.sensorialsunsets.com\/fr\/#\/schema\/logo\/image\/","url":"https:\/\/www.sensorialsunsets.com\/wp-content\/uploads\/2023\/04\/Logo_base_line_fond_clair.svg","contentUrl":"https:\/\/www.sensorialsunsets.com\/wp-content\/uploads\/2023\/04\/Logo_base_line_fond_clair.svg","width":"1024","height":"1024","caption":"SensorialSunsets"},"image":{"@id":"https:\/\/www.sensorialsunsets.com\/fr\/#\/schema\/logo\/image\/"},"sameAs":["https:\/\/www.facebook.com\/Sensorial-Sunsets-109180614715562","https:\/\/www.instagram.com\/sensorialsunsets\/"]},{"@type":"Person","@id":"https:\/\/www.sensorialsunsets.com\/fr\/#\/schema\/person\/77e2fa594135aa94024c47e281d8a94d","name":"Sensorial Sunsets","image":{"@type":"ImageObject","inLanguage":"fr-FR","@id":"https:\/\/secure.gravatar.com\/avatar\/5f2d62681b1dad94c28f1500d4fc75582acdfd32b55fd1acce0a36a3c487eabe?s=96&d=mm&r=g","url":"https:\/\/secure.gravatar.com\/avatar\/5f2d62681b1dad94c28f1500d4fc75582acdfd32b55fd1acce0a36a3c487eabe?s=96&d=mm&r=g","contentUrl":"https:\/\/secure.gravatar.com\/avatar\/5f2d62681b1dad94c28f1500d4fc75582acdfd32b55fd1acce0a36a3c487eabe?s=96&d=mm&r=g","caption":"Sensorial Sunsets"},"url":"https:\/\/www.sensorialsunsets.com\/fr\/author\/asistentes-sensorial-sunsets\/"}]}},"_links":{"self":[{"href":"https:\/\/www.sensorialsunsets.com\/fr\/wp-json\/wp\/v2\/posts\/14426","targetHints":{"allow":["GET"]}}],"collection":[{"href":"https:\/\/www.sensorialsunsets.com\/fr\/wp-json\/wp\/v2\/posts"}],"about":[{"href":"https:\/\/www.sensorialsunsets.com\/fr\/wp-json\/wp\/v2\/types\/post"}],"author":[{"embeddable":true,"href":"https:\/\/www.sensorialsunsets.com\/fr\/wp-json\/wp\/v2\/users\/4"}],"replies":[{"embeddable":true,"href":"https:\/\/www.sensorialsunsets.com\/fr\/wp-json\/wp\/v2\/comments?post=14426"}],"version-history":[{"count":0,"href":"https:\/\/www.sensorialsunsets.com\/fr\/wp-json\/wp\/v2\/posts\/14426\/revisions"}],"wp:featuredmedia":[{"embeddable":true,"href":"https:\/\/www.sensorialsunsets.com\/fr\/wp-json\/wp\/v2\/media\/14391"}],"wp:attachment":[{"href":"https:\/\/www.sensorialsunsets.com\/fr\/wp-json\/wp\/v2\/media?parent=14426"}],"wp:term":[{"taxonomy":"category","embeddable":true,"href":"https:\/\/www.sensorialsunsets.com\/fr\/wp-json\/wp\/v2\/categories?post=14426"},{"taxonomy":"post_tag","embeddable":true,"href":"https:\/\/www.sensorialsunsets.com\/fr\/wp-json\/wp\/v2\/tags?post=14426"}],"curies":[{"name":"wp","href":"https:\/\/api.w.org\/{rel}","templated":true}]}}