{"id":14587,"date":"2024-02-21T11:54:35","date_gmt":"2024-02-21T17:54:35","guid":{"rendered":"https:\/\/www.sensorialsunsets.com\/?p=14587"},"modified":"2024-02-21T11:54:35","modified_gmt":"2024-02-21T17:54:35","slug":"festival-de-la-glace-artisanale-2024","status":"publish","type":"post","link":"https:\/\/www.sensorialsunsets.com\/fr\/festival-de-la-glace-artisanale-2024\/","title":{"rendered":"Festival de la glace artisanale 2024"},"content":{"rendered":"\n<p>Le <a href=\"https:\/\/www.festivaldehelado.com\">Festival de la glace<\/a> est l&rsquo;\u00e9picentre des amateurs de cr\u00e8me glac\u00e9e, o\u00f9 les distributeurs et les producteurs les plus remarquables se r\u00e9unissent pour partager leurs cr\u00e9ations et faire des affaires avec un public avide de nouvelles exp\u00e9riences gastronomiques. En plus d&rsquo;enchanter les palais, cet \u00e9v\u00e9nement vise \u00e0 encourager la culture de la cr\u00e8me glac\u00e9e et \u00e0 promouvoir la production locale au Costa Rica, ainsi qu&rsquo;\u00e0 fournir un espace pour l&rsquo;\u00e9change de connaissances et d&rsquo;exp\u00e9riences entre les professionnels du secteur.<\/p>\n\n<h4 class=\"wp-block-heading\">Ateliers<\/h4>\n\n<p>Un salon pour les familles, les enfants et les adultes pourront profiter d&rsquo;ateliers. <\/p>\n\n<figure class=\"wp-block-gallery has-nested-images columns-default is-cropped wp-block-gallery-1 is-layout-flex wp-block-gallery-is-layout-flex\">\n<figure class=\"wp-block-image size-large\"><img loading=\"lazy\" decoding=\"async\" width=\"1024\" height=\"683\" data-id=\"14559\" src=\"https:\/\/www.sensorialsunsets.com\/wp-content\/uploads\/2024\/02\/festmusica-1024x683.jpg\" alt=\"\" class=\"wp-image-14559\" srcset=\"https:\/\/www.sensorialsunsets.com\/wp-content\/uploads\/2024\/02\/festmusica-1024x683.jpg 1024w, https:\/\/www.sensorialsunsets.com\/wp-content\/uploads\/2024\/02\/festmusica-300x200.jpg 300w, https:\/\/www.sensorialsunsets.com\/wp-content\/uploads\/2024\/02\/festmusica-768x512.jpg 768w, https:\/\/www.sensorialsunsets.com\/wp-content\/uploads\/2024\/02\/festmusica-1536x1024.jpg 1536w, https:\/\/www.sensorialsunsets.com\/wp-content\/uploads\/2024\/02\/festmusica-334x222.jpg 334w, https:\/\/www.sensorialsunsets.com\/wp-content\/uploads\/2024\/02\/festmusica-1320x880.jpg 1320w, https:\/\/www.sensorialsunsets.com\/wp-content\/uploads\/2024\/02\/festmusica.jpg 1728w\" sizes=\"auto, (max-width: 1024px) 100vw, 1024px\" \/><\/figure>\n\n\n\n<figure class=\"wp-block-image size-large\"><img loading=\"lazy\" decoding=\"async\" width=\"1024\" height=\"683\" data-id=\"14552\" src=\"https:\/\/www.sensorialsunsets.com\/wp-content\/uploads\/2024\/02\/festnino-1024x683.jpg\" alt=\"\" class=\"wp-image-14552\" srcset=\"https:\/\/www.sensorialsunsets.com\/wp-content\/uploads\/2024\/02\/festnino-1024x683.jpg 1024w, https:\/\/www.sensorialsunsets.com\/wp-content\/uploads\/2024\/02\/festnino-300x200.jpg 300w, https:\/\/www.sensorialsunsets.com\/wp-content\/uploads\/2024\/02\/festnino-768x512.jpg 768w, https:\/\/www.sensorialsunsets.com\/wp-content\/uploads\/2024\/02\/festnino-1536x1024.jpg 1536w, https:\/\/www.sensorialsunsets.com\/wp-content\/uploads\/2024\/02\/festnino-334x222.jpg 334w, https:\/\/www.sensorialsunsets.com\/wp-content\/uploads\/2024\/02\/festnino-1320x880.jpg 1320w, https:\/\/www.sensorialsunsets.com\/wp-content\/uploads\/2024\/02\/festnino.jpg 1728w\" sizes=\"auto, (max-width: 1024px) 100vw, 1024px\" \/><\/figure>\n\n\n\n<figure class=\"wp-block-image size-large\"><img loading=\"lazy\" decoding=\"async\" width=\"1024\" height=\"683\" data-id=\"14549\" src=\"https:\/\/www.sensorialsunsets.com\/wp-content\/uploads\/2024\/02\/festbaile-1024x683.jpg\" alt=\"\" class=\"wp-image-14549\" srcset=\"https:\/\/www.sensorialsunsets.com\/wp-content\/uploads\/2024\/02\/festbaile-1024x683.jpg 1024w, https:\/\/www.sensorialsunsets.com\/wp-content\/uploads\/2024\/02\/festbaile-300x200.jpg 300w, https:\/\/www.sensorialsunsets.com\/wp-content\/uploads\/2024\/02\/festbaile-768x512.jpg 768w, https:\/\/www.sensorialsunsets.com\/wp-content\/uploads\/2024\/02\/festbaile-1536x1024.jpg 1536w, https:\/\/www.sensorialsunsets.com\/wp-content\/uploads\/2024\/02\/festbaile-334x222.jpg 334w, https:\/\/www.sensorialsunsets.com\/wp-content\/uploads\/2024\/02\/festbaile-1320x880.jpg 1320w, https:\/\/www.sensorialsunsets.com\/wp-content\/uploads\/2024\/02\/festbaile.jpg 1728w\" sizes=\"auto, (max-width: 1024px) 100vw, 1024px\" \/><\/figure>\n<\/figure>\n\n<h4 class=\"wp-block-heading\">D\u00e9gustations<\/h4>\n\n<p>Il est possible de go\u00fbter et de savourer toutes sortes de glaces, avec de nouvelles cr\u00e9ations et de nouvelles tendances.<\/p>\n\n<figure class=\"wp-block-gallery has-nested-images columns-default is-cropped wp-block-gallery-2 is-layout-flex wp-block-gallery-is-layout-flex\">\n<figure class=\"wp-block-image size-large\"><img loading=\"lazy\" decoding=\"async\" width=\"1024\" height=\"683\" data-id=\"14580\" src=\"https:\/\/www.sensorialsunsets.com\/wp-content\/uploads\/2024\/02\/compratres-1024x683.jpg\" alt=\"\" class=\"wp-image-14580\" srcset=\"https:\/\/www.sensorialsunsets.com\/wp-content\/uploads\/2024\/02\/compratres-1024x683.jpg 1024w, https:\/\/www.sensorialsunsets.com\/wp-content\/uploads\/2024\/02\/compratres-300x200.jpg 300w, https:\/\/www.sensorialsunsets.com\/wp-content\/uploads\/2024\/02\/compratres-768x512.jpg 768w, https:\/\/www.sensorialsunsets.com\/wp-content\/uploads\/2024\/02\/compratres-1536x1024.jpg 1536w, https:\/\/www.sensorialsunsets.com\/wp-content\/uploads\/2024\/02\/compratres-334x222.jpg 334w, https:\/\/www.sensorialsunsets.com\/wp-content\/uploads\/2024\/02\/compratres-1320x880.jpg 1320w, https:\/\/www.sensorialsunsets.com\/wp-content\/uploads\/2024\/02\/compratres.jpg 1728w\" sizes=\"auto, (max-width: 1024px) 100vw, 1024px\" \/><\/figure>\n\n\n\n<figure class=\"wp-block-image size-large\"><img loading=\"lazy\" decoding=\"async\" width=\"1024\" height=\"683\" data-id=\"14577\" src=\"https:\/\/www.sensorialsunsets.com\/wp-content\/uploads\/2024\/02\/comprados-1024x683.jpg\" alt=\"\" class=\"wp-image-14577\" srcset=\"https:\/\/www.sensorialsunsets.com\/wp-content\/uploads\/2024\/02\/comprados-1024x683.jpg 1024w, https:\/\/www.sensorialsunsets.com\/wp-content\/uploads\/2024\/02\/comprados-300x200.jpg 300w, https:\/\/www.sensorialsunsets.com\/wp-content\/uploads\/2024\/02\/comprados-768x512.jpg 768w, https:\/\/www.sensorialsunsets.com\/wp-content\/uploads\/2024\/02\/comprados-1536x1024.jpg 1536w, https:\/\/www.sensorialsunsets.com\/wp-content\/uploads\/2024\/02\/comprados-334x222.jpg 334w, https:\/\/www.sensorialsunsets.com\/wp-content\/uploads\/2024\/02\/comprados-1320x880.jpg 1320w, https:\/\/www.sensorialsunsets.com\/wp-content\/uploads\/2024\/02\/comprados.jpg 1728w\" sizes=\"auto, (max-width: 1024px) 100vw, 1024px\" \/><\/figure>\n\n\n\n<figure class=\"wp-block-image size-large\"><img loading=\"lazy\" decoding=\"async\" width=\"1024\" height=\"683\" data-id=\"14574\" src=\"https:\/\/www.sensorialsunsets.com\/wp-content\/uploads\/2024\/02\/compra-1024x683.jpg\" alt=\"\" class=\"wp-image-14574\" srcset=\"https:\/\/www.sensorialsunsets.com\/wp-content\/uploads\/2024\/02\/compra-1024x683.jpg 1024w, https:\/\/www.sensorialsunsets.com\/wp-content\/uploads\/2024\/02\/compra-300x200.jpg 300w, https:\/\/www.sensorialsunsets.com\/wp-content\/uploads\/2024\/02\/compra-768x512.jpg 768w, https:\/\/www.sensorialsunsets.com\/wp-content\/uploads\/2024\/02\/compra-1536x1024.jpg 1536w, https:\/\/www.sensorialsunsets.com\/wp-content\/uploads\/2024\/02\/compra-334x222.jpg 334w, https:\/\/www.sensorialsunsets.com\/wp-content\/uploads\/2024\/02\/compra-1320x880.jpg 1320w, https:\/\/www.sensorialsunsets.com\/wp-content\/uploads\/2024\/02\/compra.jpg 1728w\" sizes=\"auto, (max-width: 1024px) 100vw, 1024px\" \/><\/figure>\n<\/figure>\n\n<h4 class=\"wp-block-heading\">Achats<\/h4>\n\n<p>Bien \u00e9videmment, vous pouvez acheter des glaces de toutes sortes et de toutes origines : commerce \u00e9quitable, sans sucre, raffin\u00e9es, aux fruits et bien d&rsquo;autres encore.<\/p>\n\n<figure class=\"wp-block-gallery has-nested-images columns-default is-cropped wp-block-gallery-3 is-layout-flex wp-block-gallery-is-layout-flex\">\n<figure class=\"wp-block-image size-large\"><img loading=\"lazy\" decoding=\"async\" width=\"1024\" height=\"683\" data-id=\"14543\" src=\"https:\/\/www.sensorialsunsets.com\/wp-content\/uploads\/2024\/02\/antiguaduana-1024x683.jpg\" alt=\"\" class=\"wp-image-14543\" srcset=\"https:\/\/www.sensorialsunsets.com\/wp-content\/uploads\/2024\/02\/antiguaduana-1024x683.jpg 1024w, https:\/\/www.sensorialsunsets.com\/wp-content\/uploads\/2024\/02\/antiguaduana-300x200.jpg 300w, https:\/\/www.sensorialsunsets.com\/wp-content\/uploads\/2024\/02\/antiguaduana-768x512.jpg 768w, https:\/\/www.sensorialsunsets.com\/wp-content\/uploads\/2024\/02\/antiguaduana-1536x1024.jpg 1536w, https:\/\/www.sensorialsunsets.com\/wp-content\/uploads\/2024\/02\/antiguaduana-334x222.jpg 334w, https:\/\/www.sensorialsunsets.com\/wp-content\/uploads\/2024\/02\/antiguaduana-1320x880.jpg 1320w, https:\/\/www.sensorialsunsets.com\/wp-content\/uploads\/2024\/02\/antiguaduana.jpg 1728w\" sizes=\"auto, (max-width: 1024px) 100vw, 1024px\" \/><\/figure>\n\n\n\n<figure class=\"wp-block-image size-large\"><img loading=\"lazy\" decoding=\"async\" width=\"1024\" height=\"683\" data-id=\"14558\" src=\"https:\/\/www.sensorialsunsets.com\/wp-content\/uploads\/2024\/02\/festahelado-1024x683.jpg\" alt=\"\" class=\"wp-image-14558\" srcset=\"https:\/\/www.sensorialsunsets.com\/wp-content\/uploads\/2024\/02\/festahelado-1024x683.jpg 1024w, https:\/\/www.sensorialsunsets.com\/wp-content\/uploads\/2024\/02\/festahelado-300x200.jpg 300w, https:\/\/www.sensorialsunsets.com\/wp-content\/uploads\/2024\/02\/festahelado-768x512.jpg 768w, https:\/\/www.sensorialsunsets.com\/wp-content\/uploads\/2024\/02\/festahelado-1536x1024.jpg 1536w, https:\/\/www.sensorialsunsets.com\/wp-content\/uploads\/2024\/02\/festahelado-334x222.jpg 334w, https:\/\/www.sensorialsunsets.com\/wp-content\/uploads\/2024\/02\/festahelado-1320x880.jpg 1320w, https:\/\/www.sensorialsunsets.com\/wp-content\/uploads\/2024\/02\/festahelado.jpg 1728w\" sizes=\"auto, (max-width: 1024px) 100vw, 1024px\" \/><\/figure>\n\n\n\n<figure class=\"wp-block-image size-large\"><img loading=\"lazy\" decoding=\"async\" width=\"1024\" height=\"683\" data-id=\"14554\" src=\"https:\/\/www.sensorialsunsets.com\/wp-content\/uploads\/2024\/02\/festa-jhelado-1024x683.jpg\" alt=\"\" class=\"wp-image-14554\" srcset=\"https:\/\/www.sensorialsunsets.com\/wp-content\/uploads\/2024\/02\/festa-jhelado-1024x683.jpg 1024w, https:\/\/www.sensorialsunsets.com\/wp-content\/uploads\/2024\/02\/festa-jhelado-300x200.jpg 300w, https:\/\/www.sensorialsunsets.com\/wp-content\/uploads\/2024\/02\/festa-jhelado-768x512.jpg 768w, https:\/\/www.sensorialsunsets.com\/wp-content\/uploads\/2024\/02\/festa-jhelado-1536x1024.jpg 1536w, https:\/\/www.sensorialsunsets.com\/wp-content\/uploads\/2024\/02\/festa-jhelado-334x222.jpg 334w, https:\/\/www.sensorialsunsets.com\/wp-content\/uploads\/2024\/02\/festa-jhelado-1320x880.jpg 1320w, https:\/\/www.sensorialsunsets.com\/wp-content\/uploads\/2024\/02\/festa-jhelado.jpg 1728w\" sizes=\"auto, (max-width: 1024px) 100vw, 1024px\" \/><\/figure>\n<\/figure>\n\n<p>Avec la participation d&rsquo;un grand nombre d&rsquo;entreprises de cr\u00e8me glac\u00e9e du pays, ainsi que le soutien d&rsquo;organisations gouvernementales, le festival contribue non seulement \u00e0 la diffusion de ce d\u00e9licieux produit, mais stimule \u00e9galement le progr\u00e8s des producteurs locaux.<\/p>\n\n<p>Pour cette \u00e9dition, plus de 50 types de glaces seront disponibles au Stade national les 24 et 25 f\u00e9vrier, de 10h \u00e0 19h.<\/p>\n\n<figure class=\"wp-block-pullquote has-text-align-left has-cyan-bluish-gray-color has-text-color has-link-color wp-elements-449b0c082f76fa4b6fcdc46208a61e81\"><blockquote><p>O\u00f9 : Stade national<br\/>Jour : 24 et 25 f\u00e9vrier 2024<br\/>Heure : 10 heures &#8211; 19 heures<br\/>Admission : 3000 colones et gratuit pour les enfants<br\/>Ev\u00e9nement accueillant pour les animaux de compagnie.<\/p><\/blockquote><\/figure>\n\n<figure class=\"wp-block-embed is-type-video is-provider-youtube wp-block-embed-youtube\"><div class=\"wp-block-embed__wrapper\">\r\n <iframe loading=\"lazy\" title=\"spot festival del helado 2023\" width=\"900\" height=\"506\" src=\"https:\/\/www.youtube.com\/embed\/9q64HZBqS1A?feature=oembed\" frameborder=\"0\" allow=\"accelerometer; autoplay; clipboard-write; encrypted-media; gyroscope; picture-in-picture; web-share\" allowfullscreen><\/iframe>\r\n<\/div><figcaption class=\"wp-element-caption\">Festival de la glace 2023<\/figcaption><\/figure>\r\n","protected":false},"excerpt":{"rendered":"<p>Le Festival de la glace est l&rsquo;\u00e9picentre des amateurs de cr\u00e8me glac\u00e9e, o\u00f9 les distributeurs et les producteurs les plus remarquables se r\u00e9unissent pour partager leurs cr\u00e9ations et faire des affaires avec un public avide de nouvelles exp\u00e9riences gastronomiques. En plus d&rsquo;enchanter les palais, cet \u00e9v\u00e9nement vise \u00e0 encourager la culture de la cr\u00e8me glac\u00e9e [&hellip;]<\/p>\n","protected":false},"author":4,"featured_media":14566,"comment_status":"closed","ping_status":"closed","sticky":false,"template":"","format":"standard","meta":{"_acf_changed":false,"inline_featured_image":false,"_monsterinsights_skip_tracking":false,"_monsterinsights_sitenote_active":false,"_monsterinsights_sitenote_note":"","_monsterinsights_sitenote_category":0,"footnotes":""},"categories":[168],"tags":[],"class_list":["post-14587","post","type-post","status-publish","format-standard","has-post-thumbnail","hentry","category-actualites"],"acf":[],"yoast_head":"<!-- This site is optimized with the Yoast SEO plugin v27.4 - https:\/\/yoast.com\/product\/yoast-seo-wordpress\/ -->\n<title>Festival de la glace artisanale 2024 - SensorialSunsets<\/title>\n<meta name=\"description\" content=\"Le festival de la glace artisanale au stade national les 24 et 25 f\u00e9vrier 2024, de 10h \u00e0 19h.\" \/>\n<meta name=\"robots\" content=\"index, follow, max-snippet:-1, max-image-preview:large, max-video-preview:-1\" \/>\n<link rel=\"canonical\" href=\"https:\/\/www.sensorialsunsets.com\/fr\/festival-de-la-glace-artisanale-2024\/\" \/>\n<meta property=\"og:locale\" content=\"fr_FR\" \/>\n<meta property=\"og:type\" content=\"article\" \/>\n<meta property=\"og:title\" content=\"Festival de la glace artisanale 2024 - SensorialSunsets\" \/>\n<meta property=\"og:description\" content=\"Le festival de la glace artisanale au stade national les 24 et 25 f\u00e9vrier 2024, de 10h \u00e0 19h.\" \/>\n<meta property=\"og:url\" content=\"https:\/\/www.sensorialsunsets.com\/fr\/festival-de-la-glace-artisanale-2024\/\" \/>\n<meta property=\"og:site_name\" content=\"SensorialSunsets\" \/>\n<meta property=\"article:publisher\" content=\"https:\/\/www.facebook.com\/Sensorial-Sunsets-109180614715562\" \/>\n<meta property=\"article:published_time\" content=\"2024-02-21T17:54:35+00:00\" \/>\n<meta property=\"og:image\" content=\"https:\/\/www.sensorialsunsets.com\/wp-content\/uploads\/2024\/02\/festivaldelheladoartesanal.jpg\" \/>\n\t<meta property=\"og:image:width\" content=\"1728\" \/>\n\t<meta property=\"og:image:height\" content=\"1152\" \/>\n\t<meta property=\"og:image:type\" content=\"image\/jpeg\" \/>\n<meta name=\"author\" content=\"Sensorial Sunsets\" \/>\n<meta name=\"twitter:card\" content=\"summary_large_image\" \/>\n<meta name=\"twitter:label1\" content=\"\u00c9crit par\" \/>\n\t<meta name=\"twitter:data1\" content=\"Sensorial Sunsets\" \/>\n\t<meta name=\"twitter:label2\" content=\"Dur\u00e9e de lecture estim\u00e9e\" \/>\n\t<meta name=\"twitter:data2\" content=\"1 minute\" \/>\n<script type=\"application\/ld+json\" class=\"yoast-schema-graph\">{\"@context\":\"https:\\\/\\\/schema.org\",\"@graph\":[{\"@type\":\"Article\",\"@id\":\"https:\\\/\\\/www.sensorialsunsets.com\\\/fr\\\/festival-de-la-glace-artisanale-2024\\\/#article\",\"isPartOf\":{\"@id\":\"https:\\\/\\\/www.sensorialsunsets.com\\\/fr\\\/festival-de-la-glace-artisanale-2024\\\/\"},\"author\":{\"name\":\"Sensorial Sunsets\",\"@id\":\"https:\\\/\\\/www.sensorialsunsets.com\\\/fr\\\/#\\\/schema\\\/person\\\/77e2fa594135aa94024c47e281d8a94d\"},\"headline\":\"Festival de la glace artisanale 2024\",\"datePublished\":\"2024-02-21T17:54:35+00:00\",\"mainEntityOfPage\":{\"@id\":\"https:\\\/\\\/www.sensorialsunsets.com\\\/fr\\\/festival-de-la-glace-artisanale-2024\\\/\"},\"wordCount\":260,\"publisher\":{\"@id\":\"https:\\\/\\\/www.sensorialsunsets.com\\\/fr\\\/#organization\"},\"image\":{\"@id\":\"https:\\\/\\\/www.sensorialsunsets.com\\\/fr\\\/festival-de-la-glace-artisanale-2024\\\/#primaryimage\"},\"thumbnailUrl\":\"https:\\\/\\\/www.sensorialsunsets.com\\\/wp-content\\\/uploads\\\/2024\\\/02\\\/festivaldelheladoartesanal.jpg\",\"articleSection\":[\"Vivez le Costa Rica\"],\"inLanguage\":\"fr-FR\"},{\"@type\":\"WebPage\",\"@id\":\"https:\\\/\\\/www.sensorialsunsets.com\\\/fr\\\/festival-de-la-glace-artisanale-2024\\\/\",\"url\":\"https:\\\/\\\/www.sensorialsunsets.com\\\/fr\\\/festival-de-la-glace-artisanale-2024\\\/\",\"name\":\"Festival de la glace artisanale 2024 - SensorialSunsets\",\"isPartOf\":{\"@id\":\"https:\\\/\\\/www.sensorialsunsets.com\\\/fr\\\/#website\"},\"primaryImageOfPage\":{\"@id\":\"https:\\\/\\\/www.sensorialsunsets.com\\\/fr\\\/festival-de-la-glace-artisanale-2024\\\/#primaryimage\"},\"image\":{\"@id\":\"https:\\\/\\\/www.sensorialsunsets.com\\\/fr\\\/festival-de-la-glace-artisanale-2024\\\/#primaryimage\"},\"thumbnailUrl\":\"https:\\\/\\\/www.sensorialsunsets.com\\\/wp-content\\\/uploads\\\/2024\\\/02\\\/festivaldelheladoartesanal.jpg\",\"datePublished\":\"2024-02-21T17:54:35+00:00\",\"description\":\"Le festival de la glace artisanale au stade national les 24 et 25 f\u00e9vrier 2024, de 10h \u00e0 19h.\",\"inLanguage\":\"fr-FR\",\"potentialAction\":[{\"@type\":\"ReadAction\",\"target\":[\"https:\\\/\\\/www.sensorialsunsets.com\\\/fr\\\/festival-de-la-glace-artisanale-2024\\\/\"]}]},{\"@type\":\"ImageObject\",\"inLanguage\":\"fr-FR\",\"@id\":\"https:\\\/\\\/www.sensorialsunsets.com\\\/fr\\\/festival-de-la-glace-artisanale-2024\\\/#primaryimage\",\"url\":\"https:\\\/\\\/www.sensorialsunsets.com\\\/wp-content\\\/uploads\\\/2024\\\/02\\\/festivaldelheladoartesanal.jpg\",\"contentUrl\":\"https:\\\/\\\/www.sensorialsunsets.com\\\/wp-content\\\/uploads\\\/2024\\\/02\\\/festivaldelheladoartesanal.jpg\",\"width\":1728,\"height\":1152},{\"@type\":\"WebSite\",\"@id\":\"https:\\\/\\\/www.sensorialsunsets.com\\\/fr\\\/#website\",\"url\":\"https:\\\/\\\/www.sensorialsunsets.com\\\/fr\\\/\",\"name\":\"SensorialSunsets.com\",\"description\":\"D\u00e9couvrez la culture et la soci\u00e9t\u00e9 du Costa Rica sur notre blog. Explorez des articles captivants et partagez le contenu.\",\"publisher\":{\"@id\":\"https:\\\/\\\/www.sensorialsunsets.com\\\/fr\\\/#organization\"},\"alternateName\":\"Costa Rica Live Blog\",\"potentialAction\":[{\"@type\":\"SearchAction\",\"target\":{\"@type\":\"EntryPoint\",\"urlTemplate\":\"https:\\\/\\\/www.sensorialsunsets.com\\\/fr\\\/?s={search_term_string}\"},\"query-input\":{\"@type\":\"PropertyValueSpecification\",\"valueRequired\":true,\"valueName\":\"search_term_string\"}}],\"inLanguage\":\"fr-FR\"},{\"@type\":\"Organization\",\"@id\":\"https:\\\/\\\/www.sensorialsunsets.com\\\/fr\\\/#organization\",\"name\":\"SensorialSunsets\",\"url\":\"https:\\\/\\\/www.sensorialsunsets.com\\\/fr\\\/\",\"logo\":{\"@type\":\"ImageObject\",\"inLanguage\":\"fr-FR\",\"@id\":\"https:\\\/\\\/www.sensorialsunsets.com\\\/fr\\\/#\\\/schema\\\/logo\\\/image\\\/\",\"url\":\"https:\\\/\\\/www.sensorialsunsets.com\\\/wp-content\\\/uploads\\\/2023\\\/04\\\/Logo_base_line_fond_clair.svg\",\"contentUrl\":\"https:\\\/\\\/www.sensorialsunsets.com\\\/wp-content\\\/uploads\\\/2023\\\/04\\\/Logo_base_line_fond_clair.svg\",\"width\":\"1024\",\"height\":\"1024\",\"caption\":\"SensorialSunsets\"},\"image\":{\"@id\":\"https:\\\/\\\/www.sensorialsunsets.com\\\/fr\\\/#\\\/schema\\\/logo\\\/image\\\/\"},\"sameAs\":[\"https:\\\/\\\/www.facebook.com\\\/Sensorial-Sunsets-109180614715562\",\"https:\\\/\\\/www.instagram.com\\\/sensorialsunsets\\\/\"]},{\"@type\":\"Person\",\"@id\":\"https:\\\/\\\/www.sensorialsunsets.com\\\/fr\\\/#\\\/schema\\\/person\\\/77e2fa594135aa94024c47e281d8a94d\",\"name\":\"Sensorial Sunsets\",\"image\":{\"@type\":\"ImageObject\",\"inLanguage\":\"fr-FR\",\"@id\":\"https:\\\/\\\/secure.gravatar.com\\\/avatar\\\/5f2d62681b1dad94c28f1500d4fc75582acdfd32b55fd1acce0a36a3c487eabe?s=96&d=mm&r=g\",\"url\":\"https:\\\/\\\/secure.gravatar.com\\\/avatar\\\/5f2d62681b1dad94c28f1500d4fc75582acdfd32b55fd1acce0a36a3c487eabe?s=96&d=mm&r=g\",\"contentUrl\":\"https:\\\/\\\/secure.gravatar.com\\\/avatar\\\/5f2d62681b1dad94c28f1500d4fc75582acdfd32b55fd1acce0a36a3c487eabe?s=96&d=mm&r=g\",\"caption\":\"Sensorial Sunsets\"},\"url\":\"https:\\\/\\\/www.sensorialsunsets.com\\\/fr\\\/author\\\/asistentes-sensorial-sunsets\\\/\"}]}<\/script>\n<!-- \/ Yoast SEO plugin. -->","yoast_head_json":{"title":"Festival de la glace artisanale 2024 - SensorialSunsets","description":"Le festival de la glace artisanale au stade national les 24 et 25 f\u00e9vrier 2024, de 10h \u00e0 19h.","robots":{"index":"index","follow":"follow","max-snippet":"max-snippet:-1","max-image-preview":"max-image-preview:large","max-video-preview":"max-video-preview:-1"},"canonical":"https:\/\/www.sensorialsunsets.com\/fr\/festival-de-la-glace-artisanale-2024\/","og_locale":"fr_FR","og_type":"article","og_title":"Festival de la glace artisanale 2024 - SensorialSunsets","og_description":"Le festival de la glace artisanale au stade national les 24 et 25 f\u00e9vrier 2024, de 10h \u00e0 19h.","og_url":"https:\/\/www.sensorialsunsets.com\/fr\/festival-de-la-glace-artisanale-2024\/","og_site_name":"SensorialSunsets","article_publisher":"https:\/\/www.facebook.com\/Sensorial-Sunsets-109180614715562","article_published_time":"2024-02-21T17:54:35+00:00","og_image":[{"width":1728,"height":1152,"url":"https:\/\/www.sensorialsunsets.com\/wp-content\/uploads\/2024\/02\/festivaldelheladoartesanal.jpg","type":"image\/jpeg"}],"author":"Sensorial Sunsets","twitter_card":"summary_large_image","twitter_misc":{"\u00c9crit par":"Sensorial Sunsets","Dur\u00e9e de lecture estim\u00e9e":"1 minute"},"schema":{"@context":"https:\/\/schema.org","@graph":[{"@type":"Article","@id":"https:\/\/www.sensorialsunsets.com\/fr\/festival-de-la-glace-artisanale-2024\/#article","isPartOf":{"@id":"https:\/\/www.sensorialsunsets.com\/fr\/festival-de-la-glace-artisanale-2024\/"},"author":{"name":"Sensorial Sunsets","@id":"https:\/\/www.sensorialsunsets.com\/fr\/#\/schema\/person\/77e2fa594135aa94024c47e281d8a94d"},"headline":"Festival de la glace artisanale 2024","datePublished":"2024-02-21T17:54:35+00:00","mainEntityOfPage":{"@id":"https:\/\/www.sensorialsunsets.com\/fr\/festival-de-la-glace-artisanale-2024\/"},"wordCount":260,"publisher":{"@id":"https:\/\/www.sensorialsunsets.com\/fr\/#organization"},"image":{"@id":"https:\/\/www.sensorialsunsets.com\/fr\/festival-de-la-glace-artisanale-2024\/#primaryimage"},"thumbnailUrl":"https:\/\/www.sensorialsunsets.com\/wp-content\/uploads\/2024\/02\/festivaldelheladoartesanal.jpg","articleSection":["Vivez le Costa Rica"],"inLanguage":"fr-FR"},{"@type":"WebPage","@id":"https:\/\/www.sensorialsunsets.com\/fr\/festival-de-la-glace-artisanale-2024\/","url":"https:\/\/www.sensorialsunsets.com\/fr\/festival-de-la-glace-artisanale-2024\/","name":"Festival de la glace artisanale 2024 - SensorialSunsets","isPartOf":{"@id":"https:\/\/www.sensorialsunsets.com\/fr\/#website"},"primaryImageOfPage":{"@id":"https:\/\/www.sensorialsunsets.com\/fr\/festival-de-la-glace-artisanale-2024\/#primaryimage"},"image":{"@id":"https:\/\/www.sensorialsunsets.com\/fr\/festival-de-la-glace-artisanale-2024\/#primaryimage"},"thumbnailUrl":"https:\/\/www.sensorialsunsets.com\/wp-content\/uploads\/2024\/02\/festivaldelheladoartesanal.jpg","datePublished":"2024-02-21T17:54:35+00:00","description":"Le festival de la glace artisanale au stade national les 24 et 25 f\u00e9vrier 2024, de 10h \u00e0 19h.","inLanguage":"fr-FR","potentialAction":[{"@type":"ReadAction","target":["https:\/\/www.sensorialsunsets.com\/fr\/festival-de-la-glace-artisanale-2024\/"]}]},{"@type":"ImageObject","inLanguage":"fr-FR","@id":"https:\/\/www.sensorialsunsets.com\/fr\/festival-de-la-glace-artisanale-2024\/#primaryimage","url":"https:\/\/www.sensorialsunsets.com\/wp-content\/uploads\/2024\/02\/festivaldelheladoartesanal.jpg","contentUrl":"https:\/\/www.sensorialsunsets.com\/wp-content\/uploads\/2024\/02\/festivaldelheladoartesanal.jpg","width":1728,"height":1152},{"@type":"WebSite","@id":"https:\/\/www.sensorialsunsets.com\/fr\/#website","url":"https:\/\/www.sensorialsunsets.com\/fr\/","name":"SensorialSunsets.com","description":"D\u00e9couvrez la culture et la soci\u00e9t\u00e9 du Costa Rica sur notre blog. Explorez des articles captivants et partagez le contenu.","publisher":{"@id":"https:\/\/www.sensorialsunsets.com\/fr\/#organization"},"alternateName":"Costa Rica Live Blog","potentialAction":[{"@type":"SearchAction","target":{"@type":"EntryPoint","urlTemplate":"https:\/\/www.sensorialsunsets.com\/fr\/?s={search_term_string}"},"query-input":{"@type":"PropertyValueSpecification","valueRequired":true,"valueName":"search_term_string"}}],"inLanguage":"fr-FR"},{"@type":"Organization","@id":"https:\/\/www.sensorialsunsets.com\/fr\/#organization","name":"SensorialSunsets","url":"https:\/\/www.sensorialsunsets.com\/fr\/","logo":{"@type":"ImageObject","inLanguage":"fr-FR","@id":"https:\/\/www.sensorialsunsets.com\/fr\/#\/schema\/logo\/image\/","url":"https:\/\/www.sensorialsunsets.com\/wp-content\/uploads\/2023\/04\/Logo_base_line_fond_clair.svg","contentUrl":"https:\/\/www.sensorialsunsets.com\/wp-content\/uploads\/2023\/04\/Logo_base_line_fond_clair.svg","width":"1024","height":"1024","caption":"SensorialSunsets"},"image":{"@id":"https:\/\/www.sensorialsunsets.com\/fr\/#\/schema\/logo\/image\/"},"sameAs":["https:\/\/www.facebook.com\/Sensorial-Sunsets-109180614715562","https:\/\/www.instagram.com\/sensorialsunsets\/"]},{"@type":"Person","@id":"https:\/\/www.sensorialsunsets.com\/fr\/#\/schema\/person\/77e2fa594135aa94024c47e281d8a94d","name":"Sensorial Sunsets","image":{"@type":"ImageObject","inLanguage":"fr-FR","@id":"https:\/\/secure.gravatar.com\/avatar\/5f2d62681b1dad94c28f1500d4fc75582acdfd32b55fd1acce0a36a3c487eabe?s=96&d=mm&r=g","url":"https:\/\/secure.gravatar.com\/avatar\/5f2d62681b1dad94c28f1500d4fc75582acdfd32b55fd1acce0a36a3c487eabe?s=96&d=mm&r=g","contentUrl":"https:\/\/secure.gravatar.com\/avatar\/5f2d62681b1dad94c28f1500d4fc75582acdfd32b55fd1acce0a36a3c487eabe?s=96&d=mm&r=g","caption":"Sensorial Sunsets"},"url":"https:\/\/www.sensorialsunsets.com\/fr\/author\/asistentes-sensorial-sunsets\/"}]}},"_links":{"self":[{"href":"https:\/\/www.sensorialsunsets.com\/fr\/wp-json\/wp\/v2\/posts\/14587","targetHints":{"allow":["GET"]}}],"collection":[{"href":"https:\/\/www.sensorialsunsets.com\/fr\/wp-json\/wp\/v2\/posts"}],"about":[{"href":"https:\/\/www.sensorialsunsets.com\/fr\/wp-json\/wp\/v2\/types\/post"}],"author":[{"embeddable":true,"href":"https:\/\/www.sensorialsunsets.com\/fr\/wp-json\/wp\/v2\/users\/4"}],"replies":[{"embeddable":true,"href":"https:\/\/www.sensorialsunsets.com\/fr\/wp-json\/wp\/v2\/comments?post=14587"}],"version-history":[{"count":0,"href":"https:\/\/www.sensorialsunsets.com\/fr\/wp-json\/wp\/v2\/posts\/14587\/revisions"}],"wp:featuredmedia":[{"embeddable":true,"href":"https:\/\/www.sensorialsunsets.com\/fr\/wp-json\/wp\/v2\/media\/14566"}],"wp:attachment":[{"href":"https:\/\/www.sensorialsunsets.com\/fr\/wp-json\/wp\/v2\/media?parent=14587"}],"wp:term":[{"taxonomy":"category","embeddable":true,"href":"https:\/\/www.sensorialsunsets.com\/fr\/wp-json\/wp\/v2\/categories?post=14587"},{"taxonomy":"post_tag","embeddable":true,"href":"https:\/\/www.sensorialsunsets.com\/fr\/wp-json\/wp\/v2\/tags?post=14587"}],"curies":[{"name":"wp","href":"https:\/\/api.w.org\/{rel}","templated":true}]}}