{"id":1469,"date":"2022-04-15T20:24:46","date_gmt":"2022-04-15T20:24:46","guid":{"rendered":"https:\/\/www.sensorialsunsets.com\/?p=1469"},"modified":"2022-06-01T16:06:12","modified_gmt":"2022-06-01T16:06:12","slug":"au-coeur-de-la-region-sud-du-costa-rica","status":"publish","type":"post","link":"https:\/\/www.sensorialsunsets.com\/fr\/au-coeur-de-la-region-sud-du-costa-rica\/","title":{"rendered":"Au c\u0153ur de la r\u00e9gion sud du Costa Rica"},"content":{"rendered":"\n<p>La partie sud du Costa Rica est l&rsquo;un des plus beaux endroits du pays, connu pour sa flore et sa faune. Sa grande extension, son altitude, sa grande biodiversit\u00e9, l&rsquo;influence qu&rsquo;elle re\u00e7oit des deux versants, Pacifique et Atlantique, font de cette r\u00e9gion l&rsquo;une des plus impressionnantes du pays.<br>\u00c9galement connue sous le nom de r\u00e9gion Brunca, la zone sud comprend la partie sud-ouest du pays, de Playa Dominical \u00e0 la p\u00e9ninsule d&rsquo;Osa et \u00e0 Punta Burica, \u00e0 la fronti\u00e8re avec le Panama. Gr\u00e2ce \u00e0 la diversit\u00e9 de ses for\u00eats, il parvient \u00e0 couvrir diff\u00e9rents \u00e9cosyst\u00e8mes et \u00e0 sa situation privil\u00e9gi\u00e9e entre l&rsquo;oc\u00e9an Pacifique et la cha\u00eene de montagnes de Talamanca.<br>Les routes touristiques ont \u00e9t\u00e9 con\u00e7ues avec un objectif : permettre aux visiteurs d&rsquo;admirer des paysages, de se rem\u00e9morer des sites historiques et de vivre des aventures. Ces zones aux attractions diverses permettent d&rsquo;admirer la g\u00e9ographie naturelle.<\/p>\n\n\n\n<p>Eduardo Granados, directeur d&rsquo;Osa Verde y Mar, a d\u00e9velopp\u00e9 au cours des derni\u00e8res ann\u00e9es diverses activit\u00e9s touristiques, sportives et culturelles qui commencent par un tour de cette r\u00e9gion et se poursuivent par trois destinations adjacentes au Parque la Amistad pour admirer un aper\u00e7u de la beaut\u00e9 du pays. Cette visite se compose de trois stations importantes :<\/p>\n\n\n\n<p><br><strong>Olan, un village oubli\u00e9 du temps<\/strong><\/p>\n\n\n\n<p><br>Ses premiers colons sont arriv\u00e9s en 1972 \u00e0 la recherche de terres pour l&rsquo;\u00e9levage de b\u00e9tail. Aujourd&rsquo;hui, le village compte encore une population limit\u00e9e d&rsquo;environ 90 personnes. La chapelle est le point le plus embl\u00e9matique du lieu, o\u00f9 se trouvent des cabanes pour les visiteurs, une biblioth\u00e8que, une salle \u00e0 manger et un mirador. Il s&rsquo;agit d&rsquo;une construction qui imite une petite ville avec un oratoire, entour\u00e9e de for\u00eat et de nombreuses couleurs fournies par les fleurs. Dans ce lieu, les visiteurs sont en contact avec la paix et les sensations pour les sens qu&rsquo;il offre. Pour s&rsquo;y rendre, il faut parcourir au moins 30 kilom\u00e8tres en chemin de pierre depuis Buenos Aires. Le propri\u00e9taire, John Howard, a cr\u00e9\u00e9 une propri\u00e9t\u00e9 \u00e0 th\u00e8me avec des controverses politico-religieuses, et le fait qu&rsquo;elle occupe un territoire indig\u00e8ne a suscit\u00e9 des pol\u00e9miques.<\/p>\n\n\n\n<p><strong><br>El valle del silencio<\/strong><\/p>\n\n\n\n<p><br>Un peu plus au sud, en entrant \u00e0 San Vito par Paso Real, on trouve le carrefour de Las Tablas, d&rsquo;o\u00f9 l&rsquo;on passe \u00e0 El Carmen et Altamira de Biolley. Les principales activit\u00e9s de ces communaut\u00e9s sont l&rsquo;\u00e9levage de b\u00e9tail, le caf\u00e9 et d&rsquo;autres produits agricoles. Une fois arriv\u00e9 \u00e0 Altamira, la communaut\u00e9 se r\u00e9unit avec un groupe de voisins, sp\u00e9cialistes de la r\u00e9gion, organis\u00e9s pour mettre au point une marche de 15 kilom\u00e8tres d&rsquo;environ 8 heures jusqu&rsquo;\u00e0 la vall\u00e9e de Silencio, juste au point de rencontre des deux versants. Ceci est d\u00fb aux diff\u00e9rents niveaux altitudinaux. Vous commencez dans les for\u00eats de pr\u00e9-montagne sur le versant pacifique, jusqu&rsquo;aux for\u00eats de ch\u00eanes des nuages sur le versant cara\u00efbe. Bien que la faune soit peu abondante, les oiseaux, les plantes et les reptiles sont hautement end\u00e9miques. L&rsquo;une des randonn\u00e9es les plus belles et les moins connues du Costa Rica.<\/p>\n\n\n\n<p><br><strong>Cerro Kamuk <\/strong><\/p>\n\n\n\n<p><br>Cerro Kamuk est une montagne \u00e0 la base des collines et des montagnes du parc international La Amistad. En revenant sur la route d&rsquo;entr\u00e9e principale de San Vito via Paso Real, o\u00f9 se trouve la Cruce Clavera, vous vous rendrez \u00e0 Potrero Grande. Ici, vous pouvez entrer dans le parc national en passant par le poste de garde forestier. C&rsquo;est \u00e0 partir de ce point que commence une exp\u00e9rience de 5 jours au Cerro Kamuk, situ\u00e9 sur le versant atlantique. La faune pr\u00e9sente et la vaste collection de flore en conservation, ainsi que les zones inexplor\u00e9es par l&rsquo;homme, rendent cette exp\u00e9rience unique ; les communaut\u00e9s voisines surprennent \u00e9galement par le d\u00e9veloppement de produits alternatifs tels que la production de m\u00fbres et de d\u00e9riv\u00e9s.<br>Le Cerro Kamuk et le Valle del Silencio sont situ\u00e9s dans le parc international La Amistad. Un de ces endroits particuliers, connu pour son charme et sa beaut\u00e9. D\u00e9clar\u00e9 site du patrimoine mondial de l&rsquo;UNESCO et r\u00e9serve de la biosph\u00e8re, il s&rsquo;agit de la plus grande zone sauvage prot\u00e9g\u00e9e du Costa Rica.<br>Ces itin\u00e9raires touristiques, \u00e9labor\u00e9s par Eduardo Granados, combinent les infrastructures n\u00e9cessaires, qui peuvent aller des petits points de restauration ou traiteurs ouverts au public aux restaurants et h\u00f4tels de passage. Ils sont charg\u00e9s de cr\u00e9er des opportunit\u00e9s de vacances uniques, c&rsquo;est-\u00e0-dire qu&rsquo;ils encouragent l&rsquo;aventure loin des routes asphalt\u00e9es que nous connaissons commun\u00e9ment.<br>Ces stations de montagne offrent des vues panoramiques incroyables et les villages environnants rendent l&rsquo;environnement chaleureux, cr\u00e9ant une atmosph\u00e8re qui permet de se connecter avec la nature tout en montrant la vie quotidienne dans ces r\u00e9gions recul\u00e9es. La r\u00e9gion comporte de vastes zones sans \u00e9lectricit\u00e9 et, bien que cela puisse \u00eatre peu attrayant, c&rsquo;est ce qui caract\u00e9rise le plus cet endroit, car les entreprises d&rsquo;observation des \u00e9toiles et de tourisme ont identifi\u00e9 ce manque comme une force.<\/p>\n\n\n\n<p><strong>Auteur.e.s<\/strong> : Sensorial Sunsets en collaboration avec Eduardo Granados.<\/p>\n","protected":false},"excerpt":{"rendered":"<p>La partie sud du Costa Rica est l&rsquo;un des plus beaux endroits du pays, connu pour sa flore et sa faune. Sa grande extension, son altitude, sa grande biodiversit\u00e9, l&rsquo;influence qu&rsquo;elle re\u00e7oit des deux versants, Pacifique et Atlantique, font de cette r\u00e9gion l&rsquo;une des plus impressionnantes du pays.\u00c9galement connue sous le nom de r\u00e9gion Brunca, [&hellip;]<\/p>\n","protected":false},"author":5,"featured_media":1467,"comment_status":"closed","ping_status":"closed","sticky":false,"template":"","format":"standard","meta":{"_acf_changed":false,"inline_featured_image":false,"_monsterinsights_skip_tracking":false,"_monsterinsights_sitenote_active":false,"_monsterinsights_sitenote_note":"","_monsterinsights_sitenote_category":0,"footnotes":""},"categories":[28,1,76],"tags":[],"class_list":["post-1469","post","type-post","status-publish","format-standard","has-post-thumbnail","hentry","category-costa-rica","category-non-classifiee","category-tourisme"],"acf":[],"yoast_head":"<!-- This site is optimized with the Yoast SEO plugin v27.4 - https:\/\/yoast.com\/product\/yoast-seo-wordpress\/ -->\n<title>Au c\u0153ur de la r\u00e9gion sud du Costa Rica - SensorialSunsets<\/title>\n<meta name=\"robots\" content=\"index, follow, max-snippet:-1, max-image-preview:large, max-video-preview:-1\" \/>\n<link rel=\"canonical\" href=\"https:\/\/www.sensorialsunsets.com\/fr\/au-coeur-de-la-region-sud-du-costa-rica\/\" \/>\n<meta property=\"og:locale\" content=\"fr_FR\" \/>\n<meta property=\"og:type\" content=\"article\" \/>\n<meta property=\"og:title\" content=\"Au c\u0153ur de la r\u00e9gion sud du Costa Rica - SensorialSunsets\" \/>\n<meta property=\"og:description\" content=\"La partie sud du Costa Rica est l&rsquo;un des plus beaux endroits du pays, connu pour sa flore et sa faune. Sa grande extension, son altitude, sa grande biodiversit\u00e9, l&rsquo;influence qu&rsquo;elle re\u00e7oit des deux versants, Pacifique et Atlantique, font de cette r\u00e9gion l&rsquo;une des plus impressionnantes du pays.\u00c9galement connue sous le nom de r\u00e9gion Brunca, [&hellip;]\" \/>\n<meta property=\"og:url\" content=\"https:\/\/www.sensorialsunsets.com\/fr\/au-coeur-de-la-region-sud-du-costa-rica\/\" \/>\n<meta property=\"og:site_name\" content=\"SensorialSunsets\" \/>\n<meta property=\"article:publisher\" content=\"https:\/\/www.facebook.com\/Sensorial-Sunsets-109180614715562\" \/>\n<meta property=\"article:published_time\" content=\"2022-04-15T20:24:46+00:00\" \/>\n<meta property=\"article:modified_time\" content=\"2022-06-01T16:06:12+00:00\" \/>\n<meta property=\"og:image\" content=\"https:\/\/www.sensorialsunsets.com\/wp-content\/uploads\/2022\/04\/unnamed-1-1.jpg\" \/>\n\t<meta property=\"og:image:width\" content=\"512\" \/>\n\t<meta property=\"og:image:height\" content=\"384\" \/>\n\t<meta property=\"og:image:type\" content=\"image\/jpeg\" \/>\n<meta name=\"author\" content=\"Marian Barrantes\" \/>\n<meta name=\"twitter:card\" content=\"summary_large_image\" \/>\n<meta name=\"twitter:label1\" content=\"\u00c9crit par\" \/>\n\t<meta name=\"twitter:data1\" content=\"Marian Barrantes\" \/>\n\t<meta name=\"twitter:label2\" content=\"Dur\u00e9e de lecture estim\u00e9e\" \/>\n\t<meta name=\"twitter:data2\" content=\"4 minutes\" \/>\n<script type=\"application\/ld+json\" class=\"yoast-schema-graph\">{\"@context\":\"https:\\\/\\\/schema.org\",\"@graph\":[{\"@type\":\"Article\",\"@id\":\"https:\\\/\\\/www.sensorialsunsets.com\\\/fr\\\/au-coeur-de-la-region-sud-du-costa-rica\\\/#article\",\"isPartOf\":{\"@id\":\"https:\\\/\\\/www.sensorialsunsets.com\\\/fr\\\/au-coeur-de-la-region-sud-du-costa-rica\\\/\"},\"author\":{\"name\":\"Marian Barrantes\",\"@id\":\"https:\\\/\\\/www.sensorialsunsets.com\\\/fr\\\/#\\\/schema\\\/person\\\/a8336a4dbeee633f087a194db2ca482f\"},\"headline\":\"Au c\u0153ur de la r\u00e9gion sud du Costa Rica\",\"datePublished\":\"2022-04-15T20:24:46+00:00\",\"dateModified\":\"2022-06-01T16:06:12+00:00\",\"mainEntityOfPage\":{\"@id\":\"https:\\\/\\\/www.sensorialsunsets.com\\\/fr\\\/au-coeur-de-la-region-sud-du-costa-rica\\\/\"},\"wordCount\":923,\"publisher\":{\"@id\":\"https:\\\/\\\/www.sensorialsunsets.com\\\/fr\\\/#organization\"},\"image\":{\"@id\":\"https:\\\/\\\/www.sensorialsunsets.com\\\/fr\\\/au-coeur-de-la-region-sud-du-costa-rica\\\/#primaryimage\"},\"thumbnailUrl\":\"https:\\\/\\\/www.sensorialsunsets.com\\\/wp-content\\\/uploads\\\/2022\\\/04\\\/unnamed-1-1.jpg\",\"articleSection\":[\"Costa Rica\",\"Non classifi\u00e9(e)\",\"Tourisme\"],\"inLanguage\":\"fr-FR\"},{\"@type\":\"WebPage\",\"@id\":\"https:\\\/\\\/www.sensorialsunsets.com\\\/fr\\\/au-coeur-de-la-region-sud-du-costa-rica\\\/\",\"url\":\"https:\\\/\\\/www.sensorialsunsets.com\\\/fr\\\/au-coeur-de-la-region-sud-du-costa-rica\\\/\",\"name\":\"Au c\u0153ur de la r\u00e9gion sud du Costa Rica - SensorialSunsets\",\"isPartOf\":{\"@id\":\"https:\\\/\\\/www.sensorialsunsets.com\\\/fr\\\/#website\"},\"primaryImageOfPage\":{\"@id\":\"https:\\\/\\\/www.sensorialsunsets.com\\\/fr\\\/au-coeur-de-la-region-sud-du-costa-rica\\\/#primaryimage\"},\"image\":{\"@id\":\"https:\\\/\\\/www.sensorialsunsets.com\\\/fr\\\/au-coeur-de-la-region-sud-du-costa-rica\\\/#primaryimage\"},\"thumbnailUrl\":\"https:\\\/\\\/www.sensorialsunsets.com\\\/wp-content\\\/uploads\\\/2022\\\/04\\\/unnamed-1-1.jpg\",\"datePublished\":\"2022-04-15T20:24:46+00:00\",\"dateModified\":\"2022-06-01T16:06:12+00:00\",\"inLanguage\":\"fr-FR\",\"potentialAction\":[{\"@type\":\"ReadAction\",\"target\":[\"https:\\\/\\\/www.sensorialsunsets.com\\\/fr\\\/au-coeur-de-la-region-sud-du-costa-rica\\\/\"]}]},{\"@type\":\"ImageObject\",\"inLanguage\":\"fr-FR\",\"@id\":\"https:\\\/\\\/www.sensorialsunsets.com\\\/fr\\\/au-coeur-de-la-region-sud-du-costa-rica\\\/#primaryimage\",\"url\":\"https:\\\/\\\/www.sensorialsunsets.com\\\/wp-content\\\/uploads\\\/2022\\\/04\\\/unnamed-1-1.jpg\",\"contentUrl\":\"https:\\\/\\\/www.sensorialsunsets.com\\\/wp-content\\\/uploads\\\/2022\\\/04\\\/unnamed-1-1.jpg\",\"width\":512,\"height\":384},{\"@type\":\"WebSite\",\"@id\":\"https:\\\/\\\/www.sensorialsunsets.com\\\/fr\\\/#website\",\"url\":\"https:\\\/\\\/www.sensorialsunsets.com\\\/fr\\\/\",\"name\":\"SensorialSunsets.com\",\"description\":\"D\u00e9couvrez la culture et la soci\u00e9t\u00e9 du Costa Rica sur notre blog. Explorez des articles captivants et partagez le contenu.\",\"publisher\":{\"@id\":\"https:\\\/\\\/www.sensorialsunsets.com\\\/fr\\\/#organization\"},\"alternateName\":\"Costa Rica Live Blog\",\"potentialAction\":[{\"@type\":\"SearchAction\",\"target\":{\"@type\":\"EntryPoint\",\"urlTemplate\":\"https:\\\/\\\/www.sensorialsunsets.com\\\/fr\\\/?s={search_term_string}\"},\"query-input\":{\"@type\":\"PropertyValueSpecification\",\"valueRequired\":true,\"valueName\":\"search_term_string\"}}],\"inLanguage\":\"fr-FR\"},{\"@type\":\"Organization\",\"@id\":\"https:\\\/\\\/www.sensorialsunsets.com\\\/fr\\\/#organization\",\"name\":\"SensorialSunsets\",\"url\":\"https:\\\/\\\/www.sensorialsunsets.com\\\/fr\\\/\",\"logo\":{\"@type\":\"ImageObject\",\"inLanguage\":\"fr-FR\",\"@id\":\"https:\\\/\\\/www.sensorialsunsets.com\\\/fr\\\/#\\\/schema\\\/logo\\\/image\\\/\",\"url\":\"https:\\\/\\\/www.sensorialsunsets.com\\\/wp-content\\\/uploads\\\/2023\\\/04\\\/Logo_base_line_fond_clair.svg\",\"contentUrl\":\"https:\\\/\\\/www.sensorialsunsets.com\\\/wp-content\\\/uploads\\\/2023\\\/04\\\/Logo_base_line_fond_clair.svg\",\"width\":\"1024\",\"height\":\"1024\",\"caption\":\"SensorialSunsets\"},\"image\":{\"@id\":\"https:\\\/\\\/www.sensorialsunsets.com\\\/fr\\\/#\\\/schema\\\/logo\\\/image\\\/\"},\"sameAs\":[\"https:\\\/\\\/www.facebook.com\\\/Sensorial-Sunsets-109180614715562\",\"https:\\\/\\\/www.instagram.com\\\/sensorialsunsets\\\/\"]},{\"@type\":\"Person\",\"@id\":\"https:\\\/\\\/www.sensorialsunsets.com\\\/fr\\\/#\\\/schema\\\/person\\\/a8336a4dbeee633f087a194db2ca482f\",\"name\":\"Marian Barrantes\",\"image\":{\"@type\":\"ImageObject\",\"inLanguage\":\"fr-FR\",\"@id\":\"https:\\\/\\\/secure.gravatar.com\\\/avatar\\\/fafbfab67eb28029818d03f44e3037bd798e04434d8d5c0cfc2eea8ec2882a22?s=96&d=mm&r=g\",\"url\":\"https:\\\/\\\/secure.gravatar.com\\\/avatar\\\/fafbfab67eb28029818d03f44e3037bd798e04434d8d5c0cfc2eea8ec2882a22?s=96&d=mm&r=g\",\"contentUrl\":\"https:\\\/\\\/secure.gravatar.com\\\/avatar\\\/fafbfab67eb28029818d03f44e3037bd798e04434d8d5c0cfc2eea8ec2882a22?s=96&d=mm&r=g\",\"caption\":\"Marian Barrantes\"},\"sameAs\":[\"https:\\\/\\\/www.sensorialsunsets.com\"],\"url\":\"https:\\\/\\\/www.sensorialsunsets.com\\\/fr\\\/author\\\/mbarrantes\\\/\"}]}<\/script>\n<!-- \/ Yoast SEO plugin. -->","yoast_head_json":{"title":"Au c\u0153ur de la r\u00e9gion sud du Costa Rica - SensorialSunsets","robots":{"index":"index","follow":"follow","max-snippet":"max-snippet:-1","max-image-preview":"max-image-preview:large","max-video-preview":"max-video-preview:-1"},"canonical":"https:\/\/www.sensorialsunsets.com\/fr\/au-coeur-de-la-region-sud-du-costa-rica\/","og_locale":"fr_FR","og_type":"article","og_title":"Au c\u0153ur de la r\u00e9gion sud du Costa Rica - SensorialSunsets","og_description":"La partie sud du Costa Rica est l&rsquo;un des plus beaux endroits du pays, connu pour sa flore et sa faune. Sa grande extension, son altitude, sa grande biodiversit\u00e9, l&rsquo;influence qu&rsquo;elle re\u00e7oit des deux versants, Pacifique et Atlantique, font de cette r\u00e9gion l&rsquo;une des plus impressionnantes du pays.\u00c9galement connue sous le nom de r\u00e9gion Brunca, [&hellip;]","og_url":"https:\/\/www.sensorialsunsets.com\/fr\/au-coeur-de-la-region-sud-du-costa-rica\/","og_site_name":"SensorialSunsets","article_publisher":"https:\/\/www.facebook.com\/Sensorial-Sunsets-109180614715562","article_published_time":"2022-04-15T20:24:46+00:00","article_modified_time":"2022-06-01T16:06:12+00:00","og_image":[{"width":512,"height":384,"url":"https:\/\/www.sensorialsunsets.com\/wp-content\/uploads\/2022\/04\/unnamed-1-1.jpg","type":"image\/jpeg"}],"author":"Marian Barrantes","twitter_card":"summary_large_image","twitter_misc":{"\u00c9crit par":"Marian Barrantes","Dur\u00e9e de lecture estim\u00e9e":"4 minutes"},"schema":{"@context":"https:\/\/schema.org","@graph":[{"@type":"Article","@id":"https:\/\/www.sensorialsunsets.com\/fr\/au-coeur-de-la-region-sud-du-costa-rica\/#article","isPartOf":{"@id":"https:\/\/www.sensorialsunsets.com\/fr\/au-coeur-de-la-region-sud-du-costa-rica\/"},"author":{"name":"Marian Barrantes","@id":"https:\/\/www.sensorialsunsets.com\/fr\/#\/schema\/person\/a8336a4dbeee633f087a194db2ca482f"},"headline":"Au c\u0153ur de la r\u00e9gion sud du Costa Rica","datePublished":"2022-04-15T20:24:46+00:00","dateModified":"2022-06-01T16:06:12+00:00","mainEntityOfPage":{"@id":"https:\/\/www.sensorialsunsets.com\/fr\/au-coeur-de-la-region-sud-du-costa-rica\/"},"wordCount":923,"publisher":{"@id":"https:\/\/www.sensorialsunsets.com\/fr\/#organization"},"image":{"@id":"https:\/\/www.sensorialsunsets.com\/fr\/au-coeur-de-la-region-sud-du-costa-rica\/#primaryimage"},"thumbnailUrl":"https:\/\/www.sensorialsunsets.com\/wp-content\/uploads\/2022\/04\/unnamed-1-1.jpg","articleSection":["Costa Rica","Non classifi\u00e9(e)","Tourisme"],"inLanguage":"fr-FR"},{"@type":"WebPage","@id":"https:\/\/www.sensorialsunsets.com\/fr\/au-coeur-de-la-region-sud-du-costa-rica\/","url":"https:\/\/www.sensorialsunsets.com\/fr\/au-coeur-de-la-region-sud-du-costa-rica\/","name":"Au c\u0153ur de la r\u00e9gion sud du Costa Rica - SensorialSunsets","isPartOf":{"@id":"https:\/\/www.sensorialsunsets.com\/fr\/#website"},"primaryImageOfPage":{"@id":"https:\/\/www.sensorialsunsets.com\/fr\/au-coeur-de-la-region-sud-du-costa-rica\/#primaryimage"},"image":{"@id":"https:\/\/www.sensorialsunsets.com\/fr\/au-coeur-de-la-region-sud-du-costa-rica\/#primaryimage"},"thumbnailUrl":"https:\/\/www.sensorialsunsets.com\/wp-content\/uploads\/2022\/04\/unnamed-1-1.jpg","datePublished":"2022-04-15T20:24:46+00:00","dateModified":"2022-06-01T16:06:12+00:00","inLanguage":"fr-FR","potentialAction":[{"@type":"ReadAction","target":["https:\/\/www.sensorialsunsets.com\/fr\/au-coeur-de-la-region-sud-du-costa-rica\/"]}]},{"@type":"ImageObject","inLanguage":"fr-FR","@id":"https:\/\/www.sensorialsunsets.com\/fr\/au-coeur-de-la-region-sud-du-costa-rica\/#primaryimage","url":"https:\/\/www.sensorialsunsets.com\/wp-content\/uploads\/2022\/04\/unnamed-1-1.jpg","contentUrl":"https:\/\/www.sensorialsunsets.com\/wp-content\/uploads\/2022\/04\/unnamed-1-1.jpg","width":512,"height":384},{"@type":"WebSite","@id":"https:\/\/www.sensorialsunsets.com\/fr\/#website","url":"https:\/\/www.sensorialsunsets.com\/fr\/","name":"SensorialSunsets.com","description":"D\u00e9couvrez la culture et la soci\u00e9t\u00e9 du Costa Rica sur notre blog. Explorez des articles captivants et partagez le contenu.","publisher":{"@id":"https:\/\/www.sensorialsunsets.com\/fr\/#organization"},"alternateName":"Costa Rica Live Blog","potentialAction":[{"@type":"SearchAction","target":{"@type":"EntryPoint","urlTemplate":"https:\/\/www.sensorialsunsets.com\/fr\/?s={search_term_string}"},"query-input":{"@type":"PropertyValueSpecification","valueRequired":true,"valueName":"search_term_string"}}],"inLanguage":"fr-FR"},{"@type":"Organization","@id":"https:\/\/www.sensorialsunsets.com\/fr\/#organization","name":"SensorialSunsets","url":"https:\/\/www.sensorialsunsets.com\/fr\/","logo":{"@type":"ImageObject","inLanguage":"fr-FR","@id":"https:\/\/www.sensorialsunsets.com\/fr\/#\/schema\/logo\/image\/","url":"https:\/\/www.sensorialsunsets.com\/wp-content\/uploads\/2023\/04\/Logo_base_line_fond_clair.svg","contentUrl":"https:\/\/www.sensorialsunsets.com\/wp-content\/uploads\/2023\/04\/Logo_base_line_fond_clair.svg","width":"1024","height":"1024","caption":"SensorialSunsets"},"image":{"@id":"https:\/\/www.sensorialsunsets.com\/fr\/#\/schema\/logo\/image\/"},"sameAs":["https:\/\/www.facebook.com\/Sensorial-Sunsets-109180614715562","https:\/\/www.instagram.com\/sensorialsunsets\/"]},{"@type":"Person","@id":"https:\/\/www.sensorialsunsets.com\/fr\/#\/schema\/person\/a8336a4dbeee633f087a194db2ca482f","name":"Marian Barrantes","image":{"@type":"ImageObject","inLanguage":"fr-FR","@id":"https:\/\/secure.gravatar.com\/avatar\/fafbfab67eb28029818d03f44e3037bd798e04434d8d5c0cfc2eea8ec2882a22?s=96&d=mm&r=g","url":"https:\/\/secure.gravatar.com\/avatar\/fafbfab67eb28029818d03f44e3037bd798e04434d8d5c0cfc2eea8ec2882a22?s=96&d=mm&r=g","contentUrl":"https:\/\/secure.gravatar.com\/avatar\/fafbfab67eb28029818d03f44e3037bd798e04434d8d5c0cfc2eea8ec2882a22?s=96&d=mm&r=g","caption":"Marian Barrantes"},"sameAs":["https:\/\/www.sensorialsunsets.com"],"url":"https:\/\/www.sensorialsunsets.com\/fr\/author\/mbarrantes\/"}]}},"_links":{"self":[{"href":"https:\/\/www.sensorialsunsets.com\/fr\/wp-json\/wp\/v2\/posts\/1469","targetHints":{"allow":["GET"]}}],"collection":[{"href":"https:\/\/www.sensorialsunsets.com\/fr\/wp-json\/wp\/v2\/posts"}],"about":[{"href":"https:\/\/www.sensorialsunsets.com\/fr\/wp-json\/wp\/v2\/types\/post"}],"author":[{"embeddable":true,"href":"https:\/\/www.sensorialsunsets.com\/fr\/wp-json\/wp\/v2\/users\/5"}],"replies":[{"embeddable":true,"href":"https:\/\/www.sensorialsunsets.com\/fr\/wp-json\/wp\/v2\/comments?post=1469"}],"version-history":[{"count":0,"href":"https:\/\/www.sensorialsunsets.com\/fr\/wp-json\/wp\/v2\/posts\/1469\/revisions"}],"wp:featuredmedia":[{"embeddable":true,"href":"https:\/\/www.sensorialsunsets.com\/fr\/wp-json\/wp\/v2\/media\/1467"}],"wp:attachment":[{"href":"https:\/\/www.sensorialsunsets.com\/fr\/wp-json\/wp\/v2\/media?parent=1469"}],"wp:term":[{"taxonomy":"category","embeddable":true,"href":"https:\/\/www.sensorialsunsets.com\/fr\/wp-json\/wp\/v2\/categories?post=1469"},{"taxonomy":"post_tag","embeddable":true,"href":"https:\/\/www.sensorialsunsets.com\/fr\/wp-json\/wp\/v2\/tags?post=1469"}],"curies":[{"name":"wp","href":"https:\/\/api.w.org\/{rel}","templated":true}]}}