{"id":1479,"date":"2022-04-15T20:40:22","date_gmt":"2022-04-15T20:40:22","guid":{"rendered":"https:\/\/www.sensorialsunsets.com\/?p=1479"},"modified":"2022-06-01T17:41:58","modified_gmt":"2022-06-01T17:41:58","slug":"le-nouveau-patrimoine-culturel-du-costa-rica-le-defile-du-grand-gala","status":"publish","type":"post","link":"https:\/\/www.sensorialsunsets.com\/fr\/le-nouveau-patrimoine-culturel-du-costa-rica-le-defile-du-grand-gala\/","title":{"rendered":"Le nouveau patrimoine culturel du Costa Rica : le d\u00e9fil\u00e9 du Grand Gala"},"content":{"rendered":"\n<p>Le d\u00e9fil\u00e9 du Grand Gala de Lim\u00f3n est le nouvel ajout au patrimoine culturel immat\u00e9riel du Costa Rica. La d\u00e9claration est faite pour promouvoir l&rsquo;\u00e9v\u00e9nement comme \u00e9tant d&rsquo;int\u00e9r\u00eat public et pour inciter les institutions gouvernementales \u00e0 soutenir l&rsquo;organisation de l&rsquo;\u00e9v\u00e9nement.<\/p>\n\n\n\n<p><strong>Qu&rsquo;est-ce que le d\u00e9fil\u00e9 du Grand Gala ?<\/strong>&nbsp;<\/p>\n\n\n\n<p>Tous les 31 ao\u00fbt, dans le cadre des c\u00e9l\u00e9brations de la Journ\u00e9e de la personne noire et de la culture afro-costaricienne, on peut assister \u00e0 la grande parade dans la province de Lim\u00f3n. La Grande Parade est un d\u00e9fil\u00e9 color\u00e9, \u00e0 grande \u00e9chelle, rempli de musique, de danse, de chars et de costumes traditionnels de diff\u00e9rentes \u00e9poques et de diverses tribus africaines. Il s&rsquo;agit d&rsquo;un \u00e9v\u00e9nement de cinq heures au cours duquel les gens partagent l&rsquo;histoire et le d\u00e9veloppement de la culture afro-costaricienne, ce qu&rsquo;elle repr\u00e9sente pour leur identit\u00e9, comme le dit le slogan du festival : \u00ab\u00a0Back to our roots\u00a0\u00bb (retour \u00e0 nos racines). Il s&rsquo;agit d&rsquo;un grand festival de Lim\u00f3n qui a vu ses origines dans les efforts de sauvetage de la culture afro-costaricienne qui ont commenc\u00e9 \u00e0 prendre forme au d\u00e9but des ann\u00e9es 80, formalis\u00e9s par la cr\u00e9ation du Comit\u00e9 civique culturel ethnique noir en 1999.&nbsp;<\/p>\n\n\n\n<p>Ce d\u00e9fil\u00e9, avec des participants et des observateurs de tous \u00e2ges, se d\u00e9roule le long de la rue principale du centre-ville de Lim\u00f3n jusqu&rsquo;au b\u00e2timent embl\u00e9matique de la \u00ab\u00a0Black Star Line\u00a0\u00bb. La \u00ab\u00a0Black Star Line\u00a0\u00bb se distingue par sa belle architecture particuli\u00e8re, caract\u00e9ristique des Cara\u00efbes coloniales, et par sa couleur verte frappante. Le b\u00e2timent original a \u00e9t\u00e9 construit en 1922 et \u00e9tait le si\u00e8ge de l&rsquo;Universal Negro Improvement Association (UNIA), devenant ainsi un symbole de la lutte pour l&rsquo;\u00e9galit\u00e9. Malheureusement, le b\u00e2timent original a \u00e9t\u00e9 consum\u00e9 \u00e0 75 % par un incendie en 2016 et les efforts de reconstruction, encore inachev\u00e9s, ont connu un certain nombre de probl\u00e8mes et de retards.<\/p>\n\n\n\n<p>La parade marque g\u00e9n\u00e9ralement la fin du Festival de la Cultura Negra et du Mois de l&rsquo;Afrodescendance, au cours duquel tout habitant ou visiteur a acc\u00e8s \u00e0 la nourriture traditionnelle limonaise \u00e0 tout moment. Des groupes de calypso montent \u00e9galement sur sc\u00e8ne avec des rythmes afro-carib\u00e9ens uniques.&nbsp;<\/p>\n\n\n\n<p><strong>Pourquoi le 31 ao\u00fbt ?<\/strong><\/p>\n\n\n\n<p>Ce jour sp\u00e9cifique comm\u00e9more la journ\u00e9e de la personne noire et de la culture afro-descendante dans le cadre des c\u00e9l\u00e9brations du mois de l&rsquo;afro-descendance, mais il ne s&rsquo;agit pas d&rsquo;un choix al\u00e9atoire. Le 31 ao\u00fbt 1920, la premi\u00e8re convention internationale sur le statut des Noirs s&rsquo;est conclue au Madison Square Garden de New York, donnant lieu \u00e0 la \u00ab\u00a0D\u00e9claration sur les droits des peuples n\u00e8gres du monde\u00a0\u00bb. Cette d\u00e9claration est men\u00e9e par l&rsquo;UNIA elle-m\u00eame et Marcus Garvey, qui deviendra plus tard tr\u00e8s important pour le peuple de Lim\u00f3n avec la Black Star Line.&nbsp;<\/p>\n\n\n\n<p>Au Costa Rica, la Journ\u00e9e des Noirs a \u00e9t\u00e9 institu\u00e9e par d\u00e9cret en 1980, gr\u00e2ce \u00e0 l&rsquo;initiative du syndicat des \u00e9ducateurs, afin de garantir le sauvetage de la culture de la population noire du Costa Rica par le biais de m\u00e9canismes p\u00e9dagogiques. Le nom lui-m\u00eame a subi deux changements depuis lors : tout d&rsquo;abord en \u00e9tendant le concept de la c\u00e9l\u00e9bration \u00e0 \u00ab\u00a0D\u00eda del Negro y la Cultura Afrocostarricense\u00a0\u00bb, puis en le transformant en un langage plus inclusif aboutissant \u00e0 \u00ab\u00a0D\u00eda de la Persona Negra y la Cultura Afrocostarricense\u00a0\u00bb (Journ\u00e9e de la personne noire et de la culture afro-costaricienne).<\/p>\n\n\n\n<figure class=\"wp-block-image\"><img decoding=\"async\" src=\"https:\/\/lh6.googleusercontent.com\/u6_0hp6m9qX-5QrIq6KVpdeP4Kkiszq8ah_KjuctIpzI7NhNEnVj7OS3CPE0AjgwALR6JFFW1An9hOqxEV_2n0N894mzsqAIcr5QwTAjLjOXiFDL8vUGw9tfNPgS120m2l4CFBzt\" alt=\"\"\/><\/figure>\n\n\n\n<p>Signature de la d\u00e9claration du patrimoine culturel \u00e0 la Casa Presidencial, le 31 mars 2022. R\u00e9cup\u00e9r\u00e9 sur <a href=\"https:\/\/www.presidencia.go.cr\/comunicados\/2022\/04\/grand-gala-parade-de-limon-es-declarado-patrimonio-cultural-inmaterial-del-pais\/\">https:\/\/www.presidencia.go.cr\/comunicados\/2022\/04\/grand-gala-parade-de-limon-es-declarado-patrimonio-cultural-inmaterial-del-pais\/<\/a>&nbsp;&nbsp;&nbsp;<\/p>\n\n\n\n<p><strong>Processus de d\u00e9claration de la Grande Parade comme patrimoine culturel<\/strong><\/p>\n\n\n\n<p>L&rsquo;initiative de la d\u00e9claration de la Grande Parade comme patrimoine culturel a \u00e9t\u00e9 men\u00e9e par David Gourzong, d\u00e9put\u00e9 de la province de Lim\u00f3n du Parti de la lib\u00e9ration nationale. Outre la promotion de la vision d&rsquo;un Costa Rica v\u00e9ritablement multiethnique et multiculturel, il a \u00e9t\u00e9 fait mention de l&rsquo;apport touristique qu&rsquo;une telle d\u00e9claration pourrait g\u00e9n\u00e9rer dans la r\u00e9gion. Cet effort s&rsquo;inscrit \u00e9galement dans le cadre des discussions visant \u00e0 faire de la Journ\u00e9e de la personne noire et de la culture afro-costaricienne un jour f\u00e9ri\u00e9, approuv\u00e9 par les l\u00e9gislateurs en septembre 2021.&nbsp;<\/p>\n\n\n\n<p>\u00c0 partir de cette d\u00e9claration, le minist\u00e8re de la Culture et de la Jeunesse et l&rsquo;Institut costaricien du tourisme se joindront \u00e0 la municipalit\u00e9 du canton central de Lim\u00f3n pour diffuser l&rsquo;information et faciliter l&rsquo;acc\u00e8s \u00e0 cette activit\u00e9.&nbsp;<\/p>\n\n\n\n<p><strong>Le retour tant attendu<\/strong><\/p>\n\n\n\n<p>Une tradition de plus de 20 ann\u00e9es cons\u00e9cutives, a vu sa suspension comme de nombreux autres \u00e9v\u00e9nements en 2020 en raison de la pand\u00e9mie de COVID-19. Une perte culturelle et \u00e9conomique pour Lim\u00f3n. Cependant, l&rsquo;ann\u00e9e 2021 a vu un retour en quelque sorte sous la forme d&rsquo;une \u00e9mission sp\u00e9ciale virtuelle, avec de la musique et des invit\u00e9s, mais sans commune mesure avec la grandeur de la parade originale.&nbsp;<\/p>\n\n\n\n<p>S&rsquo;il n&rsquo;y a pas de difficult\u00e9s majeures, l&rsquo;ann\u00e9e 2022 devrait voir le retour de la parade du Grand Gala dans toute sa splendeur. Peut-\u00eatre encore plus avec le soutien du secteur public qui s&rsquo;est ouvert \u00e0 eux en tant que patrimoine culturel immat\u00e9riel du Costa Rica. Il ne reste plus qu&rsquo;\u00e0 attendre le 31 ao\u00fbt pour visiter Lim\u00f3n et profiter de ce spectacle de couleurs.<\/p>\n\n\n\n<p><strong>En bref<\/strong><\/p>\n\n\n\n<p>-Le Grand Gala Parade de Lim\u00f3n a \u00e9t\u00e9 d\u00e9clar\u00e9 patrimoine culturel immat\u00e9riel du Costa Rica.<\/p>\n\n\n\n<p>La parade du Grand Gala est un d\u00e9fil\u00e9 \u00e0 grande \u00e9chelle avec de la musique, de la danse et des costumes traditionnels de la culture afro-costaricienne.<\/p>\n\n\n\n<p>Elle a lieu le 31 ao\u00fbt en raison de l&rsquo;importance de cette date pour les droits des personnes noires, la m\u00eame raison pour laquelle la Journ\u00e9e de la personne noire et de la culture afro-costaricienne est c\u00e9l\u00e9br\u00e9e ce jour-l\u00e0.<\/p>\n\n\n\n<p>La d\u00e9claration de patrimoine est donn\u00e9e pour apporter un plus grand soutien \u00e0 l&rsquo;\u00e9v\u00e9nement et faire un sauvetage de la culture afro-carib\u00e9enne du Costa Rica.<\/p>\n\n\n\n<p><strong>R\u00e9f\u00e9rences<\/strong><\/p>\n\n\n\n<p><a href=\"https:\/\/si.cultura.cr\/expresiones-y-manifestaciones\/dia-de-la-persona-negra-y-la-cultura-afrocostarricense.html\">https:\/\/si.cultura.cr\/expresiones-y-manifestaciones\/dia-de-la-persona-negra-y-la-cultura-afrocostarricense.html<\/a><\/p>\n\n\n\n<figure class=\"wp-block-embed is-type-wp-embed is-provider-diario-digital-nuestro-pais wp-block-embed-diario-digital-nuestro-pais\"><div class=\"wp-block-embed__wrapper\">\n<blockquote class=\"wp-embedded-content\" data-secret=\"Rokb4HXI6j\"><a href=\"https:\/\/www.elpais.cr\/2022\/03\/31\/gran-gala-parade-es-nuevo-patrimonio-cultural-de-costa-rica\/\">Gran Gala Parade es nuevo patrimonio cultural de Costa Rica<\/a><\/blockquote><iframe loading=\"lazy\" class=\"wp-embedded-content\" sandbox=\"allow-scripts\" security=\"restricted\" style=\"position: absolute; clip: rect(1px, 1px, 1px, 1px);\" title=\"\u00abGran Gala Parade es nuevo patrimonio cultural de Costa Rica\u00bb \u2014 Diario Digital Nuestro Pa\u00eds\" src=\"https:\/\/www.elpais.cr\/2022\/03\/31\/gran-gala-parade-es-nuevo-patrimonio-cultural-de-costa-rica\/embed\/#?secret=EKATX7Urhq#?secret=Rokb4HXI6j\" data-secret=\"Rokb4HXI6j\" width=\"600\" height=\"338\" frameborder=\"0\" marginwidth=\"0\" marginheight=\"0\" scrolling=\"no\"><\/iframe>\n<\/div><\/figure>\n\n\n\n<figure class=\"wp-block-embed is-type-wp-embed is-provider-pura-vida-university-turismo-de-costa-rica wp-block-embed-pura-vida-university-turismo-de-costa-rica\"><div class=\"wp-block-embed__wrapper\">\n<blockquote class=\"wp-embedded-content\" data-secret=\"f3FpNbtVz3\"><a href=\"https:\/\/www.puravidauniversity.eu\/blog\/grand-parade-la-fiesta-esta-limon\/\">Grand Parade, la fiesta est\u00e1 en Lim\u00f3n<\/a><\/blockquote><iframe loading=\"lazy\" class=\"wp-embedded-content\" sandbox=\"allow-scripts\" security=\"restricted\" style=\"position: absolute; clip: rect(1px, 1px, 1px, 1px);\" title=\"\u00abGrand Parade, la fiesta est\u00e1 en Lim\u00f3n\u00bb \u2014 Pura Vida University. Turismo de Costa Rica\" src=\"https:\/\/www.puravidauniversity.eu\/blog\/grand-parade-la-fiesta-esta-limon\/embed\/#?secret=f3FpNbtVz3\" data-secret=\"f3FpNbtVz3\" width=\"600\" height=\"338\" frameborder=\"0\" marginwidth=\"0\" marginheight=\"0\" scrolling=\"no\"><\/iframe>\n<\/div><\/figure>\n\n\n\n<p><a href=\"https:\/\/archivo.crhoy.com\/se-quema-famoso-black-star-line-en-limon\/nacionales\/\">https:\/\/archivo.crhoy.com\/se-quema-famoso-black-star-line-en-limon\/nacionales\/<\/a><\/p>\n\n\n\n<p><a href=\"https:\/\/si.cultura.cr\/infraestructura\/black-star-line-limon.html\">https:\/\/si.cultura.cr\/infraestructura\/black-star-line-limon.html<\/a><\/p>\n\n\n\n<p><a href=\"https:\/\/www.teletica.com\/nacional\/reconstruccion-del-black-star-line-paralizada-por-falta-de-recursos_272779\">https:\/\/www.teletica.com\/nacional\/reconstruccion-del-black-star-line-paralizada-por-falta-de-recursos_272779<\/a><\/p>\n\n\n\n<figure class=\"wp-block-embed is-type-wp-embed is-provider-centro-cultural-e-historico-jose-figueres-ferrer wp-block-embed-centro-cultural-e-historico-jose-figueres-ferrer\"><div class=\"wp-block-embed__wrapper\">\n<blockquote class=\"wp-embedded-content\" data-secret=\"CL0VYZ5aR3\"><a href=\"https:\/\/centrojosefigueres.org\/el-parade-la-magia-de-raices-identitarias-de-limon\/\">El Parade: La magia de ra\u00edces identitarias de Lim\u00f3n<\/a><\/blockquote><iframe loading=\"lazy\" class=\"wp-embedded-content\" sandbox=\"allow-scripts\" security=\"restricted\" style=\"position: absolute; clip: rect(1px, 1px, 1px, 1px);\" title=\"\u00abEl Parade: La magia de ra\u00edces identitarias de Lim\u00f3n\u00bb \u2014 Centro Cultural e Hist\u00f3rico Jos\u00e9 Figueres Ferrer\" src=\"https:\/\/centrojosefigueres.org\/el-parade-la-magia-de-raices-identitarias-de-limon\/embed\/#?secret=ugXN7K0unP#?secret=CL0VYZ5aR3\" data-secret=\"CL0VYZ5aR3\" width=\"600\" height=\"338\" frameborder=\"0\" marginwidth=\"0\" marginheight=\"0\" scrolling=\"no\"><\/iframe>\n<\/div><\/figure>\n\n\n\n<p><a href=\"https:\/\/www.elmundo.cr\/costa-rica\/grand-gala-parade-de-limon-seria-declarado-como-patrimonio-cultural-inmaterial-de-costa-rica\/\">https:\/\/www.elmundo.cr\/costa-rica\/grand-gala-parade-de-limon-seria-declarado-como-patrimonio-cultural-inmaterial-de-costa-rica\/<\/a><\/p>\n\n\n\n<p><a href=\"https:\/\/www.ucr.ac.cr\/noticias\/2019\/09\/14\/la-ucr-deja-su-huella-en-el-dia-de-la-cultura-afrocostarricense.html\">https:\/\/www.ucr.ac.cr\/noticias\/2019\/09\/14\/la-ucr-deja-su-huella-en-el-dia-de-la-cultura-afrocostarricense.html<\/a><\/p>\n\n\n\n<p><a href=\"https:\/\/www.mep.go.cr\/noticias\/dia-persona-negra-cultura-afrocostarricense#:~:text=La%20escogencia%20del%2031%20de,discusiones%20en%20esa%20convenci%C3%B3n%2C%20se\">https:\/\/www.mep.go.cr\/noticias\/dia-persona-negra-cultura-afrocostarricense#:~:text=La%20escogencia%20del%2031%20de,discusiones%20en%20esa%20convenci%C3%B3n%2C%20se<\/a><\/p>\n\n\n\n<p><a href=\"https:\/\/www.openglobalrights.org\/marcus-garvey-and-the-declaration-of-rights-of-the-negro-peoples-of-the-world\/?lang=Spanish\">https:\/\/www.openglobalrights.org\/marcus-garvey-and-the-declaration-of-rights-of-the-negro-peoples-of-the-world\/?lang=Spanish<\/a><\/p>\n\n\n\n<p><a href=\"https:\/\/www.drea.co.cr\/sites\/default\/files\/Contenido\/La%20Afrodescendencia%20en%20Costa%20Rica.pdf\">https:\/\/www.drea.co.cr\/sites\/default\/files\/Contenido\/La%20Afrodescendencia%20en%20Costa%20Rica.pdf<\/a><\/p>\n\n\n\n<p><a href=\"http:\/\/www.pgrweb.go.cr\/scij\/Busqueda\/Normativa\/Normas\/nrm_texto_completo.aspx?param1=NRTC&amp;nValor1=1&amp;nValor2=69874&amp;nValor3=99846&amp;strTipM=TC\">http:\/\/www.pgrweb.go.cr\/scij\/Busqueda\/Normativa\/Normas\/nrm_texto_completo.aspx?param1=NRTC&amp;nValor1=1&amp;nValor2=69874&amp;nValor3=99846&amp;strTipM=TC<\/a>&nbsp;<\/p>\n\n\n\n<p><strong>Auteur<\/strong>e:<\/p>\n\n\n\n<p>Angie Loveday pour Sensorial Sunsets<\/p>\n","protected":false},"excerpt":{"rendered":"<p>Le d\u00e9fil\u00e9 du Grand Gala de Lim\u00f3n est le nouvel ajout au patrimoine culturel immat\u00e9riel du Costa Rica. La d\u00e9claration est faite pour promouvoir l&rsquo;\u00e9v\u00e9nement comme \u00e9tant d&rsquo;int\u00e9r\u00eat public et pour inciter les institutions gouvernementales \u00e0 soutenir l&rsquo;organisation de l&rsquo;\u00e9v\u00e9nement. Qu&rsquo;est-ce que le d\u00e9fil\u00e9 du Grand Gala ?&nbsp; Tous les 31 ao\u00fbt, dans le cadre [&hellip;]<\/p>\n","protected":false},"author":5,"featured_media":1476,"comment_status":"closed","ping_status":"closed","sticky":false,"template":"","format":"standard","meta":{"_acf_changed":false,"inline_featured_image":false,"_monsterinsights_skip_tracking":false,"_monsterinsights_sitenote_active":false,"_monsterinsights_sitenote_note":"","_monsterinsights_sitenote_category":0,"footnotes":""},"categories":[28,27,1],"tags":[],"class_list":["post-1479","post","type-post","status-publish","format-standard","has-post-thumbnail","hentry","category-costa-rica","category-culture","category-non-classifiee"],"acf":[],"yoast_head":"<!-- This site is optimized with the Yoast SEO plugin v27.4 - https:\/\/yoast.com\/product\/yoast-seo-wordpress\/ -->\n<title>Le nouveau patrimoine culturel du Costa Rica : le d\u00e9fil\u00e9 du Grand Gala - SensorialSunsets<\/title>\n<meta name=\"description\" content=\"Le d\u00e9fil\u00e9 du Grand Gala de Lim\u00f3n est le dernier n\u00e9 du patrimoine culturel immat\u00e9riel du Costa Rica. La d\u00e9claration est faite pour promouvoir l&#039;\u00e9v\u00e9nement comme \u00e9tant d&#039;int\u00e9r\u00eat public et pour inciter les institutions gouvernementales \u00e0 soutenir l&#039;organisation de l&#039;\u00e9v\u00e9nement.\" \/>\n<meta name=\"robots\" content=\"index, follow, max-snippet:-1, max-image-preview:large, max-video-preview:-1\" \/>\n<link rel=\"canonical\" href=\"https:\/\/www.sensorialsunsets.com\/fr\/le-nouveau-patrimoine-culturel-du-costa-rica-le-defile-du-grand-gala\/\" \/>\n<meta property=\"og:locale\" content=\"fr_FR\" \/>\n<meta property=\"og:type\" content=\"article\" \/>\n<meta property=\"og:title\" content=\"Le nouveau patrimoine culturel du Costa Rica : le d\u00e9fil\u00e9 du Grand Gala - SensorialSunsets\" \/>\n<meta property=\"og:description\" content=\"Le d\u00e9fil\u00e9 du Grand Gala de Lim\u00f3n est le dernier n\u00e9 du patrimoine culturel immat\u00e9riel du Costa Rica. La d\u00e9claration est faite pour promouvoir l&#039;\u00e9v\u00e9nement comme \u00e9tant d&#039;int\u00e9r\u00eat public et pour inciter les institutions gouvernementales \u00e0 soutenir l&#039;organisation de l&#039;\u00e9v\u00e9nement.\" \/>\n<meta property=\"og:url\" content=\"https:\/\/www.sensorialsunsets.com\/fr\/le-nouveau-patrimoine-culturel-du-costa-rica-le-defile-du-grand-gala\/\" \/>\n<meta property=\"og:site_name\" content=\"SensorialSunsets\" \/>\n<meta property=\"article:publisher\" content=\"https:\/\/www.facebook.com\/Sensorial-Sunsets-109180614715562\" \/>\n<meta property=\"article:published_time\" content=\"2022-04-15T20:40:22+00:00\" \/>\n<meta property=\"article:modified_time\" content=\"2022-06-01T17:41:58+00:00\" \/>\n<meta property=\"og:image\" content=\"https:\/\/www.sensorialsunsets.com\/wp-content\/uploads\/2022\/04\/unnamed-2.jpg\" \/>\n\t<meta property=\"og:image:width\" content=\"512\" \/>\n\t<meta property=\"og:image:height\" content=\"341\" \/>\n\t<meta property=\"og:image:type\" content=\"image\/jpeg\" \/>\n<meta name=\"author\" content=\"Marian Barrantes\" \/>\n<meta name=\"twitter:card\" content=\"summary_large_image\" \/>\n<meta name=\"twitter:label1\" content=\"\u00c9crit par\" \/>\n\t<meta name=\"twitter:data1\" content=\"Marian Barrantes\" \/>\n\t<meta name=\"twitter:label2\" content=\"Dur\u00e9e de lecture estim\u00e9e\" \/>\n\t<meta name=\"twitter:data2\" content=\"5 minutes\" \/>\n<script type=\"application\/ld+json\" class=\"yoast-schema-graph\">{\"@context\":\"https:\\\/\\\/schema.org\",\"@graph\":[{\"@type\":\"Article\",\"@id\":\"https:\\\/\\\/www.sensorialsunsets.com\\\/fr\\\/le-nouveau-patrimoine-culturel-du-costa-rica-le-defile-du-grand-gala\\\/#article\",\"isPartOf\":{\"@id\":\"https:\\\/\\\/www.sensorialsunsets.com\\\/fr\\\/le-nouveau-patrimoine-culturel-du-costa-rica-le-defile-du-grand-gala\\\/\"},\"author\":{\"name\":\"Marian Barrantes\",\"@id\":\"https:\\\/\\\/www.sensorialsunsets.com\\\/fr\\\/#\\\/schema\\\/person\\\/a8336a4dbeee633f087a194db2ca482f\"},\"headline\":\"Le nouveau patrimoine culturel du Costa Rica : le d\u00e9fil\u00e9 du Grand Gala\",\"datePublished\":\"2022-04-15T20:40:22+00:00\",\"dateModified\":\"2022-06-01T17:41:58+00:00\",\"mainEntityOfPage\":{\"@id\":\"https:\\\/\\\/www.sensorialsunsets.com\\\/fr\\\/le-nouveau-patrimoine-culturel-du-costa-rica-le-defile-du-grand-gala\\\/\"},\"wordCount\":1239,\"publisher\":{\"@id\":\"https:\\\/\\\/www.sensorialsunsets.com\\\/fr\\\/#organization\"},\"image\":{\"@id\":\"https:\\\/\\\/www.sensorialsunsets.com\\\/fr\\\/le-nouveau-patrimoine-culturel-du-costa-rica-le-defile-du-grand-gala\\\/#primaryimage\"},\"thumbnailUrl\":\"https:\\\/\\\/www.sensorialsunsets.com\\\/wp-content\\\/uploads\\\/2022\\\/04\\\/unnamed-2.jpg\",\"articleSection\":[\"Costa Rica\",\"Culture\",\"Non classifi\u00e9(e)\"],\"inLanguage\":\"fr-FR\"},{\"@type\":\"WebPage\",\"@id\":\"https:\\\/\\\/www.sensorialsunsets.com\\\/fr\\\/le-nouveau-patrimoine-culturel-du-costa-rica-le-defile-du-grand-gala\\\/\",\"url\":\"https:\\\/\\\/www.sensorialsunsets.com\\\/fr\\\/le-nouveau-patrimoine-culturel-du-costa-rica-le-defile-du-grand-gala\\\/\",\"name\":\"Le nouveau patrimoine culturel du Costa Rica : le d\u00e9fil\u00e9 du Grand Gala - SensorialSunsets\",\"isPartOf\":{\"@id\":\"https:\\\/\\\/www.sensorialsunsets.com\\\/fr\\\/#website\"},\"primaryImageOfPage\":{\"@id\":\"https:\\\/\\\/www.sensorialsunsets.com\\\/fr\\\/le-nouveau-patrimoine-culturel-du-costa-rica-le-defile-du-grand-gala\\\/#primaryimage\"},\"image\":{\"@id\":\"https:\\\/\\\/www.sensorialsunsets.com\\\/fr\\\/le-nouveau-patrimoine-culturel-du-costa-rica-le-defile-du-grand-gala\\\/#primaryimage\"},\"thumbnailUrl\":\"https:\\\/\\\/www.sensorialsunsets.com\\\/wp-content\\\/uploads\\\/2022\\\/04\\\/unnamed-2.jpg\",\"datePublished\":\"2022-04-15T20:40:22+00:00\",\"dateModified\":\"2022-06-01T17:41:58+00:00\",\"description\":\"Le d\u00e9fil\u00e9 du Grand Gala de Lim\u00f3n est le dernier n\u00e9 du patrimoine culturel immat\u00e9riel du Costa Rica. La d\u00e9claration est faite pour promouvoir l'\u00e9v\u00e9nement comme \u00e9tant d'int\u00e9r\u00eat public et pour inciter les institutions gouvernementales \u00e0 soutenir l'organisation de l'\u00e9v\u00e9nement.\",\"inLanguage\":\"fr-FR\",\"potentialAction\":[{\"@type\":\"ReadAction\",\"target\":[\"https:\\\/\\\/www.sensorialsunsets.com\\\/fr\\\/le-nouveau-patrimoine-culturel-du-costa-rica-le-defile-du-grand-gala\\\/\"]}]},{\"@type\":\"ImageObject\",\"inLanguage\":\"fr-FR\",\"@id\":\"https:\\\/\\\/www.sensorialsunsets.com\\\/fr\\\/le-nouveau-patrimoine-culturel-du-costa-rica-le-defile-du-grand-gala\\\/#primaryimage\",\"url\":\"https:\\\/\\\/www.sensorialsunsets.com\\\/wp-content\\\/uploads\\\/2022\\\/04\\\/unnamed-2.jpg\",\"contentUrl\":\"https:\\\/\\\/www.sensorialsunsets.com\\\/wp-content\\\/uploads\\\/2022\\\/04\\\/unnamed-2.jpg\",\"width\":512,\"height\":341},{\"@type\":\"WebSite\",\"@id\":\"https:\\\/\\\/www.sensorialsunsets.com\\\/fr\\\/#website\",\"url\":\"https:\\\/\\\/www.sensorialsunsets.com\\\/fr\\\/\",\"name\":\"SensorialSunsets.com\",\"description\":\"D\u00e9couvrez la culture et la soci\u00e9t\u00e9 du Costa Rica sur notre blog. Explorez des articles captivants et partagez le contenu.\",\"publisher\":{\"@id\":\"https:\\\/\\\/www.sensorialsunsets.com\\\/fr\\\/#organization\"},\"alternateName\":\"Costa Rica Live Blog\",\"potentialAction\":[{\"@type\":\"SearchAction\",\"target\":{\"@type\":\"EntryPoint\",\"urlTemplate\":\"https:\\\/\\\/www.sensorialsunsets.com\\\/fr\\\/?s={search_term_string}\"},\"query-input\":{\"@type\":\"PropertyValueSpecification\",\"valueRequired\":true,\"valueName\":\"search_term_string\"}}],\"inLanguage\":\"fr-FR\"},{\"@type\":\"Organization\",\"@id\":\"https:\\\/\\\/www.sensorialsunsets.com\\\/fr\\\/#organization\",\"name\":\"SensorialSunsets\",\"url\":\"https:\\\/\\\/www.sensorialsunsets.com\\\/fr\\\/\",\"logo\":{\"@type\":\"ImageObject\",\"inLanguage\":\"fr-FR\",\"@id\":\"https:\\\/\\\/www.sensorialsunsets.com\\\/fr\\\/#\\\/schema\\\/logo\\\/image\\\/\",\"url\":\"https:\\\/\\\/www.sensorialsunsets.com\\\/wp-content\\\/uploads\\\/2023\\\/04\\\/Logo_base_line_fond_clair.svg\",\"contentUrl\":\"https:\\\/\\\/www.sensorialsunsets.com\\\/wp-content\\\/uploads\\\/2023\\\/04\\\/Logo_base_line_fond_clair.svg\",\"width\":\"1024\",\"height\":\"1024\",\"caption\":\"SensorialSunsets\"},\"image\":{\"@id\":\"https:\\\/\\\/www.sensorialsunsets.com\\\/fr\\\/#\\\/schema\\\/logo\\\/image\\\/\"},\"sameAs\":[\"https:\\\/\\\/www.facebook.com\\\/Sensorial-Sunsets-109180614715562\",\"https:\\\/\\\/www.instagram.com\\\/sensorialsunsets\\\/\"]},{\"@type\":\"Person\",\"@id\":\"https:\\\/\\\/www.sensorialsunsets.com\\\/fr\\\/#\\\/schema\\\/person\\\/a8336a4dbeee633f087a194db2ca482f\",\"name\":\"Marian Barrantes\",\"image\":{\"@type\":\"ImageObject\",\"inLanguage\":\"fr-FR\",\"@id\":\"https:\\\/\\\/secure.gravatar.com\\\/avatar\\\/fafbfab67eb28029818d03f44e3037bd798e04434d8d5c0cfc2eea8ec2882a22?s=96&d=mm&r=g\",\"url\":\"https:\\\/\\\/secure.gravatar.com\\\/avatar\\\/fafbfab67eb28029818d03f44e3037bd798e04434d8d5c0cfc2eea8ec2882a22?s=96&d=mm&r=g\",\"contentUrl\":\"https:\\\/\\\/secure.gravatar.com\\\/avatar\\\/fafbfab67eb28029818d03f44e3037bd798e04434d8d5c0cfc2eea8ec2882a22?s=96&d=mm&r=g\",\"caption\":\"Marian Barrantes\"},\"sameAs\":[\"https:\\\/\\\/www.sensorialsunsets.com\"],\"url\":\"https:\\\/\\\/www.sensorialsunsets.com\\\/fr\\\/author\\\/mbarrantes\\\/\"}]}<\/script>\n<!-- \/ Yoast SEO plugin. -->","yoast_head_json":{"title":"Le nouveau patrimoine culturel du Costa Rica : le d\u00e9fil\u00e9 du Grand Gala - SensorialSunsets","description":"Le d\u00e9fil\u00e9 du Grand Gala de Lim\u00f3n est le dernier n\u00e9 du patrimoine culturel immat\u00e9riel du Costa Rica. La d\u00e9claration est faite pour promouvoir l'\u00e9v\u00e9nement comme \u00e9tant d'int\u00e9r\u00eat public et pour inciter les institutions gouvernementales \u00e0 soutenir l'organisation de l'\u00e9v\u00e9nement.","robots":{"index":"index","follow":"follow","max-snippet":"max-snippet:-1","max-image-preview":"max-image-preview:large","max-video-preview":"max-video-preview:-1"},"canonical":"https:\/\/www.sensorialsunsets.com\/fr\/le-nouveau-patrimoine-culturel-du-costa-rica-le-defile-du-grand-gala\/","og_locale":"fr_FR","og_type":"article","og_title":"Le nouveau patrimoine culturel du Costa Rica : le d\u00e9fil\u00e9 du Grand Gala - SensorialSunsets","og_description":"Le d\u00e9fil\u00e9 du Grand Gala de Lim\u00f3n est le dernier n\u00e9 du patrimoine culturel immat\u00e9riel du Costa Rica. La d\u00e9claration est faite pour promouvoir l'\u00e9v\u00e9nement comme \u00e9tant d'int\u00e9r\u00eat public et pour inciter les institutions gouvernementales \u00e0 soutenir l'organisation de l'\u00e9v\u00e9nement.","og_url":"https:\/\/www.sensorialsunsets.com\/fr\/le-nouveau-patrimoine-culturel-du-costa-rica-le-defile-du-grand-gala\/","og_site_name":"SensorialSunsets","article_publisher":"https:\/\/www.facebook.com\/Sensorial-Sunsets-109180614715562","article_published_time":"2022-04-15T20:40:22+00:00","article_modified_time":"2022-06-01T17:41:58+00:00","og_image":[{"width":512,"height":341,"url":"https:\/\/www.sensorialsunsets.com\/wp-content\/uploads\/2022\/04\/unnamed-2.jpg","type":"image\/jpeg"}],"author":"Marian Barrantes","twitter_card":"summary_large_image","twitter_misc":{"\u00c9crit par":"Marian Barrantes","Dur\u00e9e de lecture estim\u00e9e":"5 minutes"},"schema":{"@context":"https:\/\/schema.org","@graph":[{"@type":"Article","@id":"https:\/\/www.sensorialsunsets.com\/fr\/le-nouveau-patrimoine-culturel-du-costa-rica-le-defile-du-grand-gala\/#article","isPartOf":{"@id":"https:\/\/www.sensorialsunsets.com\/fr\/le-nouveau-patrimoine-culturel-du-costa-rica-le-defile-du-grand-gala\/"},"author":{"name":"Marian Barrantes","@id":"https:\/\/www.sensorialsunsets.com\/fr\/#\/schema\/person\/a8336a4dbeee633f087a194db2ca482f"},"headline":"Le nouveau patrimoine culturel du Costa Rica : le d\u00e9fil\u00e9 du Grand Gala","datePublished":"2022-04-15T20:40:22+00:00","dateModified":"2022-06-01T17:41:58+00:00","mainEntityOfPage":{"@id":"https:\/\/www.sensorialsunsets.com\/fr\/le-nouveau-patrimoine-culturel-du-costa-rica-le-defile-du-grand-gala\/"},"wordCount":1239,"publisher":{"@id":"https:\/\/www.sensorialsunsets.com\/fr\/#organization"},"image":{"@id":"https:\/\/www.sensorialsunsets.com\/fr\/le-nouveau-patrimoine-culturel-du-costa-rica-le-defile-du-grand-gala\/#primaryimage"},"thumbnailUrl":"https:\/\/www.sensorialsunsets.com\/wp-content\/uploads\/2022\/04\/unnamed-2.jpg","articleSection":["Costa Rica","Culture","Non classifi\u00e9(e)"],"inLanguage":"fr-FR"},{"@type":"WebPage","@id":"https:\/\/www.sensorialsunsets.com\/fr\/le-nouveau-patrimoine-culturel-du-costa-rica-le-defile-du-grand-gala\/","url":"https:\/\/www.sensorialsunsets.com\/fr\/le-nouveau-patrimoine-culturel-du-costa-rica-le-defile-du-grand-gala\/","name":"Le nouveau patrimoine culturel du Costa Rica : le d\u00e9fil\u00e9 du Grand Gala - SensorialSunsets","isPartOf":{"@id":"https:\/\/www.sensorialsunsets.com\/fr\/#website"},"primaryImageOfPage":{"@id":"https:\/\/www.sensorialsunsets.com\/fr\/le-nouveau-patrimoine-culturel-du-costa-rica-le-defile-du-grand-gala\/#primaryimage"},"image":{"@id":"https:\/\/www.sensorialsunsets.com\/fr\/le-nouveau-patrimoine-culturel-du-costa-rica-le-defile-du-grand-gala\/#primaryimage"},"thumbnailUrl":"https:\/\/www.sensorialsunsets.com\/wp-content\/uploads\/2022\/04\/unnamed-2.jpg","datePublished":"2022-04-15T20:40:22+00:00","dateModified":"2022-06-01T17:41:58+00:00","description":"Le d\u00e9fil\u00e9 du Grand Gala de Lim\u00f3n est le dernier n\u00e9 du patrimoine culturel immat\u00e9riel du Costa Rica. La d\u00e9claration est faite pour promouvoir l'\u00e9v\u00e9nement comme \u00e9tant d'int\u00e9r\u00eat public et pour inciter les institutions gouvernementales \u00e0 soutenir l'organisation de l'\u00e9v\u00e9nement.","inLanguage":"fr-FR","potentialAction":[{"@type":"ReadAction","target":["https:\/\/www.sensorialsunsets.com\/fr\/le-nouveau-patrimoine-culturel-du-costa-rica-le-defile-du-grand-gala\/"]}]},{"@type":"ImageObject","inLanguage":"fr-FR","@id":"https:\/\/www.sensorialsunsets.com\/fr\/le-nouveau-patrimoine-culturel-du-costa-rica-le-defile-du-grand-gala\/#primaryimage","url":"https:\/\/www.sensorialsunsets.com\/wp-content\/uploads\/2022\/04\/unnamed-2.jpg","contentUrl":"https:\/\/www.sensorialsunsets.com\/wp-content\/uploads\/2022\/04\/unnamed-2.jpg","width":512,"height":341},{"@type":"WebSite","@id":"https:\/\/www.sensorialsunsets.com\/fr\/#website","url":"https:\/\/www.sensorialsunsets.com\/fr\/","name":"SensorialSunsets.com","description":"D\u00e9couvrez la culture et la soci\u00e9t\u00e9 du Costa Rica sur notre blog. Explorez des articles captivants et partagez le contenu.","publisher":{"@id":"https:\/\/www.sensorialsunsets.com\/fr\/#organization"},"alternateName":"Costa Rica Live Blog","potentialAction":[{"@type":"SearchAction","target":{"@type":"EntryPoint","urlTemplate":"https:\/\/www.sensorialsunsets.com\/fr\/?s={search_term_string}"},"query-input":{"@type":"PropertyValueSpecification","valueRequired":true,"valueName":"search_term_string"}}],"inLanguage":"fr-FR"},{"@type":"Organization","@id":"https:\/\/www.sensorialsunsets.com\/fr\/#organization","name":"SensorialSunsets","url":"https:\/\/www.sensorialsunsets.com\/fr\/","logo":{"@type":"ImageObject","inLanguage":"fr-FR","@id":"https:\/\/www.sensorialsunsets.com\/fr\/#\/schema\/logo\/image\/","url":"https:\/\/www.sensorialsunsets.com\/wp-content\/uploads\/2023\/04\/Logo_base_line_fond_clair.svg","contentUrl":"https:\/\/www.sensorialsunsets.com\/wp-content\/uploads\/2023\/04\/Logo_base_line_fond_clair.svg","width":"1024","height":"1024","caption":"SensorialSunsets"},"image":{"@id":"https:\/\/www.sensorialsunsets.com\/fr\/#\/schema\/logo\/image\/"},"sameAs":["https:\/\/www.facebook.com\/Sensorial-Sunsets-109180614715562","https:\/\/www.instagram.com\/sensorialsunsets\/"]},{"@type":"Person","@id":"https:\/\/www.sensorialsunsets.com\/fr\/#\/schema\/person\/a8336a4dbeee633f087a194db2ca482f","name":"Marian Barrantes","image":{"@type":"ImageObject","inLanguage":"fr-FR","@id":"https:\/\/secure.gravatar.com\/avatar\/fafbfab67eb28029818d03f44e3037bd798e04434d8d5c0cfc2eea8ec2882a22?s=96&d=mm&r=g","url":"https:\/\/secure.gravatar.com\/avatar\/fafbfab67eb28029818d03f44e3037bd798e04434d8d5c0cfc2eea8ec2882a22?s=96&d=mm&r=g","contentUrl":"https:\/\/secure.gravatar.com\/avatar\/fafbfab67eb28029818d03f44e3037bd798e04434d8d5c0cfc2eea8ec2882a22?s=96&d=mm&r=g","caption":"Marian Barrantes"},"sameAs":["https:\/\/www.sensorialsunsets.com"],"url":"https:\/\/www.sensorialsunsets.com\/fr\/author\/mbarrantes\/"}]}},"_links":{"self":[{"href":"https:\/\/www.sensorialsunsets.com\/fr\/wp-json\/wp\/v2\/posts\/1479","targetHints":{"allow":["GET"]}}],"collection":[{"href":"https:\/\/www.sensorialsunsets.com\/fr\/wp-json\/wp\/v2\/posts"}],"about":[{"href":"https:\/\/www.sensorialsunsets.com\/fr\/wp-json\/wp\/v2\/types\/post"}],"author":[{"embeddable":true,"href":"https:\/\/www.sensorialsunsets.com\/fr\/wp-json\/wp\/v2\/users\/5"}],"replies":[{"embeddable":true,"href":"https:\/\/www.sensorialsunsets.com\/fr\/wp-json\/wp\/v2\/comments?post=1479"}],"version-history":[{"count":0,"href":"https:\/\/www.sensorialsunsets.com\/fr\/wp-json\/wp\/v2\/posts\/1479\/revisions"}],"wp:featuredmedia":[{"embeddable":true,"href":"https:\/\/www.sensorialsunsets.com\/fr\/wp-json\/wp\/v2\/media\/1476"}],"wp:attachment":[{"href":"https:\/\/www.sensorialsunsets.com\/fr\/wp-json\/wp\/v2\/media?parent=1479"}],"wp:term":[{"taxonomy":"category","embeddable":true,"href":"https:\/\/www.sensorialsunsets.com\/fr\/wp-json\/wp\/v2\/categories?post=1479"},{"taxonomy":"post_tag","embeddable":true,"href":"https:\/\/www.sensorialsunsets.com\/fr\/wp-json\/wp\/v2\/tags?post=1479"}],"curies":[{"name":"wp","href":"https:\/\/api.w.org\/{rel}","templated":true}]}}