{"id":14843,"date":"2024-03-02T09:52:38","date_gmt":"2024-03-02T15:52:38","guid":{"rendered":"https:\/\/www.sensorialsunsets.com\/?p=14843"},"modified":"2024-03-02T09:52:38","modified_gmt":"2024-03-02T15:52:38","slug":"preambulo-presente-8m-regards-documentaires-la-femme-au-cinema","status":"publish","type":"post","link":"https:\/\/www.sensorialsunsets.com\/fr\/preambulo-presente-8m-regards-documentaires-la-femme-au-cinema\/","title":{"rendered":"Pre\u00e1mbulo pr\u00e9sente 8M\u00a0: Regards Documentaires &#8211; la Femme au Cin\u00e9ma"},"content":{"rendered":"\n<p>Pre\u00e1mbulo est fier de pr\u00e9senter 8M\u00a0: Regards Documentaires, un \u00e9v\u00e9nement qui comm\u00e9more la Journ\u00e9e internationale de la femme avec une s\u00e9lection de documentaires puissants r\u00e9alis\u00e9s par des femmes. Dans ce contexte, il s&rsquo;agit d&rsquo;explorer divers aspects de la sexualit\u00e9, des impositions culturelles et de l&rsquo;exp\u00e9rience f\u00e9minine dans le processus cr\u00e9atif.<\/p>\n\n\n\n<h3 class=\"wp-block-heading\">Pre\u00e1mbulo : une c\u00e9l\u00e9bration du cin\u00e9ma et des femmes<\/h3>\n\n\n\n<p>Mercredi 6, jeudi 7 et samedi 9 mars, les cin\u00e9philes auront l&rsquo;occasion de r\u00e9fl\u00e9chir \u00e0 la signification du 8M tout en profitant d&rsquo;un programme sp\u00e9cial. Elle rend hommage au r\u00f4le essentiel jou\u00e9 par les femmes devant et derri\u00e8re la cam\u00e9ra.<\/p>\n\n\n\n<h3 class=\"wp-block-heading\">Histoires inspirantes<\/h3>\n\n\n\n<p>La saison d\u00e9bute le mercredi 6 \u00e0 19 heures avec \u00ab\u00a0Children of the Mist\u00a0\u00bb de Ha Le Diem (Vietnam, 2021). Cette histoire \u00e9mouvante suit une jeune fille de 13 ans qui lutte pour convaincre ses parents que l&rsquo;\u00e9ducation n&rsquo;est pas une perte de temps. Un r\u00e9cit poignant, recommand\u00e9 pour les 12 ans et plus.<\/p>\n\n\n\n<figure class=\"wp-block-gallery has-nested-images columns-default is-cropped wp-block-gallery-1 is-layout-flex wp-block-gallery-is-layout-flex\">\n<figure class=\"wp-block-image size-large\"><img loading=\"lazy\" decoding=\"async\" width=\"860\" height=\"484\" data-id=\"14685\" src=\"https:\/\/www.sensorialsunsets.com\/wp-content\/uploads\/2024\/02\/860-1.webp\" alt=\"Pre\u00e1mbulo\" class=\"wp-image-14685\" srcset=\"https:\/\/www.sensorialsunsets.com\/wp-content\/uploads\/2024\/02\/860-1.webp 860w, https:\/\/www.sensorialsunsets.com\/wp-content\/uploads\/2024\/02\/860-1-300x169.webp 300w, https:\/\/www.sensorialsunsets.com\/wp-content\/uploads\/2024\/02\/860-1-768x432.webp 768w\" sizes=\"auto, (max-width: 860px) 100vw, 860px\" \/><\/figure>\n\n\n\n<figure class=\"wp-block-image size-large\"><img loading=\"lazy\" decoding=\"async\" width=\"860\" height=\"484\" data-id=\"14691\" src=\"https:\/\/www.sensorialsunsets.com\/wp-content\/uploads\/2024\/02\/childrenofthemist.webp\" alt=\"Pre\u00e1mbulo\" class=\"wp-image-14691\" srcset=\"https:\/\/www.sensorialsunsets.com\/wp-content\/uploads\/2024\/02\/childrenofthemist.webp 860w, https:\/\/www.sensorialsunsets.com\/wp-content\/uploads\/2024\/02\/childrenofthemist-300x169.webp 300w, https:\/\/www.sensorialsunsets.com\/wp-content\/uploads\/2024\/02\/childrenofthemist-768x432.webp 768w\" sizes=\"auto, (max-width: 860px) 100vw, 860px\" \/><\/figure>\n\n\n\n<figure class=\"wp-block-image size-large\"><img loading=\"lazy\" decoding=\"async\" width=\"860\" height=\"484\" data-id=\"14688\" src=\"https:\/\/www.sensorialsunsets.com\/wp-content\/uploads\/2024\/02\/860.webp\" alt=\"Pre\u00e1mbulo\" class=\"wp-image-14688\" srcset=\"https:\/\/www.sensorialsunsets.com\/wp-content\/uploads\/2024\/02\/860.webp 860w, https:\/\/www.sensorialsunsets.com\/wp-content\/uploads\/2024\/02\/860-300x169.webp 300w, https:\/\/www.sensorialsunsets.com\/wp-content\/uploads\/2024\/02\/860-768x432.webp 768w\" sizes=\"auto, (max-width: 860px) 100vw, 860px\" \/><\/figure>\n<\/figure>\n\n\n\n<p>Le jeudi 7 mars, \u00e9galement \u00e0 19 heures, sera pr\u00e9sent\u00e9 \u00ab\u00a0Apolonia, Apolonia\u00a0\u00bb (Danemark, Pologne, France, 2002) de Lea Glob. Un portrait captivant d&rsquo;une jeune artiste talentueuse confront\u00e9e aux d\u00e9fis du monde de l&rsquo;art. Pour les plus de 18 ans.<\/p>\n\n\n\n<figure class=\"wp-block-gallery has-nested-images columns-default is-cropped wp-block-gallery-2 is-layout-flex wp-block-gallery-is-layout-flex\">\n<figure class=\"wp-block-image size-large\"><img loading=\"lazy\" decoding=\"async\" width=\"1024\" height=\"576\" data-id=\"14697\" src=\"https:\/\/www.sensorialsunsets.com\/wp-content\/uploads\/2024\/02\/apolonia1-vfhg-videoSixteenByNine3000-1024x576.jpg\" alt=\"Pre\u00e1mbulo\" class=\"wp-image-14697\" srcset=\"https:\/\/www.sensorialsunsets.com\/wp-content\/uploads\/2024\/02\/apolonia1-vfhg-videoSixteenByNine3000-1024x576.jpg 1024w, https:\/\/www.sensorialsunsets.com\/wp-content\/uploads\/2024\/02\/apolonia1-vfhg-videoSixteenByNine3000-300x169.jpg 300w, https:\/\/www.sensorialsunsets.com\/wp-content\/uploads\/2024\/02\/apolonia1-vfhg-videoSixteenByNine3000-768x432.jpg 768w, https:\/\/www.sensorialsunsets.com\/wp-content\/uploads\/2024\/02\/apolonia1-vfhg-videoSixteenByNine3000-1536x864.jpg 1536w, https:\/\/www.sensorialsunsets.com\/wp-content\/uploads\/2024\/02\/apolonia1-vfhg-videoSixteenByNine3000-2048x1152.jpg 2048w, https:\/\/www.sensorialsunsets.com\/wp-content\/uploads\/2024\/02\/apolonia1-vfhg-videoSixteenByNine3000-1320x743.jpg 1320w\" sizes=\"auto, (max-width: 1024px) 100vw, 1024px\" \/><\/figure>\n\n\n\n<figure class=\"wp-block-image size-large\"><img loading=\"lazy\" decoding=\"async\" width=\"620\" height=\"413\" data-id=\"14694\" src=\"https:\/\/www.sensorialsunsets.com\/wp-content\/uploads\/2024\/02\/1669039572202_0620x0413_119x0x1297x864_1679276352523.jpg\" alt=\"Pre\u00e1mbulo\" class=\"wp-image-14694\" srcset=\"https:\/\/www.sensorialsunsets.com\/wp-content\/uploads\/2024\/02\/1669039572202_0620x0413_119x0x1297x864_1679276352523.jpg 620w, https:\/\/www.sensorialsunsets.com\/wp-content\/uploads\/2024\/02\/1669039572202_0620x0413_119x0x1297x864_1679276352523-300x200.jpg 300w, https:\/\/www.sensorialsunsets.com\/wp-content\/uploads\/2024\/02\/1669039572202_0620x0413_119x0x1297x864_1679276352523-334x222.jpg 334w\" sizes=\"auto, (max-width: 620px) 100vw, 620px\" \/><\/figure>\n\n\n\n<figure class=\"wp-block-image size-large\"><img loading=\"lazy\" decoding=\"async\" width=\"1024\" height=\"576\" data-id=\"14703\" src=\"https:\/\/www.sensorialsunsets.com\/wp-content\/uploads\/2024\/02\/Apolonia-Apolonia-1024x576.webp\" alt=\"Pre\u00e1mbulo\" class=\"wp-image-14703\" srcset=\"https:\/\/www.sensorialsunsets.com\/wp-content\/uploads\/2024\/02\/Apolonia-Apolonia-1024x576.webp 1024w, https:\/\/www.sensorialsunsets.com\/wp-content\/uploads\/2024\/02\/Apolonia-Apolonia-300x169.webp 300w, https:\/\/www.sensorialsunsets.com\/wp-content\/uploads\/2024\/02\/Apolonia-Apolonia-768x432.webp 768w, https:\/\/www.sensorialsunsets.com\/wp-content\/uploads\/2024\/02\/Apolonia-Apolonia-1536x864.webp 1536w, https:\/\/www.sensorialsunsets.com\/wp-content\/uploads\/2024\/02\/Apolonia-Apolonia-1320x743.webp 1320w, https:\/\/www.sensorialsunsets.com\/wp-content\/uploads\/2024\/02\/Apolonia-Apolonia.webp 1920w\" sizes=\"auto, (max-width: 1024px) 100vw, 1024px\" \/><\/figure>\n<\/figure>\n\n\n\n<p>Le samedi 9, en collaboration avec Am\u00f3n Cultural, ils exposeront une partie de la collection Archive of the Image et plusieurs courts-m\u00e9trages costariciens. \u00c0 partir de 14 heures, les visiteurs pourront appr\u00e9cier des \u0153uvres telles que \u00ab\u00a0Irma\u00a0\u00bb de Michele Ferris et \u00ab\u00a0Alunizaje\u00a0\u00bb de Melany Mora. Une occasion de d\u00e9couvrir la diversit\u00e9 du cin\u00e9ma national, adapt\u00e9e \u00e0 tous les publics. De plus, le festival se terminera par l&rsquo;exposition de \u00ab\u00a0Female Pleasure\u00a0\u00bb de Barbara Miller (Suisse, Allemagne). Ce r\u00e9cit puissant suit cinq femmes courageuses qui luttent pour leur lib\u00e9ration sexuelle au 21e si\u00e8cle. Une r\u00e9flexion profonde, adapt\u00e9e aux plus de 18 ans.<\/p>\n\n\n\n<figure class=\"wp-block-gallery has-nested-images columns-default is-cropped wp-block-gallery-3 is-layout-flex wp-block-gallery-is-layout-flex\">\n<figure class=\"wp-block-image size-large\"><img loading=\"lazy\" decoding=\"async\" width=\"1024\" height=\"576\" data-id=\"14715\" src=\"https:\/\/www.sensorialsunsets.com\/wp-content\/uploads\/2024\/02\/still_6_3_1360x765-1024x576.png\" alt=\"\" class=\"wp-image-14715\" srcset=\"https:\/\/www.sensorialsunsets.com\/wp-content\/uploads\/2024\/02\/still_6_3_1360x765-1024x576.png 1024w, https:\/\/www.sensorialsunsets.com\/wp-content\/uploads\/2024\/02\/still_6_3_1360x765-300x169.png 300w, https:\/\/www.sensorialsunsets.com\/wp-content\/uploads\/2024\/02\/still_6_3_1360x765-768x432.png 768w, https:\/\/www.sensorialsunsets.com\/wp-content\/uploads\/2024\/02\/still_6_3_1360x765-1320x743.png 1320w, https:\/\/www.sensorialsunsets.com\/wp-content\/uploads\/2024\/02\/still_6_3_1360x765.png 1360w\" sizes=\"auto, (max-width: 1024px) 100vw, 1024px\" \/><\/figure>\n\n\n\n<figure class=\"wp-block-image size-large\"><img loading=\"lazy\" decoding=\"async\" width=\"1024\" height=\"576\" data-id=\"14712\" src=\"https:\/\/www.sensorialsunsets.com\/wp-content\/uploads\/2024\/02\/540310-1024x576.jpg\" alt=\"\" class=\"wp-image-14712\" srcset=\"https:\/\/www.sensorialsunsets.com\/wp-content\/uploads\/2024\/02\/540310-1024x576.jpg 1024w, https:\/\/www.sensorialsunsets.com\/wp-content\/uploads\/2024\/02\/540310-300x169.jpg 300w, https:\/\/www.sensorialsunsets.com\/wp-content\/uploads\/2024\/02\/540310-768x432.jpg 768w, https:\/\/www.sensorialsunsets.com\/wp-content\/uploads\/2024\/02\/540310.jpg 1280w\" sizes=\"auto, (max-width: 1024px) 100vw, 1024px\" \/><\/figure>\n\n\n\n<figure class=\"wp-block-image size-large\"><img loading=\"lazy\" decoding=\"async\" width=\"800\" height=\"451\" data-id=\"14706\" src=\"https:\/\/www.sensorialsunsets.com\/wp-content\/uploads\/2024\/02\/Irma_e14a10b7aa.jpg\" alt=\"\" class=\"wp-image-14706\" srcset=\"https:\/\/www.sensorialsunsets.com\/wp-content\/uploads\/2024\/02\/Irma_e14a10b7aa.jpg 800w, https:\/\/www.sensorialsunsets.com\/wp-content\/uploads\/2024\/02\/Irma_e14a10b7aa-300x169.jpg 300w, https:\/\/www.sensorialsunsets.com\/wp-content\/uploads\/2024\/02\/Irma_e14a10b7aa-768x433.jpg 768w\" sizes=\"auto, (max-width: 800px) 100vw, 800px\" \/><\/figure>\n<\/figure>\n\n\n\n<figure class=\"wp-block-pullquote has-text-align-left has-text-color has-link-color wp-elements-f023aa087cc673d51447f9a93a9c2187\" style=\"color:#768290\"><blockquote><p><strong>FAQs<\/strong><br><br><br><strong>Quel est le co\u00fbt d&rsquo;entr\u00e9e aux projections du Pre\u00e1mbulo ? <br><\/strong>L&rsquo;entr\u00e9e \u00e0 toutes les projections est gratuite. Cependant, il est recommand\u00e9 d&rsquo;arriver 30 minutes \u00e0 l&rsquo;avance en raison de la capacit\u00e9 limit\u00e9e.<br><br><br><strong>Qui peut assister aux projections des documentaires ? <br><\/strong>Les projections sont ouvertes au grand public. Cependant, certains films sont class\u00e9s pour les plus de 12 ou 18 ans. Veuillez v\u00e9rifier la classification de chaque film avant d&rsquo;y assister.<br><br><strong>O\u00f9 aura lieu l&rsquo;\u00e9v\u00e9nement \u00ab\u00a08M : Miradas Documentales\u00a0\u00bb?<br><\/strong>Toutes les projections auront lieu au Pre\u00e1mbulo, situ\u00e9 dans la salle G\u00f3mez Miralles du Centro de Cine.<br><br><br><strong>La projection aura lieu dans le Pre\u00e1mbulo, situ\u00e9 dans la salle G\u00f3mez Miralles du Centro de Cine.<\/strong><\/p><\/blockquote><\/figure>\n\n\n\n<p>Chez <a href=\"https:\/\/www.centrodecine.go.cr\/agenda\/preambulopresenta-8m-miradas-documentales\">Pre\u00e1mbl<\/a>o, on s&rsquo;engage \u00e0 promouvoir l&rsquo;art et la culture, ainsi qu&rsquo;\u00e0 c\u00e9l\u00e9brer la diversit\u00e9 et l&rsquo;autonomisation des femmes dans l&rsquo;industrie cin\u00e9matographique. Les responsables invitent tout le monde \u00e0 c\u00e9l\u00e9brer la Journ\u00e9e internationale de la femme avec des \u00ab\u00a0<a href=\"https:\/\/www.centrodecine.go.cr\/agenda\/preambulopresenta-8m-miradas-documentales\">regards documentaires<\/a>\u00a0\u00bb et le cin\u00e9ma national.<\/p>\n\n\n\n<p><strong>Sensorial Sunsets<\/strong><\/p>\n","protected":false},"excerpt":{"rendered":"<p>Pre\u00e1mbulo est fier de pr\u00e9senter 8M\u00a0: Regards Documentaires, un \u00e9v\u00e9nement qui comm\u00e9more la Journ\u00e9e internationale de la femme avec une s\u00e9lection de documentaires puissants r\u00e9alis\u00e9s par des femmes. Dans ce contexte, il s&rsquo;agit d&rsquo;explorer divers aspects de la sexualit\u00e9, des impositions culturelles et de l&rsquo;exp\u00e9rience f\u00e9minine dans le processus cr\u00e9atif. Pre\u00e1mbulo : une c\u00e9l\u00e9bration du [&hellip;]<\/p>\n","protected":false},"author":4,"featured_media":14682,"comment_status":"closed","ping_status":"closed","sticky":false,"template":"","format":"standard","meta":{"_acf_changed":false,"inline_featured_image":false,"_monsterinsights_skip_tracking":false,"_monsterinsights_sitenote_active":false,"_monsterinsights_sitenote_note":"","_monsterinsights_sitenote_category":0,"footnotes":""},"categories":[100,104],"tags":[],"class_list":["post-14843","post","type-post","status-publish","format-standard","has-post-thumbnail","hentry","category-costa-rica-fr","category-culture-fr"],"acf":[],"yoast_head":"<!-- This site is optimized with the Yoast SEO plugin v27.4 - https:\/\/yoast.com\/product\/yoast-seo-wordpress\/ -->\n<title>Pre\u00e1mbulo pr\u00e9sente 8M\u00a0: Regards Documentaires<\/title>\n<meta name=\"description\" content=\"Pre\u00e1mbulo 8M\u00a0: Regards documentaires, histoires sur la lutte pour l\u2019\u00e9ducation jusqu\u2019\u00e0 des r\u00e9cits puissants sur la lib\u00e9ration sexuelle.\" \/>\n<meta name=\"robots\" content=\"index, follow, max-snippet:-1, max-image-preview:large, max-video-preview:-1\" \/>\n<link rel=\"canonical\" href=\"https:\/\/www.sensorialsunsets.com\/fr\/preambulo-presente-8m-regards-documentaires-la-femme-au-cinema\/\" \/>\n<meta property=\"og:locale\" content=\"fr_FR\" \/>\n<meta property=\"og:type\" content=\"article\" \/>\n<meta property=\"og:title\" content=\"Pre\u00e1mbulo pr\u00e9sente 8M\u00a0: Regards Documentaires\" \/>\n<meta property=\"og:description\" content=\"Pre\u00e1mbulo 8M\u00a0: Regards documentaires, histoires sur la lutte pour l\u2019\u00e9ducation jusqu\u2019\u00e0 des r\u00e9cits puissants sur la lib\u00e9ration sexuelle.\" \/>\n<meta property=\"og:url\" content=\"https:\/\/www.sensorialsunsets.com\/fr\/preambulo-presente-8m-regards-documentaires-la-femme-au-cinema\/\" \/>\n<meta property=\"og:site_name\" content=\"SensorialSunsets\" \/>\n<meta property=\"article:publisher\" content=\"https:\/\/www.facebook.com\/Sensorial-Sunsets-109180614715562\" \/>\n<meta property=\"article:published_time\" content=\"2024-03-02T15:52:38+00:00\" \/>\n<meta property=\"og:image\" content=\"https:\/\/www.sensorialsunsets.com\/wp-content\/uploads\/2024\/02\/children-of-the-mist.webp\" \/>\n\t<meta property=\"og:image:width\" content=\"681\" \/>\n\t<meta property=\"og:image:height\" content=\"383\" \/>\n\t<meta property=\"og:image:type\" content=\"image\/webp\" \/>\n<meta name=\"author\" content=\"Sensorial Sunsets\" \/>\n<meta name=\"twitter:card\" content=\"summary_large_image\" \/>\n<meta name=\"twitter:label1\" content=\"\u00c9crit par\" \/>\n\t<meta name=\"twitter:data1\" content=\"Sensorial Sunsets\" \/>\n\t<meta name=\"twitter:label2\" content=\"Dur\u00e9e de lecture estim\u00e9e\" \/>\n\t<meta name=\"twitter:data2\" content=\"2 minutes\" \/>\n<script type=\"application\/ld+json\" class=\"yoast-schema-graph\">{\"@context\":\"https:\\\/\\\/schema.org\",\"@graph\":[{\"@type\":\"Article\",\"@id\":\"https:\\\/\\\/www.sensorialsunsets.com\\\/fr\\\/preambulo-presente-8m-regards-documentaires-la-femme-au-cinema\\\/#article\",\"isPartOf\":{\"@id\":\"https:\\\/\\\/www.sensorialsunsets.com\\\/fr\\\/preambulo-presente-8m-regards-documentaires-la-femme-au-cinema\\\/\"},\"author\":{\"name\":\"Sensorial Sunsets\",\"@id\":\"https:\\\/\\\/www.sensorialsunsets.com\\\/fr\\\/#\\\/schema\\\/person\\\/77e2fa594135aa94024c47e281d8a94d\"},\"headline\":\"Pre\u00e1mbulo pr\u00e9sente 8M\u00a0: Regards Documentaires &#8211; la Femme au Cin\u00e9ma\",\"datePublished\":\"2024-03-02T15:52:38+00:00\",\"mainEntityOfPage\":{\"@id\":\"https:\\\/\\\/www.sensorialsunsets.com\\\/fr\\\/preambulo-presente-8m-regards-documentaires-la-femme-au-cinema\\\/\"},\"wordCount\":513,\"publisher\":{\"@id\":\"https:\\\/\\\/www.sensorialsunsets.com\\\/fr\\\/#organization\"},\"image\":{\"@id\":\"https:\\\/\\\/www.sensorialsunsets.com\\\/fr\\\/preambulo-presente-8m-regards-documentaires-la-femme-au-cinema\\\/#primaryimage\"},\"thumbnailUrl\":\"https:\\\/\\\/www.sensorialsunsets.com\\\/wp-content\\\/uploads\\\/2024\\\/02\\\/children-of-the-mist.webp\",\"articleSection\":[\"Costa Rica\",\"Culture\"],\"inLanguage\":\"fr-FR\"},{\"@type\":\"WebPage\",\"@id\":\"https:\\\/\\\/www.sensorialsunsets.com\\\/fr\\\/preambulo-presente-8m-regards-documentaires-la-femme-au-cinema\\\/\",\"url\":\"https:\\\/\\\/www.sensorialsunsets.com\\\/fr\\\/preambulo-presente-8m-regards-documentaires-la-femme-au-cinema\\\/\",\"name\":\"Pre\u00e1mbulo pr\u00e9sente 8M\u00a0: Regards Documentaires\",\"isPartOf\":{\"@id\":\"https:\\\/\\\/www.sensorialsunsets.com\\\/fr\\\/#website\"},\"primaryImageOfPage\":{\"@id\":\"https:\\\/\\\/www.sensorialsunsets.com\\\/fr\\\/preambulo-presente-8m-regards-documentaires-la-femme-au-cinema\\\/#primaryimage\"},\"image\":{\"@id\":\"https:\\\/\\\/www.sensorialsunsets.com\\\/fr\\\/preambulo-presente-8m-regards-documentaires-la-femme-au-cinema\\\/#primaryimage\"},\"thumbnailUrl\":\"https:\\\/\\\/www.sensorialsunsets.com\\\/wp-content\\\/uploads\\\/2024\\\/02\\\/children-of-the-mist.webp\",\"datePublished\":\"2024-03-02T15:52:38+00:00\",\"description\":\"Pre\u00e1mbulo 8M\u00a0: Regards documentaires, histoires sur la lutte pour l\u2019\u00e9ducation jusqu\u2019\u00e0 des r\u00e9cits puissants sur la lib\u00e9ration sexuelle.\",\"inLanguage\":\"fr-FR\",\"potentialAction\":[{\"@type\":\"ReadAction\",\"target\":[\"https:\\\/\\\/www.sensorialsunsets.com\\\/fr\\\/preambulo-presente-8m-regards-documentaires-la-femme-au-cinema\\\/\"]}]},{\"@type\":\"ImageObject\",\"inLanguage\":\"fr-FR\",\"@id\":\"https:\\\/\\\/www.sensorialsunsets.com\\\/fr\\\/preambulo-presente-8m-regards-documentaires-la-femme-au-cinema\\\/#primaryimage\",\"url\":\"https:\\\/\\\/www.sensorialsunsets.com\\\/wp-content\\\/uploads\\\/2024\\\/02\\\/children-of-the-mist.webp\",\"contentUrl\":\"https:\\\/\\\/www.sensorialsunsets.com\\\/wp-content\\\/uploads\\\/2024\\\/02\\\/children-of-the-mist.webp\",\"width\":681,\"height\":383},{\"@type\":\"WebSite\",\"@id\":\"https:\\\/\\\/www.sensorialsunsets.com\\\/fr\\\/#website\",\"url\":\"https:\\\/\\\/www.sensorialsunsets.com\\\/fr\\\/\",\"name\":\"SensorialSunsets.com\",\"description\":\"D\u00e9couvrez la culture et la soci\u00e9t\u00e9 du Costa Rica sur notre blog. Explorez des articles captivants et partagez le contenu.\",\"publisher\":{\"@id\":\"https:\\\/\\\/www.sensorialsunsets.com\\\/fr\\\/#organization\"},\"alternateName\":\"Costa Rica Live Blog\",\"potentialAction\":[{\"@type\":\"SearchAction\",\"target\":{\"@type\":\"EntryPoint\",\"urlTemplate\":\"https:\\\/\\\/www.sensorialsunsets.com\\\/fr\\\/?s={search_term_string}\"},\"query-input\":{\"@type\":\"PropertyValueSpecification\",\"valueRequired\":true,\"valueName\":\"search_term_string\"}}],\"inLanguage\":\"fr-FR\"},{\"@type\":\"Organization\",\"@id\":\"https:\\\/\\\/www.sensorialsunsets.com\\\/fr\\\/#organization\",\"name\":\"SensorialSunsets\",\"url\":\"https:\\\/\\\/www.sensorialsunsets.com\\\/fr\\\/\",\"logo\":{\"@type\":\"ImageObject\",\"inLanguage\":\"fr-FR\",\"@id\":\"https:\\\/\\\/www.sensorialsunsets.com\\\/fr\\\/#\\\/schema\\\/logo\\\/image\\\/\",\"url\":\"https:\\\/\\\/www.sensorialsunsets.com\\\/wp-content\\\/uploads\\\/2023\\\/04\\\/Logo_base_line_fond_clair.svg\",\"contentUrl\":\"https:\\\/\\\/www.sensorialsunsets.com\\\/wp-content\\\/uploads\\\/2023\\\/04\\\/Logo_base_line_fond_clair.svg\",\"width\":\"1024\",\"height\":\"1024\",\"caption\":\"SensorialSunsets\"},\"image\":{\"@id\":\"https:\\\/\\\/www.sensorialsunsets.com\\\/fr\\\/#\\\/schema\\\/logo\\\/image\\\/\"},\"sameAs\":[\"https:\\\/\\\/www.facebook.com\\\/Sensorial-Sunsets-109180614715562\",\"https:\\\/\\\/www.instagram.com\\\/sensorialsunsets\\\/\"]},{\"@type\":\"Person\",\"@id\":\"https:\\\/\\\/www.sensorialsunsets.com\\\/fr\\\/#\\\/schema\\\/person\\\/77e2fa594135aa94024c47e281d8a94d\",\"name\":\"Sensorial Sunsets\",\"image\":{\"@type\":\"ImageObject\",\"inLanguage\":\"fr-FR\",\"@id\":\"https:\\\/\\\/secure.gravatar.com\\\/avatar\\\/5f2d62681b1dad94c28f1500d4fc75582acdfd32b55fd1acce0a36a3c487eabe?s=96&d=mm&r=g\",\"url\":\"https:\\\/\\\/secure.gravatar.com\\\/avatar\\\/5f2d62681b1dad94c28f1500d4fc75582acdfd32b55fd1acce0a36a3c487eabe?s=96&d=mm&r=g\",\"contentUrl\":\"https:\\\/\\\/secure.gravatar.com\\\/avatar\\\/5f2d62681b1dad94c28f1500d4fc75582acdfd32b55fd1acce0a36a3c487eabe?s=96&d=mm&r=g\",\"caption\":\"Sensorial Sunsets\"},\"url\":\"https:\\\/\\\/www.sensorialsunsets.com\\\/fr\\\/author\\\/asistentes-sensorial-sunsets\\\/\"}]}<\/script>\n<!-- \/ Yoast SEO plugin. -->","yoast_head_json":{"title":"Pre\u00e1mbulo pr\u00e9sente 8M\u00a0: Regards Documentaires","description":"Pre\u00e1mbulo 8M\u00a0: Regards documentaires, histoires sur la lutte pour l\u2019\u00e9ducation jusqu\u2019\u00e0 des r\u00e9cits puissants sur la lib\u00e9ration sexuelle.","robots":{"index":"index","follow":"follow","max-snippet":"max-snippet:-1","max-image-preview":"max-image-preview:large","max-video-preview":"max-video-preview:-1"},"canonical":"https:\/\/www.sensorialsunsets.com\/fr\/preambulo-presente-8m-regards-documentaires-la-femme-au-cinema\/","og_locale":"fr_FR","og_type":"article","og_title":"Pre\u00e1mbulo pr\u00e9sente 8M\u00a0: Regards Documentaires","og_description":"Pre\u00e1mbulo 8M\u00a0: Regards documentaires, histoires sur la lutte pour l\u2019\u00e9ducation jusqu\u2019\u00e0 des r\u00e9cits puissants sur la lib\u00e9ration sexuelle.","og_url":"https:\/\/www.sensorialsunsets.com\/fr\/preambulo-presente-8m-regards-documentaires-la-femme-au-cinema\/","og_site_name":"SensorialSunsets","article_publisher":"https:\/\/www.facebook.com\/Sensorial-Sunsets-109180614715562","article_published_time":"2024-03-02T15:52:38+00:00","og_image":[{"width":681,"height":383,"url":"https:\/\/www.sensorialsunsets.com\/wp-content\/uploads\/2024\/02\/children-of-the-mist.webp","type":"image\/webp"}],"author":"Sensorial Sunsets","twitter_card":"summary_large_image","twitter_misc":{"\u00c9crit par":"Sensorial Sunsets","Dur\u00e9e de lecture estim\u00e9e":"2 minutes"},"schema":{"@context":"https:\/\/schema.org","@graph":[{"@type":"Article","@id":"https:\/\/www.sensorialsunsets.com\/fr\/preambulo-presente-8m-regards-documentaires-la-femme-au-cinema\/#article","isPartOf":{"@id":"https:\/\/www.sensorialsunsets.com\/fr\/preambulo-presente-8m-regards-documentaires-la-femme-au-cinema\/"},"author":{"name":"Sensorial Sunsets","@id":"https:\/\/www.sensorialsunsets.com\/fr\/#\/schema\/person\/77e2fa594135aa94024c47e281d8a94d"},"headline":"Pre\u00e1mbulo pr\u00e9sente 8M\u00a0: Regards Documentaires &#8211; la Femme au Cin\u00e9ma","datePublished":"2024-03-02T15:52:38+00:00","mainEntityOfPage":{"@id":"https:\/\/www.sensorialsunsets.com\/fr\/preambulo-presente-8m-regards-documentaires-la-femme-au-cinema\/"},"wordCount":513,"publisher":{"@id":"https:\/\/www.sensorialsunsets.com\/fr\/#organization"},"image":{"@id":"https:\/\/www.sensorialsunsets.com\/fr\/preambulo-presente-8m-regards-documentaires-la-femme-au-cinema\/#primaryimage"},"thumbnailUrl":"https:\/\/www.sensorialsunsets.com\/wp-content\/uploads\/2024\/02\/children-of-the-mist.webp","articleSection":["Costa Rica","Culture"],"inLanguage":"fr-FR"},{"@type":"WebPage","@id":"https:\/\/www.sensorialsunsets.com\/fr\/preambulo-presente-8m-regards-documentaires-la-femme-au-cinema\/","url":"https:\/\/www.sensorialsunsets.com\/fr\/preambulo-presente-8m-regards-documentaires-la-femme-au-cinema\/","name":"Pre\u00e1mbulo pr\u00e9sente 8M\u00a0: Regards Documentaires","isPartOf":{"@id":"https:\/\/www.sensorialsunsets.com\/fr\/#website"},"primaryImageOfPage":{"@id":"https:\/\/www.sensorialsunsets.com\/fr\/preambulo-presente-8m-regards-documentaires-la-femme-au-cinema\/#primaryimage"},"image":{"@id":"https:\/\/www.sensorialsunsets.com\/fr\/preambulo-presente-8m-regards-documentaires-la-femme-au-cinema\/#primaryimage"},"thumbnailUrl":"https:\/\/www.sensorialsunsets.com\/wp-content\/uploads\/2024\/02\/children-of-the-mist.webp","datePublished":"2024-03-02T15:52:38+00:00","description":"Pre\u00e1mbulo 8M\u00a0: Regards documentaires, histoires sur la lutte pour l\u2019\u00e9ducation jusqu\u2019\u00e0 des r\u00e9cits puissants sur la lib\u00e9ration sexuelle.","inLanguage":"fr-FR","potentialAction":[{"@type":"ReadAction","target":["https:\/\/www.sensorialsunsets.com\/fr\/preambulo-presente-8m-regards-documentaires-la-femme-au-cinema\/"]}]},{"@type":"ImageObject","inLanguage":"fr-FR","@id":"https:\/\/www.sensorialsunsets.com\/fr\/preambulo-presente-8m-regards-documentaires-la-femme-au-cinema\/#primaryimage","url":"https:\/\/www.sensorialsunsets.com\/wp-content\/uploads\/2024\/02\/children-of-the-mist.webp","contentUrl":"https:\/\/www.sensorialsunsets.com\/wp-content\/uploads\/2024\/02\/children-of-the-mist.webp","width":681,"height":383},{"@type":"WebSite","@id":"https:\/\/www.sensorialsunsets.com\/fr\/#website","url":"https:\/\/www.sensorialsunsets.com\/fr\/","name":"SensorialSunsets.com","description":"D\u00e9couvrez la culture et la soci\u00e9t\u00e9 du Costa Rica sur notre blog. Explorez des articles captivants et partagez le contenu.","publisher":{"@id":"https:\/\/www.sensorialsunsets.com\/fr\/#organization"},"alternateName":"Costa Rica Live Blog","potentialAction":[{"@type":"SearchAction","target":{"@type":"EntryPoint","urlTemplate":"https:\/\/www.sensorialsunsets.com\/fr\/?s={search_term_string}"},"query-input":{"@type":"PropertyValueSpecification","valueRequired":true,"valueName":"search_term_string"}}],"inLanguage":"fr-FR"},{"@type":"Organization","@id":"https:\/\/www.sensorialsunsets.com\/fr\/#organization","name":"SensorialSunsets","url":"https:\/\/www.sensorialsunsets.com\/fr\/","logo":{"@type":"ImageObject","inLanguage":"fr-FR","@id":"https:\/\/www.sensorialsunsets.com\/fr\/#\/schema\/logo\/image\/","url":"https:\/\/www.sensorialsunsets.com\/wp-content\/uploads\/2023\/04\/Logo_base_line_fond_clair.svg","contentUrl":"https:\/\/www.sensorialsunsets.com\/wp-content\/uploads\/2023\/04\/Logo_base_line_fond_clair.svg","width":"1024","height":"1024","caption":"SensorialSunsets"},"image":{"@id":"https:\/\/www.sensorialsunsets.com\/fr\/#\/schema\/logo\/image\/"},"sameAs":["https:\/\/www.facebook.com\/Sensorial-Sunsets-109180614715562","https:\/\/www.instagram.com\/sensorialsunsets\/"]},{"@type":"Person","@id":"https:\/\/www.sensorialsunsets.com\/fr\/#\/schema\/person\/77e2fa594135aa94024c47e281d8a94d","name":"Sensorial Sunsets","image":{"@type":"ImageObject","inLanguage":"fr-FR","@id":"https:\/\/secure.gravatar.com\/avatar\/5f2d62681b1dad94c28f1500d4fc75582acdfd32b55fd1acce0a36a3c487eabe?s=96&d=mm&r=g","url":"https:\/\/secure.gravatar.com\/avatar\/5f2d62681b1dad94c28f1500d4fc75582acdfd32b55fd1acce0a36a3c487eabe?s=96&d=mm&r=g","contentUrl":"https:\/\/secure.gravatar.com\/avatar\/5f2d62681b1dad94c28f1500d4fc75582acdfd32b55fd1acce0a36a3c487eabe?s=96&d=mm&r=g","caption":"Sensorial Sunsets"},"url":"https:\/\/www.sensorialsunsets.com\/fr\/author\/asistentes-sensorial-sunsets\/"}]}},"_links":{"self":[{"href":"https:\/\/www.sensorialsunsets.com\/fr\/wp-json\/wp\/v2\/posts\/14843","targetHints":{"allow":["GET"]}}],"collection":[{"href":"https:\/\/www.sensorialsunsets.com\/fr\/wp-json\/wp\/v2\/posts"}],"about":[{"href":"https:\/\/www.sensorialsunsets.com\/fr\/wp-json\/wp\/v2\/types\/post"}],"author":[{"embeddable":true,"href":"https:\/\/www.sensorialsunsets.com\/fr\/wp-json\/wp\/v2\/users\/4"}],"replies":[{"embeddable":true,"href":"https:\/\/www.sensorialsunsets.com\/fr\/wp-json\/wp\/v2\/comments?post=14843"}],"version-history":[{"count":0,"href":"https:\/\/www.sensorialsunsets.com\/fr\/wp-json\/wp\/v2\/posts\/14843\/revisions"}],"wp:featuredmedia":[{"embeddable":true,"href":"https:\/\/www.sensorialsunsets.com\/fr\/wp-json\/wp\/v2\/media\/14682"}],"wp:attachment":[{"href":"https:\/\/www.sensorialsunsets.com\/fr\/wp-json\/wp\/v2\/media?parent=14843"}],"wp:term":[{"taxonomy":"category","embeddable":true,"href":"https:\/\/www.sensorialsunsets.com\/fr\/wp-json\/wp\/v2\/categories?post=14843"},{"taxonomy":"post_tag","embeddable":true,"href":"https:\/\/www.sensorialsunsets.com\/fr\/wp-json\/wp\/v2\/tags?post=14843"}],"curies":[{"name":"wp","href":"https:\/\/api.w.org\/{rel}","templated":true}]}}