{"id":15009,"date":"2024-03-08T13:55:57","date_gmt":"2024-03-08T19:55:57","guid":{"rendered":"https:\/\/www.sensorialsunsets.com\/?p=15009"},"modified":"2024-03-08T13:57:27","modified_gmt":"2024-03-08T19:57:27","slug":"amon-cultural-2024-celebration-dune-decennie-de-culture-et-de-diversite-a-san-jose","status":"publish","type":"post","link":"https:\/\/www.sensorialsunsets.com\/fr\/amon-cultural-2024-celebration-dune-decennie-de-culture-et-de-diversite-a-san-jose\/","title":{"rendered":"Amon Cultural 2024 : C\u00e9l\u00e9bration d&rsquo;une d\u00e9cennie de culture et de diversit\u00e9 \u00e0 San Jos\u00e9"},"content":{"rendered":"\n<p>Le samedi 9 mars 2024, le festival culturel d&rsquo;Am\u00f3n f\u00eatera son 10e anniversaire avec une explosion de cr\u00e9ativit\u00e9, de musique et d&rsquo;art dans les quartiers anim\u00e9s d&rsquo;Am\u00f3n et d&rsquo;Otoya \u00e0 San Jos\u00e9. Avec plus de 90 activit\u00e9s r\u00e9parties sur 31 sites, ce festival urbain est devenu l&rsquo;un des temps forts du calendrier culturel de la ville, attirant des personnes de tous \u00e2ges et de tous horizons pour c\u00e9l\u00e9brer la richesse de la communaut\u00e9 et de l&rsquo;histoire du quartier.<\/p>\n\n<p>Depuis sa cr\u00e9ation, Amon Cultural d\u00e9fend l&rsquo;inclusion et la diversit\u00e9, aspirant \u00e0 unir la communaut\u00e9 autour d&rsquo;une vision commune d&rsquo;une ville compacte, participative, r\u00e9siliente et s\u00fbre. Au cours de cette ann\u00e9e, le festival se concentre sur la revalorisation de l&rsquo;un des derniers bastions de l&rsquo;histoire de San Jos\u00e9, soulignant l&rsquo;importance de la pr\u00e9servation et de la c\u00e9l\u00e9bration de l&rsquo;h\u00e9ritage culturel de la ville.<\/p>\n\n<h3 class=\"wp-block-heading\">Amon Cultural : La ville sous un autre angle<\/h3>\n\n<figure class=\"wp-block-gallery has-nested-images columns-default is-cropped wp-block-gallery-1 is-layout-flex wp-block-gallery-is-layout-flex\">\n<figure class=\"wp-block-image size-large\"><img loading=\"lazy\" decoding=\"async\" width=\"1024\" height=\"681\" data-id=\"14986\" src=\"https:\/\/www.sensorialsunsets.com\/wp-content\/uploads\/2024\/03\/amoncultural-1024x681.jpg\" alt=\"\" class=\"wp-image-14986\" srcset=\"https:\/\/www.sensorialsunsets.com\/wp-content\/uploads\/2024\/03\/amoncultural-1024x681.jpg 1024w, https:\/\/www.sensorialsunsets.com\/wp-content\/uploads\/2024\/03\/amoncultural-300x199.jpg 300w, https:\/\/www.sensorialsunsets.com\/wp-content\/uploads\/2024\/03\/amoncultural-768x511.jpg 768w, https:\/\/www.sensorialsunsets.com\/wp-content\/uploads\/2024\/03\/amoncultural-334x222.jpg 334w, https:\/\/www.sensorialsunsets.com\/wp-content\/uploads\/2024\/03\/amoncultural.jpg 1280w\" sizes=\"auto, (max-width: 1024px) 100vw, 1024px\" \/><\/figure>\n\n\n\n<figure class=\"wp-block-image size-large\"><img loading=\"lazy\" decoding=\"async\" width=\"1024\" height=\"666\" data-id=\"14992\" src=\"https:\/\/www.sensorialsunsets.com\/wp-content\/uploads\/2024\/03\/image-1-1024x666.png\" alt=\"\" class=\"wp-image-14992\" srcset=\"https:\/\/www.sensorialsunsets.com\/wp-content\/uploads\/2024\/03\/image-1-1024x666.png 1024w, https:\/\/www.sensorialsunsets.com\/wp-content\/uploads\/2024\/03\/image-1-300x195.png 300w, https:\/\/www.sensorialsunsets.com\/wp-content\/uploads\/2024\/03\/image-1-768x500.png 768w, https:\/\/www.sensorialsunsets.com\/wp-content\/uploads\/2024\/03\/image-1-1320x859.png 1320w, https:\/\/www.sensorialsunsets.com\/wp-content\/uploads\/2024\/03\/image-1.png 1440w\" sizes=\"auto, (max-width: 1024px) 100vw, 1024px\" \/><\/figure>\n<\/figure>\n\n<p>Organis\u00e9 par le Tecnol\u00f3gico de Costa Rica (TEC) en collaboration avec des associations, des institutions, des entreprises et des artistes locaux, le festival culturel Am\u00f3n 2024 promet une exp\u00e9rience unique combinant musique en direct, danse, th\u00e9\u00e2tre, art, design national, performance, gastronomie locale, visites historiques et bien plus encore.<\/p>\n\n<p>\u00c0 cette occasion, de nombreuses activit\u00e9s gratuites sont organis\u00e9es autour de six axes th\u00e9matiques : la gastronomie, l&rsquo;architecture, l&rsquo;art et le design, la vie urbaine, les arts du spectacle et l&rsquo;environnement. Des visites des rues pittoresques aux spectacles dans les b\u00e2timents embl\u00e9matiques, il y en a pour tous les go\u00fbts et tous les \u00e2ges.<\/p>\n\n<h3 class=\"wp-block-heading\">C\u00e9l\u00e9bration de l&rsquo;histoire et de la cr\u00e9ativit\u00e9<\/h3>\n\n<p>L&rsquo;un des points forts du festival culturel Ammon 2024 est l&rsquo;accent mis sur l&rsquo;engagement de la communaut\u00e9 et la connexion avec l&rsquo;environnement. Les habitants et les visiteurs ont la possibilit\u00e9 de s&rsquo;immerger dans la riche histoire et la culture de la r\u00e9gion tout en profitant d&rsquo;un large \u00e9ventail d&rsquo;activit\u00e9s qui c\u00e9l\u00e8brent l&rsquo;identit\u00e9 unique de San Jos\u00e9.<\/p>\n\n<p>Pour ceux qui souhaitent d\u00e9couvrir le programme complet des activit\u00e9s et planifier leur journ\u00e9e, le programme est accessible en ligne sur le lien suivant : <a href=\"https:\/\/ugc.production.linktr.ee\/ed8f73f3-997c-4534-b815-1256ed28fe8d_AC24---PROGRAMACION-COMPLETA-VF-01-03.pdf\">Programme complet de l&rsquo;Amon culturel 2024<\/a><\/p>\n\n<p><strong>Sensorial Sunsets<\/strong><\/p>\n","protected":false},"excerpt":{"rendered":"<p>Le samedi 9 mars 2024, le festival culturel d&rsquo;Am\u00f3n f\u00eatera son 10e anniversaire avec une explosion de cr\u00e9ativit\u00e9, de musique et d&rsquo;art dans les quartiers anim\u00e9s d&rsquo;Am\u00f3n et d&rsquo;Otoya \u00e0 San Jos\u00e9. Avec plus de 90 activit\u00e9s r\u00e9parties sur 31 sites, ce festival urbain est devenu l&rsquo;un des temps forts du calendrier culturel de la [&hellip;]<\/p>\n","protected":false},"author":4,"featured_media":14989,"comment_status":"closed","ping_status":"closed","sticky":false,"template":"","format":"standard","meta":{"_acf_changed":false,"inline_featured_image":false,"_monsterinsights_skip_tracking":false,"_monsterinsights_sitenote_active":false,"_monsterinsights_sitenote_note":"","_monsterinsights_sitenote_category":0,"footnotes":""},"categories":[168],"tags":[],"class_list":["post-15009","post","type-post","status-publish","format-standard","has-post-thumbnail","hentry","category-actualites"],"acf":[],"yoast_head":"<!-- This site is optimized with the Yoast SEO plugin v27.4 - https:\/\/yoast.com\/product\/yoast-seo-wordpress\/ -->\n<title>Amon Cultural 2024 : Culture et diversit\u00e9 \u00e0 San Jos\u00e9<\/title>\n<meta name=\"description\" content=\"Am\u00f3n Cultural 2024, musique live, arts de la rue, cuisine locale et visites historiques dans les quartiers d&#039;Am\u00f3n et d&#039;Otoya \u00e0 San Jos\u00e9.\" \/>\n<meta name=\"robots\" content=\"index, follow, max-snippet:-1, max-image-preview:large, max-video-preview:-1\" \/>\n<link rel=\"canonical\" href=\"https:\/\/www.sensorialsunsets.com\/fr\/amon-cultural-2024-celebration-dune-decennie-de-culture-et-de-diversite-a-san-jose\/\" \/>\n<meta property=\"og:locale\" content=\"fr_FR\" \/>\n<meta property=\"og:type\" content=\"article\" \/>\n<meta property=\"og:title\" content=\"Amon Cultural 2024 : Culture et diversit\u00e9 \u00e0 San Jos\u00e9\" \/>\n<meta property=\"og:description\" content=\"Am\u00f3n Cultural 2024, musique live, arts de la rue, cuisine locale et visites historiques dans les quartiers d&#039;Am\u00f3n et d&#039;Otoya \u00e0 San Jos\u00e9.\" \/>\n<meta property=\"og:url\" content=\"https:\/\/www.sensorialsunsets.com\/fr\/amon-cultural-2024-celebration-dune-decennie-de-culture-et-de-diversite-a-san-jose\/\" \/>\n<meta property=\"og:site_name\" content=\"SensorialSunsets\" \/>\n<meta property=\"article:publisher\" content=\"https:\/\/www.facebook.com\/Sensorial-Sunsets-109180614715562\" \/>\n<meta property=\"article:published_time\" content=\"2024-03-08T19:55:57+00:00\" \/>\n<meta property=\"article:modified_time\" content=\"2024-03-08T19:57:27+00:00\" \/>\n<meta property=\"og:image\" content=\"https:\/\/www.sensorialsunsets.com\/wp-content\/uploads\/2024\/03\/image-1024x760.png\" \/>\n\t<meta property=\"og:image:width\" content=\"1024\" \/>\n\t<meta property=\"og:image:height\" content=\"760\" \/>\n\t<meta property=\"og:image:type\" content=\"image\/png\" \/>\n<meta name=\"author\" content=\"Sensorial Sunsets\" \/>\n<meta name=\"twitter:card\" content=\"summary_large_image\" \/>\n<meta name=\"twitter:label1\" content=\"\u00c9crit par\" \/>\n\t<meta name=\"twitter:data1\" content=\"Sensorial Sunsets\" \/>\n\t<meta name=\"twitter:label2\" content=\"Dur\u00e9e de lecture estim\u00e9e\" \/>\n\t<meta name=\"twitter:data2\" content=\"2 minutes\" \/>\n<script type=\"application\/ld+json\" class=\"yoast-schema-graph\">{\"@context\":\"https:\\\/\\\/schema.org\",\"@graph\":[{\"@type\":\"Article\",\"@id\":\"https:\\\/\\\/www.sensorialsunsets.com\\\/fr\\\/amon-cultural-2024-celebration-dune-decennie-de-culture-et-de-diversite-a-san-jose\\\/#article\",\"isPartOf\":{\"@id\":\"https:\\\/\\\/www.sensorialsunsets.com\\\/fr\\\/amon-cultural-2024-celebration-dune-decennie-de-culture-et-de-diversite-a-san-jose\\\/\"},\"author\":{\"name\":\"Sensorial Sunsets\",\"@id\":\"https:\\\/\\\/www.sensorialsunsets.com\\\/fr\\\/#\\\/schema\\\/person\\\/77e2fa594135aa94024c47e281d8a94d\"},\"headline\":\"Amon Cultural 2024 : C\u00e9l\u00e9bration d&rsquo;une d\u00e9cennie de culture et de diversit\u00e9 \u00e0 San Jos\u00e9\",\"datePublished\":\"2024-03-08T19:55:57+00:00\",\"dateModified\":\"2024-03-08T19:57:27+00:00\",\"mainEntityOfPage\":{\"@id\":\"https:\\\/\\\/www.sensorialsunsets.com\\\/fr\\\/amon-cultural-2024-celebration-dune-decennie-de-culture-et-de-diversite-a-san-jose\\\/\"},\"wordCount\":415,\"publisher\":{\"@id\":\"https:\\\/\\\/www.sensorialsunsets.com\\\/fr\\\/#organization\"},\"image\":{\"@id\":\"https:\\\/\\\/www.sensorialsunsets.com\\\/fr\\\/amon-cultural-2024-celebration-dune-decennie-de-culture-et-de-diversite-a-san-jose\\\/#primaryimage\"},\"thumbnailUrl\":\"https:\\\/\\\/www.sensorialsunsets.com\\\/wp-content\\\/uploads\\\/2024\\\/03\\\/image.png\",\"articleSection\":[\"Vivez le Costa Rica\"],\"inLanguage\":\"fr-FR\"},{\"@type\":\"WebPage\",\"@id\":\"https:\\\/\\\/www.sensorialsunsets.com\\\/fr\\\/amon-cultural-2024-celebration-dune-decennie-de-culture-et-de-diversite-a-san-jose\\\/\",\"url\":\"https:\\\/\\\/www.sensorialsunsets.com\\\/fr\\\/amon-cultural-2024-celebration-dune-decennie-de-culture-et-de-diversite-a-san-jose\\\/\",\"name\":\"Amon Cultural 2024 : Culture et diversit\u00e9 \u00e0 San Jos\u00e9\",\"isPartOf\":{\"@id\":\"https:\\\/\\\/www.sensorialsunsets.com\\\/fr\\\/#website\"},\"primaryImageOfPage\":{\"@id\":\"https:\\\/\\\/www.sensorialsunsets.com\\\/fr\\\/amon-cultural-2024-celebration-dune-decennie-de-culture-et-de-diversite-a-san-jose\\\/#primaryimage\"},\"image\":{\"@id\":\"https:\\\/\\\/www.sensorialsunsets.com\\\/fr\\\/amon-cultural-2024-celebration-dune-decennie-de-culture-et-de-diversite-a-san-jose\\\/#primaryimage\"},\"thumbnailUrl\":\"https:\\\/\\\/www.sensorialsunsets.com\\\/wp-content\\\/uploads\\\/2024\\\/03\\\/image.png\",\"datePublished\":\"2024-03-08T19:55:57+00:00\",\"dateModified\":\"2024-03-08T19:57:27+00:00\",\"description\":\"Am\u00f3n Cultural 2024, musique live, arts de la rue, cuisine locale et visites historiques dans les quartiers d'Am\u00f3n et d'Otoya \u00e0 San Jos\u00e9.\",\"inLanguage\":\"fr-FR\",\"potentialAction\":[{\"@type\":\"ReadAction\",\"target\":[\"https:\\\/\\\/www.sensorialsunsets.com\\\/fr\\\/amon-cultural-2024-celebration-dune-decennie-de-culture-et-de-diversite-a-san-jose\\\/\"]}]},{\"@type\":\"ImageObject\",\"inLanguage\":\"fr-FR\",\"@id\":\"https:\\\/\\\/www.sensorialsunsets.com\\\/fr\\\/amon-cultural-2024-celebration-dune-decennie-de-culture-et-de-diversite-a-san-jose\\\/#primaryimage\",\"url\":\"https:\\\/\\\/www.sensorialsunsets.com\\\/wp-content\\\/uploads\\\/2024\\\/03\\\/image.png\",\"contentUrl\":\"https:\\\/\\\/www.sensorialsunsets.com\\\/wp-content\\\/uploads\\\/2024\\\/03\\\/image.png\",\"width\":1440,\"height\":1069},{\"@type\":\"WebSite\",\"@id\":\"https:\\\/\\\/www.sensorialsunsets.com\\\/fr\\\/#website\",\"url\":\"https:\\\/\\\/www.sensorialsunsets.com\\\/fr\\\/\",\"name\":\"SensorialSunsets.com\",\"description\":\"D\u00e9couvrez la culture et la soci\u00e9t\u00e9 du Costa Rica sur notre blog. Explorez des articles captivants et partagez le contenu.\",\"publisher\":{\"@id\":\"https:\\\/\\\/www.sensorialsunsets.com\\\/fr\\\/#organization\"},\"alternateName\":\"Costa Rica Live Blog\",\"potentialAction\":[{\"@type\":\"SearchAction\",\"target\":{\"@type\":\"EntryPoint\",\"urlTemplate\":\"https:\\\/\\\/www.sensorialsunsets.com\\\/fr\\\/?s={search_term_string}\"},\"query-input\":{\"@type\":\"PropertyValueSpecification\",\"valueRequired\":true,\"valueName\":\"search_term_string\"}}],\"inLanguage\":\"fr-FR\"},{\"@type\":\"Organization\",\"@id\":\"https:\\\/\\\/www.sensorialsunsets.com\\\/fr\\\/#organization\",\"name\":\"SensorialSunsets\",\"url\":\"https:\\\/\\\/www.sensorialsunsets.com\\\/fr\\\/\",\"logo\":{\"@type\":\"ImageObject\",\"inLanguage\":\"fr-FR\",\"@id\":\"https:\\\/\\\/www.sensorialsunsets.com\\\/fr\\\/#\\\/schema\\\/logo\\\/image\\\/\",\"url\":\"https:\\\/\\\/www.sensorialsunsets.com\\\/wp-content\\\/uploads\\\/2023\\\/04\\\/Logo_base_line_fond_clair.svg\",\"contentUrl\":\"https:\\\/\\\/www.sensorialsunsets.com\\\/wp-content\\\/uploads\\\/2023\\\/04\\\/Logo_base_line_fond_clair.svg\",\"width\":\"1024\",\"height\":\"1024\",\"caption\":\"SensorialSunsets\"},\"image\":{\"@id\":\"https:\\\/\\\/www.sensorialsunsets.com\\\/fr\\\/#\\\/schema\\\/logo\\\/image\\\/\"},\"sameAs\":[\"https:\\\/\\\/www.facebook.com\\\/Sensorial-Sunsets-109180614715562\",\"https:\\\/\\\/www.instagram.com\\\/sensorialsunsets\\\/\"]},{\"@type\":\"Person\",\"@id\":\"https:\\\/\\\/www.sensorialsunsets.com\\\/fr\\\/#\\\/schema\\\/person\\\/77e2fa594135aa94024c47e281d8a94d\",\"name\":\"Sensorial Sunsets\",\"image\":{\"@type\":\"ImageObject\",\"inLanguage\":\"fr-FR\",\"@id\":\"https:\\\/\\\/secure.gravatar.com\\\/avatar\\\/5f2d62681b1dad94c28f1500d4fc75582acdfd32b55fd1acce0a36a3c487eabe?s=96&d=mm&r=g\",\"url\":\"https:\\\/\\\/secure.gravatar.com\\\/avatar\\\/5f2d62681b1dad94c28f1500d4fc75582acdfd32b55fd1acce0a36a3c487eabe?s=96&d=mm&r=g\",\"contentUrl\":\"https:\\\/\\\/secure.gravatar.com\\\/avatar\\\/5f2d62681b1dad94c28f1500d4fc75582acdfd32b55fd1acce0a36a3c487eabe?s=96&d=mm&r=g\",\"caption\":\"Sensorial Sunsets\"},\"url\":\"https:\\\/\\\/www.sensorialsunsets.com\\\/fr\\\/author\\\/asistentes-sensorial-sunsets\\\/\"}]}<\/script>\n<!-- \/ Yoast SEO plugin. -->","yoast_head_json":{"title":"Amon Cultural 2024 : Culture et diversit\u00e9 \u00e0 San Jos\u00e9","description":"Am\u00f3n Cultural 2024, musique live, arts de la rue, cuisine locale et visites historiques dans les quartiers d'Am\u00f3n et d'Otoya \u00e0 San Jos\u00e9.","robots":{"index":"index","follow":"follow","max-snippet":"max-snippet:-1","max-image-preview":"max-image-preview:large","max-video-preview":"max-video-preview:-1"},"canonical":"https:\/\/www.sensorialsunsets.com\/fr\/amon-cultural-2024-celebration-dune-decennie-de-culture-et-de-diversite-a-san-jose\/","og_locale":"fr_FR","og_type":"article","og_title":"Amon Cultural 2024 : Culture et diversit\u00e9 \u00e0 San Jos\u00e9","og_description":"Am\u00f3n Cultural 2024, musique live, arts de la rue, cuisine locale et visites historiques dans les quartiers d'Am\u00f3n et d'Otoya \u00e0 San Jos\u00e9.","og_url":"https:\/\/www.sensorialsunsets.com\/fr\/amon-cultural-2024-celebration-dune-decennie-de-culture-et-de-diversite-a-san-jose\/","og_site_name":"SensorialSunsets","article_publisher":"https:\/\/www.facebook.com\/Sensorial-Sunsets-109180614715562","article_published_time":"2024-03-08T19:55:57+00:00","article_modified_time":"2024-03-08T19:57:27+00:00","og_image":[{"width":1024,"height":760,"url":"https:\/\/www.sensorialsunsets.com\/wp-content\/uploads\/2024\/03\/image-1024x760.png","type":"image\/png"}],"author":"Sensorial Sunsets","twitter_card":"summary_large_image","twitter_misc":{"\u00c9crit par":"Sensorial Sunsets","Dur\u00e9e de lecture estim\u00e9e":"2 minutes"},"schema":{"@context":"https:\/\/schema.org","@graph":[{"@type":"Article","@id":"https:\/\/www.sensorialsunsets.com\/fr\/amon-cultural-2024-celebration-dune-decennie-de-culture-et-de-diversite-a-san-jose\/#article","isPartOf":{"@id":"https:\/\/www.sensorialsunsets.com\/fr\/amon-cultural-2024-celebration-dune-decennie-de-culture-et-de-diversite-a-san-jose\/"},"author":{"name":"Sensorial Sunsets","@id":"https:\/\/www.sensorialsunsets.com\/fr\/#\/schema\/person\/77e2fa594135aa94024c47e281d8a94d"},"headline":"Amon Cultural 2024 : C\u00e9l\u00e9bration d&rsquo;une d\u00e9cennie de culture et de diversit\u00e9 \u00e0 San Jos\u00e9","datePublished":"2024-03-08T19:55:57+00:00","dateModified":"2024-03-08T19:57:27+00:00","mainEntityOfPage":{"@id":"https:\/\/www.sensorialsunsets.com\/fr\/amon-cultural-2024-celebration-dune-decennie-de-culture-et-de-diversite-a-san-jose\/"},"wordCount":415,"publisher":{"@id":"https:\/\/www.sensorialsunsets.com\/fr\/#organization"},"image":{"@id":"https:\/\/www.sensorialsunsets.com\/fr\/amon-cultural-2024-celebration-dune-decennie-de-culture-et-de-diversite-a-san-jose\/#primaryimage"},"thumbnailUrl":"https:\/\/www.sensorialsunsets.com\/wp-content\/uploads\/2024\/03\/image.png","articleSection":["Vivez le Costa Rica"],"inLanguage":"fr-FR"},{"@type":"WebPage","@id":"https:\/\/www.sensorialsunsets.com\/fr\/amon-cultural-2024-celebration-dune-decennie-de-culture-et-de-diversite-a-san-jose\/","url":"https:\/\/www.sensorialsunsets.com\/fr\/amon-cultural-2024-celebration-dune-decennie-de-culture-et-de-diversite-a-san-jose\/","name":"Amon Cultural 2024 : Culture et diversit\u00e9 \u00e0 San Jos\u00e9","isPartOf":{"@id":"https:\/\/www.sensorialsunsets.com\/fr\/#website"},"primaryImageOfPage":{"@id":"https:\/\/www.sensorialsunsets.com\/fr\/amon-cultural-2024-celebration-dune-decennie-de-culture-et-de-diversite-a-san-jose\/#primaryimage"},"image":{"@id":"https:\/\/www.sensorialsunsets.com\/fr\/amon-cultural-2024-celebration-dune-decennie-de-culture-et-de-diversite-a-san-jose\/#primaryimage"},"thumbnailUrl":"https:\/\/www.sensorialsunsets.com\/wp-content\/uploads\/2024\/03\/image.png","datePublished":"2024-03-08T19:55:57+00:00","dateModified":"2024-03-08T19:57:27+00:00","description":"Am\u00f3n Cultural 2024, musique live, arts de la rue, cuisine locale et visites historiques dans les quartiers d'Am\u00f3n et d'Otoya \u00e0 San Jos\u00e9.","inLanguage":"fr-FR","potentialAction":[{"@type":"ReadAction","target":["https:\/\/www.sensorialsunsets.com\/fr\/amon-cultural-2024-celebration-dune-decennie-de-culture-et-de-diversite-a-san-jose\/"]}]},{"@type":"ImageObject","inLanguage":"fr-FR","@id":"https:\/\/www.sensorialsunsets.com\/fr\/amon-cultural-2024-celebration-dune-decennie-de-culture-et-de-diversite-a-san-jose\/#primaryimage","url":"https:\/\/www.sensorialsunsets.com\/wp-content\/uploads\/2024\/03\/image.png","contentUrl":"https:\/\/www.sensorialsunsets.com\/wp-content\/uploads\/2024\/03\/image.png","width":1440,"height":1069},{"@type":"WebSite","@id":"https:\/\/www.sensorialsunsets.com\/fr\/#website","url":"https:\/\/www.sensorialsunsets.com\/fr\/","name":"SensorialSunsets.com","description":"D\u00e9couvrez la culture et la soci\u00e9t\u00e9 du Costa Rica sur notre blog. Explorez des articles captivants et partagez le contenu.","publisher":{"@id":"https:\/\/www.sensorialsunsets.com\/fr\/#organization"},"alternateName":"Costa Rica Live Blog","potentialAction":[{"@type":"SearchAction","target":{"@type":"EntryPoint","urlTemplate":"https:\/\/www.sensorialsunsets.com\/fr\/?s={search_term_string}"},"query-input":{"@type":"PropertyValueSpecification","valueRequired":true,"valueName":"search_term_string"}}],"inLanguage":"fr-FR"},{"@type":"Organization","@id":"https:\/\/www.sensorialsunsets.com\/fr\/#organization","name":"SensorialSunsets","url":"https:\/\/www.sensorialsunsets.com\/fr\/","logo":{"@type":"ImageObject","inLanguage":"fr-FR","@id":"https:\/\/www.sensorialsunsets.com\/fr\/#\/schema\/logo\/image\/","url":"https:\/\/www.sensorialsunsets.com\/wp-content\/uploads\/2023\/04\/Logo_base_line_fond_clair.svg","contentUrl":"https:\/\/www.sensorialsunsets.com\/wp-content\/uploads\/2023\/04\/Logo_base_line_fond_clair.svg","width":"1024","height":"1024","caption":"SensorialSunsets"},"image":{"@id":"https:\/\/www.sensorialsunsets.com\/fr\/#\/schema\/logo\/image\/"},"sameAs":["https:\/\/www.facebook.com\/Sensorial-Sunsets-109180614715562","https:\/\/www.instagram.com\/sensorialsunsets\/"]},{"@type":"Person","@id":"https:\/\/www.sensorialsunsets.com\/fr\/#\/schema\/person\/77e2fa594135aa94024c47e281d8a94d","name":"Sensorial Sunsets","image":{"@type":"ImageObject","inLanguage":"fr-FR","@id":"https:\/\/secure.gravatar.com\/avatar\/5f2d62681b1dad94c28f1500d4fc75582acdfd32b55fd1acce0a36a3c487eabe?s=96&d=mm&r=g","url":"https:\/\/secure.gravatar.com\/avatar\/5f2d62681b1dad94c28f1500d4fc75582acdfd32b55fd1acce0a36a3c487eabe?s=96&d=mm&r=g","contentUrl":"https:\/\/secure.gravatar.com\/avatar\/5f2d62681b1dad94c28f1500d4fc75582acdfd32b55fd1acce0a36a3c487eabe?s=96&d=mm&r=g","caption":"Sensorial Sunsets"},"url":"https:\/\/www.sensorialsunsets.com\/fr\/author\/asistentes-sensorial-sunsets\/"}]}},"_links":{"self":[{"href":"https:\/\/www.sensorialsunsets.com\/fr\/wp-json\/wp\/v2\/posts\/15009","targetHints":{"allow":["GET"]}}],"collection":[{"href":"https:\/\/www.sensorialsunsets.com\/fr\/wp-json\/wp\/v2\/posts"}],"about":[{"href":"https:\/\/www.sensorialsunsets.com\/fr\/wp-json\/wp\/v2\/types\/post"}],"author":[{"embeddable":true,"href":"https:\/\/www.sensorialsunsets.com\/fr\/wp-json\/wp\/v2\/users\/4"}],"replies":[{"embeddable":true,"href":"https:\/\/www.sensorialsunsets.com\/fr\/wp-json\/wp\/v2\/comments?post=15009"}],"version-history":[{"count":0,"href":"https:\/\/www.sensorialsunsets.com\/fr\/wp-json\/wp\/v2\/posts\/15009\/revisions"}],"wp:featuredmedia":[{"embeddable":true,"href":"https:\/\/www.sensorialsunsets.com\/fr\/wp-json\/wp\/v2\/media\/14989"}],"wp:attachment":[{"href":"https:\/\/www.sensorialsunsets.com\/fr\/wp-json\/wp\/v2\/media?parent=15009"}],"wp:term":[{"taxonomy":"category","embeddable":true,"href":"https:\/\/www.sensorialsunsets.com\/fr\/wp-json\/wp\/v2\/categories?post=15009"},{"taxonomy":"post_tag","embeddable":true,"href":"https:\/\/www.sensorialsunsets.com\/fr\/wp-json\/wp\/v2\/tags?post=15009"}],"curies":[{"name":"wp","href":"https:\/\/api.w.org\/{rel}","templated":true}]}}