{"id":15252,"date":"2024-03-15T15:50:34","date_gmt":"2024-03-15T21:50:34","guid":{"rendered":"https:\/\/www.sensorialsunsets.com\/?p=15252"},"modified":"2024-03-15T15:50:34","modified_gmt":"2024-03-15T21:50:34","slug":"gaza-israel-sur-la-troisieme-requete-de-lafrique-du-sud-pour-des-mesures-provisoires-urgentes-aupres-de-la-cour-internationale-de-justice-cij-a-lencontre-disrael","status":"publish","type":"post","link":"https:\/\/www.sensorialsunsets.com\/fr\/gaza-israel-sur-la-troisieme-requete-de-lafrique-du-sud-pour-des-mesures-provisoires-urgentes-aupres-de-la-cour-internationale-de-justice-cij-a-lencontre-disrael\/","title":{"rendered":"Gaza \/ Isra\u00ebl : sur la troisi\u00e8me requ\u00eate de l&rsquo;Afrique du Sud pour des mesures provisoires urgentes aupr\u00e8s de la Cour internationale de justice (CIJ) \u00e0 l&rsquo;encontre d&rsquo;Isra\u00ebl"},"content":{"rendered":"\n<p><strong><a href=\"https:\/\/www.sensorialsunsets.com\/fr\/gaza-israel-et-lannonce-dune-saisine-de-la-cpi-par-le-mexique-et-le-chili\/\">Gaza \/ Isra\u00ebl<\/a> : sur la troisi\u00e8me demande de mesures provisoires urgentes de l&rsquo;Afrique du Sud devant la Cour internationale de justice (CIJ) contre Isra\u00ebl<\/strong>.<\/p>\n\n<blockquote class=\"wp-block-quote is-layout-flow wp-block-quote-is-layout-flow\">\n<p><em>We fear that this already catastrophic situation may slide deeper into the abyss as many Palestinians mark the holy month of Ramadan \u2013 a period that is meant to honour peace and tolerance \u2013 should Israel launch its threatened military offensive into Rafah, where 1.5 million people have been displaced in deplorable sub-human conditions.<\/em> <em>Any ground assault on Rafah would incur massive loss of life and would heighten the risk of further atrocity crimes. This must not be allowed to happen. We also fear that further Israeli restrictions on access by Palestinians to East Jerusalem and Al Aqsa Mosque during Ramadan could further inflame tensions.The UN High Commissioner for Human Rights repeats that there must be an immediate end to this conflict, and that the killing and destruction must stop.<\/em><\/p>\n<cite><em>Spokesperson, UN High Commissioner for Human Rights, Geneva,&nbsp;\u00ab\u00a0Fears over Gaza catastrophe as brutal conflict enters sixth month\u00a0\u00bb,<strong>&nbsp;<a href=\"https:\/\/www.ohchr.org\/en\/press-briefing-notes\/2024\/03\/fears-over-gaza-catastrophe-brutal-conflict-enters-sixth-month\">official statement<\/a><\/strong>,&nbsp;March 8th, 2024<\/em><\/cite><\/blockquote>\n\n<h5 class=\"wp-block-heading\">Le 6 mars 2024, la Cour internationale de justice (CIJ) a annonc\u00e9 une troisi\u00e8me demande formelle de mesures provisoires urgentes d\u00e9pos\u00e9e \u00e0 nouveau par l&rsquo;Afrique du Sud contre Isra\u00ebl. Ce recours est enregistr\u00e9 \u00e0 La Haye par l&rsquo;Afrique du Sud apr\u00e8s :<\/h5>\n\n<ul class=\"wp-block-list\">\n<li>une premi\u00e8re requ\u00eate \u00e0 la CIJ, pr\u00e9sent\u00e9e le 29 d\u00e9cembre 2023, \u00e0 laquelle la CIJ a r\u00e9pondu par une ordonnance le 26 janvier 2024 (voir le texte officiel de cette ordonnance en <strong><a href=\"https:\/\/www.icj-cij.org\/sites\/default\/files\/case-related\/192\/192-20240126-ord-01-00-fr.pdf\">fran\u00e7ais<\/a><\/strong> et en <strong><a href=\"https:\/\/www.icj-cij.org\/sites\/default\/files\/case-related\/192\/192-20240126-ord-01-00-en.pdf\">anglais<\/a><\/strong>), et ;<\/li>\n\n\n\n<li>une seconde demande pr\u00e9sent\u00e9e le 12 f\u00e9vrier 2024, \u00e0 laquelle la CIJ a r\u00e9pondu le 16 f\u00e9vrier par un simple communiqu\u00e9 de presse (voir texte en <strong><a href=\"https:\/\/www.icj-cij.org\/sites\/default\/files\/case-related\/192\/192-20240216-pre-01-00-fr.pdf\">fran\u00e7ais<\/a><\/strong> et <strong><a href=\"https:\/\/www.icj-cij.org\/sites\/default\/files\/case-related\/192\/192-20240216-pre-01-00-en.pdf\">anglais<\/a>)<\/strong>, indiquant qu&rsquo;aucune mesure suppl\u00e9mentaire \u00e0 celles ordonn\u00e9es \u00e0 l&rsquo;encontre d&rsquo;Isra\u00ebl le 26 janvier n&rsquo;\u00e9tait n\u00e9cessaire pour le moment.<\/li>\n<\/ul>\n\n<figure class=\"wp-block-gallery has-nested-images columns-default is-cropped wp-block-gallery-1 is-layout-flex wp-block-gallery-is-layout-flex\">\n<figure class=\"wp-block-image size-large\"><img loading=\"lazy\" decoding=\"async\" width=\"1024\" height=\"682\" data-id=\"15172\" src=\"https:\/\/www.sensorialsunsets.com\/wp-content\/uploads\/2024\/03\/49385077948_7d4cc34c8d_k-1024x682.jpg\" alt=\"Gaza \/ Isra&#xEB;l\" class=\"wp-image-15172\" srcset=\"https:\/\/www.sensorialsunsets.com\/wp-content\/uploads\/2024\/03\/49385077948_7d4cc34c8d_k-1024x682.jpg 1024w, https:\/\/www.sensorialsunsets.com\/wp-content\/uploads\/2024\/03\/49385077948_7d4cc34c8d_k-300x200.jpg 300w, https:\/\/www.sensorialsunsets.com\/wp-content\/uploads\/2024\/03\/49385077948_7d4cc34c8d_k-768x511.jpg 768w, https:\/\/www.sensorialsunsets.com\/wp-content\/uploads\/2024\/03\/49385077948_7d4cc34c8d_k-1536x1023.jpg 1536w, https:\/\/www.sensorialsunsets.com\/wp-content\/uploads\/2024\/03\/49385077948_7d4cc34c8d_k-334x222.jpg 334w, https:\/\/www.sensorialsunsets.com\/wp-content\/uploads\/2024\/03\/49385077948_7d4cc34c8d_k-1320x879.jpg 1320w, https:\/\/www.sensorialsunsets.com\/wp-content\/uploads\/2024\/03\/49385077948_7d4cc34c8d_k.jpg 2047w\" sizes=\"auto, (max-width: 1024px) 100vw, 1024px\" \/><\/figure>\n\n\n\n<figure class=\"wp-block-image size-large\"><img loading=\"lazy\" decoding=\"async\" width=\"1024\" height=\"682\" data-id=\"15175\" src=\"https:\/\/www.sensorialsunsets.com\/wp-content\/uploads\/2024\/03\/49385534331_234ec545bb_k-1024x682.jpg\" alt=\"Gaza \/ Isra&#xEB;l\" class=\"wp-image-15175\" srcset=\"https:\/\/www.sensorialsunsets.com\/wp-content\/uploads\/2024\/03\/49385534331_234ec545bb_k-1024x682.jpg 1024w, https:\/\/www.sensorialsunsets.com\/wp-content\/uploads\/2024\/03\/49385534331_234ec545bb_k-300x200.jpg 300w, https:\/\/www.sensorialsunsets.com\/wp-content\/uploads\/2024\/03\/49385534331_234ec545bb_k-768x511.jpg 768w, https:\/\/www.sensorialsunsets.com\/wp-content\/uploads\/2024\/03\/49385534331_234ec545bb_k-1536x1023.jpg 1536w, https:\/\/www.sensorialsunsets.com\/wp-content\/uploads\/2024\/03\/49385534331_234ec545bb_k-334x222.jpg 334w, https:\/\/www.sensorialsunsets.com\/wp-content\/uploads\/2024\/03\/49385534331_234ec545bb_k-1320x879.jpg 1320w, https:\/\/www.sensorialsunsets.com\/wp-content\/uploads\/2024\/03\/49385534331_234ec545bb_k.jpg 2047w\" sizes=\"auto, (max-width: 1024px) 100vw, 1024px\" \/><\/figure>\n\n\n\n<figure class=\"wp-block-image size-large\"><img loading=\"lazy\" decoding=\"async\" width=\"1024\" height=\"682\" data-id=\"15178\" src=\"https:\/\/www.sensorialsunsets.com\/wp-content\/uploads\/2024\/03\/49385497581_bdcf7a6c76_k-1024x682.jpg\" alt=\"Gaza \/ Isra&#xEB;l\" class=\"wp-image-15178\" srcset=\"https:\/\/www.sensorialsunsets.com\/wp-content\/uploads\/2024\/03\/49385497581_bdcf7a6c76_k-1024x682.jpg 1024w, https:\/\/www.sensorialsunsets.com\/wp-content\/uploads\/2024\/03\/49385497581_bdcf7a6c76_k-300x200.jpg 300w, https:\/\/www.sensorialsunsets.com\/wp-content\/uploads\/2024\/03\/49385497581_bdcf7a6c76_k-768x511.jpg 768w, https:\/\/www.sensorialsunsets.com\/wp-content\/uploads\/2024\/03\/49385497581_bdcf7a6c76_k-1536x1022.jpg 1536w, https:\/\/www.sensorialsunsets.com\/wp-content\/uploads\/2024\/03\/49385497581_bdcf7a6c76_k-334x222.jpg 334w, https:\/\/www.sensorialsunsets.com\/wp-content\/uploads\/2024\/03\/49385497581_bdcf7a6c76_k-1320x878.jpg 1320w, https:\/\/www.sensorialsunsets.com\/wp-content\/uploads\/2024\/03\/49385497581_bdcf7a6c76_k.jpg 2048w\" sizes=\"auto, (max-width: 1024px) 100vw, 1024px\" \/><\/figure>\n<\/figure>\n\n<h5 class=\"wp-block-heading\">Le texte de la troisi\u00e8me requ\u00eate de l&rsquo;Afrique du Sud (dont la lecture compl\u00e8te et d\u00e9taill\u00e9e est recommand\u00e9e), peut \u00eatre consult\u00e9 sur ce lien officiel de la CIJ en <strong><a href=\"https:\/\/www.icj-cij.org\/sites\/default\/files\/case-related\/192\/192-20240306-wri-01-00-en.pdf\">anglais<\/a><\/strong>. <\/h5>\n\n<p>Consid\u00e9rant le fait que la premi\u00e8re demande de l&rsquo;Afrique du Sud a \u00e9t\u00e9 pr\u00e9sent\u00e9e quelques jours apr\u00e8s l&rsquo;adoption, le 22 d\u00e9cembre 2023, de la <strong><a href=\"https:\/\/undocs.org\/Home\/Mobile ? FinalSymbol=S%2FRES%2F2720(2023)&amp;Language=E&amp;DeviceType=Desktop&amp;LangRequested=False\">S\/RES\/2720(2023)<\/a><\/strong> par le Conseil de s\u00e9curit\u00e9, texte qui manquait de contenu significatif pour freiner l&rsquo;\u00e9lan d&rsquo;Isra\u00ebl en raison de la menace d&rsquo;un veto am\u00e9ricain (<strong>Note 1)<\/strong>, une nouvelle r\u00e9flexion s&rsquo;impose : c&rsquo;est bien le troisi\u00e8me veto am\u00e9ricain enregistr\u00e9 le 20 f\u00e9vrier au Conseil de s\u00e9curit\u00e9 qui peut \u00eatre consid\u00e9r\u00e9 comme ayant initi\u00e9 et pr\u00e9cipit\u00e9 cette troisi\u00e8me requ\u00eate urgente \u00e0 la CIJ par l&rsquo;Afrique du Sud, face au drame et \u00e0 la souffrance indescriptibles \u00e0 Gaza et \u00e0 la d\u00e9fiance d&rsquo;Isra\u00ebl. <\/p>\n\n<p>Un Conseil de s\u00e9curit\u00e9 incapable (\u00e0 nouveau) d&rsquo;assumer ses responsabilit\u00e9s et ses pouvoirs \u00e0 Gaza en raison du veto am\u00e9ricain ? La diplomatie sud-africaine semble r\u00e9pondre au veto susmentionn\u00e9 par une nouvelle action devant le juge international.<\/p>\n\n<h3 class=\"wp-block-heading\"><strong><em>Les \u00c9tats-Unis au d\u00e9but de 2024 ou l&rsquo;histoire d&rsquo;un soutien ind\u00e9fendable et injustifiable \u00e0 Isra\u00ebl<\/em><\/strong>.<\/h3>\n\n<p>Au sujet du veto am\u00e9ricain observ\u00e9 le 20 f\u00e9vrier, il est int\u00e9ressant de noter que le vice-pr\u00e9sident am\u00e9ricain a publiquement exig\u00e9 d&rsquo;Isra\u00ebl (voir l&rsquo;article du Guardian du 3 mars) la m\u00eame chose que ce qui \u00e9tait contenu dans la r\u00e9solution propos\u00e9e par l&rsquo;Alg\u00e9rie et \u00e0 laquelle le d\u00e9l\u00e9gu\u00e9 am\u00e9ricain \u00e0 New York a oppos\u00e9 son veto le 20 f\u00e9vrier : un cessez-le-feu imm\u00e9diat pour des raisons humanitaires. En effet, le premier paragraphe du dispositif du projet de r\u00e9solution <strong><a href=\"https:\/\/undocs.org\/Home\/Mobile?FinalSymbol=S%2F2024%2F173&amp;Language=E&amp;DeviceType=Desktop&amp;LangRequested=False\">S\/2024\/173<\/a><\/strong> se lisait comme suit :<\/p>\n\n<blockquote class=\"wp-block-quote is-layout-flow wp-block-quote-is-layout-flow\">\n<p><em><strong>1.<\/strong>\u00a0Demands an immediate humanitarian ceasefire that must be respected by all parties;\u00a0\u00bb\u00a0<\/em><\/p>\n<cite><em>\u00ab\u00a0<em><strong>1.<\/strong>&nbsp;Exige un alto el fuego humanitario inmediato que deben respetar todas las partes;<\/em><\/em><\/cite><\/blockquote>\n\n<p>Ainsi, sauf erreur de notre part, dans l&rsquo;organigramme du pouvoir ex\u00e9cutif am\u00e9ricain (comme dans celui des 192 autres \u00c9tats membres de l&rsquo;ONU), un d\u00e9l\u00e9gu\u00e9 ayant rang d&rsquo;ambassadeur des \u00c9tats-Unis au Conseil de s\u00e9curit\u00e9 de l&rsquo;ONU doit \u00eatre consid\u00e9r\u00e9 comme un fonctionnaire subalterne par rapport au rang officiel d\u00e9tenu par le vice-pr\u00e9sident des \u00c9tats-Unis. <\/p>\n\n<p>Par cons\u00e9quent, cette d\u00e9claration officielle vide de son contenu la justification officielle donn\u00e9e par la repr\u00e9sentante diplomatique susmentionn\u00e9e pour tenter de justifier son vote contre ses homologues du Conseil de s\u00e9curit\u00e9 (voir le proc\u00e8s-verbal de la r\u00e9union <strong><a href=\"https:\/\/undocs.org\/Home\/Mobile?FinalSymbol=S%2FPV.9552&amp;Language=E&amp;DeviceType=Desktop&amp;LangRequested=False\">S\/PV.9552<\/a> <\/strong>du 20 f\u00e9vrier 2024, pages 6). <\/p>\n\n<h5 class=\"wp-block-heading\">Le r\u00f4le des \u00c9tats-Unis dans le conflit isra\u00e9lo-palestinien : soutien aveugle ou politique d&rsquo;int\u00e9r\u00eat ?<\/h5>\n\n<p>\u00c0 cet \u00e9gard, il convient de noter que, dans son intervention lors de la m\u00eame r\u00e9union du Conseil de s\u00e9curit\u00e9, le repr\u00e9sentant de la Palestine a d\u00e9clar\u00e9 que<\/p>\n\n<blockquote class=\"wp-block-quote is-layout-flow wp-block-quote-is-layout-flow\">\n<p><entre notre=\"\" pr=\"\" r=\"\" du=\"\" conseil=\"\" le=\"\" janvier=\"\" et=\"\" aujourd=\"\" nombre=\"\" de=\"\" victimes=\"\" est=\"\" pass=\"\" palestiniens=\"\" tu=\"\" par=\"\" les=\"\" forces=\"\" d=\"\" isra=\"\" plus=\"\" bless=\"\" ainsi=\"\" rien=\"\" qu=\"\" cours=\"\" des=\"\" derniers=\"\" jours=\"\" a=\"\" enfants=\"\" femmes=\"\" hommes=\"\" suppl=\"\" ce=\"\" en=\"\" seulement.=\"\" c=\"\" la=\"\" cons=\"\" malheureuse=\"\" l=\"\" chaque=\"\" jour=\"\" sont=\"\" cela=\"\" signifie=\"\" fin=\"\" cette=\"\" session=\"\" s=\"\" auront=\"\"><\/entre><\/p>\n<cite>(pages 14-15).<\/cite><\/blockquote>\n\n<p>De m\u00eame, il convient de noter que le 6 mars, la pression sur l&rsquo;ex\u00e9cutif am\u00e9ricain s&rsquo;est accrue lorsque le <em>Washington Post<\/em> a publi\u00e9 un <strong><a href=\"https:\/\/www.washingtonpost.com\/national-security\/2024\/03\/06\/us-weapons-israel-gaza\/\">rapport<\/a><\/strong> intitul\u00e9 \u00ab\u00a0<em>U.S. floods arms into Israel despite mounting alarm over war&rsquo;s conduct<\/em>\u00a0\u00bb (lecture int\u00e9grale recommand\u00e9e) dans lequel l&rsquo;opacit\u00e9 totale des transferts d&rsquo;armes am\u00e9ricaines vers Isra\u00ebl depuis le 7 octobre est r\u00e9v\u00e9l\u00e9e.<\/p>\n\n<p>\u00c0 noter que ni Isra\u00ebl ni les \u00c9tats-Unis ne sont des \u00c9tats parties \u00e0 la Convention sur le commerce des armes adopt\u00e9e en 2013, qui compte 113 \u00c9tats parties (voir <strong><a href=\"https:\/\/treaties.un.org\/pages\/ViewDetails.aspx?src=TREATY&amp;mtdsg_no=XXVI-8&amp;chapter=26\">official status<\/a><\/strong> of signatures and ratifications). Parmi les cinq membres permanents du Conseil de s\u00e9curit\u00e9 de l&rsquo;ONU, seuls les \u00c9tats-Unis et la Russie persistent \u00e0 ne pas se soumettre aux obligations contenues dans ce trait\u00e9 multilat\u00e9ral.<\/p>\n\n<figure class=\"wp-block-gallery has-nested-images columns-default is-cropped wp-block-gallery-2 is-layout-flex wp-block-gallery-is-layout-flex\">\n<figure class=\"wp-block-image size-large\"><img loading=\"lazy\" decoding=\"async\" width=\"1024\" height=\"683\" data-id=\"15200\" src=\"https:\/\/www.sensorialsunsets.com\/wp-content\/uploads\/2024\/03\/452335741_40db031bb9_h-1024x683.jpg\" alt=\"\" class=\"wp-image-15200\" srcset=\"https:\/\/www.sensorialsunsets.com\/wp-content\/uploads\/2024\/03\/452335741_40db031bb9_h-1024x683.jpg 1024w, https:\/\/www.sensorialsunsets.com\/wp-content\/uploads\/2024\/03\/452335741_40db031bb9_h-300x200.jpg 300w, https:\/\/www.sensorialsunsets.com\/wp-content\/uploads\/2024\/03\/452335741_40db031bb9_h-768x512.jpg 768w, https:\/\/www.sensorialsunsets.com\/wp-content\/uploads\/2024\/03\/452335741_40db031bb9_h-334x222.jpg 334w, https:\/\/www.sensorialsunsets.com\/wp-content\/uploads\/2024\/03\/452335741_40db031bb9_h-1320x880.jpg 1320w, https:\/\/www.sensorialsunsets.com\/wp-content\/uploads\/2024\/03\/452335741_40db031bb9_h.jpg 1536w\" sizes=\"auto, (max-width: 1024px) 100vw, 1024px\" \/><\/figure>\n\n\n\n<figure class=\"wp-block-image size-large\"><img loading=\"lazy\" decoding=\"async\" width=\"1024\" height=\"682\" data-id=\"15191\" src=\"https:\/\/www.sensorialsunsets.com\/wp-content\/uploads\/2024\/03\/49385729867_ba51d4531b_k-1024x682.jpg\" alt=\"\" class=\"wp-image-15191\" srcset=\"https:\/\/www.sensorialsunsets.com\/wp-content\/uploads\/2024\/03\/49385729867_ba51d4531b_k-1024x682.jpg 1024w, https:\/\/www.sensorialsunsets.com\/wp-content\/uploads\/2024\/03\/49385729867_ba51d4531b_k-300x200.jpg 300w, https:\/\/www.sensorialsunsets.com\/wp-content\/uploads\/2024\/03\/49385729867_ba51d4531b_k-768x511.jpg 768w, https:\/\/www.sensorialsunsets.com\/wp-content\/uploads\/2024\/03\/49385729867_ba51d4531b_k-1536x1022.jpg 1536w, https:\/\/www.sensorialsunsets.com\/wp-content\/uploads\/2024\/03\/49385729867_ba51d4531b_k-334x222.jpg 334w, https:\/\/www.sensorialsunsets.com\/wp-content\/uploads\/2024\/03\/49385729867_ba51d4531b_k-1320x878.jpg 1320w, https:\/\/www.sensorialsunsets.com\/wp-content\/uploads\/2024\/03\/49385729867_ba51d4531b_k.jpg 2048w\" sizes=\"auto, (max-width: 1024px) 100vw, 1024px\" \/><\/figure>\n<\/figure>\n\n<h3 class=\"wp-block-heading\"><strong><em>La troisi\u00e8me application sud-africaine sera bient\u00f4t disponible<\/em><\/strong>.<\/h3>\n\n<p>Dans le texte de cette troisi\u00e8me requ\u00eate adress\u00e9e au juge de La Haye lui demandant d&rsquo;ordonner des mesures conservatoires, on peut lire que les actions militaires d\u00e9ploy\u00e9es par Isra\u00ebl doivent \u00eatre stopp\u00e9es \u00e0 tout prix compte tenu du drame inhumain qu&rsquo;elles provoquent, et compte tenu des diff\u00e9rents avertissements de famine imminente que divers experts et agences des Nations Unies ont exprim\u00e9s. <\/p>\n\n<p>Pour l&rsquo;\u00e9quipe juridique sud-africaine en difficult\u00e9, il y a un changement substantiel de circonstances qui devrait obliger le juge international \u00e0 reconsid\u00e9rer sans plus attendre certaines des mesures provisoires qu&rsquo;il a ordonn\u00e9 \u00e0 Isra\u00ebl de prendre le 26 janvier. <\/p>\n\n<p>Au d\u00e9but de sa troisi\u00e8me requ\u00eate, on peut lire que pour l&rsquo;Afrique du Sud, la r\u00e9ponse \u00e0 sa deuxi\u00e8me requ\u00eate par le juge international m\u00e9rite \u00e9galement un r\u00e9examen :<\/p>\n\n<figure class=\"wp-block-pullquote has-text-align-left\"><blockquote><p><em><strong>4.\u00a0<\/strong>On 16 February 2024, the Court determined that the circumstances then prevailing did \u201cnot demand the indication of additional provisional measures\u201d pursuant to Article 75(1) of the Rules of Court, on the basis that \u201cthe State of Israel remains bound to fully comply with its obligations under the Genocide Convention and with said Order\u201d. However, the Court clarified that the obligations binding on Israel pursuant to the Order included the imperative to ensure \u201cthe safety and security of the Palestinians in the Gaza Strip\u201d. The Court further determined that \u201cthe most recent developments in the\u00a0Gaza Strip, and in Rafah in particular, \u2018would exponentially increase what is already a humanitarian nightmare with untold regional consequences\u2019, as stated by the United Nations Secretary-General\u201d and that the \u201cperilous situation demands immediate and effective implementation of the provisional measures indicated by the Court in its Order of 26 January 2024.\u00a0<\/em><br\/><br\/><em><strong>5.\u00a0<\/strong>The situation then \u201cperilous\u201d is now so terrifying as to be unspeakable, as described by United Nations humanitarian chiefs, justifying \u2014 and indeed demanding \u2014 the indication of further provisional measures of protection pursuant to Article 75 of the Rules and modifications of the Court\u2019s prior provisional measures decisions pursuant to Article 76<\/em>\u00ab\u00a0.<\/p><\/blockquote><\/figure>\n\n<h5 class=\"wp-block-heading\">Dans le dernier volet de cette troisi\u00e8me requ\u00eate sud-africaine, on peut lire que plusieurs d\u00e9clarations des plus hautes autorit\u00e9s isra\u00e9liennes sont utilis\u00e9es par l&rsquo;\u00e9quipe juridique de l&rsquo;Afrique du Sud pour souligner le profond m\u00e9pris qu&rsquo;Isra\u00ebl a officiellement manifest\u00e9 \u00e0 l&rsquo;\u00e9gard de l&rsquo;ordonnance de la CIJ :<\/h5>\n\n<figure class=\"wp-block-pullquote has-text-align-left\"><blockquote><p><em><strong>27.\u00a0<\/strong>The new facts and\/or change in situation in Gaza demand additional and\/or modified provisional measures. The demand could not be starker, having regard to the magnitude and gravity of the situation facing the Palestinian people in Gaza. Israel has knowingly and deliberately continued to act in defiance of the Order. In addition to causing the death by starvation of Palestinian children in babies, Israel has also continued to kill approximately 4,548 Palestinian men, women and children since 26 January 2024, and to wound a further 7,556, bringing the grim totals to 30,631 killed and 72,043 injured. An unknown number of bodies remain buried under the rubble. 1.7 million Palestinians remain displaced \u2014 many of them permanently, Israel having damaged or destroyed approximately 60 per cent of the housing stock in Gaza. Approximately 1.4 million people are squeezed into Rafah \u2014 which Israel has stated it intends to attack imminently. Israel\u2019s destruction of the Palestinian healthcare system has also continued apace, with ongoing, repeated attacks on hospitals, healthcare, ambulances and medics. Israel has also continued to conduct widespread attacks on schools, mosques, businesses and entire villages and areas. In sum, Israel has not changed its conduct materially or at all pursuant to the Order \u2013 it has instead doubled-down on its genocidal aims and acts.\u00a0<\/em><br\/><br\/><em><strong>28<\/strong>. Israel has thus shown contempt for the Court and its Order in what it has done. It has also done so in what it has said: alongside seeking to argue that the Court has not in fact imposed any requirements on Israel\u2019s military operations additional to those by which Israel claimed to already be abiding, senior Israeli officials have poured scorn on the Court and its Order. They have called the Court\u2019s failure to reject South Africa\u2019s claim \u201ca mark of disgrace that will not be erased for generations\u201d (Israeli Prime Minister) and a \u201cblood libel that undermines the very values on which this court was established\u201d (Israeli President); and have asserted that \u201cdecisions that endanger the continued existence of the state\u00a0of Israel should not be obeyed, and we must continue crushing the enemy until absolute victory\u201d (Minister for National Security).<\/em><br\/><br\/><em><strong>29<\/strong>. Having regard to the clear and deliberate acts, omissions and statements by Israel, South Africa submits that it is necessary to do more than to reiterate that \u201cthe State of Israel remains bound to fully comply with its obligations under the Genocide Convention and with the\u2026 Order\u201d.<\/em><\/p><\/blockquote><\/figure>\n\n<figure class=\"wp-block-gallery has-nested-images columns-default is-cropped wp-block-gallery-3 is-layout-flex wp-block-gallery-is-layout-flex\">\n<figure class=\"wp-block-image size-large\"><img loading=\"lazy\" decoding=\"async\" width=\"1024\" height=\"683\" data-id=\"15212\" src=\"https:\/\/www.sensorialsunsets.com\/wp-content\/uploads\/2024\/03\/48055417078_05dbc3e8dd_k-1024x683.jpg\" alt=\"\" class=\"wp-image-15212\" srcset=\"https:\/\/www.sensorialsunsets.com\/wp-content\/uploads\/2024\/03\/48055417078_05dbc3e8dd_k-1024x683.jpg 1024w, https:\/\/www.sensorialsunsets.com\/wp-content\/uploads\/2024\/03\/48055417078_05dbc3e8dd_k-300x200.jpg 300w, https:\/\/www.sensorialsunsets.com\/wp-content\/uploads\/2024\/03\/48055417078_05dbc3e8dd_k-768x512.jpg 768w, https:\/\/www.sensorialsunsets.com\/wp-content\/uploads\/2024\/03\/48055417078_05dbc3e8dd_k-1536x1024.jpg 1536w, https:\/\/www.sensorialsunsets.com\/wp-content\/uploads\/2024\/03\/48055417078_05dbc3e8dd_k-334x222.jpg 334w, https:\/\/www.sensorialsunsets.com\/wp-content\/uploads\/2024\/03\/48055417078_05dbc3e8dd_k-1320x880.jpg 1320w, https:\/\/www.sensorialsunsets.com\/wp-content\/uploads\/2024\/03\/48055417078_05dbc3e8dd_k.jpg 2047w\" sizes=\"auto, (max-width: 1024px) 100vw, 1024px\" \/><\/figure>\n\n\n\n<figure class=\"wp-block-image size-large\"><img loading=\"lazy\" decoding=\"async\" width=\"681\" height=\"1024\" data-id=\"15203\" src=\"https:\/\/www.sensorialsunsets.com\/wp-content\/uploads\/2024\/03\/637069599_d5b9663adf_k-681x1024.jpg\" alt=\"\" class=\"wp-image-15203\" srcset=\"https:\/\/www.sensorialsunsets.com\/wp-content\/uploads\/2024\/03\/637069599_d5b9663adf_k-681x1024.jpg 681w, https:\/\/www.sensorialsunsets.com\/wp-content\/uploads\/2024\/03\/637069599_d5b9663adf_k-200x300.jpg 200w, https:\/\/www.sensorialsunsets.com\/wp-content\/uploads\/2024\/03\/637069599_d5b9663adf_k-768x1155.jpg 768w, https:\/\/www.sensorialsunsets.com\/wp-content\/uploads\/2024\/03\/637069599_d5b9663adf_k-1022x1536.jpg 1022w, https:\/\/www.sensorialsunsets.com\/wp-content\/uploads\/2024\/03\/637069599_d5b9663adf_k-1320x1985.jpg 1320w, https:\/\/www.sensorialsunsets.com\/wp-content\/uploads\/2024\/03\/637069599_d5b9663adf_k.jpg 1362w\" sizes=\"auto, (max-width: 681px) 100vw, 681px\" \/><\/figure>\n\n\n\n<figure class=\"wp-block-image size-large\"><img loading=\"lazy\" decoding=\"async\" width=\"800\" height=\"451\" data-id=\"15209\" src=\"https:\/\/www.sensorialsunsets.com\/wp-content\/uploads\/2024\/03\/3278115635_65e46a8784_o.jpg\" alt=\"\" class=\"wp-image-15209\" srcset=\"https:\/\/www.sensorialsunsets.com\/wp-content\/uploads\/2024\/03\/3278115635_65e46a8784_o.jpg 800w, https:\/\/www.sensorialsunsets.com\/wp-content\/uploads\/2024\/03\/3278115635_65e46a8784_o-300x169.jpg 300w, https:\/\/www.sensorialsunsets.com\/wp-content\/uploads\/2024\/03\/3278115635_65e46a8784_o-768x433.jpg 768w\" sizes=\"auto, (max-width: 800px) 100vw, 800px\" \/><\/figure>\n<\/figure>\n\n<p>On peut constater que les conseillers juridiques de l&rsquo;Afrique du Sud tentent de faire croire que la situation justifie des mesures beaucoup plus importantes de la part de la justice internationale face \u00e0 un Etat qui persiste \u00e0 d\u00e9fier la justice internationale, en ignorant ce que la CIJ a ordonn\u00e9 depuis le 26 janvier. <\/p>\n\n<p>Les juges de la CIJ vont d\u00e9lib\u00e9rer sur cette troisi\u00e8me requ\u00eate de l&rsquo;Afrique du Sud et, comme pour la deuxi\u00e8me requ\u00eate, une r\u00e9ponse est attendue dans les prochains jours, \u00e9tant donn\u00e9 l&rsquo;urgence absolue de mettre un terme \u00e0 l&rsquo;action insens\u00e9e d&rsquo;Isra\u00ebl \u00e0 Gaza.<\/p>\n\n<h3 class=\"wp-block-heading\"><strong><em>Une ordonnance de la CIJ qui attend d&rsquo;\u00eatre respect\u00e9e depuis le 26 janvier<\/em><\/strong>.<\/h3>\n\n<p>Le dernier rapport de situation de l&rsquo;ONU disponible (au 6 mars 2024, voir<a href=\"https:\/\/www.ochaopt.org\/content\/hostilities-gaza-strip-and-israel-flash-update-133\"> <\/a><strong><a href=\"https:\/\/www.ochaopt.org\/content\/hostilities-gaza-strip-and-israel-flash-update-133\">report<\/a><\/strong>) indique que les actions meurtri\u00e8res incessantes d&rsquo;Isra\u00ebl se poursuivent avec un nombre injustifiable de morts et de bless\u00e9s :<\/p>\n\n<figure class=\"wp-block-pullquote has-text-align-left\"><blockquote><p><em>Intense Israeli bombardment and ground operations as well as heavy fighting between Israeli forces and Palestinian armed groups continue to be reported across much of the Gaza Strip, resulting in further civilian casualties, displacement, and destruction of houses and other civilian infrastructure.\u00a0Between the afternoon of 5 March and 10:30 on 6 March, according to the MoH in Gaza, 86 Palestinians were killed, and 113 Palestinians were injured. Between 7 October 2023 and 10:30 on 6 March 2024, at least 30,717 Palestinians were killed in Gaza and 72,156 Palestinians were injured, according to MoH in Gaza.<\/em> <br\/><br\/><em>According to a\u00a0<a href=\"https:\/\/reliefweb.int\/report\/occupied-palestinian-territory\/9000-women-have-been-killed-gaza-early-october?utm_source=rw-subscriptions&amp;utm_medium=email&amp;utm_campaign=country_updates_180\">press release<\/a>\u00a0by UN Women on 1 March, an estimated 9,000 women have been reportedly killed by Israeli forces in Gaza to date, not including those believed to be dead under the rubble. \u201cEvery day the war in Gaza continues, at the current rate, an average of 63 women will continue to be killed. An estimated 37 mothers are killed every day, leaving their families devastated and their children with diminished protection.<\/em> <em>Between the afternoons of 5 and 6 March, according to the Israeli military, there were no Israeli soldiers killed in Gaza. As of 6 March, 244 soldiers have been killed and 1,451 soldiers injured in Gaza since the beginning of the ground operation, according to the Israeli military. In addition, over 1,200 Israelis and foreign nationals have been killed in Israel, the vast majority on 7 October. <\/em><br\/><br\/><em>As of 6 March, the Israeli authorities estimate that 134 Israelis and foreign nationals remain captive in Gaza, including fatalities whose bodies are withheld.<\/em> <em>On 5 March, a 13-year-old girl who was trapped for 40 hours under the rubble of her destroyed house in Hamad city, west Khan Younis, was rescued and transferred to a field hospital in Rafah. Her entire family was killed. <\/em><br\/><br\/><em>The Palestine Red Crescent Society (PRCS) and OCHA participated in her evacuation. On 4 March, the bodies of 41 Palestinians reportedly killed in various areas in Khan Younis were recovered from under rubble.<\/em> <em>On 4 March, a nurse who worked at a primary health clinic supported by Project Hope was killed, along with seven of his relatives, including a child and a pregnant woman, in a strike on their family home in Rafah. In a statement,\u00a0<a href=\"https:\/\/www.projecthope.org\/project-hope-mourns-tragic-loss-of-colleague-in-gaza\/\">Project Hope<\/a>\u00a0said: \u201cWe are outraged and heartbroken by the loss of Mohammed and the countless other innocent humanitarians, health workers, and civilians who have died during this conflict,\u201d warning that their remaining team members in Gaza \u201care in imminent danger.\u201d Since the onset of hostilities, 364 health workers have been killed, according to the MoH in Gaza.\u00a0<\/em><\/p><\/blockquote><\/figure>\n\n<h5 class=\"wp-block-heading\">Ordonnance ignor\u00e9e : Isra\u00ebl et la permanence de la crise \u00e0 Gaza<\/h5>\n\n<p>Selon ce qui a \u00e9t\u00e9 v\u00e9rifi\u00e9 sur le terrain par plusieurs agences de l&rsquo;ONU, Isra\u00ebl n&rsquo;a pas chang\u00e9 ses actions \u00e0 Gaza depuis l&rsquo;ordonnance de la CIJ dat\u00e9e du 26 janvier 2024 : il maintient une campagne de bombardements incessants, disproportionn\u00e9s et indiscrimin\u00e9s sur Gaza, similaires \u00e0 ceux lanc\u00e9s depuis le 7 octobre dans l&rsquo;apr\u00e8s-midi\/la soir\u00e9e, en violation flagrante des r\u00e8gles les plus \u00e9l\u00e9mentaires du droit international humanitaire.<\/p>\n\n<p>Dans ce cadre, il convient de souligner que, d&rsquo;un point de vue strictement strat\u00e9gique et militaire, Isra\u00ebl n&rsquo;est pas parvenu \u00e0 atteindre ses objectifs militaires initiaux apr\u00e8s cinq mois de bombardements intenses le 7 mars dernier :<\/p>\n\n<ul class=\"wp-block-list\">\n<li>maintenir les otages cach\u00e9s \u00e0 Gaza avec leurs responsables ;<\/li>\n\n\n\n<li>suivre les chefs militaires du Hamas dans la vie en donnant des instructions \u00e0 leurs combattants, et ; <\/li>\n\n\n\n<li>maintenir op\u00e9rationnelle une grande partie de la structure militaire du Hamas, qui tire r\u00e9guli\u00e8rement des roquettes sur Isra\u00ebl depuis Gaza.<\/li>\n<\/ul>\n\n<p>L&rsquo;\u00e9chec de cette op\u00e9ration isra\u00e9lienne \u00e0 Gaza est latent d&rsquo;un point de vue militaire, et il est possible que, d\u00e8s qu&rsquo;elle sera termin\u00e9e, les principaux responsables en Isra\u00ebl soient confront\u00e9s \u00e0 des accusations de toutes sortes. D&rsquo;o\u00f9 l&rsquo;opinion de nombreux analystes en Isra\u00ebl (et au-del\u00e0) selon laquelle cette op\u00e9ration militaire isra\u00e9lienne sera prolong\u00e9e par l&rsquo;actuel cabinet de guerre, seul moyen pour lui de survivre politiquement en Isra\u00ebl. Ou que, face \u00e0 la pression internationale, une fois la confrontation \u00e0 Gaza termin\u00e9e, un pr\u00e9texte quelconque en Isra\u00ebl justifiera une seconde confrontation, que ce soit avec le Liban, la Syrie ou l&rsquo;Iran : en d&rsquo;autres termes, tant qu&rsquo;Isra\u00ebl est en \u00e9tat de guerre, ses autorit\u00e9s actuelles ont une chance de survivre politiquement.<\/p>\n\n<figure class=\"wp-block-gallery has-nested-images columns-default is-cropped wp-block-gallery-4 is-layout-flex wp-block-gallery-is-layout-flex\">\n<figure class=\"wp-block-image size-large\"><img loading=\"lazy\" decoding=\"async\" width=\"512\" height=\"341\" data-id=\"15215\" src=\"https:\/\/www.sensorialsunsets.com\/wp-content\/uploads\/2024\/03\/3188598878_f2030a3f02_o.jpg\" alt=\"\" class=\"wp-image-15215\" srcset=\"https:\/\/www.sensorialsunsets.com\/wp-content\/uploads\/2024\/03\/3188598878_f2030a3f02_o.jpg 512w, https:\/\/www.sensorialsunsets.com\/wp-content\/uploads\/2024\/03\/3188598878_f2030a3f02_o-300x200.jpg 300w, https:\/\/www.sensorialsunsets.com\/wp-content\/uploads\/2024\/03\/3188598878_f2030a3f02_o-334x222.jpg 334w\" sizes=\"auto, (max-width: 512px) 100vw, 512px\" \/><figcaption class=\"wp-element-caption\">Palestinian families who fled their homes because of the Israeli military offensive in the Gaza Strip take shelter at a school run by the United Nations in Rafah, southern Gaza on January 7, 2009. The United Nations today denied Israeli army allegations that militants were inside a school in Gaza that was hit the previous day by an Israeli strike, killing at least 42 people. AFP PHOTO\/SAID KHATIB<\/figcaption><\/figure>\n\n\n\n<figure class=\"wp-block-image size-large\"><img loading=\"lazy\" decoding=\"async\" width=\"1024\" height=\"682\" data-id=\"15218\" src=\"https:\/\/www.sensorialsunsets.com\/wp-content\/uploads\/2024\/03\/49385535141_488806c41f_k-1024x682.jpg\" alt=\"Gaza\" class=\"wp-image-15218\" srcset=\"https:\/\/www.sensorialsunsets.com\/wp-content\/uploads\/2024\/03\/49385535141_488806c41f_k-1024x682.jpg 1024w, https:\/\/www.sensorialsunsets.com\/wp-content\/uploads\/2024\/03\/49385535141_488806c41f_k-300x200.jpg 300w, https:\/\/www.sensorialsunsets.com\/wp-content\/uploads\/2024\/03\/49385535141_488806c41f_k-768x511.jpg 768w, https:\/\/www.sensorialsunsets.com\/wp-content\/uploads\/2024\/03\/49385535141_488806c41f_k-1536x1023.jpg 1536w, https:\/\/www.sensorialsunsets.com\/wp-content\/uploads\/2024\/03\/49385535141_488806c41f_k-334x222.jpg 334w, https:\/\/www.sensorialsunsets.com\/wp-content\/uploads\/2024\/03\/49385535141_488806c41f_k-1320x879.jpg 1320w, https:\/\/www.sensorialsunsets.com\/wp-content\/uploads\/2024\/03\/49385535141_488806c41f_k.jpg 2047w\" sizes=\"auto, (max-width: 1024px) 100vw, 1024px\" \/><\/figure>\n<\/figure>\n\n<h3 class=\"wp-block-heading\"><strong><em>Sur le nombre de morts et de bless\u00e9s et sur une r\u00e9cente confirmation n\u00e9glig\u00e9e<\/em><\/strong>.<\/h3>\n\n<p>Pour ce qui est du nombre de morts et de bless\u00e9s dus \u00e0 l&rsquo;intensit\u00e9 de l&rsquo;offensive isra\u00e9lienne \u00e0 Gaza, un ancien officier militaire fran\u00e7ais et expert reconnu en mati\u00e8re de bombardements a\u00e9riens a indiqu\u00e9 dans un billet de blog intitul\u00e9 \u00ab\u00a0<em>Laissons Netanyahou d\u00e9vaster la bande de Gaza et Poutine \u00e9craser l&rsquo;Ukraine ?\u00a0\u00bb <\/em>(voir <strong><a href=\"https:\/\/nepassubir.fr\/2024\/02\/10\/laissons-netanyahou-devaster-la-bande-de-gaza-et-poutine-ecraser-lukraine\/\">full post<\/a><\/strong> avec un ensemble tr\u00e8s d\u00e9taill\u00e9 de cartes) que :<\/p>\n\n<figure class=\"wp-block-pullquote has-text-align-left\"><blockquote><p><em>\u00ab\u00a0Pour achever la\u00a0d\u00e9vastation de la bande Gaza, dont les \u00be ont \u00e9t\u00e9 effectu\u00e9s en 4 mois de guerre, il ne manque plus \u00e0 Netanyahou que quelques semaines pour y parvenir, un ou deux mois peut-\u00eatre. Le bilan sera catastrophique en pertes humaines, l\u2019actuel \u00e9tant largement sous-estim\u00e9 puisqu\u2019il n\u2019int\u00e8gre pas les 8 \u00e0 9,000 \u00ab\u00a0disparus\u00a0\u00bb d\u00e9j\u00e0 recens\u00e9s par ce qui reste de l\u2019\u00e9tat-civil de Gaza, auquel il faut rajouter les personnes ensevelies sous les d\u00e9combres et que personne ne recherche.\u00a0<\/em><br\/><br\/><em>Compte tenu de l\u2019intensit\u00e9 et de la dur\u00e9e des bombardements effectu\u00e9s par l\u2019arm\u00e9e isra\u00e9lienne, une fois \u00ab\u00a0l\u2019offensive massive\u00a0\u00bb sur Rafah achev\u00e9e, les victimes palestiniennes d\u00e9passeront les 50,000 morts. Je parle volontairement de \u00ab\u00a0victimes\u00a0\u00bb car pour 80%, ce seront des civils sans rapport avec les miliciens du Hamas. Il faudra encore multiplier par 3 \u00e0 4 le nombre de bless\u00e9s, soit un total sup\u00e9rieur \u00e0 200,000 morts et bless\u00e9s \u00e0 la fin de cette offensive isra\u00e9lienne\u00a0\u00bb.\u00a0<\/em><\/p><\/blockquote><\/figure>\n\n<h5 class=\"wp-block-heading\">Silence \u00e0 Gaza : des morts et des bless\u00e9s ignor\u00e9s par la communaut\u00e9 internationale<\/h5>\n\n<p>Toujours \u00e0 propos du nombre de morts parmi la population civile palestinienne \u00e0 Gaza, le fait que ce soit le secr\u00e9taire am\u00e9ricain \u00e0 la d\u00e9fense lui-m\u00eame qui ait d\u00e9clar\u00e9 publiquement que <strong>25 000 enfants et femmes sont morts \u00e0 Gaza<\/strong>, lors d&rsquo;une apparition le 29 f\u00e9vrier (voir <a href=\"https:\/\/www.timesofisrael. com\/pentagon-head-says-over-25000-women-kids-killed-in-gazaza-inflating-hamas-claim\/\"><strong>note<\/strong><\/a> du <em>Times of Israel<\/em> de la m\u00eame date) vient mettre en \u00e9chec ceux qui, aux \u00c9tats-Unis et en Isra\u00ebl (mais aussi depuis certaines salles de r\u00e9daction influentes dans certaines parties du monde), persistent \u00e0 mettre en doute le bilan dramatique en vies humaines observ\u00e9 \u00e0 Gaza depuis l&rsquo;apr\u00e8s-midi \/ la soir\u00e9e du 7 octobre 2023. <\/p>\n\n<p>A moins que ces m\u00eames personnes ne consid\u00e8rent aujourd&rsquo;hui que le Secr\u00e9taire am\u00e9ricain \u00e0 la D\u00e9fense est une personne mal inform\u00e9e par ses services de renseignement et ses conseillers, et que ce sont les informations officielles \u00e9manant de l&rsquo;arm\u00e9e isra\u00e9lienne qui doivent \u00eatre consid\u00e9r\u00e9es comme correctes&#8230;.. <\/p>\n\n<p>Une autre information circule officiellement en provenance d&rsquo;Isra\u00ebl et est consign\u00e9e dans un grand nombre de rapports de presse et d&rsquo;analystes : le chiffre officiel des autorit\u00e9s militaires isra\u00e9liennes selon lequel 10 000 combattants du Hamas ont \u00e9t\u00e9 \u00e9limin\u00e9s. Malgr\u00e9 sa diffusion rapide et son acceptation par plusieurs grands m\u00e9dias comme \u00e9tant valide, de nombreux doutes subsistent quant \u00e0 ce chiffre \u00e9lev\u00e9, comme le d\u00e9taille cet int\u00e9ressant <strong><a href=\"https:\/\/www.bbc.com\/mundo\/articles\/c1w1ee3qnz8o\">article<\/a><\/strong> de <em>BBC Verify<\/em>, intitul\u00e9 \u00ab\u00a0<em>BBC Analysis : Has Israel really killed 10,000 Hamas fighters?<\/em>\u00ab\u00a0.<\/p>\n\n<h3 class=\"wp-block-heading\">Gaza \/ Isra\u00ebl : <strong><em>Actions devant la justice internationale par d&rsquo;autres \u00c9tats<\/em><\/strong>.<\/h3>\n\n<p>S&rsquo;agissant des autres \u00c9tats, qui soutiennent les actions de la diplomatie sud-africaine contre Isra\u00ebl, nous avons eu l&rsquo;occasion dans une pr\u00e9c\u00e9dente note d&rsquo;expliquer la port\u00e9e de la demande d&rsquo;intervention pr\u00e9sent\u00e9e par le <strong>Nicaragua<\/strong> le 22 janvier, dont la CIJ a eu connaissance le 8 f\u00e9vrier 2024 : voir notre <strong><a href=\"https:\/\/derechointernacionalcr. blogspot.com\/2024\/02\/gaza-israel-nicaragua-solicita.html\">note pr\u00e9c\u00e9dente<\/a><\/strong> intitul\u00e9e \u00ab\u00a0<em>Gaza \/ Isra\u00ebl : sur la r\u00e9cente demande d&rsquo;intervention du <\/em><em>Nicaragua devant la Cour internationale de justice (CIJ) dans le proc\u00e8s de l&rsquo;Afrique du Sud contre Isra\u00ebl<\/em>\u00ab\u00a0. <\/p>\n\n<p>Notons que le <strong>Nicaragua<\/strong> a d\u00e9pos\u00e9 une nouvelle requ\u00eate aupr\u00e8s de la CIJ, cette fois contre l&rsquo;<strong>Allemagne<\/strong>, accompagn\u00e9e d&rsquo;une demande de mesures conservatoires de nature urgente. Cette initiative a \u00e9t\u00e9 officiellement enregistr\u00e9e le 1er mars (voir<strong><a href=\"https:\/\/www.icj-cij.org\/sites\/default\/files\/case-related\/193\/193-20240301-app-01-00-en.pdf\"> texte officiel<\/a><\/strong> de sa requ\u00eate), le Nicaragua affirmant que les actions et les d\u00e9clarations officielles de l&rsquo;Allemagne en faveur d&rsquo;Isra\u00ebl constituent une violation des obligations que tout \u00c9tat partie \u00e0 la Convention sur le g\u00e9nocide de 1948 doit respecter, y compris l&rsquo;obligation de pr\u00e9venir un nouveau g\u00e9nocide (en particulier s&rsquo;il s&rsquo;agit d&rsquo;un \u00c9tat qui exporte des armes vers Isra\u00ebl). <\/p>\n\n<h6 class=\"wp-block-heading has-white-color has-text-color has-link-color has-small-font-size wp-elements-f7ac918ad4ef5366340632695978bc39\">&#8230;<\/h6>\n\n<figure class=\"wp-block-gallery has-nested-images columns-default is-cropped wp-block-gallery-5 is-layout-flex wp-block-gallery-is-layout-flex\">\n<figure class=\"wp-block-image size-large\"><img loading=\"lazy\" decoding=\"async\" width=\"1024\" height=\"682\" data-id=\"15224\" src=\"https:\/\/www.sensorialsunsets.com\/wp-content\/uploads\/2024\/03\/49385541286_88aa31a1ec_k-1024x682.jpg\" alt=\"Gaza\" class=\"wp-image-15224\" srcset=\"https:\/\/www.sensorialsunsets.com\/wp-content\/uploads\/2024\/03\/49385541286_88aa31a1ec_k-1024x682.jpg 1024w, https:\/\/www.sensorialsunsets.com\/wp-content\/uploads\/2024\/03\/49385541286_88aa31a1ec_k-300x200.jpg 300w, https:\/\/www.sensorialsunsets.com\/wp-content\/uploads\/2024\/03\/49385541286_88aa31a1ec_k-768x511.jpg 768w, https:\/\/www.sensorialsunsets.com\/wp-content\/uploads\/2024\/03\/49385541286_88aa31a1ec_k-1536x1023.jpg 1536w, https:\/\/www.sensorialsunsets.com\/wp-content\/uploads\/2024\/03\/49385541286_88aa31a1ec_k-334x222.jpg 334w, https:\/\/www.sensorialsunsets.com\/wp-content\/uploads\/2024\/03\/49385541286_88aa31a1ec_k-1320x879.jpg 1320w, https:\/\/www.sensorialsunsets.com\/wp-content\/uploads\/2024\/03\/49385541286_88aa31a1ec_k.jpg 2047w\" sizes=\"auto, (max-width: 1024px) 100vw, 1024px\" \/><\/figure>\n\n\n\n<figure class=\"wp-block-image size-large\"><img loading=\"lazy\" decoding=\"async\" width=\"1024\" height=\"683\" data-id=\"15227\" src=\"https:\/\/www.sensorialsunsets.com\/wp-content\/uploads\/2024\/03\/49385523791_e1d975c273_k-1024x683.jpg\" alt=\"Gaza\" class=\"wp-image-15227\" srcset=\"https:\/\/www.sensorialsunsets.com\/wp-content\/uploads\/2024\/03\/49385523791_e1d975c273_k-1024x683.jpg 1024w, https:\/\/www.sensorialsunsets.com\/wp-content\/uploads\/2024\/03\/49385523791_e1d975c273_k-300x200.jpg 300w, https:\/\/www.sensorialsunsets.com\/wp-content\/uploads\/2024\/03\/49385523791_e1d975c273_k-768x512.jpg 768w, https:\/\/www.sensorialsunsets.com\/wp-content\/uploads\/2024\/03\/49385523791_e1d975c273_k-1536x1024.jpg 1536w, https:\/\/www.sensorialsunsets.com\/wp-content\/uploads\/2024\/03\/49385523791_e1d975c273_k-334x222.jpg 334w, https:\/\/www.sensorialsunsets.com\/wp-content\/uploads\/2024\/03\/49385523791_e1d975c273_k-1320x880.jpg 1320w, https:\/\/www.sensorialsunsets.com\/wp-content\/uploads\/2024\/03\/49385523791_e1d975c273_k.jpg 2048w\" sizes=\"auto, (max-width: 1024px) 100vw, 1024px\" \/><\/figure>\n<\/figure>\n\n<p>Un mois auparavant, le 1er f\u00e9vrier 2024, un communiqu\u00e9 officiel du Nicaragua mettait en garde <strong>l&rsquo;Allemagne<\/strong>, <strong>le Canada<\/strong>, <strong>les Pays-Bas<\/strong> et <strong>le Royaume-Uni<\/strong> contre toute action de ce type (voir le texte du communiqu\u00e9 reproduit dans <strong><a href=\"https:\/\/www.el19digital.com\/articulos\/ver\/titulo:148879-gobierno-de-nicaragua-impedir-y-detener-el-genocidio-en-palestina\">ce lien<\/a><\/strong> du m\u00e9dia nicaraguayen El19Digital). Dans ce <strong><a href=\"https:\/\/www.icj-cij.org\/sites\/default\/files\/case-related\/193\/193-20240301-app-01-01-en.pdf\">document<\/a><\/strong> annex\u00e9 \u00e0 la plainte du Nicaragua, vous pouvez lire le contenu d\u00e9taill\u00e9 de la lettre initiale du Nicaragua \u00e0 l&rsquo;Allemagne (pages 2-9).<\/p>\n\n<p>Pour l&rsquo;instant, il semble que ce soit contre l&rsquo;Allemagne que le Nicaragua ait d\u00e9cid\u00e9 de concentrer ses actions devant le juge de La Haye. Les raisons exactes de ce choix plut\u00f4t que d&rsquo;autres Etats fournissant des armes \u00e0 Isra\u00ebl ne sont pas expliqu\u00e9es dans le m\u00e9moire. <\/p>\n\n<p>Le 11 mars, dans un r\u00e9cent <strong><a href=\"https:\/\/www.euronews.com\/business\/2024\/03\/11\/europes-arms-imports-nearly-double-france-overtakes-russia-as-worlds-second-largest-export\">communiqu\u00e9 de presse<\/a><\/strong> d&rsquo;EuroNews, on peut lire ce qui suit :<\/p>\n\n<blockquote class=\"wp-block-quote is-layout-flow wp-block-quote-is-layout-flow\">\n<p><em>The US and Germany accounted respectively for 69% and 30% of arms imports by Israel, which is currently fighting a deadly war against Hamas in Gaza which killed over 30,000 people, most of whom were civilians<\/em>.<\/p>\n<\/blockquote>\n\n<p>Le commerce des armes est un domaine sp\u00e9cifique du droit international public, avec des ramifications pour le droit national lorsqu&rsquo;il y a des risques d&rsquo;abus, et avec un r\u00e9gime juridique qui implique des responsabilit\u00e9s nationales pour les \u00c9tats exportateurs d&rsquo;armes, comme cela a \u00e9t\u00e9 bien analys\u00e9 dans un document publi\u00e9 en 2021 qui conclut (page 53) :<\/p>\n\n<blockquote class=\"wp-block-quote is-layout-flow wp-block-quote-is-layout-flow\">\n<p><em>Legal challenges are gradually becoming a pragmatic response in the face of apparently unlawful decisions by arms exporting states. Governments should recognise this shift and the possibility that their decisions on arms exports will increasingly be subject to legal challenges before domestic courts. Their decisions must be able to withstand judicial oversight and must conform with obligations under both international and domestic law<\/em>\u00a0<\/p>\n<cite>(<strong>Note 2)<\/strong>.<\/cite><\/blockquote>\n\n<h5 class=\"wp-block-heading\">Dans sa requ\u00eate adress\u00e9e \u00e0 la CIJ (voir <strong><a href=\"https:\/\/www.icj-cij.org\/sites\/default\/files\/case-related\/193\/193-20240301-app-01-00-en.pdf\">text<\/a><\/strong>), elle lit au paragraphe 53 que :<\/h5>\n\n<blockquote class=\"wp-block-quote is-layout-flow wp-block-quote-is-layout-flow\">\n<p><em>By the end of 2023, the German Government had granted military exports to Israel in the amount of 326,505,156 euros. On January 2024, German media reported that Israel had made a request for tank shells, especifically 10,000 120-millimeter Rheinmetall precision rounds. Der Spiegel reported that Germany had agreed to deliver the request from its own stocks in order to be able to comply with the \u201curgency\u201d. According to information made available by the German Government, export licences granted between January 2024 and 15 February 2024 concerned military equipment worth 9,003,676 euros.\u00a0<\/em><\/p>\n<\/blockquote>\n\n<p>Dans la derni\u00e8re partie de son <strong><a href=\"https:\/\/www.icj-cij.org\/sites\/default\/files\/case-related\/193\/193-20240301-app-01-00-en.pdf\">petition<\/a><\/strong>, dans laquelle il demande \u00e0 la CIJ d&rsquo;ordonner des mesures provisoires urgentes contre l&rsquo;Allemagne, on peut lire que le Nicaragua demande plusieurs points aux juges de la CIJ, \u00e0 savoir (paragraphe 101) :<\/p>\n\n<figure class=\"wp-block-pullquote has-text-align-left\"><blockquote><p>\u00ab\u00a0<em>&#8230;, Nicaragua respectfully requests the Court, as a matter of extreme urgency, pending the Court\u2019s determination of this case on the merits, to indicate the following provisional measures with respect to Germany in its participation in the ongoing plausible genocide and serious breaches of international humanitarian law and other peremptory norms of general international law occurring in the Gaza Strip:\u00a0<\/em><br\/><em>(1) Germany shall immediately suspend its aid to Israel, in particular its military assistance including military equipment, in sor far as this aid may be used in the violation of the Genocide Convention, international humanitarian law or other peremptory norms of general international law such as the Palestinian People\u2019s right to self-determination and to not be subject to a regime of apartheid;\u00a0<\/em><br\/><br\/><em>(2) Germany must immediately make every effort to ensure that weapons already delivered to Israel are not used to commit genocide, contribute to acts of genocide or are used in such a way as to violate international humanitarian law;\u00a0<\/em><br\/><br\/><em>(3) Germany must immediately do everything possible to comply with its obligations under humanitarian law;\u00a0<\/em><br\/><br\/><em>(4) Germany must reverse its decision to suspend the funding of UNRWA as part of the compliance of its obligations to prevent genocide and acts of genocide and the violation of the humanitarian rights of the Palestinian People which also includes the obligation to do everything possible to ensure that humanitarian aid reaches the Palestinian people, more particularly in Gaza;\u00a0<\/em><br\/><br\/><em>(5) Germany must cooperate to bring to an end the serious breaches of peremptory norms of international law by ceasing its support, including its supply of military equipement to Israel that may be used to commit serious crimes of international law and that it continue the support of the UNRWA on which this Organizations has counted and based its activities<\/em>\u00ab\u00a0.<\/p><\/blockquote><\/figure>\n\n<p>L&rsquo;Allemagne n&rsquo;\u00e9tant pas le seul fournisseur d&rsquo;armes ou de composants \u00e9lectroniques \u00e0 des fins militaires d&rsquo;Isra\u00ebl, la p\u00e9tition du Nicaragua devrait int\u00e9resser de nombreux autres \u00c9tats parties \u00e0 la Convention sur le g\u00e9nocide de 1948 ; et, incidemment, elle devrait \u00e9galement susciter des interrogations (en Allemagne) parmi les groupes d&rsquo;organisations sociales qui, sauf erreur, n&rsquo;ont pas activ\u00e9 les m\u00e9canismes juridiques pr\u00e9vus lorsque des armes allemandes sont export\u00e9es vers des destinations o\u00f9 leur utilisation abusive contre des populations civiles sans d\u00e9fense est \u00e9vidente (<strong>Note 3<\/strong>). <\/p>\n\n<p>D&rsquo;un point de vue juridique, l&rsquo;Allemagne est un \u00c9tat partie \u00e0 la Convention sur le commerce des armes de 2013 (voir <strong><a href=\"http:\/\/www.pgrweb.go.cr\/scij\/Busqueda\/Normativa\/Normas\/nrm_texto_completo.aspx?param1=NRTC&amp;nValue1=1&amp;nValue2=75690&amp;nValue3=93966&amp;strTipM=TC\">texte complet<\/a><\/strong>), dont l&rsquo;article 6(3) est libell\u00e9 comme suit :<\/p>\n\n<p>\u00ab\u00a03. Un \u00c9tat partie n&rsquo;autorise aucun transfert d&rsquo;armes classiques couvertes par l&rsquo;article 2, paragraphe 1, ou d&rsquo;articles couverts par l&rsquo;article 3 ou l&rsquo;article 4, <u>s&rsquo;il sait, au moment de l&rsquo;autorisation, que les armes ou articles pourraient \u00eatre utilis\u00e9s pour commettre un g\u00e9nocide, des crimes contre l&rsquo;humanit\u00e9, des infractions graves aux Conventions de Gen\u00e8ve de 1949, des attaques dirig\u00e9es contre des biens civils ou des civils prot\u00e9g\u00e9s, ou d&rsquo;autres crimes de guerre tels que d\u00e9finis dans les accords internationaux auxquels il est partie<\/u>\u00a0\u00bb (italiques ajout\u00e9s).<\/p>\n\n<h3 class=\"wp-block-heading\"><strong><em>La r\u00e9clamation de l&rsquo;Afrique du Sud qui a conduit \u00e0 l&rsquo;ordonnance de la CIJ du 26 janvier : un appel fort \u00e0 l&rsquo;action<\/em><\/strong>.<\/h3>\n\n<p>Le texte de la premi\u00e8re action sud-africaine d\u00e9pos\u00e9e en tant que telle le 29 d\u00e9cembre 2023, dont la lecture est recommand\u00e9e (et en particulier le d\u00e9tail des d\u00e9clarations officielles gla\u00e7antes des plus hautes autorit\u00e9s isra\u00e9liennes aux paragraphes 101-107), est disponible dans son int\u00e9gralit\u00e9 en <strong><a href=\"https:\/\/www.icj-cij.org\/sites\/default\/files\/case-related\/192\/192-20231228-app-01-00-fr.pdf\">Fran\u00e7ais<\/a><\/strong> et <strong><a href=\"https:\/\/www.icj-cij.org\/sites\/default\/files\/case-related\/192\/192-20231228-app-01-00-en.pdf\">Anglais<\/a><\/strong>.<\/p>\n\n<p>Dans les premi\u00e8res r\u00e9flexions du professeur Yussef Al Tamimi, l&rsquo;auteur a pr\u00e9cis\u00e9 dans ses conclusions l&rsquo;urgence qui attend les Etats face au d\u00e9fi lanc\u00e9 par Isra\u00ebl \u00e0 la communaut\u00e9 internationale, qui ne semble pas vouloir se conformer \u00e0 l&rsquo;ordonnance de la CIJ du 26 janvier 2024 :<\/p>\n\n<blockquote class=\"wp-block-quote is-layout-flow wp-block-quote-is-layout-flow\">\n<p><em>Since the ICJ handed down its provisional measures Order on 26 January, Israeli forces have reportedly killed hundreds of Palestinians\u00a0as per UNOCHA\u2019s daily briefings, civilians waiting to receive humanitarian aid\u00a0were shot and injured, hospital staff\u00a0have been killed, and government ministers called for the displacement of Palestinians from Gaza at a far-right conference. These events underscore the real and imminent risk of irreparable damage facing rights plausibly protected under the Genocide Convention. At a time when the credibility of international law hangs in the balance, the ICJ demonstrated the enduring relevance of its guidance by issuing a firm ruling in front of an expectant legal and non-legal community. States are now called upon to ensure, beyond assurances and words, that they are ready to take action to ensure compliance<\/em><\/p>\n<cite>(<strong>Note 4<\/strong>)<\/cite><\/blockquote>\n\n<h5 class=\"wp-block-heading\">Un \u00ab\u00a0risque <em>plausible<\/em> de g\u00e9nocide \u00e0 Gaza, confirm\u00e9 par la CIJ le 26 janvier 2024, et un \u00c9tat qui, depuis lors, continue de d\u00e9fier la justice internationale par ses actions insens\u00e9es \u00e0 Gaza, interpellent tous les membres de la communaut\u00e9 internationale, tant au niveau national qu&rsquo;international.<\/h5>\n\n<figure class=\"wp-block-gallery has-nested-images columns-default is-cropped wp-block-gallery-6 is-layout-flex wp-block-gallery-is-layout-flex\">\n<figure class=\"wp-block-image size-large\"><img loading=\"lazy\" decoding=\"async\" width=\"1024\" height=\"682\" data-id=\"15234\" src=\"https:\/\/www.sensorialsunsets.com\/wp-content\/uploads\/2024\/03\/49385071828_8753d479fa_k-1024x682.jpg\" alt=\"Gaza\" class=\"wp-image-15234\" srcset=\"https:\/\/www.sensorialsunsets.com\/wp-content\/uploads\/2024\/03\/49385071828_8753d479fa_k-1024x682.jpg 1024w, https:\/\/www.sensorialsunsets.com\/wp-content\/uploads\/2024\/03\/49385071828_8753d479fa_k-300x200.jpg 300w, https:\/\/www.sensorialsunsets.com\/wp-content\/uploads\/2024\/03\/49385071828_8753d479fa_k-768x511.jpg 768w, https:\/\/www.sensorialsunsets.com\/wp-content\/uploads\/2024\/03\/49385071828_8753d479fa_k-1536x1023.jpg 1536w, https:\/\/www.sensorialsunsets.com\/wp-content\/uploads\/2024\/03\/49385071828_8753d479fa_k-334x222.jpg 334w, https:\/\/www.sensorialsunsets.com\/wp-content\/uploads\/2024\/03\/49385071828_8753d479fa_k-1320x879.jpg 1320w, https:\/\/www.sensorialsunsets.com\/wp-content\/uploads\/2024\/03\/49385071828_8753d479fa_k.jpg 2047w\" sizes=\"auto, (max-width: 1024px) 100vw, 1024px\" \/><\/figure>\n\n\n\n<figure class=\"wp-block-image size-large\"><img loading=\"lazy\" decoding=\"async\" width=\"1024\" height=\"682\" data-id=\"15231\" src=\"https:\/\/www.sensorialsunsets.com\/wp-content\/uploads\/2024\/03\/49385717292_b12c5b032f_k-1024x682.jpg\" alt=\"Gaza\" class=\"wp-image-15231\" srcset=\"https:\/\/www.sensorialsunsets.com\/wp-content\/uploads\/2024\/03\/49385717292_b12c5b032f_k-1024x682.jpg 1024w, https:\/\/www.sensorialsunsets.com\/wp-content\/uploads\/2024\/03\/49385717292_b12c5b032f_k-300x200.jpg 300w, https:\/\/www.sensorialsunsets.com\/wp-content\/uploads\/2024\/03\/49385717292_b12c5b032f_k-768x511.jpg 768w, https:\/\/www.sensorialsunsets.com\/wp-content\/uploads\/2024\/03\/49385717292_b12c5b032f_k-1536x1023.jpg 1536w, https:\/\/www.sensorialsunsets.com\/wp-content\/uploads\/2024\/03\/49385717292_b12c5b032f_k-334x222.jpg 334w, https:\/\/www.sensorialsunsets.com\/wp-content\/uploads\/2024\/03\/49385717292_b12c5b032f_k-1320x879.jpg 1320w, https:\/\/www.sensorialsunsets.com\/wp-content\/uploads\/2024\/03\/49385717292_b12c5b032f_k.jpg 2047w\" sizes=\"auto, (max-width: 1024px) 100vw, 1024px\" \/><\/figure>\n<\/figure>\n\n<p>Par exemple, au niveau national, le tribunal national n\u00e9erlandais a inform\u00e9 les autorit\u00e9s isra\u00e9liennes le 12 f\u00e9vrier d&rsquo;un jugement ordonnant l&rsquo;arr\u00eat imm\u00e9diat de l&rsquo;exportation de composants d&rsquo;avions de combat F-35 des Pays-Bas vers Isra\u00ebl (voir le reportage de la BBC du 12 f\u00e9vrier). Par ailleurs, le 29 f\u00e9vrier, c&rsquo;est la <strong>Colombie<\/strong> qui a annonc\u00e9 la suspension de tous ses achats militaires \u00e0 Isra\u00ebl (voir <strong><a href=\"https:\/\/www.latimes.com\/espanol\/internacional\/articulo\/2024-02-29\/colombia-suspende-la-compra-de-armas-israelies-y-petro-califica-de-genocidio-la-guerra-en-gaza\">communiqu\u00e9 de presse<\/a><\/strong> du <em>Los Angeles Times<\/em>). <\/p>\n\n<p>Dans un autre domaine, <strong>le Chili<\/strong> a d\u00e9cid\u00e9 d&rsquo;exclure les entreprises d&rsquo;Isra\u00ebl de sa <em>Foire internationale de l&rsquo;air et de l&rsquo;espace<\/em> (FIDAE) qui se tiendra cette ann\u00e9e en 2024 (voir <strong><a href=\"https:\/\/www.dw. com\/en\/chile-decide-decide-excluir-a-empresas-israeli-%C3%ADes-de-la-fidae\/a-68449856\">note<\/a><\/strong> de DW) : faisant l&rsquo;objet d&rsquo;une action en justice, les tribunaux chiliens ont imm\u00e9diatement rejet\u00e9 les arguments relatifs \u00e0 un pr\u00e9tendu \u00ab\u00a0<em>droit<\/em>\u00a0\u00bb de ces entreprises isra\u00e9liennes \u00e0 participer \u00e0 de tels \u00e9v\u00e9nements (voir <strong><a href=\"https:\/\/www.elciudadano.com\/actualidad\/declaran-inadmisible-recurso-de-proteccion-contra-boric-por-exclusion-de-empresas-israelies-de-la-fidae\/03\/08\/\">note<\/a><\/strong> d&rsquo;El Ciudadano du 8 mars). Les d\u00e9clarations intempestives de l&rsquo;ambassadeur d&rsquo;Isra\u00ebl au Chili (voir <strong><a href=\"https:\/\/radio.uchile.cl\/2024\/03\/10\/embajador-de-israel-en-chile-acusa-politica-antiisraeli-del-gobierno-tras-exclusion-de-la-fidae\/\">note<\/a><\/strong>) conduiront probablement le Chili \u00e0 le d\u00e9clarer \u00ab\u00a0<em>non grato<\/em>\u00a0\u00bb dans les prochains jours.<\/p>\n\n<p>Au <strong>Canada<\/strong>, un groupe d&rsquo;organisations de la soci\u00e9t\u00e9 civile demande une d\u00e9cision de justice pour obliger l&rsquo;ex\u00e9cutif canadien \u00e0 suspendre les livraisons d&rsquo;armes \u00e0 Isra\u00ebl (voir <a href=\"https:\/\/www.alhaq.org\/advocacy\/22770.html\">communiqu\u00e9 commun<\/a> du 5 mars) : le Canada, comme l&rsquo;Allemagne, est un \u00c9tat partie \u00e0 la Convention sur le commerce des armes de 2013, dont l&rsquo;article 6.3 lie juridiquement les autorit\u00e9s canadiennes.<\/p>\n<div class=\"wp-block-image\">\n<figure class=\"alignleft is-resized\"><a href=\"https:\/\/blogger.googleusercontent.com\/img\/a\/AVvXsEg10JA6VCx_h94rdQikkrP4ZN2rs_B0TY5goTbDuQ8sWqSHBcx1ongj1r8P3msVShy7NU4BCIrBDSnXqU24vtBuNCnEfx1x3xUloxfs6gp4NZ8wWnVZ3TK35Ju6ggWQ2MHacpV0ptvEAZu-k307wdK7sew9tvqVEc0Lts2MoC5n1LFUeg9LmAOQ8exi5TQ\"><img decoding=\"async\" src=\"https:\/\/blogger.googleusercontent.com\/img\/a\/AVvXsEg10JA6VCx_h94rdQikkrP4ZN2rs_B0TY5goTbDuQ8sWqSHBcx1ongj1r8P3msVShy7NU4BCIrBDSnXqU24vtBuNCnEfx1x3xUloxfs6gp4NZ8wWnVZ3TK35Ju6ggWQ2MHacpV0ptvEAZu-k307wdK7sew9tvqVEc0Lts2MoC5n1LFUeg9LmAOQ8exi5TQ=w400-h266\" alt=\"Gaza \/ Isra&#xEB;l\" style=\"width:400px;height:auto\" title=\"\"\/><\/a><figcaption class=\"wp-element-caption\"><photo extraite=\"\" de=\"\"><a href=\"https:\/\/www.timesofisrael.com\/court-orders-netherlands-to-stop-f-35-parts-delivery-to-israel-over-war-on-hamas\/\">nota de prensa<\/a> del Times of Israel, en su edicion del 12 de febrero del 2024, titulada \u00ab\u00a0Court orders Netherlands to stop F-35 parts delivery to Israel over war on Hamas\u00a0\u00bb.<\/photo><\/figcaption><\/figure>\n<\/div>\n<p>Concernant une autre instance internationale bas\u00e9e \u00e0 La Haye, la Cour p\u00e9nale internationale (CPI), dans une autre <strong><a href=\"https:\/\/derechointernacionalcr.blogspot.com\/2024\/01\/gaza-israel-mexico-y-chile-anuncian. html\">note pr\u00e9c\u00e9dente<\/a><\/strong>, intitul\u00e9e \u00ab\u00a0<em>Gaza \/ Isra\u00ebl : \u00e0 propos de l&rsquo;annonce de la saisine conjointe du Mexique et du Chili devant la Cour p\u00e9nale internationale (CPI)<\/em><strong>\u00a0\u00bb <\/strong>nous avons pu analyser la port\u00e9e de la saisine conjointe effectu\u00e9e par <strong>Chile<\/strong> et <strong>M<\/strong><strong>\u00e9<\/strong><strong>Mexique<\/strong> face au drame qui se joue \u00e0 Gaza.<\/p>\n\n<p>Toujours en ce qui concerne la CPI, une action en justice men\u00e9e par des avocats en <strong>Australie<\/strong> contre ses autorit\u00e9s actuelles est d&rsquo;un grand int\u00e9r\u00eat, \u00e9tant donn\u00e9 l&rsquo;inaction observ\u00e9e de leur part par rapport \u00e0 ce qui se passe \u00e0 Gaza, et renvoy\u00e9e \u00e0 la CPI de La Haye ces jours-ci (voir <strong><a href=\"https:\/\/theconversation. com\/why-have-anthony-albanese-and-other-politicians-been-referred-to-the-icc-over-the-gaza-war-225079\">note<\/a><\/strong> de <em>The Conversation<\/em> du 5 mars 2024) : l&rsquo;originalit\u00e9 de cette action t\u00e9moigne du sentiment de profonde frustration de divers secteurs en Australie face \u00e0 la passivit\u00e9 absolue de leurs autorit\u00e9s face aux actions d&rsquo;Isra\u00ebl \u00e0 Gaza et aux d\u00e9clarations de soutien \u00e0 Isra\u00ebl entendues en Australie de la part de responsables politiques. Pour en savoir plus sur le document que l&rsquo;Australie a soumis au bureau du procureur de la CPI, cliquez ici.<\/p>\n\n<p>Le 11 mars, <em>The Guardian<\/em> a rapport\u00e9 le recrutement par le Bureau du Procureur de la CPI d&rsquo;un juriste britannique pour soutenir l&rsquo;enqu\u00eate sur Gaza (voir <strong><a href=\"https:\/\/www.theguardian.com\/law\/2024\/mar\/11\/uk-lawyer-andrew-cayley-icc-investigation-alleged-war-crimes-palestinian-territories\">communiqu\u00e9 de presse<\/a><\/strong>). <\/p>\n\n<h3 class=\"wp-block-heading\"><strong><em>Des r\u00e9gions du monde (et non plus des Etats) qui pourraient \u00e9galement agir<\/em><\/strong>.<\/h3>\n\n<p>\u00c0 noter la r\u00e9cente initiative conjointe de l&rsquo;Espagne et de l&rsquo;Irlande au sein de l&rsquo;<strong>Union europ\u00e9enne<\/strong>ou<strong>Union europ\u00e9enne<\/strong> (UE) concernant le r\u00e9gime de sanctions pr\u00e9vu par les diff\u00e9rents r\u00e8glements europ\u00e9ens, lorsqu&rsquo;un \u00c9tat ayant un accord d&rsquo;association avec l&rsquo;UE viole de mani\u00e8re flagrante et massive les droits de l&rsquo;homme (voir <strong><a href=\"https:\/\/www.theguardian.com\/world\/2024\/feb\/14\/ireland-and-spain-demand-eu-reviews-israel-trade-deal-over-rights-obligations\">note<\/a><\/strong> du <em>The Guardian<\/em> du 15 f\u00e9vrier 2024). <\/p>\n\n<p>Pour ce qui est de l&rsquo;Am\u00e9rique latine, il convient de noter ce qui s&rsquo;est pass\u00e9 r\u00e9cemment lors d&rsquo;une r\u00e9union de la <strong>Communaut\u00e9 des \u00c9tats d&rsquo;Am\u00e9rique latine et des Cara\u00efbes<\/strong> (mieux connue sous le nom de CELAC), au cours de laquelle ni l&rsquo;Argentine, ni le Costa Rica, ni l&rsquo;\u00c9quateur, ni le Salvador, pas plus que le Guatemala, le Panama<strong>\u00e1<\/strong>, le Paraguay, le P\u00e9rou<strong>\u00fa,<\/strong><strong> ou l&rsquo;Uruguay<\/strong> ne semblent avoir sign\u00e9 une d\u00e9claration commune condamnant avec v\u00e9h\u00e9mence l&rsquo;action insens\u00e9e d&rsquo;Isra\u00ebl \u00e0 Gaza (<strong>Note 5<\/strong>).  <\/p>\n\n<p>Toujours dans l&rsquo;h\u00e9misph\u00e8re am\u00e9ricain, depuis le 7 octobre 2023, l&rsquo;<strong>Organisation des Etats am\u00e9ricains<\/strong> (OEA) garde un profond silence sur les victimes palestiniennes de Gaza. Comme le silence de certaines autres organisations internationales intergouvernementales r\u00e9gionales ou sous-r\u00e9gionales, il soul\u00e8ve des questions tr\u00e8s valables. Dans le cas sp\u00e9cifique de l&rsquo;OEA, il faut remonter \u00e0 juillet 2014 (<strong>Note 6<\/strong>) pour lire un communiqu\u00e9 dans lequel l&rsquo;ancien secr\u00e9taire g\u00e9n\u00e9ral, le Chilien Jos\u00e9 Miguel Insulza, fait r\u00e9f\u00e9rence \u00e0 ce qui se passe \u00e0 Gaza (voir <strong><a href=\"https:\/\/www.oas.org\/es\/centro_noticias\/comunicado_prensa.asp?sCodigo=C-305\/14\">communiqu\u00e9 de presse<\/a> <\/strong>du 17 juillet 2014), expliquant que :<\/p>\n\n<blockquote class=\"wp-block-quote is-layout-flow wp-block-quote-is-layout-flow\">\n<p><le secr=\"\" g=\"\" de=\"\" l=\"\" des=\"\" am=\"\" jos=\"\" miguel=\"\" insulza=\"\" a=\"\" exprim=\"\" aujourd=\"\" son=\"\" plein=\"\" soutien=\"\" nations=\"\" unies=\"\" suite=\"\" la=\"\" proposition=\"\" en=\"\" faveur=\"\" d=\"\" cessez-le-feu=\"\" et=\"\" pause=\"\" humanitaire=\"\" dans=\"\" le=\"\" territoire=\"\" gaza=\"\" condamn=\"\" les=\"\" attaques=\"\" isra=\"\" qui=\"\" ont=\"\" fait=\"\" plus=\"\" morts.=\"\" c=\"\" il=\"\" s=\"\" interrog=\"\" sur=\"\" arm=\"\" du=\"\" hamas=\"\" contre=\"\" exhort=\"\" deux=\"\" parties=\"\" coop=\"\" avec=\"\"><\/le><\/p>\n<\/blockquote>\n\n<p>En r\u00e9alit\u00e9, le bilan final de l&rsquo;op\u00e9ration militaire \u00e0 Gaza qui a d\u00e9but\u00e9 en juillet 2014 et s&rsquo;est achev\u00e9e le 26 ao\u00fbt 2014 est bien plus lourd : apr\u00e8s l&rsquo;offensive militaire \u00e0 Gaza (70 morts du c\u00f4t\u00e9 isra\u00e9lien, dont 67 soldats et 3 civils isra\u00e9liens), 2 251 personnes ont \u00e9t\u00e9 recens\u00e9es mortes du c\u00f4t\u00e9 palestinien, dont 551 enfants (voir <a href=\"https:\/\/www. ohchr.org\/en\/hr-bodies\/hrc\/co-i-gaza-conflict\/report-co-i-gaza\" target=\"_blank\" rel=\"noreferrer noopener\"><strong>link<\/strong><\/a> pour le rapport d&rsquo;une commission d&rsquo;enqu\u00eate des Nations unies et son <a href=\"https:\/\/www.un.org\/unispal\/document\/auto-insert-185919\/\" target=\"_blank\" rel=\"noreferrer noopener\"><strong>summary<\/strong><\/a>). Nous invitons nos chers lecteurs \u00e0 prendre connaissance de ces chiffres et \u00e0 \u00e9tablir un <em>ratio<\/em> macabre de victimes palestiniennes pour chaque vie perdue par un civil isra\u00e9lien afin de mieux comprendre la logique qui est \u00e0 nouveau observ\u00e9e depuis la soir\u00e9e\/nuit du 7 octobre 2023 par les plus hautes autorit\u00e9s isra\u00e9liennes.<\/p>\n\n<h3 class=\"wp-block-heading\">Gaza \/ Isra\u00ebl : <strong><em>D&rsquo;apr\u00e8s certains rapports et donn\u00e9es n\u00e9glig\u00e9s dans certains grands m\u00e9dias internationaux<\/em><\/strong>.<\/h3>\n\n<p>En mati\u00e8re d&rsquo;exportation d&rsquo;armes vers Isra\u00ebl, le 23 f\u00e9vrier 2024, un large groupe d&rsquo;experts et de m\u00e9canismes des droits de l&rsquo;homme des Nations unies a appel\u00e9 \u00e0 l&rsquo;arr\u00eat imm\u00e9diat des exportations d&rsquo;armes vers Isra\u00ebl. A ce sujet, voir le texte int\u00e9gral du <strong><a href=\"https:\/\/www.ohchr.org\/en\/press-releases\/2024\/02\/arms-exports-israel-must-stop-immediately-un-experts\">communiqu\u00e9 officiel<\/a>, <\/strong>dont la lecture int\u00e9grale est recommand\u00e9e) et dans lequel on peut lire que :<\/p>\n\n<blockquote class=\"wp-block-quote is-layout-flow wp-block-quote-is-layout-flow\">\n<p><em>The need for an arms embargo on Israel is heightened by the International Court of Justice\u2019s ruling\u00a0on 26 January 2024 that there is a plausible risk of genocide in Gaza and the continuing serious harm to civilians since then\u201d, the experts said. The Genocide Convention of 1948 requires\u00a0States parties to employ all means reasonably available to them to prevent genocide in another state as far as possible. \u201cThis necessitates halting arms exports in the present circumstances\u201d, the experts said<\/em>.<\/p>\n<\/blockquote>\n\n<p>En lisant la citation ci-dessus, il est possible que nos estim\u00e9s lecteurs d\u00e9couvrent l&rsquo;existence de ce texte collectif sign\u00e9 par un grand nombre de rapporteurs sp\u00e9ciaux et d&rsquo;experts ind\u00e9pendants de l&rsquo;ONU. Les grands m\u00e9dias internationaux ont \u00e0 peine rapport\u00e9, et encore moins r\u00e9f\u00e9renc\u00e9, l&rsquo;important appel collectif lanc\u00e9 depuis le si\u00e8ge des Nations unies en Europe, exigeant l&rsquo;arr\u00eat de l&rsquo;action militaire d&rsquo;Isra\u00ebl \u00e0 Gaza, comme c&rsquo;est devenu la coutume depuis l&rsquo;apr\u00e8s-midi\/soir\u00e9e du 7 octobre dernier. Il n&rsquo;y a donc pas lieu de s&rsquo;en \u00e9tonner.<\/p>\n\n<h5 class=\"wp-block-heading\">Rapport cach\u00e9 : Silence des m\u00e9dias sur la demande de l&rsquo;ONU d&rsquo;un embargo sur les armes \u00e0 destination d&rsquo;Isra\u00ebl<\/h5>\n\n<p>D&rsquo;autres rapports r\u00e9cents totalement pass\u00e9s sous silence dans les m\u00e9dias concernant le manque de respect d&rsquo;Isra\u00ebl pour la justice internationale \u00e0 La Haye sont les suivants :<\/p>\n\n<ul class=\"wp-block-list\">\n<li>le rapport de <em>Human Rights Watch<\/em> (HRW), d\u00e9taillant le niveau de m\u00e9pris d&rsquo;Isra\u00ebl pour l&rsquo;ordonnance de la CIJ dat\u00e9e du 26 f\u00e9vrier 2024 et disponible sur ce <a href=\"https:\/\/www.hrw.org\/news\/2024\/02\/26\/israel-not-complying-world-court-order-genocide-case\"><strong>link<\/strong><\/a> ;<\/li>\n\n\n\n<li>le rapport de l&rsquo;ONG <em>Commission internationale de juristes<\/em> (CIJ), publi\u00e9 \u00e0 la m\u00eame date et qui va dans le m\u00eame sens que le pr\u00e9c\u00e9dent (disponible sur ce <strong><a href=\"https:\/\/www.icj.org\/gaza-one-month-on-israel-fails-to-comply-with-the-order-of-the-international-court-of-justice\/\">link<\/a><\/strong>) ;<\/li>\n\n\n\n<li>un rapport tr\u00e8s similaire de l&rsquo;ONG <em>Amnesty International<\/em>, publi\u00e9 \u00e0 la m\u00eame date (disponible sur ce <strong><a href=\"https:\/\/www.amnesty.org\/es\/latest\/news\/2024\/02\/israel-defying-icj-ruling-to-prevent-genocide-by-failing-to-allow-adequate-humanitarian-aid-to-reach-gaza\/\">link<\/a><\/strong>) et dans lequel on peut lire que :<\/li>\n<\/ul>\n\n<blockquote class=\"wp-block-quote is-layout-flow wp-block-quote-is-layout-flow\">\n<p><la catastrophe=\"\" humanitaire=\"\" que=\"\" conna=\"\" aujourd=\"\" la=\"\" bande=\"\" de=\"\" gaza=\"\" occup=\"\" est=\"\" le=\"\" r=\"\" du=\"\" blocus=\"\" impos=\"\" par=\"\" isra=\"\" depuis=\"\" ans=\"\" et=\"\" son=\"\" intensification=\"\" ainsi=\"\" des=\"\" op=\"\" militaires=\"\" d=\"\" garde=\"\" contr=\"\" l=\"\" a=\"\" fronti=\"\" terrestres=\"\" eaux=\"\" territoriales=\"\" restreint=\"\" strictement=\"\" circulation=\"\" marchandises=\"\" personnes=\"\" alimentant=\"\" un=\"\" humanitaire.=\"\" contraint=\"\" population=\"\" vivre=\"\" dans=\"\" conditions=\"\" plus=\"\" en=\"\" difficiles=\"\" qui=\"\" octobre=\"\" se=\"\" sont=\"\" si=\"\" rapidement=\"\" gravement=\"\" confront=\"\" une=\"\" famine=\"\" n=\"\" pas=\"\" due=\"\" causes=\"\" naturelles.=\"\" forme=\"\" punition=\"\" collective=\"\" crime=\"\" guerre.=\"\" c=\"\" moyens=\"\" fondamentaux=\"\" dont=\"\" dispose=\"\" pour=\"\" maintenir=\"\"><a href=\"https:\/\/www.amnesty.org\/es\/documents\/mde15\/5141\/2022\/es\/\"><strong><em>syst\u00e8me d&rsquo;apartheid<\/em><\/strong><\/a><em> \u00e0 l&rsquo;encontre de la population palestinienne, ce qui constitue un crime contre l&rsquo;humanit\u00e9.<\/em><\/la><\/p>\n<\/blockquote>\n\n<figure class=\"wp-block-gallery has-nested-images columns-default is-cropped wp-block-gallery-7 is-layout-flex wp-block-gallery-is-layout-flex\">\n<figure class=\"wp-block-image size-large\"><img loading=\"lazy\" decoding=\"async\" width=\"1024\" height=\"768\" data-id=\"15237\" src=\"https:\/\/www.sensorialsunsets.com\/wp-content\/uploads\/2024\/03\/4735925392_0a087dfda0_k-1024x768.jpg\" alt=\"Gaza\" class=\"wp-image-15237\" srcset=\"https:\/\/www.sensorialsunsets.com\/wp-content\/uploads\/2024\/03\/4735925392_0a087dfda0_k-1024x768.jpg 1024w, https:\/\/www.sensorialsunsets.com\/wp-content\/uploads\/2024\/03\/4735925392_0a087dfda0_k-300x225.jpg 300w, https:\/\/www.sensorialsunsets.com\/wp-content\/uploads\/2024\/03\/4735925392_0a087dfda0_k-768x576.jpg 768w, https:\/\/www.sensorialsunsets.com\/wp-content\/uploads\/2024\/03\/4735925392_0a087dfda0_k-1536x1152.jpg 1536w, https:\/\/www.sensorialsunsets.com\/wp-content\/uploads\/2024\/03\/4735925392_0a087dfda0_k-1320x990.jpg 1320w, https:\/\/www.sensorialsunsets.com\/wp-content\/uploads\/2024\/03\/4735925392_0a087dfda0_k.jpg 2048w\" sizes=\"auto, (max-width: 1024px) 100vw, 1024px\" \/><\/figure>\n\n\n\n<figure class=\"wp-block-image size-large\"><img loading=\"lazy\" decoding=\"async\" width=\"1024\" height=\"682\" data-id=\"15240\" src=\"https:\/\/www.sensorialsunsets.com\/wp-content\/uploads\/2024\/03\/49385744582_0e085b20c9_k-1024x682.jpg\" alt=\"\" class=\"wp-image-15240\" srcset=\"https:\/\/www.sensorialsunsets.com\/wp-content\/uploads\/2024\/03\/49385744582_0e085b20c9_k-1024x682.jpg 1024w, https:\/\/www.sensorialsunsets.com\/wp-content\/uploads\/2024\/03\/49385744582_0e085b20c9_k-300x200.jpg 300w, https:\/\/www.sensorialsunsets.com\/wp-content\/uploads\/2024\/03\/49385744582_0e085b20c9_k-768x511.jpg 768w, https:\/\/www.sensorialsunsets.com\/wp-content\/uploads\/2024\/03\/49385744582_0e085b20c9_k-1536x1023.jpg 1536w, https:\/\/www.sensorialsunsets.com\/wp-content\/uploads\/2024\/03\/49385744582_0e085b20c9_k-334x222.jpg 334w, https:\/\/www.sensorialsunsets.com\/wp-content\/uploads\/2024\/03\/49385744582_0e085b20c9_k-1320x879.jpg 1320w, https:\/\/www.sensorialsunsets.com\/wp-content\/uploads\/2024\/03\/49385744582_0e085b20c9_k.jpg 2047w\" sizes=\"auto, (max-width: 1024px) 100vw, 1024px\" \/><\/figure>\n<\/figure>\n\n<p>Le manque de diffusion de ces rapports dans les m\u00e9dias internationaux est plus que notoire, en particulier dans certains d&rsquo;entre eux, qui sont g\u00e9n\u00e9ralement tr\u00e8s attentifs aux communiqu\u00e9s \u00e9mis par HRW, la CIJ ou une ONG ayant le prestige et la trajectoire d&rsquo;Amnesty International. <\/p>\n\n<h3 class=\"wp-block-heading\"><strong><em>Un drame inhumain auquel Isra\u00ebl soumet la population civile de Gaza<\/em><\/strong>.<\/h3>\n\n<p>Le Conseil de s\u00e9curit\u00e9 s&rsquo;est r\u00e9uni le 27 f\u00e9vrier pour \u00e9couter divers experts et agences de l&rsquo;ONU, alertant les membres du Conseil sur la n\u00e9cessit\u00e9 d&rsquo;ordonner d&rsquo;urgence une cessation des hostilit\u00e9s \u00e0 Gaza sans pr\u00e9lude, compte tenu de la famine imminente qui menace l&rsquo;ensemble de la population (voir <strong><a href=\"https:\/\/news.un.org\/en\/story\/2024\/02\/1146997\">communiqu\u00e9 officiel de l&rsquo;ONU<\/a><\/strong>). <\/p>\n\n<p>Dans l&rsquo;une des interventions, l&rsquo;un des chefs d&rsquo;une agence des Nations unies a indiqu\u00e9 (voir <strong><a href=\"https:\/\/www.ochaopt.org\/content\/mr-ramesh-rajasingham-updating-security-council-food-security-risks-gaza\">texte complet<\/a><\/strong> de son intervention devant le Conseil de s\u00e9curit\u00e9) que :<\/p>\n\n<blockquote class=\"wp-block-quote is-layout-flow wp-block-quote-is-layout-flow\">\n<p><em>Hunger and the risk of famine are exacerbated by factors that go beyond just the availability of food. Inadequate water, sanitation, and health services creates a cycle of vulnerability, where malnourished people \u2013 especially among the tens of thousands of people who are injured \u2013 become more susceptible to disease that further depletes the body\u2019s nutritional reserves.<\/em><\/p>\n<\/blockquote>\n\n<p><em>A steep rise in malnutrition among children and pregnant and breastfeeding women in the Gaza strip is a particularly grave concern. And add chronic overcrowding, exposure to the cold and an absence of adequate shelter to this lack of nutrition, and you have created the conditions for massive disease epidemics<\/em>\u00ab\u00a0.<\/p>\n\n<p>Nous avons eu l&rsquo;occasion d&rsquo;analyser la port\u00e9e du veto am\u00e9ricain du 20 f\u00e9vrier \u00e0 un projet de r\u00e9solution ordonnant un cessez-le-feu pour des raisons humanitaires pr\u00e9sent\u00e9 par l&rsquo;Alg\u00e9rie. Le projet de r\u00e9solution a obtenu 13 voix pour, une abstention (Royaume-Uni) et les Etats-Unis ont vot\u00e9 contre (veto) : voir notre <a href=\"http:\/\/derechointernacionalcr.blogspot.com\/2024\/02\/gaza-israel-tercer-veto-de-estados.html\"><strong>note<\/strong><\/a> intitul\u00e9e \u00ab\u00a0<em>Gaza \/ Isra\u00ebl : sur l&rsquo;ind\u00e9fendable veto des Etats-Unis au Conseil de s\u00e9curit\u00e9<\/em>\u00ab\u00a0.<\/p>\n\n<h3 class=\"wp-block-heading\"><strong><em>Une diplomatie sud-africaine tr\u00e8s active<\/em><\/strong>.<\/h3>\n\n<p>Le 1er mars 2024, en plein d\u00e9saveu g\u00e9n\u00e9ral des actions d&rsquo;Isra\u00ebl par les autres \u00c9tats (voir <strong><a href=\"https:\/\/www.lefigaro.fr\/international\/a-gaza-l-emeute-de-la-faim-meurtriere-suscite-une-tempete-de-critiques-contre-israel-20240301\">communiqu\u00e9 de presse<\/a><\/strong> du <em>Le Figaro<\/em>), la diplomatie sud-africaine est une nouvelle fois l&rsquo;une des premi\u00e8res \u00e0 \u00e9lever la voix face \u00e0 un nouveau drame survenu le 29 f\u00e9vrier, lors d&rsquo;une livraison de camions d&rsquo;aide humanitaire dont les b\u00e9n\u00e9ficiaires ont \u00e9t\u00e9 tu\u00e9s par des soldats isra\u00e9liens. <\/p>\n\n<p>\u00c0 cet \u00e9gard, voir le <strong><a href=\"https:\/\/dirco.gov.za\/south-africa-condemns-israels-targeted-killing-of-palestinian-civilians-waiting-for-humanitarian-food-aid\/\">communiqu\u00e9 de presse officiel<\/a><\/strong> du minist\u00e8re sud-africain des affaires \u00e9trang\u00e8res, qui indique que :<\/p>\n\n<blockquote class=\"wp-block-quote is-layout-flow wp-block-quote-is-layout-flow\">\n<p><em>This attack comes just days after Israel submitted a report to the International Court of Justice (ICJ) and to which South Africa is preparing a response to. This latest atrocity is another breach of international law and in breach of the binding provisional orders of the ICJ. Legal remedies are one route to end institutionalised impunity that Israel has enjoyed for decades, which has emboldened them to act in the manner they have been doing on Thursday, 29 February 2024, and for decades before that<\/em>.<\/p>\n<\/blockquote>\n\n<p>En Am\u00e9rique latine, le Chili a \u00e9galement condamn\u00e9 tr\u00e8s t\u00f4t ce qui s&rsquo;est pass\u00e9 \u00e0 Gaza le 29 f\u00e9vrier lors de l&rsquo;acheminement de l&rsquo;aide humanitaire (voir <strong><a href=\"https:\/\/www.minrel.gob.cl\/noticias-anteriores\/comunicado-de-prensa-29-02-2024\">communiqu\u00e9 de presse officiel<\/a><\/strong>), tout comme le Br\u00e9sil (voir <strong><a href=\"https:\/\/www.gov.br\/mre\/pt-br\/canais_atendimento\/imprensa\/notas-a-imprensa\/ataque-a-tiros-contra-palestinos-que-aguardavam-o-recebimento-de-ajuda-humanitaria-na-faixa-de-gaza\">communiqu\u00e9 de presse officiel<\/a><\/strong>) et la Colombie (voir <strong><a href=\"https:\/\/www.cancilleria.gov.co\/newsroom\/publiques\/comunicado-prensa-colombia-manifiesta-su-energica-condena-ataque-ocurrido-dia\">communiqu\u00e9 de presse officiel<\/a><\/strong>).<\/p>\n\n<h5 class=\"wp-block-heading\">Silence \u00e0 Gaza<\/h5>\n\n<p>On propose \u00e0 nos chers lecteurs de d\u00e9couvrir ce que leur \u00c9tat respectif a officiellement communiqu\u00e9 face \u00e0 ce massacre v\u00e9ritablement injustifiable de civils par Isra\u00ebl, observ\u00e9 par le monde entier le 29 f\u00e9vrier. Et si leur appareil diplomatique respectif n&rsquo;a rien communiqu\u00e9, alors qu&rsquo;est-ce qui pourrait les emp\u00eacher de s&rsquo;exprimer sur la question, en ayant acc\u00e8s aux m\u00eames images et t\u00e9moignages qui ont circul\u00e9 dans le monde entier : un rapport publi\u00e9 en Isra\u00ebl sur la base de t\u00e9moignages de survivants dans le Magazine+972, intitul\u00e9 \u00ab\u00a0<em>Survivors of Gaza aid convoy massacre describes &lsquo;indiscriminate&rsquo; Israeli fire<\/em>\u00a0\u00bb (voir <strong><a href=\"https:\/\/www.972 mag.com\/gaza-aid-convoy-massacre-testimonies\/\">texte complet<\/a><\/strong>) d\u00e9taille ce qui est arriv\u00e9 ce funeste 29 f\u00e9vrier \u00e0 Gaza \u00e0 115 civils.<\/p>\n\n<p>En ce d\u00e9but d&rsquo;ann\u00e9e 2024, un \u00c9tat comme l&rsquo;Afrique du Sud se distingue aux yeux du monde par son inlassable bataille juridique devant la justice internationale pour mettre fin \u00e0 l&rsquo;absurdit\u00e9 de la machine militaire isra\u00e9lienne \u00e0 Gaza. Alors que l&rsquo;Afrique du Sud a renforc\u00e9 son prestige et son image comme rarement auparavant, Isra\u00ebl est totalement discr\u00e9dit\u00e9 et ses alli\u00e9s sont de plus en plus mal \u00e0 l&rsquo;aise. <\/p>\n\n<h4 class=\"wp-block-heading\"><strong><em>En guise de conclusion<\/em><\/strong>.<\/h4>\n\n<p>En ce qui concerne les mesures conservatoires ordonn\u00e9es par la CIJ et ensuite ignor\u00e9es par un \u00c9tat, nous avons eu l&rsquo;occasion d&rsquo;observer en 2022 le non-respect des mesures conservatoires ordonn\u00e9es \u00e0 l&rsquo;encontre de la Russie par la CIJ en mars 2022, demand\u00e9es par l&rsquo;Ukraine (voir l&rsquo;ordonnance du 16 mars 2022). Pour rappel, la Russie a choisi en mars 2022 de ne pas se pr\u00e9senter devant les juges de La Haye, pour des raisons inconnues (<strong>Note 7<\/strong>). <\/p>\n\n<p>L&rsquo;ensemble des sanctions prises \u00e0 l&rsquo;encontre de la Russie et renforc\u00e9es par le non-respect par la Russie de la d\u00e9cision du juge international \u00e0 partir de mars 2022, interpelle aujourd&rsquo;hui de nombreux d\u00e9cideurs en Europe, aux \u00c9tats-Unis et au Canada sur le m\u00e9pris total d&rsquo;Isra\u00ebl pour l&rsquo;ordonnance de la CIJ lue le 26 janvier 2024. Ces d\u00e9cideurs font preuve d&rsquo;une incoh\u00e9rence palpable qui menace leur cr\u00e9dibilit\u00e9 future dans les actions entreprises pour d\u00e9fendre les r\u00e8gles de l&rsquo;ordre juridique international.<\/p>\n\n<p>En dernier lieu, il convient de noter qu&rsquo;Isra\u00ebl s&rsquo;est pr\u00eat\u00e9 \u00e0 une guerre de l&rsquo;information, avec par exemple des b\u00e9b\u00e9s d\u00e9capit\u00e9s qui n&rsquo;ont jamais laiss\u00e9 de traces \u00e9crites (voir <a href=\"https:\/\/www.losangelespress.org\/con-voz-propia\/los-40-bebes-decapitados-una-fake-news-que-no-soporta-el-analisis-20231011-6708. html\">note<\/a> de <em>Los Angeles Press<\/em>) ou un pr\u00e9tendu centre de commandement principal du Hamas sous l&rsquo;h\u00f4pital Al Shifa \u00e0 Gaza qui n&rsquo;a jamais \u00e9t\u00e9 trouv\u00e9 : ce ne sont l\u00e0 que quelques-unes des nombreuses \u00ab\u00a0<em>preuves irr\u00e9futables<\/em>\u00a0\u00bb qui se sont \u00e9vapor\u00e9es comme de l&rsquo;air, et sur lesquelles Isra\u00ebl a tent\u00e9 de construire un discours pour justifier ses actions. <\/p>\n\n<h5 class=\"wp-block-heading has-white-color has-text-color has-link-color has-small-font-size wp-elements-4182c25d9ca55ec5420f38cdb2046ded\">Conclusion<\/h5>\n\n<p>A c\u00f4t\u00e9 de l&rsquo;Afrique du Sud, de nombreux autres Etats devraient \u00eatre en mesure de relever le d\u00e9fi de la justice internationale et de d\u00e9fendre les principes fondamentaux du droit international humanitaire face \u00e0 l&rsquo;action militaire insens\u00e9e d&rsquo;Isra\u00ebl \u00e0 Gaza. Cependant, beaucoup restent englu\u00e9s dans une passivit\u00e9 et une inaction frappantes : en particulier les \u00c9tats d&rsquo;Europe, de la p\u00e9ninsule arabique et ceux situ\u00e9s au nord du continent am\u00e9ricain, dont on attendrait une plus grande coh\u00e9rence avec leurs positions en mati\u00e8re de d\u00e9fense de la justice internationale et des r\u00e8gles de l&rsquo;ordre juridique international.<\/p>\n\n<p>Dans ce contexte, il convient de noter que l&rsquo;appareil d&rsquo;\u00c9tat isra\u00e9lien n&rsquo;a pas \u00e9t\u00e9 en mesure d&rsquo;apporter des r\u00e9ponses convaincantes aux actions en justice intent\u00e9es par l&rsquo;Afrique du Sud : <strong>Le simple fait que l&rsquo;ordonnance de la CIJ rendue le 26 janvier ait \u00e9t\u00e9 adopt\u00e9e avec 16 voix pour et un seul juge contre<\/strong>, ou dans certaines parties de l&rsquo;ordonnance, avec 15 voix pour et 2 voix contre (voir les d\u00e9tails au paragraphe 86 de l&rsquo;<a href=\"https:\/\/www.icj-cij.org\/sites\/default\/files\/case-related\/192\/192-20240126-ord-01-00-en.pdf\"><strong>ordre<\/strong><\/a> de la CIJ du 26 janvier) montre la faiblesse de la d\u00e9fense juridique d&rsquo;Isra\u00ebl devant les juges de La Haye. <\/p>\n\n<p>Face \u00e0 la force de la p\u00e9tition r\u00e9dig\u00e9e par la diplomatie sud-africaine, Isra\u00ebl n&rsquo;a eu d&rsquo;autre choix que de lancer des jurons, des menaces et d&rsquo;autres r\u00e9actions de col\u00e8re de divers milieux qui ne font plus gu\u00e8re d&rsquo;effet.<\/p>\n\n<p>\u00c0 cet \u00e9gard, il convient de noter que la chef de la diplomatie sud-africaine a clairement indiqu\u00e9 qu&rsquo;elle recevait des menaces voil\u00e9es sur les m\u00e9dias sociaux, visant sans d\u00e9tour les services de renseignement isra\u00e9liens. Dans ce <strong><a href=\"https:\/\/mg.co.za\/politics\/2024-02-08-naledi-pandor-israeli-intelligence-trying-to-intimidate-me\/#:~:text=Speaking%20on%20the%20sidelines%20of,been%20targeted%20on%20social%20media.\">communiqu\u00e9 de presse<\/a><\/strong> publi\u00e9 le 8 f\u00e9vrier, on peut lire que :<\/p>\n\n<blockquote class=\"wp-block-quote is-layout-flow wp-block-quote-is-layout-flow\">\n<p><em>I felt that [it would] be better if we had extra security. But what I\u2019m more concerned about is my family, because in some of the social media messages my children are mentioned and so on, but this is par for the course. The Israeli agents, the intelligence services, [this] is how they behave, and they seek to intimidate you, so we must not be intimidated. There is a cause that is under way<\/em>.<\/p>\n<\/blockquote>\n\n<figure class=\"wp-block-image size-large\"><img loading=\"lazy\" decoding=\"async\" width=\"1024\" height=\"768\" src=\"https:\/\/www.sensorialsunsets.com\/wp-content\/uploads\/2024\/03\/4735173337_b7df7d29a1_k-1024x768.jpg\" alt=\"Gaza\" class=\"wp-image-15243\" srcset=\"https:\/\/www.sensorialsunsets.com\/wp-content\/uploads\/2024\/03\/4735173337_b7df7d29a1_k-1024x768.jpg 1024w, https:\/\/www.sensorialsunsets.com\/wp-content\/uploads\/2024\/03\/4735173337_b7df7d29a1_k-300x225.jpg 300w, https:\/\/www.sensorialsunsets.com\/wp-content\/uploads\/2024\/03\/4735173337_b7df7d29a1_k-768x576.jpg 768w, https:\/\/www.sensorialsunsets.com\/wp-content\/uploads\/2024\/03\/4735173337_b7df7d29a1_k-1536x1152.jpg 1536w, https:\/\/www.sensorialsunsets.com\/wp-content\/uploads\/2024\/03\/4735173337_b7df7d29a1_k-1320x990.jpg 1320w, https:\/\/www.sensorialsunsets.com\/wp-content\/uploads\/2024\/03\/4735173337_b7df7d29a1_k.jpg 2048w\" sizes=\"auto, (max-width: 1024px) 100vw, 1024px\" \/><\/figure>\n\n<hr class=\"wp-block-separator has-alpha-channel-opacity\"\/>\n\n<h4 class=\"wp-block-heading has-text-align-center\">Notes <\/h4>\n\n<hr class=\"wp-block-separator has-alpha-channel-opacity\"\/>\n\n<p class=\"has-small-font-size\"><strong>Note 1<\/strong> : Voir \u00e0 cet \u00e9gard notre note <strong>BOEGLIN N.<\/strong>, \u00ab\u00a0<em>Gaza \/ Isra\u00ebl : sur les man\u0153uvres am\u00e9ricaines et la r\u00e9cente r\u00e9solution S\/RES\/2720(2023) du Conseil de s\u00e9curit\u00e9 de l&rsquo;ONU\u00a0\u00bb, Blog derechointernacionalcr, \u00e9dition du 22 d\u00e9cembre 2023. Texte disponible <a href=\"https:\/\/derechointernacionalcr.blogspot.com\/2023\/12\/gaza-israel-nueva-resolucion-del.html\"><strong>ici<\/strong><\/a>. <\/em><\/p>\n\n<p class=\"has-small-font-size\"><strong>Note 2<\/strong> : Voir <strong>ATT Expert Group<\/strong>, <em>Domestic accountability for international arms transfers : Law, policy and practice<\/em>, Saferworld, 2021, 54 pages. Texte disponible en cliquant sur \u00ab\u00a0<em>donwload<\/em>\u00a0\u00bb <strong><a href=\"https:\/\/www.saferworld-global.org\/resources\/publications\/1366\">ici<\/a>. <\/strong>Voir aussi \u00e0 propos de la r\u00e9glementation r\u00e9gionale de l&rsquo;Union europ\u00e9enne en la mati\u00e8re <strong>MERLIN J.-B.<\/strong>, \u00ab\u00a0<em>Les contentieux nationaux relatifs \u00e0 la vente inter\u00e9tatique d&rsquo;armes<\/em>\u00ab\u00a0, Vol. 65 <em>Annuaire Fran\u00e7ais de Droit International, <\/em>Ann\u00e9e (2019) pp.71-103. Texte int\u00e9gral de cet article disponible <strong><a href=\"https:\/\/www.persee.fr\/doc\/afdi_0066-3085_2019_num_65_1_5292\">ici<\/a><\/strong>. <\/p>\n\n<p class=\"has-small-font-size\"><strong>Note 3<\/strong> : En octobre 2018, l&rsquo;Allemagne a suspendu ses exportations d&rsquo;armes vers l&rsquo;Arabie saoudite en raison de la r\u00e9pression exerc\u00e9e par la coalition dirig\u00e9e par l&rsquo;Arabie saoudite contre les civils y\u00e9m\u00e9nites au Y\u00e9men et du meurtre d&rsquo;un journaliste saoudien au consulat saoudien en Turquie (voir la <strong><a href=\"https:\/\/www.dw.com\/es\/merkel-anuncia-suspensi%C3%B3n-de-venta-de-armas-a-arabia-saud%C3%AD\/a-45977722\">note<\/a><\/strong> de DW). En juin 2020, l&rsquo;Espagne a suspendu l&rsquo;envoi de 600 000 cartouches au Nicaragua en raison de la r\u00e9pression disproportionn\u00e9e exerc\u00e9e par les autorit\u00e9s polici\u00e8res nicaraguayennes contre les manifestants (voir <strong><a href=\"https:\/\/www.lamesaredonda.net\/espana-veto-exportacion-a-nicaragua-de-600-000-cartuchos-de-escopeta\/\">note<\/a><\/strong> de <em>Mesa Redonda<\/em>).<\/p>\n\n<p class=\"has-small-font-size\"><strong>Note 4<\/strong> : <strong>AL TAMIMI Y.<\/strong>, \u00ab\u00a0<em>Implications de l&rsquo;ordonnance de la CIJ (Afrique du Sud c. Isra\u00ebl) pour les \u00c9tats tiers<\/em>\u00ab\u00a0, EJIL Talk, edici\u00f3n del 6 de febrero del 2024. Texte complet <strong><a href=\"https:\/\/www.ejiltalk.org\/implications-of-the-icj-order-south-africa-v-israel-for-third-states\/\">ici<\/a><\/strong>.<\/p>\n\n<p class=\"has-small-font-size\"><strong>Note 5<\/strong> : La d\u00e9claration de la CELAC sur Isra\u00ebl et Gaza du 2 mars intitul\u00e9e \u00ab\u00a0<em>D\u00e9claration sur les actions isra\u00e9liennes \u00e0 J\u00e9rusalem-Est occup\u00e9e et dans le reste du territoire palestinien occup\u00e9<\/em>\u00a0\u00bb est disponible sur ce <a href=\"https:\/\/www.gov.br\/mre\/pt-br\/canais_atendimento\/imprensa\/notas-a-imprensa\/declaracao-sobre-as-acoes-israelenses-em-jerusalem-oriental-ocupada-e-no-resto-do-territorio-palestino-ocupado\"><strong><\/strong><\/a> officiel du Palais Itamaraty, si\u00e8ge du minist\u00e8re br\u00e9silien des Affaires \u00e9trang\u00e8res.<\/p>\n\n<h2 class=\"wp-block-heading has-white-color has-text-color has-link-color has-small-font-size wp-elements-401d45dd5e3965c8af3a2b3b14a7c525\">notes<\/h2>\n\n<p class=\"has-small-font-size\"><strong>Note 6<\/strong> : Concernant les r\u00e9actions officielles en Am\u00e9rique latine \u00e0 la dramatique offensive isra\u00e9lienne \u00e0 Gaza en 2014, voir un article que nous avons publi\u00e9 en Uruguay en 2015, <strong>BOEGLIN N. <\/strong>, \u00ab\u00a0<em>Un an apr\u00e8s le d\u00e9but de l&rsquo;op\u00e9ration Bordure protectrice : br\u00e8ves notes du point de vue du droit international<\/em>\u00ab\u00a0, Estudios del CURI (<em>Centro Uruguayo de Relaciones Internacionales<\/em>), n\u00b0 7\/2015, p. 14. Texte int\u00e9gral disponible <strong><a href=\"http:\/\/curi.org.uy\/archivos\/Estudio%207%20del%2015%20Boeglin.pdf\">ici<\/a><\/strong>.<\/p>\n\n<p class=\"has-small-font-size\"><strong>Note 7<\/strong> : En ce qui concerne cette <strong>non comparution inhabituelle de la Russie devant les juges de la CIJ<\/strong>, nous renvoyons nos estim\u00e9s lecteurs \u00e0 nos br\u00e8ves r\u00e9flexions : <strong>BOEGLIN N<\/strong>. <em>La fuerza del derecho ante el derecho a la fuerza (el caso de Ucrania y Rusia)A prop\u00f3sito de la no comparecencia de Rusia ante la Corte Internacional de Justicia (CIJ)<\/em>\u00ab\u00a0, Portal de la Universidad de Costa Rica (UCR), 23 mars 2022. Texte disponible <strong><a href=\"https:\/\/www.ucr.ac.cr\/noticias\/2022\/3\/23\/voz-experta-la-fuerza-del-derecho-ante-el-derecho-a-la-fuerza-el-caso-de-ucrania-y-rusia.html\">ici<\/a><\/strong>. <\/p>\n\n<p><em><strong>Nicolas Boeglin, professeur de droit international public<\/strong><\/em>.<\/p>\n\n<p class=\"has-small-font-size\"><em><strong>Facult\u00e9 de droit,<\/strong><\/em> <em><strong>Universit\u00e9 du Costa Rica (UCR)<\/strong><\/em>.<\/p>\n\n<p class=\"has-small-font-size\"><em><strong>Contact : nboeglin@gmail.com.<\/strong><\/em>.<\/p>\n","protected":false},"excerpt":{"rendered":"<p>Gaza \/ Isra\u00ebl : sur la troisi\u00e8me demande de mesures provisoires urgentes de l&rsquo;Afrique du Sud devant la Cour internationale de justice (CIJ) contre Isra\u00ebl. We fear that this already catastrophic situation may slide deeper into the abyss as many Palestinians mark the holy month of Ramadan \u2013 a period that is meant to honour [&hellip;]<\/p>\n","protected":false},"author":4,"featured_media":15202,"comment_status":"closed","ping_status":"closed","sticky":false,"template":"","format":"standard","meta":{"_acf_changed":false,"inline_featured_image":false,"_monsterinsights_skip_tracking":false,"_monsterinsights_sitenote_active":false,"_monsterinsights_sitenote_note":"","_monsterinsights_sitenote_category":0,"footnotes":""},"categories":[104,107,151],"tags":[],"class_list":["post-15252","post","type-post","status-publish","format-standard","has-post-thumbnail","hentry","category-culture-fr","category-politique-fr","category-religion-fr"],"acf":[],"yoast_head":"<!-- This site is optimized with the Yoast SEO plugin v27.4 - https:\/\/yoast.com\/product\/yoast-seo-wordpress\/ -->\n<title>Gaza\/Isra\u00ebl : troisi\u00e8me requ\u00eate de l&#039;Afrique du Sud aupr\u00e8s de la CIJ<\/title>\n<meta name=\"description\" content=\"Gaza\/Isra\u00ebl : troisi\u00e8me requ\u00eate de l&#039;Afrique du Sud aupr\u00e8s de la Cour internationale de justice pour son soutien \u00e0 Isra\u00ebl.\" \/>\n<meta name=\"robots\" content=\"index, follow, max-snippet:-1, max-image-preview:large, max-video-preview:-1\" \/>\n<link rel=\"canonical\" href=\"https:\/\/www.sensorialsunsets.com\/fr\/gaza-israel-sur-la-troisieme-requete-de-lafrique-du-sud-pour-des-mesures-provisoires-urgentes-aupres-de-la-cour-internationale-de-justice-cij-a-lencontre-disrael\/\" \/>\n<meta property=\"og:locale\" content=\"fr_FR\" \/>\n<meta property=\"og:type\" content=\"article\" \/>\n<meta property=\"og:title\" content=\"Gaza\/Isra\u00ebl : troisi\u00e8me requ\u00eate de l&#039;Afrique du Sud aupr\u00e8s de la CIJ\" \/>\n<meta property=\"og:description\" content=\"Gaza\/Isra\u00ebl : troisi\u00e8me requ\u00eate de l&#039;Afrique du Sud aupr\u00e8s de la Cour internationale de justice pour son soutien \u00e0 Isra\u00ebl.\" \/>\n<meta property=\"og:url\" content=\"https:\/\/www.sensorialsunsets.com\/fr\/gaza-israel-sur-la-troisieme-requete-de-lafrique-du-sud-pour-des-mesures-provisoires-urgentes-aupres-de-la-cour-internationale-de-justice-cij-a-lencontre-disrael\/\" \/>\n<meta property=\"og:site_name\" content=\"SensorialSunsets\" \/>\n<meta property=\"article:publisher\" content=\"https:\/\/www.facebook.com\/Sensorial-Sunsets-109180614715562\" \/>\n<meta property=\"article:published_time\" content=\"2024-03-15T21:50:34+00:00\" \/>\n<meta property=\"og:image\" content=\"https:\/\/www.sensorialsunsets.com\/wp-content\/uploads\/2024\/03\/452335741_40db031bb9_h.jpg\" \/>\n\t<meta property=\"og:image:width\" content=\"1536\" \/>\n\t<meta property=\"og:image:height\" content=\"1024\" \/>\n\t<meta property=\"og:image:type\" content=\"image\/jpeg\" \/>\n<meta name=\"author\" content=\"Sensorial Sunsets\" \/>\n<meta name=\"twitter:card\" content=\"summary_large_image\" \/>\n<meta name=\"twitter:label1\" content=\"\u00c9crit par\" \/>\n\t<meta name=\"twitter:data1\" content=\"Sensorial Sunsets\" \/>\n\t<meta name=\"twitter:label2\" content=\"Dur\u00e9e de lecture estim\u00e9e\" \/>\n\t<meta name=\"twitter:data2\" content=\"38 minutes\" \/>\n<script type=\"application\/ld+json\" class=\"yoast-schema-graph\">{\"@context\":\"https:\\\/\\\/schema.org\",\"@graph\":[{\"@type\":\"Article\",\"@id\":\"https:\\\/\\\/www.sensorialsunsets.com\\\/fr\\\/gaza-israel-sur-la-troisieme-requete-de-lafrique-du-sud-pour-des-mesures-provisoires-urgentes-aupres-de-la-cour-internationale-de-justice-cij-a-lencontre-disrael\\\/#article\",\"isPartOf\":{\"@id\":\"https:\\\/\\\/www.sensorialsunsets.com\\\/fr\\\/gaza-israel-sur-la-troisieme-requete-de-lafrique-du-sud-pour-des-mesures-provisoires-urgentes-aupres-de-la-cour-internationale-de-justice-cij-a-lencontre-disrael\\\/\"},\"author\":{\"name\":\"Sensorial Sunsets\",\"@id\":\"https:\\\/\\\/www.sensorialsunsets.com\\\/fr\\\/#\\\/schema\\\/person\\\/77e2fa594135aa94024c47e281d8a94d\"},\"headline\":\"Gaza \\\/ Isra\u00ebl : sur la troisi\u00e8me requ\u00eate de l&rsquo;Afrique du Sud pour des mesures provisoires urgentes aupr\u00e8s de la Cour internationale de justice (CIJ) \u00e0 l&rsquo;encontre d&rsquo;Isra\u00ebl\",\"datePublished\":\"2024-03-15T21:50:34+00:00\",\"mainEntityOfPage\":{\"@id\":\"https:\\\/\\\/www.sensorialsunsets.com\\\/fr\\\/gaza-israel-sur-la-troisieme-requete-de-lafrique-du-sud-pour-des-mesures-provisoires-urgentes-aupres-de-la-cour-internationale-de-justice-cij-a-lencontre-disrael\\\/\"},\"wordCount\":7973,\"publisher\":{\"@id\":\"https:\\\/\\\/www.sensorialsunsets.com\\\/fr\\\/#organization\"},\"image\":{\"@id\":\"https:\\\/\\\/www.sensorialsunsets.com\\\/fr\\\/gaza-israel-sur-la-troisieme-requete-de-lafrique-du-sud-pour-des-mesures-provisoires-urgentes-aupres-de-la-cour-internationale-de-justice-cij-a-lencontre-disrael\\\/#primaryimage\"},\"thumbnailUrl\":\"https:\\\/\\\/www.sensorialsunsets.com\\\/wp-content\\\/uploads\\\/2024\\\/03\\\/452335741_40db031bb9_h.jpg\",\"articleSection\":[\"Culture\",\"Politique\",\"Religion\"],\"inLanguage\":\"fr-FR\"},{\"@type\":\"WebPage\",\"@id\":\"https:\\\/\\\/www.sensorialsunsets.com\\\/fr\\\/gaza-israel-sur-la-troisieme-requete-de-lafrique-du-sud-pour-des-mesures-provisoires-urgentes-aupres-de-la-cour-internationale-de-justice-cij-a-lencontre-disrael\\\/\",\"url\":\"https:\\\/\\\/www.sensorialsunsets.com\\\/fr\\\/gaza-israel-sur-la-troisieme-requete-de-lafrique-du-sud-pour-des-mesures-provisoires-urgentes-aupres-de-la-cour-internationale-de-justice-cij-a-lencontre-disrael\\\/\",\"name\":\"Gaza\\\/Isra\u00ebl : troisi\u00e8me requ\u00eate de l'Afrique du Sud aupr\u00e8s de la CIJ\",\"isPartOf\":{\"@id\":\"https:\\\/\\\/www.sensorialsunsets.com\\\/fr\\\/#website\"},\"primaryImageOfPage\":{\"@id\":\"https:\\\/\\\/www.sensorialsunsets.com\\\/fr\\\/gaza-israel-sur-la-troisieme-requete-de-lafrique-du-sud-pour-des-mesures-provisoires-urgentes-aupres-de-la-cour-internationale-de-justice-cij-a-lencontre-disrael\\\/#primaryimage\"},\"image\":{\"@id\":\"https:\\\/\\\/www.sensorialsunsets.com\\\/fr\\\/gaza-israel-sur-la-troisieme-requete-de-lafrique-du-sud-pour-des-mesures-provisoires-urgentes-aupres-de-la-cour-internationale-de-justice-cij-a-lencontre-disrael\\\/#primaryimage\"},\"thumbnailUrl\":\"https:\\\/\\\/www.sensorialsunsets.com\\\/wp-content\\\/uploads\\\/2024\\\/03\\\/452335741_40db031bb9_h.jpg\",\"datePublished\":\"2024-03-15T21:50:34+00:00\",\"description\":\"Gaza\\\/Isra\u00ebl : troisi\u00e8me requ\u00eate de l'Afrique du Sud aupr\u00e8s de la Cour internationale de justice pour son soutien \u00e0 Isra\u00ebl.\",\"inLanguage\":\"fr-FR\",\"potentialAction\":[{\"@type\":\"ReadAction\",\"target\":[\"https:\\\/\\\/www.sensorialsunsets.com\\\/fr\\\/gaza-israel-sur-la-troisieme-requete-de-lafrique-du-sud-pour-des-mesures-provisoires-urgentes-aupres-de-la-cour-internationale-de-justice-cij-a-lencontre-disrael\\\/\"]}]},{\"@type\":\"ImageObject\",\"inLanguage\":\"fr-FR\",\"@id\":\"https:\\\/\\\/www.sensorialsunsets.com\\\/fr\\\/gaza-israel-sur-la-troisieme-requete-de-lafrique-du-sud-pour-des-mesures-provisoires-urgentes-aupres-de-la-cour-internationale-de-justice-cij-a-lencontre-disrael\\\/#primaryimage\",\"url\":\"https:\\\/\\\/www.sensorialsunsets.com\\\/wp-content\\\/uploads\\\/2024\\\/03\\\/452335741_40db031bb9_h.jpg\",\"contentUrl\":\"https:\\\/\\\/www.sensorialsunsets.com\\\/wp-content\\\/uploads\\\/2024\\\/03\\\/452335741_40db031bb9_h.jpg\",\"width\":1536,\"height\":1024},{\"@type\":\"WebSite\",\"@id\":\"https:\\\/\\\/www.sensorialsunsets.com\\\/fr\\\/#website\",\"url\":\"https:\\\/\\\/www.sensorialsunsets.com\\\/fr\\\/\",\"name\":\"SensorialSunsets.com\",\"description\":\"D\u00e9couvrez la culture et la soci\u00e9t\u00e9 du Costa Rica sur notre blog. Explorez des articles captivants et partagez le contenu.\",\"publisher\":{\"@id\":\"https:\\\/\\\/www.sensorialsunsets.com\\\/fr\\\/#organization\"},\"alternateName\":\"Costa Rica Live Blog\",\"potentialAction\":[{\"@type\":\"SearchAction\",\"target\":{\"@type\":\"EntryPoint\",\"urlTemplate\":\"https:\\\/\\\/www.sensorialsunsets.com\\\/fr\\\/?s={search_term_string}\"},\"query-input\":{\"@type\":\"PropertyValueSpecification\",\"valueRequired\":true,\"valueName\":\"search_term_string\"}}],\"inLanguage\":\"fr-FR\"},{\"@type\":\"Organization\",\"@id\":\"https:\\\/\\\/www.sensorialsunsets.com\\\/fr\\\/#organization\",\"name\":\"SensorialSunsets\",\"url\":\"https:\\\/\\\/www.sensorialsunsets.com\\\/fr\\\/\",\"logo\":{\"@type\":\"ImageObject\",\"inLanguage\":\"fr-FR\",\"@id\":\"https:\\\/\\\/www.sensorialsunsets.com\\\/fr\\\/#\\\/schema\\\/logo\\\/image\\\/\",\"url\":\"https:\\\/\\\/www.sensorialsunsets.com\\\/wp-content\\\/uploads\\\/2023\\\/04\\\/Logo_base_line_fond_clair.svg\",\"contentUrl\":\"https:\\\/\\\/www.sensorialsunsets.com\\\/wp-content\\\/uploads\\\/2023\\\/04\\\/Logo_base_line_fond_clair.svg\",\"width\":\"1024\",\"height\":\"1024\",\"caption\":\"SensorialSunsets\"},\"image\":{\"@id\":\"https:\\\/\\\/www.sensorialsunsets.com\\\/fr\\\/#\\\/schema\\\/logo\\\/image\\\/\"},\"sameAs\":[\"https:\\\/\\\/www.facebook.com\\\/Sensorial-Sunsets-109180614715562\",\"https:\\\/\\\/www.instagram.com\\\/sensorialsunsets\\\/\"]},{\"@type\":\"Person\",\"@id\":\"https:\\\/\\\/www.sensorialsunsets.com\\\/fr\\\/#\\\/schema\\\/person\\\/77e2fa594135aa94024c47e281d8a94d\",\"name\":\"Sensorial Sunsets\",\"image\":{\"@type\":\"ImageObject\",\"inLanguage\":\"fr-FR\",\"@id\":\"https:\\\/\\\/secure.gravatar.com\\\/avatar\\\/5f2d62681b1dad94c28f1500d4fc75582acdfd32b55fd1acce0a36a3c487eabe?s=96&d=mm&r=g\",\"url\":\"https:\\\/\\\/secure.gravatar.com\\\/avatar\\\/5f2d62681b1dad94c28f1500d4fc75582acdfd32b55fd1acce0a36a3c487eabe?s=96&d=mm&r=g\",\"contentUrl\":\"https:\\\/\\\/secure.gravatar.com\\\/avatar\\\/5f2d62681b1dad94c28f1500d4fc75582acdfd32b55fd1acce0a36a3c487eabe?s=96&d=mm&r=g\",\"caption\":\"Sensorial Sunsets\"},\"url\":\"https:\\\/\\\/www.sensorialsunsets.com\\\/fr\\\/author\\\/asistentes-sensorial-sunsets\\\/\"}]}<\/script>\n<!-- \/ Yoast SEO plugin. -->","yoast_head_json":{"title":"Gaza\/Isra\u00ebl : troisi\u00e8me requ\u00eate de l'Afrique du Sud aupr\u00e8s de la CIJ","description":"Gaza\/Isra\u00ebl : troisi\u00e8me requ\u00eate de l'Afrique du Sud aupr\u00e8s de la Cour internationale de justice pour son soutien \u00e0 Isra\u00ebl.","robots":{"index":"index","follow":"follow","max-snippet":"max-snippet:-1","max-image-preview":"max-image-preview:large","max-video-preview":"max-video-preview:-1"},"canonical":"https:\/\/www.sensorialsunsets.com\/fr\/gaza-israel-sur-la-troisieme-requete-de-lafrique-du-sud-pour-des-mesures-provisoires-urgentes-aupres-de-la-cour-internationale-de-justice-cij-a-lencontre-disrael\/","og_locale":"fr_FR","og_type":"article","og_title":"Gaza\/Isra\u00ebl : troisi\u00e8me requ\u00eate de l'Afrique du Sud aupr\u00e8s de la CIJ","og_description":"Gaza\/Isra\u00ebl : troisi\u00e8me requ\u00eate de l'Afrique du Sud aupr\u00e8s de la Cour internationale de justice pour son soutien \u00e0 Isra\u00ebl.","og_url":"https:\/\/www.sensorialsunsets.com\/fr\/gaza-israel-sur-la-troisieme-requete-de-lafrique-du-sud-pour-des-mesures-provisoires-urgentes-aupres-de-la-cour-internationale-de-justice-cij-a-lencontre-disrael\/","og_site_name":"SensorialSunsets","article_publisher":"https:\/\/www.facebook.com\/Sensorial-Sunsets-109180614715562","article_published_time":"2024-03-15T21:50:34+00:00","og_image":[{"width":1536,"height":1024,"url":"https:\/\/www.sensorialsunsets.com\/wp-content\/uploads\/2024\/03\/452335741_40db031bb9_h.jpg","type":"image\/jpeg"}],"author":"Sensorial Sunsets","twitter_card":"summary_large_image","twitter_misc":{"\u00c9crit par":"Sensorial Sunsets","Dur\u00e9e de lecture estim\u00e9e":"38 minutes"},"schema":{"@context":"https:\/\/schema.org","@graph":[{"@type":"Article","@id":"https:\/\/www.sensorialsunsets.com\/fr\/gaza-israel-sur-la-troisieme-requete-de-lafrique-du-sud-pour-des-mesures-provisoires-urgentes-aupres-de-la-cour-internationale-de-justice-cij-a-lencontre-disrael\/#article","isPartOf":{"@id":"https:\/\/www.sensorialsunsets.com\/fr\/gaza-israel-sur-la-troisieme-requete-de-lafrique-du-sud-pour-des-mesures-provisoires-urgentes-aupres-de-la-cour-internationale-de-justice-cij-a-lencontre-disrael\/"},"author":{"name":"Sensorial Sunsets","@id":"https:\/\/www.sensorialsunsets.com\/fr\/#\/schema\/person\/77e2fa594135aa94024c47e281d8a94d"},"headline":"Gaza \/ Isra\u00ebl : sur la troisi\u00e8me requ\u00eate de l&rsquo;Afrique du Sud pour des mesures provisoires urgentes aupr\u00e8s de la Cour internationale de justice (CIJ) \u00e0 l&rsquo;encontre d&rsquo;Isra\u00ebl","datePublished":"2024-03-15T21:50:34+00:00","mainEntityOfPage":{"@id":"https:\/\/www.sensorialsunsets.com\/fr\/gaza-israel-sur-la-troisieme-requete-de-lafrique-du-sud-pour-des-mesures-provisoires-urgentes-aupres-de-la-cour-internationale-de-justice-cij-a-lencontre-disrael\/"},"wordCount":7973,"publisher":{"@id":"https:\/\/www.sensorialsunsets.com\/fr\/#organization"},"image":{"@id":"https:\/\/www.sensorialsunsets.com\/fr\/gaza-israel-sur-la-troisieme-requete-de-lafrique-du-sud-pour-des-mesures-provisoires-urgentes-aupres-de-la-cour-internationale-de-justice-cij-a-lencontre-disrael\/#primaryimage"},"thumbnailUrl":"https:\/\/www.sensorialsunsets.com\/wp-content\/uploads\/2024\/03\/452335741_40db031bb9_h.jpg","articleSection":["Culture","Politique","Religion"],"inLanguage":"fr-FR"},{"@type":"WebPage","@id":"https:\/\/www.sensorialsunsets.com\/fr\/gaza-israel-sur-la-troisieme-requete-de-lafrique-du-sud-pour-des-mesures-provisoires-urgentes-aupres-de-la-cour-internationale-de-justice-cij-a-lencontre-disrael\/","url":"https:\/\/www.sensorialsunsets.com\/fr\/gaza-israel-sur-la-troisieme-requete-de-lafrique-du-sud-pour-des-mesures-provisoires-urgentes-aupres-de-la-cour-internationale-de-justice-cij-a-lencontre-disrael\/","name":"Gaza\/Isra\u00ebl : troisi\u00e8me requ\u00eate de l'Afrique du Sud aupr\u00e8s de la CIJ","isPartOf":{"@id":"https:\/\/www.sensorialsunsets.com\/fr\/#website"},"primaryImageOfPage":{"@id":"https:\/\/www.sensorialsunsets.com\/fr\/gaza-israel-sur-la-troisieme-requete-de-lafrique-du-sud-pour-des-mesures-provisoires-urgentes-aupres-de-la-cour-internationale-de-justice-cij-a-lencontre-disrael\/#primaryimage"},"image":{"@id":"https:\/\/www.sensorialsunsets.com\/fr\/gaza-israel-sur-la-troisieme-requete-de-lafrique-du-sud-pour-des-mesures-provisoires-urgentes-aupres-de-la-cour-internationale-de-justice-cij-a-lencontre-disrael\/#primaryimage"},"thumbnailUrl":"https:\/\/www.sensorialsunsets.com\/wp-content\/uploads\/2024\/03\/452335741_40db031bb9_h.jpg","datePublished":"2024-03-15T21:50:34+00:00","description":"Gaza\/Isra\u00ebl : troisi\u00e8me requ\u00eate de l'Afrique du Sud aupr\u00e8s de la Cour internationale de justice pour son soutien \u00e0 Isra\u00ebl.","inLanguage":"fr-FR","potentialAction":[{"@type":"ReadAction","target":["https:\/\/www.sensorialsunsets.com\/fr\/gaza-israel-sur-la-troisieme-requete-de-lafrique-du-sud-pour-des-mesures-provisoires-urgentes-aupres-de-la-cour-internationale-de-justice-cij-a-lencontre-disrael\/"]}]},{"@type":"ImageObject","inLanguage":"fr-FR","@id":"https:\/\/www.sensorialsunsets.com\/fr\/gaza-israel-sur-la-troisieme-requete-de-lafrique-du-sud-pour-des-mesures-provisoires-urgentes-aupres-de-la-cour-internationale-de-justice-cij-a-lencontre-disrael\/#primaryimage","url":"https:\/\/www.sensorialsunsets.com\/wp-content\/uploads\/2024\/03\/452335741_40db031bb9_h.jpg","contentUrl":"https:\/\/www.sensorialsunsets.com\/wp-content\/uploads\/2024\/03\/452335741_40db031bb9_h.jpg","width":1536,"height":1024},{"@type":"WebSite","@id":"https:\/\/www.sensorialsunsets.com\/fr\/#website","url":"https:\/\/www.sensorialsunsets.com\/fr\/","name":"SensorialSunsets.com","description":"D\u00e9couvrez la culture et la soci\u00e9t\u00e9 du Costa Rica sur notre blog. Explorez des articles captivants et partagez le contenu.","publisher":{"@id":"https:\/\/www.sensorialsunsets.com\/fr\/#organization"},"alternateName":"Costa Rica Live Blog","potentialAction":[{"@type":"SearchAction","target":{"@type":"EntryPoint","urlTemplate":"https:\/\/www.sensorialsunsets.com\/fr\/?s={search_term_string}"},"query-input":{"@type":"PropertyValueSpecification","valueRequired":true,"valueName":"search_term_string"}}],"inLanguage":"fr-FR"},{"@type":"Organization","@id":"https:\/\/www.sensorialsunsets.com\/fr\/#organization","name":"SensorialSunsets","url":"https:\/\/www.sensorialsunsets.com\/fr\/","logo":{"@type":"ImageObject","inLanguage":"fr-FR","@id":"https:\/\/www.sensorialsunsets.com\/fr\/#\/schema\/logo\/image\/","url":"https:\/\/www.sensorialsunsets.com\/wp-content\/uploads\/2023\/04\/Logo_base_line_fond_clair.svg","contentUrl":"https:\/\/www.sensorialsunsets.com\/wp-content\/uploads\/2023\/04\/Logo_base_line_fond_clair.svg","width":"1024","height":"1024","caption":"SensorialSunsets"},"image":{"@id":"https:\/\/www.sensorialsunsets.com\/fr\/#\/schema\/logo\/image\/"},"sameAs":["https:\/\/www.facebook.com\/Sensorial-Sunsets-109180614715562","https:\/\/www.instagram.com\/sensorialsunsets\/"]},{"@type":"Person","@id":"https:\/\/www.sensorialsunsets.com\/fr\/#\/schema\/person\/77e2fa594135aa94024c47e281d8a94d","name":"Sensorial Sunsets","image":{"@type":"ImageObject","inLanguage":"fr-FR","@id":"https:\/\/secure.gravatar.com\/avatar\/5f2d62681b1dad94c28f1500d4fc75582acdfd32b55fd1acce0a36a3c487eabe?s=96&d=mm&r=g","url":"https:\/\/secure.gravatar.com\/avatar\/5f2d62681b1dad94c28f1500d4fc75582acdfd32b55fd1acce0a36a3c487eabe?s=96&d=mm&r=g","contentUrl":"https:\/\/secure.gravatar.com\/avatar\/5f2d62681b1dad94c28f1500d4fc75582acdfd32b55fd1acce0a36a3c487eabe?s=96&d=mm&r=g","caption":"Sensorial Sunsets"},"url":"https:\/\/www.sensorialsunsets.com\/fr\/author\/asistentes-sensorial-sunsets\/"}]}},"_links":{"self":[{"href":"https:\/\/www.sensorialsunsets.com\/fr\/wp-json\/wp\/v2\/posts\/15252","targetHints":{"allow":["GET"]}}],"collection":[{"href":"https:\/\/www.sensorialsunsets.com\/fr\/wp-json\/wp\/v2\/posts"}],"about":[{"href":"https:\/\/www.sensorialsunsets.com\/fr\/wp-json\/wp\/v2\/types\/post"}],"author":[{"embeddable":true,"href":"https:\/\/www.sensorialsunsets.com\/fr\/wp-json\/wp\/v2\/users\/4"}],"replies":[{"embeddable":true,"href":"https:\/\/www.sensorialsunsets.com\/fr\/wp-json\/wp\/v2\/comments?post=15252"}],"version-history":[{"count":0,"href":"https:\/\/www.sensorialsunsets.com\/fr\/wp-json\/wp\/v2\/posts\/15252\/revisions"}],"wp:featuredmedia":[{"embeddable":true,"href":"https:\/\/www.sensorialsunsets.com\/fr\/wp-json\/wp\/v2\/media\/15202"}],"wp:attachment":[{"href":"https:\/\/www.sensorialsunsets.com\/fr\/wp-json\/wp\/v2\/media?parent=15252"}],"wp:term":[{"taxonomy":"category","embeddable":true,"href":"https:\/\/www.sensorialsunsets.com\/fr\/wp-json\/wp\/v2\/categories?post=15252"},{"taxonomy":"post_tag","embeddable":true,"href":"https:\/\/www.sensorialsunsets.com\/fr\/wp-json\/wp\/v2\/tags?post=15252"}],"curies":[{"name":"wp","href":"https:\/\/api.w.org\/{rel}","templated":true}]}}