{"id":15452,"date":"2024-03-19T09:46:20","date_gmt":"2024-03-19T15:46:20","guid":{"rendered":"https:\/\/www.sensorialsunsets.com\/les-femmes-autistes-une-population-oubliee\/"},"modified":"2024-03-20T08:09:28","modified_gmt":"2024-03-20T14:09:28","slug":"les-femmes-autistes-une-population-oubliee","status":"publish","type":"post","link":"https:\/\/www.sensorialsunsets.com\/fr\/les-femmes-autistes-une-population-oubliee\/","title":{"rendered":"Les femmes autistes, une population oubli\u00e9e"},"content":{"rendered":"\n<p><em>Nous nous sommes entretenus avec Fernanda Quir\u00f3s sur les d\u00e9fis auxquels est confront\u00e9e la communaut\u00e9 des femmes autistes au Costa Rica et dans le monde.<\/em><\/p>\n\n<hr class=\"wp-block-separator has-text-color has-alpha-channel-opacity has-background is-style-dots\" style=\"background-color:#ff6c2f;color:#ff6c2f\"\/>\n\n<p><\/p>\n\n<p>Fernanda Quir\u00f3s, professeure de philosophie \u00e0 l&rsquo;Universit\u00e9 du Costa Rica (UCR) et \u00e0 l&rsquo;Universidad Estatal a Distancia (UNED), activiste et femme autiste diagnostiqu\u00e9e tardivement, nous a parl\u00e9 des d\u00e9fis auxquels sont confront\u00e9es les femmes autistes au Costa Rica. <\/p>\n\n<p>Elle commence par clarifier le point suivant : <\/p>\n\n<p><strong>FQ:<\/strong> En g\u00e9n\u00e9ral, lorsque les gens pensent \u00e0 l&rsquo;<a href=\"https:\/\/www.sensorialsunsets.com\/fr\/troubles-du-spectre-autistique-au-costa-rica\/\">autisme<\/a>, ils pensent qu&rsquo;il s&rsquo;agit d&rsquo;un trouble ou que les gens sont malades d&rsquo;une mani\u00e8re ou d&rsquo;une autre. Ils utilisent donc souvent des mots tels que sympt\u00f4mes, maladies, etc. Et m\u00eame le mot <em>asperger<\/em>. Mais depuis plusieurs ann\u00e9es d\u00e9j\u00e0, la communaut\u00e9 autiste et les sp\u00e9cialistes du domaine proposent une autre fa\u00e7on d&rsquo;aborder la question. Toutes les anciennes th\u00e9ories qui pensaient ces id\u00e9es de maladie, de malaise, de troubles sont laiss\u00e9es de c\u00f4t\u00e9 et maintenant l&rsquo;autisme est lu sous ce qu&rsquo;on appelle le \u00ab paradigme de la neurodiversit\u00e9 \u00bb. Je tenais \u00e0 le pr\u00e9ciser. Il ne s&rsquo;agit pas de personnes <em>avec autisme<\/em> parce que le \u00ab avec \u00bb implique d&rsquo;avoir quelque chose : j&rsquo;ai la grippe, j&rsquo;ai des lunettes&#8230; mais c&rsquo;est quelque chose d&rsquo;ext\u00e9rieur \u00e0 moi [&#8230;] nous allons parler davantage des <em>personnes autistes<\/em>, c&rsquo;est quelque chose d&rsquo;int\u00e9rieur avec lequel nous sommes n\u00e9s, cela fait partie de notre identit\u00e9.<\/p>\n\n<h3 class=\"wp-block-heading\">Quelle est la pr\u00e9valence de l&rsquo;autisme chez les femmes par rapport aux hommes et pourquoi pensez-vous qu&rsquo;il y a une telle disparit\u00e9 dans les diagnostics ?<\/h3>\n\n<p>La pr\u00e9valence est la m\u00eame. L&rsquo;autisme ne fait pas de distinction entre les sexes. Je pense que la pr\u00e9valence est la m\u00eame, mais en ce qui concerne les diagnostics, il y a pr\u00e9cis\u00e9ment une disparit\u00e9 en termes de genre. [&#8230;] les tests et toutes les analyses pour diagnostiquer l&rsquo;autisme sont davantage ax\u00e9s sur les hommes et [&#8230;] il existe une perception sociale selon laquelle les femmes doivent \u00eatre d&rsquo;une certaine mani\u00e8re. Les femmes doivent \u00eatre <em>tranquilles<\/em>, <em>introverties<\/em>. <\/p>\n\n<p>Par exemple, dans mon cas, j&rsquo;ai \u00e9t\u00e9 diagnostiqu\u00e9e jusqu&rsquo;\u00e0 l&rsquo;\u00e2ge de 30 ans, alors qu&rsquo;\u00e0 l&rsquo;\u00e9cole, j&rsquo;\u00e9tais simplement une fille tr\u00e8s calme, tr\u00e8s introvertie, parce que c&rsquo;est ce que l&rsquo;on attend g\u00e9n\u00e9ralement des femmes, des filles. Les enseignants n&rsquo;ont donc jamais rien remarqu\u00e9 de diff\u00e9rent chez moi, pas de quoi s&rsquo;inqui\u00e9ter. <\/p>\n\n<p>Mais justement, la pr\u00e9valence est la m\u00eame, mais il y a une disparit\u00e9 en raison de la perception sociale selon laquelle les femmes doivent \u00eatre introverties et calmes. Les femmes\/filles autistes ont donc tendance \u00e0 passer inaper\u00e7ues et ne voient pas la n\u00e9cessit\u00e9 d&rsquo;un diagnostic. <\/p>\n\n<h3 class=\"wp-block-heading\">Quels sont les st\u00e9r\u00e9otypes courants sur l&rsquo;autisme qui peuvent affecter les femmes de mani\u00e8re sp\u00e9cifique et comment ces st\u00e9r\u00e9otypes peuvent-ils \u00eatre combattus efficacement ?<\/h3>\n\n<figure class=\"wp-block-image size-full\"><img loading=\"lazy\" decoding=\"async\" width=\"840\" height=\"350\" src=\"https:\/\/www.sensorialsunsets.com\/wp-content\/uploads\/2024\/03\/Mujeres-autistas-Costa-Rica-Sensorial-Sunsets.png\" alt=\"\" class=\"wp-image-15425\" srcset=\"https:\/\/www.sensorialsunsets.com\/wp-content\/uploads\/2024\/03\/Mujeres-autistas-Costa-Rica-Sensorial-Sunsets.png 840w, https:\/\/www.sensorialsunsets.com\/wp-content\/uploads\/2024\/03\/Mujeres-autistas-Costa-Rica-Sensorial-Sunsets-300x125.png 300w, https:\/\/www.sensorialsunsets.com\/wp-content\/uploads\/2024\/03\/Mujeres-autistas-Costa-Rica-Sensorial-Sunsets-768x320.png 768w\" sizes=\"auto, (max-width: 840px) 100vw, 840px\" \/><figcaption class=\"wp-element-caption\">Source : Pinterest<\/figcaption><\/figure>\n\n<p><\/p>\n\n<p>Si vous n&rsquo;avez pas de diagnostic, vous ne savez pas comment expliquer ce qui se passe dans votre vie et vous n&rsquo;aurez pas acc\u00e8s au soutien n\u00e9cessaire. Vous passez toute votre vie scolaire ou sociale \u00e0 \u00eatre <em>l&rsquo;intrus<\/em>. <\/p>\n\n<p>Comment distinguer un cas d&rsquo;autisme d&rsquo;un cas d&rsquo;introversion ? Il existe des sp\u00e9cialistes qui peuvent vous renseigner \u00e0 ce sujet. Mais la premi\u00e8re chose \u00e0 faire est d&rsquo;\u00e9radiquer le fait que les femmes ne peuvent pas \u00eatre autistes, ou le sont \u00e0 un degr\u00e9 moindre, simplement sous pr\u00e9texte qu&rsquo;elles sont introverties. Il y a beaucoup d&rsquo;autres facteurs que vous pouvez \u00e9tudier et d\u00e9composer. <\/p>\n\n<p>Il existe pr\u00e9cis\u00e9ment ce que l&rsquo;on appelle le ph\u00e9nom\u00e8ne de l&rsquo;autiste unique. C&rsquo;est-\u00e0-dire l&rsquo;id\u00e9e que l&rsquo;autiste est ce petit gar\u00e7on qui est un homme, qui ne parle pas et qui est en quelque sorte balanc\u00e9 ; ou, au contraire, un homme, mais un homme brillant. Comme Sheldon Cooper. <\/p>\n\n<p>En effet, il n&rsquo;y a pas deux autistes identiques, et il faut rompre avec l&rsquo;id\u00e9e qu&rsquo;il n&rsquo;y a que deux extr\u00eames, qui sont les hommes, mais que les femmes peuvent aussi \u00eatre autistes. <\/p>\n\n<p>Nous avons donc besoin de sp\u00e9cialistes pour ne pas penser uniquement au ph\u00e9nom\u00e8ne de la personne autiste unique, mais pour \u00eatre ouverts, au moins ouverts pour \u00e9couter les exp\u00e9riences des femmes qui sont soup\u00e7onn\u00e9es d&rsquo;\u00eatre autistes. Et qu&rsquo;ils appliquent ces tests, ces analyses, etc. de mani\u00e8re objective, et qu&rsquo;ils ne se contentent pas de rejeter l&rsquo;id\u00e9e de \u00ab vous \u00eates une femme, donc vous \u00eates simplement introvertie parce que l&rsquo;autisme se concentre sur les hommes qui se balancent et ne parlent pas \u00bb. Pour d\u00e9faire, plut\u00f4t, toutes ces dynamiques qu&rsquo;ils ont. <\/p>\n\n<figure class=\"wp-block-pullquote\" style=\"border-style:none;border-width:0px;border-radius:0px\"><blockquote><p>Nous ne parlons pas de personnes <em>avec autisme<\/em> parce que le \u00ab avec \u00bb implique d&rsquo;avoir quelque chose : j&rsquo;ai la grippe, j&rsquo;ai des lunettes&#8230; mais c&rsquo;est quelque chose d&rsquo;ext\u00e9rieur \u00e0 moi [&#8230;] nous allons plut\u00f4t parler de personnes <em>autistes<\/em>, c&rsquo;est quelque chose d&rsquo;int\u00e9rieur avec lequel nous naissons, cela fait partie de notre identit\u00e9.<\/p><cite>Fernanda Quir\u00f3s<\/cite><\/blockquote><\/figure>\n\n<h3 class=\"wp-block-heading\">Quels sont les d\u00e9fis sp\u00e9cifiques auxquels les femmes autistes peuvent \u00eatre confront\u00e9es en termes de sant\u00e9 mentale, de bien-\u00eatre \u00e9motionnel et d&rsquo;acc\u00e8s \u00e0 des services de sant\u00e9 mentale appropri\u00e9s ?<\/h3>\n\n<p><\/p>\n\n<p>En ce qui concerne l&rsquo;acc\u00e8s \u00e0 des services de sant\u00e9 mentale ad\u00e9quats, c&rsquo;est tr\u00e8s frappant pour moi. Je travaille sur ce sujet et nous avons constat\u00e9 qu&rsquo;il n&rsquo;y a pas d&rsquo;acc\u00e8s \u00e0 la sant\u00e9 mentale de mani\u00e8re globale. La <a href=\"https:\/\/www.sensorialsunsets.com\/fr\/la-caja-costarricense-de-seguro-social-ccss\/\">Caja<\/a> ne diagnostique que les enfants, pas les adultes. C&rsquo;est difficile parce que si un adulte veut \u00eatre diagnostiqu\u00e9, il doit aller payer dans le priv\u00e9 et c&rsquo;est tr\u00e8s cher. Compte tenu du co\u00fbt \u00e9lev\u00e9 de la vie, il est parfois difficile d&rsquo;obtenir ce diagnostic et de pouvoir ensuite acc\u00e9der aux besoins de soutien n\u00e9cessaires. <\/p>\n\n<p>Dans le cas o\u00f9 la Caja a pos\u00e9 un diagnostic et souhaite mettre en \u0153uvre un processus, nous avons constat\u00e9 que les rendez-vous en psychologie ou en psychiatrie sont r\u00e9duits \u00e0 des rendez-vous tous les 6 mois et que ces rendez-vous durent 5 minutes. La personne qui s&rsquo;y rend se contente de taper sur un ordinateur et c&rsquo;est tout. Elle se contente de donner des m\u00e9dicaments, mais ne parle jamais \u00e0 la personne elle-m\u00eame. <\/p>\n\n<p>Ma s\u0153ur, par exemple, est \u00e9galement autiste et elle a ce cas : des rendez-vous psychiatriques tous les 6 mois, ils durent 5 minutes et la personne qui la re\u00e7oit ne lui parle jamais. Elle pose \u00e0 ma m\u00e8re une question g\u00e9n\u00e9rale et c&rsquo;est tout. Il s&rsquo;agit de savoir s&rsquo;il faut lui donner plus ou moins de m\u00e9dicaments. Quand on parle de probl\u00e8mes de sant\u00e9, c&rsquo;est beaucoup plus complexe, mais ce n&rsquo;est pas le cas. <\/p>\n\n<figure class=\"wp-block-image size-full\"><img loading=\"lazy\" decoding=\"async\" width=\"840\" height=\"350\" src=\"https:\/\/www.sensorialsunsets.com\/wp-content\/uploads\/2024\/03\/Mujeres-autismo-Costa-Rica-Sensorial-Sunsets.png\" alt=\"\" class=\"wp-image-15434\" srcset=\"https:\/\/www.sensorialsunsets.com\/wp-content\/uploads\/2024\/03\/Mujeres-autismo-Costa-Rica-Sensorial-Sunsets.png 840w, https:\/\/www.sensorialsunsets.com\/wp-content\/uploads\/2024\/03\/Mujeres-autismo-Costa-Rica-Sensorial-Sunsets-300x125.png 300w, https:\/\/www.sensorialsunsets.com\/wp-content\/uploads\/2024\/03\/Mujeres-autismo-Costa-Rica-Sensorial-Sunsets-768x320.png 768w\" sizes=\"auto, (max-width: 840px) 100vw, 840px\" \/><figcaption class=\"wp-element-caption\">Source : Pinterest<\/figcaption><\/figure>\n\n<h6 class=\"wp-block-heading has-white-color has-text-color has-link-color wp-elements-94cb5731310adbc0bec477e23a9b08da\">Femmes autistes au Costa Rica<\/h6>\n\n<p>En ce qui concerne les femmes autistes adultes, la n\u00e9cessit\u00e9 d&rsquo;une th\u00e9rapie psychologique s&rsquo;impose d&rsquo;autant plus que les femmes ont des charges sociales importantes. De nombreuses femmes doivent \u00eatre chefs de famille, s&rsquo;occuper de leurs enfants qui, dans la plupart des cas, sont \u00e9galement autistes, etc. Tout le conglom\u00e9rat de ce que signifie \u00eatre autiste, en plus de ce que signifie \u00eatre une femme dans cette soci\u00e9t\u00e9 patriarcale.<\/p>\n\n<p>Un autre aspect des d\u00e9fis sp\u00e9cifiques [est que] lorsqu&rsquo;il s&rsquo;agit d&rsquo;aller \u00e0 l&rsquo;\u00e9cole ou sur le lieu de travail, si vous dites \u00ab Eh bien, je suis une personne autiste, je vais avoir besoin de ces soutiens \u00bb, le diagnostic est remis en question. Cette remise en question a tendance \u00e0 concerner davantage les femmes, pr\u00e9cis\u00e9ment parce qu&rsquo;elles feront des commentaires tels que \u00ab Tu n&rsquo;as pas l&rsquo;air comme \u00e7a \u00bb, \u00ab Non, tu es juste timide \u00bb, \u00ab Mais il y a beaucoup de gens comme \u00e7a, alors ne t&rsquo;inqui\u00e8te pas, tu n&rsquo;as rien \u00e0 craindre \u00bb. Cela a pour effet de d\u00e9l\u00e9gitimer.<\/p>\n\n<h6 class=\"wp-block-heading has-white-color has-text-color has-link-color wp-elements-94cb5731310adbc0bec477e23a9b08da\">Femmes autistes au Costa Rica<\/h6>\n\n<p>Dans le cas de ma s\u0153ur, lorsqu&rsquo;elle \u00e9tait \u00e0 l&rsquo;\u00e9cole, il arrivait souvent que nous apportions le diagnostic, que nous disions \u00e0 l&rsquo;enseignant \u00ab Elle a besoin de ceci et de cela \u00bb. Au cours des premi\u00e8res ann\u00e9es d&rsquo;\u00e9cole, le professeur examinait le diagnostic et disait : \u00ab Jimena ne ressemble pas \u00e0 Carlitos \u00bb. Pourquoi ? Parce que Carlitos \u00e9tait pr\u00e9cis\u00e9ment un homme qui ne parlait pas, qui se balan\u00e7ait. Dans le cas de ma s\u0153ur, [elle] ne faisait pas ces choses, donc c&rsquo;\u00e9tait d\u00e9j\u00e0 une raison de d\u00e9l\u00e9gitimer et de ne pas croire au diagnostic. Et, encore une fois, cette d\u00e9l\u00e9gitimation du diagnostic tend \u00e0 \u00eatre plus pr\u00e9sente chez les femmes. Le fait de leur dire \u00ab Non, non, vous n&rsquo;\u00eates pas autiste, vous \u00eates juste timide et c&rsquo;est tout \u00bb. Ils vous refusent donc les droits et les besoins de soutien que vous avez. Ce n&rsquo;est pas un caprice. <\/p>\n\n<p>Un autre d\u00e9fi auquel les femmes sont confront\u00e9es est qu&rsquo;elles ont davantage tendance \u00e0 se masquer. C&rsquo;est-\u00e0-dire qu&rsquo;elles cessent d&rsquo;\u00eatre elles-m\u00eames et agissent en fonction de ce que la soci\u00e9t\u00e9 consid\u00e8re comme \u00ab correct \u00bb. Cela a des r\u00e9percussions, car cela nous cause des crises et nous prive de cuill\u00e8res (d&rsquo;\u00e9nergie). <\/p>\n\n<h3 class=\"wp-block-heading\">Comment les membres de la famille, les amis, les \u00e9ducateurs et les professionnels de la sant\u00e9 peuvent-ils soutenir au mieux les femmes autistes et les aider dans leur vie quotidienne ?<\/h3>\n\n<p>Tout d&rsquo;abord, il faut \u00e9couter les personnes autistes. Parce qu&rsquo;on suppose souvent que toutes les personnes autistes sont les m\u00eames, on pense qu&rsquo;il existe un manuel que l&rsquo;on essaie d&rsquo;appliquer aux personnes. Dans cette mesure, on passe outre l&rsquo;autonomie de la personne autiste qui, en r\u00e9alit\u00e9, <strong>est bien une personne capable de prendre ses propres d\u00e9cisions<\/strong>. Ce que l&rsquo;on fait dans le cas des femmes adultes, c&rsquo;est plut\u00f4t de les infantiliser. <\/p>\n\n<p>La premi\u00e8re chose \u00e0 faire est donc d&rsquo;\u00e9couter ce qu&rsquo;ils ont \u00e0 dire. Comment leurs proches peuvent les aider. Car nous ne pouvons pas supposer. Si nous supposons, nous tombons dans le st\u00e9r\u00e9otype du ph\u00e9nom\u00e8ne de la personne autiste unique, alors que chaque personne autiste aura son propre profil sensoriel. Cela se traduira par des besoins de soutien totalement diff\u00e9rents. C&rsquo;est donc cela : \u00e9couter ce que la personne a \u00e0 dire, valider ce qu&rsquo;elle dit et l&rsquo;aider en fonction de ce qu&rsquo;elle a dit. <\/p>\n\n<h3 class=\"wp-block-heading\">Nous vous avons vu donner des conf\u00e9rences sur ce sujet, comment s&rsquo;est d\u00e9roul\u00e9e cette exp\u00e9rience ?<\/h3>\n\n<p>L&rsquo;exp\u00e9rience a \u00e9t\u00e9 positive car les gens sont g\u00e9n\u00e9ralement int\u00e9ress\u00e9s par le sujet. En particulier les parents d&rsquo;enfants autistes qui ne trouvent pas d&rsquo;informations aupr\u00e8s de la caisse de s\u00e9curit\u00e9 sociale du Costa Rica. On leur donne un diagnostic, mais ils sont \u00e0 la d\u00e9rive. C&rsquo;est donc pr\u00e9cis\u00e9ment ce genre d&rsquo;entretiens qui sont tr\u00e8s encourageants. Mais j&rsquo;ai aussi constat\u00e9 beaucoup d&rsquo;ignorance et, de la part d&rsquo;un certain secteur, beaucoup de r\u00e9sistance au paradigme de la neurodiversit\u00e9 que j&rsquo;ai mentionn\u00e9 au d\u00e9but. <\/p>\n\n<p>Par exemple, ici au Costa Rica et dans de nombreuses r\u00e9gions du monde, il existe des organisations qui se concentrent, d&rsquo;une mani\u00e8re ou d&rsquo;une autre, sur des discours visant \u00e0 soi-disant \u00ab gu\u00e9rir \u00bb l&rsquo;autisme. Elles ne prononcent peut-\u00eatre pas directement le mot \u00ab maladie \u00bb, mais leur discours est charg\u00e9 d&rsquo;une vision de la personne autiste comme un <em>souffrant<\/em>, comme quelqu&rsquo;un qui doit \u00eatre infantilis\u00e9, comme quelqu&rsquo;un dont la famille doit d\u00e9cider pour lui ou pour elle. C&rsquo;est donc toute cette s\u00e9rie de sc\u00e9narios qui est la plus pr\u00e9sente dans la soci\u00e9t\u00e9. Face \u00e0 cela, la communaut\u00e9 autiste au niveau international a pris plusieurs initiatives, individuelles ou collectives, pour positionner le paradigme de la neurodiversit\u00e9. <\/p>\n\n<figure class=\"wp-block-image size-full\"><img loading=\"lazy\" decoding=\"async\" width=\"840\" height=\"350\" src=\"https:\/\/www.sensorialsunsets.com\/wp-content\/uploads\/2024\/03\/Autismo-Costa-Rica-Sensorial-Sunsets.png\" alt=\"\" class=\"wp-image-15439\" srcset=\"https:\/\/www.sensorialsunsets.com\/wp-content\/uploads\/2024\/03\/Autismo-Costa-Rica-Sensorial-Sunsets.png 840w, https:\/\/www.sensorialsunsets.com\/wp-content\/uploads\/2024\/03\/Autismo-Costa-Rica-Sensorial-Sunsets-300x125.png 300w, https:\/\/www.sensorialsunsets.com\/wp-content\/uploads\/2024\/03\/Autismo-Costa-Rica-Sensorial-Sunsets-768x320.png 768w\" sizes=\"auto, (max-width: 840px) 100vw, 840px\" \/><figcaption class=\"wp-element-caption\">Source : Pinterest<\/figcaption><\/figure>\n\n<h6 class=\"wp-block-heading has-white-color has-text-color has-link-color wp-elements-94cb5731310adbc0bec477e23a9b08da\">Femmes autistes au Costa Rica<\/h6>\n\n<p>Il y a une phrase dans le mouvement des personnes handicap\u00e9es : \u00ab Rien sur nous sans nous \u00bb. La communaut\u00e9 autiste reprend \u00e0 juste titre cette phrase pour dire : \u00ab Oui, il faut parler de l&rsquo;autisme. Mais prenons aussi en compte les personnes autistes \u00bb. Maintenant que vous mentionnez les conf\u00e9rences, il est curieux de constater que [lorsqu&rsquo;] elles portent sur l&rsquo;autisme, elles invitent des sp\u00e9cialistes, tout le monde, sauf les personnes autistes. <\/p>\n\n<p>J&rsquo;ai donn\u00e9 deux conf\u00e9rences et j&rsquo;ai constat\u00e9 que j&rsquo;\u00e9tais la premi\u00e8re personne \u00e0 venir dans ces organisations pour leur parler de mon autisme. Et ce qui se passe, c&rsquo;est que les autres personnes qui donnent habituellement des conf\u00e9rences invalident souvent les exp\u00e9riences des personnes [autistes], en particulier lorsqu&rsquo;il s&rsquo;agit de femmes. En raison de cette connotation selon laquelle les femmes sont simplement introverties et timides, alors que la v\u00e9ritable personne autiste est l&rsquo;homme qui ne parle pas et qui se balance. <\/p>\n\n<p>Donc, oui, les conf\u00e9rences ont \u00e9t\u00e9 tr\u00e8s agr\u00e9ables et ont permis de parler aux gens et de leur montrer d&rsquo;autres perspectives, mais il y a aussi beaucoup d&rsquo;obstacles qui subsistent. Tant pour la croyance en une vision erron\u00e9e de l&rsquo;autisme que pour l&rsquo;in\u00e9galit\u00e9 des sexes \u00e0 l&rsquo;\u00e9gard des femmes.<\/p>\n\n<h3 class=\"wp-block-heading\">Ces conf\u00e9rences ont-ils \u00e9t\u00e9 organis\u00e9es par vous seule ou avec d&rsquo;autres, et pensez-vous qu&rsquo;il y en aura d&rsquo;autres conf\u00e9rences ?<\/h3>\n\n<p>Pour l&rsquo;instant, j&rsquo;ai donn\u00e9 deux conf\u00e9rences et il est vrai que cela s&rsquo;est fait sur une base individuelle, mais globalement, il y a beaucoup de gens qui font de l&rsquo;activisme dans les r\u00e9seaux sociaux. Il y a m\u00eame des livres qui ont \u00e9t\u00e9 \u00e9crits sur leurs exp\u00e9riences et \u00e0 partir de ces livres, ils font aussi plus d&rsquo;activisme. C&rsquo;est curieux parce que la plupart des personnes qui font de l&rsquo;activisme dans les m\u00e9dias sociaux sont des femmes.  <\/p>\n\n<p>Par exemple, nous pouvons citer Alita au Mexique. Sara Codina en Espagne. Il y a aussi un blog appel\u00e9 <em>Autiblog<\/em> qui est tenu par une femme autiste. Il y a m\u00eame trois autres pages qui sont \u00e9galement g\u00e9r\u00e9es par des femmes qui, pr\u00e9cis\u00e9ment, sont charg\u00e9es de mettre fin \u00e0 ce st\u00e9r\u00e9otype selon lequel \u00ab\u00a0nous ne pouvons pas \u00eatre autistes\u00a0\u00bb. Eh bien, si, nous le sommes. Parce que ce n&rsquo;est pas quelque chose que nous d\u00e9cidons d&rsquo;\u00eatre, mais quelque chose avec lequel nous sommes n\u00e9es. Il existe deux livres, l&rsquo;un \u00e9crit par Alita, l&rsquo;autre par Sara, qui refl\u00e8tent l&rsquo;exp\u00e9rience d&rsquo;avoir v\u00e9cu 30 \u00e0 40 ans sans savoir que l&rsquo;on \u00e9tait autiste, parce que l&rsquo;on \u00e9tait une femme et que, par cons\u00e9quent, les m\u00e9decins minimisaient le probl\u00e8me.<\/p>\n\n<p>Il est \u00e9vident que je suis pr\u00eate \u00e0 faire plus de conf\u00e9rences. En fait, il m&rsquo;est arriv\u00e9 de poster dans mes r\u00e9seaux sociaux des informations sur l&rsquo;autisme et, \u00e0 la suite de cela, il y a d\u00e9j\u00e0 deux femmes qui se sont senties tr\u00e8s identifi\u00e9es et qui ont commenc\u00e9 \u00e0 poser des questions plus approfondies. Elles sont maintenant \u00e0 la recherche d&rsquo;un diagnostic. C&rsquo;est justement parce qu&rsquo;avant, il y avait beaucoup d&rsquo;ignorance sur l&rsquo;autisme, surtout en ce qui concerne les femmes.<\/p>\n\n<h3 class=\"wp-block-heading\">Au Costa Rica, y a-t-il encore un manque d&rsquo;\u00e9lan sur cette question ?<\/h3>\n\n<p>Au Costa Rica, il existe un groupe appel\u00e9 <a href=\"https:\/\/www.facebook.com\/adultosautistascr\/\">Adultos Autistas de Costa Rica<\/a>. Le groupe est pr\u00eat \u00e0 donner des conf\u00e9rences, mais pour l&rsquo;instant, il se concentre davantage sur un groupe de soutien \u00e0 la socialisation pour toutes les personnes isol\u00e9es et autistes. C&rsquo;est un point de rencontre : nous sommes tous ici, nous sommes tous autistes, ces choses nous arrivent, nous avons ces traits. C&rsquo;est une sorte d&rsquo;identification. <\/p>\n\n<p>Le groupe d&rsquo;adultes autistes a \u00e9galement \u00e9t\u00e9 actif sur les m\u00e9dias sociaux pour promouvoir le paradigme de la neurodiversit\u00e9. Mais ce qui s&rsquo;est pass\u00e9, c&rsquo;est que cela n&rsquo;a pas \u00e9t\u00e9 tr\u00e8s bien re\u00e7u. Nous sommes souvent \u00e9tiquet\u00e9s comme de jeunes rebelles qui veulent simplement aller \u00e0 contre-courant [et] nous devons nous en tenir \u00e0 la vieille th\u00e9orie. <\/p>\n\n<p>Alors oui, ici au Costa Rica, la question du paradigme de la neurodiversit\u00e9 en est encore \u00e0 ses d\u00e9buts et il y a beaucoup de r\u00e9sistance \u00e0 ce changement, mais c&rsquo;est un changement n\u00e9cessaire. En effet, la mani\u00e8re dont l&rsquo;autisme est trait\u00e9 aujourd&rsquo;hui est pr\u00e9judiciable \u00e0 toutes les personnes qui se trouvent sur le spectre et qui veulent \u00eatre trait\u00e9es avec dignit\u00e9, que notre autonomie soit respect\u00e9e et que nous soyons des personnes ayant simplement des caract\u00e9ristiques diff\u00e9rentes, ce qui ne signifie pas que nous devions \u00eatre infantilis\u00e9s. <\/p>\n\n<h3 class=\"wp-block-heading\">Nous sommes tr\u00e8s frapp\u00e9es par ce que vous dites \u00e0 propos de l&rsquo;infantilisation des personnes autistes. Comment pensez-vous que cela se produit ou qu&rsquo;est-ce que cela affecte au niveau de l&rsquo;\u00e9ducation, \u00e9galement en termes d&rsquo;obtention d&rsquo;un diagnostic par un professionnel ? Pensez-vous que cette infantilisation se produit souvent chez les femmes ? Comme le fait que le traitement est diff\u00e9rent. <\/h3>\n\n<p>Oui, parce que souvent les gens n&rsquo;ont pas d&rsquo;informations correctes sur l&rsquo;autisme. La Caja leur donne un diagnostic pour leur fille ou leur fils et, comme il y a beaucoup de d\u00e9sinformation, ce qui se passe, c&rsquo;est que la famille pense que c&rsquo;est le pire. C&rsquo;est comme si on leur annon\u00e7ait un diagnostic de cancer en phase terminale, que tout va aller mal. <\/p>\n\n<p>Dans cette perspective, ils commencent \u00e0 \u00e9lever leurs enfants de mani\u00e8re \u00e0 ce qu&rsquo;ils ne puissent pas \u00eatre ind\u00e9pendants. Ils les placent donc, par exemple, dans un \u00e9tablissement d&rsquo;enseignement sp\u00e9cialis\u00e9. Et ce qui se passe, c&rsquo;est que [avec] l&rsquo;\u00e9ducation sp\u00e9ciale, demain, s&rsquo;ils veulent opter pour une carri\u00e8re technique ou universitaire, ils ne peuvent pas le faire parce que les universit\u00e9s n&rsquo;acceptent pas les dipl\u00f4mes issus de l&rsquo;\u00e9ducation sp\u00e9ciale ; alors que l&rsquo;autisme n&rsquo;est qu&rsquo;un handicap psychosocial et dynamique. Il ne s&rsquo;agit pas d&rsquo;un handicap cognitif. Par cons\u00e9quent, les personnes autistes seraient en mesure d&rsquo;acc\u00e9der aux universit\u00e9s ou de prendre des d\u00e9cisions concernant leur vie. <\/p>\n\n<p>De nombreuses familles se contentent de dire \u00ab Non, il ou elle ne peut pas, alors je vais prendre le relais \u00bb. C&rsquo;est comme une forme de parentage, car le manque de connaissances emp\u00eache les personnes autistes de mener une vie ind\u00e9pendante. Mais oui, c&rsquo;est possible, c&rsquo;est un mythe de dire que ce n&rsquo;est pas possible. <\/p>\n\n<h6 class=\"wp-block-heading has-white-color has-text-color has-link-color wp-elements-94cb5731310adbc0bec477e23a9b08da\">Femmes autistes au Costa Rica<\/h6>\n<div class=\"wp-block-image\">\n<figure class=\"alignright size-full is-resized\"><img loading=\"lazy\" decoding=\"async\" width=\"350\" height=\"600\" src=\"https:\/\/www.sensorialsunsets.com\/wp-content\/uploads\/2024\/03\/Mujeres-autistas-en-Costa-Rica-Sensorial-Sunsets-1.png\" alt=\"Nous nous sommes entretenus avec Fernanda Quir&#xF3;s sur les d&#xE9;fis auxquels est confront&#xE9;e la communaut&#xE9; des femmes autistes au Costa Rica et dans le monde.\" class=\"wp-image-15429\" style=\"width:294px;height:auto\" srcset=\"https:\/\/www.sensorialsunsets.com\/wp-content\/uploads\/2024\/03\/Mujeres-autistas-en-Costa-Rica-Sensorial-Sunsets-1.png 350w, https:\/\/www.sensorialsunsets.com\/wp-content\/uploads\/2024\/03\/Mujeres-autistas-en-Costa-Rica-Sensorial-Sunsets-1-175x300.png 175w\" sizes=\"auto, (max-width: 350px) 100vw, 350px\" \/><figcaption class=\"wp-element-caption\">Auteur : <a href=\"https:\/\/www.hollisbrownthornton.com\/pigment-transfer\">Hollis Brown Thornton<\/a><\/figcaption><\/figure>\n<\/div>\n<p>Aux \u00c9tats-Unis, il existe une organisation appel\u00e9e <em>Autism Speaks<\/em>. Cette organisation finance des recherches sur la mani\u00e8re d&rsquo;eug\u00e9niser ou de \u00ab r\u00e9parer \u00bb le cerveau des personnes autistes. Ce qui est terrible. Cette m\u00eame organisation a pris sur elle de reproduire ces discours sur l&rsquo;autisme en tant que maladie, m\u00eame si le mot maladie n&rsquo;appara\u00eet pas litt\u00e9ralement. <\/p>\n\n<p>Ensuite, il y a m\u00eame des publicit\u00e9s terrifiantes o\u00f9 l&rsquo;on dit \u00ab L&rsquo;autisme a vol\u00e9 mon fils \u00bb et o\u00f9 quelqu&rsquo;un appara\u00eet en train de pleurer et le fils [&#8230;] isol\u00e9 et incapable de faire quoi que ce soit pour sa vie. Et ce qui est horrible, c&rsquo;est qu&rsquo;il existe une m\u00e9thode d&rsquo;analyse comportementale qui est charg\u00e9e d&rsquo;\u00e9liminer l&rsquo;autisme des personnes. Ils leur donnent des \u00e9lectrochocs, ils travaillent avec des th\u00e9rapies de r\u00e9compense et de punition. Si la personne autiste est <em>stiming<\/em>, ils la punissent, cela peut \u00eatre avec des \u00e9lectrochocs. S&rsquo;il cesse de le faire le lendemain, ils lui donnent une r\u00e9compense, ils le laissent utiliser son jouet pr\u00e9f\u00e9r\u00e9. <\/p>\n\n<p>Il existe \u00e9galement une th\u00e9rapie appel\u00e9e <em>calm hands therapy<\/em>. Certaines personnes autistes ont tendance \u00e0 avoir des <em>stimulations<\/em> avec leurs mains. La th\u00e9rapie des mains calmes a pour but d&rsquo;enlever cela \u00e0 la personne parce que c&rsquo;est mauvais et qu&rsquo;\u00e0 l&rsquo;\u00e9cole, ils restent immobiles et n&rsquo;ont pas de comportement inappropri\u00e9.<\/p>\n\n<h6 class=\"wp-block-heading has-white-color has-text-color has-link-color wp-elements-94cb5731310adbc0bec477e23a9b08da\">Femmes autistes au Costa Rica<\/h6>\n\n<p>Les autistes ont tendance \u00e0 avoir des int\u00e9r\u00eats particuliers et ces int\u00e9r\u00eats particuliers sont tr\u00e8s profonds, tr\u00e8s intenses et nous les exprimons toujours. Par exemple, je m&rsquo;int\u00e9resse \u00e0 Harry Potter, alors je peux porter des v\u00eatements de Harry Potter. Il en va de m\u00eame pour d&rsquo;autres personnes. Quelqu&rsquo;un peut aimer ou avoir un int\u00e9r\u00eat particulier pour <em>Kuromi<\/em> ou un personnage anim\u00e9 et porter une robe de ce personnage anim\u00e9 ou se peindre les cheveux en couleurs. Ces actions, qui sont tr\u00e8s bonnes pour nous, qui nous rendent heureux et que nous sommes fiers d&rsquo;exprimer, sont souvent consid\u00e9r\u00e9es par la soci\u00e9t\u00e9 comme infantiles. Elle en d\u00e9duit que nous sommes des enfants et que, par cons\u00e9quent, nous ne pouvons pas prendre de d\u00e9cisions ou \u00eatre une personne rationnelle. <\/p>\n\n<p>Cela pourrait \u00eatre une autre fa\u00e7on d&rsquo;infantiliser. Ce qui n&rsquo;a aucun sens car il n&rsquo;y a rien de mal \u00e0 exprimer ses go\u00fbts, tant que cela ne nuit pas \u00e0 autrui. Nous sommes aussi tout \u00e0 fait capables de raisonner, de prendre des d\u00e9cisions, d&rsquo;avoir une vie ind\u00e9pendante, etc. <\/p>\n\n<p><strong>Sensorial Sunsets en collaboration avec Fernanda Quir\u00f3s, professeure de philosophie \u00e0 l&rsquo;Universit\u00e9 du Costa Rica et \u00e0 l&rsquo;Universidad Estatal a Distancia.<\/strong><\/p>\n","protected":false},"excerpt":{"rendered":"<p>Nous nous sommes entretenus avec Fernanda Quir\u00f3s sur les d\u00e9fis auxquels est confront\u00e9e la communaut\u00e9 des femmes autistes au Costa Rica et dans le monde. Fernanda Quir\u00f3s, professeure de philosophie \u00e0 l&rsquo;Universit\u00e9 du Costa Rica (UCR) et \u00e0 l&rsquo;Universidad Estatal a Distancia (UNED), activiste et femme autiste diagnostiqu\u00e9e tardivement, nous a parl\u00e9 des d\u00e9fis auxquels [&hellip;]<\/p>\n","protected":false},"author":4,"featured_media":15385,"comment_status":"closed","ping_status":"closed","sticky":false,"template":"","format":"standard","meta":{"_acf_changed":false,"inline_featured_image":false,"_monsterinsights_skip_tracking":false,"_monsterinsights_sitenote_active":false,"_monsterinsights_sitenote_note":"","_monsterinsights_sitenote_category":0,"footnotes":""},"categories":[124],"tags":[],"class_list":["post-15452","post","type-post","status-publish","format-standard","has-post-thumbnail","hentry","category-sante"],"acf":[],"yoast_head":"<!-- This site is optimized with the Yoast SEO plugin v27.4 - https:\/\/yoast.com\/product\/yoast-seo-wordpress\/ -->\n<title>Les femmes autistes, une population oubli\u00e9e - SensorialSunsets<\/title>\n<meta name=\"description\" content=\"Nous nous sommes entretenus avec Fernanda Quir\u00f3s sur les d\u00e9fis auxquels est confront\u00e9e la communaut\u00e9 des femmes autistes au Costa Rica et dans le monde.\" \/>\n<meta name=\"robots\" content=\"index, follow, max-snippet:-1, max-image-preview:large, max-video-preview:-1\" \/>\n<link rel=\"canonical\" href=\"https:\/\/www.sensorialsunsets.com\/fr\/les-femmes-autistes-une-population-oubliee\/\" \/>\n<meta property=\"og:locale\" content=\"fr_FR\" \/>\n<meta property=\"og:type\" content=\"article\" \/>\n<meta property=\"og:title\" content=\"Les femmes autistes, une population oubli\u00e9e - SensorialSunsets\" \/>\n<meta property=\"og:description\" content=\"Nous nous sommes entretenus avec Fernanda Quir\u00f3s sur les d\u00e9fis auxquels est confront\u00e9e la communaut\u00e9 des femmes autistes au Costa Rica et dans le monde.\" \/>\n<meta property=\"og:url\" content=\"https:\/\/www.sensorialsunsets.com\/fr\/les-femmes-autistes-une-population-oubliee\/\" \/>\n<meta property=\"og:site_name\" content=\"SensorialSunsets\" \/>\n<meta property=\"article:publisher\" content=\"https:\/\/www.facebook.com\/Sensorial-Sunsets-109180614715562\" \/>\n<meta property=\"article:published_time\" content=\"2024-03-19T15:46:20+00:00\" \/>\n<meta property=\"article:modified_time\" content=\"2024-03-20T14:09:28+00:00\" \/>\n<meta property=\"og:image\" content=\"https:\/\/www.sensorialsunsets.com\/wp-content\/uploads\/2024\/03\/Mujeres-autistas-en-Costa-Rica-Sensorial-Sunsets.png\" \/>\n\t<meta property=\"og:image:width\" content=\"840\" \/>\n\t<meta property=\"og:image:height\" content=\"350\" \/>\n\t<meta property=\"og:image:type\" content=\"image\/png\" \/>\n<meta name=\"author\" content=\"Sensorial Sunsets\" \/>\n<meta name=\"twitter:card\" content=\"summary_large_image\" \/>\n<meta name=\"twitter:label1\" content=\"\u00c9crit par\" \/>\n\t<meta name=\"twitter:data1\" content=\"Sensorial Sunsets\" \/>\n\t<meta name=\"twitter:label2\" content=\"Dur\u00e9e de lecture estim\u00e9e\" \/>\n\t<meta name=\"twitter:data2\" content=\"17 minutes\" \/>\n<script type=\"application\/ld+json\" class=\"yoast-schema-graph\">{\"@context\":\"https:\\\/\\\/schema.org\",\"@graph\":[{\"@type\":\"Article\",\"@id\":\"https:\\\/\\\/www.sensorialsunsets.com\\\/fr\\\/les-femmes-autistes-une-population-oubliee\\\/#article\",\"isPartOf\":{\"@id\":\"https:\\\/\\\/www.sensorialsunsets.com\\\/fr\\\/les-femmes-autistes-une-population-oubliee\\\/\"},\"author\":{\"name\":\"Sensorial Sunsets\",\"@id\":\"https:\\\/\\\/www.sensorialsunsets.com\\\/fr\\\/#\\\/schema\\\/person\\\/77e2fa594135aa94024c47e281d8a94d\"},\"headline\":\"Les femmes autistes, une population oubli\u00e9e\",\"datePublished\":\"2024-03-19T15:46:20+00:00\",\"dateModified\":\"2024-03-20T14:09:28+00:00\",\"mainEntityOfPage\":{\"@id\":\"https:\\\/\\\/www.sensorialsunsets.com\\\/fr\\\/les-femmes-autistes-une-population-oubliee\\\/\"},\"wordCount\":3708,\"publisher\":{\"@id\":\"https:\\\/\\\/www.sensorialsunsets.com\\\/fr\\\/#organization\"},\"image\":{\"@id\":\"https:\\\/\\\/www.sensorialsunsets.com\\\/fr\\\/les-femmes-autistes-une-population-oubliee\\\/#primaryimage\"},\"thumbnailUrl\":\"https:\\\/\\\/www.sensorialsunsets.com\\\/wp-content\\\/uploads\\\/2024\\\/03\\\/Mujeres-autistas-en-Costa-Rica-Sensorial-Sunsets.png\",\"articleSection\":[\"Sant\u00e9\"],\"inLanguage\":\"fr-FR\"},{\"@type\":\"WebPage\",\"@id\":\"https:\\\/\\\/www.sensorialsunsets.com\\\/fr\\\/les-femmes-autistes-une-population-oubliee\\\/\",\"url\":\"https:\\\/\\\/www.sensorialsunsets.com\\\/fr\\\/les-femmes-autistes-une-population-oubliee\\\/\",\"name\":\"Les femmes autistes, une population oubli\u00e9e - SensorialSunsets\",\"isPartOf\":{\"@id\":\"https:\\\/\\\/www.sensorialsunsets.com\\\/fr\\\/#website\"},\"primaryImageOfPage\":{\"@id\":\"https:\\\/\\\/www.sensorialsunsets.com\\\/fr\\\/les-femmes-autistes-une-population-oubliee\\\/#primaryimage\"},\"image\":{\"@id\":\"https:\\\/\\\/www.sensorialsunsets.com\\\/fr\\\/les-femmes-autistes-une-population-oubliee\\\/#primaryimage\"},\"thumbnailUrl\":\"https:\\\/\\\/www.sensorialsunsets.com\\\/wp-content\\\/uploads\\\/2024\\\/03\\\/Mujeres-autistas-en-Costa-Rica-Sensorial-Sunsets.png\",\"datePublished\":\"2024-03-19T15:46:20+00:00\",\"dateModified\":\"2024-03-20T14:09:28+00:00\",\"description\":\"Nous nous sommes entretenus avec Fernanda Quir\u00f3s sur les d\u00e9fis auxquels est confront\u00e9e la communaut\u00e9 des femmes autistes au Costa Rica et dans le monde.\",\"inLanguage\":\"fr-FR\",\"potentialAction\":[{\"@type\":\"ReadAction\",\"target\":[\"https:\\\/\\\/www.sensorialsunsets.com\\\/fr\\\/les-femmes-autistes-une-population-oubliee\\\/\"]}]},{\"@type\":\"ImageObject\",\"inLanguage\":\"fr-FR\",\"@id\":\"https:\\\/\\\/www.sensorialsunsets.com\\\/fr\\\/les-femmes-autistes-une-population-oubliee\\\/#primaryimage\",\"url\":\"https:\\\/\\\/www.sensorialsunsets.com\\\/wp-content\\\/uploads\\\/2024\\\/03\\\/Mujeres-autistas-en-Costa-Rica-Sensorial-Sunsets.png\",\"contentUrl\":\"https:\\\/\\\/www.sensorialsunsets.com\\\/wp-content\\\/uploads\\\/2024\\\/03\\\/Mujeres-autistas-en-Costa-Rica-Sensorial-Sunsets.png\",\"width\":840,\"height\":350,\"caption\":\"Conversamos con Fernanda Quir\u00f3s sobre los desaf\u00edos que enfrenta la comunidad de mujeres autistas en Costa Rica y en el mundo.\"},{\"@type\":\"WebSite\",\"@id\":\"https:\\\/\\\/www.sensorialsunsets.com\\\/fr\\\/#website\",\"url\":\"https:\\\/\\\/www.sensorialsunsets.com\\\/fr\\\/\",\"name\":\"SensorialSunsets.com\",\"description\":\"D\u00e9couvrez la culture et la soci\u00e9t\u00e9 du Costa Rica sur notre blog. Explorez des articles captivants et partagez le contenu.\",\"publisher\":{\"@id\":\"https:\\\/\\\/www.sensorialsunsets.com\\\/fr\\\/#organization\"},\"alternateName\":\"Costa Rica Live Blog\",\"potentialAction\":[{\"@type\":\"SearchAction\",\"target\":{\"@type\":\"EntryPoint\",\"urlTemplate\":\"https:\\\/\\\/www.sensorialsunsets.com\\\/fr\\\/?s={search_term_string}\"},\"query-input\":{\"@type\":\"PropertyValueSpecification\",\"valueRequired\":true,\"valueName\":\"search_term_string\"}}],\"inLanguage\":\"fr-FR\"},{\"@type\":\"Organization\",\"@id\":\"https:\\\/\\\/www.sensorialsunsets.com\\\/fr\\\/#organization\",\"name\":\"SensorialSunsets\",\"url\":\"https:\\\/\\\/www.sensorialsunsets.com\\\/fr\\\/\",\"logo\":{\"@type\":\"ImageObject\",\"inLanguage\":\"fr-FR\",\"@id\":\"https:\\\/\\\/www.sensorialsunsets.com\\\/fr\\\/#\\\/schema\\\/logo\\\/image\\\/\",\"url\":\"https:\\\/\\\/www.sensorialsunsets.com\\\/wp-content\\\/uploads\\\/2023\\\/04\\\/Logo_base_line_fond_clair.svg\",\"contentUrl\":\"https:\\\/\\\/www.sensorialsunsets.com\\\/wp-content\\\/uploads\\\/2023\\\/04\\\/Logo_base_line_fond_clair.svg\",\"width\":\"1024\",\"height\":\"1024\",\"caption\":\"SensorialSunsets\"},\"image\":{\"@id\":\"https:\\\/\\\/www.sensorialsunsets.com\\\/fr\\\/#\\\/schema\\\/logo\\\/image\\\/\"},\"sameAs\":[\"https:\\\/\\\/www.facebook.com\\\/Sensorial-Sunsets-109180614715562\",\"https:\\\/\\\/www.instagram.com\\\/sensorialsunsets\\\/\"]},{\"@type\":\"Person\",\"@id\":\"https:\\\/\\\/www.sensorialsunsets.com\\\/fr\\\/#\\\/schema\\\/person\\\/77e2fa594135aa94024c47e281d8a94d\",\"name\":\"Sensorial Sunsets\",\"image\":{\"@type\":\"ImageObject\",\"inLanguage\":\"fr-FR\",\"@id\":\"https:\\\/\\\/secure.gravatar.com\\\/avatar\\\/5f2d62681b1dad94c28f1500d4fc75582acdfd32b55fd1acce0a36a3c487eabe?s=96&d=mm&r=g\",\"url\":\"https:\\\/\\\/secure.gravatar.com\\\/avatar\\\/5f2d62681b1dad94c28f1500d4fc75582acdfd32b55fd1acce0a36a3c487eabe?s=96&d=mm&r=g\",\"contentUrl\":\"https:\\\/\\\/secure.gravatar.com\\\/avatar\\\/5f2d62681b1dad94c28f1500d4fc75582acdfd32b55fd1acce0a36a3c487eabe?s=96&d=mm&r=g\",\"caption\":\"Sensorial Sunsets\"},\"url\":\"https:\\\/\\\/www.sensorialsunsets.com\\\/fr\\\/author\\\/asistentes-sensorial-sunsets\\\/\"}]}<\/script>\n<!-- \/ Yoast SEO plugin. -->","yoast_head_json":{"title":"Les femmes autistes, une population oubli\u00e9e - SensorialSunsets","description":"Nous nous sommes entretenus avec Fernanda Quir\u00f3s sur les d\u00e9fis auxquels est confront\u00e9e la communaut\u00e9 des femmes autistes au Costa Rica et dans le monde.","robots":{"index":"index","follow":"follow","max-snippet":"max-snippet:-1","max-image-preview":"max-image-preview:large","max-video-preview":"max-video-preview:-1"},"canonical":"https:\/\/www.sensorialsunsets.com\/fr\/les-femmes-autistes-une-population-oubliee\/","og_locale":"fr_FR","og_type":"article","og_title":"Les femmes autistes, une population oubli\u00e9e - SensorialSunsets","og_description":"Nous nous sommes entretenus avec Fernanda Quir\u00f3s sur les d\u00e9fis auxquels est confront\u00e9e la communaut\u00e9 des femmes autistes au Costa Rica et dans le monde.","og_url":"https:\/\/www.sensorialsunsets.com\/fr\/les-femmes-autistes-une-population-oubliee\/","og_site_name":"SensorialSunsets","article_publisher":"https:\/\/www.facebook.com\/Sensorial-Sunsets-109180614715562","article_published_time":"2024-03-19T15:46:20+00:00","article_modified_time":"2024-03-20T14:09:28+00:00","og_image":[{"width":840,"height":350,"url":"https:\/\/www.sensorialsunsets.com\/wp-content\/uploads\/2024\/03\/Mujeres-autistas-en-Costa-Rica-Sensorial-Sunsets.png","type":"image\/png"}],"author":"Sensorial Sunsets","twitter_card":"summary_large_image","twitter_misc":{"\u00c9crit par":"Sensorial Sunsets","Dur\u00e9e de lecture estim\u00e9e":"17 minutes"},"schema":{"@context":"https:\/\/schema.org","@graph":[{"@type":"Article","@id":"https:\/\/www.sensorialsunsets.com\/fr\/les-femmes-autistes-une-population-oubliee\/#article","isPartOf":{"@id":"https:\/\/www.sensorialsunsets.com\/fr\/les-femmes-autistes-une-population-oubliee\/"},"author":{"name":"Sensorial Sunsets","@id":"https:\/\/www.sensorialsunsets.com\/fr\/#\/schema\/person\/77e2fa594135aa94024c47e281d8a94d"},"headline":"Les femmes autistes, une population oubli\u00e9e","datePublished":"2024-03-19T15:46:20+00:00","dateModified":"2024-03-20T14:09:28+00:00","mainEntityOfPage":{"@id":"https:\/\/www.sensorialsunsets.com\/fr\/les-femmes-autistes-une-population-oubliee\/"},"wordCount":3708,"publisher":{"@id":"https:\/\/www.sensorialsunsets.com\/fr\/#organization"},"image":{"@id":"https:\/\/www.sensorialsunsets.com\/fr\/les-femmes-autistes-une-population-oubliee\/#primaryimage"},"thumbnailUrl":"https:\/\/www.sensorialsunsets.com\/wp-content\/uploads\/2024\/03\/Mujeres-autistas-en-Costa-Rica-Sensorial-Sunsets.png","articleSection":["Sant\u00e9"],"inLanguage":"fr-FR"},{"@type":"WebPage","@id":"https:\/\/www.sensorialsunsets.com\/fr\/les-femmes-autistes-une-population-oubliee\/","url":"https:\/\/www.sensorialsunsets.com\/fr\/les-femmes-autistes-une-population-oubliee\/","name":"Les femmes autistes, une population oubli\u00e9e - SensorialSunsets","isPartOf":{"@id":"https:\/\/www.sensorialsunsets.com\/fr\/#website"},"primaryImageOfPage":{"@id":"https:\/\/www.sensorialsunsets.com\/fr\/les-femmes-autistes-une-population-oubliee\/#primaryimage"},"image":{"@id":"https:\/\/www.sensorialsunsets.com\/fr\/les-femmes-autistes-une-population-oubliee\/#primaryimage"},"thumbnailUrl":"https:\/\/www.sensorialsunsets.com\/wp-content\/uploads\/2024\/03\/Mujeres-autistas-en-Costa-Rica-Sensorial-Sunsets.png","datePublished":"2024-03-19T15:46:20+00:00","dateModified":"2024-03-20T14:09:28+00:00","description":"Nous nous sommes entretenus avec Fernanda Quir\u00f3s sur les d\u00e9fis auxquels est confront\u00e9e la communaut\u00e9 des femmes autistes au Costa Rica et dans le monde.","inLanguage":"fr-FR","potentialAction":[{"@type":"ReadAction","target":["https:\/\/www.sensorialsunsets.com\/fr\/les-femmes-autistes-une-population-oubliee\/"]}]},{"@type":"ImageObject","inLanguage":"fr-FR","@id":"https:\/\/www.sensorialsunsets.com\/fr\/les-femmes-autistes-une-population-oubliee\/#primaryimage","url":"https:\/\/www.sensorialsunsets.com\/wp-content\/uploads\/2024\/03\/Mujeres-autistas-en-Costa-Rica-Sensorial-Sunsets.png","contentUrl":"https:\/\/www.sensorialsunsets.com\/wp-content\/uploads\/2024\/03\/Mujeres-autistas-en-Costa-Rica-Sensorial-Sunsets.png","width":840,"height":350,"caption":"Conversamos con Fernanda Quir\u00f3s sobre los desaf\u00edos que enfrenta la comunidad de mujeres autistas en Costa Rica y en el mundo."},{"@type":"WebSite","@id":"https:\/\/www.sensorialsunsets.com\/fr\/#website","url":"https:\/\/www.sensorialsunsets.com\/fr\/","name":"SensorialSunsets.com","description":"D\u00e9couvrez la culture et la soci\u00e9t\u00e9 du Costa Rica sur notre blog. Explorez des articles captivants et partagez le contenu.","publisher":{"@id":"https:\/\/www.sensorialsunsets.com\/fr\/#organization"},"alternateName":"Costa Rica Live Blog","potentialAction":[{"@type":"SearchAction","target":{"@type":"EntryPoint","urlTemplate":"https:\/\/www.sensorialsunsets.com\/fr\/?s={search_term_string}"},"query-input":{"@type":"PropertyValueSpecification","valueRequired":true,"valueName":"search_term_string"}}],"inLanguage":"fr-FR"},{"@type":"Organization","@id":"https:\/\/www.sensorialsunsets.com\/fr\/#organization","name":"SensorialSunsets","url":"https:\/\/www.sensorialsunsets.com\/fr\/","logo":{"@type":"ImageObject","inLanguage":"fr-FR","@id":"https:\/\/www.sensorialsunsets.com\/fr\/#\/schema\/logo\/image\/","url":"https:\/\/www.sensorialsunsets.com\/wp-content\/uploads\/2023\/04\/Logo_base_line_fond_clair.svg","contentUrl":"https:\/\/www.sensorialsunsets.com\/wp-content\/uploads\/2023\/04\/Logo_base_line_fond_clair.svg","width":"1024","height":"1024","caption":"SensorialSunsets"},"image":{"@id":"https:\/\/www.sensorialsunsets.com\/fr\/#\/schema\/logo\/image\/"},"sameAs":["https:\/\/www.facebook.com\/Sensorial-Sunsets-109180614715562","https:\/\/www.instagram.com\/sensorialsunsets\/"]},{"@type":"Person","@id":"https:\/\/www.sensorialsunsets.com\/fr\/#\/schema\/person\/77e2fa594135aa94024c47e281d8a94d","name":"Sensorial Sunsets","image":{"@type":"ImageObject","inLanguage":"fr-FR","@id":"https:\/\/secure.gravatar.com\/avatar\/5f2d62681b1dad94c28f1500d4fc75582acdfd32b55fd1acce0a36a3c487eabe?s=96&d=mm&r=g","url":"https:\/\/secure.gravatar.com\/avatar\/5f2d62681b1dad94c28f1500d4fc75582acdfd32b55fd1acce0a36a3c487eabe?s=96&d=mm&r=g","contentUrl":"https:\/\/secure.gravatar.com\/avatar\/5f2d62681b1dad94c28f1500d4fc75582acdfd32b55fd1acce0a36a3c487eabe?s=96&d=mm&r=g","caption":"Sensorial Sunsets"},"url":"https:\/\/www.sensorialsunsets.com\/fr\/author\/asistentes-sensorial-sunsets\/"}]}},"_links":{"self":[{"href":"https:\/\/www.sensorialsunsets.com\/fr\/wp-json\/wp\/v2\/posts\/15452","targetHints":{"allow":["GET"]}}],"collection":[{"href":"https:\/\/www.sensorialsunsets.com\/fr\/wp-json\/wp\/v2\/posts"}],"about":[{"href":"https:\/\/www.sensorialsunsets.com\/fr\/wp-json\/wp\/v2\/types\/post"}],"author":[{"embeddable":true,"href":"https:\/\/www.sensorialsunsets.com\/fr\/wp-json\/wp\/v2\/users\/4"}],"replies":[{"embeddable":true,"href":"https:\/\/www.sensorialsunsets.com\/fr\/wp-json\/wp\/v2\/comments?post=15452"}],"version-history":[{"count":0,"href":"https:\/\/www.sensorialsunsets.com\/fr\/wp-json\/wp\/v2\/posts\/15452\/revisions"}],"wp:featuredmedia":[{"embeddable":true,"href":"https:\/\/www.sensorialsunsets.com\/fr\/wp-json\/wp\/v2\/media\/15385"}],"wp:attachment":[{"href":"https:\/\/www.sensorialsunsets.com\/fr\/wp-json\/wp\/v2\/media?parent=15452"}],"wp:term":[{"taxonomy":"category","embeddable":true,"href":"https:\/\/www.sensorialsunsets.com\/fr\/wp-json\/wp\/v2\/categories?post=15452"},{"taxonomy":"post_tag","embeddable":true,"href":"https:\/\/www.sensorialsunsets.com\/fr\/wp-json\/wp\/v2\/tags?post=15452"}],"curies":[{"name":"wp","href":"https:\/\/api.w.org\/{rel}","templated":true}]}}