{"id":15793,"date":"2024-04-02T15:57:15","date_gmt":"2024-04-02T21:57:15","guid":{"rendered":"https:\/\/www.sensorialsunsets.com\/?p=15793"},"modified":"2024-04-02T15:57:16","modified_gmt":"2024-04-02T21:57:16","slug":"le-livre-pour-enfants-comme-vehicule-de-croissance-personnelle","status":"publish","type":"post","link":"https:\/\/www.sensorialsunsets.com\/fr\/le-livre-pour-enfants-comme-vehicule-de-croissance-personnelle\/","title":{"rendered":"Le livre pour enfants comme v\u00e9hicule de croissance personnelle"},"content":{"rendered":"\n<p><em>La Journ\u00e9e internationale du livre pour enfants est c\u00e9l\u00e9br\u00e9e tous les 2 avril. Nous nous sommes entretenus avec l&rsquo;\u00e9crivain Alexandra Alp\u00edzar Escobar sur l&rsquo;importance de la lecture d\u00e8s le plus jeune \u00e2ge.<\/em><\/p>\n\n\n\n<hr class=\"wp-block-separator has-text-color has-alpha-channel-opacity has-background is-style-dots\" style=\"background-color:#ff6c2f;color:#ff6c2f\"\/>\n\n\n\n<p><\/p>\n\n\n\n<p>Je me souviens de chaque fois que, enfant, j&rsquo;accompagnais mon p\u00e8re \u00e0 la librairie Lehmann. En voyant tous ces livres aux couvertures si attrayantes, aux titres si amusants et m\u00eame aux textures si diff\u00e9rentes, j&rsquo;avais envie de les lire tous.<\/p>\n\n\n\n<p>A l&rsquo;\u00e9poque o\u00f9 mon p\u00e8re arrivait avec un nouveau livre pour moi, je le lisais en une journ\u00e9e et le relisais des milliers de fois.<\/p>\n\n\n\n<p>Je me souviens aussi de l&rsquo;\u00e9poque o\u00f9 l&rsquo;on nous emmenait \u00e0 la biblioth\u00e8que de l&rsquo;\u00e9cole et o\u00f9 nous pouvions choisir n&rsquo;importe quel livre et le louer pour deux semaines.<\/p>\n\n\n\n<p>Tous ces souvenirs d&rsquo;enfance sont tr\u00e8s pr\u00e9cieux pour moi. Ils me font penser \u00e0 l&rsquo;importance de la lecture, des livres et des histoires pour tous les enfants.<\/p>\n\n\n\n<h3 class=\"wp-block-heading\">Journ\u00e9e internationale du livre pour enfants <\/h3>\n\n\n\n<p>Cette journ\u00e9e est n\u00e9e d&rsquo;une initiative de l&rsquo;Office international des livres pour la jeunesse (IBBY). Pourquoi le 2 avril ? C&rsquo;est en raison de la naissance de Hans Christian Andersen, l&rsquo;un des auteurs les plus influents de la litt\u00e9rature pour enfants. Qui ne conna\u00eet pas <em>Le vilain petit canard<\/em>, <em>Thumbelina<\/em>, <em>La petite sir\u00e8ne<\/em> ou <em>Le soldat de plomb<\/em> ?<\/p>\n\n\n\n<p>L&rsquo;objectif de cette date est d&rsquo;\u00e9veiller l&rsquo;int\u00e9r\u00eat des enfants et des jeunes pour les livres et la lecture, car la litt\u00e9rature contribue \u00e0 d\u00e9velopper l&rsquo;imagination, l&#8217;empathie, le langage et la cr\u00e9ativit\u00e9. Il est important de ne pas sauter cette \u00e9tape. Jamais. <\/p>\n\n\n\n<h3 class=\"wp-block-heading\">Litt\u00e9rature pour enfants au Costa Rica<\/h3>\n\n\n\n<p>Pour discuter de la <a href=\"https:\/\/www.sensorialsunsets.com\/fr\/pajaros-de-ciudad-un-exemple-de-la-litterature-costaricienne\/\">litt\u00e9rature enfantine au Costa Rica<\/a>, nous nous sommes entretenus avec Alexandra Alp\u00edzar Escobar. Elle nous a parl\u00e9 de l&rsquo;importance et des d\u00e9fis auxquels sont confront\u00e9s les \u00e9crivains et les enfants dans le pays. <\/p>\n\n\n\n<h5 class=\"wp-block-heading\">Qu&rsquo;est-ce que la c\u00e9l\u00e9bration de la Journ\u00e9e internationale du livre pour enfants signifie pour vous en tant qu&rsquo;auteure costaricienne d&rsquo;histoires pour enfants ?<\/h5>\n\n\n\n<p>Pour moi, il est important que quelque chose d&rsquo;aussi essentiel qu&rsquo;un livre pour enfants ait sa propre journ\u00e9e de c\u00e9l\u00e9bration. Le travail accompli par de nombreux \u00e9crivains pour enfants et adolescents doit \u00eatre reconnu au m\u00eame titre que celui des \u00e9crivains pour adultes. Et je me r\u00e9jouis de l&rsquo;existence de cette date.<\/p>\n\n\n\n<h5 class=\"wp-block-heading\">Comment pensez-vous que la litt\u00e9rature de jeunesse peut influencer positivement la vie des enfants costariciens ?<\/h5>\n\n\n\n<p><\/p>\n\n\n\n<figure class=\"wp-block-image size-full\"><img loading=\"lazy\" decoding=\"async\" width=\"840\" height=\"450\" src=\"https:\/\/www.sensorialsunsets.com\/wp-content\/uploads\/2024\/04\/Dia-Internacional-del-Libro-Infantil-Sensorial-Sunsets-1.png\" alt=\"La Journ\u00e9e internationale du livre pour enfants est c\u00e9l\u00e9br\u00e9e le 2 avril. Nous nous en avons parl\u00e9 avec l'\u00e9crivaine Alexandra Alp\u00edzar Escobar. \" class=\"wp-image-15774\" srcset=\"https:\/\/www.sensorialsunsets.com\/wp-content\/uploads\/2024\/04\/Dia-Internacional-del-Libro-Infantil-Sensorial-Sunsets-1.png 840w, https:\/\/www.sensorialsunsets.com\/wp-content\/uploads\/2024\/04\/Dia-Internacional-del-Libro-Infantil-Sensorial-Sunsets-1-300x161.png 300w, https:\/\/www.sensorialsunsets.com\/wp-content\/uploads\/2024\/04\/Dia-Internacional-del-Libro-Infantil-Sensorial-Sunsets-1-768x411.png 768w\" sizes=\"auto, (max-width: 840px) 100vw, 840px\" \/><\/figure>\n\n\n\n<p><\/p>\n\n\n\n<p>L&rsquo;habitude de lire est une forme saine de divertissement qui stimule positivement le cerveau et la fa\u00e7on de penser d&rsquo;un enfant. Elle favorise \u00e9galement l&rsquo;imagination et l&rsquo;esprit critique. Les lettres et les arts devraient avoir le m\u00eame statut que la science. Ils ne sont pas oppos\u00e9s l&rsquo;un \u00e0 l&rsquo;autre comme l&rsquo;huile et l&rsquo;eau, nous, les humains, avons besoin de ces choses dans notre vie quotidienne. <\/p>\n\n\n\n<p>Offrir un livre adapt\u00e9 \u00e0 l&rsquo;\u00e2ge des enfants et des adolescents est un grand bienfait pour leurs loisirs. Ils auront plus de courage pour chercher et enqu\u00eater sur ce qu&rsquo;ils essaient d&rsquo;apprendre et de d\u00e9velopper. Si l&rsquo;enfant n&rsquo;aime pas cette activit\u00e9, ce n&rsquo;est pas grave, mais la relation avec la lecture sera rest\u00e9e. Peut-\u00eatre qu&rsquo;il n&rsquo;aimera pas la litt\u00e9rature, mais les articles scientifiques. Il n&rsquo;y a que des avantages.<\/p>\n\n\n\n<p>Pour toutes ces raisons, je suis cent pour cent favorable \u00e0 la promotion de la lecture aupr\u00e8s de cette cat\u00e9gorie de la population.<\/p>\n\n\n\n<h5 class=\"wp-block-heading\">Quel est votre livre pour enfants pr\u00e9f\u00e9r\u00e9 et pourquoi pensez-vous qu&rsquo;il est toujours pertinent pour les enfants d&rsquo;aujourd&rsquo;hui ?<\/h5>\n\n\n\n<p>Personnellement, je n&rsquo;ai pas de livre pour enfants pr\u00e9f\u00e9r\u00e9 en tant que tel. Par contre, j&rsquo;aime beaucoup les recueils de contes.<\/p>\n\n\n\n<p>J&rsquo;ai grandi avec les compilations de contes de f\u00e9es europ\u00e9ens rassembl\u00e9s par Jacob et Wilhelm Grimm, qui sont toujours d&rsquo;actualit\u00e9. Je remercie Dieu que mon p\u00e8re, chaque fois qu&rsquo;il le pouvait, nous ait lu ces histoires \u00e0 l&rsquo;heure du coucher, \u00e0 mes s\u0153urs et \u00e0 moi. C&rsquo;est une chose que je recommande de faire dans les foyers avec des enfants, car le souvenir chaleureux est utile pour les relations familiales et la perception de la lecture.<\/p>\n\n\n\n<p>En ce qui concerne plus particuli\u00e8rement ces livres, je pense que leur popularit\u00e9 n&rsquo;est pas seulement due \u00e0 la nostalgie et aux nombreux films r\u00e9alis\u00e9s, mais aussi au fait que ces histoires sont belles et qu&rsquo;elles contiennent des enseignements particuliers qui s&rsquo;\u00e9tendent de l&rsquo;enfance \u00e0 l&rsquo;\u00e2ge adulte. De plus, la magie et le merveilleux sont des \u00e9l\u00e9ments que nous aimons tous plus ou moins. Je n&rsquo;ai pas rencontr\u00e9 d&rsquo;enfant qui n&rsquo;aime pas l&rsquo;id\u00e9e d&rsquo;entendre une histoire o\u00f9 il se passe quelque chose de fantastique. Comme je l&rsquo;ai dit dans la question pr\u00e9c\u00e9dente, l&rsquo;imagination est tr\u00e8s bien nourrie par les livres.<\/p>\n\n\n\n<h5 class=\"wp-block-heading\">Quel message ou quelles valeurs essayez-vous de transmettre \u00e0 travers les histoires pour enfants ?<\/h5>\n\n\n\n<p>Lorsque je raconte l&rsquo;histoire d&rsquo;un autre auteur, j&rsquo;essaie de faire en sorte qu&rsquo;elle mette en avant l&rsquo;importance de l&rsquo;amour, de la famille et du fait de ne pas baisser les bras face aux difficult\u00e9s. L&rsquo;histoire des \u00ab\u00a0Sept Corbeaux\u00a0\u00bb est l&rsquo;une de mes pr\u00e9f\u00e9r\u00e9es pour cette raison, elle a un charme qui me remplit de tendresse.<\/p>\n\n\n\n<p>Dans les cas que j&rsquo;ai moi-m\u00eame invent\u00e9s, j&rsquo;essaie de faire passer un message que j&rsquo;ai rarement vu, comme l&rsquo;amour et la tol\u00e9rance qui peuvent na\u00eetre du fait d&rsquo;avoir un partenaire ou un membre de la famille handicap\u00e9. J&rsquo;aime aussi explorer le fait que m\u00eame si un personnage a un handicap, cela ne signifie pas qu&rsquo;il ne peut pas \u00eatre le protagoniste aventureux d&rsquo;un monde imaginaire et partager un groupe sur un pied d&rsquo;\u00e9galit\u00e9.<\/p>\n\n\n\n<p>L&rsquo;amiti\u00e9 et l&rsquo;amour familial forg\u00e9 sans lien de sang sont \u00e9galement des sujets que j&rsquo;aime inclure dans mes \u00e9crits et que j&rsquo;aimerais voir abord\u00e9s par davantage de personnes. Les enfants devraient savoir que m\u00eame s&rsquo;ils sont bless\u00e9s dans leur famille, cela ne signifie pas qu&rsquo;ils doivent devenir amers et cesser d&rsquo;\u00eatre gentils, ils devraient avoir l&rsquo;id\u00e9e qu&rsquo;il est possible de trouver \u00e0 l&rsquo;ext\u00e9rieur de bonnes personnes qui les aiment et les soutiennent inconditionnellement.<\/p>\n\n\n\n<h5 class=\"wp-block-heading\">Comment d\u00e9cririez-vous le r\u00f4le des illustrateurs dans la cr\u00e9ation de livres pour enfants et quelle a \u00e9t\u00e9 votre exp\u00e9rience de travail avec eux ?<\/h5>\n\n\n\n<p>De mon point de vue, les illustrateurs jouent un r\u00f4le fondamental en attirant l&rsquo;attention des enfants et en les guidant dans leur lecture. Les plus jeunes ont besoin du soutien d&rsquo;une image pour mieux comprendre ce qui se passe dans le r\u00e9cit. Il en va de m\u00eame pour les enfants qui, pour une raison ou une autre, sont distraits et ont besoin d&rsquo;un soutien suppl\u00e9mentaire pour se concentrer.<\/p>\n\n\n\n<p>En ce qui concerne mon exp\u00e9rience : ce fut un d\u00e9fi. Non seulement j&rsquo;ai l&rsquo;habitude de r\u00e9diger des contenus sur des sujets sensibles, mais j&rsquo;ai aussi \u00e9t\u00e9 confront\u00e9e \u00e0 diff\u00e9rents styles de dessin qui, \u00e0 mon avis, ne sont pas tr\u00e8s attrayants pour un enfant. J&rsquo;ai beaucoup appris dans cette science depuis que j&rsquo;ai commenc\u00e9 \u00e0 faire ces illustrations, et j&rsquo;ai vraiment aim\u00e9 cela. J&rsquo;ai demand\u00e9 \u00e0 Dieu de m&rsquo;aider beaucoup dans ce domaine, car pour moi, faire quelque chose pour les enfants est une affaire s\u00e9rieuse et il faut \u00e0 la fois se pr\u00e9parer et les respecter.<\/p>\n\n\n\n<h5 class=\"wp-block-heading\">Quels sont les d\u00e9fis auxquels vous \u00eates confront\u00e9 en tant qu&rsquo;auteur de livres pour enfants au Costa Rica et comment les surmontez-vous ?<\/h5>\n\n\n\n<p>Il est certain qu&rsquo;il y a peu de soutien si l&rsquo;on n&rsquo;est pas d\u00e9j\u00e0 c\u00e9l\u00e8bre, ou si l&rsquo;on n&rsquo;a pas d&rsquo;argent pour payer les frais d&rsquo;\u00e9dition et de copie, c&rsquo;est-\u00e0-dire que l&rsquo;\u00e9dition traditionnelle n&rsquo;est pas tr\u00e8s accessible. Il est difficile de trouver des \u00e9diteurs et des concours ax\u00e9s sur la litt\u00e9rature jeunesse. De plus, comme au cin\u00e9ma, la m\u00e9diocrit\u00e9 est justifi\u00e9e par le fait que \u00ab\u00a0c&rsquo;est pour les enfants et c&rsquo;est pourquoi nous ne devrions pas en demander autant\u00a0\u00bb. Bien s\u00fbr qu&rsquo;il faut en demander \u00ab\u00a0beaucoup\u00a0\u00bb ! Les enfants ne sont pas stupides, ils m\u00e9ritent la qualit\u00e9 et l&rsquo;effort.<\/p>\n\n\n\n<p>Je pense que le Costa Rica manque beaucoup de litt\u00e9rature en g\u00e9n\u00e9ral. Innover dans les th\u00e8mes et les modes d&rsquo;\u00e9criture est quelque chose que beaucoup de personnes haut plac\u00e9es ont du mal \u00e0 accepter. Je dis cela parce que des coll\u00e8gues ont d\u00fb s&rsquo;auto-publier apr\u00e8s de nombreux refus, ou ont d\u00fb payer des copies pour distribuer leurs \u0153uvres. J&rsquo;ai vu des \u00e9crits rejet\u00e9s non pas parce que j&rsquo;\u00e9crivais mal, mais parce que cela devrait peut-\u00eatre ressembler \u00e0 une saga comme celles qui sont \u00e0 la mode plut\u00f4t qu&rsquo;\u00e0 un long livre, ou parce que le sujet \u00e9tait inappropri\u00e9. Que quelqu&rsquo;un me dise si parler de la sant\u00e9 mentale d&rsquo;un protagoniste est inappropri\u00e9 dans un magazine sur la sant\u00e9 mentale, m\u00eame s&rsquo;il y avait des zombies dedans.<\/p>\n\n\n\n<h6 class=\"wp-block-heading has-white-color has-text-color has-link-color wp-elements-22ac00c7c3a8fcce536b8802cad9b452\">Journ\u00e9e internationale du livre pour enfants<\/h6>\n\n\n\n<p>D&rsquo;accord, l&rsquo;histoire des zombies n&rsquo;\u00e9tait pas pour les enfants, mais le th\u00e8me est le m\u00eame. Il y a beaucoup d&rsquo;obstacles. Je ne veux pas \u00e9crire \u00ab\u00a0Los cuentos de mi t\u00eda Panchita\u00a0\u00bb 2.0, mais j&rsquo;ai remarqu\u00e9 que certains distributeurs attendent cela des \u00e9crivains, sans le dire ouvertement, bien s\u00fbr. On parle beaucoup de la n\u00e9cessit\u00e9 pour les enfants de lire davantage, mais on ne les incite gu\u00e8re \u00e0 \u00e9crire pour eux. Je vois davantage de demandes de ce type au niveau du divertissement en direct, comme les spectacles de th\u00e9\u00e2tre et les contes, que de la lecture en tant que telle. D&rsquo;ailleurs, dans ce domaine, je recommande le \u00ab\u00a0Festival Puro Cuento\u00a0\u00bb, un grand projet pour la culture et l&rsquo;art des histoires pour enfants et pour la famille.<\/p>\n\n\n\n<p>J&rsquo;essaie de ne pas me d\u00e9motiver et de rester positive en pensant que ma petite contribution peut faire la diff\u00e9rence. Il s&rsquo;agit de faire preuve de patience et de trouver des moyens de continuer \u00e0 aller de l&rsquo;avant. Les enfants en valent la peine.<\/p>\n\n\n\n<h5 class=\"wp-block-heading\">Quelle est votre opinion sur l&rsquo;acc\u00e8s \u00e0 la lecture pour les enfants au Costa Rica et quelles actions pourraient, selon vous, \u00eatre entreprises pour le promouvoir davantage ?<\/h5>\n\n\n\n<p><\/p>\n\n\n\n<figure class=\"wp-block-image size-full\"><img loading=\"lazy\" decoding=\"async\" width=\"840\" height=\"450\" src=\"https:\/\/www.sensorialsunsets.com\/wp-content\/uploads\/2024\/04\/Dia-del-Libro-Infantil-Sensorial-Sunsets.png\" alt=\"La Journ\u00e9e internationale du livre pour enfants est c\u00e9l\u00e9br\u00e9e le 2 avril. Nous nous en avons parl\u00e9 avec l'\u00e9crivaine Alexandra Alp\u00edzar Escobar. \" class=\"wp-image-15786\" srcset=\"https:\/\/www.sensorialsunsets.com\/wp-content\/uploads\/2024\/04\/Dia-del-Libro-Infantil-Sensorial-Sunsets.png 840w, https:\/\/www.sensorialsunsets.com\/wp-content\/uploads\/2024\/04\/Dia-del-Libro-Infantil-Sensorial-Sunsets-300x161.png 300w, https:\/\/www.sensorialsunsets.com\/wp-content\/uploads\/2024\/04\/Dia-del-Libro-Infantil-Sensorial-Sunsets-768x411.png 768w\" sizes=\"auto, (max-width: 840px) 100vw, 840px\" \/><figcaption class=\"wp-element-caption\">Photographie de Tim Walker<\/figcaption><\/figure>\n\n\n\n<p><\/p>\n\n\n\n<p>Je pense qu&rsquo;il est plus rare que pour les autres groupes d&rsquo;\u00e2ge. C&rsquo;est du moins ce que j&rsquo;ai remarqu\u00e9. La promotion n&rsquo;est pas la m\u00eame. Je n&rsquo;ai pas vu de belles affiches accrocheuses annon\u00e7ant qu&rsquo;ils vendent des recueils de contes classiques ou de nouveaux livres pour enfants. Cela a tendance \u00e0 \u00eatre laconique, un peu comme les prix, pour lesquels j&rsquo;ai \u00e9galement remarqu\u00e9 qu&rsquo;il n&rsquo;y a pas toujours autant de promotions pour les livres pour enfants ou que les catalogues sont un peu petits. C&rsquo;est comme un cr\u00e9neau plus sp\u00e9cifique, o\u00f9 il faut chercher un peu plus et o\u00f9 il faut prendre en compte les propositions d&rsquo;autres pays.<\/p>\n\n\n\n<p>Il n&rsquo;existe pas de tables de recommandation pour les livres pour enfants, ni de salons du livre sp\u00e9cialis\u00e9s dont on pourrait faire grand cas. Seuls les salons du livre peuvent accueillir des experts en la mati\u00e8re. Et encore, je parle de ma propre exp\u00e9rience, j&rsquo;esp\u00e8re que quelqu&rsquo;un viendra me dire que je me trompe.<\/p>\n\n\n\n<p>Il en va de m\u00eame pour la litt\u00e9rature destin\u00e9e aux adolescents et aux jeunes adultes : il suffit que la couverture soit une bande dessin\u00e9e pour que le contenu sexuel destin\u00e9 aux adultes soit class\u00e9 comme s&rsquo;il \u00e9tait adapt\u00e9 \u00e0 cette tranche d&rsquo;\u00e2ge. J&rsquo;ai vu ce genre de livres vendus \u00e0 des enfants de douze ou quatorze ans, les parents n&rsquo;en sont m\u00eame pas conscients et les librairies n&rsquo;y accordent pas la moindre importance. En fin de compte, on ne prend pas assez soin de leur fournir un contenu de qualit\u00e9 (ou alors le contenu de qualit\u00e9 est obscurci par ce qui est \u00e0 la mode chez les adultes).<\/p>\n\n\n\n<h6 class=\"wp-block-heading has-white-color has-text-color has-link-color wp-elements-22ac00c7c3a8fcce536b8802cad9b452\">Journ\u00e9e internationale du livre pour enfants<\/h6>\n\n\n\n<p>Un autre obstacle que j&rsquo;ai remarqu\u00e9 est que les \u00e9coles et les coll\u00e8ges ne choisissent pas toujours bien les livres ou m\u00eame la m\u00e9thode. Si vous voyez que les enfants sont fascin\u00e9s par la mythologie et les films d&rsquo;action, pourquoi ne pas leur faire lire des com\u00e9dies classiques (\u00a0\u00bb \u0152dipe roi \u00a0\u00bb est magnifique, mais ne convient pas \u00e0 tout le monde) ou un livre moderne, puis expliquer le contexte en profondeur ? Je ne comprends vraiment pas la peur d&rsquo;innover en mati\u00e8re de programmes scolaires. <\/p>\n\n\n\n<p>Lorsque j&rsquo;\u00e9tais enfant, j&rsquo;ai re\u00e7u un mauvais bulletin et une s\u00e9v\u00e8re r\u00e9primande parce que j&rsquo;avais oubli\u00e9 d&rsquo;apporter le livre que j&rsquo;\u00e9tais cens\u00e9 lire. L&rsquo;enseignant ne m&rsquo;a pas pr\u00eat\u00e9 de livre ou n&rsquo;a pas demand\u00e9 \u00e0 quelqu&rsquo;un de partager avec moi, c&rsquo;\u00e9tait juste un autre devoir auquel j&rsquo;avais \u00e9chou\u00e9, pas une activit\u00e9 agr\u00e9able que je devrais appr\u00e9cier. Dans d&rsquo;autres situations, j&rsquo;ai eu d&rsquo;autres enseignants qui encourageaient les jeux de classe et la r\u00e9alisation d&rsquo;affiches avec des dessins. Il y a un peu de tout, je suis heureuse qu&rsquo;il y ait ces derniers.<\/p>\n\n\n\n<p>Je ne peux rien faire contre les enseignants qui ruinent les habitudes de lecture de leurs \u00e9l\u00e8ves, bien s\u00fbr. Ce que je peux faire, c&rsquo;est raconter une histoire aux enfants avec lesquels je travaille b\u00e9n\u00e9volement et leur recommander de lire des choses agr\u00e9ables, je peux dire aux parents ce qu&rsquo;ils peuvent donner \u00e0 leurs enfants pour qu&rsquo;ils puissent se divertir d&rsquo;une mani\u00e8re saine. Je peux soutenir ceux qui parlent de ce probl\u00e8me et qui viennent le commenter dans ce type d&rsquo;espace, il faut que quelqu&rsquo;un re\u00e7oive le message.<\/p>\n\n\n\n<h6 class=\"wp-block-heading has-white-color has-text-color has-link-color wp-elements-22ac00c7c3a8fcce536b8802cad9b452\">Journ\u00e9e internationale du livre pour enfants<\/h6>\n\n\n\n<p>Encourager la lecture et soutenir des projets dans ce sens sont des choses simples que l&rsquo;on peut faire. Personnellement, j&rsquo;aime beaucoup la campagne \u00ab\u00a0Partagez vos livres lus\u00a0\u00bb et d&rsquo;autres campagnes similaires qui ont \u00e9t\u00e9 men\u00e9es (je ne me souviens plus du nom, d\u00e9sol\u00e9), parce qu&rsquo;elles motivent les gens \u00e0 s&rsquo;int\u00e9resser \u00e0 la lecture pour que les enfants \u00e0 faibles revenus puissent avoir des livres \u00e0 leur port\u00e9e. Je pense que si tout le monde fait quelque chose, m\u00eame si c&rsquo;est petit, nous pouvons faire de grands progr\u00e8s.<\/p>\n\n\n\n<p>M\u00f3nica Gallardo en collaboration avec Alexandra Alp\u00edzar Escobar, \u00e9crivaine costaricienne et philologue classique avec une grande fascination pour la litt\u00e9rature et les arts qui cherche \u00e0 partager ses histoires pour faire rire, pleurer et imaginer. <strong>Contact :<strong><\/strong><\/strong><\/p>\n\n\n\n<p><strong>Twitter\/X: @alex_vae<br>Instagram: @alex_vae_<br>Blog: https:\/\/consejosdeunabetareader.blogspot.com\/<\/strong><\/p>\n","protected":false},"excerpt":{"rendered":"<p>La Journ\u00e9e internationale du livre pour enfants est c\u00e9l\u00e9br\u00e9e tous les 2 avril. Nous nous sommes entretenus avec l&rsquo;\u00e9crivain Alexandra Alp\u00edzar Escobar sur l&rsquo;importance de la lecture d\u00e8s le plus jeune \u00e2ge. Je me souviens de chaque fois que, enfant, j&rsquo;accompagnais mon p\u00e8re \u00e0 la librairie Lehmann. En voyant tous ces livres aux couvertures si [&hellip;]<\/p>\n","protected":false},"author":4,"featured_media":15746,"comment_status":"closed","ping_status":"closed","sticky":false,"template":"","format":"standard","meta":{"_acf_changed":false,"inline_featured_image":false,"_monsterinsights_skip_tracking":false,"_monsterinsights_sitenote_active":false,"_monsterinsights_sitenote_note":"","_monsterinsights_sitenote_category":0,"footnotes":""},"categories":[104,153],"tags":[],"class_list":["post-15793","post","type-post","status-publish","format-standard","has-post-thumbnail","hentry","category-culture-fr","category-litterature-fr"],"acf":[],"yoast_head":"<!-- This site is optimized with the Yoast SEO plugin v27.4 - https:\/\/yoast.com\/product\/yoast-seo-wordpress\/ -->\n<title>Le livre pour enfants comme v\u00e9hicule de croissance personnelle - SensorialSunsets<\/title>\n<meta name=\"description\" content=\"La Journ\u00e9e internationale du livre pour enfants est c\u00e9l\u00e9br\u00e9e le 2 avril. Nous nous en avons parl\u00e9 avec l&#039;\u00e9crivaine Alexandra Alp\u00edzar Escobar.\" \/>\n<meta name=\"robots\" content=\"index, follow, max-snippet:-1, max-image-preview:large, max-video-preview:-1\" \/>\n<link rel=\"canonical\" href=\"https:\/\/www.sensorialsunsets.com\/fr\/le-livre-pour-enfants-comme-vehicule-de-croissance-personnelle\/\" \/>\n<meta property=\"og:locale\" content=\"fr_FR\" \/>\n<meta property=\"og:type\" content=\"article\" \/>\n<meta property=\"og:title\" content=\"Le livre pour enfants comme v\u00e9hicule de croissance personnelle - SensorialSunsets\" \/>\n<meta property=\"og:description\" content=\"La Journ\u00e9e internationale du livre pour enfants est c\u00e9l\u00e9br\u00e9e le 2 avril. Nous nous en avons parl\u00e9 avec l&#039;\u00e9crivaine Alexandra Alp\u00edzar Escobar.\" \/>\n<meta property=\"og:url\" content=\"https:\/\/www.sensorialsunsets.com\/fr\/le-livre-pour-enfants-comme-vehicule-de-croissance-personnelle\/\" \/>\n<meta property=\"og:site_name\" content=\"SensorialSunsets\" \/>\n<meta property=\"article:publisher\" content=\"https:\/\/www.facebook.com\/Sensorial-Sunsets-109180614715562\" \/>\n<meta property=\"article:published_time\" content=\"2024-04-02T21:57:15+00:00\" \/>\n<meta property=\"article:modified_time\" content=\"2024-04-02T21:57:16+00:00\" \/>\n<meta property=\"og:image\" content=\"https:\/\/www.sensorialsunsets.com\/wp-content\/uploads\/2024\/04\/Dia-Internacional-del-Libro-Infantil-Sensorial-Sunsets.png\" \/>\n\t<meta property=\"og:image:width\" content=\"840\" \/>\n\t<meta property=\"og:image:height\" content=\"350\" \/>\n\t<meta property=\"og:image:type\" content=\"image\/png\" \/>\n<meta name=\"author\" content=\"Sensorial Sunsets\" \/>\n<meta name=\"twitter:card\" content=\"summary_large_image\" \/>\n<meta name=\"twitter:label1\" content=\"\u00c9crit par\" \/>\n\t<meta name=\"twitter:data1\" content=\"Sensorial Sunsets\" \/>\n\t<meta name=\"twitter:label2\" content=\"Dur\u00e9e de lecture estim\u00e9e\" \/>\n\t<meta name=\"twitter:data2\" content=\"12 minutes\" \/>\n<script type=\"application\/ld+json\" class=\"yoast-schema-graph\">{\"@context\":\"https:\\\/\\\/schema.org\",\"@graph\":[{\"@type\":\"Article\",\"@id\":\"https:\\\/\\\/www.sensorialsunsets.com\\\/fr\\\/le-livre-pour-enfants-comme-vehicule-de-croissance-personnelle\\\/#article\",\"isPartOf\":{\"@id\":\"https:\\\/\\\/www.sensorialsunsets.com\\\/fr\\\/le-livre-pour-enfants-comme-vehicule-de-croissance-personnelle\\\/\"},\"author\":{\"name\":\"Sensorial Sunsets\",\"@id\":\"https:\\\/\\\/www.sensorialsunsets.com\\\/fr\\\/#\\\/schema\\\/person\\\/77e2fa594135aa94024c47e281d8a94d\"},\"headline\":\"Le livre pour enfants comme v\u00e9hicule de croissance personnelle\",\"datePublished\":\"2024-04-02T21:57:15+00:00\",\"dateModified\":\"2024-04-02T21:57:16+00:00\",\"mainEntityOfPage\":{\"@id\":\"https:\\\/\\\/www.sensorialsunsets.com\\\/fr\\\/le-livre-pour-enfants-comme-vehicule-de-croissance-personnelle\\\/\"},\"wordCount\":2631,\"publisher\":{\"@id\":\"https:\\\/\\\/www.sensorialsunsets.com\\\/fr\\\/#organization\"},\"image\":{\"@id\":\"https:\\\/\\\/www.sensorialsunsets.com\\\/fr\\\/le-livre-pour-enfants-comme-vehicule-de-croissance-personnelle\\\/#primaryimage\"},\"thumbnailUrl\":\"https:\\\/\\\/www.sensorialsunsets.com\\\/wp-content\\\/uploads\\\/2024\\\/04\\\/Dia-Internacional-del-Libro-Infantil-Sensorial-Sunsets.png\",\"articleSection\":[\"Culture\",\"Litt\u00e9rature\"],\"inLanguage\":\"fr-FR\"},{\"@type\":\"WebPage\",\"@id\":\"https:\\\/\\\/www.sensorialsunsets.com\\\/fr\\\/le-livre-pour-enfants-comme-vehicule-de-croissance-personnelle\\\/\",\"url\":\"https:\\\/\\\/www.sensorialsunsets.com\\\/fr\\\/le-livre-pour-enfants-comme-vehicule-de-croissance-personnelle\\\/\",\"name\":\"Le livre pour enfants comme v\u00e9hicule de croissance personnelle - SensorialSunsets\",\"isPartOf\":{\"@id\":\"https:\\\/\\\/www.sensorialsunsets.com\\\/fr\\\/#website\"},\"primaryImageOfPage\":{\"@id\":\"https:\\\/\\\/www.sensorialsunsets.com\\\/fr\\\/le-livre-pour-enfants-comme-vehicule-de-croissance-personnelle\\\/#primaryimage\"},\"image\":{\"@id\":\"https:\\\/\\\/www.sensorialsunsets.com\\\/fr\\\/le-livre-pour-enfants-comme-vehicule-de-croissance-personnelle\\\/#primaryimage\"},\"thumbnailUrl\":\"https:\\\/\\\/www.sensorialsunsets.com\\\/wp-content\\\/uploads\\\/2024\\\/04\\\/Dia-Internacional-del-Libro-Infantil-Sensorial-Sunsets.png\",\"datePublished\":\"2024-04-02T21:57:15+00:00\",\"dateModified\":\"2024-04-02T21:57:16+00:00\",\"description\":\"La Journ\u00e9e internationale du livre pour enfants est c\u00e9l\u00e9br\u00e9e le 2 avril. Nous nous en avons parl\u00e9 avec l'\u00e9crivaine Alexandra Alp\u00edzar Escobar.\",\"inLanguage\":\"fr-FR\",\"potentialAction\":[{\"@type\":\"ReadAction\",\"target\":[\"https:\\\/\\\/www.sensorialsunsets.com\\\/fr\\\/le-livre-pour-enfants-comme-vehicule-de-croissance-personnelle\\\/\"]}]},{\"@type\":\"ImageObject\",\"inLanguage\":\"fr-FR\",\"@id\":\"https:\\\/\\\/www.sensorialsunsets.com\\\/fr\\\/le-livre-pour-enfants-comme-vehicule-de-croissance-personnelle\\\/#primaryimage\",\"url\":\"https:\\\/\\\/www.sensorialsunsets.com\\\/wp-content\\\/uploads\\\/2024\\\/04\\\/Dia-Internacional-del-Libro-Infantil-Sensorial-Sunsets.png\",\"contentUrl\":\"https:\\\/\\\/www.sensorialsunsets.com\\\/wp-content\\\/uploads\\\/2024\\\/04\\\/Dia-Internacional-del-Libro-Infantil-Sensorial-Sunsets.png\",\"width\":840,\"height\":350,\"caption\":\"Cada 2 de abril se celebra el d\u00eda internacional del libro infantil, por eso conversamos con la escritora Alexandra Alp\u00edzar Escobar sobre esto.\"},{\"@type\":\"WebSite\",\"@id\":\"https:\\\/\\\/www.sensorialsunsets.com\\\/fr\\\/#website\",\"url\":\"https:\\\/\\\/www.sensorialsunsets.com\\\/fr\\\/\",\"name\":\"SensorialSunsets.com\",\"description\":\"D\u00e9couvrez la culture et la soci\u00e9t\u00e9 du Costa Rica sur notre blog. Explorez des articles captivants et partagez le contenu.\",\"publisher\":{\"@id\":\"https:\\\/\\\/www.sensorialsunsets.com\\\/fr\\\/#organization\"},\"alternateName\":\"Costa Rica Live Blog\",\"potentialAction\":[{\"@type\":\"SearchAction\",\"target\":{\"@type\":\"EntryPoint\",\"urlTemplate\":\"https:\\\/\\\/www.sensorialsunsets.com\\\/fr\\\/?s={search_term_string}\"},\"query-input\":{\"@type\":\"PropertyValueSpecification\",\"valueRequired\":true,\"valueName\":\"search_term_string\"}}],\"inLanguage\":\"fr-FR\"},{\"@type\":\"Organization\",\"@id\":\"https:\\\/\\\/www.sensorialsunsets.com\\\/fr\\\/#organization\",\"name\":\"SensorialSunsets\",\"url\":\"https:\\\/\\\/www.sensorialsunsets.com\\\/fr\\\/\",\"logo\":{\"@type\":\"ImageObject\",\"inLanguage\":\"fr-FR\",\"@id\":\"https:\\\/\\\/www.sensorialsunsets.com\\\/fr\\\/#\\\/schema\\\/logo\\\/image\\\/\",\"url\":\"https:\\\/\\\/www.sensorialsunsets.com\\\/wp-content\\\/uploads\\\/2023\\\/04\\\/Logo_base_line_fond_clair.svg\",\"contentUrl\":\"https:\\\/\\\/www.sensorialsunsets.com\\\/wp-content\\\/uploads\\\/2023\\\/04\\\/Logo_base_line_fond_clair.svg\",\"width\":\"1024\",\"height\":\"1024\",\"caption\":\"SensorialSunsets\"},\"image\":{\"@id\":\"https:\\\/\\\/www.sensorialsunsets.com\\\/fr\\\/#\\\/schema\\\/logo\\\/image\\\/\"},\"sameAs\":[\"https:\\\/\\\/www.facebook.com\\\/Sensorial-Sunsets-109180614715562\",\"https:\\\/\\\/www.instagram.com\\\/sensorialsunsets\\\/\"]},{\"@type\":\"Person\",\"@id\":\"https:\\\/\\\/www.sensorialsunsets.com\\\/fr\\\/#\\\/schema\\\/person\\\/77e2fa594135aa94024c47e281d8a94d\",\"name\":\"Sensorial Sunsets\",\"image\":{\"@type\":\"ImageObject\",\"inLanguage\":\"fr-FR\",\"@id\":\"https:\\\/\\\/secure.gravatar.com\\\/avatar\\\/5f2d62681b1dad94c28f1500d4fc75582acdfd32b55fd1acce0a36a3c487eabe?s=96&d=mm&r=g\",\"url\":\"https:\\\/\\\/secure.gravatar.com\\\/avatar\\\/5f2d62681b1dad94c28f1500d4fc75582acdfd32b55fd1acce0a36a3c487eabe?s=96&d=mm&r=g\",\"contentUrl\":\"https:\\\/\\\/secure.gravatar.com\\\/avatar\\\/5f2d62681b1dad94c28f1500d4fc75582acdfd32b55fd1acce0a36a3c487eabe?s=96&d=mm&r=g\",\"caption\":\"Sensorial Sunsets\"},\"url\":\"https:\\\/\\\/www.sensorialsunsets.com\\\/fr\\\/author\\\/asistentes-sensorial-sunsets\\\/\"}]}<\/script>\n<!-- \/ Yoast SEO plugin. -->","yoast_head_json":{"title":"Le livre pour enfants comme v\u00e9hicule de croissance personnelle - SensorialSunsets","description":"La Journ\u00e9e internationale du livre pour enfants est c\u00e9l\u00e9br\u00e9e le 2 avril. Nous nous en avons parl\u00e9 avec l'\u00e9crivaine Alexandra Alp\u00edzar Escobar.","robots":{"index":"index","follow":"follow","max-snippet":"max-snippet:-1","max-image-preview":"max-image-preview:large","max-video-preview":"max-video-preview:-1"},"canonical":"https:\/\/www.sensorialsunsets.com\/fr\/le-livre-pour-enfants-comme-vehicule-de-croissance-personnelle\/","og_locale":"fr_FR","og_type":"article","og_title":"Le livre pour enfants comme v\u00e9hicule de croissance personnelle - SensorialSunsets","og_description":"La Journ\u00e9e internationale du livre pour enfants est c\u00e9l\u00e9br\u00e9e le 2 avril. Nous nous en avons parl\u00e9 avec l'\u00e9crivaine Alexandra Alp\u00edzar Escobar.","og_url":"https:\/\/www.sensorialsunsets.com\/fr\/le-livre-pour-enfants-comme-vehicule-de-croissance-personnelle\/","og_site_name":"SensorialSunsets","article_publisher":"https:\/\/www.facebook.com\/Sensorial-Sunsets-109180614715562","article_published_time":"2024-04-02T21:57:15+00:00","article_modified_time":"2024-04-02T21:57:16+00:00","og_image":[{"width":840,"height":350,"url":"https:\/\/www.sensorialsunsets.com\/wp-content\/uploads\/2024\/04\/Dia-Internacional-del-Libro-Infantil-Sensorial-Sunsets.png","type":"image\/png"}],"author":"Sensorial Sunsets","twitter_card":"summary_large_image","twitter_misc":{"\u00c9crit par":"Sensorial Sunsets","Dur\u00e9e de lecture estim\u00e9e":"12 minutes"},"schema":{"@context":"https:\/\/schema.org","@graph":[{"@type":"Article","@id":"https:\/\/www.sensorialsunsets.com\/fr\/le-livre-pour-enfants-comme-vehicule-de-croissance-personnelle\/#article","isPartOf":{"@id":"https:\/\/www.sensorialsunsets.com\/fr\/le-livre-pour-enfants-comme-vehicule-de-croissance-personnelle\/"},"author":{"name":"Sensorial Sunsets","@id":"https:\/\/www.sensorialsunsets.com\/fr\/#\/schema\/person\/77e2fa594135aa94024c47e281d8a94d"},"headline":"Le livre pour enfants comme v\u00e9hicule de croissance personnelle","datePublished":"2024-04-02T21:57:15+00:00","dateModified":"2024-04-02T21:57:16+00:00","mainEntityOfPage":{"@id":"https:\/\/www.sensorialsunsets.com\/fr\/le-livre-pour-enfants-comme-vehicule-de-croissance-personnelle\/"},"wordCount":2631,"publisher":{"@id":"https:\/\/www.sensorialsunsets.com\/fr\/#organization"},"image":{"@id":"https:\/\/www.sensorialsunsets.com\/fr\/le-livre-pour-enfants-comme-vehicule-de-croissance-personnelle\/#primaryimage"},"thumbnailUrl":"https:\/\/www.sensorialsunsets.com\/wp-content\/uploads\/2024\/04\/Dia-Internacional-del-Libro-Infantil-Sensorial-Sunsets.png","articleSection":["Culture","Litt\u00e9rature"],"inLanguage":"fr-FR"},{"@type":"WebPage","@id":"https:\/\/www.sensorialsunsets.com\/fr\/le-livre-pour-enfants-comme-vehicule-de-croissance-personnelle\/","url":"https:\/\/www.sensorialsunsets.com\/fr\/le-livre-pour-enfants-comme-vehicule-de-croissance-personnelle\/","name":"Le livre pour enfants comme v\u00e9hicule de croissance personnelle - SensorialSunsets","isPartOf":{"@id":"https:\/\/www.sensorialsunsets.com\/fr\/#website"},"primaryImageOfPage":{"@id":"https:\/\/www.sensorialsunsets.com\/fr\/le-livre-pour-enfants-comme-vehicule-de-croissance-personnelle\/#primaryimage"},"image":{"@id":"https:\/\/www.sensorialsunsets.com\/fr\/le-livre-pour-enfants-comme-vehicule-de-croissance-personnelle\/#primaryimage"},"thumbnailUrl":"https:\/\/www.sensorialsunsets.com\/wp-content\/uploads\/2024\/04\/Dia-Internacional-del-Libro-Infantil-Sensorial-Sunsets.png","datePublished":"2024-04-02T21:57:15+00:00","dateModified":"2024-04-02T21:57:16+00:00","description":"La Journ\u00e9e internationale du livre pour enfants est c\u00e9l\u00e9br\u00e9e le 2 avril. Nous nous en avons parl\u00e9 avec l'\u00e9crivaine Alexandra Alp\u00edzar Escobar.","inLanguage":"fr-FR","potentialAction":[{"@type":"ReadAction","target":["https:\/\/www.sensorialsunsets.com\/fr\/le-livre-pour-enfants-comme-vehicule-de-croissance-personnelle\/"]}]},{"@type":"ImageObject","inLanguage":"fr-FR","@id":"https:\/\/www.sensorialsunsets.com\/fr\/le-livre-pour-enfants-comme-vehicule-de-croissance-personnelle\/#primaryimage","url":"https:\/\/www.sensorialsunsets.com\/wp-content\/uploads\/2024\/04\/Dia-Internacional-del-Libro-Infantil-Sensorial-Sunsets.png","contentUrl":"https:\/\/www.sensorialsunsets.com\/wp-content\/uploads\/2024\/04\/Dia-Internacional-del-Libro-Infantil-Sensorial-Sunsets.png","width":840,"height":350,"caption":"Cada 2 de abril se celebra el d\u00eda internacional del libro infantil, por eso conversamos con la escritora Alexandra Alp\u00edzar Escobar sobre esto."},{"@type":"WebSite","@id":"https:\/\/www.sensorialsunsets.com\/fr\/#website","url":"https:\/\/www.sensorialsunsets.com\/fr\/","name":"SensorialSunsets.com","description":"D\u00e9couvrez la culture et la soci\u00e9t\u00e9 du Costa Rica sur notre blog. Explorez des articles captivants et partagez le contenu.","publisher":{"@id":"https:\/\/www.sensorialsunsets.com\/fr\/#organization"},"alternateName":"Costa Rica Live Blog","potentialAction":[{"@type":"SearchAction","target":{"@type":"EntryPoint","urlTemplate":"https:\/\/www.sensorialsunsets.com\/fr\/?s={search_term_string}"},"query-input":{"@type":"PropertyValueSpecification","valueRequired":true,"valueName":"search_term_string"}}],"inLanguage":"fr-FR"},{"@type":"Organization","@id":"https:\/\/www.sensorialsunsets.com\/fr\/#organization","name":"SensorialSunsets","url":"https:\/\/www.sensorialsunsets.com\/fr\/","logo":{"@type":"ImageObject","inLanguage":"fr-FR","@id":"https:\/\/www.sensorialsunsets.com\/fr\/#\/schema\/logo\/image\/","url":"https:\/\/www.sensorialsunsets.com\/wp-content\/uploads\/2023\/04\/Logo_base_line_fond_clair.svg","contentUrl":"https:\/\/www.sensorialsunsets.com\/wp-content\/uploads\/2023\/04\/Logo_base_line_fond_clair.svg","width":"1024","height":"1024","caption":"SensorialSunsets"},"image":{"@id":"https:\/\/www.sensorialsunsets.com\/fr\/#\/schema\/logo\/image\/"},"sameAs":["https:\/\/www.facebook.com\/Sensorial-Sunsets-109180614715562","https:\/\/www.instagram.com\/sensorialsunsets\/"]},{"@type":"Person","@id":"https:\/\/www.sensorialsunsets.com\/fr\/#\/schema\/person\/77e2fa594135aa94024c47e281d8a94d","name":"Sensorial Sunsets","image":{"@type":"ImageObject","inLanguage":"fr-FR","@id":"https:\/\/secure.gravatar.com\/avatar\/5f2d62681b1dad94c28f1500d4fc75582acdfd32b55fd1acce0a36a3c487eabe?s=96&d=mm&r=g","url":"https:\/\/secure.gravatar.com\/avatar\/5f2d62681b1dad94c28f1500d4fc75582acdfd32b55fd1acce0a36a3c487eabe?s=96&d=mm&r=g","contentUrl":"https:\/\/secure.gravatar.com\/avatar\/5f2d62681b1dad94c28f1500d4fc75582acdfd32b55fd1acce0a36a3c487eabe?s=96&d=mm&r=g","caption":"Sensorial Sunsets"},"url":"https:\/\/www.sensorialsunsets.com\/fr\/author\/asistentes-sensorial-sunsets\/"}]}},"_links":{"self":[{"href":"https:\/\/www.sensorialsunsets.com\/fr\/wp-json\/wp\/v2\/posts\/15793","targetHints":{"allow":["GET"]}}],"collection":[{"href":"https:\/\/www.sensorialsunsets.com\/fr\/wp-json\/wp\/v2\/posts"}],"about":[{"href":"https:\/\/www.sensorialsunsets.com\/fr\/wp-json\/wp\/v2\/types\/post"}],"author":[{"embeddable":true,"href":"https:\/\/www.sensorialsunsets.com\/fr\/wp-json\/wp\/v2\/users\/4"}],"replies":[{"embeddable":true,"href":"https:\/\/www.sensorialsunsets.com\/fr\/wp-json\/wp\/v2\/comments?post=15793"}],"version-history":[{"count":0,"href":"https:\/\/www.sensorialsunsets.com\/fr\/wp-json\/wp\/v2\/posts\/15793\/revisions"}],"wp:featuredmedia":[{"embeddable":true,"href":"https:\/\/www.sensorialsunsets.com\/fr\/wp-json\/wp\/v2\/media\/15746"}],"wp:attachment":[{"href":"https:\/\/www.sensorialsunsets.com\/fr\/wp-json\/wp\/v2\/media?parent=15793"}],"wp:term":[{"taxonomy":"category","embeddable":true,"href":"https:\/\/www.sensorialsunsets.com\/fr\/wp-json\/wp\/v2\/categories?post=15793"},{"taxonomy":"post_tag","embeddable":true,"href":"https:\/\/www.sensorialsunsets.com\/fr\/wp-json\/wp\/v2\/tags?post=15793"}],"curies":[{"name":"wp","href":"https:\/\/api.w.org\/{rel}","templated":true}]}}