{"id":16182,"date":"2024-04-26T13:37:40","date_gmt":"2024-04-26T19:37:40","guid":{"rendered":"https:\/\/www.sensorialsunsets.com\/?p=16182"},"modified":"2024-04-26T13:37:40","modified_gmt":"2024-04-26T19:37:40","slug":"protection-de-la-zone-humide-de-coris-de-cartago","status":"publish","type":"post","link":"https:\/\/www.sensorialsunsets.com\/fr\/protection-de-la-zone-humide-de-coris-de-cartago\/","title":{"rendered":"Protection de la zone humide de Coris de Cartago"},"content":{"rendered":"\n<p>La zone humide de Coris, est une oasis naturelle au milieu du d\u00e9veloppement urbain \u00e0 <a href=\"https:\/\/www.sensorialsunsets.com\/fr\/cartago-quest-ce-que-la-puebla-de-los-pardos\/\">Cartago<\/a>, au Costa Rica, dont l&rsquo;int\u00e9grit\u00e9 \u00e9cologique est fortement menac\u00e9e. Cet important \u00e9cosyst\u00e8me, d\u00e9crit comme une \u00ab\u00a0oasis au milieu d&rsquo;un d\u00e9sert de b\u00e9ton et d&rsquo;asphalte\u00a0\u00bb, abrite une grande diversit\u00e9 d&rsquo;esp\u00e8ces sauvages, notamment une population d&rsquo;oiseaux.<\/p>\n\n\n\n<h3 class=\"wp-block-heading\">La zone humide de Coris menac\u00e9e par des activit\u00e9s non autoris\u00e9es<\/h3>\n\n\n\n<p>L&rsquo;Association ornithologique du Costa Rica a constat\u00e9 la pr\u00e9sence impressionnante d&rsquo;oiseaux dans cette zone, enregistrant plus de 150 esp\u00e8ces, dont le faucon dansant, le vautour \u00e0 t\u00eate rouge, le vautour \u00e0 t\u00eate rouge, le skua \u00e0 cou rouge, parmi beaucoup d&rsquo;autres. Malgr\u00e9 tout, la tranquillit\u00e9 de cet habitat est menac\u00e9e par une s\u00e9rie d&rsquo;activit\u00e9s humaines non autoris\u00e9es qui causent des dommages irr\u00e9parables \u00e0 la zone humide.<\/p>\n\n\n\n<figure class=\"wp-block-pullquote has-text-align-left\"><blockquote><p><strong><em>Importance \u00e9cologique de la zone humide de Coris :<br><\/em><\/strong>1. La zone humide de Coris est une \u00ab\u00a0oasis au milieu d&rsquo;un d\u00e9sert de b\u00e9ton et d&rsquo;asphalte\u00a0\u00bb, et abrite de nombreuses esp\u00e8ces de faune, principalement des oiseaux.<br>2. L&rsquo;Association ornithologique du Costa Rica a enregistr\u00e9 la pr\u00e9sence d&rsquo;oiseaux dans la r\u00e9gion.<br>3. Ce site est consid\u00e9r\u00e9 comme un \u00e9cosyst\u00e8me important sur le plan g\u00e9ologique et environnemental.<\/p><\/blockquote><\/figure>\n\n\n\n<figure class=\"wp-block-gallery has-nested-images columns-default is-cropped wp-block-gallery-1 is-layout-flex wp-block-gallery-is-layout-flex\">\n<figure class=\"wp-block-image size-large\"><img loading=\"lazy\" decoding=\"async\" width=\"720\" height=\"480\" data-id=\"16164\" src=\"https:\/\/www.sensorialsunsets.com\/wp-content\/uploads\/2024\/04\/BuhoCorisCartago.jpg\" alt=\"\" class=\"wp-image-16164\" srcset=\"https:\/\/www.sensorialsunsets.com\/wp-content\/uploads\/2024\/04\/BuhoCorisCartago.jpg 720w, https:\/\/www.sensorialsunsets.com\/wp-content\/uploads\/2024\/04\/BuhoCorisCartago-300x200.jpg 300w, https:\/\/www.sensorialsunsets.com\/wp-content\/uploads\/2024\/04\/BuhoCorisCartago-334x222.jpg 334w\" sizes=\"auto, (max-width: 720px) 100vw, 720px\" \/><\/figure>\n\n\n\n<figure class=\"wp-block-image size-large\"><img loading=\"lazy\" decoding=\"async\" width=\"720\" height=\"1023\" data-id=\"16170\" src=\"https:\/\/www.sensorialsunsets.com\/wp-content\/uploads\/2024\/04\/humedal-Cartago-1-jpg.webp\" alt=\"\" class=\"wp-image-16170\" srcset=\"https:\/\/www.sensorialsunsets.com\/wp-content\/uploads\/2024\/04\/humedal-Cartago-1-jpg.webp 720w, https:\/\/www.sensorialsunsets.com\/wp-content\/uploads\/2024\/04\/humedal-Cartago-1-jpg-211x300.webp 211w\" sizes=\"auto, (max-width: 720px) 100vw, 720px\" \/><\/figure>\n\n\n\n<figure class=\"wp-block-image size-large\"><img loading=\"lazy\" decoding=\"async\" width=\"720\" height=\"480\" data-id=\"16165\" src=\"https:\/\/www.sensorialsunsets.com\/wp-content\/uploads\/2024\/04\/humedal-Cartago-2.jpg.webp\" alt=\"\" class=\"wp-image-16165\" srcset=\"https:\/\/www.sensorialsunsets.com\/wp-content\/uploads\/2024\/04\/humedal-Cartago-2.jpg.webp 720w, https:\/\/www.sensorialsunsets.com\/wp-content\/uploads\/2024\/04\/humedal-Cartago-2.jpg-300x200.webp 300w, https:\/\/www.sensorialsunsets.com\/wp-content\/uploads\/2024\/04\/humedal-Cartago-2.jpg-334x222.webp 334w\" sizes=\"auto, (max-width: 720px) 100vw, 720px\" \/><\/figure>\n<\/figure>\n\n\n\n<p>Parmi les principales pr\u00e9occupations figurent les plaintes des r\u00e9sidents locaux et des <a href=\"https:\/\/semanariouniversidad.com\/pais\/organizacion-ecologista-denuncia-dragado-de-importante-humedal-en-cartago\/\">organisations environnementales<\/a> concernant des activit\u00e9s de drainage et de dragage non autoris\u00e9es. Ces op\u00e9rations ont \u00e9t\u00e9 d\u00e9nonc\u00e9es par le personnel du domaine de La Mara dans la zone humide de Coris, dans l&rsquo;intention d&rsquo;y r\u00e9aliser un projet de p\u00e9pini\u00e8re agricole. Non seulement cela affecte les sources d&rsquo;eau naturelles et les \u00e9cosyst\u00e8mes environnants, mais cela compromet \u00e9galement la biodiversit\u00e9 unique de la r\u00e9gion.<\/p>\n\n\n\n<p>La p\u00e9tition d\u00e9pos\u00e9e par l&rsquo;Asociaci\u00f3n Ecologista Nido de Halc\u00f3n souligne la gravit\u00e9 de la situation en rappelant que la zone humide de Coris abrite des sources d&rsquo;eau, des sources naturelles et des sources hydrothermales, ce qui en fait une zone d&rsquo;une importance vitale pour la recharge de l&rsquo;aquif\u00e8re qui s&rsquo;\u00e9tend jusqu&rsquo;\u00e0 la lagune Do\u00f1a Ana de Para\u00edso. Ce fait souligne la n\u00e9cessit\u00e9 urgente de prot\u00e9ger et de pr\u00e9server cette ressource naturelle pr\u00e9cieuse.<\/p>\n\n\n\n<h3 class=\"wp-block-heading\">Sous menace : Risque li\u00e9 au dragage et \u00e0 l&rsquo;urbanisation<\/h3>\n\n\n\n<p>Outre le dragage, la menace des d\u00e9veloppements urbains se rapprochant de la zone humide a \u00e9t\u00e9 signal\u00e9e. Cette urbanisation croissante pourrait avoir des cons\u00e9quences d\u00e9vastatrices pour l&rsquo;\u00e9cosyst\u00e8me, ainsi que pour la capacit\u00e9 de la zone humide \u00e0 att\u00e9nuer les inondations et \u00e0 am\u00e9liorer la qualit\u00e9 de l&rsquo;eau, des fonctions vitales qu&rsquo;elle remplit dans le contexte urbain.<\/p>\n\n\n\n<p>L&rsquo;importance \u00e9cologique de la zone humide de Coris va au-del\u00e0 de sa biodiversit\u00e9 aviaire. Des mammif\u00e8res tels que les coatis, les ratons laveurs, les coyotes, les lapins, les ocelots et les renards gris, ainsi que diverses esp\u00e8ces de serpents, trouvent \u00e9galement refuge dans cet habitat. Toutes ces esp\u00e8ces contribuent \u00e0 l&rsquo;\u00e9quilibre \u00e9cologique de la r\u00e9gion et leur survie est directement li\u00e9e \u00e0 la pr\u00e9servation de la zone humide.<\/p>\n\n\n<div class=\"wp-block-image\">\n<figure class=\"alignleft size-full is-resized\"><img loading=\"lazy\" decoding=\"async\" width=\"480\" height=\"854\" src=\"https:\/\/www.sensorialsunsets.com\/wp-content\/uploads\/2024\/04\/screeshot1.jpeg\" alt=\"\" class=\"wp-image-16173\" style=\"width:229px;height:auto\" srcset=\"https:\/\/www.sensorialsunsets.com\/wp-content\/uploads\/2024\/04\/screeshot1.jpeg 480w, https:\/\/www.sensorialsunsets.com\/wp-content\/uploads\/2024\/04\/screeshot1-169x300.jpeg 169w\" sizes=\"auto, (max-width: 480px) 100vw, 480px\" \/><\/figure>\n<\/div>\n\n\n<blockquote class=\"wp-block-quote is-layout-flow wp-block-quote-is-layout-flow\">\n<p>Lors de la Journ\u00e9e de la Terre, certains c\u00e9l\u00e8brent et d&rsquo;autres d\u00e9noncent. Quel sera l&rsquo;avenir socio-environnemental avec une telle pollution ? Que deviendront les rivi\u00e8res Carvajal, Barahona, Luisa, Coris et Purires ? s&rsquo;interrogent les voisins soucieux de l&rsquo;environnement. Apparemment, cette contamination sp\u00e9cifique correspond \u00e0 une usine de c\u00e9ramique qui, selon un voisin, rejette du bouillon aux premi\u00e8res heures du matin le week-end, en essayant de cacher son action, mais elle tue toute la vie aquatique qui d\u00e9pend de ces \u00e9cosyst\u00e8mes, m\u00eame le b\u00e9tail est affect\u00e9 par ces faits malheureux.<\/p>\n<cite><a href=\"https:\/\/www.instagram.com\/bloque_verde#\">bloque_verde<\/a><\/cite><\/blockquote>\n\n\n\n<figure class=\"wp-block-pullquote has-text-align-left\"><blockquote><p><strong><em>Probl\u00e8mes environnementaux :<br><\/em>Croissance urbaine, industrielle et commerciale :<\/strong> La zone humide est affect\u00e9e par la croissance urbaine, industrielle et commerciale \u00e0 grande \u00e9chelle qui a lieu autour d&rsquo;elle, ce qui g\u00e9n\u00e8re une pression sur cet \u00e9cosyst\u00e8me naturel.<br><strong>Intrusion de machines lourdes :<\/strong>L&rsquo;entr\u00e9e de machines lourdes dans la zone humide a \u00e9t\u00e9 signal\u00e9e, ce qui peut causer des dommages directs \u00e0 l&rsquo;\u00e9cosyst\u00e8me et \u00e0 la faune qui l&rsquo;habite. <br><strong>Incendies:<\/strong> Les incendies ont \u00e9t\u00e9 une autre cause de dommages \u00e0 la zone humide, affectant sa v\u00e9g\u00e9tation et sa biodiversit\u00e9.<br><strong>Activit\u00e9s de drainage et de dragage non autoris\u00e9es:<\/strong> Des activit\u00e9s de drainage et de dragage non autoris\u00e9es ont \u00e9t\u00e9 men\u00e9es dans la zone humide, causant des dommages directs \u00e0 cet important \u00e9cosyst\u00e8me.<\/p><\/blockquote><\/figure>\n\n\n\n<p>Dans cette situation critique, les autorit\u00e9s doivent agir rapidement pour stopper la d\u00e9gradation de la zone humide de Coris. L&rsquo;Asociaci\u00f3n Ecologista Nido de Halc\u00f3n demande des mesures urgentes pour prot\u00e9ger cet environnement naturel unique dans la vall\u00e9e centrale du Costa Rica. Pr\u00e9server cette oasis sauvage b\u00e9n\u00e9ficie \u00e0 la biodiversit\u00e9 locale et au bien-\u00eatre de la communaut\u00e9.<\/p>\n\n\n\n<p><strong>Sensorial Sunsets<\/strong><\/p>\n","protected":false},"excerpt":{"rendered":"<p>La zone humide de Coris, est une oasis naturelle au milieu du d\u00e9veloppement urbain \u00e0 Cartago, au Costa Rica, dont l&rsquo;int\u00e9grit\u00e9 \u00e9cologique est fortement menac\u00e9e. Cet important \u00e9cosyst\u00e8me, d\u00e9crit comme une \u00ab\u00a0oasis au milieu d&rsquo;un d\u00e9sert de b\u00e9ton et d&rsquo;asphalte\u00a0\u00bb, abrite une grande diversit\u00e9 d&rsquo;esp\u00e8ces sauvages, notamment une population d&rsquo;oiseaux. La zone humide de Coris [&hellip;]<\/p>\n","protected":false},"author":4,"featured_media":16160,"comment_status":"closed","ping_status":"closed","sticky":false,"template":"","format":"standard","meta":{"_acf_changed":false,"inline_featured_image":false,"_monsterinsights_skip_tracking":false,"_monsterinsights_sitenote_active":false,"_monsterinsights_sitenote_note":"","_monsterinsights_sitenote_category":0,"footnotes":""},"categories":[1],"tags":[],"class_list":["post-16182","post","type-post","status-publish","format-standard","has-post-thumbnail","hentry","category-non-classifiee"],"acf":[],"yoast_head":"<!-- This site is optimized with the Yoast SEO plugin v27.4 - https:\/\/yoast.com\/product\/yoast-seo-wordpress\/ -->\n<title>Protection de la zone humide de Coris de Cartago - SensorialSunsets<\/title>\n<meta name=\"description\" content=\"La zone humide de Coris, \u00e0 Cartago, est confront\u00e9e \u00e0 des menaces environnementales urgentes dues \u00e0 des activit\u00e9s non autoris\u00e9es.\" \/>\n<meta name=\"robots\" content=\"index, follow, max-snippet:-1, max-image-preview:large, max-video-preview:-1\" \/>\n<link rel=\"canonical\" href=\"https:\/\/www.sensorialsunsets.com\/fr\/protection-de-la-zone-humide-de-coris-de-cartago\/\" \/>\n<meta property=\"og:locale\" content=\"fr_FR\" \/>\n<meta property=\"og:type\" content=\"article\" \/>\n<meta property=\"og:title\" content=\"Protection de la zone humide de Coris de Cartago - SensorialSunsets\" \/>\n<meta property=\"og:description\" content=\"La zone humide de Coris, \u00e0 Cartago, est confront\u00e9e \u00e0 des menaces environnementales urgentes dues \u00e0 des activit\u00e9s non autoris\u00e9es.\" \/>\n<meta property=\"og:url\" content=\"https:\/\/www.sensorialsunsets.com\/fr\/protection-de-la-zone-humide-de-coris-de-cartago\/\" \/>\n<meta property=\"og:site_name\" content=\"SensorialSunsets\" \/>\n<meta property=\"article:publisher\" content=\"https:\/\/www.facebook.com\/Sensorial-Sunsets-109180614715562\" \/>\n<meta property=\"article:published_time\" content=\"2024-04-26T19:37:40+00:00\" \/>\n<meta property=\"og:image\" content=\"https:\/\/www.sensorialsunsets.com\/wp-content\/uploads\/2024\/04\/quemahumedalCoris-.webp\" \/>\n\t<meta property=\"og:image:width\" content=\"763\" \/>\n\t<meta property=\"og:image:height\" content=\"444\" \/>\n\t<meta property=\"og:image:type\" content=\"image\/webp\" \/>\n<meta name=\"author\" content=\"Sensorial Sunsets\" \/>\n<meta name=\"twitter:card\" content=\"summary_large_image\" \/>\n<meta name=\"twitter:label1\" content=\"\u00c9crit par\" \/>\n\t<meta name=\"twitter:data1\" content=\"Sensorial Sunsets\" \/>\n\t<meta name=\"twitter:label2\" content=\"Dur\u00e9e de lecture estim\u00e9e\" \/>\n\t<meta name=\"twitter:data2\" content=\"4 minutes\" \/>\n<script type=\"application\/ld+json\" class=\"yoast-schema-graph\">{\"@context\":\"https:\\\/\\\/schema.org\",\"@graph\":[{\"@type\":\"Article\",\"@id\":\"https:\\\/\\\/www.sensorialsunsets.com\\\/fr\\\/protection-de-la-zone-humide-de-coris-de-cartago\\\/#article\",\"isPartOf\":{\"@id\":\"https:\\\/\\\/www.sensorialsunsets.com\\\/fr\\\/protection-de-la-zone-humide-de-coris-de-cartago\\\/\"},\"author\":{\"name\":\"Sensorial Sunsets\",\"@id\":\"https:\\\/\\\/www.sensorialsunsets.com\\\/fr\\\/#\\\/schema\\\/person\\\/77e2fa594135aa94024c47e281d8a94d\"},\"headline\":\"Protection de la zone humide de Coris de Cartago\",\"datePublished\":\"2024-04-26T19:37:40+00:00\",\"mainEntityOfPage\":{\"@id\":\"https:\\\/\\\/www.sensorialsunsets.com\\\/fr\\\/protection-de-la-zone-humide-de-coris-de-cartago\\\/\"},\"wordCount\":862,\"publisher\":{\"@id\":\"https:\\\/\\\/www.sensorialsunsets.com\\\/fr\\\/#organization\"},\"image\":{\"@id\":\"https:\\\/\\\/www.sensorialsunsets.com\\\/fr\\\/protection-de-la-zone-humide-de-coris-de-cartago\\\/#primaryimage\"},\"thumbnailUrl\":\"https:\\\/\\\/www.sensorialsunsets.com\\\/wp-content\\\/uploads\\\/2024\\\/04\\\/quemahumedalCoris-.webp\",\"articleSection\":[\"Non classifi\u00e9(e)\"],\"inLanguage\":\"fr-FR\"},{\"@type\":\"WebPage\",\"@id\":\"https:\\\/\\\/www.sensorialsunsets.com\\\/fr\\\/protection-de-la-zone-humide-de-coris-de-cartago\\\/\",\"url\":\"https:\\\/\\\/www.sensorialsunsets.com\\\/fr\\\/protection-de-la-zone-humide-de-coris-de-cartago\\\/\",\"name\":\"Protection de la zone humide de Coris de Cartago - SensorialSunsets\",\"isPartOf\":{\"@id\":\"https:\\\/\\\/www.sensorialsunsets.com\\\/fr\\\/#website\"},\"primaryImageOfPage\":{\"@id\":\"https:\\\/\\\/www.sensorialsunsets.com\\\/fr\\\/protection-de-la-zone-humide-de-coris-de-cartago\\\/#primaryimage\"},\"image\":{\"@id\":\"https:\\\/\\\/www.sensorialsunsets.com\\\/fr\\\/protection-de-la-zone-humide-de-coris-de-cartago\\\/#primaryimage\"},\"thumbnailUrl\":\"https:\\\/\\\/www.sensorialsunsets.com\\\/wp-content\\\/uploads\\\/2024\\\/04\\\/quemahumedalCoris-.webp\",\"datePublished\":\"2024-04-26T19:37:40+00:00\",\"description\":\"La zone humide de Coris, \u00e0 Cartago, est confront\u00e9e \u00e0 des menaces environnementales urgentes dues \u00e0 des activit\u00e9s non autoris\u00e9es.\",\"inLanguage\":\"fr-FR\",\"potentialAction\":[{\"@type\":\"ReadAction\",\"target\":[\"https:\\\/\\\/www.sensorialsunsets.com\\\/fr\\\/protection-de-la-zone-humide-de-coris-de-cartago\\\/\"]}]},{\"@type\":\"ImageObject\",\"inLanguage\":\"fr-FR\",\"@id\":\"https:\\\/\\\/www.sensorialsunsets.com\\\/fr\\\/protection-de-la-zone-humide-de-coris-de-cartago\\\/#primaryimage\",\"url\":\"https:\\\/\\\/www.sensorialsunsets.com\\\/wp-content\\\/uploads\\\/2024\\\/04\\\/quemahumedalCoris-.webp\",\"contentUrl\":\"https:\\\/\\\/www.sensorialsunsets.com\\\/wp-content\\\/uploads\\\/2024\\\/04\\\/quemahumedalCoris-.webp\",\"width\":763,\"height\":444},{\"@type\":\"WebSite\",\"@id\":\"https:\\\/\\\/www.sensorialsunsets.com\\\/fr\\\/#website\",\"url\":\"https:\\\/\\\/www.sensorialsunsets.com\\\/fr\\\/\",\"name\":\"SensorialSunsets.com\",\"description\":\"D\u00e9couvrez la culture et la soci\u00e9t\u00e9 du Costa Rica sur notre blog. Explorez des articles captivants et partagez le contenu.\",\"publisher\":{\"@id\":\"https:\\\/\\\/www.sensorialsunsets.com\\\/fr\\\/#organization\"},\"alternateName\":\"Costa Rica Live Blog\",\"potentialAction\":[{\"@type\":\"SearchAction\",\"target\":{\"@type\":\"EntryPoint\",\"urlTemplate\":\"https:\\\/\\\/www.sensorialsunsets.com\\\/fr\\\/?s={search_term_string}\"},\"query-input\":{\"@type\":\"PropertyValueSpecification\",\"valueRequired\":true,\"valueName\":\"search_term_string\"}}],\"inLanguage\":\"fr-FR\"},{\"@type\":\"Organization\",\"@id\":\"https:\\\/\\\/www.sensorialsunsets.com\\\/fr\\\/#organization\",\"name\":\"SensorialSunsets\",\"url\":\"https:\\\/\\\/www.sensorialsunsets.com\\\/fr\\\/\",\"logo\":{\"@type\":\"ImageObject\",\"inLanguage\":\"fr-FR\",\"@id\":\"https:\\\/\\\/www.sensorialsunsets.com\\\/fr\\\/#\\\/schema\\\/logo\\\/image\\\/\",\"url\":\"https:\\\/\\\/www.sensorialsunsets.com\\\/wp-content\\\/uploads\\\/2023\\\/04\\\/Logo_base_line_fond_clair.svg\",\"contentUrl\":\"https:\\\/\\\/www.sensorialsunsets.com\\\/wp-content\\\/uploads\\\/2023\\\/04\\\/Logo_base_line_fond_clair.svg\",\"width\":\"1024\",\"height\":\"1024\",\"caption\":\"SensorialSunsets\"},\"image\":{\"@id\":\"https:\\\/\\\/www.sensorialsunsets.com\\\/fr\\\/#\\\/schema\\\/logo\\\/image\\\/\"},\"sameAs\":[\"https:\\\/\\\/www.facebook.com\\\/Sensorial-Sunsets-109180614715562\",\"https:\\\/\\\/www.instagram.com\\\/sensorialsunsets\\\/\"]},{\"@type\":\"Person\",\"@id\":\"https:\\\/\\\/www.sensorialsunsets.com\\\/fr\\\/#\\\/schema\\\/person\\\/77e2fa594135aa94024c47e281d8a94d\",\"name\":\"Sensorial Sunsets\",\"image\":{\"@type\":\"ImageObject\",\"inLanguage\":\"fr-FR\",\"@id\":\"https:\\\/\\\/secure.gravatar.com\\\/avatar\\\/5f2d62681b1dad94c28f1500d4fc75582acdfd32b55fd1acce0a36a3c487eabe?s=96&d=mm&r=g\",\"url\":\"https:\\\/\\\/secure.gravatar.com\\\/avatar\\\/5f2d62681b1dad94c28f1500d4fc75582acdfd32b55fd1acce0a36a3c487eabe?s=96&d=mm&r=g\",\"contentUrl\":\"https:\\\/\\\/secure.gravatar.com\\\/avatar\\\/5f2d62681b1dad94c28f1500d4fc75582acdfd32b55fd1acce0a36a3c487eabe?s=96&d=mm&r=g\",\"caption\":\"Sensorial Sunsets\"},\"url\":\"https:\\\/\\\/www.sensorialsunsets.com\\\/fr\\\/author\\\/asistentes-sensorial-sunsets\\\/\"}]}<\/script>\n<!-- \/ Yoast SEO plugin. -->","yoast_head_json":{"title":"Protection de la zone humide de Coris de Cartago - SensorialSunsets","description":"La zone humide de Coris, \u00e0 Cartago, est confront\u00e9e \u00e0 des menaces environnementales urgentes dues \u00e0 des activit\u00e9s non autoris\u00e9es.","robots":{"index":"index","follow":"follow","max-snippet":"max-snippet:-1","max-image-preview":"max-image-preview:large","max-video-preview":"max-video-preview:-1"},"canonical":"https:\/\/www.sensorialsunsets.com\/fr\/protection-de-la-zone-humide-de-coris-de-cartago\/","og_locale":"fr_FR","og_type":"article","og_title":"Protection de la zone humide de Coris de Cartago - SensorialSunsets","og_description":"La zone humide de Coris, \u00e0 Cartago, est confront\u00e9e \u00e0 des menaces environnementales urgentes dues \u00e0 des activit\u00e9s non autoris\u00e9es.","og_url":"https:\/\/www.sensorialsunsets.com\/fr\/protection-de-la-zone-humide-de-coris-de-cartago\/","og_site_name":"SensorialSunsets","article_publisher":"https:\/\/www.facebook.com\/Sensorial-Sunsets-109180614715562","article_published_time":"2024-04-26T19:37:40+00:00","og_image":[{"width":763,"height":444,"url":"https:\/\/www.sensorialsunsets.com\/wp-content\/uploads\/2024\/04\/quemahumedalCoris-.webp","type":"image\/webp"}],"author":"Sensorial Sunsets","twitter_card":"summary_large_image","twitter_misc":{"\u00c9crit par":"Sensorial Sunsets","Dur\u00e9e de lecture estim\u00e9e":"4 minutes"},"schema":{"@context":"https:\/\/schema.org","@graph":[{"@type":"Article","@id":"https:\/\/www.sensorialsunsets.com\/fr\/protection-de-la-zone-humide-de-coris-de-cartago\/#article","isPartOf":{"@id":"https:\/\/www.sensorialsunsets.com\/fr\/protection-de-la-zone-humide-de-coris-de-cartago\/"},"author":{"name":"Sensorial Sunsets","@id":"https:\/\/www.sensorialsunsets.com\/fr\/#\/schema\/person\/77e2fa594135aa94024c47e281d8a94d"},"headline":"Protection de la zone humide de Coris de Cartago","datePublished":"2024-04-26T19:37:40+00:00","mainEntityOfPage":{"@id":"https:\/\/www.sensorialsunsets.com\/fr\/protection-de-la-zone-humide-de-coris-de-cartago\/"},"wordCount":862,"publisher":{"@id":"https:\/\/www.sensorialsunsets.com\/fr\/#organization"},"image":{"@id":"https:\/\/www.sensorialsunsets.com\/fr\/protection-de-la-zone-humide-de-coris-de-cartago\/#primaryimage"},"thumbnailUrl":"https:\/\/www.sensorialsunsets.com\/wp-content\/uploads\/2024\/04\/quemahumedalCoris-.webp","articleSection":["Non classifi\u00e9(e)"],"inLanguage":"fr-FR"},{"@type":"WebPage","@id":"https:\/\/www.sensorialsunsets.com\/fr\/protection-de-la-zone-humide-de-coris-de-cartago\/","url":"https:\/\/www.sensorialsunsets.com\/fr\/protection-de-la-zone-humide-de-coris-de-cartago\/","name":"Protection de la zone humide de Coris de Cartago - SensorialSunsets","isPartOf":{"@id":"https:\/\/www.sensorialsunsets.com\/fr\/#website"},"primaryImageOfPage":{"@id":"https:\/\/www.sensorialsunsets.com\/fr\/protection-de-la-zone-humide-de-coris-de-cartago\/#primaryimage"},"image":{"@id":"https:\/\/www.sensorialsunsets.com\/fr\/protection-de-la-zone-humide-de-coris-de-cartago\/#primaryimage"},"thumbnailUrl":"https:\/\/www.sensorialsunsets.com\/wp-content\/uploads\/2024\/04\/quemahumedalCoris-.webp","datePublished":"2024-04-26T19:37:40+00:00","description":"La zone humide de Coris, \u00e0 Cartago, est confront\u00e9e \u00e0 des menaces environnementales urgentes dues \u00e0 des activit\u00e9s non autoris\u00e9es.","inLanguage":"fr-FR","potentialAction":[{"@type":"ReadAction","target":["https:\/\/www.sensorialsunsets.com\/fr\/protection-de-la-zone-humide-de-coris-de-cartago\/"]}]},{"@type":"ImageObject","inLanguage":"fr-FR","@id":"https:\/\/www.sensorialsunsets.com\/fr\/protection-de-la-zone-humide-de-coris-de-cartago\/#primaryimage","url":"https:\/\/www.sensorialsunsets.com\/wp-content\/uploads\/2024\/04\/quemahumedalCoris-.webp","contentUrl":"https:\/\/www.sensorialsunsets.com\/wp-content\/uploads\/2024\/04\/quemahumedalCoris-.webp","width":763,"height":444},{"@type":"WebSite","@id":"https:\/\/www.sensorialsunsets.com\/fr\/#website","url":"https:\/\/www.sensorialsunsets.com\/fr\/","name":"SensorialSunsets.com","description":"D\u00e9couvrez la culture et la soci\u00e9t\u00e9 du Costa Rica sur notre blog. Explorez des articles captivants et partagez le contenu.","publisher":{"@id":"https:\/\/www.sensorialsunsets.com\/fr\/#organization"},"alternateName":"Costa Rica Live Blog","potentialAction":[{"@type":"SearchAction","target":{"@type":"EntryPoint","urlTemplate":"https:\/\/www.sensorialsunsets.com\/fr\/?s={search_term_string}"},"query-input":{"@type":"PropertyValueSpecification","valueRequired":true,"valueName":"search_term_string"}}],"inLanguage":"fr-FR"},{"@type":"Organization","@id":"https:\/\/www.sensorialsunsets.com\/fr\/#organization","name":"SensorialSunsets","url":"https:\/\/www.sensorialsunsets.com\/fr\/","logo":{"@type":"ImageObject","inLanguage":"fr-FR","@id":"https:\/\/www.sensorialsunsets.com\/fr\/#\/schema\/logo\/image\/","url":"https:\/\/www.sensorialsunsets.com\/wp-content\/uploads\/2023\/04\/Logo_base_line_fond_clair.svg","contentUrl":"https:\/\/www.sensorialsunsets.com\/wp-content\/uploads\/2023\/04\/Logo_base_line_fond_clair.svg","width":"1024","height":"1024","caption":"SensorialSunsets"},"image":{"@id":"https:\/\/www.sensorialsunsets.com\/fr\/#\/schema\/logo\/image\/"},"sameAs":["https:\/\/www.facebook.com\/Sensorial-Sunsets-109180614715562","https:\/\/www.instagram.com\/sensorialsunsets\/"]},{"@type":"Person","@id":"https:\/\/www.sensorialsunsets.com\/fr\/#\/schema\/person\/77e2fa594135aa94024c47e281d8a94d","name":"Sensorial Sunsets","image":{"@type":"ImageObject","inLanguage":"fr-FR","@id":"https:\/\/secure.gravatar.com\/avatar\/5f2d62681b1dad94c28f1500d4fc75582acdfd32b55fd1acce0a36a3c487eabe?s=96&d=mm&r=g","url":"https:\/\/secure.gravatar.com\/avatar\/5f2d62681b1dad94c28f1500d4fc75582acdfd32b55fd1acce0a36a3c487eabe?s=96&d=mm&r=g","contentUrl":"https:\/\/secure.gravatar.com\/avatar\/5f2d62681b1dad94c28f1500d4fc75582acdfd32b55fd1acce0a36a3c487eabe?s=96&d=mm&r=g","caption":"Sensorial Sunsets"},"url":"https:\/\/www.sensorialsunsets.com\/fr\/author\/asistentes-sensorial-sunsets\/"}]}},"_links":{"self":[{"href":"https:\/\/www.sensorialsunsets.com\/fr\/wp-json\/wp\/v2\/posts\/16182","targetHints":{"allow":["GET"]}}],"collection":[{"href":"https:\/\/www.sensorialsunsets.com\/fr\/wp-json\/wp\/v2\/posts"}],"about":[{"href":"https:\/\/www.sensorialsunsets.com\/fr\/wp-json\/wp\/v2\/types\/post"}],"author":[{"embeddable":true,"href":"https:\/\/www.sensorialsunsets.com\/fr\/wp-json\/wp\/v2\/users\/4"}],"replies":[{"embeddable":true,"href":"https:\/\/www.sensorialsunsets.com\/fr\/wp-json\/wp\/v2\/comments?post=16182"}],"version-history":[{"count":0,"href":"https:\/\/www.sensorialsunsets.com\/fr\/wp-json\/wp\/v2\/posts\/16182\/revisions"}],"wp:featuredmedia":[{"embeddable":true,"href":"https:\/\/www.sensorialsunsets.com\/fr\/wp-json\/wp\/v2\/media\/16160"}],"wp:attachment":[{"href":"https:\/\/www.sensorialsunsets.com\/fr\/wp-json\/wp\/v2\/media?parent=16182"}],"wp:term":[{"taxonomy":"category","embeddable":true,"href":"https:\/\/www.sensorialsunsets.com\/fr\/wp-json\/wp\/v2\/categories?post=16182"},{"taxonomy":"post_tag","embeddable":true,"href":"https:\/\/www.sensorialsunsets.com\/fr\/wp-json\/wp\/v2\/tags?post=16182"}],"curies":[{"name":"wp","href":"https:\/\/api.w.org\/{rel}","templated":true}]}}