{"id":16590,"date":"2024-05-11T10:50:42","date_gmt":"2024-05-11T16:50:42","guid":{"rendered":"https:\/\/www.sensorialsunsets.com\/?p=16590"},"modified":"2024-05-11T10:50:42","modified_gmt":"2024-05-11T16:50:42","slug":"chepe-a-la-mode-deuxieme-art-city-tour-de-2024","status":"publish","type":"post","link":"https:\/\/www.sensorialsunsets.com\/fr\/chepe-a-la-mode-deuxieme-art-city-tour-de-2024\/","title":{"rendered":"Chepe \u00e0 la mode : Deuxi\u00e8me Art City Tour de 2024"},"content":{"rendered":"\n<p>Chepe de Moda est une \u00e9dition sp\u00e9ciale du <a href=\"\u00ab\" https:=\"\">Art City Tour<\/a> qui se tiendra \u00e0 San Jos\u00e9, au Costa Rica. La deuxi\u00e8me \u00e9dition de l&rsquo;Art City Tour aura lieu cette ann\u00e9e, plus pr\u00e9cis\u00e9ment au mois de mai.<\/p>\n\n\n\n<p>L&rsquo;objectif de l&rsquo;Art City Tour est de rapprocher le public des espaces culturels et artistiques de San Jos\u00e9, en reliant l&rsquo;offre culturelle du centre-ville \u00e0 la S\u00e1bana, et d&rsquo;offrir une exp\u00e9rience gratuite et accessible gr\u00e2ce \u00e0 des visites guid\u00e9es en bus \u00e0 des heures sp\u00e9ciales.<\/p>\n\n\n\n<blockquote class=\"wp-block-quote is-layout-flow wp-block-quote-is-layout-flow\">\n<p>Ce jeudi 18 mai, Journ\u00e9e internationale des mus\u00e9es, Chepe sera en vogue dans 14 espaces participants, o\u00f9 des expositions, des ateliers, des visites guid\u00e9es, des conf\u00e9rences, des installations, des interventions, de la vid\u00e9o-danse, entre autres activit\u00e9s, mettront en valeur le travail culturel et urbain d&rsquo;artistes nationaux et internationaux.<\/p>\n<\/blockquote>\n\n\n\n<h3 class=\"wp-block-heading\">Chepe \u00e0 la mode : D\u00e9couvrir la ville \u00e0 travers l&rsquo;art<\/h3>\n\n\n\n<p>Des projets tels que l&rsquo;Art City Tour au Costa Rica sont importants car ils favorisent l&rsquo;acc\u00e8s \u00e0 la culture et \u00e0 l&rsquo;art d&rsquo;une mani\u00e8re inclusive et gratuite pour la population. Ces \u00e9v\u00e9nements culturels permettent aux r\u00e9sidents et aux visiteurs de profiter de visites guid\u00e9es de mus\u00e9es, de galeries et d&rsquo;espaces culturels, favorisant ainsi l&rsquo;appr\u00e9ciation de l&rsquo;art et de l&rsquo;histoire du pays. De plus, l&rsquo;Art City Tour contribue \u00e0 la revitalisation de la ville, en encourageant la participation \u00e0 des activit\u00e9s culturelles et en renfor\u00e7ant l&rsquo;identit\u00e9 culturelle de San Jos\u00e9. <\/p>\n\n\n\n<p>En g\u00e9n\u00e9ral, il y a plusieurs \u00e9ditions par an, comme \u00ab Chepe \u00e0 la Mode \u201c en mai et \u201d Vacances en Chepe \u00bb en juillet. Lors de ce circuit, vous visiterez plusieurs mus\u00e9es et sites culturels de San Jos\u00e9, comme le mus\u00e9e d&rsquo;art contemporain et le mus\u00e9e de Jade.<\/p>\n\n\n\n<blockquote class=\"wp-block-quote is-layout-flow wp-block-quote-is-layout-flow\">\n<p>Ce 18 mai, de 17 h \u00e0 20 h 30, profitez de l&rsquo;Art City Tour dans son \u00e9dition \u00ab Chepe \u00e0 la Mode \u00bb.<\/p>\n<\/blockquote>\n\n\n\n<p>La visite est gratuite et des navettes circulent sur des circuits ferm\u00e9s tout au long de l&rsquo;\u00e9v\u00e9nement.<\/p>\n\n\n\n<p>Pour participer, il est n\u00e9cessaire de s&rsquo;inscrire \u00e0 l&rsquo;avance car la capacit\u00e9 d&rsquo;accueil est limit\u00e9e \u00e0 3 000 personnes. Au-del\u00e0 des visites, de nombreuses activit\u00e9s sont programm\u00e9es dans les diff\u00e9rents espaces participants.<\/p>\n\n\n\n<figure class=\"wp-block-gallery has-nested-images columns-default is-cropped wp-block-gallery-1 is-layout-flex wp-block-gallery-is-layout-flex\">\n<figure class=\"wp-block-image size-large\"><img loading=\"lazy\" decoding=\"async\" width=\"1024\" height=\"576\" data-id=\"16578\" src=\"https:\/\/www.sensorialsunsets.com\/wp-content\/uploads\/2024\/05\/artcitytour3-1024x576.jpg\" alt=\"Chepe \u00e0 la mode : Deuxi\u00e8me Art City Tour de 2024\" class=\"wp-image-16578\" srcset=\"https:\/\/www.sensorialsunsets.com\/wp-content\/uploads\/2024\/05\/artcitytour3-1024x576.jpg 1024w, https:\/\/www.sensorialsunsets.com\/wp-content\/uploads\/2024\/05\/artcitytour3-300x169.jpg 300w, https:\/\/www.sensorialsunsets.com\/wp-content\/uploads\/2024\/05\/artcitytour3-768x432.jpg 768w, https:\/\/www.sensorialsunsets.com\/wp-content\/uploads\/2024\/05\/artcitytour3.jpg 1200w\" sizes=\"auto, (max-width: 1024px) 100vw, 1024px\" \/><\/figure>\n\n\n\n<figure class=\"wp-block-image size-large\"><img loading=\"lazy\" decoding=\"async\" width=\"1024\" height=\"681\" data-id=\"16575\" src=\"https:\/\/www.sensorialsunsets.com\/wp-content\/uploads\/2024\/05\/artcitytoru_lanacion-1024x681.avif\" alt=\"Chepe \u00e0 la mode : Deuxi\u00e8me Art City Tour de 2024\" class=\"wp-image-16575\" srcset=\"https:\/\/www.sensorialsunsets.com\/wp-content\/uploads\/2024\/05\/artcitytoru_lanacion-1024x681.avif 1024w, https:\/\/www.sensorialsunsets.com\/wp-content\/uploads\/2024\/05\/artcitytoru_lanacion-300x200.avif 300w, https:\/\/www.sensorialsunsets.com\/wp-content\/uploads\/2024\/05\/artcitytoru_lanacion-768x511.avif 768w, https:\/\/www.sensorialsunsets.com\/wp-content\/uploads\/2024\/05\/artcitytoru_lanacion-334x222.avif 334w, https:\/\/www.sensorialsunsets.com\/wp-content\/uploads\/2024\/05\/artcitytoru_lanacion-1320x878.avif 1320w, https:\/\/www.sensorialsunsets.com\/wp-content\/uploads\/2024\/05\/artcitytoru_lanacion.avif 1440w\" sizes=\"auto, (max-width: 1024px) 100vw, 1024px\" \/><\/figure>\n\n\n\n<figure class=\"wp-block-image size-large\"><img loading=\"lazy\" decoding=\"async\" width=\"1024\" height=\"576\" data-id=\"16581\" src=\"https:\/\/www.sensorialsunsets.com\/wp-content\/uploads\/2024\/05\/n58-1024x576.jpg\" alt=\"Chepe \u00e0 la mode : Deuxi\u00e8me Art City Tour de 2024\" class=\"wp-image-16581\" srcset=\"https:\/\/www.sensorialsunsets.com\/wp-content\/uploads\/2024\/05\/n58-1024x576.jpg 1024w, https:\/\/www.sensorialsunsets.com\/wp-content\/uploads\/2024\/05\/n58-300x169.jpg 300w, https:\/\/www.sensorialsunsets.com\/wp-content\/uploads\/2024\/05\/n58-768x432.jpg 768w, https:\/\/www.sensorialsunsets.com\/wp-content\/uploads\/2024\/05\/n58-1536x864.jpg 1536w, https:\/\/www.sensorialsunsets.com\/wp-content\/uploads\/2024\/05\/n58-1320x743.jpg 1320w, https:\/\/www.sensorialsunsets.com\/wp-content\/uploads\/2024\/05\/n58.jpg 2048w\" sizes=\"auto, (max-width: 1024px) 100vw, 1024px\" \/><\/figure>\n<\/figure>\n\n\n\n<h3 class=\"wp-block-heading\">Culture en action<\/h3>\n\n\n\n<p>Les fonds du Art City Tour financent la logistique et offrent un acc\u00e8s gratuit aux espaces culturels et au transport en bus pour les participants.<\/p>\n\n\n\n<p>En particulier, le parrainage d&rsquo;entreprises telles que Davivienda rend possible l&rsquo;acc\u00e8s gratuit aux bus qui assurent le service pendant les <a href=\"\u00ab\" https:=\"\">circuits<\/a>. L&rsquo;acc\u00e8s gratuit aux <a href=\"\u00ab\" https:=\"\">espaces culturels<\/a> participants est quant \u00e0 lui possible gr\u00e2ce \u00e0 la gestion individuelle de chaque institution.<\/p>\n\n\n\n<p>D&rsquo;autre part, une partie des fonds collect\u00e9s peut \u00eatre utilis\u00e9e pour organiser des activit\u00e9s sp\u00e9ciales, promouvoir l&rsquo;\u00e9v\u00e9nement et soutenir la gestion des espaces culturels participants. En bref, ce projet enrichit la culture du Costa Rica et renforce le tissu social en d\u00e9mocratisant l&rsquo;acc\u00e8s \u00e0 la culture.<\/p>\n\n\n\n<p><strong>Sensorial Sunsets<\/strong><\/p>\n","protected":false},"excerpt":{"rendered":"<p>Chepe de Moda est une \u00e9dition sp\u00e9ciale du Art City Tour qui se tiendra \u00e0 San Jos\u00e9, au Costa Rica. La deuxi\u00e8me \u00e9dition de l&rsquo;Art City Tour aura lieu cette ann\u00e9e, plus pr\u00e9cis\u00e9ment au mois de mai. L&rsquo;objectif de l&rsquo;Art City Tour est de rapprocher le public des espaces culturels et artistiques de San Jos\u00e9, [&hellip;]<\/p>\n","protected":false},"author":4,"featured_media":16571,"comment_status":"closed","ping_status":"closed","sticky":false,"template":"","format":"standard","meta":{"_acf_changed":false,"inline_featured_image":false,"_monsterinsights_skip_tracking":false,"_monsterinsights_sitenote_active":false,"_monsterinsights_sitenote_note":"","_monsterinsights_sitenote_category":0,"footnotes":""},"categories":[1],"tags":[],"class_list":["post-16590","post","type-post","status-publish","format-standard","has-post-thumbnail","hentry","category-non-classifiee"],"acf":[],"yoast_head":"<!-- This site is optimized with the Yoast SEO plugin v27.4 - https:\/\/yoast.com\/product\/yoast-seo-wordpress\/ -->\n<title>Chepe \u00e0 la mode : Deuxi\u00e8me Art City Tour de 2024 - SensorialSunsets<\/title>\n<meta name=\"description\" content=\"Chepe \u00e0 la Mode, une \u00e9dition qui vous fera visiter gratuitement les mus\u00e9es et les espaces d&#039;art les plus remarquables de la ville.\" \/>\n<meta name=\"robots\" content=\"index, follow, max-snippet:-1, max-image-preview:large, max-video-preview:-1\" \/>\n<link rel=\"canonical\" href=\"https:\/\/www.sensorialsunsets.com\/fr\/chepe-a-la-mode-deuxieme-art-city-tour-de-2024\/\" \/>\n<meta property=\"og:locale\" content=\"fr_FR\" \/>\n<meta property=\"og:type\" content=\"article\" \/>\n<meta property=\"og:title\" content=\"Chepe \u00e0 la mode : Deuxi\u00e8me Art City Tour de 2024 - SensorialSunsets\" \/>\n<meta property=\"og:description\" content=\"Chepe \u00e0 la Mode, une \u00e9dition qui vous fera visiter gratuitement les mus\u00e9es et les espaces d&#039;art les plus remarquables de la ville.\" \/>\n<meta property=\"og:url\" content=\"https:\/\/www.sensorialsunsets.com\/fr\/chepe-a-la-mode-deuxieme-art-city-tour-de-2024\/\" \/>\n<meta property=\"og:site_name\" content=\"SensorialSunsets\" \/>\n<meta property=\"article:publisher\" content=\"https:\/\/www.facebook.com\/Sensorial-Sunsets-109180614715562\" \/>\n<meta property=\"article:published_time\" content=\"2024-05-11T16:50:42+00:00\" \/>\n<meta property=\"og:image\" content=\"https:\/\/www.sensorialsunsets.com\/wp-content\/uploads\/2024\/05\/artcitytour.jpg\" \/>\n\t<meta property=\"og:image:width\" content=\"993\" \/>\n\t<meta property=\"og:image:height\" content=\"661\" \/>\n\t<meta property=\"og:image:type\" content=\"image\/jpeg\" \/>\n<meta name=\"author\" content=\"Sensorial Sunsets\" \/>\n<meta name=\"twitter:card\" content=\"summary_large_image\" \/>\n<meta name=\"twitter:label1\" content=\"\u00c9crit par\" \/>\n\t<meta name=\"twitter:data1\" content=\"Sensorial Sunsets\" \/>\n\t<meta name=\"twitter:label2\" content=\"Dur\u00e9e de lecture estim\u00e9e\" \/>\n\t<meta name=\"twitter:data2\" content=\"2 minutes\" \/>\n<script type=\"application\/ld+json\" class=\"yoast-schema-graph\">{\"@context\":\"https:\\\/\\\/schema.org\",\"@graph\":[{\"@type\":\"Article\",\"@id\":\"https:\\\/\\\/www.sensorialsunsets.com\\\/fr\\\/chepe-a-la-mode-deuxieme-art-city-tour-de-2024\\\/#article\",\"isPartOf\":{\"@id\":\"https:\\\/\\\/www.sensorialsunsets.com\\\/fr\\\/chepe-a-la-mode-deuxieme-art-city-tour-de-2024\\\/\"},\"author\":{\"name\":\"Sensorial Sunsets\",\"@id\":\"https:\\\/\\\/www.sensorialsunsets.com\\\/fr\\\/#\\\/schema\\\/person\\\/77e2fa594135aa94024c47e281d8a94d\"},\"headline\":\"Chepe \u00e0 la mode : Deuxi\u00e8me Art City Tour de 2024\",\"datePublished\":\"2024-05-11T16:50:42+00:00\",\"mainEntityOfPage\":{\"@id\":\"https:\\\/\\\/www.sensorialsunsets.com\\\/fr\\\/chepe-a-la-mode-deuxieme-art-city-tour-de-2024\\\/\"},\"wordCount\":523,\"publisher\":{\"@id\":\"https:\\\/\\\/www.sensorialsunsets.com\\\/fr\\\/#organization\"},\"image\":{\"@id\":\"https:\\\/\\\/www.sensorialsunsets.com\\\/fr\\\/chepe-a-la-mode-deuxieme-art-city-tour-de-2024\\\/#primaryimage\"},\"thumbnailUrl\":\"https:\\\/\\\/www.sensorialsunsets.com\\\/wp-content\\\/uploads\\\/2024\\\/05\\\/artcitytour.jpg\",\"articleSection\":[\"Non classifi\u00e9(e)\"],\"inLanguage\":\"fr-FR\"},{\"@type\":\"WebPage\",\"@id\":\"https:\\\/\\\/www.sensorialsunsets.com\\\/fr\\\/chepe-a-la-mode-deuxieme-art-city-tour-de-2024\\\/\",\"url\":\"https:\\\/\\\/www.sensorialsunsets.com\\\/fr\\\/chepe-a-la-mode-deuxieme-art-city-tour-de-2024\\\/\",\"name\":\"Chepe \u00e0 la mode : Deuxi\u00e8me Art City Tour de 2024 - SensorialSunsets\",\"isPartOf\":{\"@id\":\"https:\\\/\\\/www.sensorialsunsets.com\\\/fr\\\/#website\"},\"primaryImageOfPage\":{\"@id\":\"https:\\\/\\\/www.sensorialsunsets.com\\\/fr\\\/chepe-a-la-mode-deuxieme-art-city-tour-de-2024\\\/#primaryimage\"},\"image\":{\"@id\":\"https:\\\/\\\/www.sensorialsunsets.com\\\/fr\\\/chepe-a-la-mode-deuxieme-art-city-tour-de-2024\\\/#primaryimage\"},\"thumbnailUrl\":\"https:\\\/\\\/www.sensorialsunsets.com\\\/wp-content\\\/uploads\\\/2024\\\/05\\\/artcitytour.jpg\",\"datePublished\":\"2024-05-11T16:50:42+00:00\",\"description\":\"Chepe \u00e0 la Mode, une \u00e9dition qui vous fera visiter gratuitement les mus\u00e9es et les espaces d'art les plus remarquables de la ville.\",\"inLanguage\":\"fr-FR\",\"potentialAction\":[{\"@type\":\"ReadAction\",\"target\":[\"https:\\\/\\\/www.sensorialsunsets.com\\\/fr\\\/chepe-a-la-mode-deuxieme-art-city-tour-de-2024\\\/\"]}]},{\"@type\":\"ImageObject\",\"inLanguage\":\"fr-FR\",\"@id\":\"https:\\\/\\\/www.sensorialsunsets.com\\\/fr\\\/chepe-a-la-mode-deuxieme-art-city-tour-de-2024\\\/#primaryimage\",\"url\":\"https:\\\/\\\/www.sensorialsunsets.com\\\/wp-content\\\/uploads\\\/2024\\\/05\\\/artcitytour.jpg\",\"contentUrl\":\"https:\\\/\\\/www.sensorialsunsets.com\\\/wp-content\\\/uploads\\\/2024\\\/05\\\/artcitytour.jpg\",\"width\":993,\"height\":661},{\"@type\":\"WebSite\",\"@id\":\"https:\\\/\\\/www.sensorialsunsets.com\\\/fr\\\/#website\",\"url\":\"https:\\\/\\\/www.sensorialsunsets.com\\\/fr\\\/\",\"name\":\"SensorialSunsets.com\",\"description\":\"D\u00e9couvrez la culture et la soci\u00e9t\u00e9 du Costa Rica sur notre blog. Explorez des articles captivants et partagez le contenu.\",\"publisher\":{\"@id\":\"https:\\\/\\\/www.sensorialsunsets.com\\\/fr\\\/#organization\"},\"alternateName\":\"Costa Rica Live Blog\",\"potentialAction\":[{\"@type\":\"SearchAction\",\"target\":{\"@type\":\"EntryPoint\",\"urlTemplate\":\"https:\\\/\\\/www.sensorialsunsets.com\\\/fr\\\/?s={search_term_string}\"},\"query-input\":{\"@type\":\"PropertyValueSpecification\",\"valueRequired\":true,\"valueName\":\"search_term_string\"}}],\"inLanguage\":\"fr-FR\"},{\"@type\":\"Organization\",\"@id\":\"https:\\\/\\\/www.sensorialsunsets.com\\\/fr\\\/#organization\",\"name\":\"SensorialSunsets\",\"url\":\"https:\\\/\\\/www.sensorialsunsets.com\\\/fr\\\/\",\"logo\":{\"@type\":\"ImageObject\",\"inLanguage\":\"fr-FR\",\"@id\":\"https:\\\/\\\/www.sensorialsunsets.com\\\/fr\\\/#\\\/schema\\\/logo\\\/image\\\/\",\"url\":\"https:\\\/\\\/www.sensorialsunsets.com\\\/wp-content\\\/uploads\\\/2023\\\/04\\\/Logo_base_line_fond_clair.svg\",\"contentUrl\":\"https:\\\/\\\/www.sensorialsunsets.com\\\/wp-content\\\/uploads\\\/2023\\\/04\\\/Logo_base_line_fond_clair.svg\",\"width\":\"1024\",\"height\":\"1024\",\"caption\":\"SensorialSunsets\"},\"image\":{\"@id\":\"https:\\\/\\\/www.sensorialsunsets.com\\\/fr\\\/#\\\/schema\\\/logo\\\/image\\\/\"},\"sameAs\":[\"https:\\\/\\\/www.facebook.com\\\/Sensorial-Sunsets-109180614715562\",\"https:\\\/\\\/www.instagram.com\\\/sensorialsunsets\\\/\"]},{\"@type\":\"Person\",\"@id\":\"https:\\\/\\\/www.sensorialsunsets.com\\\/fr\\\/#\\\/schema\\\/person\\\/77e2fa594135aa94024c47e281d8a94d\",\"name\":\"Sensorial Sunsets\",\"image\":{\"@type\":\"ImageObject\",\"inLanguage\":\"fr-FR\",\"@id\":\"https:\\\/\\\/secure.gravatar.com\\\/avatar\\\/5f2d62681b1dad94c28f1500d4fc75582acdfd32b55fd1acce0a36a3c487eabe?s=96&d=mm&r=g\",\"url\":\"https:\\\/\\\/secure.gravatar.com\\\/avatar\\\/5f2d62681b1dad94c28f1500d4fc75582acdfd32b55fd1acce0a36a3c487eabe?s=96&d=mm&r=g\",\"contentUrl\":\"https:\\\/\\\/secure.gravatar.com\\\/avatar\\\/5f2d62681b1dad94c28f1500d4fc75582acdfd32b55fd1acce0a36a3c487eabe?s=96&d=mm&r=g\",\"caption\":\"Sensorial Sunsets\"},\"url\":\"https:\\\/\\\/www.sensorialsunsets.com\\\/fr\\\/author\\\/asistentes-sensorial-sunsets\\\/\"}]}<\/script>\n<!-- \/ Yoast SEO plugin. -->","yoast_head_json":{"title":"Chepe \u00e0 la mode : Deuxi\u00e8me Art City Tour de 2024 - SensorialSunsets","description":"Chepe \u00e0 la Mode, une \u00e9dition qui vous fera visiter gratuitement les mus\u00e9es et les espaces d'art les plus remarquables de la ville.","robots":{"index":"index","follow":"follow","max-snippet":"max-snippet:-1","max-image-preview":"max-image-preview:large","max-video-preview":"max-video-preview:-1"},"canonical":"https:\/\/www.sensorialsunsets.com\/fr\/chepe-a-la-mode-deuxieme-art-city-tour-de-2024\/","og_locale":"fr_FR","og_type":"article","og_title":"Chepe \u00e0 la mode : Deuxi\u00e8me Art City Tour de 2024 - SensorialSunsets","og_description":"Chepe \u00e0 la Mode, une \u00e9dition qui vous fera visiter gratuitement les mus\u00e9es et les espaces d'art les plus remarquables de la ville.","og_url":"https:\/\/www.sensorialsunsets.com\/fr\/chepe-a-la-mode-deuxieme-art-city-tour-de-2024\/","og_site_name":"SensorialSunsets","article_publisher":"https:\/\/www.facebook.com\/Sensorial-Sunsets-109180614715562","article_published_time":"2024-05-11T16:50:42+00:00","og_image":[{"width":993,"height":661,"url":"https:\/\/www.sensorialsunsets.com\/wp-content\/uploads\/2024\/05\/artcitytour.jpg","type":"image\/jpeg"}],"author":"Sensorial Sunsets","twitter_card":"summary_large_image","twitter_misc":{"\u00c9crit par":"Sensorial Sunsets","Dur\u00e9e de lecture estim\u00e9e":"2 minutes"},"schema":{"@context":"https:\/\/schema.org","@graph":[{"@type":"Article","@id":"https:\/\/www.sensorialsunsets.com\/fr\/chepe-a-la-mode-deuxieme-art-city-tour-de-2024\/#article","isPartOf":{"@id":"https:\/\/www.sensorialsunsets.com\/fr\/chepe-a-la-mode-deuxieme-art-city-tour-de-2024\/"},"author":{"name":"Sensorial Sunsets","@id":"https:\/\/www.sensorialsunsets.com\/fr\/#\/schema\/person\/77e2fa594135aa94024c47e281d8a94d"},"headline":"Chepe \u00e0 la mode : Deuxi\u00e8me Art City Tour de 2024","datePublished":"2024-05-11T16:50:42+00:00","mainEntityOfPage":{"@id":"https:\/\/www.sensorialsunsets.com\/fr\/chepe-a-la-mode-deuxieme-art-city-tour-de-2024\/"},"wordCount":523,"publisher":{"@id":"https:\/\/www.sensorialsunsets.com\/fr\/#organization"},"image":{"@id":"https:\/\/www.sensorialsunsets.com\/fr\/chepe-a-la-mode-deuxieme-art-city-tour-de-2024\/#primaryimage"},"thumbnailUrl":"https:\/\/www.sensorialsunsets.com\/wp-content\/uploads\/2024\/05\/artcitytour.jpg","articleSection":["Non classifi\u00e9(e)"],"inLanguage":"fr-FR"},{"@type":"WebPage","@id":"https:\/\/www.sensorialsunsets.com\/fr\/chepe-a-la-mode-deuxieme-art-city-tour-de-2024\/","url":"https:\/\/www.sensorialsunsets.com\/fr\/chepe-a-la-mode-deuxieme-art-city-tour-de-2024\/","name":"Chepe \u00e0 la mode : Deuxi\u00e8me Art City Tour de 2024 - SensorialSunsets","isPartOf":{"@id":"https:\/\/www.sensorialsunsets.com\/fr\/#website"},"primaryImageOfPage":{"@id":"https:\/\/www.sensorialsunsets.com\/fr\/chepe-a-la-mode-deuxieme-art-city-tour-de-2024\/#primaryimage"},"image":{"@id":"https:\/\/www.sensorialsunsets.com\/fr\/chepe-a-la-mode-deuxieme-art-city-tour-de-2024\/#primaryimage"},"thumbnailUrl":"https:\/\/www.sensorialsunsets.com\/wp-content\/uploads\/2024\/05\/artcitytour.jpg","datePublished":"2024-05-11T16:50:42+00:00","description":"Chepe \u00e0 la Mode, une \u00e9dition qui vous fera visiter gratuitement les mus\u00e9es et les espaces d'art les plus remarquables de la ville.","inLanguage":"fr-FR","potentialAction":[{"@type":"ReadAction","target":["https:\/\/www.sensorialsunsets.com\/fr\/chepe-a-la-mode-deuxieme-art-city-tour-de-2024\/"]}]},{"@type":"ImageObject","inLanguage":"fr-FR","@id":"https:\/\/www.sensorialsunsets.com\/fr\/chepe-a-la-mode-deuxieme-art-city-tour-de-2024\/#primaryimage","url":"https:\/\/www.sensorialsunsets.com\/wp-content\/uploads\/2024\/05\/artcitytour.jpg","contentUrl":"https:\/\/www.sensorialsunsets.com\/wp-content\/uploads\/2024\/05\/artcitytour.jpg","width":993,"height":661},{"@type":"WebSite","@id":"https:\/\/www.sensorialsunsets.com\/fr\/#website","url":"https:\/\/www.sensorialsunsets.com\/fr\/","name":"SensorialSunsets.com","description":"D\u00e9couvrez la culture et la soci\u00e9t\u00e9 du Costa Rica sur notre blog. Explorez des articles captivants et partagez le contenu.","publisher":{"@id":"https:\/\/www.sensorialsunsets.com\/fr\/#organization"},"alternateName":"Costa Rica Live Blog","potentialAction":[{"@type":"SearchAction","target":{"@type":"EntryPoint","urlTemplate":"https:\/\/www.sensorialsunsets.com\/fr\/?s={search_term_string}"},"query-input":{"@type":"PropertyValueSpecification","valueRequired":true,"valueName":"search_term_string"}}],"inLanguage":"fr-FR"},{"@type":"Organization","@id":"https:\/\/www.sensorialsunsets.com\/fr\/#organization","name":"SensorialSunsets","url":"https:\/\/www.sensorialsunsets.com\/fr\/","logo":{"@type":"ImageObject","inLanguage":"fr-FR","@id":"https:\/\/www.sensorialsunsets.com\/fr\/#\/schema\/logo\/image\/","url":"https:\/\/www.sensorialsunsets.com\/wp-content\/uploads\/2023\/04\/Logo_base_line_fond_clair.svg","contentUrl":"https:\/\/www.sensorialsunsets.com\/wp-content\/uploads\/2023\/04\/Logo_base_line_fond_clair.svg","width":"1024","height":"1024","caption":"SensorialSunsets"},"image":{"@id":"https:\/\/www.sensorialsunsets.com\/fr\/#\/schema\/logo\/image\/"},"sameAs":["https:\/\/www.facebook.com\/Sensorial-Sunsets-109180614715562","https:\/\/www.instagram.com\/sensorialsunsets\/"]},{"@type":"Person","@id":"https:\/\/www.sensorialsunsets.com\/fr\/#\/schema\/person\/77e2fa594135aa94024c47e281d8a94d","name":"Sensorial Sunsets","image":{"@type":"ImageObject","inLanguage":"fr-FR","@id":"https:\/\/secure.gravatar.com\/avatar\/5f2d62681b1dad94c28f1500d4fc75582acdfd32b55fd1acce0a36a3c487eabe?s=96&d=mm&r=g","url":"https:\/\/secure.gravatar.com\/avatar\/5f2d62681b1dad94c28f1500d4fc75582acdfd32b55fd1acce0a36a3c487eabe?s=96&d=mm&r=g","contentUrl":"https:\/\/secure.gravatar.com\/avatar\/5f2d62681b1dad94c28f1500d4fc75582acdfd32b55fd1acce0a36a3c487eabe?s=96&d=mm&r=g","caption":"Sensorial Sunsets"},"url":"https:\/\/www.sensorialsunsets.com\/fr\/author\/asistentes-sensorial-sunsets\/"}]}},"_links":{"self":[{"href":"https:\/\/www.sensorialsunsets.com\/fr\/wp-json\/wp\/v2\/posts\/16590","targetHints":{"allow":["GET"]}}],"collection":[{"href":"https:\/\/www.sensorialsunsets.com\/fr\/wp-json\/wp\/v2\/posts"}],"about":[{"href":"https:\/\/www.sensorialsunsets.com\/fr\/wp-json\/wp\/v2\/types\/post"}],"author":[{"embeddable":true,"href":"https:\/\/www.sensorialsunsets.com\/fr\/wp-json\/wp\/v2\/users\/4"}],"replies":[{"embeddable":true,"href":"https:\/\/www.sensorialsunsets.com\/fr\/wp-json\/wp\/v2\/comments?post=16590"}],"version-history":[{"count":0,"href":"https:\/\/www.sensorialsunsets.com\/fr\/wp-json\/wp\/v2\/posts\/16590\/revisions"}],"wp:featuredmedia":[{"embeddable":true,"href":"https:\/\/www.sensorialsunsets.com\/fr\/wp-json\/wp\/v2\/media\/16571"}],"wp:attachment":[{"href":"https:\/\/www.sensorialsunsets.com\/fr\/wp-json\/wp\/v2\/media?parent=16590"}],"wp:term":[{"taxonomy":"category","embeddable":true,"href":"https:\/\/www.sensorialsunsets.com\/fr\/wp-json\/wp\/v2\/categories?post=16590"},{"taxonomy":"post_tag","embeddable":true,"href":"https:\/\/www.sensorialsunsets.com\/fr\/wp-json\/wp\/v2\/tags?post=16590"}],"curies":[{"name":"wp","href":"https:\/\/api.w.org\/{rel}","templated":true}]}}