{"id":16683,"date":"2024-05-17T14:27:23","date_gmt":"2024-05-17T20:27:23","guid":{"rendered":"https:\/\/www.sensorialsunsets.com\/?p=16683"},"modified":"2024-05-17T14:27:24","modified_gmt":"2024-05-17T20:27:24","slug":"quest-ce-quune-tempete-solaire-comment-nous-affecte-t-elle-et-comment-se-preparer-a-la-prochaine","status":"publish","type":"post","link":"https:\/\/www.sensorialsunsets.com\/fr\/quest-ce-quune-tempete-solaire-comment-nous-affecte-t-elle-et-comment-se-preparer-a-la-prochaine\/","title":{"rendered":"Qu&rsquo;est-ce qu&rsquo;une temp\u00eate solaire, comment nous affecte-t-elle et comment se pr\u00e9parer \u00e0 la prochaine ?"},"content":{"rendered":"\n<p>La Terre est fr\u00e9quemment touch\u00e9e par des <a href=\"\u00ab\" https:=\"\">temp\u00eates solaires<\/a>, des \u00e9v\u00e9nements qui peuvent avoir des cons\u00e9quences importantes sur nos infrastructures modernes. Pour comprendre l&rsquo;impact de ces ph\u00e9nom\u00e8nes et s&rsquo;y pr\u00e9parer, il est essentiel d&rsquo;en conna\u00eetre la nature et les implications possibles.<\/p>\n\n\n\n<h3 class=\"wp-block-heading\">Que sont les temp\u00eates solaires et g\u00e9omagn\u00e9tiques ?<\/h3>\n\n\n\n<p>Les temp\u00eates solaires, \u00e9galement appel\u00e9es temp\u00eates g\u00e9omagn\u00e9tiques, se produisent lorsque le Soleil \u00e9met une grande quantit\u00e9 de particules charg\u00e9es et de rayonnements \u00e9lectromagn\u00e9tiques qui interagissent avec le champ magn\u00e9tique et la haute atmosph\u00e8re de la Terre. Ces \u00e9v\u00e9nements sont g\u00e9n\u00e9ralement dus \u00e0 des \u00e9jections de masse coronale (CME), \u00e0 des \u00e9ruptions solaires et \u00e0 des vents solaires \u00e0 grande vitesse. Les \u00e9jections de masse correspondent \u00e0 des lib\u00e9rations massives de plasma et de champs magn\u00e9tiques du Soleil, tandis que les \u00e9ruptions solaires sont des explosions d&rsquo;\u00e9nergie qui \u00e9mettent des rayonnements \u00e9lectromagn\u00e9tiques.<\/p>\n\n\n\n<blockquote class=\"wp-block-quote is-layout-flow wp-block-quote-is-layout-flow\">\n<p>Dans certaines cultures, les temp\u00eates solaires sont consid\u00e9r\u00e9es comme des \u00e9v\u00e9nements spirituels qui peuvent influencer la vie quotidienne et la sant\u00e9 des gens. Par exemple, dans certaines religions, on pense qu&rsquo;elles peuvent affecter l&rsquo;humeur, l&rsquo;\u00e9nergie et l&rsquo;\u00e9quilibre \u00e9motionnel. En outre, dans certaines pratiques spirituelles, elles sont consid\u00e9r\u00e9es comme des occasions de m\u00e9ditation, de r\u00e9flexion et de connexion avec la nature. On pense que pendant ces temp\u00eates, l&rsquo;\u00e9nergie solaire peut \u00eatre utilis\u00e9e pour le d\u00e9veloppement personnel, la gu\u00e9rison et la connexion \u00e0 l&rsquo;\u00e9nergie universelle.<\/p>\n<\/blockquote>\n\n\n\n<figure class=\"wp-block-gallery has-nested-images columns-default is-cropped wp-block-gallery-1 is-layout-flex wp-block-gallery-is-layout-flex\">\n<figure class=\"wp-block-image size-large\"><img loading=\"lazy\" decoding=\"async\" width=\"1024\" height=\"576\" data-id=\"16669\" src=\"https:\/\/www.sensorialsunsets.com\/wp-content\/uploads\/2024\/05\/tormenta-solar_c789dd10_2254730825_231201094808_1280x720-1024x576.jpg\" alt=\"\" class=\"wp-image-16669\" srcset=\"https:\/\/www.sensorialsunsets.com\/wp-content\/uploads\/2024\/05\/tormenta-solar_c789dd10_2254730825_231201094808_1280x720-1024x576.jpg 1024w, https:\/\/www.sensorialsunsets.com\/wp-content\/uploads\/2024\/05\/tormenta-solar_c789dd10_2254730825_231201094808_1280x720-300x169.jpg 300w, https:\/\/www.sensorialsunsets.com\/wp-content\/uploads\/2024\/05\/tormenta-solar_c789dd10_2254730825_231201094808_1280x720-768x432.jpg 768w, https:\/\/www.sensorialsunsets.com\/wp-content\/uploads\/2024\/05\/tormenta-solar_c789dd10_2254730825_231201094808_1280x720.jpg 1280w\" sizes=\"auto, (max-width: 1024px) 100vw, 1024px\" \/><\/figure>\n\n\n\n<figure class=\"wp-block-image size-large\"><img loading=\"lazy\" decoding=\"async\" width=\"1024\" height=\"576\" data-id=\"16663\" src=\"https:\/\/www.sensorialsunsets.com\/wp-content\/uploads\/2024\/05\/1-coronal-mass-ejection-captured-by-sdo-1-1024x576.webp\" alt=\"\" class=\"wp-image-16663\" srcset=\"https:\/\/www.sensorialsunsets.com\/wp-content\/uploads\/2024\/05\/1-coronal-mass-ejection-captured-by-sdo-1-1024x576.webp 1024w, https:\/\/www.sensorialsunsets.com\/wp-content\/uploads\/2024\/05\/1-coronal-mass-ejection-captured-by-sdo-1-300x169.webp 300w, https:\/\/www.sensorialsunsets.com\/wp-content\/uploads\/2024\/05\/1-coronal-mass-ejection-captured-by-sdo-1-768x432.webp 768w, https:\/\/www.sensorialsunsets.com\/wp-content\/uploads\/2024\/05\/1-coronal-mass-ejection-captured-by-sdo-1.webp 1280w\" sizes=\"auto, (max-width: 1024px) 100vw, 1024px\" \/><\/figure>\n<\/figure>\n\n\n\n<h3 class=\"wp-block-heading\">Effets des temp\u00eates solaires<\/h3>\n\n\n\n<p>Lorsque les particules et le rayonnement d&rsquo;une temp\u00eate solaire atteignent la Terre, ils peuvent avoir divers effets :<\/p>\n\n\n\n<ul class=\"wp-block-list\">\n<li><strong>Courants g\u00e9omagn\u00e9tiques induits:<\/strong> Ils peuvent affecter les r\u00e9seaux \u00e9lectriques, provoquant des fluctuations de tension et m\u00eame des coupures de courant.<\/li>\n\n\n\n<li><strong>Perturbations des communications:<\/strong> Les signaux GPS et les communications par satellite peuvent \u00eatre affect\u00e9s.<\/li>\n\n\n\n<li><strong>Aurores:<\/strong> Ces \u00e9v\u00e9nements g\u00e9n\u00e8rent des aurores visibles \u00e0 des latitudes \u00e9lev\u00e9es et, dans les cas les plus graves, \u00e0 des latitudes plus basses.<\/li>\n\n\n\n<li><strong>Syst\u00e8mes de navigation:<\/strong> Les temp\u00eates solaires peuvent affecter la pr\u00e9cision des syst\u00e8mes de navigation par satellite.<\/li>\n<\/ul>\n\n\n\n<h3 class=\"wp-block-heading\">Exemples historiques et effets potentiels<\/h3>\n\n\n\n<p>La temp\u00eate solaire du 24 mars 2023, caus\u00e9e par un \u00e9norme trou dans la couronne solaire, a provoqu\u00e9 des fluctuations dans les r\u00e9seaux \u00e9lectriques et des probl\u00e8mes mineurs dans les syst\u00e8mes GPS. Toutefois, des \u00e9v\u00e9nements pass\u00e9s tels que la temp\u00eate Carrington de 1859 ont montr\u00e9 que les cons\u00e9quences peuvent \u00eatre beaucoup plus graves. Ce cyclone a perturb\u00e9 les syst\u00e8mes t\u00e9l\u00e9graphiques en Europe et en Am\u00e9rique du Nord, provoquant des incendies et endommageant les \u00e9quipements en raison des courants induits.<\/p>\n\n\n\n<p>Une analyse r\u00e9alis\u00e9e en 2008 par l&rsquo;Acad\u00e9mie nationale des sciences des \u00c9tats-Unis a conclu qu&rsquo;une temp\u00eate solaire de l&rsquo;ampleur de celle de Carrington aurait des cons\u00e9quences sociales, politiques et \u00e9conomiques sans pr\u00e9c\u00e9dent, d\u00e9passant m\u00eame les effets de la pand\u00e9mie COVID-19. On estime que l&rsquo;impact \u00e9conomique total aux \u00c9tats-Unis pourrait d\u00e9passer les 2 milliards de dollars.<\/p>\n\n\n\n<figure class=\"wp-block-gallery has-nested-images columns-default is-cropped wp-block-gallery-2 is-layout-flex wp-block-gallery-is-layout-flex\">\n<figure class=\"wp-block-image size-large\"><img loading=\"lazy\" decoding=\"async\" width=\"1024\" height=\"683\" data-id=\"16672\" src=\"https:\/\/www.sensorialsunsets.com\/wp-content\/uploads\/2024\/05\/cosmovisionmaya.jpeg\" alt=\"\" class=\"wp-image-16672\" srcset=\"https:\/\/www.sensorialsunsets.com\/wp-content\/uploads\/2024\/05\/cosmovisionmaya.jpeg 1024w, https:\/\/www.sensorialsunsets.com\/wp-content\/uploads\/2024\/05\/cosmovisionmaya-300x200.jpeg 300w, https:\/\/www.sensorialsunsets.com\/wp-content\/uploads\/2024\/05\/cosmovisionmaya-768x512.jpeg 768w, https:\/\/www.sensorialsunsets.com\/wp-content\/uploads\/2024\/05\/cosmovisionmaya-334x222.jpeg 334w\" sizes=\"auto, (max-width: 1024px) 100vw, 1024px\" \/><\/figure>\n\n\n\n<figure class=\"wp-block-image size-large\"><img loading=\"lazy\" decoding=\"async\" width=\"1024\" height=\"683\" data-id=\"16675\" src=\"https:\/\/www.sensorialsunsets.com\/wp-content\/uploads\/2024\/05\/cosmovisionmaya3.jpeg\" alt=\"\" class=\"wp-image-16675\" srcset=\"https:\/\/www.sensorialsunsets.com\/wp-content\/uploads\/2024\/05\/cosmovisionmaya3.jpeg 1024w, https:\/\/www.sensorialsunsets.com\/wp-content\/uploads\/2024\/05\/cosmovisionmaya3-300x200.jpeg 300w, https:\/\/www.sensorialsunsets.com\/wp-content\/uploads\/2024\/05\/cosmovisionmaya3-768x512.jpeg 768w, https:\/\/www.sensorialsunsets.com\/wp-content\/uploads\/2024\/05\/cosmovisionmaya3-334x222.jpeg 334w\" sizes=\"auto, (max-width: 1024px) 100vw, 1024px\" \/><\/figure>\n<\/figure>\n\n\n\n<blockquote class=\"wp-block-quote is-layout-flow wp-block-quote-is-layout-flow\">\n<p>Dans la cosmovision maya, les Balames sont consid\u00e9r\u00e9s comme des esprits protecteurs qui gardent les fronti\u00e8res de la communaut\u00e9 et sont offerts lors de c\u00e9r\u00e9monies pour demander la protection des r\u00e9coltes et des animaux. Dans certaines r\u00e9gions de Galice, les gens se tournent vers les saints pour qu&rsquo;ils \u00e9loignent les temp\u00eates et prot\u00e8gent les fruits des champs. Les Totonaques de Veracruz, au Mexique, pratiquent la c\u00e9r\u00e9monie rituelle des Voladores comme symbole d&rsquo;identit\u00e9 et pour vivre en harmonie avec la nature.<\/p>\n<\/blockquote>\n\n\n\n<h3 class=\"wp-block-heading\">Comment se pr\u00e9parer \u00e0 la temp\u00eate solaire<\/h3>\n\n\n\n<p>La pr\u00e9paration \u00e0 une temp\u00eate solaire n\u00e9cessite une combinaison de surveillance, de planification et de mesures pr\u00e9ventives :<\/p>\n\n\n\n<ul class=\"wp-block-list\">\n<li><rester inform=\"\" :=\"\">Se tenir au courant des alertes et des pr\u00e9visions m\u00e9t\u00e9orologiques \u00e9mises par des agences telles que la NOAA. Ces alertes peuvent fournir des informations pr\u00e9alables sur d&rsquo;\u00e9ventuelles temp\u00eates solaires.<\/rester><\/li>\n\n\n\n<li><strong>Plan d&rsquo;urgence:<\/strong> \u00c9laborez un plan d&rsquo;urgence pour votre maison et votre famille, y compris les mesures \u00e0 prendre en cas de forte temp\u00eate solaire. Assurez-vous que tous les membres de la famille connaissent et peuvent ex\u00e9cuter le plan.<\/li>\n\n\n\n<li><mark class=\"annotation-text annotation-text-yoast\" id=\"annotation-text-5c2709b8-da81-4b8b-a9c1-dcc1f933e777\"><strong>Communications : <\/strong><\/mark>Utilisez des moyens de communication alternatifs, comme des radios \u00e0 ondes courtes ou CB, car les r\u00e9seaux cellulaires et Internet peuvent \u00eatre affect\u00e9s.<\/li>\n\n\n\n<li><strong>R\u00e9servez des provisions:<\/strong> Conservez des aliments non p\u00e9rissables, de l&rsquo;eau potable et des m\u00e9dicaments essentiels pour au moins deux semaines en cas de coupure de courant prolong\u00e9e.<\/li>\n\n\n\n<li><strong>\u00c9nergie de secours:<\/strong> Envisagez d&rsquo;investir dans un groupe \u00e9lectrog\u00e8ne portable et tenez-le pr\u00eat \u00e0 l&#8217;emploi. Assurez-vous d&rsquo;avoir suffisamment de carburant en r\u00e9serve.<\/li>\n\n\n\n<li><strong>Protection des appareils \u00e9lectroniques:<\/strong> Utilisez des parasurtenseurs et envisagez de ranger les appareils \u00e9lectroniques suppl\u00e9mentaires dans une cage de Faraday ou dans des sacs de protection \u00e9lectromagn\u00e9tique (PEM).<\/li>\n\n\n\n<li><strong>Pr\u00e9paration du v\u00e9hicule:<\/strong> Assurez-vous que votre v\u00e9hicule est en bon \u00e9tat et que le r\u00e9servoir est plein, car les syst\u00e8mes \u00e9lectroniques peuvent \u00eatre affect\u00e9s.<\/li>\n\n\n\n<li><strong>Finances : <\/strong>Ayez de l&rsquo;argent liquide \u00e0 port\u00e9e de main, car les transactions \u00e9lectroniques et les guichets automatiques pourraient \u00eatre affect\u00e9s.<\/li>\n\n\n\n<li><strong>R\u00e9seaux communautaires : <\/strong>Collaborez avec vos voisins et la communaut\u00e9 locale pour \u00e9laborer des plans d&rsquo;urgence et partager les ressources.<\/li>\n\n\n\n<li><strong>Formation aux techniques de survie:<\/strong> Apprendre les techniques de survie de base telles que les premiers secours, la purification de l&rsquo;eau, la culture et la conservation des aliments.<\/li>\n<\/ul>\n\n\n\n<h5 class=\"wp-block-heading\">Comprendre les temp\u00eates solaires : impacts et pr\u00e9paration<\/h5>\n\n\n\n<p>Se pr\u00e9parer \u00e0 une temp\u00eate solaire implique non seulement d&rsquo;\u00eatre au courant des alertes et des pr\u00e9visions, mais aussi de disposer d&rsquo;un plan complet qui aborde tous les aspects de la vie quotidienne susceptibles d&rsquo;\u00eatre affect\u00e9s. Avec les bonnes mesures, il est possible d&rsquo;att\u00e9nuer les impacts et d&rsquo;assurer la survie face \u00e0 ces ph\u00e9nom\u00e8nes naturels.<\/p>\n\n\n\n<p><strong>Sensorial Sunsets<\/strong><\/p>\n","protected":false},"excerpt":{"rendered":"<p>La Terre est fr\u00e9quemment touch\u00e9e par des temp\u00eates solaires, des \u00e9v\u00e9nements qui peuvent avoir des cons\u00e9quences importantes sur nos infrastructures modernes. Pour comprendre l&rsquo;impact de ces ph\u00e9nom\u00e8nes et s&rsquo;y pr\u00e9parer, il est essentiel d&rsquo;en conna\u00eetre la nature et les implications possibles. Que sont les temp\u00eates solaires et g\u00e9omagn\u00e9tiques ? Les temp\u00eates solaires, \u00e9galement appel\u00e9es temp\u00eates [&hellip;]<\/p>\n","protected":false},"author":4,"featured_media":16661,"comment_status":"closed","ping_status":"closed","sticky":false,"template":"","format":"standard","meta":{"_acf_changed":false,"inline_featured_image":false,"_monsterinsights_skip_tracking":false,"_monsterinsights_sitenote_active":false,"_monsterinsights_sitenote_note":"","_monsterinsights_sitenote_category":0,"footnotes":""},"categories":[1],"tags":[],"class_list":["post-16683","post","type-post","status-publish","format-standard","has-post-thumbnail","hentry","category-non-classifiee"],"acf":[],"yoast_head":"<!-- This site is optimized with the Yoast SEO plugin v27.4 - https:\/\/yoast.com\/product\/yoast-seo-wordpress\/ -->\n<title>Qu&#039;est-ce qu&#039;une temp\u00eate solaire ?<\/title>\n<meta name=\"description\" content=\"Les temp\u00eates solaires, leurs effets sur la Terre. D\u00e9couvrez leurs impacts historiques et les strat\u00e9gies pour se prot\u00e9ger d&#039;une temp\u00eate solaire.\" \/>\n<meta name=\"robots\" content=\"index, follow, max-snippet:-1, max-image-preview:large, max-video-preview:-1\" \/>\n<link rel=\"canonical\" href=\"https:\/\/www.sensorialsunsets.com\/fr\/quest-ce-quune-tempete-solaire-comment-nous-affecte-t-elle-et-comment-se-preparer-a-la-prochaine\/\" \/>\n<meta property=\"og:locale\" content=\"fr_FR\" \/>\n<meta property=\"og:type\" content=\"article\" \/>\n<meta property=\"og:title\" content=\"Qu&#039;est-ce qu&#039;une temp\u00eate solaire ?\" \/>\n<meta property=\"og:description\" content=\"Les temp\u00eates solaires, leurs effets sur la Terre. D\u00e9couvrez leurs impacts historiques et les strat\u00e9gies pour se prot\u00e9ger d&#039;une temp\u00eate solaire.\" \/>\n<meta property=\"og:url\" content=\"https:\/\/www.sensorialsunsets.com\/fr\/quest-ce-quune-tempete-solaire-comment-nous-affecte-t-elle-et-comment-se-preparer-a-la-prochaine\/\" \/>\n<meta property=\"og:site_name\" content=\"SensorialSunsets\" \/>\n<meta property=\"article:publisher\" content=\"https:\/\/www.facebook.com\/Sensorial-Sunsets-109180614715562\" \/>\n<meta property=\"article:published_time\" content=\"2024-05-17T20:27:23+00:00\" \/>\n<meta property=\"article:modified_time\" content=\"2024-05-17T20:27:24+00:00\" \/>\n<meta property=\"og:image\" content=\"https:\/\/www.sensorialsunsets.com\/wp-content\/uploads\/2024\/05\/auroras-tormenta-solar-scaled.jpg\" \/>\n\t<meta property=\"og:image:width\" content=\"2560\" \/>\n\t<meta property=\"og:image:height\" content=\"1580\" \/>\n\t<meta property=\"og:image:type\" content=\"image\/jpeg\" \/>\n<meta name=\"author\" content=\"Sensorial Sunsets\" \/>\n<meta name=\"twitter:card\" content=\"summary_large_image\" \/>\n<meta name=\"twitter:label1\" content=\"\u00c9crit par\" \/>\n\t<meta name=\"twitter:data1\" content=\"Sensorial Sunsets\" \/>\n\t<meta name=\"twitter:label2\" content=\"Dur\u00e9e de lecture estim\u00e9e\" \/>\n\t<meta name=\"twitter:data2\" content=\"5 minutes\" \/>\n<script type=\"application\/ld+json\" class=\"yoast-schema-graph\">{\"@context\":\"https:\\\/\\\/schema.org\",\"@graph\":[{\"@type\":\"Article\",\"@id\":\"https:\\\/\\\/www.sensorialsunsets.com\\\/fr\\\/quest-ce-quune-tempete-solaire-comment-nous-affecte-t-elle-et-comment-se-preparer-a-la-prochaine\\\/#article\",\"isPartOf\":{\"@id\":\"https:\\\/\\\/www.sensorialsunsets.com\\\/fr\\\/quest-ce-quune-tempete-solaire-comment-nous-affecte-t-elle-et-comment-se-preparer-a-la-prochaine\\\/\"},\"author\":{\"name\":\"Sensorial Sunsets\",\"@id\":\"https:\\\/\\\/www.sensorialsunsets.com\\\/fr\\\/#\\\/schema\\\/person\\\/77e2fa594135aa94024c47e281d8a94d\"},\"headline\":\"Qu&rsquo;est-ce qu&rsquo;une temp\u00eate solaire, comment nous affecte-t-elle et comment se pr\u00e9parer \u00e0 la prochaine ?\",\"datePublished\":\"2024-05-17T20:27:23+00:00\",\"dateModified\":\"2024-05-17T20:27:24+00:00\",\"mainEntityOfPage\":{\"@id\":\"https:\\\/\\\/www.sensorialsunsets.com\\\/fr\\\/quest-ce-quune-tempete-solaire-comment-nous-affecte-t-elle-et-comment-se-preparer-a-la-prochaine\\\/\"},\"wordCount\":1041,\"publisher\":{\"@id\":\"https:\\\/\\\/www.sensorialsunsets.com\\\/fr\\\/#organization\"},\"image\":{\"@id\":\"https:\\\/\\\/www.sensorialsunsets.com\\\/fr\\\/quest-ce-quune-tempete-solaire-comment-nous-affecte-t-elle-et-comment-se-preparer-a-la-prochaine\\\/#primaryimage\"},\"thumbnailUrl\":\"https:\\\/\\\/www.sensorialsunsets.com\\\/wp-content\\\/uploads\\\/2024\\\/05\\\/auroras-tormenta-solar-scaled.jpg\",\"articleSection\":[\"Non classifi\u00e9(e)\"],\"inLanguage\":\"fr-FR\"},{\"@type\":\"WebPage\",\"@id\":\"https:\\\/\\\/www.sensorialsunsets.com\\\/fr\\\/quest-ce-quune-tempete-solaire-comment-nous-affecte-t-elle-et-comment-se-preparer-a-la-prochaine\\\/\",\"url\":\"https:\\\/\\\/www.sensorialsunsets.com\\\/fr\\\/quest-ce-quune-tempete-solaire-comment-nous-affecte-t-elle-et-comment-se-preparer-a-la-prochaine\\\/\",\"name\":\"Qu'est-ce qu'une temp\u00eate solaire ?\",\"isPartOf\":{\"@id\":\"https:\\\/\\\/www.sensorialsunsets.com\\\/fr\\\/#website\"},\"primaryImageOfPage\":{\"@id\":\"https:\\\/\\\/www.sensorialsunsets.com\\\/fr\\\/quest-ce-quune-tempete-solaire-comment-nous-affecte-t-elle-et-comment-se-preparer-a-la-prochaine\\\/#primaryimage\"},\"image\":{\"@id\":\"https:\\\/\\\/www.sensorialsunsets.com\\\/fr\\\/quest-ce-quune-tempete-solaire-comment-nous-affecte-t-elle-et-comment-se-preparer-a-la-prochaine\\\/#primaryimage\"},\"thumbnailUrl\":\"https:\\\/\\\/www.sensorialsunsets.com\\\/wp-content\\\/uploads\\\/2024\\\/05\\\/auroras-tormenta-solar-scaled.jpg\",\"datePublished\":\"2024-05-17T20:27:23+00:00\",\"dateModified\":\"2024-05-17T20:27:24+00:00\",\"description\":\"Les temp\u00eates solaires, leurs effets sur la Terre. D\u00e9couvrez leurs impacts historiques et les strat\u00e9gies pour se prot\u00e9ger d'une temp\u00eate solaire.\",\"inLanguage\":\"fr-FR\",\"potentialAction\":[{\"@type\":\"ReadAction\",\"target\":[\"https:\\\/\\\/www.sensorialsunsets.com\\\/fr\\\/quest-ce-quune-tempete-solaire-comment-nous-affecte-t-elle-et-comment-se-preparer-a-la-prochaine\\\/\"]}]},{\"@type\":\"ImageObject\",\"inLanguage\":\"fr-FR\",\"@id\":\"https:\\\/\\\/www.sensorialsunsets.com\\\/fr\\\/quest-ce-quune-tempete-solaire-comment-nous-affecte-t-elle-et-comment-se-preparer-a-la-prochaine\\\/#primaryimage\",\"url\":\"https:\\\/\\\/www.sensorialsunsets.com\\\/wp-content\\\/uploads\\\/2024\\\/05\\\/auroras-tormenta-solar-scaled.jpg\",\"contentUrl\":\"https:\\\/\\\/www.sensorialsunsets.com\\\/wp-content\\\/uploads\\\/2024\\\/05\\\/auroras-tormenta-solar-scaled.jpg\",\"width\":2560,\"height\":1580},{\"@type\":\"WebSite\",\"@id\":\"https:\\\/\\\/www.sensorialsunsets.com\\\/fr\\\/#website\",\"url\":\"https:\\\/\\\/www.sensorialsunsets.com\\\/fr\\\/\",\"name\":\"SensorialSunsets.com\",\"description\":\"D\u00e9couvrez la culture et la soci\u00e9t\u00e9 du Costa Rica sur notre blog. Explorez des articles captivants et partagez le contenu.\",\"publisher\":{\"@id\":\"https:\\\/\\\/www.sensorialsunsets.com\\\/fr\\\/#organization\"},\"alternateName\":\"Costa Rica Live Blog\",\"potentialAction\":[{\"@type\":\"SearchAction\",\"target\":{\"@type\":\"EntryPoint\",\"urlTemplate\":\"https:\\\/\\\/www.sensorialsunsets.com\\\/fr\\\/?s={search_term_string}\"},\"query-input\":{\"@type\":\"PropertyValueSpecification\",\"valueRequired\":true,\"valueName\":\"search_term_string\"}}],\"inLanguage\":\"fr-FR\"},{\"@type\":\"Organization\",\"@id\":\"https:\\\/\\\/www.sensorialsunsets.com\\\/fr\\\/#organization\",\"name\":\"SensorialSunsets\",\"url\":\"https:\\\/\\\/www.sensorialsunsets.com\\\/fr\\\/\",\"logo\":{\"@type\":\"ImageObject\",\"inLanguage\":\"fr-FR\",\"@id\":\"https:\\\/\\\/www.sensorialsunsets.com\\\/fr\\\/#\\\/schema\\\/logo\\\/image\\\/\",\"url\":\"https:\\\/\\\/www.sensorialsunsets.com\\\/wp-content\\\/uploads\\\/2023\\\/04\\\/Logo_base_line_fond_clair.svg\",\"contentUrl\":\"https:\\\/\\\/www.sensorialsunsets.com\\\/wp-content\\\/uploads\\\/2023\\\/04\\\/Logo_base_line_fond_clair.svg\",\"width\":\"1024\",\"height\":\"1024\",\"caption\":\"SensorialSunsets\"},\"image\":{\"@id\":\"https:\\\/\\\/www.sensorialsunsets.com\\\/fr\\\/#\\\/schema\\\/logo\\\/image\\\/\"},\"sameAs\":[\"https:\\\/\\\/www.facebook.com\\\/Sensorial-Sunsets-109180614715562\",\"https:\\\/\\\/www.instagram.com\\\/sensorialsunsets\\\/\"]},{\"@type\":\"Person\",\"@id\":\"https:\\\/\\\/www.sensorialsunsets.com\\\/fr\\\/#\\\/schema\\\/person\\\/77e2fa594135aa94024c47e281d8a94d\",\"name\":\"Sensorial Sunsets\",\"image\":{\"@type\":\"ImageObject\",\"inLanguage\":\"fr-FR\",\"@id\":\"https:\\\/\\\/secure.gravatar.com\\\/avatar\\\/5f2d62681b1dad94c28f1500d4fc75582acdfd32b55fd1acce0a36a3c487eabe?s=96&d=mm&r=g\",\"url\":\"https:\\\/\\\/secure.gravatar.com\\\/avatar\\\/5f2d62681b1dad94c28f1500d4fc75582acdfd32b55fd1acce0a36a3c487eabe?s=96&d=mm&r=g\",\"contentUrl\":\"https:\\\/\\\/secure.gravatar.com\\\/avatar\\\/5f2d62681b1dad94c28f1500d4fc75582acdfd32b55fd1acce0a36a3c487eabe?s=96&d=mm&r=g\",\"caption\":\"Sensorial Sunsets\"},\"url\":\"https:\\\/\\\/www.sensorialsunsets.com\\\/fr\\\/author\\\/asistentes-sensorial-sunsets\\\/\"}]}<\/script>\n<!-- \/ Yoast SEO plugin. -->","yoast_head_json":{"title":"Qu'est-ce qu'une temp\u00eate solaire ?","description":"Les temp\u00eates solaires, leurs effets sur la Terre. D\u00e9couvrez leurs impacts historiques et les strat\u00e9gies pour se prot\u00e9ger d'une temp\u00eate solaire.","robots":{"index":"index","follow":"follow","max-snippet":"max-snippet:-1","max-image-preview":"max-image-preview:large","max-video-preview":"max-video-preview:-1"},"canonical":"https:\/\/www.sensorialsunsets.com\/fr\/quest-ce-quune-tempete-solaire-comment-nous-affecte-t-elle-et-comment-se-preparer-a-la-prochaine\/","og_locale":"fr_FR","og_type":"article","og_title":"Qu'est-ce qu'une temp\u00eate solaire ?","og_description":"Les temp\u00eates solaires, leurs effets sur la Terre. D\u00e9couvrez leurs impacts historiques et les strat\u00e9gies pour se prot\u00e9ger d'une temp\u00eate solaire.","og_url":"https:\/\/www.sensorialsunsets.com\/fr\/quest-ce-quune-tempete-solaire-comment-nous-affecte-t-elle-et-comment-se-preparer-a-la-prochaine\/","og_site_name":"SensorialSunsets","article_publisher":"https:\/\/www.facebook.com\/Sensorial-Sunsets-109180614715562","article_published_time":"2024-05-17T20:27:23+00:00","article_modified_time":"2024-05-17T20:27:24+00:00","og_image":[{"width":2560,"height":1580,"url":"https:\/\/www.sensorialsunsets.com\/wp-content\/uploads\/2024\/05\/auroras-tormenta-solar-scaled.jpg","type":"image\/jpeg"}],"author":"Sensorial Sunsets","twitter_card":"summary_large_image","twitter_misc":{"\u00c9crit par":"Sensorial Sunsets","Dur\u00e9e de lecture estim\u00e9e":"5 minutes"},"schema":{"@context":"https:\/\/schema.org","@graph":[{"@type":"Article","@id":"https:\/\/www.sensorialsunsets.com\/fr\/quest-ce-quune-tempete-solaire-comment-nous-affecte-t-elle-et-comment-se-preparer-a-la-prochaine\/#article","isPartOf":{"@id":"https:\/\/www.sensorialsunsets.com\/fr\/quest-ce-quune-tempete-solaire-comment-nous-affecte-t-elle-et-comment-se-preparer-a-la-prochaine\/"},"author":{"name":"Sensorial Sunsets","@id":"https:\/\/www.sensorialsunsets.com\/fr\/#\/schema\/person\/77e2fa594135aa94024c47e281d8a94d"},"headline":"Qu&rsquo;est-ce qu&rsquo;une temp\u00eate solaire, comment nous affecte-t-elle et comment se pr\u00e9parer \u00e0 la prochaine ?","datePublished":"2024-05-17T20:27:23+00:00","dateModified":"2024-05-17T20:27:24+00:00","mainEntityOfPage":{"@id":"https:\/\/www.sensorialsunsets.com\/fr\/quest-ce-quune-tempete-solaire-comment-nous-affecte-t-elle-et-comment-se-preparer-a-la-prochaine\/"},"wordCount":1041,"publisher":{"@id":"https:\/\/www.sensorialsunsets.com\/fr\/#organization"},"image":{"@id":"https:\/\/www.sensorialsunsets.com\/fr\/quest-ce-quune-tempete-solaire-comment-nous-affecte-t-elle-et-comment-se-preparer-a-la-prochaine\/#primaryimage"},"thumbnailUrl":"https:\/\/www.sensorialsunsets.com\/wp-content\/uploads\/2024\/05\/auroras-tormenta-solar-scaled.jpg","articleSection":["Non classifi\u00e9(e)"],"inLanguage":"fr-FR"},{"@type":"WebPage","@id":"https:\/\/www.sensorialsunsets.com\/fr\/quest-ce-quune-tempete-solaire-comment-nous-affecte-t-elle-et-comment-se-preparer-a-la-prochaine\/","url":"https:\/\/www.sensorialsunsets.com\/fr\/quest-ce-quune-tempete-solaire-comment-nous-affecte-t-elle-et-comment-se-preparer-a-la-prochaine\/","name":"Qu'est-ce qu'une temp\u00eate solaire ?","isPartOf":{"@id":"https:\/\/www.sensorialsunsets.com\/fr\/#website"},"primaryImageOfPage":{"@id":"https:\/\/www.sensorialsunsets.com\/fr\/quest-ce-quune-tempete-solaire-comment-nous-affecte-t-elle-et-comment-se-preparer-a-la-prochaine\/#primaryimage"},"image":{"@id":"https:\/\/www.sensorialsunsets.com\/fr\/quest-ce-quune-tempete-solaire-comment-nous-affecte-t-elle-et-comment-se-preparer-a-la-prochaine\/#primaryimage"},"thumbnailUrl":"https:\/\/www.sensorialsunsets.com\/wp-content\/uploads\/2024\/05\/auroras-tormenta-solar-scaled.jpg","datePublished":"2024-05-17T20:27:23+00:00","dateModified":"2024-05-17T20:27:24+00:00","description":"Les temp\u00eates solaires, leurs effets sur la Terre. D\u00e9couvrez leurs impacts historiques et les strat\u00e9gies pour se prot\u00e9ger d'une temp\u00eate solaire.","inLanguage":"fr-FR","potentialAction":[{"@type":"ReadAction","target":["https:\/\/www.sensorialsunsets.com\/fr\/quest-ce-quune-tempete-solaire-comment-nous-affecte-t-elle-et-comment-se-preparer-a-la-prochaine\/"]}]},{"@type":"ImageObject","inLanguage":"fr-FR","@id":"https:\/\/www.sensorialsunsets.com\/fr\/quest-ce-quune-tempete-solaire-comment-nous-affecte-t-elle-et-comment-se-preparer-a-la-prochaine\/#primaryimage","url":"https:\/\/www.sensorialsunsets.com\/wp-content\/uploads\/2024\/05\/auroras-tormenta-solar-scaled.jpg","contentUrl":"https:\/\/www.sensorialsunsets.com\/wp-content\/uploads\/2024\/05\/auroras-tormenta-solar-scaled.jpg","width":2560,"height":1580},{"@type":"WebSite","@id":"https:\/\/www.sensorialsunsets.com\/fr\/#website","url":"https:\/\/www.sensorialsunsets.com\/fr\/","name":"SensorialSunsets.com","description":"D\u00e9couvrez la culture et la soci\u00e9t\u00e9 du Costa Rica sur notre blog. Explorez des articles captivants et partagez le contenu.","publisher":{"@id":"https:\/\/www.sensorialsunsets.com\/fr\/#organization"},"alternateName":"Costa Rica Live Blog","potentialAction":[{"@type":"SearchAction","target":{"@type":"EntryPoint","urlTemplate":"https:\/\/www.sensorialsunsets.com\/fr\/?s={search_term_string}"},"query-input":{"@type":"PropertyValueSpecification","valueRequired":true,"valueName":"search_term_string"}}],"inLanguage":"fr-FR"},{"@type":"Organization","@id":"https:\/\/www.sensorialsunsets.com\/fr\/#organization","name":"SensorialSunsets","url":"https:\/\/www.sensorialsunsets.com\/fr\/","logo":{"@type":"ImageObject","inLanguage":"fr-FR","@id":"https:\/\/www.sensorialsunsets.com\/fr\/#\/schema\/logo\/image\/","url":"https:\/\/www.sensorialsunsets.com\/wp-content\/uploads\/2023\/04\/Logo_base_line_fond_clair.svg","contentUrl":"https:\/\/www.sensorialsunsets.com\/wp-content\/uploads\/2023\/04\/Logo_base_line_fond_clair.svg","width":"1024","height":"1024","caption":"SensorialSunsets"},"image":{"@id":"https:\/\/www.sensorialsunsets.com\/fr\/#\/schema\/logo\/image\/"},"sameAs":["https:\/\/www.facebook.com\/Sensorial-Sunsets-109180614715562","https:\/\/www.instagram.com\/sensorialsunsets\/"]},{"@type":"Person","@id":"https:\/\/www.sensorialsunsets.com\/fr\/#\/schema\/person\/77e2fa594135aa94024c47e281d8a94d","name":"Sensorial Sunsets","image":{"@type":"ImageObject","inLanguage":"fr-FR","@id":"https:\/\/secure.gravatar.com\/avatar\/5f2d62681b1dad94c28f1500d4fc75582acdfd32b55fd1acce0a36a3c487eabe?s=96&d=mm&r=g","url":"https:\/\/secure.gravatar.com\/avatar\/5f2d62681b1dad94c28f1500d4fc75582acdfd32b55fd1acce0a36a3c487eabe?s=96&d=mm&r=g","contentUrl":"https:\/\/secure.gravatar.com\/avatar\/5f2d62681b1dad94c28f1500d4fc75582acdfd32b55fd1acce0a36a3c487eabe?s=96&d=mm&r=g","caption":"Sensorial Sunsets"},"url":"https:\/\/www.sensorialsunsets.com\/fr\/author\/asistentes-sensorial-sunsets\/"}]}},"_links":{"self":[{"href":"https:\/\/www.sensorialsunsets.com\/fr\/wp-json\/wp\/v2\/posts\/16683","targetHints":{"allow":["GET"]}}],"collection":[{"href":"https:\/\/www.sensorialsunsets.com\/fr\/wp-json\/wp\/v2\/posts"}],"about":[{"href":"https:\/\/www.sensorialsunsets.com\/fr\/wp-json\/wp\/v2\/types\/post"}],"author":[{"embeddable":true,"href":"https:\/\/www.sensorialsunsets.com\/fr\/wp-json\/wp\/v2\/users\/4"}],"replies":[{"embeddable":true,"href":"https:\/\/www.sensorialsunsets.com\/fr\/wp-json\/wp\/v2\/comments?post=16683"}],"version-history":[{"count":0,"href":"https:\/\/www.sensorialsunsets.com\/fr\/wp-json\/wp\/v2\/posts\/16683\/revisions"}],"wp:featuredmedia":[{"embeddable":true,"href":"https:\/\/www.sensorialsunsets.com\/fr\/wp-json\/wp\/v2\/media\/16661"}],"wp:attachment":[{"href":"https:\/\/www.sensorialsunsets.com\/fr\/wp-json\/wp\/v2\/media?parent=16683"}],"wp:term":[{"taxonomy":"category","embeddable":true,"href":"https:\/\/www.sensorialsunsets.com\/fr\/wp-json\/wp\/v2\/categories?post=16683"},{"taxonomy":"post_tag","embeddable":true,"href":"https:\/\/www.sensorialsunsets.com\/fr\/wp-json\/wp\/v2\/tags?post=16683"}],"curies":[{"name":"wp","href":"https:\/\/api.w.org\/{rel}","templated":true}]}}