{"id":16882,"date":"2024-05-27T11:49:47","date_gmt":"2024-05-27T17:49:47","guid":{"rendered":"https:\/\/www.sensorialsunsets.com\/?p=16882"},"modified":"2024-05-27T11:49:48","modified_gmt":"2024-05-27T17:49:48","slug":"el-nino-causes-consequences-et-impact-en-amerique-centrale","status":"publish","type":"post","link":"https:\/\/www.sensorialsunsets.com\/fr\/el-nino-causes-consequences-et-impact-en-amerique-centrale\/","title":{"rendered":"El Ni\u00f1o : causes, cons\u00e9quences et impact en Am\u00e9rique centrale"},"content":{"rendered":"\n<p><em>Explorez l&rsquo;impact mondial d&rsquo;El Ni\u00f1o, ses causes, ses cons\u00e9quences et ses effets graves en Am\u00e9rique centrale, en particulier dans le Corridor sec.<\/em><\/p>\n\n<hr class=\"wp-block-separator has-text-color has-alpha-channel-opacity has-background is-style-dots\" style=\"background-color:#004f5e;color:#004f5e\"\/>\n\n<p><\/p>\n\n<h3 class=\"wp-block-heading\">Qu&rsquo;est-ce que le ph\u00e9nom\u00e8ne El Ni\u00f1o ?<\/h3>\n\n<figure class=\"wp-block-image size-full\"><img loading=\"lazy\" decoding=\"async\" width=\"840\" height=\"450\" src=\"https:\/\/www.sensorialsunsets.com\/wp-content\/uploads\/2024\/05\/Fenomeno-del-Nino-Sensorial-Sunsets.png\" alt=\"Explorez l'impact mondial d'El Ni&#xF1;o, ses causes, ses cons&#xE9;quences et ses effets graves en Am&#xE9;rique centrale, en particulier dans le Corridor sec.\" class=\"wp-image-16874\" srcset=\"https:\/\/www.sensorialsunsets.com\/wp-content\/uploads\/2024\/05\/Fenomeno-del-Nino-Sensorial-Sunsets.png 840w, https:\/\/www.sensorialsunsets.com\/wp-content\/uploads\/2024\/05\/Fenomeno-del-Nino-Sensorial-Sunsets-300x161.png 300w, https:\/\/www.sensorialsunsets.com\/wp-content\/uploads\/2024\/05\/Fenomeno-del-Nino-Sensorial-Sunsets-768x411.png 768w\" sizes=\"auto, (max-width: 840px) 100vw, 840px\" \/><\/figure>\n\n<p><\/p>\n\n<p>El Ni\u00f1o est associ\u00e9 \u00e0 l&rsquo;oscillation australe, un ph\u00e9nom\u00e8ne impliquant des fluctuations de la pression atmosph\u00e9rique au-dessus des moiti\u00e9s est et ouest de l&rsquo;oc\u00e9an Pacifique. <\/p>\n\n<p>En g\u00e9n\u00e9ral, l&rsquo;atmosph\u00e8re sur l&rsquo;est du Pacifique Sud est domin\u00e9e par des hautes pressions persistantes, tandis que l&rsquo;ouest du Pacifique est domin\u00e9 par des basses pressions. <\/p>\n\n<p>Ce ph\u00e9nom\u00e8ne est appel\u00e9 \u00ab El Ni\u00f1o \u00bb car il se manifeste souvent pendant la p\u00e9riode de No\u00ebl dans la r\u00e9gion tropicale du Pacifique. Son pendant, La Ni\u00f1a, correspond \u00e0 un refroidissement des eaux \u00e9quatoriales du Pacifique.<\/p>\n\n<h3 class=\"wp-block-heading\">Que se passe-t-il ?<\/h3>\n\n<p>El Ni\u00f1o commence par un r\u00e9chauffement inhabituel des eaux de surface du Pacifique \u00e9quatorial. Normalement, les aliz\u00e9s soufflent d&rsquo;est en ouest, poussant les eaux chaudes vers l&rsquo;ouest. Pendant El Ni\u00f1o, ces vents diminuent ou s&rsquo;inversent, ce qui permet aux eaux chaudes de se d\u00e9placer vers l&rsquo;est.<\/p>\n\n<p>Le r\u00e9chauffement de l&rsquo;eau modifie la circulation atmosph\u00e9rique mondiale. L&rsquo;air chaud et humide s&rsquo;\u00e9l\u00e8ve dans le Pacifique oriental, affaiblissant la convection atmosph\u00e9rique dans le Pacifique occidental. Ce ph\u00e9nom\u00e8ne peut entra\u00eener des s\u00e9cheresses en Australie et en Indon\u00e9sie, tandis qu&rsquo;il provoque de fortes pr\u00e9cipitations en Am\u00e9rique du Sud, contribuant ainsi aux inondations.<\/p>\n\n<p>El Ni\u00f1o peut interagir avec d&rsquo;autres ph\u00e9nom\u00e8nes m\u00e9t\u00e9orologiques, tels que l&rsquo;oscillation nord-atlantique et l&rsquo;oscillation sud-atlantique. Ces interactions peuvent amplifier ou att\u00e9nuer ses effets dans diverses r\u00e9gions du monde.<\/p>\n\n<p>El Ni\u00f1o fait partie d&rsquo;un cycle naturel qui se r\u00e9p\u00e8te environ tous les 2 \u00e0 7 ans, tout comme son contraire, La Ni\u00f1a. La variabilit\u00e9 naturelle de l&rsquo;atmosph\u00e8re et de l&rsquo;oc\u00e9an joue un r\u00f4le important dans l&rsquo;apparition de ces \u00e9v\u00e9nements.<\/p>\n\n<h3 class=\"wp-block-heading\">Cons\u00e9quences du ph\u00e9nom\u00e8ne El Ni\u00f1o<\/h3>\n\n<figure class=\"wp-block-image size-full\"><img loading=\"lazy\" decoding=\"async\" width=\"840\" height=\"450\" src=\"https:\/\/www.sensorialsunsets.com\/wp-content\/uploads\/2024\/05\/Fenomeno-El-Nino-Centroamerica-Sensorial-Sunsets.png\" alt=\"Explorez l'impact mondial d'El Ni&#xF1;o, ses causes, ses cons&#xE9;quences et ses effets graves en Am&#xE9;rique centrale, en particulier dans le Corridor sec.\" class=\"wp-image-16870\" srcset=\"https:\/\/www.sensorialsunsets.com\/wp-content\/uploads\/2024\/05\/Fenomeno-El-Nino-Centroamerica-Sensorial-Sunsets.png 840w, https:\/\/www.sensorialsunsets.com\/wp-content\/uploads\/2024\/05\/Fenomeno-El-Nino-Centroamerica-Sensorial-Sunsets-300x161.png 300w, https:\/\/www.sensorialsunsets.com\/wp-content\/uploads\/2024\/05\/Fenomeno-El-Nino-Centroamerica-Sensorial-Sunsets-768x411.png 768w\" sizes=\"auto, (max-width: 840px) 100vw, 840px\" \/><\/figure>\n\n<p><\/p>\n\n<p>El Ni\u00f1o tiene un impacto global, afectando desde Canad\u00e1 hasta Nueva Zelanda. Los <a href=\"https:\/\/www.sensorialsunsets.com\/fr\/luniversite-du-costa-rica-presente-un-documentaire-sur-le-changement-climatique\/\">cambios en los patrones clim\u00e1ticos<\/a> pueden provocar inundaciones, sequ\u00edas e incendios forestales. La biosfera marina tambi\u00e9n sufre perturbaciones significativas.<\/p>\n\n<h5 class=\"wp-block-heading\">Impact sur l&rsquo;Am\u00e9rique centrale<\/h5>\n\n<p>L&rsquo;impact le plus important en Am\u00e9rique centrale est ressenti dans le Corridor sec, une bande de terre qui traverse le Costa Rica, le Nicaragua, le Honduras, le Salvador et le Guatemala. El Ni\u00f1o y provoque de longues p\u00e9riodes de s\u00e9cheresse suivies de fortes pluies, affectant plus de 10 millions de personnes.<\/p>\n\n<h5 class=\"wp-block-heading\">Effets de la s\u00e9cheresse<\/h5>\n\n<p>Entre avril et novembre 2023, quelque 486 000 habitants du Dry Corridor ont \u00e9t\u00e9 expos\u00e9s \u00e0 une grave s\u00e9cheresse. Cette s\u00e9cheresse, suivie de pluies irr\u00e9guli\u00e8res, a affect\u00e9 l&rsquo;agriculture et augment\u00e9 l&rsquo;ins\u00e9curit\u00e9 alimentaire dans la r\u00e9gion. Au Guatemala, 360 000 hectares ont \u00e9t\u00e9 touch\u00e9s, tandis que le Salvador et le Honduras ont subi d&rsquo;importantes pertes agricoles.<\/p>\n\n<h5 class=\"wp-block-heading\">Impact au Costa Rica<\/h5>\n\n<p>Au <a href=\"https:\/\/www.imn.ac.cr\/web\/imn\/inicio\">Costa Rica<\/a>, El Ni\u00f1o a provoqu\u00e9 un d\u00e9ficit pluviom\u00e9trique de 40 % dans la r\u00e9gion du Pacifique et dans certaines parties du centre du pays. Cette situation a entra\u00een\u00e9 un rationnement de l&rsquo;\u00e9lectricit\u00e9 en raison du faible niveau des r\u00e9servoirs hydro\u00e9lectriques. L&rsquo;Institut costaricien de l&rsquo;\u00e9lectricit\u00e9 (ICE) a mis en place un protocole de rationnement afin de garantir l&rsquo;approvisionnement en \u00e9lectricit\u00e9 des secteurs critiques.<\/p>\n\n<p><strong>Sensorial Sunsets<\/strong><\/p>\n","protected":false},"excerpt":{"rendered":"<p>Explorez l&rsquo;impact mondial d&rsquo;El Ni\u00f1o, ses causes, ses cons\u00e9quences et ses effets graves en Am\u00e9rique centrale, en particulier dans le Corridor sec. Qu&rsquo;est-ce que le ph\u00e9nom\u00e8ne El Ni\u00f1o ? El Ni\u00f1o est associ\u00e9 \u00e0 l&rsquo;oscillation australe, un ph\u00e9nom\u00e8ne impliquant des fluctuations de la pression atmosph\u00e9rique au-dessus des moiti\u00e9s est et ouest de l&rsquo;oc\u00e9an Pacifique. En [&hellip;]<\/p>\n","protected":false},"author":4,"featured_media":16869,"comment_status":"closed","ping_status":"closed","sticky":false,"template":"","format":"standard","meta":{"_acf_changed":false,"inline_featured_image":false,"_monsterinsights_skip_tracking":false,"_monsterinsights_sitenote_active":false,"_monsterinsights_sitenote_note":"","_monsterinsights_sitenote_category":0,"footnotes":""},"categories":[111],"tags":[],"class_list":["post-16882","post","type-post","status-publish","format-standard","has-post-thumbnail","hentry","category-ecologie-fr"],"acf":[],"yoast_head":"<!-- This site is optimized with the Yoast SEO plugin v27.4 - https:\/\/yoast.com\/product\/yoast-seo-wordpress\/ -->\n<title>El Ni\u00f1o : causes, cons\u00e9quences et impact en Am\u00e9rique centrale - SensorialSunsets<\/title>\n<meta name=\"description\" content=\"Explorez l&#039;impact mondial d&#039;El Ni\u00f1o, ses causes, ses cons\u00e9quences et ses effets graves en Am\u00e9rique centrale, en particulier dans le Corridor sec.\" \/>\n<meta name=\"robots\" content=\"index, follow, max-snippet:-1, max-image-preview:large, max-video-preview:-1\" \/>\n<link rel=\"canonical\" href=\"https:\/\/www.sensorialsunsets.com\/fr\/el-nino-causes-consequences-et-impact-en-amerique-centrale\/\" \/>\n<meta property=\"og:locale\" content=\"fr_FR\" \/>\n<meta property=\"og:type\" content=\"article\" \/>\n<meta property=\"og:title\" content=\"El Ni\u00f1o : causes, cons\u00e9quences et impact en Am\u00e9rique centrale - SensorialSunsets\" \/>\n<meta property=\"og:description\" content=\"Explorez l&#039;impact mondial d&#039;El Ni\u00f1o, ses causes, ses cons\u00e9quences et ses effets graves en Am\u00e9rique centrale, en particulier dans le Corridor sec.\" \/>\n<meta property=\"og:url\" content=\"https:\/\/www.sensorialsunsets.com\/fr\/el-nino-causes-consequences-et-impact-en-amerique-centrale\/\" \/>\n<meta property=\"og:site_name\" content=\"SensorialSunsets\" \/>\n<meta property=\"article:publisher\" content=\"https:\/\/www.facebook.com\/Sensorial-Sunsets-109180614715562\" \/>\n<meta property=\"article:published_time\" content=\"2024-05-27T17:49:47+00:00\" \/>\n<meta property=\"article:modified_time\" content=\"2024-05-27T17:49:48+00:00\" \/>\n<meta property=\"og:image\" content=\"https:\/\/www.sensorialsunsets.com\/wp-content\/uploads\/2024\/05\/Fenomeno-El-Nino-Sensorial-Sunsets.png\" \/>\n\t<meta property=\"og:image:width\" content=\"840\" \/>\n\t<meta property=\"og:image:height\" content=\"350\" \/>\n\t<meta property=\"og:image:type\" content=\"image\/png\" \/>\n<meta name=\"author\" content=\"Sensorial Sunsets\" \/>\n<meta name=\"twitter:card\" content=\"summary_large_image\" \/>\n<meta name=\"twitter:label1\" content=\"\u00c9crit par\" \/>\n\t<meta name=\"twitter:data1\" content=\"Sensorial Sunsets\" \/>\n\t<meta name=\"twitter:label2\" content=\"Dur\u00e9e de lecture estim\u00e9e\" \/>\n\t<meta name=\"twitter:data2\" content=\"3 minutes\" \/>\n<script type=\"application\/ld+json\" class=\"yoast-schema-graph\">{\"@context\":\"https:\\\/\\\/schema.org\",\"@graph\":[{\"@type\":\"Article\",\"@id\":\"https:\\\/\\\/www.sensorialsunsets.com\\\/fr\\\/el-nino-causes-consequences-et-impact-en-amerique-centrale\\\/#article\",\"isPartOf\":{\"@id\":\"https:\\\/\\\/www.sensorialsunsets.com\\\/fr\\\/el-nino-causes-consequences-et-impact-en-amerique-centrale\\\/\"},\"author\":{\"name\":\"Sensorial Sunsets\",\"@id\":\"https:\\\/\\\/www.sensorialsunsets.com\\\/fr\\\/#\\\/schema\\\/person\\\/77e2fa594135aa94024c47e281d8a94d\"},\"headline\":\"El Ni\u00f1o : causes, cons\u00e9quences et impact en Am\u00e9rique centrale\",\"datePublished\":\"2024-05-27T17:49:47+00:00\",\"dateModified\":\"2024-05-27T17:49:48+00:00\",\"mainEntityOfPage\":{\"@id\":\"https:\\\/\\\/www.sensorialsunsets.com\\\/fr\\\/el-nino-causes-consequences-et-impact-en-amerique-centrale\\\/\"},\"wordCount\":616,\"publisher\":{\"@id\":\"https:\\\/\\\/www.sensorialsunsets.com\\\/fr\\\/#organization\"},\"image\":{\"@id\":\"https:\\\/\\\/www.sensorialsunsets.com\\\/fr\\\/el-nino-causes-consequences-et-impact-en-amerique-centrale\\\/#primaryimage\"},\"thumbnailUrl\":\"https:\\\/\\\/www.sensorialsunsets.com\\\/wp-content\\\/uploads\\\/2024\\\/05\\\/Fenomeno-El-Nino-Sensorial-Sunsets.png\",\"articleSection\":[\"Ecologie\"],\"inLanguage\":\"fr-FR\"},{\"@type\":\"WebPage\",\"@id\":\"https:\\\/\\\/www.sensorialsunsets.com\\\/fr\\\/el-nino-causes-consequences-et-impact-en-amerique-centrale\\\/\",\"url\":\"https:\\\/\\\/www.sensorialsunsets.com\\\/fr\\\/el-nino-causes-consequences-et-impact-en-amerique-centrale\\\/\",\"name\":\"El Ni\u00f1o : causes, cons\u00e9quences et impact en Am\u00e9rique centrale - SensorialSunsets\",\"isPartOf\":{\"@id\":\"https:\\\/\\\/www.sensorialsunsets.com\\\/fr\\\/#website\"},\"primaryImageOfPage\":{\"@id\":\"https:\\\/\\\/www.sensorialsunsets.com\\\/fr\\\/el-nino-causes-consequences-et-impact-en-amerique-centrale\\\/#primaryimage\"},\"image\":{\"@id\":\"https:\\\/\\\/www.sensorialsunsets.com\\\/fr\\\/el-nino-causes-consequences-et-impact-en-amerique-centrale\\\/#primaryimage\"},\"thumbnailUrl\":\"https:\\\/\\\/www.sensorialsunsets.com\\\/wp-content\\\/uploads\\\/2024\\\/05\\\/Fenomeno-El-Nino-Sensorial-Sunsets.png\",\"datePublished\":\"2024-05-27T17:49:47+00:00\",\"dateModified\":\"2024-05-27T17:49:48+00:00\",\"description\":\"Explorez l'impact mondial d'El Ni\u00f1o, ses causes, ses cons\u00e9quences et ses effets graves en Am\u00e9rique centrale, en particulier dans le Corridor sec.\",\"inLanguage\":\"fr-FR\",\"potentialAction\":[{\"@type\":\"ReadAction\",\"target\":[\"https:\\\/\\\/www.sensorialsunsets.com\\\/fr\\\/el-nino-causes-consequences-et-impact-en-amerique-centrale\\\/\"]}]},{\"@type\":\"ImageObject\",\"inLanguage\":\"fr-FR\",\"@id\":\"https:\\\/\\\/www.sensorialsunsets.com\\\/fr\\\/el-nino-causes-consequences-et-impact-en-amerique-centrale\\\/#primaryimage\",\"url\":\"https:\\\/\\\/www.sensorialsunsets.com\\\/wp-content\\\/uploads\\\/2024\\\/05\\\/Fenomeno-El-Nino-Sensorial-Sunsets.png\",\"contentUrl\":\"https:\\\/\\\/www.sensorialsunsets.com\\\/wp-content\\\/uploads\\\/2024\\\/05\\\/Fenomeno-El-Nino-Sensorial-Sunsets.png\",\"width\":840,\"height\":350,\"caption\":\"Explora el impacto global de El Ni\u00f1o, sus causas, consecuencias y efectos severos en Centroam\u00e9rica, especialmente en el Corredor Seco.\"},{\"@type\":\"WebSite\",\"@id\":\"https:\\\/\\\/www.sensorialsunsets.com\\\/fr\\\/#website\",\"url\":\"https:\\\/\\\/www.sensorialsunsets.com\\\/fr\\\/\",\"name\":\"SensorialSunsets.com\",\"description\":\"D\u00e9couvrez la culture et la soci\u00e9t\u00e9 du Costa Rica sur notre blog. Explorez des articles captivants et partagez le contenu.\",\"publisher\":{\"@id\":\"https:\\\/\\\/www.sensorialsunsets.com\\\/fr\\\/#organization\"},\"alternateName\":\"Costa Rica Live Blog\",\"potentialAction\":[{\"@type\":\"SearchAction\",\"target\":{\"@type\":\"EntryPoint\",\"urlTemplate\":\"https:\\\/\\\/www.sensorialsunsets.com\\\/fr\\\/?s={search_term_string}\"},\"query-input\":{\"@type\":\"PropertyValueSpecification\",\"valueRequired\":true,\"valueName\":\"search_term_string\"}}],\"inLanguage\":\"fr-FR\"},{\"@type\":\"Organization\",\"@id\":\"https:\\\/\\\/www.sensorialsunsets.com\\\/fr\\\/#organization\",\"name\":\"SensorialSunsets\",\"url\":\"https:\\\/\\\/www.sensorialsunsets.com\\\/fr\\\/\",\"logo\":{\"@type\":\"ImageObject\",\"inLanguage\":\"fr-FR\",\"@id\":\"https:\\\/\\\/www.sensorialsunsets.com\\\/fr\\\/#\\\/schema\\\/logo\\\/image\\\/\",\"url\":\"https:\\\/\\\/www.sensorialsunsets.com\\\/wp-content\\\/uploads\\\/2023\\\/04\\\/Logo_base_line_fond_clair.svg\",\"contentUrl\":\"https:\\\/\\\/www.sensorialsunsets.com\\\/wp-content\\\/uploads\\\/2023\\\/04\\\/Logo_base_line_fond_clair.svg\",\"width\":\"1024\",\"height\":\"1024\",\"caption\":\"SensorialSunsets\"},\"image\":{\"@id\":\"https:\\\/\\\/www.sensorialsunsets.com\\\/fr\\\/#\\\/schema\\\/logo\\\/image\\\/\"},\"sameAs\":[\"https:\\\/\\\/www.facebook.com\\\/Sensorial-Sunsets-109180614715562\",\"https:\\\/\\\/www.instagram.com\\\/sensorialsunsets\\\/\"]},{\"@type\":\"Person\",\"@id\":\"https:\\\/\\\/www.sensorialsunsets.com\\\/fr\\\/#\\\/schema\\\/person\\\/77e2fa594135aa94024c47e281d8a94d\",\"name\":\"Sensorial Sunsets\",\"image\":{\"@type\":\"ImageObject\",\"inLanguage\":\"fr-FR\",\"@id\":\"https:\\\/\\\/secure.gravatar.com\\\/avatar\\\/5f2d62681b1dad94c28f1500d4fc75582acdfd32b55fd1acce0a36a3c487eabe?s=96&d=mm&r=g\",\"url\":\"https:\\\/\\\/secure.gravatar.com\\\/avatar\\\/5f2d62681b1dad94c28f1500d4fc75582acdfd32b55fd1acce0a36a3c487eabe?s=96&d=mm&r=g\",\"contentUrl\":\"https:\\\/\\\/secure.gravatar.com\\\/avatar\\\/5f2d62681b1dad94c28f1500d4fc75582acdfd32b55fd1acce0a36a3c487eabe?s=96&d=mm&r=g\",\"caption\":\"Sensorial Sunsets\"},\"url\":\"https:\\\/\\\/www.sensorialsunsets.com\\\/fr\\\/author\\\/asistentes-sensorial-sunsets\\\/\"}]}<\/script>\n<!-- \/ Yoast SEO plugin. -->","yoast_head_json":{"title":"El Ni\u00f1o : causes, cons\u00e9quences et impact en Am\u00e9rique centrale - SensorialSunsets","description":"Explorez l'impact mondial d'El Ni\u00f1o, ses causes, ses cons\u00e9quences et ses effets graves en Am\u00e9rique centrale, en particulier dans le Corridor sec.","robots":{"index":"index","follow":"follow","max-snippet":"max-snippet:-1","max-image-preview":"max-image-preview:large","max-video-preview":"max-video-preview:-1"},"canonical":"https:\/\/www.sensorialsunsets.com\/fr\/el-nino-causes-consequences-et-impact-en-amerique-centrale\/","og_locale":"fr_FR","og_type":"article","og_title":"El Ni\u00f1o : causes, cons\u00e9quences et impact en Am\u00e9rique centrale - SensorialSunsets","og_description":"Explorez l'impact mondial d'El Ni\u00f1o, ses causes, ses cons\u00e9quences et ses effets graves en Am\u00e9rique centrale, en particulier dans le Corridor sec.","og_url":"https:\/\/www.sensorialsunsets.com\/fr\/el-nino-causes-consequences-et-impact-en-amerique-centrale\/","og_site_name":"SensorialSunsets","article_publisher":"https:\/\/www.facebook.com\/Sensorial-Sunsets-109180614715562","article_published_time":"2024-05-27T17:49:47+00:00","article_modified_time":"2024-05-27T17:49:48+00:00","og_image":[{"width":840,"height":350,"url":"https:\/\/www.sensorialsunsets.com\/wp-content\/uploads\/2024\/05\/Fenomeno-El-Nino-Sensorial-Sunsets.png","type":"image\/png"}],"author":"Sensorial Sunsets","twitter_card":"summary_large_image","twitter_misc":{"\u00c9crit par":"Sensorial Sunsets","Dur\u00e9e de lecture estim\u00e9e":"3 minutes"},"schema":{"@context":"https:\/\/schema.org","@graph":[{"@type":"Article","@id":"https:\/\/www.sensorialsunsets.com\/fr\/el-nino-causes-consequences-et-impact-en-amerique-centrale\/#article","isPartOf":{"@id":"https:\/\/www.sensorialsunsets.com\/fr\/el-nino-causes-consequences-et-impact-en-amerique-centrale\/"},"author":{"name":"Sensorial Sunsets","@id":"https:\/\/www.sensorialsunsets.com\/fr\/#\/schema\/person\/77e2fa594135aa94024c47e281d8a94d"},"headline":"El Ni\u00f1o : causes, cons\u00e9quences et impact en Am\u00e9rique centrale","datePublished":"2024-05-27T17:49:47+00:00","dateModified":"2024-05-27T17:49:48+00:00","mainEntityOfPage":{"@id":"https:\/\/www.sensorialsunsets.com\/fr\/el-nino-causes-consequences-et-impact-en-amerique-centrale\/"},"wordCount":616,"publisher":{"@id":"https:\/\/www.sensorialsunsets.com\/fr\/#organization"},"image":{"@id":"https:\/\/www.sensorialsunsets.com\/fr\/el-nino-causes-consequences-et-impact-en-amerique-centrale\/#primaryimage"},"thumbnailUrl":"https:\/\/www.sensorialsunsets.com\/wp-content\/uploads\/2024\/05\/Fenomeno-El-Nino-Sensorial-Sunsets.png","articleSection":["Ecologie"],"inLanguage":"fr-FR"},{"@type":"WebPage","@id":"https:\/\/www.sensorialsunsets.com\/fr\/el-nino-causes-consequences-et-impact-en-amerique-centrale\/","url":"https:\/\/www.sensorialsunsets.com\/fr\/el-nino-causes-consequences-et-impact-en-amerique-centrale\/","name":"El Ni\u00f1o : causes, cons\u00e9quences et impact en Am\u00e9rique centrale - SensorialSunsets","isPartOf":{"@id":"https:\/\/www.sensorialsunsets.com\/fr\/#website"},"primaryImageOfPage":{"@id":"https:\/\/www.sensorialsunsets.com\/fr\/el-nino-causes-consequences-et-impact-en-amerique-centrale\/#primaryimage"},"image":{"@id":"https:\/\/www.sensorialsunsets.com\/fr\/el-nino-causes-consequences-et-impact-en-amerique-centrale\/#primaryimage"},"thumbnailUrl":"https:\/\/www.sensorialsunsets.com\/wp-content\/uploads\/2024\/05\/Fenomeno-El-Nino-Sensorial-Sunsets.png","datePublished":"2024-05-27T17:49:47+00:00","dateModified":"2024-05-27T17:49:48+00:00","description":"Explorez l'impact mondial d'El Ni\u00f1o, ses causes, ses cons\u00e9quences et ses effets graves en Am\u00e9rique centrale, en particulier dans le Corridor sec.","inLanguage":"fr-FR","potentialAction":[{"@type":"ReadAction","target":["https:\/\/www.sensorialsunsets.com\/fr\/el-nino-causes-consequences-et-impact-en-amerique-centrale\/"]}]},{"@type":"ImageObject","inLanguage":"fr-FR","@id":"https:\/\/www.sensorialsunsets.com\/fr\/el-nino-causes-consequences-et-impact-en-amerique-centrale\/#primaryimage","url":"https:\/\/www.sensorialsunsets.com\/wp-content\/uploads\/2024\/05\/Fenomeno-El-Nino-Sensorial-Sunsets.png","contentUrl":"https:\/\/www.sensorialsunsets.com\/wp-content\/uploads\/2024\/05\/Fenomeno-El-Nino-Sensorial-Sunsets.png","width":840,"height":350,"caption":"Explora el impacto global de El Ni\u00f1o, sus causas, consecuencias y efectos severos en Centroam\u00e9rica, especialmente en el Corredor Seco."},{"@type":"WebSite","@id":"https:\/\/www.sensorialsunsets.com\/fr\/#website","url":"https:\/\/www.sensorialsunsets.com\/fr\/","name":"SensorialSunsets.com","description":"D\u00e9couvrez la culture et la soci\u00e9t\u00e9 du Costa Rica sur notre blog. Explorez des articles captivants et partagez le contenu.","publisher":{"@id":"https:\/\/www.sensorialsunsets.com\/fr\/#organization"},"alternateName":"Costa Rica Live Blog","potentialAction":[{"@type":"SearchAction","target":{"@type":"EntryPoint","urlTemplate":"https:\/\/www.sensorialsunsets.com\/fr\/?s={search_term_string}"},"query-input":{"@type":"PropertyValueSpecification","valueRequired":true,"valueName":"search_term_string"}}],"inLanguage":"fr-FR"},{"@type":"Organization","@id":"https:\/\/www.sensorialsunsets.com\/fr\/#organization","name":"SensorialSunsets","url":"https:\/\/www.sensorialsunsets.com\/fr\/","logo":{"@type":"ImageObject","inLanguage":"fr-FR","@id":"https:\/\/www.sensorialsunsets.com\/fr\/#\/schema\/logo\/image\/","url":"https:\/\/www.sensorialsunsets.com\/wp-content\/uploads\/2023\/04\/Logo_base_line_fond_clair.svg","contentUrl":"https:\/\/www.sensorialsunsets.com\/wp-content\/uploads\/2023\/04\/Logo_base_line_fond_clair.svg","width":"1024","height":"1024","caption":"SensorialSunsets"},"image":{"@id":"https:\/\/www.sensorialsunsets.com\/fr\/#\/schema\/logo\/image\/"},"sameAs":["https:\/\/www.facebook.com\/Sensorial-Sunsets-109180614715562","https:\/\/www.instagram.com\/sensorialsunsets\/"]},{"@type":"Person","@id":"https:\/\/www.sensorialsunsets.com\/fr\/#\/schema\/person\/77e2fa594135aa94024c47e281d8a94d","name":"Sensorial Sunsets","image":{"@type":"ImageObject","inLanguage":"fr-FR","@id":"https:\/\/secure.gravatar.com\/avatar\/5f2d62681b1dad94c28f1500d4fc75582acdfd32b55fd1acce0a36a3c487eabe?s=96&d=mm&r=g","url":"https:\/\/secure.gravatar.com\/avatar\/5f2d62681b1dad94c28f1500d4fc75582acdfd32b55fd1acce0a36a3c487eabe?s=96&d=mm&r=g","contentUrl":"https:\/\/secure.gravatar.com\/avatar\/5f2d62681b1dad94c28f1500d4fc75582acdfd32b55fd1acce0a36a3c487eabe?s=96&d=mm&r=g","caption":"Sensorial Sunsets"},"url":"https:\/\/www.sensorialsunsets.com\/fr\/author\/asistentes-sensorial-sunsets\/"}]}},"_links":{"self":[{"href":"https:\/\/www.sensorialsunsets.com\/fr\/wp-json\/wp\/v2\/posts\/16882","targetHints":{"allow":["GET"]}}],"collection":[{"href":"https:\/\/www.sensorialsunsets.com\/fr\/wp-json\/wp\/v2\/posts"}],"about":[{"href":"https:\/\/www.sensorialsunsets.com\/fr\/wp-json\/wp\/v2\/types\/post"}],"author":[{"embeddable":true,"href":"https:\/\/www.sensorialsunsets.com\/fr\/wp-json\/wp\/v2\/users\/4"}],"replies":[{"embeddable":true,"href":"https:\/\/www.sensorialsunsets.com\/fr\/wp-json\/wp\/v2\/comments?post=16882"}],"version-history":[{"count":0,"href":"https:\/\/www.sensorialsunsets.com\/fr\/wp-json\/wp\/v2\/posts\/16882\/revisions"}],"wp:featuredmedia":[{"embeddable":true,"href":"https:\/\/www.sensorialsunsets.com\/fr\/wp-json\/wp\/v2\/media\/16869"}],"wp:attachment":[{"href":"https:\/\/www.sensorialsunsets.com\/fr\/wp-json\/wp\/v2\/media?parent=16882"}],"wp:term":[{"taxonomy":"category","embeddable":true,"href":"https:\/\/www.sensorialsunsets.com\/fr\/wp-json\/wp\/v2\/categories?post=16882"},{"taxonomy":"post_tag","embeddable":true,"href":"https:\/\/www.sensorialsunsets.com\/fr\/wp-json\/wp\/v2\/tags?post=16882"}],"curies":[{"name":"wp","href":"https:\/\/api.w.org\/{rel}","templated":true}]}}