{"id":1703,"date":"2022-05-03T01:40:05","date_gmt":"2022-05-03T01:40:05","guid":{"rendered":"https:\/\/www.sensorialsunsets.com\/?p=1703"},"modified":"2022-05-30T21:24:43","modified_gmt":"2022-05-30T21:24:43","slug":"puerto-jimenez-un-nouveau-canton-au-costa-rica","status":"publish","type":"post","link":"https:\/\/www.sensorialsunsets.com\/fr\/puerto-jimenez-un-nouveau-canton-au-costa-rica\/","title":{"rendered":"Puerto Jim\u00e9nez: un nouveau canton au Costa Rica"},"content":{"rendered":"\n<p>En mars dernier, la cr\u00e9ation du nouveau canton de Puerto Jimenez, qui \u00e9tait auparavant un district du canton de Golfito, a \u00e9t\u00e9 approuv\u00e9e lors d\u2019un premier d\u00e9bat.<\/p>\n\n<p>\u00a0<\/p>\n\n<h2 class=\"wp-block-heading\"><h2><strong>O\u00f9 est-il situ\u00e9 ?<\/strong><\/h2><\/h2>\n\n<p>Pour mieux comprendre l\u2019importance de cette d\u00e9claration, il faut d\u2019abord conna\u00eetre la situation g\u00e9ographique de Puerto Jimenez. Il est situ\u00e9 sur la p\u00e9ninsule d\u2019Osa, dans la zone sud du Costa Rica, entour\u00e9 par le parc national de Corcovado et les eaux de l\u2019oc\u00e9an Pacifique et du Golfo Dulce. Le centre de Golfito, o\u00f9 se trouvent la municipalit\u00e9 et de nombreux services essentiels, se trouve \u00e0 116 kilom\u00e8tres par route et \u00e0 18 kilom\u00e8tres par bateau de Puerto Jimenez, de l\u2019autre c\u00f4t\u00e9 du Golfo Dulce. Dans le si\u00e8ge municipal de ce nouveau canton, les habitants de Puerto Jimenez n\u2019avaient d\u2019autre choix que de faire le long voyage pour acc\u00e9der \u00e0 certains bureaux, ce qui les laissait isol\u00e9s. Le quartier g\u00e9n\u00e9ral, du nouveau canton, sera situ\u00e9 dans la ville de Puerto Jimenez, ce qui rapprochera les villageois de leur gouvernement.<\/p>\n\n<p>Par ailleurs, le nouveau canton compte une population d\u2019environ 11 905 habitants, selon le dernier recensement effectu\u00e9 il y a trois ans par l\u2019Institut national des statistiques et du recensement (INEC).<\/p>\n\n<p><h2><strong>Processus de d\u00e9claration<\/strong><\/h2><\/p>\n\n<p>La majorit\u00e9 des personnes vivant \u00e0 Puerto Jimenez se sont r\u00e9unies en raison du manque de soutien de la municipalit\u00e9. Les besoins de la communaut\u00e9 n\u2019\u00e9taient pas satisfaits. En outre, les ressources qui y \u00e9taient g\u00e9n\u00e9r\u00e9es ne pouvaient pas \u00eatre r\u00e9investies au profit des habitants. Teresa Gardela, pr\u00e9sidente de la chambre de tourisme de Puerto Jimenez, raconte comment cela a \u00e9t\u00e9 un facteur de motivation pour demander une d\u00e9claration de canton.<\/p>\n\n<p>Bien que Puerto Jimenez ne compte pas 1% de la population totale du pays, condition requise pour obtenir le statut de canton, une exception a \u00e9t\u00e9 faite. En vertu de l\u2019article 9 de la loi n\u00b0 4366 sur la division administrative du territoire, cette exception est autoris\u00e9e sous r\u00e9serve d\u2019\u00e9tudes r\u00e9alis\u00e9es par la Commission nationale de la division territoriale. Puerto Jimenez est consid\u00e9r\u00e9 comme une communaut\u00e9 \u00e9loign\u00e9e et difficile d\u2019acc\u00e8s.<\/p>\n\n<p>Les habitants de Puerto Jimenez vivent principalement\u00a0<a href=\"https:\/\/www.sensorialsunsets.com\/fr\/au-coeur-de-la-region-sud-du-costa-rica\/\" target=\"_blank\" rel=\"noreferrer noopener\">du tourisme<\/a>, qui se d\u00e9veloppe gr\u00e2ce \u00e0 ses\u00a0<a href=\"https:\/\/www.sensorialsunsets.com\/fr\/le-costa-rica-un-petit-pays-avec-una-biodiversite-exuberante\/\" target=\"_blank\" rel=\"noreferrer noopener\">richesses naturelles<\/a>.\u00a0 Parmi les principales activit\u00e9s \u00e9conomiques figurent l\u2019\u00e9cotourisme, l\u2019agrotourisme, le tourisme d\u2019aventure, l\u2019\u00e9levage, l\u2019agriculture, la p\u00eache sportive et artisanale et l\u2019industrie. Bien que les activit\u00e9s soient rentables, les habitants restent conscients de la n\u00e9cessit\u00e9 d\u2019investir dans l\u2019avenir. Le d\u00e9veloppement social et la diversification de l\u2019\u00e9conomie sont les objectifs de la d\u00e9signation du canton.<\/p>\n\n<p>La d\u00e9claration a \u00e9t\u00e9 approuv\u00e9e en premier d\u00e9bat par l\u2019Assembl\u00e9e l\u00e9gislative le 24 mars. Elle a recueilli 40 voix favorables parmi les d\u00e9put\u00e9s pr\u00e9sents. Puerto Jimenez devient ainsi le 84e canton du Costa Rica et le 13e de Puntarenas. Le passage au canton a \u00e9t\u00e9 c\u00e9l\u00e9br\u00e9 par les habitants de la r\u00e9gion et les promoteurs du projet.<\/p>\n\n<p>La municipalit\u00e9 sera en place jusqu\u2019en 2024, apr\u00e8s les \u00e9lections municipales. Toutefois, ces deux ann\u00e9es restantes ne sont pas limit\u00e9es \u00e0 l\u2019attente. Teresa Gardela raconte comment la Commission pro-cantonate se pr\u00e9pare pour que les conseillers municipaux entrants disposent de toute la logistique et des ressources n\u00e9cessaires pour commencer leur travail de la meilleure fa\u00e7on possible.<\/p>\n\n<figure class=\"wp-block-image size-full\"><img loading=\"lazy\" decoding=\"async\" width=\"465\" height=\"362\" src=\"https:\/\/www.sensorialsunsets.com\/wp-content\/uploads\/2022\/05\/image-3.png\" alt=\"\" class=\"wp-image-1692\" srcset=\"https:\/\/www.sensorialsunsets.com\/wp-content\/uploads\/2022\/05\/image-3.png 465w, https:\/\/www.sensorialsunsets.com\/wp-content\/uploads\/2022\/05\/image-3-300x234.png 300w\" sizes=\"auto, (max-width: 465px) 100vw, 465px\" \/><\/figure>\n<h2 class=\"wp-block-heading\"><h2><strong>Objectifs pour l\u2019avenir<\/strong><\/h2><\/h2>\n\n<p>On s\u2019attend \u00e0 ce que la chambre de tourisme de Puerto Jimenez, la commission de pro-cantonisation et l\u2019association de d\u00e9veloppement continuent \u00e0 travailler ensemble pour maintenir l\u2019organisation de la communaut\u00e9. En d\u2019autres termes, les diff\u00e9rentes parties devraient se structurer au mieux pour que la commune dispose des meilleures conditions possibles. Cependant, ces entit\u00e9s n\u2019\u00e9taient pas les seules \u00e0 vouloir participer \u00e0 ce processus: la population de Puerto Jimenez amis du sien pour que la meilleure option soit de devenir un canton ind\u00e9pendant.<\/p>\n\n<p>La constitution d\u2019un canton serait une am\u00e9lioration. En raison de son \u00e9loignement, la municipalit\u00e9 n\u2019\u00e9tait pas en mesure de r\u00e9pondre de mani\u00e8re ad\u00e9quate aux diff\u00e9rents besoins \u00e0 l\u2019int\u00e9rieur de ses limites g\u00e9ographiques. Par cons\u00e9quent, des probl\u00e8mes importantes tels que l\u2019acc\u00e8s aux services publics et leur qualit\u00e9 ont \u00e9t\u00e9 affect\u00e9s. Cela a g\u00e9n\u00e9r\u00e9 de faibles indices de d\u00e9veloppement humain et une croissance du ch\u00f4mage, de l\u2019ins\u00e9curit\u00e9 et de la d\u00e9sertion scolaire.<\/p>\n\n<h2 class=\"wp-block-heading\"><strong>En bref<\/strong><\/h2>\n\n<p>-Puerto Jimenez est d\u00e9sormais le 84e canton du Costa Rica et le 13e de Puntarenas. Il a \u00e9t\u00e9 d\u00e9clar\u00e9 canton le 24 mars.<\/p>\n\n<p>-L\u2019\u00e9loignement de Puerto Jim\u00e9nez du centre de Golfito rend difficile le soutien de la municipalit\u00e9 et les ressources ne sont pas r\u00e9investies dans la communaut\u00e9.<\/p>\n\n<p>-Les habitants de Puerto Jimenez vivent principalement du tourisme, qui se d\u00e9veloppe gr\u00e2ce \u00e0 ses richesses naturelles.<\/p>\n\n<p>-La municipalit\u00e9 sera en place jusqu\u2019en 2024.<\/p>\n\n<p><strong>Bibliographie<\/strong><\/p>\n\n<p><a href=\"https:\/\/www.elfinancierocr.com\/economia-y-politica\/costa-rica-tendra-canton-numero-84-puerto-jimenez\/DA2TNQTYBVB7VBWWP7HBS5FBMU\/story\/\">https:\/\/www.elfinancierocr.com\/economia-y-politica\/costa-rica-tendra-canton-numero-84-puerto-jimenez\/DA2TNQTYBVB7VBWWP7HBS5FBMU\/story\/<\/a><\/p>\n\n<p><a href=\"https:\/\/observador.cr\/puerto-jimenez-avanza-proceso-para-crear-el-canton-84-en-costa-rica\/\">https:\/\/observador.cr\/puerto-jimenez-avanza-proceso-para-crear-el-canton-84-en-costa-rica\/<\/a><\/p>\n\n<p><a href=\"https:\/\/www.govisitcostarica.co.cr\/region\/city.asp?cID=273#\">https:\/\/www.govisitcostarica.co.cr\/region\/city.asp?cID=273#<\/a><\/p>\n\n<p><a href=\"https:\/\/www.ecured.cu\/Puerto_Jim%C3%A9nez\">https:\/\/www.ecured.cu\/Puerto_Jim%C3%A9nez<\/a><\/p>\n\n<p><a href=\"https:\/\/si.cultura.cr\/manifestaciones-culturales\/historias-y-tradiciones-orales-de-golfito.html\">https:\/\/si.cultura.cr\/manifestaciones-culturales\/historias-y-tradiciones-orales-de-golfito.html<\/a><\/p>\n\n<p><a href=\"https:\/\/www.gobiernolocalosa.go.cr\/turismo\/info.php?item=74\">https:\/\/www.gobiernolocalosa.go.cr\/turismo\/info.php?item=74<\/a><\/p>\n\n<p><a href=\"https:\/\/www.crhoy.com\/nacionales\/40-diputados-aprueban-declarar-a-puerto-jimenez-como-canton\/\">https:\/\/www.crhoy.com\/nacionales\/40-diputados-aprueban-declarar-a-puerto-jimenez-como-canton\/<\/a><\/p>\n\n<p><a href=\"http:\/\/www.ecotourism.co.cr\/spanish\/Puerto-Jimenez\/cat-descripcion-de-ciudades\/Puerto-Jimenez\/321\/\">http:\/\/www.ecotourism.co.cr\/spanish\/Puerto-Jimenez\/cat-descripcion-de-ciudades\/Puerto-Jimenez\/321\/<\/a><\/p>\n\n<p><\/p>\n\n<p><a href=\"http:\/\/primeraplana.or.cr\/es\/Su_Criterio\/Cronicas_del_Golfo_Dulce\/\">http:\/\/primeraplana.or.cr\/es\/Su_Criterio\/Cronicas_del_Golfo_Dulce\/<\/a><\/p>\n\n<p><a href=\"https:\/\/vlex.co.cr\/vid\/proyecto-ley-creacion-canton-877851845\">https:\/\/vlex.co.cr\/vid\/proyecto-ley-creacion-canton-877851845<\/a><\/p>\n\n<p><a href=\"https:\/\/www.inder.go.cr\/peninsula-de-osa\/Caracterizacion-territorio-Peninsula-Osa.pdf\">https:\/\/www.inder.go.cr\/peninsula-de-osa\/Caracterizacion-territorio-Peninsula-Osa.pdf<\/a><\/p>\n\n<p><strong>Autoras<\/strong><\/p>\n\n<p>Angie Loveday y Zelda Walters<\/p>\n\n<p>en colaboraci\u00f3n con Teresa Gardela, presidenta de la C\u00e1mara de Turismo de Puerto Jim\u00e9nez<\/p>\n\n<p>para Sensorial Sunsets<\/p>\n","protected":false},"excerpt":{"rendered":"<p>En mars dernier, la cr\u00e9ation du nouveau canton de Puerto Jimenez, qui \u00e9tait auparavant un district du canton de Golfito, a \u00e9t\u00e9 approuv\u00e9e lors d\u2019un premier d\u00e9bat. \u00a0 O\u00f9 est-il situ\u00e9 ? Pour mieux comprendre l\u2019importance de cette d\u00e9claration, il faut d\u2019abord conna\u00eetre la situation g\u00e9ographique de Puerto Jimenez. Il est situ\u00e9 sur la p\u00e9ninsule [&hellip;]<\/p>\n","protected":false},"author":5,"featured_media":1687,"comment_status":"closed","ping_status":"closed","sticky":false,"template":"","format":"standard","meta":{"_acf_changed":false,"inline_featured_image":false,"_monsterinsights_skip_tracking":false,"_monsterinsights_sitenote_active":false,"_monsterinsights_sitenote_note":"","_monsterinsights_sitenote_category":0,"footnotes":""},"categories":[100,113],"tags":[],"class_list":["post-1703","post","type-post","status-publish","format-standard","has-post-thumbnail","hentry","category-costa-rica-fr","category-tourisme-fr"],"acf":[],"yoast_head":"<!-- This site is optimized with the Yoast SEO plugin v27.4 - https:\/\/yoast.com\/product\/yoast-seo-wordpress\/ -->\n<title>Puerto Jim\u00e9nez: un nouveau canton au Costa Rica - SensorialSunsets<\/title>\n<meta name=\"description\" content=\"Puerto Jimenez is now the new canton of Costa Rica. The town prepares the new municipality for 2024.\" \/>\n<meta name=\"robots\" content=\"index, follow, max-snippet:-1, max-image-preview:large, max-video-preview:-1\" \/>\n<link rel=\"canonical\" href=\"https:\/\/www.sensorialsunsets.com\/fr\/puerto-jimenez-un-nouveau-canton-au-costa-rica\/\" \/>\n<meta property=\"og:locale\" content=\"fr_FR\" \/>\n<meta property=\"og:type\" content=\"article\" \/>\n<meta property=\"og:title\" content=\"Puerto Jim\u00e9nez: un nouveau canton au Costa Rica - SensorialSunsets\" \/>\n<meta property=\"og:description\" content=\"Puerto Jimenez is now the new canton of Costa Rica. The town prepares the new municipality for 2024.\" \/>\n<meta property=\"og:url\" content=\"https:\/\/www.sensorialsunsets.com\/fr\/puerto-jimenez-un-nouveau-canton-au-costa-rica\/\" \/>\n<meta property=\"og:site_name\" content=\"SensorialSunsets\" \/>\n<meta property=\"article:publisher\" content=\"https:\/\/www.facebook.com\/Sensorial-Sunsets-109180614715562\" \/>\n<meta property=\"article:published_time\" content=\"2022-05-03T01:40:05+00:00\" \/>\n<meta property=\"article:modified_time\" content=\"2022-05-30T21:24:43+00:00\" \/>\n<meta property=\"og:image\" content=\"https:\/\/www.sensorialsunsets.com\/wp-content\/uploads\/2022\/05\/image-2.png\" \/>\n\t<meta property=\"og:image:width\" content=\"940\" \/>\n\t<meta property=\"og:image:height\" content=\"527\" \/>\n\t<meta property=\"og:image:type\" content=\"image\/png\" \/>\n<meta name=\"author\" content=\"Marian Barrantes\" \/>\n<meta name=\"twitter:card\" content=\"summary_large_image\" \/>\n<meta name=\"twitter:label1\" content=\"\u00c9crit par\" \/>\n\t<meta name=\"twitter:data1\" content=\"Marian Barrantes\" \/>\n\t<meta name=\"twitter:label2\" content=\"Dur\u00e9e de lecture estim\u00e9e\" \/>\n\t<meta name=\"twitter:data2\" content=\"4 minutes\" \/>\n<script type=\"application\/ld+json\" class=\"yoast-schema-graph\">{\"@context\":\"https:\\\/\\\/schema.org\",\"@graph\":[{\"@type\":\"Article\",\"@id\":\"https:\\\/\\\/www.sensorialsunsets.com\\\/fr\\\/puerto-jimenez-un-nouveau-canton-au-costa-rica\\\/#article\",\"isPartOf\":{\"@id\":\"https:\\\/\\\/www.sensorialsunsets.com\\\/fr\\\/puerto-jimenez-un-nouveau-canton-au-costa-rica\\\/\"},\"author\":{\"name\":\"Marian Barrantes\",\"@id\":\"https:\\\/\\\/www.sensorialsunsets.com\\\/fr\\\/#\\\/schema\\\/person\\\/a8336a4dbeee633f087a194db2ca482f\"},\"headline\":\"Puerto Jim\u00e9nez: un nouveau canton au Costa Rica\",\"datePublished\":\"2022-05-03T01:40:05+00:00\",\"dateModified\":\"2022-05-30T21:24:43+00:00\",\"mainEntityOfPage\":{\"@id\":\"https:\\\/\\\/www.sensorialsunsets.com\\\/fr\\\/puerto-jimenez-un-nouveau-canton-au-costa-rica\\\/\"},\"wordCount\":979,\"publisher\":{\"@id\":\"https:\\\/\\\/www.sensorialsunsets.com\\\/fr\\\/#organization\"},\"image\":{\"@id\":\"https:\\\/\\\/www.sensorialsunsets.com\\\/fr\\\/puerto-jimenez-un-nouveau-canton-au-costa-rica\\\/#primaryimage\"},\"thumbnailUrl\":\"https:\\\/\\\/www.sensorialsunsets.com\\\/wp-content\\\/uploads\\\/2022\\\/05\\\/image-2.png\",\"articleSection\":[\"Costa Rica\",\"Tourisme\"],\"inLanguage\":\"fr-FR\"},{\"@type\":\"WebPage\",\"@id\":\"https:\\\/\\\/www.sensorialsunsets.com\\\/fr\\\/puerto-jimenez-un-nouveau-canton-au-costa-rica\\\/\",\"url\":\"https:\\\/\\\/www.sensorialsunsets.com\\\/fr\\\/puerto-jimenez-un-nouveau-canton-au-costa-rica\\\/\",\"name\":\"Puerto Jim\u00e9nez: un nouveau canton au Costa Rica - SensorialSunsets\",\"isPartOf\":{\"@id\":\"https:\\\/\\\/www.sensorialsunsets.com\\\/fr\\\/#website\"},\"primaryImageOfPage\":{\"@id\":\"https:\\\/\\\/www.sensorialsunsets.com\\\/fr\\\/puerto-jimenez-un-nouveau-canton-au-costa-rica\\\/#primaryimage\"},\"image\":{\"@id\":\"https:\\\/\\\/www.sensorialsunsets.com\\\/fr\\\/puerto-jimenez-un-nouveau-canton-au-costa-rica\\\/#primaryimage\"},\"thumbnailUrl\":\"https:\\\/\\\/www.sensorialsunsets.com\\\/wp-content\\\/uploads\\\/2022\\\/05\\\/image-2.png\",\"datePublished\":\"2022-05-03T01:40:05+00:00\",\"dateModified\":\"2022-05-30T21:24:43+00:00\",\"description\":\"Puerto Jimenez is now the new canton of Costa Rica. The town prepares the new municipality for 2024.\",\"inLanguage\":\"fr-FR\",\"potentialAction\":[{\"@type\":\"ReadAction\",\"target\":[\"https:\\\/\\\/www.sensorialsunsets.com\\\/fr\\\/puerto-jimenez-un-nouveau-canton-au-costa-rica\\\/\"]}]},{\"@type\":\"ImageObject\",\"inLanguage\":\"fr-FR\",\"@id\":\"https:\\\/\\\/www.sensorialsunsets.com\\\/fr\\\/puerto-jimenez-un-nouveau-canton-au-costa-rica\\\/#primaryimage\",\"url\":\"https:\\\/\\\/www.sensorialsunsets.com\\\/wp-content\\\/uploads\\\/2022\\\/05\\\/image-2.png\",\"contentUrl\":\"https:\\\/\\\/www.sensorialsunsets.com\\\/wp-content\\\/uploads\\\/2022\\\/05\\\/image-2.png\",\"width\":940,\"height\":527},{\"@type\":\"WebSite\",\"@id\":\"https:\\\/\\\/www.sensorialsunsets.com\\\/fr\\\/#website\",\"url\":\"https:\\\/\\\/www.sensorialsunsets.com\\\/fr\\\/\",\"name\":\"SensorialSunsets.com\",\"description\":\"D\u00e9couvrez la culture et la soci\u00e9t\u00e9 du Costa Rica sur notre blog. Explorez des articles captivants et partagez le contenu.\",\"publisher\":{\"@id\":\"https:\\\/\\\/www.sensorialsunsets.com\\\/fr\\\/#organization\"},\"alternateName\":\"Costa Rica Live Blog\",\"potentialAction\":[{\"@type\":\"SearchAction\",\"target\":{\"@type\":\"EntryPoint\",\"urlTemplate\":\"https:\\\/\\\/www.sensorialsunsets.com\\\/fr\\\/?s={search_term_string}\"},\"query-input\":{\"@type\":\"PropertyValueSpecification\",\"valueRequired\":true,\"valueName\":\"search_term_string\"}}],\"inLanguage\":\"fr-FR\"},{\"@type\":\"Organization\",\"@id\":\"https:\\\/\\\/www.sensorialsunsets.com\\\/fr\\\/#organization\",\"name\":\"SensorialSunsets\",\"url\":\"https:\\\/\\\/www.sensorialsunsets.com\\\/fr\\\/\",\"logo\":{\"@type\":\"ImageObject\",\"inLanguage\":\"fr-FR\",\"@id\":\"https:\\\/\\\/www.sensorialsunsets.com\\\/fr\\\/#\\\/schema\\\/logo\\\/image\\\/\",\"url\":\"https:\\\/\\\/www.sensorialsunsets.com\\\/wp-content\\\/uploads\\\/2023\\\/04\\\/Logo_base_line_fond_clair.svg\",\"contentUrl\":\"https:\\\/\\\/www.sensorialsunsets.com\\\/wp-content\\\/uploads\\\/2023\\\/04\\\/Logo_base_line_fond_clair.svg\",\"width\":\"1024\",\"height\":\"1024\",\"caption\":\"SensorialSunsets\"},\"image\":{\"@id\":\"https:\\\/\\\/www.sensorialsunsets.com\\\/fr\\\/#\\\/schema\\\/logo\\\/image\\\/\"},\"sameAs\":[\"https:\\\/\\\/www.facebook.com\\\/Sensorial-Sunsets-109180614715562\",\"https:\\\/\\\/www.instagram.com\\\/sensorialsunsets\\\/\"]},{\"@type\":\"Person\",\"@id\":\"https:\\\/\\\/www.sensorialsunsets.com\\\/fr\\\/#\\\/schema\\\/person\\\/a8336a4dbeee633f087a194db2ca482f\",\"name\":\"Marian Barrantes\",\"image\":{\"@type\":\"ImageObject\",\"inLanguage\":\"fr-FR\",\"@id\":\"https:\\\/\\\/secure.gravatar.com\\\/avatar\\\/fafbfab67eb28029818d03f44e3037bd798e04434d8d5c0cfc2eea8ec2882a22?s=96&d=mm&r=g\",\"url\":\"https:\\\/\\\/secure.gravatar.com\\\/avatar\\\/fafbfab67eb28029818d03f44e3037bd798e04434d8d5c0cfc2eea8ec2882a22?s=96&d=mm&r=g\",\"contentUrl\":\"https:\\\/\\\/secure.gravatar.com\\\/avatar\\\/fafbfab67eb28029818d03f44e3037bd798e04434d8d5c0cfc2eea8ec2882a22?s=96&d=mm&r=g\",\"caption\":\"Marian Barrantes\"},\"sameAs\":[\"https:\\\/\\\/www.sensorialsunsets.com\"],\"url\":\"https:\\\/\\\/www.sensorialsunsets.com\\\/fr\\\/author\\\/mbarrantes\\\/\"}]}<\/script>\n<!-- \/ Yoast SEO plugin. -->","yoast_head_json":{"title":"Puerto Jim\u00e9nez: un nouveau canton au Costa Rica - SensorialSunsets","description":"Puerto Jimenez is now the new canton of Costa Rica. The town prepares the new municipality for 2024.","robots":{"index":"index","follow":"follow","max-snippet":"max-snippet:-1","max-image-preview":"max-image-preview:large","max-video-preview":"max-video-preview:-1"},"canonical":"https:\/\/www.sensorialsunsets.com\/fr\/puerto-jimenez-un-nouveau-canton-au-costa-rica\/","og_locale":"fr_FR","og_type":"article","og_title":"Puerto Jim\u00e9nez: un nouveau canton au Costa Rica - SensorialSunsets","og_description":"Puerto Jimenez is now the new canton of Costa Rica. The town prepares the new municipality for 2024.","og_url":"https:\/\/www.sensorialsunsets.com\/fr\/puerto-jimenez-un-nouveau-canton-au-costa-rica\/","og_site_name":"SensorialSunsets","article_publisher":"https:\/\/www.facebook.com\/Sensorial-Sunsets-109180614715562","article_published_time":"2022-05-03T01:40:05+00:00","article_modified_time":"2022-05-30T21:24:43+00:00","og_image":[{"width":940,"height":527,"url":"https:\/\/www.sensorialsunsets.com\/wp-content\/uploads\/2022\/05\/image-2.png","type":"image\/png"}],"author":"Marian Barrantes","twitter_card":"summary_large_image","twitter_misc":{"\u00c9crit par":"Marian Barrantes","Dur\u00e9e de lecture estim\u00e9e":"4 minutes"},"schema":{"@context":"https:\/\/schema.org","@graph":[{"@type":"Article","@id":"https:\/\/www.sensorialsunsets.com\/fr\/puerto-jimenez-un-nouveau-canton-au-costa-rica\/#article","isPartOf":{"@id":"https:\/\/www.sensorialsunsets.com\/fr\/puerto-jimenez-un-nouveau-canton-au-costa-rica\/"},"author":{"name":"Marian Barrantes","@id":"https:\/\/www.sensorialsunsets.com\/fr\/#\/schema\/person\/a8336a4dbeee633f087a194db2ca482f"},"headline":"Puerto Jim\u00e9nez: un nouveau canton au Costa Rica","datePublished":"2022-05-03T01:40:05+00:00","dateModified":"2022-05-30T21:24:43+00:00","mainEntityOfPage":{"@id":"https:\/\/www.sensorialsunsets.com\/fr\/puerto-jimenez-un-nouveau-canton-au-costa-rica\/"},"wordCount":979,"publisher":{"@id":"https:\/\/www.sensorialsunsets.com\/fr\/#organization"},"image":{"@id":"https:\/\/www.sensorialsunsets.com\/fr\/puerto-jimenez-un-nouveau-canton-au-costa-rica\/#primaryimage"},"thumbnailUrl":"https:\/\/www.sensorialsunsets.com\/wp-content\/uploads\/2022\/05\/image-2.png","articleSection":["Costa Rica","Tourisme"],"inLanguage":"fr-FR"},{"@type":"WebPage","@id":"https:\/\/www.sensorialsunsets.com\/fr\/puerto-jimenez-un-nouveau-canton-au-costa-rica\/","url":"https:\/\/www.sensorialsunsets.com\/fr\/puerto-jimenez-un-nouveau-canton-au-costa-rica\/","name":"Puerto Jim\u00e9nez: un nouveau canton au Costa Rica - SensorialSunsets","isPartOf":{"@id":"https:\/\/www.sensorialsunsets.com\/fr\/#website"},"primaryImageOfPage":{"@id":"https:\/\/www.sensorialsunsets.com\/fr\/puerto-jimenez-un-nouveau-canton-au-costa-rica\/#primaryimage"},"image":{"@id":"https:\/\/www.sensorialsunsets.com\/fr\/puerto-jimenez-un-nouveau-canton-au-costa-rica\/#primaryimage"},"thumbnailUrl":"https:\/\/www.sensorialsunsets.com\/wp-content\/uploads\/2022\/05\/image-2.png","datePublished":"2022-05-03T01:40:05+00:00","dateModified":"2022-05-30T21:24:43+00:00","description":"Puerto Jimenez is now the new canton of Costa Rica. The town prepares the new municipality for 2024.","inLanguage":"fr-FR","potentialAction":[{"@type":"ReadAction","target":["https:\/\/www.sensorialsunsets.com\/fr\/puerto-jimenez-un-nouveau-canton-au-costa-rica\/"]}]},{"@type":"ImageObject","inLanguage":"fr-FR","@id":"https:\/\/www.sensorialsunsets.com\/fr\/puerto-jimenez-un-nouveau-canton-au-costa-rica\/#primaryimage","url":"https:\/\/www.sensorialsunsets.com\/wp-content\/uploads\/2022\/05\/image-2.png","contentUrl":"https:\/\/www.sensorialsunsets.com\/wp-content\/uploads\/2022\/05\/image-2.png","width":940,"height":527},{"@type":"WebSite","@id":"https:\/\/www.sensorialsunsets.com\/fr\/#website","url":"https:\/\/www.sensorialsunsets.com\/fr\/","name":"SensorialSunsets.com","description":"D\u00e9couvrez la culture et la soci\u00e9t\u00e9 du Costa Rica sur notre blog. Explorez des articles captivants et partagez le contenu.","publisher":{"@id":"https:\/\/www.sensorialsunsets.com\/fr\/#organization"},"alternateName":"Costa Rica Live Blog","potentialAction":[{"@type":"SearchAction","target":{"@type":"EntryPoint","urlTemplate":"https:\/\/www.sensorialsunsets.com\/fr\/?s={search_term_string}"},"query-input":{"@type":"PropertyValueSpecification","valueRequired":true,"valueName":"search_term_string"}}],"inLanguage":"fr-FR"},{"@type":"Organization","@id":"https:\/\/www.sensorialsunsets.com\/fr\/#organization","name":"SensorialSunsets","url":"https:\/\/www.sensorialsunsets.com\/fr\/","logo":{"@type":"ImageObject","inLanguage":"fr-FR","@id":"https:\/\/www.sensorialsunsets.com\/fr\/#\/schema\/logo\/image\/","url":"https:\/\/www.sensorialsunsets.com\/wp-content\/uploads\/2023\/04\/Logo_base_line_fond_clair.svg","contentUrl":"https:\/\/www.sensorialsunsets.com\/wp-content\/uploads\/2023\/04\/Logo_base_line_fond_clair.svg","width":"1024","height":"1024","caption":"SensorialSunsets"},"image":{"@id":"https:\/\/www.sensorialsunsets.com\/fr\/#\/schema\/logo\/image\/"},"sameAs":["https:\/\/www.facebook.com\/Sensorial-Sunsets-109180614715562","https:\/\/www.instagram.com\/sensorialsunsets\/"]},{"@type":"Person","@id":"https:\/\/www.sensorialsunsets.com\/fr\/#\/schema\/person\/a8336a4dbeee633f087a194db2ca482f","name":"Marian Barrantes","image":{"@type":"ImageObject","inLanguage":"fr-FR","@id":"https:\/\/secure.gravatar.com\/avatar\/fafbfab67eb28029818d03f44e3037bd798e04434d8d5c0cfc2eea8ec2882a22?s=96&d=mm&r=g","url":"https:\/\/secure.gravatar.com\/avatar\/fafbfab67eb28029818d03f44e3037bd798e04434d8d5c0cfc2eea8ec2882a22?s=96&d=mm&r=g","contentUrl":"https:\/\/secure.gravatar.com\/avatar\/fafbfab67eb28029818d03f44e3037bd798e04434d8d5c0cfc2eea8ec2882a22?s=96&d=mm&r=g","caption":"Marian Barrantes"},"sameAs":["https:\/\/www.sensorialsunsets.com"],"url":"https:\/\/www.sensorialsunsets.com\/fr\/author\/mbarrantes\/"}]}},"_links":{"self":[{"href":"https:\/\/www.sensorialsunsets.com\/fr\/wp-json\/wp\/v2\/posts\/1703","targetHints":{"allow":["GET"]}}],"collection":[{"href":"https:\/\/www.sensorialsunsets.com\/fr\/wp-json\/wp\/v2\/posts"}],"about":[{"href":"https:\/\/www.sensorialsunsets.com\/fr\/wp-json\/wp\/v2\/types\/post"}],"author":[{"embeddable":true,"href":"https:\/\/www.sensorialsunsets.com\/fr\/wp-json\/wp\/v2\/users\/5"}],"replies":[{"embeddable":true,"href":"https:\/\/www.sensorialsunsets.com\/fr\/wp-json\/wp\/v2\/comments?post=1703"}],"version-history":[{"count":0,"href":"https:\/\/www.sensorialsunsets.com\/fr\/wp-json\/wp\/v2\/posts\/1703\/revisions"}],"wp:featuredmedia":[{"embeddable":true,"href":"https:\/\/www.sensorialsunsets.com\/fr\/wp-json\/wp\/v2\/media\/1687"}],"wp:attachment":[{"href":"https:\/\/www.sensorialsunsets.com\/fr\/wp-json\/wp\/v2\/media?parent=1703"}],"wp:term":[{"taxonomy":"category","embeddable":true,"href":"https:\/\/www.sensorialsunsets.com\/fr\/wp-json\/wp\/v2\/categories?post=1703"},{"taxonomy":"post_tag","embeddable":true,"href":"https:\/\/www.sensorialsunsets.com\/fr\/wp-json\/wp\/v2\/tags?post=1703"}],"curies":[{"name":"wp","href":"https:\/\/api.w.org\/{rel}","templated":true}]}}