{"id":17091,"date":"2024-06-12T10:34:25","date_gmt":"2024-06-12T16:34:25","guid":{"rendered":"https:\/\/www.sensorialsunsets.com\/?p=17091"},"modified":"2024-06-12T10:43:10","modified_gmt":"2024-06-12T16:43:10","slug":"lagunes-du-costa-rica-beaute-et-diversite-naturelles","status":"publish","type":"post","link":"https:\/\/www.sensorialsunsets.com\/fr\/lagunes-du-costa-rica-beaute-et-diversite-naturelles\/","title":{"rendered":"Lagunes du Costa Rica : beaut\u00e9 et diversit\u00e9 naturelles"},"content":{"rendered":"\n<p>Le Costa Rica poss\u00e8de plusieurs lagunes qui offrent des exp\u00e9riences uniques et des paysages magnifiques. Les lagunes sont souvent des \u00e9cosyst\u00e8mes riches en biodiversit\u00e9, abritant une vari\u00e9t\u00e9 de plantes et d&rsquo;animaux uniques. De nombreuses esp\u00e8ces d&rsquo;oiseaux, de poissons, d&rsquo;amphibiens et de mammif\u00e8res d\u00e9pendent des lagunes pour leur survie. Voici quelques-unes des lagunes les plus remarquables :<\/p>\n\n<h3 class=\"wp-block-heading\">Lagune Don Manuel<\/h3>\n\n<p>Situ\u00e9e dans la province de San Jos\u00e9, cette lagune est connue pour ses eaux cristallines et offre des possibilit\u00e9s de baignade, de randonn\u00e9e et d&rsquo;observation des points de vue environnants. Elle est accessible \u00e0 pied depuis le parking du Mirador Bosque Alegre.<\/p>\n\n<figure class=\"wp-block-gallery has-nested-images columns-default is-cropped wp-block-gallery-1 is-layout-flex wp-block-gallery-is-layout-flex\">\n<figure class=\"wp-block-image size-large\"><img loading=\"lazy\" decoding=\"async\" width=\"1024\" height=\"683\" data-id=\"17001\" src=\"https:\/\/www.sensorialsunsets.com\/wp-content\/uploads\/2024\/06\/image-1024x683.png\" alt=\"Lagunes au Costa Rica\" class=\"wp-image-17001\" srcset=\"https:\/\/www.sensorialsunsets.com\/wp-content\/uploads\/2024\/06\/image-1024x683.png 1024w, https:\/\/www.sensorialsunsets.com\/wp-content\/uploads\/2024\/06\/image-300x200.png 300w, https:\/\/www.sensorialsunsets.com\/wp-content\/uploads\/2024\/06\/image-768x512.png 768w, https:\/\/www.sensorialsunsets.com\/wp-content\/uploads\/2024\/06\/image-334x222.png 334w, https:\/\/www.sensorialsunsets.com\/wp-content\/uploads\/2024\/06\/image-1320x880.png 1320w, https:\/\/www.sensorialsunsets.com\/wp-content\/uploads\/2024\/06\/image.png 1440w\" sizes=\"auto, (max-width: 1024px) 100vw, 1024px\" \/><\/figure>\n\n\n\n<figure class=\"wp-block-image size-large\"><img loading=\"lazy\" decoding=\"async\" width=\"1024\" height=\"768\" data-id=\"17005\" src=\"https:\/\/www.sensorialsunsets.com\/wp-content\/uploads\/2024\/06\/lagunas-don-manuel-1024x768.jpg\" alt=\"\" class=\"wp-image-17005\" srcset=\"https:\/\/www.sensorialsunsets.com\/wp-content\/uploads\/2024\/06\/lagunas-don-manuel-1024x768.jpg 1024w, https:\/\/www.sensorialsunsets.com\/wp-content\/uploads\/2024\/06\/lagunas-don-manuel-300x225.jpg 300w, https:\/\/www.sensorialsunsets.com\/wp-content\/uploads\/2024\/06\/lagunas-don-manuel-768x576.jpg 768w, https:\/\/www.sensorialsunsets.com\/wp-content\/uploads\/2024\/06\/lagunas-don-manuel.jpg 1280w\" sizes=\"auto, (max-width: 1024px) 100vw, 1024px\" \/><\/figure>\n<\/figure>\n\n<h3 class=\"wp-block-heading\">Lagune de Fraijanes <\/h3>\n\n<p>Situ\u00e9e dans la province d&rsquo;Alajuela, cette lagune est tr\u00e8s pris\u00e9e pour les excursions en bateau et la p\u00eache artisanale. Sa facilit\u00e9 d&rsquo;acc\u00e8s et sa beaut\u00e9 naturelle en font une destination touristique attrayante.<\/p>\n\n<figure class=\"wp-block-gallery has-nested-images columns-default is-cropped wp-block-gallery-2 is-layout-flex wp-block-gallery-is-layout-flex\">\n<figure class=\"wp-block-image size-large\"><img loading=\"lazy\" decoding=\"async\" width=\"1024\" height=\"767\" data-id=\"17009\" src=\"https:\/\/www.sensorialsunsets.com\/wp-content\/uploads\/2024\/06\/image-1-1024x767.png\" alt=\"\" class=\"wp-image-17009\" srcset=\"https:\/\/www.sensorialsunsets.com\/wp-content\/uploads\/2024\/06\/image-1-1024x767.png 1024w, https:\/\/www.sensorialsunsets.com\/wp-content\/uploads\/2024\/06\/image-1-300x225.png 300w, https:\/\/www.sensorialsunsets.com\/wp-content\/uploads\/2024\/06\/image-1-768x575.png 768w, https:\/\/www.sensorialsunsets.com\/wp-content\/uploads\/2024\/06\/image-1-1320x989.png 1320w, https:\/\/www.sensorialsunsets.com\/wp-content\/uploads\/2024\/06\/image-1.png 1440w\" sizes=\"auto, (max-width: 1024px) 100vw, 1024px\" \/><\/figure>\n\n\n\n<figure class=\"wp-block-image size-large\"><img loading=\"lazy\" decoding=\"async\" width=\"1024\" height=\"575\" data-id=\"17012\" src=\"https:\/\/www.sensorialsunsets.com\/wp-content\/uploads\/2024\/06\/image-2-1024x575.png\" alt=\"Lagunes au Costa Rica\" class=\"wp-image-17012\" srcset=\"https:\/\/www.sensorialsunsets.com\/wp-content\/uploads\/2024\/06\/image-2-1024x575.png 1024w, https:\/\/www.sensorialsunsets.com\/wp-content\/uploads\/2024\/06\/image-2-300x168.png 300w, https:\/\/www.sensorialsunsets.com\/wp-content\/uploads\/2024\/06\/image-2-768x431.png 768w, https:\/\/www.sensorialsunsets.com\/wp-content\/uploads\/2024\/06\/image-2-1320x741.png 1320w, https:\/\/www.sensorialsunsets.com\/wp-content\/uploads\/2024\/06\/image-2.png 1440w\" sizes=\"auto, (max-width: 1024px) 100vw, 1024px\" \/><\/figure>\n<\/figure>\n\n<h3 class=\"wp-block-heading\">Lagune de Hule<\/h3>\n\n<p>Dans la province d&rsquo;Alajuela, cette lagune est un refuge pour la faune et la flore et offre la possibilit\u00e9 de se promener, de se baigner et de profiter des points de vue environnants. Elle est accessible \u00e0 pied depuis le parking du Mirador Bosque Alegre.<\/p>\n\n<figure class=\"wp-block-gallery has-nested-images columns-default is-cropped wp-block-gallery-3 is-layout-flex wp-block-gallery-is-layout-flex\">\n<figure class=\"wp-block-image size-large\"><img loading=\"lazy\" decoding=\"async\" width=\"1024\" height=\"683\" data-id=\"17016\" src=\"https:\/\/www.sensorialsunsets.com\/wp-content\/uploads\/2024\/06\/lagunahulee.jpg\" alt=\"Lagunes au Costa Rica\" class=\"wp-image-17016\" srcset=\"https:\/\/www.sensorialsunsets.com\/wp-content\/uploads\/2024\/06\/lagunahulee.jpg 1024w, https:\/\/www.sensorialsunsets.com\/wp-content\/uploads\/2024\/06\/lagunahulee-300x200.jpg 300w, https:\/\/www.sensorialsunsets.com\/wp-content\/uploads\/2024\/06\/lagunahulee-768x512.jpg 768w, https:\/\/www.sensorialsunsets.com\/wp-content\/uploads\/2024\/06\/lagunahulee-334x222.jpg 334w\" sizes=\"auto, (max-width: 1024px) 100vw, 1024px\" \/><\/figure>\n\n\n\n<figure class=\"wp-block-image size-large\"><img loading=\"lazy\" decoding=\"async\" width=\"1024\" height=\"530\" data-id=\"17019\" src=\"https:\/\/www.sensorialsunsets.com\/wp-content\/uploads\/2024\/06\/lagunaHule-1024x530.jpg\" alt=\"\" class=\"wp-image-17019\" srcset=\"https:\/\/www.sensorialsunsets.com\/wp-content\/uploads\/2024\/06\/lagunaHule-1024x530.jpg 1024w, https:\/\/www.sensorialsunsets.com\/wp-content\/uploads\/2024\/06\/lagunaHule-300x155.jpg 300w, https:\/\/www.sensorialsunsets.com\/wp-content\/uploads\/2024\/06\/lagunaHule-768x397.jpg 768w, https:\/\/www.sensorialsunsets.com\/wp-content\/uploads\/2024\/06\/lagunaHule-1536x794.jpg 1536w, https:\/\/www.sensorialsunsets.com\/wp-content\/uploads\/2024\/06\/lagunaHule-1320x683.jpg 1320w, https:\/\/www.sensorialsunsets.com\/wp-content\/uploads\/2024\/06\/lagunaHule.jpg 2048w\" sizes=\"auto, (max-width: 1024px) 100vw, 1024px\" \/><\/figure>\n<\/figure>\n\n<h3 class=\"wp-block-heading\">Lagune de Rio Cuarto<\/h3>\n\n<p>\u00c9galement situ\u00e9e dans la province d&rsquo;Alajuela, cette lagune est connue pour ses eaux cristallines et offre des possibilit\u00e9s de baignade et de randonn\u00e9e dans les environs. Elle est accessible par la route menant au volcan Po\u00e1s.<\/p>\n\n<figure class=\"wp-block-gallery has-nested-images columns-default is-cropped wp-block-gallery-4 is-layout-flex wp-block-gallery-is-layout-flex\">\n<figure class=\"wp-block-image size-large\"><img loading=\"lazy\" decoding=\"async\" width=\"828\" height=\"448\" data-id=\"17023\" src=\"https:\/\/www.sensorialsunsets.com\/wp-content\/uploads\/2024\/06\/riocuarto.jpg\" alt=\"\" class=\"wp-image-17023\" srcset=\"https:\/\/www.sensorialsunsets.com\/wp-content\/uploads\/2024\/06\/riocuarto.jpg 828w, https:\/\/www.sensorialsunsets.com\/wp-content\/uploads\/2024\/06\/riocuarto-300x162.jpg 300w, https:\/\/www.sensorialsunsets.com\/wp-content\/uploads\/2024\/06\/riocuarto-768x416.jpg 768w, https:\/\/www.sensorialsunsets.com\/wp-content\/uploads\/2024\/06\/riocuarto-278x151.jpg 278w\" sizes=\"auto, (max-width: 828px) 100vw, 828px\" \/><\/figure>\n\n\n\n<figure class=\"wp-block-image size-full\"><img loading=\"lazy\" decoding=\"async\" width=\"828\" height=\"807\" data-id=\"17024\" src=\"https:\/\/www.sensorialsunsets.com\/wp-content\/uploads\/2024\/06\/riocuerto.jpg\" alt=\"Lagunes au Costa Rica\" class=\"wp-image-17024\" srcset=\"https:\/\/www.sensorialsunsets.com\/wp-content\/uploads\/2024\/06\/riocuerto.jpg 828w, https:\/\/www.sensorialsunsets.com\/wp-content\/uploads\/2024\/06\/riocuerto-300x292.jpg 300w, https:\/\/www.sensorialsunsets.com\/wp-content\/uploads\/2024\/06\/riocuerto-768x749.jpg 768w, https:\/\/www.sensorialsunsets.com\/wp-content\/uploads\/2024\/06\/riocuerto-50x50.jpg 50w\" sizes=\"auto, (max-width: 828px) 100vw, 828px\" \/><\/figure>\n<\/figure>\n\n<h3 class=\"wp-block-heading\">Lagune de Botos<\/h3>\n\n<p>Situ\u00e9e dans la province de Po\u00e1s, cette lagune est un excellent choix pour les excursions d&rsquo;une journ\u00e9e et offre de belles vues. On y acc\u00e8de par une propri\u00e9t\u00e9 ouverte au public.<\/p>\n\n<figure class=\"wp-block-gallery has-nested-images columns-default is-cropped wp-block-gallery-5 is-layout-flex wp-block-gallery-is-layout-flex\">\n<figure class=\"wp-block-image size-large\"><img loading=\"lazy\" decoding=\"async\" width=\"540\" height=\"960\" data-id=\"17027\" src=\"https:\/\/www.sensorialsunsets.com\/wp-content\/uploads\/2024\/06\/laguna-botos.jpg\" alt=\"\" class=\"wp-image-17027\" srcset=\"https:\/\/www.sensorialsunsets.com\/wp-content\/uploads\/2024\/06\/laguna-botos.jpg 540w, https:\/\/www.sensorialsunsets.com\/wp-content\/uploads\/2024\/06\/laguna-botos-169x300.jpg 169w\" sizes=\"auto, (max-width: 540px) 100vw, 540px\" \/><\/figure>\n\n\n\n<figure class=\"wp-block-image size-large\"><img loading=\"lazy\" decoding=\"async\" width=\"723\" height=\"960\" data-id=\"17030\" src=\"https:\/\/www.sensorialsunsets.com\/wp-content\/uploads\/2024\/06\/laguna-botosd.jpg\" alt=\"Lagunes au Costa Rica\" class=\"wp-image-17030\" srcset=\"https:\/\/www.sensorialsunsets.com\/wp-content\/uploads\/2024\/06\/laguna-botosd.jpg 723w, https:\/\/www.sensorialsunsets.com\/wp-content\/uploads\/2024\/06\/laguna-botosd-226x300.jpg 226w\" sizes=\"auto, (max-width: 723px) 100vw, 723px\" \/><\/figure>\n\n\n\n<figure class=\"wp-block-image size-large\"><img loading=\"lazy\" decoding=\"async\" width=\"960\" height=\"720\" data-id=\"17066\" src=\"https:\/\/www.sensorialsunsets.com\/wp-content\/uploads\/2024\/06\/LAGUNA-BOTOS-1.jpg\" alt=\"\" class=\"wp-image-17066\" srcset=\"https:\/\/www.sensorialsunsets.com\/wp-content\/uploads\/2024\/06\/LAGUNA-BOTOS-1.jpg 960w, https:\/\/www.sensorialsunsets.com\/wp-content\/uploads\/2024\/06\/LAGUNA-BOTOS-1-300x225.jpg 300w, https:\/\/www.sensorialsunsets.com\/wp-content\/uploads\/2024\/06\/LAGUNA-BOTOS-1-768x576.jpg 768w\" sizes=\"auto, (max-width: 960px) 100vw, 960px\" \/><\/figure>\n<\/figure>\n\n<blockquote class=\"wp-block-quote is-layout-flow wp-block-quote-is-layout-flow\">\n<p>De nombreuses lagunes du Costa Rica ont \u00e9t\u00e9 form\u00e9es dans des crat\u00e8res volcaniques, ce qui leur conf\u00e8re une beaut\u00e9 et une composition uniques. L&rsquo;activit\u00e9 volcanique pass\u00e9e a cr\u00e9\u00e9 ces \u00e9tendues d&rsquo;eau, comme la lagune Botos du volcan Poas et la lagune du volcan Irazu, qui pr\u00e9sentent un cadre naturel fascinant. <\/p>\n<\/blockquote>\n\n<h3 class=\"wp-block-heading\">Lagune de la C\u00f4te<\/h3>\n\n<p>Situ\u00e9e dans la province d&rsquo;Alajuela, cette lagune est connue pour ses caract\u00e9ristiques g\u00e9ologiques et offre des possibilit\u00e9s d&rsquo;excursions en bateau et de p\u00eache artisanale. Le chemin y m\u00e8ne depuis le nord du lac Arenal, en direction de Guatuso de Alajuela.<\/p>\n\n<figure class=\"wp-block-gallery has-nested-images columns-default is-cropped wp-block-gallery-6 is-layout-flex wp-block-gallery-is-layout-flex\">\n<figure class=\"wp-block-image size-large\"><img loading=\"lazy\" decoding=\"async\" width=\"1024\" height=\"342\" data-id=\"17052\" src=\"https:\/\/www.sensorialsunsets.com\/wp-content\/uploads\/2024\/06\/Cody-lake-UFO-Arenal-Holwer-Magazine-Costa-Rica-1024x342.jpg\" alt=\"Lagunes au Costa Rica\" class=\"wp-image-17052\" srcset=\"https:\/\/www.sensorialsunsets.com\/wp-content\/uploads\/2024\/06\/Cody-lake-UFO-Arenal-Holwer-Magazine-Costa-Rica-1024x342.jpg 1024w, https:\/\/www.sensorialsunsets.com\/wp-content\/uploads\/2024\/06\/Cody-lake-UFO-Arenal-Holwer-Magazine-Costa-Rica-300x100.jpg 300w, https:\/\/www.sensorialsunsets.com\/wp-content\/uploads\/2024\/06\/Cody-lake-UFO-Arenal-Holwer-Magazine-Costa-Rica-768x256.jpg 768w, https:\/\/www.sensorialsunsets.com\/wp-content\/uploads\/2024\/06\/Cody-lake-UFO-Arenal-Holwer-Magazine-Costa-Rica-1536x512.jpg 1536w, https:\/\/www.sensorialsunsets.com\/wp-content\/uploads\/2024\/06\/Cody-lake-UFO-Arenal-Holwer-Magazine-Costa-Rica-1320x440.jpg 1320w, https:\/\/www.sensorialsunsets.com\/wp-content\/uploads\/2024\/06\/Cody-lake-UFO-Arenal-Holwer-Magazine-Costa-Rica.jpg 2000w\" sizes=\"auto, (max-width: 1024px) 100vw, 1024px\" \/><\/figure>\n<\/figure>\n\n<h3 class=\"wp-block-heading\">Lagune de Pocosol<\/h3>\n\n<p>\u00c0 la station biologique de Pocosol, dans la Cordill\u00e8re de Tilar\u00e1n, cette lagune offre des sentiers \u00e0 travers la for\u00eat primaire et secondaire, ainsi que des possibilit\u00e9s d&rsquo;h\u00e9bergement et de restauration. On y acc\u00e8de par la route San Ram\u00f3n-La Fortuna.<\/p>\n\n<figure class=\"wp-block-gallery has-nested-images columns-default is-cropped wp-block-gallery-7 is-layout-flex wp-block-gallery-is-layout-flex\">\n<figure class=\"wp-block-image size-large\"><img loading=\"lazy\" decoding=\"async\" width=\"1024\" height=\"683\" data-id=\"17036\" src=\"https:\/\/www.sensorialsunsets.com\/wp-content\/uploads\/2024\/06\/NOC8803-HDR-Editar11-min-1024x683.jpg\" alt=\"Lagunes au Costa Rica\" class=\"wp-image-17036\" srcset=\"https:\/\/www.sensorialsunsets.com\/wp-content\/uploads\/2024\/06\/NOC8803-HDR-Editar11-min-1024x683.jpg 1024w, https:\/\/www.sensorialsunsets.com\/wp-content\/uploads\/2024\/06\/NOC8803-HDR-Editar11-min-300x200.jpg 300w, https:\/\/www.sensorialsunsets.com\/wp-content\/uploads\/2024\/06\/NOC8803-HDR-Editar11-min-768x512.jpg 768w, https:\/\/www.sensorialsunsets.com\/wp-content\/uploads\/2024\/06\/NOC8803-HDR-Editar11-min-334x222.jpg 334w, https:\/\/www.sensorialsunsets.com\/wp-content\/uploads\/2024\/06\/NOC8803-HDR-Editar11-min.jpg 1200w\" sizes=\"auto, (max-width: 1024px) 100vw, 1024px\" \/><\/figure>\n\n\n\n<figure class=\"wp-block-image size-large\"><img loading=\"lazy\" decoding=\"async\" width=\"1024\" height=\"683\" data-id=\"17033\" src=\"https:\/\/www.sensorialsunsets.com\/wp-content\/uploads\/2024\/06\/pocosol-1024x683.jpg\" alt=\"\" class=\"wp-image-17033\" srcset=\"https:\/\/www.sensorialsunsets.com\/wp-content\/uploads\/2024\/06\/pocosol-1024x683.jpg 1024w, https:\/\/www.sensorialsunsets.com\/wp-content\/uploads\/2024\/06\/pocosol-300x200.jpg 300w, https:\/\/www.sensorialsunsets.com\/wp-content\/uploads\/2024\/06\/pocosol-768x512.jpg 768w, https:\/\/www.sensorialsunsets.com\/wp-content\/uploads\/2024\/06\/pocosol-334x222.jpg 334w, https:\/\/www.sensorialsunsets.com\/wp-content\/uploads\/2024\/06\/pocosol.jpg 1200w\" sizes=\"auto, (max-width: 1024px) 100vw, 1024px\" \/><\/figure>\n<\/figure>\n\n<h3 class=\"wp-block-heading\">Lagune Rio Celeste<\/h3>\n\n<p>Au sein du parc national du volcan Tenorio, cette lagune est c\u00e9l\u00e8bre pour sa couleur bleu azur et offre des possibilit\u00e9s de randonn\u00e9e et de d\u00e9couverte de la beaut\u00e9 naturelle. Elle est accessible \u00e0 pied depuis le parc national.<\/p>\n\n<figure class=\"wp-block-gallery has-nested-images columns-default is-cropped wp-block-gallery-8 is-layout-flex wp-block-gallery-is-layout-flex\">\n<figure class=\"wp-block-image size-large\"><img loading=\"lazy\" decoding=\"async\" width=\"800\" height=\"600\" data-id=\"17042\" src=\"https:\/\/www.sensorialsunsets.com\/wp-content\/uploads\/2024\/06\/Laguna_azul_Rio_Celeste_Parq_Tenorio.jpg\" alt=\"\" class=\"wp-image-17042\" srcset=\"https:\/\/www.sensorialsunsets.com\/wp-content\/uploads\/2024\/06\/Laguna_azul_Rio_Celeste_Parq_Tenorio.jpg 800w, https:\/\/www.sensorialsunsets.com\/wp-content\/uploads\/2024\/06\/Laguna_azul_Rio_Celeste_Parq_Tenorio-300x225.jpg 300w, https:\/\/www.sensorialsunsets.com\/wp-content\/uploads\/2024\/06\/Laguna_azul_Rio_Celeste_Parq_Tenorio-768x576.jpg 768w\" sizes=\"auto, (max-width: 800px) 100vw, 800px\" \/><\/figure>\n\n\n\n<figure class=\"wp-block-image size-full\"><img loading=\"lazy\" decoding=\"async\" width=\"1024\" height=\"678\" data-id=\"17043\" src=\"https:\/\/www.sensorialsunsets.com\/wp-content\/uploads\/2024\/06\/lagunaazul.jpg\" alt=\"Lagunes au Costa Rica\" class=\"wp-image-17043\" srcset=\"https:\/\/www.sensorialsunsets.com\/wp-content\/uploads\/2024\/06\/lagunaazul.jpg 1024w, https:\/\/www.sensorialsunsets.com\/wp-content\/uploads\/2024\/06\/lagunaazul-300x199.jpg 300w, https:\/\/www.sensorialsunsets.com\/wp-content\/uploads\/2024\/06\/lagunaazul-768x509.jpg 768w, https:\/\/www.sensorialsunsets.com\/wp-content\/uploads\/2024\/06\/lagunaazul-334x222.jpg 334w\" sizes=\"auto, (max-width: 1024px) 100vw, 1024px\" \/><\/figure>\n<\/figure>\n\n<h3 class=\"wp-block-heading\">Lagune du Congo<\/h3>\n\n<p>Les gens connaissent cette lagune pour ses eaux cristallines et la situent dans la province d&rsquo;Alajuela, o\u00f9 ils peuvent se baigner et profiter des points de vue environnants. On y acc\u00e8de par une propri\u00e9t\u00e9 ouverte au public.<\/p>\n\n<figure class=\"wp-block-gallery has-nested-images columns-default is-cropped wp-block-gallery-9 is-layout-flex wp-block-gallery-is-layout-flex\">\n<figure class=\"wp-block-image size-large\"><img loading=\"lazy\" decoding=\"async\" width=\"1024\" height=\"768\" data-id=\"17063\" src=\"https:\/\/www.sensorialsunsets.com\/wp-content\/uploads\/2024\/06\/condolaguna-1024x768.jpg\" alt=\"\" class=\"wp-image-17063\" srcset=\"https:\/\/www.sensorialsunsets.com\/wp-content\/uploads\/2024\/06\/condolaguna-1024x768.jpg 1024w, https:\/\/www.sensorialsunsets.com\/wp-content\/uploads\/2024\/06\/condolaguna-300x225.jpg 300w, https:\/\/www.sensorialsunsets.com\/wp-content\/uploads\/2024\/06\/condolaguna-768x576.jpg 768w, https:\/\/www.sensorialsunsets.com\/wp-content\/uploads\/2024\/06\/condolaguna-1536x1152.jpg 1536w, https:\/\/www.sensorialsunsets.com\/wp-content\/uploads\/2024\/06\/condolaguna-1320x990.jpg 1320w, https:\/\/www.sensorialsunsets.com\/wp-content\/uploads\/2024\/06\/condolaguna.jpg 1600w\" sizes=\"auto, (max-width: 1024px) 100vw, 1024px\" \/><\/figure>\n\n\n\n<figure class=\"wp-block-image size-large\"><img loading=\"lazy\" decoding=\"async\" width=\"768\" height=\"1024\" data-id=\"17060\" src=\"https:\/\/www.sensorialsunsets.com\/wp-content\/uploads\/2024\/06\/congo-768x1024.jpg\" alt=\"Lagunes au Costa Rica\" class=\"wp-image-17060\" srcset=\"https:\/\/www.sensorialsunsets.com\/wp-content\/uploads\/2024\/06\/congo-768x1024.jpg 768w, https:\/\/www.sensorialsunsets.com\/wp-content\/uploads\/2024\/06\/congo-225x300.jpg 225w, https:\/\/www.sensorialsunsets.com\/wp-content\/uploads\/2024\/06\/congo.jpg 900w\" sizes=\"auto, (max-width: 768px) 100vw, 768px\" \/><\/figure>\n\n\n\n<figure class=\"wp-block-image size-large\"><img loading=\"lazy\" decoding=\"async\" width=\"768\" height=\"1024\" data-id=\"17057\" src=\"https:\/\/www.sensorialsunsets.com\/wp-content\/uploads\/2024\/06\/congolag-768x1024.jpg\" alt=\"\" class=\"wp-image-17057\" srcset=\"https:\/\/www.sensorialsunsets.com\/wp-content\/uploads\/2024\/06\/congolag-768x1024.jpg 768w, https:\/\/www.sensorialsunsets.com\/wp-content\/uploads\/2024\/06\/congolag-225x300.jpg 225w, https:\/\/www.sensorialsunsets.com\/wp-content\/uploads\/2024\/06\/congolag.jpg 900w\" sizes=\"auto, (max-width: 768px) 100vw, 768px\" \/><\/figure>\n<\/figure>\n\n<h3 class=\"wp-block-heading\">Lagune Junco<\/h3>\n\n<p>Situ\u00e9e sur l&rsquo;\u00eele de San Cristobal dans l&rsquo;archipel des Gal\u00e1pagos, cette lagune est unique au Costa Rica de par sa situation g\u00e9ographique. C&rsquo;est la seule source d&rsquo;eau douce de l&rsquo;\u00eele et elle constitue une oasis pour diverses esp\u00e8ces d&rsquo;oiseaux, dont les embl\u00e9matiques fous \u00e0 pieds bleus.<\/p>\n\n<figure class=\"wp-block-gallery has-nested-images columns-default is-cropped wp-block-gallery-10 is-layout-flex wp-block-gallery-is-layout-flex\">\n<figure class=\"wp-block-image size-full\"><img loading=\"lazy\" decoding=\"async\" width=\"1024\" height=\"576\" data-id=\"17049\" src=\"https:\/\/www.sensorialsunsets.com\/wp-content\/uploads\/2024\/06\/el-junco-sign-galapagos-islands.jpg\" alt=\"Lagunes au Costa Rica\" class=\"wp-image-17049\" srcset=\"https:\/\/www.sensorialsunsets.com\/wp-content\/uploads\/2024\/06\/el-junco-sign-galapagos-islands.jpg 1024w, https:\/\/www.sensorialsunsets.com\/wp-content\/uploads\/2024\/06\/el-junco-sign-galapagos-islands-300x169.jpg 300w, https:\/\/www.sensorialsunsets.com\/wp-content\/uploads\/2024\/06\/el-junco-sign-galapagos-islands-768x432.jpg 768w\" sizes=\"auto, (max-width: 1024px) 100vw, 1024px\" \/><\/figure>\n\n\n\n<figure class=\"wp-block-image size-large\"><img loading=\"lazy\" decoding=\"async\" width=\"1024\" height=\"562\" data-id=\"17046\" src=\"https:\/\/www.sensorialsunsets.com\/wp-content\/uploads\/2024\/06\/laguna-el-junco-2-1024x562.jpg\" alt=\"\" class=\"wp-image-17046\" srcset=\"https:\/\/www.sensorialsunsets.com\/wp-content\/uploads\/2024\/06\/laguna-el-junco-2-1024x562.jpg 1024w, https:\/\/www.sensorialsunsets.com\/wp-content\/uploads\/2024\/06\/laguna-el-junco-2-300x165.jpg 300w, https:\/\/www.sensorialsunsets.com\/wp-content\/uploads\/2024\/06\/laguna-el-junco-2-768x422.jpg 768w, https:\/\/www.sensorialsunsets.com\/wp-content\/uploads\/2024\/06\/laguna-el-junco-2-1320x725.jpg 1320w, https:\/\/www.sensorialsunsets.com\/wp-content\/uploads\/2024\/06\/laguna-el-junco-2.jpg 1366w\" sizes=\"auto, (max-width: 1024px) 100vw, 1024px\" \/><\/figure>\n<\/figure>\n\n<ol class=\"wp-block-list\">\n<li><\/li>\n<\/ol>\n\n<p>Les lagunes peuvent se former de diff\u00e9rentes mani\u00e8res, notamment par l&rsquo;activit\u00e9 volcanique, l&rsquo;\u00e9rosion glaciaire, l&rsquo;affaissement du sol ou l&rsquo;action des rivi\u00e8res et des ruisseaux. Chaque lagon a une histoire g\u00e9ologique unique qui contribue \u00e0 sa beaut\u00e9 et \u00e0 son caract\u00e8re unique. En raison de leur nature vari\u00e9e et souvent isol\u00e9e, certains lagons abritent des esp\u00e8ces end\u00e9miques qui n&rsquo;existent nulle part ailleurs dans le monde. Ces habitats uniques sont importants pour la conservation de la biodiversit\u00e9 mondiale. Tels sont quelques-uns des nombreux lagons que l&rsquo;on peut visiter au Costa Rica, chacun ayant des caract\u00e9ristiques et une beaut\u00e9 naturelle uniques.<\/p>\n\n<hr class=\"wp-block-separator has-text-color has-cyan-bluish-gray-color has-alpha-channel-opacity has-cyan-bluish-gray-background-color has-background is-style-dots\"\/>\n<div class=\"wp-block-image\">\n<figure class=\"aligncenter size-large is-resized\"><a href=\"https:\/\/fr.bestdeals2.com\/go\/costa-rica\"><img loading=\"lazy\" decoding=\"async\" width=\"1024\" height=\"360\" src=\"https:\/\/www.sensorialsunsets.com\/wp-content\/uploads\/2023\/12\/13-1024x360.png\" alt=\"\" class=\"wp-image-12964\" style=\"width:274px;height:auto\" srcset=\"https:\/\/www.sensorialsunsets.com\/wp-content\/uploads\/2023\/12\/13-1024x360.png 1024w, https:\/\/www.sensorialsunsets.com\/wp-content\/uploads\/2023\/12\/13-300x106.png 300w, https:\/\/www.sensorialsunsets.com\/wp-content\/uploads\/2023\/12\/13-768x270.png 768w, https:\/\/www.sensorialsunsets.com\/wp-content\/uploads\/2023\/12\/13-1536x540.png 1536w, https:\/\/www.sensorialsunsets.com\/wp-content\/uploads\/2023\/12\/13-2048x720.png 2048w, https:\/\/www.sensorialsunsets.com\/wp-content\/uploads\/2023\/12\/13-1320x464.png 1320w\" sizes=\"auto, (max-width: 1024px) 100vw, 1024px\" \/><\/a><\/figure>\n<\/div>\n<hr class=\"wp-block-separator has-text-color has-cyan-bluish-gray-color has-alpha-channel-opacity has-cyan-bluish-gray-background-color has-background is-style-dots\"\/>\n\n<p><strong>Sensorial Sunsets<\/strong><\/p>\n","protected":false},"excerpt":{"rendered":"<p>Le Costa Rica poss\u00e8de plusieurs lagunes qui offrent des exp\u00e9riences uniques et des paysages magnifiques. Les lagunes sont souvent des \u00e9cosyst\u00e8mes riches en biodiversit\u00e9, abritant une vari\u00e9t\u00e9 de plantes et d&rsquo;animaux uniques. De nombreuses esp\u00e8ces d&rsquo;oiseaux, de poissons, d&rsquo;amphibiens et de mammif\u00e8res d\u00e9pendent des lagunes pour leur survie. Voici quelques-unes des lagunes les plus remarquables [&hellip;]<\/p>\n","protected":false},"author":4,"featured_media":17095,"comment_status":"closed","ping_status":"closed","sticky":false,"template":"","format":"standard","meta":{"_acf_changed":false,"inline_featured_image":false,"_monsterinsights_skip_tracking":false,"_monsterinsights_sitenote_active":false,"_monsterinsights_sitenote_note":"","_monsterinsights_sitenote_category":0,"footnotes":""},"categories":[168],"tags":[],"class_list":["post-17091","post","type-post","status-publish","format-standard","has-post-thumbnail","hentry","category-actualites"],"acf":[],"yoast_head":"<!-- This site is optimized with the Yoast SEO plugin v27.4 - https:\/\/yoast.com\/product\/yoast-seo-wordpress\/ -->\n<title>Lagunes du Costa Rica : beaut\u00e9 et diversit\u00e9 naturelles - SensorialSunsets<\/title>\n<meta name=\"description\" content=\"Les lagunes du Costa Rica, ses eaux cristallines et ses \u00e9tonnants paysages volcaniques. Explorez la beaut\u00e9 unique de cet environnement naturel.\" \/>\n<meta name=\"robots\" content=\"index, follow, max-snippet:-1, max-image-preview:large, max-video-preview:-1\" \/>\n<link rel=\"canonical\" href=\"https:\/\/www.sensorialsunsets.com\/fr\/lagunes-du-costa-rica-beaute-et-diversite-naturelles\/\" \/>\n<meta property=\"og:locale\" content=\"fr_FR\" \/>\n<meta property=\"og:type\" content=\"article\" \/>\n<meta property=\"og:title\" content=\"Lagunes du Costa Rica : beaut\u00e9 et diversit\u00e9 naturelles - SensorialSunsets\" \/>\n<meta property=\"og:description\" content=\"Les lagunes du Costa Rica, ses eaux cristallines et ses \u00e9tonnants paysages volcaniques. Explorez la beaut\u00e9 unique de cet environnement naturel.\" \/>\n<meta property=\"og:url\" content=\"https:\/\/www.sensorialsunsets.com\/fr\/lagunes-du-costa-rica-beaute-et-diversite-naturelles\/\" \/>\n<meta property=\"og:site_name\" content=\"SensorialSunsets\" \/>\n<meta property=\"article:publisher\" content=\"https:\/\/www.facebook.com\/Sensorial-Sunsets-109180614715562\" \/>\n<meta property=\"article:published_time\" content=\"2024-06-12T16:34:25+00:00\" \/>\n<meta property=\"article:modified_time\" content=\"2024-06-12T16:43:10+00:00\" \/>\n<meta property=\"og:image\" content=\"https:\/\/www.sensorialsunsets.com\/wp-content\/uploads\/2024\/06\/laguna-de-hule-costa-rica-costa-rica-8n72.jpg\" \/>\n\t<meta property=\"og:image:width\" content=\"1654\" \/>\n\t<meta property=\"og:image:height\" content=\"1100\" \/>\n\t<meta property=\"og:image:type\" content=\"image\/jpeg\" \/>\n<meta name=\"author\" content=\"Sensorial Sunsets\" \/>\n<meta name=\"twitter:card\" content=\"summary_large_image\" \/>\n<meta name=\"twitter:label1\" content=\"\u00c9crit par\" \/>\n\t<meta name=\"twitter:data1\" content=\"Sensorial Sunsets\" \/>\n\t<meta name=\"twitter:label2\" content=\"Dur\u00e9e de lecture estim\u00e9e\" \/>\n\t<meta name=\"twitter:data2\" content=\"3 minutes\" \/>\n<script type=\"application\/ld+json\" class=\"yoast-schema-graph\">{\"@context\":\"https:\\\/\\\/schema.org\",\"@graph\":[{\"@type\":\"Article\",\"@id\":\"https:\\\/\\\/www.sensorialsunsets.com\\\/fr\\\/lagunes-du-costa-rica-beaute-et-diversite-naturelles\\\/#article\",\"isPartOf\":{\"@id\":\"https:\\\/\\\/www.sensorialsunsets.com\\\/fr\\\/lagunes-du-costa-rica-beaute-et-diversite-naturelles\\\/\"},\"author\":{\"name\":\"Sensorial Sunsets\",\"@id\":\"https:\\\/\\\/www.sensorialsunsets.com\\\/fr\\\/#\\\/schema\\\/person\\\/77e2fa594135aa94024c47e281d8a94d\"},\"headline\":\"Lagunes du Costa Rica : beaut\u00e9 et diversit\u00e9 naturelles\",\"datePublished\":\"2024-06-12T16:34:25+00:00\",\"dateModified\":\"2024-06-12T16:43:10+00:00\",\"mainEntityOfPage\":{\"@id\":\"https:\\\/\\\/www.sensorialsunsets.com\\\/fr\\\/lagunes-du-costa-rica-beaute-et-diversite-naturelles\\\/\"},\"wordCount\":716,\"publisher\":{\"@id\":\"https:\\\/\\\/www.sensorialsunsets.com\\\/fr\\\/#organization\"},\"image\":{\"@id\":\"https:\\\/\\\/www.sensorialsunsets.com\\\/fr\\\/lagunes-du-costa-rica-beaute-et-diversite-naturelles\\\/#primaryimage\"},\"thumbnailUrl\":\"https:\\\/\\\/www.sensorialsunsets.com\\\/wp-content\\\/uploads\\\/2024\\\/06\\\/laguna-de-hule-costa-rica-costa-rica-8n72.jpg\",\"articleSection\":[\"Vivez le Costa Rica\"],\"inLanguage\":\"fr-FR\"},{\"@type\":\"WebPage\",\"@id\":\"https:\\\/\\\/www.sensorialsunsets.com\\\/fr\\\/lagunes-du-costa-rica-beaute-et-diversite-naturelles\\\/\",\"url\":\"https:\\\/\\\/www.sensorialsunsets.com\\\/fr\\\/lagunes-du-costa-rica-beaute-et-diversite-naturelles\\\/\",\"name\":\"Lagunes du Costa Rica : beaut\u00e9 et diversit\u00e9 naturelles - SensorialSunsets\",\"isPartOf\":{\"@id\":\"https:\\\/\\\/www.sensorialsunsets.com\\\/fr\\\/#website\"},\"primaryImageOfPage\":{\"@id\":\"https:\\\/\\\/www.sensorialsunsets.com\\\/fr\\\/lagunes-du-costa-rica-beaute-et-diversite-naturelles\\\/#primaryimage\"},\"image\":{\"@id\":\"https:\\\/\\\/www.sensorialsunsets.com\\\/fr\\\/lagunes-du-costa-rica-beaute-et-diversite-naturelles\\\/#primaryimage\"},\"thumbnailUrl\":\"https:\\\/\\\/www.sensorialsunsets.com\\\/wp-content\\\/uploads\\\/2024\\\/06\\\/laguna-de-hule-costa-rica-costa-rica-8n72.jpg\",\"datePublished\":\"2024-06-12T16:34:25+00:00\",\"dateModified\":\"2024-06-12T16:43:10+00:00\",\"description\":\"Les lagunes du Costa Rica, ses eaux cristallines et ses \u00e9tonnants paysages volcaniques. Explorez la beaut\u00e9 unique de cet environnement naturel.\",\"inLanguage\":\"fr-FR\",\"potentialAction\":[{\"@type\":\"ReadAction\",\"target\":[\"https:\\\/\\\/www.sensorialsunsets.com\\\/fr\\\/lagunes-du-costa-rica-beaute-et-diversite-naturelles\\\/\"]}]},{\"@type\":\"ImageObject\",\"inLanguage\":\"fr-FR\",\"@id\":\"https:\\\/\\\/www.sensorialsunsets.com\\\/fr\\\/lagunes-du-costa-rica-beaute-et-diversite-naturelles\\\/#primaryimage\",\"url\":\"https:\\\/\\\/www.sensorialsunsets.com\\\/wp-content\\\/uploads\\\/2024\\\/06\\\/laguna-de-hule-costa-rica-costa-rica-8n72.jpg\",\"contentUrl\":\"https:\\\/\\\/www.sensorialsunsets.com\\\/wp-content\\\/uploads\\\/2024\\\/06\\\/laguna-de-hule-costa-rica-costa-rica-8n72.jpg\",\"width\":1654,\"height\":1100},{\"@type\":\"WebSite\",\"@id\":\"https:\\\/\\\/www.sensorialsunsets.com\\\/fr\\\/#website\",\"url\":\"https:\\\/\\\/www.sensorialsunsets.com\\\/fr\\\/\",\"name\":\"SensorialSunsets.com\",\"description\":\"D\u00e9couvrez la culture et la soci\u00e9t\u00e9 du Costa Rica sur notre blog. Explorez des articles captivants et partagez le contenu.\",\"publisher\":{\"@id\":\"https:\\\/\\\/www.sensorialsunsets.com\\\/fr\\\/#organization\"},\"alternateName\":\"Costa Rica Live Blog\",\"potentialAction\":[{\"@type\":\"SearchAction\",\"target\":{\"@type\":\"EntryPoint\",\"urlTemplate\":\"https:\\\/\\\/www.sensorialsunsets.com\\\/fr\\\/?s={search_term_string}\"},\"query-input\":{\"@type\":\"PropertyValueSpecification\",\"valueRequired\":true,\"valueName\":\"search_term_string\"}}],\"inLanguage\":\"fr-FR\"},{\"@type\":\"Organization\",\"@id\":\"https:\\\/\\\/www.sensorialsunsets.com\\\/fr\\\/#organization\",\"name\":\"SensorialSunsets\",\"url\":\"https:\\\/\\\/www.sensorialsunsets.com\\\/fr\\\/\",\"logo\":{\"@type\":\"ImageObject\",\"inLanguage\":\"fr-FR\",\"@id\":\"https:\\\/\\\/www.sensorialsunsets.com\\\/fr\\\/#\\\/schema\\\/logo\\\/image\\\/\",\"url\":\"https:\\\/\\\/www.sensorialsunsets.com\\\/wp-content\\\/uploads\\\/2023\\\/04\\\/Logo_base_line_fond_clair.svg\",\"contentUrl\":\"https:\\\/\\\/www.sensorialsunsets.com\\\/wp-content\\\/uploads\\\/2023\\\/04\\\/Logo_base_line_fond_clair.svg\",\"width\":\"1024\",\"height\":\"1024\",\"caption\":\"SensorialSunsets\"},\"image\":{\"@id\":\"https:\\\/\\\/www.sensorialsunsets.com\\\/fr\\\/#\\\/schema\\\/logo\\\/image\\\/\"},\"sameAs\":[\"https:\\\/\\\/www.facebook.com\\\/Sensorial-Sunsets-109180614715562\",\"https:\\\/\\\/www.instagram.com\\\/sensorialsunsets\\\/\"]},{\"@type\":\"Person\",\"@id\":\"https:\\\/\\\/www.sensorialsunsets.com\\\/fr\\\/#\\\/schema\\\/person\\\/77e2fa594135aa94024c47e281d8a94d\",\"name\":\"Sensorial Sunsets\",\"image\":{\"@type\":\"ImageObject\",\"inLanguage\":\"fr-FR\",\"@id\":\"https:\\\/\\\/secure.gravatar.com\\\/avatar\\\/5f2d62681b1dad94c28f1500d4fc75582acdfd32b55fd1acce0a36a3c487eabe?s=96&d=mm&r=g\",\"url\":\"https:\\\/\\\/secure.gravatar.com\\\/avatar\\\/5f2d62681b1dad94c28f1500d4fc75582acdfd32b55fd1acce0a36a3c487eabe?s=96&d=mm&r=g\",\"contentUrl\":\"https:\\\/\\\/secure.gravatar.com\\\/avatar\\\/5f2d62681b1dad94c28f1500d4fc75582acdfd32b55fd1acce0a36a3c487eabe?s=96&d=mm&r=g\",\"caption\":\"Sensorial Sunsets\"},\"url\":\"https:\\\/\\\/www.sensorialsunsets.com\\\/fr\\\/author\\\/asistentes-sensorial-sunsets\\\/\"}]}<\/script>\n<!-- \/ Yoast SEO plugin. -->","yoast_head_json":{"title":"Lagunes du Costa Rica : beaut\u00e9 et diversit\u00e9 naturelles - SensorialSunsets","description":"Les lagunes du Costa Rica, ses eaux cristallines et ses \u00e9tonnants paysages volcaniques. Explorez la beaut\u00e9 unique de cet environnement naturel.","robots":{"index":"index","follow":"follow","max-snippet":"max-snippet:-1","max-image-preview":"max-image-preview:large","max-video-preview":"max-video-preview:-1"},"canonical":"https:\/\/www.sensorialsunsets.com\/fr\/lagunes-du-costa-rica-beaute-et-diversite-naturelles\/","og_locale":"fr_FR","og_type":"article","og_title":"Lagunes du Costa Rica : beaut\u00e9 et diversit\u00e9 naturelles - SensorialSunsets","og_description":"Les lagunes du Costa Rica, ses eaux cristallines et ses \u00e9tonnants paysages volcaniques. Explorez la beaut\u00e9 unique de cet environnement naturel.","og_url":"https:\/\/www.sensorialsunsets.com\/fr\/lagunes-du-costa-rica-beaute-et-diversite-naturelles\/","og_site_name":"SensorialSunsets","article_publisher":"https:\/\/www.facebook.com\/Sensorial-Sunsets-109180614715562","article_published_time":"2024-06-12T16:34:25+00:00","article_modified_time":"2024-06-12T16:43:10+00:00","og_image":[{"width":1654,"height":1100,"url":"https:\/\/www.sensorialsunsets.com\/wp-content\/uploads\/2024\/06\/laguna-de-hule-costa-rica-costa-rica-8n72.jpg","type":"image\/jpeg"}],"author":"Sensorial Sunsets","twitter_card":"summary_large_image","twitter_misc":{"\u00c9crit par":"Sensorial Sunsets","Dur\u00e9e de lecture estim\u00e9e":"3 minutes"},"schema":{"@context":"https:\/\/schema.org","@graph":[{"@type":"Article","@id":"https:\/\/www.sensorialsunsets.com\/fr\/lagunes-du-costa-rica-beaute-et-diversite-naturelles\/#article","isPartOf":{"@id":"https:\/\/www.sensorialsunsets.com\/fr\/lagunes-du-costa-rica-beaute-et-diversite-naturelles\/"},"author":{"name":"Sensorial Sunsets","@id":"https:\/\/www.sensorialsunsets.com\/fr\/#\/schema\/person\/77e2fa594135aa94024c47e281d8a94d"},"headline":"Lagunes du Costa Rica : beaut\u00e9 et diversit\u00e9 naturelles","datePublished":"2024-06-12T16:34:25+00:00","dateModified":"2024-06-12T16:43:10+00:00","mainEntityOfPage":{"@id":"https:\/\/www.sensorialsunsets.com\/fr\/lagunes-du-costa-rica-beaute-et-diversite-naturelles\/"},"wordCount":716,"publisher":{"@id":"https:\/\/www.sensorialsunsets.com\/fr\/#organization"},"image":{"@id":"https:\/\/www.sensorialsunsets.com\/fr\/lagunes-du-costa-rica-beaute-et-diversite-naturelles\/#primaryimage"},"thumbnailUrl":"https:\/\/www.sensorialsunsets.com\/wp-content\/uploads\/2024\/06\/laguna-de-hule-costa-rica-costa-rica-8n72.jpg","articleSection":["Vivez le Costa Rica"],"inLanguage":"fr-FR"},{"@type":"WebPage","@id":"https:\/\/www.sensorialsunsets.com\/fr\/lagunes-du-costa-rica-beaute-et-diversite-naturelles\/","url":"https:\/\/www.sensorialsunsets.com\/fr\/lagunes-du-costa-rica-beaute-et-diversite-naturelles\/","name":"Lagunes du Costa Rica : beaut\u00e9 et diversit\u00e9 naturelles - SensorialSunsets","isPartOf":{"@id":"https:\/\/www.sensorialsunsets.com\/fr\/#website"},"primaryImageOfPage":{"@id":"https:\/\/www.sensorialsunsets.com\/fr\/lagunes-du-costa-rica-beaute-et-diversite-naturelles\/#primaryimage"},"image":{"@id":"https:\/\/www.sensorialsunsets.com\/fr\/lagunes-du-costa-rica-beaute-et-diversite-naturelles\/#primaryimage"},"thumbnailUrl":"https:\/\/www.sensorialsunsets.com\/wp-content\/uploads\/2024\/06\/laguna-de-hule-costa-rica-costa-rica-8n72.jpg","datePublished":"2024-06-12T16:34:25+00:00","dateModified":"2024-06-12T16:43:10+00:00","description":"Les lagunes du Costa Rica, ses eaux cristallines et ses \u00e9tonnants paysages volcaniques. Explorez la beaut\u00e9 unique de cet environnement naturel.","inLanguage":"fr-FR","potentialAction":[{"@type":"ReadAction","target":["https:\/\/www.sensorialsunsets.com\/fr\/lagunes-du-costa-rica-beaute-et-diversite-naturelles\/"]}]},{"@type":"ImageObject","inLanguage":"fr-FR","@id":"https:\/\/www.sensorialsunsets.com\/fr\/lagunes-du-costa-rica-beaute-et-diversite-naturelles\/#primaryimage","url":"https:\/\/www.sensorialsunsets.com\/wp-content\/uploads\/2024\/06\/laguna-de-hule-costa-rica-costa-rica-8n72.jpg","contentUrl":"https:\/\/www.sensorialsunsets.com\/wp-content\/uploads\/2024\/06\/laguna-de-hule-costa-rica-costa-rica-8n72.jpg","width":1654,"height":1100},{"@type":"WebSite","@id":"https:\/\/www.sensorialsunsets.com\/fr\/#website","url":"https:\/\/www.sensorialsunsets.com\/fr\/","name":"SensorialSunsets.com","description":"D\u00e9couvrez la culture et la soci\u00e9t\u00e9 du Costa Rica sur notre blog. Explorez des articles captivants et partagez le contenu.","publisher":{"@id":"https:\/\/www.sensorialsunsets.com\/fr\/#organization"},"alternateName":"Costa Rica Live Blog","potentialAction":[{"@type":"SearchAction","target":{"@type":"EntryPoint","urlTemplate":"https:\/\/www.sensorialsunsets.com\/fr\/?s={search_term_string}"},"query-input":{"@type":"PropertyValueSpecification","valueRequired":true,"valueName":"search_term_string"}}],"inLanguage":"fr-FR"},{"@type":"Organization","@id":"https:\/\/www.sensorialsunsets.com\/fr\/#organization","name":"SensorialSunsets","url":"https:\/\/www.sensorialsunsets.com\/fr\/","logo":{"@type":"ImageObject","inLanguage":"fr-FR","@id":"https:\/\/www.sensorialsunsets.com\/fr\/#\/schema\/logo\/image\/","url":"https:\/\/www.sensorialsunsets.com\/wp-content\/uploads\/2023\/04\/Logo_base_line_fond_clair.svg","contentUrl":"https:\/\/www.sensorialsunsets.com\/wp-content\/uploads\/2023\/04\/Logo_base_line_fond_clair.svg","width":"1024","height":"1024","caption":"SensorialSunsets"},"image":{"@id":"https:\/\/www.sensorialsunsets.com\/fr\/#\/schema\/logo\/image\/"},"sameAs":["https:\/\/www.facebook.com\/Sensorial-Sunsets-109180614715562","https:\/\/www.instagram.com\/sensorialsunsets\/"]},{"@type":"Person","@id":"https:\/\/www.sensorialsunsets.com\/fr\/#\/schema\/person\/77e2fa594135aa94024c47e281d8a94d","name":"Sensorial Sunsets","image":{"@type":"ImageObject","inLanguage":"fr-FR","@id":"https:\/\/secure.gravatar.com\/avatar\/5f2d62681b1dad94c28f1500d4fc75582acdfd32b55fd1acce0a36a3c487eabe?s=96&d=mm&r=g","url":"https:\/\/secure.gravatar.com\/avatar\/5f2d62681b1dad94c28f1500d4fc75582acdfd32b55fd1acce0a36a3c487eabe?s=96&d=mm&r=g","contentUrl":"https:\/\/secure.gravatar.com\/avatar\/5f2d62681b1dad94c28f1500d4fc75582acdfd32b55fd1acce0a36a3c487eabe?s=96&d=mm&r=g","caption":"Sensorial Sunsets"},"url":"https:\/\/www.sensorialsunsets.com\/fr\/author\/asistentes-sensorial-sunsets\/"}]}},"_links":{"self":[{"href":"https:\/\/www.sensorialsunsets.com\/fr\/wp-json\/wp\/v2\/posts\/17091","targetHints":{"allow":["GET"]}}],"collection":[{"href":"https:\/\/www.sensorialsunsets.com\/fr\/wp-json\/wp\/v2\/posts"}],"about":[{"href":"https:\/\/www.sensorialsunsets.com\/fr\/wp-json\/wp\/v2\/types\/post"}],"author":[{"embeddable":true,"href":"https:\/\/www.sensorialsunsets.com\/fr\/wp-json\/wp\/v2\/users\/4"}],"replies":[{"embeddable":true,"href":"https:\/\/www.sensorialsunsets.com\/fr\/wp-json\/wp\/v2\/comments?post=17091"}],"version-history":[{"count":0,"href":"https:\/\/www.sensorialsunsets.com\/fr\/wp-json\/wp\/v2\/posts\/17091\/revisions"}],"wp:featuredmedia":[{"embeddable":true,"href":"https:\/\/www.sensorialsunsets.com\/fr\/wp-json\/wp\/v2\/media\/17095"}],"wp:attachment":[{"href":"https:\/\/www.sensorialsunsets.com\/fr\/wp-json\/wp\/v2\/media?parent=17091"}],"wp:term":[{"taxonomy":"category","embeddable":true,"href":"https:\/\/www.sensorialsunsets.com\/fr\/wp-json\/wp\/v2\/categories?post=17091"},{"taxonomy":"post_tag","embeddable":true,"href":"https:\/\/www.sensorialsunsets.com\/fr\/wp-json\/wp\/v2\/tags?post=17091"}],"curies":[{"name":"wp","href":"https:\/\/api.w.org\/{rel}","templated":true}]}}