{"id":17209,"date":"2024-06-20T11:09:38","date_gmt":"2024-06-20T17:09:38","guid":{"rendered":"https:\/\/www.sensorialsunsets.com\/?p=17209"},"modified":"2024-06-20T14:09:34","modified_gmt":"2024-06-20T20:09:34","slug":"changement-climatique-mesurer-les-progres-accomplis-dans-la-lutte-mondiale-contre-la-crise-climatique","status":"publish","type":"post","link":"https:\/\/www.sensorialsunsets.com\/fr\/changement-climatique-mesurer-les-progres-accomplis-dans-la-lutte-mondiale-contre-la-crise-climatique\/","title":{"rendered":"Changement climatique : mesurer les progr\u00e8s accomplis dans la lutte mondiale contre la crise climatique"},"content":{"rendered":"\n<p>L&rsquo;Organisation mondiale de la sant\u00e9 (OMS) a lanc\u00e9 une alerte urgente sur les graves probl\u00e8mes de sant\u00e9 que le changement climatique cause \u00e0 la population mondiale. Les preuves scientifiques, pr\u00e9sent\u00e9es dans une s\u00e9rie d&rsquo;articles r\u00e9cents, soulignent l&rsquo;impact n\u00e9faste du changement climatique \u00e0 diff\u00e9rents stades du cycle de vie humain et mettent en \u00e9vidence la n\u00e9cessit\u00e9 pour les gouvernements de faire de ce probl\u00e8me une question de sant\u00e9 publique prioritaire.<\/p>\n\n<h3 class=\"wp-block-heading\"><risques sous-estim=\"\" et=\"\" cons=\"\" graves=\"\"><\/risques><\/h3>\n\n<p>Des \u00e9tudes publi\u00e9es dans le Journal of Global Health r\u00e9v\u00e8lent que les risques sanitaires li\u00e9s au climat ont \u00e9t\u00e9 n\u00e9glig\u00e9s, en particulier pour les tr\u00e8s jeunes enfants et les personnes \u00e2g\u00e9es, ainsi que pendant la grossesse. Ces risques ont des cons\u00e9quences graves et souvent mortelles.<\/p>\n\n<blockquote class=\"wp-block-quote is-layout-flow wp-block-quote-is-layout-flow\">\n<p>La sant\u00e9 des femmes enceintes, des nouveau-n\u00e9s, des enfants, des adolescents et des personnes \u00e2g\u00e9es est affect\u00e9e par la pollution de l&rsquo;air et divers risques climatiques, notamment les incendies de for\u00eat, les inondations et les chaleurs extr\u00eames. <\/p>\n<\/blockquote>\n\n<figure class=\"wp-block-gallery has-nested-images columns-default is-cropped wp-block-gallery-1 is-layout-flex wp-block-gallery-is-layout-flex\">\n<figure class=\"wp-block-image size-large\"><img loading=\"lazy\" decoding=\"async\" width=\"1024\" height=\"683\" data-id=\"17194\" src=\"https:\/\/www.sensorialsunsets.com\/wp-content\/uploads\/2024\/06\/pexels-timmossholder-9398263-1024x683.jpg\" alt=\"\" class=\"wp-image-17194\" srcset=\"https:\/\/www.sensorialsunsets.com\/wp-content\/uploads\/2024\/06\/pexels-timmossholder-9398263-1024x683.jpg 1024w, https:\/\/www.sensorialsunsets.com\/wp-content\/uploads\/2024\/06\/pexels-timmossholder-9398263-300x200.jpg 300w, https:\/\/www.sensorialsunsets.com\/wp-content\/uploads\/2024\/06\/pexels-timmossholder-9398263-768x512.jpg 768w, https:\/\/www.sensorialsunsets.com\/wp-content\/uploads\/2024\/06\/pexels-timmossholder-9398263-1536x1024.jpg 1536w, https:\/\/www.sensorialsunsets.com\/wp-content\/uploads\/2024\/06\/pexels-timmossholder-9398263-334x222.jpg 334w, https:\/\/www.sensorialsunsets.com\/wp-content\/uploads\/2024\/06\/pexels-timmossholder-9398263-1320x880.jpg 1320w\" sizes=\"auto, (max-width: 1024px) 100vw, 1024px\" \/><\/figure>\n\n\n\n<figure class=\"wp-block-image size-large\"><img loading=\"lazy\" decoding=\"async\" width=\"1024\" height=\"683\" data-id=\"17191\" src=\"https:\/\/www.sensorialsunsets.com\/wp-content\/uploads\/2024\/06\/pexels-ahmed-akacha-3313934-15803718-1024x683.jpg\" alt=\"\" class=\"wp-image-17191\" srcset=\"https:\/\/www.sensorialsunsets.com\/wp-content\/uploads\/2024\/06\/pexels-ahmed-akacha-3313934-15803718-1024x683.jpg 1024w, https:\/\/www.sensorialsunsets.com\/wp-content\/uploads\/2024\/06\/pexels-ahmed-akacha-3313934-15803718-300x200.jpg 300w, https:\/\/www.sensorialsunsets.com\/wp-content\/uploads\/2024\/06\/pexels-ahmed-akacha-3313934-15803718-768x512.jpg 768w, https:\/\/www.sensorialsunsets.com\/wp-content\/uploads\/2024\/06\/pexels-ahmed-akacha-3313934-15803718-1536x1024.jpg 1536w, https:\/\/www.sensorialsunsets.com\/wp-content\/uploads\/2024\/06\/pexels-ahmed-akacha-3313934-15803718-2048x1365.jpg 2048w, https:\/\/www.sensorialsunsets.com\/wp-content\/uploads\/2024\/06\/pexels-ahmed-akacha-3313934-15803718-334x222.jpg 334w, https:\/\/www.sensorialsunsets.com\/wp-content\/uploads\/2024\/06\/pexels-ahmed-akacha-3313934-15803718-1320x880.jpg 1320w\" sizes=\"auto, (max-width: 1024px) 100vw, 1024px\" \/><\/figure>\n<\/figure>\n\n<figure class=\"wp-block-pullquote has-text-align-left\"><blockquote><p>Le conflit isra\u00e9lo-palestinien a eu un impact significatif sur l&rsquo;environnement et le changement climatique. Les attaques militaires isra\u00e9liennes et l&rsquo;occupation de Gaza ont g\u00e9n\u00e9r\u00e9 une grande quantit\u00e9 d&rsquo;\u00e9missions de gaz \u00e0 effet de serre<a href=\"https:\/\/news.un.org\/es\/story\/2024\/06\/1530251\" target=\"_blank\" rel=\"noreferrer noopener\"><\/a><a href=\"https:\/\/www.eldiario.es\/internacional\/theguardian\/impacto-medioambiental-ofensiva-israeli-gaza-equivale-combustion-150-000-toneladas-carbon_1_10825436.html\" target=\"_blank\" rel=\"noreferrer noopener\"><\/a>. La construction de tunnels et d&rsquo;autres infrastructures li\u00e9es \u00e0 la guerre \u00e0 Gaza a produit environ 176 000 tonnes d&rsquo;\u00e9missions<a href=\"https:\/\/www.eldiario.es\/internacional\/theguardian\/impacto-medioambiental-ofensiva-israeli-gaza-equivale-combustion-150-000-toneladas-carbon_1_10825436.html\" target=\"_blank\" rel=\"noreferrer noopener\"><\/a>. <br\/><br\/>En outre, la guerre a aggrav\u00e9 la crise humanitaire dans la r\u00e9gion, laissant la population palestinienne sans acc\u00e8s \u00e0 la nourriture, \u00e0 l&rsquo;eau et \u00e0 l&rsquo;\u00e9lectricit\u00e9<a href=\"https:\/\/news.un.org\/es\/story\/2023\/10\/1524852\" target=\"_blank\" rel=\"noreferrer noopener\"><\/a>. Cette situation d&rsquo;ins\u00e9curit\u00e9 \u00e9nerg\u00e9tique et de p\u00e9nurie de ressources est exacerb\u00e9e par les effets du changement climatique, tels que les s\u00e9cheresses, les vagues de chaleur et les pr\u00e9cipitations extr\u00eames<a href=\"https:\/\/news.un.org\/es\/story\/2023\/10\/1524852\" target=\"_blank\" rel=\"noreferrer noopener\"><\/a>. <br\/><br\/>Le cycle de l&rsquo;eau s&rsquo;est d\u00e9s\u00e9quilibr\u00e9, mettant en p\u00e9ril la s\u00e9curit\u00e9 hydrique de millions de personnes<a href=\"https:\/\/news.un.org\/es\/story\/2023\/10\/1524852\" target=\"_blank\" rel=\"noreferrer noopener\"><\/a>. Par cons\u00e9quent, la guerre et l&rsquo;occupation isra\u00e9lienne en Palestine ont contribu\u00e9 \u00e0 l&rsquo;augmentation des \u00e9missions de gaz \u00e0 effet de serre et ont aggrav\u00e9 les effets du changement climatique dans la r\u00e9gion, g\u00e9n\u00e9rant une crise humanitaire et environnementale<a href=\"https:\/\/news.un.org\/es\/story\/2024\/06\/1530251\" target=\"_blank\" rel=\"noreferrer noopener\"><\/a><a href=\"https:\/\/www. eldiario.es\/internacional\/theguardian\/impacto-medioambiental-ofensiva-israeli-gaza-equivale-combustion-150-000-tonnes-carbone_1_10825436.html\" target=\"_blank\" rel=\"noreferrer noopener\"><\/a><a href=\"https:\/\/animalpolitico.com\/analisis\/organizaciones\/tenemos-un-plan\/guerras-calentamiento-global\" target=\"_blank\" rel=\"noreferrer noopener\"><\/a>. La r\u00e9solution de ce conflit de mani\u00e8re durable est essentielle pour faire face \u00e0 l&rsquo;impact du r\u00e9chauffement climatique en Palestine<a href=\"https:\/\/www.eldiario.es\/internacional\/theguardian\/impacto-medioambiental-ofensiva-israeli-gaza-equivale-combustion-150-000-toneladas-carbon_1_10825436.html\" target=\"_blank\" rel=\"noreferrer noopener\"><\/a>.<\/p><\/blockquote><\/figure>\n\n<p>En effet, plusieurs articles montrent comment les risques naturels li\u00e9s au climat affectent la sant\u00e9 physique et mentale, en notant que les naissances pr\u00e9matur\u00e9es augmentent pendant les vagues de chaleur et que les personnes \u00e2g\u00e9es sont plus sujettes aux crises cardiaques ou aux difficult\u00e9s respiratoires.<\/p>\n\n<h3 class=\"wp-block-heading\"><strong>\u00c9valuer les progr\u00e8s accomplis dans la lutte contre le changement climatique<\/strong><\/h3>\n\n<p>Le rapport de l&rsquo;Organisation m\u00e9t\u00e9orologique mondiale confirme que 2023 a \u00e9t\u00e9 l&rsquo;ann\u00e9e la plus chaude jamais enregistr\u00e9e, et <a href=\"https:\/\/www.crhoy.com\/mundo\/crisis-climatica-2024-podria-ser-el-ano-mas-caliente-de-la-historia\/\">les temp\u00e9ratures mondiales au cours de la p\u00e9riode 2024<\/a>-2028 devraient d\u00e9passer de 1,5 degr\u00e9 Celsius celles de l&rsquo;\u00e8re pr\u00e9industrielle, ce qui pourrait entra\u00eener des changements climatiques rapides et irr\u00e9versibles.<\/p>\n\n<p>L&rsquo;OMS pr\u00e9vient qu&rsquo;entre 2030 et 2050, le changement climatique pourrait entra\u00eener environ 250 000 d\u00e9c\u00e8s suppl\u00e9mentaires par an dus \u00e0 la malnutrition, au paludisme, \u00e0 la diarrh\u00e9e et au stress thermique. En effet, la pollution atmosph\u00e9rique augmente la probabilit\u00e9 d&rsquo;hypertension art\u00e9rielle pendant la grossesse, d&rsquo;insuffisance pond\u00e9rale \u00e0 la naissance, de naissance pr\u00e9matur\u00e9e et d&rsquo;effets n\u00e9gatifs sur le d\u00e9veloppement du cerveau et des poumons du f\u0153tus. Elle augmente \u00e9galement le risque de maladies respiratoires, de cancer, de maladies cardiovasculaires et de pneumonie chez les enfants et les personnes \u00e2g\u00e9es.<\/p>\n<div class=\"wp-block-image\">\n<figure class=\"alignright size-large is-resized\"><img loading=\"lazy\" decoding=\"async\" width=\"1024\" height=\"678\" src=\"https:\/\/www.sensorialsunsets.com\/wp-content\/uploads\/2024\/06\/23264472939_220c3b4d87_o-1024x678.jpg\" alt=\"\" class=\"wp-image-17188\" style=\"width:447px;height:auto\" srcset=\"https:\/\/www.sensorialsunsets.com\/wp-content\/uploads\/2024\/06\/23264472939_220c3b4d87_o-1024x678.jpg 1024w, https:\/\/www.sensorialsunsets.com\/wp-content\/uploads\/2024\/06\/23264472939_220c3b4d87_o-300x199.jpg 300w, https:\/\/www.sensorialsunsets.com\/wp-content\/uploads\/2024\/06\/23264472939_220c3b4d87_o-768x509.jpg 768w, https:\/\/www.sensorialsunsets.com\/wp-content\/uploads\/2024\/06\/23264472939_220c3b4d87_o-1536x1017.jpg 1536w, https:\/\/www.sensorialsunsets.com\/wp-content\/uploads\/2024\/06\/23264472939_220c3b4d87_o-2048x1356.jpg 2048w, https:\/\/www.sensorialsunsets.com\/wp-content\/uploads\/2024\/06\/23264472939_220c3b4d87_o-334x222.jpg 334w, https:\/\/www.sensorialsunsets.com\/wp-content\/uploads\/2024\/06\/23264472939_220c3b4d87_o-1320x874.jpg 1320w\" sizes=\"auto, (max-width: 1024px) 100vw, 1024px\" \/><\/figure>\n<\/div>\n<p>Le temps presse pour r\u00e9duire les \u00e9missions de gaz \u00e0 effet de serre et ralentir la progression du changement climatique. \u00c0 chaque r\u00e9union des dirigeants mondiaux, qu&rsquo;il s&rsquo;agisse de Davos, des sommets du G7, de l&rsquo;Assembl\u00e9e g\u00e9n\u00e9rale des Nations unies ou de tout autre \u00e9v\u00e9nement jusqu&rsquo;\u00e0 la COP29 en Azerba\u00efdjan, nous devons \u00e9valuer les r\u00e9sultats de ces r\u00e9unions \u00e0 l&rsquo;aune d&rsquo;un crit\u00e8re simple : <\/p>\n\n<h3 class=\"wp-block-heading has-text-align-left\">Les engagements en mati\u00e8re de climat<\/h3>\n\n<h5 class=\"wp-block-heading\">Des progr\u00e8s ont-ils \u00e9t\u00e9 r\u00e9alis\u00e9s dans le respect des engagements pris lors de la conf\u00e9rence des parties \u00e0 la convention-cadre des Nations unies sur les changements climatiques ? <\/h5>\n\n<p>R\u00e9cemment, l&rsquo;Agence internationale de l&rsquo;\u00e9nergie a publi\u00e9 un rapport sur les \u00e9nergies renouvelables qui montre clairement que si la communaut\u00e9 mondiale peut atteindre l&rsquo;objectif de tripler les \u00e9nergies renouvelables d&rsquo;ici 2030, cet objectif ne sera pas atteint avec les politiques actuelles et les tendances du march\u00e9. Cette d\u00e9cennie sera cruciale pour montrer comment la communaut\u00e9 mondiale peut s&rsquo;unir et surmonter les tendances historiques en d\u00e9ployant plus d&rsquo;\u00e9nergies renouvelables au cours des cinq prochaines ann\u00e9es qu&rsquo;au cours des 100 ann\u00e9es pr\u00e9c\u00e9dentes. L&rsquo;ann\u00e9e prochaine, les \u00e9nergies renouvelables d\u00e9passeront le charbon en tant que premi\u00e8re source d&rsquo;\u00e9nergie. Toutefois, pour respecter nos engagements en mati\u00e8re de climat, nous devons agir de toute urgence.<\/p>\n\n<h3 class=\"wp-block-heading\"><strong>Catastrophes naturelles et bien-\u00eatre mental<\/strong><\/h3>\n\n<p>Les catastrophes naturelles li\u00e9es aux conditions m\u00e9t\u00e9orologiques, telles que les inondations, les s\u00e9cheresses et les incendies de for\u00eat, affectent non seulement la sant\u00e9 physique, mais aussi le bien-\u00eatre mental. Selon certaines \u00e9tudes, ces \u00e9v\u00e9nements augmentent les troubles respiratoires et les taux de mortalit\u00e9 cardiovasculaire chez les personnes \u00e2g\u00e9es.<\/p>\n\n<p>De plus, il est urgent d&rsquo;att\u00e9nuer le changement climatique en r\u00e9duisant les \u00e9missions de gaz \u00e0 effet de serre et en renfor\u00e7ant la r\u00e9sistance au climat. Des mesures sp\u00e9cifiques visant \u00e0 prot\u00e9ger la sant\u00e9 \u00e0 tous les stades de la vie sont indispensables. Les rapports notent que peu de strat\u00e9gies d&rsquo;adaptation au changement climatique sont con\u00e7ues pour r\u00e9pondre aux besoins sp\u00e9cifiques des femmes, des nourrissons, des enfants, des adolescents et des personnes \u00e2g\u00e9es.<\/p>\n\n<h3 class=\"wp-block-heading\"><actions propos=\"\"><\/actions><\/h3>\n\n<figure class=\"wp-block-gallery has-nested-images columns-default is-cropped wp-block-gallery-2 is-layout-flex wp-block-gallery-is-layout-flex\">\n<figure class=\"wp-block-image size-large\"><img loading=\"lazy\" decoding=\"async\" width=\"1024\" height=\"683\" data-id=\"17201\" src=\"https:\/\/www.sensorialsunsets.com\/wp-content\/uploads\/2024\/06\/pexels-tony-zohari-3296024-16509461-1024x683.jpg\" alt=\"\" class=\"wp-image-17201\" srcset=\"https:\/\/www.sensorialsunsets.com\/wp-content\/uploads\/2024\/06\/pexels-tony-zohari-3296024-16509461-1024x683.jpg 1024w, https:\/\/www.sensorialsunsets.com\/wp-content\/uploads\/2024\/06\/pexels-tony-zohari-3296024-16509461-300x200.jpg 300w, https:\/\/www.sensorialsunsets.com\/wp-content\/uploads\/2024\/06\/pexels-tony-zohari-3296024-16509461-768x512.jpg 768w, https:\/\/www.sensorialsunsets.com\/wp-content\/uploads\/2024\/06\/pexels-tony-zohari-3296024-16509461-1536x1024.jpg 1536w, https:\/\/www.sensorialsunsets.com\/wp-content\/uploads\/2024\/06\/pexels-tony-zohari-3296024-16509461-2048x1365.jpg 2048w, https:\/\/www.sensorialsunsets.com\/wp-content\/uploads\/2024\/06\/pexels-tony-zohari-3296024-16509461-334x222.jpg 334w, https:\/\/www.sensorialsunsets.com\/wp-content\/uploads\/2024\/06\/pexels-tony-zohari-3296024-16509461-1320x880.jpg 1320w\" sizes=\"auto, (max-width: 1024px) 100vw, 1024px\" \/><\/figure>\n\n\n\n<figure class=\"wp-block-image size-large\"><img loading=\"lazy\" decoding=\"async\" width=\"1024\" height=\"683\" data-id=\"17198\" src=\"https:\/\/www.sensorialsunsets.com\/wp-content\/uploads\/2024\/06\/pexels-anya-juarez-tenorio-227888521-16005979-1024x683.jpg\" alt=\"\" class=\"wp-image-17198\" srcset=\"https:\/\/www.sensorialsunsets.com\/wp-content\/uploads\/2024\/06\/pexels-anya-juarez-tenorio-227888521-16005979-1024x683.jpg 1024w, https:\/\/www.sensorialsunsets.com\/wp-content\/uploads\/2024\/06\/pexels-anya-juarez-tenorio-227888521-16005979-300x200.jpg 300w, https:\/\/www.sensorialsunsets.com\/wp-content\/uploads\/2024\/06\/pexels-anya-juarez-tenorio-227888521-16005979-768x512.jpg 768w, https:\/\/www.sensorialsunsets.com\/wp-content\/uploads\/2024\/06\/pexels-anya-juarez-tenorio-227888521-16005979-1536x1024.jpg 1536w, https:\/\/www.sensorialsunsets.com\/wp-content\/uploads\/2024\/06\/pexels-anya-juarez-tenorio-227888521-16005979-2048x1366.jpg 2048w, https:\/\/www.sensorialsunsets.com\/wp-content\/uploads\/2024\/06\/pexels-anya-juarez-tenorio-227888521-16005979-334x222.jpg 334w, https:\/\/www.sensorialsunsets.com\/wp-content\/uploads\/2024\/06\/pexels-anya-juarez-tenorio-227888521-16005979-1320x880.jpg 1320w\" sizes=\"auto, (max-width: 1024px) 100vw, 1024px\" \/><\/figure>\n<\/figure>\n\n<p>L&rsquo;OMS exhorte les gouvernements \u00e0 faire du changement climatique une priorit\u00e9 en mati\u00e8re de sant\u00e9 et propose plusieurs actions concr\u00e8tes. Parmi celles-ci, citons l&rsquo;assouplissement des horaires de travail, la pr\u00e9paration des syst\u00e8mes d&rsquo;\u00e9ducation et de garde d&rsquo;enfants aux ph\u00e9nom\u00e8nes m\u00e9t\u00e9orologiques extr\u00eames et aux temp\u00e9ratures \u00e9lev\u00e9es, et l&rsquo;information des communaut\u00e9s sur les mesures de protection \u00e0 prendre pendant les vagues de chaleur et les p\u00e9riodes de forte pollution de l&rsquo;air.<\/p>\n\n<p><strong>Sensorial Sunsets<\/strong><\/p>\n","protected":false},"excerpt":{"rendered":"<p>L&rsquo;Organisation mondiale de la sant\u00e9 (OMS) a lanc\u00e9 une alerte urgente sur les graves probl\u00e8mes de sant\u00e9 que le changement climatique cause \u00e0 la population mondiale. Les preuves scientifiques, pr\u00e9sent\u00e9es dans une s\u00e9rie d&rsquo;articles r\u00e9cents, soulignent l&rsquo;impact n\u00e9faste du changement climatique \u00e0 diff\u00e9rents stades du cycle de vie humain et mettent en \u00e9vidence la n\u00e9cessit\u00e9 [&hellip;]<\/p>\n","protected":false},"author":4,"featured_media":17187,"comment_status":"closed","ping_status":"closed","sticky":false,"template":"","format":"standard","meta":{"_acf_changed":false,"inline_featured_image":false,"_monsterinsights_skip_tracking":false,"_monsterinsights_sitenote_active":false,"_monsterinsights_sitenote_note":"","_monsterinsights_sitenote_category":0,"footnotes":""},"categories":[1],"tags":[],"class_list":["post-17209","post","type-post","status-publish","format-standard","has-post-thumbnail","hentry","category-non-classifiee"],"acf":[],"yoast_head":"<!-- This site is optimized with the Yoast SEO plugin v27.4 - https:\/\/yoast.com\/product\/yoast-seo-wordpress\/ -->\n<title>Changement climatique : La lutte mondiale contre la crise climatique<\/title>\n<meta name=\"description\" content=\"Changement climatique : la r\u00e9duction des \u00e9missions de gaz \u00e0 effet de serre et les objectifs climatiques pour faire face \u00e0 la crise actuelle.\" \/>\n<meta name=\"robots\" content=\"index, follow, max-snippet:-1, max-image-preview:large, max-video-preview:-1\" \/>\n<link rel=\"canonical\" href=\"https:\/\/www.sensorialsunsets.com\/fr\/changement-climatique-mesurer-les-progres-accomplis-dans-la-lutte-mondiale-contre-la-crise-climatique\/\" \/>\n<meta property=\"og:locale\" content=\"fr_FR\" \/>\n<meta property=\"og:type\" content=\"article\" \/>\n<meta property=\"og:title\" content=\"Changement climatique : La lutte mondiale contre la crise climatique\" \/>\n<meta property=\"og:description\" content=\"Changement climatique : la r\u00e9duction des \u00e9missions de gaz \u00e0 effet de serre et les objectifs climatiques pour faire face \u00e0 la crise actuelle.\" \/>\n<meta property=\"og:url\" content=\"https:\/\/www.sensorialsunsets.com\/fr\/changement-climatique-mesurer-les-progres-accomplis-dans-la-lutte-mondiale-contre-la-crise-climatique\/\" \/>\n<meta property=\"og:site_name\" content=\"SensorialSunsets\" \/>\n<meta property=\"article:publisher\" content=\"https:\/\/www.facebook.com\/Sensorial-Sunsets-109180614715562\" \/>\n<meta property=\"article:published_time\" content=\"2024-06-20T17:09:38+00:00\" \/>\n<meta property=\"article:modified_time\" content=\"2024-06-20T20:09:34+00:00\" \/>\n<meta property=\"og:image\" content=\"https:\/\/www.sensorialsunsets.com\/wp-content\/uploads\/2024\/06\/2569221598_c80a52f751_o-scaled.jpg\" \/>\n\t<meta property=\"og:image:width\" content=\"2560\" \/>\n\t<meta property=\"og:image:height\" content=\"1702\" \/>\n\t<meta property=\"og:image:type\" content=\"image\/jpeg\" \/>\n<meta name=\"author\" content=\"Sensorial Sunsets\" \/>\n<meta name=\"twitter:card\" content=\"summary_large_image\" \/>\n<meta name=\"twitter:label1\" content=\"\u00c9crit par\" \/>\n\t<meta name=\"twitter:data1\" content=\"Sensorial Sunsets\" \/>\n\t<meta name=\"twitter:label2\" content=\"Dur\u00e9e de lecture estim\u00e9e\" \/>\n\t<meta name=\"twitter:data2\" content=\"5 minutes\" \/>\n<script type=\"application\/ld+json\" class=\"yoast-schema-graph\">{\"@context\":\"https:\\\/\\\/schema.org\",\"@graph\":[{\"@type\":\"Article\",\"@id\":\"https:\\\/\\\/www.sensorialsunsets.com\\\/fr\\\/changement-climatique-mesurer-les-progres-accomplis-dans-la-lutte-mondiale-contre-la-crise-climatique\\\/#article\",\"isPartOf\":{\"@id\":\"https:\\\/\\\/www.sensorialsunsets.com\\\/fr\\\/changement-climatique-mesurer-les-progres-accomplis-dans-la-lutte-mondiale-contre-la-crise-climatique\\\/\"},\"author\":{\"name\":\"Sensorial Sunsets\",\"@id\":\"https:\\\/\\\/www.sensorialsunsets.com\\\/fr\\\/#\\\/schema\\\/person\\\/77e2fa594135aa94024c47e281d8a94d\"},\"headline\":\"Changement climatique : mesurer les progr\u00e8s accomplis dans la lutte mondiale contre la crise climatique\",\"datePublished\":\"2024-06-20T17:09:38+00:00\",\"dateModified\":\"2024-06-20T20:09:34+00:00\",\"mainEntityOfPage\":{\"@id\":\"https:\\\/\\\/www.sensorialsunsets.com\\\/fr\\\/changement-climatique-mesurer-les-progres-accomplis-dans-la-lutte-mondiale-contre-la-crise-climatique\\\/\"},\"wordCount\":1095,\"publisher\":{\"@id\":\"https:\\\/\\\/www.sensorialsunsets.com\\\/fr\\\/#organization\"},\"image\":{\"@id\":\"https:\\\/\\\/www.sensorialsunsets.com\\\/fr\\\/changement-climatique-mesurer-les-progres-accomplis-dans-la-lutte-mondiale-contre-la-crise-climatique\\\/#primaryimage\"},\"thumbnailUrl\":\"https:\\\/\\\/www.sensorialsunsets.com\\\/wp-content\\\/uploads\\\/2024\\\/06\\\/2569221598_c80a52f751_o-scaled.jpg\",\"articleSection\":[\"Non classifi\u00e9(e)\"],\"inLanguage\":\"fr-FR\"},{\"@type\":\"WebPage\",\"@id\":\"https:\\\/\\\/www.sensorialsunsets.com\\\/fr\\\/changement-climatique-mesurer-les-progres-accomplis-dans-la-lutte-mondiale-contre-la-crise-climatique\\\/\",\"url\":\"https:\\\/\\\/www.sensorialsunsets.com\\\/fr\\\/changement-climatique-mesurer-les-progres-accomplis-dans-la-lutte-mondiale-contre-la-crise-climatique\\\/\",\"name\":\"Changement climatique : La lutte mondiale contre la crise climatique\",\"isPartOf\":{\"@id\":\"https:\\\/\\\/www.sensorialsunsets.com\\\/fr\\\/#website\"},\"primaryImageOfPage\":{\"@id\":\"https:\\\/\\\/www.sensorialsunsets.com\\\/fr\\\/changement-climatique-mesurer-les-progres-accomplis-dans-la-lutte-mondiale-contre-la-crise-climatique\\\/#primaryimage\"},\"image\":{\"@id\":\"https:\\\/\\\/www.sensorialsunsets.com\\\/fr\\\/changement-climatique-mesurer-les-progres-accomplis-dans-la-lutte-mondiale-contre-la-crise-climatique\\\/#primaryimage\"},\"thumbnailUrl\":\"https:\\\/\\\/www.sensorialsunsets.com\\\/wp-content\\\/uploads\\\/2024\\\/06\\\/2569221598_c80a52f751_o-scaled.jpg\",\"datePublished\":\"2024-06-20T17:09:38+00:00\",\"dateModified\":\"2024-06-20T20:09:34+00:00\",\"description\":\"Changement climatique : la r\u00e9duction des \u00e9missions de gaz \u00e0 effet de serre et les objectifs climatiques pour faire face \u00e0 la crise actuelle.\",\"inLanguage\":\"fr-FR\",\"potentialAction\":[{\"@type\":\"ReadAction\",\"target\":[\"https:\\\/\\\/www.sensorialsunsets.com\\\/fr\\\/changement-climatique-mesurer-les-progres-accomplis-dans-la-lutte-mondiale-contre-la-crise-climatique\\\/\"]}]},{\"@type\":\"ImageObject\",\"inLanguage\":\"fr-FR\",\"@id\":\"https:\\\/\\\/www.sensorialsunsets.com\\\/fr\\\/changement-climatique-mesurer-les-progres-accomplis-dans-la-lutte-mondiale-contre-la-crise-climatique\\\/#primaryimage\",\"url\":\"https:\\\/\\\/www.sensorialsunsets.com\\\/wp-content\\\/uploads\\\/2024\\\/06\\\/2569221598_c80a52f751_o-scaled.jpg\",\"contentUrl\":\"https:\\\/\\\/www.sensorialsunsets.com\\\/wp-content\\\/uploads\\\/2024\\\/06\\\/2569221598_c80a52f751_o-scaled.jpg\",\"width\":2560,\"height\":1702},{\"@type\":\"WebSite\",\"@id\":\"https:\\\/\\\/www.sensorialsunsets.com\\\/fr\\\/#website\",\"url\":\"https:\\\/\\\/www.sensorialsunsets.com\\\/fr\\\/\",\"name\":\"SensorialSunsets.com\",\"description\":\"D\u00e9couvrez la culture et la soci\u00e9t\u00e9 du Costa Rica sur notre blog. Explorez des articles captivants et partagez le contenu.\",\"publisher\":{\"@id\":\"https:\\\/\\\/www.sensorialsunsets.com\\\/fr\\\/#organization\"},\"alternateName\":\"Costa Rica Live Blog\",\"potentialAction\":[{\"@type\":\"SearchAction\",\"target\":{\"@type\":\"EntryPoint\",\"urlTemplate\":\"https:\\\/\\\/www.sensorialsunsets.com\\\/fr\\\/?s={search_term_string}\"},\"query-input\":{\"@type\":\"PropertyValueSpecification\",\"valueRequired\":true,\"valueName\":\"search_term_string\"}}],\"inLanguage\":\"fr-FR\"},{\"@type\":\"Organization\",\"@id\":\"https:\\\/\\\/www.sensorialsunsets.com\\\/fr\\\/#organization\",\"name\":\"SensorialSunsets\",\"url\":\"https:\\\/\\\/www.sensorialsunsets.com\\\/fr\\\/\",\"logo\":{\"@type\":\"ImageObject\",\"inLanguage\":\"fr-FR\",\"@id\":\"https:\\\/\\\/www.sensorialsunsets.com\\\/fr\\\/#\\\/schema\\\/logo\\\/image\\\/\",\"url\":\"https:\\\/\\\/www.sensorialsunsets.com\\\/wp-content\\\/uploads\\\/2023\\\/04\\\/Logo_base_line_fond_clair.svg\",\"contentUrl\":\"https:\\\/\\\/www.sensorialsunsets.com\\\/wp-content\\\/uploads\\\/2023\\\/04\\\/Logo_base_line_fond_clair.svg\",\"width\":\"1024\",\"height\":\"1024\",\"caption\":\"SensorialSunsets\"},\"image\":{\"@id\":\"https:\\\/\\\/www.sensorialsunsets.com\\\/fr\\\/#\\\/schema\\\/logo\\\/image\\\/\"},\"sameAs\":[\"https:\\\/\\\/www.facebook.com\\\/Sensorial-Sunsets-109180614715562\",\"https:\\\/\\\/www.instagram.com\\\/sensorialsunsets\\\/\"]},{\"@type\":\"Person\",\"@id\":\"https:\\\/\\\/www.sensorialsunsets.com\\\/fr\\\/#\\\/schema\\\/person\\\/77e2fa594135aa94024c47e281d8a94d\",\"name\":\"Sensorial Sunsets\",\"image\":{\"@type\":\"ImageObject\",\"inLanguage\":\"fr-FR\",\"@id\":\"https:\\\/\\\/secure.gravatar.com\\\/avatar\\\/5f2d62681b1dad94c28f1500d4fc75582acdfd32b55fd1acce0a36a3c487eabe?s=96&d=mm&r=g\",\"url\":\"https:\\\/\\\/secure.gravatar.com\\\/avatar\\\/5f2d62681b1dad94c28f1500d4fc75582acdfd32b55fd1acce0a36a3c487eabe?s=96&d=mm&r=g\",\"contentUrl\":\"https:\\\/\\\/secure.gravatar.com\\\/avatar\\\/5f2d62681b1dad94c28f1500d4fc75582acdfd32b55fd1acce0a36a3c487eabe?s=96&d=mm&r=g\",\"caption\":\"Sensorial Sunsets\"},\"url\":\"https:\\\/\\\/www.sensorialsunsets.com\\\/fr\\\/author\\\/asistentes-sensorial-sunsets\\\/\"}]}<\/script>\n<!-- \/ Yoast SEO plugin. -->","yoast_head_json":{"title":"Changement climatique : La lutte mondiale contre la crise climatique","description":"Changement climatique : la r\u00e9duction des \u00e9missions de gaz \u00e0 effet de serre et les objectifs climatiques pour faire face \u00e0 la crise actuelle.","robots":{"index":"index","follow":"follow","max-snippet":"max-snippet:-1","max-image-preview":"max-image-preview:large","max-video-preview":"max-video-preview:-1"},"canonical":"https:\/\/www.sensorialsunsets.com\/fr\/changement-climatique-mesurer-les-progres-accomplis-dans-la-lutte-mondiale-contre-la-crise-climatique\/","og_locale":"fr_FR","og_type":"article","og_title":"Changement climatique : La lutte mondiale contre la crise climatique","og_description":"Changement climatique : la r\u00e9duction des \u00e9missions de gaz \u00e0 effet de serre et les objectifs climatiques pour faire face \u00e0 la crise actuelle.","og_url":"https:\/\/www.sensorialsunsets.com\/fr\/changement-climatique-mesurer-les-progres-accomplis-dans-la-lutte-mondiale-contre-la-crise-climatique\/","og_site_name":"SensorialSunsets","article_publisher":"https:\/\/www.facebook.com\/Sensorial-Sunsets-109180614715562","article_published_time":"2024-06-20T17:09:38+00:00","article_modified_time":"2024-06-20T20:09:34+00:00","og_image":[{"width":2560,"height":1702,"url":"https:\/\/www.sensorialsunsets.com\/wp-content\/uploads\/2024\/06\/2569221598_c80a52f751_o-scaled.jpg","type":"image\/jpeg"}],"author":"Sensorial Sunsets","twitter_card":"summary_large_image","twitter_misc":{"\u00c9crit par":"Sensorial Sunsets","Dur\u00e9e de lecture estim\u00e9e":"5 minutes"},"schema":{"@context":"https:\/\/schema.org","@graph":[{"@type":"Article","@id":"https:\/\/www.sensorialsunsets.com\/fr\/changement-climatique-mesurer-les-progres-accomplis-dans-la-lutte-mondiale-contre-la-crise-climatique\/#article","isPartOf":{"@id":"https:\/\/www.sensorialsunsets.com\/fr\/changement-climatique-mesurer-les-progres-accomplis-dans-la-lutte-mondiale-contre-la-crise-climatique\/"},"author":{"name":"Sensorial Sunsets","@id":"https:\/\/www.sensorialsunsets.com\/fr\/#\/schema\/person\/77e2fa594135aa94024c47e281d8a94d"},"headline":"Changement climatique : mesurer les progr\u00e8s accomplis dans la lutte mondiale contre la crise climatique","datePublished":"2024-06-20T17:09:38+00:00","dateModified":"2024-06-20T20:09:34+00:00","mainEntityOfPage":{"@id":"https:\/\/www.sensorialsunsets.com\/fr\/changement-climatique-mesurer-les-progres-accomplis-dans-la-lutte-mondiale-contre-la-crise-climatique\/"},"wordCount":1095,"publisher":{"@id":"https:\/\/www.sensorialsunsets.com\/fr\/#organization"},"image":{"@id":"https:\/\/www.sensorialsunsets.com\/fr\/changement-climatique-mesurer-les-progres-accomplis-dans-la-lutte-mondiale-contre-la-crise-climatique\/#primaryimage"},"thumbnailUrl":"https:\/\/www.sensorialsunsets.com\/wp-content\/uploads\/2024\/06\/2569221598_c80a52f751_o-scaled.jpg","articleSection":["Non classifi\u00e9(e)"],"inLanguage":"fr-FR"},{"@type":"WebPage","@id":"https:\/\/www.sensorialsunsets.com\/fr\/changement-climatique-mesurer-les-progres-accomplis-dans-la-lutte-mondiale-contre-la-crise-climatique\/","url":"https:\/\/www.sensorialsunsets.com\/fr\/changement-climatique-mesurer-les-progres-accomplis-dans-la-lutte-mondiale-contre-la-crise-climatique\/","name":"Changement climatique : La lutte mondiale contre la crise climatique","isPartOf":{"@id":"https:\/\/www.sensorialsunsets.com\/fr\/#website"},"primaryImageOfPage":{"@id":"https:\/\/www.sensorialsunsets.com\/fr\/changement-climatique-mesurer-les-progres-accomplis-dans-la-lutte-mondiale-contre-la-crise-climatique\/#primaryimage"},"image":{"@id":"https:\/\/www.sensorialsunsets.com\/fr\/changement-climatique-mesurer-les-progres-accomplis-dans-la-lutte-mondiale-contre-la-crise-climatique\/#primaryimage"},"thumbnailUrl":"https:\/\/www.sensorialsunsets.com\/wp-content\/uploads\/2024\/06\/2569221598_c80a52f751_o-scaled.jpg","datePublished":"2024-06-20T17:09:38+00:00","dateModified":"2024-06-20T20:09:34+00:00","description":"Changement climatique : la r\u00e9duction des \u00e9missions de gaz \u00e0 effet de serre et les objectifs climatiques pour faire face \u00e0 la crise actuelle.","inLanguage":"fr-FR","potentialAction":[{"@type":"ReadAction","target":["https:\/\/www.sensorialsunsets.com\/fr\/changement-climatique-mesurer-les-progres-accomplis-dans-la-lutte-mondiale-contre-la-crise-climatique\/"]}]},{"@type":"ImageObject","inLanguage":"fr-FR","@id":"https:\/\/www.sensorialsunsets.com\/fr\/changement-climatique-mesurer-les-progres-accomplis-dans-la-lutte-mondiale-contre-la-crise-climatique\/#primaryimage","url":"https:\/\/www.sensorialsunsets.com\/wp-content\/uploads\/2024\/06\/2569221598_c80a52f751_o-scaled.jpg","contentUrl":"https:\/\/www.sensorialsunsets.com\/wp-content\/uploads\/2024\/06\/2569221598_c80a52f751_o-scaled.jpg","width":2560,"height":1702},{"@type":"WebSite","@id":"https:\/\/www.sensorialsunsets.com\/fr\/#website","url":"https:\/\/www.sensorialsunsets.com\/fr\/","name":"SensorialSunsets.com","description":"D\u00e9couvrez la culture et la soci\u00e9t\u00e9 du Costa Rica sur notre blog. Explorez des articles captivants et partagez le contenu.","publisher":{"@id":"https:\/\/www.sensorialsunsets.com\/fr\/#organization"},"alternateName":"Costa Rica Live Blog","potentialAction":[{"@type":"SearchAction","target":{"@type":"EntryPoint","urlTemplate":"https:\/\/www.sensorialsunsets.com\/fr\/?s={search_term_string}"},"query-input":{"@type":"PropertyValueSpecification","valueRequired":true,"valueName":"search_term_string"}}],"inLanguage":"fr-FR"},{"@type":"Organization","@id":"https:\/\/www.sensorialsunsets.com\/fr\/#organization","name":"SensorialSunsets","url":"https:\/\/www.sensorialsunsets.com\/fr\/","logo":{"@type":"ImageObject","inLanguage":"fr-FR","@id":"https:\/\/www.sensorialsunsets.com\/fr\/#\/schema\/logo\/image\/","url":"https:\/\/www.sensorialsunsets.com\/wp-content\/uploads\/2023\/04\/Logo_base_line_fond_clair.svg","contentUrl":"https:\/\/www.sensorialsunsets.com\/wp-content\/uploads\/2023\/04\/Logo_base_line_fond_clair.svg","width":"1024","height":"1024","caption":"SensorialSunsets"},"image":{"@id":"https:\/\/www.sensorialsunsets.com\/fr\/#\/schema\/logo\/image\/"},"sameAs":["https:\/\/www.facebook.com\/Sensorial-Sunsets-109180614715562","https:\/\/www.instagram.com\/sensorialsunsets\/"]},{"@type":"Person","@id":"https:\/\/www.sensorialsunsets.com\/fr\/#\/schema\/person\/77e2fa594135aa94024c47e281d8a94d","name":"Sensorial Sunsets","image":{"@type":"ImageObject","inLanguage":"fr-FR","@id":"https:\/\/secure.gravatar.com\/avatar\/5f2d62681b1dad94c28f1500d4fc75582acdfd32b55fd1acce0a36a3c487eabe?s=96&d=mm&r=g","url":"https:\/\/secure.gravatar.com\/avatar\/5f2d62681b1dad94c28f1500d4fc75582acdfd32b55fd1acce0a36a3c487eabe?s=96&d=mm&r=g","contentUrl":"https:\/\/secure.gravatar.com\/avatar\/5f2d62681b1dad94c28f1500d4fc75582acdfd32b55fd1acce0a36a3c487eabe?s=96&d=mm&r=g","caption":"Sensorial Sunsets"},"url":"https:\/\/www.sensorialsunsets.com\/fr\/author\/asistentes-sensorial-sunsets\/"}]}},"_links":{"self":[{"href":"https:\/\/www.sensorialsunsets.com\/fr\/wp-json\/wp\/v2\/posts\/17209","targetHints":{"allow":["GET"]}}],"collection":[{"href":"https:\/\/www.sensorialsunsets.com\/fr\/wp-json\/wp\/v2\/posts"}],"about":[{"href":"https:\/\/www.sensorialsunsets.com\/fr\/wp-json\/wp\/v2\/types\/post"}],"author":[{"embeddable":true,"href":"https:\/\/www.sensorialsunsets.com\/fr\/wp-json\/wp\/v2\/users\/4"}],"replies":[{"embeddable":true,"href":"https:\/\/www.sensorialsunsets.com\/fr\/wp-json\/wp\/v2\/comments?post=17209"}],"version-history":[{"count":0,"href":"https:\/\/www.sensorialsunsets.com\/fr\/wp-json\/wp\/v2\/posts\/17209\/revisions"}],"wp:featuredmedia":[{"embeddable":true,"href":"https:\/\/www.sensorialsunsets.com\/fr\/wp-json\/wp\/v2\/media\/17187"}],"wp:attachment":[{"href":"https:\/\/www.sensorialsunsets.com\/fr\/wp-json\/wp\/v2\/media?parent=17209"}],"wp:term":[{"taxonomy":"category","embeddable":true,"href":"https:\/\/www.sensorialsunsets.com\/fr\/wp-json\/wp\/v2\/categories?post=17209"},{"taxonomy":"post_tag","embeddable":true,"href":"https:\/\/www.sensorialsunsets.com\/fr\/wp-json\/wp\/v2\/tags?post=17209"}],"curies":[{"name":"wp","href":"https:\/\/api.w.org\/{rel}","templated":true}]}}