{"id":17575,"date":"2024-07-10T19:37:54","date_gmt":"2024-07-11T01:37:54","guid":{"rendered":"https:\/\/www.sensorialsunsets.com\/?p=17575"},"modified":"2024-07-10T19:37:55","modified_gmt":"2024-07-11T01:37:55","slug":"initiatives-antiplastiques-au-costa-rica-un-engagement-pour-un-avenir-durable","status":"publish","type":"post","link":"https:\/\/www.sensorialsunsets.com\/fr\/initiatives-antiplastiques-au-costa-rica-un-engagement-pour-un-avenir-durable\/","title":{"rendered":"Initiatives antiplastiques au Costa Rica : un engagement pour un avenir durable"},"content":{"rendered":"\n<p><em>Initiatives antiplastiques au Costa Rica : r\u00e9glementation, recherche et campagnes visant \u00e0 r\u00e9duire la pollution plastique et \u00e0 prot\u00e9ger l&rsquo;environnement.<\/em><\/p>\n\n\n\n<hr class=\"wp-block-separator has-text-color has-alpha-channel-opacity has-background is-style-dots\" style=\"background-color:#004f5e;color:#004f5e\"\/>\n\n\n\n<p><\/p>\n\n\n\n<h3 class=\"wp-block-heading\">Iniciatives antiplastiques au Costa Rica<\/h3>\n\n\n\n<p>Le Costa Rica a pris des mesures importantes pour lutter contre la <a href=\"https:\/\/www.sensorialsunsets.com\/fr\/plastiques-et-oceans-au-costa-rica\/\">pollution plastique<\/a>. <\/p>\n\n\n\n<p>\u00c0 titre d&rsquo;exemple, en 2019, le Congr\u00e8s a adopt\u00e9 un projet de loi r\u00e9glementant l&rsquo;utilisation du plastique dans le pays. Bien que critiqu\u00e9e pour sa port\u00e9e limit\u00e9e, cette l\u00e9gislation \u00e9tablit des directives pour la gestion des d\u00e9chets plastiques. Les producteurs de sacs en plastique doivent utiliser des mat\u00e9riaux recycl\u00e9s, et la gestion des d\u00e9chets plastiques est int\u00e9gr\u00e9e aux programmes \u00e9ducatifs et de recyclage.<\/p>\n\n\n\n<p>Les \u00e9cologistes ont not\u00e9 que ces mesures \u00e9taient d\u00e9j\u00e0 couvertes par la loi de 2010 sur la gestion des d\u00e9chets, sauf l&rsquo;interdiction des pailles dans un an.<\/p>\n\n\n\n<h3 class=\"wp-block-heading\">Pollution par les microplastiques<\/h3>\n\n\n\n<figure class=\"wp-block-image size-full\"><img loading=\"lazy\" decoding=\"async\" width=\"840\" height=\"450\" src=\"https:\/\/www.sensorialsunsets.com\/wp-content\/uploads\/2024\/07\/Iniciativas-antiplastico-Costa-Rica-Sensorial-Sunsets.png\" alt=\"\" class=\"wp-image-17563\" srcset=\"https:\/\/www.sensorialsunsets.com\/wp-content\/uploads\/2024\/07\/Iniciativas-antiplastico-Costa-Rica-Sensorial-Sunsets.png 840w, https:\/\/www.sensorialsunsets.com\/wp-content\/uploads\/2024\/07\/Iniciativas-antiplastico-Costa-Rica-Sensorial-Sunsets-300x161.png 300w, https:\/\/www.sensorialsunsets.com\/wp-content\/uploads\/2024\/07\/Iniciativas-antiplastico-Costa-Rica-Sensorial-Sunsets-768x411.png 768w\" sizes=\"auto, (max-width: 840px) 100vw, 840px\" \/><\/figure>\n\n\n\n<div style=\"height:100px\" aria-hidden=\"true\" class=\"wp-block-spacer\"><\/div>\n\n\n\n<p>Le <a href=\"https:\/\/www.bing.com\/search ? q=cimar&amp;cvid=1716599972f04b7b9530957637814f17&amp;gs_lcrp=EgZjaHJvbWUyBggAEEUYOdIBBzc5N2owajSoAgiwAgE&amp;FORM=ANAB01&amp; PC=U531\">Centro de Investigaciones en Ciencias del Mar y Limnolog\u00eda (CIMAR)<\/a> de l&rsquo;Universit\u00e9 du Costa Rica a jou\u00e9 un r\u00f4le cl\u00e9 dans l&rsquo;\u00e9tude de la pollution microplastique dans le pays. <\/p>\n\n\n\n<p>Depuis 2018, avec 14 autres pays d&rsquo;Am\u00e9rique latine et des Cara\u00efbes, le Costa Rica utilise des m\u00e9thodes standardis\u00e9es pour mesurer les microplastiques sur ses plages. Plus de 15 000 microplastiques, y compris boulettes, microbilles, fragments de plastique et st\u00e9r\u00e9ophons, ont \u00e9t\u00e9 trouv\u00e9s sur 24 plages des c\u00f4tes pacifique et carib\u00e9enne.<\/p>\n\n\n\n<p>Ces microplastiques, issus de d\u00e9chets plastiques qui se fragmentent, repr\u00e9sentent une menace importante pour les \u00e9cosyst\u00e8mes marins. Le projet \u00ab\u00a0ARCAL CXLV\u00a0\u00bb, financ\u00e9 par l&rsquo;AIEA, a ouvert cette voie de recherche dans le pays. Depuis, le CIMAR poursuit les pr\u00e9l\u00e8vements et les analyses, dans le but de cr\u00e9er une cartographie nationale de la pollution microplastique qui s&rsquo;\u00e9tendra jusqu&rsquo;en 2024.<\/p>\n\n\n\n<h3 class=\"wp-block-heading\">Campagne nationale \u00ab\u00a0Paysages sans plastique\u00a0\u00bb.<\/h3>\n\n\n\n<figure class=\"wp-block-image size-full\"><img loading=\"lazy\" decoding=\"async\" width=\"840\" height=\"450\" src=\"https:\/\/www.sensorialsunsets.com\/wp-content\/uploads\/2024\/07\/Iniciativa-antiplastico-en-Costa-Rica-Sensorial-Sunsets.png\" alt=\"Initiatives antiplastiques au Costa Rica : r\u00e9glementation, recherche et campagnes visant \u00e0 r\u00e9duire la pollution plastique et \u00e0 prot\u00e9ger l'environnement.\" class=\"wp-image-17569\" srcset=\"https:\/\/www.sensorialsunsets.com\/wp-content\/uploads\/2024\/07\/Iniciativa-antiplastico-en-Costa-Rica-Sensorial-Sunsets.png 840w, https:\/\/www.sensorialsunsets.com\/wp-content\/uploads\/2024\/07\/Iniciativa-antiplastico-en-Costa-Rica-Sensorial-Sunsets-300x161.png 300w, https:\/\/www.sensorialsunsets.com\/wp-content\/uploads\/2024\/07\/Iniciativa-antiplastico-en-Costa-Rica-Sensorial-Sunsets-768x411.png 768w\" sizes=\"auto, (max-width: 840px) 100vw, 840px\" \/><\/figure>\n\n\n\n<div style=\"height:100px\" aria-hidden=\"true\" class=\"wp-block-spacer\"><\/div>\n\n\n\n<p>L&rsquo;une des initiatives les plus ambitieuses du Costa Rica est la campagne \u00ab\u00a0Paisajes sin Pl\u00e1sticos\u00a0\u00bb, qui vise \u00e0 \u00e9liminer 200 000 tonnes de d\u00e9chets plastiques de l&rsquo;environnement d&rsquo;ici \u00e0 2030. <\/p>\n\n\n\n<p>Cette campagne est un partenariat public-priv\u00e9 impliquant le Programme des Nations unies pour le d\u00e9veloppement (PNUD), l&rsquo;entreprise Pedregal et CRDC Global, avec le soutien de Televisora de Costa Rica, Delfino et la fondation One Sea.<\/p>\n\n\n\n<p>Le projet comprend l&rsquo;installation de barri\u00e8res dans les rivi\u00e8res les plus pollu\u00e9es du pays pour capturer le plastique et le transformer en mati\u00e8re premi\u00e8re pour la construction. Il coordonnera \u00e9galement une campagne m\u00e9diatique et un r\u00e9seau logistique national afin d&rsquo;augmenter le volume des d\u00e9chets recyclables. Les centres de collecte et de recyclage priv\u00e9s et municipaux seront inclus dans ce r\u00e9seau et serviront de centres de transfert des d\u00e9chets non recyclables vers une usine de traitement situ\u00e9e \u00e0 Pedregal, San Antonio de Bel\u00e9n.<\/p>\n\n\n\n<p>La fondation One Sea financera le projet, en collectant des fonds pour fournir des compacteurs, des \u00e9quipements et pour soutenir le transfert des d\u00e9chets non r\u00e9cup\u00e9rables vers l&rsquo;usine de traitement.<\/p>\n\n\n\n<h3 class=\"wp-block-heading\">Vers un avenir durable<\/h3>\n\n\n\n<p>Les initiatives anti-plastique du Costa Rica repr\u00e9sentent un effort global et collaboratif pour lutter contre la pollution plastique. Le Costa Rica prot\u00e8ge activement son environnement en r\u00e9glementant et en g\u00e9rant les d\u00e9chets, et en lan\u00e7ant des projets innovants comme \u00ab\u00a0Paysages sans plastique\u00a0\u00bb. Cette initiative r\u00e9duit les d\u00e9chets plastiques et donne l&rsquo;exemple \u00e0 la r\u00e9gion et au monde entier.<\/p>\n\n\n\n<p><strong>Sensorial Sunsets<\/strong><\/p>\n","protected":false},"excerpt":{"rendered":"<p>Initiatives antiplastiques au Costa Rica : r\u00e9glementation, recherche et campagnes visant \u00e0 r\u00e9duire la pollution plastique et \u00e0 prot\u00e9ger l&rsquo;environnement. Iniciatives antiplastiques au Costa Rica Le Costa Rica a pris des mesures importantes pour lutter contre la pollution plastique. \u00c0 titre d&rsquo;exemple, en 2019, le Congr\u00e8s a adopt\u00e9 un projet de loi r\u00e9glementant l&rsquo;utilisation du [&hellip;]<\/p>\n","protected":false},"author":4,"featured_media":17558,"comment_status":"closed","ping_status":"closed","sticky":false,"template":"","format":"standard","meta":{"_acf_changed":false,"inline_featured_image":false,"_monsterinsights_skip_tracking":false,"_monsterinsights_sitenote_active":false,"_monsterinsights_sitenote_note":"","_monsterinsights_sitenote_category":0,"footnotes":""},"categories":[111],"tags":[],"class_list":["post-17575","post","type-post","status-publish","format-standard","has-post-thumbnail","hentry","category-ecologie-fr"],"acf":[],"yoast_head":"<!-- This site is optimized with the Yoast SEO plugin v27.4 - https:\/\/yoast.com\/product\/yoast-seo-wordpress\/ -->\n<title>Initiatives antiplastiques au Costa Rica : un engagement pour un avenir durable - SensorialSunsets<\/title>\n<meta name=\"description\" content=\"Initiatives antiplastiques au Costa Rica : r\u00e9glementation, recherche et campagnes visant \u00e0 r\u00e9duire le plastique et \u00e0 prot\u00e9ger l&#039;etourage.\" \/>\n<meta name=\"robots\" content=\"index, follow, max-snippet:-1, max-image-preview:large, max-video-preview:-1\" \/>\n<link rel=\"canonical\" href=\"https:\/\/www.sensorialsunsets.com\/fr\/initiatives-antiplastiques-au-costa-rica-un-engagement-pour-un-avenir-durable\/\" \/>\n<meta property=\"og:locale\" content=\"fr_FR\" \/>\n<meta property=\"og:type\" content=\"article\" \/>\n<meta property=\"og:title\" content=\"Initiatives antiplastiques au Costa Rica : un engagement pour un avenir durable - SensorialSunsets\" \/>\n<meta property=\"og:description\" content=\"Initiatives antiplastiques au Costa Rica : r\u00e9glementation, recherche et campagnes visant \u00e0 r\u00e9duire le plastique et \u00e0 prot\u00e9ger l&#039;etourage.\" \/>\n<meta property=\"og:url\" content=\"https:\/\/www.sensorialsunsets.com\/fr\/initiatives-antiplastiques-au-costa-rica-un-engagement-pour-un-avenir-durable\/\" \/>\n<meta property=\"og:site_name\" content=\"SensorialSunsets\" \/>\n<meta property=\"article:publisher\" content=\"https:\/\/www.facebook.com\/Sensorial-Sunsets-109180614715562\" \/>\n<meta property=\"article:published_time\" content=\"2024-07-11T01:37:54+00:00\" \/>\n<meta property=\"article:modified_time\" content=\"2024-07-11T01:37:55+00:00\" \/>\n<meta property=\"og:image\" content=\"https:\/\/www.sensorialsunsets.com\/wp-content\/uploads\/2024\/07\/Iniciativas-antiplastico-en-Costa-Rica-Sensorial-Sunsets.png\" \/>\n\t<meta property=\"og:image:width\" content=\"840\" \/>\n\t<meta property=\"og:image:height\" content=\"350\" \/>\n\t<meta property=\"og:image:type\" content=\"image\/png\" \/>\n<meta name=\"author\" content=\"Sensorial Sunsets\" \/>\n<meta name=\"twitter:card\" content=\"summary_large_image\" \/>\n<meta name=\"twitter:label1\" content=\"\u00c9crit par\" \/>\n\t<meta name=\"twitter:data1\" content=\"Sensorial Sunsets\" \/>\n\t<meta name=\"twitter:label2\" content=\"Dur\u00e9e de lecture estim\u00e9e\" \/>\n\t<meta name=\"twitter:data2\" content=\"3 minutes\" \/>\n<script type=\"application\/ld+json\" class=\"yoast-schema-graph\">{\"@context\":\"https:\\\/\\\/schema.org\",\"@graph\":[{\"@type\":\"Article\",\"@id\":\"https:\\\/\\\/www.sensorialsunsets.com\\\/fr\\\/initiatives-antiplastiques-au-costa-rica-un-engagement-pour-un-avenir-durable\\\/#article\",\"isPartOf\":{\"@id\":\"https:\\\/\\\/www.sensorialsunsets.com\\\/fr\\\/initiatives-antiplastiques-au-costa-rica-un-engagement-pour-un-avenir-durable\\\/\"},\"author\":{\"name\":\"Sensorial Sunsets\",\"@id\":\"https:\\\/\\\/www.sensorialsunsets.com\\\/fr\\\/#\\\/schema\\\/person\\\/77e2fa594135aa94024c47e281d8a94d\"},\"headline\":\"Initiatives antiplastiques au Costa Rica : un engagement pour un avenir durable\",\"datePublished\":\"2024-07-11T01:37:54+00:00\",\"dateModified\":\"2024-07-11T01:37:55+00:00\",\"mainEntityOfPage\":{\"@id\":\"https:\\\/\\\/www.sensorialsunsets.com\\\/fr\\\/initiatives-antiplastiques-au-costa-rica-un-engagement-pour-un-avenir-durable\\\/\"},\"wordCount\":589,\"publisher\":{\"@id\":\"https:\\\/\\\/www.sensorialsunsets.com\\\/fr\\\/#organization\"},\"image\":{\"@id\":\"https:\\\/\\\/www.sensorialsunsets.com\\\/fr\\\/initiatives-antiplastiques-au-costa-rica-un-engagement-pour-un-avenir-durable\\\/#primaryimage\"},\"thumbnailUrl\":\"https:\\\/\\\/www.sensorialsunsets.com\\\/wp-content\\\/uploads\\\/2024\\\/07\\\/Iniciativas-antiplastico-en-Costa-Rica-Sensorial-Sunsets.png\",\"articleSection\":[\"Ecologie\"],\"inLanguage\":\"fr-FR\"},{\"@type\":\"WebPage\",\"@id\":\"https:\\\/\\\/www.sensorialsunsets.com\\\/fr\\\/initiatives-antiplastiques-au-costa-rica-un-engagement-pour-un-avenir-durable\\\/\",\"url\":\"https:\\\/\\\/www.sensorialsunsets.com\\\/fr\\\/initiatives-antiplastiques-au-costa-rica-un-engagement-pour-un-avenir-durable\\\/\",\"name\":\"Initiatives antiplastiques au Costa Rica : un engagement pour un avenir durable - SensorialSunsets\",\"isPartOf\":{\"@id\":\"https:\\\/\\\/www.sensorialsunsets.com\\\/fr\\\/#website\"},\"primaryImageOfPage\":{\"@id\":\"https:\\\/\\\/www.sensorialsunsets.com\\\/fr\\\/initiatives-antiplastiques-au-costa-rica-un-engagement-pour-un-avenir-durable\\\/#primaryimage\"},\"image\":{\"@id\":\"https:\\\/\\\/www.sensorialsunsets.com\\\/fr\\\/initiatives-antiplastiques-au-costa-rica-un-engagement-pour-un-avenir-durable\\\/#primaryimage\"},\"thumbnailUrl\":\"https:\\\/\\\/www.sensorialsunsets.com\\\/wp-content\\\/uploads\\\/2024\\\/07\\\/Iniciativas-antiplastico-en-Costa-Rica-Sensorial-Sunsets.png\",\"datePublished\":\"2024-07-11T01:37:54+00:00\",\"dateModified\":\"2024-07-11T01:37:55+00:00\",\"description\":\"Initiatives antiplastiques au Costa Rica : r\u00e9glementation, recherche et campagnes visant \u00e0 r\u00e9duire le plastique et \u00e0 prot\u00e9ger l'etourage.\",\"inLanguage\":\"fr-FR\",\"potentialAction\":[{\"@type\":\"ReadAction\",\"target\":[\"https:\\\/\\\/www.sensorialsunsets.com\\\/fr\\\/initiatives-antiplastiques-au-costa-rica-un-engagement-pour-un-avenir-durable\\\/\"]}]},{\"@type\":\"ImageObject\",\"inLanguage\":\"fr-FR\",\"@id\":\"https:\\\/\\\/www.sensorialsunsets.com\\\/fr\\\/initiatives-antiplastiques-au-costa-rica-un-engagement-pour-un-avenir-durable\\\/#primaryimage\",\"url\":\"https:\\\/\\\/www.sensorialsunsets.com\\\/wp-content\\\/uploads\\\/2024\\\/07\\\/Iniciativas-antiplastico-en-Costa-Rica-Sensorial-Sunsets.png\",\"contentUrl\":\"https:\\\/\\\/www.sensorialsunsets.com\\\/wp-content\\\/uploads\\\/2024\\\/07\\\/Iniciativas-antiplastico-en-Costa-Rica-Sensorial-Sunsets.png\",\"width\":840,\"height\":350,\"caption\":\"Iniciativas antipl\u00e1stico en Costa Rica: regulaci\u00f3n, investigaci\u00f3n y campa\u00f1as para reducir la contaminaci\u00f3n pl\u00e1stica y proteger el ambiente.\"},{\"@type\":\"WebSite\",\"@id\":\"https:\\\/\\\/www.sensorialsunsets.com\\\/fr\\\/#website\",\"url\":\"https:\\\/\\\/www.sensorialsunsets.com\\\/fr\\\/\",\"name\":\"SensorialSunsets.com\",\"description\":\"D\u00e9couvrez la culture et la soci\u00e9t\u00e9 du Costa Rica sur notre blog. Explorez des articles captivants et partagez le contenu.\",\"publisher\":{\"@id\":\"https:\\\/\\\/www.sensorialsunsets.com\\\/fr\\\/#organization\"},\"alternateName\":\"Costa Rica Live Blog\",\"potentialAction\":[{\"@type\":\"SearchAction\",\"target\":{\"@type\":\"EntryPoint\",\"urlTemplate\":\"https:\\\/\\\/www.sensorialsunsets.com\\\/fr\\\/?s={search_term_string}\"},\"query-input\":{\"@type\":\"PropertyValueSpecification\",\"valueRequired\":true,\"valueName\":\"search_term_string\"}}],\"inLanguage\":\"fr-FR\"},{\"@type\":\"Organization\",\"@id\":\"https:\\\/\\\/www.sensorialsunsets.com\\\/fr\\\/#organization\",\"name\":\"SensorialSunsets\",\"url\":\"https:\\\/\\\/www.sensorialsunsets.com\\\/fr\\\/\",\"logo\":{\"@type\":\"ImageObject\",\"inLanguage\":\"fr-FR\",\"@id\":\"https:\\\/\\\/www.sensorialsunsets.com\\\/fr\\\/#\\\/schema\\\/logo\\\/image\\\/\",\"url\":\"https:\\\/\\\/www.sensorialsunsets.com\\\/wp-content\\\/uploads\\\/2023\\\/04\\\/Logo_base_line_fond_clair.svg\",\"contentUrl\":\"https:\\\/\\\/www.sensorialsunsets.com\\\/wp-content\\\/uploads\\\/2023\\\/04\\\/Logo_base_line_fond_clair.svg\",\"width\":\"1024\",\"height\":\"1024\",\"caption\":\"SensorialSunsets\"},\"image\":{\"@id\":\"https:\\\/\\\/www.sensorialsunsets.com\\\/fr\\\/#\\\/schema\\\/logo\\\/image\\\/\"},\"sameAs\":[\"https:\\\/\\\/www.facebook.com\\\/Sensorial-Sunsets-109180614715562\",\"https:\\\/\\\/www.instagram.com\\\/sensorialsunsets\\\/\"]},{\"@type\":\"Person\",\"@id\":\"https:\\\/\\\/www.sensorialsunsets.com\\\/fr\\\/#\\\/schema\\\/person\\\/77e2fa594135aa94024c47e281d8a94d\",\"name\":\"Sensorial Sunsets\",\"image\":{\"@type\":\"ImageObject\",\"inLanguage\":\"fr-FR\",\"@id\":\"https:\\\/\\\/secure.gravatar.com\\\/avatar\\\/5f2d62681b1dad94c28f1500d4fc75582acdfd32b55fd1acce0a36a3c487eabe?s=96&d=mm&r=g\",\"url\":\"https:\\\/\\\/secure.gravatar.com\\\/avatar\\\/5f2d62681b1dad94c28f1500d4fc75582acdfd32b55fd1acce0a36a3c487eabe?s=96&d=mm&r=g\",\"contentUrl\":\"https:\\\/\\\/secure.gravatar.com\\\/avatar\\\/5f2d62681b1dad94c28f1500d4fc75582acdfd32b55fd1acce0a36a3c487eabe?s=96&d=mm&r=g\",\"caption\":\"Sensorial Sunsets\"},\"url\":\"https:\\\/\\\/www.sensorialsunsets.com\\\/fr\\\/author\\\/asistentes-sensorial-sunsets\\\/\"}]}<\/script>\n<!-- \/ Yoast SEO plugin. -->","yoast_head_json":{"title":"Initiatives antiplastiques au Costa Rica : un engagement pour un avenir durable - SensorialSunsets","description":"Initiatives antiplastiques au Costa Rica : r\u00e9glementation, recherche et campagnes visant \u00e0 r\u00e9duire le plastique et \u00e0 prot\u00e9ger l'etourage.","robots":{"index":"index","follow":"follow","max-snippet":"max-snippet:-1","max-image-preview":"max-image-preview:large","max-video-preview":"max-video-preview:-1"},"canonical":"https:\/\/www.sensorialsunsets.com\/fr\/initiatives-antiplastiques-au-costa-rica-un-engagement-pour-un-avenir-durable\/","og_locale":"fr_FR","og_type":"article","og_title":"Initiatives antiplastiques au Costa Rica : un engagement pour un avenir durable - SensorialSunsets","og_description":"Initiatives antiplastiques au Costa Rica : r\u00e9glementation, recherche et campagnes visant \u00e0 r\u00e9duire le plastique et \u00e0 prot\u00e9ger l'etourage.","og_url":"https:\/\/www.sensorialsunsets.com\/fr\/initiatives-antiplastiques-au-costa-rica-un-engagement-pour-un-avenir-durable\/","og_site_name":"SensorialSunsets","article_publisher":"https:\/\/www.facebook.com\/Sensorial-Sunsets-109180614715562","article_published_time":"2024-07-11T01:37:54+00:00","article_modified_time":"2024-07-11T01:37:55+00:00","og_image":[{"width":840,"height":350,"url":"https:\/\/www.sensorialsunsets.com\/wp-content\/uploads\/2024\/07\/Iniciativas-antiplastico-en-Costa-Rica-Sensorial-Sunsets.png","type":"image\/png"}],"author":"Sensorial Sunsets","twitter_card":"summary_large_image","twitter_misc":{"\u00c9crit par":"Sensorial Sunsets","Dur\u00e9e de lecture estim\u00e9e":"3 minutes"},"schema":{"@context":"https:\/\/schema.org","@graph":[{"@type":"Article","@id":"https:\/\/www.sensorialsunsets.com\/fr\/initiatives-antiplastiques-au-costa-rica-un-engagement-pour-un-avenir-durable\/#article","isPartOf":{"@id":"https:\/\/www.sensorialsunsets.com\/fr\/initiatives-antiplastiques-au-costa-rica-un-engagement-pour-un-avenir-durable\/"},"author":{"name":"Sensorial Sunsets","@id":"https:\/\/www.sensorialsunsets.com\/fr\/#\/schema\/person\/77e2fa594135aa94024c47e281d8a94d"},"headline":"Initiatives antiplastiques au Costa Rica : un engagement pour un avenir durable","datePublished":"2024-07-11T01:37:54+00:00","dateModified":"2024-07-11T01:37:55+00:00","mainEntityOfPage":{"@id":"https:\/\/www.sensorialsunsets.com\/fr\/initiatives-antiplastiques-au-costa-rica-un-engagement-pour-un-avenir-durable\/"},"wordCount":589,"publisher":{"@id":"https:\/\/www.sensorialsunsets.com\/fr\/#organization"},"image":{"@id":"https:\/\/www.sensorialsunsets.com\/fr\/initiatives-antiplastiques-au-costa-rica-un-engagement-pour-un-avenir-durable\/#primaryimage"},"thumbnailUrl":"https:\/\/www.sensorialsunsets.com\/wp-content\/uploads\/2024\/07\/Iniciativas-antiplastico-en-Costa-Rica-Sensorial-Sunsets.png","articleSection":["Ecologie"],"inLanguage":"fr-FR"},{"@type":"WebPage","@id":"https:\/\/www.sensorialsunsets.com\/fr\/initiatives-antiplastiques-au-costa-rica-un-engagement-pour-un-avenir-durable\/","url":"https:\/\/www.sensorialsunsets.com\/fr\/initiatives-antiplastiques-au-costa-rica-un-engagement-pour-un-avenir-durable\/","name":"Initiatives antiplastiques au Costa Rica : un engagement pour un avenir durable - SensorialSunsets","isPartOf":{"@id":"https:\/\/www.sensorialsunsets.com\/fr\/#website"},"primaryImageOfPage":{"@id":"https:\/\/www.sensorialsunsets.com\/fr\/initiatives-antiplastiques-au-costa-rica-un-engagement-pour-un-avenir-durable\/#primaryimage"},"image":{"@id":"https:\/\/www.sensorialsunsets.com\/fr\/initiatives-antiplastiques-au-costa-rica-un-engagement-pour-un-avenir-durable\/#primaryimage"},"thumbnailUrl":"https:\/\/www.sensorialsunsets.com\/wp-content\/uploads\/2024\/07\/Iniciativas-antiplastico-en-Costa-Rica-Sensorial-Sunsets.png","datePublished":"2024-07-11T01:37:54+00:00","dateModified":"2024-07-11T01:37:55+00:00","description":"Initiatives antiplastiques au Costa Rica : r\u00e9glementation, recherche et campagnes visant \u00e0 r\u00e9duire le plastique et \u00e0 prot\u00e9ger l'etourage.","inLanguage":"fr-FR","potentialAction":[{"@type":"ReadAction","target":["https:\/\/www.sensorialsunsets.com\/fr\/initiatives-antiplastiques-au-costa-rica-un-engagement-pour-un-avenir-durable\/"]}]},{"@type":"ImageObject","inLanguage":"fr-FR","@id":"https:\/\/www.sensorialsunsets.com\/fr\/initiatives-antiplastiques-au-costa-rica-un-engagement-pour-un-avenir-durable\/#primaryimage","url":"https:\/\/www.sensorialsunsets.com\/wp-content\/uploads\/2024\/07\/Iniciativas-antiplastico-en-Costa-Rica-Sensorial-Sunsets.png","contentUrl":"https:\/\/www.sensorialsunsets.com\/wp-content\/uploads\/2024\/07\/Iniciativas-antiplastico-en-Costa-Rica-Sensorial-Sunsets.png","width":840,"height":350,"caption":"Iniciativas antipl\u00e1stico en Costa Rica: regulaci\u00f3n, investigaci\u00f3n y campa\u00f1as para reducir la contaminaci\u00f3n pl\u00e1stica y proteger el ambiente."},{"@type":"WebSite","@id":"https:\/\/www.sensorialsunsets.com\/fr\/#website","url":"https:\/\/www.sensorialsunsets.com\/fr\/","name":"SensorialSunsets.com","description":"D\u00e9couvrez la culture et la soci\u00e9t\u00e9 du Costa Rica sur notre blog. Explorez des articles captivants et partagez le contenu.","publisher":{"@id":"https:\/\/www.sensorialsunsets.com\/fr\/#organization"},"alternateName":"Costa Rica Live Blog","potentialAction":[{"@type":"SearchAction","target":{"@type":"EntryPoint","urlTemplate":"https:\/\/www.sensorialsunsets.com\/fr\/?s={search_term_string}"},"query-input":{"@type":"PropertyValueSpecification","valueRequired":true,"valueName":"search_term_string"}}],"inLanguage":"fr-FR"},{"@type":"Organization","@id":"https:\/\/www.sensorialsunsets.com\/fr\/#organization","name":"SensorialSunsets","url":"https:\/\/www.sensorialsunsets.com\/fr\/","logo":{"@type":"ImageObject","inLanguage":"fr-FR","@id":"https:\/\/www.sensorialsunsets.com\/fr\/#\/schema\/logo\/image\/","url":"https:\/\/www.sensorialsunsets.com\/wp-content\/uploads\/2023\/04\/Logo_base_line_fond_clair.svg","contentUrl":"https:\/\/www.sensorialsunsets.com\/wp-content\/uploads\/2023\/04\/Logo_base_line_fond_clair.svg","width":"1024","height":"1024","caption":"SensorialSunsets"},"image":{"@id":"https:\/\/www.sensorialsunsets.com\/fr\/#\/schema\/logo\/image\/"},"sameAs":["https:\/\/www.facebook.com\/Sensorial-Sunsets-109180614715562","https:\/\/www.instagram.com\/sensorialsunsets\/"]},{"@type":"Person","@id":"https:\/\/www.sensorialsunsets.com\/fr\/#\/schema\/person\/77e2fa594135aa94024c47e281d8a94d","name":"Sensorial Sunsets","image":{"@type":"ImageObject","inLanguage":"fr-FR","@id":"https:\/\/secure.gravatar.com\/avatar\/5f2d62681b1dad94c28f1500d4fc75582acdfd32b55fd1acce0a36a3c487eabe?s=96&d=mm&r=g","url":"https:\/\/secure.gravatar.com\/avatar\/5f2d62681b1dad94c28f1500d4fc75582acdfd32b55fd1acce0a36a3c487eabe?s=96&d=mm&r=g","contentUrl":"https:\/\/secure.gravatar.com\/avatar\/5f2d62681b1dad94c28f1500d4fc75582acdfd32b55fd1acce0a36a3c487eabe?s=96&d=mm&r=g","caption":"Sensorial Sunsets"},"url":"https:\/\/www.sensorialsunsets.com\/fr\/author\/asistentes-sensorial-sunsets\/"}]}},"_links":{"self":[{"href":"https:\/\/www.sensorialsunsets.com\/fr\/wp-json\/wp\/v2\/posts\/17575","targetHints":{"allow":["GET"]}}],"collection":[{"href":"https:\/\/www.sensorialsunsets.com\/fr\/wp-json\/wp\/v2\/posts"}],"about":[{"href":"https:\/\/www.sensorialsunsets.com\/fr\/wp-json\/wp\/v2\/types\/post"}],"author":[{"embeddable":true,"href":"https:\/\/www.sensorialsunsets.com\/fr\/wp-json\/wp\/v2\/users\/4"}],"replies":[{"embeddable":true,"href":"https:\/\/www.sensorialsunsets.com\/fr\/wp-json\/wp\/v2\/comments?post=17575"}],"version-history":[{"count":0,"href":"https:\/\/www.sensorialsunsets.com\/fr\/wp-json\/wp\/v2\/posts\/17575\/revisions"}],"wp:featuredmedia":[{"embeddable":true,"href":"https:\/\/www.sensorialsunsets.com\/fr\/wp-json\/wp\/v2\/media\/17558"}],"wp:attachment":[{"href":"https:\/\/www.sensorialsunsets.com\/fr\/wp-json\/wp\/v2\/media?parent=17575"}],"wp:term":[{"taxonomy":"category","embeddable":true,"href":"https:\/\/www.sensorialsunsets.com\/fr\/wp-json\/wp\/v2\/categories?post=17575"},{"taxonomy":"post_tag","embeddable":true,"href":"https:\/\/www.sensorialsunsets.com\/fr\/wp-json\/wp\/v2\/tags?post=17575"}],"curies":[{"name":"wp","href":"https:\/\/api.w.org\/{rel}","templated":true}]}}